{"id":109606,"date":"2021-06-04T00:00:00","date_gmt":"2021-06-04T00:00:00","guid":{"rendered":"http:\/\/kt.printandscreen.rs\/per-mbrojten-sociale-ne-medvegje-jane-miratuar-mjete-nga-ministria-per-pune-punesim-ceshtje-veterane-dhe-sociale\/"},"modified":"2024-07-30T18:00:07","modified_gmt":"2024-07-30T18:00:07","slug":"per-mbrojten-sociale-ne-medvegje-jane-miratuar-mjete-nga-ministria-per-pune-punesim-ceshtje-veterane-dhe-sociale","status":"publish","type":"post","link":"https:\/\/kt.gov.rs\/sq\/per-mbrojten-sociale-ne-medvegje-jane-miratuar-mjete-nga-ministria-per-pune-punesim-ceshtje-veterane-dhe-sociale\/","title":{"rendered":"P\u00cbR MBROJTEN SOCIALE N\u00cb MEDVEGJ\u00cb JAN\u00cb MIRATUAR MJETE NGA MINISTRIA P\u00cbR PUN\u00cb, PUN\u00cbSIM, \u00c7\u00cbSHTJE VETERANE DHE SOCIALE"},"content":{"rendered":"<p>\n\t<strong><img decoding=\"async\" alt=\"\" src=\"https:\/\/kt.gov.rs\/wp-content\/uploads\/2024\/07\/1622811523_040621_1-2.jpg\" style=\"width: 315px; height: 230px; float: left;\" \/>Medvegj\u00eb \u2013 Beograd<\/strong> \u2013 Me n\u00ebnshkrimin e kontrat\u00ebs p\u00ebr transferime t\u00eb caktuara n\u00eb mbrojtjen sociale n\u00eb Ministrin\u00eb e Pun\u00ebs, Pun\u00ebsimit, \u00e7\u00ebshtjeve Veteran\u00ebve dhe Sociale, komuna e Medvegj\u00ebs u miratua 556,000 dinar\u00eb. N\u00eb em\u00ebr t\u00eb vet\u00ebqeverisjes lokale, kontrata u n\u00ebnshkrua nga kryetari i komun\u00ebs s\u00eb Medvegj\u00ebs, Nebojsha Arsiq.<\/p>\n<p>\n\tK\u00ebto fonde do t\u00eb financojn\u00eb sh\u00ebrbimet e p\u00ebrditshme t\u00eb komunitetit (sh\u00ebrbime t\u00eb kujdesit ditor, bujtina dhe ndihm\u00eb n\u00eb sht\u00ebpi), sh\u00ebrbime akomodimi n\u00eb strehimore, sh\u00ebrbime mb\u00ebshtet\u00ebse p\u00ebr jet\u00eb t\u00eb pavarur, p\u00ebrve\u00e7 sh\u00ebrbimeve t\u00eb strehimit, me mb\u00ebshtetje p\u00ebr personat me aft\u00ebsi t\u00eb kufizuara, si dhe sh\u00ebrbime shoq\u00ebrimi personal p\u00ebr f\u00ebmij\u00ebt me aft\u00ebsi t\u00eb kufizuara si nj\u00eb mb\u00ebshtetje p\u00ebr t\u00eb p\u00ebrmbushur nevojat themelore n\u00eb jet\u00ebn e p\u00ebrditshme.<\/p>\n<p>\n\t<strong>Burimi: Narodne Novine, Trupi Koordinues<\/strong><\/p>\n<p>\n\t\u00a0<\/p>\n","protected":false},"excerpt":{"rendered":"<p>Medvegj\u00eb \u2013 Beograd\u00a0\u2013 Me n\u00ebnshkrimin e kontrat\u00ebs p\u00ebr transferime t\u00eb caktuara n\u00eb mbrojtjen sociale n\u00eb Ministrin\u00eb e Pun\u00ebs, Pun\u00ebsimit, \u00e7\u00ebshtjeve Veteran\u00ebve dhe Sociale, komuna e Medvegj\u00ebs u miratua 556,000 dinar\u00eb. N\u00eb em\u00ebr t\u00eb vet\u00ebqeverisjes lokale, kontrata u n\u00ebnshkrua nga kryetari i komun\u00ebs s\u00eb Medvegj\u00ebs, Nebojsha Arsiq.<\/p>\n","protected":false},"author":1,"featured_media":109611,"comment_status":"closed","ping_status":"closed","sticky":false,"template":"","format":"standard","meta":{"footnotes":""},"categories":[55],"tags":[],"class_list":["post-109606","post","type-post","status-publish","format-standard","has-post-thumbnail","hentry","category-lajme"],"yoast_head":"<!-- This site is optimized with the Yoast SEO plugin v27.5 - https:\/\/yoast.com\/product\/yoast-seo-wordpress\/ -->\n<title>P\u00cbR MBROJTEN SOCIALE N\u00cb MEDVEGJ\u00cb JAN\u00cb MIRATUAR MJETE NGA MINISTRIA P\u00cbR PUN\u00cb, PUN\u00cbSIM, \u00c7\u00cbSHTJE VETERANE DHE SOCIALE - Republika e S\u00ebrbis\u00eb Trupi Koordinues p\u00ebr komunat Bujanoc, Preshev\u00eb dhe Medvegj\u00eb<\/title>\n<meta name=\"robots\" content=\"index, follow, max-snippet:-1, max-image-preview:large, max-video-preview:-1\" \/>\n<link rel=\"canonical\" href=\"https:\/\/kt.gov.rs\/sq\/per-mbrojten-sociale-ne-medvegje-jane-miratuar-mjete-nga-ministria-per-pune-punesim-ceshtje-veterane-dhe-sociale\/\" \/>\n<meta property=\"og:locale\" content=\"sq_AL\" \/>\n<meta property=\"og:type\" content=\"article\" \/>\n<meta property=\"og:title\" content=\"P\u00cbR MBROJTEN SOCIALE N\u00cb MEDVEGJ\u00cb JAN\u00cb MIRATUAR MJETE NGA MINISTRIA P\u00cbR PUN\u00cb, PUN\u00cbSIM, \u00c7\u00cbSHTJE VETERANE DHE SOCIALE - Republika e S\u00ebrbis\u00eb Trupi Koordinues p\u00ebr komunat Bujanoc, Preshev\u00eb dhe Medvegj\u00eb\" \/>\n<meta property=\"og:description\" content=\"Medvegj\u00eb - Beograd\u00a0- Me n\u00ebnshkrimin e kontrat\u00ebs p\u00ebr transferime t\u00eb caktuara n\u00eb mbrojtjen sociale n\u00eb Ministrin\u00eb e Pun\u00ebs, Pun\u00ebsimit, \u00e7\u00ebshtjeve Veteran\u00ebve dhe Sociale, komuna e Medvegj\u00ebs u miratua 556,000 dinar\u00eb. N\u00eb em\u00ebr t\u00eb vet\u00ebqeverisjes lokale, kontrata u n\u00ebnshkrua nga kryetari i komun\u00ebs s\u00eb Medvegj\u00ebs, Nebojsha Arsiq.\" \/>\n<meta property=\"og:url\" content=\"https:\/\/kt.gov.rs\/sq\/per-mbrojten-sociale-ne-medvegje-jane-miratuar-mjete-nga-ministria-per-pune-punesim-ceshtje-veterane-dhe-sociale\/\" \/>\n<meta property=\"og:site_name\" content=\"Republika e S\u00ebrbis\u00eb Trupi Koordinues p\u00ebr komunat Bujanoc, Preshev\u00eb dhe Medvegj\u00eb\" \/>\n<meta property=\"article:publisher\" content=\"https:\/\/www.facebook.com\/SluzbaKoordinacionogTelaVladeRepublikeSrbije\" \/>\n<meta property=\"article:published_time\" content=\"2021-06-04T00:00:00+00:00\" \/>\n<meta property=\"article:modified_time\" content=\"2024-07-30T18:00:07+00:00\" \/>\n<meta property=\"og:image\" content=\"https:\/\/kt.gov.rs\/wp-content\/uploads\/2024\/07\/1622811523_040621_1-3.jpg\" \/>\n\t<meta property=\"og:image:width\" content=\"315\" \/>\n\t<meta property=\"og:image:height\" content=\"230\" \/>\n\t<meta property=\"og:image:type\" content=\"image\/jpeg\" \/>\n<meta name=\"author\" content=\"ktmin\" \/>\n<meta name=\"twitter:card\" content=\"summary_large_image\" \/>\n<meta name=\"twitter:creator\" content=\"@kt_gov\" \/>\n<meta name=\"twitter:site\" content=\"@kt_gov\" \/>\n<meta name=\"twitter:label1\" content=\"Written by\" \/>\n\t<meta name=\"twitter:data1\" content=\"ktmin\" \/>\n\t<meta name=\"twitter:label2\" content=\"Est. reading time\" \/>\n\t<meta name=\"twitter:data2\" content=\"1 minute\" \/>\n<script type=\"application\/ld+json\" class=\"yoast-schema-graph\">{\"@context\":\"https:\\\/\\\/schema.org\",\"@graph\":[{\"@type\":\"Article\",\"@id\":\"https:\\\/\\\/kt.gov.rs\\\/sq\\\/per-mbrojten-sociale-ne-medvegje-jane-miratuar-mjete-nga-ministria-per-pune-punesim-ceshtje-veterane-dhe-sociale\\\/#article\",\"isPartOf\":{\"@id\":\"https:\\\/\\\/kt.gov.rs\\\/sq\\\/per-mbrojten-sociale-ne-medvegje-jane-miratuar-mjete-nga-ministria-per-pune-punesim-ceshtje-veterane-dhe-sociale\\\/\"},\"author\":{\"name\":\"ktmin\",\"@id\":\"https:\\\/\\\/kt.gov.rs\\\/#\\\/schema\\\/person\\\/e426459ddb4173309103390602694571\"},\"headline\":\"P\u00cbR MBROJTEN SOCIALE N\u00cb MEDVEGJ\u00cb JAN\u00cb MIRATUAR MJETE NGA MINISTRIA P\u00cbR PUN\u00cb, PUN\u00cbSIM, \u00c7\u00cbSHTJE VETERANE DHE SOCIALE\",\"datePublished\":\"2021-06-04T00:00:00+00:00\",\"dateModified\":\"2024-07-30T18:00:07+00:00\",\"mainEntityOfPage\":{\"@id\":\"https:\\\/\\\/kt.gov.rs\\\/sq\\\/per-mbrojten-sociale-ne-medvegje-jane-miratuar-mjete-nga-ministria-per-pune-punesim-ceshtje-veterane-dhe-sociale\\\/\"},\"wordCount\":239,\"publisher\":{\"@id\":\"https:\\\/\\\/kt.gov.rs\\\/#organization\"},\"image\":{\"@id\":\"https:\\\/\\\/kt.gov.rs\\\/sq\\\/per-mbrojten-sociale-ne-medvegje-jane-miratuar-mjete-nga-ministria-per-pune-punesim-ceshtje-veterane-dhe-sociale\\\/#primaryimage\"},\"thumbnailUrl\":\"https:\\\/\\\/kt.gov.rs\\\/wp-content\\\/uploads\\\/2024\\\/07\\\/1622811523_040621_1-3.jpg\",\"articleSection\":[\"Lajme\"],\"inLanguage\":\"sq-AL\"},{\"@type\":\"WebPage\",\"@id\":\"https:\\\/\\\/kt.gov.rs\\\/sq\\\/per-mbrojten-sociale-ne-medvegje-jane-miratuar-mjete-nga-ministria-per-pune-punesim-ceshtje-veterane-dhe-sociale\\\/\",\"url\":\"https:\\\/\\\/kt.gov.rs\\\/sq\\\/per-mbrojten-sociale-ne-medvegje-jane-miratuar-mjete-nga-ministria-per-pune-punesim-ceshtje-veterane-dhe-sociale\\\/\",\"name\":\"P\u00cbR MBROJTEN SOCIALE N\u00cb MEDVEGJ\u00cb JAN\u00cb MIRATUAR MJETE NGA MINISTRIA P\u00cbR PUN\u00cb, PUN\u00cbSIM, \u00c7\u00cbSHTJE VETERANE DHE SOCIALE - Republika e S\u00ebrbis\u00eb Trupi Koordinues p\u00ebr komunat Bujanoc, Preshev\u00eb dhe Medvegj\u00eb\",\"isPartOf\":{\"@id\":\"https:\\\/\\\/kt.gov.rs\\\/#website\"},\"primaryImageOfPage\":{\"@id\":\"https:\\\/\\\/kt.gov.rs\\\/sq\\\/per-mbrojten-sociale-ne-medvegje-jane-miratuar-mjete-nga-ministria-per-pune-punesim-ceshtje-veterane-dhe-sociale\\\/#primaryimage\"},\"image\":{\"@id\":\"https:\\\/\\\/kt.gov.rs\\\/sq\\\/per-mbrojten-sociale-ne-medvegje-jane-miratuar-mjete-nga-ministria-per-pune-punesim-ceshtje-veterane-dhe-sociale\\\/#primaryimage\"},\"thumbnailUrl\":\"https:\\\/\\\/kt.gov.rs\\\/wp-content\\\/uploads\\\/2024\\\/07\\\/1622811523_040621_1-3.jpg\",\"datePublished\":\"2021-06-04T00:00:00+00:00\",\"dateModified\":\"2024-07-30T18:00:07+00:00\",\"breadcrumb\":{\"@id\":\"https:\\\/\\\/kt.gov.rs\\\/sq\\\/per-mbrojten-sociale-ne-medvegje-jane-miratuar-mjete-nga-ministria-per-pune-punesim-ceshtje-veterane-dhe-sociale\\\/#breadcrumb\"},\"inLanguage\":\"sq-AL\",\"potentialAction\":[{\"@type\":\"ReadAction\",\"target\":[\"https:\\\/\\\/kt.gov.rs\\\/sq\\\/per-mbrojten-sociale-ne-medvegje-jane-miratuar-mjete-nga-ministria-per-pune-punesim-ceshtje-veterane-dhe-sociale\\\/\"]}]},{\"@type\":\"ImageObject\",\"inLanguage\":\"sq-AL\",\"@id\":\"https:\\\/\\\/kt.gov.rs\\\/sq\\\/per-mbrojten-sociale-ne-medvegje-jane-miratuar-mjete-nga-ministria-per-pune-punesim-ceshtje-veterane-dhe-sociale\\\/#primaryimage\",\"url\":\"https:\\\/\\\/kt.gov.rs\\\/wp-content\\\/uploads\\\/2024\\\/07\\\/1622811523_040621_1-3.jpg\",\"contentUrl\":\"https:\\\/\\\/kt.gov.rs\\\/wp-content\\\/uploads\\\/2024\\\/07\\\/1622811523_040621_1-3.jpg\",\"width\":315,\"height\":230},{\"@type\":\"BreadcrumbList\",\"@id\":\"https:\\\/\\\/kt.gov.rs\\\/sq\\\/per-mbrojten-sociale-ne-medvegje-jane-miratuar-mjete-nga-ministria-per-pune-punesim-ceshtje-veterane-dhe-sociale\\\/#breadcrumb\",\"itemListElement\":[{\"@type\":\"ListItem\",\"position\":1,\"name\":\"\u041f\u043e\u0447\u0435\u0442\u043d\u0430\",\"item\":\"https:\\\/\\\/kt.gov.rs\\\/sq\\\/\"},{\"@type\":\"ListItem\",\"position\":2,\"name\":\"P\u00cbR MBROJTEN SOCIALE N\u00cb MEDVEGJ\u00cb JAN\u00cb MIRATUAR MJETE NGA MINISTRIA P\u00cbR PUN\u00cb, PUN\u00cbSIM, \u00c7\u00cbSHTJE VETERANE DHE SOCIALE\"}]},{\"@type\":\"WebSite\",\"@id\":\"https:\\\/\\\/kt.gov.rs\\\/#website\",\"url\":\"https:\\\/\\\/kt.gov.rs\\\/\",\"name\":\"\u041a\u043e\u043e\u0440\u0434\u0438\u043d\u0430\u0446\u0438\u043e\u043d\u043e \u0442\u0435\u043b\u043e \u0412\u043b\u0430\u0434\u0435 \u0420\u0435\u043f\u0443\u0431\u043b\u0438\u043a\u0435 \u0421\u0440\u0431\u0438\u0458\u0435 \u0437\u0430 \u043e\u043f\u0448\u0442\u0438\u043d\u0435 \u041f\u0440\u0435\u0448\u0435\u0432\u043e, \u0411\u0443\u0458\u0430\u043d\u043e\u0432\u0430\u0446 \u0438 \u041c\u0435\u0434\u0432\u0435\u0452a\",\"description\":\"\",\"publisher\":{\"@id\":\"https:\\\/\\\/kt.gov.rs\\\/#organization\"},\"alternateName\":\"\u041a\u043e\u043e\u0440\u0434\u0438\u043d\u0430\u0446\u0438\u043e\u043d\u043e \u0442\u0435\u043b\u043e\",\"potentialAction\":[{\"@type\":\"SearchAction\",\"target\":{\"@type\":\"EntryPoint\",\"urlTemplate\":\"https:\\\/\\\/kt.gov.rs\\\/?s={search_term_string}\"},\"query-input\":{\"@type\":\"PropertyValueSpecification\",\"valueRequired\":true,\"valueName\":\"search_term_string\"}}],\"inLanguage\":\"sq-AL\"},{\"@type\":\"Organization\",\"@id\":\"https:\\\/\\\/kt.gov.rs\\\/#organization\",\"name\":\"\u041a\u043e\u043e\u0440\u0434\u0438\u043d\u0430\u0446\u0438\u043e\u043d\u043e \u0442\u0435\u043b\u043e \u0412\u043b\u0430\u0434\u0435 \u0420\u0435\u043f\u0443\u0431\u043b\u0438\u043a\u0435 \u0421\u0440\u0431\u0438\u0458\u0435 \u0437\u0430 \u043e\u043f\u0448\u0442\u0438\u043d\u0435 \u041f\u0440\u0435\u0448\u0435\u0432\u043e, \u0411\u0443\u0458\u0430\u043d\u043e\u0432\u0430\u0446 \u0438 \u041c\u0435\u0434\u0432\u0435\u0452a\",\"alternateName\":\"\u041a\u043e\u043e\u0440\u0434\u0438\u043d\u0430\u0446\u0438\u043e\u043d\u043e \u0442\u0435\u043b\u043e\",\"url\":\"https:\\\/\\\/kt.gov.rs\\\/\",\"logo\":{\"@type\":\"ImageObject\",\"inLanguage\":\"sq-AL\",\"@id\":\"https:\\\/\\\/kt.gov.rs\\\/#\\\/schema\\\/logo\\\/image\\\/\",\"url\":\"https:\\\/\\\/kt.gov.rs\\\/wp-content\\\/uploads\\\/2024\\\/12\\\/koord2.jpg\",\"contentUrl\":\"https:\\\/\\\/kt.gov.rs\\\/wp-content\\\/uploads\\\/2024\\\/12\\\/koord2.jpg\",\"width\":640,\"height\":480,\"caption\":\"\u041a\u043e\u043e\u0440\u0434\u0438\u043d\u0430\u0446\u0438\u043e\u043d\u043e \u0442\u0435\u043b\u043e \u0412\u043b\u0430\u0434\u0435 \u0420\u0435\u043f\u0443\u0431\u043b\u0438\u043a\u0435 \u0421\u0440\u0431\u0438\u0458\u0435 \u0437\u0430 \u043e\u043f\u0448\u0442\u0438\u043d\u0435 \u041f\u0440\u0435\u0448\u0435\u0432\u043e, \u0411\u0443\u0458\u0430\u043d\u043e\u0432\u0430\u0446 \u0438 \u041c\u0435\u0434\u0432\u0435\u0452a\"},\"image\":{\"@id\":\"https:\\\/\\\/kt.gov.rs\\\/#\\\/schema\\\/logo\\\/image\\\/\"},\"sameAs\":[\"https:\\\/\\\/www.facebook.com\\\/SluzbaKoordinacionogTelaVladeRepublikeSrbije\",\"https:\\\/\\\/x.com\\\/kt_gov\",\"https:\\\/\\\/www.youtube.com\\\/@koordinacionotelo\"]},{\"@type\":\"Person\",\"@id\":\"https:\\\/\\\/kt.gov.rs\\\/#\\\/schema\\\/person\\\/e426459ddb4173309103390602694571\",\"name\":\"ktmin\",\"image\":{\"@type\":\"ImageObject\",\"inLanguage\":\"sq-AL\",\"@id\":\"https:\\\/\\\/secure.gravatar.com\\\/avatar\\\/3985c961109853010c3fbc7ba30365bfba5db3dd6c525831d9c595c7525a615a?s=96&d=mm&r=g\",\"url\":\"https:\\\/\\\/secure.gravatar.com\\\/avatar\\\/3985c961109853010c3fbc7ba30365bfba5db3dd6c525831d9c595c7525a615a?s=96&d=mm&r=g\",\"contentUrl\":\"https:\\\/\\\/secure.gravatar.com\\\/avatar\\\/3985c961109853010c3fbc7ba30365bfba5db3dd6c525831d9c595c7525a615a?s=96&d=mm&r=g\",\"caption\":\"ktmin\"},\"sameAs\":[\"https:\\\/\\\/kt.gov.rs\"],\"url\":\"https:\\\/\\\/kt.gov.rs\\\/sq\\\/author\\\/ktmin\\\/\"}]}<\/script>\n<!-- \/ Yoast SEO plugin. -->","yoast_head_json":{"title":"P\u00cbR MBROJTEN SOCIALE N\u00cb MEDVEGJ\u00cb JAN\u00cb MIRATUAR MJETE NGA MINISTRIA P\u00cbR PUN\u00cb, PUN\u00cbSIM, \u00c7\u00cbSHTJE VETERANE DHE SOCIALE - Republika e S\u00ebrbis\u00eb Trupi Koordinues p\u00ebr komunat Bujanoc, Preshev\u00eb dhe Medvegj\u00eb","robots":{"index":"index","follow":"follow","max-snippet":"max-snippet:-1","max-image-preview":"max-image-preview:large","max-video-preview":"max-video-preview:-1"},"canonical":"https:\/\/kt.gov.rs\/sq\/per-mbrojten-sociale-ne-medvegje-jane-miratuar-mjete-nga-ministria-per-pune-punesim-ceshtje-veterane-dhe-sociale\/","og_locale":"sq_AL","og_type":"article","og_title":"P\u00cbR MBROJTEN SOCIALE N\u00cb MEDVEGJ\u00cb JAN\u00cb MIRATUAR MJETE NGA MINISTRIA P\u00cbR PUN\u00cb, PUN\u00cbSIM, \u00c7\u00cbSHTJE VETERANE DHE SOCIALE - Republika e S\u00ebrbis\u00eb Trupi Koordinues p\u00ebr komunat Bujanoc, Preshev\u00eb dhe Medvegj\u00eb","og_description":"Medvegj\u00eb - Beograd\u00a0- Me n\u00ebnshkrimin e kontrat\u00ebs p\u00ebr transferime t\u00eb caktuara n\u00eb mbrojtjen sociale n\u00eb Ministrin\u00eb e Pun\u00ebs, Pun\u00ebsimit, \u00e7\u00ebshtjeve Veteran\u00ebve dhe Sociale, komuna e Medvegj\u00ebs u miratua 556,000 dinar\u00eb. N\u00eb em\u00ebr t\u00eb vet\u00ebqeverisjes lokale, kontrata u n\u00ebnshkrua nga kryetari i komun\u00ebs s\u00eb Medvegj\u00ebs, Nebojsha Arsiq.","og_url":"https:\/\/kt.gov.rs\/sq\/per-mbrojten-sociale-ne-medvegje-jane-miratuar-mjete-nga-ministria-per-pune-punesim-ceshtje-veterane-dhe-sociale\/","og_site_name":"Republika e S\u00ebrbis\u00eb Trupi Koordinues p\u00ebr komunat Bujanoc, Preshev\u00eb dhe Medvegj\u00eb","article_publisher":"https:\/\/www.facebook.com\/SluzbaKoordinacionogTelaVladeRepublikeSrbije","article_published_time":"2021-06-04T00:00:00+00:00","article_modified_time":"2024-07-30T18:00:07+00:00","og_image":[{"width":315,"height":230,"url":"https:\/\/kt.gov.rs\/wp-content\/uploads\/2024\/07\/1622811523_040621_1-3.jpg","type":"image\/jpeg"}],"author":"ktmin","twitter_card":"summary_large_image","twitter_creator":"@kt_gov","twitter_site":"@kt_gov","twitter_misc":{"Written by":"ktmin","Est. reading time":"1 minute"},"schema":{"@context":"https:\/\/schema.org","@graph":[{"@type":"Article","@id":"https:\/\/kt.gov.rs\/sq\/per-mbrojten-sociale-ne-medvegje-jane-miratuar-mjete-nga-ministria-per-pune-punesim-ceshtje-veterane-dhe-sociale\/#article","isPartOf":{"@id":"https:\/\/kt.gov.rs\/sq\/per-mbrojten-sociale-ne-medvegje-jane-miratuar-mjete-nga-ministria-per-pune-punesim-ceshtje-veterane-dhe-sociale\/"},"author":{"name":"ktmin","@id":"https:\/\/kt.gov.rs\/#\/schema\/person\/e426459ddb4173309103390602694571"},"headline":"P\u00cbR MBROJTEN SOCIALE N\u00cb MEDVEGJ\u00cb JAN\u00cb MIRATUAR MJETE NGA MINISTRIA P\u00cbR PUN\u00cb, PUN\u00cbSIM, \u00c7\u00cbSHTJE VETERANE DHE SOCIALE","datePublished":"2021-06-04T00:00:00+00:00","dateModified":"2024-07-30T18:00:07+00:00","mainEntityOfPage":{"@id":"https:\/\/kt.gov.rs\/sq\/per-mbrojten-sociale-ne-medvegje-jane-miratuar-mjete-nga-ministria-per-pune-punesim-ceshtje-veterane-dhe-sociale\/"},"wordCount":239,"publisher":{"@id":"https:\/\/kt.gov.rs\/#organization"},"image":{"@id":"https:\/\/kt.gov.rs\/sq\/per-mbrojten-sociale-ne-medvegje-jane-miratuar-mjete-nga-ministria-per-pune-punesim-ceshtje-veterane-dhe-sociale\/#primaryimage"},"thumbnailUrl":"https:\/\/kt.gov.rs\/wp-content\/uploads\/2024\/07\/1622811523_040621_1-3.jpg","articleSection":["Lajme"],"inLanguage":"sq-AL"},{"@type":"WebPage","@id":"https:\/\/kt.gov.rs\/sq\/per-mbrojten-sociale-ne-medvegje-jane-miratuar-mjete-nga-ministria-per-pune-punesim-ceshtje-veterane-dhe-sociale\/","url":"https:\/\/kt.gov.rs\/sq\/per-mbrojten-sociale-ne-medvegje-jane-miratuar-mjete-nga-ministria-per-pune-punesim-ceshtje-veterane-dhe-sociale\/","name":"P\u00cbR MBROJTEN SOCIALE N\u00cb MEDVEGJ\u00cb JAN\u00cb MIRATUAR MJETE NGA MINISTRIA P\u00cbR PUN\u00cb, PUN\u00cbSIM, \u00c7\u00cbSHTJE VETERANE DHE SOCIALE - Republika e S\u00ebrbis\u00eb Trupi Koordinues p\u00ebr komunat Bujanoc, Preshev\u00eb dhe Medvegj\u00eb","isPartOf":{"@id":"https:\/\/kt.gov.rs\/#website"},"primaryImageOfPage":{"@id":"https:\/\/kt.gov.rs\/sq\/per-mbrojten-sociale-ne-medvegje-jane-miratuar-mjete-nga-ministria-per-pune-punesim-ceshtje-veterane-dhe-sociale\/#primaryimage"},"image":{"@id":"https:\/\/kt.gov.rs\/sq\/per-mbrojten-sociale-ne-medvegje-jane-miratuar-mjete-nga-ministria-per-pune-punesim-ceshtje-veterane-dhe-sociale\/#primaryimage"},"thumbnailUrl":"https:\/\/kt.gov.rs\/wp-content\/uploads\/2024\/07\/1622811523_040621_1-3.jpg","datePublished":"2021-06-04T00:00:00+00:00","dateModified":"2024-07-30T18:00:07+00:00","breadcrumb":{"@id":"https:\/\/kt.gov.rs\/sq\/per-mbrojten-sociale-ne-medvegje-jane-miratuar-mjete-nga-ministria-per-pune-punesim-ceshtje-veterane-dhe-sociale\/#breadcrumb"},"inLanguage":"sq-AL","potentialAction":[{"@type":"ReadAction","target":["https:\/\/kt.gov.rs\/sq\/per-mbrojten-sociale-ne-medvegje-jane-miratuar-mjete-nga-ministria-per-pune-punesim-ceshtje-veterane-dhe-sociale\/"]}]},{"@type":"ImageObject","inLanguage":"sq-AL","@id":"https:\/\/kt.gov.rs\/sq\/per-mbrojten-sociale-ne-medvegje-jane-miratuar-mjete-nga-ministria-per-pune-punesim-ceshtje-veterane-dhe-sociale\/#primaryimage","url":"https:\/\/kt.gov.rs\/wp-content\/uploads\/2024\/07\/1622811523_040621_1-3.jpg","contentUrl":"https:\/\/kt.gov.rs\/wp-content\/uploads\/2024\/07\/1622811523_040621_1-3.jpg","width":315,"height":230},{"@type":"BreadcrumbList","@id":"https:\/\/kt.gov.rs\/sq\/per-mbrojten-sociale-ne-medvegje-jane-miratuar-mjete-nga-ministria-per-pune-punesim-ceshtje-veterane-dhe-sociale\/#breadcrumb","itemListElement":[{"@type":"ListItem","position":1,"name":"\u041f\u043e\u0447\u0435\u0442\u043d\u0430","item":"https:\/\/kt.gov.rs\/sq\/"},{"@type":"ListItem","position":2,"name":"P\u00cbR MBROJTEN SOCIALE N\u00cb MEDVEGJ\u00cb JAN\u00cb MIRATUAR MJETE NGA MINISTRIA P\u00cbR PUN\u00cb, PUN\u00cbSIM, \u00c7\u00cbSHTJE VETERANE DHE SOCIALE"}]},{"@type":"WebSite","@id":"https:\/\/kt.gov.rs\/#website","url":"https:\/\/kt.gov.rs\/","name":"\u041a\u043e\u043e\u0440\u0434\u0438\u043d\u0430\u0446\u0438\u043e\u043d\u043e \u0442\u0435\u043b\u043e \u0412\u043b\u0430\u0434\u0435 \u0420\u0435\u043f\u0443\u0431\u043b\u0438\u043a\u0435 \u0421\u0440\u0431\u0438\u0458\u0435 \u0437\u0430 \u043e\u043f\u0448\u0442\u0438\u043d\u0435 \u041f\u0440\u0435\u0448\u0435\u0432\u043e, \u0411\u0443\u0458\u0430\u043d\u043e\u0432\u0430\u0446 \u0438 \u041c\u0435\u0434\u0432\u0435\u0452a","description":"","publisher":{"@id":"https:\/\/kt.gov.rs\/#organization"},"alternateName":"\u041a\u043e\u043e\u0440\u0434\u0438\u043d\u0430\u0446\u0438\u043e\u043d\u043e \u0442\u0435\u043b\u043e","potentialAction":[{"@type":"SearchAction","target":{"@type":"EntryPoint","urlTemplate":"https:\/\/kt.gov.rs\/?s={search_term_string}"},"query-input":{"@type":"PropertyValueSpecification","valueRequired":true,"valueName":"search_term_string"}}],"inLanguage":"sq-AL"},{"@type":"Organization","@id":"https:\/\/kt.gov.rs\/#organization","name":"\u041a\u043e\u043e\u0440\u0434\u0438\u043d\u0430\u0446\u0438\u043e\u043d\u043e \u0442\u0435\u043b\u043e \u0412\u043b\u0430\u0434\u0435 \u0420\u0435\u043f\u0443\u0431\u043b\u0438\u043a\u0435 \u0421\u0440\u0431\u0438\u0458\u0435 \u0437\u0430 \u043e\u043f\u0448\u0442\u0438\u043d\u0435 \u041f\u0440\u0435\u0448\u0435\u0432\u043e, \u0411\u0443\u0458\u0430\u043d\u043e\u0432\u0430\u0446 \u0438 \u041c\u0435\u0434\u0432\u0435\u0452a","alternateName":"\u041a\u043e\u043e\u0440\u0434\u0438\u043d\u0430\u0446\u0438\u043e\u043d\u043e \u0442\u0435\u043b\u043e","url":"https:\/\/kt.gov.rs\/","logo":{"@type":"ImageObject","inLanguage":"sq-AL","@id":"https:\/\/kt.gov.rs\/#\/schema\/logo\/image\/","url":"https:\/\/kt.gov.rs\/wp-content\/uploads\/2024\/12\/koord2.jpg","contentUrl":"https:\/\/kt.gov.rs\/wp-content\/uploads\/2024\/12\/koord2.jpg","width":640,"height":480,"caption":"\u041a\u043e\u043e\u0440\u0434\u0438\u043d\u0430\u0446\u0438\u043e\u043d\u043e \u0442\u0435\u043b\u043e \u0412\u043b\u0430\u0434\u0435 \u0420\u0435\u043f\u0443\u0431\u043b\u0438\u043a\u0435 \u0421\u0440\u0431\u0438\u0458\u0435 \u0437\u0430 \u043e\u043f\u0448\u0442\u0438\u043d\u0435 \u041f\u0440\u0435\u0448\u0435\u0432\u043e, \u0411\u0443\u0458\u0430\u043d\u043e\u0432\u0430\u0446 \u0438 \u041c\u0435\u0434\u0432\u0435\u0452a"},"image":{"@id":"https:\/\/kt.gov.rs\/#\/schema\/logo\/image\/"},"sameAs":["https:\/\/www.facebook.com\/SluzbaKoordinacionogTelaVladeRepublikeSrbije","https:\/\/x.com\/kt_gov","https:\/\/www.youtube.com\/@koordinacionotelo"]},{"@type":"Person","@id":"https:\/\/kt.gov.rs\/#\/schema\/person\/e426459ddb4173309103390602694571","name":"ktmin","image":{"@type":"ImageObject","inLanguage":"sq-AL","@id":"https:\/\/secure.gravatar.com\/avatar\/3985c961109853010c3fbc7ba30365bfba5db3dd6c525831d9c595c7525a615a?s=96&d=mm&r=g","url":"https:\/\/secure.gravatar.com\/avatar\/3985c961109853010c3fbc7ba30365bfba5db3dd6c525831d9c595c7525a615a?s=96&d=mm&r=g","contentUrl":"https:\/\/secure.gravatar.com\/avatar\/3985c961109853010c3fbc7ba30365bfba5db3dd6c525831d9c595c7525a615a?s=96&d=mm&r=g","caption":"ktmin"},"sameAs":["https:\/\/kt.gov.rs"],"url":"https:\/\/kt.gov.rs\/sq\/author\/ktmin\/"}]}},"_links":{"self":[{"href":"https:\/\/kt.gov.rs\/sq\/wp-json\/wp\/v2\/posts\/109606","targetHints":{"allow":["GET"]}}],"collection":[{"href":"https:\/\/kt.gov.rs\/sq\/wp-json\/wp\/v2\/posts"}],"about":[{"href":"https:\/\/kt.gov.rs\/sq\/wp-json\/wp\/v2\/types\/post"}],"author":[{"embeddable":true,"href":"https:\/\/kt.gov.rs\/sq\/wp-json\/wp\/v2\/users\/1"}],"replies":[{"embeddable":true,"href":"https:\/\/kt.gov.rs\/sq\/wp-json\/wp\/v2\/comments?post=109606"}],"version-history":[{"count":1,"href":"https:\/\/kt.gov.rs\/sq\/wp-json\/wp\/v2\/posts\/109606\/revisions"}],"predecessor-version":[{"id":109610,"href":"https:\/\/kt.gov.rs\/sq\/wp-json\/wp\/v2\/posts\/109606\/revisions\/109610"}],"wp:featuredmedia":[{"embeddable":true,"href":"https:\/\/kt.gov.rs\/sq\/wp-json\/wp\/v2\/media\/109611"}],"wp:attachment":[{"href":"https:\/\/kt.gov.rs\/sq\/wp-json\/wp\/v2\/media?parent=109606"}],"wp:term":[{"taxonomy":"category","embeddable":true,"href":"https:\/\/kt.gov.rs\/sq\/wp-json\/wp\/v2\/categories?post=109606"},{"taxonomy":"post_tag","embeddable":true,"href":"https:\/\/kt.gov.rs\/sq\/wp-json\/wp\/v2\/tags?post=109606"}],"curies":[{"name":"wp","href":"https:\/\/api.w.org\/{rel}","templated":true}]}}