{"id":109574,"date":"2021-06-14T00:00:00","date_gmt":"2021-06-14T00:00:00","guid":{"rendered":"http:\/\/kt.printandscreen.rs\/patrijahu-porfirije-me-bujanocasit-kisha-gjithmone-do-te-jete-me-ju\/"},"modified":"2024-07-30T18:00:03","modified_gmt":"2024-07-30T18:00:03","slug":"patrijahu-porfirije-me-bujanocasit-kisha-gjithmone-do-te-jete-me-ju","status":"publish","type":"post","link":"https:\/\/kt.gov.rs\/sq\/patrijahu-porfirije-me-bujanocasit-kisha-gjithmone-do-te-jete-me-ju\/","title":{"rendered":"PATRIJAHU PORFIRIJE ME BUJANOCASIT:KISHA GJITHMON\u00cb DO T\u00cb JET\u00cb ME JU"},"content":{"rendered":"<p>\n\t<strong><img decoding=\"async\" alt=\"\" src=\"https:\/\/kt.gov.rs\/wp-content\/uploads\/2024\/07\/1623685148_140621_1-2.jpg\" style=\"width: 315px; height: 230px; float: left;\" \/>Bujanoc \u2013 Beograd<\/strong> \u2013 T\u00eb diel\u00ebn, 13 Qershor, njer\u00ebzit e Bujanocit e mir\u00ebprit\u00ebn patriarkun serb Porfirin n\u00eb port\u00ebn e kish\u00ebs s\u00eb qytetit dhe uruan q\u00eb ai t\u00eb vinte m\u00eb shpesh tek ata, dhe ai u tha atyre se kisha do t\u00eb jet\u00eb gjithmon\u00eb me ta.<\/p>\n<p>\n\t&quot;Kisha juaj \u00ebsht\u00eb me ju n\u00eb gjith\u00e7ka q\u00eb \u00ebsht\u00eb e juaja. Ne jemi me ju dhe f\u00ebmij\u00ebt tuaj. Ne lutemi p\u00ebr f\u00ebmij\u00ebt tuaj, por edhe p\u00ebr t\u00eb gjith\u00eb f\u00ebmij\u00ebt e bot\u00ebs. Ne gjithashtu lutemi s\u00eb bashku p\u00ebr f\u00ebmij\u00ebt q\u00eb luten ndryshe, p\u00ebr f\u00ebmij\u00ebt q\u00eb jan\u00eb fqinj\u00ebt tan\u00eb, apo jo? &quot;patriarku pyeti dhe mori nj\u00eb p\u00ebrgjigje pohuese.<\/p>\n<p>\n\tPastaj, me f\u00ebmij\u00ebt e banor\u00ebve t\u00eb zon\u00ebs q\u00eb e mir\u00ebprit\u00ebn, ai u lut p\u00ebr t\u00eb gjith\u00eb f\u00ebmij\u00ebt e Bujanocit dhe kudo n\u00eb bot\u00eb.<\/p>\n<p>\n\t&quot;Gj\u00ebja m\u00eb e r\u00ebnd\u00ebsishme \u00ebsht\u00eb t\u00eb tregojm\u00eb se jemi t\u00eb krishter\u00eb, t\u00eb tregojm\u00eb dashuri, t\u00eb tregojm\u00eb hapur ndaj atyre q\u00eb jan\u00eb aty pran\u00eb nesh, q\u00eb jan\u00eb v\u00ebllez\u00ebrit dhe motrat tona, dhe atyre q\u00eb jan\u00eb fqinj\u00ebt tan\u00eb. Forcat e k\u00ebsaj bote q\u00eb kan\u00eb interesa t\u00eb tjer\u00eb, ato q\u00eb nuk jan\u00eb interesat e ne njer\u00ebzve t\u00eb zakonsh\u00ebm, duan t\u00eb na ngritin kund\u00ebr nj\u00ebri-tjetrit dhe t\u00eb na ndajn\u00eb, dhe ne brenda t\u00eb nj\u00ebjtit popull, por edhe me popujt pran\u00eb nesh. Kjo \u00ebsht\u00eb arsyeja pse, p\u00ebrmes lutjes dhe besimit n\u00eb Krishtin, ne duhet t\u00eb jemi m\u00eb t\u00eb fort\u00eb se kaq, &quot;tha patriarku<\/p>\n<p>\n\tAi shtoi se p\u00ebr her\u00eb t\u00eb par\u00eb n\u00eb Bujanoc gjindet si \u00a0nj\u00eb patriark serb, por gjithashtu se do t\u00eb vij\u00eb n\u00eb t\u00eb gjitha vendet n\u00eb k\u00ebt\u00eb zon\u00eb i gatsh\u00ebm p\u00ebr t\u00eb ndar\u00eb v\u00ebshtir\u00ebsit\u00eb me t\u00eb cilat p\u00ebrballen njer\u00ebzit.<\/p>\n<p>\n\t&quot;T\u00eb jem sa m\u00eb af\u00ebr jush n\u00eb \u00e7do m\u00ebnyr\u00eb t\u00eb mundshme. &quot;Kudo q\u00eb \u00ebsht\u00eb e mundur, le t&#39;i l\u00ebvizim gj\u00ebrat p\u00ebr mir\u00eb&quot;, u tha patriarku besimtar\u00ebve t\u00eb mbledhur.<\/p>\n<p>\n\tPatriarku theksoi se ai \u00ebsht\u00eb i sigurt se sa m\u00eb shum\u00eb q\u00eb jemi t\u00eb krishter\u00eb ortodoks\u00eb, aq m\u00eb shum\u00eb i lutemi Zotit, aq m\u00eb t\u00eb sigurt do t\u00eb jemi n\u00eb vetvete dhe do t\u00eb dim\u00eb kush jemi dhe \u00e7far\u00eb jemi.<\/p>\n<p>\n\t&quot;N\u00eb t\u00eb nj\u00ebjt\u00ebn koh\u00eb, ne do t\u00eb jemi t\u00eb gatsh\u00ebm p\u00ebr t\u00eb tjer\u00ebt, pavar\u00ebsisht se cilit komb i p\u00ebrkasin dhe si i luten Zotit, ti besojm\u00eb me jet\u00ebn ton\u00eb dhe shembullin e ton\u00eb se ata jan\u00eb fqinj\u00ebt tan\u00eb,&quot; tha ai.<\/p>\n<p>\n\tM\u00eb shum\u00eb se nj\u00ebqind besimtar\u00eb e mir\u00ebprit\u00ebn patriarkun, i puth\u00ebn dor\u00ebn dhe b\u00ebn\u00eb foto me t\u00eb. N\u00eb hyrje t\u00eb port\u00ebs s\u00eb Kish\u00ebs s\u00eb apostujve t\u00eb Shenjt\u00eb \u00a0t\u00eb Petrit dhe Pavlit, famulitari i Bujanovcit, kryeprift Miqo Zelenovi\u0107, iu drejtua atij.<\/p>\n<p>\n\t&quot;\u00cbsht\u00eb e pamundur t\u00eb shpreh\u00ebsh g\u00ebzimin q\u00eb ndiejm\u00eb p\u00ebr shkak t\u00eb ardhjes t\u00ebnde me fjal\u00eb. Prandaj, bekoni, hakmereni, inkurajoni dhe jepni forc\u00eb p\u00ebr t\u00eb q\u00ebndruar n\u00eb k\u00ebt\u00eb tok\u00eb t\u00eb shenjt\u00eb, n\u00eb k\u00ebt\u00eb vend t\u00eb shenjt\u00eb &quot;, tha Zelenovi\u0107.<\/p>\n<p>\n\tPas Bujanocit, patriarku Porfirije vizitoi \u00a0fshatin Lopardinc.<\/p>\n<p>\n\t<strong>Burimi: Bujanovacke dhe Trupi koordinues<\/strong><\/p>\n<p>\n\t\u00a0<\/p>\n","protected":false},"excerpt":{"rendered":"<p>Bujanoc \u2013 Beograd\u00a0\u2013 T\u00eb diel\u00ebn, 13 Qershor, njer\u00ebzit e Bujanocit e mir\u00ebprit\u00ebn patriarkun serb Porfirin n\u00eb port\u00ebn e kish\u00ebs s\u00eb qytetit dhe uruan q\u00eb ai t\u00eb vinte m\u00eb shpesh tek ata, dhe ai u tha atyre se kisha do t\u00eb jet\u00eb gjithmon\u00eb me ta.<\/p>\n","protected":false},"author":1,"featured_media":109579,"comment_status":"closed","ping_status":"closed","sticky":false,"template":"","format":"standard","meta":{"footnotes":""},"categories":[55],"tags":[],"class_list":["post-109574","post","type-post","status-publish","format-standard","has-post-thumbnail","hentry","category-lajme"],"yoast_head":"<!-- This site is optimized with the Yoast SEO plugin v27.5 - https:\/\/yoast.com\/product\/yoast-seo-wordpress\/ -->\n<title>PATRIJAHU PORFIRIJE ME BUJANOCASIT:KISHA GJITHMON\u00cb DO T\u00cb JET\u00cb ME JU - Republika e S\u00ebrbis\u00eb Trupi Koordinues p\u00ebr komunat Bujanoc, Preshev\u00eb dhe Medvegj\u00eb<\/title>\n<meta name=\"robots\" content=\"index, follow, max-snippet:-1, max-image-preview:large, max-video-preview:-1\" \/>\n<link rel=\"canonical\" href=\"https:\/\/kt.gov.rs\/sq\/patrijahu-porfirije-me-bujanocasit-kisha-gjithmone-do-te-jete-me-ju\/\" \/>\n<meta property=\"og:locale\" content=\"sq_AL\" \/>\n<meta property=\"og:type\" content=\"article\" \/>\n<meta property=\"og:title\" content=\"PATRIJAHU PORFIRIJE ME BUJANOCASIT:KISHA GJITHMON\u00cb DO T\u00cb JET\u00cb ME JU - Republika e S\u00ebrbis\u00eb Trupi Koordinues p\u00ebr komunat Bujanoc, Preshev\u00eb dhe Medvegj\u00eb\" \/>\n<meta property=\"og:description\" content=\"Bujanoc - Beograd\u00a0- T\u00eb diel\u00ebn, 13 Qershor, njer\u00ebzit e Bujanocit e mir\u00ebprit\u00ebn patriarkun serb Porfirin n\u00eb port\u00ebn e kish\u00ebs s\u00eb qytetit dhe uruan q\u00eb ai t\u00eb vinte m\u00eb shpesh tek ata, dhe ai u tha atyre se kisha do t\u00eb jet\u00eb gjithmon\u00eb me ta.\" \/>\n<meta property=\"og:url\" content=\"https:\/\/kt.gov.rs\/sq\/patrijahu-porfirije-me-bujanocasit-kisha-gjithmone-do-te-jete-me-ju\/\" \/>\n<meta property=\"og:site_name\" content=\"Republika e S\u00ebrbis\u00eb Trupi Koordinues p\u00ebr komunat Bujanoc, Preshev\u00eb dhe Medvegj\u00eb\" \/>\n<meta property=\"article:publisher\" content=\"https:\/\/www.facebook.com\/SluzbaKoordinacionogTelaVladeRepublikeSrbije\" \/>\n<meta property=\"article:published_time\" content=\"2021-06-14T00:00:00+00:00\" \/>\n<meta property=\"article:modified_time\" content=\"2024-07-30T18:00:03+00:00\" \/>\n<meta property=\"og:image\" content=\"https:\/\/kt.gov.rs\/wp-content\/uploads\/2024\/07\/1623685148_140621_1-3.jpg\" \/>\n\t<meta property=\"og:image:width\" content=\"315\" \/>\n\t<meta property=\"og:image:height\" content=\"230\" \/>\n\t<meta property=\"og:image:type\" content=\"image\/jpeg\" \/>\n<meta name=\"author\" content=\"ktmin\" \/>\n<meta name=\"twitter:card\" content=\"summary_large_image\" \/>\n<meta name=\"twitter:creator\" content=\"@kt_gov\" \/>\n<meta name=\"twitter:site\" content=\"@kt_gov\" \/>\n<meta name=\"twitter:label1\" content=\"Written by\" \/>\n\t<meta name=\"twitter:data1\" content=\"ktmin\" \/>\n\t<meta name=\"twitter:label2\" content=\"Est. reading time\" \/>\n\t<meta name=\"twitter:data2\" content=\"4 minutes\" \/>\n<script type=\"application\/ld+json\" class=\"yoast-schema-graph\">{\"@context\":\"https:\\\/\\\/schema.org\",\"@graph\":[{\"@type\":\"Article\",\"@id\":\"https:\\\/\\\/kt.gov.rs\\\/sq\\\/patrijahu-porfirije-me-bujanocasit-kisha-gjithmone-do-te-jete-me-ju\\\/#article\",\"isPartOf\":{\"@id\":\"https:\\\/\\\/kt.gov.rs\\\/sq\\\/patrijahu-porfirije-me-bujanocasit-kisha-gjithmone-do-te-jete-me-ju\\\/\"},\"author\":{\"name\":\"ktmin\",\"@id\":\"https:\\\/\\\/kt.gov.rs\\\/#\\\/schema\\\/person\\\/e426459ddb4173309103390602694571\"},\"headline\":\"PATRIJAHU PORFIRIJE ME BUJANOCASIT:KISHA GJITHMON\u00cb DO T\u00cb JET\u00cb ME JU\",\"datePublished\":\"2021-06-14T00:00:00+00:00\",\"dateModified\":\"2024-07-30T18:00:03+00:00\",\"mainEntityOfPage\":{\"@id\":\"https:\\\/\\\/kt.gov.rs\\\/sq\\\/patrijahu-porfirije-me-bujanocasit-kisha-gjithmone-do-te-jete-me-ju\\\/\"},\"wordCount\":805,\"publisher\":{\"@id\":\"https:\\\/\\\/kt.gov.rs\\\/#organization\"},\"image\":{\"@id\":\"https:\\\/\\\/kt.gov.rs\\\/sq\\\/patrijahu-porfirije-me-bujanocasit-kisha-gjithmone-do-te-jete-me-ju\\\/#primaryimage\"},\"thumbnailUrl\":\"https:\\\/\\\/kt.gov.rs\\\/wp-content\\\/uploads\\\/2024\\\/07\\\/1623685148_140621_1-3.jpg\",\"articleSection\":[\"Lajme\"],\"inLanguage\":\"sq-AL\"},{\"@type\":\"WebPage\",\"@id\":\"https:\\\/\\\/kt.gov.rs\\\/sq\\\/patrijahu-porfirije-me-bujanocasit-kisha-gjithmone-do-te-jete-me-ju\\\/\",\"url\":\"https:\\\/\\\/kt.gov.rs\\\/sq\\\/patrijahu-porfirije-me-bujanocasit-kisha-gjithmone-do-te-jete-me-ju\\\/\",\"name\":\"PATRIJAHU PORFIRIJE ME BUJANOCASIT:KISHA GJITHMON\u00cb DO T\u00cb JET\u00cb ME JU - Republika e S\u00ebrbis\u00eb Trupi Koordinues p\u00ebr komunat Bujanoc, Preshev\u00eb dhe Medvegj\u00eb\",\"isPartOf\":{\"@id\":\"https:\\\/\\\/kt.gov.rs\\\/#website\"},\"primaryImageOfPage\":{\"@id\":\"https:\\\/\\\/kt.gov.rs\\\/sq\\\/patrijahu-porfirije-me-bujanocasit-kisha-gjithmone-do-te-jete-me-ju\\\/#primaryimage\"},\"image\":{\"@id\":\"https:\\\/\\\/kt.gov.rs\\\/sq\\\/patrijahu-porfirije-me-bujanocasit-kisha-gjithmone-do-te-jete-me-ju\\\/#primaryimage\"},\"thumbnailUrl\":\"https:\\\/\\\/kt.gov.rs\\\/wp-content\\\/uploads\\\/2024\\\/07\\\/1623685148_140621_1-3.jpg\",\"datePublished\":\"2021-06-14T00:00:00+00:00\",\"dateModified\":\"2024-07-30T18:00:03+00:00\",\"breadcrumb\":{\"@id\":\"https:\\\/\\\/kt.gov.rs\\\/sq\\\/patrijahu-porfirije-me-bujanocasit-kisha-gjithmone-do-te-jete-me-ju\\\/#breadcrumb\"},\"inLanguage\":\"sq-AL\",\"potentialAction\":[{\"@type\":\"ReadAction\",\"target\":[\"https:\\\/\\\/kt.gov.rs\\\/sq\\\/patrijahu-porfirije-me-bujanocasit-kisha-gjithmone-do-te-jete-me-ju\\\/\"]}]},{\"@type\":\"ImageObject\",\"inLanguage\":\"sq-AL\",\"@id\":\"https:\\\/\\\/kt.gov.rs\\\/sq\\\/patrijahu-porfirije-me-bujanocasit-kisha-gjithmone-do-te-jete-me-ju\\\/#primaryimage\",\"url\":\"https:\\\/\\\/kt.gov.rs\\\/wp-content\\\/uploads\\\/2024\\\/07\\\/1623685148_140621_1-3.jpg\",\"contentUrl\":\"https:\\\/\\\/kt.gov.rs\\\/wp-content\\\/uploads\\\/2024\\\/07\\\/1623685148_140621_1-3.jpg\",\"width\":315,\"height\":230},{\"@type\":\"BreadcrumbList\",\"@id\":\"https:\\\/\\\/kt.gov.rs\\\/sq\\\/patrijahu-porfirije-me-bujanocasit-kisha-gjithmone-do-te-jete-me-ju\\\/#breadcrumb\",\"itemListElement\":[{\"@type\":\"ListItem\",\"position\":1,\"name\":\"\u041f\u043e\u0447\u0435\u0442\u043d\u0430\",\"item\":\"https:\\\/\\\/kt.gov.rs\\\/sq\\\/\"},{\"@type\":\"ListItem\",\"position\":2,\"name\":\"PATRIJAHU PORFIRIJE ME BUJANOCASIT:KISHA GJITHMON\u00cb DO T\u00cb JET\u00cb ME JU\"}]},{\"@type\":\"WebSite\",\"@id\":\"https:\\\/\\\/kt.gov.rs\\\/#website\",\"url\":\"https:\\\/\\\/kt.gov.rs\\\/\",\"name\":\"\u041a\u043e\u043e\u0440\u0434\u0438\u043d\u0430\u0446\u0438\u043e\u043d\u043e \u0442\u0435\u043b\u043e \u0412\u043b\u0430\u0434\u0435 \u0420\u0435\u043f\u0443\u0431\u043b\u0438\u043a\u0435 \u0421\u0440\u0431\u0438\u0458\u0435 \u0437\u0430 \u043e\u043f\u0448\u0442\u0438\u043d\u0435 \u041f\u0440\u0435\u0448\u0435\u0432\u043e, \u0411\u0443\u0458\u0430\u043d\u043e\u0432\u0430\u0446 \u0438 \u041c\u0435\u0434\u0432\u0435\u0452a\",\"description\":\"\",\"publisher\":{\"@id\":\"https:\\\/\\\/kt.gov.rs\\\/#organization\"},\"alternateName\":\"\u041a\u043e\u043e\u0440\u0434\u0438\u043d\u0430\u0446\u0438\u043e\u043d\u043e \u0442\u0435\u043b\u043e\",\"potentialAction\":[{\"@type\":\"SearchAction\",\"target\":{\"@type\":\"EntryPoint\",\"urlTemplate\":\"https:\\\/\\\/kt.gov.rs\\\/?s={search_term_string}\"},\"query-input\":{\"@type\":\"PropertyValueSpecification\",\"valueRequired\":true,\"valueName\":\"search_term_string\"}}],\"inLanguage\":\"sq-AL\"},{\"@type\":\"Organization\",\"@id\":\"https:\\\/\\\/kt.gov.rs\\\/#organization\",\"name\":\"\u041a\u043e\u043e\u0440\u0434\u0438\u043d\u0430\u0446\u0438\u043e\u043d\u043e \u0442\u0435\u043b\u043e \u0412\u043b\u0430\u0434\u0435 \u0420\u0435\u043f\u0443\u0431\u043b\u0438\u043a\u0435 \u0421\u0440\u0431\u0438\u0458\u0435 \u0437\u0430 \u043e\u043f\u0448\u0442\u0438\u043d\u0435 \u041f\u0440\u0435\u0448\u0435\u0432\u043e, \u0411\u0443\u0458\u0430\u043d\u043e\u0432\u0430\u0446 \u0438 \u041c\u0435\u0434\u0432\u0435\u0452a\",\"alternateName\":\"\u041a\u043e\u043e\u0440\u0434\u0438\u043d\u0430\u0446\u0438\u043e\u043d\u043e \u0442\u0435\u043b\u043e\",\"url\":\"https:\\\/\\\/kt.gov.rs\\\/\",\"logo\":{\"@type\":\"ImageObject\",\"inLanguage\":\"sq-AL\",\"@id\":\"https:\\\/\\\/kt.gov.rs\\\/#\\\/schema\\\/logo\\\/image\\\/\",\"url\":\"https:\\\/\\\/kt.gov.rs\\\/wp-content\\\/uploads\\\/2024\\\/12\\\/koord2.jpg\",\"contentUrl\":\"https:\\\/\\\/kt.gov.rs\\\/wp-content\\\/uploads\\\/2024\\\/12\\\/koord2.jpg\",\"width\":640,\"height\":480,\"caption\":\"\u041a\u043e\u043e\u0440\u0434\u0438\u043d\u0430\u0446\u0438\u043e\u043d\u043e \u0442\u0435\u043b\u043e \u0412\u043b\u0430\u0434\u0435 \u0420\u0435\u043f\u0443\u0431\u043b\u0438\u043a\u0435 \u0421\u0440\u0431\u0438\u0458\u0435 \u0437\u0430 \u043e\u043f\u0448\u0442\u0438\u043d\u0435 \u041f\u0440\u0435\u0448\u0435\u0432\u043e, \u0411\u0443\u0458\u0430\u043d\u043e\u0432\u0430\u0446 \u0438 \u041c\u0435\u0434\u0432\u0435\u0452a\"},\"image\":{\"@id\":\"https:\\\/\\\/kt.gov.rs\\\/#\\\/schema\\\/logo\\\/image\\\/\"},\"sameAs\":[\"https:\\\/\\\/www.facebook.com\\\/SluzbaKoordinacionogTelaVladeRepublikeSrbije\",\"https:\\\/\\\/x.com\\\/kt_gov\",\"https:\\\/\\\/www.youtube.com\\\/@koordinacionotelo\"]},{\"@type\":\"Person\",\"@id\":\"https:\\\/\\\/kt.gov.rs\\\/#\\\/schema\\\/person\\\/e426459ddb4173309103390602694571\",\"name\":\"ktmin\",\"image\":{\"@type\":\"ImageObject\",\"inLanguage\":\"sq-AL\",\"@id\":\"https:\\\/\\\/secure.gravatar.com\\\/avatar\\\/3985c961109853010c3fbc7ba30365bfba5db3dd6c525831d9c595c7525a615a?s=96&d=mm&r=g\",\"url\":\"https:\\\/\\\/secure.gravatar.com\\\/avatar\\\/3985c961109853010c3fbc7ba30365bfba5db3dd6c525831d9c595c7525a615a?s=96&d=mm&r=g\",\"contentUrl\":\"https:\\\/\\\/secure.gravatar.com\\\/avatar\\\/3985c961109853010c3fbc7ba30365bfba5db3dd6c525831d9c595c7525a615a?s=96&d=mm&r=g\",\"caption\":\"ktmin\"},\"sameAs\":[\"https:\\\/\\\/kt.gov.rs\"],\"url\":\"https:\\\/\\\/kt.gov.rs\\\/sq\\\/author\\\/ktmin\\\/\"}]}<\/script>\n<!-- \/ Yoast SEO plugin. -->","yoast_head_json":{"title":"PATRIJAHU PORFIRIJE ME BUJANOCASIT:KISHA GJITHMON\u00cb DO T\u00cb JET\u00cb ME JU - Republika e S\u00ebrbis\u00eb Trupi Koordinues p\u00ebr komunat Bujanoc, Preshev\u00eb dhe Medvegj\u00eb","robots":{"index":"index","follow":"follow","max-snippet":"max-snippet:-1","max-image-preview":"max-image-preview:large","max-video-preview":"max-video-preview:-1"},"canonical":"https:\/\/kt.gov.rs\/sq\/patrijahu-porfirije-me-bujanocasit-kisha-gjithmone-do-te-jete-me-ju\/","og_locale":"sq_AL","og_type":"article","og_title":"PATRIJAHU PORFIRIJE ME BUJANOCASIT:KISHA GJITHMON\u00cb DO T\u00cb JET\u00cb ME JU - Republika e S\u00ebrbis\u00eb Trupi Koordinues p\u00ebr komunat Bujanoc, Preshev\u00eb dhe Medvegj\u00eb","og_description":"Bujanoc - Beograd\u00a0- T\u00eb diel\u00ebn, 13 Qershor, njer\u00ebzit e Bujanocit e mir\u00ebprit\u00ebn patriarkun serb Porfirin n\u00eb port\u00ebn e kish\u00ebs s\u00eb qytetit dhe uruan q\u00eb ai t\u00eb vinte m\u00eb shpesh tek ata, dhe ai u tha atyre se kisha do t\u00eb jet\u00eb gjithmon\u00eb me ta.","og_url":"https:\/\/kt.gov.rs\/sq\/patrijahu-porfirije-me-bujanocasit-kisha-gjithmone-do-te-jete-me-ju\/","og_site_name":"Republika e S\u00ebrbis\u00eb Trupi Koordinues p\u00ebr komunat Bujanoc, Preshev\u00eb dhe Medvegj\u00eb","article_publisher":"https:\/\/www.facebook.com\/SluzbaKoordinacionogTelaVladeRepublikeSrbije","article_published_time":"2021-06-14T00:00:00+00:00","article_modified_time":"2024-07-30T18:00:03+00:00","og_image":[{"width":315,"height":230,"url":"https:\/\/kt.gov.rs\/wp-content\/uploads\/2024\/07\/1623685148_140621_1-3.jpg","type":"image\/jpeg"}],"author":"ktmin","twitter_card":"summary_large_image","twitter_creator":"@kt_gov","twitter_site":"@kt_gov","twitter_misc":{"Written by":"ktmin","Est. reading time":"4 minutes"},"schema":{"@context":"https:\/\/schema.org","@graph":[{"@type":"Article","@id":"https:\/\/kt.gov.rs\/sq\/patrijahu-porfirije-me-bujanocasit-kisha-gjithmone-do-te-jete-me-ju\/#article","isPartOf":{"@id":"https:\/\/kt.gov.rs\/sq\/patrijahu-porfirije-me-bujanocasit-kisha-gjithmone-do-te-jete-me-ju\/"},"author":{"name":"ktmin","@id":"https:\/\/kt.gov.rs\/#\/schema\/person\/e426459ddb4173309103390602694571"},"headline":"PATRIJAHU PORFIRIJE ME BUJANOCASIT:KISHA GJITHMON\u00cb DO T\u00cb JET\u00cb ME JU","datePublished":"2021-06-14T00:00:00+00:00","dateModified":"2024-07-30T18:00:03+00:00","mainEntityOfPage":{"@id":"https:\/\/kt.gov.rs\/sq\/patrijahu-porfirije-me-bujanocasit-kisha-gjithmone-do-te-jete-me-ju\/"},"wordCount":805,"publisher":{"@id":"https:\/\/kt.gov.rs\/#organization"},"image":{"@id":"https:\/\/kt.gov.rs\/sq\/patrijahu-porfirije-me-bujanocasit-kisha-gjithmone-do-te-jete-me-ju\/#primaryimage"},"thumbnailUrl":"https:\/\/kt.gov.rs\/wp-content\/uploads\/2024\/07\/1623685148_140621_1-3.jpg","articleSection":["Lajme"],"inLanguage":"sq-AL"},{"@type":"WebPage","@id":"https:\/\/kt.gov.rs\/sq\/patrijahu-porfirije-me-bujanocasit-kisha-gjithmone-do-te-jete-me-ju\/","url":"https:\/\/kt.gov.rs\/sq\/patrijahu-porfirije-me-bujanocasit-kisha-gjithmone-do-te-jete-me-ju\/","name":"PATRIJAHU PORFIRIJE ME BUJANOCASIT:KISHA GJITHMON\u00cb DO T\u00cb JET\u00cb ME JU - Republika e S\u00ebrbis\u00eb Trupi Koordinues p\u00ebr komunat Bujanoc, Preshev\u00eb dhe Medvegj\u00eb","isPartOf":{"@id":"https:\/\/kt.gov.rs\/#website"},"primaryImageOfPage":{"@id":"https:\/\/kt.gov.rs\/sq\/patrijahu-porfirije-me-bujanocasit-kisha-gjithmone-do-te-jete-me-ju\/#primaryimage"},"image":{"@id":"https:\/\/kt.gov.rs\/sq\/patrijahu-porfirije-me-bujanocasit-kisha-gjithmone-do-te-jete-me-ju\/#primaryimage"},"thumbnailUrl":"https:\/\/kt.gov.rs\/wp-content\/uploads\/2024\/07\/1623685148_140621_1-3.jpg","datePublished":"2021-06-14T00:00:00+00:00","dateModified":"2024-07-30T18:00:03+00:00","breadcrumb":{"@id":"https:\/\/kt.gov.rs\/sq\/patrijahu-porfirije-me-bujanocasit-kisha-gjithmone-do-te-jete-me-ju\/#breadcrumb"},"inLanguage":"sq-AL","potentialAction":[{"@type":"ReadAction","target":["https:\/\/kt.gov.rs\/sq\/patrijahu-porfirije-me-bujanocasit-kisha-gjithmone-do-te-jete-me-ju\/"]}]},{"@type":"ImageObject","inLanguage":"sq-AL","@id":"https:\/\/kt.gov.rs\/sq\/patrijahu-porfirije-me-bujanocasit-kisha-gjithmone-do-te-jete-me-ju\/#primaryimage","url":"https:\/\/kt.gov.rs\/wp-content\/uploads\/2024\/07\/1623685148_140621_1-3.jpg","contentUrl":"https:\/\/kt.gov.rs\/wp-content\/uploads\/2024\/07\/1623685148_140621_1-3.jpg","width":315,"height":230},{"@type":"BreadcrumbList","@id":"https:\/\/kt.gov.rs\/sq\/patrijahu-porfirije-me-bujanocasit-kisha-gjithmone-do-te-jete-me-ju\/#breadcrumb","itemListElement":[{"@type":"ListItem","position":1,"name":"\u041f\u043e\u0447\u0435\u0442\u043d\u0430","item":"https:\/\/kt.gov.rs\/sq\/"},{"@type":"ListItem","position":2,"name":"PATRIJAHU PORFIRIJE ME BUJANOCASIT:KISHA GJITHMON\u00cb DO T\u00cb JET\u00cb ME JU"}]},{"@type":"WebSite","@id":"https:\/\/kt.gov.rs\/#website","url":"https:\/\/kt.gov.rs\/","name":"\u041a\u043e\u043e\u0440\u0434\u0438\u043d\u0430\u0446\u0438\u043e\u043d\u043e \u0442\u0435\u043b\u043e \u0412\u043b\u0430\u0434\u0435 \u0420\u0435\u043f\u0443\u0431\u043b\u0438\u043a\u0435 \u0421\u0440\u0431\u0438\u0458\u0435 \u0437\u0430 \u043e\u043f\u0448\u0442\u0438\u043d\u0435 \u041f\u0440\u0435\u0448\u0435\u0432\u043e, \u0411\u0443\u0458\u0430\u043d\u043e\u0432\u0430\u0446 \u0438 \u041c\u0435\u0434\u0432\u0435\u0452a","description":"","publisher":{"@id":"https:\/\/kt.gov.rs\/#organization"},"alternateName":"\u041a\u043e\u043e\u0440\u0434\u0438\u043d\u0430\u0446\u0438\u043e\u043d\u043e \u0442\u0435\u043b\u043e","potentialAction":[{"@type":"SearchAction","target":{"@type":"EntryPoint","urlTemplate":"https:\/\/kt.gov.rs\/?s={search_term_string}"},"query-input":{"@type":"PropertyValueSpecification","valueRequired":true,"valueName":"search_term_string"}}],"inLanguage":"sq-AL"},{"@type":"Organization","@id":"https:\/\/kt.gov.rs\/#organization","name":"\u041a\u043e\u043e\u0440\u0434\u0438\u043d\u0430\u0446\u0438\u043e\u043d\u043e \u0442\u0435\u043b\u043e \u0412\u043b\u0430\u0434\u0435 \u0420\u0435\u043f\u0443\u0431\u043b\u0438\u043a\u0435 \u0421\u0440\u0431\u0438\u0458\u0435 \u0437\u0430 \u043e\u043f\u0448\u0442\u0438\u043d\u0435 \u041f\u0440\u0435\u0448\u0435\u0432\u043e, \u0411\u0443\u0458\u0430\u043d\u043e\u0432\u0430\u0446 \u0438 \u041c\u0435\u0434\u0432\u0435\u0452a","alternateName":"\u041a\u043e\u043e\u0440\u0434\u0438\u043d\u0430\u0446\u0438\u043e\u043d\u043e \u0442\u0435\u043b\u043e","url":"https:\/\/kt.gov.rs\/","logo":{"@type":"ImageObject","inLanguage":"sq-AL","@id":"https:\/\/kt.gov.rs\/#\/schema\/logo\/image\/","url":"https:\/\/kt.gov.rs\/wp-content\/uploads\/2024\/12\/koord2.jpg","contentUrl":"https:\/\/kt.gov.rs\/wp-content\/uploads\/2024\/12\/koord2.jpg","width":640,"height":480,"caption":"\u041a\u043e\u043e\u0440\u0434\u0438\u043d\u0430\u0446\u0438\u043e\u043d\u043e \u0442\u0435\u043b\u043e \u0412\u043b\u0430\u0434\u0435 \u0420\u0435\u043f\u0443\u0431\u043b\u0438\u043a\u0435 \u0421\u0440\u0431\u0438\u0458\u0435 \u0437\u0430 \u043e\u043f\u0448\u0442\u0438\u043d\u0435 \u041f\u0440\u0435\u0448\u0435\u0432\u043e, \u0411\u0443\u0458\u0430\u043d\u043e\u0432\u0430\u0446 \u0438 \u041c\u0435\u0434\u0432\u0435\u0452a"},"image":{"@id":"https:\/\/kt.gov.rs\/#\/schema\/logo\/image\/"},"sameAs":["https:\/\/www.facebook.com\/SluzbaKoordinacionogTelaVladeRepublikeSrbije","https:\/\/x.com\/kt_gov","https:\/\/www.youtube.com\/@koordinacionotelo"]},{"@type":"Person","@id":"https:\/\/kt.gov.rs\/#\/schema\/person\/e426459ddb4173309103390602694571","name":"ktmin","image":{"@type":"ImageObject","inLanguage":"sq-AL","@id":"https:\/\/secure.gravatar.com\/avatar\/3985c961109853010c3fbc7ba30365bfba5db3dd6c525831d9c595c7525a615a?s=96&d=mm&r=g","url":"https:\/\/secure.gravatar.com\/avatar\/3985c961109853010c3fbc7ba30365bfba5db3dd6c525831d9c595c7525a615a?s=96&d=mm&r=g","contentUrl":"https:\/\/secure.gravatar.com\/avatar\/3985c961109853010c3fbc7ba30365bfba5db3dd6c525831d9c595c7525a615a?s=96&d=mm&r=g","caption":"ktmin"},"sameAs":["https:\/\/kt.gov.rs"],"url":"https:\/\/kt.gov.rs\/sq\/author\/ktmin\/"}]}},"_links":{"self":[{"href":"https:\/\/kt.gov.rs\/sq\/wp-json\/wp\/v2\/posts\/109574","targetHints":{"allow":["GET"]}}],"collection":[{"href":"https:\/\/kt.gov.rs\/sq\/wp-json\/wp\/v2\/posts"}],"about":[{"href":"https:\/\/kt.gov.rs\/sq\/wp-json\/wp\/v2\/types\/post"}],"author":[{"embeddable":true,"href":"https:\/\/kt.gov.rs\/sq\/wp-json\/wp\/v2\/users\/1"}],"replies":[{"embeddable":true,"href":"https:\/\/kt.gov.rs\/sq\/wp-json\/wp\/v2\/comments?post=109574"}],"version-history":[{"count":1,"href":"https:\/\/kt.gov.rs\/sq\/wp-json\/wp\/v2\/posts\/109574\/revisions"}],"predecessor-version":[{"id":109578,"href":"https:\/\/kt.gov.rs\/sq\/wp-json\/wp\/v2\/posts\/109574\/revisions\/109578"}],"wp:featuredmedia":[{"embeddable":true,"href":"https:\/\/kt.gov.rs\/sq\/wp-json\/wp\/v2\/media\/109579"}],"wp:attachment":[{"href":"https:\/\/kt.gov.rs\/sq\/wp-json\/wp\/v2\/media?parent=109574"}],"wp:term":[{"taxonomy":"category","embeddable":true,"href":"https:\/\/kt.gov.rs\/sq\/wp-json\/wp\/v2\/categories?post=109574"},{"taxonomy":"post_tag","embeddable":true,"href":"https:\/\/kt.gov.rs\/sq\/wp-json\/wp\/v2\/tags?post=109574"}],"curies":[{"name":"wp","href":"https:\/\/api.w.org\/{rel}","templated":true}]}}