{"id":109475,"date":"2021-06-25T00:00:00","date_gmt":"2021-06-25T00:00:00","guid":{"rendered":"http:\/\/kt.printandscreen.rs\/ne-borovc-perfundoi-grushti-i-rrufese2021\/"},"modified":"2024-07-30T17:59:54","modified_gmt":"2024-07-30T17:59:54","slug":"ne-borovc-perfundoi-grushti-i-rrufese2021","status":"publish","type":"post","link":"https:\/\/kt.gov.rs\/sq\/ne-borovc-perfundoi-grushti-i-rrufese2021\/","title":{"rendered":"N\u00cb BOROVC P\u00cbRFUNDOI\u201dGRUSHTI I RRUFES\u00cb2021\u201d"},"content":{"rendered":"<p>\n\t<strong><img decoding=\"async\" alt=\"\" src=\"https:\/\/kt.gov.rs\/wp-content\/uploads\/2024\/07\/1624619083_25621_1-2.jpg\" style=\"width: 315px; height: 230px; float: left;\" \/>Bujnanoc \u2013 Beograd<\/strong> \u2013 N\u00eb terenin st\u00ebrvitor &quot;Borovac&quot; af\u00ebr Bujanovac, Ushtria Serbe kreu nj\u00eb st\u00ebrvitje t\u00eb p\u00ebrbashk\u00ebt taktike me t\u00eb sht\u00ebnat luftarake &quot;Grushti i rrufesh\u00ebm 2021&quot;.<\/p>\n<p>\n\tPran\u00eb Borovacit Brigada e kat\u00ebrt e ushtris\u00eb tok\u00ebsore u st\u00ebrvit p\u00ebr \u00a0nj\u00eb ushtrim taktik p\u00ebr kryerjen e nj\u00eb operacioni kund\u00ebr kryengritjes, njoftoi ministria e Mbrojtjes.<\/p>\n<p>\n\t&quot;N\u00eb kushte af\u00ebr realitetit, praktikoheshin procedurat dhe puna e komand\u00ebs e nj\u00ebsive t\u00eb ushtris\u00eb Serbe, nga zbulimi dhe v\u00ebzhgimi i orarit luftarak t\u00eb armikut deri n\u00eb prishjen dhe shkat\u00ebrrimin e forcave rebele dhe stabilizimin e situat\u00ebs,&quot; njoftoi ministria e Mbrojtjes. .<\/p>\n<p>\n\tAktivitetet n\u00eb poligonin &quot;Borovac&quot; jan\u00eb pjes\u00eb e nj\u00eb st\u00ebrvitje t\u00eb p\u00ebrbashk\u00ebt t\u00eb kryer n\u00eb tet\u00eb vende n\u00eb t\u00eb gjith\u00eb Serbin\u00eb nga nj\u00ebsit\u00eb e Ushtris\u00eb tok\u00ebsore n\u00eb bashk\u00ebpunim me Forc\u00ebn ajrore dhe PVO Brigad\u00ebn e 72-t\u00eb t\u00eb Operacioneve speciale dhe Brigad\u00ebn 63 t\u00eb Parashut\u00ebs.<\/p>\n<p>\n\tKomandanti i ushtris\u00eb Tok\u00ebsore, Gjeneral Lejtnant Milosav Simovi\u0107, e vler\u00ebsoi trajnimin dhe profesionalizmin e an\u00ebtar\u00ebve t\u00eb Brigad\u00ebs s\u00eb kat\u00ebrt t\u00eb ushtris\u00eb Tok\u00ebsore si shum\u00eb t\u00eb mir\u00eb.<\/p>\n<p>\n\tUshtrimi n\u00eb &quot;Borovac&quot; ishte i gjashti me radh\u00eb dhe ushtrimet do t\u00eb pasojn\u00eb n\u00eb terenin e trajnimit &quot;Megja&quot; af\u00ebr Leskocit, ku oficer\u00ebt e policis\u00eb ushtarake t\u00eb Batalionit t\u00eb 3-t\u00eb t\u00eb policis\u00eb ushtarake, i cili \u00ebsht\u00eb i vendosur n\u00eb Nish dhe Vranje, do t\u00eb tregojn\u00eb aft\u00ebsit\u00eb, dhe n\u00eb Peshter, ku mbi 2000 an\u00ebtar\u00eb t\u00eb ushtris\u00eb, forcave ajrore dhe mbrojtjes ajrore dhe nj\u00ebsive speciale t\u00eb ushtris\u00eb realizojn\u00eb nj\u00eb operacion t\u00eb madh sulmues, n\u00eb prani t\u00eb udh\u00ebheqjes s\u00eb lart\u00eb shtet\u00ebrore dhe ushtarake, me cka do t\u00eb p\u00ebrfundoj\u00eb st\u00ebrvitjen &quot;Grushti i rrufes\u00eb 2021 &quot;<\/p>\n<p>\n\t<strong>Burimi: Bujanovacke dhe Trupi koordinues<\/strong><\/p>\n<p>\n\t\u00a0<\/p>\n","protected":false},"excerpt":{"rendered":"<p>Bujnanoc \u2013 Beograd\u00a0\u2013 N\u00eb terenin st\u00ebrvitor &quot;Borovac&quot; af\u00ebr Bujanovac, Ushtria Serbe kreu nj\u00eb st\u00ebrvitje t\u00eb p\u00ebrbashk\u00ebt taktike me t\u00eb sht\u00ebnat luftarake &quot;Grushti i rrufesh\u00ebm 2021&quot;.<\/p>\n","protected":false},"author":1,"featured_media":109480,"comment_status":"closed","ping_status":"closed","sticky":false,"template":"","format":"standard","meta":{"footnotes":""},"categories":[55],"tags":[],"class_list":["post-109475","post","type-post","status-publish","format-standard","has-post-thumbnail","hentry","category-lajme"],"yoast_head":"<!-- This site is optimized with the Yoast SEO plugin v27.5 - https:\/\/yoast.com\/product\/yoast-seo-wordpress\/ -->\n<title>N\u00cb BOROVC P\u00cbRFUNDOI\u201dGRUSHTI I RRUFES\u00cb2021\u201d - Republika e S\u00ebrbis\u00eb Trupi Koordinues p\u00ebr komunat Bujanoc, Preshev\u00eb dhe Medvegj\u00eb<\/title>\n<meta name=\"robots\" content=\"index, follow, max-snippet:-1, max-image-preview:large, max-video-preview:-1\" \/>\n<link rel=\"canonical\" href=\"https:\/\/kt.gov.rs\/sq\/ne-borovc-perfundoi-grushti-i-rrufese2021\/\" \/>\n<meta property=\"og:locale\" content=\"sq_AL\" \/>\n<meta property=\"og:type\" content=\"article\" \/>\n<meta property=\"og:title\" content=\"N\u00cb BOROVC P\u00cbRFUNDOI\u201dGRUSHTI I RRUFES\u00cb2021\u201d - Republika e S\u00ebrbis\u00eb Trupi Koordinues p\u00ebr komunat Bujanoc, Preshev\u00eb dhe Medvegj\u00eb\" \/>\n<meta property=\"og:description\" content=\"Bujnanoc - Beograd\u00a0- N\u00eb terenin st\u00ebrvitor &quot;Borovac&quot; af\u00ebr Bujanovac, Ushtria Serbe kreu nj\u00eb st\u00ebrvitje t\u00eb p\u00ebrbashk\u00ebt taktike me t\u00eb sht\u00ebnat luftarake &quot;Grushti i rrufesh\u00ebm 2021&quot;.\" \/>\n<meta property=\"og:url\" content=\"https:\/\/kt.gov.rs\/sq\/ne-borovc-perfundoi-grushti-i-rrufese2021\/\" \/>\n<meta property=\"og:site_name\" content=\"Republika e S\u00ebrbis\u00eb Trupi Koordinues p\u00ebr komunat Bujanoc, Preshev\u00eb dhe Medvegj\u00eb\" \/>\n<meta property=\"article:publisher\" content=\"https:\/\/www.facebook.com\/SluzbaKoordinacionogTelaVladeRepublikeSrbije\" \/>\n<meta property=\"article:published_time\" content=\"2021-06-25T00:00:00+00:00\" \/>\n<meta property=\"article:modified_time\" content=\"2024-07-30T17:59:54+00:00\" \/>\n<meta property=\"og:image\" content=\"https:\/\/kt.gov.rs\/wp-content\/uploads\/2024\/07\/1624619083_25621_1-3.jpg\" \/>\n\t<meta property=\"og:image:width\" content=\"315\" \/>\n\t<meta property=\"og:image:height\" content=\"230\" \/>\n\t<meta property=\"og:image:type\" content=\"image\/jpeg\" \/>\n<meta name=\"author\" content=\"ktmin\" \/>\n<meta name=\"twitter:card\" content=\"summary_large_image\" \/>\n<meta name=\"twitter:creator\" content=\"@kt_gov\" \/>\n<meta name=\"twitter:site\" content=\"@kt_gov\" \/>\n<meta name=\"twitter:label1\" content=\"Written by\" \/>\n\t<meta name=\"twitter:data1\" content=\"ktmin\" \/>\n\t<meta name=\"twitter:label2\" content=\"Est. reading time\" \/>\n\t<meta name=\"twitter:data2\" content=\"2 minutes\" \/>\n<script type=\"application\/ld+json\" class=\"yoast-schema-graph\">{\"@context\":\"https:\\\/\\\/schema.org\",\"@graph\":[{\"@type\":\"Article\",\"@id\":\"https:\\\/\\\/kt.gov.rs\\\/sq\\\/ne-borovc-perfundoi-grushti-i-rrufese2021\\\/#article\",\"isPartOf\":{\"@id\":\"https:\\\/\\\/kt.gov.rs\\\/sq\\\/ne-borovc-perfundoi-grushti-i-rrufese2021\\\/\"},\"author\":{\"name\":\"ktmin\",\"@id\":\"https:\\\/\\\/kt.gov.rs\\\/#\\\/schema\\\/person\\\/e426459ddb4173309103390602694571\"},\"headline\":\"N\u00cb BOROVC P\u00cbRFUNDOI\u201dGRUSHTI I RRUFES\u00cb2021\u201d\",\"datePublished\":\"2021-06-25T00:00:00+00:00\",\"dateModified\":\"2024-07-30T17:59:54+00:00\",\"mainEntityOfPage\":{\"@id\":\"https:\\\/\\\/kt.gov.rs\\\/sq\\\/ne-borovc-perfundoi-grushti-i-rrufese2021\\\/\"},\"wordCount\":435,\"publisher\":{\"@id\":\"https:\\\/\\\/kt.gov.rs\\\/#organization\"},\"image\":{\"@id\":\"https:\\\/\\\/kt.gov.rs\\\/sq\\\/ne-borovc-perfundoi-grushti-i-rrufese2021\\\/#primaryimage\"},\"thumbnailUrl\":\"https:\\\/\\\/kt.gov.rs\\\/wp-content\\\/uploads\\\/2024\\\/07\\\/1624619083_25621_1-3.jpg\",\"articleSection\":[\"Lajme\"],\"inLanguage\":\"sq-AL\"},{\"@type\":\"WebPage\",\"@id\":\"https:\\\/\\\/kt.gov.rs\\\/sq\\\/ne-borovc-perfundoi-grushti-i-rrufese2021\\\/\",\"url\":\"https:\\\/\\\/kt.gov.rs\\\/sq\\\/ne-borovc-perfundoi-grushti-i-rrufese2021\\\/\",\"name\":\"N\u00cb BOROVC P\u00cbRFUNDOI\u201dGRUSHTI I RRUFES\u00cb2021\u201d - Republika e S\u00ebrbis\u00eb Trupi Koordinues p\u00ebr komunat Bujanoc, Preshev\u00eb dhe Medvegj\u00eb\",\"isPartOf\":{\"@id\":\"https:\\\/\\\/kt.gov.rs\\\/#website\"},\"primaryImageOfPage\":{\"@id\":\"https:\\\/\\\/kt.gov.rs\\\/sq\\\/ne-borovc-perfundoi-grushti-i-rrufese2021\\\/#primaryimage\"},\"image\":{\"@id\":\"https:\\\/\\\/kt.gov.rs\\\/sq\\\/ne-borovc-perfundoi-grushti-i-rrufese2021\\\/#primaryimage\"},\"thumbnailUrl\":\"https:\\\/\\\/kt.gov.rs\\\/wp-content\\\/uploads\\\/2024\\\/07\\\/1624619083_25621_1-3.jpg\",\"datePublished\":\"2021-06-25T00:00:00+00:00\",\"dateModified\":\"2024-07-30T17:59:54+00:00\",\"breadcrumb\":{\"@id\":\"https:\\\/\\\/kt.gov.rs\\\/sq\\\/ne-borovc-perfundoi-grushti-i-rrufese2021\\\/#breadcrumb\"},\"inLanguage\":\"sq-AL\",\"potentialAction\":[{\"@type\":\"ReadAction\",\"target\":[\"https:\\\/\\\/kt.gov.rs\\\/sq\\\/ne-borovc-perfundoi-grushti-i-rrufese2021\\\/\"]}]},{\"@type\":\"ImageObject\",\"inLanguage\":\"sq-AL\",\"@id\":\"https:\\\/\\\/kt.gov.rs\\\/sq\\\/ne-borovc-perfundoi-grushti-i-rrufese2021\\\/#primaryimage\",\"url\":\"https:\\\/\\\/kt.gov.rs\\\/wp-content\\\/uploads\\\/2024\\\/07\\\/1624619083_25621_1-3.jpg\",\"contentUrl\":\"https:\\\/\\\/kt.gov.rs\\\/wp-content\\\/uploads\\\/2024\\\/07\\\/1624619083_25621_1-3.jpg\",\"width\":315,\"height\":230},{\"@type\":\"BreadcrumbList\",\"@id\":\"https:\\\/\\\/kt.gov.rs\\\/sq\\\/ne-borovc-perfundoi-grushti-i-rrufese2021\\\/#breadcrumb\",\"itemListElement\":[{\"@type\":\"ListItem\",\"position\":1,\"name\":\"\u041f\u043e\u0447\u0435\u0442\u043d\u0430\",\"item\":\"https:\\\/\\\/kt.gov.rs\\\/sq\\\/\"},{\"@type\":\"ListItem\",\"position\":2,\"name\":\"N\u00cb BOROVC P\u00cbRFUNDOI\u201dGRUSHTI I RRUFES\u00cb2021\u201d\"}]},{\"@type\":\"WebSite\",\"@id\":\"https:\\\/\\\/kt.gov.rs\\\/#website\",\"url\":\"https:\\\/\\\/kt.gov.rs\\\/\",\"name\":\"\u041a\u043e\u043e\u0440\u0434\u0438\u043d\u0430\u0446\u0438\u043e\u043d\u043e \u0442\u0435\u043b\u043e \u0412\u043b\u0430\u0434\u0435 \u0420\u0435\u043f\u0443\u0431\u043b\u0438\u043a\u0435 \u0421\u0440\u0431\u0438\u0458\u0435 \u0437\u0430 \u043e\u043f\u0448\u0442\u0438\u043d\u0435 \u041f\u0440\u0435\u0448\u0435\u0432\u043e, \u0411\u0443\u0458\u0430\u043d\u043e\u0432\u0430\u0446 \u0438 \u041c\u0435\u0434\u0432\u0435\u0452a\",\"description\":\"\",\"publisher\":{\"@id\":\"https:\\\/\\\/kt.gov.rs\\\/#organization\"},\"alternateName\":\"\u041a\u043e\u043e\u0440\u0434\u0438\u043d\u0430\u0446\u0438\u043e\u043d\u043e \u0442\u0435\u043b\u043e\",\"potentialAction\":[{\"@type\":\"SearchAction\",\"target\":{\"@type\":\"EntryPoint\",\"urlTemplate\":\"https:\\\/\\\/kt.gov.rs\\\/?s={search_term_string}\"},\"query-input\":{\"@type\":\"PropertyValueSpecification\",\"valueRequired\":true,\"valueName\":\"search_term_string\"}}],\"inLanguage\":\"sq-AL\"},{\"@type\":\"Organization\",\"@id\":\"https:\\\/\\\/kt.gov.rs\\\/#organization\",\"name\":\"\u041a\u043e\u043e\u0440\u0434\u0438\u043d\u0430\u0446\u0438\u043e\u043d\u043e \u0442\u0435\u043b\u043e \u0412\u043b\u0430\u0434\u0435 \u0420\u0435\u043f\u0443\u0431\u043b\u0438\u043a\u0435 \u0421\u0440\u0431\u0438\u0458\u0435 \u0437\u0430 \u043e\u043f\u0448\u0442\u0438\u043d\u0435 \u041f\u0440\u0435\u0448\u0435\u0432\u043e, \u0411\u0443\u0458\u0430\u043d\u043e\u0432\u0430\u0446 \u0438 \u041c\u0435\u0434\u0432\u0435\u0452a\",\"alternateName\":\"\u041a\u043e\u043e\u0440\u0434\u0438\u043d\u0430\u0446\u0438\u043e\u043d\u043e \u0442\u0435\u043b\u043e\",\"url\":\"https:\\\/\\\/kt.gov.rs\\\/\",\"logo\":{\"@type\":\"ImageObject\",\"inLanguage\":\"sq-AL\",\"@id\":\"https:\\\/\\\/kt.gov.rs\\\/#\\\/schema\\\/logo\\\/image\\\/\",\"url\":\"https:\\\/\\\/kt.gov.rs\\\/wp-content\\\/uploads\\\/2024\\\/12\\\/koord2.jpg\",\"contentUrl\":\"https:\\\/\\\/kt.gov.rs\\\/wp-content\\\/uploads\\\/2024\\\/12\\\/koord2.jpg\",\"width\":640,\"height\":480,\"caption\":\"\u041a\u043e\u043e\u0440\u0434\u0438\u043d\u0430\u0446\u0438\u043e\u043d\u043e \u0442\u0435\u043b\u043e \u0412\u043b\u0430\u0434\u0435 \u0420\u0435\u043f\u0443\u0431\u043b\u0438\u043a\u0435 \u0421\u0440\u0431\u0438\u0458\u0435 \u0437\u0430 \u043e\u043f\u0448\u0442\u0438\u043d\u0435 \u041f\u0440\u0435\u0448\u0435\u0432\u043e, \u0411\u0443\u0458\u0430\u043d\u043e\u0432\u0430\u0446 \u0438 \u041c\u0435\u0434\u0432\u0435\u0452a\"},\"image\":{\"@id\":\"https:\\\/\\\/kt.gov.rs\\\/#\\\/schema\\\/logo\\\/image\\\/\"},\"sameAs\":[\"https:\\\/\\\/www.facebook.com\\\/SluzbaKoordinacionogTelaVladeRepublikeSrbije\",\"https:\\\/\\\/x.com\\\/kt_gov\",\"https:\\\/\\\/www.youtube.com\\\/@koordinacionotelo\"]},{\"@type\":\"Person\",\"@id\":\"https:\\\/\\\/kt.gov.rs\\\/#\\\/schema\\\/person\\\/e426459ddb4173309103390602694571\",\"name\":\"ktmin\",\"image\":{\"@type\":\"ImageObject\",\"inLanguage\":\"sq-AL\",\"@id\":\"https:\\\/\\\/secure.gravatar.com\\\/avatar\\\/3985c961109853010c3fbc7ba30365bfba5db3dd6c525831d9c595c7525a615a?s=96&d=mm&r=g\",\"url\":\"https:\\\/\\\/secure.gravatar.com\\\/avatar\\\/3985c961109853010c3fbc7ba30365bfba5db3dd6c525831d9c595c7525a615a?s=96&d=mm&r=g\",\"contentUrl\":\"https:\\\/\\\/secure.gravatar.com\\\/avatar\\\/3985c961109853010c3fbc7ba30365bfba5db3dd6c525831d9c595c7525a615a?s=96&d=mm&r=g\",\"caption\":\"ktmin\"},\"sameAs\":[\"https:\\\/\\\/kt.gov.rs\"],\"url\":\"https:\\\/\\\/kt.gov.rs\\\/sq\\\/author\\\/ktmin\\\/\"}]}<\/script>\n<!-- \/ Yoast SEO plugin. -->","yoast_head_json":{"title":"N\u00cb BOROVC P\u00cbRFUNDOI\u201dGRUSHTI I RRUFES\u00cb2021\u201d - Republika e S\u00ebrbis\u00eb Trupi Koordinues p\u00ebr komunat Bujanoc, Preshev\u00eb dhe Medvegj\u00eb","robots":{"index":"index","follow":"follow","max-snippet":"max-snippet:-1","max-image-preview":"max-image-preview:large","max-video-preview":"max-video-preview:-1"},"canonical":"https:\/\/kt.gov.rs\/sq\/ne-borovc-perfundoi-grushti-i-rrufese2021\/","og_locale":"sq_AL","og_type":"article","og_title":"N\u00cb BOROVC P\u00cbRFUNDOI\u201dGRUSHTI I RRUFES\u00cb2021\u201d - Republika e S\u00ebrbis\u00eb Trupi Koordinues p\u00ebr komunat Bujanoc, Preshev\u00eb dhe Medvegj\u00eb","og_description":"Bujnanoc - Beograd\u00a0- N\u00eb terenin st\u00ebrvitor &quot;Borovac&quot; af\u00ebr Bujanovac, Ushtria Serbe kreu nj\u00eb st\u00ebrvitje t\u00eb p\u00ebrbashk\u00ebt taktike me t\u00eb sht\u00ebnat luftarake &quot;Grushti i rrufesh\u00ebm 2021&quot;.","og_url":"https:\/\/kt.gov.rs\/sq\/ne-borovc-perfundoi-grushti-i-rrufese2021\/","og_site_name":"Republika e S\u00ebrbis\u00eb Trupi Koordinues p\u00ebr komunat Bujanoc, Preshev\u00eb dhe Medvegj\u00eb","article_publisher":"https:\/\/www.facebook.com\/SluzbaKoordinacionogTelaVladeRepublikeSrbije","article_published_time":"2021-06-25T00:00:00+00:00","article_modified_time":"2024-07-30T17:59:54+00:00","og_image":[{"width":315,"height":230,"url":"https:\/\/kt.gov.rs\/wp-content\/uploads\/2024\/07\/1624619083_25621_1-3.jpg","type":"image\/jpeg"}],"author":"ktmin","twitter_card":"summary_large_image","twitter_creator":"@kt_gov","twitter_site":"@kt_gov","twitter_misc":{"Written by":"ktmin","Est. reading time":"2 minutes"},"schema":{"@context":"https:\/\/schema.org","@graph":[{"@type":"Article","@id":"https:\/\/kt.gov.rs\/sq\/ne-borovc-perfundoi-grushti-i-rrufese2021\/#article","isPartOf":{"@id":"https:\/\/kt.gov.rs\/sq\/ne-borovc-perfundoi-grushti-i-rrufese2021\/"},"author":{"name":"ktmin","@id":"https:\/\/kt.gov.rs\/#\/schema\/person\/e426459ddb4173309103390602694571"},"headline":"N\u00cb BOROVC P\u00cbRFUNDOI\u201dGRUSHTI I RRUFES\u00cb2021\u201d","datePublished":"2021-06-25T00:00:00+00:00","dateModified":"2024-07-30T17:59:54+00:00","mainEntityOfPage":{"@id":"https:\/\/kt.gov.rs\/sq\/ne-borovc-perfundoi-grushti-i-rrufese2021\/"},"wordCount":435,"publisher":{"@id":"https:\/\/kt.gov.rs\/#organization"},"image":{"@id":"https:\/\/kt.gov.rs\/sq\/ne-borovc-perfundoi-grushti-i-rrufese2021\/#primaryimage"},"thumbnailUrl":"https:\/\/kt.gov.rs\/wp-content\/uploads\/2024\/07\/1624619083_25621_1-3.jpg","articleSection":["Lajme"],"inLanguage":"sq-AL"},{"@type":"WebPage","@id":"https:\/\/kt.gov.rs\/sq\/ne-borovc-perfundoi-grushti-i-rrufese2021\/","url":"https:\/\/kt.gov.rs\/sq\/ne-borovc-perfundoi-grushti-i-rrufese2021\/","name":"N\u00cb BOROVC P\u00cbRFUNDOI\u201dGRUSHTI I RRUFES\u00cb2021\u201d - Republika e S\u00ebrbis\u00eb Trupi Koordinues p\u00ebr komunat Bujanoc, Preshev\u00eb dhe Medvegj\u00eb","isPartOf":{"@id":"https:\/\/kt.gov.rs\/#website"},"primaryImageOfPage":{"@id":"https:\/\/kt.gov.rs\/sq\/ne-borovc-perfundoi-grushti-i-rrufese2021\/#primaryimage"},"image":{"@id":"https:\/\/kt.gov.rs\/sq\/ne-borovc-perfundoi-grushti-i-rrufese2021\/#primaryimage"},"thumbnailUrl":"https:\/\/kt.gov.rs\/wp-content\/uploads\/2024\/07\/1624619083_25621_1-3.jpg","datePublished":"2021-06-25T00:00:00+00:00","dateModified":"2024-07-30T17:59:54+00:00","breadcrumb":{"@id":"https:\/\/kt.gov.rs\/sq\/ne-borovc-perfundoi-grushti-i-rrufese2021\/#breadcrumb"},"inLanguage":"sq-AL","potentialAction":[{"@type":"ReadAction","target":["https:\/\/kt.gov.rs\/sq\/ne-borovc-perfundoi-grushti-i-rrufese2021\/"]}]},{"@type":"ImageObject","inLanguage":"sq-AL","@id":"https:\/\/kt.gov.rs\/sq\/ne-borovc-perfundoi-grushti-i-rrufese2021\/#primaryimage","url":"https:\/\/kt.gov.rs\/wp-content\/uploads\/2024\/07\/1624619083_25621_1-3.jpg","contentUrl":"https:\/\/kt.gov.rs\/wp-content\/uploads\/2024\/07\/1624619083_25621_1-3.jpg","width":315,"height":230},{"@type":"BreadcrumbList","@id":"https:\/\/kt.gov.rs\/sq\/ne-borovc-perfundoi-grushti-i-rrufese2021\/#breadcrumb","itemListElement":[{"@type":"ListItem","position":1,"name":"\u041f\u043e\u0447\u0435\u0442\u043d\u0430","item":"https:\/\/kt.gov.rs\/sq\/"},{"@type":"ListItem","position":2,"name":"N\u00cb BOROVC P\u00cbRFUNDOI\u201dGRUSHTI I RRUFES\u00cb2021\u201d"}]},{"@type":"WebSite","@id":"https:\/\/kt.gov.rs\/#website","url":"https:\/\/kt.gov.rs\/","name":"\u041a\u043e\u043e\u0440\u0434\u0438\u043d\u0430\u0446\u0438\u043e\u043d\u043e \u0442\u0435\u043b\u043e \u0412\u043b\u0430\u0434\u0435 \u0420\u0435\u043f\u0443\u0431\u043b\u0438\u043a\u0435 \u0421\u0440\u0431\u0438\u0458\u0435 \u0437\u0430 \u043e\u043f\u0448\u0442\u0438\u043d\u0435 \u041f\u0440\u0435\u0448\u0435\u0432\u043e, \u0411\u0443\u0458\u0430\u043d\u043e\u0432\u0430\u0446 \u0438 \u041c\u0435\u0434\u0432\u0435\u0452a","description":"","publisher":{"@id":"https:\/\/kt.gov.rs\/#organization"},"alternateName":"\u041a\u043e\u043e\u0440\u0434\u0438\u043d\u0430\u0446\u0438\u043e\u043d\u043e \u0442\u0435\u043b\u043e","potentialAction":[{"@type":"SearchAction","target":{"@type":"EntryPoint","urlTemplate":"https:\/\/kt.gov.rs\/?s={search_term_string}"},"query-input":{"@type":"PropertyValueSpecification","valueRequired":true,"valueName":"search_term_string"}}],"inLanguage":"sq-AL"},{"@type":"Organization","@id":"https:\/\/kt.gov.rs\/#organization","name":"\u041a\u043e\u043e\u0440\u0434\u0438\u043d\u0430\u0446\u0438\u043e\u043d\u043e \u0442\u0435\u043b\u043e \u0412\u043b\u0430\u0434\u0435 \u0420\u0435\u043f\u0443\u0431\u043b\u0438\u043a\u0435 \u0421\u0440\u0431\u0438\u0458\u0435 \u0437\u0430 \u043e\u043f\u0448\u0442\u0438\u043d\u0435 \u041f\u0440\u0435\u0448\u0435\u0432\u043e, \u0411\u0443\u0458\u0430\u043d\u043e\u0432\u0430\u0446 \u0438 \u041c\u0435\u0434\u0432\u0435\u0452a","alternateName":"\u041a\u043e\u043e\u0440\u0434\u0438\u043d\u0430\u0446\u0438\u043e\u043d\u043e \u0442\u0435\u043b\u043e","url":"https:\/\/kt.gov.rs\/","logo":{"@type":"ImageObject","inLanguage":"sq-AL","@id":"https:\/\/kt.gov.rs\/#\/schema\/logo\/image\/","url":"https:\/\/kt.gov.rs\/wp-content\/uploads\/2024\/12\/koord2.jpg","contentUrl":"https:\/\/kt.gov.rs\/wp-content\/uploads\/2024\/12\/koord2.jpg","width":640,"height":480,"caption":"\u041a\u043e\u043e\u0440\u0434\u0438\u043d\u0430\u0446\u0438\u043e\u043d\u043e \u0442\u0435\u043b\u043e \u0412\u043b\u0430\u0434\u0435 \u0420\u0435\u043f\u0443\u0431\u043b\u0438\u043a\u0435 \u0421\u0440\u0431\u0438\u0458\u0435 \u0437\u0430 \u043e\u043f\u0448\u0442\u0438\u043d\u0435 \u041f\u0440\u0435\u0448\u0435\u0432\u043e, \u0411\u0443\u0458\u0430\u043d\u043e\u0432\u0430\u0446 \u0438 \u041c\u0435\u0434\u0432\u0435\u0452a"},"image":{"@id":"https:\/\/kt.gov.rs\/#\/schema\/logo\/image\/"},"sameAs":["https:\/\/www.facebook.com\/SluzbaKoordinacionogTelaVladeRepublikeSrbije","https:\/\/x.com\/kt_gov","https:\/\/www.youtube.com\/@koordinacionotelo"]},{"@type":"Person","@id":"https:\/\/kt.gov.rs\/#\/schema\/person\/e426459ddb4173309103390602694571","name":"ktmin","image":{"@type":"ImageObject","inLanguage":"sq-AL","@id":"https:\/\/secure.gravatar.com\/avatar\/3985c961109853010c3fbc7ba30365bfba5db3dd6c525831d9c595c7525a615a?s=96&d=mm&r=g","url":"https:\/\/secure.gravatar.com\/avatar\/3985c961109853010c3fbc7ba30365bfba5db3dd6c525831d9c595c7525a615a?s=96&d=mm&r=g","contentUrl":"https:\/\/secure.gravatar.com\/avatar\/3985c961109853010c3fbc7ba30365bfba5db3dd6c525831d9c595c7525a615a?s=96&d=mm&r=g","caption":"ktmin"},"sameAs":["https:\/\/kt.gov.rs"],"url":"https:\/\/kt.gov.rs\/sq\/author\/ktmin\/"}]}},"_links":{"self":[{"href":"https:\/\/kt.gov.rs\/sq\/wp-json\/wp\/v2\/posts\/109475","targetHints":{"allow":["GET"]}}],"collection":[{"href":"https:\/\/kt.gov.rs\/sq\/wp-json\/wp\/v2\/posts"}],"about":[{"href":"https:\/\/kt.gov.rs\/sq\/wp-json\/wp\/v2\/types\/post"}],"author":[{"embeddable":true,"href":"https:\/\/kt.gov.rs\/sq\/wp-json\/wp\/v2\/users\/1"}],"replies":[{"embeddable":true,"href":"https:\/\/kt.gov.rs\/sq\/wp-json\/wp\/v2\/comments?post=109475"}],"version-history":[{"count":1,"href":"https:\/\/kt.gov.rs\/sq\/wp-json\/wp\/v2\/posts\/109475\/revisions"}],"predecessor-version":[{"id":109479,"href":"https:\/\/kt.gov.rs\/sq\/wp-json\/wp\/v2\/posts\/109475\/revisions\/109479"}],"wp:featuredmedia":[{"embeddable":true,"href":"https:\/\/kt.gov.rs\/sq\/wp-json\/wp\/v2\/media\/109480"}],"wp:attachment":[{"href":"https:\/\/kt.gov.rs\/sq\/wp-json\/wp\/v2\/media?parent=109475"}],"wp:term":[{"taxonomy":"category","embeddable":true,"href":"https:\/\/kt.gov.rs\/sq\/wp-json\/wp\/v2\/categories?post=109475"},{"taxonomy":"post_tag","embeddable":true,"href":"https:\/\/kt.gov.rs\/sq\/wp-json\/wp\/v2\/tags?post=109475"}],"curies":[{"name":"wp","href":"https:\/\/api.w.org\/{rel}","templated":true}]}}