{"id":109459,"date":"2021-06-23T00:00:00","date_gmt":"2021-06-23T00:00:00","guid":{"rendered":"http:\/\/kt.printandscreen.rs\/ministri-krkobabiq-ne-vidovdan-konkurs-per-ndarjen-e-shtepive-ne-fshatra\/"},"modified":"2024-07-30T17:59:52","modified_gmt":"2024-07-30T17:59:52","slug":"ministri-krkobabiq-ne-vidovdan-konkurs-per-ndarjen-e-shtepive-ne-fshatra","status":"publish","type":"post","link":"https:\/\/kt.gov.rs\/sq\/ministri-krkobabiq-ne-vidovdan-konkurs-per-ndarjen-e-shtepive-ne-fshatra\/","title":{"rendered":"MINISTRI KRKOBABIQ: N\u00cb VIDOVDAN KONKURS P\u00cbR NDARJEN E SHT\u00cbPIVE N\u00cb FSHATRA"},"content":{"rendered":"<p>\n\t<strong><img decoding=\"async\" alt=\"\" src=\"https:\/\/kt.gov.rs\/wp-content\/uploads\/2024\/07\/1624459744_230621_2-2.jpg\" style=\"width: 315px; height: 230px; float: left;\" \/>Beograd \u2013 Medvegj\u00eb<\/strong> \u2013 Ministri p\u00ebr kujdesin e fshatrave Milan Krkobabiq tha se m\u00eb 28 qershor, n\u00eb Vidovdan, do t\u00eb shpallet nj\u00eb konkurs p\u00ebr caktimin e sht\u00ebpive rurale p\u00ebr \u00e7iftet e reja t\u00eb martuara dhe deklaroi se shteti do t\u00eb jap\u00eb deri n\u00eb 1.2 milion dinar\u00eb p\u00ebr blerjen e sht\u00ebpive. Krkobabiq tha se ka rreth 200.000 sht\u00ebpi rurale t\u00eb braktisura me nj\u00eb kopsht n\u00eb Serbi, t\u00eb cilat jan\u00eb n\u00eb dispozicion t\u00eb fermer\u00ebve dhe t\u00eb rinjve q\u00eb duan t\u00eb q\u00ebndrojn\u00eb dhe t\u00eb jetojn\u00eb n\u00eb fshat.<\/p>\n<p>\n\t&quot;Qeveria duhet t\u00eb miratoj\u00eb nj\u00eb program mbi shp\u00ebrndarjen e fondeve dhe un\u00eb pres q\u00eb ftesa publike t\u00eb jet\u00eb n\u00eb Vidovdan, do t\u00eb jet\u00eb nj\u00eb simbolik\u00eb e bukur.&quot; Ne duam q\u00eb njer\u00ebzit nga Kosova dhe Metohia, Medvegja dhe Crna Trava, t\u00eb mos shkojn\u00eb n\u00eb Beograd dhe m\u00eb tej, por q\u00eb ajo rrug\u00eb t\u00eb shkoj\u00eb n\u00eb drejtim t\u00eb kund\u00ebrt, t\u00eb p\u00ebrpiqen t&#39;i mbajn\u00eb ata, &quot;tha Krkobabiq.<\/p>\n<p>\n\tAi deklaroi se ka shum\u00eb interes p\u00ebr blerjen e sht\u00ebpive rurale dhe se kushti i vet\u00ebm \u00ebsht\u00eb q\u00eb \u00e7iftet e martuara t\u00eb jen\u00eb deri n\u00eb 45 vje\u00e7. Krkobabic tha se ai pret q\u00eb fermer\u00ebt q\u00eb jetojn\u00eb n\u00eb familje t\u00eb p\u00ebrbashk\u00ebta dhe duan t\u00eb b\u00ebhen t\u00eb pavarur t\u00eb aplikojn\u00eb, por gjithashtu t\u00eb rinjt\u00eb q\u00eb jetojn\u00eb me familjet e tyre si qiramarr\u00ebs n\u00eb af\u00ebrsi t\u00eb qyteteve t\u00eb m\u00ebdha dhe t\u00eb cil\u00ebt nuk mund t\u00eb zgjidhin \u00e7\u00ebshtjen e strehimit me kredi bankare.<\/p>\n<p>\n\t&quot;Ne duam q\u00eb sht\u00ebpit\u00eb t&#39;u jepen atyre q\u00eb v\u00ebrtet duan t\u00eb jetojn\u00eb n\u00eb to. L\u00ebrini fermer\u00ebt t\u00eb pyesin n\u00ebse ka sht\u00ebpi t\u00eb zbraz\u00ebta n\u00eb zon\u00ebn e tyre dhe vet\u00ebqeverisjet lokale duhet t\u00eb b\u00ebjn\u00eb nj\u00eb vler\u00ebsim, &quot;shpjegoi Krkobabic.<\/p>\n<p>\n\tAi p\u00ebrs\u00ebriti se plani i investimeve p\u00ebr Serbin\u00eb 2020-2025 \u00ebsht\u00eb nj\u00eb parakusht p\u00ebr mbijetes\u00ebn e fshatrave n\u00eb Serbi dhe se pa at\u00eb plan, p\u00ebrpjekjet e komitetit t\u00eb fshatit, SANU dhe Ministris\u00eb s\u00eb kujdesit p\u00ebr fshatra do t\u00eb mbeteshin pa u realizuar.<\/p>\n<p>\n\t&quot;Ato jan\u00eb gj\u00ebra kapitale q\u00eb kushtojn\u00eb para, dhe komunat nuk kan\u00eb shum\u00eb para. Pa ndihm\u00ebn e Republik\u00ebs dhe alokimin e fondeve t\u00eb m\u00ebdha, nuk do t\u00eb ket\u00eb p\u00ebrparim \u201d, shtoi Krkobabi\u0107.<\/p>\n<p>\n\t<strong>Burimi: Hepi tv dhe Trupu koordinues<\/strong><\/p>\n<p>\n\t\u00a0<\/p>\n","protected":false},"excerpt":{"rendered":"<p>Beograd \u2013 Medvegj\u00eb\u00a0\u2013 Ministri p\u00ebr kujdesin e fshatrave Milan Krkobabiq tha se m\u00eb 28 qershor, n\u00eb Vidovdan, do t\u00eb shpallet nj\u00eb konkurs p\u00ebr caktimin e sht\u00ebpive rurale p\u00ebr \u00e7iftet e reja t\u00eb martuara dhe deklaroi se shteti do t\u00eb jap\u00eb deri n\u00eb 1.2 milion dinar\u00eb p\u00ebr blerjen e sht\u00ebpive.<\/p>\n","protected":false},"author":1,"featured_media":109464,"comment_status":"closed","ping_status":"closed","sticky":false,"template":"","format":"standard","meta":{"footnotes":""},"categories":[55],"tags":[],"class_list":["post-109459","post","type-post","status-publish","format-standard","has-post-thumbnail","hentry","category-lajme"],"yoast_head":"<!-- This site is optimized with the Yoast SEO plugin v27.5 - https:\/\/yoast.com\/product\/yoast-seo-wordpress\/ -->\n<title>MINISTRI KRKOBABIQ: N\u00cb VIDOVDAN KONKURS P\u00cbR NDARJEN E SHT\u00cbPIVE N\u00cb FSHATRA - Republika e S\u00ebrbis\u00eb Trupi Koordinues p\u00ebr komunat Bujanoc, Preshev\u00eb dhe Medvegj\u00eb<\/title>\n<meta name=\"robots\" content=\"index, follow, max-snippet:-1, max-image-preview:large, max-video-preview:-1\" \/>\n<link rel=\"canonical\" href=\"https:\/\/kt.gov.rs\/sq\/ministri-krkobabiq-ne-vidovdan-konkurs-per-ndarjen-e-shtepive-ne-fshatra\/\" \/>\n<meta property=\"og:locale\" content=\"sq_AL\" \/>\n<meta property=\"og:type\" content=\"article\" \/>\n<meta property=\"og:title\" content=\"MINISTRI KRKOBABIQ: N\u00cb VIDOVDAN KONKURS P\u00cbR NDARJEN E SHT\u00cbPIVE N\u00cb FSHATRA - Republika e S\u00ebrbis\u00eb Trupi Koordinues p\u00ebr komunat Bujanoc, Preshev\u00eb dhe Medvegj\u00eb\" \/>\n<meta property=\"og:description\" content=\"Beograd - Medvegj\u00eb\u00a0- Ministri p\u00ebr kujdesin e fshatrave Milan Krkobabiq tha se m\u00eb 28 qershor, n\u00eb Vidovdan, do t\u00eb shpallet nj\u00eb konkurs p\u00ebr caktimin e sht\u00ebpive rurale p\u00ebr \u00e7iftet e reja t\u00eb martuara dhe deklaroi se shteti do t\u00eb jap\u00eb deri n\u00eb 1.2 milion dinar\u00eb p\u00ebr blerjen e sht\u00ebpive.\" \/>\n<meta property=\"og:url\" content=\"https:\/\/kt.gov.rs\/sq\/ministri-krkobabiq-ne-vidovdan-konkurs-per-ndarjen-e-shtepive-ne-fshatra\/\" \/>\n<meta property=\"og:site_name\" content=\"Republika e S\u00ebrbis\u00eb Trupi Koordinues p\u00ebr komunat Bujanoc, Preshev\u00eb dhe Medvegj\u00eb\" \/>\n<meta property=\"article:publisher\" content=\"https:\/\/www.facebook.com\/SluzbaKoordinacionogTelaVladeRepublikeSrbije\" \/>\n<meta property=\"article:published_time\" content=\"2021-06-23T00:00:00+00:00\" \/>\n<meta property=\"article:modified_time\" content=\"2024-07-30T17:59:52+00:00\" \/>\n<meta property=\"og:image\" content=\"https:\/\/kt.gov.rs\/wp-content\/uploads\/2024\/07\/1624459744_230621_2-3.jpg\" \/>\n\t<meta property=\"og:image:width\" content=\"315\" \/>\n\t<meta property=\"og:image:height\" content=\"230\" \/>\n\t<meta property=\"og:image:type\" content=\"image\/jpeg\" \/>\n<meta name=\"author\" content=\"ktmin\" \/>\n<meta name=\"twitter:card\" content=\"summary_large_image\" \/>\n<meta name=\"twitter:creator\" content=\"@kt_gov\" \/>\n<meta name=\"twitter:site\" content=\"@kt_gov\" \/>\n<meta name=\"twitter:label1\" content=\"Written by\" \/>\n\t<meta name=\"twitter:data1\" content=\"ktmin\" \/>\n\t<meta name=\"twitter:label2\" content=\"Est. reading time\" \/>\n\t<meta name=\"twitter:data2\" content=\"3 minutes\" \/>\n<script type=\"application\/ld+json\" class=\"yoast-schema-graph\">{\"@context\":\"https:\\\/\\\/schema.org\",\"@graph\":[{\"@type\":\"Article\",\"@id\":\"https:\\\/\\\/kt.gov.rs\\\/sq\\\/ministri-krkobabiq-ne-vidovdan-konkurs-per-ndarjen-e-shtepive-ne-fshatra\\\/#article\",\"isPartOf\":{\"@id\":\"https:\\\/\\\/kt.gov.rs\\\/sq\\\/ministri-krkobabiq-ne-vidovdan-konkurs-per-ndarjen-e-shtepive-ne-fshatra\\\/\"},\"author\":{\"name\":\"ktmin\",\"@id\":\"https:\\\/\\\/kt.gov.rs\\\/#\\\/schema\\\/person\\\/e426459ddb4173309103390602694571\"},\"headline\":\"MINISTRI KRKOBABIQ: N\u00cb VIDOVDAN KONKURS P\u00cbR NDARJEN E SHT\u00cbPIVE N\u00cb FSHATRA\",\"datePublished\":\"2021-06-23T00:00:00+00:00\",\"dateModified\":\"2024-07-30T17:59:52+00:00\",\"mainEntityOfPage\":{\"@id\":\"https:\\\/\\\/kt.gov.rs\\\/sq\\\/ministri-krkobabiq-ne-vidovdan-konkurs-per-ndarjen-e-shtepive-ne-fshatra\\\/\"},\"wordCount\":563,\"publisher\":{\"@id\":\"https:\\\/\\\/kt.gov.rs\\\/#organization\"},\"image\":{\"@id\":\"https:\\\/\\\/kt.gov.rs\\\/sq\\\/ministri-krkobabiq-ne-vidovdan-konkurs-per-ndarjen-e-shtepive-ne-fshatra\\\/#primaryimage\"},\"thumbnailUrl\":\"https:\\\/\\\/kt.gov.rs\\\/wp-content\\\/uploads\\\/2024\\\/07\\\/1624459744_230621_2-3.jpg\",\"articleSection\":[\"Lajme\"],\"inLanguage\":\"sq-AL\"},{\"@type\":\"WebPage\",\"@id\":\"https:\\\/\\\/kt.gov.rs\\\/sq\\\/ministri-krkobabiq-ne-vidovdan-konkurs-per-ndarjen-e-shtepive-ne-fshatra\\\/\",\"url\":\"https:\\\/\\\/kt.gov.rs\\\/sq\\\/ministri-krkobabiq-ne-vidovdan-konkurs-per-ndarjen-e-shtepive-ne-fshatra\\\/\",\"name\":\"MINISTRI KRKOBABIQ: N\u00cb VIDOVDAN KONKURS P\u00cbR NDARJEN E SHT\u00cbPIVE N\u00cb FSHATRA - Republika e S\u00ebrbis\u00eb Trupi Koordinues p\u00ebr komunat Bujanoc, Preshev\u00eb dhe Medvegj\u00eb\",\"isPartOf\":{\"@id\":\"https:\\\/\\\/kt.gov.rs\\\/#website\"},\"primaryImageOfPage\":{\"@id\":\"https:\\\/\\\/kt.gov.rs\\\/sq\\\/ministri-krkobabiq-ne-vidovdan-konkurs-per-ndarjen-e-shtepive-ne-fshatra\\\/#primaryimage\"},\"image\":{\"@id\":\"https:\\\/\\\/kt.gov.rs\\\/sq\\\/ministri-krkobabiq-ne-vidovdan-konkurs-per-ndarjen-e-shtepive-ne-fshatra\\\/#primaryimage\"},\"thumbnailUrl\":\"https:\\\/\\\/kt.gov.rs\\\/wp-content\\\/uploads\\\/2024\\\/07\\\/1624459744_230621_2-3.jpg\",\"datePublished\":\"2021-06-23T00:00:00+00:00\",\"dateModified\":\"2024-07-30T17:59:52+00:00\",\"breadcrumb\":{\"@id\":\"https:\\\/\\\/kt.gov.rs\\\/sq\\\/ministri-krkobabiq-ne-vidovdan-konkurs-per-ndarjen-e-shtepive-ne-fshatra\\\/#breadcrumb\"},\"inLanguage\":\"sq-AL\",\"potentialAction\":[{\"@type\":\"ReadAction\",\"target\":[\"https:\\\/\\\/kt.gov.rs\\\/sq\\\/ministri-krkobabiq-ne-vidovdan-konkurs-per-ndarjen-e-shtepive-ne-fshatra\\\/\"]}]},{\"@type\":\"ImageObject\",\"inLanguage\":\"sq-AL\",\"@id\":\"https:\\\/\\\/kt.gov.rs\\\/sq\\\/ministri-krkobabiq-ne-vidovdan-konkurs-per-ndarjen-e-shtepive-ne-fshatra\\\/#primaryimage\",\"url\":\"https:\\\/\\\/kt.gov.rs\\\/wp-content\\\/uploads\\\/2024\\\/07\\\/1624459744_230621_2-3.jpg\",\"contentUrl\":\"https:\\\/\\\/kt.gov.rs\\\/wp-content\\\/uploads\\\/2024\\\/07\\\/1624459744_230621_2-3.jpg\",\"width\":315,\"height\":230},{\"@type\":\"BreadcrumbList\",\"@id\":\"https:\\\/\\\/kt.gov.rs\\\/sq\\\/ministri-krkobabiq-ne-vidovdan-konkurs-per-ndarjen-e-shtepive-ne-fshatra\\\/#breadcrumb\",\"itemListElement\":[{\"@type\":\"ListItem\",\"position\":1,\"name\":\"\u041f\u043e\u0447\u0435\u0442\u043d\u0430\",\"item\":\"https:\\\/\\\/kt.gov.rs\\\/sq\\\/\"},{\"@type\":\"ListItem\",\"position\":2,\"name\":\"MINISTRI KRKOBABIQ: N\u00cb VIDOVDAN KONKURS P\u00cbR NDARJEN E SHT\u00cbPIVE N\u00cb FSHATRA\"}]},{\"@type\":\"WebSite\",\"@id\":\"https:\\\/\\\/kt.gov.rs\\\/#website\",\"url\":\"https:\\\/\\\/kt.gov.rs\\\/\",\"name\":\"\u041a\u043e\u043e\u0440\u0434\u0438\u043d\u0430\u0446\u0438\u043e\u043d\u043e \u0442\u0435\u043b\u043e \u0412\u043b\u0430\u0434\u0435 \u0420\u0435\u043f\u0443\u0431\u043b\u0438\u043a\u0435 \u0421\u0440\u0431\u0438\u0458\u0435 \u0437\u0430 \u043e\u043f\u0448\u0442\u0438\u043d\u0435 \u041f\u0440\u0435\u0448\u0435\u0432\u043e, \u0411\u0443\u0458\u0430\u043d\u043e\u0432\u0430\u0446 \u0438 \u041c\u0435\u0434\u0432\u0435\u0452a\",\"description\":\"\",\"publisher\":{\"@id\":\"https:\\\/\\\/kt.gov.rs\\\/#organization\"},\"alternateName\":\"\u041a\u043e\u043e\u0440\u0434\u0438\u043d\u0430\u0446\u0438\u043e\u043d\u043e \u0442\u0435\u043b\u043e\",\"potentialAction\":[{\"@type\":\"SearchAction\",\"target\":{\"@type\":\"EntryPoint\",\"urlTemplate\":\"https:\\\/\\\/kt.gov.rs\\\/?s={search_term_string}\"},\"query-input\":{\"@type\":\"PropertyValueSpecification\",\"valueRequired\":true,\"valueName\":\"search_term_string\"}}],\"inLanguage\":\"sq-AL\"},{\"@type\":\"Organization\",\"@id\":\"https:\\\/\\\/kt.gov.rs\\\/#organization\",\"name\":\"\u041a\u043e\u043e\u0440\u0434\u0438\u043d\u0430\u0446\u0438\u043e\u043d\u043e \u0442\u0435\u043b\u043e \u0412\u043b\u0430\u0434\u0435 \u0420\u0435\u043f\u0443\u0431\u043b\u0438\u043a\u0435 \u0421\u0440\u0431\u0438\u0458\u0435 \u0437\u0430 \u043e\u043f\u0448\u0442\u0438\u043d\u0435 \u041f\u0440\u0435\u0448\u0435\u0432\u043e, \u0411\u0443\u0458\u0430\u043d\u043e\u0432\u0430\u0446 \u0438 \u041c\u0435\u0434\u0432\u0435\u0452a\",\"alternateName\":\"\u041a\u043e\u043e\u0440\u0434\u0438\u043d\u0430\u0446\u0438\u043e\u043d\u043e \u0442\u0435\u043b\u043e\",\"url\":\"https:\\\/\\\/kt.gov.rs\\\/\",\"logo\":{\"@type\":\"ImageObject\",\"inLanguage\":\"sq-AL\",\"@id\":\"https:\\\/\\\/kt.gov.rs\\\/#\\\/schema\\\/logo\\\/image\\\/\",\"url\":\"https:\\\/\\\/kt.gov.rs\\\/wp-content\\\/uploads\\\/2024\\\/12\\\/koord2.jpg\",\"contentUrl\":\"https:\\\/\\\/kt.gov.rs\\\/wp-content\\\/uploads\\\/2024\\\/12\\\/koord2.jpg\",\"width\":640,\"height\":480,\"caption\":\"\u041a\u043e\u043e\u0440\u0434\u0438\u043d\u0430\u0446\u0438\u043e\u043d\u043e \u0442\u0435\u043b\u043e \u0412\u043b\u0430\u0434\u0435 \u0420\u0435\u043f\u0443\u0431\u043b\u0438\u043a\u0435 \u0421\u0440\u0431\u0438\u0458\u0435 \u0437\u0430 \u043e\u043f\u0448\u0442\u0438\u043d\u0435 \u041f\u0440\u0435\u0448\u0435\u0432\u043e, \u0411\u0443\u0458\u0430\u043d\u043e\u0432\u0430\u0446 \u0438 \u041c\u0435\u0434\u0432\u0435\u0452a\"},\"image\":{\"@id\":\"https:\\\/\\\/kt.gov.rs\\\/#\\\/schema\\\/logo\\\/image\\\/\"},\"sameAs\":[\"https:\\\/\\\/www.facebook.com\\\/SluzbaKoordinacionogTelaVladeRepublikeSrbije\",\"https:\\\/\\\/x.com\\\/kt_gov\",\"https:\\\/\\\/www.youtube.com\\\/@koordinacionotelo\"]},{\"@type\":\"Person\",\"@id\":\"https:\\\/\\\/kt.gov.rs\\\/#\\\/schema\\\/person\\\/e426459ddb4173309103390602694571\",\"name\":\"ktmin\",\"image\":{\"@type\":\"ImageObject\",\"inLanguage\":\"sq-AL\",\"@id\":\"https:\\\/\\\/secure.gravatar.com\\\/avatar\\\/3985c961109853010c3fbc7ba30365bfba5db3dd6c525831d9c595c7525a615a?s=96&d=mm&r=g\",\"url\":\"https:\\\/\\\/secure.gravatar.com\\\/avatar\\\/3985c961109853010c3fbc7ba30365bfba5db3dd6c525831d9c595c7525a615a?s=96&d=mm&r=g\",\"contentUrl\":\"https:\\\/\\\/secure.gravatar.com\\\/avatar\\\/3985c961109853010c3fbc7ba30365bfba5db3dd6c525831d9c595c7525a615a?s=96&d=mm&r=g\",\"caption\":\"ktmin\"},\"sameAs\":[\"https:\\\/\\\/kt.gov.rs\"],\"url\":\"https:\\\/\\\/kt.gov.rs\\\/sq\\\/author\\\/ktmin\\\/\"}]}<\/script>\n<!-- \/ Yoast SEO plugin. -->","yoast_head_json":{"title":"MINISTRI KRKOBABIQ: N\u00cb VIDOVDAN KONKURS P\u00cbR NDARJEN E SHT\u00cbPIVE N\u00cb FSHATRA - Republika e S\u00ebrbis\u00eb Trupi Koordinues p\u00ebr komunat Bujanoc, Preshev\u00eb dhe Medvegj\u00eb","robots":{"index":"index","follow":"follow","max-snippet":"max-snippet:-1","max-image-preview":"max-image-preview:large","max-video-preview":"max-video-preview:-1"},"canonical":"https:\/\/kt.gov.rs\/sq\/ministri-krkobabiq-ne-vidovdan-konkurs-per-ndarjen-e-shtepive-ne-fshatra\/","og_locale":"sq_AL","og_type":"article","og_title":"MINISTRI KRKOBABIQ: N\u00cb VIDOVDAN KONKURS P\u00cbR NDARJEN E SHT\u00cbPIVE N\u00cb FSHATRA - Republika e S\u00ebrbis\u00eb Trupi Koordinues p\u00ebr komunat Bujanoc, Preshev\u00eb dhe Medvegj\u00eb","og_description":"Beograd - Medvegj\u00eb\u00a0- Ministri p\u00ebr kujdesin e fshatrave Milan Krkobabiq tha se m\u00eb 28 qershor, n\u00eb Vidovdan, do t\u00eb shpallet nj\u00eb konkurs p\u00ebr caktimin e sht\u00ebpive rurale p\u00ebr \u00e7iftet e reja t\u00eb martuara dhe deklaroi se shteti do t\u00eb jap\u00eb deri n\u00eb 1.2 milion dinar\u00eb p\u00ebr blerjen e sht\u00ebpive.","og_url":"https:\/\/kt.gov.rs\/sq\/ministri-krkobabiq-ne-vidovdan-konkurs-per-ndarjen-e-shtepive-ne-fshatra\/","og_site_name":"Republika e S\u00ebrbis\u00eb Trupi Koordinues p\u00ebr komunat Bujanoc, Preshev\u00eb dhe Medvegj\u00eb","article_publisher":"https:\/\/www.facebook.com\/SluzbaKoordinacionogTelaVladeRepublikeSrbije","article_published_time":"2021-06-23T00:00:00+00:00","article_modified_time":"2024-07-30T17:59:52+00:00","og_image":[{"width":315,"height":230,"url":"https:\/\/kt.gov.rs\/wp-content\/uploads\/2024\/07\/1624459744_230621_2-3.jpg","type":"image\/jpeg"}],"author":"ktmin","twitter_card":"summary_large_image","twitter_creator":"@kt_gov","twitter_site":"@kt_gov","twitter_misc":{"Written by":"ktmin","Est. reading time":"3 minutes"},"schema":{"@context":"https:\/\/schema.org","@graph":[{"@type":"Article","@id":"https:\/\/kt.gov.rs\/sq\/ministri-krkobabiq-ne-vidovdan-konkurs-per-ndarjen-e-shtepive-ne-fshatra\/#article","isPartOf":{"@id":"https:\/\/kt.gov.rs\/sq\/ministri-krkobabiq-ne-vidovdan-konkurs-per-ndarjen-e-shtepive-ne-fshatra\/"},"author":{"name":"ktmin","@id":"https:\/\/kt.gov.rs\/#\/schema\/person\/e426459ddb4173309103390602694571"},"headline":"MINISTRI KRKOBABIQ: N\u00cb VIDOVDAN KONKURS P\u00cbR NDARJEN E SHT\u00cbPIVE N\u00cb FSHATRA","datePublished":"2021-06-23T00:00:00+00:00","dateModified":"2024-07-30T17:59:52+00:00","mainEntityOfPage":{"@id":"https:\/\/kt.gov.rs\/sq\/ministri-krkobabiq-ne-vidovdan-konkurs-per-ndarjen-e-shtepive-ne-fshatra\/"},"wordCount":563,"publisher":{"@id":"https:\/\/kt.gov.rs\/#organization"},"image":{"@id":"https:\/\/kt.gov.rs\/sq\/ministri-krkobabiq-ne-vidovdan-konkurs-per-ndarjen-e-shtepive-ne-fshatra\/#primaryimage"},"thumbnailUrl":"https:\/\/kt.gov.rs\/wp-content\/uploads\/2024\/07\/1624459744_230621_2-3.jpg","articleSection":["Lajme"],"inLanguage":"sq-AL"},{"@type":"WebPage","@id":"https:\/\/kt.gov.rs\/sq\/ministri-krkobabiq-ne-vidovdan-konkurs-per-ndarjen-e-shtepive-ne-fshatra\/","url":"https:\/\/kt.gov.rs\/sq\/ministri-krkobabiq-ne-vidovdan-konkurs-per-ndarjen-e-shtepive-ne-fshatra\/","name":"MINISTRI KRKOBABIQ: N\u00cb VIDOVDAN KONKURS P\u00cbR NDARJEN E SHT\u00cbPIVE N\u00cb FSHATRA - Republika e S\u00ebrbis\u00eb Trupi Koordinues p\u00ebr komunat Bujanoc, Preshev\u00eb dhe Medvegj\u00eb","isPartOf":{"@id":"https:\/\/kt.gov.rs\/#website"},"primaryImageOfPage":{"@id":"https:\/\/kt.gov.rs\/sq\/ministri-krkobabiq-ne-vidovdan-konkurs-per-ndarjen-e-shtepive-ne-fshatra\/#primaryimage"},"image":{"@id":"https:\/\/kt.gov.rs\/sq\/ministri-krkobabiq-ne-vidovdan-konkurs-per-ndarjen-e-shtepive-ne-fshatra\/#primaryimage"},"thumbnailUrl":"https:\/\/kt.gov.rs\/wp-content\/uploads\/2024\/07\/1624459744_230621_2-3.jpg","datePublished":"2021-06-23T00:00:00+00:00","dateModified":"2024-07-30T17:59:52+00:00","breadcrumb":{"@id":"https:\/\/kt.gov.rs\/sq\/ministri-krkobabiq-ne-vidovdan-konkurs-per-ndarjen-e-shtepive-ne-fshatra\/#breadcrumb"},"inLanguage":"sq-AL","potentialAction":[{"@type":"ReadAction","target":["https:\/\/kt.gov.rs\/sq\/ministri-krkobabiq-ne-vidovdan-konkurs-per-ndarjen-e-shtepive-ne-fshatra\/"]}]},{"@type":"ImageObject","inLanguage":"sq-AL","@id":"https:\/\/kt.gov.rs\/sq\/ministri-krkobabiq-ne-vidovdan-konkurs-per-ndarjen-e-shtepive-ne-fshatra\/#primaryimage","url":"https:\/\/kt.gov.rs\/wp-content\/uploads\/2024\/07\/1624459744_230621_2-3.jpg","contentUrl":"https:\/\/kt.gov.rs\/wp-content\/uploads\/2024\/07\/1624459744_230621_2-3.jpg","width":315,"height":230},{"@type":"BreadcrumbList","@id":"https:\/\/kt.gov.rs\/sq\/ministri-krkobabiq-ne-vidovdan-konkurs-per-ndarjen-e-shtepive-ne-fshatra\/#breadcrumb","itemListElement":[{"@type":"ListItem","position":1,"name":"\u041f\u043e\u0447\u0435\u0442\u043d\u0430","item":"https:\/\/kt.gov.rs\/sq\/"},{"@type":"ListItem","position":2,"name":"MINISTRI KRKOBABIQ: N\u00cb VIDOVDAN KONKURS P\u00cbR NDARJEN E SHT\u00cbPIVE N\u00cb FSHATRA"}]},{"@type":"WebSite","@id":"https:\/\/kt.gov.rs\/#website","url":"https:\/\/kt.gov.rs\/","name":"\u041a\u043e\u043e\u0440\u0434\u0438\u043d\u0430\u0446\u0438\u043e\u043d\u043e \u0442\u0435\u043b\u043e \u0412\u043b\u0430\u0434\u0435 \u0420\u0435\u043f\u0443\u0431\u043b\u0438\u043a\u0435 \u0421\u0440\u0431\u0438\u0458\u0435 \u0437\u0430 \u043e\u043f\u0448\u0442\u0438\u043d\u0435 \u041f\u0440\u0435\u0448\u0435\u0432\u043e, \u0411\u0443\u0458\u0430\u043d\u043e\u0432\u0430\u0446 \u0438 \u041c\u0435\u0434\u0432\u0435\u0452a","description":"","publisher":{"@id":"https:\/\/kt.gov.rs\/#organization"},"alternateName":"\u041a\u043e\u043e\u0440\u0434\u0438\u043d\u0430\u0446\u0438\u043e\u043d\u043e \u0442\u0435\u043b\u043e","potentialAction":[{"@type":"SearchAction","target":{"@type":"EntryPoint","urlTemplate":"https:\/\/kt.gov.rs\/?s={search_term_string}"},"query-input":{"@type":"PropertyValueSpecification","valueRequired":true,"valueName":"search_term_string"}}],"inLanguage":"sq-AL"},{"@type":"Organization","@id":"https:\/\/kt.gov.rs\/#organization","name":"\u041a\u043e\u043e\u0440\u0434\u0438\u043d\u0430\u0446\u0438\u043e\u043d\u043e \u0442\u0435\u043b\u043e \u0412\u043b\u0430\u0434\u0435 \u0420\u0435\u043f\u0443\u0431\u043b\u0438\u043a\u0435 \u0421\u0440\u0431\u0438\u0458\u0435 \u0437\u0430 \u043e\u043f\u0448\u0442\u0438\u043d\u0435 \u041f\u0440\u0435\u0448\u0435\u0432\u043e, \u0411\u0443\u0458\u0430\u043d\u043e\u0432\u0430\u0446 \u0438 \u041c\u0435\u0434\u0432\u0435\u0452a","alternateName":"\u041a\u043e\u043e\u0440\u0434\u0438\u043d\u0430\u0446\u0438\u043e\u043d\u043e \u0442\u0435\u043b\u043e","url":"https:\/\/kt.gov.rs\/","logo":{"@type":"ImageObject","inLanguage":"sq-AL","@id":"https:\/\/kt.gov.rs\/#\/schema\/logo\/image\/","url":"https:\/\/kt.gov.rs\/wp-content\/uploads\/2024\/12\/koord2.jpg","contentUrl":"https:\/\/kt.gov.rs\/wp-content\/uploads\/2024\/12\/koord2.jpg","width":640,"height":480,"caption":"\u041a\u043e\u043e\u0440\u0434\u0438\u043d\u0430\u0446\u0438\u043e\u043d\u043e \u0442\u0435\u043b\u043e \u0412\u043b\u0430\u0434\u0435 \u0420\u0435\u043f\u0443\u0431\u043b\u0438\u043a\u0435 \u0421\u0440\u0431\u0438\u0458\u0435 \u0437\u0430 \u043e\u043f\u0448\u0442\u0438\u043d\u0435 \u041f\u0440\u0435\u0448\u0435\u0432\u043e, \u0411\u0443\u0458\u0430\u043d\u043e\u0432\u0430\u0446 \u0438 \u041c\u0435\u0434\u0432\u0435\u0452a"},"image":{"@id":"https:\/\/kt.gov.rs\/#\/schema\/logo\/image\/"},"sameAs":["https:\/\/www.facebook.com\/SluzbaKoordinacionogTelaVladeRepublikeSrbije","https:\/\/x.com\/kt_gov","https:\/\/www.youtube.com\/@koordinacionotelo"]},{"@type":"Person","@id":"https:\/\/kt.gov.rs\/#\/schema\/person\/e426459ddb4173309103390602694571","name":"ktmin","image":{"@type":"ImageObject","inLanguage":"sq-AL","@id":"https:\/\/secure.gravatar.com\/avatar\/3985c961109853010c3fbc7ba30365bfba5db3dd6c525831d9c595c7525a615a?s=96&d=mm&r=g","url":"https:\/\/secure.gravatar.com\/avatar\/3985c961109853010c3fbc7ba30365bfba5db3dd6c525831d9c595c7525a615a?s=96&d=mm&r=g","contentUrl":"https:\/\/secure.gravatar.com\/avatar\/3985c961109853010c3fbc7ba30365bfba5db3dd6c525831d9c595c7525a615a?s=96&d=mm&r=g","caption":"ktmin"},"sameAs":["https:\/\/kt.gov.rs"],"url":"https:\/\/kt.gov.rs\/sq\/author\/ktmin\/"}]}},"_links":{"self":[{"href":"https:\/\/kt.gov.rs\/sq\/wp-json\/wp\/v2\/posts\/109459","targetHints":{"allow":["GET"]}}],"collection":[{"href":"https:\/\/kt.gov.rs\/sq\/wp-json\/wp\/v2\/posts"}],"about":[{"href":"https:\/\/kt.gov.rs\/sq\/wp-json\/wp\/v2\/types\/post"}],"author":[{"embeddable":true,"href":"https:\/\/kt.gov.rs\/sq\/wp-json\/wp\/v2\/users\/1"}],"replies":[{"embeddable":true,"href":"https:\/\/kt.gov.rs\/sq\/wp-json\/wp\/v2\/comments?post=109459"}],"version-history":[{"count":1,"href":"https:\/\/kt.gov.rs\/sq\/wp-json\/wp\/v2\/posts\/109459\/revisions"}],"predecessor-version":[{"id":109463,"href":"https:\/\/kt.gov.rs\/sq\/wp-json\/wp\/v2\/posts\/109459\/revisions\/109463"}],"wp:featuredmedia":[{"embeddable":true,"href":"https:\/\/kt.gov.rs\/sq\/wp-json\/wp\/v2\/media\/109464"}],"wp:attachment":[{"href":"https:\/\/kt.gov.rs\/sq\/wp-json\/wp\/v2\/media?parent=109459"}],"wp:term":[{"taxonomy":"category","embeddable":true,"href":"https:\/\/kt.gov.rs\/sq\/wp-json\/wp\/v2\/categories?post=109459"},{"taxonomy":"post_tag","embeddable":true,"href":"https:\/\/kt.gov.rs\/sq\/wp-json\/wp\/v2\/tags?post=109459"}],"curies":[{"name":"wp","href":"https:\/\/api.w.org\/{rel}","templated":true}]}}