{"id":109387,"date":"2021-07-08T00:00:00","date_gmt":"2021-07-08T00:00:00","guid":{"rendered":"http:\/\/kt.printandscreen.rs\/almiri-nga-bujanoci-ne-reprezentacionin-e-serbise\/"},"modified":"2024-07-30T17:59:45","modified_gmt":"2024-07-30T17:59:45","slug":"almiri-nga-bujanoci-ne-reprezentacionin-e-serbise","status":"publish","type":"post","link":"https:\/\/kt.gov.rs\/sq\/almiri-nga-bujanoci-ne-reprezentacionin-e-serbise\/","title":{"rendered":"ALMIRI NGA BUJANOCI N\u00cb REPREZENTACIONIN E SERBIS\u00cb"},"content":{"rendered":"<p>\n\t<strong><img decoding=\"async\" alt=\"\" src=\"https:\/\/kt.gov.rs\/wp-content\/uploads\/2024\/07\/1625744975_080721_1-2.jpg\" style=\"width: 315px; height: 230px; float: left;\" \/><\/strong><\/p>\n<p>\n\t<strong>Bujanoc \u2013 Beograd<\/strong> \u2013 Nj\u00eb i ri nga Bujanoci, Almir Asani, \u00ebsht\u00eb ftuar n\u00eb ekipin komb\u00ebtar serb t\u00eb basketbollit dhe q\u00eb nga sot ai \u00ebsht\u00eb n\u00eb kampin st\u00ebrvitor t\u00eb p\u00ebrzgjedhjes s\u00eb basketbollist\u00ebve m\u00eb t\u00eb mir\u00eb serb\u00eb n\u00ebn 15 vje\u00e7.<\/p>\n<p>\n\tSi\u00e7 thon\u00eb nga KB Play 017 nga Bujanoci, klubi nga i cili vjen, Almir \u00ebsht\u00eb i vetmi nga klubi q\u00eb arriti t\u00eb luftoj\u00eb p\u00ebr statusin e nj\u00eb an\u00ebtari t\u00eb ekipit komb\u00ebtar serb.<\/p>\n<p>\n\tAlmir do t\u00eb q\u00ebndroj\u00eb n\u00eb kampin st\u00ebrvitor t\u00eb ekipit komb\u00ebtar serb n\u00eb Kralev\u00eb deri m\u00eb 17 korrik, s\u00eb bashku me rreth nj\u00ebzet lojtar\u00eb t\u00eb tjer\u00eb, dhe n\u00eb at\u00eb periudh\u00eb ai do t\u00eb luaj\u00eb disa ndeshje miq\u00ebsore.<\/p>\n<p>\n\t15-vje\u00e7ari i talentuar filloi me basketboll n\u00eb KB Play 017, ku kaloi 4 vjet, pas s\u00eb cil\u00ebs, n\u00eb mosh\u00ebn vet\u00ebm 12 vje\u00e7, n\u00eb vitin 2018 shkoi n\u00eb Itali, n\u00eb klubin \u201cOrange 1 basket\u201c n\u00eb qytetin e Basano Del Grappa.<\/p>\n<p>\n\t&quot;Almiri q\u00eb nga fillimi ishte nj\u00eb nga lojtar\u00ebt m\u00eb t\u00eb talentuar i mosh\u00ebs s\u00eb tij, \u00a0gj\u00eb q\u00eb rezultoi n\u00eb at\u00eb q\u00eb ai t\u00eb shkonte n\u00eb nj\u00eb nga klubet m\u00eb t\u00eb mira p\u00ebr zhvillimin e lojtar\u00ebve t\u00eb rinj n\u00eb Evrop\u00eb. Ai vazhdoi t\u00eb punoj\u00eb shum\u00eb atje, duke lujtur \u00a0basketboll, por edhe duke ndjekur shkoll\u00ebn, nd\u00ebrsa ishte i vet\u00ebm &quot;, thot\u00eb Nenad Staji\u0107, njeriu i par\u00eb i KB Play 017.<\/p>\n<p>\n\tAlmiri tani \u00ebsht\u00eb i gjat\u00eb 199 cm, ai luan n\u00eb pozicionet 2 dhe 3, dhe n\u00ebse \u00ebsht\u00eb e nevojshme, ai \u00ebsht\u00eb gjithashtu i suksessh\u00ebm n\u00eb pozicionin 4.<\/p>\n<p>\n\tTrajneri i tij i par\u00eb ishte Dragan Mili\u0107. Staji\u0107 shtoi se Bujanoci duhet t\u00eb jet\u00eb krenar p\u00ebr suksesin e k\u00ebtij djali, sepse k\u00ebto jan\u00eb sukseset e vet\u00eb qytetit.<\/p>\n<p>\n\t&quot;Ai \u00ebsht\u00eb nj\u00eb tregues q\u00eb klubi yn\u00eb KB Play 017, i cili ekziston p\u00ebr gati 10 vjet, \u00ebsht\u00eb ambasadori m\u00eb i madh i qytetit ton\u00eb ndonj\u00ebher\u00eb,&quot; shton Staji\u0107.<\/p>\n<p>\n\t<strong>Burimi: Bujanova\u00e7ke dhe Trupi Koordinues<\/strong><\/p>\n<p>\n\t\u00a0<\/p>\n","protected":false},"excerpt":{"rendered":"<p>Bujanoc \u2013 Beograd\u00a0\u2013 Nj\u00eb i ri nga Bujanoci, Almir Asani, \u00ebsht\u00eb ftuar n\u00eb ekipin komb\u00ebtar serb t\u00eb basketbollit dhe q\u00eb nga sot ai \u00ebsht\u00eb n\u00eb kampin st\u00ebrvitor t\u00eb p\u00ebrzgjedhjes s\u00eb basketbollist\u00ebve m\u00eb t\u00eb mir\u00eb serb\u00eb n\u00ebn 15 vje\u00e7.<\/p>\n<p>\t\tBujanoc \u2013 Beograd\u00a0\u2013 Nj\u00eb i ri nga Bujanoci, Almir Asani, \u00ebsht\u00eb ftuar n\u00eb ekipin komb\u00ebtar serb t\u00eb basketbollit dhe q\u00eb nga sot ai \u00ebsht\u00eb n\u00eb kampin st\u00ebrvitor t\u00eb p\u00ebrzgjedhjes s\u00eb basketbollist\u00ebve m\u00eb t\u00eb mir\u00eb serb\u00eb n\u00ebn 15 vje\u00e7.<\/p>\n","protected":false},"author":1,"featured_media":109392,"comment_status":"closed","ping_status":"closed","sticky":false,"template":"","format":"standard","meta":{"footnotes":""},"categories":[55],"tags":[],"class_list":["post-109387","post","type-post","status-publish","format-standard","has-post-thumbnail","hentry","category-lajme"],"yoast_head":"<!-- This site is optimized with the Yoast SEO plugin v27.5 - https:\/\/yoast.com\/product\/yoast-seo-wordpress\/ -->\n<title>ALMIRI NGA BUJANOCI N\u00cb REPREZENTACIONIN E SERBIS\u00cb - Republika e S\u00ebrbis\u00eb Trupi Koordinues p\u00ebr komunat Bujanoc, Preshev\u00eb dhe Medvegj\u00eb<\/title>\n<meta name=\"robots\" content=\"index, follow, max-snippet:-1, max-image-preview:large, max-video-preview:-1\" \/>\n<link rel=\"canonical\" href=\"https:\/\/kt.gov.rs\/sq\/almiri-nga-bujanoci-ne-reprezentacionin-e-serbise\/\" \/>\n<meta property=\"og:locale\" content=\"sq_AL\" \/>\n<meta property=\"og:type\" content=\"article\" \/>\n<meta property=\"og:title\" content=\"ALMIRI NGA BUJANOCI N\u00cb REPREZENTACIONIN E SERBIS\u00cb - Republika e S\u00ebrbis\u00eb Trupi Koordinues p\u00ebr komunat Bujanoc, Preshev\u00eb dhe Medvegj\u00eb\" \/>\n<meta property=\"og:description\" content=\"Bujanoc - Beograd\u00a0- Nj\u00eb i ri nga Bujanoci, Almir Asani, \u00ebsht\u00eb ftuar n\u00eb ekipin komb\u00ebtar serb t\u00eb basketbollit dhe q\u00eb nga sot ai \u00ebsht\u00eb n\u00eb kampin st\u00ebrvitor t\u00eb p\u00ebrzgjedhjes s\u00eb basketbollist\u00ebve m\u00eb t\u00eb mir\u00eb serb\u00eb n\u00ebn 15 vje\u00e7.   Bujanoc - Beograd\u00a0- Nj\u00eb i ri nga Bujanoci, Almir Asani, \u00ebsht\u00eb ftuar n\u00eb ekipin komb\u00ebtar serb t\u00eb basketbollit dhe q\u00eb nga sot ai \u00ebsht\u00eb n\u00eb kampin st\u00ebrvitor t\u00eb p\u00ebrzgjedhjes s\u00eb basketbollist\u00ebve m\u00eb t\u00eb mir\u00eb serb\u00eb n\u00ebn 15 vje\u00e7.\" \/>\n<meta property=\"og:url\" content=\"https:\/\/kt.gov.rs\/sq\/almiri-nga-bujanoci-ne-reprezentacionin-e-serbise\/\" \/>\n<meta property=\"og:site_name\" content=\"Republika e S\u00ebrbis\u00eb Trupi Koordinues p\u00ebr komunat Bujanoc, Preshev\u00eb dhe Medvegj\u00eb\" \/>\n<meta property=\"article:publisher\" content=\"https:\/\/www.facebook.com\/SluzbaKoordinacionogTelaVladeRepublikeSrbije\" \/>\n<meta property=\"article:published_time\" content=\"2021-07-08T00:00:00+00:00\" \/>\n<meta property=\"article:modified_time\" content=\"2024-07-30T17:59:45+00:00\" \/>\n<meta property=\"og:image\" content=\"https:\/\/kt.gov.rs\/wp-content\/uploads\/2024\/07\/1625744975_080721_1-3.jpg\" \/>\n\t<meta property=\"og:image:width\" content=\"315\" \/>\n\t<meta property=\"og:image:height\" content=\"230\" \/>\n\t<meta property=\"og:image:type\" content=\"image\/jpeg\" \/>\n<meta name=\"author\" content=\"ktmin\" \/>\n<meta name=\"twitter:card\" content=\"summary_large_image\" \/>\n<meta name=\"twitter:creator\" content=\"@kt_gov\" \/>\n<meta name=\"twitter:site\" content=\"@kt_gov\" \/>\n<meta name=\"twitter:label1\" content=\"Written by\" \/>\n\t<meta name=\"twitter:data1\" content=\"ktmin\" \/>\n\t<meta name=\"twitter:label2\" content=\"Est. reading time\" \/>\n\t<meta name=\"twitter:data2\" content=\"2 minutes\" \/>\n<script type=\"application\/ld+json\" class=\"yoast-schema-graph\">{\"@context\":\"https:\\\/\\\/schema.org\",\"@graph\":[{\"@type\":\"Article\",\"@id\":\"https:\\\/\\\/kt.gov.rs\\\/sq\\\/almiri-nga-bujanoci-ne-reprezentacionin-e-serbise\\\/#article\",\"isPartOf\":{\"@id\":\"https:\\\/\\\/kt.gov.rs\\\/sq\\\/almiri-nga-bujanoci-ne-reprezentacionin-e-serbise\\\/\"},\"author\":{\"name\":\"ktmin\",\"@id\":\"https:\\\/\\\/kt.gov.rs\\\/#\\\/schema\\\/person\\\/e426459ddb4173309103390602694571\"},\"headline\":\"ALMIRI NGA BUJANOCI N\u00cb REPREZENTACIONIN E SERBIS\u00cb\",\"datePublished\":\"2021-07-08T00:00:00+00:00\",\"dateModified\":\"2024-07-30T17:59:45+00:00\",\"mainEntityOfPage\":{\"@id\":\"https:\\\/\\\/kt.gov.rs\\\/sq\\\/almiri-nga-bujanoci-ne-reprezentacionin-e-serbise\\\/\"},\"wordCount\":462,\"publisher\":{\"@id\":\"https:\\\/\\\/kt.gov.rs\\\/#organization\"},\"image\":{\"@id\":\"https:\\\/\\\/kt.gov.rs\\\/sq\\\/almiri-nga-bujanoci-ne-reprezentacionin-e-serbise\\\/#primaryimage\"},\"thumbnailUrl\":\"https:\\\/\\\/kt.gov.rs\\\/wp-content\\\/uploads\\\/2024\\\/07\\\/1625744975_080721_1-3.jpg\",\"articleSection\":[\"Lajme\"],\"inLanguage\":\"sq-AL\"},{\"@type\":\"WebPage\",\"@id\":\"https:\\\/\\\/kt.gov.rs\\\/sq\\\/almiri-nga-bujanoci-ne-reprezentacionin-e-serbise\\\/\",\"url\":\"https:\\\/\\\/kt.gov.rs\\\/sq\\\/almiri-nga-bujanoci-ne-reprezentacionin-e-serbise\\\/\",\"name\":\"ALMIRI NGA BUJANOCI N\u00cb REPREZENTACIONIN E SERBIS\u00cb - Republika e S\u00ebrbis\u00eb Trupi Koordinues p\u00ebr komunat Bujanoc, Preshev\u00eb dhe Medvegj\u00eb\",\"isPartOf\":{\"@id\":\"https:\\\/\\\/kt.gov.rs\\\/#website\"},\"primaryImageOfPage\":{\"@id\":\"https:\\\/\\\/kt.gov.rs\\\/sq\\\/almiri-nga-bujanoci-ne-reprezentacionin-e-serbise\\\/#primaryimage\"},\"image\":{\"@id\":\"https:\\\/\\\/kt.gov.rs\\\/sq\\\/almiri-nga-bujanoci-ne-reprezentacionin-e-serbise\\\/#primaryimage\"},\"thumbnailUrl\":\"https:\\\/\\\/kt.gov.rs\\\/wp-content\\\/uploads\\\/2024\\\/07\\\/1625744975_080721_1-3.jpg\",\"datePublished\":\"2021-07-08T00:00:00+00:00\",\"dateModified\":\"2024-07-30T17:59:45+00:00\",\"breadcrumb\":{\"@id\":\"https:\\\/\\\/kt.gov.rs\\\/sq\\\/almiri-nga-bujanoci-ne-reprezentacionin-e-serbise\\\/#breadcrumb\"},\"inLanguage\":\"sq-AL\",\"potentialAction\":[{\"@type\":\"ReadAction\",\"target\":[\"https:\\\/\\\/kt.gov.rs\\\/sq\\\/almiri-nga-bujanoci-ne-reprezentacionin-e-serbise\\\/\"]}]},{\"@type\":\"ImageObject\",\"inLanguage\":\"sq-AL\",\"@id\":\"https:\\\/\\\/kt.gov.rs\\\/sq\\\/almiri-nga-bujanoci-ne-reprezentacionin-e-serbise\\\/#primaryimage\",\"url\":\"https:\\\/\\\/kt.gov.rs\\\/wp-content\\\/uploads\\\/2024\\\/07\\\/1625744975_080721_1-3.jpg\",\"contentUrl\":\"https:\\\/\\\/kt.gov.rs\\\/wp-content\\\/uploads\\\/2024\\\/07\\\/1625744975_080721_1-3.jpg\",\"width\":315,\"height\":230},{\"@type\":\"BreadcrumbList\",\"@id\":\"https:\\\/\\\/kt.gov.rs\\\/sq\\\/almiri-nga-bujanoci-ne-reprezentacionin-e-serbise\\\/#breadcrumb\",\"itemListElement\":[{\"@type\":\"ListItem\",\"position\":1,\"name\":\"\u041f\u043e\u0447\u0435\u0442\u043d\u0430\",\"item\":\"https:\\\/\\\/kt.gov.rs\\\/sq\\\/\"},{\"@type\":\"ListItem\",\"position\":2,\"name\":\"ALMIRI NGA BUJANOCI N\u00cb REPREZENTACIONIN E SERBIS\u00cb\"}]},{\"@type\":\"WebSite\",\"@id\":\"https:\\\/\\\/kt.gov.rs\\\/#website\",\"url\":\"https:\\\/\\\/kt.gov.rs\\\/\",\"name\":\"\u041a\u043e\u043e\u0440\u0434\u0438\u043d\u0430\u0446\u0438\u043e\u043d\u043e \u0442\u0435\u043b\u043e \u0412\u043b\u0430\u0434\u0435 \u0420\u0435\u043f\u0443\u0431\u043b\u0438\u043a\u0435 \u0421\u0440\u0431\u0438\u0458\u0435 \u0437\u0430 \u043e\u043f\u0448\u0442\u0438\u043d\u0435 \u041f\u0440\u0435\u0448\u0435\u0432\u043e, \u0411\u0443\u0458\u0430\u043d\u043e\u0432\u0430\u0446 \u0438 \u041c\u0435\u0434\u0432\u0435\u0452a\",\"description\":\"\",\"publisher\":{\"@id\":\"https:\\\/\\\/kt.gov.rs\\\/#organization\"},\"alternateName\":\"\u041a\u043e\u043e\u0440\u0434\u0438\u043d\u0430\u0446\u0438\u043e\u043d\u043e \u0442\u0435\u043b\u043e\",\"potentialAction\":[{\"@type\":\"SearchAction\",\"target\":{\"@type\":\"EntryPoint\",\"urlTemplate\":\"https:\\\/\\\/kt.gov.rs\\\/?s={search_term_string}\"},\"query-input\":{\"@type\":\"PropertyValueSpecification\",\"valueRequired\":true,\"valueName\":\"search_term_string\"}}],\"inLanguage\":\"sq-AL\"},{\"@type\":\"Organization\",\"@id\":\"https:\\\/\\\/kt.gov.rs\\\/#organization\",\"name\":\"\u041a\u043e\u043e\u0440\u0434\u0438\u043d\u0430\u0446\u0438\u043e\u043d\u043e \u0442\u0435\u043b\u043e \u0412\u043b\u0430\u0434\u0435 \u0420\u0435\u043f\u0443\u0431\u043b\u0438\u043a\u0435 \u0421\u0440\u0431\u0438\u0458\u0435 \u0437\u0430 \u043e\u043f\u0448\u0442\u0438\u043d\u0435 \u041f\u0440\u0435\u0448\u0435\u0432\u043e, \u0411\u0443\u0458\u0430\u043d\u043e\u0432\u0430\u0446 \u0438 \u041c\u0435\u0434\u0432\u0435\u0452a\",\"alternateName\":\"\u041a\u043e\u043e\u0440\u0434\u0438\u043d\u0430\u0446\u0438\u043e\u043d\u043e \u0442\u0435\u043b\u043e\",\"url\":\"https:\\\/\\\/kt.gov.rs\\\/\",\"logo\":{\"@type\":\"ImageObject\",\"inLanguage\":\"sq-AL\",\"@id\":\"https:\\\/\\\/kt.gov.rs\\\/#\\\/schema\\\/logo\\\/image\\\/\",\"url\":\"https:\\\/\\\/kt.gov.rs\\\/wp-content\\\/uploads\\\/2024\\\/12\\\/koord2.jpg\",\"contentUrl\":\"https:\\\/\\\/kt.gov.rs\\\/wp-content\\\/uploads\\\/2024\\\/12\\\/koord2.jpg\",\"width\":640,\"height\":480,\"caption\":\"\u041a\u043e\u043e\u0440\u0434\u0438\u043d\u0430\u0446\u0438\u043e\u043d\u043e \u0442\u0435\u043b\u043e \u0412\u043b\u0430\u0434\u0435 \u0420\u0435\u043f\u0443\u0431\u043b\u0438\u043a\u0435 \u0421\u0440\u0431\u0438\u0458\u0435 \u0437\u0430 \u043e\u043f\u0448\u0442\u0438\u043d\u0435 \u041f\u0440\u0435\u0448\u0435\u0432\u043e, \u0411\u0443\u0458\u0430\u043d\u043e\u0432\u0430\u0446 \u0438 \u041c\u0435\u0434\u0432\u0435\u0452a\"},\"image\":{\"@id\":\"https:\\\/\\\/kt.gov.rs\\\/#\\\/schema\\\/logo\\\/image\\\/\"},\"sameAs\":[\"https:\\\/\\\/www.facebook.com\\\/SluzbaKoordinacionogTelaVladeRepublikeSrbije\",\"https:\\\/\\\/x.com\\\/kt_gov\",\"https:\\\/\\\/www.youtube.com\\\/@koordinacionotelo\"]},{\"@type\":\"Person\",\"@id\":\"https:\\\/\\\/kt.gov.rs\\\/#\\\/schema\\\/person\\\/e426459ddb4173309103390602694571\",\"name\":\"ktmin\",\"image\":{\"@type\":\"ImageObject\",\"inLanguage\":\"sq-AL\",\"@id\":\"https:\\\/\\\/secure.gravatar.com\\\/avatar\\\/3985c961109853010c3fbc7ba30365bfba5db3dd6c525831d9c595c7525a615a?s=96&d=mm&r=g\",\"url\":\"https:\\\/\\\/secure.gravatar.com\\\/avatar\\\/3985c961109853010c3fbc7ba30365bfba5db3dd6c525831d9c595c7525a615a?s=96&d=mm&r=g\",\"contentUrl\":\"https:\\\/\\\/secure.gravatar.com\\\/avatar\\\/3985c961109853010c3fbc7ba30365bfba5db3dd6c525831d9c595c7525a615a?s=96&d=mm&r=g\",\"caption\":\"ktmin\"},\"sameAs\":[\"https:\\\/\\\/kt.gov.rs\"],\"url\":\"https:\\\/\\\/kt.gov.rs\\\/sq\\\/author\\\/ktmin\\\/\"}]}<\/script>\n<!-- \/ Yoast SEO plugin. -->","yoast_head_json":{"title":"ALMIRI NGA BUJANOCI N\u00cb REPREZENTACIONIN E SERBIS\u00cb - Republika e S\u00ebrbis\u00eb Trupi Koordinues p\u00ebr komunat Bujanoc, Preshev\u00eb dhe Medvegj\u00eb","robots":{"index":"index","follow":"follow","max-snippet":"max-snippet:-1","max-image-preview":"max-image-preview:large","max-video-preview":"max-video-preview:-1"},"canonical":"https:\/\/kt.gov.rs\/sq\/almiri-nga-bujanoci-ne-reprezentacionin-e-serbise\/","og_locale":"sq_AL","og_type":"article","og_title":"ALMIRI NGA BUJANOCI N\u00cb REPREZENTACIONIN E SERBIS\u00cb - Republika e S\u00ebrbis\u00eb Trupi Koordinues p\u00ebr komunat Bujanoc, Preshev\u00eb dhe Medvegj\u00eb","og_description":"Bujanoc - Beograd\u00a0- Nj\u00eb i ri nga Bujanoci, Almir Asani, \u00ebsht\u00eb ftuar n\u00eb ekipin komb\u00ebtar serb t\u00eb basketbollit dhe q\u00eb nga sot ai \u00ebsht\u00eb n\u00eb kampin st\u00ebrvitor t\u00eb p\u00ebrzgjedhjes s\u00eb basketbollist\u00ebve m\u00eb t\u00eb mir\u00eb serb\u00eb n\u00ebn 15 vje\u00e7.   Bujanoc - Beograd\u00a0- Nj\u00eb i ri nga Bujanoci, Almir Asani, \u00ebsht\u00eb ftuar n\u00eb ekipin komb\u00ebtar serb t\u00eb basketbollit dhe q\u00eb nga sot ai \u00ebsht\u00eb n\u00eb kampin st\u00ebrvitor t\u00eb p\u00ebrzgjedhjes s\u00eb basketbollist\u00ebve m\u00eb t\u00eb mir\u00eb serb\u00eb n\u00ebn 15 vje\u00e7.","og_url":"https:\/\/kt.gov.rs\/sq\/almiri-nga-bujanoci-ne-reprezentacionin-e-serbise\/","og_site_name":"Republika e S\u00ebrbis\u00eb Trupi Koordinues p\u00ebr komunat Bujanoc, Preshev\u00eb dhe Medvegj\u00eb","article_publisher":"https:\/\/www.facebook.com\/SluzbaKoordinacionogTelaVladeRepublikeSrbije","article_published_time":"2021-07-08T00:00:00+00:00","article_modified_time":"2024-07-30T17:59:45+00:00","og_image":[{"width":315,"height":230,"url":"https:\/\/kt.gov.rs\/wp-content\/uploads\/2024\/07\/1625744975_080721_1-3.jpg","type":"image\/jpeg"}],"author":"ktmin","twitter_card":"summary_large_image","twitter_creator":"@kt_gov","twitter_site":"@kt_gov","twitter_misc":{"Written by":"ktmin","Est. reading time":"2 minutes"},"schema":{"@context":"https:\/\/schema.org","@graph":[{"@type":"Article","@id":"https:\/\/kt.gov.rs\/sq\/almiri-nga-bujanoci-ne-reprezentacionin-e-serbise\/#article","isPartOf":{"@id":"https:\/\/kt.gov.rs\/sq\/almiri-nga-bujanoci-ne-reprezentacionin-e-serbise\/"},"author":{"name":"ktmin","@id":"https:\/\/kt.gov.rs\/#\/schema\/person\/e426459ddb4173309103390602694571"},"headline":"ALMIRI NGA BUJANOCI N\u00cb REPREZENTACIONIN E SERBIS\u00cb","datePublished":"2021-07-08T00:00:00+00:00","dateModified":"2024-07-30T17:59:45+00:00","mainEntityOfPage":{"@id":"https:\/\/kt.gov.rs\/sq\/almiri-nga-bujanoci-ne-reprezentacionin-e-serbise\/"},"wordCount":462,"publisher":{"@id":"https:\/\/kt.gov.rs\/#organization"},"image":{"@id":"https:\/\/kt.gov.rs\/sq\/almiri-nga-bujanoci-ne-reprezentacionin-e-serbise\/#primaryimage"},"thumbnailUrl":"https:\/\/kt.gov.rs\/wp-content\/uploads\/2024\/07\/1625744975_080721_1-3.jpg","articleSection":["Lajme"],"inLanguage":"sq-AL"},{"@type":"WebPage","@id":"https:\/\/kt.gov.rs\/sq\/almiri-nga-bujanoci-ne-reprezentacionin-e-serbise\/","url":"https:\/\/kt.gov.rs\/sq\/almiri-nga-bujanoci-ne-reprezentacionin-e-serbise\/","name":"ALMIRI NGA BUJANOCI N\u00cb REPREZENTACIONIN E SERBIS\u00cb - Republika e S\u00ebrbis\u00eb Trupi Koordinues p\u00ebr komunat Bujanoc, Preshev\u00eb dhe Medvegj\u00eb","isPartOf":{"@id":"https:\/\/kt.gov.rs\/#website"},"primaryImageOfPage":{"@id":"https:\/\/kt.gov.rs\/sq\/almiri-nga-bujanoci-ne-reprezentacionin-e-serbise\/#primaryimage"},"image":{"@id":"https:\/\/kt.gov.rs\/sq\/almiri-nga-bujanoci-ne-reprezentacionin-e-serbise\/#primaryimage"},"thumbnailUrl":"https:\/\/kt.gov.rs\/wp-content\/uploads\/2024\/07\/1625744975_080721_1-3.jpg","datePublished":"2021-07-08T00:00:00+00:00","dateModified":"2024-07-30T17:59:45+00:00","breadcrumb":{"@id":"https:\/\/kt.gov.rs\/sq\/almiri-nga-bujanoci-ne-reprezentacionin-e-serbise\/#breadcrumb"},"inLanguage":"sq-AL","potentialAction":[{"@type":"ReadAction","target":["https:\/\/kt.gov.rs\/sq\/almiri-nga-bujanoci-ne-reprezentacionin-e-serbise\/"]}]},{"@type":"ImageObject","inLanguage":"sq-AL","@id":"https:\/\/kt.gov.rs\/sq\/almiri-nga-bujanoci-ne-reprezentacionin-e-serbise\/#primaryimage","url":"https:\/\/kt.gov.rs\/wp-content\/uploads\/2024\/07\/1625744975_080721_1-3.jpg","contentUrl":"https:\/\/kt.gov.rs\/wp-content\/uploads\/2024\/07\/1625744975_080721_1-3.jpg","width":315,"height":230},{"@type":"BreadcrumbList","@id":"https:\/\/kt.gov.rs\/sq\/almiri-nga-bujanoci-ne-reprezentacionin-e-serbise\/#breadcrumb","itemListElement":[{"@type":"ListItem","position":1,"name":"\u041f\u043e\u0447\u0435\u0442\u043d\u0430","item":"https:\/\/kt.gov.rs\/sq\/"},{"@type":"ListItem","position":2,"name":"ALMIRI NGA BUJANOCI N\u00cb REPREZENTACIONIN E SERBIS\u00cb"}]},{"@type":"WebSite","@id":"https:\/\/kt.gov.rs\/#website","url":"https:\/\/kt.gov.rs\/","name":"\u041a\u043e\u043e\u0440\u0434\u0438\u043d\u0430\u0446\u0438\u043e\u043d\u043e \u0442\u0435\u043b\u043e \u0412\u043b\u0430\u0434\u0435 \u0420\u0435\u043f\u0443\u0431\u043b\u0438\u043a\u0435 \u0421\u0440\u0431\u0438\u0458\u0435 \u0437\u0430 \u043e\u043f\u0448\u0442\u0438\u043d\u0435 \u041f\u0440\u0435\u0448\u0435\u0432\u043e, \u0411\u0443\u0458\u0430\u043d\u043e\u0432\u0430\u0446 \u0438 \u041c\u0435\u0434\u0432\u0435\u0452a","description":"","publisher":{"@id":"https:\/\/kt.gov.rs\/#organization"},"alternateName":"\u041a\u043e\u043e\u0440\u0434\u0438\u043d\u0430\u0446\u0438\u043e\u043d\u043e \u0442\u0435\u043b\u043e","potentialAction":[{"@type":"SearchAction","target":{"@type":"EntryPoint","urlTemplate":"https:\/\/kt.gov.rs\/?s={search_term_string}"},"query-input":{"@type":"PropertyValueSpecification","valueRequired":true,"valueName":"search_term_string"}}],"inLanguage":"sq-AL"},{"@type":"Organization","@id":"https:\/\/kt.gov.rs\/#organization","name":"\u041a\u043e\u043e\u0440\u0434\u0438\u043d\u0430\u0446\u0438\u043e\u043d\u043e \u0442\u0435\u043b\u043e \u0412\u043b\u0430\u0434\u0435 \u0420\u0435\u043f\u0443\u0431\u043b\u0438\u043a\u0435 \u0421\u0440\u0431\u0438\u0458\u0435 \u0437\u0430 \u043e\u043f\u0448\u0442\u0438\u043d\u0435 \u041f\u0440\u0435\u0448\u0435\u0432\u043e, \u0411\u0443\u0458\u0430\u043d\u043e\u0432\u0430\u0446 \u0438 \u041c\u0435\u0434\u0432\u0435\u0452a","alternateName":"\u041a\u043e\u043e\u0440\u0434\u0438\u043d\u0430\u0446\u0438\u043e\u043d\u043e \u0442\u0435\u043b\u043e","url":"https:\/\/kt.gov.rs\/","logo":{"@type":"ImageObject","inLanguage":"sq-AL","@id":"https:\/\/kt.gov.rs\/#\/schema\/logo\/image\/","url":"https:\/\/kt.gov.rs\/wp-content\/uploads\/2024\/12\/koord2.jpg","contentUrl":"https:\/\/kt.gov.rs\/wp-content\/uploads\/2024\/12\/koord2.jpg","width":640,"height":480,"caption":"\u041a\u043e\u043e\u0440\u0434\u0438\u043d\u0430\u0446\u0438\u043e\u043d\u043e \u0442\u0435\u043b\u043e \u0412\u043b\u0430\u0434\u0435 \u0420\u0435\u043f\u0443\u0431\u043b\u0438\u043a\u0435 \u0421\u0440\u0431\u0438\u0458\u0435 \u0437\u0430 \u043e\u043f\u0448\u0442\u0438\u043d\u0435 \u041f\u0440\u0435\u0448\u0435\u0432\u043e, \u0411\u0443\u0458\u0430\u043d\u043e\u0432\u0430\u0446 \u0438 \u041c\u0435\u0434\u0432\u0435\u0452a"},"image":{"@id":"https:\/\/kt.gov.rs\/#\/schema\/logo\/image\/"},"sameAs":["https:\/\/www.facebook.com\/SluzbaKoordinacionogTelaVladeRepublikeSrbije","https:\/\/x.com\/kt_gov","https:\/\/www.youtube.com\/@koordinacionotelo"]},{"@type":"Person","@id":"https:\/\/kt.gov.rs\/#\/schema\/person\/e426459ddb4173309103390602694571","name":"ktmin","image":{"@type":"ImageObject","inLanguage":"sq-AL","@id":"https:\/\/secure.gravatar.com\/avatar\/3985c961109853010c3fbc7ba30365bfba5db3dd6c525831d9c595c7525a615a?s=96&d=mm&r=g","url":"https:\/\/secure.gravatar.com\/avatar\/3985c961109853010c3fbc7ba30365bfba5db3dd6c525831d9c595c7525a615a?s=96&d=mm&r=g","contentUrl":"https:\/\/secure.gravatar.com\/avatar\/3985c961109853010c3fbc7ba30365bfba5db3dd6c525831d9c595c7525a615a?s=96&d=mm&r=g","caption":"ktmin"},"sameAs":["https:\/\/kt.gov.rs"],"url":"https:\/\/kt.gov.rs\/sq\/author\/ktmin\/"}]}},"_links":{"self":[{"href":"https:\/\/kt.gov.rs\/sq\/wp-json\/wp\/v2\/posts\/109387","targetHints":{"allow":["GET"]}}],"collection":[{"href":"https:\/\/kt.gov.rs\/sq\/wp-json\/wp\/v2\/posts"}],"about":[{"href":"https:\/\/kt.gov.rs\/sq\/wp-json\/wp\/v2\/types\/post"}],"author":[{"embeddable":true,"href":"https:\/\/kt.gov.rs\/sq\/wp-json\/wp\/v2\/users\/1"}],"replies":[{"embeddable":true,"href":"https:\/\/kt.gov.rs\/sq\/wp-json\/wp\/v2\/comments?post=109387"}],"version-history":[{"count":1,"href":"https:\/\/kt.gov.rs\/sq\/wp-json\/wp\/v2\/posts\/109387\/revisions"}],"predecessor-version":[{"id":109391,"href":"https:\/\/kt.gov.rs\/sq\/wp-json\/wp\/v2\/posts\/109387\/revisions\/109391"}],"wp:featuredmedia":[{"embeddable":true,"href":"https:\/\/kt.gov.rs\/sq\/wp-json\/wp\/v2\/media\/109392"}],"wp:attachment":[{"href":"https:\/\/kt.gov.rs\/sq\/wp-json\/wp\/v2\/media?parent=109387"}],"wp:term":[{"taxonomy":"category","embeddable":true,"href":"https:\/\/kt.gov.rs\/sq\/wp-json\/wp\/v2\/categories?post=109387"},{"taxonomy":"post_tag","embeddable":true,"href":"https:\/\/kt.gov.rs\/sq\/wp-json\/wp\/v2\/tags?post=109387"}],"curies":[{"name":"wp","href":"https:\/\/api.w.org\/{rel}","templated":true}]}}