{"id":109379,"date":"2021-07-08T00:00:00","date_gmt":"2021-07-08T00:00:00","guid":{"rendered":"http:\/\/kt.printandscreen.rs\/arifi-permbush-premtimin-e-banoreve-te-bozhinjevcit\/"},"modified":"2024-07-30T17:59:44","modified_gmt":"2024-07-30T17:59:44","slug":"arifi-permbush-premtimin-e-banoreve-te-bozhinjevcit","status":"publish","type":"post","link":"https:\/\/kt.gov.rs\/sq\/arifi-permbush-premtimin-e-banoreve-te-bozhinjevcit\/","title":{"rendered":"ARIFI P\u00cbRMBUSH PREMTIMIN E BANOR\u00cbVE T\u00cb BOZHINJEVCIT"},"content":{"rendered":"<p>\n\t<strong><img decoding=\"async\" alt=\"\" src=\"https:\/\/kt.gov.rs\/wp-content\/uploads\/2024\/07\/1625744867_080721_2-2.jpg\" style=\"width: 315px; height: 230px; float: left;\" \/><\/strong><strong>Bujanoc \u2013 Beograd \u2013<\/strong> Kryetari i komun\u00ebs s\u00eb Bujanocit, Nagip Arifi, p\u00ebrmbushi nj\u00eb nga premtimet e dh\u00ebna banor\u00ebve t\u00eb Bozhinjevcit n\u00eb takimin pas protest\u00ebs p\u00ebr shkak t\u00eb problemeve komunale. Makinerit\u00eb e Komunalis\u00eb, t\u00eb shoq\u00ebruara nga Arifi, s\u00eb bashku me pun\u00ebtor\u00ebt, dol\u00ebn n\u00eb fush\u00eb dhe zgjidh\u00ebn problemin e uj\u00ebrave t\u00eb zeza n\u00eb k\u00ebt\u00eb fshat.<\/p>\n<p>\n\t&quot;Nagip Arifi ishte i pranish\u00ebm n\u00eb fillimin e rregullimit e problemit n\u00eb rrjetin e kanalizimeve n\u00eb Bozhinjevc. Kryetari premtoi t\u00eb zgjidh\u00eb t\u00eb gjitha problemet q\u00eb un\u00eb paraqita n\u00eb takimin me t\u00eb, dhe ai tashm\u00eb po zgjidh t\u00eb parin sot, dhe shpresoj se s\u00eb shpejti do t\u00eb zgjidh\u00eb ujin dhe ndri\u00e7imin, kryetar i BL Bozhinjevc, nuk e fsheh g\u00ebzimin e tij Dalibor Tasi\u0107, duke iu faleminderuar Arifit dhe drejtorit t\u00eb Komunalis\u00eb Ruzhdi Halili.<\/p>\n<p>\n\tProblemi me kanalizimin lindi disa vjet m\u00eb par\u00eb, kur rrjeti i kanalizimeve u prish gjat\u00eb asfaltimit t\u00eb rrug\u00ebs nga Jugokop deri n\u00eb stacionin hekurudhor.<\/p>\n<p>\n\tKontraktori i k\u00ebtyre punimeve ishte nj\u00eb nga nd\u00ebrmarrjet publike shtet\u00ebrore, dhe banor\u00ebt e Bozhinjevcit, thot\u00eb Tasi\u0107, n\u00eb m\u00ebnyr\u00eb t\u00eb kot d\u00ebrguan qindra k\u00ebrkesa dhe urgjenca n\u00eb adresa t\u00eb ndryshme, nga Komunalia deri n\u00eb komun\u00eb.<\/p>\n<p>\n\tN\u00eb nd\u00ebrkoh\u00eb, uj\u00ebrat e zeza derdheshin n\u00eb rrug\u00eb, por edhe n\u00eb oborret e sht\u00ebpive p\u00ebrreth.<\/p>\n<p>\n\t&quot;Tani ne presim q\u00eb Arifi, si\u00e7 premtoi, t\u00eb ndihmoj\u00eb n\u00eb zgjidhjen e dy problemeve t\u00eb mbetura \u2013 v\u00ebnien n\u00eb pun\u00eb t\u00eb stacionit t\u00eb p\u00ebrforcimit n\u00eb m\u00ebnyr\u00eb q\u00eb i gjith\u00eb fshati t\u00eb ket\u00eb uj\u00eb dhe instalimi i ndri\u00e7imit rrugor&quot;, thot\u00eb Tasi\u0107.<\/p>\n<p>\n\t<strong>Burimi: Bujanova\u00e7ke dhe Trupi Koordinues<\/strong><\/p>\n<p>\n\t\u00a0<\/p>\n","protected":false},"excerpt":{"rendered":"<p>Bujanoc \u2013 Beograd \u2013\u00a0Kryetari i komun\u00ebs s\u00eb Bujanocit, Nagip Arifi, p\u00ebrmbushi nj\u00eb nga premtimet e dh\u00ebna banor\u00ebve t\u00eb Bozhinjevcit n\u00eb takimin pas protest\u00ebs p\u00ebr shkak t\u00eb problemeve komunale. Makinerit\u00eb e Komunalis\u00eb, t\u00eb shoq\u00ebruara nga Arifi, s\u00eb bashku me pun\u00ebtor\u00ebt, dol\u00ebn n\u00eb fush\u00eb dhe zgjidh\u00ebn problemin e uj\u00ebrave t\u00eb zeza n\u00eb k\u00ebt\u00eb fshat.<\/p>\n","protected":false},"author":1,"featured_media":109384,"comment_status":"closed","ping_status":"closed","sticky":false,"template":"","format":"standard","meta":{"footnotes":""},"categories":[55],"tags":[],"class_list":["post-109379","post","type-post","status-publish","format-standard","has-post-thumbnail","hentry","category-lajme"],"yoast_head":"<!-- This site is optimized with the Yoast SEO plugin v27.5 - https:\/\/yoast.com\/product\/yoast-seo-wordpress\/ -->\n<title>ARIFI P\u00cbRMBUSH PREMTIMIN E BANOR\u00cbVE T\u00cb BOZHINJEVCIT - Republika e S\u00ebrbis\u00eb Trupi Koordinues p\u00ebr komunat Bujanoc, Preshev\u00eb dhe Medvegj\u00eb<\/title>\n<meta name=\"robots\" content=\"index, follow, max-snippet:-1, max-image-preview:large, max-video-preview:-1\" \/>\n<link rel=\"canonical\" href=\"https:\/\/kt.gov.rs\/sq\/arifi-permbush-premtimin-e-banoreve-te-bozhinjevcit\/\" \/>\n<meta property=\"og:locale\" content=\"sq_AL\" \/>\n<meta property=\"og:type\" content=\"article\" \/>\n<meta property=\"og:title\" content=\"ARIFI P\u00cbRMBUSH PREMTIMIN E BANOR\u00cbVE T\u00cb BOZHINJEVCIT - Republika e S\u00ebrbis\u00eb Trupi Koordinues p\u00ebr komunat Bujanoc, Preshev\u00eb dhe Medvegj\u00eb\" \/>\n<meta property=\"og:description\" content=\"Bujanoc - Beograd -\u00a0Kryetari i komun\u00ebs s\u00eb Bujanocit, Nagip Arifi, p\u00ebrmbushi nj\u00eb nga premtimet e dh\u00ebna banor\u00ebve t\u00eb Bozhinjevcit n\u00eb takimin pas protest\u00ebs p\u00ebr shkak t\u00eb problemeve komunale. Makinerit\u00eb e Komunalis\u00eb, t\u00eb shoq\u00ebruara nga Arifi, s\u00eb bashku me pun\u00ebtor\u00ebt, dol\u00ebn n\u00eb fush\u00eb dhe zgjidh\u00ebn problemin e uj\u00ebrave t\u00eb zeza n\u00eb k\u00ebt\u00eb fshat.\" \/>\n<meta property=\"og:url\" content=\"https:\/\/kt.gov.rs\/sq\/arifi-permbush-premtimin-e-banoreve-te-bozhinjevcit\/\" \/>\n<meta property=\"og:site_name\" content=\"Republika e S\u00ebrbis\u00eb Trupi Koordinues p\u00ebr komunat Bujanoc, Preshev\u00eb dhe Medvegj\u00eb\" \/>\n<meta property=\"article:publisher\" content=\"https:\/\/www.facebook.com\/SluzbaKoordinacionogTelaVladeRepublikeSrbije\" \/>\n<meta property=\"article:published_time\" content=\"2021-07-08T00:00:00+00:00\" \/>\n<meta property=\"article:modified_time\" content=\"2024-07-30T17:59:44+00:00\" \/>\n<meta property=\"og:image\" content=\"https:\/\/kt.gov.rs\/wp-content\/uploads\/2024\/07\/1625744867_080721_2-3.jpg\" \/>\n\t<meta property=\"og:image:width\" content=\"315\" \/>\n\t<meta property=\"og:image:height\" content=\"230\" \/>\n\t<meta property=\"og:image:type\" content=\"image\/jpeg\" \/>\n<meta name=\"author\" content=\"ktmin\" \/>\n<meta name=\"twitter:card\" content=\"summary_large_image\" \/>\n<meta name=\"twitter:creator\" content=\"@kt_gov\" \/>\n<meta name=\"twitter:site\" content=\"@kt_gov\" \/>\n<meta name=\"twitter:label1\" content=\"Written by\" \/>\n\t<meta name=\"twitter:data1\" content=\"ktmin\" \/>\n\t<meta name=\"twitter:label2\" content=\"Est. reading time\" \/>\n\t<meta name=\"twitter:data2\" content=\"2 minutes\" \/>\n<script type=\"application\/ld+json\" class=\"yoast-schema-graph\">{\"@context\":\"https:\\\/\\\/schema.org\",\"@graph\":[{\"@type\":\"Article\",\"@id\":\"https:\\\/\\\/kt.gov.rs\\\/sq\\\/arifi-permbush-premtimin-e-banoreve-te-bozhinjevcit\\\/#article\",\"isPartOf\":{\"@id\":\"https:\\\/\\\/kt.gov.rs\\\/sq\\\/arifi-permbush-premtimin-e-banoreve-te-bozhinjevcit\\\/\"},\"author\":{\"name\":\"ktmin\",\"@id\":\"https:\\\/\\\/kt.gov.rs\\\/#\\\/schema\\\/person\\\/e426459ddb4173309103390602694571\"},\"headline\":\"ARIFI P\u00cbRMBUSH PREMTIMIN E BANOR\u00cbVE T\u00cb BOZHINJEVCIT\",\"datePublished\":\"2021-07-08T00:00:00+00:00\",\"dateModified\":\"2024-07-30T17:59:44+00:00\",\"mainEntityOfPage\":{\"@id\":\"https:\\\/\\\/kt.gov.rs\\\/sq\\\/arifi-permbush-premtimin-e-banoreve-te-bozhinjevcit\\\/\"},\"wordCount\":390,\"publisher\":{\"@id\":\"https:\\\/\\\/kt.gov.rs\\\/#organization\"},\"image\":{\"@id\":\"https:\\\/\\\/kt.gov.rs\\\/sq\\\/arifi-permbush-premtimin-e-banoreve-te-bozhinjevcit\\\/#primaryimage\"},\"thumbnailUrl\":\"https:\\\/\\\/kt.gov.rs\\\/wp-content\\\/uploads\\\/2024\\\/07\\\/1625744867_080721_2-3.jpg\",\"articleSection\":[\"Lajme\"],\"inLanguage\":\"sq-AL\"},{\"@type\":\"WebPage\",\"@id\":\"https:\\\/\\\/kt.gov.rs\\\/sq\\\/arifi-permbush-premtimin-e-banoreve-te-bozhinjevcit\\\/\",\"url\":\"https:\\\/\\\/kt.gov.rs\\\/sq\\\/arifi-permbush-premtimin-e-banoreve-te-bozhinjevcit\\\/\",\"name\":\"ARIFI P\u00cbRMBUSH PREMTIMIN E BANOR\u00cbVE T\u00cb BOZHINJEVCIT - Republika e S\u00ebrbis\u00eb Trupi Koordinues p\u00ebr komunat Bujanoc, Preshev\u00eb dhe Medvegj\u00eb\",\"isPartOf\":{\"@id\":\"https:\\\/\\\/kt.gov.rs\\\/#website\"},\"primaryImageOfPage\":{\"@id\":\"https:\\\/\\\/kt.gov.rs\\\/sq\\\/arifi-permbush-premtimin-e-banoreve-te-bozhinjevcit\\\/#primaryimage\"},\"image\":{\"@id\":\"https:\\\/\\\/kt.gov.rs\\\/sq\\\/arifi-permbush-premtimin-e-banoreve-te-bozhinjevcit\\\/#primaryimage\"},\"thumbnailUrl\":\"https:\\\/\\\/kt.gov.rs\\\/wp-content\\\/uploads\\\/2024\\\/07\\\/1625744867_080721_2-3.jpg\",\"datePublished\":\"2021-07-08T00:00:00+00:00\",\"dateModified\":\"2024-07-30T17:59:44+00:00\",\"breadcrumb\":{\"@id\":\"https:\\\/\\\/kt.gov.rs\\\/sq\\\/arifi-permbush-premtimin-e-banoreve-te-bozhinjevcit\\\/#breadcrumb\"},\"inLanguage\":\"sq-AL\",\"potentialAction\":[{\"@type\":\"ReadAction\",\"target\":[\"https:\\\/\\\/kt.gov.rs\\\/sq\\\/arifi-permbush-premtimin-e-banoreve-te-bozhinjevcit\\\/\"]}]},{\"@type\":\"ImageObject\",\"inLanguage\":\"sq-AL\",\"@id\":\"https:\\\/\\\/kt.gov.rs\\\/sq\\\/arifi-permbush-premtimin-e-banoreve-te-bozhinjevcit\\\/#primaryimage\",\"url\":\"https:\\\/\\\/kt.gov.rs\\\/wp-content\\\/uploads\\\/2024\\\/07\\\/1625744867_080721_2-3.jpg\",\"contentUrl\":\"https:\\\/\\\/kt.gov.rs\\\/wp-content\\\/uploads\\\/2024\\\/07\\\/1625744867_080721_2-3.jpg\",\"width\":315,\"height\":230},{\"@type\":\"BreadcrumbList\",\"@id\":\"https:\\\/\\\/kt.gov.rs\\\/sq\\\/arifi-permbush-premtimin-e-banoreve-te-bozhinjevcit\\\/#breadcrumb\",\"itemListElement\":[{\"@type\":\"ListItem\",\"position\":1,\"name\":\"\u041f\u043e\u0447\u0435\u0442\u043d\u0430\",\"item\":\"https:\\\/\\\/kt.gov.rs\\\/sq\\\/\"},{\"@type\":\"ListItem\",\"position\":2,\"name\":\"ARIFI P\u00cbRMBUSH PREMTIMIN E BANOR\u00cbVE T\u00cb BOZHINJEVCIT\"}]},{\"@type\":\"WebSite\",\"@id\":\"https:\\\/\\\/kt.gov.rs\\\/#website\",\"url\":\"https:\\\/\\\/kt.gov.rs\\\/\",\"name\":\"\u041a\u043e\u043e\u0440\u0434\u0438\u043d\u0430\u0446\u0438\u043e\u043d\u043e \u0442\u0435\u043b\u043e \u0412\u043b\u0430\u0434\u0435 \u0420\u0435\u043f\u0443\u0431\u043b\u0438\u043a\u0435 \u0421\u0440\u0431\u0438\u0458\u0435 \u0437\u0430 \u043e\u043f\u0448\u0442\u0438\u043d\u0435 \u041f\u0440\u0435\u0448\u0435\u0432\u043e, \u0411\u0443\u0458\u0430\u043d\u043e\u0432\u0430\u0446 \u0438 \u041c\u0435\u0434\u0432\u0435\u0452a\",\"description\":\"\",\"publisher\":{\"@id\":\"https:\\\/\\\/kt.gov.rs\\\/#organization\"},\"alternateName\":\"\u041a\u043e\u043e\u0440\u0434\u0438\u043d\u0430\u0446\u0438\u043e\u043d\u043e \u0442\u0435\u043b\u043e\",\"potentialAction\":[{\"@type\":\"SearchAction\",\"target\":{\"@type\":\"EntryPoint\",\"urlTemplate\":\"https:\\\/\\\/kt.gov.rs\\\/?s={search_term_string}\"},\"query-input\":{\"@type\":\"PropertyValueSpecification\",\"valueRequired\":true,\"valueName\":\"search_term_string\"}}],\"inLanguage\":\"sq-AL\"},{\"@type\":\"Organization\",\"@id\":\"https:\\\/\\\/kt.gov.rs\\\/#organization\",\"name\":\"\u041a\u043e\u043e\u0440\u0434\u0438\u043d\u0430\u0446\u0438\u043e\u043d\u043e \u0442\u0435\u043b\u043e \u0412\u043b\u0430\u0434\u0435 \u0420\u0435\u043f\u0443\u0431\u043b\u0438\u043a\u0435 \u0421\u0440\u0431\u0438\u0458\u0435 \u0437\u0430 \u043e\u043f\u0448\u0442\u0438\u043d\u0435 \u041f\u0440\u0435\u0448\u0435\u0432\u043e, \u0411\u0443\u0458\u0430\u043d\u043e\u0432\u0430\u0446 \u0438 \u041c\u0435\u0434\u0432\u0435\u0452a\",\"alternateName\":\"\u041a\u043e\u043e\u0440\u0434\u0438\u043d\u0430\u0446\u0438\u043e\u043d\u043e \u0442\u0435\u043b\u043e\",\"url\":\"https:\\\/\\\/kt.gov.rs\\\/\",\"logo\":{\"@type\":\"ImageObject\",\"inLanguage\":\"sq-AL\",\"@id\":\"https:\\\/\\\/kt.gov.rs\\\/#\\\/schema\\\/logo\\\/image\\\/\",\"url\":\"https:\\\/\\\/kt.gov.rs\\\/wp-content\\\/uploads\\\/2024\\\/12\\\/koord2.jpg\",\"contentUrl\":\"https:\\\/\\\/kt.gov.rs\\\/wp-content\\\/uploads\\\/2024\\\/12\\\/koord2.jpg\",\"width\":640,\"height\":480,\"caption\":\"\u041a\u043e\u043e\u0440\u0434\u0438\u043d\u0430\u0446\u0438\u043e\u043d\u043e \u0442\u0435\u043b\u043e \u0412\u043b\u0430\u0434\u0435 \u0420\u0435\u043f\u0443\u0431\u043b\u0438\u043a\u0435 \u0421\u0440\u0431\u0438\u0458\u0435 \u0437\u0430 \u043e\u043f\u0448\u0442\u0438\u043d\u0435 \u041f\u0440\u0435\u0448\u0435\u0432\u043e, \u0411\u0443\u0458\u0430\u043d\u043e\u0432\u0430\u0446 \u0438 \u041c\u0435\u0434\u0432\u0435\u0452a\"},\"image\":{\"@id\":\"https:\\\/\\\/kt.gov.rs\\\/#\\\/schema\\\/logo\\\/image\\\/\"},\"sameAs\":[\"https:\\\/\\\/www.facebook.com\\\/SluzbaKoordinacionogTelaVladeRepublikeSrbije\",\"https:\\\/\\\/x.com\\\/kt_gov\",\"https:\\\/\\\/www.youtube.com\\\/@koordinacionotelo\"]},{\"@type\":\"Person\",\"@id\":\"https:\\\/\\\/kt.gov.rs\\\/#\\\/schema\\\/person\\\/e426459ddb4173309103390602694571\",\"name\":\"ktmin\",\"image\":{\"@type\":\"ImageObject\",\"inLanguage\":\"sq-AL\",\"@id\":\"https:\\\/\\\/secure.gravatar.com\\\/avatar\\\/3985c961109853010c3fbc7ba30365bfba5db3dd6c525831d9c595c7525a615a?s=96&d=mm&r=g\",\"url\":\"https:\\\/\\\/secure.gravatar.com\\\/avatar\\\/3985c961109853010c3fbc7ba30365bfba5db3dd6c525831d9c595c7525a615a?s=96&d=mm&r=g\",\"contentUrl\":\"https:\\\/\\\/secure.gravatar.com\\\/avatar\\\/3985c961109853010c3fbc7ba30365bfba5db3dd6c525831d9c595c7525a615a?s=96&d=mm&r=g\",\"caption\":\"ktmin\"},\"sameAs\":[\"https:\\\/\\\/kt.gov.rs\"],\"url\":\"https:\\\/\\\/kt.gov.rs\\\/sq\\\/author\\\/ktmin\\\/\"}]}<\/script>\n<!-- \/ Yoast SEO plugin. -->","yoast_head_json":{"title":"ARIFI P\u00cbRMBUSH PREMTIMIN E BANOR\u00cbVE T\u00cb BOZHINJEVCIT - Republika e S\u00ebrbis\u00eb Trupi Koordinues p\u00ebr komunat Bujanoc, Preshev\u00eb dhe Medvegj\u00eb","robots":{"index":"index","follow":"follow","max-snippet":"max-snippet:-1","max-image-preview":"max-image-preview:large","max-video-preview":"max-video-preview:-1"},"canonical":"https:\/\/kt.gov.rs\/sq\/arifi-permbush-premtimin-e-banoreve-te-bozhinjevcit\/","og_locale":"sq_AL","og_type":"article","og_title":"ARIFI P\u00cbRMBUSH PREMTIMIN E BANOR\u00cbVE T\u00cb BOZHINJEVCIT - Republika e S\u00ebrbis\u00eb Trupi Koordinues p\u00ebr komunat Bujanoc, Preshev\u00eb dhe Medvegj\u00eb","og_description":"Bujanoc - Beograd -\u00a0Kryetari i komun\u00ebs s\u00eb Bujanocit, Nagip Arifi, p\u00ebrmbushi nj\u00eb nga premtimet e dh\u00ebna banor\u00ebve t\u00eb Bozhinjevcit n\u00eb takimin pas protest\u00ebs p\u00ebr shkak t\u00eb problemeve komunale. Makinerit\u00eb e Komunalis\u00eb, t\u00eb shoq\u00ebruara nga Arifi, s\u00eb bashku me pun\u00ebtor\u00ebt, dol\u00ebn n\u00eb fush\u00eb dhe zgjidh\u00ebn problemin e uj\u00ebrave t\u00eb zeza n\u00eb k\u00ebt\u00eb fshat.","og_url":"https:\/\/kt.gov.rs\/sq\/arifi-permbush-premtimin-e-banoreve-te-bozhinjevcit\/","og_site_name":"Republika e S\u00ebrbis\u00eb Trupi Koordinues p\u00ebr komunat Bujanoc, Preshev\u00eb dhe Medvegj\u00eb","article_publisher":"https:\/\/www.facebook.com\/SluzbaKoordinacionogTelaVladeRepublikeSrbije","article_published_time":"2021-07-08T00:00:00+00:00","article_modified_time":"2024-07-30T17:59:44+00:00","og_image":[{"width":315,"height":230,"url":"https:\/\/kt.gov.rs\/wp-content\/uploads\/2024\/07\/1625744867_080721_2-3.jpg","type":"image\/jpeg"}],"author":"ktmin","twitter_card":"summary_large_image","twitter_creator":"@kt_gov","twitter_site":"@kt_gov","twitter_misc":{"Written by":"ktmin","Est. reading time":"2 minutes"},"schema":{"@context":"https:\/\/schema.org","@graph":[{"@type":"Article","@id":"https:\/\/kt.gov.rs\/sq\/arifi-permbush-premtimin-e-banoreve-te-bozhinjevcit\/#article","isPartOf":{"@id":"https:\/\/kt.gov.rs\/sq\/arifi-permbush-premtimin-e-banoreve-te-bozhinjevcit\/"},"author":{"name":"ktmin","@id":"https:\/\/kt.gov.rs\/#\/schema\/person\/e426459ddb4173309103390602694571"},"headline":"ARIFI P\u00cbRMBUSH PREMTIMIN E BANOR\u00cbVE T\u00cb BOZHINJEVCIT","datePublished":"2021-07-08T00:00:00+00:00","dateModified":"2024-07-30T17:59:44+00:00","mainEntityOfPage":{"@id":"https:\/\/kt.gov.rs\/sq\/arifi-permbush-premtimin-e-banoreve-te-bozhinjevcit\/"},"wordCount":390,"publisher":{"@id":"https:\/\/kt.gov.rs\/#organization"},"image":{"@id":"https:\/\/kt.gov.rs\/sq\/arifi-permbush-premtimin-e-banoreve-te-bozhinjevcit\/#primaryimage"},"thumbnailUrl":"https:\/\/kt.gov.rs\/wp-content\/uploads\/2024\/07\/1625744867_080721_2-3.jpg","articleSection":["Lajme"],"inLanguage":"sq-AL"},{"@type":"WebPage","@id":"https:\/\/kt.gov.rs\/sq\/arifi-permbush-premtimin-e-banoreve-te-bozhinjevcit\/","url":"https:\/\/kt.gov.rs\/sq\/arifi-permbush-premtimin-e-banoreve-te-bozhinjevcit\/","name":"ARIFI P\u00cbRMBUSH PREMTIMIN E BANOR\u00cbVE T\u00cb BOZHINJEVCIT - Republika e S\u00ebrbis\u00eb Trupi Koordinues p\u00ebr komunat Bujanoc, Preshev\u00eb dhe Medvegj\u00eb","isPartOf":{"@id":"https:\/\/kt.gov.rs\/#website"},"primaryImageOfPage":{"@id":"https:\/\/kt.gov.rs\/sq\/arifi-permbush-premtimin-e-banoreve-te-bozhinjevcit\/#primaryimage"},"image":{"@id":"https:\/\/kt.gov.rs\/sq\/arifi-permbush-premtimin-e-banoreve-te-bozhinjevcit\/#primaryimage"},"thumbnailUrl":"https:\/\/kt.gov.rs\/wp-content\/uploads\/2024\/07\/1625744867_080721_2-3.jpg","datePublished":"2021-07-08T00:00:00+00:00","dateModified":"2024-07-30T17:59:44+00:00","breadcrumb":{"@id":"https:\/\/kt.gov.rs\/sq\/arifi-permbush-premtimin-e-banoreve-te-bozhinjevcit\/#breadcrumb"},"inLanguage":"sq-AL","potentialAction":[{"@type":"ReadAction","target":["https:\/\/kt.gov.rs\/sq\/arifi-permbush-premtimin-e-banoreve-te-bozhinjevcit\/"]}]},{"@type":"ImageObject","inLanguage":"sq-AL","@id":"https:\/\/kt.gov.rs\/sq\/arifi-permbush-premtimin-e-banoreve-te-bozhinjevcit\/#primaryimage","url":"https:\/\/kt.gov.rs\/wp-content\/uploads\/2024\/07\/1625744867_080721_2-3.jpg","contentUrl":"https:\/\/kt.gov.rs\/wp-content\/uploads\/2024\/07\/1625744867_080721_2-3.jpg","width":315,"height":230},{"@type":"BreadcrumbList","@id":"https:\/\/kt.gov.rs\/sq\/arifi-permbush-premtimin-e-banoreve-te-bozhinjevcit\/#breadcrumb","itemListElement":[{"@type":"ListItem","position":1,"name":"\u041f\u043e\u0447\u0435\u0442\u043d\u0430","item":"https:\/\/kt.gov.rs\/sq\/"},{"@type":"ListItem","position":2,"name":"ARIFI P\u00cbRMBUSH PREMTIMIN E BANOR\u00cbVE T\u00cb BOZHINJEVCIT"}]},{"@type":"WebSite","@id":"https:\/\/kt.gov.rs\/#website","url":"https:\/\/kt.gov.rs\/","name":"\u041a\u043e\u043e\u0440\u0434\u0438\u043d\u0430\u0446\u0438\u043e\u043d\u043e \u0442\u0435\u043b\u043e \u0412\u043b\u0430\u0434\u0435 \u0420\u0435\u043f\u0443\u0431\u043b\u0438\u043a\u0435 \u0421\u0440\u0431\u0438\u0458\u0435 \u0437\u0430 \u043e\u043f\u0448\u0442\u0438\u043d\u0435 \u041f\u0440\u0435\u0448\u0435\u0432\u043e, \u0411\u0443\u0458\u0430\u043d\u043e\u0432\u0430\u0446 \u0438 \u041c\u0435\u0434\u0432\u0435\u0452a","description":"","publisher":{"@id":"https:\/\/kt.gov.rs\/#organization"},"alternateName":"\u041a\u043e\u043e\u0440\u0434\u0438\u043d\u0430\u0446\u0438\u043e\u043d\u043e \u0442\u0435\u043b\u043e","potentialAction":[{"@type":"SearchAction","target":{"@type":"EntryPoint","urlTemplate":"https:\/\/kt.gov.rs\/?s={search_term_string}"},"query-input":{"@type":"PropertyValueSpecification","valueRequired":true,"valueName":"search_term_string"}}],"inLanguage":"sq-AL"},{"@type":"Organization","@id":"https:\/\/kt.gov.rs\/#organization","name":"\u041a\u043e\u043e\u0440\u0434\u0438\u043d\u0430\u0446\u0438\u043e\u043d\u043e \u0442\u0435\u043b\u043e \u0412\u043b\u0430\u0434\u0435 \u0420\u0435\u043f\u0443\u0431\u043b\u0438\u043a\u0435 \u0421\u0440\u0431\u0438\u0458\u0435 \u0437\u0430 \u043e\u043f\u0448\u0442\u0438\u043d\u0435 \u041f\u0440\u0435\u0448\u0435\u0432\u043e, \u0411\u0443\u0458\u0430\u043d\u043e\u0432\u0430\u0446 \u0438 \u041c\u0435\u0434\u0432\u0435\u0452a","alternateName":"\u041a\u043e\u043e\u0440\u0434\u0438\u043d\u0430\u0446\u0438\u043e\u043d\u043e \u0442\u0435\u043b\u043e","url":"https:\/\/kt.gov.rs\/","logo":{"@type":"ImageObject","inLanguage":"sq-AL","@id":"https:\/\/kt.gov.rs\/#\/schema\/logo\/image\/","url":"https:\/\/kt.gov.rs\/wp-content\/uploads\/2024\/12\/koord2.jpg","contentUrl":"https:\/\/kt.gov.rs\/wp-content\/uploads\/2024\/12\/koord2.jpg","width":640,"height":480,"caption":"\u041a\u043e\u043e\u0440\u0434\u0438\u043d\u0430\u0446\u0438\u043e\u043d\u043e \u0442\u0435\u043b\u043e \u0412\u043b\u0430\u0434\u0435 \u0420\u0435\u043f\u0443\u0431\u043b\u0438\u043a\u0435 \u0421\u0440\u0431\u0438\u0458\u0435 \u0437\u0430 \u043e\u043f\u0448\u0442\u0438\u043d\u0435 \u041f\u0440\u0435\u0448\u0435\u0432\u043e, \u0411\u0443\u0458\u0430\u043d\u043e\u0432\u0430\u0446 \u0438 \u041c\u0435\u0434\u0432\u0435\u0452a"},"image":{"@id":"https:\/\/kt.gov.rs\/#\/schema\/logo\/image\/"},"sameAs":["https:\/\/www.facebook.com\/SluzbaKoordinacionogTelaVladeRepublikeSrbije","https:\/\/x.com\/kt_gov","https:\/\/www.youtube.com\/@koordinacionotelo"]},{"@type":"Person","@id":"https:\/\/kt.gov.rs\/#\/schema\/person\/e426459ddb4173309103390602694571","name":"ktmin","image":{"@type":"ImageObject","inLanguage":"sq-AL","@id":"https:\/\/secure.gravatar.com\/avatar\/3985c961109853010c3fbc7ba30365bfba5db3dd6c525831d9c595c7525a615a?s=96&d=mm&r=g","url":"https:\/\/secure.gravatar.com\/avatar\/3985c961109853010c3fbc7ba30365bfba5db3dd6c525831d9c595c7525a615a?s=96&d=mm&r=g","contentUrl":"https:\/\/secure.gravatar.com\/avatar\/3985c961109853010c3fbc7ba30365bfba5db3dd6c525831d9c595c7525a615a?s=96&d=mm&r=g","caption":"ktmin"},"sameAs":["https:\/\/kt.gov.rs"],"url":"https:\/\/kt.gov.rs\/sq\/author\/ktmin\/"}]}},"_links":{"self":[{"href":"https:\/\/kt.gov.rs\/sq\/wp-json\/wp\/v2\/posts\/109379","targetHints":{"allow":["GET"]}}],"collection":[{"href":"https:\/\/kt.gov.rs\/sq\/wp-json\/wp\/v2\/posts"}],"about":[{"href":"https:\/\/kt.gov.rs\/sq\/wp-json\/wp\/v2\/types\/post"}],"author":[{"embeddable":true,"href":"https:\/\/kt.gov.rs\/sq\/wp-json\/wp\/v2\/users\/1"}],"replies":[{"embeddable":true,"href":"https:\/\/kt.gov.rs\/sq\/wp-json\/wp\/v2\/comments?post=109379"}],"version-history":[{"count":1,"href":"https:\/\/kt.gov.rs\/sq\/wp-json\/wp\/v2\/posts\/109379\/revisions"}],"predecessor-version":[{"id":109383,"href":"https:\/\/kt.gov.rs\/sq\/wp-json\/wp\/v2\/posts\/109379\/revisions\/109383"}],"wp:featuredmedia":[{"embeddable":true,"href":"https:\/\/kt.gov.rs\/sq\/wp-json\/wp\/v2\/media\/109384"}],"wp:attachment":[{"href":"https:\/\/kt.gov.rs\/sq\/wp-json\/wp\/v2\/media?parent=109379"}],"wp:term":[{"taxonomy":"category","embeddable":true,"href":"https:\/\/kt.gov.rs\/sq\/wp-json\/wp\/v2\/categories?post=109379"},{"taxonomy":"post_tag","embeddable":true,"href":"https:\/\/kt.gov.rs\/sq\/wp-json\/wp\/v2\/tags?post=109379"}],"curies":[{"name":"wp","href":"https:\/\/api.w.org\/{rel}","templated":true}]}}