{"id":109371,"date":"2021-07-08T00:00:00","date_gmt":"2021-07-08T00:00:00","guid":{"rendered":"http:\/\/kt.printandscreen.rs\/te-parat-ne-deshirat-e-maturanteve-jane-shkolla-medicinale-ne-vraje-sveti-sava-dhe-gjimnazi\/"},"modified":"2024-07-30T17:59:43","modified_gmt":"2024-07-30T17:59:43","slug":"te-parat-ne-deshirat-e-maturanteve-jane-shkolla-medicinale-ne-vraje-sveti-sava-dhe-gjimnazi","status":"publish","type":"post","link":"https:\/\/kt.gov.rs\/sq\/te-parat-ne-deshirat-e-maturanteve-jane-shkolla-medicinale-ne-vraje-sveti-sava-dhe-gjimnazi\/","title":{"rendered":"T\u00cb PARAT N\u00cb D\u00cbSHIRAT E MATURANT\u00cbVE JAN\u00cb SHKOLLA MEDICINALE N\u00cb VRAJ\u00cb, \u201cSVETI SAVA\u201d DHE GJIMNAZI"},"content":{"rendered":"<p>\n\t<strong><img decoding=\"async\" alt=\"\" src=\"https:\/\/kt.gov.rs\/wp-content\/uploads\/2024\/07\/1625744922_080721_3-2.jpg\" style=\"width: 315px; height: 230px; float: left;\" \/>Bujanoc \u2013 Beograd<\/strong> \u2013 Shumica e maturant\u00ebve t\u00eb Shkoll\u00ebs Fillore t\u00eb Bujanocit &quot;Branko Radi\u010devi\u0107&quot; d\u00ebshirojn\u00eb t\u00eb vazhdojn\u00eb shkollimin n\u00eb Shkoll\u00ebn Mjek\u00ebsore t\u00eb Vraj\u00ebs, pastaj n\u00eb &quot;Sveti Sava&quot; dhe Gjimnazin &quot;Bora Stankovi\u0107&quot;.<\/p>\n<p>\n\tSipas disa nx\u00ebn\u00ebsve t\u00eb shkoll\u00ebs s\u00eb mesme t\u00eb ardhshme, zgjedhja e tyre e par\u00eb n\u00eb list\u00ebn e d\u00ebshirave, p\u00ebrve\u00e7 Shkoll\u00ebs Mjek\u00ebsore &quot;Elizabet Haton&quot;, jan\u00eb infermier\u00ebt-edukator\u00ebt dhe teknik\u00ebt e doganave n\u00eb Bujanoc.<\/p>\n<p>\n\t&quot;K\u00ebshtu zgjodh\u00ebn shok\u00ebt tan\u00eb t\u00eb shkoll\u00ebs.&quot; Ne besojm\u00eb se k\u00ebto shkolla dhe drejtime ofrojn\u00eb mund\u00ebsit\u00eb m\u00eb t\u00eb mira p\u00ebr arsim t\u00eb m\u00ebtutjesh\u00ebm, por edhe p\u00ebr pun\u00eb \u201d, thon\u00eb t\u00eb diplomuarit nga Bujanoci.<\/p>\n<p>\n\tListat e d\u00ebshirave plot\u00ebsohen p\u00ebr fundjav\u00eb, nd\u00ebrsa regjistrimet fillojn\u00eb jav\u00ebn tjet\u00ebr.<\/p>\n<p>\n\tDrejtori i shkoll\u00ebs fillore &quot;Branko Radi\u010devi\u0107&quot;, Nenad Tasi\u0107, thot\u00eb se ai nuk i ka analizuar n\u00eb m\u00ebnyr\u00eb specifike listat e d\u00ebshirave, por se ai ka interesa n\u00eb drejtime t\u00eb ndryshme.<\/p>\n<p>\n\tSipas tij, maturant\u00ebt arrit\u00ebn rezultate solide n\u00eb provimet p\u00ebrfundimtare, n\u00eb p\u00ebrputhje me suksesin e tyre individual gjat\u00eb shkollimit t\u00eb tyre t\u00eb m\u00ebparsh\u00ebm.<\/p>\n<p>\n\t<strong>Burimi: Bujanova\u00e7ke dhe Trupi Koordinues<\/strong><\/p>\n<p>\n\t\u00a0<\/p>\n","protected":false},"excerpt":{"rendered":"<p>Bujanoc \u2013 Beograd\u00a0\u2013 Shumica e maturant\u00ebve t\u00eb Shkoll\u00ebs Fillore t\u00eb Bujanocit &quot;Branko Radi\u010devi\u0107&quot; d\u00ebshirojn\u00eb t\u00eb vazhdojn\u00eb shkollimin n\u00eb Shkoll\u00ebn Mjek\u00ebsore t\u00eb Vraj\u00ebs, pastaj n\u00eb &quot;Sveti Sava&quot; dhe Gjimnazin &quot;Bora Stankovi\u0107&quot;.<\/p>\n","protected":false},"author":1,"featured_media":109376,"comment_status":"closed","ping_status":"closed","sticky":false,"template":"","format":"standard","meta":{"footnotes":""},"categories":[55],"tags":[],"class_list":["post-109371","post","type-post","status-publish","format-standard","has-post-thumbnail","hentry","category-lajme"],"yoast_head":"<!-- This site is optimized with the Yoast SEO plugin v27.5 - https:\/\/yoast.com\/product\/yoast-seo-wordpress\/ -->\n<title>T\u00cb PARAT N\u00cb D\u00cbSHIRAT E MATURANT\u00cbVE JAN\u00cb SHKOLLA MEDICINALE N\u00cb VRAJ\u00cb, \u201cSVETI SAVA\u201d DHE GJIMNAZI - Republika e S\u00ebrbis\u00eb Trupi Koordinues p\u00ebr komunat Bujanoc, Preshev\u00eb dhe Medvegj\u00eb<\/title>\n<meta name=\"robots\" content=\"index, follow, max-snippet:-1, max-image-preview:large, max-video-preview:-1\" \/>\n<link rel=\"canonical\" href=\"https:\/\/kt.gov.rs\/sq\/te-parat-ne-deshirat-e-maturanteve-jane-shkolla-medicinale-ne-vraje-sveti-sava-dhe-gjimnazi\/\" \/>\n<meta property=\"og:locale\" content=\"sq_AL\" \/>\n<meta property=\"og:type\" content=\"article\" \/>\n<meta property=\"og:title\" content=\"T\u00cb PARAT N\u00cb D\u00cbSHIRAT E MATURANT\u00cbVE JAN\u00cb SHKOLLA MEDICINALE N\u00cb VRAJ\u00cb, \u201cSVETI SAVA\u201d DHE GJIMNAZI - Republika e S\u00ebrbis\u00eb Trupi Koordinues p\u00ebr komunat Bujanoc, Preshev\u00eb dhe Medvegj\u00eb\" \/>\n<meta property=\"og:description\" content=\"Bujanoc - Beograd\u00a0- Shumica e maturant\u00ebve t\u00eb Shkoll\u00ebs Fillore t\u00eb Bujanocit &quot;Branko Radi\u010devi\u0107&quot; d\u00ebshirojn\u00eb t\u00eb vazhdojn\u00eb shkollimin n\u00eb Shkoll\u00ebn Mjek\u00ebsore t\u00eb Vraj\u00ebs, pastaj n\u00eb &quot;Sveti Sava&quot; dhe Gjimnazin &quot;Bora Stankovi\u0107&quot;.\" \/>\n<meta property=\"og:url\" content=\"https:\/\/kt.gov.rs\/sq\/te-parat-ne-deshirat-e-maturanteve-jane-shkolla-medicinale-ne-vraje-sveti-sava-dhe-gjimnazi\/\" \/>\n<meta property=\"og:site_name\" content=\"Republika e S\u00ebrbis\u00eb Trupi Koordinues p\u00ebr komunat Bujanoc, Preshev\u00eb dhe Medvegj\u00eb\" \/>\n<meta property=\"article:publisher\" content=\"https:\/\/www.facebook.com\/SluzbaKoordinacionogTelaVladeRepublikeSrbije\" \/>\n<meta property=\"article:published_time\" content=\"2021-07-08T00:00:00+00:00\" \/>\n<meta property=\"article:modified_time\" content=\"2024-07-30T17:59:43+00:00\" \/>\n<meta property=\"og:image\" content=\"https:\/\/kt.gov.rs\/wp-content\/uploads\/2024\/07\/1625744922_080721_3-3.jpg\" \/>\n\t<meta property=\"og:image:width\" content=\"315\" \/>\n\t<meta property=\"og:image:height\" content=\"230\" \/>\n\t<meta property=\"og:image:type\" content=\"image\/jpeg\" \/>\n<meta name=\"author\" content=\"ktmin\" \/>\n<meta name=\"twitter:card\" content=\"summary_large_image\" \/>\n<meta name=\"twitter:creator\" content=\"@kt_gov\" \/>\n<meta name=\"twitter:site\" content=\"@kt_gov\" \/>\n<meta name=\"twitter:label1\" content=\"Written by\" \/>\n\t<meta name=\"twitter:data1\" content=\"ktmin\" \/>\n\t<meta name=\"twitter:label2\" content=\"Est. reading time\" \/>\n\t<meta name=\"twitter:data2\" content=\"2 minutes\" \/>\n<script type=\"application\/ld+json\" class=\"yoast-schema-graph\">{\"@context\":\"https:\\\/\\\/schema.org\",\"@graph\":[{\"@type\":\"Article\",\"@id\":\"https:\\\/\\\/kt.gov.rs\\\/sq\\\/te-parat-ne-deshirat-e-maturanteve-jane-shkolla-medicinale-ne-vraje-sveti-sava-dhe-gjimnazi\\\/#article\",\"isPartOf\":{\"@id\":\"https:\\\/\\\/kt.gov.rs\\\/sq\\\/te-parat-ne-deshirat-e-maturanteve-jane-shkolla-medicinale-ne-vraje-sveti-sava-dhe-gjimnazi\\\/\"},\"author\":{\"name\":\"ktmin\",\"@id\":\"https:\\\/\\\/kt.gov.rs\\\/#\\\/schema\\\/person\\\/e426459ddb4173309103390602694571\"},\"headline\":\"T\u00cb PARAT N\u00cb D\u00cbSHIRAT E MATURANT\u00cbVE JAN\u00cb SHKOLLA MEDICINALE N\u00cb VRAJ\u00cb, \u201cSVETI SAVA\u201d DHE GJIMNAZI\",\"datePublished\":\"2021-07-08T00:00:00+00:00\",\"dateModified\":\"2024-07-30T17:59:43+00:00\",\"mainEntityOfPage\":{\"@id\":\"https:\\\/\\\/kt.gov.rs\\\/sq\\\/te-parat-ne-deshirat-e-maturanteve-jane-shkolla-medicinale-ne-vraje-sveti-sava-dhe-gjimnazi\\\/\"},\"wordCount\":319,\"publisher\":{\"@id\":\"https:\\\/\\\/kt.gov.rs\\\/#organization\"},\"image\":{\"@id\":\"https:\\\/\\\/kt.gov.rs\\\/sq\\\/te-parat-ne-deshirat-e-maturanteve-jane-shkolla-medicinale-ne-vraje-sveti-sava-dhe-gjimnazi\\\/#primaryimage\"},\"thumbnailUrl\":\"https:\\\/\\\/kt.gov.rs\\\/wp-content\\\/uploads\\\/2024\\\/07\\\/1625744922_080721_3-3.jpg\",\"articleSection\":[\"Lajme\"],\"inLanguage\":\"sq-AL\"},{\"@type\":\"WebPage\",\"@id\":\"https:\\\/\\\/kt.gov.rs\\\/sq\\\/te-parat-ne-deshirat-e-maturanteve-jane-shkolla-medicinale-ne-vraje-sveti-sava-dhe-gjimnazi\\\/\",\"url\":\"https:\\\/\\\/kt.gov.rs\\\/sq\\\/te-parat-ne-deshirat-e-maturanteve-jane-shkolla-medicinale-ne-vraje-sveti-sava-dhe-gjimnazi\\\/\",\"name\":\"T\u00cb PARAT N\u00cb D\u00cbSHIRAT E MATURANT\u00cbVE JAN\u00cb SHKOLLA MEDICINALE N\u00cb VRAJ\u00cb, \u201cSVETI SAVA\u201d DHE GJIMNAZI - Republika e S\u00ebrbis\u00eb Trupi Koordinues p\u00ebr komunat Bujanoc, Preshev\u00eb dhe Medvegj\u00eb\",\"isPartOf\":{\"@id\":\"https:\\\/\\\/kt.gov.rs\\\/#website\"},\"primaryImageOfPage\":{\"@id\":\"https:\\\/\\\/kt.gov.rs\\\/sq\\\/te-parat-ne-deshirat-e-maturanteve-jane-shkolla-medicinale-ne-vraje-sveti-sava-dhe-gjimnazi\\\/#primaryimage\"},\"image\":{\"@id\":\"https:\\\/\\\/kt.gov.rs\\\/sq\\\/te-parat-ne-deshirat-e-maturanteve-jane-shkolla-medicinale-ne-vraje-sveti-sava-dhe-gjimnazi\\\/#primaryimage\"},\"thumbnailUrl\":\"https:\\\/\\\/kt.gov.rs\\\/wp-content\\\/uploads\\\/2024\\\/07\\\/1625744922_080721_3-3.jpg\",\"datePublished\":\"2021-07-08T00:00:00+00:00\",\"dateModified\":\"2024-07-30T17:59:43+00:00\",\"breadcrumb\":{\"@id\":\"https:\\\/\\\/kt.gov.rs\\\/sq\\\/te-parat-ne-deshirat-e-maturanteve-jane-shkolla-medicinale-ne-vraje-sveti-sava-dhe-gjimnazi\\\/#breadcrumb\"},\"inLanguage\":\"sq-AL\",\"potentialAction\":[{\"@type\":\"ReadAction\",\"target\":[\"https:\\\/\\\/kt.gov.rs\\\/sq\\\/te-parat-ne-deshirat-e-maturanteve-jane-shkolla-medicinale-ne-vraje-sveti-sava-dhe-gjimnazi\\\/\"]}]},{\"@type\":\"ImageObject\",\"inLanguage\":\"sq-AL\",\"@id\":\"https:\\\/\\\/kt.gov.rs\\\/sq\\\/te-parat-ne-deshirat-e-maturanteve-jane-shkolla-medicinale-ne-vraje-sveti-sava-dhe-gjimnazi\\\/#primaryimage\",\"url\":\"https:\\\/\\\/kt.gov.rs\\\/wp-content\\\/uploads\\\/2024\\\/07\\\/1625744922_080721_3-3.jpg\",\"contentUrl\":\"https:\\\/\\\/kt.gov.rs\\\/wp-content\\\/uploads\\\/2024\\\/07\\\/1625744922_080721_3-3.jpg\",\"width\":315,\"height\":230},{\"@type\":\"BreadcrumbList\",\"@id\":\"https:\\\/\\\/kt.gov.rs\\\/sq\\\/te-parat-ne-deshirat-e-maturanteve-jane-shkolla-medicinale-ne-vraje-sveti-sava-dhe-gjimnazi\\\/#breadcrumb\",\"itemListElement\":[{\"@type\":\"ListItem\",\"position\":1,\"name\":\"Po\u010detna\",\"item\":\"https:\\\/\\\/kt.gov.rs\\\/sq\\\/\"},{\"@type\":\"ListItem\",\"position\":2,\"name\":\"T\u00cb PARAT N\u00cb D\u00cbSHIRAT E MATURANT\u00cbVE JAN\u00cb SHKOLLA MEDICINALE N\u00cb VRAJ\u00cb, \u201cSVETI SAVA\u201d DHE GJIMNAZI\"}]},{\"@type\":\"WebSite\",\"@id\":\"https:\\\/\\\/kt.gov.rs\\\/#website\",\"url\":\"https:\\\/\\\/kt.gov.rs\\\/\",\"name\":\"Koordinaciono telo Vlade Republike Srbije za op\u0161tine Pre\u0161evo, Bujanovac i Medve\u0111a\",\"description\":\"\",\"publisher\":{\"@id\":\"https:\\\/\\\/kt.gov.rs\\\/#organization\"},\"alternateName\":\"Koordinaciono telo\",\"potentialAction\":[{\"@type\":\"SearchAction\",\"target\":{\"@type\":\"EntryPoint\",\"urlTemplate\":\"https:\\\/\\\/kt.gov.rs\\\/?s={search_term_string}\"},\"query-input\":{\"@type\":\"PropertyValueSpecification\",\"valueRequired\":true,\"valueName\":\"search_term_string\"}}],\"inLanguage\":\"sq-AL\"},{\"@type\":\"Organization\",\"@id\":\"https:\\\/\\\/kt.gov.rs\\\/#organization\",\"name\":\"Koordinaciono telo Vlade Republike Srbije za op\u0161tine Pre\u0161evo, Bujanovac i Medve\u0111a\",\"alternateName\":\"Koordinaciono telo\",\"url\":\"https:\\\/\\\/kt.gov.rs\\\/\",\"logo\":{\"@type\":\"ImageObject\",\"inLanguage\":\"sq-AL\",\"@id\":\"https:\\\/\\\/kt.gov.rs\\\/#\\\/schema\\\/logo\\\/image\\\/\",\"url\":\"https:\\\/\\\/kt.gov.rs\\\/wp-content\\\/uploads\\\/2024\\\/12\\\/koord2.jpg\",\"contentUrl\":\"https:\\\/\\\/kt.gov.rs\\\/wp-content\\\/uploads\\\/2024\\\/12\\\/koord2.jpg\",\"width\":640,\"height\":480,\"caption\":\"Koordinaciono telo Vlade Republike Srbije za op\u0161tine Pre\u0161evo, Bujanovac i Medve\u0111a\"},\"image\":{\"@id\":\"https:\\\/\\\/kt.gov.rs\\\/#\\\/schema\\\/logo\\\/image\\\/\"},\"sameAs\":[\"https:\\\/\\\/www.facebook.com\\\/SluzbaKoordinacionogTelaVladeRepublikeSrbije\",\"https:\\\/\\\/x.com\\\/kt_gov\",\"https:\\\/\\\/www.youtube.com\\\/@koordinacionotelo\"]},{\"@type\":\"Person\",\"@id\":\"https:\\\/\\\/kt.gov.rs\\\/#\\\/schema\\\/person\\\/e426459ddb4173309103390602694571\",\"name\":\"ktmin\",\"image\":{\"@type\":\"ImageObject\",\"inLanguage\":\"sq-AL\",\"@id\":\"https:\\\/\\\/secure.gravatar.com\\\/avatar\\\/3985c961109853010c3fbc7ba30365bfba5db3dd6c525831d9c595c7525a615a?s=96&d=mm&r=g\",\"url\":\"https:\\\/\\\/secure.gravatar.com\\\/avatar\\\/3985c961109853010c3fbc7ba30365bfba5db3dd6c525831d9c595c7525a615a?s=96&d=mm&r=g\",\"contentUrl\":\"https:\\\/\\\/secure.gravatar.com\\\/avatar\\\/3985c961109853010c3fbc7ba30365bfba5db3dd6c525831d9c595c7525a615a?s=96&d=mm&r=g\",\"caption\":\"ktmin\"},\"sameAs\":[\"https:\\\/\\\/kt.gov.rs\"],\"url\":\"https:\\\/\\\/kt.gov.rs\\\/sq\\\/author\\\/ktmin\\\/\"}]}<\/script>\n<!-- \/ Yoast SEO plugin. -->","yoast_head_json":{"title":"T\u00cb PARAT N\u00cb D\u00cbSHIRAT E MATURANT\u00cbVE JAN\u00cb SHKOLLA MEDICINALE N\u00cb VRAJ\u00cb, \u201cSVETI SAVA\u201d DHE GJIMNAZI - Republika e S\u00ebrbis\u00eb Trupi Koordinues p\u00ebr komunat Bujanoc, Preshev\u00eb dhe Medvegj\u00eb","robots":{"index":"index","follow":"follow","max-snippet":"max-snippet:-1","max-image-preview":"max-image-preview:large","max-video-preview":"max-video-preview:-1"},"canonical":"https:\/\/kt.gov.rs\/sq\/te-parat-ne-deshirat-e-maturanteve-jane-shkolla-medicinale-ne-vraje-sveti-sava-dhe-gjimnazi\/","og_locale":"sq_AL","og_type":"article","og_title":"T\u00cb PARAT N\u00cb D\u00cbSHIRAT E MATURANT\u00cbVE JAN\u00cb SHKOLLA MEDICINALE N\u00cb VRAJ\u00cb, \u201cSVETI SAVA\u201d DHE GJIMNAZI - Republika e S\u00ebrbis\u00eb Trupi Koordinues p\u00ebr komunat Bujanoc, Preshev\u00eb dhe Medvegj\u00eb","og_description":"Bujanoc - Beograd\u00a0- Shumica e maturant\u00ebve t\u00eb Shkoll\u00ebs Fillore t\u00eb Bujanocit &quot;Branko Radi\u010devi\u0107&quot; d\u00ebshirojn\u00eb t\u00eb vazhdojn\u00eb shkollimin n\u00eb Shkoll\u00ebn Mjek\u00ebsore t\u00eb Vraj\u00ebs, pastaj n\u00eb &quot;Sveti Sava&quot; dhe Gjimnazin &quot;Bora Stankovi\u0107&quot;.","og_url":"https:\/\/kt.gov.rs\/sq\/te-parat-ne-deshirat-e-maturanteve-jane-shkolla-medicinale-ne-vraje-sveti-sava-dhe-gjimnazi\/","og_site_name":"Republika e S\u00ebrbis\u00eb Trupi Koordinues p\u00ebr komunat Bujanoc, Preshev\u00eb dhe Medvegj\u00eb","article_publisher":"https:\/\/www.facebook.com\/SluzbaKoordinacionogTelaVladeRepublikeSrbije","article_published_time":"2021-07-08T00:00:00+00:00","article_modified_time":"2024-07-30T17:59:43+00:00","og_image":[{"width":315,"height":230,"url":"https:\/\/kt.gov.rs\/wp-content\/uploads\/2024\/07\/1625744922_080721_3-3.jpg","type":"image\/jpeg"}],"author":"ktmin","twitter_card":"summary_large_image","twitter_creator":"@kt_gov","twitter_site":"@kt_gov","twitter_misc":{"Written by":"ktmin","Est. reading time":"2 minutes"},"schema":{"@context":"https:\/\/schema.org","@graph":[{"@type":"Article","@id":"https:\/\/kt.gov.rs\/sq\/te-parat-ne-deshirat-e-maturanteve-jane-shkolla-medicinale-ne-vraje-sveti-sava-dhe-gjimnazi\/#article","isPartOf":{"@id":"https:\/\/kt.gov.rs\/sq\/te-parat-ne-deshirat-e-maturanteve-jane-shkolla-medicinale-ne-vraje-sveti-sava-dhe-gjimnazi\/"},"author":{"name":"ktmin","@id":"https:\/\/kt.gov.rs\/#\/schema\/person\/e426459ddb4173309103390602694571"},"headline":"T\u00cb PARAT N\u00cb D\u00cbSHIRAT E MATURANT\u00cbVE JAN\u00cb SHKOLLA MEDICINALE N\u00cb VRAJ\u00cb, \u201cSVETI SAVA\u201d DHE GJIMNAZI","datePublished":"2021-07-08T00:00:00+00:00","dateModified":"2024-07-30T17:59:43+00:00","mainEntityOfPage":{"@id":"https:\/\/kt.gov.rs\/sq\/te-parat-ne-deshirat-e-maturanteve-jane-shkolla-medicinale-ne-vraje-sveti-sava-dhe-gjimnazi\/"},"wordCount":319,"publisher":{"@id":"https:\/\/kt.gov.rs\/#organization"},"image":{"@id":"https:\/\/kt.gov.rs\/sq\/te-parat-ne-deshirat-e-maturanteve-jane-shkolla-medicinale-ne-vraje-sveti-sava-dhe-gjimnazi\/#primaryimage"},"thumbnailUrl":"https:\/\/kt.gov.rs\/wp-content\/uploads\/2024\/07\/1625744922_080721_3-3.jpg","articleSection":["Lajme"],"inLanguage":"sq-AL"},{"@type":"WebPage","@id":"https:\/\/kt.gov.rs\/sq\/te-parat-ne-deshirat-e-maturanteve-jane-shkolla-medicinale-ne-vraje-sveti-sava-dhe-gjimnazi\/","url":"https:\/\/kt.gov.rs\/sq\/te-parat-ne-deshirat-e-maturanteve-jane-shkolla-medicinale-ne-vraje-sveti-sava-dhe-gjimnazi\/","name":"T\u00cb PARAT N\u00cb D\u00cbSHIRAT E MATURANT\u00cbVE JAN\u00cb SHKOLLA MEDICINALE N\u00cb VRAJ\u00cb, \u201cSVETI SAVA\u201d DHE GJIMNAZI - Republika e S\u00ebrbis\u00eb Trupi Koordinues p\u00ebr komunat Bujanoc, Preshev\u00eb dhe Medvegj\u00eb","isPartOf":{"@id":"https:\/\/kt.gov.rs\/#website"},"primaryImageOfPage":{"@id":"https:\/\/kt.gov.rs\/sq\/te-parat-ne-deshirat-e-maturanteve-jane-shkolla-medicinale-ne-vraje-sveti-sava-dhe-gjimnazi\/#primaryimage"},"image":{"@id":"https:\/\/kt.gov.rs\/sq\/te-parat-ne-deshirat-e-maturanteve-jane-shkolla-medicinale-ne-vraje-sveti-sava-dhe-gjimnazi\/#primaryimage"},"thumbnailUrl":"https:\/\/kt.gov.rs\/wp-content\/uploads\/2024\/07\/1625744922_080721_3-3.jpg","datePublished":"2021-07-08T00:00:00+00:00","dateModified":"2024-07-30T17:59:43+00:00","breadcrumb":{"@id":"https:\/\/kt.gov.rs\/sq\/te-parat-ne-deshirat-e-maturanteve-jane-shkolla-medicinale-ne-vraje-sveti-sava-dhe-gjimnazi\/#breadcrumb"},"inLanguage":"sq-AL","potentialAction":[{"@type":"ReadAction","target":["https:\/\/kt.gov.rs\/sq\/te-parat-ne-deshirat-e-maturanteve-jane-shkolla-medicinale-ne-vraje-sveti-sava-dhe-gjimnazi\/"]}]},{"@type":"ImageObject","inLanguage":"sq-AL","@id":"https:\/\/kt.gov.rs\/sq\/te-parat-ne-deshirat-e-maturanteve-jane-shkolla-medicinale-ne-vraje-sveti-sava-dhe-gjimnazi\/#primaryimage","url":"https:\/\/kt.gov.rs\/wp-content\/uploads\/2024\/07\/1625744922_080721_3-3.jpg","contentUrl":"https:\/\/kt.gov.rs\/wp-content\/uploads\/2024\/07\/1625744922_080721_3-3.jpg","width":315,"height":230},{"@type":"BreadcrumbList","@id":"https:\/\/kt.gov.rs\/sq\/te-parat-ne-deshirat-e-maturanteve-jane-shkolla-medicinale-ne-vraje-sveti-sava-dhe-gjimnazi\/#breadcrumb","itemListElement":[{"@type":"ListItem","position":1,"name":"Po\u010detna","item":"https:\/\/kt.gov.rs\/sq\/"},{"@type":"ListItem","position":2,"name":"T\u00cb PARAT N\u00cb D\u00cbSHIRAT E MATURANT\u00cbVE JAN\u00cb SHKOLLA MEDICINALE N\u00cb VRAJ\u00cb, \u201cSVETI SAVA\u201d DHE GJIMNAZI"}]},{"@type":"WebSite","@id":"https:\/\/kt.gov.rs\/#website","url":"https:\/\/kt.gov.rs\/","name":"Koordinaciono telo Vlade Republike Srbije za op\u0161tine Pre\u0161evo, Bujanovac i Medve\u0111a","description":"","publisher":{"@id":"https:\/\/kt.gov.rs\/#organization"},"alternateName":"Koordinaciono telo","potentialAction":[{"@type":"SearchAction","target":{"@type":"EntryPoint","urlTemplate":"https:\/\/kt.gov.rs\/?s={search_term_string}"},"query-input":{"@type":"PropertyValueSpecification","valueRequired":true,"valueName":"search_term_string"}}],"inLanguage":"sq-AL"},{"@type":"Organization","@id":"https:\/\/kt.gov.rs\/#organization","name":"Koordinaciono telo Vlade Republike Srbije za op\u0161tine Pre\u0161evo, Bujanovac i Medve\u0111a","alternateName":"Koordinaciono telo","url":"https:\/\/kt.gov.rs\/","logo":{"@type":"ImageObject","inLanguage":"sq-AL","@id":"https:\/\/kt.gov.rs\/#\/schema\/logo\/image\/","url":"https:\/\/kt.gov.rs\/wp-content\/uploads\/2024\/12\/koord2.jpg","contentUrl":"https:\/\/kt.gov.rs\/wp-content\/uploads\/2024\/12\/koord2.jpg","width":640,"height":480,"caption":"Koordinaciono telo Vlade Republike Srbije za op\u0161tine Pre\u0161evo, Bujanovac i Medve\u0111a"},"image":{"@id":"https:\/\/kt.gov.rs\/#\/schema\/logo\/image\/"},"sameAs":["https:\/\/www.facebook.com\/SluzbaKoordinacionogTelaVladeRepublikeSrbije","https:\/\/x.com\/kt_gov","https:\/\/www.youtube.com\/@koordinacionotelo"]},{"@type":"Person","@id":"https:\/\/kt.gov.rs\/#\/schema\/person\/e426459ddb4173309103390602694571","name":"ktmin","image":{"@type":"ImageObject","inLanguage":"sq-AL","@id":"https:\/\/secure.gravatar.com\/avatar\/3985c961109853010c3fbc7ba30365bfba5db3dd6c525831d9c595c7525a615a?s=96&d=mm&r=g","url":"https:\/\/secure.gravatar.com\/avatar\/3985c961109853010c3fbc7ba30365bfba5db3dd6c525831d9c595c7525a615a?s=96&d=mm&r=g","contentUrl":"https:\/\/secure.gravatar.com\/avatar\/3985c961109853010c3fbc7ba30365bfba5db3dd6c525831d9c595c7525a615a?s=96&d=mm&r=g","caption":"ktmin"},"sameAs":["https:\/\/kt.gov.rs"],"url":"https:\/\/kt.gov.rs\/sq\/author\/ktmin\/"}]}},"_links":{"self":[{"href":"https:\/\/kt.gov.rs\/sq\/wp-json\/wp\/v2\/posts\/109371","targetHints":{"allow":["GET"]}}],"collection":[{"href":"https:\/\/kt.gov.rs\/sq\/wp-json\/wp\/v2\/posts"}],"about":[{"href":"https:\/\/kt.gov.rs\/sq\/wp-json\/wp\/v2\/types\/post"}],"author":[{"embeddable":true,"href":"https:\/\/kt.gov.rs\/sq\/wp-json\/wp\/v2\/users\/1"}],"replies":[{"embeddable":true,"href":"https:\/\/kt.gov.rs\/sq\/wp-json\/wp\/v2\/comments?post=109371"}],"version-history":[{"count":1,"href":"https:\/\/kt.gov.rs\/sq\/wp-json\/wp\/v2\/posts\/109371\/revisions"}],"predecessor-version":[{"id":109375,"href":"https:\/\/kt.gov.rs\/sq\/wp-json\/wp\/v2\/posts\/109371\/revisions\/109375"}],"wp:featuredmedia":[{"embeddable":true,"href":"https:\/\/kt.gov.rs\/sq\/wp-json\/wp\/v2\/media\/109376"}],"wp:attachment":[{"href":"https:\/\/kt.gov.rs\/sq\/wp-json\/wp\/v2\/media?parent=109371"}],"wp:term":[{"taxonomy":"category","embeddable":true,"href":"https:\/\/kt.gov.rs\/sq\/wp-json\/wp\/v2\/categories?post=109371"},{"taxonomy":"post_tag","embeddable":true,"href":"https:\/\/kt.gov.rs\/sq\/wp-json\/wp\/v2\/tags?post=109371"}],"curies":[{"name":"wp","href":"https:\/\/api.w.org\/{rel}","templated":true}]}}