{"id":109347,"date":"2021-07-12T00:00:00","date_gmt":"2021-07-12T00:00:00","guid":{"rendered":"http:\/\/kt.printandscreen.rs\/nje-zjarr-i-madh-ne-rakovce-zjarrfikesit-e-bujanocit-parandaluan-katastrofen\/"},"modified":"2024-07-30T17:59:41","modified_gmt":"2024-07-30T17:59:41","slug":"nje-zjarr-i-madh-ne-rakovce-zjarrfikesit-e-bujanocit-parandaluan-katastrofen","status":"publish","type":"post","link":"https:\/\/kt.gov.rs\/sq\/nje-zjarr-i-madh-ne-rakovce-zjarrfikesit-e-bujanocit-parandaluan-katastrofen\/","title":{"rendered":"NJ\u00cb ZJARR I MADH N\u00cb RAKOVC\u00cb, ZJARRFIK\u00cbSIT E BUJANOCIT PARANDALUAN KATASTROF\u00cbN"},"content":{"rendered":"<p>\n\t<strong><img decoding=\"async\" alt=\"\" src=\"https:\/\/kt.gov.rs\/wp-content\/uploads\/2024\/07\/1626089581_120721_2-2.jpg\" style=\"width: 315px; height: 230px; float: left;\" \/>Bujanoc \u2013 Beograd\u00a0<\/strong>\u2013\u00a0Me nj\u00eb veprim t\u00eb rrufesh\u00ebm dhe sakrific\u00eb t\u00eb zjarrfik\u00ebsve t\u00eb Bujanovcit n\u00eb Rakovc\u00eb m\u00eb 11 korrik, kur shp\u00ebrtheu nj\u00eb zjarr n\u00eb nj\u00eb punishte zdrukth\u00ebtarie, u parandalua nj\u00eb katastrof\u00eb me p\u00ebrmasa t\u00eb papara.<\/p>\n<p>\n\t&quot;Ekipet e zjarrfik\u00ebsve arrit\u00ebn vet\u00ebm disa minuta pas telefonat\u00ebs. N\u00ebse ata nuk do t\u00eb kishin reaguar kaq shpejt dhe nuk do t\u00eb b\u00ebnin m\u00eb t\u00eb mir\u00ebn, gjith\u00e7ka do t\u00eb digjej \u2013 si punishtja ashtu edhe sht\u00ebpia. Me ardhjen e tyre, zjarri nuk arriti n\u00eb materialet e ndezshme q\u00eb p\u00ebrdorim n\u00eb pun\u00ebn ton\u00eb, t\u00eb cilat do t\u00eb ishin nj\u00eb katastrof\u00eb e v\u00ebrtet\u00eb \u201d, thot\u00eb pronari i punishtes, i cili fal\u00ebnderoi zjarrfik\u00ebsit e Bujanovcit.<\/p>\n<p>\n\tSi\u00e7 shpjegoi ai, zjarri shp\u00ebrtheu n\u00eb thar\u00ebse t\u00eb Diel\u00ebn n\u00eb m\u00ebngjes pas or\u00ebs 6, e cila n\u00eb at\u00eb koh\u00eb p\u00ebrmbante rreth 15 metra kub d\u00ebrrasa. Pronari thekson se punishtja ka nj\u00eb sistem zjarrfik\u00ebs i cili ishte i pap\u00ebrdorsh\u00ebm p\u00ebr shkak \u00a0t\u00eb ujit.\u00a0<\/p>\n<p>\n\t\u201cTymi dhe zjarri u vun\u00eb re nga nj\u00eb fqinj, i cili na lajm\u00ebroi dhe ne menj\u00ebher\u00eb thirr\u00ebm zjarrfik\u00ebsit. N\u00ebse presioni i ujit do t\u00eb ishte n\u00eb nivelin e duhur kjo nuk do t\u00eb kishte ndodhur sepse kemi t\u00eb instaluar nj\u00eb sistem zjarrfik\u00ebs por nuk kishte uj\u00eb. &quot;Zjarrfik\u00ebsit shp\u00ebtuan fjal\u00eb p\u00ebr fjal\u00eb t\u00eb gjith\u00eb familjen ton\u00eb&quot; tha ky nga Rakovici i cili d\u00ebshironte t\u00eb mbetet anonim.<\/p>\n<p>\n\tSipas tij, d\u00ebmtimi i nd\u00ebrtes\u00ebs ku ishte thar\u00ebsi \u00a0\u00ebsht\u00eb total por i pap\u00ebrfillsh\u00ebm n\u00eb krahasim me at\u00eb q\u00eb mund t\u00eb kishte ndodhur n\u00ebse zjarri nuk do t\u00eb ndalohej me koh\u00eb. Ai shtoi se zjarri u shkaktua nga instalimi.<\/p>\n<p>\n\t<strong>Burimi: Bujanova\u00e7ke dhe Trupi Koordinues<\/strong><\/p>\n<p>\n\t\u00a0<\/p>\n","protected":false},"excerpt":{"rendered":"<p>Bujanoc \u2013 Beograd\u00a0\u2013\u00a0Me nj\u00eb veprim t\u00eb rrufesh\u00ebm dhe sakrific\u00eb t\u00eb zjarrfik\u00ebsve t\u00eb Bujanovcit n\u00eb Rakovc\u00eb m\u00eb 11 korrik, kur shp\u00ebrtheu nj\u00eb zjarr n\u00eb nj\u00eb punishte zdrukth\u00ebtarie, u parandalua nj\u00eb katastrof\u00eb me p\u00ebrmasa t\u00eb papara.<\/p>\n","protected":false},"author":1,"featured_media":109352,"comment_status":"closed","ping_status":"closed","sticky":false,"template":"","format":"standard","meta":{"footnotes":""},"categories":[55],"tags":[],"class_list":["post-109347","post","type-post","status-publish","format-standard","has-post-thumbnail","hentry","category-lajme"],"yoast_head":"<!-- This site is optimized with the Yoast SEO plugin v27.5 - https:\/\/yoast.com\/product\/yoast-seo-wordpress\/ -->\n<title>NJ\u00cb ZJARR I MADH N\u00cb RAKOVC\u00cb, ZJARRFIK\u00cbSIT E BUJANOCIT PARANDALUAN KATASTROF\u00cbN - Republika e S\u00ebrbis\u00eb Trupi Koordinues p\u00ebr komunat Bujanoc, Preshev\u00eb dhe Medvegj\u00eb<\/title>\n<meta name=\"robots\" content=\"index, follow, max-snippet:-1, max-image-preview:large, max-video-preview:-1\" \/>\n<link rel=\"canonical\" href=\"https:\/\/kt.gov.rs\/sq\/nje-zjarr-i-madh-ne-rakovce-zjarrfikesit-e-bujanocit-parandaluan-katastrofen\/\" \/>\n<meta property=\"og:locale\" content=\"sq_AL\" \/>\n<meta property=\"og:type\" content=\"article\" \/>\n<meta property=\"og:title\" content=\"NJ\u00cb ZJARR I MADH N\u00cb RAKOVC\u00cb, ZJARRFIK\u00cbSIT E BUJANOCIT PARANDALUAN KATASTROF\u00cbN - Republika e S\u00ebrbis\u00eb Trupi Koordinues p\u00ebr komunat Bujanoc, Preshev\u00eb dhe Medvegj\u00eb\" \/>\n<meta property=\"og:description\" content=\"Bujanoc - Beograd\u00a0-\u00a0Me nj\u00eb veprim t\u00eb rrufesh\u00ebm dhe sakrific\u00eb t\u00eb zjarrfik\u00ebsve t\u00eb Bujanovcit n\u00eb Rakovc\u00eb m\u00eb 11 korrik, kur shp\u00ebrtheu nj\u00eb zjarr n\u00eb nj\u00eb punishte zdrukth\u00ebtarie, u parandalua nj\u00eb katastrof\u00eb me p\u00ebrmasa t\u00eb papara.\" \/>\n<meta property=\"og:url\" content=\"https:\/\/kt.gov.rs\/sq\/nje-zjarr-i-madh-ne-rakovce-zjarrfikesit-e-bujanocit-parandaluan-katastrofen\/\" \/>\n<meta property=\"og:site_name\" content=\"Republika e S\u00ebrbis\u00eb Trupi Koordinues p\u00ebr komunat Bujanoc, Preshev\u00eb dhe Medvegj\u00eb\" \/>\n<meta property=\"article:publisher\" content=\"https:\/\/www.facebook.com\/SluzbaKoordinacionogTelaVladeRepublikeSrbije\" \/>\n<meta property=\"article:published_time\" content=\"2021-07-12T00:00:00+00:00\" \/>\n<meta property=\"article:modified_time\" content=\"2024-07-30T17:59:41+00:00\" \/>\n<meta property=\"og:image\" content=\"https:\/\/kt.gov.rs\/wp-content\/uploads\/2024\/07\/1626089581_120721_2-3.jpg\" \/>\n\t<meta property=\"og:image:width\" content=\"315\" \/>\n\t<meta property=\"og:image:height\" content=\"230\" \/>\n\t<meta property=\"og:image:type\" content=\"image\/jpeg\" \/>\n<meta name=\"author\" content=\"ktmin\" \/>\n<meta name=\"twitter:card\" content=\"summary_large_image\" \/>\n<meta name=\"twitter:creator\" content=\"@kt_gov\" \/>\n<meta name=\"twitter:site\" content=\"@kt_gov\" \/>\n<meta name=\"twitter:label1\" content=\"Written by\" \/>\n\t<meta name=\"twitter:data1\" content=\"ktmin\" \/>\n\t<meta name=\"twitter:label2\" content=\"Est. reading time\" \/>\n\t<meta name=\"twitter:data2\" content=\"2 minutes\" \/>\n<script type=\"application\/ld+json\" class=\"yoast-schema-graph\">{\"@context\":\"https:\\\/\\\/schema.org\",\"@graph\":[{\"@type\":\"Article\",\"@id\":\"https:\\\/\\\/kt.gov.rs\\\/sq\\\/nje-zjarr-i-madh-ne-rakovce-zjarrfikesit-e-bujanocit-parandaluan-katastrofen\\\/#article\",\"isPartOf\":{\"@id\":\"https:\\\/\\\/kt.gov.rs\\\/sq\\\/nje-zjarr-i-madh-ne-rakovce-zjarrfikesit-e-bujanocit-parandaluan-katastrofen\\\/\"},\"author\":{\"name\":\"ktmin\",\"@id\":\"https:\\\/\\\/kt.gov.rs\\\/#\\\/schema\\\/person\\\/e426459ddb4173309103390602694571\"},\"headline\":\"NJ\u00cb ZJARR I MADH N\u00cb RAKOVC\u00cb, ZJARRFIK\u00cbSIT E BUJANOCIT PARANDALUAN KATASTROF\u00cbN\",\"datePublished\":\"2021-07-12T00:00:00+00:00\",\"dateModified\":\"2024-07-30T17:59:41+00:00\",\"mainEntityOfPage\":{\"@id\":\"https:\\\/\\\/kt.gov.rs\\\/sq\\\/nje-zjarr-i-madh-ne-rakovce-zjarrfikesit-e-bujanocit-parandaluan-katastrofen\\\/\"},\"wordCount\":435,\"publisher\":{\"@id\":\"https:\\\/\\\/kt.gov.rs\\\/#organization\"},\"image\":{\"@id\":\"https:\\\/\\\/kt.gov.rs\\\/sq\\\/nje-zjarr-i-madh-ne-rakovce-zjarrfikesit-e-bujanocit-parandaluan-katastrofen\\\/#primaryimage\"},\"thumbnailUrl\":\"https:\\\/\\\/kt.gov.rs\\\/wp-content\\\/uploads\\\/2024\\\/07\\\/1626089581_120721_2-3.jpg\",\"articleSection\":[\"Lajme\"],\"inLanguage\":\"sq-AL\"},{\"@type\":\"WebPage\",\"@id\":\"https:\\\/\\\/kt.gov.rs\\\/sq\\\/nje-zjarr-i-madh-ne-rakovce-zjarrfikesit-e-bujanocit-parandaluan-katastrofen\\\/\",\"url\":\"https:\\\/\\\/kt.gov.rs\\\/sq\\\/nje-zjarr-i-madh-ne-rakovce-zjarrfikesit-e-bujanocit-parandaluan-katastrofen\\\/\",\"name\":\"NJ\u00cb ZJARR I MADH N\u00cb RAKOVC\u00cb, ZJARRFIK\u00cbSIT E BUJANOCIT PARANDALUAN KATASTROF\u00cbN - Republika e S\u00ebrbis\u00eb Trupi Koordinues p\u00ebr komunat Bujanoc, Preshev\u00eb dhe Medvegj\u00eb\",\"isPartOf\":{\"@id\":\"https:\\\/\\\/kt.gov.rs\\\/#website\"},\"primaryImageOfPage\":{\"@id\":\"https:\\\/\\\/kt.gov.rs\\\/sq\\\/nje-zjarr-i-madh-ne-rakovce-zjarrfikesit-e-bujanocit-parandaluan-katastrofen\\\/#primaryimage\"},\"image\":{\"@id\":\"https:\\\/\\\/kt.gov.rs\\\/sq\\\/nje-zjarr-i-madh-ne-rakovce-zjarrfikesit-e-bujanocit-parandaluan-katastrofen\\\/#primaryimage\"},\"thumbnailUrl\":\"https:\\\/\\\/kt.gov.rs\\\/wp-content\\\/uploads\\\/2024\\\/07\\\/1626089581_120721_2-3.jpg\",\"datePublished\":\"2021-07-12T00:00:00+00:00\",\"dateModified\":\"2024-07-30T17:59:41+00:00\",\"breadcrumb\":{\"@id\":\"https:\\\/\\\/kt.gov.rs\\\/sq\\\/nje-zjarr-i-madh-ne-rakovce-zjarrfikesit-e-bujanocit-parandaluan-katastrofen\\\/#breadcrumb\"},\"inLanguage\":\"sq-AL\",\"potentialAction\":[{\"@type\":\"ReadAction\",\"target\":[\"https:\\\/\\\/kt.gov.rs\\\/sq\\\/nje-zjarr-i-madh-ne-rakovce-zjarrfikesit-e-bujanocit-parandaluan-katastrofen\\\/\"]}]},{\"@type\":\"ImageObject\",\"inLanguage\":\"sq-AL\",\"@id\":\"https:\\\/\\\/kt.gov.rs\\\/sq\\\/nje-zjarr-i-madh-ne-rakovce-zjarrfikesit-e-bujanocit-parandaluan-katastrofen\\\/#primaryimage\",\"url\":\"https:\\\/\\\/kt.gov.rs\\\/wp-content\\\/uploads\\\/2024\\\/07\\\/1626089581_120721_2-3.jpg\",\"contentUrl\":\"https:\\\/\\\/kt.gov.rs\\\/wp-content\\\/uploads\\\/2024\\\/07\\\/1626089581_120721_2-3.jpg\",\"width\":315,\"height\":230},{\"@type\":\"BreadcrumbList\",\"@id\":\"https:\\\/\\\/kt.gov.rs\\\/sq\\\/nje-zjarr-i-madh-ne-rakovce-zjarrfikesit-e-bujanocit-parandaluan-katastrofen\\\/#breadcrumb\",\"itemListElement\":[{\"@type\":\"ListItem\",\"position\":1,\"name\":\"\u041f\u043e\u0447\u0435\u0442\u043d\u0430\",\"item\":\"https:\\\/\\\/kt.gov.rs\\\/sq\\\/\"},{\"@type\":\"ListItem\",\"position\":2,\"name\":\"NJ\u00cb ZJARR I MADH N\u00cb RAKOVC\u00cb, ZJARRFIK\u00cbSIT E BUJANOCIT PARANDALUAN KATASTROF\u00cbN\"}]},{\"@type\":\"WebSite\",\"@id\":\"https:\\\/\\\/kt.gov.rs\\\/#website\",\"url\":\"https:\\\/\\\/kt.gov.rs\\\/\",\"name\":\"\u041a\u043e\u043e\u0440\u0434\u0438\u043d\u0430\u0446\u0438\u043e\u043d\u043e \u0442\u0435\u043b\u043e \u0412\u043b\u0430\u0434\u0435 \u0420\u0435\u043f\u0443\u0431\u043b\u0438\u043a\u0435 \u0421\u0440\u0431\u0438\u0458\u0435 \u0437\u0430 \u043e\u043f\u0448\u0442\u0438\u043d\u0435 \u041f\u0440\u0435\u0448\u0435\u0432\u043e, \u0411\u0443\u0458\u0430\u043d\u043e\u0432\u0430\u0446 \u0438 \u041c\u0435\u0434\u0432\u0435\u0452a\",\"description\":\"\",\"publisher\":{\"@id\":\"https:\\\/\\\/kt.gov.rs\\\/#organization\"},\"alternateName\":\"\u041a\u043e\u043e\u0440\u0434\u0438\u043d\u0430\u0446\u0438\u043e\u043d\u043e \u0442\u0435\u043b\u043e\",\"potentialAction\":[{\"@type\":\"SearchAction\",\"target\":{\"@type\":\"EntryPoint\",\"urlTemplate\":\"https:\\\/\\\/kt.gov.rs\\\/?s={search_term_string}\"},\"query-input\":{\"@type\":\"PropertyValueSpecification\",\"valueRequired\":true,\"valueName\":\"search_term_string\"}}],\"inLanguage\":\"sq-AL\"},{\"@type\":\"Organization\",\"@id\":\"https:\\\/\\\/kt.gov.rs\\\/#organization\",\"name\":\"\u041a\u043e\u043e\u0440\u0434\u0438\u043d\u0430\u0446\u0438\u043e\u043d\u043e \u0442\u0435\u043b\u043e \u0412\u043b\u0430\u0434\u0435 \u0420\u0435\u043f\u0443\u0431\u043b\u0438\u043a\u0435 \u0421\u0440\u0431\u0438\u0458\u0435 \u0437\u0430 \u043e\u043f\u0448\u0442\u0438\u043d\u0435 \u041f\u0440\u0435\u0448\u0435\u0432\u043e, \u0411\u0443\u0458\u0430\u043d\u043e\u0432\u0430\u0446 \u0438 \u041c\u0435\u0434\u0432\u0435\u0452a\",\"alternateName\":\"\u041a\u043e\u043e\u0440\u0434\u0438\u043d\u0430\u0446\u0438\u043e\u043d\u043e \u0442\u0435\u043b\u043e\",\"url\":\"https:\\\/\\\/kt.gov.rs\\\/\",\"logo\":{\"@type\":\"ImageObject\",\"inLanguage\":\"sq-AL\",\"@id\":\"https:\\\/\\\/kt.gov.rs\\\/#\\\/schema\\\/logo\\\/image\\\/\",\"url\":\"https:\\\/\\\/kt.gov.rs\\\/wp-content\\\/uploads\\\/2024\\\/12\\\/koord2.jpg\",\"contentUrl\":\"https:\\\/\\\/kt.gov.rs\\\/wp-content\\\/uploads\\\/2024\\\/12\\\/koord2.jpg\",\"width\":640,\"height\":480,\"caption\":\"\u041a\u043e\u043e\u0440\u0434\u0438\u043d\u0430\u0446\u0438\u043e\u043d\u043e \u0442\u0435\u043b\u043e \u0412\u043b\u0430\u0434\u0435 \u0420\u0435\u043f\u0443\u0431\u043b\u0438\u043a\u0435 \u0421\u0440\u0431\u0438\u0458\u0435 \u0437\u0430 \u043e\u043f\u0448\u0442\u0438\u043d\u0435 \u041f\u0440\u0435\u0448\u0435\u0432\u043e, \u0411\u0443\u0458\u0430\u043d\u043e\u0432\u0430\u0446 \u0438 \u041c\u0435\u0434\u0432\u0435\u0452a\"},\"image\":{\"@id\":\"https:\\\/\\\/kt.gov.rs\\\/#\\\/schema\\\/logo\\\/image\\\/\"},\"sameAs\":[\"https:\\\/\\\/www.facebook.com\\\/SluzbaKoordinacionogTelaVladeRepublikeSrbije\",\"https:\\\/\\\/x.com\\\/kt_gov\",\"https:\\\/\\\/www.youtube.com\\\/@koordinacionotelo\"]},{\"@type\":\"Person\",\"@id\":\"https:\\\/\\\/kt.gov.rs\\\/#\\\/schema\\\/person\\\/e426459ddb4173309103390602694571\",\"name\":\"ktmin\",\"image\":{\"@type\":\"ImageObject\",\"inLanguage\":\"sq-AL\",\"@id\":\"https:\\\/\\\/secure.gravatar.com\\\/avatar\\\/3985c961109853010c3fbc7ba30365bfba5db3dd6c525831d9c595c7525a615a?s=96&d=mm&r=g\",\"url\":\"https:\\\/\\\/secure.gravatar.com\\\/avatar\\\/3985c961109853010c3fbc7ba30365bfba5db3dd6c525831d9c595c7525a615a?s=96&d=mm&r=g\",\"contentUrl\":\"https:\\\/\\\/secure.gravatar.com\\\/avatar\\\/3985c961109853010c3fbc7ba30365bfba5db3dd6c525831d9c595c7525a615a?s=96&d=mm&r=g\",\"caption\":\"ktmin\"},\"sameAs\":[\"https:\\\/\\\/kt.gov.rs\"],\"url\":\"https:\\\/\\\/kt.gov.rs\\\/sq\\\/author\\\/ktmin\\\/\"}]}<\/script>\n<!-- \/ Yoast SEO plugin. -->","yoast_head_json":{"title":"NJ\u00cb ZJARR I MADH N\u00cb RAKOVC\u00cb, ZJARRFIK\u00cbSIT E BUJANOCIT PARANDALUAN KATASTROF\u00cbN - Republika e S\u00ebrbis\u00eb Trupi Koordinues p\u00ebr komunat Bujanoc, Preshev\u00eb dhe Medvegj\u00eb","robots":{"index":"index","follow":"follow","max-snippet":"max-snippet:-1","max-image-preview":"max-image-preview:large","max-video-preview":"max-video-preview:-1"},"canonical":"https:\/\/kt.gov.rs\/sq\/nje-zjarr-i-madh-ne-rakovce-zjarrfikesit-e-bujanocit-parandaluan-katastrofen\/","og_locale":"sq_AL","og_type":"article","og_title":"NJ\u00cb ZJARR I MADH N\u00cb RAKOVC\u00cb, ZJARRFIK\u00cbSIT E BUJANOCIT PARANDALUAN KATASTROF\u00cbN - Republika e S\u00ebrbis\u00eb Trupi Koordinues p\u00ebr komunat Bujanoc, Preshev\u00eb dhe Medvegj\u00eb","og_description":"Bujanoc - Beograd\u00a0-\u00a0Me nj\u00eb veprim t\u00eb rrufesh\u00ebm dhe sakrific\u00eb t\u00eb zjarrfik\u00ebsve t\u00eb Bujanovcit n\u00eb Rakovc\u00eb m\u00eb 11 korrik, kur shp\u00ebrtheu nj\u00eb zjarr n\u00eb nj\u00eb punishte zdrukth\u00ebtarie, u parandalua nj\u00eb katastrof\u00eb me p\u00ebrmasa t\u00eb papara.","og_url":"https:\/\/kt.gov.rs\/sq\/nje-zjarr-i-madh-ne-rakovce-zjarrfikesit-e-bujanocit-parandaluan-katastrofen\/","og_site_name":"Republika e S\u00ebrbis\u00eb Trupi Koordinues p\u00ebr komunat Bujanoc, Preshev\u00eb dhe Medvegj\u00eb","article_publisher":"https:\/\/www.facebook.com\/SluzbaKoordinacionogTelaVladeRepublikeSrbije","article_published_time":"2021-07-12T00:00:00+00:00","article_modified_time":"2024-07-30T17:59:41+00:00","og_image":[{"width":315,"height":230,"url":"https:\/\/kt.gov.rs\/wp-content\/uploads\/2024\/07\/1626089581_120721_2-3.jpg","type":"image\/jpeg"}],"author":"ktmin","twitter_card":"summary_large_image","twitter_creator":"@kt_gov","twitter_site":"@kt_gov","twitter_misc":{"Written by":"ktmin","Est. reading time":"2 minutes"},"schema":{"@context":"https:\/\/schema.org","@graph":[{"@type":"Article","@id":"https:\/\/kt.gov.rs\/sq\/nje-zjarr-i-madh-ne-rakovce-zjarrfikesit-e-bujanocit-parandaluan-katastrofen\/#article","isPartOf":{"@id":"https:\/\/kt.gov.rs\/sq\/nje-zjarr-i-madh-ne-rakovce-zjarrfikesit-e-bujanocit-parandaluan-katastrofen\/"},"author":{"name":"ktmin","@id":"https:\/\/kt.gov.rs\/#\/schema\/person\/e426459ddb4173309103390602694571"},"headline":"NJ\u00cb ZJARR I MADH N\u00cb RAKOVC\u00cb, ZJARRFIK\u00cbSIT E BUJANOCIT PARANDALUAN KATASTROF\u00cbN","datePublished":"2021-07-12T00:00:00+00:00","dateModified":"2024-07-30T17:59:41+00:00","mainEntityOfPage":{"@id":"https:\/\/kt.gov.rs\/sq\/nje-zjarr-i-madh-ne-rakovce-zjarrfikesit-e-bujanocit-parandaluan-katastrofen\/"},"wordCount":435,"publisher":{"@id":"https:\/\/kt.gov.rs\/#organization"},"image":{"@id":"https:\/\/kt.gov.rs\/sq\/nje-zjarr-i-madh-ne-rakovce-zjarrfikesit-e-bujanocit-parandaluan-katastrofen\/#primaryimage"},"thumbnailUrl":"https:\/\/kt.gov.rs\/wp-content\/uploads\/2024\/07\/1626089581_120721_2-3.jpg","articleSection":["Lajme"],"inLanguage":"sq-AL"},{"@type":"WebPage","@id":"https:\/\/kt.gov.rs\/sq\/nje-zjarr-i-madh-ne-rakovce-zjarrfikesit-e-bujanocit-parandaluan-katastrofen\/","url":"https:\/\/kt.gov.rs\/sq\/nje-zjarr-i-madh-ne-rakovce-zjarrfikesit-e-bujanocit-parandaluan-katastrofen\/","name":"NJ\u00cb ZJARR I MADH N\u00cb RAKOVC\u00cb, ZJARRFIK\u00cbSIT E BUJANOCIT PARANDALUAN KATASTROF\u00cbN - Republika e S\u00ebrbis\u00eb Trupi Koordinues p\u00ebr komunat Bujanoc, Preshev\u00eb dhe Medvegj\u00eb","isPartOf":{"@id":"https:\/\/kt.gov.rs\/#website"},"primaryImageOfPage":{"@id":"https:\/\/kt.gov.rs\/sq\/nje-zjarr-i-madh-ne-rakovce-zjarrfikesit-e-bujanocit-parandaluan-katastrofen\/#primaryimage"},"image":{"@id":"https:\/\/kt.gov.rs\/sq\/nje-zjarr-i-madh-ne-rakovce-zjarrfikesit-e-bujanocit-parandaluan-katastrofen\/#primaryimage"},"thumbnailUrl":"https:\/\/kt.gov.rs\/wp-content\/uploads\/2024\/07\/1626089581_120721_2-3.jpg","datePublished":"2021-07-12T00:00:00+00:00","dateModified":"2024-07-30T17:59:41+00:00","breadcrumb":{"@id":"https:\/\/kt.gov.rs\/sq\/nje-zjarr-i-madh-ne-rakovce-zjarrfikesit-e-bujanocit-parandaluan-katastrofen\/#breadcrumb"},"inLanguage":"sq-AL","potentialAction":[{"@type":"ReadAction","target":["https:\/\/kt.gov.rs\/sq\/nje-zjarr-i-madh-ne-rakovce-zjarrfikesit-e-bujanocit-parandaluan-katastrofen\/"]}]},{"@type":"ImageObject","inLanguage":"sq-AL","@id":"https:\/\/kt.gov.rs\/sq\/nje-zjarr-i-madh-ne-rakovce-zjarrfikesit-e-bujanocit-parandaluan-katastrofen\/#primaryimage","url":"https:\/\/kt.gov.rs\/wp-content\/uploads\/2024\/07\/1626089581_120721_2-3.jpg","contentUrl":"https:\/\/kt.gov.rs\/wp-content\/uploads\/2024\/07\/1626089581_120721_2-3.jpg","width":315,"height":230},{"@type":"BreadcrumbList","@id":"https:\/\/kt.gov.rs\/sq\/nje-zjarr-i-madh-ne-rakovce-zjarrfikesit-e-bujanocit-parandaluan-katastrofen\/#breadcrumb","itemListElement":[{"@type":"ListItem","position":1,"name":"\u041f\u043e\u0447\u0435\u0442\u043d\u0430","item":"https:\/\/kt.gov.rs\/sq\/"},{"@type":"ListItem","position":2,"name":"NJ\u00cb ZJARR I MADH N\u00cb RAKOVC\u00cb, ZJARRFIK\u00cbSIT E BUJANOCIT PARANDALUAN KATASTROF\u00cbN"}]},{"@type":"WebSite","@id":"https:\/\/kt.gov.rs\/#website","url":"https:\/\/kt.gov.rs\/","name":"\u041a\u043e\u043e\u0440\u0434\u0438\u043d\u0430\u0446\u0438\u043e\u043d\u043e \u0442\u0435\u043b\u043e \u0412\u043b\u0430\u0434\u0435 \u0420\u0435\u043f\u0443\u0431\u043b\u0438\u043a\u0435 \u0421\u0440\u0431\u0438\u0458\u0435 \u0437\u0430 \u043e\u043f\u0448\u0442\u0438\u043d\u0435 \u041f\u0440\u0435\u0448\u0435\u0432\u043e, \u0411\u0443\u0458\u0430\u043d\u043e\u0432\u0430\u0446 \u0438 \u041c\u0435\u0434\u0432\u0435\u0452a","description":"","publisher":{"@id":"https:\/\/kt.gov.rs\/#organization"},"alternateName":"\u041a\u043e\u043e\u0440\u0434\u0438\u043d\u0430\u0446\u0438\u043e\u043d\u043e \u0442\u0435\u043b\u043e","potentialAction":[{"@type":"SearchAction","target":{"@type":"EntryPoint","urlTemplate":"https:\/\/kt.gov.rs\/?s={search_term_string}"},"query-input":{"@type":"PropertyValueSpecification","valueRequired":true,"valueName":"search_term_string"}}],"inLanguage":"sq-AL"},{"@type":"Organization","@id":"https:\/\/kt.gov.rs\/#organization","name":"\u041a\u043e\u043e\u0440\u0434\u0438\u043d\u0430\u0446\u0438\u043e\u043d\u043e \u0442\u0435\u043b\u043e \u0412\u043b\u0430\u0434\u0435 \u0420\u0435\u043f\u0443\u0431\u043b\u0438\u043a\u0435 \u0421\u0440\u0431\u0438\u0458\u0435 \u0437\u0430 \u043e\u043f\u0448\u0442\u0438\u043d\u0435 \u041f\u0440\u0435\u0448\u0435\u0432\u043e, \u0411\u0443\u0458\u0430\u043d\u043e\u0432\u0430\u0446 \u0438 \u041c\u0435\u0434\u0432\u0435\u0452a","alternateName":"\u041a\u043e\u043e\u0440\u0434\u0438\u043d\u0430\u0446\u0438\u043e\u043d\u043e \u0442\u0435\u043b\u043e","url":"https:\/\/kt.gov.rs\/","logo":{"@type":"ImageObject","inLanguage":"sq-AL","@id":"https:\/\/kt.gov.rs\/#\/schema\/logo\/image\/","url":"https:\/\/kt.gov.rs\/wp-content\/uploads\/2024\/12\/koord2.jpg","contentUrl":"https:\/\/kt.gov.rs\/wp-content\/uploads\/2024\/12\/koord2.jpg","width":640,"height":480,"caption":"\u041a\u043e\u043e\u0440\u0434\u0438\u043d\u0430\u0446\u0438\u043e\u043d\u043e \u0442\u0435\u043b\u043e \u0412\u043b\u0430\u0434\u0435 \u0420\u0435\u043f\u0443\u0431\u043b\u0438\u043a\u0435 \u0421\u0440\u0431\u0438\u0458\u0435 \u0437\u0430 \u043e\u043f\u0448\u0442\u0438\u043d\u0435 \u041f\u0440\u0435\u0448\u0435\u0432\u043e, \u0411\u0443\u0458\u0430\u043d\u043e\u0432\u0430\u0446 \u0438 \u041c\u0435\u0434\u0432\u0435\u0452a"},"image":{"@id":"https:\/\/kt.gov.rs\/#\/schema\/logo\/image\/"},"sameAs":["https:\/\/www.facebook.com\/SluzbaKoordinacionogTelaVladeRepublikeSrbije","https:\/\/x.com\/kt_gov","https:\/\/www.youtube.com\/@koordinacionotelo"]},{"@type":"Person","@id":"https:\/\/kt.gov.rs\/#\/schema\/person\/e426459ddb4173309103390602694571","name":"ktmin","image":{"@type":"ImageObject","inLanguage":"sq-AL","@id":"https:\/\/secure.gravatar.com\/avatar\/3985c961109853010c3fbc7ba30365bfba5db3dd6c525831d9c595c7525a615a?s=96&d=mm&r=g","url":"https:\/\/secure.gravatar.com\/avatar\/3985c961109853010c3fbc7ba30365bfba5db3dd6c525831d9c595c7525a615a?s=96&d=mm&r=g","contentUrl":"https:\/\/secure.gravatar.com\/avatar\/3985c961109853010c3fbc7ba30365bfba5db3dd6c525831d9c595c7525a615a?s=96&d=mm&r=g","caption":"ktmin"},"sameAs":["https:\/\/kt.gov.rs"],"url":"https:\/\/kt.gov.rs\/sq\/author\/ktmin\/"}]}},"_links":{"self":[{"href":"https:\/\/kt.gov.rs\/sq\/wp-json\/wp\/v2\/posts\/109347","targetHints":{"allow":["GET"]}}],"collection":[{"href":"https:\/\/kt.gov.rs\/sq\/wp-json\/wp\/v2\/posts"}],"about":[{"href":"https:\/\/kt.gov.rs\/sq\/wp-json\/wp\/v2\/types\/post"}],"author":[{"embeddable":true,"href":"https:\/\/kt.gov.rs\/sq\/wp-json\/wp\/v2\/users\/1"}],"replies":[{"embeddable":true,"href":"https:\/\/kt.gov.rs\/sq\/wp-json\/wp\/v2\/comments?post=109347"}],"version-history":[{"count":1,"href":"https:\/\/kt.gov.rs\/sq\/wp-json\/wp\/v2\/posts\/109347\/revisions"}],"predecessor-version":[{"id":109351,"href":"https:\/\/kt.gov.rs\/sq\/wp-json\/wp\/v2\/posts\/109347\/revisions\/109351"}],"wp:featuredmedia":[{"embeddable":true,"href":"https:\/\/kt.gov.rs\/sq\/wp-json\/wp\/v2\/media\/109352"}],"wp:attachment":[{"href":"https:\/\/kt.gov.rs\/sq\/wp-json\/wp\/v2\/media?parent=109347"}],"wp:term":[{"taxonomy":"category","embeddable":true,"href":"https:\/\/kt.gov.rs\/sq\/wp-json\/wp\/v2\/categories?post=109347"},{"taxonomy":"post_tag","embeddable":true,"href":"https:\/\/kt.gov.rs\/sq\/wp-json\/wp\/v2\/tags?post=109347"}],"curies":[{"name":"wp","href":"https:\/\/api.w.org\/{rel}","templated":true}]}}