{"id":109339,"date":"2021-07-16T00:00:00","date_gmt":"2021-07-16T00:00:00","guid":{"rendered":"http:\/\/kt.printandscreen.rs\/murali-ne-murin-e-gjimnazit-skenderbeu-libri-eshte-ushqim-i-trurit\/"},"modified":"2024-07-30T17:59:40","modified_gmt":"2024-07-30T17:59:40","slug":"murali-ne-murin-e-gjimnazit-skenderbeu-libri-eshte-ushqim-i-trurit","status":"publish","type":"post","link":"https:\/\/kt.gov.rs\/sq\/murali-ne-murin-e-gjimnazit-skenderbeu-libri-eshte-ushqim-i-trurit\/","title":{"rendered":"MURALI N\u00cb MURIN E GJIMNAZIT \u201cSKENDERBEU\u201d: LIBRI \u00cbSHT\u00cb USHQIM I TRURIT"},"content":{"rendered":"<p>\n\t<strong><img decoding=\"async\" alt=\"\" src=\"https:\/\/kt.gov.rs\/wp-content\/uploads\/2024\/07\/1626440194_160721_3-2.jpg\" style=\"width: 315px; height: 230px; float: left;\" \/>Preshev\u00eb \u2013 Beograd<\/strong> \u2013 Gjimnazi &quot;Skenderbeu&quot; n\u00eb Preshev\u00eb \u00ebsht\u00eb zbukuruar me nj\u00eb mural t\u00eb ri &quot;Lib\u00ebr&quot;, t\u00eb cilin shkolla e mori fal\u00eb OJQ-s\u00eb &quot;B\u00ebhu Aktiv 16&quot;.<\/p>\n<p>\n\tNj\u00eb lib\u00ebr i hapur q\u00eb rrezaton drit\u00eb \u00ebsht\u00eb pikturuar n\u00eb piktur\u00eb murale, dhe nj\u00eb simbol i drejt\u00ebsis\u00eb \u00ebsht\u00eb n\u00eb kopertin\u00eb.<\/p>\n<p>\n\t&quot;Ideja \u00ebsht\u00eb q\u00eb kjo piktur\u00eb murale t\u00eb p\u00ebrcjell\u00eb mesazhin p\u00ebr nx\u00ebn\u00ebsit q\u00eb sa m\u00eb shum\u00eb q\u00eb t\u00eb lexojm\u00eb, t\u00eb b\u00ebhemi personalitete t\u00eb hapura dhe t\u00eb formuara, t\u00eb cil\u00ebt si t\u00eb till\u00eb do t\u00eb marrin vendime korrekte dhe t\u00eb drejta n\u00eb t\u00eb ardhmen. Libri \u00ebsht\u00eb ushqim p\u00ebr trurin \u201d, thon\u00eb ata nga organizata.<\/p>\n<p>\n\tMurali, me p\u00ebrmasa 7 me 5 metra, u pikturua nga artisti Naim Idrizi Art.<\/p>\n<p>\n\tProjekti u financua nga Ministria e Kultur\u00ebs dhe Informacionit.<\/p>\n<p>\n\t<strong>Burimi: Bujanova\u00e7ke dhe Trupi Koordinues<\/strong><\/p>\n<p>\n\t\u00a0<\/p>\n","protected":false},"excerpt":{"rendered":"<p>Preshev\u00eb \u2013 Beograd\u00a0\u2013 Gjimnazi &quot;Skenderbeu&quot; n\u00eb Preshev\u00eb \u00ebsht\u00eb zbukuruar me nj\u00eb mural t\u00eb ri &quot;Lib\u00ebr&quot;, t\u00eb cilin shkolla e mori fal\u00eb OJQ-s\u00eb &quot;B\u00ebhu Aktiv 16&quot;.<\/p>\n","protected":false},"author":1,"featured_media":109344,"comment_status":"closed","ping_status":"closed","sticky":false,"template":"","format":"standard","meta":{"footnotes":""},"categories":[55],"tags":[],"class_list":["post-109339","post","type-post","status-publish","format-standard","has-post-thumbnail","hentry","category-lajme"],"yoast_head":"<!-- This site is optimized with the Yoast SEO plugin v27.5 - https:\/\/yoast.com\/product\/yoast-seo-wordpress\/ -->\n<title>MURALI N\u00cb MURIN E GJIMNAZIT \u201cSKENDERBEU\u201d: LIBRI \u00cbSHT\u00cb USHQIM I TRURIT - Republika e S\u00ebrbis\u00eb Trupi Koordinues p\u00ebr komunat Bujanoc, Preshev\u00eb dhe Medvegj\u00eb<\/title>\n<meta name=\"robots\" content=\"index, follow, max-snippet:-1, max-image-preview:large, max-video-preview:-1\" \/>\n<link rel=\"canonical\" href=\"https:\/\/kt.gov.rs\/sq\/murali-ne-murin-e-gjimnazit-skenderbeu-libri-eshte-ushqim-i-trurit\/\" \/>\n<meta property=\"og:locale\" content=\"sq_AL\" \/>\n<meta property=\"og:type\" content=\"article\" \/>\n<meta property=\"og:title\" content=\"MURALI N\u00cb MURIN E GJIMNAZIT \u201cSKENDERBEU\u201d: LIBRI \u00cbSHT\u00cb USHQIM I TRURIT - Republika e S\u00ebrbis\u00eb Trupi Koordinues p\u00ebr komunat Bujanoc, Preshev\u00eb dhe Medvegj\u00eb\" \/>\n<meta property=\"og:description\" content=\"Preshev\u00eb - Beograd\u00a0- Gjimnazi &quot;Skenderbeu&quot; n\u00eb Preshev\u00eb \u00ebsht\u00eb zbukuruar me nj\u00eb mural t\u00eb ri &quot;Lib\u00ebr&quot;, t\u00eb cilin shkolla e mori fal\u00eb OJQ-s\u00eb &quot;B\u00ebhu Aktiv 16&quot;.\" \/>\n<meta property=\"og:url\" content=\"https:\/\/kt.gov.rs\/sq\/murali-ne-murin-e-gjimnazit-skenderbeu-libri-eshte-ushqim-i-trurit\/\" \/>\n<meta property=\"og:site_name\" content=\"Republika e S\u00ebrbis\u00eb Trupi Koordinues p\u00ebr komunat Bujanoc, Preshev\u00eb dhe Medvegj\u00eb\" \/>\n<meta property=\"article:publisher\" content=\"https:\/\/www.facebook.com\/SluzbaKoordinacionogTelaVladeRepublikeSrbije\" \/>\n<meta property=\"article:published_time\" content=\"2021-07-16T00:00:00+00:00\" \/>\n<meta property=\"article:modified_time\" content=\"2024-07-30T17:59:40+00:00\" \/>\n<meta property=\"og:image\" content=\"https:\/\/kt.gov.rs\/wp-content\/uploads\/2024\/07\/1626440194_160721_3-3.jpg\" \/>\n\t<meta property=\"og:image:width\" content=\"315\" \/>\n\t<meta property=\"og:image:height\" content=\"230\" \/>\n\t<meta property=\"og:image:type\" content=\"image\/jpeg\" \/>\n<meta name=\"author\" content=\"ktmin\" \/>\n<meta name=\"twitter:card\" content=\"summary_large_image\" \/>\n<meta name=\"twitter:creator\" content=\"@kt_gov\" \/>\n<meta name=\"twitter:site\" content=\"@kt_gov\" \/>\n<meta name=\"twitter:label1\" content=\"Written by\" \/>\n\t<meta name=\"twitter:data1\" content=\"ktmin\" \/>\n\t<meta name=\"twitter:label2\" content=\"Est. reading time\" \/>\n\t<meta name=\"twitter:data2\" content=\"1 minute\" \/>\n<script type=\"application\/ld+json\" class=\"yoast-schema-graph\">{\"@context\":\"https:\\\/\\\/schema.org\",\"@graph\":[{\"@type\":\"Article\",\"@id\":\"https:\\\/\\\/kt.gov.rs\\\/sq\\\/murali-ne-murin-e-gjimnazit-skenderbeu-libri-eshte-ushqim-i-trurit\\\/#article\",\"isPartOf\":{\"@id\":\"https:\\\/\\\/kt.gov.rs\\\/sq\\\/murali-ne-murin-e-gjimnazit-skenderbeu-libri-eshte-ushqim-i-trurit\\\/\"},\"author\":{\"name\":\"ktmin\",\"@id\":\"https:\\\/\\\/kt.gov.rs\\\/#\\\/schema\\\/person\\\/e426459ddb4173309103390602694571\"},\"headline\":\"MURALI N\u00cb MURIN E GJIMNAZIT \u201cSKENDERBEU\u201d: LIBRI \u00cbSHT\u00cb USHQIM I TRURIT\",\"datePublished\":\"2021-07-16T00:00:00+00:00\",\"dateModified\":\"2024-07-30T17:59:40+00:00\",\"mainEntityOfPage\":{\"@id\":\"https:\\\/\\\/kt.gov.rs\\\/sq\\\/murali-ne-murin-e-gjimnazit-skenderbeu-libri-eshte-ushqim-i-trurit\\\/\"},\"wordCount\":218,\"publisher\":{\"@id\":\"https:\\\/\\\/kt.gov.rs\\\/#organization\"},\"image\":{\"@id\":\"https:\\\/\\\/kt.gov.rs\\\/sq\\\/murali-ne-murin-e-gjimnazit-skenderbeu-libri-eshte-ushqim-i-trurit\\\/#primaryimage\"},\"thumbnailUrl\":\"https:\\\/\\\/kt.gov.rs\\\/wp-content\\\/uploads\\\/2024\\\/07\\\/1626440194_160721_3-3.jpg\",\"articleSection\":[\"Lajme\"],\"inLanguage\":\"sq-AL\"},{\"@type\":\"WebPage\",\"@id\":\"https:\\\/\\\/kt.gov.rs\\\/sq\\\/murali-ne-murin-e-gjimnazit-skenderbeu-libri-eshte-ushqim-i-trurit\\\/\",\"url\":\"https:\\\/\\\/kt.gov.rs\\\/sq\\\/murali-ne-murin-e-gjimnazit-skenderbeu-libri-eshte-ushqim-i-trurit\\\/\",\"name\":\"MURALI N\u00cb MURIN E GJIMNAZIT \u201cSKENDERBEU\u201d: LIBRI \u00cbSHT\u00cb USHQIM I TRURIT - Republika e S\u00ebrbis\u00eb Trupi Koordinues p\u00ebr komunat Bujanoc, Preshev\u00eb dhe Medvegj\u00eb\",\"isPartOf\":{\"@id\":\"https:\\\/\\\/kt.gov.rs\\\/#website\"},\"primaryImageOfPage\":{\"@id\":\"https:\\\/\\\/kt.gov.rs\\\/sq\\\/murali-ne-murin-e-gjimnazit-skenderbeu-libri-eshte-ushqim-i-trurit\\\/#primaryimage\"},\"image\":{\"@id\":\"https:\\\/\\\/kt.gov.rs\\\/sq\\\/murali-ne-murin-e-gjimnazit-skenderbeu-libri-eshte-ushqim-i-trurit\\\/#primaryimage\"},\"thumbnailUrl\":\"https:\\\/\\\/kt.gov.rs\\\/wp-content\\\/uploads\\\/2024\\\/07\\\/1626440194_160721_3-3.jpg\",\"datePublished\":\"2021-07-16T00:00:00+00:00\",\"dateModified\":\"2024-07-30T17:59:40+00:00\",\"breadcrumb\":{\"@id\":\"https:\\\/\\\/kt.gov.rs\\\/sq\\\/murali-ne-murin-e-gjimnazit-skenderbeu-libri-eshte-ushqim-i-trurit\\\/#breadcrumb\"},\"inLanguage\":\"sq-AL\",\"potentialAction\":[{\"@type\":\"ReadAction\",\"target\":[\"https:\\\/\\\/kt.gov.rs\\\/sq\\\/murali-ne-murin-e-gjimnazit-skenderbeu-libri-eshte-ushqim-i-trurit\\\/\"]}]},{\"@type\":\"ImageObject\",\"inLanguage\":\"sq-AL\",\"@id\":\"https:\\\/\\\/kt.gov.rs\\\/sq\\\/murali-ne-murin-e-gjimnazit-skenderbeu-libri-eshte-ushqim-i-trurit\\\/#primaryimage\",\"url\":\"https:\\\/\\\/kt.gov.rs\\\/wp-content\\\/uploads\\\/2024\\\/07\\\/1626440194_160721_3-3.jpg\",\"contentUrl\":\"https:\\\/\\\/kt.gov.rs\\\/wp-content\\\/uploads\\\/2024\\\/07\\\/1626440194_160721_3-3.jpg\",\"width\":315,\"height\":230},{\"@type\":\"BreadcrumbList\",\"@id\":\"https:\\\/\\\/kt.gov.rs\\\/sq\\\/murali-ne-murin-e-gjimnazit-skenderbeu-libri-eshte-ushqim-i-trurit\\\/#breadcrumb\",\"itemListElement\":[{\"@type\":\"ListItem\",\"position\":1,\"name\":\"Po\u010detna\",\"item\":\"https:\\\/\\\/kt.gov.rs\\\/sq\\\/\"},{\"@type\":\"ListItem\",\"position\":2,\"name\":\"MURALI N\u00cb MURIN E GJIMNAZIT \u201cSKENDERBEU\u201d: LIBRI \u00cbSHT\u00cb USHQIM I TRURIT\"}]},{\"@type\":\"WebSite\",\"@id\":\"https:\\\/\\\/kt.gov.rs\\\/#website\",\"url\":\"https:\\\/\\\/kt.gov.rs\\\/\",\"name\":\"Koordinaciono telo Vlade Republike Srbije za op\u0161tine Pre\u0161evo, Bujanovac i Medve\u0111a\",\"description\":\"\",\"publisher\":{\"@id\":\"https:\\\/\\\/kt.gov.rs\\\/#organization\"},\"alternateName\":\"Koordinaciono telo\",\"potentialAction\":[{\"@type\":\"SearchAction\",\"target\":{\"@type\":\"EntryPoint\",\"urlTemplate\":\"https:\\\/\\\/kt.gov.rs\\\/?s={search_term_string}\"},\"query-input\":{\"@type\":\"PropertyValueSpecification\",\"valueRequired\":true,\"valueName\":\"search_term_string\"}}],\"inLanguage\":\"sq-AL\"},{\"@type\":\"Organization\",\"@id\":\"https:\\\/\\\/kt.gov.rs\\\/#organization\",\"name\":\"Koordinaciono telo Vlade Republike Srbije za op\u0161tine Pre\u0161evo, Bujanovac i Medve\u0111a\",\"alternateName\":\"Koordinaciono telo\",\"url\":\"https:\\\/\\\/kt.gov.rs\\\/\",\"logo\":{\"@type\":\"ImageObject\",\"inLanguage\":\"sq-AL\",\"@id\":\"https:\\\/\\\/kt.gov.rs\\\/#\\\/schema\\\/logo\\\/image\\\/\",\"url\":\"https:\\\/\\\/kt.gov.rs\\\/wp-content\\\/uploads\\\/2024\\\/12\\\/koord2.jpg\",\"contentUrl\":\"https:\\\/\\\/kt.gov.rs\\\/wp-content\\\/uploads\\\/2024\\\/12\\\/koord2.jpg\",\"width\":640,\"height\":480,\"caption\":\"Koordinaciono telo Vlade Republike Srbije za op\u0161tine Pre\u0161evo, Bujanovac i Medve\u0111a\"},\"image\":{\"@id\":\"https:\\\/\\\/kt.gov.rs\\\/#\\\/schema\\\/logo\\\/image\\\/\"},\"sameAs\":[\"https:\\\/\\\/www.facebook.com\\\/SluzbaKoordinacionogTelaVladeRepublikeSrbije\",\"https:\\\/\\\/x.com\\\/kt_gov\",\"https:\\\/\\\/www.youtube.com\\\/@koordinacionotelo\"]},{\"@type\":\"Person\",\"@id\":\"https:\\\/\\\/kt.gov.rs\\\/#\\\/schema\\\/person\\\/e426459ddb4173309103390602694571\",\"name\":\"ktmin\",\"image\":{\"@type\":\"ImageObject\",\"inLanguage\":\"sq-AL\",\"@id\":\"https:\\\/\\\/secure.gravatar.com\\\/avatar\\\/3985c961109853010c3fbc7ba30365bfba5db3dd6c525831d9c595c7525a615a?s=96&d=mm&r=g\",\"url\":\"https:\\\/\\\/secure.gravatar.com\\\/avatar\\\/3985c961109853010c3fbc7ba30365bfba5db3dd6c525831d9c595c7525a615a?s=96&d=mm&r=g\",\"contentUrl\":\"https:\\\/\\\/secure.gravatar.com\\\/avatar\\\/3985c961109853010c3fbc7ba30365bfba5db3dd6c525831d9c595c7525a615a?s=96&d=mm&r=g\",\"caption\":\"ktmin\"},\"sameAs\":[\"https:\\\/\\\/kt.gov.rs\"],\"url\":\"https:\\\/\\\/kt.gov.rs\\\/sq\\\/author\\\/ktmin\\\/\"}]}<\/script>\n<!-- \/ Yoast SEO plugin. -->","yoast_head_json":{"title":"MURALI N\u00cb MURIN E GJIMNAZIT \u201cSKENDERBEU\u201d: LIBRI \u00cbSHT\u00cb USHQIM I TRURIT - Republika e S\u00ebrbis\u00eb Trupi Koordinues p\u00ebr komunat Bujanoc, Preshev\u00eb dhe Medvegj\u00eb","robots":{"index":"index","follow":"follow","max-snippet":"max-snippet:-1","max-image-preview":"max-image-preview:large","max-video-preview":"max-video-preview:-1"},"canonical":"https:\/\/kt.gov.rs\/sq\/murali-ne-murin-e-gjimnazit-skenderbeu-libri-eshte-ushqim-i-trurit\/","og_locale":"sq_AL","og_type":"article","og_title":"MURALI N\u00cb MURIN E GJIMNAZIT \u201cSKENDERBEU\u201d: LIBRI \u00cbSHT\u00cb USHQIM I TRURIT - Republika e S\u00ebrbis\u00eb Trupi Koordinues p\u00ebr komunat Bujanoc, Preshev\u00eb dhe Medvegj\u00eb","og_description":"Preshev\u00eb - Beograd\u00a0- Gjimnazi &quot;Skenderbeu&quot; n\u00eb Preshev\u00eb \u00ebsht\u00eb zbukuruar me nj\u00eb mural t\u00eb ri &quot;Lib\u00ebr&quot;, t\u00eb cilin shkolla e mori fal\u00eb OJQ-s\u00eb &quot;B\u00ebhu Aktiv 16&quot;.","og_url":"https:\/\/kt.gov.rs\/sq\/murali-ne-murin-e-gjimnazit-skenderbeu-libri-eshte-ushqim-i-trurit\/","og_site_name":"Republika e S\u00ebrbis\u00eb Trupi Koordinues p\u00ebr komunat Bujanoc, Preshev\u00eb dhe Medvegj\u00eb","article_publisher":"https:\/\/www.facebook.com\/SluzbaKoordinacionogTelaVladeRepublikeSrbije","article_published_time":"2021-07-16T00:00:00+00:00","article_modified_time":"2024-07-30T17:59:40+00:00","og_image":[{"width":315,"height":230,"url":"https:\/\/kt.gov.rs\/wp-content\/uploads\/2024\/07\/1626440194_160721_3-3.jpg","type":"image\/jpeg"}],"author":"ktmin","twitter_card":"summary_large_image","twitter_creator":"@kt_gov","twitter_site":"@kt_gov","twitter_misc":{"Written by":"ktmin","Est. reading time":"1 minute"},"schema":{"@context":"https:\/\/schema.org","@graph":[{"@type":"Article","@id":"https:\/\/kt.gov.rs\/sq\/murali-ne-murin-e-gjimnazit-skenderbeu-libri-eshte-ushqim-i-trurit\/#article","isPartOf":{"@id":"https:\/\/kt.gov.rs\/sq\/murali-ne-murin-e-gjimnazit-skenderbeu-libri-eshte-ushqim-i-trurit\/"},"author":{"name":"ktmin","@id":"https:\/\/kt.gov.rs\/#\/schema\/person\/e426459ddb4173309103390602694571"},"headline":"MURALI N\u00cb MURIN E GJIMNAZIT \u201cSKENDERBEU\u201d: LIBRI \u00cbSHT\u00cb USHQIM I TRURIT","datePublished":"2021-07-16T00:00:00+00:00","dateModified":"2024-07-30T17:59:40+00:00","mainEntityOfPage":{"@id":"https:\/\/kt.gov.rs\/sq\/murali-ne-murin-e-gjimnazit-skenderbeu-libri-eshte-ushqim-i-trurit\/"},"wordCount":218,"publisher":{"@id":"https:\/\/kt.gov.rs\/#organization"},"image":{"@id":"https:\/\/kt.gov.rs\/sq\/murali-ne-murin-e-gjimnazit-skenderbeu-libri-eshte-ushqim-i-trurit\/#primaryimage"},"thumbnailUrl":"https:\/\/kt.gov.rs\/wp-content\/uploads\/2024\/07\/1626440194_160721_3-3.jpg","articleSection":["Lajme"],"inLanguage":"sq-AL"},{"@type":"WebPage","@id":"https:\/\/kt.gov.rs\/sq\/murali-ne-murin-e-gjimnazit-skenderbeu-libri-eshte-ushqim-i-trurit\/","url":"https:\/\/kt.gov.rs\/sq\/murali-ne-murin-e-gjimnazit-skenderbeu-libri-eshte-ushqim-i-trurit\/","name":"MURALI N\u00cb MURIN E GJIMNAZIT \u201cSKENDERBEU\u201d: LIBRI \u00cbSHT\u00cb USHQIM I TRURIT - Republika e S\u00ebrbis\u00eb Trupi Koordinues p\u00ebr komunat Bujanoc, Preshev\u00eb dhe Medvegj\u00eb","isPartOf":{"@id":"https:\/\/kt.gov.rs\/#website"},"primaryImageOfPage":{"@id":"https:\/\/kt.gov.rs\/sq\/murali-ne-murin-e-gjimnazit-skenderbeu-libri-eshte-ushqim-i-trurit\/#primaryimage"},"image":{"@id":"https:\/\/kt.gov.rs\/sq\/murali-ne-murin-e-gjimnazit-skenderbeu-libri-eshte-ushqim-i-trurit\/#primaryimage"},"thumbnailUrl":"https:\/\/kt.gov.rs\/wp-content\/uploads\/2024\/07\/1626440194_160721_3-3.jpg","datePublished":"2021-07-16T00:00:00+00:00","dateModified":"2024-07-30T17:59:40+00:00","breadcrumb":{"@id":"https:\/\/kt.gov.rs\/sq\/murali-ne-murin-e-gjimnazit-skenderbeu-libri-eshte-ushqim-i-trurit\/#breadcrumb"},"inLanguage":"sq-AL","potentialAction":[{"@type":"ReadAction","target":["https:\/\/kt.gov.rs\/sq\/murali-ne-murin-e-gjimnazit-skenderbeu-libri-eshte-ushqim-i-trurit\/"]}]},{"@type":"ImageObject","inLanguage":"sq-AL","@id":"https:\/\/kt.gov.rs\/sq\/murali-ne-murin-e-gjimnazit-skenderbeu-libri-eshte-ushqim-i-trurit\/#primaryimage","url":"https:\/\/kt.gov.rs\/wp-content\/uploads\/2024\/07\/1626440194_160721_3-3.jpg","contentUrl":"https:\/\/kt.gov.rs\/wp-content\/uploads\/2024\/07\/1626440194_160721_3-3.jpg","width":315,"height":230},{"@type":"BreadcrumbList","@id":"https:\/\/kt.gov.rs\/sq\/murali-ne-murin-e-gjimnazit-skenderbeu-libri-eshte-ushqim-i-trurit\/#breadcrumb","itemListElement":[{"@type":"ListItem","position":1,"name":"Po\u010detna","item":"https:\/\/kt.gov.rs\/sq\/"},{"@type":"ListItem","position":2,"name":"MURALI N\u00cb MURIN E GJIMNAZIT \u201cSKENDERBEU\u201d: LIBRI \u00cbSHT\u00cb USHQIM I TRURIT"}]},{"@type":"WebSite","@id":"https:\/\/kt.gov.rs\/#website","url":"https:\/\/kt.gov.rs\/","name":"Koordinaciono telo Vlade Republike Srbije za op\u0161tine Pre\u0161evo, Bujanovac i Medve\u0111a","description":"","publisher":{"@id":"https:\/\/kt.gov.rs\/#organization"},"alternateName":"Koordinaciono telo","potentialAction":[{"@type":"SearchAction","target":{"@type":"EntryPoint","urlTemplate":"https:\/\/kt.gov.rs\/?s={search_term_string}"},"query-input":{"@type":"PropertyValueSpecification","valueRequired":true,"valueName":"search_term_string"}}],"inLanguage":"sq-AL"},{"@type":"Organization","@id":"https:\/\/kt.gov.rs\/#organization","name":"Koordinaciono telo Vlade Republike Srbije za op\u0161tine Pre\u0161evo, Bujanovac i Medve\u0111a","alternateName":"Koordinaciono telo","url":"https:\/\/kt.gov.rs\/","logo":{"@type":"ImageObject","inLanguage":"sq-AL","@id":"https:\/\/kt.gov.rs\/#\/schema\/logo\/image\/","url":"https:\/\/kt.gov.rs\/wp-content\/uploads\/2024\/12\/koord2.jpg","contentUrl":"https:\/\/kt.gov.rs\/wp-content\/uploads\/2024\/12\/koord2.jpg","width":640,"height":480,"caption":"Koordinaciono telo Vlade Republike Srbije za op\u0161tine Pre\u0161evo, Bujanovac i Medve\u0111a"},"image":{"@id":"https:\/\/kt.gov.rs\/#\/schema\/logo\/image\/"},"sameAs":["https:\/\/www.facebook.com\/SluzbaKoordinacionogTelaVladeRepublikeSrbije","https:\/\/x.com\/kt_gov","https:\/\/www.youtube.com\/@koordinacionotelo"]},{"@type":"Person","@id":"https:\/\/kt.gov.rs\/#\/schema\/person\/e426459ddb4173309103390602694571","name":"ktmin","image":{"@type":"ImageObject","inLanguage":"sq-AL","@id":"https:\/\/secure.gravatar.com\/avatar\/3985c961109853010c3fbc7ba30365bfba5db3dd6c525831d9c595c7525a615a?s=96&d=mm&r=g","url":"https:\/\/secure.gravatar.com\/avatar\/3985c961109853010c3fbc7ba30365bfba5db3dd6c525831d9c595c7525a615a?s=96&d=mm&r=g","contentUrl":"https:\/\/secure.gravatar.com\/avatar\/3985c961109853010c3fbc7ba30365bfba5db3dd6c525831d9c595c7525a615a?s=96&d=mm&r=g","caption":"ktmin"},"sameAs":["https:\/\/kt.gov.rs"],"url":"https:\/\/kt.gov.rs\/sq\/author\/ktmin\/"}]}},"_links":{"self":[{"href":"https:\/\/kt.gov.rs\/sq\/wp-json\/wp\/v2\/posts\/109339","targetHints":{"allow":["GET"]}}],"collection":[{"href":"https:\/\/kt.gov.rs\/sq\/wp-json\/wp\/v2\/posts"}],"about":[{"href":"https:\/\/kt.gov.rs\/sq\/wp-json\/wp\/v2\/types\/post"}],"author":[{"embeddable":true,"href":"https:\/\/kt.gov.rs\/sq\/wp-json\/wp\/v2\/users\/1"}],"replies":[{"embeddable":true,"href":"https:\/\/kt.gov.rs\/sq\/wp-json\/wp\/v2\/comments?post=109339"}],"version-history":[{"count":1,"href":"https:\/\/kt.gov.rs\/sq\/wp-json\/wp\/v2\/posts\/109339\/revisions"}],"predecessor-version":[{"id":109343,"href":"https:\/\/kt.gov.rs\/sq\/wp-json\/wp\/v2\/posts\/109339\/revisions\/109343"}],"wp:featuredmedia":[{"embeddable":true,"href":"https:\/\/kt.gov.rs\/sq\/wp-json\/wp\/v2\/media\/109344"}],"wp:attachment":[{"href":"https:\/\/kt.gov.rs\/sq\/wp-json\/wp\/v2\/media?parent=109339"}],"wp:term":[{"taxonomy":"category","embeddable":true,"href":"https:\/\/kt.gov.rs\/sq\/wp-json\/wp\/v2\/categories?post=109339"},{"taxonomy":"post_tag","embeddable":true,"href":"https:\/\/kt.gov.rs\/sq\/wp-json\/wp\/v2\/tags?post=109339"}],"curies":[{"name":"wp","href":"https:\/\/api.w.org\/{rel}","templated":true}]}}