{"id":109299,"date":"2021-08-09T00:00:00","date_gmt":"2021-08-09T00:00:00","guid":{"rendered":"http:\/\/kt.printandscreen.rs\/luka-anastasia-bogdani-dhe-angjela-kane-shenuar-tregimet-me-te-bukura-per-bujanocin\/"},"modified":"2024-07-30T17:59:37","modified_gmt":"2024-07-30T17:59:37","slug":"luka-anastasia-bogdani-dhe-angjela-kane-shenuar-tregimet-me-te-bukura-per-bujanocin","status":"publish","type":"post","link":"https:\/\/kt.gov.rs\/sq\/luka-anastasia-bogdani-dhe-angjela-kane-shenuar-tregimet-me-te-bukura-per-bujanocin\/","title":{"rendered":"LUKA, ANASTASIA, BOGDANI DHE ANGJELA KAN\u00cb SH\u00cbNUAR TREGIMET M\u00cb T\u00cb BUKURA P\u00cbR BUJANOCIN"},"content":{"rendered":"<p>\n\t<strong><img decoding=\"async\" alt=\"\" src=\"https:\/\/kt.gov.rs\/wp-content\/uploads\/2024\/07\/1628512714_090821_4-2.jpg\" style=\"width: 315px; height: 230px; float: left;\" \/><\/strong><\/p>\n<p>\n\t<strong>Bujanoc \u2013 Beograd<\/strong> \u2013 Luka Milosavljevi\u0107, Anastasija Janji\u0107 dhe Bogdan Mati\u0107 jan\u00eb f\u00ebmij\u00eb nga Bujanoci dhe nx\u00ebn\u00ebs t\u00eb Shkoll\u00ebs s\u00eb Mesme Sveti Sava, t\u00eb shp\u00ebrblyer p\u00ebr veprat m\u00eb t\u00eb mira n\u00eb konkursin letrar &quot;M\u00eb trego p\u00ebr rajonin t\u00ebnd&quot;. Andjela Dukadinovic nga Bujanoci gjithashtu u shp\u00ebrblye.<\/p>\n<p>\n\tKonkursi u organizua nga Iniciativat Qytetare dhe shkrimtar\u00ebt m\u00eb t\u00eb mir\u00eb t\u00eb rinj mor\u00ebn kompjutera tablet, altoparlant\u00eb pa tel dhe kufje pa tel, libra dhe diploma n\u00eb nj\u00eb mbr\u00ebmje letrare n\u00eb nder t\u00eb tyre, t\u00eb mbajtur n\u00eb Bibliotek\u00ebn Bora Stankovi\u0107 n\u00eb Vraj\u00eb.<\/p>\n<p>\n\tKonkursi u organizua n\u00eb disa komuna n\u00eb Serbin\u00eb jugore, dhe punimet m\u00eb t\u00eb mira u p\u00ebrzgjodh\u00ebn p\u00ebr secil\u00ebn prej tyre.<\/p>\n<p>\n\tIniciativat Qytetare shpall\u00ebn k\u00ebt\u00eb konkurs letrar me tregime t\u00eb shkurtra p\u00ebr t\u00eb rinjt\u00eb n\u00eb Vraj\u00eb, Leban, Bujanoc dhe Preshev\u00eb, ku ata p\u00ebrshkruan se \u00e7far\u00eb e b\u00ebn t\u00eb ve\u00e7ant\u00eb vendin ku ata jetojn\u00eb, at\u00eb q\u00eb nj\u00eb i huaj duhet t\u00eb dij\u00eb p\u00ebr at\u00eb qytet apo komun\u00eb, si dhe at\u00eb q\u00eb vet\u00eb banor\u00ebt mund t\u00eb b\u00ebjn\u00eb p\u00ebr ta b\u00ebr\u00eb jet\u00ebn m\u00eb t\u00eb mir\u00eb n\u00eb zon\u00ebn e tyre.<\/p>\n<p>\n\t<strong>Burimi: Bujanova\u00e7ke dhe Trupi Koordinues<\/strong><\/p>\n<p>\n\t\u00a0<\/p>\n","protected":false},"excerpt":{"rendered":"<p>Bujanoc \u2013 Beograd\u00a0\u2013 Luka Milosavljevi\u0107, Anastasija Janji\u0107 dhe Bogdan Mati\u0107 jan\u00eb f\u00ebmij\u00eb nga Bujanoci dhe nx\u00ebn\u00ebs t\u00eb Shkoll\u00ebs s\u00eb Mesme Sveti Sava, t\u00eb shp\u00ebrblyer p\u00ebr veprat m\u00eb t\u00eb mira n\u00eb konkursin letrar &quot;M\u00eb trego p\u00ebr rajonin t\u00ebnd&quot;<\/p>\n","protected":false},"author":1,"featured_media":109304,"comment_status":"closed","ping_status":"closed","sticky":false,"template":"","format":"standard","meta":{"footnotes":""},"categories":[55],"tags":[],"class_list":["post-109299","post","type-post","status-publish","format-standard","has-post-thumbnail","hentry","category-lajme"],"yoast_head":"<!-- This site is optimized with the Yoast SEO plugin v27.5 - https:\/\/yoast.com\/product\/yoast-seo-wordpress\/ -->\n<title>LUKA, ANASTASIA, BOGDANI DHE ANGJELA KAN\u00cb SH\u00cbNUAR TREGIMET M\u00cb T\u00cb BUKURA P\u00cbR BUJANOCIN - Republika e S\u00ebrbis\u00eb Trupi Koordinues p\u00ebr komunat Bujanoc, Preshev\u00eb dhe Medvegj\u00eb<\/title>\n<meta name=\"robots\" content=\"index, follow, max-snippet:-1, max-image-preview:large, max-video-preview:-1\" \/>\n<link rel=\"canonical\" href=\"https:\/\/kt.gov.rs\/sq\/luka-anastasia-bogdani-dhe-angjela-kane-shenuar-tregimet-me-te-bukura-per-bujanocin\/\" \/>\n<meta property=\"og:locale\" content=\"sq_AL\" \/>\n<meta property=\"og:type\" content=\"article\" \/>\n<meta property=\"og:title\" content=\"LUKA, ANASTASIA, BOGDANI DHE ANGJELA KAN\u00cb SH\u00cbNUAR TREGIMET M\u00cb T\u00cb BUKURA P\u00cbR BUJANOCIN - Republika e S\u00ebrbis\u00eb Trupi Koordinues p\u00ebr komunat Bujanoc, Preshev\u00eb dhe Medvegj\u00eb\" \/>\n<meta property=\"og:description\" content=\"Bujanoc - Beograd\u00a0- Luka Milosavljevi\u0107, Anastasija Janji\u0107 dhe Bogdan Mati\u0107 jan\u00eb f\u00ebmij\u00eb nga Bujanoci dhe nx\u00ebn\u00ebs t\u00eb Shkoll\u00ebs s\u00eb Mesme Sveti Sava, t\u00eb shp\u00ebrblyer p\u00ebr veprat m\u00eb t\u00eb mira n\u00eb konkursin letrar &quot;M\u00eb trego p\u00ebr rajonin t\u00ebnd&quot;\" \/>\n<meta property=\"og:url\" content=\"https:\/\/kt.gov.rs\/sq\/luka-anastasia-bogdani-dhe-angjela-kane-shenuar-tregimet-me-te-bukura-per-bujanocin\/\" \/>\n<meta property=\"og:site_name\" content=\"Republika e S\u00ebrbis\u00eb Trupi Koordinues p\u00ebr komunat Bujanoc, Preshev\u00eb dhe Medvegj\u00eb\" \/>\n<meta property=\"article:publisher\" content=\"https:\/\/www.facebook.com\/SluzbaKoordinacionogTelaVladeRepublikeSrbije\" \/>\n<meta property=\"article:published_time\" content=\"2021-08-09T00:00:00+00:00\" \/>\n<meta property=\"article:modified_time\" content=\"2024-07-30T17:59:37+00:00\" \/>\n<meta property=\"og:image\" content=\"https:\/\/kt.gov.rs\/wp-content\/uploads\/2024\/07\/1628512714_090821_4-3.jpg\" \/>\n\t<meta property=\"og:image:width\" content=\"315\" \/>\n\t<meta property=\"og:image:height\" content=\"230\" \/>\n\t<meta property=\"og:image:type\" content=\"image\/jpeg\" \/>\n<meta name=\"author\" content=\"ktmin\" \/>\n<meta name=\"twitter:card\" content=\"summary_large_image\" \/>\n<meta name=\"twitter:creator\" content=\"@kt_gov\" \/>\n<meta name=\"twitter:site\" content=\"@kt_gov\" \/>\n<meta name=\"twitter:label1\" content=\"Written by\" \/>\n\t<meta name=\"twitter:data1\" content=\"ktmin\" \/>\n\t<meta name=\"twitter:label2\" content=\"Est. reading time\" \/>\n\t<meta name=\"twitter:data2\" content=\"1 minute\" \/>\n<script type=\"application\/ld+json\" class=\"yoast-schema-graph\">{\"@context\":\"https:\\\/\\\/schema.org\",\"@graph\":[{\"@type\":\"Article\",\"@id\":\"https:\\\/\\\/kt.gov.rs\\\/sq\\\/luka-anastasia-bogdani-dhe-angjela-kane-shenuar-tregimet-me-te-bukura-per-bujanocin\\\/#article\",\"isPartOf\":{\"@id\":\"https:\\\/\\\/kt.gov.rs\\\/sq\\\/luka-anastasia-bogdani-dhe-angjela-kane-shenuar-tregimet-me-te-bukura-per-bujanocin\\\/\"},\"author\":{\"name\":\"ktmin\",\"@id\":\"https:\\\/\\\/kt.gov.rs\\\/#\\\/schema\\\/person\\\/e426459ddb4173309103390602694571\"},\"headline\":\"LUKA, ANASTASIA, BOGDANI DHE ANGJELA KAN\u00cb SH\u00cbNUAR TREGIMET M\u00cb T\u00cb BUKURA P\u00cbR BUJANOCIN\",\"datePublished\":\"2021-08-09T00:00:00+00:00\",\"dateModified\":\"2024-07-30T17:59:37+00:00\",\"mainEntityOfPage\":{\"@id\":\"https:\\\/\\\/kt.gov.rs\\\/sq\\\/luka-anastasia-bogdani-dhe-angjela-kane-shenuar-tregimet-me-te-bukura-per-bujanocin\\\/\"},\"wordCount\":313,\"publisher\":{\"@id\":\"https:\\\/\\\/kt.gov.rs\\\/#organization\"},\"image\":{\"@id\":\"https:\\\/\\\/kt.gov.rs\\\/sq\\\/luka-anastasia-bogdani-dhe-angjela-kane-shenuar-tregimet-me-te-bukura-per-bujanocin\\\/#primaryimage\"},\"thumbnailUrl\":\"https:\\\/\\\/kt.gov.rs\\\/wp-content\\\/uploads\\\/2024\\\/07\\\/1628512714_090821_4-3.jpg\",\"articleSection\":[\"Lajme\"],\"inLanguage\":\"sq-AL\"},{\"@type\":\"WebPage\",\"@id\":\"https:\\\/\\\/kt.gov.rs\\\/sq\\\/luka-anastasia-bogdani-dhe-angjela-kane-shenuar-tregimet-me-te-bukura-per-bujanocin\\\/\",\"url\":\"https:\\\/\\\/kt.gov.rs\\\/sq\\\/luka-anastasia-bogdani-dhe-angjela-kane-shenuar-tregimet-me-te-bukura-per-bujanocin\\\/\",\"name\":\"LUKA, ANASTASIA, BOGDANI DHE ANGJELA KAN\u00cb SH\u00cbNUAR TREGIMET M\u00cb T\u00cb BUKURA P\u00cbR BUJANOCIN - Republika e S\u00ebrbis\u00eb Trupi Koordinues p\u00ebr komunat Bujanoc, Preshev\u00eb dhe Medvegj\u00eb\",\"isPartOf\":{\"@id\":\"https:\\\/\\\/kt.gov.rs\\\/#website\"},\"primaryImageOfPage\":{\"@id\":\"https:\\\/\\\/kt.gov.rs\\\/sq\\\/luka-anastasia-bogdani-dhe-angjela-kane-shenuar-tregimet-me-te-bukura-per-bujanocin\\\/#primaryimage\"},\"image\":{\"@id\":\"https:\\\/\\\/kt.gov.rs\\\/sq\\\/luka-anastasia-bogdani-dhe-angjela-kane-shenuar-tregimet-me-te-bukura-per-bujanocin\\\/#primaryimage\"},\"thumbnailUrl\":\"https:\\\/\\\/kt.gov.rs\\\/wp-content\\\/uploads\\\/2024\\\/07\\\/1628512714_090821_4-3.jpg\",\"datePublished\":\"2021-08-09T00:00:00+00:00\",\"dateModified\":\"2024-07-30T17:59:37+00:00\",\"breadcrumb\":{\"@id\":\"https:\\\/\\\/kt.gov.rs\\\/sq\\\/luka-anastasia-bogdani-dhe-angjela-kane-shenuar-tregimet-me-te-bukura-per-bujanocin\\\/#breadcrumb\"},\"inLanguage\":\"sq-AL\",\"potentialAction\":[{\"@type\":\"ReadAction\",\"target\":[\"https:\\\/\\\/kt.gov.rs\\\/sq\\\/luka-anastasia-bogdani-dhe-angjela-kane-shenuar-tregimet-me-te-bukura-per-bujanocin\\\/\"]}]},{\"@type\":\"ImageObject\",\"inLanguage\":\"sq-AL\",\"@id\":\"https:\\\/\\\/kt.gov.rs\\\/sq\\\/luka-anastasia-bogdani-dhe-angjela-kane-shenuar-tregimet-me-te-bukura-per-bujanocin\\\/#primaryimage\",\"url\":\"https:\\\/\\\/kt.gov.rs\\\/wp-content\\\/uploads\\\/2024\\\/07\\\/1628512714_090821_4-3.jpg\",\"contentUrl\":\"https:\\\/\\\/kt.gov.rs\\\/wp-content\\\/uploads\\\/2024\\\/07\\\/1628512714_090821_4-3.jpg\",\"width\":315,\"height\":230},{\"@type\":\"BreadcrumbList\",\"@id\":\"https:\\\/\\\/kt.gov.rs\\\/sq\\\/luka-anastasia-bogdani-dhe-angjela-kane-shenuar-tregimet-me-te-bukura-per-bujanocin\\\/#breadcrumb\",\"itemListElement\":[{\"@type\":\"ListItem\",\"position\":1,\"name\":\"\u041f\u043e\u0447\u0435\u0442\u043d\u0430\",\"item\":\"https:\\\/\\\/kt.gov.rs\\\/sq\\\/\"},{\"@type\":\"ListItem\",\"position\":2,\"name\":\"LUKA, ANASTASIA, BOGDANI DHE ANGJELA KAN\u00cb SH\u00cbNUAR TREGIMET M\u00cb T\u00cb BUKURA P\u00cbR BUJANOCIN\"}]},{\"@type\":\"WebSite\",\"@id\":\"https:\\\/\\\/kt.gov.rs\\\/#website\",\"url\":\"https:\\\/\\\/kt.gov.rs\\\/\",\"name\":\"\u041a\u043e\u043e\u0440\u0434\u0438\u043d\u0430\u0446\u0438\u043e\u043d\u043e \u0442\u0435\u043b\u043e \u0412\u043b\u0430\u0434\u0435 \u0420\u0435\u043f\u0443\u0431\u043b\u0438\u043a\u0435 \u0421\u0440\u0431\u0438\u0458\u0435 \u0437\u0430 \u043e\u043f\u0448\u0442\u0438\u043d\u0435 \u041f\u0440\u0435\u0448\u0435\u0432\u043e, \u0411\u0443\u0458\u0430\u043d\u043e\u0432\u0430\u0446 \u0438 \u041c\u0435\u0434\u0432\u0435\u0452a\",\"description\":\"\",\"publisher\":{\"@id\":\"https:\\\/\\\/kt.gov.rs\\\/#organization\"},\"alternateName\":\"\u041a\u043e\u043e\u0440\u0434\u0438\u043d\u0430\u0446\u0438\u043e\u043d\u043e \u0442\u0435\u043b\u043e\",\"potentialAction\":[{\"@type\":\"SearchAction\",\"target\":{\"@type\":\"EntryPoint\",\"urlTemplate\":\"https:\\\/\\\/kt.gov.rs\\\/?s={search_term_string}\"},\"query-input\":{\"@type\":\"PropertyValueSpecification\",\"valueRequired\":true,\"valueName\":\"search_term_string\"}}],\"inLanguage\":\"sq-AL\"},{\"@type\":\"Organization\",\"@id\":\"https:\\\/\\\/kt.gov.rs\\\/#organization\",\"name\":\"\u041a\u043e\u043e\u0440\u0434\u0438\u043d\u0430\u0446\u0438\u043e\u043d\u043e \u0442\u0435\u043b\u043e \u0412\u043b\u0430\u0434\u0435 \u0420\u0435\u043f\u0443\u0431\u043b\u0438\u043a\u0435 \u0421\u0440\u0431\u0438\u0458\u0435 \u0437\u0430 \u043e\u043f\u0448\u0442\u0438\u043d\u0435 \u041f\u0440\u0435\u0448\u0435\u0432\u043e, \u0411\u0443\u0458\u0430\u043d\u043e\u0432\u0430\u0446 \u0438 \u041c\u0435\u0434\u0432\u0435\u0452a\",\"alternateName\":\"\u041a\u043e\u043e\u0440\u0434\u0438\u043d\u0430\u0446\u0438\u043e\u043d\u043e \u0442\u0435\u043b\u043e\",\"url\":\"https:\\\/\\\/kt.gov.rs\\\/\",\"logo\":{\"@type\":\"ImageObject\",\"inLanguage\":\"sq-AL\",\"@id\":\"https:\\\/\\\/kt.gov.rs\\\/#\\\/schema\\\/logo\\\/image\\\/\",\"url\":\"https:\\\/\\\/kt.gov.rs\\\/wp-content\\\/uploads\\\/2024\\\/12\\\/koord2.jpg\",\"contentUrl\":\"https:\\\/\\\/kt.gov.rs\\\/wp-content\\\/uploads\\\/2024\\\/12\\\/koord2.jpg\",\"width\":640,\"height\":480,\"caption\":\"\u041a\u043e\u043e\u0440\u0434\u0438\u043d\u0430\u0446\u0438\u043e\u043d\u043e \u0442\u0435\u043b\u043e \u0412\u043b\u0430\u0434\u0435 \u0420\u0435\u043f\u0443\u0431\u043b\u0438\u043a\u0435 \u0421\u0440\u0431\u0438\u0458\u0435 \u0437\u0430 \u043e\u043f\u0448\u0442\u0438\u043d\u0435 \u041f\u0440\u0435\u0448\u0435\u0432\u043e, \u0411\u0443\u0458\u0430\u043d\u043e\u0432\u0430\u0446 \u0438 \u041c\u0435\u0434\u0432\u0435\u0452a\"},\"image\":{\"@id\":\"https:\\\/\\\/kt.gov.rs\\\/#\\\/schema\\\/logo\\\/image\\\/\"},\"sameAs\":[\"https:\\\/\\\/www.facebook.com\\\/SluzbaKoordinacionogTelaVladeRepublikeSrbije\",\"https:\\\/\\\/x.com\\\/kt_gov\",\"https:\\\/\\\/www.youtube.com\\\/@koordinacionotelo\"]},{\"@type\":\"Person\",\"@id\":\"https:\\\/\\\/kt.gov.rs\\\/#\\\/schema\\\/person\\\/e426459ddb4173309103390602694571\",\"name\":\"ktmin\",\"image\":{\"@type\":\"ImageObject\",\"inLanguage\":\"sq-AL\",\"@id\":\"https:\\\/\\\/secure.gravatar.com\\\/avatar\\\/3985c961109853010c3fbc7ba30365bfba5db3dd6c525831d9c595c7525a615a?s=96&d=mm&r=g\",\"url\":\"https:\\\/\\\/secure.gravatar.com\\\/avatar\\\/3985c961109853010c3fbc7ba30365bfba5db3dd6c525831d9c595c7525a615a?s=96&d=mm&r=g\",\"contentUrl\":\"https:\\\/\\\/secure.gravatar.com\\\/avatar\\\/3985c961109853010c3fbc7ba30365bfba5db3dd6c525831d9c595c7525a615a?s=96&d=mm&r=g\",\"caption\":\"ktmin\"},\"sameAs\":[\"https:\\\/\\\/kt.gov.rs\"],\"url\":\"https:\\\/\\\/kt.gov.rs\\\/sq\\\/author\\\/ktmin\\\/\"}]}<\/script>\n<!-- \/ Yoast SEO plugin. -->","yoast_head_json":{"title":"LUKA, ANASTASIA, BOGDANI DHE ANGJELA KAN\u00cb SH\u00cbNUAR TREGIMET M\u00cb T\u00cb BUKURA P\u00cbR BUJANOCIN - Republika e S\u00ebrbis\u00eb Trupi Koordinues p\u00ebr komunat Bujanoc, Preshev\u00eb dhe Medvegj\u00eb","robots":{"index":"index","follow":"follow","max-snippet":"max-snippet:-1","max-image-preview":"max-image-preview:large","max-video-preview":"max-video-preview:-1"},"canonical":"https:\/\/kt.gov.rs\/sq\/luka-anastasia-bogdani-dhe-angjela-kane-shenuar-tregimet-me-te-bukura-per-bujanocin\/","og_locale":"sq_AL","og_type":"article","og_title":"LUKA, ANASTASIA, BOGDANI DHE ANGJELA KAN\u00cb SH\u00cbNUAR TREGIMET M\u00cb T\u00cb BUKURA P\u00cbR BUJANOCIN - Republika e S\u00ebrbis\u00eb Trupi Koordinues p\u00ebr komunat Bujanoc, Preshev\u00eb dhe Medvegj\u00eb","og_description":"Bujanoc - Beograd\u00a0- Luka Milosavljevi\u0107, Anastasija Janji\u0107 dhe Bogdan Mati\u0107 jan\u00eb f\u00ebmij\u00eb nga Bujanoci dhe nx\u00ebn\u00ebs t\u00eb Shkoll\u00ebs s\u00eb Mesme Sveti Sava, t\u00eb shp\u00ebrblyer p\u00ebr veprat m\u00eb t\u00eb mira n\u00eb konkursin letrar &quot;M\u00eb trego p\u00ebr rajonin t\u00ebnd&quot;","og_url":"https:\/\/kt.gov.rs\/sq\/luka-anastasia-bogdani-dhe-angjela-kane-shenuar-tregimet-me-te-bukura-per-bujanocin\/","og_site_name":"Republika e S\u00ebrbis\u00eb Trupi Koordinues p\u00ebr komunat Bujanoc, Preshev\u00eb dhe Medvegj\u00eb","article_publisher":"https:\/\/www.facebook.com\/SluzbaKoordinacionogTelaVladeRepublikeSrbije","article_published_time":"2021-08-09T00:00:00+00:00","article_modified_time":"2024-07-30T17:59:37+00:00","og_image":[{"width":315,"height":230,"url":"https:\/\/kt.gov.rs\/wp-content\/uploads\/2024\/07\/1628512714_090821_4-3.jpg","type":"image\/jpeg"}],"author":"ktmin","twitter_card":"summary_large_image","twitter_creator":"@kt_gov","twitter_site":"@kt_gov","twitter_misc":{"Written by":"ktmin","Est. reading time":"1 minute"},"schema":{"@context":"https:\/\/schema.org","@graph":[{"@type":"Article","@id":"https:\/\/kt.gov.rs\/sq\/luka-anastasia-bogdani-dhe-angjela-kane-shenuar-tregimet-me-te-bukura-per-bujanocin\/#article","isPartOf":{"@id":"https:\/\/kt.gov.rs\/sq\/luka-anastasia-bogdani-dhe-angjela-kane-shenuar-tregimet-me-te-bukura-per-bujanocin\/"},"author":{"name":"ktmin","@id":"https:\/\/kt.gov.rs\/#\/schema\/person\/e426459ddb4173309103390602694571"},"headline":"LUKA, ANASTASIA, BOGDANI DHE ANGJELA KAN\u00cb SH\u00cbNUAR TREGIMET M\u00cb T\u00cb BUKURA P\u00cbR BUJANOCIN","datePublished":"2021-08-09T00:00:00+00:00","dateModified":"2024-07-30T17:59:37+00:00","mainEntityOfPage":{"@id":"https:\/\/kt.gov.rs\/sq\/luka-anastasia-bogdani-dhe-angjela-kane-shenuar-tregimet-me-te-bukura-per-bujanocin\/"},"wordCount":313,"publisher":{"@id":"https:\/\/kt.gov.rs\/#organization"},"image":{"@id":"https:\/\/kt.gov.rs\/sq\/luka-anastasia-bogdani-dhe-angjela-kane-shenuar-tregimet-me-te-bukura-per-bujanocin\/#primaryimage"},"thumbnailUrl":"https:\/\/kt.gov.rs\/wp-content\/uploads\/2024\/07\/1628512714_090821_4-3.jpg","articleSection":["Lajme"],"inLanguage":"sq-AL"},{"@type":"WebPage","@id":"https:\/\/kt.gov.rs\/sq\/luka-anastasia-bogdani-dhe-angjela-kane-shenuar-tregimet-me-te-bukura-per-bujanocin\/","url":"https:\/\/kt.gov.rs\/sq\/luka-anastasia-bogdani-dhe-angjela-kane-shenuar-tregimet-me-te-bukura-per-bujanocin\/","name":"LUKA, ANASTASIA, BOGDANI DHE ANGJELA KAN\u00cb SH\u00cbNUAR TREGIMET M\u00cb T\u00cb BUKURA P\u00cbR BUJANOCIN - Republika e S\u00ebrbis\u00eb Trupi Koordinues p\u00ebr komunat Bujanoc, Preshev\u00eb dhe Medvegj\u00eb","isPartOf":{"@id":"https:\/\/kt.gov.rs\/#website"},"primaryImageOfPage":{"@id":"https:\/\/kt.gov.rs\/sq\/luka-anastasia-bogdani-dhe-angjela-kane-shenuar-tregimet-me-te-bukura-per-bujanocin\/#primaryimage"},"image":{"@id":"https:\/\/kt.gov.rs\/sq\/luka-anastasia-bogdani-dhe-angjela-kane-shenuar-tregimet-me-te-bukura-per-bujanocin\/#primaryimage"},"thumbnailUrl":"https:\/\/kt.gov.rs\/wp-content\/uploads\/2024\/07\/1628512714_090821_4-3.jpg","datePublished":"2021-08-09T00:00:00+00:00","dateModified":"2024-07-30T17:59:37+00:00","breadcrumb":{"@id":"https:\/\/kt.gov.rs\/sq\/luka-anastasia-bogdani-dhe-angjela-kane-shenuar-tregimet-me-te-bukura-per-bujanocin\/#breadcrumb"},"inLanguage":"sq-AL","potentialAction":[{"@type":"ReadAction","target":["https:\/\/kt.gov.rs\/sq\/luka-anastasia-bogdani-dhe-angjela-kane-shenuar-tregimet-me-te-bukura-per-bujanocin\/"]}]},{"@type":"ImageObject","inLanguage":"sq-AL","@id":"https:\/\/kt.gov.rs\/sq\/luka-anastasia-bogdani-dhe-angjela-kane-shenuar-tregimet-me-te-bukura-per-bujanocin\/#primaryimage","url":"https:\/\/kt.gov.rs\/wp-content\/uploads\/2024\/07\/1628512714_090821_4-3.jpg","contentUrl":"https:\/\/kt.gov.rs\/wp-content\/uploads\/2024\/07\/1628512714_090821_4-3.jpg","width":315,"height":230},{"@type":"BreadcrumbList","@id":"https:\/\/kt.gov.rs\/sq\/luka-anastasia-bogdani-dhe-angjela-kane-shenuar-tregimet-me-te-bukura-per-bujanocin\/#breadcrumb","itemListElement":[{"@type":"ListItem","position":1,"name":"\u041f\u043e\u0447\u0435\u0442\u043d\u0430","item":"https:\/\/kt.gov.rs\/sq\/"},{"@type":"ListItem","position":2,"name":"LUKA, ANASTASIA, BOGDANI DHE ANGJELA KAN\u00cb SH\u00cbNUAR TREGIMET M\u00cb T\u00cb BUKURA P\u00cbR BUJANOCIN"}]},{"@type":"WebSite","@id":"https:\/\/kt.gov.rs\/#website","url":"https:\/\/kt.gov.rs\/","name":"\u041a\u043e\u043e\u0440\u0434\u0438\u043d\u0430\u0446\u0438\u043e\u043d\u043e \u0442\u0435\u043b\u043e \u0412\u043b\u0430\u0434\u0435 \u0420\u0435\u043f\u0443\u0431\u043b\u0438\u043a\u0435 \u0421\u0440\u0431\u0438\u0458\u0435 \u0437\u0430 \u043e\u043f\u0448\u0442\u0438\u043d\u0435 \u041f\u0440\u0435\u0448\u0435\u0432\u043e, \u0411\u0443\u0458\u0430\u043d\u043e\u0432\u0430\u0446 \u0438 \u041c\u0435\u0434\u0432\u0435\u0452a","description":"","publisher":{"@id":"https:\/\/kt.gov.rs\/#organization"},"alternateName":"\u041a\u043e\u043e\u0440\u0434\u0438\u043d\u0430\u0446\u0438\u043e\u043d\u043e \u0442\u0435\u043b\u043e","potentialAction":[{"@type":"SearchAction","target":{"@type":"EntryPoint","urlTemplate":"https:\/\/kt.gov.rs\/?s={search_term_string}"},"query-input":{"@type":"PropertyValueSpecification","valueRequired":true,"valueName":"search_term_string"}}],"inLanguage":"sq-AL"},{"@type":"Organization","@id":"https:\/\/kt.gov.rs\/#organization","name":"\u041a\u043e\u043e\u0440\u0434\u0438\u043d\u0430\u0446\u0438\u043e\u043d\u043e \u0442\u0435\u043b\u043e \u0412\u043b\u0430\u0434\u0435 \u0420\u0435\u043f\u0443\u0431\u043b\u0438\u043a\u0435 \u0421\u0440\u0431\u0438\u0458\u0435 \u0437\u0430 \u043e\u043f\u0448\u0442\u0438\u043d\u0435 \u041f\u0440\u0435\u0448\u0435\u0432\u043e, \u0411\u0443\u0458\u0430\u043d\u043e\u0432\u0430\u0446 \u0438 \u041c\u0435\u0434\u0432\u0435\u0452a","alternateName":"\u041a\u043e\u043e\u0440\u0434\u0438\u043d\u0430\u0446\u0438\u043e\u043d\u043e \u0442\u0435\u043b\u043e","url":"https:\/\/kt.gov.rs\/","logo":{"@type":"ImageObject","inLanguage":"sq-AL","@id":"https:\/\/kt.gov.rs\/#\/schema\/logo\/image\/","url":"https:\/\/kt.gov.rs\/wp-content\/uploads\/2024\/12\/koord2.jpg","contentUrl":"https:\/\/kt.gov.rs\/wp-content\/uploads\/2024\/12\/koord2.jpg","width":640,"height":480,"caption":"\u041a\u043e\u043e\u0440\u0434\u0438\u043d\u0430\u0446\u0438\u043e\u043d\u043e \u0442\u0435\u043b\u043e \u0412\u043b\u0430\u0434\u0435 \u0420\u0435\u043f\u0443\u0431\u043b\u0438\u043a\u0435 \u0421\u0440\u0431\u0438\u0458\u0435 \u0437\u0430 \u043e\u043f\u0448\u0442\u0438\u043d\u0435 \u041f\u0440\u0435\u0448\u0435\u0432\u043e, \u0411\u0443\u0458\u0430\u043d\u043e\u0432\u0430\u0446 \u0438 \u041c\u0435\u0434\u0432\u0435\u0452a"},"image":{"@id":"https:\/\/kt.gov.rs\/#\/schema\/logo\/image\/"},"sameAs":["https:\/\/www.facebook.com\/SluzbaKoordinacionogTelaVladeRepublikeSrbije","https:\/\/x.com\/kt_gov","https:\/\/www.youtube.com\/@koordinacionotelo"]},{"@type":"Person","@id":"https:\/\/kt.gov.rs\/#\/schema\/person\/e426459ddb4173309103390602694571","name":"ktmin","image":{"@type":"ImageObject","inLanguage":"sq-AL","@id":"https:\/\/secure.gravatar.com\/avatar\/3985c961109853010c3fbc7ba30365bfba5db3dd6c525831d9c595c7525a615a?s=96&d=mm&r=g","url":"https:\/\/secure.gravatar.com\/avatar\/3985c961109853010c3fbc7ba30365bfba5db3dd6c525831d9c595c7525a615a?s=96&d=mm&r=g","contentUrl":"https:\/\/secure.gravatar.com\/avatar\/3985c961109853010c3fbc7ba30365bfba5db3dd6c525831d9c595c7525a615a?s=96&d=mm&r=g","caption":"ktmin"},"sameAs":["https:\/\/kt.gov.rs"],"url":"https:\/\/kt.gov.rs\/sq\/author\/ktmin\/"}]}},"_links":{"self":[{"href":"https:\/\/kt.gov.rs\/sq\/wp-json\/wp\/v2\/posts\/109299","targetHints":{"allow":["GET"]}}],"collection":[{"href":"https:\/\/kt.gov.rs\/sq\/wp-json\/wp\/v2\/posts"}],"about":[{"href":"https:\/\/kt.gov.rs\/sq\/wp-json\/wp\/v2\/types\/post"}],"author":[{"embeddable":true,"href":"https:\/\/kt.gov.rs\/sq\/wp-json\/wp\/v2\/users\/1"}],"replies":[{"embeddable":true,"href":"https:\/\/kt.gov.rs\/sq\/wp-json\/wp\/v2\/comments?post=109299"}],"version-history":[{"count":1,"href":"https:\/\/kt.gov.rs\/sq\/wp-json\/wp\/v2\/posts\/109299\/revisions"}],"predecessor-version":[{"id":109303,"href":"https:\/\/kt.gov.rs\/sq\/wp-json\/wp\/v2\/posts\/109299\/revisions\/109303"}],"wp:featuredmedia":[{"embeddable":true,"href":"https:\/\/kt.gov.rs\/sq\/wp-json\/wp\/v2\/media\/109304"}],"wp:attachment":[{"href":"https:\/\/kt.gov.rs\/sq\/wp-json\/wp\/v2\/media?parent=109299"}],"wp:term":[{"taxonomy":"category","embeddable":true,"href":"https:\/\/kt.gov.rs\/sq\/wp-json\/wp\/v2\/categories?post=109299"},{"taxonomy":"post_tag","embeddable":true,"href":"https:\/\/kt.gov.rs\/sq\/wp-json\/wp\/v2\/tags?post=109299"}],"curies":[{"name":"wp","href":"https:\/\/api.w.org\/{rel}","templated":true}]}}