{"id":109275,"date":"2021-08-09T00:00:00","date_gmt":"2021-08-09T00:00:00","guid":{"rendered":"http:\/\/kt.printandscreen.rs\/toncev-ka-dhuruar-pajisje-bsk-es-te-cilat-i-premtoi-presidenti-vuciq\/"},"modified":"2024-07-30T17:59:34","modified_gmt":"2024-07-30T17:59:34","slug":"toncev-ka-dhuruar-pajisje-bsk-es-te-cilat-i-premtoi-presidenti-vuciq","status":"publish","type":"post","link":"https:\/\/kt.gov.rs\/sq\/toncev-ka-dhuruar-pajisje-bsk-es-te-cilat-i-premtoi-presidenti-vuciq\/","title":{"rendered":"TON\u00c7EV KA DHURUAR PAJISJE BSK-\u00cbS T\u00cb CILAT I PREMTOI PRESIDENTI VU\u00c7IQ"},"content":{"rendered":"<p>\n\t<strong><img decoding=\"async\" alt=\"\" src=\"https:\/\/kt.gov.rs\/wp-content\/uploads\/2024\/07\/1628512525_090821_1-2.jpg\" style=\"width: 315px; height: 230px; float: left;\" \/><\/strong><\/p>\n<p>\n\t<strong>Bujanoc \u2013 Beograd<\/strong> \u2013 Presidenti i Rajonit t\u00eb Futbollit t\u00eb Serbis\u00eb Lindore (RIS), Novica Toncev, dhuroi pajisje dhe 5 topa n\u00eb Bujanoc p\u00ebr kategorit\u00eb e reja t\u00eb KF BSK, t\u00eb cilat gjithashtu do t\u00eb luajn\u00eb n\u00eb ligat RIS k\u00ebt\u00eb sezon.<\/p>\n<p>\n\t&quot;Un\u00eb solla pajisjet q\u00eb Presidenti Aleksandar Vu\u00e7iq u premtoi f\u00ebmij\u00ebve gjat\u00eb vizit\u00ebs s\u00eb tij n\u00eb Prohor P\u00e7injski,&quot; kujtoi Ton\u00e7ev.<\/p>\n<p>\n\tSi\u00e7 tha ai, BSK gjithashtu do t\u00eb marr\u00eb ndihm\u00eb financiare prej 150,000 dinar\u00eb.<\/p>\n<p>\n\t&quot;Ne do t\u00eb p\u00ebrpiqemi t\u00eb sigurojm\u00eb fonde p\u00ebr infrastruktur\u00ebn n\u00eb stadiumin e BSK -s\u00eb, sepse \u00ebsht\u00eb nj\u00eb klub me nj\u00eb tradit\u00eb t\u00eb pasur, dhe ne shpresojm\u00eb n\u00eb ndihm\u00ebn e presidentit Vu\u00e7iq.&quot; &quot;BSK, e cila tani \u00ebsht\u00eb n\u00eb nivelin m\u00eb t\u00eb ul\u00ebt t\u00eb gar\u00ebs, duhet t\u00eb luaj\u00eb n\u00eb Zon\u00ebn Jugore dhe t\u00eb p\u00ebrpiqet t\u00eb kualifikohet n\u00eb Lig\u00ebn Serbe, ku m\u00eb par\u00eb luante me Radnikun nga Surdulica, e cila tani \u00ebsht\u00eb n\u00eb Superlig\u00eb,&quot; thot\u00eb Ton\u00e7ev.<\/p>\n<p>\n\tSi\u00e7 theksoi ai, f\u00ebmij\u00ebt nga BSK do t\u00eb jen\u00eb mysafir\u00eb t\u00eb FSS n\u00eb Stara Pazova gjat\u00eb grumbullimit t\u00eb par\u00eb t\u00eb ekipit komb\u00ebtar dhe do t\u00eb shikojn\u00eb ndeshjen e ardhshme t\u00eb Serbis\u00eb n\u00eb kualifikueset e Kup\u00ebs s\u00eb Bot\u00ebs drejtp\u00ebrdrejt.<\/p>\n<p>\n\tTon\u00e7ev tha se ai nuk i ndan njer\u00ebzit sipas p\u00ebrkat\u00ebsis\u00eb etnike, k\u00ebshtu q\u00eb sot n\u00eb Bujanoc ai u takua me p\u00ebrfaq\u00ebsuesit e FC Lugina Preshev\u00eb p\u00ebr t\u00eb ndihmuar p\u00ebrzgjedhjet e reja t\u00eb atij klubi t\u00eb bashkohen me sistemin e garave RIS, si miqt\u00eb e tyre sportiv\u00eb nga BSK.<\/p>\n<p>\n\t&quot;Un\u00eb dua t\u00eb vizitoj T\u00ebrnocin dhe Preshev\u00ebn, sepse k\u00ebtu n\u00eb jug t\u00eb Serbis\u00eb, ne t\u00eb gjith\u00eb duhet t\u00eb jetojm\u00eb dhe t\u00eb punojm\u00eb s\u00eb bashku,&quot; p\u00ebrfundoi Ton\u00e7ev p\u00ebr Bujanova\u00e7ke.<\/p>\n<p>\n\t<strong>Burimi: Bujanova\u00e7ke dhe Trupi Koordinues<\/strong><\/p>\n<p>\n\t\u00a0<\/p>\n","protected":false},"excerpt":{"rendered":"<p>Bujanoc \u2013 Beograd\u00a0\u2013 Presidenti i Rajonit t\u00eb Futbollit t\u00eb Serbis\u00eb Lindore (RIS), Novica Toncev, dhuroi pajisje dhe 5 topa n\u00eb Bujanoc p\u00ebr kategorit\u00eb e reja t\u00eb KF BSK, t\u00eb cilat gjithashtu do t\u00eb luajn\u00eb n\u00eb ligat RIS k\u00ebt\u00eb sezon.<\/p>\n","protected":false},"author":1,"featured_media":109280,"comment_status":"closed","ping_status":"closed","sticky":false,"template":"","format":"standard","meta":{"footnotes":""},"categories":[55],"tags":[],"class_list":["post-109275","post","type-post","status-publish","format-standard","has-post-thumbnail","hentry","category-lajme"],"yoast_head":"<!-- This site is optimized with the Yoast SEO plugin v27.5 - https:\/\/yoast.com\/product\/yoast-seo-wordpress\/ -->\n<title>TON\u00c7EV KA DHURUAR PAJISJE BSK-\u00cbS T\u00cb CILAT I PREMTOI PRESIDENTI VU\u00c7IQ - Republika e S\u00ebrbis\u00eb Trupi Koordinues p\u00ebr komunat Bujanoc, Preshev\u00eb dhe Medvegj\u00eb<\/title>\n<meta name=\"robots\" content=\"index, follow, max-snippet:-1, max-image-preview:large, max-video-preview:-1\" \/>\n<link rel=\"canonical\" href=\"https:\/\/kt.gov.rs\/sq\/toncev-ka-dhuruar-pajisje-bsk-es-te-cilat-i-premtoi-presidenti-vuciq\/\" \/>\n<meta property=\"og:locale\" content=\"sq_AL\" \/>\n<meta property=\"og:type\" content=\"article\" \/>\n<meta property=\"og:title\" content=\"TON\u00c7EV KA DHURUAR PAJISJE BSK-\u00cbS T\u00cb CILAT I PREMTOI PRESIDENTI VU\u00c7IQ - Republika e S\u00ebrbis\u00eb Trupi Koordinues p\u00ebr komunat Bujanoc, Preshev\u00eb dhe Medvegj\u00eb\" \/>\n<meta property=\"og:description\" content=\"Bujanoc - Beograd\u00a0- Presidenti i Rajonit t\u00eb Futbollit t\u00eb Serbis\u00eb Lindore (RIS), Novica Toncev, dhuroi pajisje dhe 5 topa n\u00eb Bujanoc p\u00ebr kategorit\u00eb e reja t\u00eb KF BSK, t\u00eb cilat gjithashtu do t\u00eb luajn\u00eb n\u00eb ligat RIS k\u00ebt\u00eb sezon.\" \/>\n<meta property=\"og:url\" content=\"https:\/\/kt.gov.rs\/sq\/toncev-ka-dhuruar-pajisje-bsk-es-te-cilat-i-premtoi-presidenti-vuciq\/\" \/>\n<meta property=\"og:site_name\" content=\"Republika e S\u00ebrbis\u00eb Trupi Koordinues p\u00ebr komunat Bujanoc, Preshev\u00eb dhe Medvegj\u00eb\" \/>\n<meta property=\"article:publisher\" content=\"https:\/\/www.facebook.com\/SluzbaKoordinacionogTelaVladeRepublikeSrbije\" \/>\n<meta property=\"article:published_time\" content=\"2021-08-09T00:00:00+00:00\" \/>\n<meta property=\"article:modified_time\" content=\"2024-07-30T17:59:34+00:00\" \/>\n<meta property=\"og:image\" content=\"https:\/\/kt.gov.rs\/wp-content\/uploads\/2024\/07\/1628512525_090821_1-3.jpg\" \/>\n\t<meta property=\"og:image:width\" content=\"315\" \/>\n\t<meta property=\"og:image:height\" content=\"230\" \/>\n\t<meta property=\"og:image:type\" content=\"image\/jpeg\" \/>\n<meta name=\"author\" content=\"ktmin\" \/>\n<meta name=\"twitter:card\" content=\"summary_large_image\" \/>\n<meta name=\"twitter:creator\" content=\"@kt_gov\" \/>\n<meta name=\"twitter:site\" content=\"@kt_gov\" \/>\n<meta name=\"twitter:label1\" content=\"Written by\" \/>\n\t<meta name=\"twitter:data1\" content=\"ktmin\" \/>\n\t<meta name=\"twitter:label2\" content=\"Est. reading time\" \/>\n\t<meta name=\"twitter:data2\" content=\"2 minutes\" \/>\n<script type=\"application\/ld+json\" class=\"yoast-schema-graph\">{\"@context\":\"https:\\\/\\\/schema.org\",\"@graph\":[{\"@type\":\"Article\",\"@id\":\"https:\\\/\\\/kt.gov.rs\\\/sq\\\/toncev-ka-dhuruar-pajisje-bsk-es-te-cilat-i-premtoi-presidenti-vuciq\\\/#article\",\"isPartOf\":{\"@id\":\"https:\\\/\\\/kt.gov.rs\\\/sq\\\/toncev-ka-dhuruar-pajisje-bsk-es-te-cilat-i-premtoi-presidenti-vuciq\\\/\"},\"author\":{\"name\":\"ktmin\",\"@id\":\"https:\\\/\\\/kt.gov.rs\\\/#\\\/schema\\\/person\\\/e426459ddb4173309103390602694571\"},\"headline\":\"TON\u00c7EV KA DHURUAR PAJISJE BSK-\u00cbS T\u00cb CILAT I PREMTOI PRESIDENTI VU\u00c7IQ\",\"datePublished\":\"2021-08-09T00:00:00+00:00\",\"dateModified\":\"2024-07-30T17:59:34+00:00\",\"mainEntityOfPage\":{\"@id\":\"https:\\\/\\\/kt.gov.rs\\\/sq\\\/toncev-ka-dhuruar-pajisje-bsk-es-te-cilat-i-premtoi-presidenti-vuciq\\\/\"},\"wordCount\":459,\"publisher\":{\"@id\":\"https:\\\/\\\/kt.gov.rs\\\/#organization\"},\"image\":{\"@id\":\"https:\\\/\\\/kt.gov.rs\\\/sq\\\/toncev-ka-dhuruar-pajisje-bsk-es-te-cilat-i-premtoi-presidenti-vuciq\\\/#primaryimage\"},\"thumbnailUrl\":\"https:\\\/\\\/kt.gov.rs\\\/wp-content\\\/uploads\\\/2024\\\/07\\\/1628512525_090821_1-3.jpg\",\"articleSection\":[\"Lajme\"],\"inLanguage\":\"sq-AL\"},{\"@type\":\"WebPage\",\"@id\":\"https:\\\/\\\/kt.gov.rs\\\/sq\\\/toncev-ka-dhuruar-pajisje-bsk-es-te-cilat-i-premtoi-presidenti-vuciq\\\/\",\"url\":\"https:\\\/\\\/kt.gov.rs\\\/sq\\\/toncev-ka-dhuruar-pajisje-bsk-es-te-cilat-i-premtoi-presidenti-vuciq\\\/\",\"name\":\"TON\u00c7EV KA DHURUAR PAJISJE BSK-\u00cbS T\u00cb CILAT I PREMTOI PRESIDENTI VU\u00c7IQ - Republika e S\u00ebrbis\u00eb Trupi Koordinues p\u00ebr komunat Bujanoc, Preshev\u00eb dhe Medvegj\u00eb\",\"isPartOf\":{\"@id\":\"https:\\\/\\\/kt.gov.rs\\\/#website\"},\"primaryImageOfPage\":{\"@id\":\"https:\\\/\\\/kt.gov.rs\\\/sq\\\/toncev-ka-dhuruar-pajisje-bsk-es-te-cilat-i-premtoi-presidenti-vuciq\\\/#primaryimage\"},\"image\":{\"@id\":\"https:\\\/\\\/kt.gov.rs\\\/sq\\\/toncev-ka-dhuruar-pajisje-bsk-es-te-cilat-i-premtoi-presidenti-vuciq\\\/#primaryimage\"},\"thumbnailUrl\":\"https:\\\/\\\/kt.gov.rs\\\/wp-content\\\/uploads\\\/2024\\\/07\\\/1628512525_090821_1-3.jpg\",\"datePublished\":\"2021-08-09T00:00:00+00:00\",\"dateModified\":\"2024-07-30T17:59:34+00:00\",\"breadcrumb\":{\"@id\":\"https:\\\/\\\/kt.gov.rs\\\/sq\\\/toncev-ka-dhuruar-pajisje-bsk-es-te-cilat-i-premtoi-presidenti-vuciq\\\/#breadcrumb\"},\"inLanguage\":\"sq-AL\",\"potentialAction\":[{\"@type\":\"ReadAction\",\"target\":[\"https:\\\/\\\/kt.gov.rs\\\/sq\\\/toncev-ka-dhuruar-pajisje-bsk-es-te-cilat-i-premtoi-presidenti-vuciq\\\/\"]}]},{\"@type\":\"ImageObject\",\"inLanguage\":\"sq-AL\",\"@id\":\"https:\\\/\\\/kt.gov.rs\\\/sq\\\/toncev-ka-dhuruar-pajisje-bsk-es-te-cilat-i-premtoi-presidenti-vuciq\\\/#primaryimage\",\"url\":\"https:\\\/\\\/kt.gov.rs\\\/wp-content\\\/uploads\\\/2024\\\/07\\\/1628512525_090821_1-3.jpg\",\"contentUrl\":\"https:\\\/\\\/kt.gov.rs\\\/wp-content\\\/uploads\\\/2024\\\/07\\\/1628512525_090821_1-3.jpg\",\"width\":315,\"height\":230},{\"@type\":\"BreadcrumbList\",\"@id\":\"https:\\\/\\\/kt.gov.rs\\\/sq\\\/toncev-ka-dhuruar-pajisje-bsk-es-te-cilat-i-premtoi-presidenti-vuciq\\\/#breadcrumb\",\"itemListElement\":[{\"@type\":\"ListItem\",\"position\":1,\"name\":\"\u041f\u043e\u0447\u0435\u0442\u043d\u0430\",\"item\":\"https:\\\/\\\/kt.gov.rs\\\/sq\\\/\"},{\"@type\":\"ListItem\",\"position\":2,\"name\":\"TON\u00c7EV KA DHURUAR PAJISJE BSK-\u00cbS T\u00cb CILAT I PREMTOI PRESIDENTI VU\u00c7IQ\"}]},{\"@type\":\"WebSite\",\"@id\":\"https:\\\/\\\/kt.gov.rs\\\/#website\",\"url\":\"https:\\\/\\\/kt.gov.rs\\\/\",\"name\":\"\u041a\u043e\u043e\u0440\u0434\u0438\u043d\u0430\u0446\u0438\u043e\u043d\u043e \u0442\u0435\u043b\u043e \u0412\u043b\u0430\u0434\u0435 \u0420\u0435\u043f\u0443\u0431\u043b\u0438\u043a\u0435 \u0421\u0440\u0431\u0438\u0458\u0435 \u0437\u0430 \u043e\u043f\u0448\u0442\u0438\u043d\u0435 \u041f\u0440\u0435\u0448\u0435\u0432\u043e, \u0411\u0443\u0458\u0430\u043d\u043e\u0432\u0430\u0446 \u0438 \u041c\u0435\u0434\u0432\u0435\u0452a\",\"description\":\"\",\"publisher\":{\"@id\":\"https:\\\/\\\/kt.gov.rs\\\/#organization\"},\"alternateName\":\"\u041a\u043e\u043e\u0440\u0434\u0438\u043d\u0430\u0446\u0438\u043e\u043d\u043e \u0442\u0435\u043b\u043e\",\"potentialAction\":[{\"@type\":\"SearchAction\",\"target\":{\"@type\":\"EntryPoint\",\"urlTemplate\":\"https:\\\/\\\/kt.gov.rs\\\/?s={search_term_string}\"},\"query-input\":{\"@type\":\"PropertyValueSpecification\",\"valueRequired\":true,\"valueName\":\"search_term_string\"}}],\"inLanguage\":\"sq-AL\"},{\"@type\":\"Organization\",\"@id\":\"https:\\\/\\\/kt.gov.rs\\\/#organization\",\"name\":\"\u041a\u043e\u043e\u0440\u0434\u0438\u043d\u0430\u0446\u0438\u043e\u043d\u043e \u0442\u0435\u043b\u043e \u0412\u043b\u0430\u0434\u0435 \u0420\u0435\u043f\u0443\u0431\u043b\u0438\u043a\u0435 \u0421\u0440\u0431\u0438\u0458\u0435 \u0437\u0430 \u043e\u043f\u0448\u0442\u0438\u043d\u0435 \u041f\u0440\u0435\u0448\u0435\u0432\u043e, \u0411\u0443\u0458\u0430\u043d\u043e\u0432\u0430\u0446 \u0438 \u041c\u0435\u0434\u0432\u0435\u0452a\",\"alternateName\":\"\u041a\u043e\u043e\u0440\u0434\u0438\u043d\u0430\u0446\u0438\u043e\u043d\u043e \u0442\u0435\u043b\u043e\",\"url\":\"https:\\\/\\\/kt.gov.rs\\\/\",\"logo\":{\"@type\":\"ImageObject\",\"inLanguage\":\"sq-AL\",\"@id\":\"https:\\\/\\\/kt.gov.rs\\\/#\\\/schema\\\/logo\\\/image\\\/\",\"url\":\"https:\\\/\\\/kt.gov.rs\\\/wp-content\\\/uploads\\\/2024\\\/12\\\/koord2.jpg\",\"contentUrl\":\"https:\\\/\\\/kt.gov.rs\\\/wp-content\\\/uploads\\\/2024\\\/12\\\/koord2.jpg\",\"width\":640,\"height\":480,\"caption\":\"\u041a\u043e\u043e\u0440\u0434\u0438\u043d\u0430\u0446\u0438\u043e\u043d\u043e \u0442\u0435\u043b\u043e \u0412\u043b\u0430\u0434\u0435 \u0420\u0435\u043f\u0443\u0431\u043b\u0438\u043a\u0435 \u0421\u0440\u0431\u0438\u0458\u0435 \u0437\u0430 \u043e\u043f\u0448\u0442\u0438\u043d\u0435 \u041f\u0440\u0435\u0448\u0435\u0432\u043e, \u0411\u0443\u0458\u0430\u043d\u043e\u0432\u0430\u0446 \u0438 \u041c\u0435\u0434\u0432\u0435\u0452a\"},\"image\":{\"@id\":\"https:\\\/\\\/kt.gov.rs\\\/#\\\/schema\\\/logo\\\/image\\\/\"},\"sameAs\":[\"https:\\\/\\\/www.facebook.com\\\/SluzbaKoordinacionogTelaVladeRepublikeSrbije\",\"https:\\\/\\\/x.com\\\/kt_gov\",\"https:\\\/\\\/www.youtube.com\\\/@koordinacionotelo\"]},{\"@type\":\"Person\",\"@id\":\"https:\\\/\\\/kt.gov.rs\\\/#\\\/schema\\\/person\\\/e426459ddb4173309103390602694571\",\"name\":\"ktmin\",\"image\":{\"@type\":\"ImageObject\",\"inLanguage\":\"sq-AL\",\"@id\":\"https:\\\/\\\/secure.gravatar.com\\\/avatar\\\/3985c961109853010c3fbc7ba30365bfba5db3dd6c525831d9c595c7525a615a?s=96&d=mm&r=g\",\"url\":\"https:\\\/\\\/secure.gravatar.com\\\/avatar\\\/3985c961109853010c3fbc7ba30365bfba5db3dd6c525831d9c595c7525a615a?s=96&d=mm&r=g\",\"contentUrl\":\"https:\\\/\\\/secure.gravatar.com\\\/avatar\\\/3985c961109853010c3fbc7ba30365bfba5db3dd6c525831d9c595c7525a615a?s=96&d=mm&r=g\",\"caption\":\"ktmin\"},\"sameAs\":[\"https:\\\/\\\/kt.gov.rs\"],\"url\":\"https:\\\/\\\/kt.gov.rs\\\/sq\\\/author\\\/ktmin\\\/\"}]}<\/script>\n<!-- \/ Yoast SEO plugin. -->","yoast_head_json":{"title":"TON\u00c7EV KA DHURUAR PAJISJE BSK-\u00cbS T\u00cb CILAT I PREMTOI PRESIDENTI VU\u00c7IQ - Republika e S\u00ebrbis\u00eb Trupi Koordinues p\u00ebr komunat Bujanoc, Preshev\u00eb dhe Medvegj\u00eb","robots":{"index":"index","follow":"follow","max-snippet":"max-snippet:-1","max-image-preview":"max-image-preview:large","max-video-preview":"max-video-preview:-1"},"canonical":"https:\/\/kt.gov.rs\/sq\/toncev-ka-dhuruar-pajisje-bsk-es-te-cilat-i-premtoi-presidenti-vuciq\/","og_locale":"sq_AL","og_type":"article","og_title":"TON\u00c7EV KA DHURUAR PAJISJE BSK-\u00cbS T\u00cb CILAT I PREMTOI PRESIDENTI VU\u00c7IQ - Republika e S\u00ebrbis\u00eb Trupi Koordinues p\u00ebr komunat Bujanoc, Preshev\u00eb dhe Medvegj\u00eb","og_description":"Bujanoc - Beograd\u00a0- Presidenti i Rajonit t\u00eb Futbollit t\u00eb Serbis\u00eb Lindore (RIS), Novica Toncev, dhuroi pajisje dhe 5 topa n\u00eb Bujanoc p\u00ebr kategorit\u00eb e reja t\u00eb KF BSK, t\u00eb cilat gjithashtu do t\u00eb luajn\u00eb n\u00eb ligat RIS k\u00ebt\u00eb sezon.","og_url":"https:\/\/kt.gov.rs\/sq\/toncev-ka-dhuruar-pajisje-bsk-es-te-cilat-i-premtoi-presidenti-vuciq\/","og_site_name":"Republika e S\u00ebrbis\u00eb Trupi Koordinues p\u00ebr komunat Bujanoc, Preshev\u00eb dhe Medvegj\u00eb","article_publisher":"https:\/\/www.facebook.com\/SluzbaKoordinacionogTelaVladeRepublikeSrbije","article_published_time":"2021-08-09T00:00:00+00:00","article_modified_time":"2024-07-30T17:59:34+00:00","og_image":[{"width":315,"height":230,"url":"https:\/\/kt.gov.rs\/wp-content\/uploads\/2024\/07\/1628512525_090821_1-3.jpg","type":"image\/jpeg"}],"author":"ktmin","twitter_card":"summary_large_image","twitter_creator":"@kt_gov","twitter_site":"@kt_gov","twitter_misc":{"Written by":"ktmin","Est. reading time":"2 minutes"},"schema":{"@context":"https:\/\/schema.org","@graph":[{"@type":"Article","@id":"https:\/\/kt.gov.rs\/sq\/toncev-ka-dhuruar-pajisje-bsk-es-te-cilat-i-premtoi-presidenti-vuciq\/#article","isPartOf":{"@id":"https:\/\/kt.gov.rs\/sq\/toncev-ka-dhuruar-pajisje-bsk-es-te-cilat-i-premtoi-presidenti-vuciq\/"},"author":{"name":"ktmin","@id":"https:\/\/kt.gov.rs\/#\/schema\/person\/e426459ddb4173309103390602694571"},"headline":"TON\u00c7EV KA DHURUAR PAJISJE BSK-\u00cbS T\u00cb CILAT I PREMTOI PRESIDENTI VU\u00c7IQ","datePublished":"2021-08-09T00:00:00+00:00","dateModified":"2024-07-30T17:59:34+00:00","mainEntityOfPage":{"@id":"https:\/\/kt.gov.rs\/sq\/toncev-ka-dhuruar-pajisje-bsk-es-te-cilat-i-premtoi-presidenti-vuciq\/"},"wordCount":459,"publisher":{"@id":"https:\/\/kt.gov.rs\/#organization"},"image":{"@id":"https:\/\/kt.gov.rs\/sq\/toncev-ka-dhuruar-pajisje-bsk-es-te-cilat-i-premtoi-presidenti-vuciq\/#primaryimage"},"thumbnailUrl":"https:\/\/kt.gov.rs\/wp-content\/uploads\/2024\/07\/1628512525_090821_1-3.jpg","articleSection":["Lajme"],"inLanguage":"sq-AL"},{"@type":"WebPage","@id":"https:\/\/kt.gov.rs\/sq\/toncev-ka-dhuruar-pajisje-bsk-es-te-cilat-i-premtoi-presidenti-vuciq\/","url":"https:\/\/kt.gov.rs\/sq\/toncev-ka-dhuruar-pajisje-bsk-es-te-cilat-i-premtoi-presidenti-vuciq\/","name":"TON\u00c7EV KA DHURUAR PAJISJE BSK-\u00cbS T\u00cb CILAT I PREMTOI PRESIDENTI VU\u00c7IQ - Republika e S\u00ebrbis\u00eb Trupi Koordinues p\u00ebr komunat Bujanoc, Preshev\u00eb dhe Medvegj\u00eb","isPartOf":{"@id":"https:\/\/kt.gov.rs\/#website"},"primaryImageOfPage":{"@id":"https:\/\/kt.gov.rs\/sq\/toncev-ka-dhuruar-pajisje-bsk-es-te-cilat-i-premtoi-presidenti-vuciq\/#primaryimage"},"image":{"@id":"https:\/\/kt.gov.rs\/sq\/toncev-ka-dhuruar-pajisje-bsk-es-te-cilat-i-premtoi-presidenti-vuciq\/#primaryimage"},"thumbnailUrl":"https:\/\/kt.gov.rs\/wp-content\/uploads\/2024\/07\/1628512525_090821_1-3.jpg","datePublished":"2021-08-09T00:00:00+00:00","dateModified":"2024-07-30T17:59:34+00:00","breadcrumb":{"@id":"https:\/\/kt.gov.rs\/sq\/toncev-ka-dhuruar-pajisje-bsk-es-te-cilat-i-premtoi-presidenti-vuciq\/#breadcrumb"},"inLanguage":"sq-AL","potentialAction":[{"@type":"ReadAction","target":["https:\/\/kt.gov.rs\/sq\/toncev-ka-dhuruar-pajisje-bsk-es-te-cilat-i-premtoi-presidenti-vuciq\/"]}]},{"@type":"ImageObject","inLanguage":"sq-AL","@id":"https:\/\/kt.gov.rs\/sq\/toncev-ka-dhuruar-pajisje-bsk-es-te-cilat-i-premtoi-presidenti-vuciq\/#primaryimage","url":"https:\/\/kt.gov.rs\/wp-content\/uploads\/2024\/07\/1628512525_090821_1-3.jpg","contentUrl":"https:\/\/kt.gov.rs\/wp-content\/uploads\/2024\/07\/1628512525_090821_1-3.jpg","width":315,"height":230},{"@type":"BreadcrumbList","@id":"https:\/\/kt.gov.rs\/sq\/toncev-ka-dhuruar-pajisje-bsk-es-te-cilat-i-premtoi-presidenti-vuciq\/#breadcrumb","itemListElement":[{"@type":"ListItem","position":1,"name":"\u041f\u043e\u0447\u0435\u0442\u043d\u0430","item":"https:\/\/kt.gov.rs\/sq\/"},{"@type":"ListItem","position":2,"name":"TON\u00c7EV KA DHURUAR PAJISJE BSK-\u00cbS T\u00cb CILAT I PREMTOI PRESIDENTI VU\u00c7IQ"}]},{"@type":"WebSite","@id":"https:\/\/kt.gov.rs\/#website","url":"https:\/\/kt.gov.rs\/","name":"\u041a\u043e\u043e\u0440\u0434\u0438\u043d\u0430\u0446\u0438\u043e\u043d\u043e \u0442\u0435\u043b\u043e \u0412\u043b\u0430\u0434\u0435 \u0420\u0435\u043f\u0443\u0431\u043b\u0438\u043a\u0435 \u0421\u0440\u0431\u0438\u0458\u0435 \u0437\u0430 \u043e\u043f\u0448\u0442\u0438\u043d\u0435 \u041f\u0440\u0435\u0448\u0435\u0432\u043e, \u0411\u0443\u0458\u0430\u043d\u043e\u0432\u0430\u0446 \u0438 \u041c\u0435\u0434\u0432\u0435\u0452a","description":"","publisher":{"@id":"https:\/\/kt.gov.rs\/#organization"},"alternateName":"\u041a\u043e\u043e\u0440\u0434\u0438\u043d\u0430\u0446\u0438\u043e\u043d\u043e \u0442\u0435\u043b\u043e","potentialAction":[{"@type":"SearchAction","target":{"@type":"EntryPoint","urlTemplate":"https:\/\/kt.gov.rs\/?s={search_term_string}"},"query-input":{"@type":"PropertyValueSpecification","valueRequired":true,"valueName":"search_term_string"}}],"inLanguage":"sq-AL"},{"@type":"Organization","@id":"https:\/\/kt.gov.rs\/#organization","name":"\u041a\u043e\u043e\u0440\u0434\u0438\u043d\u0430\u0446\u0438\u043e\u043d\u043e \u0442\u0435\u043b\u043e \u0412\u043b\u0430\u0434\u0435 \u0420\u0435\u043f\u0443\u0431\u043b\u0438\u043a\u0435 \u0421\u0440\u0431\u0438\u0458\u0435 \u0437\u0430 \u043e\u043f\u0448\u0442\u0438\u043d\u0435 \u041f\u0440\u0435\u0448\u0435\u0432\u043e, \u0411\u0443\u0458\u0430\u043d\u043e\u0432\u0430\u0446 \u0438 \u041c\u0435\u0434\u0432\u0435\u0452a","alternateName":"\u041a\u043e\u043e\u0440\u0434\u0438\u043d\u0430\u0446\u0438\u043e\u043d\u043e \u0442\u0435\u043b\u043e","url":"https:\/\/kt.gov.rs\/","logo":{"@type":"ImageObject","inLanguage":"sq-AL","@id":"https:\/\/kt.gov.rs\/#\/schema\/logo\/image\/","url":"https:\/\/kt.gov.rs\/wp-content\/uploads\/2024\/12\/koord2.jpg","contentUrl":"https:\/\/kt.gov.rs\/wp-content\/uploads\/2024\/12\/koord2.jpg","width":640,"height":480,"caption":"\u041a\u043e\u043e\u0440\u0434\u0438\u043d\u0430\u0446\u0438\u043e\u043d\u043e \u0442\u0435\u043b\u043e \u0412\u043b\u0430\u0434\u0435 \u0420\u0435\u043f\u0443\u0431\u043b\u0438\u043a\u0435 \u0421\u0440\u0431\u0438\u0458\u0435 \u0437\u0430 \u043e\u043f\u0448\u0442\u0438\u043d\u0435 \u041f\u0440\u0435\u0448\u0435\u0432\u043e, \u0411\u0443\u0458\u0430\u043d\u043e\u0432\u0430\u0446 \u0438 \u041c\u0435\u0434\u0432\u0435\u0452a"},"image":{"@id":"https:\/\/kt.gov.rs\/#\/schema\/logo\/image\/"},"sameAs":["https:\/\/www.facebook.com\/SluzbaKoordinacionogTelaVladeRepublikeSrbije","https:\/\/x.com\/kt_gov","https:\/\/www.youtube.com\/@koordinacionotelo"]},{"@type":"Person","@id":"https:\/\/kt.gov.rs\/#\/schema\/person\/e426459ddb4173309103390602694571","name":"ktmin","image":{"@type":"ImageObject","inLanguage":"sq-AL","@id":"https:\/\/secure.gravatar.com\/avatar\/3985c961109853010c3fbc7ba30365bfba5db3dd6c525831d9c595c7525a615a?s=96&d=mm&r=g","url":"https:\/\/secure.gravatar.com\/avatar\/3985c961109853010c3fbc7ba30365bfba5db3dd6c525831d9c595c7525a615a?s=96&d=mm&r=g","contentUrl":"https:\/\/secure.gravatar.com\/avatar\/3985c961109853010c3fbc7ba30365bfba5db3dd6c525831d9c595c7525a615a?s=96&d=mm&r=g","caption":"ktmin"},"sameAs":["https:\/\/kt.gov.rs"],"url":"https:\/\/kt.gov.rs\/sq\/author\/ktmin\/"}]}},"_links":{"self":[{"href":"https:\/\/kt.gov.rs\/sq\/wp-json\/wp\/v2\/posts\/109275","targetHints":{"allow":["GET"]}}],"collection":[{"href":"https:\/\/kt.gov.rs\/sq\/wp-json\/wp\/v2\/posts"}],"about":[{"href":"https:\/\/kt.gov.rs\/sq\/wp-json\/wp\/v2\/types\/post"}],"author":[{"embeddable":true,"href":"https:\/\/kt.gov.rs\/sq\/wp-json\/wp\/v2\/users\/1"}],"replies":[{"embeddable":true,"href":"https:\/\/kt.gov.rs\/sq\/wp-json\/wp\/v2\/comments?post=109275"}],"version-history":[{"count":1,"href":"https:\/\/kt.gov.rs\/sq\/wp-json\/wp\/v2\/posts\/109275\/revisions"}],"predecessor-version":[{"id":109279,"href":"https:\/\/kt.gov.rs\/sq\/wp-json\/wp\/v2\/posts\/109275\/revisions\/109279"}],"wp:featuredmedia":[{"embeddable":true,"href":"https:\/\/kt.gov.rs\/sq\/wp-json\/wp\/v2\/media\/109280"}],"wp:attachment":[{"href":"https:\/\/kt.gov.rs\/sq\/wp-json\/wp\/v2\/media?parent=109275"}],"wp:term":[{"taxonomy":"category","embeddable":true,"href":"https:\/\/kt.gov.rs\/sq\/wp-json\/wp\/v2\/categories?post=109275"},{"taxonomy":"post_tag","embeddable":true,"href":"https:\/\/kt.gov.rs\/sq\/wp-json\/wp\/v2\/tags?post=109275"}],"curies":[{"name":"wp","href":"https:\/\/api.w.org\/{rel}","templated":true}]}}