{"id":109259,"date":"2021-08-10T00:00:00","date_gmt":"2021-08-10T00:00:00","guid":{"rendered":"http:\/\/kt.printandscreen.rs\/vulin-do-te-insitoje-qe-te-shtrengohen-politikat-ndeshkuese-ndaj-te-gjithe-te-cilet-shkaktojne-zjarre\/"},"modified":"2024-07-30T17:59:32","modified_gmt":"2024-07-30T17:59:32","slug":"vulin-do-te-insitoje-qe-te-shtrengohen-politikat-ndeshkuese-ndaj-te-gjithe-te-cilet-shkaktojne-zjarre","status":"publish","type":"post","link":"https:\/\/kt.gov.rs\/sq\/vulin-do-te-insitoje-qe-te-shtrengohen-politikat-ndeshkuese-ndaj-te-gjithe-te-cilet-shkaktojne-zjarre\/","title":{"rendered":"VULIN: DO T\u00cb INSITOJ\u00cb Q\u00cb T\u00cb SHTR\u00cbNGOHEN POLITIKAT ND\u00cbSHKUESE NDAJ T\u00cb GJITH\u00cb T\u00cb CIL\u00cbT SHKAKTOJN\u00cb ZJARRE"},"content":{"rendered":"<p>\n\t<strong><img decoding=\"async\" alt=\"\" src=\"https:\/\/kt.gov.rs\/wp-content\/uploads\/2024\/07\/1628585665_100821_1-2.jpg\" style=\"width: 315px; height: 230px; float: left;\" \/><\/strong><\/p>\n<p>\n\t<strong>Bujanoc \u2013 Beograd<\/strong> \u2013 Ministri i brendsh\u00ebm Aleksandar Vulin tha gjat\u00eb nj\u00eb vizite n\u00eb Rrethin e P\u00e7inj\u00ebs, ku jan\u00eb regjistruar m\u00eb shum\u00eb se 100 zjarre t\u00eb hapura jav\u00ebn e fundit, se ai do t\u00eb insistojn\u00eb n\u00eb shtr\u00ebngimin e politik\u00ebs penale ndaj secilit q\u00eb i shkakton ato me neglizhenc\u00eb dhe pakujdesi.<\/p>\n<p>\n\t&quot;Nga 25 korriku deri m\u00eb 7 gusht, Serbia u p\u00ebrball me m\u00eb shum\u00eb se 850 zjarre t\u00eb hapura. Kjo tregon se sa t\u00eb pap\u00ebrgjegjsh\u00ebm jemi, sa nuk mendojm\u00eb, sa sistematikisht nuk kemi gjetur p\u00ebrgjigje p\u00ebr ata q\u00eb nuk kujdesen p\u00ebr veten apo t\u00eb tjer\u00ebt \u201d, vuri n\u00eb dukje Vulin pasi vizitoi zonat q\u00eb u prek\u00ebn nga zjarret dhe u takua me drejtuesit e Shtabit t\u00eb Qarkut p\u00ebr Situatat Emergjente.<\/p>\n<p>\n\tAi theksoi se t\u00eb gjith\u00eb ata q\u00eb shkaktojn\u00eb zjarre nga neglizhenca dhe pakujdesia duhet ta din\u00eb se do t\u00eb gjenden dhe do t\u00eb jen\u00eb p\u00ebrgjegj\u00ebs p\u00ebr gjith\u00e7ka q\u00eb b\u00ebn\u00eb, si materialisht ashtu edhe n\u00eb \u00e7far\u00ebdo m\u00ebnyre tjet\u00ebr, njoftoi Ministria e Pun\u00ebve t\u00eb Brendshme.<\/p>\n<p>\n\t\u201cVet\u00ebm n\u00eb rrethin administrativ t\u00eb P\u00e7inj\u00ebs, nga 2 deri m\u00eb 7 gusht, u regjistruan m\u00eb shum\u00eb se 100 zjarre t\u00eb hapura, t\u00eb cilat shuan 500 zjarrfik\u00ebs dhe m\u00eb shum\u00eb se 100 automjete, t\u00eb cilat u t\u00ebrhoq\u00ebn nga e gjith\u00eb Serbia p\u00ebr t\u00eb zgjidhur problemin e krijuar nga individ\u00eb t\u00eb pap\u00ebrgjegjsh\u00ebm. &quot;Ata q\u00eb nuk mendonin se djegia e kasht\u00ebs mund t&#39;i vinte zjarrin t\u00eb gjith\u00eb fshatit do t\u00eb vrisnin dik\u00eb,&quot; tha Vulin.<\/p>\n<p>\n\tKreu i Rrethit Administrativ t\u00eb P\u00e7inj\u00ebs, Sre\u0107ko Pejkovi\u0107, theksoi se p\u00ebr fat nuk pati viktima njer\u00ebzore n\u00eb zjarret q\u00eb godit\u00ebn at\u00eb rreth, por u shkaktuan d\u00ebme t\u00eb madha materiale.<\/p>\n<p>\n\t<strong>Burimi: Beta dhe Trupi Koordinues<\/strong><\/p>\n<p>\n\t\u00a0<\/p>\n","protected":false},"excerpt":{"rendered":"<p>Bujanoc \u2013 Beograd\u00a0\u2013 Ministri i brendsh\u00ebm Aleksandar Vulin tha gjat\u00eb nj\u00eb vizite n\u00eb Rrethin e P\u00e7inj\u00ebs, ku jan\u00eb regjistruar m\u00eb shum\u00eb se 100 zjarre t\u00eb hapura jav\u00ebn e fundit, se ai do t\u00eb insistojn\u00eb n\u00eb shtr\u00ebngimin e politik\u00ebs penale ndaj secilit q\u00eb i shkakton ato me neglizhenc\u00eb dhe pakujdesi.<\/p>\n","protected":false},"author":1,"featured_media":109264,"comment_status":"closed","ping_status":"closed","sticky":false,"template":"","format":"standard","meta":{"footnotes":""},"categories":[55],"tags":[],"class_list":["post-109259","post","type-post","status-publish","format-standard","has-post-thumbnail","hentry","category-lajme"],"yoast_head":"<!-- This site is optimized with the Yoast SEO plugin v27.5 - https:\/\/yoast.com\/product\/yoast-seo-wordpress\/ -->\n<title>VULIN: DO T\u00cb INSITOJ\u00cb Q\u00cb T\u00cb SHTR\u00cbNGOHEN POLITIKAT ND\u00cbSHKUESE NDAJ T\u00cb GJITH\u00cb T\u00cb CIL\u00cbT SHKAKTOJN\u00cb ZJARRE - Republika e S\u00ebrbis\u00eb Trupi Koordinues p\u00ebr komunat Bujanoc, Preshev\u00eb dhe Medvegj\u00eb<\/title>\n<meta name=\"robots\" content=\"index, follow, max-snippet:-1, max-image-preview:large, max-video-preview:-1\" \/>\n<link rel=\"canonical\" href=\"https:\/\/kt.gov.rs\/sq\/vulin-do-te-insitoje-qe-te-shtrengohen-politikat-ndeshkuese-ndaj-te-gjithe-te-cilet-shkaktojne-zjarre\/\" \/>\n<meta property=\"og:locale\" content=\"sq_AL\" \/>\n<meta property=\"og:type\" content=\"article\" \/>\n<meta property=\"og:title\" content=\"VULIN: DO T\u00cb INSITOJ\u00cb Q\u00cb T\u00cb SHTR\u00cbNGOHEN POLITIKAT ND\u00cbSHKUESE NDAJ T\u00cb GJITH\u00cb T\u00cb CIL\u00cbT SHKAKTOJN\u00cb ZJARRE - Republika e S\u00ebrbis\u00eb Trupi Koordinues p\u00ebr komunat Bujanoc, Preshev\u00eb dhe Medvegj\u00eb\" \/>\n<meta property=\"og:description\" content=\"Bujanoc - Beograd\u00a0- Ministri i brendsh\u00ebm Aleksandar Vulin tha gjat\u00eb nj\u00eb vizite n\u00eb Rrethin e P\u00e7inj\u00ebs, ku jan\u00eb regjistruar m\u00eb shum\u00eb se 100 zjarre t\u00eb hapura jav\u00ebn e fundit, se ai do t\u00eb insistojn\u00eb n\u00eb shtr\u00ebngimin e politik\u00ebs penale ndaj secilit q\u00eb i shkakton ato me neglizhenc\u00eb dhe pakujdesi.\" \/>\n<meta property=\"og:url\" content=\"https:\/\/kt.gov.rs\/sq\/vulin-do-te-insitoje-qe-te-shtrengohen-politikat-ndeshkuese-ndaj-te-gjithe-te-cilet-shkaktojne-zjarre\/\" \/>\n<meta property=\"og:site_name\" content=\"Republika e S\u00ebrbis\u00eb Trupi Koordinues p\u00ebr komunat Bujanoc, Preshev\u00eb dhe Medvegj\u00eb\" \/>\n<meta property=\"article:publisher\" content=\"https:\/\/www.facebook.com\/SluzbaKoordinacionogTelaVladeRepublikeSrbije\" \/>\n<meta property=\"article:published_time\" content=\"2021-08-10T00:00:00+00:00\" \/>\n<meta property=\"article:modified_time\" content=\"2024-07-30T17:59:32+00:00\" \/>\n<meta property=\"og:image\" content=\"https:\/\/kt.gov.rs\/wp-content\/uploads\/2024\/07\/1628585665_100821_1-3.jpg\" \/>\n\t<meta property=\"og:image:width\" content=\"315\" \/>\n\t<meta property=\"og:image:height\" content=\"230\" \/>\n\t<meta property=\"og:image:type\" content=\"image\/jpeg\" \/>\n<meta name=\"author\" content=\"ktmin\" \/>\n<meta name=\"twitter:card\" content=\"summary_large_image\" \/>\n<meta name=\"twitter:creator\" content=\"@kt_gov\" \/>\n<meta name=\"twitter:site\" content=\"@kt_gov\" \/>\n<meta name=\"twitter:label1\" content=\"Written by\" \/>\n\t<meta name=\"twitter:data1\" content=\"ktmin\" \/>\n\t<meta name=\"twitter:label2\" content=\"Est. reading time\" \/>\n\t<meta name=\"twitter:data2\" content=\"2 minutes\" \/>\n<script type=\"application\/ld+json\" class=\"yoast-schema-graph\">{\"@context\":\"https:\\\/\\\/schema.org\",\"@graph\":[{\"@type\":\"Article\",\"@id\":\"https:\\\/\\\/kt.gov.rs\\\/sq\\\/vulin-do-te-insitoje-qe-te-shtrengohen-politikat-ndeshkuese-ndaj-te-gjithe-te-cilet-shkaktojne-zjarre\\\/#article\",\"isPartOf\":{\"@id\":\"https:\\\/\\\/kt.gov.rs\\\/sq\\\/vulin-do-te-insitoje-qe-te-shtrengohen-politikat-ndeshkuese-ndaj-te-gjithe-te-cilet-shkaktojne-zjarre\\\/\"},\"author\":{\"name\":\"ktmin\",\"@id\":\"https:\\\/\\\/kt.gov.rs\\\/#\\\/schema\\\/person\\\/e426459ddb4173309103390602694571\"},\"headline\":\"VULIN: DO T\u00cb INSITOJ\u00cb Q\u00cb T\u00cb SHTR\u00cbNGOHEN POLITIKAT ND\u00cbSHKUESE NDAJ T\u00cb GJITH\u00cb T\u00cb CIL\u00cbT SHKAKTOJN\u00cb ZJARRE\",\"datePublished\":\"2021-08-10T00:00:00+00:00\",\"dateModified\":\"2024-07-30T17:59:32+00:00\",\"mainEntityOfPage\":{\"@id\":\"https:\\\/\\\/kt.gov.rs\\\/sq\\\/vulin-do-te-insitoje-qe-te-shtrengohen-politikat-ndeshkuese-ndaj-te-gjithe-te-cilet-shkaktojne-zjarre\\\/\"},\"wordCount\":424,\"publisher\":{\"@id\":\"https:\\\/\\\/kt.gov.rs\\\/#organization\"},\"image\":{\"@id\":\"https:\\\/\\\/kt.gov.rs\\\/sq\\\/vulin-do-te-insitoje-qe-te-shtrengohen-politikat-ndeshkuese-ndaj-te-gjithe-te-cilet-shkaktojne-zjarre\\\/#primaryimage\"},\"thumbnailUrl\":\"https:\\\/\\\/kt.gov.rs\\\/wp-content\\\/uploads\\\/2024\\\/07\\\/1628585665_100821_1-3.jpg\",\"articleSection\":[\"Lajme\"],\"inLanguage\":\"sq-AL\"},{\"@type\":\"WebPage\",\"@id\":\"https:\\\/\\\/kt.gov.rs\\\/sq\\\/vulin-do-te-insitoje-qe-te-shtrengohen-politikat-ndeshkuese-ndaj-te-gjithe-te-cilet-shkaktojne-zjarre\\\/\",\"url\":\"https:\\\/\\\/kt.gov.rs\\\/sq\\\/vulin-do-te-insitoje-qe-te-shtrengohen-politikat-ndeshkuese-ndaj-te-gjithe-te-cilet-shkaktojne-zjarre\\\/\",\"name\":\"VULIN: DO T\u00cb INSITOJ\u00cb Q\u00cb T\u00cb SHTR\u00cbNGOHEN POLITIKAT ND\u00cbSHKUESE NDAJ T\u00cb GJITH\u00cb T\u00cb CIL\u00cbT SHKAKTOJN\u00cb ZJARRE - Republika e S\u00ebrbis\u00eb Trupi Koordinues p\u00ebr komunat Bujanoc, Preshev\u00eb dhe Medvegj\u00eb\",\"isPartOf\":{\"@id\":\"https:\\\/\\\/kt.gov.rs\\\/#website\"},\"primaryImageOfPage\":{\"@id\":\"https:\\\/\\\/kt.gov.rs\\\/sq\\\/vulin-do-te-insitoje-qe-te-shtrengohen-politikat-ndeshkuese-ndaj-te-gjithe-te-cilet-shkaktojne-zjarre\\\/#primaryimage\"},\"image\":{\"@id\":\"https:\\\/\\\/kt.gov.rs\\\/sq\\\/vulin-do-te-insitoje-qe-te-shtrengohen-politikat-ndeshkuese-ndaj-te-gjithe-te-cilet-shkaktojne-zjarre\\\/#primaryimage\"},\"thumbnailUrl\":\"https:\\\/\\\/kt.gov.rs\\\/wp-content\\\/uploads\\\/2024\\\/07\\\/1628585665_100821_1-3.jpg\",\"datePublished\":\"2021-08-10T00:00:00+00:00\",\"dateModified\":\"2024-07-30T17:59:32+00:00\",\"breadcrumb\":{\"@id\":\"https:\\\/\\\/kt.gov.rs\\\/sq\\\/vulin-do-te-insitoje-qe-te-shtrengohen-politikat-ndeshkuese-ndaj-te-gjithe-te-cilet-shkaktojne-zjarre\\\/#breadcrumb\"},\"inLanguage\":\"sq-AL\",\"potentialAction\":[{\"@type\":\"ReadAction\",\"target\":[\"https:\\\/\\\/kt.gov.rs\\\/sq\\\/vulin-do-te-insitoje-qe-te-shtrengohen-politikat-ndeshkuese-ndaj-te-gjithe-te-cilet-shkaktojne-zjarre\\\/\"]}]},{\"@type\":\"ImageObject\",\"inLanguage\":\"sq-AL\",\"@id\":\"https:\\\/\\\/kt.gov.rs\\\/sq\\\/vulin-do-te-insitoje-qe-te-shtrengohen-politikat-ndeshkuese-ndaj-te-gjithe-te-cilet-shkaktojne-zjarre\\\/#primaryimage\",\"url\":\"https:\\\/\\\/kt.gov.rs\\\/wp-content\\\/uploads\\\/2024\\\/07\\\/1628585665_100821_1-3.jpg\",\"contentUrl\":\"https:\\\/\\\/kt.gov.rs\\\/wp-content\\\/uploads\\\/2024\\\/07\\\/1628585665_100821_1-3.jpg\",\"width\":315,\"height\":230},{\"@type\":\"BreadcrumbList\",\"@id\":\"https:\\\/\\\/kt.gov.rs\\\/sq\\\/vulin-do-te-insitoje-qe-te-shtrengohen-politikat-ndeshkuese-ndaj-te-gjithe-te-cilet-shkaktojne-zjarre\\\/#breadcrumb\",\"itemListElement\":[{\"@type\":\"ListItem\",\"position\":1,\"name\":\"\u041f\u043e\u0447\u0435\u0442\u043d\u0430\",\"item\":\"https:\\\/\\\/kt.gov.rs\\\/sq\\\/\"},{\"@type\":\"ListItem\",\"position\":2,\"name\":\"VULIN: DO T\u00cb INSITOJ\u00cb Q\u00cb T\u00cb SHTR\u00cbNGOHEN POLITIKAT ND\u00cbSHKUESE NDAJ T\u00cb GJITH\u00cb T\u00cb CIL\u00cbT SHKAKTOJN\u00cb ZJARRE\"}]},{\"@type\":\"WebSite\",\"@id\":\"https:\\\/\\\/kt.gov.rs\\\/#website\",\"url\":\"https:\\\/\\\/kt.gov.rs\\\/\",\"name\":\"\u041a\u043e\u043e\u0440\u0434\u0438\u043d\u0430\u0446\u0438\u043e\u043d\u043e \u0442\u0435\u043b\u043e \u0412\u043b\u0430\u0434\u0435 \u0420\u0435\u043f\u0443\u0431\u043b\u0438\u043a\u0435 \u0421\u0440\u0431\u0438\u0458\u0435 \u0437\u0430 \u043e\u043f\u0448\u0442\u0438\u043d\u0435 \u041f\u0440\u0435\u0448\u0435\u0432\u043e, \u0411\u0443\u0458\u0430\u043d\u043e\u0432\u0430\u0446 \u0438 \u041c\u0435\u0434\u0432\u0435\u0452a\",\"description\":\"\",\"publisher\":{\"@id\":\"https:\\\/\\\/kt.gov.rs\\\/#organization\"},\"alternateName\":\"\u041a\u043e\u043e\u0440\u0434\u0438\u043d\u0430\u0446\u0438\u043e\u043d\u043e \u0442\u0435\u043b\u043e\",\"potentialAction\":[{\"@type\":\"SearchAction\",\"target\":{\"@type\":\"EntryPoint\",\"urlTemplate\":\"https:\\\/\\\/kt.gov.rs\\\/?s={search_term_string}\"},\"query-input\":{\"@type\":\"PropertyValueSpecification\",\"valueRequired\":true,\"valueName\":\"search_term_string\"}}],\"inLanguage\":\"sq-AL\"},{\"@type\":\"Organization\",\"@id\":\"https:\\\/\\\/kt.gov.rs\\\/#organization\",\"name\":\"\u041a\u043e\u043e\u0440\u0434\u0438\u043d\u0430\u0446\u0438\u043e\u043d\u043e \u0442\u0435\u043b\u043e \u0412\u043b\u0430\u0434\u0435 \u0420\u0435\u043f\u0443\u0431\u043b\u0438\u043a\u0435 \u0421\u0440\u0431\u0438\u0458\u0435 \u0437\u0430 \u043e\u043f\u0448\u0442\u0438\u043d\u0435 \u041f\u0440\u0435\u0448\u0435\u0432\u043e, \u0411\u0443\u0458\u0430\u043d\u043e\u0432\u0430\u0446 \u0438 \u041c\u0435\u0434\u0432\u0435\u0452a\",\"alternateName\":\"\u041a\u043e\u043e\u0440\u0434\u0438\u043d\u0430\u0446\u0438\u043e\u043d\u043e \u0442\u0435\u043b\u043e\",\"url\":\"https:\\\/\\\/kt.gov.rs\\\/\",\"logo\":{\"@type\":\"ImageObject\",\"inLanguage\":\"sq-AL\",\"@id\":\"https:\\\/\\\/kt.gov.rs\\\/#\\\/schema\\\/logo\\\/image\\\/\",\"url\":\"https:\\\/\\\/kt.gov.rs\\\/wp-content\\\/uploads\\\/2024\\\/12\\\/koord2.jpg\",\"contentUrl\":\"https:\\\/\\\/kt.gov.rs\\\/wp-content\\\/uploads\\\/2024\\\/12\\\/koord2.jpg\",\"width\":640,\"height\":480,\"caption\":\"\u041a\u043e\u043e\u0440\u0434\u0438\u043d\u0430\u0446\u0438\u043e\u043d\u043e \u0442\u0435\u043b\u043e \u0412\u043b\u0430\u0434\u0435 \u0420\u0435\u043f\u0443\u0431\u043b\u0438\u043a\u0435 \u0421\u0440\u0431\u0438\u0458\u0435 \u0437\u0430 \u043e\u043f\u0448\u0442\u0438\u043d\u0435 \u041f\u0440\u0435\u0448\u0435\u0432\u043e, \u0411\u0443\u0458\u0430\u043d\u043e\u0432\u0430\u0446 \u0438 \u041c\u0435\u0434\u0432\u0435\u0452a\"},\"image\":{\"@id\":\"https:\\\/\\\/kt.gov.rs\\\/#\\\/schema\\\/logo\\\/image\\\/\"},\"sameAs\":[\"https:\\\/\\\/www.facebook.com\\\/SluzbaKoordinacionogTelaVladeRepublikeSrbije\",\"https:\\\/\\\/x.com\\\/kt_gov\",\"https:\\\/\\\/www.youtube.com\\\/@koordinacionotelo\"]},{\"@type\":\"Person\",\"@id\":\"https:\\\/\\\/kt.gov.rs\\\/#\\\/schema\\\/person\\\/e426459ddb4173309103390602694571\",\"name\":\"ktmin\",\"image\":{\"@type\":\"ImageObject\",\"inLanguage\":\"sq-AL\",\"@id\":\"https:\\\/\\\/secure.gravatar.com\\\/avatar\\\/3985c961109853010c3fbc7ba30365bfba5db3dd6c525831d9c595c7525a615a?s=96&d=mm&r=g\",\"url\":\"https:\\\/\\\/secure.gravatar.com\\\/avatar\\\/3985c961109853010c3fbc7ba30365bfba5db3dd6c525831d9c595c7525a615a?s=96&d=mm&r=g\",\"contentUrl\":\"https:\\\/\\\/secure.gravatar.com\\\/avatar\\\/3985c961109853010c3fbc7ba30365bfba5db3dd6c525831d9c595c7525a615a?s=96&d=mm&r=g\",\"caption\":\"ktmin\"},\"sameAs\":[\"https:\\\/\\\/kt.gov.rs\"],\"url\":\"https:\\\/\\\/kt.gov.rs\\\/sq\\\/author\\\/ktmin\\\/\"}]}<\/script>\n<!-- \/ Yoast SEO plugin. -->","yoast_head_json":{"title":"VULIN: DO T\u00cb INSITOJ\u00cb Q\u00cb T\u00cb SHTR\u00cbNGOHEN POLITIKAT ND\u00cbSHKUESE NDAJ T\u00cb GJITH\u00cb T\u00cb CIL\u00cbT SHKAKTOJN\u00cb ZJARRE - Republika e S\u00ebrbis\u00eb Trupi Koordinues p\u00ebr komunat Bujanoc, Preshev\u00eb dhe Medvegj\u00eb","robots":{"index":"index","follow":"follow","max-snippet":"max-snippet:-1","max-image-preview":"max-image-preview:large","max-video-preview":"max-video-preview:-1"},"canonical":"https:\/\/kt.gov.rs\/sq\/vulin-do-te-insitoje-qe-te-shtrengohen-politikat-ndeshkuese-ndaj-te-gjithe-te-cilet-shkaktojne-zjarre\/","og_locale":"sq_AL","og_type":"article","og_title":"VULIN: DO T\u00cb INSITOJ\u00cb Q\u00cb T\u00cb SHTR\u00cbNGOHEN POLITIKAT ND\u00cbSHKUESE NDAJ T\u00cb GJITH\u00cb T\u00cb CIL\u00cbT SHKAKTOJN\u00cb ZJARRE - Republika e S\u00ebrbis\u00eb Trupi Koordinues p\u00ebr komunat Bujanoc, Preshev\u00eb dhe Medvegj\u00eb","og_description":"Bujanoc - Beograd\u00a0- Ministri i brendsh\u00ebm Aleksandar Vulin tha gjat\u00eb nj\u00eb vizite n\u00eb Rrethin e P\u00e7inj\u00ebs, ku jan\u00eb regjistruar m\u00eb shum\u00eb se 100 zjarre t\u00eb hapura jav\u00ebn e fundit, se ai do t\u00eb insistojn\u00eb n\u00eb shtr\u00ebngimin e politik\u00ebs penale ndaj secilit q\u00eb i shkakton ato me neglizhenc\u00eb dhe pakujdesi.","og_url":"https:\/\/kt.gov.rs\/sq\/vulin-do-te-insitoje-qe-te-shtrengohen-politikat-ndeshkuese-ndaj-te-gjithe-te-cilet-shkaktojne-zjarre\/","og_site_name":"Republika e S\u00ebrbis\u00eb Trupi Koordinues p\u00ebr komunat Bujanoc, Preshev\u00eb dhe Medvegj\u00eb","article_publisher":"https:\/\/www.facebook.com\/SluzbaKoordinacionogTelaVladeRepublikeSrbije","article_published_time":"2021-08-10T00:00:00+00:00","article_modified_time":"2024-07-30T17:59:32+00:00","og_image":[{"width":315,"height":230,"url":"https:\/\/kt.gov.rs\/wp-content\/uploads\/2024\/07\/1628585665_100821_1-3.jpg","type":"image\/jpeg"}],"author":"ktmin","twitter_card":"summary_large_image","twitter_creator":"@kt_gov","twitter_site":"@kt_gov","twitter_misc":{"Written by":"ktmin","Est. reading time":"2 minutes"},"schema":{"@context":"https:\/\/schema.org","@graph":[{"@type":"Article","@id":"https:\/\/kt.gov.rs\/sq\/vulin-do-te-insitoje-qe-te-shtrengohen-politikat-ndeshkuese-ndaj-te-gjithe-te-cilet-shkaktojne-zjarre\/#article","isPartOf":{"@id":"https:\/\/kt.gov.rs\/sq\/vulin-do-te-insitoje-qe-te-shtrengohen-politikat-ndeshkuese-ndaj-te-gjithe-te-cilet-shkaktojne-zjarre\/"},"author":{"name":"ktmin","@id":"https:\/\/kt.gov.rs\/#\/schema\/person\/e426459ddb4173309103390602694571"},"headline":"VULIN: DO T\u00cb INSITOJ\u00cb Q\u00cb T\u00cb SHTR\u00cbNGOHEN POLITIKAT ND\u00cbSHKUESE NDAJ T\u00cb GJITH\u00cb T\u00cb CIL\u00cbT SHKAKTOJN\u00cb ZJARRE","datePublished":"2021-08-10T00:00:00+00:00","dateModified":"2024-07-30T17:59:32+00:00","mainEntityOfPage":{"@id":"https:\/\/kt.gov.rs\/sq\/vulin-do-te-insitoje-qe-te-shtrengohen-politikat-ndeshkuese-ndaj-te-gjithe-te-cilet-shkaktojne-zjarre\/"},"wordCount":424,"publisher":{"@id":"https:\/\/kt.gov.rs\/#organization"},"image":{"@id":"https:\/\/kt.gov.rs\/sq\/vulin-do-te-insitoje-qe-te-shtrengohen-politikat-ndeshkuese-ndaj-te-gjithe-te-cilet-shkaktojne-zjarre\/#primaryimage"},"thumbnailUrl":"https:\/\/kt.gov.rs\/wp-content\/uploads\/2024\/07\/1628585665_100821_1-3.jpg","articleSection":["Lajme"],"inLanguage":"sq-AL"},{"@type":"WebPage","@id":"https:\/\/kt.gov.rs\/sq\/vulin-do-te-insitoje-qe-te-shtrengohen-politikat-ndeshkuese-ndaj-te-gjithe-te-cilet-shkaktojne-zjarre\/","url":"https:\/\/kt.gov.rs\/sq\/vulin-do-te-insitoje-qe-te-shtrengohen-politikat-ndeshkuese-ndaj-te-gjithe-te-cilet-shkaktojne-zjarre\/","name":"VULIN: DO T\u00cb INSITOJ\u00cb Q\u00cb T\u00cb SHTR\u00cbNGOHEN POLITIKAT ND\u00cbSHKUESE NDAJ T\u00cb GJITH\u00cb T\u00cb CIL\u00cbT SHKAKTOJN\u00cb ZJARRE - Republika e S\u00ebrbis\u00eb Trupi Koordinues p\u00ebr komunat Bujanoc, Preshev\u00eb dhe Medvegj\u00eb","isPartOf":{"@id":"https:\/\/kt.gov.rs\/#website"},"primaryImageOfPage":{"@id":"https:\/\/kt.gov.rs\/sq\/vulin-do-te-insitoje-qe-te-shtrengohen-politikat-ndeshkuese-ndaj-te-gjithe-te-cilet-shkaktojne-zjarre\/#primaryimage"},"image":{"@id":"https:\/\/kt.gov.rs\/sq\/vulin-do-te-insitoje-qe-te-shtrengohen-politikat-ndeshkuese-ndaj-te-gjithe-te-cilet-shkaktojne-zjarre\/#primaryimage"},"thumbnailUrl":"https:\/\/kt.gov.rs\/wp-content\/uploads\/2024\/07\/1628585665_100821_1-3.jpg","datePublished":"2021-08-10T00:00:00+00:00","dateModified":"2024-07-30T17:59:32+00:00","breadcrumb":{"@id":"https:\/\/kt.gov.rs\/sq\/vulin-do-te-insitoje-qe-te-shtrengohen-politikat-ndeshkuese-ndaj-te-gjithe-te-cilet-shkaktojne-zjarre\/#breadcrumb"},"inLanguage":"sq-AL","potentialAction":[{"@type":"ReadAction","target":["https:\/\/kt.gov.rs\/sq\/vulin-do-te-insitoje-qe-te-shtrengohen-politikat-ndeshkuese-ndaj-te-gjithe-te-cilet-shkaktojne-zjarre\/"]}]},{"@type":"ImageObject","inLanguage":"sq-AL","@id":"https:\/\/kt.gov.rs\/sq\/vulin-do-te-insitoje-qe-te-shtrengohen-politikat-ndeshkuese-ndaj-te-gjithe-te-cilet-shkaktojne-zjarre\/#primaryimage","url":"https:\/\/kt.gov.rs\/wp-content\/uploads\/2024\/07\/1628585665_100821_1-3.jpg","contentUrl":"https:\/\/kt.gov.rs\/wp-content\/uploads\/2024\/07\/1628585665_100821_1-3.jpg","width":315,"height":230},{"@type":"BreadcrumbList","@id":"https:\/\/kt.gov.rs\/sq\/vulin-do-te-insitoje-qe-te-shtrengohen-politikat-ndeshkuese-ndaj-te-gjithe-te-cilet-shkaktojne-zjarre\/#breadcrumb","itemListElement":[{"@type":"ListItem","position":1,"name":"\u041f\u043e\u0447\u0435\u0442\u043d\u0430","item":"https:\/\/kt.gov.rs\/sq\/"},{"@type":"ListItem","position":2,"name":"VULIN: DO T\u00cb INSITOJ\u00cb Q\u00cb T\u00cb SHTR\u00cbNGOHEN POLITIKAT ND\u00cbSHKUESE NDAJ T\u00cb GJITH\u00cb T\u00cb CIL\u00cbT SHKAKTOJN\u00cb ZJARRE"}]},{"@type":"WebSite","@id":"https:\/\/kt.gov.rs\/#website","url":"https:\/\/kt.gov.rs\/","name":"\u041a\u043e\u043e\u0440\u0434\u0438\u043d\u0430\u0446\u0438\u043e\u043d\u043e \u0442\u0435\u043b\u043e \u0412\u043b\u0430\u0434\u0435 \u0420\u0435\u043f\u0443\u0431\u043b\u0438\u043a\u0435 \u0421\u0440\u0431\u0438\u0458\u0435 \u0437\u0430 \u043e\u043f\u0448\u0442\u0438\u043d\u0435 \u041f\u0440\u0435\u0448\u0435\u0432\u043e, \u0411\u0443\u0458\u0430\u043d\u043e\u0432\u0430\u0446 \u0438 \u041c\u0435\u0434\u0432\u0435\u0452a","description":"","publisher":{"@id":"https:\/\/kt.gov.rs\/#organization"},"alternateName":"\u041a\u043e\u043e\u0440\u0434\u0438\u043d\u0430\u0446\u0438\u043e\u043d\u043e \u0442\u0435\u043b\u043e","potentialAction":[{"@type":"SearchAction","target":{"@type":"EntryPoint","urlTemplate":"https:\/\/kt.gov.rs\/?s={search_term_string}"},"query-input":{"@type":"PropertyValueSpecification","valueRequired":true,"valueName":"search_term_string"}}],"inLanguage":"sq-AL"},{"@type":"Organization","@id":"https:\/\/kt.gov.rs\/#organization","name":"\u041a\u043e\u043e\u0440\u0434\u0438\u043d\u0430\u0446\u0438\u043e\u043d\u043e \u0442\u0435\u043b\u043e \u0412\u043b\u0430\u0434\u0435 \u0420\u0435\u043f\u0443\u0431\u043b\u0438\u043a\u0435 \u0421\u0440\u0431\u0438\u0458\u0435 \u0437\u0430 \u043e\u043f\u0448\u0442\u0438\u043d\u0435 \u041f\u0440\u0435\u0448\u0435\u0432\u043e, \u0411\u0443\u0458\u0430\u043d\u043e\u0432\u0430\u0446 \u0438 \u041c\u0435\u0434\u0432\u0435\u0452a","alternateName":"\u041a\u043e\u043e\u0440\u0434\u0438\u043d\u0430\u0446\u0438\u043e\u043d\u043e \u0442\u0435\u043b\u043e","url":"https:\/\/kt.gov.rs\/","logo":{"@type":"ImageObject","inLanguage":"sq-AL","@id":"https:\/\/kt.gov.rs\/#\/schema\/logo\/image\/","url":"https:\/\/kt.gov.rs\/wp-content\/uploads\/2024\/12\/koord2.jpg","contentUrl":"https:\/\/kt.gov.rs\/wp-content\/uploads\/2024\/12\/koord2.jpg","width":640,"height":480,"caption":"\u041a\u043e\u043e\u0440\u0434\u0438\u043d\u0430\u0446\u0438\u043e\u043d\u043e \u0442\u0435\u043b\u043e \u0412\u043b\u0430\u0434\u0435 \u0420\u0435\u043f\u0443\u0431\u043b\u0438\u043a\u0435 \u0421\u0440\u0431\u0438\u0458\u0435 \u0437\u0430 \u043e\u043f\u0448\u0442\u0438\u043d\u0435 \u041f\u0440\u0435\u0448\u0435\u0432\u043e, \u0411\u0443\u0458\u0430\u043d\u043e\u0432\u0430\u0446 \u0438 \u041c\u0435\u0434\u0432\u0435\u0452a"},"image":{"@id":"https:\/\/kt.gov.rs\/#\/schema\/logo\/image\/"},"sameAs":["https:\/\/www.facebook.com\/SluzbaKoordinacionogTelaVladeRepublikeSrbije","https:\/\/x.com\/kt_gov","https:\/\/www.youtube.com\/@koordinacionotelo"]},{"@type":"Person","@id":"https:\/\/kt.gov.rs\/#\/schema\/person\/e426459ddb4173309103390602694571","name":"ktmin","image":{"@type":"ImageObject","inLanguage":"sq-AL","@id":"https:\/\/secure.gravatar.com\/avatar\/3985c961109853010c3fbc7ba30365bfba5db3dd6c525831d9c595c7525a615a?s=96&d=mm&r=g","url":"https:\/\/secure.gravatar.com\/avatar\/3985c961109853010c3fbc7ba30365bfba5db3dd6c525831d9c595c7525a615a?s=96&d=mm&r=g","contentUrl":"https:\/\/secure.gravatar.com\/avatar\/3985c961109853010c3fbc7ba30365bfba5db3dd6c525831d9c595c7525a615a?s=96&d=mm&r=g","caption":"ktmin"},"sameAs":["https:\/\/kt.gov.rs"],"url":"https:\/\/kt.gov.rs\/sq\/author\/ktmin\/"}]}},"_links":{"self":[{"href":"https:\/\/kt.gov.rs\/sq\/wp-json\/wp\/v2\/posts\/109259","targetHints":{"allow":["GET"]}}],"collection":[{"href":"https:\/\/kt.gov.rs\/sq\/wp-json\/wp\/v2\/posts"}],"about":[{"href":"https:\/\/kt.gov.rs\/sq\/wp-json\/wp\/v2\/types\/post"}],"author":[{"embeddable":true,"href":"https:\/\/kt.gov.rs\/sq\/wp-json\/wp\/v2\/users\/1"}],"replies":[{"embeddable":true,"href":"https:\/\/kt.gov.rs\/sq\/wp-json\/wp\/v2\/comments?post=109259"}],"version-history":[{"count":1,"href":"https:\/\/kt.gov.rs\/sq\/wp-json\/wp\/v2\/posts\/109259\/revisions"}],"predecessor-version":[{"id":109263,"href":"https:\/\/kt.gov.rs\/sq\/wp-json\/wp\/v2\/posts\/109259\/revisions\/109263"}],"wp:featuredmedia":[{"embeddable":true,"href":"https:\/\/kt.gov.rs\/sq\/wp-json\/wp\/v2\/media\/109264"}],"wp:attachment":[{"href":"https:\/\/kt.gov.rs\/sq\/wp-json\/wp\/v2\/media?parent=109259"}],"wp:term":[{"taxonomy":"category","embeddable":true,"href":"https:\/\/kt.gov.rs\/sq\/wp-json\/wp\/v2\/categories?post=109259"},{"taxonomy":"post_tag","embeddable":true,"href":"https:\/\/kt.gov.rs\/sq\/wp-json\/wp\/v2\/tags?post=109259"}],"curies":[{"name":"wp","href":"https:\/\/api.w.org\/{rel}","templated":true}]}}