{"id":109251,"date":"2021-08-02T00:00:00","date_gmt":"2021-08-02T00:00:00","guid":{"rendered":"http:\/\/kt.printandscreen.rs\/heronjet-e-heshtur-sherbimi-i-kujdesit-shtepiak-i-shtepise-se-shendetit-ne-bujanoc\/"},"modified":"2024-07-30T17:59:32","modified_gmt":"2024-07-30T17:59:32","slug":"heronjet-e-heshtur-sherbimi-i-kujdesit-shtepiak-i-shtepise-se-shendetit-ne-bujanoc","status":"publish","type":"post","link":"https:\/\/kt.gov.rs\/sq\/heronjet-e-heshtur-sherbimi-i-kujdesit-shtepiak-i-shtepise-se-shendetit-ne-bujanoc\/","title":{"rendered":"HERONJ\u00cbT E HESHTUR: SH\u00cbRBIMI I KUJDESIT SHT\u00cbPIAK I SHT\u00cbPIS\u00cb S\u00cb SH\u00cbNDETIT N\u00cb BUJANOC"},"content":{"rendered":"<p>\n\t<strong><img decoding=\"async\" alt=\"\" src=\"https:\/\/kt.gov.rs\/wp-content\/uploads\/2024\/07\/1627907847_020821_2-2.jpg\" style=\"width: 315px; height: 230px; float: left;\" \/>Bujanoc<\/strong> \u2013 Ata jan\u00eb heronj t\u00eb heshtur t\u00eb Qendr\u00ebs Sh\u00ebndet\u00ebsore n\u00eb Bujanoc. Nj\u00eb mjek i p\u00ebrgjithsh\u00ebm dhe mjek i mjek\u00ebsis\u00eb interne dhe shtat\u00eb infermiere. Ata formojn\u00eb nj\u00eb sh\u00ebrbim t\u00eb trajtimit n\u00eb sht\u00ebpi dhe vizitojn\u00eb deri n\u00eb 50 pacient\u00eb n\u00eb dit\u00eb n\u00eb territorin e komun\u00ebs s\u00eb Bujanocit.<\/p>\n<p>\n\tK\u00ebto jan\u00eb motrat Milena Nikoli\u0107, Svetklana Risti\u0107, Ivana Stojkovi\u0107, Shpresa Isufi, Kadira Idi\u0107 Bajramovi\u0107, Dejan \u0110o\u0161i\u0107, Taibe Arifi dhe mjek\u00ebt Jadranka Nikoliq, Nata\u0161a Veli\u010dkovi\u0107 dhe Lejan Sadiku. P\u00ebr k\u00ebta heronj t\u00eb Qendr\u00ebs Sh\u00ebndet\u00ebsore, fundjavat dhe festat ndonj\u00ebher\u00eb jan\u00eb luks sepse emri i trajtimit dhe kujdesit ndaj pacientit vjen i pari.<\/p>\n<p>\n\tPuna \u00ebsht\u00eb e organizuar n\u00eb dy nd\u00ebrrime, dy ekipe n\u00eb terren, ky sh\u00ebrbim punon pa u lodhur p\u00ebr t&#39;u kujdesur p\u00ebr pacient\u00ebt \u00e7do dit\u00eb pune nga 7 e m\u00ebngjesit deri n\u00eb 7 pasdite.<\/p>\n<p>\n\t<strong>Burimi: Bujanova\u00e7ke dhe Trupi Koordinues<\/strong><\/p>\n<p>\n\t\u00a0<\/p>\n","protected":false},"excerpt":{"rendered":"<p>Bujanoc\u00a0\u2013 Ata jan\u00eb heronj t\u00eb heshtur t\u00eb Qendr\u00ebs Sh\u00ebndet\u00ebsore n\u00eb Bujanoc. Nj\u00eb mjek i p\u00ebrgjithsh\u00ebm dhe mjek i mjek\u00ebsis\u00eb interne dhe shtat\u00eb infermiere.<\/p>\n","protected":false},"author":1,"featured_media":109256,"comment_status":"closed","ping_status":"closed","sticky":false,"template":"","format":"standard","meta":{"footnotes":""},"categories":[55],"tags":[],"class_list":["post-109251","post","type-post","status-publish","format-standard","has-post-thumbnail","hentry","category-lajme"],"yoast_head":"<!-- This site is optimized with the Yoast SEO plugin v27.5 - https:\/\/yoast.com\/product\/yoast-seo-wordpress\/ -->\n<title>HERONJ\u00cbT E HESHTUR: SH\u00cbRBIMI I KUJDESIT SHT\u00cbPIAK I SHT\u00cbPIS\u00cb S\u00cb SH\u00cbNDETIT N\u00cb BUJANOC - Republika e S\u00ebrbis\u00eb Trupi Koordinues p\u00ebr komunat Bujanoc, Preshev\u00eb dhe Medvegj\u00eb<\/title>\n<meta name=\"robots\" content=\"index, follow, max-snippet:-1, max-image-preview:large, max-video-preview:-1\" \/>\n<link rel=\"canonical\" href=\"https:\/\/kt.gov.rs\/sq\/heronjet-e-heshtur-sherbimi-i-kujdesit-shtepiak-i-shtepise-se-shendetit-ne-bujanoc\/\" \/>\n<meta property=\"og:locale\" content=\"sq_AL\" \/>\n<meta property=\"og:type\" content=\"article\" \/>\n<meta property=\"og:title\" content=\"HERONJ\u00cbT E HESHTUR: SH\u00cbRBIMI I KUJDESIT SHT\u00cbPIAK I SHT\u00cbPIS\u00cb S\u00cb SH\u00cbNDETIT N\u00cb BUJANOC - Republika e S\u00ebrbis\u00eb Trupi Koordinues p\u00ebr komunat Bujanoc, Preshev\u00eb dhe Medvegj\u00eb\" \/>\n<meta property=\"og:description\" content=\"Bujanoc\u00a0- Ata jan\u00eb heronj t\u00eb heshtur t\u00eb Qendr\u00ebs Sh\u00ebndet\u00ebsore n\u00eb Bujanoc. Nj\u00eb mjek i p\u00ebrgjithsh\u00ebm dhe mjek i mjek\u00ebsis\u00eb interne dhe shtat\u00eb infermiere.\" \/>\n<meta property=\"og:url\" content=\"https:\/\/kt.gov.rs\/sq\/heronjet-e-heshtur-sherbimi-i-kujdesit-shtepiak-i-shtepise-se-shendetit-ne-bujanoc\/\" \/>\n<meta property=\"og:site_name\" content=\"Republika e S\u00ebrbis\u00eb Trupi Koordinues p\u00ebr komunat Bujanoc, Preshev\u00eb dhe Medvegj\u00eb\" \/>\n<meta property=\"article:publisher\" content=\"https:\/\/www.facebook.com\/SluzbaKoordinacionogTelaVladeRepublikeSrbije\" \/>\n<meta property=\"article:published_time\" content=\"2021-08-02T00:00:00+00:00\" \/>\n<meta property=\"article:modified_time\" content=\"2024-07-30T17:59:32+00:00\" \/>\n<meta property=\"og:image\" content=\"https:\/\/kt.gov.rs\/wp-content\/uploads\/2024\/07\/1627907847_020821_2-3.jpg\" \/>\n\t<meta property=\"og:image:width\" content=\"315\" \/>\n\t<meta property=\"og:image:height\" content=\"230\" \/>\n\t<meta property=\"og:image:type\" content=\"image\/jpeg\" \/>\n<meta name=\"author\" content=\"ktmin\" \/>\n<meta name=\"twitter:card\" content=\"summary_large_image\" \/>\n<meta name=\"twitter:creator\" content=\"@kt_gov\" \/>\n<meta name=\"twitter:site\" content=\"@kt_gov\" \/>\n<meta name=\"twitter:label1\" content=\"Written by\" \/>\n\t<meta name=\"twitter:data1\" content=\"ktmin\" \/>\n\t<meta name=\"twitter:label2\" content=\"Est. reading time\" \/>\n\t<meta name=\"twitter:data2\" content=\"1 minute\" \/>\n<script type=\"application\/ld+json\" class=\"yoast-schema-graph\">{\"@context\":\"https:\\\/\\\/schema.org\",\"@graph\":[{\"@type\":\"Article\",\"@id\":\"https:\\\/\\\/kt.gov.rs\\\/sq\\\/heronjet-e-heshtur-sherbimi-i-kujdesit-shtepiak-i-shtepise-se-shendetit-ne-bujanoc\\\/#article\",\"isPartOf\":{\"@id\":\"https:\\\/\\\/kt.gov.rs\\\/sq\\\/heronjet-e-heshtur-sherbimi-i-kujdesit-shtepiak-i-shtepise-se-shendetit-ne-bujanoc\\\/\"},\"author\":{\"name\":\"ktmin\",\"@id\":\"https:\\\/\\\/kt.gov.rs\\\/#\\\/schema\\\/person\\\/e426459ddb4173309103390602694571\"},\"headline\":\"HERONJ\u00cbT E HESHTUR: SH\u00cbRBIMI I KUJDESIT SHT\u00cbPIAK I SHT\u00cbPIS\u00cb S\u00cb SH\u00cbNDETIT N\u00cb BUJANOC\",\"datePublished\":\"2021-08-02T00:00:00+00:00\",\"dateModified\":\"2024-07-30T17:59:32+00:00\",\"mainEntityOfPage\":{\"@id\":\"https:\\\/\\\/kt.gov.rs\\\/sq\\\/heronjet-e-heshtur-sherbimi-i-kujdesit-shtepiak-i-shtepise-se-shendetit-ne-bujanoc\\\/\"},\"wordCount\":233,\"publisher\":{\"@id\":\"https:\\\/\\\/kt.gov.rs\\\/#organization\"},\"image\":{\"@id\":\"https:\\\/\\\/kt.gov.rs\\\/sq\\\/heronjet-e-heshtur-sherbimi-i-kujdesit-shtepiak-i-shtepise-se-shendetit-ne-bujanoc\\\/#primaryimage\"},\"thumbnailUrl\":\"https:\\\/\\\/kt.gov.rs\\\/wp-content\\\/uploads\\\/2024\\\/07\\\/1627907847_020821_2-3.jpg\",\"articleSection\":[\"Lajme\"],\"inLanguage\":\"sq-AL\"},{\"@type\":\"WebPage\",\"@id\":\"https:\\\/\\\/kt.gov.rs\\\/sq\\\/heronjet-e-heshtur-sherbimi-i-kujdesit-shtepiak-i-shtepise-se-shendetit-ne-bujanoc\\\/\",\"url\":\"https:\\\/\\\/kt.gov.rs\\\/sq\\\/heronjet-e-heshtur-sherbimi-i-kujdesit-shtepiak-i-shtepise-se-shendetit-ne-bujanoc\\\/\",\"name\":\"HERONJ\u00cbT E HESHTUR: SH\u00cbRBIMI I KUJDESIT SHT\u00cbPIAK I SHT\u00cbPIS\u00cb S\u00cb SH\u00cbNDETIT N\u00cb BUJANOC - Republika e S\u00ebrbis\u00eb Trupi Koordinues p\u00ebr komunat Bujanoc, Preshev\u00eb dhe Medvegj\u00eb\",\"isPartOf\":{\"@id\":\"https:\\\/\\\/kt.gov.rs\\\/#website\"},\"primaryImageOfPage\":{\"@id\":\"https:\\\/\\\/kt.gov.rs\\\/sq\\\/heronjet-e-heshtur-sherbimi-i-kujdesit-shtepiak-i-shtepise-se-shendetit-ne-bujanoc\\\/#primaryimage\"},\"image\":{\"@id\":\"https:\\\/\\\/kt.gov.rs\\\/sq\\\/heronjet-e-heshtur-sherbimi-i-kujdesit-shtepiak-i-shtepise-se-shendetit-ne-bujanoc\\\/#primaryimage\"},\"thumbnailUrl\":\"https:\\\/\\\/kt.gov.rs\\\/wp-content\\\/uploads\\\/2024\\\/07\\\/1627907847_020821_2-3.jpg\",\"datePublished\":\"2021-08-02T00:00:00+00:00\",\"dateModified\":\"2024-07-30T17:59:32+00:00\",\"breadcrumb\":{\"@id\":\"https:\\\/\\\/kt.gov.rs\\\/sq\\\/heronjet-e-heshtur-sherbimi-i-kujdesit-shtepiak-i-shtepise-se-shendetit-ne-bujanoc\\\/#breadcrumb\"},\"inLanguage\":\"sq-AL\",\"potentialAction\":[{\"@type\":\"ReadAction\",\"target\":[\"https:\\\/\\\/kt.gov.rs\\\/sq\\\/heronjet-e-heshtur-sherbimi-i-kujdesit-shtepiak-i-shtepise-se-shendetit-ne-bujanoc\\\/\"]}]},{\"@type\":\"ImageObject\",\"inLanguage\":\"sq-AL\",\"@id\":\"https:\\\/\\\/kt.gov.rs\\\/sq\\\/heronjet-e-heshtur-sherbimi-i-kujdesit-shtepiak-i-shtepise-se-shendetit-ne-bujanoc\\\/#primaryimage\",\"url\":\"https:\\\/\\\/kt.gov.rs\\\/wp-content\\\/uploads\\\/2024\\\/07\\\/1627907847_020821_2-3.jpg\",\"contentUrl\":\"https:\\\/\\\/kt.gov.rs\\\/wp-content\\\/uploads\\\/2024\\\/07\\\/1627907847_020821_2-3.jpg\",\"width\":315,\"height\":230},{\"@type\":\"BreadcrumbList\",\"@id\":\"https:\\\/\\\/kt.gov.rs\\\/sq\\\/heronjet-e-heshtur-sherbimi-i-kujdesit-shtepiak-i-shtepise-se-shendetit-ne-bujanoc\\\/#breadcrumb\",\"itemListElement\":[{\"@type\":\"ListItem\",\"position\":1,\"name\":\"\u041f\u043e\u0447\u0435\u0442\u043d\u0430\",\"item\":\"https:\\\/\\\/kt.gov.rs\\\/sq\\\/\"},{\"@type\":\"ListItem\",\"position\":2,\"name\":\"HERONJ\u00cbT E HESHTUR: SH\u00cbRBIMI I KUJDESIT SHT\u00cbPIAK I SHT\u00cbPIS\u00cb S\u00cb SH\u00cbNDETIT N\u00cb BUJANOC\"}]},{\"@type\":\"WebSite\",\"@id\":\"https:\\\/\\\/kt.gov.rs\\\/#website\",\"url\":\"https:\\\/\\\/kt.gov.rs\\\/\",\"name\":\"\u041a\u043e\u043e\u0440\u0434\u0438\u043d\u0430\u0446\u0438\u043e\u043d\u043e \u0442\u0435\u043b\u043e \u0412\u043b\u0430\u0434\u0435 \u0420\u0435\u043f\u0443\u0431\u043b\u0438\u043a\u0435 \u0421\u0440\u0431\u0438\u0458\u0435 \u0437\u0430 \u043e\u043f\u0448\u0442\u0438\u043d\u0435 \u041f\u0440\u0435\u0448\u0435\u0432\u043e, \u0411\u0443\u0458\u0430\u043d\u043e\u0432\u0430\u0446 \u0438 \u041c\u0435\u0434\u0432\u0435\u0452a\",\"description\":\"\",\"publisher\":{\"@id\":\"https:\\\/\\\/kt.gov.rs\\\/#organization\"},\"alternateName\":\"\u041a\u043e\u043e\u0440\u0434\u0438\u043d\u0430\u0446\u0438\u043e\u043d\u043e \u0442\u0435\u043b\u043e\",\"potentialAction\":[{\"@type\":\"SearchAction\",\"target\":{\"@type\":\"EntryPoint\",\"urlTemplate\":\"https:\\\/\\\/kt.gov.rs\\\/?s={search_term_string}\"},\"query-input\":{\"@type\":\"PropertyValueSpecification\",\"valueRequired\":true,\"valueName\":\"search_term_string\"}}],\"inLanguage\":\"sq-AL\"},{\"@type\":\"Organization\",\"@id\":\"https:\\\/\\\/kt.gov.rs\\\/#organization\",\"name\":\"\u041a\u043e\u043e\u0440\u0434\u0438\u043d\u0430\u0446\u0438\u043e\u043d\u043e \u0442\u0435\u043b\u043e \u0412\u043b\u0430\u0434\u0435 \u0420\u0435\u043f\u0443\u0431\u043b\u0438\u043a\u0435 \u0421\u0440\u0431\u0438\u0458\u0435 \u0437\u0430 \u043e\u043f\u0448\u0442\u0438\u043d\u0435 \u041f\u0440\u0435\u0448\u0435\u0432\u043e, \u0411\u0443\u0458\u0430\u043d\u043e\u0432\u0430\u0446 \u0438 \u041c\u0435\u0434\u0432\u0435\u0452a\",\"alternateName\":\"\u041a\u043e\u043e\u0440\u0434\u0438\u043d\u0430\u0446\u0438\u043e\u043d\u043e \u0442\u0435\u043b\u043e\",\"url\":\"https:\\\/\\\/kt.gov.rs\\\/\",\"logo\":{\"@type\":\"ImageObject\",\"inLanguage\":\"sq-AL\",\"@id\":\"https:\\\/\\\/kt.gov.rs\\\/#\\\/schema\\\/logo\\\/image\\\/\",\"url\":\"https:\\\/\\\/kt.gov.rs\\\/wp-content\\\/uploads\\\/2024\\\/12\\\/koord2.jpg\",\"contentUrl\":\"https:\\\/\\\/kt.gov.rs\\\/wp-content\\\/uploads\\\/2024\\\/12\\\/koord2.jpg\",\"width\":640,\"height\":480,\"caption\":\"\u041a\u043e\u043e\u0440\u0434\u0438\u043d\u0430\u0446\u0438\u043e\u043d\u043e \u0442\u0435\u043b\u043e \u0412\u043b\u0430\u0434\u0435 \u0420\u0435\u043f\u0443\u0431\u043b\u0438\u043a\u0435 \u0421\u0440\u0431\u0438\u0458\u0435 \u0437\u0430 \u043e\u043f\u0448\u0442\u0438\u043d\u0435 \u041f\u0440\u0435\u0448\u0435\u0432\u043e, \u0411\u0443\u0458\u0430\u043d\u043e\u0432\u0430\u0446 \u0438 \u041c\u0435\u0434\u0432\u0435\u0452a\"},\"image\":{\"@id\":\"https:\\\/\\\/kt.gov.rs\\\/#\\\/schema\\\/logo\\\/image\\\/\"},\"sameAs\":[\"https:\\\/\\\/www.facebook.com\\\/SluzbaKoordinacionogTelaVladeRepublikeSrbije\",\"https:\\\/\\\/x.com\\\/kt_gov\",\"https:\\\/\\\/www.youtube.com\\\/@koordinacionotelo\"]},{\"@type\":\"Person\",\"@id\":\"https:\\\/\\\/kt.gov.rs\\\/#\\\/schema\\\/person\\\/e426459ddb4173309103390602694571\",\"name\":\"ktmin\",\"image\":{\"@type\":\"ImageObject\",\"inLanguage\":\"sq-AL\",\"@id\":\"https:\\\/\\\/secure.gravatar.com\\\/avatar\\\/3985c961109853010c3fbc7ba30365bfba5db3dd6c525831d9c595c7525a615a?s=96&d=mm&r=g\",\"url\":\"https:\\\/\\\/secure.gravatar.com\\\/avatar\\\/3985c961109853010c3fbc7ba30365bfba5db3dd6c525831d9c595c7525a615a?s=96&d=mm&r=g\",\"contentUrl\":\"https:\\\/\\\/secure.gravatar.com\\\/avatar\\\/3985c961109853010c3fbc7ba30365bfba5db3dd6c525831d9c595c7525a615a?s=96&d=mm&r=g\",\"caption\":\"ktmin\"},\"sameAs\":[\"https:\\\/\\\/kt.gov.rs\"],\"url\":\"https:\\\/\\\/kt.gov.rs\\\/sq\\\/author\\\/ktmin\\\/\"}]}<\/script>\n<!-- \/ Yoast SEO plugin. -->","yoast_head_json":{"title":"HERONJ\u00cbT E HESHTUR: SH\u00cbRBIMI I KUJDESIT SHT\u00cbPIAK I SHT\u00cbPIS\u00cb S\u00cb SH\u00cbNDETIT N\u00cb BUJANOC - Republika e S\u00ebrbis\u00eb Trupi Koordinues p\u00ebr komunat Bujanoc, Preshev\u00eb dhe Medvegj\u00eb","robots":{"index":"index","follow":"follow","max-snippet":"max-snippet:-1","max-image-preview":"max-image-preview:large","max-video-preview":"max-video-preview:-1"},"canonical":"https:\/\/kt.gov.rs\/sq\/heronjet-e-heshtur-sherbimi-i-kujdesit-shtepiak-i-shtepise-se-shendetit-ne-bujanoc\/","og_locale":"sq_AL","og_type":"article","og_title":"HERONJ\u00cbT E HESHTUR: SH\u00cbRBIMI I KUJDESIT SHT\u00cbPIAK I SHT\u00cbPIS\u00cb S\u00cb SH\u00cbNDETIT N\u00cb BUJANOC - Republika e S\u00ebrbis\u00eb Trupi Koordinues p\u00ebr komunat Bujanoc, Preshev\u00eb dhe Medvegj\u00eb","og_description":"Bujanoc\u00a0- Ata jan\u00eb heronj t\u00eb heshtur t\u00eb Qendr\u00ebs Sh\u00ebndet\u00ebsore n\u00eb Bujanoc. Nj\u00eb mjek i p\u00ebrgjithsh\u00ebm dhe mjek i mjek\u00ebsis\u00eb interne dhe shtat\u00eb infermiere.","og_url":"https:\/\/kt.gov.rs\/sq\/heronjet-e-heshtur-sherbimi-i-kujdesit-shtepiak-i-shtepise-se-shendetit-ne-bujanoc\/","og_site_name":"Republika e S\u00ebrbis\u00eb Trupi Koordinues p\u00ebr komunat Bujanoc, Preshev\u00eb dhe Medvegj\u00eb","article_publisher":"https:\/\/www.facebook.com\/SluzbaKoordinacionogTelaVladeRepublikeSrbije","article_published_time":"2021-08-02T00:00:00+00:00","article_modified_time":"2024-07-30T17:59:32+00:00","og_image":[{"width":315,"height":230,"url":"https:\/\/kt.gov.rs\/wp-content\/uploads\/2024\/07\/1627907847_020821_2-3.jpg","type":"image\/jpeg"}],"author":"ktmin","twitter_card":"summary_large_image","twitter_creator":"@kt_gov","twitter_site":"@kt_gov","twitter_misc":{"Written by":"ktmin","Est. reading time":"1 minute"},"schema":{"@context":"https:\/\/schema.org","@graph":[{"@type":"Article","@id":"https:\/\/kt.gov.rs\/sq\/heronjet-e-heshtur-sherbimi-i-kujdesit-shtepiak-i-shtepise-se-shendetit-ne-bujanoc\/#article","isPartOf":{"@id":"https:\/\/kt.gov.rs\/sq\/heronjet-e-heshtur-sherbimi-i-kujdesit-shtepiak-i-shtepise-se-shendetit-ne-bujanoc\/"},"author":{"name":"ktmin","@id":"https:\/\/kt.gov.rs\/#\/schema\/person\/e426459ddb4173309103390602694571"},"headline":"HERONJ\u00cbT E HESHTUR: SH\u00cbRBIMI I KUJDESIT SHT\u00cbPIAK I SHT\u00cbPIS\u00cb S\u00cb SH\u00cbNDETIT N\u00cb BUJANOC","datePublished":"2021-08-02T00:00:00+00:00","dateModified":"2024-07-30T17:59:32+00:00","mainEntityOfPage":{"@id":"https:\/\/kt.gov.rs\/sq\/heronjet-e-heshtur-sherbimi-i-kujdesit-shtepiak-i-shtepise-se-shendetit-ne-bujanoc\/"},"wordCount":233,"publisher":{"@id":"https:\/\/kt.gov.rs\/#organization"},"image":{"@id":"https:\/\/kt.gov.rs\/sq\/heronjet-e-heshtur-sherbimi-i-kujdesit-shtepiak-i-shtepise-se-shendetit-ne-bujanoc\/#primaryimage"},"thumbnailUrl":"https:\/\/kt.gov.rs\/wp-content\/uploads\/2024\/07\/1627907847_020821_2-3.jpg","articleSection":["Lajme"],"inLanguage":"sq-AL"},{"@type":"WebPage","@id":"https:\/\/kt.gov.rs\/sq\/heronjet-e-heshtur-sherbimi-i-kujdesit-shtepiak-i-shtepise-se-shendetit-ne-bujanoc\/","url":"https:\/\/kt.gov.rs\/sq\/heronjet-e-heshtur-sherbimi-i-kujdesit-shtepiak-i-shtepise-se-shendetit-ne-bujanoc\/","name":"HERONJ\u00cbT E HESHTUR: SH\u00cbRBIMI I KUJDESIT SHT\u00cbPIAK I SHT\u00cbPIS\u00cb S\u00cb SH\u00cbNDETIT N\u00cb BUJANOC - Republika e S\u00ebrbis\u00eb Trupi Koordinues p\u00ebr komunat Bujanoc, Preshev\u00eb dhe Medvegj\u00eb","isPartOf":{"@id":"https:\/\/kt.gov.rs\/#website"},"primaryImageOfPage":{"@id":"https:\/\/kt.gov.rs\/sq\/heronjet-e-heshtur-sherbimi-i-kujdesit-shtepiak-i-shtepise-se-shendetit-ne-bujanoc\/#primaryimage"},"image":{"@id":"https:\/\/kt.gov.rs\/sq\/heronjet-e-heshtur-sherbimi-i-kujdesit-shtepiak-i-shtepise-se-shendetit-ne-bujanoc\/#primaryimage"},"thumbnailUrl":"https:\/\/kt.gov.rs\/wp-content\/uploads\/2024\/07\/1627907847_020821_2-3.jpg","datePublished":"2021-08-02T00:00:00+00:00","dateModified":"2024-07-30T17:59:32+00:00","breadcrumb":{"@id":"https:\/\/kt.gov.rs\/sq\/heronjet-e-heshtur-sherbimi-i-kujdesit-shtepiak-i-shtepise-se-shendetit-ne-bujanoc\/#breadcrumb"},"inLanguage":"sq-AL","potentialAction":[{"@type":"ReadAction","target":["https:\/\/kt.gov.rs\/sq\/heronjet-e-heshtur-sherbimi-i-kujdesit-shtepiak-i-shtepise-se-shendetit-ne-bujanoc\/"]}]},{"@type":"ImageObject","inLanguage":"sq-AL","@id":"https:\/\/kt.gov.rs\/sq\/heronjet-e-heshtur-sherbimi-i-kujdesit-shtepiak-i-shtepise-se-shendetit-ne-bujanoc\/#primaryimage","url":"https:\/\/kt.gov.rs\/wp-content\/uploads\/2024\/07\/1627907847_020821_2-3.jpg","contentUrl":"https:\/\/kt.gov.rs\/wp-content\/uploads\/2024\/07\/1627907847_020821_2-3.jpg","width":315,"height":230},{"@type":"BreadcrumbList","@id":"https:\/\/kt.gov.rs\/sq\/heronjet-e-heshtur-sherbimi-i-kujdesit-shtepiak-i-shtepise-se-shendetit-ne-bujanoc\/#breadcrumb","itemListElement":[{"@type":"ListItem","position":1,"name":"\u041f\u043e\u0447\u0435\u0442\u043d\u0430","item":"https:\/\/kt.gov.rs\/sq\/"},{"@type":"ListItem","position":2,"name":"HERONJ\u00cbT E HESHTUR: SH\u00cbRBIMI I KUJDESIT SHT\u00cbPIAK I SHT\u00cbPIS\u00cb S\u00cb SH\u00cbNDETIT N\u00cb BUJANOC"}]},{"@type":"WebSite","@id":"https:\/\/kt.gov.rs\/#website","url":"https:\/\/kt.gov.rs\/","name":"\u041a\u043e\u043e\u0440\u0434\u0438\u043d\u0430\u0446\u0438\u043e\u043d\u043e \u0442\u0435\u043b\u043e \u0412\u043b\u0430\u0434\u0435 \u0420\u0435\u043f\u0443\u0431\u043b\u0438\u043a\u0435 \u0421\u0440\u0431\u0438\u0458\u0435 \u0437\u0430 \u043e\u043f\u0448\u0442\u0438\u043d\u0435 \u041f\u0440\u0435\u0448\u0435\u0432\u043e, \u0411\u0443\u0458\u0430\u043d\u043e\u0432\u0430\u0446 \u0438 \u041c\u0435\u0434\u0432\u0435\u0452a","description":"","publisher":{"@id":"https:\/\/kt.gov.rs\/#organization"},"alternateName":"\u041a\u043e\u043e\u0440\u0434\u0438\u043d\u0430\u0446\u0438\u043e\u043d\u043e \u0442\u0435\u043b\u043e","potentialAction":[{"@type":"SearchAction","target":{"@type":"EntryPoint","urlTemplate":"https:\/\/kt.gov.rs\/?s={search_term_string}"},"query-input":{"@type":"PropertyValueSpecification","valueRequired":true,"valueName":"search_term_string"}}],"inLanguage":"sq-AL"},{"@type":"Organization","@id":"https:\/\/kt.gov.rs\/#organization","name":"\u041a\u043e\u043e\u0440\u0434\u0438\u043d\u0430\u0446\u0438\u043e\u043d\u043e \u0442\u0435\u043b\u043e \u0412\u043b\u0430\u0434\u0435 \u0420\u0435\u043f\u0443\u0431\u043b\u0438\u043a\u0435 \u0421\u0440\u0431\u0438\u0458\u0435 \u0437\u0430 \u043e\u043f\u0448\u0442\u0438\u043d\u0435 \u041f\u0440\u0435\u0448\u0435\u0432\u043e, \u0411\u0443\u0458\u0430\u043d\u043e\u0432\u0430\u0446 \u0438 \u041c\u0435\u0434\u0432\u0435\u0452a","alternateName":"\u041a\u043e\u043e\u0440\u0434\u0438\u043d\u0430\u0446\u0438\u043e\u043d\u043e \u0442\u0435\u043b\u043e","url":"https:\/\/kt.gov.rs\/","logo":{"@type":"ImageObject","inLanguage":"sq-AL","@id":"https:\/\/kt.gov.rs\/#\/schema\/logo\/image\/","url":"https:\/\/kt.gov.rs\/wp-content\/uploads\/2024\/12\/koord2.jpg","contentUrl":"https:\/\/kt.gov.rs\/wp-content\/uploads\/2024\/12\/koord2.jpg","width":640,"height":480,"caption":"\u041a\u043e\u043e\u0440\u0434\u0438\u043d\u0430\u0446\u0438\u043e\u043d\u043e \u0442\u0435\u043b\u043e \u0412\u043b\u0430\u0434\u0435 \u0420\u0435\u043f\u0443\u0431\u043b\u0438\u043a\u0435 \u0421\u0440\u0431\u0438\u0458\u0435 \u0437\u0430 \u043e\u043f\u0448\u0442\u0438\u043d\u0435 \u041f\u0440\u0435\u0448\u0435\u0432\u043e, \u0411\u0443\u0458\u0430\u043d\u043e\u0432\u0430\u0446 \u0438 \u041c\u0435\u0434\u0432\u0435\u0452a"},"image":{"@id":"https:\/\/kt.gov.rs\/#\/schema\/logo\/image\/"},"sameAs":["https:\/\/www.facebook.com\/SluzbaKoordinacionogTelaVladeRepublikeSrbije","https:\/\/x.com\/kt_gov","https:\/\/www.youtube.com\/@koordinacionotelo"]},{"@type":"Person","@id":"https:\/\/kt.gov.rs\/#\/schema\/person\/e426459ddb4173309103390602694571","name":"ktmin","image":{"@type":"ImageObject","inLanguage":"sq-AL","@id":"https:\/\/secure.gravatar.com\/avatar\/3985c961109853010c3fbc7ba30365bfba5db3dd6c525831d9c595c7525a615a?s=96&d=mm&r=g","url":"https:\/\/secure.gravatar.com\/avatar\/3985c961109853010c3fbc7ba30365bfba5db3dd6c525831d9c595c7525a615a?s=96&d=mm&r=g","contentUrl":"https:\/\/secure.gravatar.com\/avatar\/3985c961109853010c3fbc7ba30365bfba5db3dd6c525831d9c595c7525a615a?s=96&d=mm&r=g","caption":"ktmin"},"sameAs":["https:\/\/kt.gov.rs"],"url":"https:\/\/kt.gov.rs\/sq\/author\/ktmin\/"}]}},"_links":{"self":[{"href":"https:\/\/kt.gov.rs\/sq\/wp-json\/wp\/v2\/posts\/109251","targetHints":{"allow":["GET"]}}],"collection":[{"href":"https:\/\/kt.gov.rs\/sq\/wp-json\/wp\/v2\/posts"}],"about":[{"href":"https:\/\/kt.gov.rs\/sq\/wp-json\/wp\/v2\/types\/post"}],"author":[{"embeddable":true,"href":"https:\/\/kt.gov.rs\/sq\/wp-json\/wp\/v2\/users\/1"}],"replies":[{"embeddable":true,"href":"https:\/\/kt.gov.rs\/sq\/wp-json\/wp\/v2\/comments?post=109251"}],"version-history":[{"count":1,"href":"https:\/\/kt.gov.rs\/sq\/wp-json\/wp\/v2\/posts\/109251\/revisions"}],"predecessor-version":[{"id":109255,"href":"https:\/\/kt.gov.rs\/sq\/wp-json\/wp\/v2\/posts\/109251\/revisions\/109255"}],"wp:featuredmedia":[{"embeddable":true,"href":"https:\/\/kt.gov.rs\/sq\/wp-json\/wp\/v2\/media\/109256"}],"wp:attachment":[{"href":"https:\/\/kt.gov.rs\/sq\/wp-json\/wp\/v2\/media?parent=109251"}],"wp:term":[{"taxonomy":"category","embeddable":true,"href":"https:\/\/kt.gov.rs\/sq\/wp-json\/wp\/v2\/categories?post=109251"},{"taxonomy":"post_tag","embeddable":true,"href":"https:\/\/kt.gov.rs\/sq\/wp-json\/wp\/v2\/tags?post=109251"}],"curies":[{"name":"wp","href":"https:\/\/api.w.org\/{rel}","templated":true}]}}