{"id":109235,"date":"2021-08-02T00:00:00","date_gmt":"2021-08-02T00:00:00","guid":{"rendered":"http:\/\/kt.printandscreen.rs\/bernabiq-shteti-do-te-vazhdoj-te-investoj-ne-rrethin-e-jabllanices\/"},"modified":"2024-07-30T17:59:30","modified_gmt":"2024-07-30T17:59:30","slug":"bernabiq-shteti-do-te-vazhdoj-te-investoj-ne-rrethin-e-jabllanices","status":"publish","type":"post","link":"https:\/\/kt.gov.rs\/sq\/bernabiq-shteti-do-te-vazhdoj-te-investoj-ne-rrethin-e-jabllanices\/","title":{"rendered":"B\u00cbRNABIQ: SHTETI DO T\u00cb VAZHDOJ T\u00cb INVESTOJ N\u00cb RRETHIN E JABLLANIC\u00cbS"},"content":{"rendered":"<p>\n\t<strong><img decoding=\"async\" alt=\"\" src=\"https:\/\/kt.gov.rs\/wp-content\/uploads\/2024\/07\/1627907574_020821_1_1-2.jpg\" style=\"width: 640px; height: 360px;\" \/><\/strong><\/p>\n<p>\n\t<strong>Medvegj\u00eb<\/strong> \u2013 Kryeministrja e Serbis\u00eb, Ana Brnabi\u00e7, njoftoi se shteti do t\u00eb vazhdoj\u00eb t\u00eb luftoj\u00eb dhe investoj\u00eb n\u00eb Banj\u00eb t\u00eb SIjarin\u00ebs, Medvegj\u00eb dhe Rrethin e Jablanic\u00ebs, kryesisht n\u00eb sektorin e turizmit, duke p\u00ebrs\u00ebritur se pensionist\u00ebt n\u00eb Serbi presin nj\u00eb rritje prej pes\u00eb p\u00ebr qind t\u00eb pensioneve nga 1 janari, si dhe mb\u00ebshtetje direkte prej 20 mij\u00eb dinar\u00ebsh n\u00eb shkurt.<\/p>\n<p>\n\t&quot;\u00cbsht\u00eb e v\u00ebshtir\u00eb t\u00eb sjell\u00ebsh investitor\u00eb t\u00eb huaj k\u00ebtu, por kjo \u00ebsht\u00eb arsyeja pse ne duhet t\u00eb investojm\u00eb n\u00eb burimet natyrore, n\u00eb biznesmen\u00ebt tan\u00eb, t\u00eb b\u00ebjm\u00eb at\u00eb q\u00eb mundemi, t\u00eb mos mb\u00ebshtetemi n\u00eb investimet e huaja direkte n\u00eb zona t\u00eb tilla,&quot; tha kryeministrja pas vizit\u00ebs n\u00eb Banj\u00eb t\u00eb Sijarin\u00ebs.<\/p>\n<p>\n\tDuke pasur parasysh se ka shum\u00eb pensionist\u00eb n\u00eb banj\u00eb, tha Brnabi\u0107, &quot;keni d\u00ebgjuar presidentin Aleksandar Vu\u010di\u0107 se 100 euro ndihm\u00eb financiare direkte do t\u00eb paguhen deri n\u00eb fund t\u00eb vitit, dhe nga 1 janari, rritja e pensionit p\u00ebr t\u00eb pakt\u00ebn pes\u00eb p\u00ebrqind dhe 20 mij\u00eb dinar\u00eb ndihm\u00eb direkte n\u00eb shkurt \u201c.<\/p>\n<p>\n\tBrnabi\u0107 bisedoi me udh\u00ebheq\u00ebsin\u00eb e komun\u00ebs p\u00ebr projektin e nd\u00ebrtimit t\u00eb nj\u00eb rruge, p\u00ebrkat\u00ebsisht n\u00eb lidhjen e k\u00ebsaj zone me Kurshumlin\u00eb p\u00ebrtej Malit t\u00eb Radanit, e cila do t\u00eb lidhte kat\u00ebr banja, Cari\u00e7in Gradin dhe Gjavol Varoshin.<\/p>\n<p>\n\tKryetari i komun\u00ebs s\u00eb Medvegj\u00ebs, Nebojsha Arsic, kujtoi se presidenti i Serbis\u00eb, Aleksandar Vu\u00e7iq, e vizitoi k\u00ebt\u00eb vend dy her\u00eb dhe theksoi se \u00ebsht\u00eb nj\u00eb shenj\u00eb se shteti kujdeset p\u00ebr \u00e7do p\u00ebll\u00ebmb\u00eb t\u00eb territorit.<\/p>\n<p>\n\t&quot;Banjat jan\u00eb thesari yn\u00eb m\u00eb i madh natyror, dhe me k\u00ebt\u00eb vizit\u00eb, kryeministra tregoi se banjat jan\u00eb gjithashtu thesare komb\u00ebtare,&quot; vuri n\u00eb dukje Arsiq.<\/p>\n<p>\n\tMinistrja e tregtis\u00eb, turizmit dhe telekomunikacionit, Tatjana Mati\u0107, tha se k\u00ebt\u00eb vit u dhan\u00eb 750 milion\u00eb dinar\u00eb p\u00ebr 150 mij\u00eb kupon\u00eb, dhe Banja e Sijarin\u00ebs hyri n\u00eb pes\u00eb destinacionet kryesore p\u00ebr qytetar\u00ebt q\u00eb p\u00ebrdorin kupon\u00eb.<\/p>\n<p>\n\tMatiq tha se Ministria financoi punimet infrastrukturore n\u00eb banj\u00eb, si dhe manifestimet e Nat\u00ebs s\u00eb Gejserit, dhe vizitat treguan se investimet u paguan.<\/p>\n<p>\n\tDuke kujtuar se n\u00eb vitin 2002 ajo punoi n\u00eb Trupin Koordinues p\u00ebr komunat e Preshev\u00ebs, Bujanocit dhe Medvegj\u00ebs, Matiq deklaroi se ishte e lumtur q\u00eb sot nuk po flitet m\u00eb p\u00ebr tema t\u00eb tilla t\u00eb v\u00ebshtira, por se situata \u00ebsht\u00eb shum\u00eb m\u00eb e mir\u00eb.<\/p>\n<p>\n\t<strong>Burimi: FoNet, Tanjug dhe Trupi Koordinues<\/strong><\/p>\n<p>\n\t\u00a0<\/p>\n","protected":false},"excerpt":{"rendered":"<p>Medvegj\u00eb\u00a0\u2013 Kryeministrja e Serbis\u00eb, Ana Brnabi\u00e7, njoftoi se shteti do t\u00eb vazhdoj\u00eb t\u00eb luftoj\u00eb dhe investoj\u00eb n\u00eb Banj\u00eb t\u00eb SIjarin\u00ebs, Medvegj\u00eb dhe Rrethin e Jablanic\u00ebs, kryesisht n\u00eb sektorin e turizmit, duke p\u00ebrs\u00ebritur se pensionist\u00ebt n\u00eb Serbi presin nj\u00eb rritje prej pes\u00eb p\u00ebr qind t\u00eb pensioneve nga 1 janari, si dhe mb\u00ebshtetje direkte\u2026<\/p>\n","protected":false},"author":1,"featured_media":109240,"comment_status":"closed","ping_status":"closed","sticky":false,"template":"","format":"standard","meta":{"footnotes":""},"categories":[55],"tags":[],"class_list":["post-109235","post","type-post","status-publish","format-standard","has-post-thumbnail","hentry","category-lajme"],"yoast_head":"<!-- This site is optimized with the Yoast SEO plugin v27.5 - https:\/\/yoast.com\/product\/yoast-seo-wordpress\/ -->\n<title>B\u00cbRNABIQ: SHTETI DO T\u00cb VAZHDOJ T\u00cb INVESTOJ N\u00cb RRETHIN E JABLLANIC\u00cbS - Republika e S\u00ebrbis\u00eb Trupi Koordinues p\u00ebr komunat Bujanoc, Preshev\u00eb dhe Medvegj\u00eb<\/title>\n<meta name=\"robots\" content=\"index, follow, max-snippet:-1, max-image-preview:large, max-video-preview:-1\" \/>\n<link rel=\"canonical\" href=\"https:\/\/kt.gov.rs\/sq\/bernabiq-shteti-do-te-vazhdoj-te-investoj-ne-rrethin-e-jabllanices\/\" \/>\n<meta property=\"og:locale\" content=\"sq_AL\" \/>\n<meta property=\"og:type\" content=\"article\" \/>\n<meta property=\"og:title\" content=\"B\u00cbRNABIQ: SHTETI DO T\u00cb VAZHDOJ T\u00cb INVESTOJ N\u00cb RRETHIN E JABLLANIC\u00cbS - Republika e S\u00ebrbis\u00eb Trupi Koordinues p\u00ebr komunat Bujanoc, Preshev\u00eb dhe Medvegj\u00eb\" \/>\n<meta property=\"og:description\" content=\"Medvegj\u00eb\u00a0- Kryeministrja e Serbis\u00eb, Ana Brnabi\u00e7, njoftoi se shteti do t\u00eb vazhdoj\u00eb t\u00eb luftoj\u00eb dhe investoj\u00eb n\u00eb Banj\u00eb t\u00eb SIjarin\u00ebs, Medvegj\u00eb dhe Rrethin e Jablanic\u00ebs, kryesisht n\u00eb sektorin e turizmit, duke p\u00ebrs\u00ebritur se pensionist\u00ebt n\u00eb Serbi presin nj\u00eb rritje prej pes\u00eb p\u00ebr qind t\u00eb pensioneve nga 1 janari, si dhe mb\u00ebshtetje direkte...\" \/>\n<meta property=\"og:url\" content=\"https:\/\/kt.gov.rs\/sq\/bernabiq-shteti-do-te-vazhdoj-te-investoj-ne-rrethin-e-jabllanices\/\" \/>\n<meta property=\"og:site_name\" content=\"Republika e S\u00ebrbis\u00eb Trupi Koordinues p\u00ebr komunat Bujanoc, Preshev\u00eb dhe Medvegj\u00eb\" \/>\n<meta property=\"article:publisher\" content=\"https:\/\/www.facebook.com\/SluzbaKoordinacionogTelaVladeRepublikeSrbije\" \/>\n<meta property=\"article:published_time\" content=\"2021-08-02T00:00:00+00:00\" \/>\n<meta property=\"article:modified_time\" content=\"2024-07-30T17:59:30+00:00\" \/>\n<meta property=\"og:image\" content=\"https:\/\/kt.gov.rs\/wp-content\/uploads\/2024\/07\/1627907574_020821_1_1-3.jpg\" \/>\n\t<meta property=\"og:image:width\" content=\"640\" \/>\n\t<meta property=\"og:image:height\" content=\"360\" \/>\n\t<meta property=\"og:image:type\" content=\"image\/jpeg\" \/>\n<meta name=\"author\" content=\"ktmin\" \/>\n<meta name=\"twitter:card\" content=\"summary_large_image\" \/>\n<meta name=\"twitter:creator\" content=\"@kt_gov\" \/>\n<meta name=\"twitter:site\" content=\"@kt_gov\" \/>\n<meta name=\"twitter:label1\" content=\"Written by\" \/>\n\t<meta name=\"twitter:data1\" content=\"ktmin\" \/>\n\t<meta name=\"twitter:label2\" content=\"Est. reading time\" \/>\n\t<meta name=\"twitter:data2\" content=\"3 minutes\" \/>\n<script type=\"application\/ld+json\" class=\"yoast-schema-graph\">{\"@context\":\"https:\\\/\\\/schema.org\",\"@graph\":[{\"@type\":\"Article\",\"@id\":\"https:\\\/\\\/kt.gov.rs\\\/sq\\\/bernabiq-shteti-do-te-vazhdoj-te-investoj-ne-rrethin-e-jabllanices\\\/#article\",\"isPartOf\":{\"@id\":\"https:\\\/\\\/kt.gov.rs\\\/sq\\\/bernabiq-shteti-do-te-vazhdoj-te-investoj-ne-rrethin-e-jabllanices\\\/\"},\"author\":{\"name\":\"ktmin\",\"@id\":\"https:\\\/\\\/kt.gov.rs\\\/#\\\/schema\\\/person\\\/e426459ddb4173309103390602694571\"},\"headline\":\"B\u00cbRNABIQ: SHTETI DO T\u00cb VAZHDOJ T\u00cb INVESTOJ N\u00cb RRETHIN E JABLLANIC\u00cbS\",\"datePublished\":\"2021-08-02T00:00:00+00:00\",\"dateModified\":\"2024-07-30T17:59:30+00:00\",\"mainEntityOfPage\":{\"@id\":\"https:\\\/\\\/kt.gov.rs\\\/sq\\\/bernabiq-shteti-do-te-vazhdoj-te-investoj-ne-rrethin-e-jabllanices\\\/\"},\"wordCount\":585,\"publisher\":{\"@id\":\"https:\\\/\\\/kt.gov.rs\\\/#organization\"},\"image\":{\"@id\":\"https:\\\/\\\/kt.gov.rs\\\/sq\\\/bernabiq-shteti-do-te-vazhdoj-te-investoj-ne-rrethin-e-jabllanices\\\/#primaryimage\"},\"thumbnailUrl\":\"https:\\\/\\\/kt.gov.rs\\\/wp-content\\\/uploads\\\/2024\\\/07\\\/1627907574_020821_1_1-3.jpg\",\"articleSection\":[\"Lajme\"],\"inLanguage\":\"sq-AL\"},{\"@type\":\"WebPage\",\"@id\":\"https:\\\/\\\/kt.gov.rs\\\/sq\\\/bernabiq-shteti-do-te-vazhdoj-te-investoj-ne-rrethin-e-jabllanices\\\/\",\"url\":\"https:\\\/\\\/kt.gov.rs\\\/sq\\\/bernabiq-shteti-do-te-vazhdoj-te-investoj-ne-rrethin-e-jabllanices\\\/\",\"name\":\"B\u00cbRNABIQ: SHTETI DO T\u00cb VAZHDOJ T\u00cb INVESTOJ N\u00cb RRETHIN E JABLLANIC\u00cbS - Republika e S\u00ebrbis\u00eb Trupi Koordinues p\u00ebr komunat Bujanoc, Preshev\u00eb dhe Medvegj\u00eb\",\"isPartOf\":{\"@id\":\"https:\\\/\\\/kt.gov.rs\\\/#website\"},\"primaryImageOfPage\":{\"@id\":\"https:\\\/\\\/kt.gov.rs\\\/sq\\\/bernabiq-shteti-do-te-vazhdoj-te-investoj-ne-rrethin-e-jabllanices\\\/#primaryimage\"},\"image\":{\"@id\":\"https:\\\/\\\/kt.gov.rs\\\/sq\\\/bernabiq-shteti-do-te-vazhdoj-te-investoj-ne-rrethin-e-jabllanices\\\/#primaryimage\"},\"thumbnailUrl\":\"https:\\\/\\\/kt.gov.rs\\\/wp-content\\\/uploads\\\/2024\\\/07\\\/1627907574_020821_1_1-3.jpg\",\"datePublished\":\"2021-08-02T00:00:00+00:00\",\"dateModified\":\"2024-07-30T17:59:30+00:00\",\"breadcrumb\":{\"@id\":\"https:\\\/\\\/kt.gov.rs\\\/sq\\\/bernabiq-shteti-do-te-vazhdoj-te-investoj-ne-rrethin-e-jabllanices\\\/#breadcrumb\"},\"inLanguage\":\"sq-AL\",\"potentialAction\":[{\"@type\":\"ReadAction\",\"target\":[\"https:\\\/\\\/kt.gov.rs\\\/sq\\\/bernabiq-shteti-do-te-vazhdoj-te-investoj-ne-rrethin-e-jabllanices\\\/\"]}]},{\"@type\":\"ImageObject\",\"inLanguage\":\"sq-AL\",\"@id\":\"https:\\\/\\\/kt.gov.rs\\\/sq\\\/bernabiq-shteti-do-te-vazhdoj-te-investoj-ne-rrethin-e-jabllanices\\\/#primaryimage\",\"url\":\"https:\\\/\\\/kt.gov.rs\\\/wp-content\\\/uploads\\\/2024\\\/07\\\/1627907574_020821_1_1-3.jpg\",\"contentUrl\":\"https:\\\/\\\/kt.gov.rs\\\/wp-content\\\/uploads\\\/2024\\\/07\\\/1627907574_020821_1_1-3.jpg\",\"width\":640,\"height\":360},{\"@type\":\"BreadcrumbList\",\"@id\":\"https:\\\/\\\/kt.gov.rs\\\/sq\\\/bernabiq-shteti-do-te-vazhdoj-te-investoj-ne-rrethin-e-jabllanices\\\/#breadcrumb\",\"itemListElement\":[{\"@type\":\"ListItem\",\"position\":1,\"name\":\"\u041f\u043e\u0447\u0435\u0442\u043d\u0430\",\"item\":\"https:\\\/\\\/kt.gov.rs\\\/sq\\\/\"},{\"@type\":\"ListItem\",\"position\":2,\"name\":\"B\u00cbRNABIQ: SHTETI DO T\u00cb VAZHDOJ T\u00cb INVESTOJ N\u00cb RRETHIN E JABLLANIC\u00cbS\"}]},{\"@type\":\"WebSite\",\"@id\":\"https:\\\/\\\/kt.gov.rs\\\/#website\",\"url\":\"https:\\\/\\\/kt.gov.rs\\\/\",\"name\":\"\u041a\u043e\u043e\u0440\u0434\u0438\u043d\u0430\u0446\u0438\u043e\u043d\u043e \u0442\u0435\u043b\u043e \u0412\u043b\u0430\u0434\u0435 \u0420\u0435\u043f\u0443\u0431\u043b\u0438\u043a\u0435 \u0421\u0440\u0431\u0438\u0458\u0435 \u0437\u0430 \u043e\u043f\u0448\u0442\u0438\u043d\u0435 \u041f\u0440\u0435\u0448\u0435\u0432\u043e, \u0411\u0443\u0458\u0430\u043d\u043e\u0432\u0430\u0446 \u0438 \u041c\u0435\u0434\u0432\u0435\u0452a\",\"description\":\"\",\"publisher\":{\"@id\":\"https:\\\/\\\/kt.gov.rs\\\/#organization\"},\"alternateName\":\"\u041a\u043e\u043e\u0440\u0434\u0438\u043d\u0430\u0446\u0438\u043e\u043d\u043e \u0442\u0435\u043b\u043e\",\"potentialAction\":[{\"@type\":\"SearchAction\",\"target\":{\"@type\":\"EntryPoint\",\"urlTemplate\":\"https:\\\/\\\/kt.gov.rs\\\/?s={search_term_string}\"},\"query-input\":{\"@type\":\"PropertyValueSpecification\",\"valueRequired\":true,\"valueName\":\"search_term_string\"}}],\"inLanguage\":\"sq-AL\"},{\"@type\":\"Organization\",\"@id\":\"https:\\\/\\\/kt.gov.rs\\\/#organization\",\"name\":\"\u041a\u043e\u043e\u0440\u0434\u0438\u043d\u0430\u0446\u0438\u043e\u043d\u043e \u0442\u0435\u043b\u043e \u0412\u043b\u0430\u0434\u0435 \u0420\u0435\u043f\u0443\u0431\u043b\u0438\u043a\u0435 \u0421\u0440\u0431\u0438\u0458\u0435 \u0437\u0430 \u043e\u043f\u0448\u0442\u0438\u043d\u0435 \u041f\u0440\u0435\u0448\u0435\u0432\u043e, \u0411\u0443\u0458\u0430\u043d\u043e\u0432\u0430\u0446 \u0438 \u041c\u0435\u0434\u0432\u0435\u0452a\",\"alternateName\":\"\u041a\u043e\u043e\u0440\u0434\u0438\u043d\u0430\u0446\u0438\u043e\u043d\u043e \u0442\u0435\u043b\u043e\",\"url\":\"https:\\\/\\\/kt.gov.rs\\\/\",\"logo\":{\"@type\":\"ImageObject\",\"inLanguage\":\"sq-AL\",\"@id\":\"https:\\\/\\\/kt.gov.rs\\\/#\\\/schema\\\/logo\\\/image\\\/\",\"url\":\"https:\\\/\\\/kt.gov.rs\\\/wp-content\\\/uploads\\\/2024\\\/12\\\/koord2.jpg\",\"contentUrl\":\"https:\\\/\\\/kt.gov.rs\\\/wp-content\\\/uploads\\\/2024\\\/12\\\/koord2.jpg\",\"width\":640,\"height\":480,\"caption\":\"\u041a\u043e\u043e\u0440\u0434\u0438\u043d\u0430\u0446\u0438\u043e\u043d\u043e \u0442\u0435\u043b\u043e \u0412\u043b\u0430\u0434\u0435 \u0420\u0435\u043f\u0443\u0431\u043b\u0438\u043a\u0435 \u0421\u0440\u0431\u0438\u0458\u0435 \u0437\u0430 \u043e\u043f\u0448\u0442\u0438\u043d\u0435 \u041f\u0440\u0435\u0448\u0435\u0432\u043e, \u0411\u0443\u0458\u0430\u043d\u043e\u0432\u0430\u0446 \u0438 \u041c\u0435\u0434\u0432\u0435\u0452a\"},\"image\":{\"@id\":\"https:\\\/\\\/kt.gov.rs\\\/#\\\/schema\\\/logo\\\/image\\\/\"},\"sameAs\":[\"https:\\\/\\\/www.facebook.com\\\/SluzbaKoordinacionogTelaVladeRepublikeSrbije\",\"https:\\\/\\\/x.com\\\/kt_gov\",\"https:\\\/\\\/www.youtube.com\\\/@koordinacionotelo\"]},{\"@type\":\"Person\",\"@id\":\"https:\\\/\\\/kt.gov.rs\\\/#\\\/schema\\\/person\\\/e426459ddb4173309103390602694571\",\"name\":\"ktmin\",\"image\":{\"@type\":\"ImageObject\",\"inLanguage\":\"sq-AL\",\"@id\":\"https:\\\/\\\/secure.gravatar.com\\\/avatar\\\/3985c961109853010c3fbc7ba30365bfba5db3dd6c525831d9c595c7525a615a?s=96&d=mm&r=g\",\"url\":\"https:\\\/\\\/secure.gravatar.com\\\/avatar\\\/3985c961109853010c3fbc7ba30365bfba5db3dd6c525831d9c595c7525a615a?s=96&d=mm&r=g\",\"contentUrl\":\"https:\\\/\\\/secure.gravatar.com\\\/avatar\\\/3985c961109853010c3fbc7ba30365bfba5db3dd6c525831d9c595c7525a615a?s=96&d=mm&r=g\",\"caption\":\"ktmin\"},\"sameAs\":[\"https:\\\/\\\/kt.gov.rs\"],\"url\":\"https:\\\/\\\/kt.gov.rs\\\/sq\\\/author\\\/ktmin\\\/\"}]}<\/script>\n<!-- \/ Yoast SEO plugin. -->","yoast_head_json":{"title":"B\u00cbRNABIQ: SHTETI DO T\u00cb VAZHDOJ T\u00cb INVESTOJ N\u00cb RRETHIN E JABLLANIC\u00cbS - Republika e S\u00ebrbis\u00eb Trupi Koordinues p\u00ebr komunat Bujanoc, Preshev\u00eb dhe Medvegj\u00eb","robots":{"index":"index","follow":"follow","max-snippet":"max-snippet:-1","max-image-preview":"max-image-preview:large","max-video-preview":"max-video-preview:-1"},"canonical":"https:\/\/kt.gov.rs\/sq\/bernabiq-shteti-do-te-vazhdoj-te-investoj-ne-rrethin-e-jabllanices\/","og_locale":"sq_AL","og_type":"article","og_title":"B\u00cbRNABIQ: SHTETI DO T\u00cb VAZHDOJ T\u00cb INVESTOJ N\u00cb RRETHIN E JABLLANIC\u00cbS - Republika e S\u00ebrbis\u00eb Trupi Koordinues p\u00ebr komunat Bujanoc, Preshev\u00eb dhe Medvegj\u00eb","og_description":"Medvegj\u00eb\u00a0- Kryeministrja e Serbis\u00eb, Ana Brnabi\u00e7, njoftoi se shteti do t\u00eb vazhdoj\u00eb t\u00eb luftoj\u00eb dhe investoj\u00eb n\u00eb Banj\u00eb t\u00eb SIjarin\u00ebs, Medvegj\u00eb dhe Rrethin e Jablanic\u00ebs, kryesisht n\u00eb sektorin e turizmit, duke p\u00ebrs\u00ebritur se pensionist\u00ebt n\u00eb Serbi presin nj\u00eb rritje prej pes\u00eb p\u00ebr qind t\u00eb pensioneve nga 1 janari, si dhe mb\u00ebshtetje direkte...","og_url":"https:\/\/kt.gov.rs\/sq\/bernabiq-shteti-do-te-vazhdoj-te-investoj-ne-rrethin-e-jabllanices\/","og_site_name":"Republika e S\u00ebrbis\u00eb Trupi Koordinues p\u00ebr komunat Bujanoc, Preshev\u00eb dhe Medvegj\u00eb","article_publisher":"https:\/\/www.facebook.com\/SluzbaKoordinacionogTelaVladeRepublikeSrbije","article_published_time":"2021-08-02T00:00:00+00:00","article_modified_time":"2024-07-30T17:59:30+00:00","og_image":[{"width":640,"height":360,"url":"https:\/\/kt.gov.rs\/wp-content\/uploads\/2024\/07\/1627907574_020821_1_1-3.jpg","type":"image\/jpeg"}],"author":"ktmin","twitter_card":"summary_large_image","twitter_creator":"@kt_gov","twitter_site":"@kt_gov","twitter_misc":{"Written by":"ktmin","Est. reading time":"3 minutes"},"schema":{"@context":"https:\/\/schema.org","@graph":[{"@type":"Article","@id":"https:\/\/kt.gov.rs\/sq\/bernabiq-shteti-do-te-vazhdoj-te-investoj-ne-rrethin-e-jabllanices\/#article","isPartOf":{"@id":"https:\/\/kt.gov.rs\/sq\/bernabiq-shteti-do-te-vazhdoj-te-investoj-ne-rrethin-e-jabllanices\/"},"author":{"name":"ktmin","@id":"https:\/\/kt.gov.rs\/#\/schema\/person\/e426459ddb4173309103390602694571"},"headline":"B\u00cbRNABIQ: SHTETI DO T\u00cb VAZHDOJ T\u00cb INVESTOJ N\u00cb RRETHIN E JABLLANIC\u00cbS","datePublished":"2021-08-02T00:00:00+00:00","dateModified":"2024-07-30T17:59:30+00:00","mainEntityOfPage":{"@id":"https:\/\/kt.gov.rs\/sq\/bernabiq-shteti-do-te-vazhdoj-te-investoj-ne-rrethin-e-jabllanices\/"},"wordCount":585,"publisher":{"@id":"https:\/\/kt.gov.rs\/#organization"},"image":{"@id":"https:\/\/kt.gov.rs\/sq\/bernabiq-shteti-do-te-vazhdoj-te-investoj-ne-rrethin-e-jabllanices\/#primaryimage"},"thumbnailUrl":"https:\/\/kt.gov.rs\/wp-content\/uploads\/2024\/07\/1627907574_020821_1_1-3.jpg","articleSection":["Lajme"],"inLanguage":"sq-AL"},{"@type":"WebPage","@id":"https:\/\/kt.gov.rs\/sq\/bernabiq-shteti-do-te-vazhdoj-te-investoj-ne-rrethin-e-jabllanices\/","url":"https:\/\/kt.gov.rs\/sq\/bernabiq-shteti-do-te-vazhdoj-te-investoj-ne-rrethin-e-jabllanices\/","name":"B\u00cbRNABIQ: SHTETI DO T\u00cb VAZHDOJ T\u00cb INVESTOJ N\u00cb RRETHIN E JABLLANIC\u00cbS - Republika e S\u00ebrbis\u00eb Trupi Koordinues p\u00ebr komunat Bujanoc, Preshev\u00eb dhe Medvegj\u00eb","isPartOf":{"@id":"https:\/\/kt.gov.rs\/#website"},"primaryImageOfPage":{"@id":"https:\/\/kt.gov.rs\/sq\/bernabiq-shteti-do-te-vazhdoj-te-investoj-ne-rrethin-e-jabllanices\/#primaryimage"},"image":{"@id":"https:\/\/kt.gov.rs\/sq\/bernabiq-shteti-do-te-vazhdoj-te-investoj-ne-rrethin-e-jabllanices\/#primaryimage"},"thumbnailUrl":"https:\/\/kt.gov.rs\/wp-content\/uploads\/2024\/07\/1627907574_020821_1_1-3.jpg","datePublished":"2021-08-02T00:00:00+00:00","dateModified":"2024-07-30T17:59:30+00:00","breadcrumb":{"@id":"https:\/\/kt.gov.rs\/sq\/bernabiq-shteti-do-te-vazhdoj-te-investoj-ne-rrethin-e-jabllanices\/#breadcrumb"},"inLanguage":"sq-AL","potentialAction":[{"@type":"ReadAction","target":["https:\/\/kt.gov.rs\/sq\/bernabiq-shteti-do-te-vazhdoj-te-investoj-ne-rrethin-e-jabllanices\/"]}]},{"@type":"ImageObject","inLanguage":"sq-AL","@id":"https:\/\/kt.gov.rs\/sq\/bernabiq-shteti-do-te-vazhdoj-te-investoj-ne-rrethin-e-jabllanices\/#primaryimage","url":"https:\/\/kt.gov.rs\/wp-content\/uploads\/2024\/07\/1627907574_020821_1_1-3.jpg","contentUrl":"https:\/\/kt.gov.rs\/wp-content\/uploads\/2024\/07\/1627907574_020821_1_1-3.jpg","width":640,"height":360},{"@type":"BreadcrumbList","@id":"https:\/\/kt.gov.rs\/sq\/bernabiq-shteti-do-te-vazhdoj-te-investoj-ne-rrethin-e-jabllanices\/#breadcrumb","itemListElement":[{"@type":"ListItem","position":1,"name":"\u041f\u043e\u0447\u0435\u0442\u043d\u0430","item":"https:\/\/kt.gov.rs\/sq\/"},{"@type":"ListItem","position":2,"name":"B\u00cbRNABIQ: SHTETI DO T\u00cb VAZHDOJ T\u00cb INVESTOJ N\u00cb RRETHIN E JABLLANIC\u00cbS"}]},{"@type":"WebSite","@id":"https:\/\/kt.gov.rs\/#website","url":"https:\/\/kt.gov.rs\/","name":"\u041a\u043e\u043e\u0440\u0434\u0438\u043d\u0430\u0446\u0438\u043e\u043d\u043e \u0442\u0435\u043b\u043e \u0412\u043b\u0430\u0434\u0435 \u0420\u0435\u043f\u0443\u0431\u043b\u0438\u043a\u0435 \u0421\u0440\u0431\u0438\u0458\u0435 \u0437\u0430 \u043e\u043f\u0448\u0442\u0438\u043d\u0435 \u041f\u0440\u0435\u0448\u0435\u0432\u043e, \u0411\u0443\u0458\u0430\u043d\u043e\u0432\u0430\u0446 \u0438 \u041c\u0435\u0434\u0432\u0435\u0452a","description":"","publisher":{"@id":"https:\/\/kt.gov.rs\/#organization"},"alternateName":"\u041a\u043e\u043e\u0440\u0434\u0438\u043d\u0430\u0446\u0438\u043e\u043d\u043e \u0442\u0435\u043b\u043e","potentialAction":[{"@type":"SearchAction","target":{"@type":"EntryPoint","urlTemplate":"https:\/\/kt.gov.rs\/?s={search_term_string}"},"query-input":{"@type":"PropertyValueSpecification","valueRequired":true,"valueName":"search_term_string"}}],"inLanguage":"sq-AL"},{"@type":"Organization","@id":"https:\/\/kt.gov.rs\/#organization","name":"\u041a\u043e\u043e\u0440\u0434\u0438\u043d\u0430\u0446\u0438\u043e\u043d\u043e \u0442\u0435\u043b\u043e \u0412\u043b\u0430\u0434\u0435 \u0420\u0435\u043f\u0443\u0431\u043b\u0438\u043a\u0435 \u0421\u0440\u0431\u0438\u0458\u0435 \u0437\u0430 \u043e\u043f\u0448\u0442\u0438\u043d\u0435 \u041f\u0440\u0435\u0448\u0435\u0432\u043e, \u0411\u0443\u0458\u0430\u043d\u043e\u0432\u0430\u0446 \u0438 \u041c\u0435\u0434\u0432\u0435\u0452a","alternateName":"\u041a\u043e\u043e\u0440\u0434\u0438\u043d\u0430\u0446\u0438\u043e\u043d\u043e \u0442\u0435\u043b\u043e","url":"https:\/\/kt.gov.rs\/","logo":{"@type":"ImageObject","inLanguage":"sq-AL","@id":"https:\/\/kt.gov.rs\/#\/schema\/logo\/image\/","url":"https:\/\/kt.gov.rs\/wp-content\/uploads\/2024\/12\/koord2.jpg","contentUrl":"https:\/\/kt.gov.rs\/wp-content\/uploads\/2024\/12\/koord2.jpg","width":640,"height":480,"caption":"\u041a\u043e\u043e\u0440\u0434\u0438\u043d\u0430\u0446\u0438\u043e\u043d\u043e \u0442\u0435\u043b\u043e \u0412\u043b\u0430\u0434\u0435 \u0420\u0435\u043f\u0443\u0431\u043b\u0438\u043a\u0435 \u0421\u0440\u0431\u0438\u0458\u0435 \u0437\u0430 \u043e\u043f\u0448\u0442\u0438\u043d\u0435 \u041f\u0440\u0435\u0448\u0435\u0432\u043e, \u0411\u0443\u0458\u0430\u043d\u043e\u0432\u0430\u0446 \u0438 \u041c\u0435\u0434\u0432\u0435\u0452a"},"image":{"@id":"https:\/\/kt.gov.rs\/#\/schema\/logo\/image\/"},"sameAs":["https:\/\/www.facebook.com\/SluzbaKoordinacionogTelaVladeRepublikeSrbije","https:\/\/x.com\/kt_gov","https:\/\/www.youtube.com\/@koordinacionotelo"]},{"@type":"Person","@id":"https:\/\/kt.gov.rs\/#\/schema\/person\/e426459ddb4173309103390602694571","name":"ktmin","image":{"@type":"ImageObject","inLanguage":"sq-AL","@id":"https:\/\/secure.gravatar.com\/avatar\/3985c961109853010c3fbc7ba30365bfba5db3dd6c525831d9c595c7525a615a?s=96&d=mm&r=g","url":"https:\/\/secure.gravatar.com\/avatar\/3985c961109853010c3fbc7ba30365bfba5db3dd6c525831d9c595c7525a615a?s=96&d=mm&r=g","contentUrl":"https:\/\/secure.gravatar.com\/avatar\/3985c961109853010c3fbc7ba30365bfba5db3dd6c525831d9c595c7525a615a?s=96&d=mm&r=g","caption":"ktmin"},"sameAs":["https:\/\/kt.gov.rs"],"url":"https:\/\/kt.gov.rs\/sq\/author\/ktmin\/"}]}},"_links":{"self":[{"href":"https:\/\/kt.gov.rs\/sq\/wp-json\/wp\/v2\/posts\/109235","targetHints":{"allow":["GET"]}}],"collection":[{"href":"https:\/\/kt.gov.rs\/sq\/wp-json\/wp\/v2\/posts"}],"about":[{"href":"https:\/\/kt.gov.rs\/sq\/wp-json\/wp\/v2\/types\/post"}],"author":[{"embeddable":true,"href":"https:\/\/kt.gov.rs\/sq\/wp-json\/wp\/v2\/users\/1"}],"replies":[{"embeddable":true,"href":"https:\/\/kt.gov.rs\/sq\/wp-json\/wp\/v2\/comments?post=109235"}],"version-history":[{"count":1,"href":"https:\/\/kt.gov.rs\/sq\/wp-json\/wp\/v2\/posts\/109235\/revisions"}],"predecessor-version":[{"id":109239,"href":"https:\/\/kt.gov.rs\/sq\/wp-json\/wp\/v2\/posts\/109235\/revisions\/109239"}],"wp:featuredmedia":[{"embeddable":true,"href":"https:\/\/kt.gov.rs\/sq\/wp-json\/wp\/v2\/media\/109240"}],"wp:attachment":[{"href":"https:\/\/kt.gov.rs\/sq\/wp-json\/wp\/v2\/media?parent=109235"}],"wp:term":[{"taxonomy":"category","embeddable":true,"href":"https:\/\/kt.gov.rs\/sq\/wp-json\/wp\/v2\/categories?post=109235"},{"taxonomy":"post_tag","embeddable":true,"href":"https:\/\/kt.gov.rs\/sq\/wp-json\/wp\/v2\/tags?post=109235"}],"curies":[{"name":"wp","href":"https:\/\/api.w.org\/{rel}","templated":true}]}}