{"id":109227,"date":"2021-08-16T00:00:00","date_gmt":"2021-08-16T00:00:00","guid":{"rendered":"http:\/\/kt.printandscreen.rs\/ne-bujanoc-6-000-objekte-presin-per-legalizim\/"},"modified":"2024-07-30T17:59:29","modified_gmt":"2024-07-30T17:59:29","slug":"ne-bujanoc-6-000-objekte-presin-per-legalizim","status":"publish","type":"post","link":"https:\/\/kt.gov.rs\/sq\/ne-bujanoc-6-000-objekte-presin-per-legalizim\/","title":{"rendered":"N\u00cb BUJANOC 6.000 OBJEKTE PRESIN P\u00cbR LEGALIZIM"},"content":{"rendered":"<p>\n\t<strong><img decoding=\"async\" alt=\"\" src=\"https:\/\/kt.gov.rs\/wp-content\/uploads\/2024\/07\/1629118373_160821_1-2.jpg\" style=\"width: 315px; height: 230px; float: left;\" \/>Bujanoc \u2013 Beograd<\/strong> \u2013 N\u00eb teritorin e komun\u00ebs s\u00eb Bujanocit, aktualisht jan\u00eb rreth 6,000 objekte t\u00eb nd\u00ebrtuara ilegalisht q\u00eb jan\u00eb n\u00eb proces legalizimi, dhe arsyet e nj\u00eb numri kaq t\u00eb madh jan\u00eb neglizhenca e qytetar\u00ebve, por edhe bashk\u00ebpunimi joadekuat i komun\u00ebs Departamenti i urbanizmit me sh\u00ebrbimin e kadastr\u00ebs s\u00eb pasurive t\u00eb paluajtshme t\u00eb k\u00ebtij departamenti.<\/p>\n<p>\n\t&quot;Puna e sh\u00ebrbimit ton\u00eb \u00ebsht\u00eb e lidhur ngusht\u00eb me kadastr\u00ebn, s\u00eb pari p\u00ebr dukshm\u00ebrin\u00eb e objektit dhe m\u00eb pas p\u00ebr elaboratin gjeodezik, pas s\u00eb cil\u00ebs merret nj\u00eb vendim p\u00ebr legalizimin, por n\u00eb vitin 2021 kemi marr\u00eb reagime p\u00ebr nj\u00eb num\u00ebr t\u00eb vog\u00ebl k\u00ebrkesash, vet\u00ebm 5 ose 6 \u201d, tha Memeti<\/p>\n<p>\n\tSipas tij, nj\u00eb num\u00ebr rastesh u hap\u00ebn me k\u00ebrkes\u00eb t\u00eb pal\u00ebs, por shumica, gati 80 p\u00ebr qind, bazuar n\u00eb vendimin e inspektorit t\u00eb nd\u00ebrtimit.<\/p>\n<p>\n\tK\u00ebto k\u00ebrkesa p\u00ebrpunohen sipas Ligjit p\u00ebr legalizimin nga 2015, i cili k\u00ebrkon q\u00eb d\u00ebshmia e s\u00eb drejt\u00ebs s\u00eb p\u00ebrshtatshme p\u00ebr tok\u00ebn ose nd\u00ebrtes\u00ebn t\u00eb bashk\u00ebngjitet, n\u00eb origjinal ose nj\u00eb fotokopje t\u00eb v\u00ebrtetuar.<\/p>\n<p>\n\tMemeti thekson se marr\u00ebdh\u00ebniet pron\u00ebsore-juridike t\u00eb pazgjidhura, por neglizhenca e qytetar\u00ebve n\u00eb form\u00ebn e dokumentacionit jo t\u00eb plot\u00eb, e ngadal\u00ebsojn\u00eb edhe m\u00eb shum\u00eb legalizimin.<\/p>\n<p>\n\tSipas Ligjit p\u00ebr legalizim nga viti 2015, dokumentacioni i k\u00ebrkuar p\u00ebr legalizim \u00ebsht\u00eb d\u00ebshmi e s\u00eb drejt\u00ebs s\u00eb caktuar p\u00ebr nd\u00ebrtes\u00ebn ose tok\u00ebn (vendimi mbi trash\u00ebgimin\u00eb, kontrata e shit-blerjes \u2026), pastaj nj\u00eb raport mbi gjendjen aktuale, nj\u00eb kopje e planit, dokumrnt nga patundshm\u00ebria, incizimi gjeodezik dhe v\u00ebrtetimin e taks\u00ebs s\u00eb paguar.<\/p>\n<p>\n\tShuma e taks\u00ebs p\u00ebr objekte individuale deri n\u00eb nj\u00ebqind metra katror\u00eb \u00ebsht\u00eb 5.000 dinar\u00eb, p\u00ebr sht\u00ebpit\u00eb deri n\u00eb 300 metra katror\u00eb 15.000, dhe p\u00ebr nd\u00ebrtesat deri n\u00eb 300 metra katror\u00eb \u00ebsht\u00eb 20.000 dinar\u00eb. P\u00ebr objektet me sip\u00ebrfaqe m\u00eb t\u00eb m\u00ebdha, tarifa \u00ebsht\u00eb 50.000 dinar\u00eb.<\/p>\n<p>\n\tSipas njoftimeve nga qeveria e Serbis\u00eb, legalizimi i p\u00ebrshpejtuar i objekteve t\u00eb nd\u00ebrtuara ilegalisht do t\u00eb filloj\u00eb n\u00eb shtator dhe do t\u00eb leht\u00ebsohet p\u00ebr qytetar\u00ebt q\u00eb zgjidh\u00ebn \u00e7\u00ebshtjen ekzistenciale.<\/p>\n<p>\n\tQeveria konfirmoi se ata po k\u00ebrkojn\u00eb nj\u00eb model sistemik q\u00eb do t\u00eb leht\u00ebsoj\u00eb legalizimin e njer\u00ebzve q\u00eb zgjidh\u00ebn ekzistenc\u00ebn e tyre me nd\u00ebrtime pa leje, dhe sipas llogaritjeve t\u00eb tyre, 90 p\u00ebrqind jan\u00eb t\u00eb till\u00eb, nd\u00ebrsa 10 p\u00ebrqind e atyre q\u00eb nd\u00ebrtuan ilegalisht do t\u00eb p\u00ebrballen me rr\u00ebnimin t\u00eb nd\u00ebrtesave.<\/p>\n<p>\n\t<strong>Burimi: Bujanovacke dhe Trupi koordinues<\/strong><\/p>\n<p>\n\t\u00a0<\/p>\n","protected":false},"excerpt":{"rendered":"<p>Bujanoc \u2013 Beograd\u00a0\u2013 N\u00eb teritorin e komun\u00ebs s\u00eb Bujanocit, aktualisht jan\u00eb rreth 6,000 objekte t\u00eb nd\u00ebrtuara ilegalisht q\u00eb jan\u00eb n\u00eb proces legalizimi, dhe arsyet e nj\u00eb numri kaq t\u00eb madh jan\u00eb neglizhenca e qytetar\u00ebve, por edhe bashk\u00ebpunimi joadekuat i komun\u00ebs Departamenti i urbanizmit me sh\u00ebrbimin e kadastr\u00ebs s\u00eb pasurive t\u00eb paluajtshme t\u00eb k\u00ebtij departamenti.<\/p>\n","protected":false},"author":1,"featured_media":109232,"comment_status":"closed","ping_status":"closed","sticky":false,"template":"","format":"standard","meta":{"footnotes":""},"categories":[55],"tags":[],"class_list":["post-109227","post","type-post","status-publish","format-standard","has-post-thumbnail","hentry","category-lajme"],"yoast_head":"<!-- This site is optimized with the Yoast SEO plugin v27.5 - https:\/\/yoast.com\/product\/yoast-seo-wordpress\/ -->\n<title>N\u00cb BUJANOC 6.000 OBJEKTE PRESIN P\u00cbR LEGALIZIM - Republika e S\u00ebrbis\u00eb Trupi Koordinues p\u00ebr komunat Bujanoc, Preshev\u00eb dhe Medvegj\u00eb<\/title>\n<meta name=\"robots\" content=\"index, follow, max-snippet:-1, max-image-preview:large, max-video-preview:-1\" \/>\n<link rel=\"canonical\" href=\"https:\/\/kt.gov.rs\/sq\/ne-bujanoc-6-000-objekte-presin-per-legalizim\/\" \/>\n<meta property=\"og:locale\" content=\"sq_AL\" \/>\n<meta property=\"og:type\" content=\"article\" \/>\n<meta property=\"og:title\" content=\"N\u00cb BUJANOC 6.000 OBJEKTE PRESIN P\u00cbR LEGALIZIM - Republika e S\u00ebrbis\u00eb Trupi Koordinues p\u00ebr komunat Bujanoc, Preshev\u00eb dhe Medvegj\u00eb\" \/>\n<meta property=\"og:description\" content=\"Bujanoc - Beograd\u00a0- N\u00eb teritorin e komun\u00ebs s\u00eb Bujanocit, aktualisht jan\u00eb rreth 6,000 objekte t\u00eb nd\u00ebrtuara ilegalisht q\u00eb jan\u00eb n\u00eb proces legalizimi, dhe arsyet e nj\u00eb numri kaq t\u00eb madh jan\u00eb neglizhenca e qytetar\u00ebve, por edhe bashk\u00ebpunimi joadekuat i komun\u00ebs Departamenti i urbanizmit me sh\u00ebrbimin e kadastr\u00ebs s\u00eb pasurive t\u00eb paluajtshme t\u00eb k\u00ebtij departamenti.\" \/>\n<meta property=\"og:url\" content=\"https:\/\/kt.gov.rs\/sq\/ne-bujanoc-6-000-objekte-presin-per-legalizim\/\" \/>\n<meta property=\"og:site_name\" content=\"Republika e S\u00ebrbis\u00eb Trupi Koordinues p\u00ebr komunat Bujanoc, Preshev\u00eb dhe Medvegj\u00eb\" \/>\n<meta property=\"article:publisher\" content=\"https:\/\/www.facebook.com\/SluzbaKoordinacionogTelaVladeRepublikeSrbije\" \/>\n<meta property=\"article:published_time\" content=\"2021-08-16T00:00:00+00:00\" \/>\n<meta property=\"article:modified_time\" content=\"2024-07-30T17:59:29+00:00\" \/>\n<meta property=\"og:image\" content=\"https:\/\/kt.gov.rs\/wp-content\/uploads\/2024\/07\/1629118373_160821_1-3.jpg\" \/>\n\t<meta property=\"og:image:width\" content=\"315\" \/>\n\t<meta property=\"og:image:height\" content=\"230\" \/>\n\t<meta property=\"og:image:type\" content=\"image\/jpeg\" \/>\n<meta name=\"author\" content=\"ktmin\" \/>\n<meta name=\"twitter:card\" content=\"summary_large_image\" \/>\n<meta name=\"twitter:creator\" content=\"@kt_gov\" \/>\n<meta name=\"twitter:site\" content=\"@kt_gov\" \/>\n<meta name=\"twitter:label1\" content=\"Written by\" \/>\n\t<meta name=\"twitter:data1\" content=\"ktmin\" \/>\n\t<meta name=\"twitter:label2\" content=\"Est. reading time\" \/>\n\t<meta name=\"twitter:data2\" content=\"3 minutes\" \/>\n<script type=\"application\/ld+json\" class=\"yoast-schema-graph\">{\"@context\":\"https:\\\/\\\/schema.org\",\"@graph\":[{\"@type\":\"Article\",\"@id\":\"https:\\\/\\\/kt.gov.rs\\\/sq\\\/ne-bujanoc-6-000-objekte-presin-per-legalizim\\\/#article\",\"isPartOf\":{\"@id\":\"https:\\\/\\\/kt.gov.rs\\\/sq\\\/ne-bujanoc-6-000-objekte-presin-per-legalizim\\\/\"},\"author\":{\"name\":\"ktmin\",\"@id\":\"https:\\\/\\\/kt.gov.rs\\\/#\\\/schema\\\/person\\\/e426459ddb4173309103390602694571\"},\"headline\":\"N\u00cb BUJANOC 6.000 OBJEKTE PRESIN P\u00cbR LEGALIZIM\",\"datePublished\":\"2021-08-16T00:00:00+00:00\",\"dateModified\":\"2024-07-30T17:59:29+00:00\",\"mainEntityOfPage\":{\"@id\":\"https:\\\/\\\/kt.gov.rs\\\/sq\\\/ne-bujanoc-6-000-objekte-presin-per-legalizim\\\/\"},\"wordCount\":626,\"publisher\":{\"@id\":\"https:\\\/\\\/kt.gov.rs\\\/#organization\"},\"image\":{\"@id\":\"https:\\\/\\\/kt.gov.rs\\\/sq\\\/ne-bujanoc-6-000-objekte-presin-per-legalizim\\\/#primaryimage\"},\"thumbnailUrl\":\"https:\\\/\\\/kt.gov.rs\\\/wp-content\\\/uploads\\\/2024\\\/07\\\/1629118373_160821_1-3.jpg\",\"articleSection\":[\"Lajme\"],\"inLanguage\":\"sq-AL\"},{\"@type\":\"WebPage\",\"@id\":\"https:\\\/\\\/kt.gov.rs\\\/sq\\\/ne-bujanoc-6-000-objekte-presin-per-legalizim\\\/\",\"url\":\"https:\\\/\\\/kt.gov.rs\\\/sq\\\/ne-bujanoc-6-000-objekte-presin-per-legalizim\\\/\",\"name\":\"N\u00cb BUJANOC 6.000 OBJEKTE PRESIN P\u00cbR LEGALIZIM - Republika e S\u00ebrbis\u00eb Trupi Koordinues p\u00ebr komunat Bujanoc, Preshev\u00eb dhe Medvegj\u00eb\",\"isPartOf\":{\"@id\":\"https:\\\/\\\/kt.gov.rs\\\/#website\"},\"primaryImageOfPage\":{\"@id\":\"https:\\\/\\\/kt.gov.rs\\\/sq\\\/ne-bujanoc-6-000-objekte-presin-per-legalizim\\\/#primaryimage\"},\"image\":{\"@id\":\"https:\\\/\\\/kt.gov.rs\\\/sq\\\/ne-bujanoc-6-000-objekte-presin-per-legalizim\\\/#primaryimage\"},\"thumbnailUrl\":\"https:\\\/\\\/kt.gov.rs\\\/wp-content\\\/uploads\\\/2024\\\/07\\\/1629118373_160821_1-3.jpg\",\"datePublished\":\"2021-08-16T00:00:00+00:00\",\"dateModified\":\"2024-07-30T17:59:29+00:00\",\"breadcrumb\":{\"@id\":\"https:\\\/\\\/kt.gov.rs\\\/sq\\\/ne-bujanoc-6-000-objekte-presin-per-legalizim\\\/#breadcrumb\"},\"inLanguage\":\"sq-AL\",\"potentialAction\":[{\"@type\":\"ReadAction\",\"target\":[\"https:\\\/\\\/kt.gov.rs\\\/sq\\\/ne-bujanoc-6-000-objekte-presin-per-legalizim\\\/\"]}]},{\"@type\":\"ImageObject\",\"inLanguage\":\"sq-AL\",\"@id\":\"https:\\\/\\\/kt.gov.rs\\\/sq\\\/ne-bujanoc-6-000-objekte-presin-per-legalizim\\\/#primaryimage\",\"url\":\"https:\\\/\\\/kt.gov.rs\\\/wp-content\\\/uploads\\\/2024\\\/07\\\/1629118373_160821_1-3.jpg\",\"contentUrl\":\"https:\\\/\\\/kt.gov.rs\\\/wp-content\\\/uploads\\\/2024\\\/07\\\/1629118373_160821_1-3.jpg\",\"width\":315,\"height\":230},{\"@type\":\"BreadcrumbList\",\"@id\":\"https:\\\/\\\/kt.gov.rs\\\/sq\\\/ne-bujanoc-6-000-objekte-presin-per-legalizim\\\/#breadcrumb\",\"itemListElement\":[{\"@type\":\"ListItem\",\"position\":1,\"name\":\"\u041f\u043e\u0447\u0435\u0442\u043d\u0430\",\"item\":\"https:\\\/\\\/kt.gov.rs\\\/sq\\\/\"},{\"@type\":\"ListItem\",\"position\":2,\"name\":\"N\u00cb BUJANOC 6.000 OBJEKTE PRESIN P\u00cbR LEGALIZIM\"}]},{\"@type\":\"WebSite\",\"@id\":\"https:\\\/\\\/kt.gov.rs\\\/#website\",\"url\":\"https:\\\/\\\/kt.gov.rs\\\/\",\"name\":\"\u041a\u043e\u043e\u0440\u0434\u0438\u043d\u0430\u0446\u0438\u043e\u043d\u043e \u0442\u0435\u043b\u043e \u0412\u043b\u0430\u0434\u0435 \u0420\u0435\u043f\u0443\u0431\u043b\u0438\u043a\u0435 \u0421\u0440\u0431\u0438\u0458\u0435 \u0437\u0430 \u043e\u043f\u0448\u0442\u0438\u043d\u0435 \u041f\u0440\u0435\u0448\u0435\u0432\u043e, \u0411\u0443\u0458\u0430\u043d\u043e\u0432\u0430\u0446 \u0438 \u041c\u0435\u0434\u0432\u0435\u0452a\",\"description\":\"\",\"publisher\":{\"@id\":\"https:\\\/\\\/kt.gov.rs\\\/#organization\"},\"alternateName\":\"\u041a\u043e\u043e\u0440\u0434\u0438\u043d\u0430\u0446\u0438\u043e\u043d\u043e \u0442\u0435\u043b\u043e\",\"potentialAction\":[{\"@type\":\"SearchAction\",\"target\":{\"@type\":\"EntryPoint\",\"urlTemplate\":\"https:\\\/\\\/kt.gov.rs\\\/?s={search_term_string}\"},\"query-input\":{\"@type\":\"PropertyValueSpecification\",\"valueRequired\":true,\"valueName\":\"search_term_string\"}}],\"inLanguage\":\"sq-AL\"},{\"@type\":\"Organization\",\"@id\":\"https:\\\/\\\/kt.gov.rs\\\/#organization\",\"name\":\"\u041a\u043e\u043e\u0440\u0434\u0438\u043d\u0430\u0446\u0438\u043e\u043d\u043e \u0442\u0435\u043b\u043e \u0412\u043b\u0430\u0434\u0435 \u0420\u0435\u043f\u0443\u0431\u043b\u0438\u043a\u0435 \u0421\u0440\u0431\u0438\u0458\u0435 \u0437\u0430 \u043e\u043f\u0448\u0442\u0438\u043d\u0435 \u041f\u0440\u0435\u0448\u0435\u0432\u043e, \u0411\u0443\u0458\u0430\u043d\u043e\u0432\u0430\u0446 \u0438 \u041c\u0435\u0434\u0432\u0435\u0452a\",\"alternateName\":\"\u041a\u043e\u043e\u0440\u0434\u0438\u043d\u0430\u0446\u0438\u043e\u043d\u043e \u0442\u0435\u043b\u043e\",\"url\":\"https:\\\/\\\/kt.gov.rs\\\/\",\"logo\":{\"@type\":\"ImageObject\",\"inLanguage\":\"sq-AL\",\"@id\":\"https:\\\/\\\/kt.gov.rs\\\/#\\\/schema\\\/logo\\\/image\\\/\",\"url\":\"https:\\\/\\\/kt.gov.rs\\\/wp-content\\\/uploads\\\/2024\\\/12\\\/koord2.jpg\",\"contentUrl\":\"https:\\\/\\\/kt.gov.rs\\\/wp-content\\\/uploads\\\/2024\\\/12\\\/koord2.jpg\",\"width\":640,\"height\":480,\"caption\":\"\u041a\u043e\u043e\u0440\u0434\u0438\u043d\u0430\u0446\u0438\u043e\u043d\u043e \u0442\u0435\u043b\u043e \u0412\u043b\u0430\u0434\u0435 \u0420\u0435\u043f\u0443\u0431\u043b\u0438\u043a\u0435 \u0421\u0440\u0431\u0438\u0458\u0435 \u0437\u0430 \u043e\u043f\u0448\u0442\u0438\u043d\u0435 \u041f\u0440\u0435\u0448\u0435\u0432\u043e, \u0411\u0443\u0458\u0430\u043d\u043e\u0432\u0430\u0446 \u0438 \u041c\u0435\u0434\u0432\u0435\u0452a\"},\"image\":{\"@id\":\"https:\\\/\\\/kt.gov.rs\\\/#\\\/schema\\\/logo\\\/image\\\/\"},\"sameAs\":[\"https:\\\/\\\/www.facebook.com\\\/SluzbaKoordinacionogTelaVladeRepublikeSrbije\",\"https:\\\/\\\/x.com\\\/kt_gov\",\"https:\\\/\\\/www.youtube.com\\\/@koordinacionotelo\"]},{\"@type\":\"Person\",\"@id\":\"https:\\\/\\\/kt.gov.rs\\\/#\\\/schema\\\/person\\\/e426459ddb4173309103390602694571\",\"name\":\"ktmin\",\"image\":{\"@type\":\"ImageObject\",\"inLanguage\":\"sq-AL\",\"@id\":\"https:\\\/\\\/secure.gravatar.com\\\/avatar\\\/3985c961109853010c3fbc7ba30365bfba5db3dd6c525831d9c595c7525a615a?s=96&d=mm&r=g\",\"url\":\"https:\\\/\\\/secure.gravatar.com\\\/avatar\\\/3985c961109853010c3fbc7ba30365bfba5db3dd6c525831d9c595c7525a615a?s=96&d=mm&r=g\",\"contentUrl\":\"https:\\\/\\\/secure.gravatar.com\\\/avatar\\\/3985c961109853010c3fbc7ba30365bfba5db3dd6c525831d9c595c7525a615a?s=96&d=mm&r=g\",\"caption\":\"ktmin\"},\"sameAs\":[\"https:\\\/\\\/kt.gov.rs\"],\"url\":\"https:\\\/\\\/kt.gov.rs\\\/sq\\\/author\\\/ktmin\\\/\"}]}<\/script>\n<!-- \/ Yoast SEO plugin. -->","yoast_head_json":{"title":"N\u00cb BUJANOC 6.000 OBJEKTE PRESIN P\u00cbR LEGALIZIM - Republika e S\u00ebrbis\u00eb Trupi Koordinues p\u00ebr komunat Bujanoc, Preshev\u00eb dhe Medvegj\u00eb","robots":{"index":"index","follow":"follow","max-snippet":"max-snippet:-1","max-image-preview":"max-image-preview:large","max-video-preview":"max-video-preview:-1"},"canonical":"https:\/\/kt.gov.rs\/sq\/ne-bujanoc-6-000-objekte-presin-per-legalizim\/","og_locale":"sq_AL","og_type":"article","og_title":"N\u00cb BUJANOC 6.000 OBJEKTE PRESIN P\u00cbR LEGALIZIM - Republika e S\u00ebrbis\u00eb Trupi Koordinues p\u00ebr komunat Bujanoc, Preshev\u00eb dhe Medvegj\u00eb","og_description":"Bujanoc - Beograd\u00a0- N\u00eb teritorin e komun\u00ebs s\u00eb Bujanocit, aktualisht jan\u00eb rreth 6,000 objekte t\u00eb nd\u00ebrtuara ilegalisht q\u00eb jan\u00eb n\u00eb proces legalizimi, dhe arsyet e nj\u00eb numri kaq t\u00eb madh jan\u00eb neglizhenca e qytetar\u00ebve, por edhe bashk\u00ebpunimi joadekuat i komun\u00ebs Departamenti i urbanizmit me sh\u00ebrbimin e kadastr\u00ebs s\u00eb pasurive t\u00eb paluajtshme t\u00eb k\u00ebtij departamenti.","og_url":"https:\/\/kt.gov.rs\/sq\/ne-bujanoc-6-000-objekte-presin-per-legalizim\/","og_site_name":"Republika e S\u00ebrbis\u00eb Trupi Koordinues p\u00ebr komunat Bujanoc, Preshev\u00eb dhe Medvegj\u00eb","article_publisher":"https:\/\/www.facebook.com\/SluzbaKoordinacionogTelaVladeRepublikeSrbije","article_published_time":"2021-08-16T00:00:00+00:00","article_modified_time":"2024-07-30T17:59:29+00:00","og_image":[{"width":315,"height":230,"url":"https:\/\/kt.gov.rs\/wp-content\/uploads\/2024\/07\/1629118373_160821_1-3.jpg","type":"image\/jpeg"}],"author":"ktmin","twitter_card":"summary_large_image","twitter_creator":"@kt_gov","twitter_site":"@kt_gov","twitter_misc":{"Written by":"ktmin","Est. reading time":"3 minutes"},"schema":{"@context":"https:\/\/schema.org","@graph":[{"@type":"Article","@id":"https:\/\/kt.gov.rs\/sq\/ne-bujanoc-6-000-objekte-presin-per-legalizim\/#article","isPartOf":{"@id":"https:\/\/kt.gov.rs\/sq\/ne-bujanoc-6-000-objekte-presin-per-legalizim\/"},"author":{"name":"ktmin","@id":"https:\/\/kt.gov.rs\/#\/schema\/person\/e426459ddb4173309103390602694571"},"headline":"N\u00cb BUJANOC 6.000 OBJEKTE PRESIN P\u00cbR LEGALIZIM","datePublished":"2021-08-16T00:00:00+00:00","dateModified":"2024-07-30T17:59:29+00:00","mainEntityOfPage":{"@id":"https:\/\/kt.gov.rs\/sq\/ne-bujanoc-6-000-objekte-presin-per-legalizim\/"},"wordCount":626,"publisher":{"@id":"https:\/\/kt.gov.rs\/#organization"},"image":{"@id":"https:\/\/kt.gov.rs\/sq\/ne-bujanoc-6-000-objekte-presin-per-legalizim\/#primaryimage"},"thumbnailUrl":"https:\/\/kt.gov.rs\/wp-content\/uploads\/2024\/07\/1629118373_160821_1-3.jpg","articleSection":["Lajme"],"inLanguage":"sq-AL"},{"@type":"WebPage","@id":"https:\/\/kt.gov.rs\/sq\/ne-bujanoc-6-000-objekte-presin-per-legalizim\/","url":"https:\/\/kt.gov.rs\/sq\/ne-bujanoc-6-000-objekte-presin-per-legalizim\/","name":"N\u00cb BUJANOC 6.000 OBJEKTE PRESIN P\u00cbR LEGALIZIM - Republika e S\u00ebrbis\u00eb Trupi Koordinues p\u00ebr komunat Bujanoc, Preshev\u00eb dhe Medvegj\u00eb","isPartOf":{"@id":"https:\/\/kt.gov.rs\/#website"},"primaryImageOfPage":{"@id":"https:\/\/kt.gov.rs\/sq\/ne-bujanoc-6-000-objekte-presin-per-legalizim\/#primaryimage"},"image":{"@id":"https:\/\/kt.gov.rs\/sq\/ne-bujanoc-6-000-objekte-presin-per-legalizim\/#primaryimage"},"thumbnailUrl":"https:\/\/kt.gov.rs\/wp-content\/uploads\/2024\/07\/1629118373_160821_1-3.jpg","datePublished":"2021-08-16T00:00:00+00:00","dateModified":"2024-07-30T17:59:29+00:00","breadcrumb":{"@id":"https:\/\/kt.gov.rs\/sq\/ne-bujanoc-6-000-objekte-presin-per-legalizim\/#breadcrumb"},"inLanguage":"sq-AL","potentialAction":[{"@type":"ReadAction","target":["https:\/\/kt.gov.rs\/sq\/ne-bujanoc-6-000-objekte-presin-per-legalizim\/"]}]},{"@type":"ImageObject","inLanguage":"sq-AL","@id":"https:\/\/kt.gov.rs\/sq\/ne-bujanoc-6-000-objekte-presin-per-legalizim\/#primaryimage","url":"https:\/\/kt.gov.rs\/wp-content\/uploads\/2024\/07\/1629118373_160821_1-3.jpg","contentUrl":"https:\/\/kt.gov.rs\/wp-content\/uploads\/2024\/07\/1629118373_160821_1-3.jpg","width":315,"height":230},{"@type":"BreadcrumbList","@id":"https:\/\/kt.gov.rs\/sq\/ne-bujanoc-6-000-objekte-presin-per-legalizim\/#breadcrumb","itemListElement":[{"@type":"ListItem","position":1,"name":"\u041f\u043e\u0447\u0435\u0442\u043d\u0430","item":"https:\/\/kt.gov.rs\/sq\/"},{"@type":"ListItem","position":2,"name":"N\u00cb BUJANOC 6.000 OBJEKTE PRESIN P\u00cbR LEGALIZIM"}]},{"@type":"WebSite","@id":"https:\/\/kt.gov.rs\/#website","url":"https:\/\/kt.gov.rs\/","name":"\u041a\u043e\u043e\u0440\u0434\u0438\u043d\u0430\u0446\u0438\u043e\u043d\u043e \u0442\u0435\u043b\u043e \u0412\u043b\u0430\u0434\u0435 \u0420\u0435\u043f\u0443\u0431\u043b\u0438\u043a\u0435 \u0421\u0440\u0431\u0438\u0458\u0435 \u0437\u0430 \u043e\u043f\u0448\u0442\u0438\u043d\u0435 \u041f\u0440\u0435\u0448\u0435\u0432\u043e, \u0411\u0443\u0458\u0430\u043d\u043e\u0432\u0430\u0446 \u0438 \u041c\u0435\u0434\u0432\u0435\u0452a","description":"","publisher":{"@id":"https:\/\/kt.gov.rs\/#organization"},"alternateName":"\u041a\u043e\u043e\u0440\u0434\u0438\u043d\u0430\u0446\u0438\u043e\u043d\u043e \u0442\u0435\u043b\u043e","potentialAction":[{"@type":"SearchAction","target":{"@type":"EntryPoint","urlTemplate":"https:\/\/kt.gov.rs\/?s={search_term_string}"},"query-input":{"@type":"PropertyValueSpecification","valueRequired":true,"valueName":"search_term_string"}}],"inLanguage":"sq-AL"},{"@type":"Organization","@id":"https:\/\/kt.gov.rs\/#organization","name":"\u041a\u043e\u043e\u0440\u0434\u0438\u043d\u0430\u0446\u0438\u043e\u043d\u043e \u0442\u0435\u043b\u043e \u0412\u043b\u0430\u0434\u0435 \u0420\u0435\u043f\u0443\u0431\u043b\u0438\u043a\u0435 \u0421\u0440\u0431\u0438\u0458\u0435 \u0437\u0430 \u043e\u043f\u0448\u0442\u0438\u043d\u0435 \u041f\u0440\u0435\u0448\u0435\u0432\u043e, \u0411\u0443\u0458\u0430\u043d\u043e\u0432\u0430\u0446 \u0438 \u041c\u0435\u0434\u0432\u0435\u0452a","alternateName":"\u041a\u043e\u043e\u0440\u0434\u0438\u043d\u0430\u0446\u0438\u043e\u043d\u043e \u0442\u0435\u043b\u043e","url":"https:\/\/kt.gov.rs\/","logo":{"@type":"ImageObject","inLanguage":"sq-AL","@id":"https:\/\/kt.gov.rs\/#\/schema\/logo\/image\/","url":"https:\/\/kt.gov.rs\/wp-content\/uploads\/2024\/12\/koord2.jpg","contentUrl":"https:\/\/kt.gov.rs\/wp-content\/uploads\/2024\/12\/koord2.jpg","width":640,"height":480,"caption":"\u041a\u043e\u043e\u0440\u0434\u0438\u043d\u0430\u0446\u0438\u043e\u043d\u043e \u0442\u0435\u043b\u043e \u0412\u043b\u0430\u0434\u0435 \u0420\u0435\u043f\u0443\u0431\u043b\u0438\u043a\u0435 \u0421\u0440\u0431\u0438\u0458\u0435 \u0437\u0430 \u043e\u043f\u0448\u0442\u0438\u043d\u0435 \u041f\u0440\u0435\u0448\u0435\u0432\u043e, \u0411\u0443\u0458\u0430\u043d\u043e\u0432\u0430\u0446 \u0438 \u041c\u0435\u0434\u0432\u0435\u0452a"},"image":{"@id":"https:\/\/kt.gov.rs\/#\/schema\/logo\/image\/"},"sameAs":["https:\/\/www.facebook.com\/SluzbaKoordinacionogTelaVladeRepublikeSrbije","https:\/\/x.com\/kt_gov","https:\/\/www.youtube.com\/@koordinacionotelo"]},{"@type":"Person","@id":"https:\/\/kt.gov.rs\/#\/schema\/person\/e426459ddb4173309103390602694571","name":"ktmin","image":{"@type":"ImageObject","inLanguage":"sq-AL","@id":"https:\/\/secure.gravatar.com\/avatar\/3985c961109853010c3fbc7ba30365bfba5db3dd6c525831d9c595c7525a615a?s=96&d=mm&r=g","url":"https:\/\/secure.gravatar.com\/avatar\/3985c961109853010c3fbc7ba30365bfba5db3dd6c525831d9c595c7525a615a?s=96&d=mm&r=g","contentUrl":"https:\/\/secure.gravatar.com\/avatar\/3985c961109853010c3fbc7ba30365bfba5db3dd6c525831d9c595c7525a615a?s=96&d=mm&r=g","caption":"ktmin"},"sameAs":["https:\/\/kt.gov.rs"],"url":"https:\/\/kt.gov.rs\/sq\/author\/ktmin\/"}]}},"_links":{"self":[{"href":"https:\/\/kt.gov.rs\/sq\/wp-json\/wp\/v2\/posts\/109227","targetHints":{"allow":["GET"]}}],"collection":[{"href":"https:\/\/kt.gov.rs\/sq\/wp-json\/wp\/v2\/posts"}],"about":[{"href":"https:\/\/kt.gov.rs\/sq\/wp-json\/wp\/v2\/types\/post"}],"author":[{"embeddable":true,"href":"https:\/\/kt.gov.rs\/sq\/wp-json\/wp\/v2\/users\/1"}],"replies":[{"embeddable":true,"href":"https:\/\/kt.gov.rs\/sq\/wp-json\/wp\/v2\/comments?post=109227"}],"version-history":[{"count":1,"href":"https:\/\/kt.gov.rs\/sq\/wp-json\/wp\/v2\/posts\/109227\/revisions"}],"predecessor-version":[{"id":109231,"href":"https:\/\/kt.gov.rs\/sq\/wp-json\/wp\/v2\/posts\/109227\/revisions\/109231"}],"wp:featuredmedia":[{"embeddable":true,"href":"https:\/\/kt.gov.rs\/sq\/wp-json\/wp\/v2\/media\/109232"}],"wp:attachment":[{"href":"https:\/\/kt.gov.rs\/sq\/wp-json\/wp\/v2\/media?parent=109227"}],"wp:term":[{"taxonomy":"category","embeddable":true,"href":"https:\/\/kt.gov.rs\/sq\/wp-json\/wp\/v2\/categories?post=109227"},{"taxonomy":"post_tag","embeddable":true,"href":"https:\/\/kt.gov.rs\/sq\/wp-json\/wp\/v2\/tags?post=109227"}],"curies":[{"name":"wp","href":"https:\/\/api.w.org\/{rel}","templated":true}]}}