{"id":109219,"date":"2021-08-16T00:00:00","date_gmt":"2021-08-16T00:00:00","guid":{"rendered":"http:\/\/kt.printandscreen.rs\/ministria-do-te-ndihmoje-rreth-deponis-dhe-transfer-stacionit\/"},"modified":"2024-07-30T17:59:28","modified_gmt":"2024-07-30T17:59:28","slug":"ministria-do-te-ndihmoje-rreth-deponis-dhe-transfer-stacionit","status":"publish","type":"post","link":"https:\/\/kt.gov.rs\/sq\/ministria-do-te-ndihmoje-rreth-deponis-dhe-transfer-stacionit\/","title":{"rendered":"MINISTRIA DO T\u00cb NDIHMOJ\u00cb RRETH DEPONIS DHE TRANSFER STACIONIT"},"content":{"rendered":"<p>\n\t<strong><img decoding=\"async\" alt=\"\" src=\"https:\/\/kt.gov.rs\/wp-content\/uploads\/2024\/07\/1629118471_160821_3-2.jpg\" style=\"width: 315px; height: 230px; float: left;\" \/><\/strong><\/p>\n<p>\n\t<strong>Bujanoc \u2013 Beograd<\/strong> \u2013 Ministria e mbrojtjes s\u00eb mjedisit do ta ndihmoj\u00eb Bujanocin me\u00a0 transfer stacionin, i cili konsiderohet si nj\u00eb zgjidhje p\u00ebr shp\u00ebtimin e jet\u00ebs dhe m\u00ebnyra e vetme p\u00ebr t\u00eb parandaluar katastrof\u00ebn ekologjike q\u00eb k\u00ebrc\u00ebnon Bujanocin nga deponia e qytetit.<\/p>\n<p>\n\tSipas shefit t\u00eb zyr\u00ebs s\u00eb kryetarit t\u00eb Bujanocit, Sali Salihu, kryetari\u00a0 Arifi informoi sekretaren shtet\u00ebrore n\u00eb Ministrin\u00eb e mbrojtjes s\u00eb mjedisit, Ivana Hadzhi Stoshiq, p\u00ebr problemet me deponin\u00eb e qytetit dhe k\u00ebrkoi mb\u00ebshtetjen e ministris\u00eb n\u00eb realizimin e projektit rreth transfer stacionit.<\/p>\n<p>\n\t\u00a0\u201cKryetari prezantoi t\u00eb gjitha v\u00ebshtir\u00ebsit\u00eb n\u00eb lidhje me mbrojtjen e mjedisit, me t\u00eb cilat ballafaqohen qytetar\u00ebt e komun\u00ebs dhe vet\u00ebqeverisjes lokale. Nj\u00eb tem\u00eb e pashmangshme ishte deponia dhe projekti i stacionit t\u00eb transferimit. Na u tha se mund t\u00eb presim ndihm\u00eb nga ministria dhe do t\u00eb vazhdojm\u00eb t\u00eb diskutojm\u00eb p\u00ebr k\u00ebt\u00eb tem\u00eb, &quot;tha Salihu, pas vizit\u00ebs s\u00eb sekretarit t\u00eb shtetit n\u00eb Bujanoc.<\/p>\n<p>\n\tNd\u00ebrtimi i stacionit t\u00eb transferimit, nj\u00eb lloj qendre p\u00ebr riciklimin dhe ndarjen selektive t\u00eb mbeturinave, filloi qysh n\u00eb vitin 2015.<\/p>\n<p>\n\tFillimi i funksionimit t\u00eb k\u00ebsaj u njoftua disa her\u00eb nga autoritetet komunale, megjithat\u00eb, gjith\u00e7ka mbeti vet\u00ebm n\u00eb njoftime, nd\u00ebrsa qytetar\u00ebt ishin akoma t\u00eb ekspozuar ndaj tymit helmues nga deponia p\u00ebr shkak t\u00eb zjarreve t\u00eb shpeshta, p\u00ebr t\u00eb cilat portali \u201cBujanovacke\u201d shkroi shum\u00eb her\u00eb.<\/p>\n<p>\n\tQeveria komunale nuk ndau para n\u00eb buxhetin e k\u00ebtij viti p\u00ebr p\u00ebrfundimin e projektit t\u00eb stacionit t\u00eb transferimit. Arifi, megjithat\u00eb, njoftoi m\u00eb her\u00ebt se fondet do t\u00eb ndaheshin vitin e ardhsh\u00ebm.<\/p>\n<p>\n\tSekretarja e shtetit Ivana Hadzhi Stoshiq ishte n\u00eb Bujanoc p\u00ebr t\u00eb dor\u00ebzuar nj\u00eb donacion nga ministria ku dor\u00ebzoi 120 kontejner t\u00eb m\u00ebdhenj dhe 131 kazan\u00eb plehrash<\/p>\n<p>\n\t<strong>Burimi:Bujanovacke dhe Trupi koordinues<\/strong><\/p>\n<p>\n\t\u00a0<\/p>\n","protected":false},"excerpt":{"rendered":"<p>Bujanoc \u2013 Beograd\u00a0\u2013 Ministria e mbrojtjes s\u00eb mjedisit do ta ndihmoj\u00eb Bujanocin me\u00a0 transfer stacionin, i cili konsiderohet si nj\u00eb zgjidhje p\u00ebr shp\u00ebtimin e jet\u00ebs dhe m\u00ebnyra e vetme p\u00ebr t\u00eb parandaluar katastrof\u00ebn ekologjike q\u00eb k\u00ebrc\u00ebnon Bujanocin nga deponia e qytetit.<\/p>\n","protected":false},"author":1,"featured_media":109224,"comment_status":"closed","ping_status":"closed","sticky":false,"template":"","format":"standard","meta":{"footnotes":""},"categories":[55],"tags":[],"class_list":["post-109219","post","type-post","status-publish","format-standard","has-post-thumbnail","hentry","category-lajme"],"yoast_head":"<!-- This site is optimized with the Yoast SEO plugin v27.5 - https:\/\/yoast.com\/product\/yoast-seo-wordpress\/ -->\n<title>MINISTRIA DO T\u00cb NDIHMOJ\u00cb RRETH DEPONIS DHE TRANSFER STACIONIT - Republika e S\u00ebrbis\u00eb Trupi Koordinues p\u00ebr komunat Bujanoc, Preshev\u00eb dhe Medvegj\u00eb<\/title>\n<meta name=\"robots\" content=\"index, follow, max-snippet:-1, max-image-preview:large, max-video-preview:-1\" \/>\n<link rel=\"canonical\" href=\"https:\/\/kt.gov.rs\/sq\/ministria-do-te-ndihmoje-rreth-deponis-dhe-transfer-stacionit\/\" \/>\n<meta property=\"og:locale\" content=\"sq_AL\" \/>\n<meta property=\"og:type\" content=\"article\" \/>\n<meta property=\"og:title\" content=\"MINISTRIA DO T\u00cb NDIHMOJ\u00cb RRETH DEPONIS DHE TRANSFER STACIONIT - Republika e S\u00ebrbis\u00eb Trupi Koordinues p\u00ebr komunat Bujanoc, Preshev\u00eb dhe Medvegj\u00eb\" \/>\n<meta property=\"og:description\" content=\"Bujanoc - Beograd\u00a0- Ministria e mbrojtjes s\u00eb mjedisit do ta ndihmoj\u00eb Bujanocin me\u00a0 transfer stacionin, i cili konsiderohet si nj\u00eb zgjidhje p\u00ebr shp\u00ebtimin e jet\u00ebs dhe m\u00ebnyra e vetme p\u00ebr t\u00eb parandaluar katastrof\u00ebn ekologjike q\u00eb k\u00ebrc\u00ebnon Bujanocin nga deponia e qytetit.\" \/>\n<meta property=\"og:url\" content=\"https:\/\/kt.gov.rs\/sq\/ministria-do-te-ndihmoje-rreth-deponis-dhe-transfer-stacionit\/\" \/>\n<meta property=\"og:site_name\" content=\"Republika e S\u00ebrbis\u00eb Trupi Koordinues p\u00ebr komunat Bujanoc, Preshev\u00eb dhe Medvegj\u00eb\" \/>\n<meta property=\"article:publisher\" content=\"https:\/\/www.facebook.com\/SluzbaKoordinacionogTelaVladeRepublikeSrbije\" \/>\n<meta property=\"article:published_time\" content=\"2021-08-16T00:00:00+00:00\" \/>\n<meta property=\"article:modified_time\" content=\"2024-07-30T17:59:28+00:00\" \/>\n<meta property=\"og:image\" content=\"https:\/\/kt.gov.rs\/wp-content\/uploads\/2024\/07\/1629118471_160821_3-3.jpg\" \/>\n\t<meta property=\"og:image:width\" content=\"315\" \/>\n\t<meta property=\"og:image:height\" content=\"230\" \/>\n\t<meta property=\"og:image:type\" content=\"image\/jpeg\" \/>\n<meta name=\"author\" content=\"ktmin\" \/>\n<meta name=\"twitter:card\" content=\"summary_large_image\" \/>\n<meta name=\"twitter:creator\" content=\"@kt_gov\" \/>\n<meta name=\"twitter:site\" content=\"@kt_gov\" \/>\n<meta name=\"twitter:label1\" content=\"Written by\" \/>\n\t<meta name=\"twitter:data1\" content=\"ktmin\" \/>\n\t<meta name=\"twitter:label2\" content=\"Est. reading time\" \/>\n\t<meta name=\"twitter:data2\" content=\"2 minutes\" \/>\n<script type=\"application\/ld+json\" class=\"yoast-schema-graph\">{\"@context\":\"https:\\\/\\\/schema.org\",\"@graph\":[{\"@type\":\"Article\",\"@id\":\"https:\\\/\\\/kt.gov.rs\\\/sq\\\/ministria-do-te-ndihmoje-rreth-deponis-dhe-transfer-stacionit\\\/#article\",\"isPartOf\":{\"@id\":\"https:\\\/\\\/kt.gov.rs\\\/sq\\\/ministria-do-te-ndihmoje-rreth-deponis-dhe-transfer-stacionit\\\/\"},\"author\":{\"name\":\"ktmin\",\"@id\":\"https:\\\/\\\/kt.gov.rs\\\/#\\\/schema\\\/person\\\/e426459ddb4173309103390602694571\"},\"headline\":\"MINISTRIA DO T\u00cb NDIHMOJ\u00cb RRETH DEPONIS DHE TRANSFER STACIONIT\",\"datePublished\":\"2021-08-16T00:00:00+00:00\",\"dateModified\":\"2024-07-30T17:59:28+00:00\",\"mainEntityOfPage\":{\"@id\":\"https:\\\/\\\/kt.gov.rs\\\/sq\\\/ministria-do-te-ndihmoje-rreth-deponis-dhe-transfer-stacionit\\\/\"},\"wordCount\":420,\"publisher\":{\"@id\":\"https:\\\/\\\/kt.gov.rs\\\/#organization\"},\"image\":{\"@id\":\"https:\\\/\\\/kt.gov.rs\\\/sq\\\/ministria-do-te-ndihmoje-rreth-deponis-dhe-transfer-stacionit\\\/#primaryimage\"},\"thumbnailUrl\":\"https:\\\/\\\/kt.gov.rs\\\/wp-content\\\/uploads\\\/2024\\\/07\\\/1629118471_160821_3-3.jpg\",\"articleSection\":[\"Lajme\"],\"inLanguage\":\"sq-AL\"},{\"@type\":\"WebPage\",\"@id\":\"https:\\\/\\\/kt.gov.rs\\\/sq\\\/ministria-do-te-ndihmoje-rreth-deponis-dhe-transfer-stacionit\\\/\",\"url\":\"https:\\\/\\\/kt.gov.rs\\\/sq\\\/ministria-do-te-ndihmoje-rreth-deponis-dhe-transfer-stacionit\\\/\",\"name\":\"MINISTRIA DO T\u00cb NDIHMOJ\u00cb RRETH DEPONIS DHE TRANSFER STACIONIT - Republika e S\u00ebrbis\u00eb Trupi Koordinues p\u00ebr komunat Bujanoc, Preshev\u00eb dhe Medvegj\u00eb\",\"isPartOf\":{\"@id\":\"https:\\\/\\\/kt.gov.rs\\\/#website\"},\"primaryImageOfPage\":{\"@id\":\"https:\\\/\\\/kt.gov.rs\\\/sq\\\/ministria-do-te-ndihmoje-rreth-deponis-dhe-transfer-stacionit\\\/#primaryimage\"},\"image\":{\"@id\":\"https:\\\/\\\/kt.gov.rs\\\/sq\\\/ministria-do-te-ndihmoje-rreth-deponis-dhe-transfer-stacionit\\\/#primaryimage\"},\"thumbnailUrl\":\"https:\\\/\\\/kt.gov.rs\\\/wp-content\\\/uploads\\\/2024\\\/07\\\/1629118471_160821_3-3.jpg\",\"datePublished\":\"2021-08-16T00:00:00+00:00\",\"dateModified\":\"2024-07-30T17:59:28+00:00\",\"breadcrumb\":{\"@id\":\"https:\\\/\\\/kt.gov.rs\\\/sq\\\/ministria-do-te-ndihmoje-rreth-deponis-dhe-transfer-stacionit\\\/#breadcrumb\"},\"inLanguage\":\"sq-AL\",\"potentialAction\":[{\"@type\":\"ReadAction\",\"target\":[\"https:\\\/\\\/kt.gov.rs\\\/sq\\\/ministria-do-te-ndihmoje-rreth-deponis-dhe-transfer-stacionit\\\/\"]}]},{\"@type\":\"ImageObject\",\"inLanguage\":\"sq-AL\",\"@id\":\"https:\\\/\\\/kt.gov.rs\\\/sq\\\/ministria-do-te-ndihmoje-rreth-deponis-dhe-transfer-stacionit\\\/#primaryimage\",\"url\":\"https:\\\/\\\/kt.gov.rs\\\/wp-content\\\/uploads\\\/2024\\\/07\\\/1629118471_160821_3-3.jpg\",\"contentUrl\":\"https:\\\/\\\/kt.gov.rs\\\/wp-content\\\/uploads\\\/2024\\\/07\\\/1629118471_160821_3-3.jpg\",\"width\":315,\"height\":230},{\"@type\":\"BreadcrumbList\",\"@id\":\"https:\\\/\\\/kt.gov.rs\\\/sq\\\/ministria-do-te-ndihmoje-rreth-deponis-dhe-transfer-stacionit\\\/#breadcrumb\",\"itemListElement\":[{\"@type\":\"ListItem\",\"position\":1,\"name\":\"\u041f\u043e\u0447\u0435\u0442\u043d\u0430\",\"item\":\"https:\\\/\\\/kt.gov.rs\\\/sq\\\/\"},{\"@type\":\"ListItem\",\"position\":2,\"name\":\"MINISTRIA DO T\u00cb NDIHMOJ\u00cb RRETH DEPONIS DHE TRANSFER STACIONIT\"}]},{\"@type\":\"WebSite\",\"@id\":\"https:\\\/\\\/kt.gov.rs\\\/#website\",\"url\":\"https:\\\/\\\/kt.gov.rs\\\/\",\"name\":\"\u041a\u043e\u043e\u0440\u0434\u0438\u043d\u0430\u0446\u0438\u043e\u043d\u043e \u0442\u0435\u043b\u043e \u0412\u043b\u0430\u0434\u0435 \u0420\u0435\u043f\u0443\u0431\u043b\u0438\u043a\u0435 \u0421\u0440\u0431\u0438\u0458\u0435 \u0437\u0430 \u043e\u043f\u0448\u0442\u0438\u043d\u0435 \u041f\u0440\u0435\u0448\u0435\u0432\u043e, \u0411\u0443\u0458\u0430\u043d\u043e\u0432\u0430\u0446 \u0438 \u041c\u0435\u0434\u0432\u0435\u0452a\",\"description\":\"\",\"publisher\":{\"@id\":\"https:\\\/\\\/kt.gov.rs\\\/#organization\"},\"alternateName\":\"\u041a\u043e\u043e\u0440\u0434\u0438\u043d\u0430\u0446\u0438\u043e\u043d\u043e \u0442\u0435\u043b\u043e\",\"potentialAction\":[{\"@type\":\"SearchAction\",\"target\":{\"@type\":\"EntryPoint\",\"urlTemplate\":\"https:\\\/\\\/kt.gov.rs\\\/?s={search_term_string}\"},\"query-input\":{\"@type\":\"PropertyValueSpecification\",\"valueRequired\":true,\"valueName\":\"search_term_string\"}}],\"inLanguage\":\"sq-AL\"},{\"@type\":\"Organization\",\"@id\":\"https:\\\/\\\/kt.gov.rs\\\/#organization\",\"name\":\"\u041a\u043e\u043e\u0440\u0434\u0438\u043d\u0430\u0446\u0438\u043e\u043d\u043e \u0442\u0435\u043b\u043e \u0412\u043b\u0430\u0434\u0435 \u0420\u0435\u043f\u0443\u0431\u043b\u0438\u043a\u0435 \u0421\u0440\u0431\u0438\u0458\u0435 \u0437\u0430 \u043e\u043f\u0448\u0442\u0438\u043d\u0435 \u041f\u0440\u0435\u0448\u0435\u0432\u043e, \u0411\u0443\u0458\u0430\u043d\u043e\u0432\u0430\u0446 \u0438 \u041c\u0435\u0434\u0432\u0435\u0452a\",\"alternateName\":\"\u041a\u043e\u043e\u0440\u0434\u0438\u043d\u0430\u0446\u0438\u043e\u043d\u043e \u0442\u0435\u043b\u043e\",\"url\":\"https:\\\/\\\/kt.gov.rs\\\/\",\"logo\":{\"@type\":\"ImageObject\",\"inLanguage\":\"sq-AL\",\"@id\":\"https:\\\/\\\/kt.gov.rs\\\/#\\\/schema\\\/logo\\\/image\\\/\",\"url\":\"https:\\\/\\\/kt.gov.rs\\\/wp-content\\\/uploads\\\/2024\\\/12\\\/koord2.jpg\",\"contentUrl\":\"https:\\\/\\\/kt.gov.rs\\\/wp-content\\\/uploads\\\/2024\\\/12\\\/koord2.jpg\",\"width\":640,\"height\":480,\"caption\":\"\u041a\u043e\u043e\u0440\u0434\u0438\u043d\u0430\u0446\u0438\u043e\u043d\u043e \u0442\u0435\u043b\u043e \u0412\u043b\u0430\u0434\u0435 \u0420\u0435\u043f\u0443\u0431\u043b\u0438\u043a\u0435 \u0421\u0440\u0431\u0438\u0458\u0435 \u0437\u0430 \u043e\u043f\u0448\u0442\u0438\u043d\u0435 \u041f\u0440\u0435\u0448\u0435\u0432\u043e, \u0411\u0443\u0458\u0430\u043d\u043e\u0432\u0430\u0446 \u0438 \u041c\u0435\u0434\u0432\u0435\u0452a\"},\"image\":{\"@id\":\"https:\\\/\\\/kt.gov.rs\\\/#\\\/schema\\\/logo\\\/image\\\/\"},\"sameAs\":[\"https:\\\/\\\/www.facebook.com\\\/SluzbaKoordinacionogTelaVladeRepublikeSrbije\",\"https:\\\/\\\/x.com\\\/kt_gov\",\"https:\\\/\\\/www.youtube.com\\\/@koordinacionotelo\"]},{\"@type\":\"Person\",\"@id\":\"https:\\\/\\\/kt.gov.rs\\\/#\\\/schema\\\/person\\\/e426459ddb4173309103390602694571\",\"name\":\"ktmin\",\"image\":{\"@type\":\"ImageObject\",\"inLanguage\":\"sq-AL\",\"@id\":\"https:\\\/\\\/secure.gravatar.com\\\/avatar\\\/3985c961109853010c3fbc7ba30365bfba5db3dd6c525831d9c595c7525a615a?s=96&d=mm&r=g\",\"url\":\"https:\\\/\\\/secure.gravatar.com\\\/avatar\\\/3985c961109853010c3fbc7ba30365bfba5db3dd6c525831d9c595c7525a615a?s=96&d=mm&r=g\",\"contentUrl\":\"https:\\\/\\\/secure.gravatar.com\\\/avatar\\\/3985c961109853010c3fbc7ba30365bfba5db3dd6c525831d9c595c7525a615a?s=96&d=mm&r=g\",\"caption\":\"ktmin\"},\"sameAs\":[\"https:\\\/\\\/kt.gov.rs\"],\"url\":\"https:\\\/\\\/kt.gov.rs\\\/sq\\\/author\\\/ktmin\\\/\"}]}<\/script>\n<!-- \/ Yoast SEO plugin. -->","yoast_head_json":{"title":"MINISTRIA DO T\u00cb NDIHMOJ\u00cb RRETH DEPONIS DHE TRANSFER STACIONIT - Republika e S\u00ebrbis\u00eb Trupi Koordinues p\u00ebr komunat Bujanoc, Preshev\u00eb dhe Medvegj\u00eb","robots":{"index":"index","follow":"follow","max-snippet":"max-snippet:-1","max-image-preview":"max-image-preview:large","max-video-preview":"max-video-preview:-1"},"canonical":"https:\/\/kt.gov.rs\/sq\/ministria-do-te-ndihmoje-rreth-deponis-dhe-transfer-stacionit\/","og_locale":"sq_AL","og_type":"article","og_title":"MINISTRIA DO T\u00cb NDIHMOJ\u00cb RRETH DEPONIS DHE TRANSFER STACIONIT - Republika e S\u00ebrbis\u00eb Trupi Koordinues p\u00ebr komunat Bujanoc, Preshev\u00eb dhe Medvegj\u00eb","og_description":"Bujanoc - Beograd\u00a0- Ministria e mbrojtjes s\u00eb mjedisit do ta ndihmoj\u00eb Bujanocin me\u00a0 transfer stacionin, i cili konsiderohet si nj\u00eb zgjidhje p\u00ebr shp\u00ebtimin e jet\u00ebs dhe m\u00ebnyra e vetme p\u00ebr t\u00eb parandaluar katastrof\u00ebn ekologjike q\u00eb k\u00ebrc\u00ebnon Bujanocin nga deponia e qytetit.","og_url":"https:\/\/kt.gov.rs\/sq\/ministria-do-te-ndihmoje-rreth-deponis-dhe-transfer-stacionit\/","og_site_name":"Republika e S\u00ebrbis\u00eb Trupi Koordinues p\u00ebr komunat Bujanoc, Preshev\u00eb dhe Medvegj\u00eb","article_publisher":"https:\/\/www.facebook.com\/SluzbaKoordinacionogTelaVladeRepublikeSrbije","article_published_time":"2021-08-16T00:00:00+00:00","article_modified_time":"2024-07-30T17:59:28+00:00","og_image":[{"width":315,"height":230,"url":"https:\/\/kt.gov.rs\/wp-content\/uploads\/2024\/07\/1629118471_160821_3-3.jpg","type":"image\/jpeg"}],"author":"ktmin","twitter_card":"summary_large_image","twitter_creator":"@kt_gov","twitter_site":"@kt_gov","twitter_misc":{"Written by":"ktmin","Est. reading time":"2 minutes"},"schema":{"@context":"https:\/\/schema.org","@graph":[{"@type":"Article","@id":"https:\/\/kt.gov.rs\/sq\/ministria-do-te-ndihmoje-rreth-deponis-dhe-transfer-stacionit\/#article","isPartOf":{"@id":"https:\/\/kt.gov.rs\/sq\/ministria-do-te-ndihmoje-rreth-deponis-dhe-transfer-stacionit\/"},"author":{"name":"ktmin","@id":"https:\/\/kt.gov.rs\/#\/schema\/person\/e426459ddb4173309103390602694571"},"headline":"MINISTRIA DO T\u00cb NDIHMOJ\u00cb RRETH DEPONIS DHE TRANSFER STACIONIT","datePublished":"2021-08-16T00:00:00+00:00","dateModified":"2024-07-30T17:59:28+00:00","mainEntityOfPage":{"@id":"https:\/\/kt.gov.rs\/sq\/ministria-do-te-ndihmoje-rreth-deponis-dhe-transfer-stacionit\/"},"wordCount":420,"publisher":{"@id":"https:\/\/kt.gov.rs\/#organization"},"image":{"@id":"https:\/\/kt.gov.rs\/sq\/ministria-do-te-ndihmoje-rreth-deponis-dhe-transfer-stacionit\/#primaryimage"},"thumbnailUrl":"https:\/\/kt.gov.rs\/wp-content\/uploads\/2024\/07\/1629118471_160821_3-3.jpg","articleSection":["Lajme"],"inLanguage":"sq-AL"},{"@type":"WebPage","@id":"https:\/\/kt.gov.rs\/sq\/ministria-do-te-ndihmoje-rreth-deponis-dhe-transfer-stacionit\/","url":"https:\/\/kt.gov.rs\/sq\/ministria-do-te-ndihmoje-rreth-deponis-dhe-transfer-stacionit\/","name":"MINISTRIA DO T\u00cb NDIHMOJ\u00cb RRETH DEPONIS DHE TRANSFER STACIONIT - Republika e S\u00ebrbis\u00eb Trupi Koordinues p\u00ebr komunat Bujanoc, Preshev\u00eb dhe Medvegj\u00eb","isPartOf":{"@id":"https:\/\/kt.gov.rs\/#website"},"primaryImageOfPage":{"@id":"https:\/\/kt.gov.rs\/sq\/ministria-do-te-ndihmoje-rreth-deponis-dhe-transfer-stacionit\/#primaryimage"},"image":{"@id":"https:\/\/kt.gov.rs\/sq\/ministria-do-te-ndihmoje-rreth-deponis-dhe-transfer-stacionit\/#primaryimage"},"thumbnailUrl":"https:\/\/kt.gov.rs\/wp-content\/uploads\/2024\/07\/1629118471_160821_3-3.jpg","datePublished":"2021-08-16T00:00:00+00:00","dateModified":"2024-07-30T17:59:28+00:00","breadcrumb":{"@id":"https:\/\/kt.gov.rs\/sq\/ministria-do-te-ndihmoje-rreth-deponis-dhe-transfer-stacionit\/#breadcrumb"},"inLanguage":"sq-AL","potentialAction":[{"@type":"ReadAction","target":["https:\/\/kt.gov.rs\/sq\/ministria-do-te-ndihmoje-rreth-deponis-dhe-transfer-stacionit\/"]}]},{"@type":"ImageObject","inLanguage":"sq-AL","@id":"https:\/\/kt.gov.rs\/sq\/ministria-do-te-ndihmoje-rreth-deponis-dhe-transfer-stacionit\/#primaryimage","url":"https:\/\/kt.gov.rs\/wp-content\/uploads\/2024\/07\/1629118471_160821_3-3.jpg","contentUrl":"https:\/\/kt.gov.rs\/wp-content\/uploads\/2024\/07\/1629118471_160821_3-3.jpg","width":315,"height":230},{"@type":"BreadcrumbList","@id":"https:\/\/kt.gov.rs\/sq\/ministria-do-te-ndihmoje-rreth-deponis-dhe-transfer-stacionit\/#breadcrumb","itemListElement":[{"@type":"ListItem","position":1,"name":"\u041f\u043e\u0447\u0435\u0442\u043d\u0430","item":"https:\/\/kt.gov.rs\/sq\/"},{"@type":"ListItem","position":2,"name":"MINISTRIA DO T\u00cb NDIHMOJ\u00cb RRETH DEPONIS DHE TRANSFER STACIONIT"}]},{"@type":"WebSite","@id":"https:\/\/kt.gov.rs\/#website","url":"https:\/\/kt.gov.rs\/","name":"\u041a\u043e\u043e\u0440\u0434\u0438\u043d\u0430\u0446\u0438\u043e\u043d\u043e \u0442\u0435\u043b\u043e \u0412\u043b\u0430\u0434\u0435 \u0420\u0435\u043f\u0443\u0431\u043b\u0438\u043a\u0435 \u0421\u0440\u0431\u0438\u0458\u0435 \u0437\u0430 \u043e\u043f\u0448\u0442\u0438\u043d\u0435 \u041f\u0440\u0435\u0448\u0435\u0432\u043e, \u0411\u0443\u0458\u0430\u043d\u043e\u0432\u0430\u0446 \u0438 \u041c\u0435\u0434\u0432\u0435\u0452a","description":"","publisher":{"@id":"https:\/\/kt.gov.rs\/#organization"},"alternateName":"\u041a\u043e\u043e\u0440\u0434\u0438\u043d\u0430\u0446\u0438\u043e\u043d\u043e \u0442\u0435\u043b\u043e","potentialAction":[{"@type":"SearchAction","target":{"@type":"EntryPoint","urlTemplate":"https:\/\/kt.gov.rs\/?s={search_term_string}"},"query-input":{"@type":"PropertyValueSpecification","valueRequired":true,"valueName":"search_term_string"}}],"inLanguage":"sq-AL"},{"@type":"Organization","@id":"https:\/\/kt.gov.rs\/#organization","name":"\u041a\u043e\u043e\u0440\u0434\u0438\u043d\u0430\u0446\u0438\u043e\u043d\u043e \u0442\u0435\u043b\u043e \u0412\u043b\u0430\u0434\u0435 \u0420\u0435\u043f\u0443\u0431\u043b\u0438\u043a\u0435 \u0421\u0440\u0431\u0438\u0458\u0435 \u0437\u0430 \u043e\u043f\u0448\u0442\u0438\u043d\u0435 \u041f\u0440\u0435\u0448\u0435\u0432\u043e, \u0411\u0443\u0458\u0430\u043d\u043e\u0432\u0430\u0446 \u0438 \u041c\u0435\u0434\u0432\u0435\u0452a","alternateName":"\u041a\u043e\u043e\u0440\u0434\u0438\u043d\u0430\u0446\u0438\u043e\u043d\u043e \u0442\u0435\u043b\u043e","url":"https:\/\/kt.gov.rs\/","logo":{"@type":"ImageObject","inLanguage":"sq-AL","@id":"https:\/\/kt.gov.rs\/#\/schema\/logo\/image\/","url":"https:\/\/kt.gov.rs\/wp-content\/uploads\/2024\/12\/koord2.jpg","contentUrl":"https:\/\/kt.gov.rs\/wp-content\/uploads\/2024\/12\/koord2.jpg","width":640,"height":480,"caption":"\u041a\u043e\u043e\u0440\u0434\u0438\u043d\u0430\u0446\u0438\u043e\u043d\u043e \u0442\u0435\u043b\u043e \u0412\u043b\u0430\u0434\u0435 \u0420\u0435\u043f\u0443\u0431\u043b\u0438\u043a\u0435 \u0421\u0440\u0431\u0438\u0458\u0435 \u0437\u0430 \u043e\u043f\u0448\u0442\u0438\u043d\u0435 \u041f\u0440\u0435\u0448\u0435\u0432\u043e, \u0411\u0443\u0458\u0430\u043d\u043e\u0432\u0430\u0446 \u0438 \u041c\u0435\u0434\u0432\u0435\u0452a"},"image":{"@id":"https:\/\/kt.gov.rs\/#\/schema\/logo\/image\/"},"sameAs":["https:\/\/www.facebook.com\/SluzbaKoordinacionogTelaVladeRepublikeSrbije","https:\/\/x.com\/kt_gov","https:\/\/www.youtube.com\/@koordinacionotelo"]},{"@type":"Person","@id":"https:\/\/kt.gov.rs\/#\/schema\/person\/e426459ddb4173309103390602694571","name":"ktmin","image":{"@type":"ImageObject","inLanguage":"sq-AL","@id":"https:\/\/secure.gravatar.com\/avatar\/3985c961109853010c3fbc7ba30365bfba5db3dd6c525831d9c595c7525a615a?s=96&d=mm&r=g","url":"https:\/\/secure.gravatar.com\/avatar\/3985c961109853010c3fbc7ba30365bfba5db3dd6c525831d9c595c7525a615a?s=96&d=mm&r=g","contentUrl":"https:\/\/secure.gravatar.com\/avatar\/3985c961109853010c3fbc7ba30365bfba5db3dd6c525831d9c595c7525a615a?s=96&d=mm&r=g","caption":"ktmin"},"sameAs":["https:\/\/kt.gov.rs"],"url":"https:\/\/kt.gov.rs\/sq\/author\/ktmin\/"}]}},"_links":{"self":[{"href":"https:\/\/kt.gov.rs\/sq\/wp-json\/wp\/v2\/posts\/109219","targetHints":{"allow":["GET"]}}],"collection":[{"href":"https:\/\/kt.gov.rs\/sq\/wp-json\/wp\/v2\/posts"}],"about":[{"href":"https:\/\/kt.gov.rs\/sq\/wp-json\/wp\/v2\/types\/post"}],"author":[{"embeddable":true,"href":"https:\/\/kt.gov.rs\/sq\/wp-json\/wp\/v2\/users\/1"}],"replies":[{"embeddable":true,"href":"https:\/\/kt.gov.rs\/sq\/wp-json\/wp\/v2\/comments?post=109219"}],"version-history":[{"count":1,"href":"https:\/\/kt.gov.rs\/sq\/wp-json\/wp\/v2\/posts\/109219\/revisions"}],"predecessor-version":[{"id":109223,"href":"https:\/\/kt.gov.rs\/sq\/wp-json\/wp\/v2\/posts\/109219\/revisions\/109223"}],"wp:featuredmedia":[{"embeddable":true,"href":"https:\/\/kt.gov.rs\/sq\/wp-json\/wp\/v2\/media\/109224"}],"wp:attachment":[{"href":"https:\/\/kt.gov.rs\/sq\/wp-json\/wp\/v2\/media?parent=109219"}],"wp:term":[{"taxonomy":"category","embeddable":true,"href":"https:\/\/kt.gov.rs\/sq\/wp-json\/wp\/v2\/categories?post=109219"},{"taxonomy":"post_tag","embeddable":true,"href":"https:\/\/kt.gov.rs\/sq\/wp-json\/wp\/v2\/tags?post=109219"}],"curies":[{"name":"wp","href":"https:\/\/api.w.org\/{rel}","templated":true}]}}