{"id":109163,"date":"2021-09-01T00:00:00","date_gmt":"2021-09-01T00:00:00","guid":{"rendered":"http:\/\/kt.printandscreen.rs\/urimi-i-zoran-stankoviqit-kryetarit-te-trupit-koordinues-me-rastin-e-vitit-te-ri-shkollor\/"},"modified":"2024-07-30T17:59:23","modified_gmt":"2024-07-30T17:59:23","slug":"urimi-i-zoran-stankoviqit-kryetarit-te-trupit-koordinues-me-rastin-e-vitit-te-ri-shkollor","status":"publish","type":"post","link":"https:\/\/kt.gov.rs\/sq\/urimi-i-zoran-stankoviqit-kryetarit-te-trupit-koordinues-me-rastin-e-vitit-te-ri-shkollor\/","title":{"rendered":"URIMI I ZORAN STANKOVIQIT KRYETARIT T\u00cb TRUPIT KOORDINUES, ME RASTIN E VITIT T\u00cb RI SHKOLLOR"},"content":{"rendered":"<p>\n\t<img decoding=\"async\" alt=\"\" src=\"https:\/\/kt.gov.rs\/wp-content\/uploads\/2024\/07\/1630509017_010921_2_2-2.jpg\" style=\"width: 640px; height: 360px;\" \/><\/p>\n<p>\n\tZoran Stankoviq, kryetari i Trupit koordinues, i uroi t\u00eb gjith\u00eb f\u00ebmij\u00ebve\u00a0 q\u00eb sot po shkojn\u00eb n\u00eb shkoll\u00eb, ja uroi vitin e ri shkollor me d\u00ebshir\u00ebn q\u00eb n\u00eb cdo hap ti p\u00ebrcjell suksesi dhe lumturia. Ai u d\u00ebrgoi urime t\u00eb ve\u00e7anta nx\u00ebn\u00ebsve t\u00eb klasave t\u00eb para t\u00eb shkollave n\u00eb Preshev\u00eb, Bujanoc dhe Medvegj\u00eb.<\/p>\n<p>\n\t\u201cT\u00eb dashur f\u00ebmij\u00eb, dua q\u00eb ju t\u00eb pranoni njohuri t\u00eb reja me g\u00ebzime dhe gjat\u00eb shkollimit tju p\u00ebrcjell\u00eb nj\u00eb sh\u00ebndet i mir\u00eb, fati\u00a0 dhe t\u00eb krijoni miq\u00ebsi t\u00eb reja gjat\u00eb shkollimit. Ve\u00e7an\u00ebrisht do t\u00eb doja tju uroja nj\u00eb fillim t\u00eb mbar\u00eb\u00a0 nx\u00ebn\u00ebs\u00ebve t\u00eb klas\u00ebve t\u00eb para, sepse ata kan\u00eb m\u00eb shum\u00eb nevoj\u00eb p\u00ebr mb\u00ebshtetjen ton\u00eb, &quot; theksoi Stankoviq.<\/p>\n<p>\n\tAi gjithashtu d\u00ebrgoi urime me rastin e vitit t\u00eb ri shkollor p\u00ebr t\u00eb gjith\u00eb punonj\u00ebsit arsimor dhe prind\u00ebrit.<\/p>\n<p>\n\t\u201cJu p\u00ebrg\u00ebzoj ju, q\u00eb po punoni shum\u00eb p\u00ebr t\u00eb nd\u00ebrtuar kapitalin m\u00eb t\u00eb madh t\u00eb shoq\u00ebris\u00eb, p\u00ebr arsimimin dhe edukimin e f\u00ebmij\u00ebve tan\u00eb, ju uroj fillimin e vitit t\u00eb ri m\u00ebsimor , dhe ju uroj q\u00eb me sh\u00ebndet t\u00eb mir\u00eb dhe me shum\u00eb sukses t\u00eb realizoni procesin m\u00ebsimor &quot;shtoi Stankoviq.<\/p>\n<p>\n\tAshtu si vitet e kaluara, Trupi koordinues duke bler\u00eb \u00e7anta dhe pajisje shkollore, ndihmoi fatosat n\u00eb t\u00eb gjith\u00eb shkollat fillore\u00a0 n\u00eb Preshev\u00eb, Bujanoc dhe Medvegj\u00eb. P\u00ebr sigurimin e pajisjeve shkollore, p\u00ebr gjithsej 845 fatosa, Trupi koordinues nga buxheti ndau 2.250.000 dinar\u00eb.<\/p>\n<p>\n\t\u00a0<\/p>\n","protected":false},"excerpt":{"rendered":"<p>Zoran Stankoviq, kryetari i Trupit koordinues, i uroi t\u00eb gjith\u00eb f\u00ebmij\u00ebve\u00a0 q\u00eb sot po shkojn\u00eb n\u00eb shkoll\u00eb, ja uroi vitin e ri shkollor me d\u00ebshir\u00ebn q\u00eb n\u00eb cdo hap ti p\u00ebrcjell suksesi dhe lumturia. Ai u d\u00ebrgoi urime t\u00eb ve\u00e7anta nx\u00ebn\u00ebsve t\u00eb klasave t\u00eb para t\u00eb shkollave n\u00eb Preshev\u00eb, Bujanoc dhe Medvegj\u00eb.<\/p>\n","protected":false},"author":1,"featured_media":109168,"comment_status":"closed","ping_status":"closed","sticky":false,"template":"","format":"standard","meta":{"footnotes":""},"categories":[55],"tags":[],"class_list":["post-109163","post","type-post","status-publish","format-standard","has-post-thumbnail","hentry","category-lajme"],"yoast_head":"<!-- This site is optimized with the Yoast SEO plugin v27.5 - https:\/\/yoast.com\/product\/yoast-seo-wordpress\/ -->\n<title>URIMI I ZORAN STANKOVIQIT KRYETARIT T\u00cb TRUPIT KOORDINUES, ME RASTIN E VITIT T\u00cb RI SHKOLLOR - Republika e S\u00ebrbis\u00eb Trupi Koordinues p\u00ebr komunat Bujanoc, Preshev\u00eb dhe Medvegj\u00eb<\/title>\n<meta name=\"robots\" content=\"index, follow, max-snippet:-1, max-image-preview:large, max-video-preview:-1\" \/>\n<link rel=\"canonical\" href=\"https:\/\/kt.gov.rs\/sq\/urimi-i-zoran-stankoviqit-kryetarit-te-trupit-koordinues-me-rastin-e-vitit-te-ri-shkollor\/\" \/>\n<meta property=\"og:locale\" content=\"sq_AL\" \/>\n<meta property=\"og:type\" content=\"article\" \/>\n<meta property=\"og:title\" content=\"URIMI I ZORAN STANKOVIQIT KRYETARIT T\u00cb TRUPIT KOORDINUES, ME RASTIN E VITIT T\u00cb RI SHKOLLOR - Republika e S\u00ebrbis\u00eb Trupi Koordinues p\u00ebr komunat Bujanoc, Preshev\u00eb dhe Medvegj\u00eb\" \/>\n<meta property=\"og:description\" content=\"Zoran Stankoviq, kryetari i Trupit koordinues, i uroi t\u00eb gjith\u00eb f\u00ebmij\u00ebve\u00a0 q\u00eb sot po shkojn\u00eb n\u00eb shkoll\u00eb, ja uroi vitin e ri shkollor me d\u00ebshir\u00ebn q\u00eb n\u00eb cdo hap ti p\u00ebrcjell suksesi dhe lumturia. Ai u d\u00ebrgoi urime t\u00eb ve\u00e7anta nx\u00ebn\u00ebsve t\u00eb klasave t\u00eb para t\u00eb shkollave n\u00eb Preshev\u00eb, Bujanoc dhe Medvegj\u00eb.\" \/>\n<meta property=\"og:url\" content=\"https:\/\/kt.gov.rs\/sq\/urimi-i-zoran-stankoviqit-kryetarit-te-trupit-koordinues-me-rastin-e-vitit-te-ri-shkollor\/\" \/>\n<meta property=\"og:site_name\" content=\"Republika e S\u00ebrbis\u00eb Trupi Koordinues p\u00ebr komunat Bujanoc, Preshev\u00eb dhe Medvegj\u00eb\" \/>\n<meta property=\"article:publisher\" content=\"https:\/\/www.facebook.com\/SluzbaKoordinacionogTelaVladeRepublikeSrbije\" \/>\n<meta property=\"article:published_time\" content=\"2021-09-01T00:00:00+00:00\" \/>\n<meta property=\"article:modified_time\" content=\"2024-07-30T17:59:23+00:00\" \/>\n<meta property=\"og:image\" content=\"https:\/\/kt.gov.rs\/wp-content\/uploads\/2024\/07\/1630509017_010921_2_2-3.jpg\" \/>\n\t<meta property=\"og:image:width\" content=\"640\" \/>\n\t<meta property=\"og:image:height\" content=\"360\" \/>\n\t<meta property=\"og:image:type\" content=\"image\/jpeg\" \/>\n<meta name=\"author\" content=\"ktmin\" \/>\n<meta name=\"twitter:card\" content=\"summary_large_image\" \/>\n<meta name=\"twitter:creator\" content=\"@kt_gov\" \/>\n<meta name=\"twitter:site\" content=\"@kt_gov\" \/>\n<meta name=\"twitter:label1\" content=\"Written by\" \/>\n\t<meta name=\"twitter:data1\" content=\"ktmin\" \/>\n\t<meta name=\"twitter:label2\" content=\"Est. reading time\" \/>\n\t<meta name=\"twitter:data2\" content=\"2 minutes\" \/>\n<script type=\"application\/ld+json\" class=\"yoast-schema-graph\">{\"@context\":\"https:\\\/\\\/schema.org\",\"@graph\":[{\"@type\":\"Article\",\"@id\":\"https:\\\/\\\/kt.gov.rs\\\/sq\\\/urimi-i-zoran-stankoviqit-kryetarit-te-trupit-koordinues-me-rastin-e-vitit-te-ri-shkollor\\\/#article\",\"isPartOf\":{\"@id\":\"https:\\\/\\\/kt.gov.rs\\\/sq\\\/urimi-i-zoran-stankoviqit-kryetarit-te-trupit-koordinues-me-rastin-e-vitit-te-ri-shkollor\\\/\"},\"author\":{\"name\":\"ktmin\",\"@id\":\"https:\\\/\\\/kt.gov.rs\\\/#\\\/schema\\\/person\\\/e426459ddb4173309103390602694571\"},\"headline\":\"URIMI I ZORAN STANKOVIQIT KRYETARIT T\u00cb TRUPIT KOORDINUES, ME RASTIN E VITIT T\u00cb RI SHKOLLOR\",\"datePublished\":\"2021-09-01T00:00:00+00:00\",\"dateModified\":\"2024-07-30T17:59:23+00:00\",\"mainEntityOfPage\":{\"@id\":\"https:\\\/\\\/kt.gov.rs\\\/sq\\\/urimi-i-zoran-stankoviqit-kryetarit-te-trupit-koordinues-me-rastin-e-vitit-te-ri-shkollor\\\/\"},\"wordCount\":381,\"publisher\":{\"@id\":\"https:\\\/\\\/kt.gov.rs\\\/#organization\"},\"image\":{\"@id\":\"https:\\\/\\\/kt.gov.rs\\\/sq\\\/urimi-i-zoran-stankoviqit-kryetarit-te-trupit-koordinues-me-rastin-e-vitit-te-ri-shkollor\\\/#primaryimage\"},\"thumbnailUrl\":\"https:\\\/\\\/kt.gov.rs\\\/wp-content\\\/uploads\\\/2024\\\/07\\\/1630509017_010921_2_2-3.jpg\",\"articleSection\":[\"Lajme\"],\"inLanguage\":\"sq-AL\"},{\"@type\":\"WebPage\",\"@id\":\"https:\\\/\\\/kt.gov.rs\\\/sq\\\/urimi-i-zoran-stankoviqit-kryetarit-te-trupit-koordinues-me-rastin-e-vitit-te-ri-shkollor\\\/\",\"url\":\"https:\\\/\\\/kt.gov.rs\\\/sq\\\/urimi-i-zoran-stankoviqit-kryetarit-te-trupit-koordinues-me-rastin-e-vitit-te-ri-shkollor\\\/\",\"name\":\"URIMI I ZORAN STANKOVIQIT KRYETARIT T\u00cb TRUPIT KOORDINUES, ME RASTIN E VITIT T\u00cb RI SHKOLLOR - Republika e S\u00ebrbis\u00eb Trupi Koordinues p\u00ebr komunat Bujanoc, Preshev\u00eb dhe Medvegj\u00eb\",\"isPartOf\":{\"@id\":\"https:\\\/\\\/kt.gov.rs\\\/#website\"},\"primaryImageOfPage\":{\"@id\":\"https:\\\/\\\/kt.gov.rs\\\/sq\\\/urimi-i-zoran-stankoviqit-kryetarit-te-trupit-koordinues-me-rastin-e-vitit-te-ri-shkollor\\\/#primaryimage\"},\"image\":{\"@id\":\"https:\\\/\\\/kt.gov.rs\\\/sq\\\/urimi-i-zoran-stankoviqit-kryetarit-te-trupit-koordinues-me-rastin-e-vitit-te-ri-shkollor\\\/#primaryimage\"},\"thumbnailUrl\":\"https:\\\/\\\/kt.gov.rs\\\/wp-content\\\/uploads\\\/2024\\\/07\\\/1630509017_010921_2_2-3.jpg\",\"datePublished\":\"2021-09-01T00:00:00+00:00\",\"dateModified\":\"2024-07-30T17:59:23+00:00\",\"breadcrumb\":{\"@id\":\"https:\\\/\\\/kt.gov.rs\\\/sq\\\/urimi-i-zoran-stankoviqit-kryetarit-te-trupit-koordinues-me-rastin-e-vitit-te-ri-shkollor\\\/#breadcrumb\"},\"inLanguage\":\"sq-AL\",\"potentialAction\":[{\"@type\":\"ReadAction\",\"target\":[\"https:\\\/\\\/kt.gov.rs\\\/sq\\\/urimi-i-zoran-stankoviqit-kryetarit-te-trupit-koordinues-me-rastin-e-vitit-te-ri-shkollor\\\/\"]}]},{\"@type\":\"ImageObject\",\"inLanguage\":\"sq-AL\",\"@id\":\"https:\\\/\\\/kt.gov.rs\\\/sq\\\/urimi-i-zoran-stankoviqit-kryetarit-te-trupit-koordinues-me-rastin-e-vitit-te-ri-shkollor\\\/#primaryimage\",\"url\":\"https:\\\/\\\/kt.gov.rs\\\/wp-content\\\/uploads\\\/2024\\\/07\\\/1630509017_010921_2_2-3.jpg\",\"contentUrl\":\"https:\\\/\\\/kt.gov.rs\\\/wp-content\\\/uploads\\\/2024\\\/07\\\/1630509017_010921_2_2-3.jpg\",\"width\":640,\"height\":360},{\"@type\":\"BreadcrumbList\",\"@id\":\"https:\\\/\\\/kt.gov.rs\\\/sq\\\/urimi-i-zoran-stankoviqit-kryetarit-te-trupit-koordinues-me-rastin-e-vitit-te-ri-shkollor\\\/#breadcrumb\",\"itemListElement\":[{\"@type\":\"ListItem\",\"position\":1,\"name\":\"\u041f\u043e\u0447\u0435\u0442\u043d\u0430\",\"item\":\"https:\\\/\\\/kt.gov.rs\\\/sq\\\/\"},{\"@type\":\"ListItem\",\"position\":2,\"name\":\"URIMI I ZORAN STANKOVIQIT KRYETARIT T\u00cb TRUPIT KOORDINUES, ME RASTIN E VITIT T\u00cb RI SHKOLLOR\"}]},{\"@type\":\"WebSite\",\"@id\":\"https:\\\/\\\/kt.gov.rs\\\/#website\",\"url\":\"https:\\\/\\\/kt.gov.rs\\\/\",\"name\":\"\u041a\u043e\u043e\u0440\u0434\u0438\u043d\u0430\u0446\u0438\u043e\u043d\u043e \u0442\u0435\u043b\u043e \u0412\u043b\u0430\u0434\u0435 \u0420\u0435\u043f\u0443\u0431\u043b\u0438\u043a\u0435 \u0421\u0440\u0431\u0438\u0458\u0435 \u0437\u0430 \u043e\u043f\u0448\u0442\u0438\u043d\u0435 \u041f\u0440\u0435\u0448\u0435\u0432\u043e, \u0411\u0443\u0458\u0430\u043d\u043e\u0432\u0430\u0446 \u0438 \u041c\u0435\u0434\u0432\u0435\u0452a\",\"description\":\"\",\"publisher\":{\"@id\":\"https:\\\/\\\/kt.gov.rs\\\/#organization\"},\"alternateName\":\"\u041a\u043e\u043e\u0440\u0434\u0438\u043d\u0430\u0446\u0438\u043e\u043d\u043e \u0442\u0435\u043b\u043e\",\"potentialAction\":[{\"@type\":\"SearchAction\",\"target\":{\"@type\":\"EntryPoint\",\"urlTemplate\":\"https:\\\/\\\/kt.gov.rs\\\/?s={search_term_string}\"},\"query-input\":{\"@type\":\"PropertyValueSpecification\",\"valueRequired\":true,\"valueName\":\"search_term_string\"}}],\"inLanguage\":\"sq-AL\"},{\"@type\":\"Organization\",\"@id\":\"https:\\\/\\\/kt.gov.rs\\\/#organization\",\"name\":\"\u041a\u043e\u043e\u0440\u0434\u0438\u043d\u0430\u0446\u0438\u043e\u043d\u043e \u0442\u0435\u043b\u043e \u0412\u043b\u0430\u0434\u0435 \u0420\u0435\u043f\u0443\u0431\u043b\u0438\u043a\u0435 \u0421\u0440\u0431\u0438\u0458\u0435 \u0437\u0430 \u043e\u043f\u0448\u0442\u0438\u043d\u0435 \u041f\u0440\u0435\u0448\u0435\u0432\u043e, \u0411\u0443\u0458\u0430\u043d\u043e\u0432\u0430\u0446 \u0438 \u041c\u0435\u0434\u0432\u0435\u0452a\",\"alternateName\":\"\u041a\u043e\u043e\u0440\u0434\u0438\u043d\u0430\u0446\u0438\u043e\u043d\u043e \u0442\u0435\u043b\u043e\",\"url\":\"https:\\\/\\\/kt.gov.rs\\\/\",\"logo\":{\"@type\":\"ImageObject\",\"inLanguage\":\"sq-AL\",\"@id\":\"https:\\\/\\\/kt.gov.rs\\\/#\\\/schema\\\/logo\\\/image\\\/\",\"url\":\"https:\\\/\\\/kt.gov.rs\\\/wp-content\\\/uploads\\\/2024\\\/12\\\/koord2.jpg\",\"contentUrl\":\"https:\\\/\\\/kt.gov.rs\\\/wp-content\\\/uploads\\\/2024\\\/12\\\/koord2.jpg\",\"width\":640,\"height\":480,\"caption\":\"\u041a\u043e\u043e\u0440\u0434\u0438\u043d\u0430\u0446\u0438\u043e\u043d\u043e \u0442\u0435\u043b\u043e \u0412\u043b\u0430\u0434\u0435 \u0420\u0435\u043f\u0443\u0431\u043b\u0438\u043a\u0435 \u0421\u0440\u0431\u0438\u0458\u0435 \u0437\u0430 \u043e\u043f\u0448\u0442\u0438\u043d\u0435 \u041f\u0440\u0435\u0448\u0435\u0432\u043e, \u0411\u0443\u0458\u0430\u043d\u043e\u0432\u0430\u0446 \u0438 \u041c\u0435\u0434\u0432\u0435\u0452a\"},\"image\":{\"@id\":\"https:\\\/\\\/kt.gov.rs\\\/#\\\/schema\\\/logo\\\/image\\\/\"},\"sameAs\":[\"https:\\\/\\\/www.facebook.com\\\/SluzbaKoordinacionogTelaVladeRepublikeSrbije\",\"https:\\\/\\\/x.com\\\/kt_gov\",\"https:\\\/\\\/www.youtube.com\\\/@koordinacionotelo\"]},{\"@type\":\"Person\",\"@id\":\"https:\\\/\\\/kt.gov.rs\\\/#\\\/schema\\\/person\\\/e426459ddb4173309103390602694571\",\"name\":\"ktmin\",\"image\":{\"@type\":\"ImageObject\",\"inLanguage\":\"sq-AL\",\"@id\":\"https:\\\/\\\/secure.gravatar.com\\\/avatar\\\/3985c961109853010c3fbc7ba30365bfba5db3dd6c525831d9c595c7525a615a?s=96&d=mm&r=g\",\"url\":\"https:\\\/\\\/secure.gravatar.com\\\/avatar\\\/3985c961109853010c3fbc7ba30365bfba5db3dd6c525831d9c595c7525a615a?s=96&d=mm&r=g\",\"contentUrl\":\"https:\\\/\\\/secure.gravatar.com\\\/avatar\\\/3985c961109853010c3fbc7ba30365bfba5db3dd6c525831d9c595c7525a615a?s=96&d=mm&r=g\",\"caption\":\"ktmin\"},\"sameAs\":[\"https:\\\/\\\/kt.gov.rs\"],\"url\":\"https:\\\/\\\/kt.gov.rs\\\/sq\\\/author\\\/ktmin\\\/\"}]}<\/script>\n<!-- \/ Yoast SEO plugin. -->","yoast_head_json":{"title":"URIMI I ZORAN STANKOVIQIT KRYETARIT T\u00cb TRUPIT KOORDINUES, ME RASTIN E VITIT T\u00cb RI SHKOLLOR - Republika e S\u00ebrbis\u00eb Trupi Koordinues p\u00ebr komunat Bujanoc, Preshev\u00eb dhe Medvegj\u00eb","robots":{"index":"index","follow":"follow","max-snippet":"max-snippet:-1","max-image-preview":"max-image-preview:large","max-video-preview":"max-video-preview:-1"},"canonical":"https:\/\/kt.gov.rs\/sq\/urimi-i-zoran-stankoviqit-kryetarit-te-trupit-koordinues-me-rastin-e-vitit-te-ri-shkollor\/","og_locale":"sq_AL","og_type":"article","og_title":"URIMI I ZORAN STANKOVIQIT KRYETARIT T\u00cb TRUPIT KOORDINUES, ME RASTIN E VITIT T\u00cb RI SHKOLLOR - Republika e S\u00ebrbis\u00eb Trupi Koordinues p\u00ebr komunat Bujanoc, Preshev\u00eb dhe Medvegj\u00eb","og_description":"Zoran Stankoviq, kryetari i Trupit koordinues, i uroi t\u00eb gjith\u00eb f\u00ebmij\u00ebve\u00a0 q\u00eb sot po shkojn\u00eb n\u00eb shkoll\u00eb, ja uroi vitin e ri shkollor me d\u00ebshir\u00ebn q\u00eb n\u00eb cdo hap ti p\u00ebrcjell suksesi dhe lumturia. Ai u d\u00ebrgoi urime t\u00eb ve\u00e7anta nx\u00ebn\u00ebsve t\u00eb klasave t\u00eb para t\u00eb shkollave n\u00eb Preshev\u00eb, Bujanoc dhe Medvegj\u00eb.","og_url":"https:\/\/kt.gov.rs\/sq\/urimi-i-zoran-stankoviqit-kryetarit-te-trupit-koordinues-me-rastin-e-vitit-te-ri-shkollor\/","og_site_name":"Republika e S\u00ebrbis\u00eb Trupi Koordinues p\u00ebr komunat Bujanoc, Preshev\u00eb dhe Medvegj\u00eb","article_publisher":"https:\/\/www.facebook.com\/SluzbaKoordinacionogTelaVladeRepublikeSrbije","article_published_time":"2021-09-01T00:00:00+00:00","article_modified_time":"2024-07-30T17:59:23+00:00","og_image":[{"width":640,"height":360,"url":"https:\/\/kt.gov.rs\/wp-content\/uploads\/2024\/07\/1630509017_010921_2_2-3.jpg","type":"image\/jpeg"}],"author":"ktmin","twitter_card":"summary_large_image","twitter_creator":"@kt_gov","twitter_site":"@kt_gov","twitter_misc":{"Written by":"ktmin","Est. reading time":"2 minutes"},"schema":{"@context":"https:\/\/schema.org","@graph":[{"@type":"Article","@id":"https:\/\/kt.gov.rs\/sq\/urimi-i-zoran-stankoviqit-kryetarit-te-trupit-koordinues-me-rastin-e-vitit-te-ri-shkollor\/#article","isPartOf":{"@id":"https:\/\/kt.gov.rs\/sq\/urimi-i-zoran-stankoviqit-kryetarit-te-trupit-koordinues-me-rastin-e-vitit-te-ri-shkollor\/"},"author":{"name":"ktmin","@id":"https:\/\/kt.gov.rs\/#\/schema\/person\/e426459ddb4173309103390602694571"},"headline":"URIMI I ZORAN STANKOVIQIT KRYETARIT T\u00cb TRUPIT KOORDINUES, ME RASTIN E VITIT T\u00cb RI SHKOLLOR","datePublished":"2021-09-01T00:00:00+00:00","dateModified":"2024-07-30T17:59:23+00:00","mainEntityOfPage":{"@id":"https:\/\/kt.gov.rs\/sq\/urimi-i-zoran-stankoviqit-kryetarit-te-trupit-koordinues-me-rastin-e-vitit-te-ri-shkollor\/"},"wordCount":381,"publisher":{"@id":"https:\/\/kt.gov.rs\/#organization"},"image":{"@id":"https:\/\/kt.gov.rs\/sq\/urimi-i-zoran-stankoviqit-kryetarit-te-trupit-koordinues-me-rastin-e-vitit-te-ri-shkollor\/#primaryimage"},"thumbnailUrl":"https:\/\/kt.gov.rs\/wp-content\/uploads\/2024\/07\/1630509017_010921_2_2-3.jpg","articleSection":["Lajme"],"inLanguage":"sq-AL"},{"@type":"WebPage","@id":"https:\/\/kt.gov.rs\/sq\/urimi-i-zoran-stankoviqit-kryetarit-te-trupit-koordinues-me-rastin-e-vitit-te-ri-shkollor\/","url":"https:\/\/kt.gov.rs\/sq\/urimi-i-zoran-stankoviqit-kryetarit-te-trupit-koordinues-me-rastin-e-vitit-te-ri-shkollor\/","name":"URIMI I ZORAN STANKOVIQIT KRYETARIT T\u00cb TRUPIT KOORDINUES, ME RASTIN E VITIT T\u00cb RI SHKOLLOR - Republika e S\u00ebrbis\u00eb Trupi Koordinues p\u00ebr komunat Bujanoc, Preshev\u00eb dhe Medvegj\u00eb","isPartOf":{"@id":"https:\/\/kt.gov.rs\/#website"},"primaryImageOfPage":{"@id":"https:\/\/kt.gov.rs\/sq\/urimi-i-zoran-stankoviqit-kryetarit-te-trupit-koordinues-me-rastin-e-vitit-te-ri-shkollor\/#primaryimage"},"image":{"@id":"https:\/\/kt.gov.rs\/sq\/urimi-i-zoran-stankoviqit-kryetarit-te-trupit-koordinues-me-rastin-e-vitit-te-ri-shkollor\/#primaryimage"},"thumbnailUrl":"https:\/\/kt.gov.rs\/wp-content\/uploads\/2024\/07\/1630509017_010921_2_2-3.jpg","datePublished":"2021-09-01T00:00:00+00:00","dateModified":"2024-07-30T17:59:23+00:00","breadcrumb":{"@id":"https:\/\/kt.gov.rs\/sq\/urimi-i-zoran-stankoviqit-kryetarit-te-trupit-koordinues-me-rastin-e-vitit-te-ri-shkollor\/#breadcrumb"},"inLanguage":"sq-AL","potentialAction":[{"@type":"ReadAction","target":["https:\/\/kt.gov.rs\/sq\/urimi-i-zoran-stankoviqit-kryetarit-te-trupit-koordinues-me-rastin-e-vitit-te-ri-shkollor\/"]}]},{"@type":"ImageObject","inLanguage":"sq-AL","@id":"https:\/\/kt.gov.rs\/sq\/urimi-i-zoran-stankoviqit-kryetarit-te-trupit-koordinues-me-rastin-e-vitit-te-ri-shkollor\/#primaryimage","url":"https:\/\/kt.gov.rs\/wp-content\/uploads\/2024\/07\/1630509017_010921_2_2-3.jpg","contentUrl":"https:\/\/kt.gov.rs\/wp-content\/uploads\/2024\/07\/1630509017_010921_2_2-3.jpg","width":640,"height":360},{"@type":"BreadcrumbList","@id":"https:\/\/kt.gov.rs\/sq\/urimi-i-zoran-stankoviqit-kryetarit-te-trupit-koordinues-me-rastin-e-vitit-te-ri-shkollor\/#breadcrumb","itemListElement":[{"@type":"ListItem","position":1,"name":"\u041f\u043e\u0447\u0435\u0442\u043d\u0430","item":"https:\/\/kt.gov.rs\/sq\/"},{"@type":"ListItem","position":2,"name":"URIMI I ZORAN STANKOVIQIT KRYETARIT T\u00cb TRUPIT KOORDINUES, ME RASTIN E VITIT T\u00cb RI SHKOLLOR"}]},{"@type":"WebSite","@id":"https:\/\/kt.gov.rs\/#website","url":"https:\/\/kt.gov.rs\/","name":"\u041a\u043e\u043e\u0440\u0434\u0438\u043d\u0430\u0446\u0438\u043e\u043d\u043e \u0442\u0435\u043b\u043e \u0412\u043b\u0430\u0434\u0435 \u0420\u0435\u043f\u0443\u0431\u043b\u0438\u043a\u0435 \u0421\u0440\u0431\u0438\u0458\u0435 \u0437\u0430 \u043e\u043f\u0448\u0442\u0438\u043d\u0435 \u041f\u0440\u0435\u0448\u0435\u0432\u043e, \u0411\u0443\u0458\u0430\u043d\u043e\u0432\u0430\u0446 \u0438 \u041c\u0435\u0434\u0432\u0435\u0452a","description":"","publisher":{"@id":"https:\/\/kt.gov.rs\/#organization"},"alternateName":"\u041a\u043e\u043e\u0440\u0434\u0438\u043d\u0430\u0446\u0438\u043e\u043d\u043e \u0442\u0435\u043b\u043e","potentialAction":[{"@type":"SearchAction","target":{"@type":"EntryPoint","urlTemplate":"https:\/\/kt.gov.rs\/?s={search_term_string}"},"query-input":{"@type":"PropertyValueSpecification","valueRequired":true,"valueName":"search_term_string"}}],"inLanguage":"sq-AL"},{"@type":"Organization","@id":"https:\/\/kt.gov.rs\/#organization","name":"\u041a\u043e\u043e\u0440\u0434\u0438\u043d\u0430\u0446\u0438\u043e\u043d\u043e \u0442\u0435\u043b\u043e \u0412\u043b\u0430\u0434\u0435 \u0420\u0435\u043f\u0443\u0431\u043b\u0438\u043a\u0435 \u0421\u0440\u0431\u0438\u0458\u0435 \u0437\u0430 \u043e\u043f\u0448\u0442\u0438\u043d\u0435 \u041f\u0440\u0435\u0448\u0435\u0432\u043e, \u0411\u0443\u0458\u0430\u043d\u043e\u0432\u0430\u0446 \u0438 \u041c\u0435\u0434\u0432\u0435\u0452a","alternateName":"\u041a\u043e\u043e\u0440\u0434\u0438\u043d\u0430\u0446\u0438\u043e\u043d\u043e \u0442\u0435\u043b\u043e","url":"https:\/\/kt.gov.rs\/","logo":{"@type":"ImageObject","inLanguage":"sq-AL","@id":"https:\/\/kt.gov.rs\/#\/schema\/logo\/image\/","url":"https:\/\/kt.gov.rs\/wp-content\/uploads\/2024\/12\/koord2.jpg","contentUrl":"https:\/\/kt.gov.rs\/wp-content\/uploads\/2024\/12\/koord2.jpg","width":640,"height":480,"caption":"\u041a\u043e\u043e\u0440\u0434\u0438\u043d\u0430\u0446\u0438\u043e\u043d\u043e \u0442\u0435\u043b\u043e \u0412\u043b\u0430\u0434\u0435 \u0420\u0435\u043f\u0443\u0431\u043b\u0438\u043a\u0435 \u0421\u0440\u0431\u0438\u0458\u0435 \u0437\u0430 \u043e\u043f\u0448\u0442\u0438\u043d\u0435 \u041f\u0440\u0435\u0448\u0435\u0432\u043e, \u0411\u0443\u0458\u0430\u043d\u043e\u0432\u0430\u0446 \u0438 \u041c\u0435\u0434\u0432\u0435\u0452a"},"image":{"@id":"https:\/\/kt.gov.rs\/#\/schema\/logo\/image\/"},"sameAs":["https:\/\/www.facebook.com\/SluzbaKoordinacionogTelaVladeRepublikeSrbije","https:\/\/x.com\/kt_gov","https:\/\/www.youtube.com\/@koordinacionotelo"]},{"@type":"Person","@id":"https:\/\/kt.gov.rs\/#\/schema\/person\/e426459ddb4173309103390602694571","name":"ktmin","image":{"@type":"ImageObject","inLanguage":"sq-AL","@id":"https:\/\/secure.gravatar.com\/avatar\/3985c961109853010c3fbc7ba30365bfba5db3dd6c525831d9c595c7525a615a?s=96&d=mm&r=g","url":"https:\/\/secure.gravatar.com\/avatar\/3985c961109853010c3fbc7ba30365bfba5db3dd6c525831d9c595c7525a615a?s=96&d=mm&r=g","contentUrl":"https:\/\/secure.gravatar.com\/avatar\/3985c961109853010c3fbc7ba30365bfba5db3dd6c525831d9c595c7525a615a?s=96&d=mm&r=g","caption":"ktmin"},"sameAs":["https:\/\/kt.gov.rs"],"url":"https:\/\/kt.gov.rs\/sq\/author\/ktmin\/"}]}},"_links":{"self":[{"href":"https:\/\/kt.gov.rs\/sq\/wp-json\/wp\/v2\/posts\/109163","targetHints":{"allow":["GET"]}}],"collection":[{"href":"https:\/\/kt.gov.rs\/sq\/wp-json\/wp\/v2\/posts"}],"about":[{"href":"https:\/\/kt.gov.rs\/sq\/wp-json\/wp\/v2\/types\/post"}],"author":[{"embeddable":true,"href":"https:\/\/kt.gov.rs\/sq\/wp-json\/wp\/v2\/users\/1"}],"replies":[{"embeddable":true,"href":"https:\/\/kt.gov.rs\/sq\/wp-json\/wp\/v2\/comments?post=109163"}],"version-history":[{"count":1,"href":"https:\/\/kt.gov.rs\/sq\/wp-json\/wp\/v2\/posts\/109163\/revisions"}],"predecessor-version":[{"id":109167,"href":"https:\/\/kt.gov.rs\/sq\/wp-json\/wp\/v2\/posts\/109163\/revisions\/109167"}],"wp:featuredmedia":[{"embeddable":true,"href":"https:\/\/kt.gov.rs\/sq\/wp-json\/wp\/v2\/media\/109168"}],"wp:attachment":[{"href":"https:\/\/kt.gov.rs\/sq\/wp-json\/wp\/v2\/media?parent=109163"}],"wp:term":[{"taxonomy":"category","embeddable":true,"href":"https:\/\/kt.gov.rs\/sq\/wp-json\/wp\/v2\/categories?post=109163"},{"taxonomy":"post_tag","embeddable":true,"href":"https:\/\/kt.gov.rs\/sq\/wp-json\/wp\/v2\/tags?post=109163"}],"curies":[{"name":"wp","href":"https:\/\/api.w.org\/{rel}","templated":true}]}}