{"id":109147,"date":"2021-09-10T00:00:00","date_gmt":"2021-09-10T00:00:00","guid":{"rendered":"http:\/\/kt.printandscreen.rs\/prinderit-kerkojne-hapjen-e-qendres-ditore-per-femijet-me-aftesi-te-kufizuar\/"},"modified":"2024-07-30T17:59:21","modified_gmt":"2024-07-30T17:59:21","slug":"prinderit-kerkojne-hapjen-e-qendres-ditore-per-femijet-me-aftesi-te-kufizuar","status":"publish","type":"post","link":"https:\/\/kt.gov.rs\/sq\/prinderit-kerkojne-hapjen-e-qendres-ditore-per-femijet-me-aftesi-te-kufizuar\/","title":{"rendered":"PRIND\u00cbRIT K\u00cbRKOJN\u00cb HAPJEN E \u201cQENDR\u00cbS DITORE\u201d P\u00cbR F\u00cbMIJ\u00cbT ME AFT\u00cbSI T\u00cb KUFIZUAR"},"content":{"rendered":"<p>\n\t<strong><img decoding=\"async\" alt=\"\" src=\"https:\/\/kt.gov.rs\/wp-content\/uploads\/2024\/07\/1631272225_10921_1-2.jpg\" style=\"width: 315px; height: 230px; float: left;\" \/>Bujanoc \u2013 Beograd <\/strong>\u2013 Prind\u00ebrit e f\u00ebmij\u00ebve me aft\u00ebsi t\u00eb kufizuara, s\u00eb bashku me autoritetet n\u00eb vet\u00ebqeverisjen lokale n\u00eb Bujnanoc, po fillojn\u00eb nj\u00eb iniciativ\u00eb p\u00ebr t\u00eb hapur q\u00ebndrimin ditor p\u00ebr f\u00ebmij\u00ebt me aft\u00ebsi t\u00eb kufizuara n\u00eb t\u00eb cil\u00ebn ata mund t\u00eb shoq\u00ebrohen me nj\u00ebri -tjetrin, me ndihm\u00ebn dhe mb\u00ebshtetjen t\u00eb profesionist\u00ebve t\u00eb licencuar.<\/p>\n<p>\n\tF\u00ebmij\u00ebt me aft\u00ebsi t\u00eb kufizuara nga territori i komun\u00ebs s\u00eb Bujanocit ndjekin shkoll\u00ebn p\u00ebr arsimin fillor dhe t\u00eb mes\u00ebm n\u00eb&quot;Vule Anti\u0107&quot; t\u00eb Vraj\u00ebs.<\/p>\n<p>\n\tFejzi Beqiri, kryeshefi i nj\u00ebsis\u00eb p\u00ebr sh\u00ebrbimet publike, tha se vet\u00ebqeverisja vendore planifikon t\u00eb hap\u00eb nj\u00eb departament t\u00eb till\u00eb, por q\u00eb p\u00ebr k\u00ebt\u00eb nevojitet nj\u00eb procedur\u00eb e ve\u00e7ant\u00eb, mbi t\u00eb gjitha p\u00ebrfshirja e organizatave joqeveritare t\u00eb licencuara.<\/p>\n<p>\n\t&quot;Mund\u00ebsia e hapjes s\u00eb q\u00ebndrimit ditor ekziston n\u00eb ambientet e sht\u00ebpis\u00eb s\u00eb kultur\u00ebs, ish -Fakulteti Ekonomik, me p\u00ebrshtatjen e asaj hap\u00ebsire me nevojat e atyre f\u00ebmij\u00ebve dhe pajisjet e duhura, dhe mendimet tona po shkojn\u00eb n\u00eb at\u00eb drejtim,&quot; tha Beqiri<\/p>\n<p>\n\tSipas Gabriela Tomiq, k\u00ebshilltare p\u00ebr arsimin n\u00eb vet\u00ebqeverisjen lokale, jan\u00eb rreth 80 f\u00ebmij\u00eb me aft\u00ebsi t\u00eb kufizuara n\u00eb komun\u00ebn e Bujanocit dhe f\u00ebmij\u00ebt nga komuniteti serb ndjekin shkoll\u00ebn p\u00ebr arsimin fillor dhe t\u00eb mes\u00ebm\u00a0 n\u00eb &quot;Vule Antic&quot; t\u00eb Vraj\u00ebs, nd\u00ebrsa f\u00ebmij\u00ebt nga komunitetet shqiptare\u00a0 jan t\u00eb integruara n\u00eb sistemin e rregullt arsimor p\u00ebrmes m\u00ebsimit gjith\u00ebp\u00ebrfshir\u00ebs.<\/p>\n<p>\n\t&quot;Vet\u00ebqeverisja lokale po p\u00ebrpiqet ta b\u00ebj\u00eb m\u00eb t\u00eb leht\u00eb p\u00ebr f\u00ebmij\u00ebt dhe prind\u00ebrit p\u00ebrmes llojeve t\u00eb ndryshme t\u00eb ndihm\u00ebs, dhe shum\u00eb jan\u00eb b\u00ebr\u00eb vitet e fundit, ne mund t\u00eb jemi nj\u00eb nga komunat e pakta q\u00eb ofrojm\u00eb mb\u00ebshtetje financiare p\u00ebr prind\u00ebrit si ndihm\u00eb e nj\u00ebhershme, p\u00ebrve\u00e7 shpenzimeve t\u00eb udh\u00ebtimit, &quot;thot\u00eb Tomiq.<\/p>\n<p>\n\tMungesa e\u00a0 q\u00ebndrimit ditor \u00ebsht\u00eb vet\u00ebm nj\u00eb nga problemet me t\u00eb cilat p\u00ebrballen prind\u00ebrit e f\u00ebmij\u00ebve me aft\u00ebsi t\u00eb kufizuara<\/p>\n<p>\n\tMilena Taskoviq, n\u00ebna e nj\u00eb djali 12-vje\u00e7ar me sindrom\u00ebn Daunit, thot\u00eb se problemet jan\u00eb t\u00eb m\u00ebdha, nga mb\u00ebshtetja e pamjaftueshme p\u00ebr prind\u00ebrit q\u00eb kujdesen p\u00ebr f\u00ebmij\u00eb t\u00eb till\u00eb, deri tek aksesi i pamjaftuesh\u00ebm n\u00eb sh\u00ebrbimet n\u00eb komunitetin lokal p\u00ebr f\u00ebmij\u00ebt me aft\u00ebsi t\u00eb kufizuara.<\/p>\n<p>\n\tAjo shton munges\u00ebn e mosp\u00ebrfshirjes dhe mosnjohjes n\u00eb komunitet, dhe p\u00ebr informacion ajo thot\u00eb se b\u00ebhet fjal\u00eb p\u00ebr grupet joformale t\u00eb prind\u00ebrve.<\/p>\n<p>\n\tPo thuajse me t\u00eb nj\u00ebjtat probleme ballafaqohet edhe Serafim Spasiq nga Bujanoci, bab i djalit pes\u00ebmbdhjet vjecar ma sindromin e Daunit.<\/p>\n<p>\n\t\u00a0\u201cQ\u00ebndrimi ditor\u201d p\u00ebr f\u00ebmij\u00ebt tan\u00eb do t\u00eb ishte shp\u00ebtim. Ekziston nj\u00eb mund\u00ebsi sepse nuk mungon hap\u00ebsira, as investimet shum\u00eb t\u00eb m\u00ebdha. F\u00ebmij\u00ebt dhe prind\u00ebrit do t\u00eb ndihmoheshin. Ajo do t\u00eb shoq\u00ebrohej dhe st\u00ebrvitej p\u00ebrmes loj\u00ebs dhe aktiviteteve t\u00eb ndryshme t\u00eb tjera, do t\u00eb kishte k\u00ebndin e saj. P\u00ebr t\u00eb mos p\u00ebrmendur hapjen e vendeve t\u00eb reja t\u00eb pun\u00ebs dhe \u00e7far\u00eb do t\u00eb thot\u00eb kjo p\u00ebr t\u00eb rinjt\u00eb n\u00eb Bujanoc, &quot;tha Serafim.<\/p>\n<p>\n\t\u00cbsht\u00eb e sigurt q\u00eb hapja\u00a0 qendrimit ditor do t\u00eb zgjidhte nj\u00eb pjes\u00eb t\u00eb problemeve t\u00eb prind\u00ebrve t\u00eb f\u00ebmij\u00ebve me aft\u00ebsi t\u00eb kufizuara, dhe ata theksojn\u00eb se p\u00ebrfshirja m\u00eb e madhe e shoq\u00ebris\u00eb dhe individ\u00ebve \u00a0\u00e7on n\u00eb rezultate.<\/p>\n<p>\n\t<strong>Burimi: Bujanovacke dhe trupi koordinues<\/strong><\/p>\n<p>\n\t\u00a0<\/p>\n","protected":false},"excerpt":{"rendered":"<p>Bujanoc \u2013 Beograd\u00a0\u2013 Prind\u00ebrit e f\u00ebmij\u00ebve me aft\u00ebsi t\u00eb kufizuara, s\u00eb bashku me autoritetet n\u00eb vet\u00ebqeverisjen lokale n\u00eb Bujnanoc, po fillojn\u00eb nj\u00eb iniciativ\u00eb p\u00ebr t\u00eb hapur q\u00ebndrimin ditor p\u00ebr f\u00ebmij\u00ebt me aft\u00ebsi t\u00eb kufizuara n\u00eb t\u00eb cil\u00ebn ata mund t\u00eb shoq\u00ebrohen me nj\u00ebri -tjetrin, me ndihm\u00ebn dhe mb\u00ebshtetjen t\u00eb profesionist\u00ebve t\u00eb licencuar.<\/p>\n","protected":false},"author":1,"featured_media":109152,"comment_status":"closed","ping_status":"closed","sticky":false,"template":"","format":"standard","meta":{"footnotes":""},"categories":[55],"tags":[],"class_list":["post-109147","post","type-post","status-publish","format-standard","has-post-thumbnail","hentry","category-lajme"],"yoast_head":"<!-- This site is optimized with the Yoast SEO plugin v27.5 - https:\/\/yoast.com\/product\/yoast-seo-wordpress\/ -->\n<title>PRIND\u00cbRIT K\u00cbRKOJN\u00cb HAPJEN E \u201cQENDR\u00cbS DITORE\u201d P\u00cbR F\u00cbMIJ\u00cbT ME AFT\u00cbSI T\u00cb KUFIZUAR - Republika e S\u00ebrbis\u00eb Trupi Koordinues p\u00ebr komunat Bujanoc, Preshev\u00eb dhe Medvegj\u00eb<\/title>\n<meta name=\"robots\" content=\"index, follow, max-snippet:-1, max-image-preview:large, max-video-preview:-1\" \/>\n<link rel=\"canonical\" href=\"https:\/\/kt.gov.rs\/sq\/prinderit-kerkojne-hapjen-e-qendres-ditore-per-femijet-me-aftesi-te-kufizuar\/\" \/>\n<meta property=\"og:locale\" content=\"sq_AL\" \/>\n<meta property=\"og:type\" content=\"article\" \/>\n<meta property=\"og:title\" content=\"PRIND\u00cbRIT K\u00cbRKOJN\u00cb HAPJEN E \u201cQENDR\u00cbS DITORE\u201d P\u00cbR F\u00cbMIJ\u00cbT ME AFT\u00cbSI T\u00cb KUFIZUAR - Republika e S\u00ebrbis\u00eb Trupi Koordinues p\u00ebr komunat Bujanoc, Preshev\u00eb dhe Medvegj\u00eb\" \/>\n<meta property=\"og:description\" content=\"Bujanoc - Beograd\u00a0- Prind\u00ebrit e f\u00ebmij\u00ebve me aft\u00ebsi t\u00eb kufizuara, s\u00eb bashku me autoritetet n\u00eb vet\u00ebqeverisjen lokale n\u00eb Bujnanoc, po fillojn\u00eb nj\u00eb iniciativ\u00eb p\u00ebr t\u00eb hapur q\u00ebndrimin ditor p\u00ebr f\u00ebmij\u00ebt me aft\u00ebsi t\u00eb kufizuara n\u00eb t\u00eb cil\u00ebn ata mund t\u00eb shoq\u00ebrohen me nj\u00ebri -tjetrin, me ndihm\u00ebn dhe mb\u00ebshtetjen t\u00eb profesionist\u00ebve t\u00eb licencuar.\" \/>\n<meta property=\"og:url\" content=\"https:\/\/kt.gov.rs\/sq\/prinderit-kerkojne-hapjen-e-qendres-ditore-per-femijet-me-aftesi-te-kufizuar\/\" \/>\n<meta property=\"og:site_name\" content=\"Republika e S\u00ebrbis\u00eb Trupi Koordinues p\u00ebr komunat Bujanoc, Preshev\u00eb dhe Medvegj\u00eb\" \/>\n<meta property=\"article:publisher\" content=\"https:\/\/www.facebook.com\/SluzbaKoordinacionogTelaVladeRepublikeSrbije\" \/>\n<meta property=\"article:published_time\" content=\"2021-09-10T00:00:00+00:00\" \/>\n<meta property=\"article:modified_time\" content=\"2024-07-30T17:59:21+00:00\" \/>\n<meta property=\"og:image\" content=\"https:\/\/kt.gov.rs\/wp-content\/uploads\/2024\/07\/1631272225_10921_1-3.jpg\" \/>\n\t<meta property=\"og:image:width\" content=\"315\" \/>\n\t<meta property=\"og:image:height\" content=\"230\" \/>\n\t<meta property=\"og:image:type\" content=\"image\/jpeg\" \/>\n<meta name=\"author\" content=\"ktmin\" \/>\n<meta name=\"twitter:card\" content=\"summary_large_image\" \/>\n<meta name=\"twitter:creator\" content=\"@kt_gov\" \/>\n<meta name=\"twitter:site\" content=\"@kt_gov\" \/>\n<meta name=\"twitter:label1\" content=\"Written by\" \/>\n\t<meta name=\"twitter:data1\" content=\"ktmin\" \/>\n\t<meta name=\"twitter:label2\" content=\"Est. reading time\" \/>\n\t<meta name=\"twitter:data2\" content=\"4 minutes\" \/>\n<script type=\"application\/ld+json\" class=\"yoast-schema-graph\">{\"@context\":\"https:\\\/\\\/schema.org\",\"@graph\":[{\"@type\":\"Article\",\"@id\":\"https:\\\/\\\/kt.gov.rs\\\/sq\\\/prinderit-kerkojne-hapjen-e-qendres-ditore-per-femijet-me-aftesi-te-kufizuar\\\/#article\",\"isPartOf\":{\"@id\":\"https:\\\/\\\/kt.gov.rs\\\/sq\\\/prinderit-kerkojne-hapjen-e-qendres-ditore-per-femijet-me-aftesi-te-kufizuar\\\/\"},\"author\":{\"name\":\"ktmin\",\"@id\":\"https:\\\/\\\/kt.gov.rs\\\/#\\\/schema\\\/person\\\/e426459ddb4173309103390602694571\"},\"headline\":\"PRIND\u00cbRIT K\u00cbRKOJN\u00cb HAPJEN E \u201cQENDR\u00cbS DITORE\u201d P\u00cbR F\u00cbMIJ\u00cbT ME AFT\u00cbSI T\u00cb KUFIZUAR\",\"datePublished\":\"2021-09-10T00:00:00+00:00\",\"dateModified\":\"2024-07-30T17:59:21+00:00\",\"mainEntityOfPage\":{\"@id\":\"https:\\\/\\\/kt.gov.rs\\\/sq\\\/prinderit-kerkojne-hapjen-e-qendres-ditore-per-femijet-me-aftesi-te-kufizuar\\\/\"},\"wordCount\":906,\"publisher\":{\"@id\":\"https:\\\/\\\/kt.gov.rs\\\/#organization\"},\"image\":{\"@id\":\"https:\\\/\\\/kt.gov.rs\\\/sq\\\/prinderit-kerkojne-hapjen-e-qendres-ditore-per-femijet-me-aftesi-te-kufizuar\\\/#primaryimage\"},\"thumbnailUrl\":\"https:\\\/\\\/kt.gov.rs\\\/wp-content\\\/uploads\\\/2024\\\/07\\\/1631272225_10921_1-3.jpg\",\"articleSection\":[\"Lajme\"],\"inLanguage\":\"sq-AL\"},{\"@type\":\"WebPage\",\"@id\":\"https:\\\/\\\/kt.gov.rs\\\/sq\\\/prinderit-kerkojne-hapjen-e-qendres-ditore-per-femijet-me-aftesi-te-kufizuar\\\/\",\"url\":\"https:\\\/\\\/kt.gov.rs\\\/sq\\\/prinderit-kerkojne-hapjen-e-qendres-ditore-per-femijet-me-aftesi-te-kufizuar\\\/\",\"name\":\"PRIND\u00cbRIT K\u00cbRKOJN\u00cb HAPJEN E \u201cQENDR\u00cbS DITORE\u201d P\u00cbR F\u00cbMIJ\u00cbT ME AFT\u00cbSI T\u00cb KUFIZUAR - Republika e S\u00ebrbis\u00eb Trupi Koordinues p\u00ebr komunat Bujanoc, Preshev\u00eb dhe Medvegj\u00eb\",\"isPartOf\":{\"@id\":\"https:\\\/\\\/kt.gov.rs\\\/#website\"},\"primaryImageOfPage\":{\"@id\":\"https:\\\/\\\/kt.gov.rs\\\/sq\\\/prinderit-kerkojne-hapjen-e-qendres-ditore-per-femijet-me-aftesi-te-kufizuar\\\/#primaryimage\"},\"image\":{\"@id\":\"https:\\\/\\\/kt.gov.rs\\\/sq\\\/prinderit-kerkojne-hapjen-e-qendres-ditore-per-femijet-me-aftesi-te-kufizuar\\\/#primaryimage\"},\"thumbnailUrl\":\"https:\\\/\\\/kt.gov.rs\\\/wp-content\\\/uploads\\\/2024\\\/07\\\/1631272225_10921_1-3.jpg\",\"datePublished\":\"2021-09-10T00:00:00+00:00\",\"dateModified\":\"2024-07-30T17:59:21+00:00\",\"breadcrumb\":{\"@id\":\"https:\\\/\\\/kt.gov.rs\\\/sq\\\/prinderit-kerkojne-hapjen-e-qendres-ditore-per-femijet-me-aftesi-te-kufizuar\\\/#breadcrumb\"},\"inLanguage\":\"sq-AL\",\"potentialAction\":[{\"@type\":\"ReadAction\",\"target\":[\"https:\\\/\\\/kt.gov.rs\\\/sq\\\/prinderit-kerkojne-hapjen-e-qendres-ditore-per-femijet-me-aftesi-te-kufizuar\\\/\"]}]},{\"@type\":\"ImageObject\",\"inLanguage\":\"sq-AL\",\"@id\":\"https:\\\/\\\/kt.gov.rs\\\/sq\\\/prinderit-kerkojne-hapjen-e-qendres-ditore-per-femijet-me-aftesi-te-kufizuar\\\/#primaryimage\",\"url\":\"https:\\\/\\\/kt.gov.rs\\\/wp-content\\\/uploads\\\/2024\\\/07\\\/1631272225_10921_1-3.jpg\",\"contentUrl\":\"https:\\\/\\\/kt.gov.rs\\\/wp-content\\\/uploads\\\/2024\\\/07\\\/1631272225_10921_1-3.jpg\",\"width\":315,\"height\":230},{\"@type\":\"BreadcrumbList\",\"@id\":\"https:\\\/\\\/kt.gov.rs\\\/sq\\\/prinderit-kerkojne-hapjen-e-qendres-ditore-per-femijet-me-aftesi-te-kufizuar\\\/#breadcrumb\",\"itemListElement\":[{\"@type\":\"ListItem\",\"position\":1,\"name\":\"\u041f\u043e\u0447\u0435\u0442\u043d\u0430\",\"item\":\"https:\\\/\\\/kt.gov.rs\\\/sq\\\/\"},{\"@type\":\"ListItem\",\"position\":2,\"name\":\"PRIND\u00cbRIT K\u00cbRKOJN\u00cb HAPJEN E \u201cQENDR\u00cbS DITORE\u201d P\u00cbR F\u00cbMIJ\u00cbT ME AFT\u00cbSI T\u00cb KUFIZUAR\"}]},{\"@type\":\"WebSite\",\"@id\":\"https:\\\/\\\/kt.gov.rs\\\/#website\",\"url\":\"https:\\\/\\\/kt.gov.rs\\\/\",\"name\":\"\u041a\u043e\u043e\u0440\u0434\u0438\u043d\u0430\u0446\u0438\u043e\u043d\u043e \u0442\u0435\u043b\u043e \u0412\u043b\u0430\u0434\u0435 \u0420\u0435\u043f\u0443\u0431\u043b\u0438\u043a\u0435 \u0421\u0440\u0431\u0438\u0458\u0435 \u0437\u0430 \u043e\u043f\u0448\u0442\u0438\u043d\u0435 \u041f\u0440\u0435\u0448\u0435\u0432\u043e, \u0411\u0443\u0458\u0430\u043d\u043e\u0432\u0430\u0446 \u0438 \u041c\u0435\u0434\u0432\u0435\u0452a\",\"description\":\"\",\"publisher\":{\"@id\":\"https:\\\/\\\/kt.gov.rs\\\/#organization\"},\"alternateName\":\"\u041a\u043e\u043e\u0440\u0434\u0438\u043d\u0430\u0446\u0438\u043e\u043d\u043e \u0442\u0435\u043b\u043e\",\"potentialAction\":[{\"@type\":\"SearchAction\",\"target\":{\"@type\":\"EntryPoint\",\"urlTemplate\":\"https:\\\/\\\/kt.gov.rs\\\/?s={search_term_string}\"},\"query-input\":{\"@type\":\"PropertyValueSpecification\",\"valueRequired\":true,\"valueName\":\"search_term_string\"}}],\"inLanguage\":\"sq-AL\"},{\"@type\":\"Organization\",\"@id\":\"https:\\\/\\\/kt.gov.rs\\\/#organization\",\"name\":\"\u041a\u043e\u043e\u0440\u0434\u0438\u043d\u0430\u0446\u0438\u043e\u043d\u043e \u0442\u0435\u043b\u043e \u0412\u043b\u0430\u0434\u0435 \u0420\u0435\u043f\u0443\u0431\u043b\u0438\u043a\u0435 \u0421\u0440\u0431\u0438\u0458\u0435 \u0437\u0430 \u043e\u043f\u0448\u0442\u0438\u043d\u0435 \u041f\u0440\u0435\u0448\u0435\u0432\u043e, \u0411\u0443\u0458\u0430\u043d\u043e\u0432\u0430\u0446 \u0438 \u041c\u0435\u0434\u0432\u0435\u0452a\",\"alternateName\":\"\u041a\u043e\u043e\u0440\u0434\u0438\u043d\u0430\u0446\u0438\u043e\u043d\u043e \u0442\u0435\u043b\u043e\",\"url\":\"https:\\\/\\\/kt.gov.rs\\\/\",\"logo\":{\"@type\":\"ImageObject\",\"inLanguage\":\"sq-AL\",\"@id\":\"https:\\\/\\\/kt.gov.rs\\\/#\\\/schema\\\/logo\\\/image\\\/\",\"url\":\"https:\\\/\\\/kt.gov.rs\\\/wp-content\\\/uploads\\\/2024\\\/12\\\/koord2.jpg\",\"contentUrl\":\"https:\\\/\\\/kt.gov.rs\\\/wp-content\\\/uploads\\\/2024\\\/12\\\/koord2.jpg\",\"width\":640,\"height\":480,\"caption\":\"\u041a\u043e\u043e\u0440\u0434\u0438\u043d\u0430\u0446\u0438\u043e\u043d\u043e \u0442\u0435\u043b\u043e \u0412\u043b\u0430\u0434\u0435 \u0420\u0435\u043f\u0443\u0431\u043b\u0438\u043a\u0435 \u0421\u0440\u0431\u0438\u0458\u0435 \u0437\u0430 \u043e\u043f\u0448\u0442\u0438\u043d\u0435 \u041f\u0440\u0435\u0448\u0435\u0432\u043e, \u0411\u0443\u0458\u0430\u043d\u043e\u0432\u0430\u0446 \u0438 \u041c\u0435\u0434\u0432\u0435\u0452a\"},\"image\":{\"@id\":\"https:\\\/\\\/kt.gov.rs\\\/#\\\/schema\\\/logo\\\/image\\\/\"},\"sameAs\":[\"https:\\\/\\\/www.facebook.com\\\/SluzbaKoordinacionogTelaVladeRepublikeSrbije\",\"https:\\\/\\\/x.com\\\/kt_gov\",\"https:\\\/\\\/www.youtube.com\\\/@koordinacionotelo\"]},{\"@type\":\"Person\",\"@id\":\"https:\\\/\\\/kt.gov.rs\\\/#\\\/schema\\\/person\\\/e426459ddb4173309103390602694571\",\"name\":\"ktmin\",\"image\":{\"@type\":\"ImageObject\",\"inLanguage\":\"sq-AL\",\"@id\":\"https:\\\/\\\/secure.gravatar.com\\\/avatar\\\/3985c961109853010c3fbc7ba30365bfba5db3dd6c525831d9c595c7525a615a?s=96&d=mm&r=g\",\"url\":\"https:\\\/\\\/secure.gravatar.com\\\/avatar\\\/3985c961109853010c3fbc7ba30365bfba5db3dd6c525831d9c595c7525a615a?s=96&d=mm&r=g\",\"contentUrl\":\"https:\\\/\\\/secure.gravatar.com\\\/avatar\\\/3985c961109853010c3fbc7ba30365bfba5db3dd6c525831d9c595c7525a615a?s=96&d=mm&r=g\",\"caption\":\"ktmin\"},\"sameAs\":[\"https:\\\/\\\/kt.gov.rs\"],\"url\":\"https:\\\/\\\/kt.gov.rs\\\/sq\\\/author\\\/ktmin\\\/\"}]}<\/script>\n<!-- \/ Yoast SEO plugin. -->","yoast_head_json":{"title":"PRIND\u00cbRIT K\u00cbRKOJN\u00cb HAPJEN E \u201cQENDR\u00cbS DITORE\u201d P\u00cbR F\u00cbMIJ\u00cbT ME AFT\u00cbSI T\u00cb KUFIZUAR - Republika e S\u00ebrbis\u00eb Trupi Koordinues p\u00ebr komunat Bujanoc, Preshev\u00eb dhe Medvegj\u00eb","robots":{"index":"index","follow":"follow","max-snippet":"max-snippet:-1","max-image-preview":"max-image-preview:large","max-video-preview":"max-video-preview:-1"},"canonical":"https:\/\/kt.gov.rs\/sq\/prinderit-kerkojne-hapjen-e-qendres-ditore-per-femijet-me-aftesi-te-kufizuar\/","og_locale":"sq_AL","og_type":"article","og_title":"PRIND\u00cbRIT K\u00cbRKOJN\u00cb HAPJEN E \u201cQENDR\u00cbS DITORE\u201d P\u00cbR F\u00cbMIJ\u00cbT ME AFT\u00cbSI T\u00cb KUFIZUAR - Republika e S\u00ebrbis\u00eb Trupi Koordinues p\u00ebr komunat Bujanoc, Preshev\u00eb dhe Medvegj\u00eb","og_description":"Bujanoc - Beograd\u00a0- Prind\u00ebrit e f\u00ebmij\u00ebve me aft\u00ebsi t\u00eb kufizuara, s\u00eb bashku me autoritetet n\u00eb vet\u00ebqeverisjen lokale n\u00eb Bujnanoc, po fillojn\u00eb nj\u00eb iniciativ\u00eb p\u00ebr t\u00eb hapur q\u00ebndrimin ditor p\u00ebr f\u00ebmij\u00ebt me aft\u00ebsi t\u00eb kufizuara n\u00eb t\u00eb cil\u00ebn ata mund t\u00eb shoq\u00ebrohen me nj\u00ebri -tjetrin, me ndihm\u00ebn dhe mb\u00ebshtetjen t\u00eb profesionist\u00ebve t\u00eb licencuar.","og_url":"https:\/\/kt.gov.rs\/sq\/prinderit-kerkojne-hapjen-e-qendres-ditore-per-femijet-me-aftesi-te-kufizuar\/","og_site_name":"Republika e S\u00ebrbis\u00eb Trupi Koordinues p\u00ebr komunat Bujanoc, Preshev\u00eb dhe Medvegj\u00eb","article_publisher":"https:\/\/www.facebook.com\/SluzbaKoordinacionogTelaVladeRepublikeSrbije","article_published_time":"2021-09-10T00:00:00+00:00","article_modified_time":"2024-07-30T17:59:21+00:00","og_image":[{"width":315,"height":230,"url":"https:\/\/kt.gov.rs\/wp-content\/uploads\/2024\/07\/1631272225_10921_1-3.jpg","type":"image\/jpeg"}],"author":"ktmin","twitter_card":"summary_large_image","twitter_creator":"@kt_gov","twitter_site":"@kt_gov","twitter_misc":{"Written by":"ktmin","Est. reading time":"4 minutes"},"schema":{"@context":"https:\/\/schema.org","@graph":[{"@type":"Article","@id":"https:\/\/kt.gov.rs\/sq\/prinderit-kerkojne-hapjen-e-qendres-ditore-per-femijet-me-aftesi-te-kufizuar\/#article","isPartOf":{"@id":"https:\/\/kt.gov.rs\/sq\/prinderit-kerkojne-hapjen-e-qendres-ditore-per-femijet-me-aftesi-te-kufizuar\/"},"author":{"name":"ktmin","@id":"https:\/\/kt.gov.rs\/#\/schema\/person\/e426459ddb4173309103390602694571"},"headline":"PRIND\u00cbRIT K\u00cbRKOJN\u00cb HAPJEN E \u201cQENDR\u00cbS DITORE\u201d P\u00cbR F\u00cbMIJ\u00cbT ME AFT\u00cbSI T\u00cb KUFIZUAR","datePublished":"2021-09-10T00:00:00+00:00","dateModified":"2024-07-30T17:59:21+00:00","mainEntityOfPage":{"@id":"https:\/\/kt.gov.rs\/sq\/prinderit-kerkojne-hapjen-e-qendres-ditore-per-femijet-me-aftesi-te-kufizuar\/"},"wordCount":906,"publisher":{"@id":"https:\/\/kt.gov.rs\/#organization"},"image":{"@id":"https:\/\/kt.gov.rs\/sq\/prinderit-kerkojne-hapjen-e-qendres-ditore-per-femijet-me-aftesi-te-kufizuar\/#primaryimage"},"thumbnailUrl":"https:\/\/kt.gov.rs\/wp-content\/uploads\/2024\/07\/1631272225_10921_1-3.jpg","articleSection":["Lajme"],"inLanguage":"sq-AL"},{"@type":"WebPage","@id":"https:\/\/kt.gov.rs\/sq\/prinderit-kerkojne-hapjen-e-qendres-ditore-per-femijet-me-aftesi-te-kufizuar\/","url":"https:\/\/kt.gov.rs\/sq\/prinderit-kerkojne-hapjen-e-qendres-ditore-per-femijet-me-aftesi-te-kufizuar\/","name":"PRIND\u00cbRIT K\u00cbRKOJN\u00cb HAPJEN E \u201cQENDR\u00cbS DITORE\u201d P\u00cbR F\u00cbMIJ\u00cbT ME AFT\u00cbSI T\u00cb KUFIZUAR - Republika e S\u00ebrbis\u00eb Trupi Koordinues p\u00ebr komunat Bujanoc, Preshev\u00eb dhe Medvegj\u00eb","isPartOf":{"@id":"https:\/\/kt.gov.rs\/#website"},"primaryImageOfPage":{"@id":"https:\/\/kt.gov.rs\/sq\/prinderit-kerkojne-hapjen-e-qendres-ditore-per-femijet-me-aftesi-te-kufizuar\/#primaryimage"},"image":{"@id":"https:\/\/kt.gov.rs\/sq\/prinderit-kerkojne-hapjen-e-qendres-ditore-per-femijet-me-aftesi-te-kufizuar\/#primaryimage"},"thumbnailUrl":"https:\/\/kt.gov.rs\/wp-content\/uploads\/2024\/07\/1631272225_10921_1-3.jpg","datePublished":"2021-09-10T00:00:00+00:00","dateModified":"2024-07-30T17:59:21+00:00","breadcrumb":{"@id":"https:\/\/kt.gov.rs\/sq\/prinderit-kerkojne-hapjen-e-qendres-ditore-per-femijet-me-aftesi-te-kufizuar\/#breadcrumb"},"inLanguage":"sq-AL","potentialAction":[{"@type":"ReadAction","target":["https:\/\/kt.gov.rs\/sq\/prinderit-kerkojne-hapjen-e-qendres-ditore-per-femijet-me-aftesi-te-kufizuar\/"]}]},{"@type":"ImageObject","inLanguage":"sq-AL","@id":"https:\/\/kt.gov.rs\/sq\/prinderit-kerkojne-hapjen-e-qendres-ditore-per-femijet-me-aftesi-te-kufizuar\/#primaryimage","url":"https:\/\/kt.gov.rs\/wp-content\/uploads\/2024\/07\/1631272225_10921_1-3.jpg","contentUrl":"https:\/\/kt.gov.rs\/wp-content\/uploads\/2024\/07\/1631272225_10921_1-3.jpg","width":315,"height":230},{"@type":"BreadcrumbList","@id":"https:\/\/kt.gov.rs\/sq\/prinderit-kerkojne-hapjen-e-qendres-ditore-per-femijet-me-aftesi-te-kufizuar\/#breadcrumb","itemListElement":[{"@type":"ListItem","position":1,"name":"\u041f\u043e\u0447\u0435\u0442\u043d\u0430","item":"https:\/\/kt.gov.rs\/sq\/"},{"@type":"ListItem","position":2,"name":"PRIND\u00cbRIT K\u00cbRKOJN\u00cb HAPJEN E \u201cQENDR\u00cbS DITORE\u201d P\u00cbR F\u00cbMIJ\u00cbT ME AFT\u00cbSI T\u00cb KUFIZUAR"}]},{"@type":"WebSite","@id":"https:\/\/kt.gov.rs\/#website","url":"https:\/\/kt.gov.rs\/","name":"\u041a\u043e\u043e\u0440\u0434\u0438\u043d\u0430\u0446\u0438\u043e\u043d\u043e \u0442\u0435\u043b\u043e \u0412\u043b\u0430\u0434\u0435 \u0420\u0435\u043f\u0443\u0431\u043b\u0438\u043a\u0435 \u0421\u0440\u0431\u0438\u0458\u0435 \u0437\u0430 \u043e\u043f\u0448\u0442\u0438\u043d\u0435 \u041f\u0440\u0435\u0448\u0435\u0432\u043e, \u0411\u0443\u0458\u0430\u043d\u043e\u0432\u0430\u0446 \u0438 \u041c\u0435\u0434\u0432\u0435\u0452a","description":"","publisher":{"@id":"https:\/\/kt.gov.rs\/#organization"},"alternateName":"\u041a\u043e\u043e\u0440\u0434\u0438\u043d\u0430\u0446\u0438\u043e\u043d\u043e \u0442\u0435\u043b\u043e","potentialAction":[{"@type":"SearchAction","target":{"@type":"EntryPoint","urlTemplate":"https:\/\/kt.gov.rs\/?s={search_term_string}"},"query-input":{"@type":"PropertyValueSpecification","valueRequired":true,"valueName":"search_term_string"}}],"inLanguage":"sq-AL"},{"@type":"Organization","@id":"https:\/\/kt.gov.rs\/#organization","name":"\u041a\u043e\u043e\u0440\u0434\u0438\u043d\u0430\u0446\u0438\u043e\u043d\u043e \u0442\u0435\u043b\u043e \u0412\u043b\u0430\u0434\u0435 \u0420\u0435\u043f\u0443\u0431\u043b\u0438\u043a\u0435 \u0421\u0440\u0431\u0438\u0458\u0435 \u0437\u0430 \u043e\u043f\u0448\u0442\u0438\u043d\u0435 \u041f\u0440\u0435\u0448\u0435\u0432\u043e, \u0411\u0443\u0458\u0430\u043d\u043e\u0432\u0430\u0446 \u0438 \u041c\u0435\u0434\u0432\u0435\u0452a","alternateName":"\u041a\u043e\u043e\u0440\u0434\u0438\u043d\u0430\u0446\u0438\u043e\u043d\u043e \u0442\u0435\u043b\u043e","url":"https:\/\/kt.gov.rs\/","logo":{"@type":"ImageObject","inLanguage":"sq-AL","@id":"https:\/\/kt.gov.rs\/#\/schema\/logo\/image\/","url":"https:\/\/kt.gov.rs\/wp-content\/uploads\/2024\/12\/koord2.jpg","contentUrl":"https:\/\/kt.gov.rs\/wp-content\/uploads\/2024\/12\/koord2.jpg","width":640,"height":480,"caption":"\u041a\u043e\u043e\u0440\u0434\u0438\u043d\u0430\u0446\u0438\u043e\u043d\u043e \u0442\u0435\u043b\u043e \u0412\u043b\u0430\u0434\u0435 \u0420\u0435\u043f\u0443\u0431\u043b\u0438\u043a\u0435 \u0421\u0440\u0431\u0438\u0458\u0435 \u0437\u0430 \u043e\u043f\u0448\u0442\u0438\u043d\u0435 \u041f\u0440\u0435\u0448\u0435\u0432\u043e, \u0411\u0443\u0458\u0430\u043d\u043e\u0432\u0430\u0446 \u0438 \u041c\u0435\u0434\u0432\u0435\u0452a"},"image":{"@id":"https:\/\/kt.gov.rs\/#\/schema\/logo\/image\/"},"sameAs":["https:\/\/www.facebook.com\/SluzbaKoordinacionogTelaVladeRepublikeSrbije","https:\/\/x.com\/kt_gov","https:\/\/www.youtube.com\/@koordinacionotelo"]},{"@type":"Person","@id":"https:\/\/kt.gov.rs\/#\/schema\/person\/e426459ddb4173309103390602694571","name":"ktmin","image":{"@type":"ImageObject","inLanguage":"sq-AL","@id":"https:\/\/secure.gravatar.com\/avatar\/3985c961109853010c3fbc7ba30365bfba5db3dd6c525831d9c595c7525a615a?s=96&d=mm&r=g","url":"https:\/\/secure.gravatar.com\/avatar\/3985c961109853010c3fbc7ba30365bfba5db3dd6c525831d9c595c7525a615a?s=96&d=mm&r=g","contentUrl":"https:\/\/secure.gravatar.com\/avatar\/3985c961109853010c3fbc7ba30365bfba5db3dd6c525831d9c595c7525a615a?s=96&d=mm&r=g","caption":"ktmin"},"sameAs":["https:\/\/kt.gov.rs"],"url":"https:\/\/kt.gov.rs\/sq\/author\/ktmin\/"}]}},"_links":{"self":[{"href":"https:\/\/kt.gov.rs\/sq\/wp-json\/wp\/v2\/posts\/109147","targetHints":{"allow":["GET"]}}],"collection":[{"href":"https:\/\/kt.gov.rs\/sq\/wp-json\/wp\/v2\/posts"}],"about":[{"href":"https:\/\/kt.gov.rs\/sq\/wp-json\/wp\/v2\/types\/post"}],"author":[{"embeddable":true,"href":"https:\/\/kt.gov.rs\/sq\/wp-json\/wp\/v2\/users\/1"}],"replies":[{"embeddable":true,"href":"https:\/\/kt.gov.rs\/sq\/wp-json\/wp\/v2\/comments?post=109147"}],"version-history":[{"count":1,"href":"https:\/\/kt.gov.rs\/sq\/wp-json\/wp\/v2\/posts\/109147\/revisions"}],"predecessor-version":[{"id":109151,"href":"https:\/\/kt.gov.rs\/sq\/wp-json\/wp\/v2\/posts\/109147\/revisions\/109151"}],"wp:featuredmedia":[{"embeddable":true,"href":"https:\/\/kt.gov.rs\/sq\/wp-json\/wp\/v2\/media\/109152"}],"wp:attachment":[{"href":"https:\/\/kt.gov.rs\/sq\/wp-json\/wp\/v2\/media?parent=109147"}],"wp:term":[{"taxonomy":"category","embeddable":true,"href":"https:\/\/kt.gov.rs\/sq\/wp-json\/wp\/v2\/categories?post=109147"},{"taxonomy":"post_tag","embeddable":true,"href":"https:\/\/kt.gov.rs\/sq\/wp-json\/wp\/v2\/tags?post=109147"}],"curies":[{"name":"wp","href":"https:\/\/api.w.org\/{rel}","templated":true}]}}