{"id":109075,"date":"2021-09-22T00:00:00","date_gmt":"2021-09-22T00:00:00","guid":{"rendered":"http:\/\/kt.printandscreen.rs\/gjimnazistet-e-bujanocit-shenuan-diten-nderkombetare-te-paqes\/"},"modified":"2024-07-30T17:59:14","modified_gmt":"2024-07-30T17:59:14","slug":"gjimnazistet-e-bujanocit-shenuan-diten-nderkombetare-te-paqes","status":"publish","type":"post","link":"https:\/\/kt.gov.rs\/sq\/gjimnazistet-e-bujanocit-shenuan-diten-nderkombetare-te-paqes\/","title":{"rendered":"GJIMNAZIST\u00cbT E BUJANOCIT SH\u00cbNUAN DIT\u00cbN ND\u00cbRKOMB\u00cbTARE T\u00cb  PAQ\u00cbS"},"content":{"rendered":"<p>\n\t<strong><img decoding=\"async\" alt=\"\" src=\"https:\/\/kt.gov.rs\/wp-content\/uploads\/2024\/07\/1632336950_220921_2-2.jpg\" style=\"width: 315px; height: 230px; float: left;\" \/><\/strong><\/p>\n<p>\n\t<strong>Bujanoc \u2013 Beograd<\/strong> \u2013 N\u00eb kuad\u00ebr t\u00eb projektit &quot;Qyteti yn\u00eb, shkollat \u200b\u200btona&quot; t\u00eb cilin Trupi koordinues e zbaton me sukses p\u00ebr kat\u00ebr vjet n\u00eb partneritet me Grupin 484, me mb\u00ebshtetjen e fondacionit t\u00eb f\u00ebmij\u00ebve Pestaloci, Ministris\u00eb s\u00eb arsimit, shkenc\u00ebs dhe zhvillimit teknologjik, komun\u00ebs s\u00eb Bujanocit\u00a0 si dhe me 11 partner\u00eb t\u00eb shkollave n\u00eb komun\u00ebn e Bujanocit, \u00a0me aktivitetet e \u00a0p\u00ebrbashk\u00ebta t\u00eb nx\u00ebn\u00ebsve t\u00eb shkollave t\u00eb mesme &quot;Sveti Sava&quot; dhe &quot;Sezai Suroi&quot; n\u00eb Bujanoc dje u sh\u00ebnua\u00a0 dita Nd\u00ebrkomb\u00ebtare e paq\u00ebs.<\/p>\n<p>\n\tNx\u00ebn\u00ebsit e shkollave t\u00eb mesme, me iniciativ\u00ebn e tyre, ideuan nj\u00eb aksion me nj\u00eb mesazh paqeje q\u00eb u d\u00ebrguan bashk\u00ebqytetar\u00ebve t\u00eb tyre dhe l\u00ebshuan simbolikisht dhjet\u00ebra balona t\u00eb bardh\u00eb.<\/p>\n<p>\n\t&quot;Me k\u00ebt\u00eb veprim t\u00eb parlamenteve t\u00eb shkollave t\u00eb mesme, ne donim t&#39;u tregonim t\u00eb gjith\u00eb qytetar\u00ebve t\u00eb qytetit ton\u00eb, se si i ndryshojm\u00eb gj\u00ebrat p\u00ebr mir\u00eb me p\u00ebrpjekje dhe aktivitet t\u00eb p\u00ebrbashk\u00ebta. Ne duam t\u00eb shoq\u00ebrohemi pa stereotipe dhe paragjykime,&quot; tha Bogdan Matiq, president i Parlamenti t\u00eb nx\u00ebn\u00ebs\u00ebve i SM &quot;Sveti Sava&quot;. Porosit q\u00eb mund t\u00eb d\u00ebgjoheshin gjat\u00eb festimit jan\u00eb:<\/p>\n<p>\n\t\u00a0\u201cNe duam t\u00eb shoq\u00ebrohemi pa stereotipe dhe paragjykime p\u00ebr nj\u00ebri -tjetrin. Ne gjithashtu u kemi d\u00ebrguar nj\u00eb mesazh atyre q\u00eb po na shkat\u00ebrrojn\u00eb qet\u00ebsin ton, q\u00eb ata t\u00eb mos e b\u00ebjn\u00eb k\u00ebt\u00eb. Ne duam t\u00eb bashk\u00ebpunojm\u00eb sa m\u00eb shum\u00eb n\u00eb t\u00eb ardhmen dhe t\u00eb punojm\u00eb s\u00eb bashku! &quot;<\/p>\n<p>\n\tAktivitetet u realizuan nga nx\u00ebn\u00ebsite e parlamenteve me mb\u00ebshtetjen e arsimtar\u00ebve Bukurije Borici dhe Jelena Rangjeloviq nga gjimnazi &quot;Sezai Suroi&quot; dhe Aleksandra Bojkoviq nga gjimnazi &quot;Sveti Sava&quot;.<\/p>\n<p>\n\t<strong>Burimi:Trupi koordinues<\/strong><\/p>\n<p>\n\t\u00a0<\/p>\n","protected":false},"excerpt":{"rendered":"<p>Bujanoc \u2013 Beograd\u00a0\u2013 N\u00eb kuad\u00ebr t\u00eb projektit &quot;Qyteti yn\u00eb, shkollat \u200b\u200btona&quot; t\u00eb cilin Trupi koordinues e zbaton me sukses p\u00ebr kat\u00ebr vjet n\u00eb partneritet me Grupin 484, me mb\u00ebshtetjen e fondacionit t\u00eb f\u00ebmij\u00ebve Pestaloci, Ministris\u00eb s\u00eb arsimit, shkenc\u00ebs dhe zhvillimit teknologjik, komun\u00ebs s\u00eb Bujanocit\u2026<\/p>\n","protected":false},"author":1,"featured_media":109080,"comment_status":"closed","ping_status":"closed","sticky":false,"template":"","format":"standard","meta":{"footnotes":""},"categories":[55],"tags":[],"class_list":["post-109075","post","type-post","status-publish","format-standard","has-post-thumbnail","hentry","category-lajme"],"yoast_head":"<!-- This site is optimized with the Yoast SEO plugin v27.5 - https:\/\/yoast.com\/product\/yoast-seo-wordpress\/ -->\n<title>GJIMNAZIST\u00cbT E BUJANOCIT SH\u00cbNUAN DIT\u00cbN ND\u00cbRKOMB\u00cbTARE T\u00cb PAQ\u00cbS - Republika e S\u00ebrbis\u00eb Trupi Koordinues p\u00ebr komunat Bujanoc, Preshev\u00eb dhe Medvegj\u00eb<\/title>\n<meta name=\"robots\" content=\"index, follow, max-snippet:-1, max-image-preview:large, max-video-preview:-1\" \/>\n<link rel=\"canonical\" href=\"https:\/\/kt.gov.rs\/sq\/gjimnazistet-e-bujanocit-shenuan-diten-nderkombetare-te-paqes\/\" \/>\n<meta property=\"og:locale\" content=\"sq_AL\" \/>\n<meta property=\"og:type\" content=\"article\" \/>\n<meta property=\"og:title\" content=\"GJIMNAZIST\u00cbT E BUJANOCIT SH\u00cbNUAN DIT\u00cbN ND\u00cbRKOMB\u00cbTARE T\u00cb PAQ\u00cbS - Republika e S\u00ebrbis\u00eb Trupi Koordinues p\u00ebr komunat Bujanoc, Preshev\u00eb dhe Medvegj\u00eb\" \/>\n<meta property=\"og:description\" content=\"Bujanoc - Beograd\u00a0- N\u00eb kuad\u00ebr t\u00eb projektit &quot;Qyteti yn\u00eb, shkollat \u200b\u200btona&quot; t\u00eb cilin Trupi koordinues e zbaton me sukses p\u00ebr kat\u00ebr vjet n\u00eb partneritet me Grupin 484, me mb\u00ebshtetjen e fondacionit t\u00eb f\u00ebmij\u00ebve Pestaloci, Ministris\u00eb s\u00eb arsimit, shkenc\u00ebs dhe zhvillimit teknologjik, komun\u00ebs s\u00eb Bujanocit...\" \/>\n<meta property=\"og:url\" content=\"https:\/\/kt.gov.rs\/sq\/gjimnazistet-e-bujanocit-shenuan-diten-nderkombetare-te-paqes\/\" \/>\n<meta property=\"og:site_name\" content=\"Republika e S\u00ebrbis\u00eb Trupi Koordinues p\u00ebr komunat Bujanoc, Preshev\u00eb dhe Medvegj\u00eb\" \/>\n<meta property=\"article:publisher\" content=\"https:\/\/www.facebook.com\/SluzbaKoordinacionogTelaVladeRepublikeSrbije\" \/>\n<meta property=\"article:published_time\" content=\"2021-09-22T00:00:00+00:00\" \/>\n<meta property=\"article:modified_time\" content=\"2024-07-30T17:59:14+00:00\" \/>\n<meta property=\"og:image\" content=\"https:\/\/kt.gov.rs\/wp-content\/uploads\/2024\/07\/1632336950_220921_2-3.jpg\" \/>\n\t<meta property=\"og:image:width\" content=\"315\" \/>\n\t<meta property=\"og:image:height\" content=\"230\" \/>\n\t<meta property=\"og:image:type\" content=\"image\/jpeg\" \/>\n<meta name=\"author\" content=\"ktmin\" \/>\n<meta name=\"twitter:card\" content=\"summary_large_image\" \/>\n<meta name=\"twitter:creator\" content=\"@kt_gov\" \/>\n<meta name=\"twitter:site\" content=\"@kt_gov\" \/>\n<meta name=\"twitter:label1\" content=\"Written by\" \/>\n\t<meta name=\"twitter:data1\" content=\"ktmin\" \/>\n\t<meta name=\"twitter:label2\" content=\"Est. reading time\" \/>\n\t<meta name=\"twitter:data2\" content=\"2 minutes\" \/>\n<script type=\"application\/ld+json\" class=\"yoast-schema-graph\">{\"@context\":\"https:\\\/\\\/schema.org\",\"@graph\":[{\"@type\":\"Article\",\"@id\":\"https:\\\/\\\/kt.gov.rs\\\/sq\\\/gjimnazistet-e-bujanocit-shenuan-diten-nderkombetare-te-paqes\\\/#article\",\"isPartOf\":{\"@id\":\"https:\\\/\\\/kt.gov.rs\\\/sq\\\/gjimnazistet-e-bujanocit-shenuan-diten-nderkombetare-te-paqes\\\/\"},\"author\":{\"name\":\"ktmin\",\"@id\":\"https:\\\/\\\/kt.gov.rs\\\/#\\\/schema\\\/person\\\/e426459ddb4173309103390602694571\"},\"headline\":\"GJIMNAZIST\u00cbT E BUJANOCIT SH\u00cbNUAN DIT\u00cbN ND\u00cbRKOMB\u00cbTARE T\u00cb PAQ\u00cbS\",\"datePublished\":\"2021-09-22T00:00:00+00:00\",\"dateModified\":\"2024-07-30T17:59:14+00:00\",\"mainEntityOfPage\":{\"@id\":\"https:\\\/\\\/kt.gov.rs\\\/sq\\\/gjimnazistet-e-bujanocit-shenuan-diten-nderkombetare-te-paqes\\\/\"},\"wordCount\":438,\"publisher\":{\"@id\":\"https:\\\/\\\/kt.gov.rs\\\/#organization\"},\"image\":{\"@id\":\"https:\\\/\\\/kt.gov.rs\\\/sq\\\/gjimnazistet-e-bujanocit-shenuan-diten-nderkombetare-te-paqes\\\/#primaryimage\"},\"thumbnailUrl\":\"https:\\\/\\\/kt.gov.rs\\\/wp-content\\\/uploads\\\/2024\\\/07\\\/1632336950_220921_2-3.jpg\",\"articleSection\":[\"Lajme\"],\"inLanguage\":\"sq-AL\"},{\"@type\":\"WebPage\",\"@id\":\"https:\\\/\\\/kt.gov.rs\\\/sq\\\/gjimnazistet-e-bujanocit-shenuan-diten-nderkombetare-te-paqes\\\/\",\"url\":\"https:\\\/\\\/kt.gov.rs\\\/sq\\\/gjimnazistet-e-bujanocit-shenuan-diten-nderkombetare-te-paqes\\\/\",\"name\":\"GJIMNAZIST\u00cbT E BUJANOCIT SH\u00cbNUAN DIT\u00cbN ND\u00cbRKOMB\u00cbTARE T\u00cb PAQ\u00cbS - Republika e S\u00ebrbis\u00eb Trupi Koordinues p\u00ebr komunat Bujanoc, Preshev\u00eb dhe Medvegj\u00eb\",\"isPartOf\":{\"@id\":\"https:\\\/\\\/kt.gov.rs\\\/#website\"},\"primaryImageOfPage\":{\"@id\":\"https:\\\/\\\/kt.gov.rs\\\/sq\\\/gjimnazistet-e-bujanocit-shenuan-diten-nderkombetare-te-paqes\\\/#primaryimage\"},\"image\":{\"@id\":\"https:\\\/\\\/kt.gov.rs\\\/sq\\\/gjimnazistet-e-bujanocit-shenuan-diten-nderkombetare-te-paqes\\\/#primaryimage\"},\"thumbnailUrl\":\"https:\\\/\\\/kt.gov.rs\\\/wp-content\\\/uploads\\\/2024\\\/07\\\/1632336950_220921_2-3.jpg\",\"datePublished\":\"2021-09-22T00:00:00+00:00\",\"dateModified\":\"2024-07-30T17:59:14+00:00\",\"breadcrumb\":{\"@id\":\"https:\\\/\\\/kt.gov.rs\\\/sq\\\/gjimnazistet-e-bujanocit-shenuan-diten-nderkombetare-te-paqes\\\/#breadcrumb\"},\"inLanguage\":\"sq-AL\",\"potentialAction\":[{\"@type\":\"ReadAction\",\"target\":[\"https:\\\/\\\/kt.gov.rs\\\/sq\\\/gjimnazistet-e-bujanocit-shenuan-diten-nderkombetare-te-paqes\\\/\"]}]},{\"@type\":\"ImageObject\",\"inLanguage\":\"sq-AL\",\"@id\":\"https:\\\/\\\/kt.gov.rs\\\/sq\\\/gjimnazistet-e-bujanocit-shenuan-diten-nderkombetare-te-paqes\\\/#primaryimage\",\"url\":\"https:\\\/\\\/kt.gov.rs\\\/wp-content\\\/uploads\\\/2024\\\/07\\\/1632336950_220921_2-3.jpg\",\"contentUrl\":\"https:\\\/\\\/kt.gov.rs\\\/wp-content\\\/uploads\\\/2024\\\/07\\\/1632336950_220921_2-3.jpg\",\"width\":315,\"height\":230},{\"@type\":\"BreadcrumbList\",\"@id\":\"https:\\\/\\\/kt.gov.rs\\\/sq\\\/gjimnazistet-e-bujanocit-shenuan-diten-nderkombetare-te-paqes\\\/#breadcrumb\",\"itemListElement\":[{\"@type\":\"ListItem\",\"position\":1,\"name\":\"\u041f\u043e\u0447\u0435\u0442\u043d\u0430\",\"item\":\"https:\\\/\\\/kt.gov.rs\\\/sq\\\/\"},{\"@type\":\"ListItem\",\"position\":2,\"name\":\"GJIMNAZIST\u00cbT E BUJANOCIT SH\u00cbNUAN DIT\u00cbN ND\u00cbRKOMB\u00cbTARE T\u00cb PAQ\u00cbS\"}]},{\"@type\":\"WebSite\",\"@id\":\"https:\\\/\\\/kt.gov.rs\\\/#website\",\"url\":\"https:\\\/\\\/kt.gov.rs\\\/\",\"name\":\"\u041a\u043e\u043e\u0440\u0434\u0438\u043d\u0430\u0446\u0438\u043e\u043d\u043e \u0442\u0435\u043b\u043e \u0412\u043b\u0430\u0434\u0435 \u0420\u0435\u043f\u0443\u0431\u043b\u0438\u043a\u0435 \u0421\u0440\u0431\u0438\u0458\u0435 \u0437\u0430 \u043e\u043f\u0448\u0442\u0438\u043d\u0435 \u041f\u0440\u0435\u0448\u0435\u0432\u043e, \u0411\u0443\u0458\u0430\u043d\u043e\u0432\u0430\u0446 \u0438 \u041c\u0435\u0434\u0432\u0435\u0452a\",\"description\":\"\",\"publisher\":{\"@id\":\"https:\\\/\\\/kt.gov.rs\\\/#organization\"},\"alternateName\":\"\u041a\u043e\u043e\u0440\u0434\u0438\u043d\u0430\u0446\u0438\u043e\u043d\u043e \u0442\u0435\u043b\u043e\",\"potentialAction\":[{\"@type\":\"SearchAction\",\"target\":{\"@type\":\"EntryPoint\",\"urlTemplate\":\"https:\\\/\\\/kt.gov.rs\\\/?s={search_term_string}\"},\"query-input\":{\"@type\":\"PropertyValueSpecification\",\"valueRequired\":true,\"valueName\":\"search_term_string\"}}],\"inLanguage\":\"sq-AL\"},{\"@type\":\"Organization\",\"@id\":\"https:\\\/\\\/kt.gov.rs\\\/#organization\",\"name\":\"\u041a\u043e\u043e\u0440\u0434\u0438\u043d\u0430\u0446\u0438\u043e\u043d\u043e \u0442\u0435\u043b\u043e \u0412\u043b\u0430\u0434\u0435 \u0420\u0435\u043f\u0443\u0431\u043b\u0438\u043a\u0435 \u0421\u0440\u0431\u0438\u0458\u0435 \u0437\u0430 \u043e\u043f\u0448\u0442\u0438\u043d\u0435 \u041f\u0440\u0435\u0448\u0435\u0432\u043e, \u0411\u0443\u0458\u0430\u043d\u043e\u0432\u0430\u0446 \u0438 \u041c\u0435\u0434\u0432\u0435\u0452a\",\"alternateName\":\"\u041a\u043e\u043e\u0440\u0434\u0438\u043d\u0430\u0446\u0438\u043e\u043d\u043e \u0442\u0435\u043b\u043e\",\"url\":\"https:\\\/\\\/kt.gov.rs\\\/\",\"logo\":{\"@type\":\"ImageObject\",\"inLanguage\":\"sq-AL\",\"@id\":\"https:\\\/\\\/kt.gov.rs\\\/#\\\/schema\\\/logo\\\/image\\\/\",\"url\":\"https:\\\/\\\/kt.gov.rs\\\/wp-content\\\/uploads\\\/2024\\\/12\\\/koord2.jpg\",\"contentUrl\":\"https:\\\/\\\/kt.gov.rs\\\/wp-content\\\/uploads\\\/2024\\\/12\\\/koord2.jpg\",\"width\":640,\"height\":480,\"caption\":\"\u041a\u043e\u043e\u0440\u0434\u0438\u043d\u0430\u0446\u0438\u043e\u043d\u043e \u0442\u0435\u043b\u043e \u0412\u043b\u0430\u0434\u0435 \u0420\u0435\u043f\u0443\u0431\u043b\u0438\u043a\u0435 \u0421\u0440\u0431\u0438\u0458\u0435 \u0437\u0430 \u043e\u043f\u0448\u0442\u0438\u043d\u0435 \u041f\u0440\u0435\u0448\u0435\u0432\u043e, \u0411\u0443\u0458\u0430\u043d\u043e\u0432\u0430\u0446 \u0438 \u041c\u0435\u0434\u0432\u0435\u0452a\"},\"image\":{\"@id\":\"https:\\\/\\\/kt.gov.rs\\\/#\\\/schema\\\/logo\\\/image\\\/\"},\"sameAs\":[\"https:\\\/\\\/www.facebook.com\\\/SluzbaKoordinacionogTelaVladeRepublikeSrbije\",\"https:\\\/\\\/x.com\\\/kt_gov\",\"https:\\\/\\\/www.youtube.com\\\/@koordinacionotelo\"]},{\"@type\":\"Person\",\"@id\":\"https:\\\/\\\/kt.gov.rs\\\/#\\\/schema\\\/person\\\/e426459ddb4173309103390602694571\",\"name\":\"ktmin\",\"image\":{\"@type\":\"ImageObject\",\"inLanguage\":\"sq-AL\",\"@id\":\"https:\\\/\\\/secure.gravatar.com\\\/avatar\\\/3985c961109853010c3fbc7ba30365bfba5db3dd6c525831d9c595c7525a615a?s=96&d=mm&r=g\",\"url\":\"https:\\\/\\\/secure.gravatar.com\\\/avatar\\\/3985c961109853010c3fbc7ba30365bfba5db3dd6c525831d9c595c7525a615a?s=96&d=mm&r=g\",\"contentUrl\":\"https:\\\/\\\/secure.gravatar.com\\\/avatar\\\/3985c961109853010c3fbc7ba30365bfba5db3dd6c525831d9c595c7525a615a?s=96&d=mm&r=g\",\"caption\":\"ktmin\"},\"sameAs\":[\"https:\\\/\\\/kt.gov.rs\"],\"url\":\"https:\\\/\\\/kt.gov.rs\\\/sq\\\/author\\\/ktmin\\\/\"}]}<\/script>\n<!-- \/ Yoast SEO plugin. -->","yoast_head_json":{"title":"GJIMNAZIST\u00cbT E BUJANOCIT SH\u00cbNUAN DIT\u00cbN ND\u00cbRKOMB\u00cbTARE T\u00cb PAQ\u00cbS - Republika e S\u00ebrbis\u00eb Trupi Koordinues p\u00ebr komunat Bujanoc, Preshev\u00eb dhe Medvegj\u00eb","robots":{"index":"index","follow":"follow","max-snippet":"max-snippet:-1","max-image-preview":"max-image-preview:large","max-video-preview":"max-video-preview:-1"},"canonical":"https:\/\/kt.gov.rs\/sq\/gjimnazistet-e-bujanocit-shenuan-diten-nderkombetare-te-paqes\/","og_locale":"sq_AL","og_type":"article","og_title":"GJIMNAZIST\u00cbT E BUJANOCIT SH\u00cbNUAN DIT\u00cbN ND\u00cbRKOMB\u00cbTARE T\u00cb PAQ\u00cbS - Republika e S\u00ebrbis\u00eb Trupi Koordinues p\u00ebr komunat Bujanoc, Preshev\u00eb dhe Medvegj\u00eb","og_description":"Bujanoc - Beograd\u00a0- N\u00eb kuad\u00ebr t\u00eb projektit &quot;Qyteti yn\u00eb, shkollat \u200b\u200btona&quot; t\u00eb cilin Trupi koordinues e zbaton me sukses p\u00ebr kat\u00ebr vjet n\u00eb partneritet me Grupin 484, me mb\u00ebshtetjen e fondacionit t\u00eb f\u00ebmij\u00ebve Pestaloci, Ministris\u00eb s\u00eb arsimit, shkenc\u00ebs dhe zhvillimit teknologjik, komun\u00ebs s\u00eb Bujanocit...","og_url":"https:\/\/kt.gov.rs\/sq\/gjimnazistet-e-bujanocit-shenuan-diten-nderkombetare-te-paqes\/","og_site_name":"Republika e S\u00ebrbis\u00eb Trupi Koordinues p\u00ebr komunat Bujanoc, Preshev\u00eb dhe Medvegj\u00eb","article_publisher":"https:\/\/www.facebook.com\/SluzbaKoordinacionogTelaVladeRepublikeSrbije","article_published_time":"2021-09-22T00:00:00+00:00","article_modified_time":"2024-07-30T17:59:14+00:00","og_image":[{"width":315,"height":230,"url":"https:\/\/kt.gov.rs\/wp-content\/uploads\/2024\/07\/1632336950_220921_2-3.jpg","type":"image\/jpeg"}],"author":"ktmin","twitter_card":"summary_large_image","twitter_creator":"@kt_gov","twitter_site":"@kt_gov","twitter_misc":{"Written by":"ktmin","Est. reading time":"2 minutes"},"schema":{"@context":"https:\/\/schema.org","@graph":[{"@type":"Article","@id":"https:\/\/kt.gov.rs\/sq\/gjimnazistet-e-bujanocit-shenuan-diten-nderkombetare-te-paqes\/#article","isPartOf":{"@id":"https:\/\/kt.gov.rs\/sq\/gjimnazistet-e-bujanocit-shenuan-diten-nderkombetare-te-paqes\/"},"author":{"name":"ktmin","@id":"https:\/\/kt.gov.rs\/#\/schema\/person\/e426459ddb4173309103390602694571"},"headline":"GJIMNAZIST\u00cbT E BUJANOCIT SH\u00cbNUAN DIT\u00cbN ND\u00cbRKOMB\u00cbTARE T\u00cb PAQ\u00cbS","datePublished":"2021-09-22T00:00:00+00:00","dateModified":"2024-07-30T17:59:14+00:00","mainEntityOfPage":{"@id":"https:\/\/kt.gov.rs\/sq\/gjimnazistet-e-bujanocit-shenuan-diten-nderkombetare-te-paqes\/"},"wordCount":438,"publisher":{"@id":"https:\/\/kt.gov.rs\/#organization"},"image":{"@id":"https:\/\/kt.gov.rs\/sq\/gjimnazistet-e-bujanocit-shenuan-diten-nderkombetare-te-paqes\/#primaryimage"},"thumbnailUrl":"https:\/\/kt.gov.rs\/wp-content\/uploads\/2024\/07\/1632336950_220921_2-3.jpg","articleSection":["Lajme"],"inLanguage":"sq-AL"},{"@type":"WebPage","@id":"https:\/\/kt.gov.rs\/sq\/gjimnazistet-e-bujanocit-shenuan-diten-nderkombetare-te-paqes\/","url":"https:\/\/kt.gov.rs\/sq\/gjimnazistet-e-bujanocit-shenuan-diten-nderkombetare-te-paqes\/","name":"GJIMNAZIST\u00cbT E BUJANOCIT SH\u00cbNUAN DIT\u00cbN ND\u00cbRKOMB\u00cbTARE T\u00cb PAQ\u00cbS - Republika e S\u00ebrbis\u00eb Trupi Koordinues p\u00ebr komunat Bujanoc, Preshev\u00eb dhe Medvegj\u00eb","isPartOf":{"@id":"https:\/\/kt.gov.rs\/#website"},"primaryImageOfPage":{"@id":"https:\/\/kt.gov.rs\/sq\/gjimnazistet-e-bujanocit-shenuan-diten-nderkombetare-te-paqes\/#primaryimage"},"image":{"@id":"https:\/\/kt.gov.rs\/sq\/gjimnazistet-e-bujanocit-shenuan-diten-nderkombetare-te-paqes\/#primaryimage"},"thumbnailUrl":"https:\/\/kt.gov.rs\/wp-content\/uploads\/2024\/07\/1632336950_220921_2-3.jpg","datePublished":"2021-09-22T00:00:00+00:00","dateModified":"2024-07-30T17:59:14+00:00","breadcrumb":{"@id":"https:\/\/kt.gov.rs\/sq\/gjimnazistet-e-bujanocit-shenuan-diten-nderkombetare-te-paqes\/#breadcrumb"},"inLanguage":"sq-AL","potentialAction":[{"@type":"ReadAction","target":["https:\/\/kt.gov.rs\/sq\/gjimnazistet-e-bujanocit-shenuan-diten-nderkombetare-te-paqes\/"]}]},{"@type":"ImageObject","inLanguage":"sq-AL","@id":"https:\/\/kt.gov.rs\/sq\/gjimnazistet-e-bujanocit-shenuan-diten-nderkombetare-te-paqes\/#primaryimage","url":"https:\/\/kt.gov.rs\/wp-content\/uploads\/2024\/07\/1632336950_220921_2-3.jpg","contentUrl":"https:\/\/kt.gov.rs\/wp-content\/uploads\/2024\/07\/1632336950_220921_2-3.jpg","width":315,"height":230},{"@type":"BreadcrumbList","@id":"https:\/\/kt.gov.rs\/sq\/gjimnazistet-e-bujanocit-shenuan-diten-nderkombetare-te-paqes\/#breadcrumb","itemListElement":[{"@type":"ListItem","position":1,"name":"\u041f\u043e\u0447\u0435\u0442\u043d\u0430","item":"https:\/\/kt.gov.rs\/sq\/"},{"@type":"ListItem","position":2,"name":"GJIMNAZIST\u00cbT E BUJANOCIT SH\u00cbNUAN DIT\u00cbN ND\u00cbRKOMB\u00cbTARE T\u00cb PAQ\u00cbS"}]},{"@type":"WebSite","@id":"https:\/\/kt.gov.rs\/#website","url":"https:\/\/kt.gov.rs\/","name":"\u041a\u043e\u043e\u0440\u0434\u0438\u043d\u0430\u0446\u0438\u043e\u043d\u043e \u0442\u0435\u043b\u043e \u0412\u043b\u0430\u0434\u0435 \u0420\u0435\u043f\u0443\u0431\u043b\u0438\u043a\u0435 \u0421\u0440\u0431\u0438\u0458\u0435 \u0437\u0430 \u043e\u043f\u0448\u0442\u0438\u043d\u0435 \u041f\u0440\u0435\u0448\u0435\u0432\u043e, \u0411\u0443\u0458\u0430\u043d\u043e\u0432\u0430\u0446 \u0438 \u041c\u0435\u0434\u0432\u0435\u0452a","description":"","publisher":{"@id":"https:\/\/kt.gov.rs\/#organization"},"alternateName":"\u041a\u043e\u043e\u0440\u0434\u0438\u043d\u0430\u0446\u0438\u043e\u043d\u043e \u0442\u0435\u043b\u043e","potentialAction":[{"@type":"SearchAction","target":{"@type":"EntryPoint","urlTemplate":"https:\/\/kt.gov.rs\/?s={search_term_string}"},"query-input":{"@type":"PropertyValueSpecification","valueRequired":true,"valueName":"search_term_string"}}],"inLanguage":"sq-AL"},{"@type":"Organization","@id":"https:\/\/kt.gov.rs\/#organization","name":"\u041a\u043e\u043e\u0440\u0434\u0438\u043d\u0430\u0446\u0438\u043e\u043d\u043e \u0442\u0435\u043b\u043e \u0412\u043b\u0430\u0434\u0435 \u0420\u0435\u043f\u0443\u0431\u043b\u0438\u043a\u0435 \u0421\u0440\u0431\u0438\u0458\u0435 \u0437\u0430 \u043e\u043f\u0448\u0442\u0438\u043d\u0435 \u041f\u0440\u0435\u0448\u0435\u0432\u043e, \u0411\u0443\u0458\u0430\u043d\u043e\u0432\u0430\u0446 \u0438 \u041c\u0435\u0434\u0432\u0435\u0452a","alternateName":"\u041a\u043e\u043e\u0440\u0434\u0438\u043d\u0430\u0446\u0438\u043e\u043d\u043e \u0442\u0435\u043b\u043e","url":"https:\/\/kt.gov.rs\/","logo":{"@type":"ImageObject","inLanguage":"sq-AL","@id":"https:\/\/kt.gov.rs\/#\/schema\/logo\/image\/","url":"https:\/\/kt.gov.rs\/wp-content\/uploads\/2024\/12\/koord2.jpg","contentUrl":"https:\/\/kt.gov.rs\/wp-content\/uploads\/2024\/12\/koord2.jpg","width":640,"height":480,"caption":"\u041a\u043e\u043e\u0440\u0434\u0438\u043d\u0430\u0446\u0438\u043e\u043d\u043e \u0442\u0435\u043b\u043e \u0412\u043b\u0430\u0434\u0435 \u0420\u0435\u043f\u0443\u0431\u043b\u0438\u043a\u0435 \u0421\u0440\u0431\u0438\u0458\u0435 \u0437\u0430 \u043e\u043f\u0448\u0442\u0438\u043d\u0435 \u041f\u0440\u0435\u0448\u0435\u0432\u043e, \u0411\u0443\u0458\u0430\u043d\u043e\u0432\u0430\u0446 \u0438 \u041c\u0435\u0434\u0432\u0435\u0452a"},"image":{"@id":"https:\/\/kt.gov.rs\/#\/schema\/logo\/image\/"},"sameAs":["https:\/\/www.facebook.com\/SluzbaKoordinacionogTelaVladeRepublikeSrbije","https:\/\/x.com\/kt_gov","https:\/\/www.youtube.com\/@koordinacionotelo"]},{"@type":"Person","@id":"https:\/\/kt.gov.rs\/#\/schema\/person\/e426459ddb4173309103390602694571","name":"ktmin","image":{"@type":"ImageObject","inLanguage":"sq-AL","@id":"https:\/\/secure.gravatar.com\/avatar\/3985c961109853010c3fbc7ba30365bfba5db3dd6c525831d9c595c7525a615a?s=96&d=mm&r=g","url":"https:\/\/secure.gravatar.com\/avatar\/3985c961109853010c3fbc7ba30365bfba5db3dd6c525831d9c595c7525a615a?s=96&d=mm&r=g","contentUrl":"https:\/\/secure.gravatar.com\/avatar\/3985c961109853010c3fbc7ba30365bfba5db3dd6c525831d9c595c7525a615a?s=96&d=mm&r=g","caption":"ktmin"},"sameAs":["https:\/\/kt.gov.rs"],"url":"https:\/\/kt.gov.rs\/sq\/author\/ktmin\/"}]}},"_links":{"self":[{"href":"https:\/\/kt.gov.rs\/sq\/wp-json\/wp\/v2\/posts\/109075","targetHints":{"allow":["GET"]}}],"collection":[{"href":"https:\/\/kt.gov.rs\/sq\/wp-json\/wp\/v2\/posts"}],"about":[{"href":"https:\/\/kt.gov.rs\/sq\/wp-json\/wp\/v2\/types\/post"}],"author":[{"embeddable":true,"href":"https:\/\/kt.gov.rs\/sq\/wp-json\/wp\/v2\/users\/1"}],"replies":[{"embeddable":true,"href":"https:\/\/kt.gov.rs\/sq\/wp-json\/wp\/v2\/comments?post=109075"}],"version-history":[{"count":1,"href":"https:\/\/kt.gov.rs\/sq\/wp-json\/wp\/v2\/posts\/109075\/revisions"}],"predecessor-version":[{"id":109079,"href":"https:\/\/kt.gov.rs\/sq\/wp-json\/wp\/v2\/posts\/109075\/revisions\/109079"}],"wp:featuredmedia":[{"embeddable":true,"href":"https:\/\/kt.gov.rs\/sq\/wp-json\/wp\/v2\/media\/109080"}],"wp:attachment":[{"href":"https:\/\/kt.gov.rs\/sq\/wp-json\/wp\/v2\/media?parent=109075"}],"wp:term":[{"taxonomy":"category","embeddable":true,"href":"https:\/\/kt.gov.rs\/sq\/wp-json\/wp\/v2\/categories?post=109075"},{"taxonomy":"post_tag","embeddable":true,"href":"https:\/\/kt.gov.rs\/sq\/wp-json\/wp\/v2\/tags?post=109075"}],"curies":[{"name":"wp","href":"https:\/\/api.w.org\/{rel}","templated":true}]}}