{"id":109059,"date":"2021-09-29T00:00:00","date_gmt":"2021-09-29T00:00:00","guid":{"rendered":"http:\/\/kt.printandscreen.rs\/komunalac-perfundon-kanalizimin-pason-asfaltimi-i-rruges-tek-parku\/"},"modified":"2024-07-30T17:59:12","modified_gmt":"2024-07-30T17:59:12","slug":"komunalac-perfundon-kanalizimin-pason-asfaltimi-i-rruges-tek-parku","status":"publish","type":"post","link":"https:\/\/kt.gov.rs\/sq\/komunalac-perfundon-kanalizimin-pason-asfaltimi-i-rruges-tek-parku\/","title":{"rendered":"\u201cKOMUNALAC\u201d P\u00cbRFUNDON KANALIZIMIN, PASON ASFALTIMI I RRUG\u00cbS TEK PARKU"},"content":{"rendered":"<p>\n\t<strong><img decoding=\"async\" alt=\"\" src=\"https:\/\/kt.gov.rs\/wp-content\/uploads\/2024\/07\/1632901394_290921_2-2.jpg\" style=\"width: 315px; height: 230px; float: left;\" \/>Bujanoc \u2013 Beograd<\/strong> \u2013 Rrjeti i uj\u00ebrave t\u00eb zeza atmosferike n\u00eb rrug\u00ebt rreth parkut t\u00eb qytetit n\u00eb Bujanoc do t\u00eb p\u00ebrfundoj\u00eb plot\u00ebsisht brenda dy dit\u00ebve, \u00ebsht\u00eb konfirmuar n\u00eb nd\u00ebrmarrjen publike &quot;Komunalac&quot;, e cila po i kryen k\u00ebto punime.<\/p>\n<p>\n\tPasi &quot;Komunalac&quot; t\u00eb p\u00ebrfundoj\u00eb pjes\u00ebn e tij t\u00eb pun\u00ebs, punimet p\u00ebr rind\u00ebrtimin e k\u00ebtyre rrug\u00ebve (Vuka Karagjiq dhe Brace Stoshiq) do t\u00eb vazhdojn\u00eb, gjegj\u00ebsisht asfaltimi.<\/p>\n<p>\n\t\u201cPunimet tani po zhvillohen n\u00eb rrug\u00ebn Bra\u00e7e Stoshiq, ne po p\u00ebrfundojm\u00eb me instalimin e tubave, pastaj do t\u00eb b\u00ebjm\u00eb kullimet, pastaj rrafshimin me cka do t\u00eb p\u00ebrfundoj\u00eb projekti. Un\u00eb pres q\u00eb e gjith\u00eb kjo t\u00eb b\u00ebhet n\u00eb 2-3 dit\u00eb, &quot;tha Ruzhdie Halili, drejtor i nd\u00ebrmarrjes s\u00eb sh\u00ebrbimeve.<\/p>\n<p>\n\t&quot;Komunalac&quot; ka instaluar rreth 500 metra tuba n\u00eb at\u00eb shtrirje, dhe rrjeti i ri i uj\u00ebrave t\u00eb zeza atmosferike do t\u00eb parandaloj\u00eb mbajtjen e ujit dhe prishjen e asfaltit.<\/p>\n<p>\n\tQ\u00eb nga fillimi i punimeve n\u00eb rrug\u00ebt rreth parkut, nj\u00eb muaj m\u00eb par\u00eb, rruga 1 maji \u00ebsht\u00eb asfaltuar.<\/p>\n<p>\n\tRind\u00ebrtimi i k\u00ebtyre rrug\u00ebve \u00ebsht\u00eb nj\u00eb nga projektet m\u00eb t\u00eb vlefshme infrastrukturore t\u00eb vet\u00ebqeverisjes lokale k\u00ebt\u00eb vit, &quot;i r\u00ebnd\u00eb&quot; n\u00eb 15.6 milion dinar\u00eb.<\/p>\n<p>\n\tKontraktori \u00ebsht\u00eb kompania &quot;Saba Belca&quot;.<\/p>\n<p>\n\t<strong>Burimi: Bujanovacke dhe Trupi koordinues<\/strong><\/p>\n<p>\n\t\u00a0<\/p>\n","protected":false},"excerpt":{"rendered":"<p>Bujanoc \u2013 Beograd\u00a0\u2013 Rrjeti i uj\u00ebrave t\u00eb zeza atmosferike n\u00eb rrug\u00ebt rreth parkut t\u00eb qytetit n\u00eb Bujanoc do t\u00eb p\u00ebrfundoj\u00eb plot\u00ebsisht brenda dy dit\u00ebve, \u00ebsht\u00eb konfirmuar n\u00eb nd\u00ebrmarrjen publike &quot;Komunalac&quot;, e cila po i kryen k\u00ebto punime.<\/p>\n","protected":false},"author":1,"featured_media":109064,"comment_status":"closed","ping_status":"closed","sticky":false,"template":"","format":"standard","meta":{"footnotes":""},"categories":[55],"tags":[],"class_list":["post-109059","post","type-post","status-publish","format-standard","has-post-thumbnail","hentry","category-lajme"],"yoast_head":"<!-- This site is optimized with the Yoast SEO plugin v27.5 - https:\/\/yoast.com\/product\/yoast-seo-wordpress\/ -->\n<title>\u201cKOMUNALAC\u201d P\u00cbRFUNDON KANALIZIMIN, PASON ASFALTIMI I RRUG\u00cbS TEK PARKU - Republika e S\u00ebrbis\u00eb Trupi Koordinues p\u00ebr komunat Bujanoc, Preshev\u00eb dhe Medvegj\u00eb<\/title>\n<meta name=\"robots\" content=\"index, follow, max-snippet:-1, max-image-preview:large, max-video-preview:-1\" \/>\n<link rel=\"canonical\" href=\"https:\/\/kt.gov.rs\/sq\/komunalac-perfundon-kanalizimin-pason-asfaltimi-i-rruges-tek-parku\/\" \/>\n<meta property=\"og:locale\" content=\"sq_AL\" \/>\n<meta property=\"og:type\" content=\"article\" \/>\n<meta property=\"og:title\" content=\"\u201cKOMUNALAC\u201d P\u00cbRFUNDON KANALIZIMIN, PASON ASFALTIMI I RRUG\u00cbS TEK PARKU - Republika e S\u00ebrbis\u00eb Trupi Koordinues p\u00ebr komunat Bujanoc, Preshev\u00eb dhe Medvegj\u00eb\" \/>\n<meta property=\"og:description\" content=\"Bujanoc - Beograd\u00a0- Rrjeti i uj\u00ebrave t\u00eb zeza atmosferike n\u00eb rrug\u00ebt rreth parkut t\u00eb qytetit n\u00eb Bujanoc do t\u00eb p\u00ebrfundoj\u00eb plot\u00ebsisht brenda dy dit\u00ebve, \u00ebsht\u00eb konfirmuar n\u00eb nd\u00ebrmarrjen publike &quot;Komunalac&quot;, e cila po i kryen k\u00ebto punime.\" \/>\n<meta property=\"og:url\" content=\"https:\/\/kt.gov.rs\/sq\/komunalac-perfundon-kanalizimin-pason-asfaltimi-i-rruges-tek-parku\/\" \/>\n<meta property=\"og:site_name\" content=\"Republika e S\u00ebrbis\u00eb Trupi Koordinues p\u00ebr komunat Bujanoc, Preshev\u00eb dhe Medvegj\u00eb\" \/>\n<meta property=\"article:publisher\" content=\"https:\/\/www.facebook.com\/SluzbaKoordinacionogTelaVladeRepublikeSrbije\" \/>\n<meta property=\"article:published_time\" content=\"2021-09-29T00:00:00+00:00\" \/>\n<meta property=\"article:modified_time\" content=\"2024-07-30T17:59:12+00:00\" \/>\n<meta property=\"og:image\" content=\"https:\/\/kt.gov.rs\/wp-content\/uploads\/2024\/07\/1632901394_290921_2-3.jpg\" \/>\n\t<meta property=\"og:image:width\" content=\"315\" \/>\n\t<meta property=\"og:image:height\" content=\"230\" \/>\n\t<meta property=\"og:image:type\" content=\"image\/jpeg\" \/>\n<meta name=\"author\" content=\"ktmin\" \/>\n<meta name=\"twitter:card\" content=\"summary_large_image\" \/>\n<meta name=\"twitter:creator\" content=\"@kt_gov\" \/>\n<meta name=\"twitter:site\" content=\"@kt_gov\" \/>\n<meta name=\"twitter:label1\" content=\"Written by\" \/>\n\t<meta name=\"twitter:data1\" content=\"ktmin\" \/>\n\t<meta name=\"twitter:label2\" content=\"Est. reading time\" \/>\n\t<meta name=\"twitter:data2\" content=\"2 minutes\" \/>\n<script type=\"application\/ld+json\" class=\"yoast-schema-graph\">{\"@context\":\"https:\\\/\\\/schema.org\",\"@graph\":[{\"@type\":\"Article\",\"@id\":\"https:\\\/\\\/kt.gov.rs\\\/sq\\\/komunalac-perfundon-kanalizimin-pason-asfaltimi-i-rruges-tek-parku\\\/#article\",\"isPartOf\":{\"@id\":\"https:\\\/\\\/kt.gov.rs\\\/sq\\\/komunalac-perfundon-kanalizimin-pason-asfaltimi-i-rruges-tek-parku\\\/\"},\"author\":{\"name\":\"ktmin\",\"@id\":\"https:\\\/\\\/kt.gov.rs\\\/#\\\/schema\\\/person\\\/e426459ddb4173309103390602694571\"},\"headline\":\"\u201cKOMUNALAC\u201d P\u00cbRFUNDON KANALIZIMIN, PASON ASFALTIMI I RRUG\u00cbS TEK PARKU\",\"datePublished\":\"2021-09-29T00:00:00+00:00\",\"dateModified\":\"2024-07-30T17:59:12+00:00\",\"mainEntityOfPage\":{\"@id\":\"https:\\\/\\\/kt.gov.rs\\\/sq\\\/komunalac-perfundon-kanalizimin-pason-asfaltimi-i-rruges-tek-parku\\\/\"},\"wordCount\":324,\"publisher\":{\"@id\":\"https:\\\/\\\/kt.gov.rs\\\/#organization\"},\"image\":{\"@id\":\"https:\\\/\\\/kt.gov.rs\\\/sq\\\/komunalac-perfundon-kanalizimin-pason-asfaltimi-i-rruges-tek-parku\\\/#primaryimage\"},\"thumbnailUrl\":\"https:\\\/\\\/kt.gov.rs\\\/wp-content\\\/uploads\\\/2024\\\/07\\\/1632901394_290921_2-3.jpg\",\"articleSection\":[\"Lajme\"],\"inLanguage\":\"sq-AL\"},{\"@type\":\"WebPage\",\"@id\":\"https:\\\/\\\/kt.gov.rs\\\/sq\\\/komunalac-perfundon-kanalizimin-pason-asfaltimi-i-rruges-tek-parku\\\/\",\"url\":\"https:\\\/\\\/kt.gov.rs\\\/sq\\\/komunalac-perfundon-kanalizimin-pason-asfaltimi-i-rruges-tek-parku\\\/\",\"name\":\"\u201cKOMUNALAC\u201d P\u00cbRFUNDON KANALIZIMIN, PASON ASFALTIMI I RRUG\u00cbS TEK PARKU - Republika e S\u00ebrbis\u00eb Trupi Koordinues p\u00ebr komunat Bujanoc, Preshev\u00eb dhe Medvegj\u00eb\",\"isPartOf\":{\"@id\":\"https:\\\/\\\/kt.gov.rs\\\/#website\"},\"primaryImageOfPage\":{\"@id\":\"https:\\\/\\\/kt.gov.rs\\\/sq\\\/komunalac-perfundon-kanalizimin-pason-asfaltimi-i-rruges-tek-parku\\\/#primaryimage\"},\"image\":{\"@id\":\"https:\\\/\\\/kt.gov.rs\\\/sq\\\/komunalac-perfundon-kanalizimin-pason-asfaltimi-i-rruges-tek-parku\\\/#primaryimage\"},\"thumbnailUrl\":\"https:\\\/\\\/kt.gov.rs\\\/wp-content\\\/uploads\\\/2024\\\/07\\\/1632901394_290921_2-3.jpg\",\"datePublished\":\"2021-09-29T00:00:00+00:00\",\"dateModified\":\"2024-07-30T17:59:12+00:00\",\"breadcrumb\":{\"@id\":\"https:\\\/\\\/kt.gov.rs\\\/sq\\\/komunalac-perfundon-kanalizimin-pason-asfaltimi-i-rruges-tek-parku\\\/#breadcrumb\"},\"inLanguage\":\"sq-AL\",\"potentialAction\":[{\"@type\":\"ReadAction\",\"target\":[\"https:\\\/\\\/kt.gov.rs\\\/sq\\\/komunalac-perfundon-kanalizimin-pason-asfaltimi-i-rruges-tek-parku\\\/\"]}]},{\"@type\":\"ImageObject\",\"inLanguage\":\"sq-AL\",\"@id\":\"https:\\\/\\\/kt.gov.rs\\\/sq\\\/komunalac-perfundon-kanalizimin-pason-asfaltimi-i-rruges-tek-parku\\\/#primaryimage\",\"url\":\"https:\\\/\\\/kt.gov.rs\\\/wp-content\\\/uploads\\\/2024\\\/07\\\/1632901394_290921_2-3.jpg\",\"contentUrl\":\"https:\\\/\\\/kt.gov.rs\\\/wp-content\\\/uploads\\\/2024\\\/07\\\/1632901394_290921_2-3.jpg\",\"width\":315,\"height\":230},{\"@type\":\"BreadcrumbList\",\"@id\":\"https:\\\/\\\/kt.gov.rs\\\/sq\\\/komunalac-perfundon-kanalizimin-pason-asfaltimi-i-rruges-tek-parku\\\/#breadcrumb\",\"itemListElement\":[{\"@type\":\"ListItem\",\"position\":1,\"name\":\"\u041f\u043e\u0447\u0435\u0442\u043d\u0430\",\"item\":\"https:\\\/\\\/kt.gov.rs\\\/sq\\\/\"},{\"@type\":\"ListItem\",\"position\":2,\"name\":\"\u201cKOMUNALAC\u201d P\u00cbRFUNDON KANALIZIMIN, PASON ASFALTIMI I RRUG\u00cbS TEK PARKU\"}]},{\"@type\":\"WebSite\",\"@id\":\"https:\\\/\\\/kt.gov.rs\\\/#website\",\"url\":\"https:\\\/\\\/kt.gov.rs\\\/\",\"name\":\"\u041a\u043e\u043e\u0440\u0434\u0438\u043d\u0430\u0446\u0438\u043e\u043d\u043e \u0442\u0435\u043b\u043e \u0412\u043b\u0430\u0434\u0435 \u0420\u0435\u043f\u0443\u0431\u043b\u0438\u043a\u0435 \u0421\u0440\u0431\u0438\u0458\u0435 \u0437\u0430 \u043e\u043f\u0448\u0442\u0438\u043d\u0435 \u041f\u0440\u0435\u0448\u0435\u0432\u043e, \u0411\u0443\u0458\u0430\u043d\u043e\u0432\u0430\u0446 \u0438 \u041c\u0435\u0434\u0432\u0435\u0452a\",\"description\":\"\",\"publisher\":{\"@id\":\"https:\\\/\\\/kt.gov.rs\\\/#organization\"},\"alternateName\":\"\u041a\u043e\u043e\u0440\u0434\u0438\u043d\u0430\u0446\u0438\u043e\u043d\u043e \u0442\u0435\u043b\u043e\",\"potentialAction\":[{\"@type\":\"SearchAction\",\"target\":{\"@type\":\"EntryPoint\",\"urlTemplate\":\"https:\\\/\\\/kt.gov.rs\\\/?s={search_term_string}\"},\"query-input\":{\"@type\":\"PropertyValueSpecification\",\"valueRequired\":true,\"valueName\":\"search_term_string\"}}],\"inLanguage\":\"sq-AL\"},{\"@type\":\"Organization\",\"@id\":\"https:\\\/\\\/kt.gov.rs\\\/#organization\",\"name\":\"\u041a\u043e\u043e\u0440\u0434\u0438\u043d\u0430\u0446\u0438\u043e\u043d\u043e \u0442\u0435\u043b\u043e \u0412\u043b\u0430\u0434\u0435 \u0420\u0435\u043f\u0443\u0431\u043b\u0438\u043a\u0435 \u0421\u0440\u0431\u0438\u0458\u0435 \u0437\u0430 \u043e\u043f\u0448\u0442\u0438\u043d\u0435 \u041f\u0440\u0435\u0448\u0435\u0432\u043e, \u0411\u0443\u0458\u0430\u043d\u043e\u0432\u0430\u0446 \u0438 \u041c\u0435\u0434\u0432\u0435\u0452a\",\"alternateName\":\"\u041a\u043e\u043e\u0440\u0434\u0438\u043d\u0430\u0446\u0438\u043e\u043d\u043e \u0442\u0435\u043b\u043e\",\"url\":\"https:\\\/\\\/kt.gov.rs\\\/\",\"logo\":{\"@type\":\"ImageObject\",\"inLanguage\":\"sq-AL\",\"@id\":\"https:\\\/\\\/kt.gov.rs\\\/#\\\/schema\\\/logo\\\/image\\\/\",\"url\":\"https:\\\/\\\/kt.gov.rs\\\/wp-content\\\/uploads\\\/2024\\\/12\\\/koord2.jpg\",\"contentUrl\":\"https:\\\/\\\/kt.gov.rs\\\/wp-content\\\/uploads\\\/2024\\\/12\\\/koord2.jpg\",\"width\":640,\"height\":480,\"caption\":\"\u041a\u043e\u043e\u0440\u0434\u0438\u043d\u0430\u0446\u0438\u043e\u043d\u043e \u0442\u0435\u043b\u043e \u0412\u043b\u0430\u0434\u0435 \u0420\u0435\u043f\u0443\u0431\u043b\u0438\u043a\u0435 \u0421\u0440\u0431\u0438\u0458\u0435 \u0437\u0430 \u043e\u043f\u0448\u0442\u0438\u043d\u0435 \u041f\u0440\u0435\u0448\u0435\u0432\u043e, \u0411\u0443\u0458\u0430\u043d\u043e\u0432\u0430\u0446 \u0438 \u041c\u0435\u0434\u0432\u0435\u0452a\"},\"image\":{\"@id\":\"https:\\\/\\\/kt.gov.rs\\\/#\\\/schema\\\/logo\\\/image\\\/\"},\"sameAs\":[\"https:\\\/\\\/www.facebook.com\\\/SluzbaKoordinacionogTelaVladeRepublikeSrbije\",\"https:\\\/\\\/x.com\\\/kt_gov\",\"https:\\\/\\\/www.youtube.com\\\/@koordinacionotelo\"]},{\"@type\":\"Person\",\"@id\":\"https:\\\/\\\/kt.gov.rs\\\/#\\\/schema\\\/person\\\/e426459ddb4173309103390602694571\",\"name\":\"ktmin\",\"image\":{\"@type\":\"ImageObject\",\"inLanguage\":\"sq-AL\",\"@id\":\"https:\\\/\\\/secure.gravatar.com\\\/avatar\\\/3985c961109853010c3fbc7ba30365bfba5db3dd6c525831d9c595c7525a615a?s=96&d=mm&r=g\",\"url\":\"https:\\\/\\\/secure.gravatar.com\\\/avatar\\\/3985c961109853010c3fbc7ba30365bfba5db3dd6c525831d9c595c7525a615a?s=96&d=mm&r=g\",\"contentUrl\":\"https:\\\/\\\/secure.gravatar.com\\\/avatar\\\/3985c961109853010c3fbc7ba30365bfba5db3dd6c525831d9c595c7525a615a?s=96&d=mm&r=g\",\"caption\":\"ktmin\"},\"sameAs\":[\"https:\\\/\\\/kt.gov.rs\"],\"url\":\"https:\\\/\\\/kt.gov.rs\\\/sq\\\/author\\\/ktmin\\\/\"}]}<\/script>\n<!-- \/ Yoast SEO plugin. -->","yoast_head_json":{"title":"\u201cKOMUNALAC\u201d P\u00cbRFUNDON KANALIZIMIN, PASON ASFALTIMI I RRUG\u00cbS TEK PARKU - Republika e S\u00ebrbis\u00eb Trupi Koordinues p\u00ebr komunat Bujanoc, Preshev\u00eb dhe Medvegj\u00eb","robots":{"index":"index","follow":"follow","max-snippet":"max-snippet:-1","max-image-preview":"max-image-preview:large","max-video-preview":"max-video-preview:-1"},"canonical":"https:\/\/kt.gov.rs\/sq\/komunalac-perfundon-kanalizimin-pason-asfaltimi-i-rruges-tek-parku\/","og_locale":"sq_AL","og_type":"article","og_title":"\u201cKOMUNALAC\u201d P\u00cbRFUNDON KANALIZIMIN, PASON ASFALTIMI I RRUG\u00cbS TEK PARKU - Republika e S\u00ebrbis\u00eb Trupi Koordinues p\u00ebr komunat Bujanoc, Preshev\u00eb dhe Medvegj\u00eb","og_description":"Bujanoc - Beograd\u00a0- Rrjeti i uj\u00ebrave t\u00eb zeza atmosferike n\u00eb rrug\u00ebt rreth parkut t\u00eb qytetit n\u00eb Bujanoc do t\u00eb p\u00ebrfundoj\u00eb plot\u00ebsisht brenda dy dit\u00ebve, \u00ebsht\u00eb konfirmuar n\u00eb nd\u00ebrmarrjen publike &quot;Komunalac&quot;, e cila po i kryen k\u00ebto punime.","og_url":"https:\/\/kt.gov.rs\/sq\/komunalac-perfundon-kanalizimin-pason-asfaltimi-i-rruges-tek-parku\/","og_site_name":"Republika e S\u00ebrbis\u00eb Trupi Koordinues p\u00ebr komunat Bujanoc, Preshev\u00eb dhe Medvegj\u00eb","article_publisher":"https:\/\/www.facebook.com\/SluzbaKoordinacionogTelaVladeRepublikeSrbije","article_published_time":"2021-09-29T00:00:00+00:00","article_modified_time":"2024-07-30T17:59:12+00:00","og_image":[{"width":315,"height":230,"url":"https:\/\/kt.gov.rs\/wp-content\/uploads\/2024\/07\/1632901394_290921_2-3.jpg","type":"image\/jpeg"}],"author":"ktmin","twitter_card":"summary_large_image","twitter_creator":"@kt_gov","twitter_site":"@kt_gov","twitter_misc":{"Written by":"ktmin","Est. reading time":"2 minutes"},"schema":{"@context":"https:\/\/schema.org","@graph":[{"@type":"Article","@id":"https:\/\/kt.gov.rs\/sq\/komunalac-perfundon-kanalizimin-pason-asfaltimi-i-rruges-tek-parku\/#article","isPartOf":{"@id":"https:\/\/kt.gov.rs\/sq\/komunalac-perfundon-kanalizimin-pason-asfaltimi-i-rruges-tek-parku\/"},"author":{"name":"ktmin","@id":"https:\/\/kt.gov.rs\/#\/schema\/person\/e426459ddb4173309103390602694571"},"headline":"\u201cKOMUNALAC\u201d P\u00cbRFUNDON KANALIZIMIN, PASON ASFALTIMI I RRUG\u00cbS TEK PARKU","datePublished":"2021-09-29T00:00:00+00:00","dateModified":"2024-07-30T17:59:12+00:00","mainEntityOfPage":{"@id":"https:\/\/kt.gov.rs\/sq\/komunalac-perfundon-kanalizimin-pason-asfaltimi-i-rruges-tek-parku\/"},"wordCount":324,"publisher":{"@id":"https:\/\/kt.gov.rs\/#organization"},"image":{"@id":"https:\/\/kt.gov.rs\/sq\/komunalac-perfundon-kanalizimin-pason-asfaltimi-i-rruges-tek-parku\/#primaryimage"},"thumbnailUrl":"https:\/\/kt.gov.rs\/wp-content\/uploads\/2024\/07\/1632901394_290921_2-3.jpg","articleSection":["Lajme"],"inLanguage":"sq-AL"},{"@type":"WebPage","@id":"https:\/\/kt.gov.rs\/sq\/komunalac-perfundon-kanalizimin-pason-asfaltimi-i-rruges-tek-parku\/","url":"https:\/\/kt.gov.rs\/sq\/komunalac-perfundon-kanalizimin-pason-asfaltimi-i-rruges-tek-parku\/","name":"\u201cKOMUNALAC\u201d P\u00cbRFUNDON KANALIZIMIN, PASON ASFALTIMI I RRUG\u00cbS TEK PARKU - Republika e S\u00ebrbis\u00eb Trupi Koordinues p\u00ebr komunat Bujanoc, Preshev\u00eb dhe Medvegj\u00eb","isPartOf":{"@id":"https:\/\/kt.gov.rs\/#website"},"primaryImageOfPage":{"@id":"https:\/\/kt.gov.rs\/sq\/komunalac-perfundon-kanalizimin-pason-asfaltimi-i-rruges-tek-parku\/#primaryimage"},"image":{"@id":"https:\/\/kt.gov.rs\/sq\/komunalac-perfundon-kanalizimin-pason-asfaltimi-i-rruges-tek-parku\/#primaryimage"},"thumbnailUrl":"https:\/\/kt.gov.rs\/wp-content\/uploads\/2024\/07\/1632901394_290921_2-3.jpg","datePublished":"2021-09-29T00:00:00+00:00","dateModified":"2024-07-30T17:59:12+00:00","breadcrumb":{"@id":"https:\/\/kt.gov.rs\/sq\/komunalac-perfundon-kanalizimin-pason-asfaltimi-i-rruges-tek-parku\/#breadcrumb"},"inLanguage":"sq-AL","potentialAction":[{"@type":"ReadAction","target":["https:\/\/kt.gov.rs\/sq\/komunalac-perfundon-kanalizimin-pason-asfaltimi-i-rruges-tek-parku\/"]}]},{"@type":"ImageObject","inLanguage":"sq-AL","@id":"https:\/\/kt.gov.rs\/sq\/komunalac-perfundon-kanalizimin-pason-asfaltimi-i-rruges-tek-parku\/#primaryimage","url":"https:\/\/kt.gov.rs\/wp-content\/uploads\/2024\/07\/1632901394_290921_2-3.jpg","contentUrl":"https:\/\/kt.gov.rs\/wp-content\/uploads\/2024\/07\/1632901394_290921_2-3.jpg","width":315,"height":230},{"@type":"BreadcrumbList","@id":"https:\/\/kt.gov.rs\/sq\/komunalac-perfundon-kanalizimin-pason-asfaltimi-i-rruges-tek-parku\/#breadcrumb","itemListElement":[{"@type":"ListItem","position":1,"name":"\u041f\u043e\u0447\u0435\u0442\u043d\u0430","item":"https:\/\/kt.gov.rs\/sq\/"},{"@type":"ListItem","position":2,"name":"\u201cKOMUNALAC\u201d P\u00cbRFUNDON KANALIZIMIN, PASON ASFALTIMI I RRUG\u00cbS TEK PARKU"}]},{"@type":"WebSite","@id":"https:\/\/kt.gov.rs\/#website","url":"https:\/\/kt.gov.rs\/","name":"\u041a\u043e\u043e\u0440\u0434\u0438\u043d\u0430\u0446\u0438\u043e\u043d\u043e \u0442\u0435\u043b\u043e \u0412\u043b\u0430\u0434\u0435 \u0420\u0435\u043f\u0443\u0431\u043b\u0438\u043a\u0435 \u0421\u0440\u0431\u0438\u0458\u0435 \u0437\u0430 \u043e\u043f\u0448\u0442\u0438\u043d\u0435 \u041f\u0440\u0435\u0448\u0435\u0432\u043e, \u0411\u0443\u0458\u0430\u043d\u043e\u0432\u0430\u0446 \u0438 \u041c\u0435\u0434\u0432\u0435\u0452a","description":"","publisher":{"@id":"https:\/\/kt.gov.rs\/#organization"},"alternateName":"\u041a\u043e\u043e\u0440\u0434\u0438\u043d\u0430\u0446\u0438\u043e\u043d\u043e \u0442\u0435\u043b\u043e","potentialAction":[{"@type":"SearchAction","target":{"@type":"EntryPoint","urlTemplate":"https:\/\/kt.gov.rs\/?s={search_term_string}"},"query-input":{"@type":"PropertyValueSpecification","valueRequired":true,"valueName":"search_term_string"}}],"inLanguage":"sq-AL"},{"@type":"Organization","@id":"https:\/\/kt.gov.rs\/#organization","name":"\u041a\u043e\u043e\u0440\u0434\u0438\u043d\u0430\u0446\u0438\u043e\u043d\u043e \u0442\u0435\u043b\u043e \u0412\u043b\u0430\u0434\u0435 \u0420\u0435\u043f\u0443\u0431\u043b\u0438\u043a\u0435 \u0421\u0440\u0431\u0438\u0458\u0435 \u0437\u0430 \u043e\u043f\u0448\u0442\u0438\u043d\u0435 \u041f\u0440\u0435\u0448\u0435\u0432\u043e, \u0411\u0443\u0458\u0430\u043d\u043e\u0432\u0430\u0446 \u0438 \u041c\u0435\u0434\u0432\u0435\u0452a","alternateName":"\u041a\u043e\u043e\u0440\u0434\u0438\u043d\u0430\u0446\u0438\u043e\u043d\u043e \u0442\u0435\u043b\u043e","url":"https:\/\/kt.gov.rs\/","logo":{"@type":"ImageObject","inLanguage":"sq-AL","@id":"https:\/\/kt.gov.rs\/#\/schema\/logo\/image\/","url":"https:\/\/kt.gov.rs\/wp-content\/uploads\/2024\/12\/koord2.jpg","contentUrl":"https:\/\/kt.gov.rs\/wp-content\/uploads\/2024\/12\/koord2.jpg","width":640,"height":480,"caption":"\u041a\u043e\u043e\u0440\u0434\u0438\u043d\u0430\u0446\u0438\u043e\u043d\u043e \u0442\u0435\u043b\u043e \u0412\u043b\u0430\u0434\u0435 \u0420\u0435\u043f\u0443\u0431\u043b\u0438\u043a\u0435 \u0421\u0440\u0431\u0438\u0458\u0435 \u0437\u0430 \u043e\u043f\u0448\u0442\u0438\u043d\u0435 \u041f\u0440\u0435\u0448\u0435\u0432\u043e, \u0411\u0443\u0458\u0430\u043d\u043e\u0432\u0430\u0446 \u0438 \u041c\u0435\u0434\u0432\u0435\u0452a"},"image":{"@id":"https:\/\/kt.gov.rs\/#\/schema\/logo\/image\/"},"sameAs":["https:\/\/www.facebook.com\/SluzbaKoordinacionogTelaVladeRepublikeSrbije","https:\/\/x.com\/kt_gov","https:\/\/www.youtube.com\/@koordinacionotelo"]},{"@type":"Person","@id":"https:\/\/kt.gov.rs\/#\/schema\/person\/e426459ddb4173309103390602694571","name":"ktmin","image":{"@type":"ImageObject","inLanguage":"sq-AL","@id":"https:\/\/secure.gravatar.com\/avatar\/3985c961109853010c3fbc7ba30365bfba5db3dd6c525831d9c595c7525a615a?s=96&d=mm&r=g","url":"https:\/\/secure.gravatar.com\/avatar\/3985c961109853010c3fbc7ba30365bfba5db3dd6c525831d9c595c7525a615a?s=96&d=mm&r=g","contentUrl":"https:\/\/secure.gravatar.com\/avatar\/3985c961109853010c3fbc7ba30365bfba5db3dd6c525831d9c595c7525a615a?s=96&d=mm&r=g","caption":"ktmin"},"sameAs":["https:\/\/kt.gov.rs"],"url":"https:\/\/kt.gov.rs\/sq\/author\/ktmin\/"}]}},"_links":{"self":[{"href":"https:\/\/kt.gov.rs\/sq\/wp-json\/wp\/v2\/posts\/109059","targetHints":{"allow":["GET"]}}],"collection":[{"href":"https:\/\/kt.gov.rs\/sq\/wp-json\/wp\/v2\/posts"}],"about":[{"href":"https:\/\/kt.gov.rs\/sq\/wp-json\/wp\/v2\/types\/post"}],"author":[{"embeddable":true,"href":"https:\/\/kt.gov.rs\/sq\/wp-json\/wp\/v2\/users\/1"}],"replies":[{"embeddable":true,"href":"https:\/\/kt.gov.rs\/sq\/wp-json\/wp\/v2\/comments?post=109059"}],"version-history":[{"count":1,"href":"https:\/\/kt.gov.rs\/sq\/wp-json\/wp\/v2\/posts\/109059\/revisions"}],"predecessor-version":[{"id":109063,"href":"https:\/\/kt.gov.rs\/sq\/wp-json\/wp\/v2\/posts\/109059\/revisions\/109063"}],"wp:featuredmedia":[{"embeddable":true,"href":"https:\/\/kt.gov.rs\/sq\/wp-json\/wp\/v2\/media\/109064"}],"wp:attachment":[{"href":"https:\/\/kt.gov.rs\/sq\/wp-json\/wp\/v2\/media?parent=109059"}],"wp:term":[{"taxonomy":"category","embeddable":true,"href":"https:\/\/kt.gov.rs\/sq\/wp-json\/wp\/v2\/categories?post=109059"},{"taxonomy":"post_tag","embeddable":true,"href":"https:\/\/kt.gov.rs\/sq\/wp-json\/wp\/v2\/tags?post=109059"}],"curies":[{"name":"wp","href":"https:\/\/api.w.org\/{rel}","templated":true}]}}