{"id":108994,"date":"2021-10-11T00:00:00","date_gmt":"2021-10-11T00:00:00","guid":{"rendered":"http:\/\/kt.printandscreen.rs\/profesori-zoran-stankoviq-kryetari-i-trupit-koordinues-u-varros-ne-vendin-e-qytetareve-te-merituar-me-nderime-ushtarake\/"},"modified":"2024-07-30T17:59:06","modified_gmt":"2024-07-30T17:59:06","slug":"profesori-zoran-stankoviq-kryetari-i-trupit-koordinues-u-varros-ne-vendin-e-qytetareve-te-merituar-me-nderime-ushtarake","status":"publish","type":"post","link":"https:\/\/kt.gov.rs\/sq\/profesori-zoran-stankoviq-kryetari-i-trupit-koordinues-u-varros-ne-vendin-e-qytetareve-te-merituar-me-nderime-ushtarake\/","title":{"rendered":"Profesori Zoran Stankoviq, Kryetari i Trupit Koordinues u varros n\u00eb vendin e Qytetar\u00ebve t\u00eb merituar me nderime ushtarake"},"content":{"rendered":"<p>\n\tZoran Stankoviq, Kryetari i Trupit Koordinues\u00a0p\u00ebr komunat Preshev\u00eb, Bujanoc dhe Medvegj\u00eb, u nderua n\u00eb P\u00ebrkujtim nga familja e tij, t\u00eb af\u00ebrmit, Ministri i Mbrojtjes dhe koleg\u00eb t\u00eb shumt\u00eb me t\u00eb cil\u00ebt punoi dhe bashk\u00ebpunoi n\u00eb karrier\u00ebn e tij t\u00eb pasur dekad\u00ebshe. P\u00ebrkujtimi u mbajt n\u00eb Sht\u00ebpin\u00eb e Ushtris\u00eb Serbe.<\/p>\n<p>\n\tN\u00eb P\u00ebrkujtim p\u00ebr profesorin Stankoviq fol\u00ebn N\u00ebnkoloneli Mirosllav Sekulloski, z\u00ebvend\u00ebs\u00a0i\u00a0Kryeshefit\u00a0t\u00eb Akademis\u00eb Mjek\u00ebsore Ushtarake, Gjeneral brigade prof. Dr Dragan Din\u00e7iq dhe Danijella Nenadiq \u00a0drejtoresha\u00a0e\u00a0Sh\u00ebrbimit t\u00eb\u00a0Trupit Koordinues.<\/p>\n<p>\n\t<img decoding=\"async\" alt=\"\" src=\"https:\/\/kt.gov.rs\/wp-content\/uploads\/2024\/07\/1633955935_111021_1-2.jpg\" style=\"width: 640px; height: 378px;\" \/><\/p>\n<p>\n\tPo e transmetojm\u00eb fjalimin e Danijella Nenadiqit n\u00eb t\u00ebr\u00ebsi:<\/p>\n<p>\n\t&quot;Te nderuar Marina, Iva, Ina, gjyshja Rado, Danijell, Nikolla, Mihajlo dhe Danilo,<\/p>\n<p>\n\tT\u00eb dashur familje dhe miq,<\/p>\n<p>\n\tkoleg\u00eb t\u00eb dashur,<\/p>\n<p>\n\tKam nj\u00eb detyr\u00eb t\u00eb v\u00ebshtir\u00eb por t\u00eb nderuar t&#39;i them lamtumir\u00eb profesorit Stankoviq n\u00eb em\u00ebr t\u00eb Trupit Koordinues dhe qytetar\u00ebve t\u00eb Preshev\u00ebs, Bujanocit dhe Medvegj\u00ebs. Ishte nj\u00eb nder t\u00eb flisja me profesorin dhe kjo \u00ebsht\u00eb arsyeja pse \u00ebsht\u00eb ve\u00e7an\u00ebrisht e v\u00ebshtir\u00eb t\u00eb flas\u00ebsh sot n\u00eb k\u00ebt\u00eb moment.<\/p>\n<p>\n\tNa la profesori yn\u00eb i mir\u00eb, i vler\u00ebsuar dhe i dashur Stankoviq, nj\u00eb njeri i madh, nj\u00eb ekspert i lart\u00eb, nj\u00eb mik besnik dhe nj\u00eb burr\u00eb, bir, prind dhe gjysh i p\u00ebrkushtuar. Largimi i tij \u00ebsht\u00eb nj\u00eb humbje e pamatshme p\u00ebr t\u00eb gjith\u00eb ata q\u00eb e takuan p\u00ebr nj\u00eb \u00e7ast, p\u00ebr t\u00eb gjith\u00eb ata q\u00eb ndihmoi, p\u00ebr t\u00eb gjith\u00eb ata p\u00ebr t\u00eb cil\u00ebt kishte nj\u00eb fjal\u00eb t\u00eb mir\u00eb dhe me t\u00eb cil\u00ebt punoi, dhe ve\u00e7an\u00ebrisht p\u00ebr ata p\u00ebr t\u00eb cil\u00ebt jetoi \u2013 p\u00ebr familjen e tij.<\/p>\n<p>\n\tM\u00eb vjen pafund\u00ebsisht keq dhe jasht\u00ebzakonisht e v\u00ebshtir\u00eb t\u00eb flas p\u00ebr profesorin Stankoviq n\u00eb k\u00ebt\u00eb m\u00ebnyr\u00eb sot.Ne shpresonim q\u00eb ai do ta fitonte edhe k\u00ebt\u00eb betej\u00eb dhe se do t\u00eb dilte n\u00eb der\u00ebn e zyr\u00ebs i buz\u00ebqeshur dhe i g\u00ebzuar, se do t\u00eb na ngacmonte dhe do t\u00eb na tregonte anekdota me t\u00eb cilat do ta kujtojm\u00eb, se do t\u00eb na quante bashk\u00ebpun\u00ebtor\u00eb t\u00eb dobish\u00ebm t\u00eb m\u00ebrzitsh\u00ebm se ne ende do t\u00eb m\u00ebsojm\u00eb prej tij, sepse t\u00eb gjith\u00eb kishim shum\u00eb m\u00eb tep\u00ebr p\u00ebr t\u00eb m\u00ebsuar nga profesori.<\/p>\n<p>\n\tProfesori Stankoviq hyri n\u00eb Trupin Koordinues p\u00ebr her\u00eb t\u00eb par\u00eb 9 vjet m\u00eb par\u00eb. Thjesht\u00eb, e qet\u00eb, pa shk\u00eblqim. Ai ishte i till\u00eb. Mund t\u00eb themi se do t\u00eb ishte nj\u00eb njeri i zakonsh\u00ebm nga lagja. Ai d\u00ebgjoi, shikoi, meditoi, foli. Ai kurr\u00eb nuk e ka ngritur z\u00ebrin n\u00eb k\u00ebto n\u00ebnt\u00eb vite t\u00eb shkurtra, nuk i ka th\u00ebn\u00eb kurr\u00eb asnj\u00eb fjal\u00eb t\u00eb keqe askujt<\/p>\n<p>\n\tAi ndihmoi t\u00eb gjith\u00eb, t\u00eb njohur dhe t\u00eb panjohur. Ai nuk i dalloi njer\u00ebzit sipas kombit, fes\u00eb, ngjyr\u00ebs s\u00eb l\u00ebkur\u00ebs, arsimit dhe statusit. Ai foli n\u00eb m\u00ebnyr\u00eb t\u00eb barabart\u00eb me njer\u00ebzit n\u00eb tregun e tij Vidikovac, me n\u00ebnat e f\u00ebmij\u00ebve t\u00eb cil\u00ebve i b\u00ebri autopsi, me qytetar\u00ebt n\u00eb Levosoje, T\u00ebrnovc, Miratoc, Gajtan, me koleg\u00eb, politikan\u00eb, diplomat\u00eb. Ai ishte i sinqert\u00eb. Pa kompromis i sinqert\u00eb edhe kur mund t\u00eb kishte qen\u00eb n\u00eb d\u00ebm t\u00eb tij. T\u00eb gjith\u00eb me t\u00eb cil\u00ebt ai punonte e dinin q\u00eb profesori thoshte gjithmon\u00eb t\u00eb v\u00ebrtet\u00ebn dhe p\u00ebr shkak t\u00eb k\u00ebsaj ata e respektuan edhe m\u00eb shum\u00eb.<\/p>\n<p>\n\tAi e donte vendin e tij, e donte Momin kamen, ishte krenar p\u00ebr origjin\u00ebn dhe prind\u00ebrit e tij. Ai e donte jugun e Serbis\u00eb, e kuptoi jugun e Serbis\u00eb dhe kjo \u00ebsht\u00eb arsyeja pse t\u00eb gjith\u00eb qytetar\u00ebt e jugut t\u00eb Serbis\u00eb do ta kujtojn\u00eb at\u00eb si t\u00eb ndersh\u00ebm, t\u00eb hapur, t\u00eb gatsh\u00ebm p\u00ebr t\u00eb folur dhe kjo \u00ebsht\u00eb arsyeja pse do t\u00eb jet\u00eb e pamundur t\u00eb kompensohet largimi i tij nga pozit\u00ebn e Kryetarit t\u00eb Trupit Koordinues.<\/p>\n<p>\n\tKemi kaluar 9 vite t\u00eb mira por t\u00eb shkurtra me profesorin.<\/p>\n<p>\n\tNe kemi humbur nj\u00eb njeri t\u00eb madh, kemi humbur nj\u00eb mb\u00ebshtetje t\u00eb madhe, t\u00eb gjith\u00eb ne q\u00eb kemi punuar me t\u00eb n\u00eb k\u00ebt\u00eb faqe t\u00eb fundit t\u00eb jet\u00ebs s\u00eb tij profesionale.<\/p>\n<p>\n\tProfesori ishte nj\u00eb njeri para dhe mbi t\u00eb gjitha. Nj\u00eb njeri i denj\u00eb p\u00ebr \u00e7do respekt. I arsimuar, profesionist, i ndersh\u00ebm, pun\u00ebtor, i ndersh\u00ebm, i duruesh\u00ebm. Ai ishte i g\u00ebzuar, gati p\u00ebr t\u00eb k\u00ebnduar me ne. Ai ishte i kujdessh\u00ebm, ai d\u00ebgjoi \u00e7do telashe ton\u00eb. Ai i dinte emrat e t\u00eb gjith\u00eb f\u00ebmij\u00ebve tan\u00eb dhe ai u kujdes p\u00ebr t\u00eb gjith\u00eb ne.<\/p>\n<p>\n\tAi e donte dhe u kujdes \u00a0p\u00ebr familjen e tij. Gruaja, vajzat dhe n\u00ebna e tij ishin m\u00eb t\u00eb r\u00ebnd\u00ebsishmet n\u00eb jet\u00ebn e tij. Ai foli p\u00ebr nip\u00ebrit e mbesat e tij me dashuri dhe krenari t\u00eb madhe. Atij i p\u00eblqente t\u00eb shihte se si rriteshin, duke u g\u00ebzuar p\u00ebr \u00e7do sukses t\u00eb tyre, duke u dridhur mbi \u00e7do s\u00ebmundje t\u00eb tyre.<\/p>\n<p>\n\tProfesori yn\u00eb i mir\u00eb,<\/p>\n<p>\n\tPas jush \u00ebsht\u00eb nj\u00eb jet\u00eb e denj\u00eb p\u00ebr respekt dhe admirim, nj\u00eb kujtim i nj\u00eb shekulli plot me q\u00ebllime t\u00eb arritura. Por ka edhe nj\u00eb boshll\u00ebk q\u00eb fjal\u00ebt nuk mund ta mbushin.<\/p>\n<p>\n\tNe nuk do t&#39;ju harrojm\u00eb kurr\u00eb.<\/p>\n<p>\n\tQoft\u00eb i p\u00ebrjetsh\u00ebm kujtimi p\u00ebr ty\u00a0\u201c, p\u00ebrfundoi Nenadiq.<\/p>\n<p>\n\t<img decoding=\"async\" alt=\"\" src=\"https:\/\/kt.gov.rs\/wp-content\/uploads\/2024\/07\/1633955953_111021_2-1.jpg\" style=\"width: 640px; height: 378px;\" \/><\/p>\n<p>\n\t<img decoding=\"async\" alt=\"\" src=\"https:\/\/kt.gov.rs\/wp-content\/uploads\/2024\/07\/1633955966_111021_3-1.jpg\" style=\"width: 640px; height: 378px;\" \/><\/p>\n<p>\n\tProfesori Zoran Stankoviq, kryetari\u00a0i\u00a0Trupit Koordinues\u00a0 u varros n\u00eb vendin e qytetar\u00ebve t\u00eb merituar n\u00eb Varrezat e Reja n\u00eb Beograd. Pas t\u00eb gjitha nderimeve ushtarake, profesori \u00a0Stankoviq u \u00a0p\u00ebrcjell\u00eb n\u00eb\u00a0banes\u00ebn e tij t\u00eb p\u00ebrjetshme nga familja, miqt\u00eb, koleg\u00ebt dhe nj\u00eb num\u00ebr i madh i qytetar\u00ebve.<\/p>\n<p>\n\t<strong>Burimi: Trupi koordinues<\/strong><\/p>\n<p>\n\t\u00a0<\/p>\n<p>\n\t\u00a0<\/p>\n","protected":false},"excerpt":{"rendered":"<p>Zoran Stankoviq, Kryetari i Trupit Koordinues\u00a0p\u00ebr komunat Preshev\u00eb, Bujanoc dhe Medvegj\u00eb, u nderua n\u00eb P\u00ebrkujtim nga familja e tij, t\u00eb af\u00ebrmit, Ministri i Mbrojtjes dhe koleg\u00eb t\u00eb shumt\u00eb me t\u00eb cil\u00ebt punoi dhe bashk\u00ebpunoi n\u00eb karrier\u00ebn e tij t\u00eb pasur dekad\u00ebshe. P\u00ebrkujtimi u mbajt n\u00eb Sht\u00ebpin\u00eb e Ushtris\u00eb Serbe.<\/p>\n","protected":false},"author":1,"featured_media":109005,"comment_status":"closed","ping_status":"closed","sticky":false,"template":"","format":"standard","meta":{"footnotes":""},"categories":[55],"tags":[],"class_list":["post-108994","post","type-post","status-publish","format-standard","has-post-thumbnail","hentry","category-lajme"],"yoast_head":"<!-- This site is optimized with the Yoast SEO plugin v27.5 - https:\/\/yoast.com\/product\/yoast-seo-wordpress\/ -->\n<title>Profesori Zoran Stankoviq, Kryetari i Trupit Koordinues u varros n\u00eb vendin e Qytetar\u00ebve t\u00eb merituar me nderime ushtarake - Republika e S\u00ebrbis\u00eb Trupi Koordinues p\u00ebr komunat Bujanoc, Preshev\u00eb dhe Medvegj\u00eb<\/title>\n<meta name=\"robots\" content=\"index, follow, max-snippet:-1, max-image-preview:large, max-video-preview:-1\" \/>\n<link rel=\"canonical\" href=\"https:\/\/kt.gov.rs\/sq\/profesori-zoran-stankoviq-kryetari-i-trupit-koordinues-u-varros-ne-vendin-e-qytetareve-te-merituar-me-nderime-ushtarake\/\" \/>\n<meta property=\"og:locale\" content=\"sq_AL\" \/>\n<meta property=\"og:type\" content=\"article\" \/>\n<meta property=\"og:title\" content=\"Profesori Zoran Stankoviq, Kryetari i Trupit Koordinues u varros n\u00eb vendin e Qytetar\u00ebve t\u00eb merituar me nderime ushtarake - Republika e S\u00ebrbis\u00eb Trupi Koordinues p\u00ebr komunat Bujanoc, Preshev\u00eb dhe Medvegj\u00eb\" \/>\n<meta property=\"og:description\" content=\"Zoran Stankoviq, Kryetari i Trupit Koordinues\u00a0p\u00ebr komunat Preshev\u00eb, Bujanoc dhe Medvegj\u00eb, u nderua n\u00eb P\u00ebrkujtim nga familja e tij, t\u00eb af\u00ebrmit, Ministri i Mbrojtjes dhe koleg\u00eb t\u00eb shumt\u00eb me t\u00eb cil\u00ebt punoi dhe bashk\u00ebpunoi n\u00eb karrier\u00ebn e tij t\u00eb pasur dekad\u00ebshe. P\u00ebrkujtimi u mbajt n\u00eb Sht\u00ebpin\u00eb e Ushtris\u00eb Serbe.\" \/>\n<meta property=\"og:url\" content=\"https:\/\/kt.gov.rs\/sq\/profesori-zoran-stankoviq-kryetari-i-trupit-koordinues-u-varros-ne-vendin-e-qytetareve-te-merituar-me-nderime-ushtarake\/\" \/>\n<meta property=\"og:site_name\" content=\"Republika e S\u00ebrbis\u00eb Trupi Koordinues p\u00ebr komunat Bujanoc, Preshev\u00eb dhe Medvegj\u00eb\" \/>\n<meta property=\"article:publisher\" content=\"https:\/\/www.facebook.com\/SluzbaKoordinacionogTelaVladeRepublikeSrbije\" \/>\n<meta property=\"article:published_time\" content=\"2021-10-11T00:00:00+00:00\" \/>\n<meta property=\"article:modified_time\" content=\"2024-07-30T17:59:06+00:00\" \/>\n<meta property=\"og:image\" content=\"https:\/\/kt.gov.rs\/wp-content\/uploads\/2024\/07\/1633955935_111021_1-3.jpg\" \/>\n\t<meta property=\"og:image:width\" content=\"640\" \/>\n\t<meta property=\"og:image:height\" content=\"378\" \/>\n\t<meta property=\"og:image:type\" content=\"image\/jpeg\" \/>\n<meta name=\"author\" content=\"ktmin\" \/>\n<meta name=\"twitter:card\" content=\"summary_large_image\" \/>\n<meta name=\"twitter:creator\" content=\"@kt_gov\" \/>\n<meta name=\"twitter:site\" content=\"@kt_gov\" \/>\n<meta name=\"twitter:label1\" content=\"Written by\" \/>\n\t<meta name=\"twitter:data1\" content=\"ktmin\" \/>\n\t<meta name=\"twitter:label2\" content=\"Est. reading time\" \/>\n\t<meta name=\"twitter:data2\" content=\"7 minutes\" \/>\n<script type=\"application\/ld+json\" class=\"yoast-schema-graph\">{\"@context\":\"https:\\\/\\\/schema.org\",\"@graph\":[{\"@type\":\"Article\",\"@id\":\"https:\\\/\\\/kt.gov.rs\\\/sq\\\/profesori-zoran-stankoviq-kryetari-i-trupit-koordinues-u-varros-ne-vendin-e-qytetareve-te-merituar-me-nderime-ushtarake\\\/#article\",\"isPartOf\":{\"@id\":\"https:\\\/\\\/kt.gov.rs\\\/sq\\\/profesori-zoran-stankoviq-kryetari-i-trupit-koordinues-u-varros-ne-vendin-e-qytetareve-te-merituar-me-nderime-ushtarake\\\/\"},\"author\":{\"name\":\"ktmin\",\"@id\":\"https:\\\/\\\/kt.gov.rs\\\/#\\\/schema\\\/person\\\/e426459ddb4173309103390602694571\"},\"headline\":\"Profesori Zoran Stankoviq, Kryetari i Trupit Koordinues u varros n\u00eb vendin e Qytetar\u00ebve t\u00eb merituar me nderime ushtarake\",\"datePublished\":\"2021-10-11T00:00:00+00:00\",\"dateModified\":\"2024-07-30T17:59:06+00:00\",\"mainEntityOfPage\":{\"@id\":\"https:\\\/\\\/kt.gov.rs\\\/sq\\\/profesori-zoran-stankoviq-kryetari-i-trupit-koordinues-u-varros-ne-vendin-e-qytetareve-te-merituar-me-nderime-ushtarake\\\/\"},\"wordCount\":1390,\"publisher\":{\"@id\":\"https:\\\/\\\/kt.gov.rs\\\/#organization\"},\"image\":{\"@id\":\"https:\\\/\\\/kt.gov.rs\\\/sq\\\/profesori-zoran-stankoviq-kryetari-i-trupit-koordinues-u-varros-ne-vendin-e-qytetareve-te-merituar-me-nderime-ushtarake\\\/#primaryimage\"},\"thumbnailUrl\":\"https:\\\/\\\/kt.gov.rs\\\/wp-content\\\/uploads\\\/2024\\\/07\\\/1633955935_111021_1-3.jpg\",\"articleSection\":[\"Lajme\"],\"inLanguage\":\"sq-AL\"},{\"@type\":\"WebPage\",\"@id\":\"https:\\\/\\\/kt.gov.rs\\\/sq\\\/profesori-zoran-stankoviq-kryetari-i-trupit-koordinues-u-varros-ne-vendin-e-qytetareve-te-merituar-me-nderime-ushtarake\\\/\",\"url\":\"https:\\\/\\\/kt.gov.rs\\\/sq\\\/profesori-zoran-stankoviq-kryetari-i-trupit-koordinues-u-varros-ne-vendin-e-qytetareve-te-merituar-me-nderime-ushtarake\\\/\",\"name\":\"Profesori Zoran Stankoviq, Kryetari i Trupit Koordinues u varros n\u00eb vendin e Qytetar\u00ebve t\u00eb merituar me nderime ushtarake - Republika e S\u00ebrbis\u00eb Trupi Koordinues p\u00ebr komunat Bujanoc, Preshev\u00eb dhe Medvegj\u00eb\",\"isPartOf\":{\"@id\":\"https:\\\/\\\/kt.gov.rs\\\/#website\"},\"primaryImageOfPage\":{\"@id\":\"https:\\\/\\\/kt.gov.rs\\\/sq\\\/profesori-zoran-stankoviq-kryetari-i-trupit-koordinues-u-varros-ne-vendin-e-qytetareve-te-merituar-me-nderime-ushtarake\\\/#primaryimage\"},\"image\":{\"@id\":\"https:\\\/\\\/kt.gov.rs\\\/sq\\\/profesori-zoran-stankoviq-kryetari-i-trupit-koordinues-u-varros-ne-vendin-e-qytetareve-te-merituar-me-nderime-ushtarake\\\/#primaryimage\"},\"thumbnailUrl\":\"https:\\\/\\\/kt.gov.rs\\\/wp-content\\\/uploads\\\/2024\\\/07\\\/1633955935_111021_1-3.jpg\",\"datePublished\":\"2021-10-11T00:00:00+00:00\",\"dateModified\":\"2024-07-30T17:59:06+00:00\",\"breadcrumb\":{\"@id\":\"https:\\\/\\\/kt.gov.rs\\\/sq\\\/profesori-zoran-stankoviq-kryetari-i-trupit-koordinues-u-varros-ne-vendin-e-qytetareve-te-merituar-me-nderime-ushtarake\\\/#breadcrumb\"},\"inLanguage\":\"sq-AL\",\"potentialAction\":[{\"@type\":\"ReadAction\",\"target\":[\"https:\\\/\\\/kt.gov.rs\\\/sq\\\/profesori-zoran-stankoviq-kryetari-i-trupit-koordinues-u-varros-ne-vendin-e-qytetareve-te-merituar-me-nderime-ushtarake\\\/\"]}]},{\"@type\":\"ImageObject\",\"inLanguage\":\"sq-AL\",\"@id\":\"https:\\\/\\\/kt.gov.rs\\\/sq\\\/profesori-zoran-stankoviq-kryetari-i-trupit-koordinues-u-varros-ne-vendin-e-qytetareve-te-merituar-me-nderime-ushtarake\\\/#primaryimage\",\"url\":\"https:\\\/\\\/kt.gov.rs\\\/wp-content\\\/uploads\\\/2024\\\/07\\\/1633955935_111021_1-3.jpg\",\"contentUrl\":\"https:\\\/\\\/kt.gov.rs\\\/wp-content\\\/uploads\\\/2024\\\/07\\\/1633955935_111021_1-3.jpg\",\"width\":640,\"height\":378},{\"@type\":\"BreadcrumbList\",\"@id\":\"https:\\\/\\\/kt.gov.rs\\\/sq\\\/profesori-zoran-stankoviq-kryetari-i-trupit-koordinues-u-varros-ne-vendin-e-qytetareve-te-merituar-me-nderime-ushtarake\\\/#breadcrumb\",\"itemListElement\":[{\"@type\":\"ListItem\",\"position\":1,\"name\":\"\u041f\u043e\u0447\u0435\u0442\u043d\u0430\",\"item\":\"https:\\\/\\\/kt.gov.rs\\\/sq\\\/\"},{\"@type\":\"ListItem\",\"position\":2,\"name\":\"Profesori Zoran Stankoviq, Kryetari i Trupit Koordinues u varros n\u00eb vendin e Qytetar\u00ebve t\u00eb merituar me nderime ushtarake\"}]},{\"@type\":\"WebSite\",\"@id\":\"https:\\\/\\\/kt.gov.rs\\\/#website\",\"url\":\"https:\\\/\\\/kt.gov.rs\\\/\",\"name\":\"\u041a\u043e\u043e\u0440\u0434\u0438\u043d\u0430\u0446\u0438\u043e\u043d\u043e \u0442\u0435\u043b\u043e \u0412\u043b\u0430\u0434\u0435 \u0420\u0435\u043f\u0443\u0431\u043b\u0438\u043a\u0435 \u0421\u0440\u0431\u0438\u0458\u0435 \u0437\u0430 \u043e\u043f\u0448\u0442\u0438\u043d\u0435 \u041f\u0440\u0435\u0448\u0435\u0432\u043e, \u0411\u0443\u0458\u0430\u043d\u043e\u0432\u0430\u0446 \u0438 \u041c\u0435\u0434\u0432\u0435\u0452a\",\"description\":\"\",\"publisher\":{\"@id\":\"https:\\\/\\\/kt.gov.rs\\\/#organization\"},\"alternateName\":\"\u041a\u043e\u043e\u0440\u0434\u0438\u043d\u0430\u0446\u0438\u043e\u043d\u043e \u0442\u0435\u043b\u043e\",\"potentialAction\":[{\"@type\":\"SearchAction\",\"target\":{\"@type\":\"EntryPoint\",\"urlTemplate\":\"https:\\\/\\\/kt.gov.rs\\\/?s={search_term_string}\"},\"query-input\":{\"@type\":\"PropertyValueSpecification\",\"valueRequired\":true,\"valueName\":\"search_term_string\"}}],\"inLanguage\":\"sq-AL\"},{\"@type\":\"Organization\",\"@id\":\"https:\\\/\\\/kt.gov.rs\\\/#organization\",\"name\":\"\u041a\u043e\u043e\u0440\u0434\u0438\u043d\u0430\u0446\u0438\u043e\u043d\u043e \u0442\u0435\u043b\u043e \u0412\u043b\u0430\u0434\u0435 \u0420\u0435\u043f\u0443\u0431\u043b\u0438\u043a\u0435 \u0421\u0440\u0431\u0438\u0458\u0435 \u0437\u0430 \u043e\u043f\u0448\u0442\u0438\u043d\u0435 \u041f\u0440\u0435\u0448\u0435\u0432\u043e, \u0411\u0443\u0458\u0430\u043d\u043e\u0432\u0430\u0446 \u0438 \u041c\u0435\u0434\u0432\u0435\u0452a\",\"alternateName\":\"\u041a\u043e\u043e\u0440\u0434\u0438\u043d\u0430\u0446\u0438\u043e\u043d\u043e \u0442\u0435\u043b\u043e\",\"url\":\"https:\\\/\\\/kt.gov.rs\\\/\",\"logo\":{\"@type\":\"ImageObject\",\"inLanguage\":\"sq-AL\",\"@id\":\"https:\\\/\\\/kt.gov.rs\\\/#\\\/schema\\\/logo\\\/image\\\/\",\"url\":\"https:\\\/\\\/kt.gov.rs\\\/wp-content\\\/uploads\\\/2024\\\/12\\\/koord2.jpg\",\"contentUrl\":\"https:\\\/\\\/kt.gov.rs\\\/wp-content\\\/uploads\\\/2024\\\/12\\\/koord2.jpg\",\"width\":640,\"height\":480,\"caption\":\"\u041a\u043e\u043e\u0440\u0434\u0438\u043d\u0430\u0446\u0438\u043e\u043d\u043e \u0442\u0435\u043b\u043e \u0412\u043b\u0430\u0434\u0435 \u0420\u0435\u043f\u0443\u0431\u043b\u0438\u043a\u0435 \u0421\u0440\u0431\u0438\u0458\u0435 \u0437\u0430 \u043e\u043f\u0448\u0442\u0438\u043d\u0435 \u041f\u0440\u0435\u0448\u0435\u0432\u043e, \u0411\u0443\u0458\u0430\u043d\u043e\u0432\u0430\u0446 \u0438 \u041c\u0435\u0434\u0432\u0435\u0452a\"},\"image\":{\"@id\":\"https:\\\/\\\/kt.gov.rs\\\/#\\\/schema\\\/logo\\\/image\\\/\"},\"sameAs\":[\"https:\\\/\\\/www.facebook.com\\\/SluzbaKoordinacionogTelaVladeRepublikeSrbije\",\"https:\\\/\\\/x.com\\\/kt_gov\",\"https:\\\/\\\/www.youtube.com\\\/@koordinacionotelo\"]},{\"@type\":\"Person\",\"@id\":\"https:\\\/\\\/kt.gov.rs\\\/#\\\/schema\\\/person\\\/e426459ddb4173309103390602694571\",\"name\":\"ktmin\",\"image\":{\"@type\":\"ImageObject\",\"inLanguage\":\"sq-AL\",\"@id\":\"https:\\\/\\\/secure.gravatar.com\\\/avatar\\\/3985c961109853010c3fbc7ba30365bfba5db3dd6c525831d9c595c7525a615a?s=96&d=mm&r=g\",\"url\":\"https:\\\/\\\/secure.gravatar.com\\\/avatar\\\/3985c961109853010c3fbc7ba30365bfba5db3dd6c525831d9c595c7525a615a?s=96&d=mm&r=g\",\"contentUrl\":\"https:\\\/\\\/secure.gravatar.com\\\/avatar\\\/3985c961109853010c3fbc7ba30365bfba5db3dd6c525831d9c595c7525a615a?s=96&d=mm&r=g\",\"caption\":\"ktmin\"},\"sameAs\":[\"https:\\\/\\\/kt.gov.rs\"],\"url\":\"https:\\\/\\\/kt.gov.rs\\\/sq\\\/author\\\/ktmin\\\/\"}]}<\/script>\n<!-- \/ Yoast SEO plugin. -->","yoast_head_json":{"title":"Profesori Zoran Stankoviq, Kryetari i Trupit Koordinues u varros n\u00eb vendin e Qytetar\u00ebve t\u00eb merituar me nderime ushtarake - Republika e S\u00ebrbis\u00eb Trupi Koordinues p\u00ebr komunat Bujanoc, Preshev\u00eb dhe Medvegj\u00eb","robots":{"index":"index","follow":"follow","max-snippet":"max-snippet:-1","max-image-preview":"max-image-preview:large","max-video-preview":"max-video-preview:-1"},"canonical":"https:\/\/kt.gov.rs\/sq\/profesori-zoran-stankoviq-kryetari-i-trupit-koordinues-u-varros-ne-vendin-e-qytetareve-te-merituar-me-nderime-ushtarake\/","og_locale":"sq_AL","og_type":"article","og_title":"Profesori Zoran Stankoviq, Kryetari i Trupit Koordinues u varros n\u00eb vendin e Qytetar\u00ebve t\u00eb merituar me nderime ushtarake - Republika e S\u00ebrbis\u00eb Trupi Koordinues p\u00ebr komunat Bujanoc, Preshev\u00eb dhe Medvegj\u00eb","og_description":"Zoran Stankoviq, Kryetari i Trupit Koordinues\u00a0p\u00ebr komunat Preshev\u00eb, Bujanoc dhe Medvegj\u00eb, u nderua n\u00eb P\u00ebrkujtim nga familja e tij, t\u00eb af\u00ebrmit, Ministri i Mbrojtjes dhe koleg\u00eb t\u00eb shumt\u00eb me t\u00eb cil\u00ebt punoi dhe bashk\u00ebpunoi n\u00eb karrier\u00ebn e tij t\u00eb pasur dekad\u00ebshe. P\u00ebrkujtimi u mbajt n\u00eb Sht\u00ebpin\u00eb e Ushtris\u00eb Serbe.","og_url":"https:\/\/kt.gov.rs\/sq\/profesori-zoran-stankoviq-kryetari-i-trupit-koordinues-u-varros-ne-vendin-e-qytetareve-te-merituar-me-nderime-ushtarake\/","og_site_name":"Republika e S\u00ebrbis\u00eb Trupi Koordinues p\u00ebr komunat Bujanoc, Preshev\u00eb dhe Medvegj\u00eb","article_publisher":"https:\/\/www.facebook.com\/SluzbaKoordinacionogTelaVladeRepublikeSrbije","article_published_time":"2021-10-11T00:00:00+00:00","article_modified_time":"2024-07-30T17:59:06+00:00","og_image":[{"width":640,"height":378,"url":"https:\/\/kt.gov.rs\/wp-content\/uploads\/2024\/07\/1633955935_111021_1-3.jpg","type":"image\/jpeg"}],"author":"ktmin","twitter_card":"summary_large_image","twitter_creator":"@kt_gov","twitter_site":"@kt_gov","twitter_misc":{"Written by":"ktmin","Est. reading time":"7 minutes"},"schema":{"@context":"https:\/\/schema.org","@graph":[{"@type":"Article","@id":"https:\/\/kt.gov.rs\/sq\/profesori-zoran-stankoviq-kryetari-i-trupit-koordinues-u-varros-ne-vendin-e-qytetareve-te-merituar-me-nderime-ushtarake\/#article","isPartOf":{"@id":"https:\/\/kt.gov.rs\/sq\/profesori-zoran-stankoviq-kryetari-i-trupit-koordinues-u-varros-ne-vendin-e-qytetareve-te-merituar-me-nderime-ushtarake\/"},"author":{"name":"ktmin","@id":"https:\/\/kt.gov.rs\/#\/schema\/person\/e426459ddb4173309103390602694571"},"headline":"Profesori Zoran Stankoviq, Kryetari i Trupit Koordinues u varros n\u00eb vendin e Qytetar\u00ebve t\u00eb merituar me nderime ushtarake","datePublished":"2021-10-11T00:00:00+00:00","dateModified":"2024-07-30T17:59:06+00:00","mainEntityOfPage":{"@id":"https:\/\/kt.gov.rs\/sq\/profesori-zoran-stankoviq-kryetari-i-trupit-koordinues-u-varros-ne-vendin-e-qytetareve-te-merituar-me-nderime-ushtarake\/"},"wordCount":1390,"publisher":{"@id":"https:\/\/kt.gov.rs\/#organization"},"image":{"@id":"https:\/\/kt.gov.rs\/sq\/profesori-zoran-stankoviq-kryetari-i-trupit-koordinues-u-varros-ne-vendin-e-qytetareve-te-merituar-me-nderime-ushtarake\/#primaryimage"},"thumbnailUrl":"https:\/\/kt.gov.rs\/wp-content\/uploads\/2024\/07\/1633955935_111021_1-3.jpg","articleSection":["Lajme"],"inLanguage":"sq-AL"},{"@type":"WebPage","@id":"https:\/\/kt.gov.rs\/sq\/profesori-zoran-stankoviq-kryetari-i-trupit-koordinues-u-varros-ne-vendin-e-qytetareve-te-merituar-me-nderime-ushtarake\/","url":"https:\/\/kt.gov.rs\/sq\/profesori-zoran-stankoviq-kryetari-i-trupit-koordinues-u-varros-ne-vendin-e-qytetareve-te-merituar-me-nderime-ushtarake\/","name":"Profesori Zoran Stankoviq, Kryetari i Trupit Koordinues u varros n\u00eb vendin e Qytetar\u00ebve t\u00eb merituar me nderime ushtarake - Republika e S\u00ebrbis\u00eb Trupi Koordinues p\u00ebr komunat Bujanoc, Preshev\u00eb dhe Medvegj\u00eb","isPartOf":{"@id":"https:\/\/kt.gov.rs\/#website"},"primaryImageOfPage":{"@id":"https:\/\/kt.gov.rs\/sq\/profesori-zoran-stankoviq-kryetari-i-trupit-koordinues-u-varros-ne-vendin-e-qytetareve-te-merituar-me-nderime-ushtarake\/#primaryimage"},"image":{"@id":"https:\/\/kt.gov.rs\/sq\/profesori-zoran-stankoviq-kryetari-i-trupit-koordinues-u-varros-ne-vendin-e-qytetareve-te-merituar-me-nderime-ushtarake\/#primaryimage"},"thumbnailUrl":"https:\/\/kt.gov.rs\/wp-content\/uploads\/2024\/07\/1633955935_111021_1-3.jpg","datePublished":"2021-10-11T00:00:00+00:00","dateModified":"2024-07-30T17:59:06+00:00","breadcrumb":{"@id":"https:\/\/kt.gov.rs\/sq\/profesori-zoran-stankoviq-kryetari-i-trupit-koordinues-u-varros-ne-vendin-e-qytetareve-te-merituar-me-nderime-ushtarake\/#breadcrumb"},"inLanguage":"sq-AL","potentialAction":[{"@type":"ReadAction","target":["https:\/\/kt.gov.rs\/sq\/profesori-zoran-stankoviq-kryetari-i-trupit-koordinues-u-varros-ne-vendin-e-qytetareve-te-merituar-me-nderime-ushtarake\/"]}]},{"@type":"ImageObject","inLanguage":"sq-AL","@id":"https:\/\/kt.gov.rs\/sq\/profesori-zoran-stankoviq-kryetari-i-trupit-koordinues-u-varros-ne-vendin-e-qytetareve-te-merituar-me-nderime-ushtarake\/#primaryimage","url":"https:\/\/kt.gov.rs\/wp-content\/uploads\/2024\/07\/1633955935_111021_1-3.jpg","contentUrl":"https:\/\/kt.gov.rs\/wp-content\/uploads\/2024\/07\/1633955935_111021_1-3.jpg","width":640,"height":378},{"@type":"BreadcrumbList","@id":"https:\/\/kt.gov.rs\/sq\/profesori-zoran-stankoviq-kryetari-i-trupit-koordinues-u-varros-ne-vendin-e-qytetareve-te-merituar-me-nderime-ushtarake\/#breadcrumb","itemListElement":[{"@type":"ListItem","position":1,"name":"\u041f\u043e\u0447\u0435\u0442\u043d\u0430","item":"https:\/\/kt.gov.rs\/sq\/"},{"@type":"ListItem","position":2,"name":"Profesori Zoran Stankoviq, Kryetari i Trupit Koordinues u varros n\u00eb vendin e Qytetar\u00ebve t\u00eb merituar me nderime ushtarake"}]},{"@type":"WebSite","@id":"https:\/\/kt.gov.rs\/#website","url":"https:\/\/kt.gov.rs\/","name":"\u041a\u043e\u043e\u0440\u0434\u0438\u043d\u0430\u0446\u0438\u043e\u043d\u043e \u0442\u0435\u043b\u043e \u0412\u043b\u0430\u0434\u0435 \u0420\u0435\u043f\u0443\u0431\u043b\u0438\u043a\u0435 \u0421\u0440\u0431\u0438\u0458\u0435 \u0437\u0430 \u043e\u043f\u0448\u0442\u0438\u043d\u0435 \u041f\u0440\u0435\u0448\u0435\u0432\u043e, \u0411\u0443\u0458\u0430\u043d\u043e\u0432\u0430\u0446 \u0438 \u041c\u0435\u0434\u0432\u0435\u0452a","description":"","publisher":{"@id":"https:\/\/kt.gov.rs\/#organization"},"alternateName":"\u041a\u043e\u043e\u0440\u0434\u0438\u043d\u0430\u0446\u0438\u043e\u043d\u043e \u0442\u0435\u043b\u043e","potentialAction":[{"@type":"SearchAction","target":{"@type":"EntryPoint","urlTemplate":"https:\/\/kt.gov.rs\/?s={search_term_string}"},"query-input":{"@type":"PropertyValueSpecification","valueRequired":true,"valueName":"search_term_string"}}],"inLanguage":"sq-AL"},{"@type":"Organization","@id":"https:\/\/kt.gov.rs\/#organization","name":"\u041a\u043e\u043e\u0440\u0434\u0438\u043d\u0430\u0446\u0438\u043e\u043d\u043e \u0442\u0435\u043b\u043e \u0412\u043b\u0430\u0434\u0435 \u0420\u0435\u043f\u0443\u0431\u043b\u0438\u043a\u0435 \u0421\u0440\u0431\u0438\u0458\u0435 \u0437\u0430 \u043e\u043f\u0448\u0442\u0438\u043d\u0435 \u041f\u0440\u0435\u0448\u0435\u0432\u043e, \u0411\u0443\u0458\u0430\u043d\u043e\u0432\u0430\u0446 \u0438 \u041c\u0435\u0434\u0432\u0435\u0452a","alternateName":"\u041a\u043e\u043e\u0440\u0434\u0438\u043d\u0430\u0446\u0438\u043e\u043d\u043e \u0442\u0435\u043b\u043e","url":"https:\/\/kt.gov.rs\/","logo":{"@type":"ImageObject","inLanguage":"sq-AL","@id":"https:\/\/kt.gov.rs\/#\/schema\/logo\/image\/","url":"https:\/\/kt.gov.rs\/wp-content\/uploads\/2024\/12\/koord2.jpg","contentUrl":"https:\/\/kt.gov.rs\/wp-content\/uploads\/2024\/12\/koord2.jpg","width":640,"height":480,"caption":"\u041a\u043e\u043e\u0440\u0434\u0438\u043d\u0430\u0446\u0438\u043e\u043d\u043e \u0442\u0435\u043b\u043e \u0412\u043b\u0430\u0434\u0435 \u0420\u0435\u043f\u0443\u0431\u043b\u0438\u043a\u0435 \u0421\u0440\u0431\u0438\u0458\u0435 \u0437\u0430 \u043e\u043f\u0448\u0442\u0438\u043d\u0435 \u041f\u0440\u0435\u0448\u0435\u0432\u043e, \u0411\u0443\u0458\u0430\u043d\u043e\u0432\u0430\u0446 \u0438 \u041c\u0435\u0434\u0432\u0435\u0452a"},"image":{"@id":"https:\/\/kt.gov.rs\/#\/schema\/logo\/image\/"},"sameAs":["https:\/\/www.facebook.com\/SluzbaKoordinacionogTelaVladeRepublikeSrbije","https:\/\/x.com\/kt_gov","https:\/\/www.youtube.com\/@koordinacionotelo"]},{"@type":"Person","@id":"https:\/\/kt.gov.rs\/#\/schema\/person\/e426459ddb4173309103390602694571","name":"ktmin","image":{"@type":"ImageObject","inLanguage":"sq-AL","@id":"https:\/\/secure.gravatar.com\/avatar\/3985c961109853010c3fbc7ba30365bfba5db3dd6c525831d9c595c7525a615a?s=96&d=mm&r=g","url":"https:\/\/secure.gravatar.com\/avatar\/3985c961109853010c3fbc7ba30365bfba5db3dd6c525831d9c595c7525a615a?s=96&d=mm&r=g","contentUrl":"https:\/\/secure.gravatar.com\/avatar\/3985c961109853010c3fbc7ba30365bfba5db3dd6c525831d9c595c7525a615a?s=96&d=mm&r=g","caption":"ktmin"},"sameAs":["https:\/\/kt.gov.rs"],"url":"https:\/\/kt.gov.rs\/sq\/author\/ktmin\/"}]}},"_links":{"self":[{"href":"https:\/\/kt.gov.rs\/sq\/wp-json\/wp\/v2\/posts\/108994","targetHints":{"allow":["GET"]}}],"collection":[{"href":"https:\/\/kt.gov.rs\/sq\/wp-json\/wp\/v2\/posts"}],"about":[{"href":"https:\/\/kt.gov.rs\/sq\/wp-json\/wp\/v2\/types\/post"}],"author":[{"embeddable":true,"href":"https:\/\/kt.gov.rs\/sq\/wp-json\/wp\/v2\/users\/1"}],"replies":[{"embeddable":true,"href":"https:\/\/kt.gov.rs\/sq\/wp-json\/wp\/v2\/comments?post=108994"}],"version-history":[{"count":1,"href":"https:\/\/kt.gov.rs\/sq\/wp-json\/wp\/v2\/posts\/108994\/revisions"}],"predecessor-version":[{"id":109004,"href":"https:\/\/kt.gov.rs\/sq\/wp-json\/wp\/v2\/posts\/108994\/revisions\/109004"}],"wp:featuredmedia":[{"embeddable":true,"href":"https:\/\/kt.gov.rs\/sq\/wp-json\/wp\/v2\/media\/109005"}],"wp:attachment":[{"href":"https:\/\/kt.gov.rs\/sq\/wp-json\/wp\/v2\/media?parent=108994"}],"wp:term":[{"taxonomy":"category","embeddable":true,"href":"https:\/\/kt.gov.rs\/sq\/wp-json\/wp\/v2\/categories?post=108994"},{"taxonomy":"post_tag","embeddable":true,"href":"https:\/\/kt.gov.rs\/sq\/wp-json\/wp\/v2\/tags?post=108994"}],"curies":[{"name":"wp","href":"https:\/\/api.w.org\/{rel}","templated":true}]}}