{"id":108986,"date":"2021-10-15T00:00:00","date_gmt":"2021-10-15T00:00:00","guid":{"rendered":"http:\/\/kt.printandscreen.rs\/kryqi-i-kuq-i-bujanocit-pergadit-pako-te-ndihmave-per-personat-ne-nevoje\/"},"modified":"2024-07-30T17:59:04","modified_gmt":"2024-07-30T17:59:04","slug":"kryqi-i-kuq-i-bujanocit-pergadit-pako-te-ndihmave-per-personat-ne-nevoje","status":"publish","type":"post","link":"https:\/\/kt.gov.rs\/sq\/kryqi-i-kuq-i-bujanocit-pergadit-pako-te-ndihmave-per-personat-ne-nevoje\/","title":{"rendered":"KRYQI I KUQ I BUJANOCIT P\u00cbRGADIT PAKO T\u00cb NDIHMAVE P\u00cbR PERSONAT N\u00cb NEVOJ\u00cb"},"content":{"rendered":"<p>\n\t<strong><img decoding=\"async\" alt=\"\" src=\"https:\/\/kt.gov.rs\/wp-content\/uploads\/2024\/07\/1634291831_151021_1-2.jpg\" style=\"width: 315px; height: 230px; float: left;\" \/><\/strong><\/p>\n<p>\n\t<strong>Bujanoc \u2013 Beograd <\/strong>\u2013 Kryqi i Kuq ka p\u00ebrgatitur pako ushqimore dhe higjienike p\u00ebr 1170 familjet materialisht m\u00eb t\u00eb rrezikuara n\u00eb komun\u00ebn e Bujanocit, nd\u00ebrsa shp\u00ebrndarja do t\u00eb filloj\u00eb jav\u00ebn e ardhshme.<\/p>\n<p>\n\t\u201cPakot do t\u2019u jepen familjeve t\u00eb moshuara q\u00eb jetojn\u00eb t\u00eb vet\u00ebm, familjeve me m\u00eb shum\u00eb f\u00ebmij\u00eb, familjeve me m\u00eb shum\u00eb an\u00ebtar\u00eb t\u00eb papun\u00eb, si dhe personave me aft\u00ebsi t\u00eb kufizuara \u2013 tha Bratisllav Llazareviq, sekretar i Kryqit t\u00eb Kuq n\u00eb Bujanoc.<\/p>\n<p>\n\tT\u00eb mart\u00ebn do t\u00eb arrij\u00eb mielli, nd\u00ebrsa shp\u00ebrndarja e paketave do t\u00eb filloj\u00eb t\u00eb m\u00ebrkur\u00ebn, shtoi ai.<\/p>\n<p>\n\tSi\u00e7 pritej, t\u00eb gjitha 1170 paketat do t\u2019u dor\u00ebzohen p\u00ebrdoruesve brenda 25 dit\u00ebve.<\/p>\n<p>\n\t\u2013 Brenda k\u00ebtij afati, ndihma prej 1170 pako do t\u00eb jet\u00eb n\u00eb duart e p\u00ebrfituesve, n\u00eb 30 bashk\u00ebsi lokale, gjegj\u00ebsisht n\u00eb 60 vendbanime. Pakot e ushqimit dhe higjien\u00ebs jan\u00eb planifikuar n\u00eb nivelin e nj\u00eb familje prej kat\u00ebr an\u00ebtar\u00ebsh, p\u00ebr t\u2019i furnizuar ata p\u00ebr nj\u00eb periudh\u00eb tremujore \u2013 thot\u00eb Llazarevi\u0107.<\/p>\n<p>\n\tSipas tij, listat e m\u00eb t\u00eb rrezikuarve jan\u00eb b\u00ebr\u00eb n\u00eb bashk\u00ebpunim me kryetar\u00ebt e bashk\u00ebsive lokale, t\u00eb cil\u00ebt, si\u00e7 tha ai, e njohin m\u00eb s\u00eb miri situat\u00ebn n\u00eb lokalitetet e tyre.<\/p>\n<p>\n\tAsistenca \u00ebsht\u00eb siguruar me bashk\u00ebpunim t\u00eb nd\u00ebrsjellt\u00eb mes Kryqit t\u00eb Kuq dhe Ministris\u00eb s\u00eb Pun\u00ebs.<\/p>\n<p>\n\t<strong>Burimi: Bujanova\u00e7ke dhe Trupi Koordinues<\/strong><\/p>\n<p>\n\t\u00a0<\/p>\n","protected":false},"excerpt":{"rendered":"<p>Bujanoc \u2013 Beograd\u00a0\u2013 Kryqi i Kuq ka p\u00ebrgatitur pako ushqimore dhe higjienike p\u00ebr 1170 familjet materialisht m\u00eb t\u00eb rrezikuara n\u00eb komun\u00ebn e Bujanocit, nd\u00ebrsa shp\u00ebrndarja do t\u00eb filloj\u00eb jav\u00ebn e ardhshme.<\/p>\n","protected":false},"author":1,"featured_media":108991,"comment_status":"closed","ping_status":"closed","sticky":false,"template":"","format":"standard","meta":{"footnotes":""},"categories":[55],"tags":[],"class_list":["post-108986","post","type-post","status-publish","format-standard","has-post-thumbnail","hentry","category-lajme"],"yoast_head":"<!-- This site is optimized with the Yoast SEO plugin v27.5 - https:\/\/yoast.com\/product\/yoast-seo-wordpress\/ -->\n<title>KRYQI I KUQ I BUJANOCIT P\u00cbRGADIT PAKO T\u00cb NDIHMAVE P\u00cbR PERSONAT N\u00cb NEVOJ\u00cb - Republika e S\u00ebrbis\u00eb Trupi Koordinues p\u00ebr komunat Bujanoc, Preshev\u00eb dhe Medvegj\u00eb<\/title>\n<meta name=\"robots\" content=\"index, follow, max-snippet:-1, max-image-preview:large, max-video-preview:-1\" \/>\n<link rel=\"canonical\" href=\"https:\/\/kt.gov.rs\/sq\/kryqi-i-kuq-i-bujanocit-pergadit-pako-te-ndihmave-per-personat-ne-nevoje\/\" \/>\n<meta property=\"og:locale\" content=\"sq_AL\" \/>\n<meta property=\"og:type\" content=\"article\" \/>\n<meta property=\"og:title\" content=\"KRYQI I KUQ I BUJANOCIT P\u00cbRGADIT PAKO T\u00cb NDIHMAVE P\u00cbR PERSONAT N\u00cb NEVOJ\u00cb - Republika e S\u00ebrbis\u00eb Trupi Koordinues p\u00ebr komunat Bujanoc, Preshev\u00eb dhe Medvegj\u00eb\" \/>\n<meta property=\"og:description\" content=\"Bujanoc \u2013 Beograd\u00a0\u2013 Kryqi i Kuq ka p\u00ebrgatitur pako ushqimore dhe higjienike p\u00ebr 1170 familjet materialisht m\u00eb t\u00eb rrezikuara n\u00eb komun\u00ebn e Bujanocit, nd\u00ebrsa shp\u00ebrndarja do t\u00eb filloj\u00eb jav\u00ebn e ardhshme.\" \/>\n<meta property=\"og:url\" content=\"https:\/\/kt.gov.rs\/sq\/kryqi-i-kuq-i-bujanocit-pergadit-pako-te-ndihmave-per-personat-ne-nevoje\/\" \/>\n<meta property=\"og:site_name\" content=\"Republika e S\u00ebrbis\u00eb Trupi Koordinues p\u00ebr komunat Bujanoc, Preshev\u00eb dhe Medvegj\u00eb\" \/>\n<meta property=\"article:publisher\" content=\"https:\/\/www.facebook.com\/SluzbaKoordinacionogTelaVladeRepublikeSrbije\" \/>\n<meta property=\"article:published_time\" content=\"2021-10-15T00:00:00+00:00\" \/>\n<meta property=\"article:modified_time\" content=\"2024-07-30T17:59:04+00:00\" \/>\n<meta property=\"og:image\" content=\"https:\/\/kt.gov.rs\/wp-content\/uploads\/2024\/07\/1634291831_151021_1-3.jpg\" \/>\n\t<meta property=\"og:image:width\" content=\"315\" \/>\n\t<meta property=\"og:image:height\" content=\"230\" \/>\n\t<meta property=\"og:image:type\" content=\"image\/jpeg\" \/>\n<meta name=\"author\" content=\"ktmin\" \/>\n<meta name=\"twitter:card\" content=\"summary_large_image\" \/>\n<meta name=\"twitter:creator\" content=\"@kt_gov\" \/>\n<meta name=\"twitter:site\" content=\"@kt_gov\" \/>\n<meta name=\"twitter:label1\" content=\"Written by\" \/>\n\t<meta name=\"twitter:data1\" content=\"ktmin\" \/>\n\t<meta name=\"twitter:label2\" content=\"Est. reading time\" \/>\n\t<meta name=\"twitter:data2\" content=\"2 minutes\" \/>\n<script type=\"application\/ld+json\" class=\"yoast-schema-graph\">{\"@context\":\"https:\\\/\\\/schema.org\",\"@graph\":[{\"@type\":\"Article\",\"@id\":\"https:\\\/\\\/kt.gov.rs\\\/sq\\\/kryqi-i-kuq-i-bujanocit-pergadit-pako-te-ndihmave-per-personat-ne-nevoje\\\/#article\",\"isPartOf\":{\"@id\":\"https:\\\/\\\/kt.gov.rs\\\/sq\\\/kryqi-i-kuq-i-bujanocit-pergadit-pako-te-ndihmave-per-personat-ne-nevoje\\\/\"},\"author\":{\"name\":\"ktmin\",\"@id\":\"https:\\\/\\\/kt.gov.rs\\\/#\\\/schema\\\/person\\\/e426459ddb4173309103390602694571\"},\"headline\":\"KRYQI I KUQ I BUJANOCIT P\u00cbRGADIT PAKO T\u00cb NDIHMAVE P\u00cbR PERSONAT N\u00cb NEVOJ\u00cb\",\"datePublished\":\"2021-10-15T00:00:00+00:00\",\"dateModified\":\"2024-07-30T17:59:04+00:00\",\"mainEntityOfPage\":{\"@id\":\"https:\\\/\\\/kt.gov.rs\\\/sq\\\/kryqi-i-kuq-i-bujanocit-pergadit-pako-te-ndihmave-per-personat-ne-nevoje\\\/\"},\"wordCount\":352,\"publisher\":{\"@id\":\"https:\\\/\\\/kt.gov.rs\\\/#organization\"},\"image\":{\"@id\":\"https:\\\/\\\/kt.gov.rs\\\/sq\\\/kryqi-i-kuq-i-bujanocit-pergadit-pako-te-ndihmave-per-personat-ne-nevoje\\\/#primaryimage\"},\"thumbnailUrl\":\"https:\\\/\\\/kt.gov.rs\\\/wp-content\\\/uploads\\\/2024\\\/07\\\/1634291831_151021_1-3.jpg\",\"articleSection\":[\"Lajme\"],\"inLanguage\":\"sq-AL\"},{\"@type\":\"WebPage\",\"@id\":\"https:\\\/\\\/kt.gov.rs\\\/sq\\\/kryqi-i-kuq-i-bujanocit-pergadit-pako-te-ndihmave-per-personat-ne-nevoje\\\/\",\"url\":\"https:\\\/\\\/kt.gov.rs\\\/sq\\\/kryqi-i-kuq-i-bujanocit-pergadit-pako-te-ndihmave-per-personat-ne-nevoje\\\/\",\"name\":\"KRYQI I KUQ I BUJANOCIT P\u00cbRGADIT PAKO T\u00cb NDIHMAVE P\u00cbR PERSONAT N\u00cb NEVOJ\u00cb - Republika e S\u00ebrbis\u00eb Trupi Koordinues p\u00ebr komunat Bujanoc, Preshev\u00eb dhe Medvegj\u00eb\",\"isPartOf\":{\"@id\":\"https:\\\/\\\/kt.gov.rs\\\/#website\"},\"primaryImageOfPage\":{\"@id\":\"https:\\\/\\\/kt.gov.rs\\\/sq\\\/kryqi-i-kuq-i-bujanocit-pergadit-pako-te-ndihmave-per-personat-ne-nevoje\\\/#primaryimage\"},\"image\":{\"@id\":\"https:\\\/\\\/kt.gov.rs\\\/sq\\\/kryqi-i-kuq-i-bujanocit-pergadit-pako-te-ndihmave-per-personat-ne-nevoje\\\/#primaryimage\"},\"thumbnailUrl\":\"https:\\\/\\\/kt.gov.rs\\\/wp-content\\\/uploads\\\/2024\\\/07\\\/1634291831_151021_1-3.jpg\",\"datePublished\":\"2021-10-15T00:00:00+00:00\",\"dateModified\":\"2024-07-30T17:59:04+00:00\",\"breadcrumb\":{\"@id\":\"https:\\\/\\\/kt.gov.rs\\\/sq\\\/kryqi-i-kuq-i-bujanocit-pergadit-pako-te-ndihmave-per-personat-ne-nevoje\\\/#breadcrumb\"},\"inLanguage\":\"sq-AL\",\"potentialAction\":[{\"@type\":\"ReadAction\",\"target\":[\"https:\\\/\\\/kt.gov.rs\\\/sq\\\/kryqi-i-kuq-i-bujanocit-pergadit-pako-te-ndihmave-per-personat-ne-nevoje\\\/\"]}]},{\"@type\":\"ImageObject\",\"inLanguage\":\"sq-AL\",\"@id\":\"https:\\\/\\\/kt.gov.rs\\\/sq\\\/kryqi-i-kuq-i-bujanocit-pergadit-pako-te-ndihmave-per-personat-ne-nevoje\\\/#primaryimage\",\"url\":\"https:\\\/\\\/kt.gov.rs\\\/wp-content\\\/uploads\\\/2024\\\/07\\\/1634291831_151021_1-3.jpg\",\"contentUrl\":\"https:\\\/\\\/kt.gov.rs\\\/wp-content\\\/uploads\\\/2024\\\/07\\\/1634291831_151021_1-3.jpg\",\"width\":315,\"height\":230},{\"@type\":\"BreadcrumbList\",\"@id\":\"https:\\\/\\\/kt.gov.rs\\\/sq\\\/kryqi-i-kuq-i-bujanocit-pergadit-pako-te-ndihmave-per-personat-ne-nevoje\\\/#breadcrumb\",\"itemListElement\":[{\"@type\":\"ListItem\",\"position\":1,\"name\":\"\u041f\u043e\u0447\u0435\u0442\u043d\u0430\",\"item\":\"https:\\\/\\\/kt.gov.rs\\\/sq\\\/\"},{\"@type\":\"ListItem\",\"position\":2,\"name\":\"KRYQI I KUQ I BUJANOCIT P\u00cbRGADIT PAKO T\u00cb NDIHMAVE P\u00cbR PERSONAT N\u00cb NEVOJ\u00cb\"}]},{\"@type\":\"WebSite\",\"@id\":\"https:\\\/\\\/kt.gov.rs\\\/#website\",\"url\":\"https:\\\/\\\/kt.gov.rs\\\/\",\"name\":\"\u041a\u043e\u043e\u0440\u0434\u0438\u043d\u0430\u0446\u0438\u043e\u043d\u043e \u0442\u0435\u043b\u043e \u0412\u043b\u0430\u0434\u0435 \u0420\u0435\u043f\u0443\u0431\u043b\u0438\u043a\u0435 \u0421\u0440\u0431\u0438\u0458\u0435 \u0437\u0430 \u043e\u043f\u0448\u0442\u0438\u043d\u0435 \u041f\u0440\u0435\u0448\u0435\u0432\u043e, \u0411\u0443\u0458\u0430\u043d\u043e\u0432\u0430\u0446 \u0438 \u041c\u0435\u0434\u0432\u0435\u0452a\",\"description\":\"\",\"publisher\":{\"@id\":\"https:\\\/\\\/kt.gov.rs\\\/#organization\"},\"alternateName\":\"\u041a\u043e\u043e\u0440\u0434\u0438\u043d\u0430\u0446\u0438\u043e\u043d\u043e \u0442\u0435\u043b\u043e\",\"potentialAction\":[{\"@type\":\"SearchAction\",\"target\":{\"@type\":\"EntryPoint\",\"urlTemplate\":\"https:\\\/\\\/kt.gov.rs\\\/?s={search_term_string}\"},\"query-input\":{\"@type\":\"PropertyValueSpecification\",\"valueRequired\":true,\"valueName\":\"search_term_string\"}}],\"inLanguage\":\"sq-AL\"},{\"@type\":\"Organization\",\"@id\":\"https:\\\/\\\/kt.gov.rs\\\/#organization\",\"name\":\"\u041a\u043e\u043e\u0440\u0434\u0438\u043d\u0430\u0446\u0438\u043e\u043d\u043e \u0442\u0435\u043b\u043e \u0412\u043b\u0430\u0434\u0435 \u0420\u0435\u043f\u0443\u0431\u043b\u0438\u043a\u0435 \u0421\u0440\u0431\u0438\u0458\u0435 \u0437\u0430 \u043e\u043f\u0448\u0442\u0438\u043d\u0435 \u041f\u0440\u0435\u0448\u0435\u0432\u043e, \u0411\u0443\u0458\u0430\u043d\u043e\u0432\u0430\u0446 \u0438 \u041c\u0435\u0434\u0432\u0435\u0452a\",\"alternateName\":\"\u041a\u043e\u043e\u0440\u0434\u0438\u043d\u0430\u0446\u0438\u043e\u043d\u043e \u0442\u0435\u043b\u043e\",\"url\":\"https:\\\/\\\/kt.gov.rs\\\/\",\"logo\":{\"@type\":\"ImageObject\",\"inLanguage\":\"sq-AL\",\"@id\":\"https:\\\/\\\/kt.gov.rs\\\/#\\\/schema\\\/logo\\\/image\\\/\",\"url\":\"https:\\\/\\\/kt.gov.rs\\\/wp-content\\\/uploads\\\/2024\\\/12\\\/koord2.jpg\",\"contentUrl\":\"https:\\\/\\\/kt.gov.rs\\\/wp-content\\\/uploads\\\/2024\\\/12\\\/koord2.jpg\",\"width\":640,\"height\":480,\"caption\":\"\u041a\u043e\u043e\u0440\u0434\u0438\u043d\u0430\u0446\u0438\u043e\u043d\u043e \u0442\u0435\u043b\u043e \u0412\u043b\u0430\u0434\u0435 \u0420\u0435\u043f\u0443\u0431\u043b\u0438\u043a\u0435 \u0421\u0440\u0431\u0438\u0458\u0435 \u0437\u0430 \u043e\u043f\u0448\u0442\u0438\u043d\u0435 \u041f\u0440\u0435\u0448\u0435\u0432\u043e, \u0411\u0443\u0458\u0430\u043d\u043e\u0432\u0430\u0446 \u0438 \u041c\u0435\u0434\u0432\u0435\u0452a\"},\"image\":{\"@id\":\"https:\\\/\\\/kt.gov.rs\\\/#\\\/schema\\\/logo\\\/image\\\/\"},\"sameAs\":[\"https:\\\/\\\/www.facebook.com\\\/SluzbaKoordinacionogTelaVladeRepublikeSrbije\",\"https:\\\/\\\/x.com\\\/kt_gov\",\"https:\\\/\\\/www.youtube.com\\\/@koordinacionotelo\"]},{\"@type\":\"Person\",\"@id\":\"https:\\\/\\\/kt.gov.rs\\\/#\\\/schema\\\/person\\\/e426459ddb4173309103390602694571\",\"name\":\"ktmin\",\"image\":{\"@type\":\"ImageObject\",\"inLanguage\":\"sq-AL\",\"@id\":\"https:\\\/\\\/secure.gravatar.com\\\/avatar\\\/3985c961109853010c3fbc7ba30365bfba5db3dd6c525831d9c595c7525a615a?s=96&d=mm&r=g\",\"url\":\"https:\\\/\\\/secure.gravatar.com\\\/avatar\\\/3985c961109853010c3fbc7ba30365bfba5db3dd6c525831d9c595c7525a615a?s=96&d=mm&r=g\",\"contentUrl\":\"https:\\\/\\\/secure.gravatar.com\\\/avatar\\\/3985c961109853010c3fbc7ba30365bfba5db3dd6c525831d9c595c7525a615a?s=96&d=mm&r=g\",\"caption\":\"ktmin\"},\"sameAs\":[\"https:\\\/\\\/kt.gov.rs\"],\"url\":\"https:\\\/\\\/kt.gov.rs\\\/sq\\\/author\\\/ktmin\\\/\"}]}<\/script>\n<!-- \/ Yoast SEO plugin. -->","yoast_head_json":{"title":"KRYQI I KUQ I BUJANOCIT P\u00cbRGADIT PAKO T\u00cb NDIHMAVE P\u00cbR PERSONAT N\u00cb NEVOJ\u00cb - Republika e S\u00ebrbis\u00eb Trupi Koordinues p\u00ebr komunat Bujanoc, Preshev\u00eb dhe Medvegj\u00eb","robots":{"index":"index","follow":"follow","max-snippet":"max-snippet:-1","max-image-preview":"max-image-preview:large","max-video-preview":"max-video-preview:-1"},"canonical":"https:\/\/kt.gov.rs\/sq\/kryqi-i-kuq-i-bujanocit-pergadit-pako-te-ndihmave-per-personat-ne-nevoje\/","og_locale":"sq_AL","og_type":"article","og_title":"KRYQI I KUQ I BUJANOCIT P\u00cbRGADIT PAKO T\u00cb NDIHMAVE P\u00cbR PERSONAT N\u00cb NEVOJ\u00cb - Republika e S\u00ebrbis\u00eb Trupi Koordinues p\u00ebr komunat Bujanoc, Preshev\u00eb dhe Medvegj\u00eb","og_description":"Bujanoc \u2013 Beograd\u00a0\u2013 Kryqi i Kuq ka p\u00ebrgatitur pako ushqimore dhe higjienike p\u00ebr 1170 familjet materialisht m\u00eb t\u00eb rrezikuara n\u00eb komun\u00ebn e Bujanocit, nd\u00ebrsa shp\u00ebrndarja do t\u00eb filloj\u00eb jav\u00ebn e ardhshme.","og_url":"https:\/\/kt.gov.rs\/sq\/kryqi-i-kuq-i-bujanocit-pergadit-pako-te-ndihmave-per-personat-ne-nevoje\/","og_site_name":"Republika e S\u00ebrbis\u00eb Trupi Koordinues p\u00ebr komunat Bujanoc, Preshev\u00eb dhe Medvegj\u00eb","article_publisher":"https:\/\/www.facebook.com\/SluzbaKoordinacionogTelaVladeRepublikeSrbije","article_published_time":"2021-10-15T00:00:00+00:00","article_modified_time":"2024-07-30T17:59:04+00:00","og_image":[{"width":315,"height":230,"url":"https:\/\/kt.gov.rs\/wp-content\/uploads\/2024\/07\/1634291831_151021_1-3.jpg","type":"image\/jpeg"}],"author":"ktmin","twitter_card":"summary_large_image","twitter_creator":"@kt_gov","twitter_site":"@kt_gov","twitter_misc":{"Written by":"ktmin","Est. reading time":"2 minutes"},"schema":{"@context":"https:\/\/schema.org","@graph":[{"@type":"Article","@id":"https:\/\/kt.gov.rs\/sq\/kryqi-i-kuq-i-bujanocit-pergadit-pako-te-ndihmave-per-personat-ne-nevoje\/#article","isPartOf":{"@id":"https:\/\/kt.gov.rs\/sq\/kryqi-i-kuq-i-bujanocit-pergadit-pako-te-ndihmave-per-personat-ne-nevoje\/"},"author":{"name":"ktmin","@id":"https:\/\/kt.gov.rs\/#\/schema\/person\/e426459ddb4173309103390602694571"},"headline":"KRYQI I KUQ I BUJANOCIT P\u00cbRGADIT PAKO T\u00cb NDIHMAVE P\u00cbR PERSONAT N\u00cb NEVOJ\u00cb","datePublished":"2021-10-15T00:00:00+00:00","dateModified":"2024-07-30T17:59:04+00:00","mainEntityOfPage":{"@id":"https:\/\/kt.gov.rs\/sq\/kryqi-i-kuq-i-bujanocit-pergadit-pako-te-ndihmave-per-personat-ne-nevoje\/"},"wordCount":352,"publisher":{"@id":"https:\/\/kt.gov.rs\/#organization"},"image":{"@id":"https:\/\/kt.gov.rs\/sq\/kryqi-i-kuq-i-bujanocit-pergadit-pako-te-ndihmave-per-personat-ne-nevoje\/#primaryimage"},"thumbnailUrl":"https:\/\/kt.gov.rs\/wp-content\/uploads\/2024\/07\/1634291831_151021_1-3.jpg","articleSection":["Lajme"],"inLanguage":"sq-AL"},{"@type":"WebPage","@id":"https:\/\/kt.gov.rs\/sq\/kryqi-i-kuq-i-bujanocit-pergadit-pako-te-ndihmave-per-personat-ne-nevoje\/","url":"https:\/\/kt.gov.rs\/sq\/kryqi-i-kuq-i-bujanocit-pergadit-pako-te-ndihmave-per-personat-ne-nevoje\/","name":"KRYQI I KUQ I BUJANOCIT P\u00cbRGADIT PAKO T\u00cb NDIHMAVE P\u00cbR PERSONAT N\u00cb NEVOJ\u00cb - Republika e S\u00ebrbis\u00eb Trupi Koordinues p\u00ebr komunat Bujanoc, Preshev\u00eb dhe Medvegj\u00eb","isPartOf":{"@id":"https:\/\/kt.gov.rs\/#website"},"primaryImageOfPage":{"@id":"https:\/\/kt.gov.rs\/sq\/kryqi-i-kuq-i-bujanocit-pergadit-pako-te-ndihmave-per-personat-ne-nevoje\/#primaryimage"},"image":{"@id":"https:\/\/kt.gov.rs\/sq\/kryqi-i-kuq-i-bujanocit-pergadit-pako-te-ndihmave-per-personat-ne-nevoje\/#primaryimage"},"thumbnailUrl":"https:\/\/kt.gov.rs\/wp-content\/uploads\/2024\/07\/1634291831_151021_1-3.jpg","datePublished":"2021-10-15T00:00:00+00:00","dateModified":"2024-07-30T17:59:04+00:00","breadcrumb":{"@id":"https:\/\/kt.gov.rs\/sq\/kryqi-i-kuq-i-bujanocit-pergadit-pako-te-ndihmave-per-personat-ne-nevoje\/#breadcrumb"},"inLanguage":"sq-AL","potentialAction":[{"@type":"ReadAction","target":["https:\/\/kt.gov.rs\/sq\/kryqi-i-kuq-i-bujanocit-pergadit-pako-te-ndihmave-per-personat-ne-nevoje\/"]}]},{"@type":"ImageObject","inLanguage":"sq-AL","@id":"https:\/\/kt.gov.rs\/sq\/kryqi-i-kuq-i-bujanocit-pergadit-pako-te-ndihmave-per-personat-ne-nevoje\/#primaryimage","url":"https:\/\/kt.gov.rs\/wp-content\/uploads\/2024\/07\/1634291831_151021_1-3.jpg","contentUrl":"https:\/\/kt.gov.rs\/wp-content\/uploads\/2024\/07\/1634291831_151021_1-3.jpg","width":315,"height":230},{"@type":"BreadcrumbList","@id":"https:\/\/kt.gov.rs\/sq\/kryqi-i-kuq-i-bujanocit-pergadit-pako-te-ndihmave-per-personat-ne-nevoje\/#breadcrumb","itemListElement":[{"@type":"ListItem","position":1,"name":"\u041f\u043e\u0447\u0435\u0442\u043d\u0430","item":"https:\/\/kt.gov.rs\/sq\/"},{"@type":"ListItem","position":2,"name":"KRYQI I KUQ I BUJANOCIT P\u00cbRGADIT PAKO T\u00cb NDIHMAVE P\u00cbR PERSONAT N\u00cb NEVOJ\u00cb"}]},{"@type":"WebSite","@id":"https:\/\/kt.gov.rs\/#website","url":"https:\/\/kt.gov.rs\/","name":"\u041a\u043e\u043e\u0440\u0434\u0438\u043d\u0430\u0446\u0438\u043e\u043d\u043e \u0442\u0435\u043b\u043e \u0412\u043b\u0430\u0434\u0435 \u0420\u0435\u043f\u0443\u0431\u043b\u0438\u043a\u0435 \u0421\u0440\u0431\u0438\u0458\u0435 \u0437\u0430 \u043e\u043f\u0448\u0442\u0438\u043d\u0435 \u041f\u0440\u0435\u0448\u0435\u0432\u043e, \u0411\u0443\u0458\u0430\u043d\u043e\u0432\u0430\u0446 \u0438 \u041c\u0435\u0434\u0432\u0435\u0452a","description":"","publisher":{"@id":"https:\/\/kt.gov.rs\/#organization"},"alternateName":"\u041a\u043e\u043e\u0440\u0434\u0438\u043d\u0430\u0446\u0438\u043e\u043d\u043e \u0442\u0435\u043b\u043e","potentialAction":[{"@type":"SearchAction","target":{"@type":"EntryPoint","urlTemplate":"https:\/\/kt.gov.rs\/?s={search_term_string}"},"query-input":{"@type":"PropertyValueSpecification","valueRequired":true,"valueName":"search_term_string"}}],"inLanguage":"sq-AL"},{"@type":"Organization","@id":"https:\/\/kt.gov.rs\/#organization","name":"\u041a\u043e\u043e\u0440\u0434\u0438\u043d\u0430\u0446\u0438\u043e\u043d\u043e \u0442\u0435\u043b\u043e \u0412\u043b\u0430\u0434\u0435 \u0420\u0435\u043f\u0443\u0431\u043b\u0438\u043a\u0435 \u0421\u0440\u0431\u0438\u0458\u0435 \u0437\u0430 \u043e\u043f\u0448\u0442\u0438\u043d\u0435 \u041f\u0440\u0435\u0448\u0435\u0432\u043e, \u0411\u0443\u0458\u0430\u043d\u043e\u0432\u0430\u0446 \u0438 \u041c\u0435\u0434\u0432\u0435\u0452a","alternateName":"\u041a\u043e\u043e\u0440\u0434\u0438\u043d\u0430\u0446\u0438\u043e\u043d\u043e \u0442\u0435\u043b\u043e","url":"https:\/\/kt.gov.rs\/","logo":{"@type":"ImageObject","inLanguage":"sq-AL","@id":"https:\/\/kt.gov.rs\/#\/schema\/logo\/image\/","url":"https:\/\/kt.gov.rs\/wp-content\/uploads\/2024\/12\/koord2.jpg","contentUrl":"https:\/\/kt.gov.rs\/wp-content\/uploads\/2024\/12\/koord2.jpg","width":640,"height":480,"caption":"\u041a\u043e\u043e\u0440\u0434\u0438\u043d\u0430\u0446\u0438\u043e\u043d\u043e \u0442\u0435\u043b\u043e \u0412\u043b\u0430\u0434\u0435 \u0420\u0435\u043f\u0443\u0431\u043b\u0438\u043a\u0435 \u0421\u0440\u0431\u0438\u0458\u0435 \u0437\u0430 \u043e\u043f\u0448\u0442\u0438\u043d\u0435 \u041f\u0440\u0435\u0448\u0435\u0432\u043e, \u0411\u0443\u0458\u0430\u043d\u043e\u0432\u0430\u0446 \u0438 \u041c\u0435\u0434\u0432\u0435\u0452a"},"image":{"@id":"https:\/\/kt.gov.rs\/#\/schema\/logo\/image\/"},"sameAs":["https:\/\/www.facebook.com\/SluzbaKoordinacionogTelaVladeRepublikeSrbije","https:\/\/x.com\/kt_gov","https:\/\/www.youtube.com\/@koordinacionotelo"]},{"@type":"Person","@id":"https:\/\/kt.gov.rs\/#\/schema\/person\/e426459ddb4173309103390602694571","name":"ktmin","image":{"@type":"ImageObject","inLanguage":"sq-AL","@id":"https:\/\/secure.gravatar.com\/avatar\/3985c961109853010c3fbc7ba30365bfba5db3dd6c525831d9c595c7525a615a?s=96&d=mm&r=g","url":"https:\/\/secure.gravatar.com\/avatar\/3985c961109853010c3fbc7ba30365bfba5db3dd6c525831d9c595c7525a615a?s=96&d=mm&r=g","contentUrl":"https:\/\/secure.gravatar.com\/avatar\/3985c961109853010c3fbc7ba30365bfba5db3dd6c525831d9c595c7525a615a?s=96&d=mm&r=g","caption":"ktmin"},"sameAs":["https:\/\/kt.gov.rs"],"url":"https:\/\/kt.gov.rs\/sq\/author\/ktmin\/"}]}},"_links":{"self":[{"href":"https:\/\/kt.gov.rs\/sq\/wp-json\/wp\/v2\/posts\/108986","targetHints":{"allow":["GET"]}}],"collection":[{"href":"https:\/\/kt.gov.rs\/sq\/wp-json\/wp\/v2\/posts"}],"about":[{"href":"https:\/\/kt.gov.rs\/sq\/wp-json\/wp\/v2\/types\/post"}],"author":[{"embeddable":true,"href":"https:\/\/kt.gov.rs\/sq\/wp-json\/wp\/v2\/users\/1"}],"replies":[{"embeddable":true,"href":"https:\/\/kt.gov.rs\/sq\/wp-json\/wp\/v2\/comments?post=108986"}],"version-history":[{"count":1,"href":"https:\/\/kt.gov.rs\/sq\/wp-json\/wp\/v2\/posts\/108986\/revisions"}],"predecessor-version":[{"id":108990,"href":"https:\/\/kt.gov.rs\/sq\/wp-json\/wp\/v2\/posts\/108986\/revisions\/108990"}],"wp:featuredmedia":[{"embeddable":true,"href":"https:\/\/kt.gov.rs\/sq\/wp-json\/wp\/v2\/media\/108991"}],"wp:attachment":[{"href":"https:\/\/kt.gov.rs\/sq\/wp-json\/wp\/v2\/media?parent=108986"}],"wp:term":[{"taxonomy":"category","embeddable":true,"href":"https:\/\/kt.gov.rs\/sq\/wp-json\/wp\/v2\/categories?post=108986"},{"taxonomy":"post_tag","embeddable":true,"href":"https:\/\/kt.gov.rs\/sq\/wp-json\/wp\/v2\/tags?post=108986"}],"curies":[{"name":"wp","href":"https:\/\/api.w.org\/{rel}","templated":true}]}}