{"id":108959,"date":"2021-10-21T00:00:00","date_gmt":"2021-10-21T00:00:00","guid":{"rendered":"http:\/\/kt.printandscreen.rs\/mesues-gjusa-kerkon-ndihme-ne-menyre-qe-femijeve-ti-lehtesohet-mesimi\/"},"modified":"2024-07-30T17:59:02","modified_gmt":"2024-07-30T17:59:02","slug":"mesues-gjusa-kerkon-ndihme-ne-menyre-qe-femijeve-ti-lehtesohet-mesimi","status":"publish","type":"post","link":"https:\/\/kt.gov.rs\/sq\/mesues-gjusa-kerkon-ndihme-ne-menyre-qe-femijeve-ti-lehtesohet-mesimi\/","title":{"rendered":"M\u00cbSUES GJUSA K\u00cbRKON NDIHM\u00cb N\u00cb M\u00cbNYR\u00cb Q\u00cb F\u00cbMIJ\u00cbVE TI LEHT\u00cbSOHET M\u00cbSIMI"},"content":{"rendered":"<p>\n\t<strong><img decoding=\"async\" alt=\"\" src=\"https:\/\/kt.gov.rs\/wp-content\/uploads\/2024\/07\/1634816963_211021_1-2.jpg\" style=\"width: 315px; height: 230px; float: left;\" \/><\/strong><\/p>\n<p>\n\t<strong>Bujanoc \u2013 Beograd<\/strong> \u2013 Q\u00eb t\u00eb investohet n\u00eb teknologji moderne p\u00ebr procesin m\u00ebsimor si n\u00eb vendet e zhvilluara t\u00eb bot\u00ebs, nj\u00eb nga m\u00ebsimdh\u00ebn\u00ebsit m\u00eb inovativ nga shkolla fillore e \u00a0Bujanocit &quot;Branko Radiceviq&quot; \u00a0m\u00ebsuesi Slagjan Petrovic Gjusa, si\u00e7 thot\u00eb ai, mendoi t\u00eb k\u00ebrkoj nj\u00eb sponsor p\u00ebr di\u00e7ka q\u00eb do ta leht\u00ebsonte pun\u00ebn e p\u00ebrditshme t\u00eb f\u00ebmij\u00ebve.<\/p>\n<p>\n\tSi nj\u00eb ambasador global i komunitetit t\u00eb njohur t\u00eb m\u00ebsuesve novator\u00eb, pas nj\u00eb trajnimi tjet\u00ebr t\u00eb suksessh\u00ebm n\u00eb fush\u00ebn e teknologjive moderne t\u00eb m\u00ebsimdh\u00ebnies dhe aplikimit t\u00eb tyre, marrjes s\u00eb softuerit p\u00ebr p\u00ebrdorim falas, Petrovic thot\u00eb se hapi tjet\u00ebr drejt m\u00ebsimdh\u00ebnies m\u00eb t\u00eb mir\u00eb \u00ebsht\u00eb ekran i zgjuar, i cili, sipas k\u00ebtij m\u00ebsuesi, mund t\u00eb vij\u00eb me ndihm\u00ebn e njer\u00ebzve q\u00eb kan\u00eb interes p\u00ebr p\u00ebrparim n\u00eb arsim.<\/p>\n<p>\n\t\u00c7mimi i k\u00ebtij ekrani dixhital \u00ebsht\u00eb deri n\u00eb 250.000 dinar\u00eb, q\u00eb nuk \u00ebsht\u00eb nj\u00eb \u00e7mim shum\u00eb i lart\u00eb p\u00ebr p\u00ebrfitimet q\u00eb f\u00ebmij\u00ebt do t\u00eb marrin nga puna me t\u00eb, sepse b\u00ebhet fjal\u00eb p\u00ebr m\u00ebsimdh\u00ebnie m\u00eb moderne, p\u00ebrvet\u00ebsim t\u00eb nj\u00ebsive m\u00ebsimore me teknologjin\u00eb moderne t\u00eb m\u00ebsimdh\u00ebnies t\u00eb p\u00ebrdorur n\u00eb t\u00eb gjitha shkolla n\u00eb t\u00eb gjith\u00eb bot\u00ebn. &quot;, thot\u00eb m\u00ebsuesi Gjusa.<\/p>\n<p>\n\tAi shton se Ministria e arsimit, por edhe kompanit\u00eb e m\u00ebdha t\u00eb telekomunikacionit mund t\u00eb p\u00ebrcjellin dhe mb\u00ebshtesin financiarisht k\u00ebt\u00eb lloj m\u00ebsimi n\u00eb shkolla.<\/p>\n<p>\n\t&quot;Ne duhet t\u00eb vazhdojm\u00eb me koh\u00ebn. M\u00ebsimi nuk mund t\u00eb jet\u00eb i nj\u00ebjti me 30 vjet m\u00eb par\u00eb, sepse nuk jan\u00eb interesante p\u00ebr f\u00ebmij\u00ebt. P\u00ebrmes k\u00ebtij aplikacioni IQ, mora nj\u00eb kod p\u00ebr klas\u00ebn time dhe nx\u00ebn\u00ebsi mund t\u00eb ket\u00eb qasje n\u00eb t\u00eb gjith\u00eb nj\u00ebsin\u00eb m\u00ebsimore, dhe un\u00eb mund ta kontrolloj menj\u00ebher\u00eb pun\u00ebn e tij, ose n\u00eb internet ose n\u00eb klas\u00eb, &quot;thot\u00eb ai.<\/p>\n<p>\n\tSi m\u00ebsues q\u00eb filloi me nj\u00eb brez t\u00eb ri nx\u00ebn\u00ebsish n\u00eb shtator, ai thekson se nj\u00eb nga q\u00ebllimet, p\u00ebrve\u00e7 besimit dhe respektit reciprok, \u00ebsht\u00eb p\u00ebrdorimi m\u00eb i madh i teknologjis\u00eb m\u00ebsimore n\u00eb m\u00ebnyr\u00eb q\u00eb f\u00ebmij\u00ebt t\u00eb zot\u00ebrojn\u00eb m\u00ebsimet n\u00eb m\u00ebnyr\u00ebn m\u00eb interesante dhe m\u00eb n\u00eb arritjen e njohurive.<\/p>\n<p>\n\tSlagjan Petroviq Gjusa \u00ebsht\u00eb nj\u00eb ambasador i Komunitetit t\u00eb zgjuar dhe nj\u00eb nga t\u00eb pakt\u00ebt m\u00ebsues q\u00eb po avancohet n\u00eb nivel nd\u00ebrkomb\u00ebtar.<\/p>\n<p>\n\t<strong>Burimi: Bujanovacke dhe Trupi koordinues<\/strong><\/p>\n<p>\n\tTeknologjin\u00eb bashk\u00ebkohore arsimore n\u00eb procesin\u00a0 m\u00ebsimor e aplikon q\u00eb 20 vjet, nd\u00ebrsa ka t\u00eb pregaditura rreth 3000 or\u00eb digjitale duke shfryt\u00ebzuar softvere t\u00eb ndryshme dhe mjete m\u00ebsimore.<\/p>\n<p>\n\t\u00a0<\/p>\n","protected":false},"excerpt":{"rendered":"<p>Bujanoc \u2013 Beograd\u00a0\u2013 Q\u00eb t\u00eb investohet n\u00eb teknologji moderne p\u00ebr procesin m\u00ebsimor si n\u00eb vendet e zhvilluara t\u00eb bot\u00ebs, nj\u00eb nga m\u00ebsimdh\u00ebn\u00ebsit m\u00eb inovativ nga shkolla fillore e Bujanocit &quot;Branko Radiceviq&quot; \u00a0m\u00ebsuesi Slagjan Petrovic Gjusa, si\u00e7 thot\u00eb ai, mendoi t\u00eb k\u00ebrkoj nj\u00eb sponsor p\u00ebr di\u00e7ka\u2026<\/p>\n","protected":false},"author":1,"featured_media":108964,"comment_status":"closed","ping_status":"closed","sticky":false,"template":"","format":"standard","meta":{"footnotes":""},"categories":[55],"tags":[],"class_list":["post-108959","post","type-post","status-publish","format-standard","has-post-thumbnail","hentry","category-lajme"],"yoast_head":"<!-- This site is optimized with the Yoast SEO plugin v27.5 - https:\/\/yoast.com\/product\/yoast-seo-wordpress\/ -->\n<title>M\u00cbSUES GJUSA K\u00cbRKON NDIHM\u00cb N\u00cb M\u00cbNYR\u00cb Q\u00cb F\u00cbMIJ\u00cbVE TI LEHT\u00cbSOHET M\u00cbSIMI - Republika e S\u00ebrbis\u00eb Trupi Koordinues p\u00ebr komunat Bujanoc, Preshev\u00eb dhe Medvegj\u00eb<\/title>\n<meta name=\"robots\" content=\"index, follow, max-snippet:-1, max-image-preview:large, max-video-preview:-1\" \/>\n<link rel=\"canonical\" href=\"https:\/\/kt.gov.rs\/sq\/mesues-gjusa-kerkon-ndihme-ne-menyre-qe-femijeve-ti-lehtesohet-mesimi\/\" \/>\n<meta property=\"og:locale\" content=\"sq_AL\" \/>\n<meta property=\"og:type\" content=\"article\" \/>\n<meta property=\"og:title\" content=\"M\u00cbSUES GJUSA K\u00cbRKON NDIHM\u00cb N\u00cb M\u00cbNYR\u00cb Q\u00cb F\u00cbMIJ\u00cbVE TI LEHT\u00cbSOHET M\u00cbSIMI - Republika e S\u00ebrbis\u00eb Trupi Koordinues p\u00ebr komunat Bujanoc, Preshev\u00eb dhe Medvegj\u00eb\" \/>\n<meta property=\"og:description\" content=\"Bujanoc - Beograd\u00a0\u2013 Q\u00eb t\u00eb investohet n\u00eb teknologji moderne p\u00ebr procesin m\u00ebsimor si n\u00eb vendet e zhvilluara t\u00eb bot\u00ebs, nj\u00eb nga m\u00ebsimdh\u00ebn\u00ebsit m\u00eb inovativ nga shkolla fillore e Bujanocit &quot;Branko Radiceviq&quot; \u00a0m\u00ebsuesi Slagjan Petrovic Gjusa, si\u00e7 thot\u00eb ai, mendoi t\u00eb k\u00ebrkoj nj\u00eb sponsor p\u00ebr di\u00e7ka...\" \/>\n<meta property=\"og:url\" content=\"https:\/\/kt.gov.rs\/sq\/mesues-gjusa-kerkon-ndihme-ne-menyre-qe-femijeve-ti-lehtesohet-mesimi\/\" \/>\n<meta property=\"og:site_name\" content=\"Republika e S\u00ebrbis\u00eb Trupi Koordinues p\u00ebr komunat Bujanoc, Preshev\u00eb dhe Medvegj\u00eb\" \/>\n<meta property=\"article:publisher\" content=\"https:\/\/www.facebook.com\/SluzbaKoordinacionogTelaVladeRepublikeSrbije\" \/>\n<meta property=\"article:published_time\" content=\"2021-10-21T00:00:00+00:00\" \/>\n<meta property=\"article:modified_time\" content=\"2024-07-30T17:59:02+00:00\" \/>\n<meta property=\"og:image\" content=\"https:\/\/kt.gov.rs\/wp-content\/uploads\/2024\/07\/1634816963_211021_1-3.jpg\" \/>\n\t<meta property=\"og:image:width\" content=\"315\" \/>\n\t<meta property=\"og:image:height\" content=\"230\" \/>\n\t<meta property=\"og:image:type\" content=\"image\/jpeg\" \/>\n<meta name=\"author\" content=\"ktmin\" \/>\n<meta name=\"twitter:card\" content=\"summary_large_image\" \/>\n<meta name=\"twitter:creator\" content=\"@kt_gov\" \/>\n<meta name=\"twitter:site\" content=\"@kt_gov\" \/>\n<meta name=\"twitter:label1\" content=\"Written by\" \/>\n\t<meta name=\"twitter:data1\" content=\"ktmin\" \/>\n\t<meta name=\"twitter:label2\" content=\"Est. reading time\" \/>\n\t<meta name=\"twitter:data2\" content=\"3 minutes\" \/>\n<script type=\"application\/ld+json\" class=\"yoast-schema-graph\">{\"@context\":\"https:\\\/\\\/schema.org\",\"@graph\":[{\"@type\":\"Article\",\"@id\":\"https:\\\/\\\/kt.gov.rs\\\/sq\\\/mesues-gjusa-kerkon-ndihme-ne-menyre-qe-femijeve-ti-lehtesohet-mesimi\\\/#article\",\"isPartOf\":{\"@id\":\"https:\\\/\\\/kt.gov.rs\\\/sq\\\/mesues-gjusa-kerkon-ndihme-ne-menyre-qe-femijeve-ti-lehtesohet-mesimi\\\/\"},\"author\":{\"name\":\"ktmin\",\"@id\":\"https:\\\/\\\/kt.gov.rs\\\/#\\\/schema\\\/person\\\/e426459ddb4173309103390602694571\"},\"headline\":\"M\u00cbSUES GJUSA K\u00cbRKON NDIHM\u00cb N\u00cb M\u00cbNYR\u00cb Q\u00cb F\u00cbMIJ\u00cbVE TI LEHT\u00cbSOHET M\u00cbSIMI\",\"datePublished\":\"2021-10-21T00:00:00+00:00\",\"dateModified\":\"2024-07-30T17:59:02+00:00\",\"mainEntityOfPage\":{\"@id\":\"https:\\\/\\\/kt.gov.rs\\\/sq\\\/mesues-gjusa-kerkon-ndihme-ne-menyre-qe-femijeve-ti-lehtesohet-mesimi\\\/\"},\"wordCount\":698,\"publisher\":{\"@id\":\"https:\\\/\\\/kt.gov.rs\\\/#organization\"},\"image\":{\"@id\":\"https:\\\/\\\/kt.gov.rs\\\/sq\\\/mesues-gjusa-kerkon-ndihme-ne-menyre-qe-femijeve-ti-lehtesohet-mesimi\\\/#primaryimage\"},\"thumbnailUrl\":\"https:\\\/\\\/kt.gov.rs\\\/wp-content\\\/uploads\\\/2024\\\/07\\\/1634816963_211021_1-3.jpg\",\"articleSection\":[\"Lajme\"],\"inLanguage\":\"sq-AL\"},{\"@type\":\"WebPage\",\"@id\":\"https:\\\/\\\/kt.gov.rs\\\/sq\\\/mesues-gjusa-kerkon-ndihme-ne-menyre-qe-femijeve-ti-lehtesohet-mesimi\\\/\",\"url\":\"https:\\\/\\\/kt.gov.rs\\\/sq\\\/mesues-gjusa-kerkon-ndihme-ne-menyre-qe-femijeve-ti-lehtesohet-mesimi\\\/\",\"name\":\"M\u00cbSUES GJUSA K\u00cbRKON NDIHM\u00cb N\u00cb M\u00cbNYR\u00cb Q\u00cb F\u00cbMIJ\u00cbVE TI LEHT\u00cbSOHET M\u00cbSIMI - Republika e S\u00ebrbis\u00eb Trupi Koordinues p\u00ebr komunat Bujanoc, Preshev\u00eb dhe Medvegj\u00eb\",\"isPartOf\":{\"@id\":\"https:\\\/\\\/kt.gov.rs\\\/#website\"},\"primaryImageOfPage\":{\"@id\":\"https:\\\/\\\/kt.gov.rs\\\/sq\\\/mesues-gjusa-kerkon-ndihme-ne-menyre-qe-femijeve-ti-lehtesohet-mesimi\\\/#primaryimage\"},\"image\":{\"@id\":\"https:\\\/\\\/kt.gov.rs\\\/sq\\\/mesues-gjusa-kerkon-ndihme-ne-menyre-qe-femijeve-ti-lehtesohet-mesimi\\\/#primaryimage\"},\"thumbnailUrl\":\"https:\\\/\\\/kt.gov.rs\\\/wp-content\\\/uploads\\\/2024\\\/07\\\/1634816963_211021_1-3.jpg\",\"datePublished\":\"2021-10-21T00:00:00+00:00\",\"dateModified\":\"2024-07-30T17:59:02+00:00\",\"breadcrumb\":{\"@id\":\"https:\\\/\\\/kt.gov.rs\\\/sq\\\/mesues-gjusa-kerkon-ndihme-ne-menyre-qe-femijeve-ti-lehtesohet-mesimi\\\/#breadcrumb\"},\"inLanguage\":\"sq-AL\",\"potentialAction\":[{\"@type\":\"ReadAction\",\"target\":[\"https:\\\/\\\/kt.gov.rs\\\/sq\\\/mesues-gjusa-kerkon-ndihme-ne-menyre-qe-femijeve-ti-lehtesohet-mesimi\\\/\"]}]},{\"@type\":\"ImageObject\",\"inLanguage\":\"sq-AL\",\"@id\":\"https:\\\/\\\/kt.gov.rs\\\/sq\\\/mesues-gjusa-kerkon-ndihme-ne-menyre-qe-femijeve-ti-lehtesohet-mesimi\\\/#primaryimage\",\"url\":\"https:\\\/\\\/kt.gov.rs\\\/wp-content\\\/uploads\\\/2024\\\/07\\\/1634816963_211021_1-3.jpg\",\"contentUrl\":\"https:\\\/\\\/kt.gov.rs\\\/wp-content\\\/uploads\\\/2024\\\/07\\\/1634816963_211021_1-3.jpg\",\"width\":315,\"height\":230},{\"@type\":\"BreadcrumbList\",\"@id\":\"https:\\\/\\\/kt.gov.rs\\\/sq\\\/mesues-gjusa-kerkon-ndihme-ne-menyre-qe-femijeve-ti-lehtesohet-mesimi\\\/#breadcrumb\",\"itemListElement\":[{\"@type\":\"ListItem\",\"position\":1,\"name\":\"\u041f\u043e\u0447\u0435\u0442\u043d\u0430\",\"item\":\"https:\\\/\\\/kt.gov.rs\\\/sq\\\/\"},{\"@type\":\"ListItem\",\"position\":2,\"name\":\"M\u00cbSUES GJUSA K\u00cbRKON NDIHM\u00cb N\u00cb M\u00cbNYR\u00cb Q\u00cb F\u00cbMIJ\u00cbVE TI LEHT\u00cbSOHET M\u00cbSIMI\"}]},{\"@type\":\"WebSite\",\"@id\":\"https:\\\/\\\/kt.gov.rs\\\/#website\",\"url\":\"https:\\\/\\\/kt.gov.rs\\\/\",\"name\":\"\u041a\u043e\u043e\u0440\u0434\u0438\u043d\u0430\u0446\u0438\u043e\u043d\u043e \u0442\u0435\u043b\u043e \u0412\u043b\u0430\u0434\u0435 \u0420\u0435\u043f\u0443\u0431\u043b\u0438\u043a\u0435 \u0421\u0440\u0431\u0438\u0458\u0435 \u0437\u0430 \u043e\u043f\u0448\u0442\u0438\u043d\u0435 \u041f\u0440\u0435\u0448\u0435\u0432\u043e, \u0411\u0443\u0458\u0430\u043d\u043e\u0432\u0430\u0446 \u0438 \u041c\u0435\u0434\u0432\u0435\u0452a\",\"description\":\"\",\"publisher\":{\"@id\":\"https:\\\/\\\/kt.gov.rs\\\/#organization\"},\"alternateName\":\"\u041a\u043e\u043e\u0440\u0434\u0438\u043d\u0430\u0446\u0438\u043e\u043d\u043e \u0442\u0435\u043b\u043e\",\"potentialAction\":[{\"@type\":\"SearchAction\",\"target\":{\"@type\":\"EntryPoint\",\"urlTemplate\":\"https:\\\/\\\/kt.gov.rs\\\/?s={search_term_string}\"},\"query-input\":{\"@type\":\"PropertyValueSpecification\",\"valueRequired\":true,\"valueName\":\"search_term_string\"}}],\"inLanguage\":\"sq-AL\"},{\"@type\":\"Organization\",\"@id\":\"https:\\\/\\\/kt.gov.rs\\\/#organization\",\"name\":\"\u041a\u043e\u043e\u0440\u0434\u0438\u043d\u0430\u0446\u0438\u043e\u043d\u043e \u0442\u0435\u043b\u043e \u0412\u043b\u0430\u0434\u0435 \u0420\u0435\u043f\u0443\u0431\u043b\u0438\u043a\u0435 \u0421\u0440\u0431\u0438\u0458\u0435 \u0437\u0430 \u043e\u043f\u0448\u0442\u0438\u043d\u0435 \u041f\u0440\u0435\u0448\u0435\u0432\u043e, \u0411\u0443\u0458\u0430\u043d\u043e\u0432\u0430\u0446 \u0438 \u041c\u0435\u0434\u0432\u0435\u0452a\",\"alternateName\":\"\u041a\u043e\u043e\u0440\u0434\u0438\u043d\u0430\u0446\u0438\u043e\u043d\u043e \u0442\u0435\u043b\u043e\",\"url\":\"https:\\\/\\\/kt.gov.rs\\\/\",\"logo\":{\"@type\":\"ImageObject\",\"inLanguage\":\"sq-AL\",\"@id\":\"https:\\\/\\\/kt.gov.rs\\\/#\\\/schema\\\/logo\\\/image\\\/\",\"url\":\"https:\\\/\\\/kt.gov.rs\\\/wp-content\\\/uploads\\\/2024\\\/12\\\/koord2.jpg\",\"contentUrl\":\"https:\\\/\\\/kt.gov.rs\\\/wp-content\\\/uploads\\\/2024\\\/12\\\/koord2.jpg\",\"width\":640,\"height\":480,\"caption\":\"\u041a\u043e\u043e\u0440\u0434\u0438\u043d\u0430\u0446\u0438\u043e\u043d\u043e \u0442\u0435\u043b\u043e \u0412\u043b\u0430\u0434\u0435 \u0420\u0435\u043f\u0443\u0431\u043b\u0438\u043a\u0435 \u0421\u0440\u0431\u0438\u0458\u0435 \u0437\u0430 \u043e\u043f\u0448\u0442\u0438\u043d\u0435 \u041f\u0440\u0435\u0448\u0435\u0432\u043e, \u0411\u0443\u0458\u0430\u043d\u043e\u0432\u0430\u0446 \u0438 \u041c\u0435\u0434\u0432\u0435\u0452a\"},\"image\":{\"@id\":\"https:\\\/\\\/kt.gov.rs\\\/#\\\/schema\\\/logo\\\/image\\\/\"},\"sameAs\":[\"https:\\\/\\\/www.facebook.com\\\/SluzbaKoordinacionogTelaVladeRepublikeSrbije\",\"https:\\\/\\\/x.com\\\/kt_gov\",\"https:\\\/\\\/www.youtube.com\\\/@koordinacionotelo\"]},{\"@type\":\"Person\",\"@id\":\"https:\\\/\\\/kt.gov.rs\\\/#\\\/schema\\\/person\\\/e426459ddb4173309103390602694571\",\"name\":\"ktmin\",\"image\":{\"@type\":\"ImageObject\",\"inLanguage\":\"sq-AL\",\"@id\":\"https:\\\/\\\/secure.gravatar.com\\\/avatar\\\/3985c961109853010c3fbc7ba30365bfba5db3dd6c525831d9c595c7525a615a?s=96&d=mm&r=g\",\"url\":\"https:\\\/\\\/secure.gravatar.com\\\/avatar\\\/3985c961109853010c3fbc7ba30365bfba5db3dd6c525831d9c595c7525a615a?s=96&d=mm&r=g\",\"contentUrl\":\"https:\\\/\\\/secure.gravatar.com\\\/avatar\\\/3985c961109853010c3fbc7ba30365bfba5db3dd6c525831d9c595c7525a615a?s=96&d=mm&r=g\",\"caption\":\"ktmin\"},\"sameAs\":[\"https:\\\/\\\/kt.gov.rs\"],\"url\":\"https:\\\/\\\/kt.gov.rs\\\/sq\\\/author\\\/ktmin\\\/\"}]}<\/script>\n<!-- \/ Yoast SEO plugin. -->","yoast_head_json":{"title":"M\u00cbSUES GJUSA K\u00cbRKON NDIHM\u00cb N\u00cb M\u00cbNYR\u00cb Q\u00cb F\u00cbMIJ\u00cbVE TI LEHT\u00cbSOHET M\u00cbSIMI - Republika e S\u00ebrbis\u00eb Trupi Koordinues p\u00ebr komunat Bujanoc, Preshev\u00eb dhe Medvegj\u00eb","robots":{"index":"index","follow":"follow","max-snippet":"max-snippet:-1","max-image-preview":"max-image-preview:large","max-video-preview":"max-video-preview:-1"},"canonical":"https:\/\/kt.gov.rs\/sq\/mesues-gjusa-kerkon-ndihme-ne-menyre-qe-femijeve-ti-lehtesohet-mesimi\/","og_locale":"sq_AL","og_type":"article","og_title":"M\u00cbSUES GJUSA K\u00cbRKON NDIHM\u00cb N\u00cb M\u00cbNYR\u00cb Q\u00cb F\u00cbMIJ\u00cbVE TI LEHT\u00cbSOHET M\u00cbSIMI - Republika e S\u00ebrbis\u00eb Trupi Koordinues p\u00ebr komunat Bujanoc, Preshev\u00eb dhe Medvegj\u00eb","og_description":"Bujanoc - Beograd\u00a0\u2013 Q\u00eb t\u00eb investohet n\u00eb teknologji moderne p\u00ebr procesin m\u00ebsimor si n\u00eb vendet e zhvilluara t\u00eb bot\u00ebs, nj\u00eb nga m\u00ebsimdh\u00ebn\u00ebsit m\u00eb inovativ nga shkolla fillore e Bujanocit &quot;Branko Radiceviq&quot; \u00a0m\u00ebsuesi Slagjan Petrovic Gjusa, si\u00e7 thot\u00eb ai, mendoi t\u00eb k\u00ebrkoj nj\u00eb sponsor p\u00ebr di\u00e7ka...","og_url":"https:\/\/kt.gov.rs\/sq\/mesues-gjusa-kerkon-ndihme-ne-menyre-qe-femijeve-ti-lehtesohet-mesimi\/","og_site_name":"Republika e S\u00ebrbis\u00eb Trupi Koordinues p\u00ebr komunat Bujanoc, Preshev\u00eb dhe Medvegj\u00eb","article_publisher":"https:\/\/www.facebook.com\/SluzbaKoordinacionogTelaVladeRepublikeSrbije","article_published_time":"2021-10-21T00:00:00+00:00","article_modified_time":"2024-07-30T17:59:02+00:00","og_image":[{"width":315,"height":230,"url":"https:\/\/kt.gov.rs\/wp-content\/uploads\/2024\/07\/1634816963_211021_1-3.jpg","type":"image\/jpeg"}],"author":"ktmin","twitter_card":"summary_large_image","twitter_creator":"@kt_gov","twitter_site":"@kt_gov","twitter_misc":{"Written by":"ktmin","Est. reading time":"3 minutes"},"schema":{"@context":"https:\/\/schema.org","@graph":[{"@type":"Article","@id":"https:\/\/kt.gov.rs\/sq\/mesues-gjusa-kerkon-ndihme-ne-menyre-qe-femijeve-ti-lehtesohet-mesimi\/#article","isPartOf":{"@id":"https:\/\/kt.gov.rs\/sq\/mesues-gjusa-kerkon-ndihme-ne-menyre-qe-femijeve-ti-lehtesohet-mesimi\/"},"author":{"name":"ktmin","@id":"https:\/\/kt.gov.rs\/#\/schema\/person\/e426459ddb4173309103390602694571"},"headline":"M\u00cbSUES GJUSA K\u00cbRKON NDIHM\u00cb N\u00cb M\u00cbNYR\u00cb Q\u00cb F\u00cbMIJ\u00cbVE TI LEHT\u00cbSOHET M\u00cbSIMI","datePublished":"2021-10-21T00:00:00+00:00","dateModified":"2024-07-30T17:59:02+00:00","mainEntityOfPage":{"@id":"https:\/\/kt.gov.rs\/sq\/mesues-gjusa-kerkon-ndihme-ne-menyre-qe-femijeve-ti-lehtesohet-mesimi\/"},"wordCount":698,"publisher":{"@id":"https:\/\/kt.gov.rs\/#organization"},"image":{"@id":"https:\/\/kt.gov.rs\/sq\/mesues-gjusa-kerkon-ndihme-ne-menyre-qe-femijeve-ti-lehtesohet-mesimi\/#primaryimage"},"thumbnailUrl":"https:\/\/kt.gov.rs\/wp-content\/uploads\/2024\/07\/1634816963_211021_1-3.jpg","articleSection":["Lajme"],"inLanguage":"sq-AL"},{"@type":"WebPage","@id":"https:\/\/kt.gov.rs\/sq\/mesues-gjusa-kerkon-ndihme-ne-menyre-qe-femijeve-ti-lehtesohet-mesimi\/","url":"https:\/\/kt.gov.rs\/sq\/mesues-gjusa-kerkon-ndihme-ne-menyre-qe-femijeve-ti-lehtesohet-mesimi\/","name":"M\u00cbSUES GJUSA K\u00cbRKON NDIHM\u00cb N\u00cb M\u00cbNYR\u00cb Q\u00cb F\u00cbMIJ\u00cbVE TI LEHT\u00cbSOHET M\u00cbSIMI - Republika e S\u00ebrbis\u00eb Trupi Koordinues p\u00ebr komunat Bujanoc, Preshev\u00eb dhe Medvegj\u00eb","isPartOf":{"@id":"https:\/\/kt.gov.rs\/#website"},"primaryImageOfPage":{"@id":"https:\/\/kt.gov.rs\/sq\/mesues-gjusa-kerkon-ndihme-ne-menyre-qe-femijeve-ti-lehtesohet-mesimi\/#primaryimage"},"image":{"@id":"https:\/\/kt.gov.rs\/sq\/mesues-gjusa-kerkon-ndihme-ne-menyre-qe-femijeve-ti-lehtesohet-mesimi\/#primaryimage"},"thumbnailUrl":"https:\/\/kt.gov.rs\/wp-content\/uploads\/2024\/07\/1634816963_211021_1-3.jpg","datePublished":"2021-10-21T00:00:00+00:00","dateModified":"2024-07-30T17:59:02+00:00","breadcrumb":{"@id":"https:\/\/kt.gov.rs\/sq\/mesues-gjusa-kerkon-ndihme-ne-menyre-qe-femijeve-ti-lehtesohet-mesimi\/#breadcrumb"},"inLanguage":"sq-AL","potentialAction":[{"@type":"ReadAction","target":["https:\/\/kt.gov.rs\/sq\/mesues-gjusa-kerkon-ndihme-ne-menyre-qe-femijeve-ti-lehtesohet-mesimi\/"]}]},{"@type":"ImageObject","inLanguage":"sq-AL","@id":"https:\/\/kt.gov.rs\/sq\/mesues-gjusa-kerkon-ndihme-ne-menyre-qe-femijeve-ti-lehtesohet-mesimi\/#primaryimage","url":"https:\/\/kt.gov.rs\/wp-content\/uploads\/2024\/07\/1634816963_211021_1-3.jpg","contentUrl":"https:\/\/kt.gov.rs\/wp-content\/uploads\/2024\/07\/1634816963_211021_1-3.jpg","width":315,"height":230},{"@type":"BreadcrumbList","@id":"https:\/\/kt.gov.rs\/sq\/mesues-gjusa-kerkon-ndihme-ne-menyre-qe-femijeve-ti-lehtesohet-mesimi\/#breadcrumb","itemListElement":[{"@type":"ListItem","position":1,"name":"\u041f\u043e\u0447\u0435\u0442\u043d\u0430","item":"https:\/\/kt.gov.rs\/sq\/"},{"@type":"ListItem","position":2,"name":"M\u00cbSUES GJUSA K\u00cbRKON NDIHM\u00cb N\u00cb M\u00cbNYR\u00cb Q\u00cb F\u00cbMIJ\u00cbVE TI LEHT\u00cbSOHET M\u00cbSIMI"}]},{"@type":"WebSite","@id":"https:\/\/kt.gov.rs\/#website","url":"https:\/\/kt.gov.rs\/","name":"\u041a\u043e\u043e\u0440\u0434\u0438\u043d\u0430\u0446\u0438\u043e\u043d\u043e \u0442\u0435\u043b\u043e \u0412\u043b\u0430\u0434\u0435 \u0420\u0435\u043f\u0443\u0431\u043b\u0438\u043a\u0435 \u0421\u0440\u0431\u0438\u0458\u0435 \u0437\u0430 \u043e\u043f\u0448\u0442\u0438\u043d\u0435 \u041f\u0440\u0435\u0448\u0435\u0432\u043e, \u0411\u0443\u0458\u0430\u043d\u043e\u0432\u0430\u0446 \u0438 \u041c\u0435\u0434\u0432\u0435\u0452a","description":"","publisher":{"@id":"https:\/\/kt.gov.rs\/#organization"},"alternateName":"\u041a\u043e\u043e\u0440\u0434\u0438\u043d\u0430\u0446\u0438\u043e\u043d\u043e \u0442\u0435\u043b\u043e","potentialAction":[{"@type":"SearchAction","target":{"@type":"EntryPoint","urlTemplate":"https:\/\/kt.gov.rs\/?s={search_term_string}"},"query-input":{"@type":"PropertyValueSpecification","valueRequired":true,"valueName":"search_term_string"}}],"inLanguage":"sq-AL"},{"@type":"Organization","@id":"https:\/\/kt.gov.rs\/#organization","name":"\u041a\u043e\u043e\u0440\u0434\u0438\u043d\u0430\u0446\u0438\u043e\u043d\u043e \u0442\u0435\u043b\u043e \u0412\u043b\u0430\u0434\u0435 \u0420\u0435\u043f\u0443\u0431\u043b\u0438\u043a\u0435 \u0421\u0440\u0431\u0438\u0458\u0435 \u0437\u0430 \u043e\u043f\u0448\u0442\u0438\u043d\u0435 \u041f\u0440\u0435\u0448\u0435\u0432\u043e, \u0411\u0443\u0458\u0430\u043d\u043e\u0432\u0430\u0446 \u0438 \u041c\u0435\u0434\u0432\u0435\u0452a","alternateName":"\u041a\u043e\u043e\u0440\u0434\u0438\u043d\u0430\u0446\u0438\u043e\u043d\u043e \u0442\u0435\u043b\u043e","url":"https:\/\/kt.gov.rs\/","logo":{"@type":"ImageObject","inLanguage":"sq-AL","@id":"https:\/\/kt.gov.rs\/#\/schema\/logo\/image\/","url":"https:\/\/kt.gov.rs\/wp-content\/uploads\/2024\/12\/koord2.jpg","contentUrl":"https:\/\/kt.gov.rs\/wp-content\/uploads\/2024\/12\/koord2.jpg","width":640,"height":480,"caption":"\u041a\u043e\u043e\u0440\u0434\u0438\u043d\u0430\u0446\u0438\u043e\u043d\u043e \u0442\u0435\u043b\u043e \u0412\u043b\u0430\u0434\u0435 \u0420\u0435\u043f\u0443\u0431\u043b\u0438\u043a\u0435 \u0421\u0440\u0431\u0438\u0458\u0435 \u0437\u0430 \u043e\u043f\u0448\u0442\u0438\u043d\u0435 \u041f\u0440\u0435\u0448\u0435\u0432\u043e, \u0411\u0443\u0458\u0430\u043d\u043e\u0432\u0430\u0446 \u0438 \u041c\u0435\u0434\u0432\u0435\u0452a"},"image":{"@id":"https:\/\/kt.gov.rs\/#\/schema\/logo\/image\/"},"sameAs":["https:\/\/www.facebook.com\/SluzbaKoordinacionogTelaVladeRepublikeSrbije","https:\/\/x.com\/kt_gov","https:\/\/www.youtube.com\/@koordinacionotelo"]},{"@type":"Person","@id":"https:\/\/kt.gov.rs\/#\/schema\/person\/e426459ddb4173309103390602694571","name":"ktmin","image":{"@type":"ImageObject","inLanguage":"sq-AL","@id":"https:\/\/secure.gravatar.com\/avatar\/3985c961109853010c3fbc7ba30365bfba5db3dd6c525831d9c595c7525a615a?s=96&d=mm&r=g","url":"https:\/\/secure.gravatar.com\/avatar\/3985c961109853010c3fbc7ba30365bfba5db3dd6c525831d9c595c7525a615a?s=96&d=mm&r=g","contentUrl":"https:\/\/secure.gravatar.com\/avatar\/3985c961109853010c3fbc7ba30365bfba5db3dd6c525831d9c595c7525a615a?s=96&d=mm&r=g","caption":"ktmin"},"sameAs":["https:\/\/kt.gov.rs"],"url":"https:\/\/kt.gov.rs\/sq\/author\/ktmin\/"}]}},"_links":{"self":[{"href":"https:\/\/kt.gov.rs\/sq\/wp-json\/wp\/v2\/posts\/108959","targetHints":{"allow":["GET"]}}],"collection":[{"href":"https:\/\/kt.gov.rs\/sq\/wp-json\/wp\/v2\/posts"}],"about":[{"href":"https:\/\/kt.gov.rs\/sq\/wp-json\/wp\/v2\/types\/post"}],"author":[{"embeddable":true,"href":"https:\/\/kt.gov.rs\/sq\/wp-json\/wp\/v2\/users\/1"}],"replies":[{"embeddable":true,"href":"https:\/\/kt.gov.rs\/sq\/wp-json\/wp\/v2\/comments?post=108959"}],"version-history":[{"count":1,"href":"https:\/\/kt.gov.rs\/sq\/wp-json\/wp\/v2\/posts\/108959\/revisions"}],"predecessor-version":[{"id":108963,"href":"https:\/\/kt.gov.rs\/sq\/wp-json\/wp\/v2\/posts\/108959\/revisions\/108963"}],"wp:featuredmedia":[{"embeddable":true,"href":"https:\/\/kt.gov.rs\/sq\/wp-json\/wp\/v2\/media\/108964"}],"wp:attachment":[{"href":"https:\/\/kt.gov.rs\/sq\/wp-json\/wp\/v2\/media?parent=108959"}],"wp:term":[{"taxonomy":"category","embeddable":true,"href":"https:\/\/kt.gov.rs\/sq\/wp-json\/wp\/v2\/categories?post=108959"},{"taxonomy":"post_tag","embeddable":true,"href":"https:\/\/kt.gov.rs\/sq\/wp-json\/wp\/v2\/tags?post=108959"}],"curies":[{"name":"wp","href":"https:\/\/api.w.org\/{rel}","templated":true}]}}