{"id":108919,"date":"2021-10-28T00:00:00","date_gmt":"2021-10-28T00:00:00","guid":{"rendered":"http:\/\/kt.printandscreen.rs\/bogdan-matiq-ne-keshillin-e-unicef-it\/"},"modified":"2024-07-30T17:58:58","modified_gmt":"2024-07-30T17:58:58","slug":"bogdan-matiq-ne-keshillin-e-unicef-it","status":"publish","type":"post","link":"https:\/\/kt.gov.rs\/sq\/bogdan-matiq-ne-keshillin-e-unicef-it\/","title":{"rendered":"BOGDAN MATIQ N\u00cb K\u00cbSHILLIN E UNICEF-IT"},"content":{"rendered":"<p>\n\t<strong><img decoding=\"async\" alt=\"\" src=\"https:\/\/kt.gov.rs\/wp-content\/uploads\/2024\/07\/1635412704_281021_2-2.jpg\" style=\"width: 315px; height: 230px; float: left;\" \/>Bujanoc \u2013 Beograd<\/strong>\u00a0\u2013\u00a0Bogdan Matiq nga Bujanoci u zgjodh an\u00ebtar i K\u00ebshillit t\u00eb Rinis\u00eb s\u00eb UNICEF-it n\u00eb Serbi dhe mori titullin e k\u00ebshilltarit\u00a0 Kryesor t\u00eb Programit t\u00eb Rinis\u00eb.<\/p>\n<p>\n\tVitin e ardhsh\u00ebm do t\u00eb punoj\u00eb q\u00eb z\u00ebri i t\u00eb rinjve n\u00eb shoq\u00ebri t\u00eb d\u00ebgjohet m\u00eb shum\u00eb p\u00ebr tema q\u00eb i interesojn\u00eb, i \u201cthimbin\u201d, shqet\u00ebsojn\u00eb apo q\u00eb mund t\u00eb ndikojn\u00eb pozitivisht me p\u00ebrpjekjet e tyre.<\/p>\n<p>\n\t\u00a0\u201cJam krenar dhe i lumtur. P\u00ebr her\u00eb t\u00eb par\u00eb n\u00eb histori, Bujanoci ka nj\u00eb p\u00ebrfaq\u00ebsues t\u00eb t\u00eb rinjve n\u00eb UNICEF. \u00cbsht\u00eb diku kurora e pun\u00ebs dhe pun\u00ebs sime t\u00eb deritanishme, edhe pse n\u00eb fakt jam n\u00eb fillim\u201d, thot\u00eb me buz\u00ebqeshje Bogdani.<\/p>\n<p>\n\tMe k\u00ebt\u00eb sukses, Bogdani i dha Bujanocit nj\u00eb njohje t\u00eb madhe dhe familjes Matiq i dha shum\u00eb arsye p\u00ebr krenari. Ai \u00ebsht\u00eb meq\u00eb ra fjala, nipi i Zhivota Matiqit, korrespondent shum\u00ebvje\u00e7ar i Politik\u00ebs nga Bujanoci, i cili nd\u00ebrroi jet\u00eb n\u00eb vitin 2019.<\/p>\n<p>\n\tBogdani nuk e fsheh k\u00ebnaq\u00ebsin\u00eb q\u00eb \u00ebsht\u00eb zgjedhur n\u00eb bordin e nj\u00eb organizate bot\u00ebrore dhe shpreson q\u00eb, si\u00e7 thot\u00eb ai t\u00eb jet\u00eb nj\u00eb k\u00ebshilltar dhe p\u00ebrfaq\u00ebsues i mir\u00eb i t\u00eb rinjve t\u00eb bashk\u00ebsis\u00eb\u00a0 t\u00eb tij, jo vet\u00ebm n\u00eb at\u00eb vendor por edhe n\u00eb n\u00eb nivel rajonal dhe nd\u00ebrkomb\u00ebtar.<\/p>\n<p>\n\t\u00a0\u201cMisioni i UNICEF-it \u00ebsht\u00eb nj\u00eb pozicion m\u00eb i mir\u00eb dhe t\u00eb drejta m\u00eb t\u00eb m\u00ebdha t\u00eb f\u00ebmij\u00ebve dhe t\u00eb rinjve, q\u00eb diku \u00ebsht\u00eb edhe synimi im personal, q\u00eb \u00e7do f\u00ebmij\u00eb, pavar\u00ebsisht statusit social apo p\u00ebrkat\u00ebsis\u00eb n\u00eb nj\u00eb grup t\u00eb margjinalizuar t\u00eb ket\u00eb nj\u00eb f\u00ebmij\u00ebri t\u00eb lumtur dhe t\u00eb pakujdesshme pa diskriminim dhe stereotipe\u201d, tha Bogdani.<\/p>\n<p>\n\tAi dhe 7 kandidat\u00eb t\u00eb tjer\u00eb nga qytetet e tjera t\u00eb Serbis\u00eb u zgjodh\u00ebn n\u00eb nj\u00eb gar\u00eb t\u00eb madhe.<\/p>\n<p>\n\tSi k\u00ebshilltar kryesor i Programit Rinor, Bogdani do t\u00eb avokoj\u00eb p\u00ebr t\u00eb drejtat e t\u00eb rinjve dhe do t\u00eb inkurajoj\u00eb bashk\u00ebmoshatar\u00ebt e tij t\u00eb b\u00ebjn\u00eb t\u00eb nj\u00ebjt\u00ebn gj\u00eb, do t\u00eb kontribuoj\u00eb n\u00eb misionin e UNICEF-it p\u00ebr t\u00eb b\u00ebr\u00eb m\u00eb t\u00eb p\u00ebrfaq\u00ebsuar dhe m\u00eb t\u00eb njohur rolin e t\u00eb rinjve n\u00eb shoq\u00ebri, p\u00ebr t\u00eb b\u00ebr\u00eb m\u00eb t\u00eb respektuar rekomandimet e t\u00eb rinjve.<\/p>\n<p>\n\t\u00a0\u201cZ\u00ebri i t\u00eb rinjve dhe ajo q\u00eb ata kan\u00eb p\u00ebr t\u00eb th\u00ebn\u00eb duhet t\u00eb d\u00ebgjohet m\u00eb shum\u00eb n\u00eb shoq\u00ebri dhe \u00ebsht\u00eb detyrim i shoq\u00ebris\u00eb ta mb\u00ebshtes\u00eb at\u00eb\u201d, p\u00ebrfundon Bogdani.<\/p>\n<p>\n\tAktivizimi, njohurit\u00eb, aft\u00ebsit\u00eb e Bogdanit, pjes\u00ebmarrja n\u00eb jet\u00ebn publike, d\u00ebshira p\u00ebr t\u00eb ndikuar te bashk\u00ebmoshatar\u00ebt e tij me shembull personal \u00a0p\u00ebr t\u00eb ndryshuar komunitetin e tij lokal p\u00ebr mir\u00eb, ndikuan n\u00eb vendimin e tij p\u00ebr t\u00eb aplikuar p\u00ebr ftes\u00ebn e UNICEF-it p\u00ebr t&#39;u b\u00ebr\u00eb an\u00ebtar i \u00a0K\u00ebshillit\u00a0 t\u00eb Rinis\u00eb.<\/p>\n<p>\n\tUNICEF \u00ebsht\u00eb nj\u00eb fond nd\u00ebrkomb\u00ebtar p\u00ebr f\u00ebmij\u00ebt dhe t\u00eb rinjt\u00eb q\u00eb kujdeset p\u00ebr cil\u00ebsin\u00eb e standardit t\u00eb tyre t\u00eb jetes\u00ebs. Ajo u themelua n\u00eb vitin 1946 n\u00eb Kombet e Bashkuara. Tenistja Ana Ivanoviq dhe basketbollisti Aleksandar Sasha Gjorgjeviq jan\u00eb ambasador\u00eb t\u00eb UNICEF-it n\u00eb Serbi.<\/p>\n<p>\n\t<strong>Burimi: Bujanova\u00e7ke dhe Trupi Koordinues<\/strong><\/p>\n<p>\n\t\u00a0<\/p>\n","protected":false},"excerpt":{"rendered":"<p>Bujanoc \u2013 Beograd\u00a0\u2013\u00a0Bogdan Matiq nga Bujanoci u zgjodh an\u00ebtar i K\u00ebshillit t\u00eb Rinis\u00eb s\u00eb UNICEF-it n\u00eb Serbi dhe mori titullin e k\u00ebshilltarit\u00a0 Kryesor t\u00eb Programit t\u00eb Rinis\u00eb.<\/p>\n","protected":false},"author":1,"featured_media":108924,"comment_status":"closed","ping_status":"closed","sticky":false,"template":"","format":"standard","meta":{"footnotes":""},"categories":[55],"tags":[],"class_list":["post-108919","post","type-post","status-publish","format-standard","has-post-thumbnail","hentry","category-lajme"],"yoast_head":"<!-- This site is optimized with the Yoast SEO plugin v27.5 - https:\/\/yoast.com\/product\/yoast-seo-wordpress\/ -->\n<title>BOGDAN MATIQ N\u00cb K\u00cbSHILLIN E UNICEF-IT - Republika e S\u00ebrbis\u00eb Trupi Koordinues p\u00ebr komunat Bujanoc, Preshev\u00eb dhe Medvegj\u00eb<\/title>\n<meta name=\"robots\" content=\"index, follow, max-snippet:-1, max-image-preview:large, max-video-preview:-1\" \/>\n<link rel=\"canonical\" href=\"https:\/\/kt.gov.rs\/sq\/bogdan-matiq-ne-keshillin-e-unicef-it\/\" \/>\n<meta property=\"og:locale\" content=\"sq_AL\" \/>\n<meta property=\"og:type\" content=\"article\" \/>\n<meta property=\"og:title\" content=\"BOGDAN MATIQ N\u00cb K\u00cbSHILLIN E UNICEF-IT - Republika e S\u00ebrbis\u00eb Trupi Koordinues p\u00ebr komunat Bujanoc, Preshev\u00eb dhe Medvegj\u00eb\" \/>\n<meta property=\"og:description\" content=\"Bujanoc - Beograd\u00a0-\u00a0Bogdan Matiq nga Bujanoci u zgjodh an\u00ebtar i K\u00ebshillit t\u00eb Rinis\u00eb s\u00eb UNICEF-it n\u00eb Serbi dhe mori titullin e k\u00ebshilltarit\u00a0 Kryesor t\u00eb Programit t\u00eb Rinis\u00eb.\" \/>\n<meta property=\"og:url\" content=\"https:\/\/kt.gov.rs\/sq\/bogdan-matiq-ne-keshillin-e-unicef-it\/\" \/>\n<meta property=\"og:site_name\" content=\"Republika e S\u00ebrbis\u00eb Trupi Koordinues p\u00ebr komunat Bujanoc, Preshev\u00eb dhe Medvegj\u00eb\" \/>\n<meta property=\"article:publisher\" content=\"https:\/\/www.facebook.com\/SluzbaKoordinacionogTelaVladeRepublikeSrbije\" \/>\n<meta property=\"article:published_time\" content=\"2021-10-28T00:00:00+00:00\" \/>\n<meta property=\"article:modified_time\" content=\"2024-07-30T17:58:58+00:00\" \/>\n<meta property=\"og:image\" content=\"https:\/\/kt.gov.rs\/wp-content\/uploads\/2024\/07\/1635412704_281021_2-3.jpg\" \/>\n\t<meta property=\"og:image:width\" content=\"315\" \/>\n\t<meta property=\"og:image:height\" content=\"230\" \/>\n\t<meta property=\"og:image:type\" content=\"image\/jpeg\" \/>\n<meta name=\"author\" content=\"ktmin\" \/>\n<meta name=\"twitter:card\" content=\"summary_large_image\" \/>\n<meta name=\"twitter:creator\" content=\"@kt_gov\" \/>\n<meta name=\"twitter:site\" content=\"@kt_gov\" \/>\n<meta name=\"twitter:label1\" content=\"Written by\" \/>\n\t<meta name=\"twitter:data1\" content=\"ktmin\" \/>\n\t<meta name=\"twitter:label2\" content=\"Est. reading time\" \/>\n\t<meta name=\"twitter:data2\" content=\"4 minutes\" \/>\n<script type=\"application\/ld+json\" class=\"yoast-schema-graph\">{\"@context\":\"https:\\\/\\\/schema.org\",\"@graph\":[{\"@type\":\"Article\",\"@id\":\"https:\\\/\\\/kt.gov.rs\\\/sq\\\/bogdan-matiq-ne-keshillin-e-unicef-it\\\/#article\",\"isPartOf\":{\"@id\":\"https:\\\/\\\/kt.gov.rs\\\/sq\\\/bogdan-matiq-ne-keshillin-e-unicef-it\\\/\"},\"author\":{\"name\":\"ktmin\",\"@id\":\"https:\\\/\\\/kt.gov.rs\\\/#\\\/schema\\\/person\\\/e426459ddb4173309103390602694571\"},\"headline\":\"BOGDAN MATIQ N\u00cb K\u00cbSHILLIN E UNICEF-IT\",\"datePublished\":\"2021-10-28T00:00:00+00:00\",\"dateModified\":\"2024-07-30T17:58:58+00:00\",\"mainEntityOfPage\":{\"@id\":\"https:\\\/\\\/kt.gov.rs\\\/sq\\\/bogdan-matiq-ne-keshillin-e-unicef-it\\\/\"},\"wordCount\":824,\"publisher\":{\"@id\":\"https:\\\/\\\/kt.gov.rs\\\/#organization\"},\"image\":{\"@id\":\"https:\\\/\\\/kt.gov.rs\\\/sq\\\/bogdan-matiq-ne-keshillin-e-unicef-it\\\/#primaryimage\"},\"thumbnailUrl\":\"https:\\\/\\\/kt.gov.rs\\\/wp-content\\\/uploads\\\/2024\\\/07\\\/1635412704_281021_2-3.jpg\",\"articleSection\":[\"Lajme\"],\"inLanguage\":\"sq-AL\"},{\"@type\":\"WebPage\",\"@id\":\"https:\\\/\\\/kt.gov.rs\\\/sq\\\/bogdan-matiq-ne-keshillin-e-unicef-it\\\/\",\"url\":\"https:\\\/\\\/kt.gov.rs\\\/sq\\\/bogdan-matiq-ne-keshillin-e-unicef-it\\\/\",\"name\":\"BOGDAN MATIQ N\u00cb K\u00cbSHILLIN E UNICEF-IT - Republika e S\u00ebrbis\u00eb Trupi Koordinues p\u00ebr komunat Bujanoc, Preshev\u00eb dhe Medvegj\u00eb\",\"isPartOf\":{\"@id\":\"https:\\\/\\\/kt.gov.rs\\\/#website\"},\"primaryImageOfPage\":{\"@id\":\"https:\\\/\\\/kt.gov.rs\\\/sq\\\/bogdan-matiq-ne-keshillin-e-unicef-it\\\/#primaryimage\"},\"image\":{\"@id\":\"https:\\\/\\\/kt.gov.rs\\\/sq\\\/bogdan-matiq-ne-keshillin-e-unicef-it\\\/#primaryimage\"},\"thumbnailUrl\":\"https:\\\/\\\/kt.gov.rs\\\/wp-content\\\/uploads\\\/2024\\\/07\\\/1635412704_281021_2-3.jpg\",\"datePublished\":\"2021-10-28T00:00:00+00:00\",\"dateModified\":\"2024-07-30T17:58:58+00:00\",\"breadcrumb\":{\"@id\":\"https:\\\/\\\/kt.gov.rs\\\/sq\\\/bogdan-matiq-ne-keshillin-e-unicef-it\\\/#breadcrumb\"},\"inLanguage\":\"sq-AL\",\"potentialAction\":[{\"@type\":\"ReadAction\",\"target\":[\"https:\\\/\\\/kt.gov.rs\\\/sq\\\/bogdan-matiq-ne-keshillin-e-unicef-it\\\/\"]}]},{\"@type\":\"ImageObject\",\"inLanguage\":\"sq-AL\",\"@id\":\"https:\\\/\\\/kt.gov.rs\\\/sq\\\/bogdan-matiq-ne-keshillin-e-unicef-it\\\/#primaryimage\",\"url\":\"https:\\\/\\\/kt.gov.rs\\\/wp-content\\\/uploads\\\/2024\\\/07\\\/1635412704_281021_2-3.jpg\",\"contentUrl\":\"https:\\\/\\\/kt.gov.rs\\\/wp-content\\\/uploads\\\/2024\\\/07\\\/1635412704_281021_2-3.jpg\",\"width\":315,\"height\":230},{\"@type\":\"BreadcrumbList\",\"@id\":\"https:\\\/\\\/kt.gov.rs\\\/sq\\\/bogdan-matiq-ne-keshillin-e-unicef-it\\\/#breadcrumb\",\"itemListElement\":[{\"@type\":\"ListItem\",\"position\":1,\"name\":\"Po\u010detna\",\"item\":\"https:\\\/\\\/kt.gov.rs\\\/sq\\\/\"},{\"@type\":\"ListItem\",\"position\":2,\"name\":\"BOGDAN MATIQ N\u00cb K\u00cbSHILLIN E UNICEF-IT\"}]},{\"@type\":\"WebSite\",\"@id\":\"https:\\\/\\\/kt.gov.rs\\\/#website\",\"url\":\"https:\\\/\\\/kt.gov.rs\\\/\",\"name\":\"Koordinaciono telo Vlade Republike Srbije za op\u0161tine Pre\u0161evo, Bujanovac i Medve\u0111a\",\"description\":\"\",\"publisher\":{\"@id\":\"https:\\\/\\\/kt.gov.rs\\\/#organization\"},\"alternateName\":\"Koordinaciono telo\",\"potentialAction\":[{\"@type\":\"SearchAction\",\"target\":{\"@type\":\"EntryPoint\",\"urlTemplate\":\"https:\\\/\\\/kt.gov.rs\\\/?s={search_term_string}\"},\"query-input\":{\"@type\":\"PropertyValueSpecification\",\"valueRequired\":true,\"valueName\":\"search_term_string\"}}],\"inLanguage\":\"sq-AL\"},{\"@type\":\"Organization\",\"@id\":\"https:\\\/\\\/kt.gov.rs\\\/#organization\",\"name\":\"Koordinaciono telo Vlade Republike Srbije za op\u0161tine Pre\u0161evo, Bujanovac i Medve\u0111a\",\"alternateName\":\"Koordinaciono telo\",\"url\":\"https:\\\/\\\/kt.gov.rs\\\/\",\"logo\":{\"@type\":\"ImageObject\",\"inLanguage\":\"sq-AL\",\"@id\":\"https:\\\/\\\/kt.gov.rs\\\/#\\\/schema\\\/logo\\\/image\\\/\",\"url\":\"https:\\\/\\\/kt.gov.rs\\\/wp-content\\\/uploads\\\/2024\\\/12\\\/koord2.jpg\",\"contentUrl\":\"https:\\\/\\\/kt.gov.rs\\\/wp-content\\\/uploads\\\/2024\\\/12\\\/koord2.jpg\",\"width\":640,\"height\":480,\"caption\":\"Koordinaciono telo Vlade Republike Srbije za op\u0161tine Pre\u0161evo, Bujanovac i Medve\u0111a\"},\"image\":{\"@id\":\"https:\\\/\\\/kt.gov.rs\\\/#\\\/schema\\\/logo\\\/image\\\/\"},\"sameAs\":[\"https:\\\/\\\/www.facebook.com\\\/SluzbaKoordinacionogTelaVladeRepublikeSrbije\",\"https:\\\/\\\/x.com\\\/kt_gov\",\"https:\\\/\\\/www.youtube.com\\\/@koordinacionotelo\"]},{\"@type\":\"Person\",\"@id\":\"https:\\\/\\\/kt.gov.rs\\\/#\\\/schema\\\/person\\\/e426459ddb4173309103390602694571\",\"name\":\"ktmin\",\"image\":{\"@type\":\"ImageObject\",\"inLanguage\":\"sq-AL\",\"@id\":\"https:\\\/\\\/secure.gravatar.com\\\/avatar\\\/3985c961109853010c3fbc7ba30365bfba5db3dd6c525831d9c595c7525a615a?s=96&d=mm&r=g\",\"url\":\"https:\\\/\\\/secure.gravatar.com\\\/avatar\\\/3985c961109853010c3fbc7ba30365bfba5db3dd6c525831d9c595c7525a615a?s=96&d=mm&r=g\",\"contentUrl\":\"https:\\\/\\\/secure.gravatar.com\\\/avatar\\\/3985c961109853010c3fbc7ba30365bfba5db3dd6c525831d9c595c7525a615a?s=96&d=mm&r=g\",\"caption\":\"ktmin\"},\"sameAs\":[\"https:\\\/\\\/kt.gov.rs\"],\"url\":\"https:\\\/\\\/kt.gov.rs\\\/sq\\\/author\\\/ktmin\\\/\"}]}<\/script>\n<!-- \/ Yoast SEO plugin. -->","yoast_head_json":{"title":"BOGDAN MATIQ N\u00cb K\u00cbSHILLIN E UNICEF-IT - Republika e S\u00ebrbis\u00eb Trupi Koordinues p\u00ebr komunat Bujanoc, Preshev\u00eb dhe Medvegj\u00eb","robots":{"index":"index","follow":"follow","max-snippet":"max-snippet:-1","max-image-preview":"max-image-preview:large","max-video-preview":"max-video-preview:-1"},"canonical":"https:\/\/kt.gov.rs\/sq\/bogdan-matiq-ne-keshillin-e-unicef-it\/","og_locale":"sq_AL","og_type":"article","og_title":"BOGDAN MATIQ N\u00cb K\u00cbSHILLIN E UNICEF-IT - Republika e S\u00ebrbis\u00eb Trupi Koordinues p\u00ebr komunat Bujanoc, Preshev\u00eb dhe Medvegj\u00eb","og_description":"Bujanoc - Beograd\u00a0-\u00a0Bogdan Matiq nga Bujanoci u zgjodh an\u00ebtar i K\u00ebshillit t\u00eb Rinis\u00eb s\u00eb UNICEF-it n\u00eb Serbi dhe mori titullin e k\u00ebshilltarit\u00a0 Kryesor t\u00eb Programit t\u00eb Rinis\u00eb.","og_url":"https:\/\/kt.gov.rs\/sq\/bogdan-matiq-ne-keshillin-e-unicef-it\/","og_site_name":"Republika e S\u00ebrbis\u00eb Trupi Koordinues p\u00ebr komunat Bujanoc, Preshev\u00eb dhe Medvegj\u00eb","article_publisher":"https:\/\/www.facebook.com\/SluzbaKoordinacionogTelaVladeRepublikeSrbije","article_published_time":"2021-10-28T00:00:00+00:00","article_modified_time":"2024-07-30T17:58:58+00:00","og_image":[{"width":315,"height":230,"url":"https:\/\/kt.gov.rs\/wp-content\/uploads\/2024\/07\/1635412704_281021_2-3.jpg","type":"image\/jpeg"}],"author":"ktmin","twitter_card":"summary_large_image","twitter_creator":"@kt_gov","twitter_site":"@kt_gov","twitter_misc":{"Written by":"ktmin","Est. reading time":"4 minutes"},"schema":{"@context":"https:\/\/schema.org","@graph":[{"@type":"Article","@id":"https:\/\/kt.gov.rs\/sq\/bogdan-matiq-ne-keshillin-e-unicef-it\/#article","isPartOf":{"@id":"https:\/\/kt.gov.rs\/sq\/bogdan-matiq-ne-keshillin-e-unicef-it\/"},"author":{"name":"ktmin","@id":"https:\/\/kt.gov.rs\/#\/schema\/person\/e426459ddb4173309103390602694571"},"headline":"BOGDAN MATIQ N\u00cb K\u00cbSHILLIN E UNICEF-IT","datePublished":"2021-10-28T00:00:00+00:00","dateModified":"2024-07-30T17:58:58+00:00","mainEntityOfPage":{"@id":"https:\/\/kt.gov.rs\/sq\/bogdan-matiq-ne-keshillin-e-unicef-it\/"},"wordCount":824,"publisher":{"@id":"https:\/\/kt.gov.rs\/#organization"},"image":{"@id":"https:\/\/kt.gov.rs\/sq\/bogdan-matiq-ne-keshillin-e-unicef-it\/#primaryimage"},"thumbnailUrl":"https:\/\/kt.gov.rs\/wp-content\/uploads\/2024\/07\/1635412704_281021_2-3.jpg","articleSection":["Lajme"],"inLanguage":"sq-AL"},{"@type":"WebPage","@id":"https:\/\/kt.gov.rs\/sq\/bogdan-matiq-ne-keshillin-e-unicef-it\/","url":"https:\/\/kt.gov.rs\/sq\/bogdan-matiq-ne-keshillin-e-unicef-it\/","name":"BOGDAN MATIQ N\u00cb K\u00cbSHILLIN E UNICEF-IT - Republika e S\u00ebrbis\u00eb Trupi Koordinues p\u00ebr komunat Bujanoc, Preshev\u00eb dhe Medvegj\u00eb","isPartOf":{"@id":"https:\/\/kt.gov.rs\/#website"},"primaryImageOfPage":{"@id":"https:\/\/kt.gov.rs\/sq\/bogdan-matiq-ne-keshillin-e-unicef-it\/#primaryimage"},"image":{"@id":"https:\/\/kt.gov.rs\/sq\/bogdan-matiq-ne-keshillin-e-unicef-it\/#primaryimage"},"thumbnailUrl":"https:\/\/kt.gov.rs\/wp-content\/uploads\/2024\/07\/1635412704_281021_2-3.jpg","datePublished":"2021-10-28T00:00:00+00:00","dateModified":"2024-07-30T17:58:58+00:00","breadcrumb":{"@id":"https:\/\/kt.gov.rs\/sq\/bogdan-matiq-ne-keshillin-e-unicef-it\/#breadcrumb"},"inLanguage":"sq-AL","potentialAction":[{"@type":"ReadAction","target":["https:\/\/kt.gov.rs\/sq\/bogdan-matiq-ne-keshillin-e-unicef-it\/"]}]},{"@type":"ImageObject","inLanguage":"sq-AL","@id":"https:\/\/kt.gov.rs\/sq\/bogdan-matiq-ne-keshillin-e-unicef-it\/#primaryimage","url":"https:\/\/kt.gov.rs\/wp-content\/uploads\/2024\/07\/1635412704_281021_2-3.jpg","contentUrl":"https:\/\/kt.gov.rs\/wp-content\/uploads\/2024\/07\/1635412704_281021_2-3.jpg","width":315,"height":230},{"@type":"BreadcrumbList","@id":"https:\/\/kt.gov.rs\/sq\/bogdan-matiq-ne-keshillin-e-unicef-it\/#breadcrumb","itemListElement":[{"@type":"ListItem","position":1,"name":"Po\u010detna","item":"https:\/\/kt.gov.rs\/sq\/"},{"@type":"ListItem","position":2,"name":"BOGDAN MATIQ N\u00cb K\u00cbSHILLIN E UNICEF-IT"}]},{"@type":"WebSite","@id":"https:\/\/kt.gov.rs\/#website","url":"https:\/\/kt.gov.rs\/","name":"Koordinaciono telo Vlade Republike Srbije za op\u0161tine Pre\u0161evo, Bujanovac i Medve\u0111a","description":"","publisher":{"@id":"https:\/\/kt.gov.rs\/#organization"},"alternateName":"Koordinaciono telo","potentialAction":[{"@type":"SearchAction","target":{"@type":"EntryPoint","urlTemplate":"https:\/\/kt.gov.rs\/?s={search_term_string}"},"query-input":{"@type":"PropertyValueSpecification","valueRequired":true,"valueName":"search_term_string"}}],"inLanguage":"sq-AL"},{"@type":"Organization","@id":"https:\/\/kt.gov.rs\/#organization","name":"Koordinaciono telo Vlade Republike Srbije za op\u0161tine Pre\u0161evo, Bujanovac i Medve\u0111a","alternateName":"Koordinaciono telo","url":"https:\/\/kt.gov.rs\/","logo":{"@type":"ImageObject","inLanguage":"sq-AL","@id":"https:\/\/kt.gov.rs\/#\/schema\/logo\/image\/","url":"https:\/\/kt.gov.rs\/wp-content\/uploads\/2024\/12\/koord2.jpg","contentUrl":"https:\/\/kt.gov.rs\/wp-content\/uploads\/2024\/12\/koord2.jpg","width":640,"height":480,"caption":"Koordinaciono telo Vlade Republike Srbije za op\u0161tine Pre\u0161evo, Bujanovac i Medve\u0111a"},"image":{"@id":"https:\/\/kt.gov.rs\/#\/schema\/logo\/image\/"},"sameAs":["https:\/\/www.facebook.com\/SluzbaKoordinacionogTelaVladeRepublikeSrbije","https:\/\/x.com\/kt_gov","https:\/\/www.youtube.com\/@koordinacionotelo"]},{"@type":"Person","@id":"https:\/\/kt.gov.rs\/#\/schema\/person\/e426459ddb4173309103390602694571","name":"ktmin","image":{"@type":"ImageObject","inLanguage":"sq-AL","@id":"https:\/\/secure.gravatar.com\/avatar\/3985c961109853010c3fbc7ba30365bfba5db3dd6c525831d9c595c7525a615a?s=96&d=mm&r=g","url":"https:\/\/secure.gravatar.com\/avatar\/3985c961109853010c3fbc7ba30365bfba5db3dd6c525831d9c595c7525a615a?s=96&d=mm&r=g","contentUrl":"https:\/\/secure.gravatar.com\/avatar\/3985c961109853010c3fbc7ba30365bfba5db3dd6c525831d9c595c7525a615a?s=96&d=mm&r=g","caption":"ktmin"},"sameAs":["https:\/\/kt.gov.rs"],"url":"https:\/\/kt.gov.rs\/sq\/author\/ktmin\/"}]}},"_links":{"self":[{"href":"https:\/\/kt.gov.rs\/sq\/wp-json\/wp\/v2\/posts\/108919","targetHints":{"allow":["GET"]}}],"collection":[{"href":"https:\/\/kt.gov.rs\/sq\/wp-json\/wp\/v2\/posts"}],"about":[{"href":"https:\/\/kt.gov.rs\/sq\/wp-json\/wp\/v2\/types\/post"}],"author":[{"embeddable":true,"href":"https:\/\/kt.gov.rs\/sq\/wp-json\/wp\/v2\/users\/1"}],"replies":[{"embeddable":true,"href":"https:\/\/kt.gov.rs\/sq\/wp-json\/wp\/v2\/comments?post=108919"}],"version-history":[{"count":1,"href":"https:\/\/kt.gov.rs\/sq\/wp-json\/wp\/v2\/posts\/108919\/revisions"}],"predecessor-version":[{"id":108923,"href":"https:\/\/kt.gov.rs\/sq\/wp-json\/wp\/v2\/posts\/108919\/revisions\/108923"}],"wp:featuredmedia":[{"embeddable":true,"href":"https:\/\/kt.gov.rs\/sq\/wp-json\/wp\/v2\/media\/108924"}],"wp:attachment":[{"href":"https:\/\/kt.gov.rs\/sq\/wp-json\/wp\/v2\/media?parent=108919"}],"wp:term":[{"taxonomy":"category","embeddable":true,"href":"https:\/\/kt.gov.rs\/sq\/wp-json\/wp\/v2\/categories?post=108919"},{"taxonomy":"post_tag","embeddable":true,"href":"https:\/\/kt.gov.rs\/sq\/wp-json\/wp\/v2\/tags?post=108919"}],"curies":[{"name":"wp","href":"https:\/\/api.w.org\/{rel}","templated":true}]}}