{"id":108911,"date":"2021-11-04T00:00:00","date_gmt":"2021-11-04T00:00:00","guid":{"rendered":"http:\/\/kt.printandscreen.rs\/maja-gojkoviq-ne-manastirin-prohor-pcinjski\/"},"modified":"2024-07-30T17:58:57","modified_gmt":"2024-07-30T17:58:57","slug":"maja-gojkoviq-ne-manastirin-prohor-pcinjski","status":"publish","type":"post","link":"https:\/\/kt.gov.rs\/sq\/maja-gojkoviq-ne-manastirin-prohor-pcinjski\/","title":{"rendered":"MAJA GOJKOVIQ N\u00cb MANASTIRIN PROHOR PCINJSKI"},"content":{"rendered":"<p>\n\t<strong><img decoding=\"async\" alt=\"\" src=\"https:\/\/kt.gov.rs\/wp-content\/uploads\/2024\/07\/1636038945_041121_1-2.jpg\" style=\"width: 315px; height: 230px; float: left;\" \/><\/strong><strong>Bujanoc \u2013 Beograd<\/strong> \u2013 Z\u00ebvend\u00ebskryeministrja e Republik\u00ebs s\u00eb Serbis\u00eb dhe ministrja e kultur\u00ebs dhe informimit Maja Gojkoviq, si e d\u00ebrguar e presidentit t\u00eb Republik\u00ebs s\u00eb Serbis\u00eb, Aleksandar Vu\u00e7iq, mori pjes\u00eb n\u00eb kremtimin e fest\u00ebs s\u00eb manastirit\u00a0 Prohor P\u00e7injski. Kjo\u00a0 ishte edhe ceremonia e fundit e kremtimit t\u00eb jubileut t\u00eb madh t\u00eb 950 vjetorit t\u00eb ekzistenc\u00ebs s\u00eb k\u00ebtij manastiri.<\/p>\n<p>\n\tN\u00eb ceremonin\u00eb solemne, Gojkoviq mori Gramat\u00eb e Eparhis\u00eb\u00a0 s\u00eb Vranj\u00ebs.<\/p>\n<p>\n\t\u201cLetra q\u00eb mora n\u00eb em\u00ebr t\u00eb Ministris\u00eb s\u00eb kultur\u00ebs dhe informimit ka nj\u00eb r\u00ebnd\u00ebsi t\u00eb madhe simbolike dhe na detyron t\u00eb ndihmojm\u00eb n\u00eb mbijetes\u00ebn dhe rinovimin e manastireve dhe kishave, si dhe aktiviteteve t\u00eb tyre kulturore dhe shpirt\u00ebrore, t\u00eb vet\u00ebdijsh\u00ebm p\u00ebr r\u00ebnd\u00ebsin\u00eb t\u00eb ruajtjes s\u00eb trash\u00ebgimis\u00eb kulturore\u201d, tha ministrja e kultur\u00ebs.<\/p>\n<p>\n\tAjo vuri n\u00eb dukje edhe r\u00ebnd\u00ebsin\u00eb e ekzistenc\u00ebs s\u00eb manastirit, si d\u00ebshmitar i koh\u00ebzgjatjes s\u00eb popullit, shtetit dhe kish\u00ebs son\u00eb n\u00eb ato zona.<\/p>\n<p>\n\t\u00a0\u201cNuk ka shum\u00eb monumente kulturore n\u00eb t\u00eb gjith\u00eb bot\u00ebn si ky manastir, i cili n\u00eb t\u00eb nj\u00ebjt\u00ebn koh\u00eb mund t\u00eb mburret me gati nj\u00eb mij\u00ebvje\u00e7ar ekzistenc\u00eb, jet\u00eb t\u00eb vazhdueshme shpirt\u00ebrore dhe nj\u00eb r\u00ebnd\u00ebsi t\u00eb madhe p\u00ebr t\u00eb gjith\u00eb trash\u00ebgimin\u00eb kulturore t\u00eb nj\u00eb kombi\u201d, theksoi Gojkoviq.<\/p>\n<p>\n\tMinistri p\u00ebrkujtoi se manastiret deri m\u00eb sot kan\u00eb qen\u00eb qendra t\u00eb jet\u00ebs kulturore e arsimore, vendtakime, roje t\u00eb unitetit dhe se manastiret mesjetare serbe karakterizohen nga nj\u00eb shum\u00ebllojshm\u00ebri stilesh arkitekturore.<\/p>\n<p>\n\t\u00a0<\/p>\n<p>\n\tAjo shtoi se Kisha Ortodokse Serbe ka dh\u00ebn\u00eb nj\u00eb kontribut t\u00eb r\u00ebnd\u00ebsish\u00ebm n\u00eb trash\u00ebgimin\u00eb shpirt\u00ebrore dhe kulturore t\u00eb krishter\u00eb n\u00eb bot\u00eb me bukurin\u00eb e pamas\u00eb t\u00eb manastireve dhe kishave, si dhe me pasurin\u00eb e ikonave dhe afreskeve.<\/p>\n<p>\n\t\u00a0Sh\u00ebnimin i jubileut t\u00eb\u00a0 950 t\u00eb manastirit Prohor Pcinjski\u00a0 p\u00ebrfundoi me promovimin e publikimit t\u00eb botimit t\u00eb Eparhis\u00eb Ortodokse t\u00eb Vraj\u00ebs<\/p>\n<p>\n\t<strong>Burimi: Jugpres, Trupi koordinues.<\/strong><\/p>\n<p>\n\t\u00a0<\/p>\n","protected":false},"excerpt":{"rendered":"<p>Bujanoc \u2013 Beograd\u00a0\u2013 Z\u00ebvend\u00ebskryeministrja e Republik\u00ebs s\u00eb Serbis\u00eb dhe ministrja e kultur\u00ebs dhe informimit Maja Gojkoviq, si e d\u00ebrguar e presidentit t\u00eb Republik\u00ebs s\u00eb Serbis\u00eb, Aleksandar Vu\u00e7iq, mori pjes\u00eb n\u00eb kremtimin e fest\u00ebs s\u00eb manastirit\u00a0 Prohor P\u00e7injski.<\/p>\n","protected":false},"author":1,"featured_media":108916,"comment_status":"closed","ping_status":"closed","sticky":false,"template":"","format":"standard","meta":{"footnotes":""},"categories":[55],"tags":[],"class_list":["post-108911","post","type-post","status-publish","format-standard","has-post-thumbnail","hentry","category-lajme"],"yoast_head":"<!-- This site is optimized with the Yoast SEO plugin v27.5 - https:\/\/yoast.com\/product\/yoast-seo-wordpress\/ -->\n<title>MAJA GOJKOVIQ N\u00cb MANASTIRIN PROHOR PCINJSKI - Republika e S\u00ebrbis\u00eb Trupi Koordinues p\u00ebr komunat Bujanoc, Preshev\u00eb dhe Medvegj\u00eb<\/title>\n<meta name=\"robots\" content=\"index, follow, max-snippet:-1, max-image-preview:large, max-video-preview:-1\" \/>\n<link rel=\"canonical\" href=\"https:\/\/kt.gov.rs\/sq\/maja-gojkoviq-ne-manastirin-prohor-pcinjski\/\" \/>\n<meta property=\"og:locale\" content=\"sq_AL\" \/>\n<meta property=\"og:type\" content=\"article\" \/>\n<meta property=\"og:title\" content=\"MAJA GOJKOVIQ N\u00cb MANASTIRIN PROHOR PCINJSKI - Republika e S\u00ebrbis\u00eb Trupi Koordinues p\u00ebr komunat Bujanoc, Preshev\u00eb dhe Medvegj\u00eb\" \/>\n<meta property=\"og:description\" content=\"Bujanoc - Beograd\u00a0- Z\u00ebvend\u00ebskryeministrja e Republik\u00ebs s\u00eb Serbis\u00eb dhe ministrja e kultur\u00ebs dhe informimit Maja Gojkoviq, si e d\u00ebrguar e presidentit t\u00eb Republik\u00ebs s\u00eb Serbis\u00eb, Aleksandar Vu\u00e7iq, mori pjes\u00eb n\u00eb kremtimin e fest\u00ebs s\u00eb manastirit\u00a0 Prohor P\u00e7injski.\" \/>\n<meta property=\"og:url\" content=\"https:\/\/kt.gov.rs\/sq\/maja-gojkoviq-ne-manastirin-prohor-pcinjski\/\" \/>\n<meta property=\"og:site_name\" content=\"Republika e S\u00ebrbis\u00eb Trupi Koordinues p\u00ebr komunat Bujanoc, Preshev\u00eb dhe Medvegj\u00eb\" \/>\n<meta property=\"article:publisher\" content=\"https:\/\/www.facebook.com\/SluzbaKoordinacionogTelaVladeRepublikeSrbije\" \/>\n<meta property=\"article:published_time\" content=\"2021-11-04T00:00:00+00:00\" \/>\n<meta property=\"article:modified_time\" content=\"2024-07-30T17:58:57+00:00\" \/>\n<meta property=\"og:image\" content=\"https:\/\/kt.gov.rs\/wp-content\/uploads\/2024\/07\/1636038945_041121_1-3.jpg\" \/>\n\t<meta property=\"og:image:width\" content=\"315\" \/>\n\t<meta property=\"og:image:height\" content=\"230\" \/>\n\t<meta property=\"og:image:type\" content=\"image\/jpeg\" \/>\n<meta name=\"author\" content=\"ktmin\" \/>\n<meta name=\"twitter:card\" content=\"summary_large_image\" \/>\n<meta name=\"twitter:creator\" content=\"@kt_gov\" \/>\n<meta name=\"twitter:site\" content=\"@kt_gov\" \/>\n<meta name=\"twitter:label1\" content=\"Written by\" \/>\n\t<meta name=\"twitter:data1\" content=\"ktmin\" \/>\n\t<meta name=\"twitter:label2\" content=\"Est. reading time\" \/>\n\t<meta name=\"twitter:data2\" content=\"2 minutes\" \/>\n<script type=\"application\/ld+json\" class=\"yoast-schema-graph\">{\"@context\":\"https:\\\/\\\/schema.org\",\"@graph\":[{\"@type\":\"Article\",\"@id\":\"https:\\\/\\\/kt.gov.rs\\\/sq\\\/maja-gojkoviq-ne-manastirin-prohor-pcinjski\\\/#article\",\"isPartOf\":{\"@id\":\"https:\\\/\\\/kt.gov.rs\\\/sq\\\/maja-gojkoviq-ne-manastirin-prohor-pcinjski\\\/\"},\"author\":{\"name\":\"ktmin\",\"@id\":\"https:\\\/\\\/kt.gov.rs\\\/#\\\/schema\\\/person\\\/e426459ddb4173309103390602694571\"},\"headline\":\"MAJA GOJKOVIQ N\u00cb MANASTIRIN PROHOR PCINJSKI\",\"datePublished\":\"2021-11-04T00:00:00+00:00\",\"dateModified\":\"2024-07-30T17:58:57+00:00\",\"mainEntityOfPage\":{\"@id\":\"https:\\\/\\\/kt.gov.rs\\\/sq\\\/maja-gojkoviq-ne-manastirin-prohor-pcinjski\\\/\"},\"wordCount\":488,\"publisher\":{\"@id\":\"https:\\\/\\\/kt.gov.rs\\\/#organization\"},\"image\":{\"@id\":\"https:\\\/\\\/kt.gov.rs\\\/sq\\\/maja-gojkoviq-ne-manastirin-prohor-pcinjski\\\/#primaryimage\"},\"thumbnailUrl\":\"https:\\\/\\\/kt.gov.rs\\\/wp-content\\\/uploads\\\/2024\\\/07\\\/1636038945_041121_1-3.jpg\",\"articleSection\":[\"Lajme\"],\"inLanguage\":\"sq-AL\"},{\"@type\":\"WebPage\",\"@id\":\"https:\\\/\\\/kt.gov.rs\\\/sq\\\/maja-gojkoviq-ne-manastirin-prohor-pcinjski\\\/\",\"url\":\"https:\\\/\\\/kt.gov.rs\\\/sq\\\/maja-gojkoviq-ne-manastirin-prohor-pcinjski\\\/\",\"name\":\"MAJA GOJKOVIQ N\u00cb MANASTIRIN PROHOR PCINJSKI - Republika e S\u00ebrbis\u00eb Trupi Koordinues p\u00ebr komunat Bujanoc, Preshev\u00eb dhe Medvegj\u00eb\",\"isPartOf\":{\"@id\":\"https:\\\/\\\/kt.gov.rs\\\/#website\"},\"primaryImageOfPage\":{\"@id\":\"https:\\\/\\\/kt.gov.rs\\\/sq\\\/maja-gojkoviq-ne-manastirin-prohor-pcinjski\\\/#primaryimage\"},\"image\":{\"@id\":\"https:\\\/\\\/kt.gov.rs\\\/sq\\\/maja-gojkoviq-ne-manastirin-prohor-pcinjski\\\/#primaryimage\"},\"thumbnailUrl\":\"https:\\\/\\\/kt.gov.rs\\\/wp-content\\\/uploads\\\/2024\\\/07\\\/1636038945_041121_1-3.jpg\",\"datePublished\":\"2021-11-04T00:00:00+00:00\",\"dateModified\":\"2024-07-30T17:58:57+00:00\",\"breadcrumb\":{\"@id\":\"https:\\\/\\\/kt.gov.rs\\\/sq\\\/maja-gojkoviq-ne-manastirin-prohor-pcinjski\\\/#breadcrumb\"},\"inLanguage\":\"sq-AL\",\"potentialAction\":[{\"@type\":\"ReadAction\",\"target\":[\"https:\\\/\\\/kt.gov.rs\\\/sq\\\/maja-gojkoviq-ne-manastirin-prohor-pcinjski\\\/\"]}]},{\"@type\":\"ImageObject\",\"inLanguage\":\"sq-AL\",\"@id\":\"https:\\\/\\\/kt.gov.rs\\\/sq\\\/maja-gojkoviq-ne-manastirin-prohor-pcinjski\\\/#primaryimage\",\"url\":\"https:\\\/\\\/kt.gov.rs\\\/wp-content\\\/uploads\\\/2024\\\/07\\\/1636038945_041121_1-3.jpg\",\"contentUrl\":\"https:\\\/\\\/kt.gov.rs\\\/wp-content\\\/uploads\\\/2024\\\/07\\\/1636038945_041121_1-3.jpg\",\"width\":315,\"height\":230},{\"@type\":\"BreadcrumbList\",\"@id\":\"https:\\\/\\\/kt.gov.rs\\\/sq\\\/maja-gojkoviq-ne-manastirin-prohor-pcinjski\\\/#breadcrumb\",\"itemListElement\":[{\"@type\":\"ListItem\",\"position\":1,\"name\":\"Po\u010detna\",\"item\":\"https:\\\/\\\/kt.gov.rs\\\/sq\\\/\"},{\"@type\":\"ListItem\",\"position\":2,\"name\":\"MAJA GOJKOVIQ N\u00cb MANASTIRIN PROHOR PCINJSKI\"}]},{\"@type\":\"WebSite\",\"@id\":\"https:\\\/\\\/kt.gov.rs\\\/#website\",\"url\":\"https:\\\/\\\/kt.gov.rs\\\/\",\"name\":\"Koordinaciono telo Vlade Republike Srbije za op\u0161tine Pre\u0161evo, Bujanovac i Medve\u0111a\",\"description\":\"\",\"publisher\":{\"@id\":\"https:\\\/\\\/kt.gov.rs\\\/#organization\"},\"alternateName\":\"Koordinaciono telo\",\"potentialAction\":[{\"@type\":\"SearchAction\",\"target\":{\"@type\":\"EntryPoint\",\"urlTemplate\":\"https:\\\/\\\/kt.gov.rs\\\/?s={search_term_string}\"},\"query-input\":{\"@type\":\"PropertyValueSpecification\",\"valueRequired\":true,\"valueName\":\"search_term_string\"}}],\"inLanguage\":\"sq-AL\"},{\"@type\":\"Organization\",\"@id\":\"https:\\\/\\\/kt.gov.rs\\\/#organization\",\"name\":\"Koordinaciono telo Vlade Republike Srbije za op\u0161tine Pre\u0161evo, Bujanovac i Medve\u0111a\",\"alternateName\":\"Koordinaciono telo\",\"url\":\"https:\\\/\\\/kt.gov.rs\\\/\",\"logo\":{\"@type\":\"ImageObject\",\"inLanguage\":\"sq-AL\",\"@id\":\"https:\\\/\\\/kt.gov.rs\\\/#\\\/schema\\\/logo\\\/image\\\/\",\"url\":\"https:\\\/\\\/kt.gov.rs\\\/wp-content\\\/uploads\\\/2024\\\/12\\\/koord2.jpg\",\"contentUrl\":\"https:\\\/\\\/kt.gov.rs\\\/wp-content\\\/uploads\\\/2024\\\/12\\\/koord2.jpg\",\"width\":640,\"height\":480,\"caption\":\"Koordinaciono telo Vlade Republike Srbije za op\u0161tine Pre\u0161evo, Bujanovac i Medve\u0111a\"},\"image\":{\"@id\":\"https:\\\/\\\/kt.gov.rs\\\/#\\\/schema\\\/logo\\\/image\\\/\"},\"sameAs\":[\"https:\\\/\\\/www.facebook.com\\\/SluzbaKoordinacionogTelaVladeRepublikeSrbije\",\"https:\\\/\\\/x.com\\\/kt_gov\",\"https:\\\/\\\/www.youtube.com\\\/@koordinacionotelo\"]},{\"@type\":\"Person\",\"@id\":\"https:\\\/\\\/kt.gov.rs\\\/#\\\/schema\\\/person\\\/e426459ddb4173309103390602694571\",\"name\":\"ktmin\",\"image\":{\"@type\":\"ImageObject\",\"inLanguage\":\"sq-AL\",\"@id\":\"https:\\\/\\\/secure.gravatar.com\\\/avatar\\\/3985c961109853010c3fbc7ba30365bfba5db3dd6c525831d9c595c7525a615a?s=96&d=mm&r=g\",\"url\":\"https:\\\/\\\/secure.gravatar.com\\\/avatar\\\/3985c961109853010c3fbc7ba30365bfba5db3dd6c525831d9c595c7525a615a?s=96&d=mm&r=g\",\"contentUrl\":\"https:\\\/\\\/secure.gravatar.com\\\/avatar\\\/3985c961109853010c3fbc7ba30365bfba5db3dd6c525831d9c595c7525a615a?s=96&d=mm&r=g\",\"caption\":\"ktmin\"},\"sameAs\":[\"https:\\\/\\\/kt.gov.rs\"],\"url\":\"https:\\\/\\\/kt.gov.rs\\\/sq\\\/author\\\/ktmin\\\/\"}]}<\/script>\n<!-- \/ Yoast SEO plugin. -->","yoast_head_json":{"title":"MAJA GOJKOVIQ N\u00cb MANASTIRIN PROHOR PCINJSKI - Republika e S\u00ebrbis\u00eb Trupi Koordinues p\u00ebr komunat Bujanoc, Preshev\u00eb dhe Medvegj\u00eb","robots":{"index":"index","follow":"follow","max-snippet":"max-snippet:-1","max-image-preview":"max-image-preview:large","max-video-preview":"max-video-preview:-1"},"canonical":"https:\/\/kt.gov.rs\/sq\/maja-gojkoviq-ne-manastirin-prohor-pcinjski\/","og_locale":"sq_AL","og_type":"article","og_title":"MAJA GOJKOVIQ N\u00cb MANASTIRIN PROHOR PCINJSKI - Republika e S\u00ebrbis\u00eb Trupi Koordinues p\u00ebr komunat Bujanoc, Preshev\u00eb dhe Medvegj\u00eb","og_description":"Bujanoc - Beograd\u00a0- Z\u00ebvend\u00ebskryeministrja e Republik\u00ebs s\u00eb Serbis\u00eb dhe ministrja e kultur\u00ebs dhe informimit Maja Gojkoviq, si e d\u00ebrguar e presidentit t\u00eb Republik\u00ebs s\u00eb Serbis\u00eb, Aleksandar Vu\u00e7iq, mori pjes\u00eb n\u00eb kremtimin e fest\u00ebs s\u00eb manastirit\u00a0 Prohor P\u00e7injski.","og_url":"https:\/\/kt.gov.rs\/sq\/maja-gojkoviq-ne-manastirin-prohor-pcinjski\/","og_site_name":"Republika e S\u00ebrbis\u00eb Trupi Koordinues p\u00ebr komunat Bujanoc, Preshev\u00eb dhe Medvegj\u00eb","article_publisher":"https:\/\/www.facebook.com\/SluzbaKoordinacionogTelaVladeRepublikeSrbije","article_published_time":"2021-11-04T00:00:00+00:00","article_modified_time":"2024-07-30T17:58:57+00:00","og_image":[{"width":315,"height":230,"url":"https:\/\/kt.gov.rs\/wp-content\/uploads\/2024\/07\/1636038945_041121_1-3.jpg","type":"image\/jpeg"}],"author":"ktmin","twitter_card":"summary_large_image","twitter_creator":"@kt_gov","twitter_site":"@kt_gov","twitter_misc":{"Written by":"ktmin","Est. reading time":"2 minutes"},"schema":{"@context":"https:\/\/schema.org","@graph":[{"@type":"Article","@id":"https:\/\/kt.gov.rs\/sq\/maja-gojkoviq-ne-manastirin-prohor-pcinjski\/#article","isPartOf":{"@id":"https:\/\/kt.gov.rs\/sq\/maja-gojkoviq-ne-manastirin-prohor-pcinjski\/"},"author":{"name":"ktmin","@id":"https:\/\/kt.gov.rs\/#\/schema\/person\/e426459ddb4173309103390602694571"},"headline":"MAJA GOJKOVIQ N\u00cb MANASTIRIN PROHOR PCINJSKI","datePublished":"2021-11-04T00:00:00+00:00","dateModified":"2024-07-30T17:58:57+00:00","mainEntityOfPage":{"@id":"https:\/\/kt.gov.rs\/sq\/maja-gojkoviq-ne-manastirin-prohor-pcinjski\/"},"wordCount":488,"publisher":{"@id":"https:\/\/kt.gov.rs\/#organization"},"image":{"@id":"https:\/\/kt.gov.rs\/sq\/maja-gojkoviq-ne-manastirin-prohor-pcinjski\/#primaryimage"},"thumbnailUrl":"https:\/\/kt.gov.rs\/wp-content\/uploads\/2024\/07\/1636038945_041121_1-3.jpg","articleSection":["Lajme"],"inLanguage":"sq-AL"},{"@type":"WebPage","@id":"https:\/\/kt.gov.rs\/sq\/maja-gojkoviq-ne-manastirin-prohor-pcinjski\/","url":"https:\/\/kt.gov.rs\/sq\/maja-gojkoviq-ne-manastirin-prohor-pcinjski\/","name":"MAJA GOJKOVIQ N\u00cb MANASTIRIN PROHOR PCINJSKI - Republika e S\u00ebrbis\u00eb Trupi Koordinues p\u00ebr komunat Bujanoc, Preshev\u00eb dhe Medvegj\u00eb","isPartOf":{"@id":"https:\/\/kt.gov.rs\/#website"},"primaryImageOfPage":{"@id":"https:\/\/kt.gov.rs\/sq\/maja-gojkoviq-ne-manastirin-prohor-pcinjski\/#primaryimage"},"image":{"@id":"https:\/\/kt.gov.rs\/sq\/maja-gojkoviq-ne-manastirin-prohor-pcinjski\/#primaryimage"},"thumbnailUrl":"https:\/\/kt.gov.rs\/wp-content\/uploads\/2024\/07\/1636038945_041121_1-3.jpg","datePublished":"2021-11-04T00:00:00+00:00","dateModified":"2024-07-30T17:58:57+00:00","breadcrumb":{"@id":"https:\/\/kt.gov.rs\/sq\/maja-gojkoviq-ne-manastirin-prohor-pcinjski\/#breadcrumb"},"inLanguage":"sq-AL","potentialAction":[{"@type":"ReadAction","target":["https:\/\/kt.gov.rs\/sq\/maja-gojkoviq-ne-manastirin-prohor-pcinjski\/"]}]},{"@type":"ImageObject","inLanguage":"sq-AL","@id":"https:\/\/kt.gov.rs\/sq\/maja-gojkoviq-ne-manastirin-prohor-pcinjski\/#primaryimage","url":"https:\/\/kt.gov.rs\/wp-content\/uploads\/2024\/07\/1636038945_041121_1-3.jpg","contentUrl":"https:\/\/kt.gov.rs\/wp-content\/uploads\/2024\/07\/1636038945_041121_1-3.jpg","width":315,"height":230},{"@type":"BreadcrumbList","@id":"https:\/\/kt.gov.rs\/sq\/maja-gojkoviq-ne-manastirin-prohor-pcinjski\/#breadcrumb","itemListElement":[{"@type":"ListItem","position":1,"name":"Po\u010detna","item":"https:\/\/kt.gov.rs\/sq\/"},{"@type":"ListItem","position":2,"name":"MAJA GOJKOVIQ N\u00cb MANASTIRIN PROHOR PCINJSKI"}]},{"@type":"WebSite","@id":"https:\/\/kt.gov.rs\/#website","url":"https:\/\/kt.gov.rs\/","name":"Koordinaciono telo Vlade Republike Srbije za op\u0161tine Pre\u0161evo, Bujanovac i Medve\u0111a","description":"","publisher":{"@id":"https:\/\/kt.gov.rs\/#organization"},"alternateName":"Koordinaciono telo","potentialAction":[{"@type":"SearchAction","target":{"@type":"EntryPoint","urlTemplate":"https:\/\/kt.gov.rs\/?s={search_term_string}"},"query-input":{"@type":"PropertyValueSpecification","valueRequired":true,"valueName":"search_term_string"}}],"inLanguage":"sq-AL"},{"@type":"Organization","@id":"https:\/\/kt.gov.rs\/#organization","name":"Koordinaciono telo Vlade Republike Srbije za op\u0161tine Pre\u0161evo, Bujanovac i Medve\u0111a","alternateName":"Koordinaciono telo","url":"https:\/\/kt.gov.rs\/","logo":{"@type":"ImageObject","inLanguage":"sq-AL","@id":"https:\/\/kt.gov.rs\/#\/schema\/logo\/image\/","url":"https:\/\/kt.gov.rs\/wp-content\/uploads\/2024\/12\/koord2.jpg","contentUrl":"https:\/\/kt.gov.rs\/wp-content\/uploads\/2024\/12\/koord2.jpg","width":640,"height":480,"caption":"Koordinaciono telo Vlade Republike Srbije za op\u0161tine Pre\u0161evo, Bujanovac i Medve\u0111a"},"image":{"@id":"https:\/\/kt.gov.rs\/#\/schema\/logo\/image\/"},"sameAs":["https:\/\/www.facebook.com\/SluzbaKoordinacionogTelaVladeRepublikeSrbije","https:\/\/x.com\/kt_gov","https:\/\/www.youtube.com\/@koordinacionotelo"]},{"@type":"Person","@id":"https:\/\/kt.gov.rs\/#\/schema\/person\/e426459ddb4173309103390602694571","name":"ktmin","image":{"@type":"ImageObject","inLanguage":"sq-AL","@id":"https:\/\/secure.gravatar.com\/avatar\/3985c961109853010c3fbc7ba30365bfba5db3dd6c525831d9c595c7525a615a?s=96&d=mm&r=g","url":"https:\/\/secure.gravatar.com\/avatar\/3985c961109853010c3fbc7ba30365bfba5db3dd6c525831d9c595c7525a615a?s=96&d=mm&r=g","contentUrl":"https:\/\/secure.gravatar.com\/avatar\/3985c961109853010c3fbc7ba30365bfba5db3dd6c525831d9c595c7525a615a?s=96&d=mm&r=g","caption":"ktmin"},"sameAs":["https:\/\/kt.gov.rs"],"url":"https:\/\/kt.gov.rs\/sq\/author\/ktmin\/"}]}},"_links":{"self":[{"href":"https:\/\/kt.gov.rs\/sq\/wp-json\/wp\/v2\/posts\/108911","targetHints":{"allow":["GET"]}}],"collection":[{"href":"https:\/\/kt.gov.rs\/sq\/wp-json\/wp\/v2\/posts"}],"about":[{"href":"https:\/\/kt.gov.rs\/sq\/wp-json\/wp\/v2\/types\/post"}],"author":[{"embeddable":true,"href":"https:\/\/kt.gov.rs\/sq\/wp-json\/wp\/v2\/users\/1"}],"replies":[{"embeddable":true,"href":"https:\/\/kt.gov.rs\/sq\/wp-json\/wp\/v2\/comments?post=108911"}],"version-history":[{"count":1,"href":"https:\/\/kt.gov.rs\/sq\/wp-json\/wp\/v2\/posts\/108911\/revisions"}],"predecessor-version":[{"id":108915,"href":"https:\/\/kt.gov.rs\/sq\/wp-json\/wp\/v2\/posts\/108911\/revisions\/108915"}],"wp:featuredmedia":[{"embeddable":true,"href":"https:\/\/kt.gov.rs\/sq\/wp-json\/wp\/v2\/media\/108916"}],"wp:attachment":[{"href":"https:\/\/kt.gov.rs\/sq\/wp-json\/wp\/v2\/media?parent=108911"}],"wp:term":[{"taxonomy":"category","embeddable":true,"href":"https:\/\/kt.gov.rs\/sq\/wp-json\/wp\/v2\/categories?post=108911"},{"taxonomy":"post_tag","embeddable":true,"href":"https:\/\/kt.gov.rs\/sq\/wp-json\/wp\/v2\/tags?post=108911"}],"curies":[{"name":"wp","href":"https:\/\/api.w.org\/{rel}","templated":true}]}}