{"id":108895,"date":"2021-11-08T00:00:00","date_gmt":"2021-11-08T00:00:00","guid":{"rendered":"http:\/\/kt.printandscreen.rs\/ivani-nga-levosoja-nga-rritja-e-shkurteve-mund-tejetohet-por-shteti-duhet-te-ndihmoje\/"},"modified":"2024-07-30T17:58:56","modified_gmt":"2024-07-30T17:58:56","slug":"ivani-nga-levosoja-nga-rritja-e-shkurteve-mund-tejetohet-por-shteti-duhet-te-ndihmoje","status":"publish","type":"post","link":"https:\/\/kt.gov.rs\/sq\/ivani-nga-levosoja-nga-rritja-e-shkurteve-mund-tejetohet-por-shteti-duhet-te-ndihmoje\/","title":{"rendered":"IVANI NGA LEVOSOJA: NGA RRITJA E SHKURTEVE MUND T\u00cbJETOHET, POR SHTETI DUHET T\u00cb NDIHMOJ\u00cb"},"content":{"rendered":"<p>\n\t<strong><img decoding=\"async\" alt=\"\" src=\"https:\/\/kt.gov.rs\/wp-content\/uploads\/2024\/07\/1636369273_081121_2-2.jpg\" style=\"width: 315px; height: 230px; float: left;\" \/>Bujanoc \u2013 Beograd<\/strong> \u2013 Ivan Ristiq nga fshati Levosoj af\u00ebr Bujanocit, pun\u00ebtor i respektuar dhe baba i pes\u00eb f\u00ebmij\u00ebve, zgjodhi p\u00ebr vete dhe familjen e tij nj\u00eb pun\u00eb t\u00eb pazakont\u00eb \u2013 mbar\u00ebshtimin e shkurteve (th\u00ebll\u00ebnzave), shpend\u00ebve t\u00eb rac\u00ebs s\u00eb past\u00ebr dhe dekorative.<\/p>\n<p>\n\tSilver Italian, Amrok, Columbia Brahma, Australorp, jan\u00eb vet\u00ebm disa nga racat e shpend\u00ebve q\u00eb ky pun\u00ebtor ka pes\u00eb vjet q\u00eb mbar\u00ebshton.<\/p>\n<p>\n\tSi\u00e7 e dikton tradita e dit\u00ebve t\u00eb sotme, ai ka reklamuar biznesin e tij n\u00eb rrjetet sociale, p\u00ebrmes t\u00eb cilave, si\u00e7 thot\u00eb ai, gjen klient\u00eb.<\/p>\n<p>\n\t\u201cReklama m\u00eb e mir\u00eb \u00ebsht\u00eb nj\u00eb \u2018fjal\u00eb e gjall\u00eb\u2019, goj\u00eb m\u00eb goj\u00eb dhe kur dikush m\u00eb telefonon me rekomandimin e nj\u00eb klienti t\u00eb mi, e di q\u00eb po e b\u00ebj mir\u00eb pun\u00ebn time\u201d, thot\u00eb Ivan.<\/p>\n<p>\n\tP\u00ebrve\u00e7 shitjes s\u00eb th\u00ebll\u00ebzave t\u00eb reja dhe vez\u00ebve, Ivani shet edhe pula, por vet\u00ebm me porosi dhe si\u00e7 thot\u00eb ai, fush\u00ebveprimi i pun\u00ebs ndryshon ashtu si edhe tregu.<\/p>\n<p>\n\t\u201cN\u00eb vitin e fundit biznesi ka r\u00ebn\u00eb. \u201cKa shum\u00eb mbar\u00ebshtues \u201ct\u00eb eg\u00ebr\u201d n\u00eb treg q\u00eb nuk u intereson cil\u00ebsia, ata thjesht hamend\u00ebsojn\u00eb klient\u00ebt dhe i mashtrojn\u00eb\u201d, thot\u00eb Ivan.<\/p>\n<p>\n\tI vet\u00ebdijsh\u00ebm se cil\u00ebsia do t\u00eb jet\u00eb aleati i tij n\u00eb luft\u00ebn kund\u00ebr konkurrenc\u00ebs s\u00eb pandershme, por edhe nga d\u00ebshira p\u00ebr t\u00eb mos zhg\u00ebnjyer klient\u00ebt e tij t\u00eb m\u00ebparsh\u00ebm, ky seleksionues kryen t\u00eb ashtuquajturat &quot;rigjenerimi i gjakut&quot;.<\/p>\n<p>\n\t\u201cKjo \u00ebsht\u00eb e vetmja m\u00ebnyr\u00eb p\u00ebr t\u00eb mbajtur mbar\u00ebshtimin tim n\u00eb nj\u00eb nivel t\u00eb lart\u00eb dhe cil\u00ebsor. Populli e vler\u00ebson dhe di t\u00eb njoh\u00eb cil\u00ebsin\u00eb dhe kur i shet dikujt mall cil\u00ebsor, ai person do t\u00eb vij\u00eb nes\u00ebr p\u00ebr m\u00eb shum\u00eb\u201d, thot\u00eb ai.<\/p>\n<p>\n\tDikur n\u00eb oborrin e familjes Ristiq kishte deri n\u00eb nj\u00ebzet e kat\u00ebr lloje shpend\u00ebsh, nd\u00ebrsa sot jan\u00eb vet\u00ebm kat\u00ebr, sepse mungesa e subvencioneve shtet\u00ebrore e ka \u00e7uar bujq\u00ebsin\u00eb n\u00eb rr\u00ebnim, pavar\u00ebsisht besimit se nga kjo mund t\u00eb sigurohet nj\u00eb jet\u00eb e mir\u00eb nga ky biznes.<\/p>\n<p>\n\tMbajtja e atyre ekzistueseve pa investuar n\u00eb tufa t\u00eb reja \u00ebsht\u00eb aktualisht prioritet p\u00ebr Ivanin, sepse pa ndihm\u00ebn shtet\u00ebrore, p\u00ebrmir\u00ebsimi i biznesit nuk \u00ebsht\u00eb i mundur dhe kujdesi p\u00ebr familjen \u00ebsht\u00eb di\u00e7ka q\u00eb ai nuk d\u00ebshiron ta llogaris\u00eb.<\/p>\n<p>\n\tMbar\u00ebshtuesit e eg\u00ebr, heshtja e shtetit, tregu i paq\u00ebndruesh\u00ebm jan\u00eb vet\u00ebm disa nga problemet me t\u00eb cilat po p\u00ebrballet ky pun\u00ebtor nga Levosoja, nd\u00ebrsa pun\u00ebn e v\u00ebshtir\u00ebson edhe m\u00eb shum\u00eb \u00e7mimi i lart\u00eb i barnave dhe vaksinave p\u00ebr k\u00ebt\u00eb lloj shpend\u00ebsh, q\u00eb sipas ai, shpesh nuk jan\u00eb t\u00eb disponuesh\u00ebm p\u00ebr mbar\u00ebshtuesit e vegj\u00ebl.<\/p>\n<p>\n\t\u201cGjysm\u00ebn e buxhetit tim e shpenzoj p\u00ebr ushqime dhe p\u00ebr t\u00eb bler\u00eb vez\u00eb cil\u00ebsore, por n\u00ebse shteti do t\u00eb na mb\u00ebshteste ne mbar\u00ebshtuesit n\u00eb komunitete m\u00eb t\u00eb vogla, jeta do t\u00eb ishte m\u00eb e mir\u00eb dhe nuk do t\u00eb detyrohesha t\u00eb k\u00ebrkoja nj\u00eb pun\u00eb tjet\u00ebr. Shteti duhet t\u00eb mb\u00ebshtes\u00eb m\u00eb shum\u00eb familjet me m\u00eb shum\u00eb f\u00ebmij\u00eb\u201d, p\u00ebrfundon Ivan.<\/p>\n<p>\n\t<strong>Burimi: Bujanova\u00e7ke dhe Trupi Koordinues<\/strong><\/p>\n<p>\n\t\u00a0<\/p>\n","protected":false},"excerpt":{"rendered":"<p>Bujanoc \u2013 Beograd\u00a0\u2013 Ivan Ristiq nga fshati Levosoj af\u00ebr Bujanocit, pun\u00ebtor i respektuar dhe baba i pes\u00eb f\u00ebmij\u00ebve, zgjodhi p\u00ebr vete dhe familjen e tij nj\u00eb pun\u00eb t\u00eb pazakont\u00eb \u2013 mbar\u00ebshtimin e shkurteve (th\u00ebll\u00ebnzave), shpend\u00ebve t\u00eb rac\u00ebs s\u00eb past\u00ebr dhe dekorative.<\/p>\n","protected":false},"author":1,"featured_media":108900,"comment_status":"closed","ping_status":"closed","sticky":false,"template":"","format":"standard","meta":{"footnotes":""},"categories":[55],"tags":[],"class_list":["post-108895","post","type-post","status-publish","format-standard","has-post-thumbnail","hentry","category-lajme"],"yoast_head":"<!-- This site is optimized with the Yoast SEO plugin v27.5 - https:\/\/yoast.com\/product\/yoast-seo-wordpress\/ -->\n<title>IVANI NGA LEVOSOJA: NGA RRITJA E SHKURTEVE MUND T\u00cbJETOHET, POR SHTETI DUHET T\u00cb NDIHMOJ\u00cb - Republika e S\u00ebrbis\u00eb Trupi Koordinues p\u00ebr komunat Bujanoc, Preshev\u00eb dhe Medvegj\u00eb<\/title>\n<meta name=\"robots\" content=\"index, follow, max-snippet:-1, max-image-preview:large, max-video-preview:-1\" \/>\n<link rel=\"canonical\" href=\"https:\/\/kt.gov.rs\/sq\/ivani-nga-levosoja-nga-rritja-e-shkurteve-mund-tejetohet-por-shteti-duhet-te-ndihmoje\/\" \/>\n<meta property=\"og:locale\" content=\"sq_AL\" \/>\n<meta property=\"og:type\" content=\"article\" \/>\n<meta property=\"og:title\" content=\"IVANI NGA LEVOSOJA: NGA RRITJA E SHKURTEVE MUND T\u00cbJETOHET, POR SHTETI DUHET T\u00cb NDIHMOJ\u00cb - Republika e S\u00ebrbis\u00eb Trupi Koordinues p\u00ebr komunat Bujanoc, Preshev\u00eb dhe Medvegj\u00eb\" \/>\n<meta property=\"og:description\" content=\"Bujanoc - Beograd\u00a0- Ivan Ristiq nga fshati Levosoj af\u00ebr Bujanocit, pun\u00ebtor i respektuar dhe baba i pes\u00eb f\u00ebmij\u00ebve, zgjodhi p\u00ebr vete dhe familjen e tij nj\u00eb pun\u00eb t\u00eb pazakont\u00eb - mbar\u00ebshtimin e shkurteve (th\u00ebll\u00ebnzave), shpend\u00ebve t\u00eb rac\u00ebs s\u00eb past\u00ebr dhe dekorative.\" \/>\n<meta property=\"og:url\" content=\"https:\/\/kt.gov.rs\/sq\/ivani-nga-levosoja-nga-rritja-e-shkurteve-mund-tejetohet-por-shteti-duhet-te-ndihmoje\/\" \/>\n<meta property=\"og:site_name\" content=\"Republika e S\u00ebrbis\u00eb Trupi Koordinues p\u00ebr komunat Bujanoc, Preshev\u00eb dhe Medvegj\u00eb\" \/>\n<meta property=\"article:publisher\" content=\"https:\/\/www.facebook.com\/SluzbaKoordinacionogTelaVladeRepublikeSrbije\" \/>\n<meta property=\"article:published_time\" content=\"2021-11-08T00:00:00+00:00\" \/>\n<meta property=\"article:modified_time\" content=\"2024-07-30T17:58:56+00:00\" \/>\n<meta property=\"og:image\" content=\"https:\/\/kt.gov.rs\/wp-content\/uploads\/2024\/07\/1636369273_081121_2-3.jpg\" \/>\n\t<meta property=\"og:image:width\" content=\"315\" \/>\n\t<meta property=\"og:image:height\" content=\"230\" \/>\n\t<meta property=\"og:image:type\" content=\"image\/jpeg\" \/>\n<meta name=\"author\" content=\"ktmin\" \/>\n<meta name=\"twitter:card\" content=\"summary_large_image\" \/>\n<meta name=\"twitter:creator\" content=\"@kt_gov\" \/>\n<meta name=\"twitter:site\" content=\"@kt_gov\" \/>\n<meta name=\"twitter:label1\" content=\"Written by\" \/>\n\t<meta name=\"twitter:data1\" content=\"ktmin\" \/>\n\t<meta name=\"twitter:label2\" content=\"Est. reading time\" \/>\n\t<meta name=\"twitter:data2\" content=\"4 minutes\" \/>\n<script type=\"application\/ld+json\" class=\"yoast-schema-graph\">{\"@context\":\"https:\\\/\\\/schema.org\",\"@graph\":[{\"@type\":\"Article\",\"@id\":\"https:\\\/\\\/kt.gov.rs\\\/sq\\\/ivani-nga-levosoja-nga-rritja-e-shkurteve-mund-tejetohet-por-shteti-duhet-te-ndihmoje\\\/#article\",\"isPartOf\":{\"@id\":\"https:\\\/\\\/kt.gov.rs\\\/sq\\\/ivani-nga-levosoja-nga-rritja-e-shkurteve-mund-tejetohet-por-shteti-duhet-te-ndihmoje\\\/\"},\"author\":{\"name\":\"ktmin\",\"@id\":\"https:\\\/\\\/kt.gov.rs\\\/#\\\/schema\\\/person\\\/e426459ddb4173309103390602694571\"},\"headline\":\"IVANI NGA LEVOSOJA: NGA RRITJA E SHKURTEVE MUND T\u00cbJETOHET, POR SHTETI DUHET T\u00cb NDIHMOJ\u00cb\",\"datePublished\":\"2021-11-08T00:00:00+00:00\",\"dateModified\":\"2024-07-30T17:58:56+00:00\",\"mainEntityOfPage\":{\"@id\":\"https:\\\/\\\/kt.gov.rs\\\/sq\\\/ivani-nga-levosoja-nga-rritja-e-shkurteve-mund-tejetohet-por-shteti-duhet-te-ndihmoje\\\/\"},\"wordCount\":815,\"publisher\":{\"@id\":\"https:\\\/\\\/kt.gov.rs\\\/#organization\"},\"image\":{\"@id\":\"https:\\\/\\\/kt.gov.rs\\\/sq\\\/ivani-nga-levosoja-nga-rritja-e-shkurteve-mund-tejetohet-por-shteti-duhet-te-ndihmoje\\\/#primaryimage\"},\"thumbnailUrl\":\"https:\\\/\\\/kt.gov.rs\\\/wp-content\\\/uploads\\\/2024\\\/07\\\/1636369273_081121_2-3.jpg\",\"articleSection\":[\"Lajme\"],\"inLanguage\":\"sq-AL\"},{\"@type\":\"WebPage\",\"@id\":\"https:\\\/\\\/kt.gov.rs\\\/sq\\\/ivani-nga-levosoja-nga-rritja-e-shkurteve-mund-tejetohet-por-shteti-duhet-te-ndihmoje\\\/\",\"url\":\"https:\\\/\\\/kt.gov.rs\\\/sq\\\/ivani-nga-levosoja-nga-rritja-e-shkurteve-mund-tejetohet-por-shteti-duhet-te-ndihmoje\\\/\",\"name\":\"IVANI NGA LEVOSOJA: NGA RRITJA E SHKURTEVE MUND T\u00cbJETOHET, POR SHTETI DUHET T\u00cb NDIHMOJ\u00cb - Republika e S\u00ebrbis\u00eb Trupi Koordinues p\u00ebr komunat Bujanoc, Preshev\u00eb dhe Medvegj\u00eb\",\"isPartOf\":{\"@id\":\"https:\\\/\\\/kt.gov.rs\\\/#website\"},\"primaryImageOfPage\":{\"@id\":\"https:\\\/\\\/kt.gov.rs\\\/sq\\\/ivani-nga-levosoja-nga-rritja-e-shkurteve-mund-tejetohet-por-shteti-duhet-te-ndihmoje\\\/#primaryimage\"},\"image\":{\"@id\":\"https:\\\/\\\/kt.gov.rs\\\/sq\\\/ivani-nga-levosoja-nga-rritja-e-shkurteve-mund-tejetohet-por-shteti-duhet-te-ndihmoje\\\/#primaryimage\"},\"thumbnailUrl\":\"https:\\\/\\\/kt.gov.rs\\\/wp-content\\\/uploads\\\/2024\\\/07\\\/1636369273_081121_2-3.jpg\",\"datePublished\":\"2021-11-08T00:00:00+00:00\",\"dateModified\":\"2024-07-30T17:58:56+00:00\",\"breadcrumb\":{\"@id\":\"https:\\\/\\\/kt.gov.rs\\\/sq\\\/ivani-nga-levosoja-nga-rritja-e-shkurteve-mund-tejetohet-por-shteti-duhet-te-ndihmoje\\\/#breadcrumb\"},\"inLanguage\":\"sq-AL\",\"potentialAction\":[{\"@type\":\"ReadAction\",\"target\":[\"https:\\\/\\\/kt.gov.rs\\\/sq\\\/ivani-nga-levosoja-nga-rritja-e-shkurteve-mund-tejetohet-por-shteti-duhet-te-ndihmoje\\\/\"]}]},{\"@type\":\"ImageObject\",\"inLanguage\":\"sq-AL\",\"@id\":\"https:\\\/\\\/kt.gov.rs\\\/sq\\\/ivani-nga-levosoja-nga-rritja-e-shkurteve-mund-tejetohet-por-shteti-duhet-te-ndihmoje\\\/#primaryimage\",\"url\":\"https:\\\/\\\/kt.gov.rs\\\/wp-content\\\/uploads\\\/2024\\\/07\\\/1636369273_081121_2-3.jpg\",\"contentUrl\":\"https:\\\/\\\/kt.gov.rs\\\/wp-content\\\/uploads\\\/2024\\\/07\\\/1636369273_081121_2-3.jpg\",\"width\":315,\"height\":230},{\"@type\":\"BreadcrumbList\",\"@id\":\"https:\\\/\\\/kt.gov.rs\\\/sq\\\/ivani-nga-levosoja-nga-rritja-e-shkurteve-mund-tejetohet-por-shteti-duhet-te-ndihmoje\\\/#breadcrumb\",\"itemListElement\":[{\"@type\":\"ListItem\",\"position\":1,\"name\":\"Po\u010detna\",\"item\":\"https:\\\/\\\/kt.gov.rs\\\/sq\\\/\"},{\"@type\":\"ListItem\",\"position\":2,\"name\":\"IVANI NGA LEVOSOJA: NGA RRITJA E SHKURTEVE MUND T\u00cbJETOHET, POR SHTETI DUHET T\u00cb NDIHMOJ\u00cb\"}]},{\"@type\":\"WebSite\",\"@id\":\"https:\\\/\\\/kt.gov.rs\\\/#website\",\"url\":\"https:\\\/\\\/kt.gov.rs\\\/\",\"name\":\"Koordinaciono telo Vlade Republike Srbije za op\u0161tine Pre\u0161evo, Bujanovac i Medve\u0111a\",\"description\":\"\",\"publisher\":{\"@id\":\"https:\\\/\\\/kt.gov.rs\\\/#organization\"},\"alternateName\":\"Koordinaciono telo\",\"potentialAction\":[{\"@type\":\"SearchAction\",\"target\":{\"@type\":\"EntryPoint\",\"urlTemplate\":\"https:\\\/\\\/kt.gov.rs\\\/?s={search_term_string}\"},\"query-input\":{\"@type\":\"PropertyValueSpecification\",\"valueRequired\":true,\"valueName\":\"search_term_string\"}}],\"inLanguage\":\"sq-AL\"},{\"@type\":\"Organization\",\"@id\":\"https:\\\/\\\/kt.gov.rs\\\/#organization\",\"name\":\"Koordinaciono telo Vlade Republike Srbije za op\u0161tine Pre\u0161evo, Bujanovac i Medve\u0111a\",\"alternateName\":\"Koordinaciono telo\",\"url\":\"https:\\\/\\\/kt.gov.rs\\\/\",\"logo\":{\"@type\":\"ImageObject\",\"inLanguage\":\"sq-AL\",\"@id\":\"https:\\\/\\\/kt.gov.rs\\\/#\\\/schema\\\/logo\\\/image\\\/\",\"url\":\"https:\\\/\\\/kt.gov.rs\\\/wp-content\\\/uploads\\\/2024\\\/12\\\/koord2.jpg\",\"contentUrl\":\"https:\\\/\\\/kt.gov.rs\\\/wp-content\\\/uploads\\\/2024\\\/12\\\/koord2.jpg\",\"width\":640,\"height\":480,\"caption\":\"Koordinaciono telo Vlade Republike Srbije za op\u0161tine Pre\u0161evo, Bujanovac i Medve\u0111a\"},\"image\":{\"@id\":\"https:\\\/\\\/kt.gov.rs\\\/#\\\/schema\\\/logo\\\/image\\\/\"},\"sameAs\":[\"https:\\\/\\\/www.facebook.com\\\/SluzbaKoordinacionogTelaVladeRepublikeSrbije\",\"https:\\\/\\\/x.com\\\/kt_gov\",\"https:\\\/\\\/www.youtube.com\\\/@koordinacionotelo\"]},{\"@type\":\"Person\",\"@id\":\"https:\\\/\\\/kt.gov.rs\\\/#\\\/schema\\\/person\\\/e426459ddb4173309103390602694571\",\"name\":\"ktmin\",\"image\":{\"@type\":\"ImageObject\",\"inLanguage\":\"sq-AL\",\"@id\":\"https:\\\/\\\/secure.gravatar.com\\\/avatar\\\/3985c961109853010c3fbc7ba30365bfba5db3dd6c525831d9c595c7525a615a?s=96&d=mm&r=g\",\"url\":\"https:\\\/\\\/secure.gravatar.com\\\/avatar\\\/3985c961109853010c3fbc7ba30365bfba5db3dd6c525831d9c595c7525a615a?s=96&d=mm&r=g\",\"contentUrl\":\"https:\\\/\\\/secure.gravatar.com\\\/avatar\\\/3985c961109853010c3fbc7ba30365bfba5db3dd6c525831d9c595c7525a615a?s=96&d=mm&r=g\",\"caption\":\"ktmin\"},\"sameAs\":[\"https:\\\/\\\/kt.gov.rs\"],\"url\":\"https:\\\/\\\/kt.gov.rs\\\/sq\\\/author\\\/ktmin\\\/\"}]}<\/script>\n<!-- \/ Yoast SEO plugin. -->","yoast_head_json":{"title":"IVANI NGA LEVOSOJA: NGA RRITJA E SHKURTEVE MUND T\u00cbJETOHET, POR SHTETI DUHET T\u00cb NDIHMOJ\u00cb - Republika e S\u00ebrbis\u00eb Trupi Koordinues p\u00ebr komunat Bujanoc, Preshev\u00eb dhe Medvegj\u00eb","robots":{"index":"index","follow":"follow","max-snippet":"max-snippet:-1","max-image-preview":"max-image-preview:large","max-video-preview":"max-video-preview:-1"},"canonical":"https:\/\/kt.gov.rs\/sq\/ivani-nga-levosoja-nga-rritja-e-shkurteve-mund-tejetohet-por-shteti-duhet-te-ndihmoje\/","og_locale":"sq_AL","og_type":"article","og_title":"IVANI NGA LEVOSOJA: NGA RRITJA E SHKURTEVE MUND T\u00cbJETOHET, POR SHTETI DUHET T\u00cb NDIHMOJ\u00cb - Republika e S\u00ebrbis\u00eb Trupi Koordinues p\u00ebr komunat Bujanoc, Preshev\u00eb dhe Medvegj\u00eb","og_description":"Bujanoc - Beograd\u00a0- Ivan Ristiq nga fshati Levosoj af\u00ebr Bujanocit, pun\u00ebtor i respektuar dhe baba i pes\u00eb f\u00ebmij\u00ebve, zgjodhi p\u00ebr vete dhe familjen e tij nj\u00eb pun\u00eb t\u00eb pazakont\u00eb - mbar\u00ebshtimin e shkurteve (th\u00ebll\u00ebnzave), shpend\u00ebve t\u00eb rac\u00ebs s\u00eb past\u00ebr dhe dekorative.","og_url":"https:\/\/kt.gov.rs\/sq\/ivani-nga-levosoja-nga-rritja-e-shkurteve-mund-tejetohet-por-shteti-duhet-te-ndihmoje\/","og_site_name":"Republika e S\u00ebrbis\u00eb Trupi Koordinues p\u00ebr komunat Bujanoc, Preshev\u00eb dhe Medvegj\u00eb","article_publisher":"https:\/\/www.facebook.com\/SluzbaKoordinacionogTelaVladeRepublikeSrbije","article_published_time":"2021-11-08T00:00:00+00:00","article_modified_time":"2024-07-30T17:58:56+00:00","og_image":[{"width":315,"height":230,"url":"https:\/\/kt.gov.rs\/wp-content\/uploads\/2024\/07\/1636369273_081121_2-3.jpg","type":"image\/jpeg"}],"author":"ktmin","twitter_card":"summary_large_image","twitter_creator":"@kt_gov","twitter_site":"@kt_gov","twitter_misc":{"Written by":"ktmin","Est. reading time":"4 minutes"},"schema":{"@context":"https:\/\/schema.org","@graph":[{"@type":"Article","@id":"https:\/\/kt.gov.rs\/sq\/ivani-nga-levosoja-nga-rritja-e-shkurteve-mund-tejetohet-por-shteti-duhet-te-ndihmoje\/#article","isPartOf":{"@id":"https:\/\/kt.gov.rs\/sq\/ivani-nga-levosoja-nga-rritja-e-shkurteve-mund-tejetohet-por-shteti-duhet-te-ndihmoje\/"},"author":{"name":"ktmin","@id":"https:\/\/kt.gov.rs\/#\/schema\/person\/e426459ddb4173309103390602694571"},"headline":"IVANI NGA LEVOSOJA: NGA RRITJA E SHKURTEVE MUND T\u00cbJETOHET, POR SHTETI DUHET T\u00cb NDIHMOJ\u00cb","datePublished":"2021-11-08T00:00:00+00:00","dateModified":"2024-07-30T17:58:56+00:00","mainEntityOfPage":{"@id":"https:\/\/kt.gov.rs\/sq\/ivani-nga-levosoja-nga-rritja-e-shkurteve-mund-tejetohet-por-shteti-duhet-te-ndihmoje\/"},"wordCount":815,"publisher":{"@id":"https:\/\/kt.gov.rs\/#organization"},"image":{"@id":"https:\/\/kt.gov.rs\/sq\/ivani-nga-levosoja-nga-rritja-e-shkurteve-mund-tejetohet-por-shteti-duhet-te-ndihmoje\/#primaryimage"},"thumbnailUrl":"https:\/\/kt.gov.rs\/wp-content\/uploads\/2024\/07\/1636369273_081121_2-3.jpg","articleSection":["Lajme"],"inLanguage":"sq-AL"},{"@type":"WebPage","@id":"https:\/\/kt.gov.rs\/sq\/ivani-nga-levosoja-nga-rritja-e-shkurteve-mund-tejetohet-por-shteti-duhet-te-ndihmoje\/","url":"https:\/\/kt.gov.rs\/sq\/ivani-nga-levosoja-nga-rritja-e-shkurteve-mund-tejetohet-por-shteti-duhet-te-ndihmoje\/","name":"IVANI NGA LEVOSOJA: NGA RRITJA E SHKURTEVE MUND T\u00cbJETOHET, POR SHTETI DUHET T\u00cb NDIHMOJ\u00cb - Republika e S\u00ebrbis\u00eb Trupi Koordinues p\u00ebr komunat Bujanoc, Preshev\u00eb dhe Medvegj\u00eb","isPartOf":{"@id":"https:\/\/kt.gov.rs\/#website"},"primaryImageOfPage":{"@id":"https:\/\/kt.gov.rs\/sq\/ivani-nga-levosoja-nga-rritja-e-shkurteve-mund-tejetohet-por-shteti-duhet-te-ndihmoje\/#primaryimage"},"image":{"@id":"https:\/\/kt.gov.rs\/sq\/ivani-nga-levosoja-nga-rritja-e-shkurteve-mund-tejetohet-por-shteti-duhet-te-ndihmoje\/#primaryimage"},"thumbnailUrl":"https:\/\/kt.gov.rs\/wp-content\/uploads\/2024\/07\/1636369273_081121_2-3.jpg","datePublished":"2021-11-08T00:00:00+00:00","dateModified":"2024-07-30T17:58:56+00:00","breadcrumb":{"@id":"https:\/\/kt.gov.rs\/sq\/ivani-nga-levosoja-nga-rritja-e-shkurteve-mund-tejetohet-por-shteti-duhet-te-ndihmoje\/#breadcrumb"},"inLanguage":"sq-AL","potentialAction":[{"@type":"ReadAction","target":["https:\/\/kt.gov.rs\/sq\/ivani-nga-levosoja-nga-rritja-e-shkurteve-mund-tejetohet-por-shteti-duhet-te-ndihmoje\/"]}]},{"@type":"ImageObject","inLanguage":"sq-AL","@id":"https:\/\/kt.gov.rs\/sq\/ivani-nga-levosoja-nga-rritja-e-shkurteve-mund-tejetohet-por-shteti-duhet-te-ndihmoje\/#primaryimage","url":"https:\/\/kt.gov.rs\/wp-content\/uploads\/2024\/07\/1636369273_081121_2-3.jpg","contentUrl":"https:\/\/kt.gov.rs\/wp-content\/uploads\/2024\/07\/1636369273_081121_2-3.jpg","width":315,"height":230},{"@type":"BreadcrumbList","@id":"https:\/\/kt.gov.rs\/sq\/ivani-nga-levosoja-nga-rritja-e-shkurteve-mund-tejetohet-por-shteti-duhet-te-ndihmoje\/#breadcrumb","itemListElement":[{"@type":"ListItem","position":1,"name":"Po\u010detna","item":"https:\/\/kt.gov.rs\/sq\/"},{"@type":"ListItem","position":2,"name":"IVANI NGA LEVOSOJA: NGA RRITJA E SHKURTEVE MUND T\u00cbJETOHET, POR SHTETI DUHET T\u00cb NDIHMOJ\u00cb"}]},{"@type":"WebSite","@id":"https:\/\/kt.gov.rs\/#website","url":"https:\/\/kt.gov.rs\/","name":"Koordinaciono telo Vlade Republike Srbije za op\u0161tine Pre\u0161evo, Bujanovac i Medve\u0111a","description":"","publisher":{"@id":"https:\/\/kt.gov.rs\/#organization"},"alternateName":"Koordinaciono telo","potentialAction":[{"@type":"SearchAction","target":{"@type":"EntryPoint","urlTemplate":"https:\/\/kt.gov.rs\/?s={search_term_string}"},"query-input":{"@type":"PropertyValueSpecification","valueRequired":true,"valueName":"search_term_string"}}],"inLanguage":"sq-AL"},{"@type":"Organization","@id":"https:\/\/kt.gov.rs\/#organization","name":"Koordinaciono telo Vlade Republike Srbije za op\u0161tine Pre\u0161evo, Bujanovac i Medve\u0111a","alternateName":"Koordinaciono telo","url":"https:\/\/kt.gov.rs\/","logo":{"@type":"ImageObject","inLanguage":"sq-AL","@id":"https:\/\/kt.gov.rs\/#\/schema\/logo\/image\/","url":"https:\/\/kt.gov.rs\/wp-content\/uploads\/2024\/12\/koord2.jpg","contentUrl":"https:\/\/kt.gov.rs\/wp-content\/uploads\/2024\/12\/koord2.jpg","width":640,"height":480,"caption":"Koordinaciono telo Vlade Republike Srbije za op\u0161tine Pre\u0161evo, Bujanovac i Medve\u0111a"},"image":{"@id":"https:\/\/kt.gov.rs\/#\/schema\/logo\/image\/"},"sameAs":["https:\/\/www.facebook.com\/SluzbaKoordinacionogTelaVladeRepublikeSrbije","https:\/\/x.com\/kt_gov","https:\/\/www.youtube.com\/@koordinacionotelo"]},{"@type":"Person","@id":"https:\/\/kt.gov.rs\/#\/schema\/person\/e426459ddb4173309103390602694571","name":"ktmin","image":{"@type":"ImageObject","inLanguage":"sq-AL","@id":"https:\/\/secure.gravatar.com\/avatar\/3985c961109853010c3fbc7ba30365bfba5db3dd6c525831d9c595c7525a615a?s=96&d=mm&r=g","url":"https:\/\/secure.gravatar.com\/avatar\/3985c961109853010c3fbc7ba30365bfba5db3dd6c525831d9c595c7525a615a?s=96&d=mm&r=g","contentUrl":"https:\/\/secure.gravatar.com\/avatar\/3985c961109853010c3fbc7ba30365bfba5db3dd6c525831d9c595c7525a615a?s=96&d=mm&r=g","caption":"ktmin"},"sameAs":["https:\/\/kt.gov.rs"],"url":"https:\/\/kt.gov.rs\/sq\/author\/ktmin\/"}]}},"_links":{"self":[{"href":"https:\/\/kt.gov.rs\/sq\/wp-json\/wp\/v2\/posts\/108895","targetHints":{"allow":["GET"]}}],"collection":[{"href":"https:\/\/kt.gov.rs\/sq\/wp-json\/wp\/v2\/posts"}],"about":[{"href":"https:\/\/kt.gov.rs\/sq\/wp-json\/wp\/v2\/types\/post"}],"author":[{"embeddable":true,"href":"https:\/\/kt.gov.rs\/sq\/wp-json\/wp\/v2\/users\/1"}],"replies":[{"embeddable":true,"href":"https:\/\/kt.gov.rs\/sq\/wp-json\/wp\/v2\/comments?post=108895"}],"version-history":[{"count":1,"href":"https:\/\/kt.gov.rs\/sq\/wp-json\/wp\/v2\/posts\/108895\/revisions"}],"predecessor-version":[{"id":108899,"href":"https:\/\/kt.gov.rs\/sq\/wp-json\/wp\/v2\/posts\/108895\/revisions\/108899"}],"wp:featuredmedia":[{"embeddable":true,"href":"https:\/\/kt.gov.rs\/sq\/wp-json\/wp\/v2\/media\/108900"}],"wp:attachment":[{"href":"https:\/\/kt.gov.rs\/sq\/wp-json\/wp\/v2\/media?parent=108895"}],"wp:term":[{"taxonomy":"category","embeddable":true,"href":"https:\/\/kt.gov.rs\/sq\/wp-json\/wp\/v2\/categories?post=108895"},{"taxonomy":"post_tag","embeddable":true,"href":"https:\/\/kt.gov.rs\/sq\/wp-json\/wp\/v2\/tags?post=108895"}],"curies":[{"name":"wp","href":"https:\/\/api.w.org\/{rel}","templated":true}]}}