{"id":108887,"date":"2021-11-08T00:00:00","date_gmt":"2021-11-08T00:00:00","guid":{"rendered":"http:\/\/kt.printandscreen.rs\/trajnim-i-jashtezakonshem-i-zjarrefikesve-ushtrimi-sistemi-2021\/"},"modified":"2024-07-30T17:58:55","modified_gmt":"2024-07-30T17:58:55","slug":"trajnim-i-jashtezakonshem-i-zjarrefikesve-ushtrimi-sistemi-2021","status":"publish","type":"post","link":"https:\/\/kt.gov.rs\/sq\/trajnim-i-jashtezakonshem-i-zjarrefikesve-ushtrimi-sistemi-2021\/","title":{"rendered":"TRAJNIM I JASHT\u00cbZAKONSH\u00cbM I ZJARR\u00cbFIK\u00cbSVE: Ushtrimi \u201cSISTEMI 2021\u201d"},"content":{"rendered":"<p>\n\t<strong><img decoding=\"async\" alt=\"\" src=\"https:\/\/kt.gov.rs\/wp-content\/uploads\/2024\/07\/1636369229_081121_1-2.jpg\" style=\"width: 315px; height: 230px; float: left;\" \/><\/strong><\/p>\n<p>\n\t<strong>Medvegj\u00eb \u2013 Leskoc \u2013 Beograd<\/strong> \u2013 KONTROLLI i gatishm\u00ebris\u00eb, aft\u00ebsis\u00eb, trajnimit dhe pajisjes s\u00eb sistemit p\u00ebr reagim ndaj situatave emergjente dhe ngjarjeve emergjente &quot;SISTEMI 2021&quot; u mbajt n\u00eb Rrethin e Jabllanic\u00ebs n\u00eb Leskoc, Vllasotinc\u00eb dhe Medvegj\u00eb, gjegj\u00ebsisht n\u00eb flotacionin e &quot; Miniera Lece n\u00eb Gazdar.<\/p>\n<p>\n\t\u00a0N\u00eb Leskoc ka pasur reagim p\u00ebr shkak t\u00eb zjarrit n\u00eb \u201cTet\u00ebkatshen\u201d e njohur, e cila \u00ebsht\u00eb selia e shumic\u00ebs s\u00eb drejtorive t\u00eb Administrat\u00ebs s\u00eb Qytetit. Pjes\u00ebtar\u00ebt e Sektorit p\u00ebr Situata Emergjente nd\u00ebr t\u00eb tjera kan\u00eb demonstruar gatishm\u00ebrin\u00eb e tyre p\u00ebr shuarjen e zjarreve n\u00eb lart\u00ebsi t\u00eb m\u00ebdha me nj\u00eb mjet t\u00eb ri q\u00eb \u00ebsht\u00eb pjes\u00eb e k\u00ebsaj nj\u00ebsie p\u00ebr nj\u00eb koh\u00eb relativisht t\u00eb shkurt\u00ebr. Shuarja e zjarrit, pas shp\u00ebrthimit t\u00eb zjarrit q\u00eb p\u00ebrfshiu disa zyra, u krye sa m\u00eb shpejt dhe Ivica Randjelloviq, shef i Sektorit p\u00ebr Situata Emergjente n\u00eb Leskoc, theksoi se detyr\u00eb ishte evakuimi i njer\u00ebzve q\u00eb nuk arrit\u00ebn t\u00eb largoheshin nga nd\u00ebrtesa me shum\u00eb tym.<\/p>\n<p>\n\t\u00a0Zjarrfik\u00ebsit treguan trajnim t\u00eb jasht\u00ebzakonsh\u00ebm dhe gatishm\u00ebri p\u00ebr t\u00eb reaguar shpejt dhe eliminuar t\u00eb gjitha pasojat e nj\u00eb zjarri t\u00eb till\u00eb, duke p\u00ebrfshir\u00eb lokalizimin e tij, shuarjen, evakuimin e punonj\u00ebsve dhe qytetar\u00ebve, si dhe ofrimin e ndihm\u00ebs p\u00ebr t\u00eb l\u00ebnduarit. N\u00eb st\u00ebrvitje mor\u00ebn pjes\u00eb edhe pjes\u00ebtar\u00eb t\u00eb nj\u00ebsis\u00eb s\u00eb specializuar t\u00eb mbrojtjes civile, ambulanc\u00ebs, Kryqit t\u00eb Kuq dhe punonj\u00ebs t\u00eb nd\u00ebrmarrjeve komunale dhe t\u00eb vet\u00ebqeverisjes lokale.<\/p>\n<p>\n\tKontrolli i st\u00ebrvitjes s\u00eb zjarrfik\u00ebsve \u00ebsht\u00eb b\u00ebr\u00eb edhe n\u00eb sheshin n\u00eb qend\u00ebr t\u00eb Vllasotinc\u00ebs. Situata e supozuar ka ndodhur n\u00eb aksidentin e nj\u00eb automjeti pasagjer\u00ebsh dhe nj\u00eb cistern\u00eb q\u00eb transportonte l\u00ebnd\u00eb djeg\u00ebse n\u00eb rrug\u00ebn kryesore q\u00eb kalon n\u00eb qend\u00ebr t\u00eb Vllasotinc\u00ebs. N\u00eb at\u00eb situat\u00eb ka pasur dhjet\u00ebra persona t\u00eb l\u00ebnduar r\u00ebnd\u00eb dhe leht\u00eb, nd\u00ebrsa pun\u00ebtor\u00ebt n\u00eb nd\u00ebrtes\u00ebn e Kuvendit Komunal \u00ebsht\u00eb dashur t\u00eb evakuohen. Jan\u00eb kontrolluar edhe sirenat e alarmit, p\u00ebrkat\u00ebsisht nd\u00ebrprerjen e rrezikut, si dhe ushtrimet jan\u00eb ndjekur nga nj\u00eb num\u00ebr i madh i qytetar\u00ebve t\u00eb cil\u00ebt kan\u00eb monitoruar me kujdes trajnimin e pjes\u00ebtar\u00ebve t\u00eb sistemit p\u00ebr reagim ndaj emergjencave dhe ngjarjeve.<\/p>\n<p>\n\t<strong>Burimi: Ve\u00e7ernje Novosti, Trupi Koordinues<\/strong><\/p>\n<p>\n\t\u00a0<\/p>\n","protected":false},"excerpt":{"rendered":"<p>Medvegj\u00eb \u2013 Leskoc \u2013 Beograd\u00a0\u2013 KONTROLLI i gatishm\u00ebris\u00eb, aft\u00ebsis\u00eb, trajnimit dhe pajisjes s\u00eb sistemit p\u00ebr reagim ndaj situatave emergjente dhe ngjarjeve emergjente &quot;SISTEMI 2021&quot; u mbajt n\u00eb Rrethin e Jabllanic\u00ebs n\u00eb Leskoc, Vllasotinc\u00eb dhe Medvegj\u00eb, gjegj\u00ebsisht n\u00eb flotacionin e &quot; Miniera Lece n\u00eb Gazdar.<\/p>\n","protected":false},"author":1,"featured_media":108892,"comment_status":"closed","ping_status":"closed","sticky":false,"template":"","format":"standard","meta":{"footnotes":""},"categories":[55],"tags":[],"class_list":["post-108887","post","type-post","status-publish","format-standard","has-post-thumbnail","hentry","category-lajme"],"yoast_head":"<!-- This site is optimized with the Yoast SEO plugin v27.5 - https:\/\/yoast.com\/product\/yoast-seo-wordpress\/ -->\n<title>TRAJNIM I JASHT\u00cbZAKONSH\u00cbM I ZJARR\u00cbFIK\u00cbSVE: Ushtrimi &quot;SISTEMI 2021&quot; - Republika e S\u00ebrbis\u00eb Trupi Koordinues p\u00ebr komunat Bujanoc, Preshev\u00eb dhe Medvegj\u00eb<\/title>\n<meta name=\"robots\" content=\"index, follow, max-snippet:-1, max-image-preview:large, max-video-preview:-1\" \/>\n<link rel=\"canonical\" href=\"https:\/\/kt.gov.rs\/sq\/trajnim-i-jashtezakonshem-i-zjarrefikesve-ushtrimi-sistemi-2021\/\" \/>\n<meta property=\"og:locale\" content=\"sq_AL\" \/>\n<meta property=\"og:type\" content=\"article\" \/>\n<meta property=\"og:title\" content=\"TRAJNIM I JASHT\u00cbZAKONSH\u00cbM I ZJARR\u00cbFIK\u00cbSVE: Ushtrimi &quot;SISTEMI 2021&quot; - Republika e S\u00ebrbis\u00eb Trupi Koordinues p\u00ebr komunat Bujanoc, Preshev\u00eb dhe Medvegj\u00eb\" \/>\n<meta property=\"og:description\" content=\"Medvegj\u00eb - Leskoc - Beograd\u00a0- KONTROLLI i gatishm\u00ebris\u00eb, aft\u00ebsis\u00eb, trajnimit dhe pajisjes s\u00eb sistemit p\u00ebr reagim ndaj situatave emergjente dhe ngjarjeve emergjente &quot;SISTEMI 2021&quot; u mbajt n\u00eb Rrethin e Jabllanic\u00ebs n\u00eb Leskoc, Vllasotinc\u00eb dhe Medvegj\u00eb, gjegj\u00ebsisht n\u00eb flotacionin e &quot; Miniera Lece n\u00eb Gazdar.\" \/>\n<meta property=\"og:url\" content=\"https:\/\/kt.gov.rs\/sq\/trajnim-i-jashtezakonshem-i-zjarrefikesve-ushtrimi-sistemi-2021\/\" \/>\n<meta property=\"og:site_name\" content=\"Republika e S\u00ebrbis\u00eb Trupi Koordinues p\u00ebr komunat Bujanoc, Preshev\u00eb dhe Medvegj\u00eb\" \/>\n<meta property=\"article:publisher\" content=\"https:\/\/www.facebook.com\/SluzbaKoordinacionogTelaVladeRepublikeSrbije\" \/>\n<meta property=\"article:published_time\" content=\"2021-11-08T00:00:00+00:00\" \/>\n<meta property=\"article:modified_time\" content=\"2024-07-30T17:58:55+00:00\" \/>\n<meta property=\"og:image\" content=\"https:\/\/kt.gov.rs\/wp-content\/uploads\/2024\/07\/1636369229_081121_1-3.jpg\" \/>\n\t<meta property=\"og:image:width\" content=\"315\" \/>\n\t<meta property=\"og:image:height\" content=\"230\" \/>\n\t<meta property=\"og:image:type\" content=\"image\/jpeg\" \/>\n<meta name=\"author\" content=\"ktmin\" \/>\n<meta name=\"twitter:card\" content=\"summary_large_image\" \/>\n<meta name=\"twitter:creator\" content=\"@kt_gov\" \/>\n<meta name=\"twitter:site\" content=\"@kt_gov\" \/>\n<meta name=\"twitter:label1\" content=\"Written by\" \/>\n\t<meta name=\"twitter:data1\" content=\"ktmin\" \/>\n\t<meta name=\"twitter:label2\" content=\"Est. reading time\" \/>\n\t<meta name=\"twitter:data2\" content=\"3 minutes\" \/>\n<script type=\"application\/ld+json\" class=\"yoast-schema-graph\">{\"@context\":\"https:\\\/\\\/schema.org\",\"@graph\":[{\"@type\":\"Article\",\"@id\":\"https:\\\/\\\/kt.gov.rs\\\/sq\\\/trajnim-i-jashtezakonshem-i-zjarrefikesve-ushtrimi-sistemi-2021\\\/#article\",\"isPartOf\":{\"@id\":\"https:\\\/\\\/kt.gov.rs\\\/sq\\\/trajnim-i-jashtezakonshem-i-zjarrefikesve-ushtrimi-sistemi-2021\\\/\"},\"author\":{\"name\":\"ktmin\",\"@id\":\"https:\\\/\\\/kt.gov.rs\\\/#\\\/schema\\\/person\\\/e426459ddb4173309103390602694571\"},\"headline\":\"TRAJNIM I JASHT\u00cbZAKONSH\u00cbM I ZJARR\u00cbFIK\u00cbSVE: Ushtrimi \u201cSISTEMI 2021\u201d\",\"datePublished\":\"2021-11-08T00:00:00+00:00\",\"dateModified\":\"2024-07-30T17:58:55+00:00\",\"mainEntityOfPage\":{\"@id\":\"https:\\\/\\\/kt.gov.rs\\\/sq\\\/trajnim-i-jashtezakonshem-i-zjarrefikesve-ushtrimi-sistemi-2021\\\/\"},\"wordCount\":585,\"publisher\":{\"@id\":\"https:\\\/\\\/kt.gov.rs\\\/#organization\"},\"image\":{\"@id\":\"https:\\\/\\\/kt.gov.rs\\\/sq\\\/trajnim-i-jashtezakonshem-i-zjarrefikesve-ushtrimi-sistemi-2021\\\/#primaryimage\"},\"thumbnailUrl\":\"https:\\\/\\\/kt.gov.rs\\\/wp-content\\\/uploads\\\/2024\\\/07\\\/1636369229_081121_1-3.jpg\",\"articleSection\":[\"Lajme\"],\"inLanguage\":\"sq-AL\"},{\"@type\":\"WebPage\",\"@id\":\"https:\\\/\\\/kt.gov.rs\\\/sq\\\/trajnim-i-jashtezakonshem-i-zjarrefikesve-ushtrimi-sistemi-2021\\\/\",\"url\":\"https:\\\/\\\/kt.gov.rs\\\/sq\\\/trajnim-i-jashtezakonshem-i-zjarrefikesve-ushtrimi-sistemi-2021\\\/\",\"name\":\"TRAJNIM I JASHT\u00cbZAKONSH\u00cbM I ZJARR\u00cbFIK\u00cbSVE: Ushtrimi \\\"SISTEMI 2021\\\" - Republika e S\u00ebrbis\u00eb Trupi Koordinues p\u00ebr komunat Bujanoc, Preshev\u00eb dhe Medvegj\u00eb\",\"isPartOf\":{\"@id\":\"https:\\\/\\\/kt.gov.rs\\\/#website\"},\"primaryImageOfPage\":{\"@id\":\"https:\\\/\\\/kt.gov.rs\\\/sq\\\/trajnim-i-jashtezakonshem-i-zjarrefikesve-ushtrimi-sistemi-2021\\\/#primaryimage\"},\"image\":{\"@id\":\"https:\\\/\\\/kt.gov.rs\\\/sq\\\/trajnim-i-jashtezakonshem-i-zjarrefikesve-ushtrimi-sistemi-2021\\\/#primaryimage\"},\"thumbnailUrl\":\"https:\\\/\\\/kt.gov.rs\\\/wp-content\\\/uploads\\\/2024\\\/07\\\/1636369229_081121_1-3.jpg\",\"datePublished\":\"2021-11-08T00:00:00+00:00\",\"dateModified\":\"2024-07-30T17:58:55+00:00\",\"breadcrumb\":{\"@id\":\"https:\\\/\\\/kt.gov.rs\\\/sq\\\/trajnim-i-jashtezakonshem-i-zjarrefikesve-ushtrimi-sistemi-2021\\\/#breadcrumb\"},\"inLanguage\":\"sq-AL\",\"potentialAction\":[{\"@type\":\"ReadAction\",\"target\":[\"https:\\\/\\\/kt.gov.rs\\\/sq\\\/trajnim-i-jashtezakonshem-i-zjarrefikesve-ushtrimi-sistemi-2021\\\/\"]}]},{\"@type\":\"ImageObject\",\"inLanguage\":\"sq-AL\",\"@id\":\"https:\\\/\\\/kt.gov.rs\\\/sq\\\/trajnim-i-jashtezakonshem-i-zjarrefikesve-ushtrimi-sistemi-2021\\\/#primaryimage\",\"url\":\"https:\\\/\\\/kt.gov.rs\\\/wp-content\\\/uploads\\\/2024\\\/07\\\/1636369229_081121_1-3.jpg\",\"contentUrl\":\"https:\\\/\\\/kt.gov.rs\\\/wp-content\\\/uploads\\\/2024\\\/07\\\/1636369229_081121_1-3.jpg\",\"width\":315,\"height\":230},{\"@type\":\"BreadcrumbList\",\"@id\":\"https:\\\/\\\/kt.gov.rs\\\/sq\\\/trajnim-i-jashtezakonshem-i-zjarrefikesve-ushtrimi-sistemi-2021\\\/#breadcrumb\",\"itemListElement\":[{\"@type\":\"ListItem\",\"position\":1,\"name\":\"Po\u010detna\",\"item\":\"https:\\\/\\\/kt.gov.rs\\\/sq\\\/\"},{\"@type\":\"ListItem\",\"position\":2,\"name\":\"TRAJNIM I JASHT\u00cbZAKONSH\u00cbM I ZJARR\u00cbFIK\u00cbSVE: Ushtrimi \u201cSISTEMI 2021\u201d\"}]},{\"@type\":\"WebSite\",\"@id\":\"https:\\\/\\\/kt.gov.rs\\\/#website\",\"url\":\"https:\\\/\\\/kt.gov.rs\\\/\",\"name\":\"Koordinaciono telo Vlade Republike Srbije za op\u0161tine Pre\u0161evo, Bujanovac i Medve\u0111a\",\"description\":\"\",\"publisher\":{\"@id\":\"https:\\\/\\\/kt.gov.rs\\\/#organization\"},\"alternateName\":\"Koordinaciono telo\",\"potentialAction\":[{\"@type\":\"SearchAction\",\"target\":{\"@type\":\"EntryPoint\",\"urlTemplate\":\"https:\\\/\\\/kt.gov.rs\\\/?s={search_term_string}\"},\"query-input\":{\"@type\":\"PropertyValueSpecification\",\"valueRequired\":true,\"valueName\":\"search_term_string\"}}],\"inLanguage\":\"sq-AL\"},{\"@type\":\"Organization\",\"@id\":\"https:\\\/\\\/kt.gov.rs\\\/#organization\",\"name\":\"Koordinaciono telo Vlade Republike Srbije za op\u0161tine Pre\u0161evo, Bujanovac i Medve\u0111a\",\"alternateName\":\"Koordinaciono telo\",\"url\":\"https:\\\/\\\/kt.gov.rs\\\/\",\"logo\":{\"@type\":\"ImageObject\",\"inLanguage\":\"sq-AL\",\"@id\":\"https:\\\/\\\/kt.gov.rs\\\/#\\\/schema\\\/logo\\\/image\\\/\",\"url\":\"https:\\\/\\\/kt.gov.rs\\\/wp-content\\\/uploads\\\/2024\\\/12\\\/koord2.jpg\",\"contentUrl\":\"https:\\\/\\\/kt.gov.rs\\\/wp-content\\\/uploads\\\/2024\\\/12\\\/koord2.jpg\",\"width\":640,\"height\":480,\"caption\":\"Koordinaciono telo Vlade Republike Srbije za op\u0161tine Pre\u0161evo, Bujanovac i Medve\u0111a\"},\"image\":{\"@id\":\"https:\\\/\\\/kt.gov.rs\\\/#\\\/schema\\\/logo\\\/image\\\/\"},\"sameAs\":[\"https:\\\/\\\/www.facebook.com\\\/SluzbaKoordinacionogTelaVladeRepublikeSrbije\",\"https:\\\/\\\/x.com\\\/kt_gov\",\"https:\\\/\\\/www.youtube.com\\\/@koordinacionotelo\"]},{\"@type\":\"Person\",\"@id\":\"https:\\\/\\\/kt.gov.rs\\\/#\\\/schema\\\/person\\\/e426459ddb4173309103390602694571\",\"name\":\"ktmin\",\"image\":{\"@type\":\"ImageObject\",\"inLanguage\":\"sq-AL\",\"@id\":\"https:\\\/\\\/secure.gravatar.com\\\/avatar\\\/3985c961109853010c3fbc7ba30365bfba5db3dd6c525831d9c595c7525a615a?s=96&d=mm&r=g\",\"url\":\"https:\\\/\\\/secure.gravatar.com\\\/avatar\\\/3985c961109853010c3fbc7ba30365bfba5db3dd6c525831d9c595c7525a615a?s=96&d=mm&r=g\",\"contentUrl\":\"https:\\\/\\\/secure.gravatar.com\\\/avatar\\\/3985c961109853010c3fbc7ba30365bfba5db3dd6c525831d9c595c7525a615a?s=96&d=mm&r=g\",\"caption\":\"ktmin\"},\"sameAs\":[\"https:\\\/\\\/kt.gov.rs\"],\"url\":\"https:\\\/\\\/kt.gov.rs\\\/sq\\\/author\\\/ktmin\\\/\"}]}<\/script>\n<!-- \/ Yoast SEO plugin. -->","yoast_head_json":{"title":"TRAJNIM I JASHT\u00cbZAKONSH\u00cbM I ZJARR\u00cbFIK\u00cbSVE: Ushtrimi \"SISTEMI 2021\" - Republika e S\u00ebrbis\u00eb Trupi Koordinues p\u00ebr komunat Bujanoc, Preshev\u00eb dhe Medvegj\u00eb","robots":{"index":"index","follow":"follow","max-snippet":"max-snippet:-1","max-image-preview":"max-image-preview:large","max-video-preview":"max-video-preview:-1"},"canonical":"https:\/\/kt.gov.rs\/sq\/trajnim-i-jashtezakonshem-i-zjarrefikesve-ushtrimi-sistemi-2021\/","og_locale":"sq_AL","og_type":"article","og_title":"TRAJNIM I JASHT\u00cbZAKONSH\u00cbM I ZJARR\u00cbFIK\u00cbSVE: Ushtrimi \"SISTEMI 2021\" - Republika e S\u00ebrbis\u00eb Trupi Koordinues p\u00ebr komunat Bujanoc, Preshev\u00eb dhe Medvegj\u00eb","og_description":"Medvegj\u00eb - Leskoc - Beograd\u00a0- KONTROLLI i gatishm\u00ebris\u00eb, aft\u00ebsis\u00eb, trajnimit dhe pajisjes s\u00eb sistemit p\u00ebr reagim ndaj situatave emergjente dhe ngjarjeve emergjente &quot;SISTEMI 2021&quot; u mbajt n\u00eb Rrethin e Jabllanic\u00ebs n\u00eb Leskoc, Vllasotinc\u00eb dhe Medvegj\u00eb, gjegj\u00ebsisht n\u00eb flotacionin e &quot; Miniera Lece n\u00eb Gazdar.","og_url":"https:\/\/kt.gov.rs\/sq\/trajnim-i-jashtezakonshem-i-zjarrefikesve-ushtrimi-sistemi-2021\/","og_site_name":"Republika e S\u00ebrbis\u00eb Trupi Koordinues p\u00ebr komunat Bujanoc, Preshev\u00eb dhe Medvegj\u00eb","article_publisher":"https:\/\/www.facebook.com\/SluzbaKoordinacionogTelaVladeRepublikeSrbije","article_published_time":"2021-11-08T00:00:00+00:00","article_modified_time":"2024-07-30T17:58:55+00:00","og_image":[{"width":315,"height":230,"url":"https:\/\/kt.gov.rs\/wp-content\/uploads\/2024\/07\/1636369229_081121_1-3.jpg","type":"image\/jpeg"}],"author":"ktmin","twitter_card":"summary_large_image","twitter_creator":"@kt_gov","twitter_site":"@kt_gov","twitter_misc":{"Written by":"ktmin","Est. reading time":"3 minutes"},"schema":{"@context":"https:\/\/schema.org","@graph":[{"@type":"Article","@id":"https:\/\/kt.gov.rs\/sq\/trajnim-i-jashtezakonshem-i-zjarrefikesve-ushtrimi-sistemi-2021\/#article","isPartOf":{"@id":"https:\/\/kt.gov.rs\/sq\/trajnim-i-jashtezakonshem-i-zjarrefikesve-ushtrimi-sistemi-2021\/"},"author":{"name":"ktmin","@id":"https:\/\/kt.gov.rs\/#\/schema\/person\/e426459ddb4173309103390602694571"},"headline":"TRAJNIM I JASHT\u00cbZAKONSH\u00cbM I ZJARR\u00cbFIK\u00cbSVE: Ushtrimi \u201cSISTEMI 2021\u201d","datePublished":"2021-11-08T00:00:00+00:00","dateModified":"2024-07-30T17:58:55+00:00","mainEntityOfPage":{"@id":"https:\/\/kt.gov.rs\/sq\/trajnim-i-jashtezakonshem-i-zjarrefikesve-ushtrimi-sistemi-2021\/"},"wordCount":585,"publisher":{"@id":"https:\/\/kt.gov.rs\/#organization"},"image":{"@id":"https:\/\/kt.gov.rs\/sq\/trajnim-i-jashtezakonshem-i-zjarrefikesve-ushtrimi-sistemi-2021\/#primaryimage"},"thumbnailUrl":"https:\/\/kt.gov.rs\/wp-content\/uploads\/2024\/07\/1636369229_081121_1-3.jpg","articleSection":["Lajme"],"inLanguage":"sq-AL"},{"@type":"WebPage","@id":"https:\/\/kt.gov.rs\/sq\/trajnim-i-jashtezakonshem-i-zjarrefikesve-ushtrimi-sistemi-2021\/","url":"https:\/\/kt.gov.rs\/sq\/trajnim-i-jashtezakonshem-i-zjarrefikesve-ushtrimi-sistemi-2021\/","name":"TRAJNIM I JASHT\u00cbZAKONSH\u00cbM I ZJARR\u00cbFIK\u00cbSVE: Ushtrimi \"SISTEMI 2021\" - Republika e S\u00ebrbis\u00eb Trupi Koordinues p\u00ebr komunat Bujanoc, Preshev\u00eb dhe Medvegj\u00eb","isPartOf":{"@id":"https:\/\/kt.gov.rs\/#website"},"primaryImageOfPage":{"@id":"https:\/\/kt.gov.rs\/sq\/trajnim-i-jashtezakonshem-i-zjarrefikesve-ushtrimi-sistemi-2021\/#primaryimage"},"image":{"@id":"https:\/\/kt.gov.rs\/sq\/trajnim-i-jashtezakonshem-i-zjarrefikesve-ushtrimi-sistemi-2021\/#primaryimage"},"thumbnailUrl":"https:\/\/kt.gov.rs\/wp-content\/uploads\/2024\/07\/1636369229_081121_1-3.jpg","datePublished":"2021-11-08T00:00:00+00:00","dateModified":"2024-07-30T17:58:55+00:00","breadcrumb":{"@id":"https:\/\/kt.gov.rs\/sq\/trajnim-i-jashtezakonshem-i-zjarrefikesve-ushtrimi-sistemi-2021\/#breadcrumb"},"inLanguage":"sq-AL","potentialAction":[{"@type":"ReadAction","target":["https:\/\/kt.gov.rs\/sq\/trajnim-i-jashtezakonshem-i-zjarrefikesve-ushtrimi-sistemi-2021\/"]}]},{"@type":"ImageObject","inLanguage":"sq-AL","@id":"https:\/\/kt.gov.rs\/sq\/trajnim-i-jashtezakonshem-i-zjarrefikesve-ushtrimi-sistemi-2021\/#primaryimage","url":"https:\/\/kt.gov.rs\/wp-content\/uploads\/2024\/07\/1636369229_081121_1-3.jpg","contentUrl":"https:\/\/kt.gov.rs\/wp-content\/uploads\/2024\/07\/1636369229_081121_1-3.jpg","width":315,"height":230},{"@type":"BreadcrumbList","@id":"https:\/\/kt.gov.rs\/sq\/trajnim-i-jashtezakonshem-i-zjarrefikesve-ushtrimi-sistemi-2021\/#breadcrumb","itemListElement":[{"@type":"ListItem","position":1,"name":"Po\u010detna","item":"https:\/\/kt.gov.rs\/sq\/"},{"@type":"ListItem","position":2,"name":"TRAJNIM I JASHT\u00cbZAKONSH\u00cbM I ZJARR\u00cbFIK\u00cbSVE: Ushtrimi \u201cSISTEMI 2021\u201d"}]},{"@type":"WebSite","@id":"https:\/\/kt.gov.rs\/#website","url":"https:\/\/kt.gov.rs\/","name":"Koordinaciono telo Vlade Republike Srbije za op\u0161tine Pre\u0161evo, Bujanovac i Medve\u0111a","description":"","publisher":{"@id":"https:\/\/kt.gov.rs\/#organization"},"alternateName":"Koordinaciono telo","potentialAction":[{"@type":"SearchAction","target":{"@type":"EntryPoint","urlTemplate":"https:\/\/kt.gov.rs\/?s={search_term_string}"},"query-input":{"@type":"PropertyValueSpecification","valueRequired":true,"valueName":"search_term_string"}}],"inLanguage":"sq-AL"},{"@type":"Organization","@id":"https:\/\/kt.gov.rs\/#organization","name":"Koordinaciono telo Vlade Republike Srbije za op\u0161tine Pre\u0161evo, Bujanovac i Medve\u0111a","alternateName":"Koordinaciono telo","url":"https:\/\/kt.gov.rs\/","logo":{"@type":"ImageObject","inLanguage":"sq-AL","@id":"https:\/\/kt.gov.rs\/#\/schema\/logo\/image\/","url":"https:\/\/kt.gov.rs\/wp-content\/uploads\/2024\/12\/koord2.jpg","contentUrl":"https:\/\/kt.gov.rs\/wp-content\/uploads\/2024\/12\/koord2.jpg","width":640,"height":480,"caption":"Koordinaciono telo Vlade Republike Srbije za op\u0161tine Pre\u0161evo, Bujanovac i Medve\u0111a"},"image":{"@id":"https:\/\/kt.gov.rs\/#\/schema\/logo\/image\/"},"sameAs":["https:\/\/www.facebook.com\/SluzbaKoordinacionogTelaVladeRepublikeSrbije","https:\/\/x.com\/kt_gov","https:\/\/www.youtube.com\/@koordinacionotelo"]},{"@type":"Person","@id":"https:\/\/kt.gov.rs\/#\/schema\/person\/e426459ddb4173309103390602694571","name":"ktmin","image":{"@type":"ImageObject","inLanguage":"sq-AL","@id":"https:\/\/secure.gravatar.com\/avatar\/3985c961109853010c3fbc7ba30365bfba5db3dd6c525831d9c595c7525a615a?s=96&d=mm&r=g","url":"https:\/\/secure.gravatar.com\/avatar\/3985c961109853010c3fbc7ba30365bfba5db3dd6c525831d9c595c7525a615a?s=96&d=mm&r=g","contentUrl":"https:\/\/secure.gravatar.com\/avatar\/3985c961109853010c3fbc7ba30365bfba5db3dd6c525831d9c595c7525a615a?s=96&d=mm&r=g","caption":"ktmin"},"sameAs":["https:\/\/kt.gov.rs"],"url":"https:\/\/kt.gov.rs\/sq\/author\/ktmin\/"}]}},"_links":{"self":[{"href":"https:\/\/kt.gov.rs\/sq\/wp-json\/wp\/v2\/posts\/108887","targetHints":{"allow":["GET"]}}],"collection":[{"href":"https:\/\/kt.gov.rs\/sq\/wp-json\/wp\/v2\/posts"}],"about":[{"href":"https:\/\/kt.gov.rs\/sq\/wp-json\/wp\/v2\/types\/post"}],"author":[{"embeddable":true,"href":"https:\/\/kt.gov.rs\/sq\/wp-json\/wp\/v2\/users\/1"}],"replies":[{"embeddable":true,"href":"https:\/\/kt.gov.rs\/sq\/wp-json\/wp\/v2\/comments?post=108887"}],"version-history":[{"count":1,"href":"https:\/\/kt.gov.rs\/sq\/wp-json\/wp\/v2\/posts\/108887\/revisions"}],"predecessor-version":[{"id":108891,"href":"https:\/\/kt.gov.rs\/sq\/wp-json\/wp\/v2\/posts\/108887\/revisions\/108891"}],"wp:featuredmedia":[{"embeddable":true,"href":"https:\/\/kt.gov.rs\/sq\/wp-json\/wp\/v2\/media\/108892"}],"wp:attachment":[{"href":"https:\/\/kt.gov.rs\/sq\/wp-json\/wp\/v2\/media?parent=108887"}],"wp:term":[{"taxonomy":"category","embeddable":true,"href":"https:\/\/kt.gov.rs\/sq\/wp-json\/wp\/v2\/categories?post=108887"},{"taxonomy":"post_tag","embeddable":true,"href":"https:\/\/kt.gov.rs\/sq\/wp-json\/wp\/v2\/tags?post=108887"}],"curies":[{"name":"wp","href":"https:\/\/api.w.org\/{rel}","templated":true}]}}