{"id":108863,"date":"2021-11-12T00:00:00","date_gmt":"2021-11-12T00:00:00","guid":{"rendered":"http:\/\/kt.printandscreen.rs\/eshte-hapur-ekspozita-trashegimia-ndertuese-kombetare-e-komunes-bujanoc-dhe-presheve\/"},"modified":"2024-07-30T17:58:53","modified_gmt":"2024-07-30T17:58:53","slug":"eshte-hapur-ekspozita-trashegimia-ndertuese-kombetare-e-komunes-bujanoc-dhe-presheve","status":"publish","type":"post","link":"https:\/\/kt.gov.rs\/sq\/eshte-hapur-ekspozita-trashegimia-ndertuese-kombetare-e-komunes-bujanoc-dhe-presheve\/","title":{"rendered":"\u00cbSHT\u00cb HAPUR EKSPOZITA\u201dTRASH\u00cbGIMIA ND\u00cbRTUESE KOMB\u00cbTARE E KOMUN\u00cbS BUJANOC DHE PRESHEV\u00cb\u201d"},"content":{"rendered":"<p>\n\t<strong><img decoding=\"async\" alt=\"\" src=\"https:\/\/kt.gov.rs\/wp-content\/uploads\/2024\/07\/1636718553_121121_2-2.jpg\" style=\"width: 315px; height: 230px; float: left;\" \/><\/strong><\/p>\n<p>\n\t<strong>Nish \u2013 Beograd <\/strong>\u2013 N\u00eb Muzeun e xehetaris\u00eb dhe metalurgjis\u00eb \u00ebsht\u00eb hapur ekspozita \u201cTrash\u00ebgimia nd\u00ebrtuese komb\u00ebtare e komun\u00ebs Bujanoc dhe Preshev\u00eb\u201d, Instituti p\u00ebr mbrojtjen e monumenteve t\u00eb kultur\u00ebs Nish.<\/p>\n<p>\n\tEkspozita e fotografive, filmit dokumentar dhe librit \u00ebsht\u00eb krijuar si rezultat i hulumtimit t\u00eb kryer n\u00eb vitin 2005 dhe 2006 n\u00eb komunat e Bujanocit dhe Preshev\u00ebs.<\/p>\n<p>\n\tProjekti u financua nga Ministria e Kultur\u00ebs dhe Informimit dhe synimi ishte t\u00eb dokumentohej e gjith\u00eb trash\u00ebgimia e asaj pjese t\u00eb Serbis\u00eb q\u00eb daton nga shekulli i 19-t\u00eb dhe fillimi i shekullit t\u00eb 20-t\u00eb, nd\u00ebrsa varrezat dhe objektet e kultit jan\u00eb shum\u00eb m\u00eb t\u00eb vjetra.<\/p>\n<p>\n\t\u00a0\u201cNe dokumentuam gjith\u00e7ka q\u00eb gjet\u00ebm nga arkitektura tradicionale popullore \u2013 sht\u00ebpi, oborre, mullinj, punishte artizanale, hambare, kryqe, varreza t\u00eb vjetra serbe, xhami, teqe. Jan\u00eb hulumtuar gjithsej 90 fshatra, jan\u00eb incizuar 540 objekte, jan\u00eb regjistruar teknikisht 77. P\u00ebr ta sistemuar t\u00eb gjith\u00eb k\u00ebt\u00eb dhe pastaj p\u00ebr t&#39;ia shfaqur publikut t\u00eb gjer\u00eb kemi b\u00ebr\u00eb nj\u00eb lib\u00ebr, nj\u00eb dokumentar dhe k\u00ebt\u00eb ekspozit\u00eb me t\u00eb nj\u00ebjtin titull Nd\u00ebrtimet popullore t\u00eb trash\u00ebguara n\u00eb komunat Bujanoc dhe Preshev\u00eb\u201d, thot\u00eb Zhizha Stojiciq Dragiceviq, etnolog i Institutit p\u00ebr mbrojtjen e monumenteve t\u00eb kultur\u00ebs n\u00eb Nish.<\/p>\n<p>\n\tSipas fjal\u00ebve t\u00eb autores, kjo pjes\u00eb e Serbis\u00eb juglindore ishte ve\u00e7an\u00ebrisht interesante p\u00ebr shkak t\u00eb ndryshimeve etnike q\u00eb kan\u00eb ndodhur n\u00eb deceniet e fundit.<\/p>\n<p>\n\tPas hapjes zyrtare t\u00eb ekspozit\u00ebs, t\u00eb pranishmit pat\u00ebn mund\u00ebsin\u00eb t\u00eb shikojn\u00eb nj\u00eb film dokumentar t\u00eb realizuar nga dokumentacioni i gjer\u00eb q\u00eb mbulon trash\u00ebgimin\u00eb e hulumtuar t\u00eb komun\u00ebs s\u00eb Bujanocit dhe Preshev\u00ebs.<\/p>\n<p>\n\t\u00a0\u201cDuke pasur parasysh se gjat\u00eb gjith\u00eb koh\u00ebs kemi qen\u00eb n\u00eb kontakt t\u00eb drejtp\u00ebrdrejt\u00eb me popullsin\u00eb vendase, nuk kemi humbur rastin t\u00eb regjistrojm\u00eb zakonet, besimet, t\u00eb mbledhim t\u00eb dh\u00ebna p\u00ebr fshatrat, popullsin\u00eb. B\u00ebm\u00eb regjistrime audio dhe video dhe v\u00ebmendje t\u00eb ve\u00e7ant\u00eb i kushtuam gjetjes dhe dokumentimit t\u00eb regjistrimeve dhe sh\u00ebnimeve m\u00eb t\u00eb vjetra rreth kryqit, si dhe gjetjes s\u00eb varrezave serbe t\u00eb cilat n\u00eb mas\u00eb t\u00eb madhe ishin shkat\u00ebrruar\u201d, thekson autorja.<\/p>\n<p>\n\tQytetar\u00ebt e interesuar do t\u00eb mund ta shohin ekspozit\u00ebn deri m\u00eb 10 dhjetor.<\/p>\n<p>\n\t<strong>Burimi: Istmedia. rs, Trupi koordinues<\/strong><\/p>\n<p>\n\t\u00a0<\/p>\n","protected":false},"excerpt":{"rendered":"<p>Nish \u2013 Beograd\u00a0\u2013 N\u00eb Muzeun e xehetaris\u00eb dhe metalurgjis\u00eb \u00ebsht\u00eb hapur ekspozita \u201cTrash\u00ebgimia nd\u00ebrtuese komb\u00ebtare e komun\u00ebs Bujanoc dhe Preshev\u00eb\u201d, Instituti p\u00ebr mbrojtjen e monumenteve t\u00eb kultur\u00ebs Nish.<\/p>\n","protected":false},"author":1,"featured_media":108868,"comment_status":"closed","ping_status":"closed","sticky":false,"template":"","format":"standard","meta":{"footnotes":""},"categories":[55],"tags":[],"class_list":["post-108863","post","type-post","status-publish","format-standard","has-post-thumbnail","hentry","category-lajme"],"yoast_head":"<!-- This site is optimized with the Yoast SEO plugin v27.5 - https:\/\/yoast.com\/product\/yoast-seo-wordpress\/ -->\n<title>\u00cbSHT\u00cb HAPUR EKSPOZITA\u201dTRASH\u00cbGIMIA ND\u00cbRTUESE KOMB\u00cbTARE E KOMUN\u00cbS BUJANOC DHE PRESHEV\u00cb\u201d - Republika e S\u00ebrbis\u00eb Trupi Koordinues p\u00ebr komunat Bujanoc, Preshev\u00eb dhe Medvegj\u00eb<\/title>\n<meta name=\"robots\" content=\"index, follow, max-snippet:-1, max-image-preview:large, max-video-preview:-1\" \/>\n<link rel=\"canonical\" href=\"https:\/\/kt.gov.rs\/sq\/eshte-hapur-ekspozita-trashegimia-ndertuese-kombetare-e-komunes-bujanoc-dhe-presheve\/\" \/>\n<meta property=\"og:locale\" content=\"sq_AL\" \/>\n<meta property=\"og:type\" content=\"article\" \/>\n<meta property=\"og:title\" content=\"\u00cbSHT\u00cb HAPUR EKSPOZITA\u201dTRASH\u00cbGIMIA ND\u00cbRTUESE KOMB\u00cbTARE E KOMUN\u00cbS BUJANOC DHE PRESHEV\u00cb\u201d - Republika e S\u00ebrbis\u00eb Trupi Koordinues p\u00ebr komunat Bujanoc, Preshev\u00eb dhe Medvegj\u00eb\" \/>\n<meta property=\"og:description\" content=\"Nish \u2013 Beograd\u00a0\u2013 N\u00eb Muzeun e xehetaris\u00eb dhe metalurgjis\u00eb \u00ebsht\u00eb hapur ekspozita \u201cTrash\u00ebgimia nd\u00ebrtuese komb\u00ebtare e komun\u00ebs Bujanoc dhe Preshev\u00eb\u201d, Instituti p\u00ebr mbrojtjen e monumenteve t\u00eb kultur\u00ebs Nish.\" \/>\n<meta property=\"og:url\" content=\"https:\/\/kt.gov.rs\/sq\/eshte-hapur-ekspozita-trashegimia-ndertuese-kombetare-e-komunes-bujanoc-dhe-presheve\/\" \/>\n<meta property=\"og:site_name\" content=\"Republika e S\u00ebrbis\u00eb Trupi Koordinues p\u00ebr komunat Bujanoc, Preshev\u00eb dhe Medvegj\u00eb\" \/>\n<meta property=\"article:publisher\" content=\"https:\/\/www.facebook.com\/SluzbaKoordinacionogTelaVladeRepublikeSrbije\" \/>\n<meta property=\"article:published_time\" content=\"2021-11-12T00:00:00+00:00\" \/>\n<meta property=\"article:modified_time\" content=\"2024-07-30T17:58:53+00:00\" \/>\n<meta property=\"og:image\" content=\"https:\/\/kt.gov.rs\/wp-content\/uploads\/2024\/07\/1636718553_121121_2-3.jpg\" \/>\n\t<meta property=\"og:image:width\" content=\"315\" \/>\n\t<meta property=\"og:image:height\" content=\"230\" \/>\n\t<meta property=\"og:image:type\" content=\"image\/jpeg\" \/>\n<meta name=\"author\" content=\"ktmin\" \/>\n<meta name=\"twitter:card\" content=\"summary_large_image\" \/>\n<meta name=\"twitter:creator\" content=\"@kt_gov\" \/>\n<meta name=\"twitter:site\" content=\"@kt_gov\" \/>\n<meta name=\"twitter:label1\" content=\"Written by\" \/>\n\t<meta name=\"twitter:data1\" content=\"ktmin\" \/>\n\t<meta name=\"twitter:label2\" content=\"Est. reading time\" \/>\n\t<meta name=\"twitter:data2\" content=\"3 minutes\" \/>\n<script type=\"application\/ld+json\" class=\"yoast-schema-graph\">{\"@context\":\"https:\\\/\\\/schema.org\",\"@graph\":[{\"@type\":\"Article\",\"@id\":\"https:\\\/\\\/kt.gov.rs\\\/sq\\\/eshte-hapur-ekspozita-trashegimia-ndertuese-kombetare-e-komunes-bujanoc-dhe-presheve\\\/#article\",\"isPartOf\":{\"@id\":\"https:\\\/\\\/kt.gov.rs\\\/sq\\\/eshte-hapur-ekspozita-trashegimia-ndertuese-kombetare-e-komunes-bujanoc-dhe-presheve\\\/\"},\"author\":{\"name\":\"ktmin\",\"@id\":\"https:\\\/\\\/kt.gov.rs\\\/#\\\/schema\\\/person\\\/e426459ddb4173309103390602694571\"},\"headline\":\"\u00cbSHT\u00cb HAPUR EKSPOZITA\u201dTRASH\u00cbGIMIA ND\u00cbRTUESE KOMB\u00cbTARE E KOMUN\u00cbS BUJANOC DHE PRESHEV\u00cb\u201d\",\"datePublished\":\"2021-11-12T00:00:00+00:00\",\"dateModified\":\"2024-07-30T17:58:53+00:00\",\"mainEntityOfPage\":{\"@id\":\"https:\\\/\\\/kt.gov.rs\\\/sq\\\/eshte-hapur-ekspozita-trashegimia-ndertuese-kombetare-e-komunes-bujanoc-dhe-presheve\\\/\"},\"wordCount\":529,\"publisher\":{\"@id\":\"https:\\\/\\\/kt.gov.rs\\\/#organization\"},\"image\":{\"@id\":\"https:\\\/\\\/kt.gov.rs\\\/sq\\\/eshte-hapur-ekspozita-trashegimia-ndertuese-kombetare-e-komunes-bujanoc-dhe-presheve\\\/#primaryimage\"},\"thumbnailUrl\":\"https:\\\/\\\/kt.gov.rs\\\/wp-content\\\/uploads\\\/2024\\\/07\\\/1636718553_121121_2-3.jpg\",\"articleSection\":[\"Lajme\"],\"inLanguage\":\"sq-AL\"},{\"@type\":\"WebPage\",\"@id\":\"https:\\\/\\\/kt.gov.rs\\\/sq\\\/eshte-hapur-ekspozita-trashegimia-ndertuese-kombetare-e-komunes-bujanoc-dhe-presheve\\\/\",\"url\":\"https:\\\/\\\/kt.gov.rs\\\/sq\\\/eshte-hapur-ekspozita-trashegimia-ndertuese-kombetare-e-komunes-bujanoc-dhe-presheve\\\/\",\"name\":\"\u00cbSHT\u00cb HAPUR EKSPOZITA\u201dTRASH\u00cbGIMIA ND\u00cbRTUESE KOMB\u00cbTARE E KOMUN\u00cbS BUJANOC DHE PRESHEV\u00cb\u201d - Republika e S\u00ebrbis\u00eb Trupi Koordinues p\u00ebr komunat Bujanoc, Preshev\u00eb dhe Medvegj\u00eb\",\"isPartOf\":{\"@id\":\"https:\\\/\\\/kt.gov.rs\\\/#website\"},\"primaryImageOfPage\":{\"@id\":\"https:\\\/\\\/kt.gov.rs\\\/sq\\\/eshte-hapur-ekspozita-trashegimia-ndertuese-kombetare-e-komunes-bujanoc-dhe-presheve\\\/#primaryimage\"},\"image\":{\"@id\":\"https:\\\/\\\/kt.gov.rs\\\/sq\\\/eshte-hapur-ekspozita-trashegimia-ndertuese-kombetare-e-komunes-bujanoc-dhe-presheve\\\/#primaryimage\"},\"thumbnailUrl\":\"https:\\\/\\\/kt.gov.rs\\\/wp-content\\\/uploads\\\/2024\\\/07\\\/1636718553_121121_2-3.jpg\",\"datePublished\":\"2021-11-12T00:00:00+00:00\",\"dateModified\":\"2024-07-30T17:58:53+00:00\",\"breadcrumb\":{\"@id\":\"https:\\\/\\\/kt.gov.rs\\\/sq\\\/eshte-hapur-ekspozita-trashegimia-ndertuese-kombetare-e-komunes-bujanoc-dhe-presheve\\\/#breadcrumb\"},\"inLanguage\":\"sq-AL\",\"potentialAction\":[{\"@type\":\"ReadAction\",\"target\":[\"https:\\\/\\\/kt.gov.rs\\\/sq\\\/eshte-hapur-ekspozita-trashegimia-ndertuese-kombetare-e-komunes-bujanoc-dhe-presheve\\\/\"]}]},{\"@type\":\"ImageObject\",\"inLanguage\":\"sq-AL\",\"@id\":\"https:\\\/\\\/kt.gov.rs\\\/sq\\\/eshte-hapur-ekspozita-trashegimia-ndertuese-kombetare-e-komunes-bujanoc-dhe-presheve\\\/#primaryimage\",\"url\":\"https:\\\/\\\/kt.gov.rs\\\/wp-content\\\/uploads\\\/2024\\\/07\\\/1636718553_121121_2-3.jpg\",\"contentUrl\":\"https:\\\/\\\/kt.gov.rs\\\/wp-content\\\/uploads\\\/2024\\\/07\\\/1636718553_121121_2-3.jpg\",\"width\":315,\"height\":230},{\"@type\":\"BreadcrumbList\",\"@id\":\"https:\\\/\\\/kt.gov.rs\\\/sq\\\/eshte-hapur-ekspozita-trashegimia-ndertuese-kombetare-e-komunes-bujanoc-dhe-presheve\\\/#breadcrumb\",\"itemListElement\":[{\"@type\":\"ListItem\",\"position\":1,\"name\":\"\u041f\u043e\u0447\u0435\u0442\u043d\u0430\",\"item\":\"https:\\\/\\\/kt.gov.rs\\\/sq\\\/\"},{\"@type\":\"ListItem\",\"position\":2,\"name\":\"\u00cbSHT\u00cb HAPUR EKSPOZITA\u201dTRASH\u00cbGIMIA ND\u00cbRTUESE KOMB\u00cbTARE E KOMUN\u00cbS BUJANOC DHE PRESHEV\u00cb\u201d\"}]},{\"@type\":\"WebSite\",\"@id\":\"https:\\\/\\\/kt.gov.rs\\\/#website\",\"url\":\"https:\\\/\\\/kt.gov.rs\\\/\",\"name\":\"\u041a\u043e\u043e\u0440\u0434\u0438\u043d\u0430\u0446\u0438\u043e\u043d\u043e \u0442\u0435\u043b\u043e \u0412\u043b\u0430\u0434\u0435 \u0420\u0435\u043f\u0443\u0431\u043b\u0438\u043a\u0435 \u0421\u0440\u0431\u0438\u0458\u0435 \u0437\u0430 \u043e\u043f\u0448\u0442\u0438\u043d\u0435 \u041f\u0440\u0435\u0448\u0435\u0432\u043e, \u0411\u0443\u0458\u0430\u043d\u043e\u0432\u0430\u0446 \u0438 \u041c\u0435\u0434\u0432\u0435\u0452a\",\"description\":\"\",\"publisher\":{\"@id\":\"https:\\\/\\\/kt.gov.rs\\\/#organization\"},\"alternateName\":\"\u041a\u043e\u043e\u0440\u0434\u0438\u043d\u0430\u0446\u0438\u043e\u043d\u043e \u0442\u0435\u043b\u043e\",\"potentialAction\":[{\"@type\":\"SearchAction\",\"target\":{\"@type\":\"EntryPoint\",\"urlTemplate\":\"https:\\\/\\\/kt.gov.rs\\\/?s={search_term_string}\"},\"query-input\":{\"@type\":\"PropertyValueSpecification\",\"valueRequired\":true,\"valueName\":\"search_term_string\"}}],\"inLanguage\":\"sq-AL\"},{\"@type\":\"Organization\",\"@id\":\"https:\\\/\\\/kt.gov.rs\\\/#organization\",\"name\":\"\u041a\u043e\u043e\u0440\u0434\u0438\u043d\u0430\u0446\u0438\u043e\u043d\u043e \u0442\u0435\u043b\u043e \u0412\u043b\u0430\u0434\u0435 \u0420\u0435\u043f\u0443\u0431\u043b\u0438\u043a\u0435 \u0421\u0440\u0431\u0438\u0458\u0435 \u0437\u0430 \u043e\u043f\u0448\u0442\u0438\u043d\u0435 \u041f\u0440\u0435\u0448\u0435\u0432\u043e, \u0411\u0443\u0458\u0430\u043d\u043e\u0432\u0430\u0446 \u0438 \u041c\u0435\u0434\u0432\u0435\u0452a\",\"alternateName\":\"\u041a\u043e\u043e\u0440\u0434\u0438\u043d\u0430\u0446\u0438\u043e\u043d\u043e \u0442\u0435\u043b\u043e\",\"url\":\"https:\\\/\\\/kt.gov.rs\\\/\",\"logo\":{\"@type\":\"ImageObject\",\"inLanguage\":\"sq-AL\",\"@id\":\"https:\\\/\\\/kt.gov.rs\\\/#\\\/schema\\\/logo\\\/image\\\/\",\"url\":\"https:\\\/\\\/kt.gov.rs\\\/wp-content\\\/uploads\\\/2024\\\/12\\\/koord2.jpg\",\"contentUrl\":\"https:\\\/\\\/kt.gov.rs\\\/wp-content\\\/uploads\\\/2024\\\/12\\\/koord2.jpg\",\"width\":640,\"height\":480,\"caption\":\"\u041a\u043e\u043e\u0440\u0434\u0438\u043d\u0430\u0446\u0438\u043e\u043d\u043e \u0442\u0435\u043b\u043e \u0412\u043b\u0430\u0434\u0435 \u0420\u0435\u043f\u0443\u0431\u043b\u0438\u043a\u0435 \u0421\u0440\u0431\u0438\u0458\u0435 \u0437\u0430 \u043e\u043f\u0448\u0442\u0438\u043d\u0435 \u041f\u0440\u0435\u0448\u0435\u0432\u043e, \u0411\u0443\u0458\u0430\u043d\u043e\u0432\u0430\u0446 \u0438 \u041c\u0435\u0434\u0432\u0435\u0452a\"},\"image\":{\"@id\":\"https:\\\/\\\/kt.gov.rs\\\/#\\\/schema\\\/logo\\\/image\\\/\"},\"sameAs\":[\"https:\\\/\\\/www.facebook.com\\\/SluzbaKoordinacionogTelaVladeRepublikeSrbije\",\"https:\\\/\\\/x.com\\\/kt_gov\",\"https:\\\/\\\/www.youtube.com\\\/@koordinacionotelo\"]},{\"@type\":\"Person\",\"@id\":\"https:\\\/\\\/kt.gov.rs\\\/#\\\/schema\\\/person\\\/e426459ddb4173309103390602694571\",\"name\":\"ktmin\",\"image\":{\"@type\":\"ImageObject\",\"inLanguage\":\"sq-AL\",\"@id\":\"https:\\\/\\\/secure.gravatar.com\\\/avatar\\\/3985c961109853010c3fbc7ba30365bfba5db3dd6c525831d9c595c7525a615a?s=96&d=mm&r=g\",\"url\":\"https:\\\/\\\/secure.gravatar.com\\\/avatar\\\/3985c961109853010c3fbc7ba30365bfba5db3dd6c525831d9c595c7525a615a?s=96&d=mm&r=g\",\"contentUrl\":\"https:\\\/\\\/secure.gravatar.com\\\/avatar\\\/3985c961109853010c3fbc7ba30365bfba5db3dd6c525831d9c595c7525a615a?s=96&d=mm&r=g\",\"caption\":\"ktmin\"},\"sameAs\":[\"https:\\\/\\\/kt.gov.rs\"],\"url\":\"https:\\\/\\\/kt.gov.rs\\\/sq\\\/author\\\/ktmin\\\/\"}]}<\/script>\n<!-- \/ Yoast SEO plugin. -->","yoast_head_json":{"title":"\u00cbSHT\u00cb HAPUR EKSPOZITA\u201dTRASH\u00cbGIMIA ND\u00cbRTUESE KOMB\u00cbTARE E KOMUN\u00cbS BUJANOC DHE PRESHEV\u00cb\u201d - Republika e S\u00ebrbis\u00eb Trupi Koordinues p\u00ebr komunat Bujanoc, Preshev\u00eb dhe Medvegj\u00eb","robots":{"index":"index","follow":"follow","max-snippet":"max-snippet:-1","max-image-preview":"max-image-preview:large","max-video-preview":"max-video-preview:-1"},"canonical":"https:\/\/kt.gov.rs\/sq\/eshte-hapur-ekspozita-trashegimia-ndertuese-kombetare-e-komunes-bujanoc-dhe-presheve\/","og_locale":"sq_AL","og_type":"article","og_title":"\u00cbSHT\u00cb HAPUR EKSPOZITA\u201dTRASH\u00cbGIMIA ND\u00cbRTUESE KOMB\u00cbTARE E KOMUN\u00cbS BUJANOC DHE PRESHEV\u00cb\u201d - Republika e S\u00ebrbis\u00eb Trupi Koordinues p\u00ebr komunat Bujanoc, Preshev\u00eb dhe Medvegj\u00eb","og_description":"Nish \u2013 Beograd\u00a0\u2013 N\u00eb Muzeun e xehetaris\u00eb dhe metalurgjis\u00eb \u00ebsht\u00eb hapur ekspozita \u201cTrash\u00ebgimia nd\u00ebrtuese komb\u00ebtare e komun\u00ebs Bujanoc dhe Preshev\u00eb\u201d, Instituti p\u00ebr mbrojtjen e monumenteve t\u00eb kultur\u00ebs Nish.","og_url":"https:\/\/kt.gov.rs\/sq\/eshte-hapur-ekspozita-trashegimia-ndertuese-kombetare-e-komunes-bujanoc-dhe-presheve\/","og_site_name":"Republika e S\u00ebrbis\u00eb Trupi Koordinues p\u00ebr komunat Bujanoc, Preshev\u00eb dhe Medvegj\u00eb","article_publisher":"https:\/\/www.facebook.com\/SluzbaKoordinacionogTelaVladeRepublikeSrbije","article_published_time":"2021-11-12T00:00:00+00:00","article_modified_time":"2024-07-30T17:58:53+00:00","og_image":[{"width":315,"height":230,"url":"https:\/\/kt.gov.rs\/wp-content\/uploads\/2024\/07\/1636718553_121121_2-3.jpg","type":"image\/jpeg"}],"author":"ktmin","twitter_card":"summary_large_image","twitter_creator":"@kt_gov","twitter_site":"@kt_gov","twitter_misc":{"Written by":"ktmin","Est. reading time":"3 minutes"},"schema":{"@context":"https:\/\/schema.org","@graph":[{"@type":"Article","@id":"https:\/\/kt.gov.rs\/sq\/eshte-hapur-ekspozita-trashegimia-ndertuese-kombetare-e-komunes-bujanoc-dhe-presheve\/#article","isPartOf":{"@id":"https:\/\/kt.gov.rs\/sq\/eshte-hapur-ekspozita-trashegimia-ndertuese-kombetare-e-komunes-bujanoc-dhe-presheve\/"},"author":{"name":"ktmin","@id":"https:\/\/kt.gov.rs\/#\/schema\/person\/e426459ddb4173309103390602694571"},"headline":"\u00cbSHT\u00cb HAPUR EKSPOZITA\u201dTRASH\u00cbGIMIA ND\u00cbRTUESE KOMB\u00cbTARE E KOMUN\u00cbS BUJANOC DHE PRESHEV\u00cb\u201d","datePublished":"2021-11-12T00:00:00+00:00","dateModified":"2024-07-30T17:58:53+00:00","mainEntityOfPage":{"@id":"https:\/\/kt.gov.rs\/sq\/eshte-hapur-ekspozita-trashegimia-ndertuese-kombetare-e-komunes-bujanoc-dhe-presheve\/"},"wordCount":529,"publisher":{"@id":"https:\/\/kt.gov.rs\/#organization"},"image":{"@id":"https:\/\/kt.gov.rs\/sq\/eshte-hapur-ekspozita-trashegimia-ndertuese-kombetare-e-komunes-bujanoc-dhe-presheve\/#primaryimage"},"thumbnailUrl":"https:\/\/kt.gov.rs\/wp-content\/uploads\/2024\/07\/1636718553_121121_2-3.jpg","articleSection":["Lajme"],"inLanguage":"sq-AL"},{"@type":"WebPage","@id":"https:\/\/kt.gov.rs\/sq\/eshte-hapur-ekspozita-trashegimia-ndertuese-kombetare-e-komunes-bujanoc-dhe-presheve\/","url":"https:\/\/kt.gov.rs\/sq\/eshte-hapur-ekspozita-trashegimia-ndertuese-kombetare-e-komunes-bujanoc-dhe-presheve\/","name":"\u00cbSHT\u00cb HAPUR EKSPOZITA\u201dTRASH\u00cbGIMIA ND\u00cbRTUESE KOMB\u00cbTARE E KOMUN\u00cbS BUJANOC DHE PRESHEV\u00cb\u201d - Republika e S\u00ebrbis\u00eb Trupi Koordinues p\u00ebr komunat Bujanoc, Preshev\u00eb dhe Medvegj\u00eb","isPartOf":{"@id":"https:\/\/kt.gov.rs\/#website"},"primaryImageOfPage":{"@id":"https:\/\/kt.gov.rs\/sq\/eshte-hapur-ekspozita-trashegimia-ndertuese-kombetare-e-komunes-bujanoc-dhe-presheve\/#primaryimage"},"image":{"@id":"https:\/\/kt.gov.rs\/sq\/eshte-hapur-ekspozita-trashegimia-ndertuese-kombetare-e-komunes-bujanoc-dhe-presheve\/#primaryimage"},"thumbnailUrl":"https:\/\/kt.gov.rs\/wp-content\/uploads\/2024\/07\/1636718553_121121_2-3.jpg","datePublished":"2021-11-12T00:00:00+00:00","dateModified":"2024-07-30T17:58:53+00:00","breadcrumb":{"@id":"https:\/\/kt.gov.rs\/sq\/eshte-hapur-ekspozita-trashegimia-ndertuese-kombetare-e-komunes-bujanoc-dhe-presheve\/#breadcrumb"},"inLanguage":"sq-AL","potentialAction":[{"@type":"ReadAction","target":["https:\/\/kt.gov.rs\/sq\/eshte-hapur-ekspozita-trashegimia-ndertuese-kombetare-e-komunes-bujanoc-dhe-presheve\/"]}]},{"@type":"ImageObject","inLanguage":"sq-AL","@id":"https:\/\/kt.gov.rs\/sq\/eshte-hapur-ekspozita-trashegimia-ndertuese-kombetare-e-komunes-bujanoc-dhe-presheve\/#primaryimage","url":"https:\/\/kt.gov.rs\/wp-content\/uploads\/2024\/07\/1636718553_121121_2-3.jpg","contentUrl":"https:\/\/kt.gov.rs\/wp-content\/uploads\/2024\/07\/1636718553_121121_2-3.jpg","width":315,"height":230},{"@type":"BreadcrumbList","@id":"https:\/\/kt.gov.rs\/sq\/eshte-hapur-ekspozita-trashegimia-ndertuese-kombetare-e-komunes-bujanoc-dhe-presheve\/#breadcrumb","itemListElement":[{"@type":"ListItem","position":1,"name":"\u041f\u043e\u0447\u0435\u0442\u043d\u0430","item":"https:\/\/kt.gov.rs\/sq\/"},{"@type":"ListItem","position":2,"name":"\u00cbSHT\u00cb HAPUR EKSPOZITA\u201dTRASH\u00cbGIMIA ND\u00cbRTUESE KOMB\u00cbTARE E KOMUN\u00cbS BUJANOC DHE PRESHEV\u00cb\u201d"}]},{"@type":"WebSite","@id":"https:\/\/kt.gov.rs\/#website","url":"https:\/\/kt.gov.rs\/","name":"\u041a\u043e\u043e\u0440\u0434\u0438\u043d\u0430\u0446\u0438\u043e\u043d\u043e \u0442\u0435\u043b\u043e \u0412\u043b\u0430\u0434\u0435 \u0420\u0435\u043f\u0443\u0431\u043b\u0438\u043a\u0435 \u0421\u0440\u0431\u0438\u0458\u0435 \u0437\u0430 \u043e\u043f\u0448\u0442\u0438\u043d\u0435 \u041f\u0440\u0435\u0448\u0435\u0432\u043e, \u0411\u0443\u0458\u0430\u043d\u043e\u0432\u0430\u0446 \u0438 \u041c\u0435\u0434\u0432\u0435\u0452a","description":"","publisher":{"@id":"https:\/\/kt.gov.rs\/#organization"},"alternateName":"\u041a\u043e\u043e\u0440\u0434\u0438\u043d\u0430\u0446\u0438\u043e\u043d\u043e \u0442\u0435\u043b\u043e","potentialAction":[{"@type":"SearchAction","target":{"@type":"EntryPoint","urlTemplate":"https:\/\/kt.gov.rs\/?s={search_term_string}"},"query-input":{"@type":"PropertyValueSpecification","valueRequired":true,"valueName":"search_term_string"}}],"inLanguage":"sq-AL"},{"@type":"Organization","@id":"https:\/\/kt.gov.rs\/#organization","name":"\u041a\u043e\u043e\u0440\u0434\u0438\u043d\u0430\u0446\u0438\u043e\u043d\u043e \u0442\u0435\u043b\u043e \u0412\u043b\u0430\u0434\u0435 \u0420\u0435\u043f\u0443\u0431\u043b\u0438\u043a\u0435 \u0421\u0440\u0431\u0438\u0458\u0435 \u0437\u0430 \u043e\u043f\u0448\u0442\u0438\u043d\u0435 \u041f\u0440\u0435\u0448\u0435\u0432\u043e, \u0411\u0443\u0458\u0430\u043d\u043e\u0432\u0430\u0446 \u0438 \u041c\u0435\u0434\u0432\u0435\u0452a","alternateName":"\u041a\u043e\u043e\u0440\u0434\u0438\u043d\u0430\u0446\u0438\u043e\u043d\u043e \u0442\u0435\u043b\u043e","url":"https:\/\/kt.gov.rs\/","logo":{"@type":"ImageObject","inLanguage":"sq-AL","@id":"https:\/\/kt.gov.rs\/#\/schema\/logo\/image\/","url":"https:\/\/kt.gov.rs\/wp-content\/uploads\/2024\/12\/koord2.jpg","contentUrl":"https:\/\/kt.gov.rs\/wp-content\/uploads\/2024\/12\/koord2.jpg","width":640,"height":480,"caption":"\u041a\u043e\u043e\u0440\u0434\u0438\u043d\u0430\u0446\u0438\u043e\u043d\u043e \u0442\u0435\u043b\u043e \u0412\u043b\u0430\u0434\u0435 \u0420\u0435\u043f\u0443\u0431\u043b\u0438\u043a\u0435 \u0421\u0440\u0431\u0438\u0458\u0435 \u0437\u0430 \u043e\u043f\u0448\u0442\u0438\u043d\u0435 \u041f\u0440\u0435\u0448\u0435\u0432\u043e, \u0411\u0443\u0458\u0430\u043d\u043e\u0432\u0430\u0446 \u0438 \u041c\u0435\u0434\u0432\u0435\u0452a"},"image":{"@id":"https:\/\/kt.gov.rs\/#\/schema\/logo\/image\/"},"sameAs":["https:\/\/www.facebook.com\/SluzbaKoordinacionogTelaVladeRepublikeSrbije","https:\/\/x.com\/kt_gov","https:\/\/www.youtube.com\/@koordinacionotelo"]},{"@type":"Person","@id":"https:\/\/kt.gov.rs\/#\/schema\/person\/e426459ddb4173309103390602694571","name":"ktmin","image":{"@type":"ImageObject","inLanguage":"sq-AL","@id":"https:\/\/secure.gravatar.com\/avatar\/3985c961109853010c3fbc7ba30365bfba5db3dd6c525831d9c595c7525a615a?s=96&d=mm&r=g","url":"https:\/\/secure.gravatar.com\/avatar\/3985c961109853010c3fbc7ba30365bfba5db3dd6c525831d9c595c7525a615a?s=96&d=mm&r=g","contentUrl":"https:\/\/secure.gravatar.com\/avatar\/3985c961109853010c3fbc7ba30365bfba5db3dd6c525831d9c595c7525a615a?s=96&d=mm&r=g","caption":"ktmin"},"sameAs":["https:\/\/kt.gov.rs"],"url":"https:\/\/kt.gov.rs\/sq\/author\/ktmin\/"}]}},"_links":{"self":[{"href":"https:\/\/kt.gov.rs\/sq\/wp-json\/wp\/v2\/posts\/108863","targetHints":{"allow":["GET"]}}],"collection":[{"href":"https:\/\/kt.gov.rs\/sq\/wp-json\/wp\/v2\/posts"}],"about":[{"href":"https:\/\/kt.gov.rs\/sq\/wp-json\/wp\/v2\/types\/post"}],"author":[{"embeddable":true,"href":"https:\/\/kt.gov.rs\/sq\/wp-json\/wp\/v2\/users\/1"}],"replies":[{"embeddable":true,"href":"https:\/\/kt.gov.rs\/sq\/wp-json\/wp\/v2\/comments?post=108863"}],"version-history":[{"count":1,"href":"https:\/\/kt.gov.rs\/sq\/wp-json\/wp\/v2\/posts\/108863\/revisions"}],"predecessor-version":[{"id":108867,"href":"https:\/\/kt.gov.rs\/sq\/wp-json\/wp\/v2\/posts\/108863\/revisions\/108867"}],"wp:featuredmedia":[{"embeddable":true,"href":"https:\/\/kt.gov.rs\/sq\/wp-json\/wp\/v2\/media\/108868"}],"wp:attachment":[{"href":"https:\/\/kt.gov.rs\/sq\/wp-json\/wp\/v2\/media?parent=108863"}],"wp:term":[{"taxonomy":"category","embeddable":true,"href":"https:\/\/kt.gov.rs\/sq\/wp-json\/wp\/v2\/categories?post=108863"},{"taxonomy":"post_tag","embeddable":true,"href":"https:\/\/kt.gov.rs\/sq\/wp-json\/wp\/v2\/tags?post=108863"}],"curies":[{"name":"wp","href":"https:\/\/api.w.org\/{rel}","templated":true}]}}