{"id":108838,"date":"2021-11-17T00:00:00","date_gmt":"2021-11-17T00:00:00","guid":{"rendered":"http:\/\/kt.printandscreen.rs\/danijela-nenadiq-drejtoresha-e-trupit-koordinues-dijalogu-ishte-i-suksesshem-per-kenaqesin-e-te-gjithe-pjesemarresve\/"},"modified":"2024-07-30T17:58:52","modified_gmt":"2024-07-30T17:58:52","slug":"danijela-nenadiq-drejtoresha-e-trupit-koordinues-dijalogu-ishte-i-suksesshem-per-kenaqesin-e-te-gjithe-pjesemarresve","status":"publish","type":"post","link":"https:\/\/kt.gov.rs\/sq\/danijela-nenadiq-drejtoresha-e-trupit-koordinues-dijalogu-ishte-i-suksesshem-per-kenaqesin-e-te-gjithe-pjesemarresve\/","title":{"rendered":"Danijela Nenadiq, drejtoresha e Trupit koordinues: Dijalogu ishte i suksessh\u00ebm, p\u00ebr k\u00ebnaq\u00ebsin e t\u00eb gjith\u00eb pjes\u00ebmarr\u00ebsve"},"content":{"rendered":"<p>\n\t<strong><img decoding=\"async\" alt=\"\" src=\"https:\/\/kt.gov.rs\/wp-content\/uploads\/2024\/07\/1637154318_171121_2-2.jpg\" style=\"width: 640px; height: 360px;\" \/><\/strong><\/p>\n<p>\n\t<strong>Bujanoc \u2013 Beograd<\/strong> \u2013 Trupi koordinues i Qeveris\u00eb s\u00eb Republik\u00ebs s\u00eb Serbis\u00eb p\u00ebr komunat Preshev\u00eb, Bujanoc dhe Medvegj\u00eb, n\u00eb bashk\u00ebpunim me Ministrin\u00eb p\u00ebr t\u00eb drejtat e njeriut dhe t\u00eb pakicave dhe dialog social, organizuan tubim n\u00eb form\u00eb t\u00eb dialogut social. Plani shtat\u00ebpik\u00ebsh, tema- arsimi\u201d. Dialogu u mbajt n\u00eb hap\u00ebsirat e fakultetit Ekonomik nga Subotica \u2013 Dega n\u00eb Bujanoc.<\/p>\n<p>\n\tN\u00eb takim mor\u00ebn pjes\u00eb dhe diskutuan ministrja e t\u00eb drejtave t\u00eb njeriut dhe t\u00eb pakicave dhe dialogut social, Gordana Comiq, n\u00ebnkryetari i par\u00eb dhe ministri e arsimit, shkenc\u00ebs dhe zhvillimit teknologjik, Branko Ruzhiq, shefi i misionit t\u00eb OSBE-s\u00eb n\u00eb Serbi, Jan Bratu, drejtoresha e Trupit koordinues, Danijela Nenadiq dhe kryetari i k\u00ebshillit nacional t\u00eb shqiptar\u00ebve, Ragmi Mustafa.<\/p>\n<p>\n\t<img decoding=\"async\" alt=\"\" src=\"https:\/\/kt.gov.rs\/wp-content\/uploads\/2024\/07\/1637154338_171121_3-1.jpg\" style=\"width: 640px; height: 360px;\" \/><\/p>\n<p>\n\tMinistrja e t\u00eb drejtave t\u00eb njeriut dhe t\u00eb pakicave dhe dialogut social, Gordana Comiq \u00a0tha se njohja e diplomave, teksteve n\u00eb gjuh\u00ebn shqipe, licencave p\u00ebr m\u00ebsuesit shqiptar\u00eb jan\u00eb vet\u00ebm disa nga \u00e7\u00ebshtjet e diskutuara gjat\u00eb dialogut dhe t\u00eb cilat u vler\u00ebsuan si m\u00eb t\u00eb r\u00ebnd\u00ebsishme<\/p>\n<p>\n\t\u201cP\u00ebr nj\u00eb vit nga sot, shpresoj q\u00eb t\u00eb gjitha k\u00ebto probleme t\u00eb hiqen nga lista, do t\u00eb kemi disa probleme t\u00eb tjera, por do ta dim\u00eb se kemi fituar besimin elementar n\u00eb dialog q\u00eb do t&#39;i zgjidh\u00eb t\u00eb gjitha problemet p\u00ebr shkak t\u00eb f\u00ebmij\u00ebve q\u00eb vijn\u00eb. pas nesh, jo p\u00ebr shkak\u00a0 nesh\u201d, tha Comiq.<\/p>\n<p>\n\tSi\u00e7 theksoi ajo, dialogu social \u00ebsht\u00eb organizuar me iniciativ\u00ebn e K\u00ebshillit nacional t\u00eb shqiptar\u00ebve, sepse ata kujdesen p\u00ebr bashk\u00ebsin\u00eb e tyre komb\u00ebtare dhe ky \u00ebsht\u00eb lajmi m\u00eb i mir\u00eb p\u00ebr t\u00eb.<\/p>\n<p>\n\t\u00a0\u201cAt\u00ebher\u00eb ne jemi t\u00eb gjith\u00eb k\u00ebtu q\u00eb duam t&#39;i zgjidhim problemet q\u00eb ata d\u00ebshirojn\u00eb m\u00eb shpejt ti zgjidhin\u201d, shtoi ministrja Comiq.<\/p>\n<p>\n\tN\u00ebnkryetari i par\u00eb i Qeveris\u00eb s\u00eb Serbis\u00eb dhe ministri i arsimit, shkenc\u00ebs dhe zhvillimit teknologjik, Branko Ruzhiq, ka deklaruar se \u00e7\u00ebshtja e teksteve n\u00eb gjuh\u00ebn shqipe \u00ebsht\u00eb zgjidhur p\u00ebrmes bisedimeve me p\u00ebrfaq\u00ebsuesit e K\u00ebshillit nacional t\u00eb Shqiptar\u00ebve.<\/p>\n<p>\n\tRuzhiq ka vler\u00ebsuar se biseda jo vet\u00ebm ka qen\u00eb e suksesshme, por se p\u00ebr nj\u00eb muaj jan\u00eb zgjidhur \u00e7\u00ebshtjet e teksteve shkollore n\u00eb gjuh\u00ebn shqipe me kryetarin e K\u00ebshillit nacional t\u00eb pakic\u00ebs \u00a0shqiptare.<\/p>\n<p>\n\tAi theksoi se ministria e arsimit \u00ebsht\u00eb gjithmon\u00eb e gatshme t\u00eb kontribuoj\u00eb n\u00eb p\u00ebrmir\u00ebsimin e kushteve p\u00ebr nj\u00eb jet\u00eb normale, p\u00ebr t\u00eb investuar tek t\u00eb rinjt\u00eb, p\u00ebr t\u00eb ushqyer diversitetin si vlerat tona, p\u00ebr krijimin e nj\u00eb shoq\u00ebrie edhe m\u00eb tolerante dhe m\u00eb t\u00eb mir\u00eb.<\/p>\n<p>\n\tRuzhiq theksoi se Qeveria e Serbis\u00eb \u00ebsht\u00eb e njohur p\u00ebr pun\u00ebn e vazhdueshme n\u00eb p\u00ebrmir\u00ebsimin e pozit\u00ebs s\u00eb pjes\u00ebtar\u00ebve t\u00eb pakicave komb\u00ebtare n\u00eb t\u00eb gjitha sferat e jet\u00ebs, p\u00ebrfshir\u00eb edhe arsimin.<\/p>\n<p>\n\t\u201cJan\u00eb rezultatet e Serbis\u00eb n\u00eb k\u00ebt\u00eb fush\u00eb n\u00eb mbar\u00eb bot\u00ebn q\u00eb vler\u00ebsohen dhe theksohen si t\u00eb shk\u00eblqyera. P\u00ebr momentin, n\u00eb sesionin e 41-t\u00eb t\u00eb UNESCO-s n\u00eb Paris, Serbia p\u00ebrmendet n\u00eb raport deri n\u00eb 30 her\u00eb si shembull i praktik\u00ebs s\u00eb mir\u00eb kur b\u00ebhet fjal\u00eb p\u00ebr p\u00ebrfshirjen n\u00eb arsim\u201d, tha Ruzhiq.<\/p>\n<p>\n\t<img decoding=\"async\" alt=\"\" src=\"https:\/\/kt.gov.rs\/wp-content\/uploads\/2024\/07\/1637154382_171121_4-1.jpg\" style=\"width: 640px; height: 360px;\" \/><\/p>\n<p>\n\tKryetari i k\u00ebshillit nacional t\u00eb Shqiptar\u00ebve, Ragmi Mustafa, tha se zbatimi i planit shtat\u00ebpik\u00ebsh \u00ebsht\u00eb nj\u00eb nevoj\u00eb e domosdoshme p\u00ebr t\u00eb siguruar m\u00eb shum\u00eb drejt\u00ebsi dhe barazi n\u00eb shoq\u00ebri p\u00ebr shqiptar\u00ebt.<\/p>\n<p>\n\tMustafa\u00a0 n\u00eb takim me ministrin serb t\u00eb arsimit Branko Ruzhic, ambasadorin e OSBE-s\u00eb Jan Bratu, ministr\u00ebn e t\u00eb drejtave t\u00eb njeriut Gordan Comiq dhe p\u00ebrfaq\u00ebsuesit e Trupit koordinues p\u00ebr komunat e Bujanocit, Preshev\u00ebs dhe Medvegj\u00ebs,\u00a0 tha se K\u00ebshilli nacional i pakic\u00ebs \u00a0Shqiptare si nevoj\u00eb e domosdoshme ka filluar\u00a0 bisedimet p\u00ebr realizimin n\u00eb m\u00ebnyr\u00eb q\u00eb t\u00eb trajtohet \u00e7\u00ebshtja n\u00eb fush\u00ebn e arsimit n\u00eb gjuh\u00ebn shqipe<\/p>\n<p>\n\tMustafa vuri n\u00eb pah si probleme kryesore nostrifikimin dhe njohjen e diplomave, si dhe zgjidhjen e munges\u00ebs s\u00eb teksteve shkollore p\u00ebr shkollat \u200b\u200bfillore dhe t\u00eb mesme, si dhe t\u00eb kurrikulave shkollore n\u00eb gjuh\u00ebn shqipe, dhe k\u00ebrkoi q\u00eb t\u00eb zgjidhet \u00e7\u00ebshtja e dh\u00ebnies s\u00eb provimeve profesionale dhe t\u00eb merret parasysh mund\u00ebsia dhe nevoja p\u00ebr hapjen e institucioneve t\u00eb reja t\u00eb arsimit t\u00eb lart\u00eb n\u00eb gjuh\u00ebn shqipe n\u00eb Preshev\u00eb dhe Bujanoc.<\/p>\n<p>\n\tMustafa po ashtu ka k\u00ebrkuar nga zyrtar\u00ebt serb\u00eb bursa p\u00ebr student\u00ebt q\u00eb studiojn\u00eb n\u00eb Kosov\u00eb e Metohi dhe Shqip\u00ebri dhe nd\u00ebr k\u00ebrkesat \u00ebsht\u00eb vazhdimi i studimeve pasuniversitare n\u00eb universitetet serbe p\u00ebr student\u00ebt shqiptar\u00eb q\u00eb kan\u00eb diplomuar n\u00eb Kosov\u00eb e Metohi dhe Shqip\u00ebri.<\/p>\n<p>\n\tMustafa theksoi gjithashtu nevoj\u00ebn p\u00ebr p\u00ebrmir\u00ebsimin e cil\u00ebsis\u00eb s\u00eb m\u00ebsimit t\u00eb gjuh\u00ebs serbe n\u00eb shkollat \u200b\u200bn\u00eb gjuh\u00ebn shqipe, si dhe ngritjen e nj\u00eb nj\u00ebsie speciale n\u00eb kuad\u00ebr t\u00eb Drejtoris\u00eb s\u00eb shkoll\u00ebs n\u00eb Leskoc, e cila do t\u00eb merrej vet\u00ebm me \u00e7\u00ebshtjet e arsimit n\u00eb gjuh\u00ebn shqipe.<\/p>\n<p>\n\tAi k\u00ebrkoi gjithashtu pjes\u00ebmarrjen e p\u00ebrfaq\u00ebsuesve t\u00eb pakic\u00ebs komb\u00ebtare shqiptare n\u00eb pun\u00ebn e K\u00ebshillit nacional t\u00eb arsimit dhe Institutit p\u00ebr avancimin e arsimit.<\/p>\n<p>\n\t\u00a0\u201cKemi marr\u00eb\u00a0 premtime\u00a0 nga ministria e arsimit dhe afate p\u00ebr zgjidhjen e nj\u00eb s\u00ebr\u00eb \u00e7\u00ebshtjesh\u201d, tha Mustafa.<\/p>\n<p>\n\tMinistrja Gordana Comiq tha se ndihma e K\u00ebshillit nacional t\u00eb Shqiptar\u00ebve \u00ebsht\u00eb e nevojshme dhe e vlefshme kur b\u00ebhet fjal\u00eb p\u00ebr licencat p\u00ebr m\u00ebsimdh\u00ebn\u00ebsit n\u00eb gjuh\u00ebn shqipe, t\u00eb cil\u00ebt nuk i kan\u00eb ato licenca p\u00ebr shkak t\u00eb munges\u00ebs s\u00eb dokumentacionit t\u00eb tyre.<\/p>\n<p>\n\tDuke folur p\u00ebr njohjen e diplomave shqiptare si nj\u00eb \u00e7\u00ebshtje me ton politik, ajo theksoi se duhet t\u00eb ket\u00eb nj\u00eb mir\u00ebkuptim t\u00eb p\u00ebrbashk\u00ebt p\u00ebr arsyet pse procesi ka ngecur q\u00eb nga viti 2018, por edhe p\u00ebr delikates\u00ebn e \u00e7\u00ebshtjes dhe se p\u00ebr k\u00ebt\u00eb nuk ka mosmarveshje dhe se procesi duhet t\u00eb p\u00ebrfundoj\u00eb.<\/p>\n<p>\n\t\u201cE drejt\u00eb njerzore p\u00ebr akses n\u00eb t\u00eb ardhurat e bazuara n\u00eb arsim \u00ebsht\u00eb di\u00e7ka q\u00eb do ta kemi parasysh kur t\u00eb argumentojm\u00eb pse procesi i njohjes s\u00eb diplomave duhet t\u00eb zhbllokohet dhe t\u00eb p\u00ebrshpejtohet\u201d, theksoi ministresha.<\/p>\n<p>\n\tAjo fal\u00ebnderoi K\u00ebshillin nacional t\u00eb \u00a0Shqiptare p\u00ebr iniciativ\u00ebn, ministrin e arsimit Branko Ruzhic dhe OSBE-n\u00eb, t\u00eb cilat, si\u00e7 thot\u00eb ajo, mund\u00ebsuan dialogun dhe vendosjen e afateve n\u00eb t\u00eb cilat do t\u00eb zgjidhen problemet.<\/p>\n<p>\n\tAmbasadori dhe shefi i Misionit t\u00eb OSBE-s\u00eb n\u00eb Serbi, Jan Bratu, shpreh\u00ebn k\u00ebnaq\u00ebsin\u00eb p\u00ebr dialogun e suksessh\u00ebm dhe theksoi se misioni i OSBE-s\u00eb \u00ebsht\u00eb i p\u00ebrkushtuar p\u00ebr inkurajimin e mar\u00ebdh\u00ebnieve pozitive nd\u00ebretnike, ofrimin e mb\u00ebshtetjes dhe formave t\u00eb ndryshme t\u00eb ndihm\u00ebs dhe se do t\u00eb vazhdoj\u00eb n\u00eb k\u00ebt\u00eb drejtim.<\/p>\n<p>\n\tDanijela Nenadiq, drejtoresh\u00eb e sh\u00ebrbimit t\u00eb Trupit koordinues, deklaroi se dialogu ishte i suksessh\u00ebm, p\u00ebr k\u00ebnaq\u00ebsin\u00eb e t\u00eb gjith\u00eb pjes\u00ebmarr\u00ebsve. Ajo fal\u00ebnderoi t\u00eb gjith\u00eb pjes\u00ebmarr\u00ebsit n\u00eb dialogun social p\u00ebr gatishm\u00ebrin\u00eb e tyre p\u00ebr t\u00eb diskutuar p\u00ebr problemet prioritare n\u00eb fush\u00ebn e arsimit n\u00eb Bujanoc, q\u00eb t\u00eb d\u00ebgjohen t\u00eb gjitha pal\u00ebt dhe p\u00ebr t\u00eb gjetur nj\u00eb m\u00ebnyr\u00eb p\u00ebr t&#39;i zgjidhur ato.<\/p>\n<p>\n\t<img decoding=\"async\" alt=\"\" src=\"https:\/\/kt.gov.rs\/wp-content\/uploads\/2024\/07\/1637154411_171121_5-1.jpg\" style=\"width: 640px; height: 360px;\" \/><\/p>\n<p>\n\tN\u00eb kuad\u00ebr t\u00eb vizit\u00ebs dyditore t\u00eb pun\u00ebs n\u00eb Bujanoc, ministrja Gordana \u00c7omiq m\u00eb 15 n\u00ebntor mbajti ligj\u00ebrat\u00eb p\u00ebr nx\u00ebn\u00ebsit e shkollave t\u00eb mesme dhe student\u00ebve t\u00eb\u00a0 aakultetit Ekonomik, Dega n\u00eb Bujanoc. N\u00eb ligj\u00ebrat\u00eb ajo foli p\u00ebr mbrojtjen e t\u00eb drejtave t\u00eb njeriut dhe t\u00eb pakicave n\u00eb kompetenc\u00eb t\u00eb ministris\u00eb s\u00eb t\u00eb drejtave t\u00eb njeriut dhe t\u00eb pakicave dhe dialogut social.<\/p>\n<p>\n\t<strong>Burimi: Fonet, OSBE-ja, Bujanovacke dhe Trupi koordinues<\/strong><\/p>\n<p>\n\t\u00a0<\/p>\n","protected":false},"excerpt":{"rendered":"<p>Bujanoc \u2013 Beograd\u00a0\u2013 Trupi koordinues i Qeveris\u00eb s\u00eb Republik\u00ebs s\u00eb Serbis\u00eb p\u00ebr komunat Preshev\u00eb, Bujanoc dhe Medvegj\u00eb, n\u00eb bashk\u00ebpunim me Ministrin\u00eb p\u00ebr t\u00eb drejtat e njeriut dhe t\u00eb pakicave dhe dialog social, organizuan tubim n\u00eb form\u00eb t\u00eb dialogut social. Plani shtat\u00ebpik\u00ebsh, tema- arsimi\u201d\u2026<\/p>\n","protected":false},"author":1,"featured_media":108852,"comment_status":"closed","ping_status":"closed","sticky":false,"template":"","format":"standard","meta":{"footnotes":""},"categories":[55],"tags":[],"class_list":["post-108838","post","type-post","status-publish","format-standard","has-post-thumbnail","hentry","category-lajme"],"yoast_head":"<!-- This site is optimized with the Yoast SEO plugin v27.5 - https:\/\/yoast.com\/product\/yoast-seo-wordpress\/ -->\n<title>Danijela Nenadiq, drejtoresha e Trupit koordinues: Dijalogu ishte i suksessh\u00ebm, p\u00ebr k\u00ebnaq\u00ebsin e t\u00eb gjith\u00eb pjes\u00ebmarr\u00ebsve - Republika e S\u00ebrbis\u00eb Trupi Koordinues p\u00ebr komunat Bujanoc, Preshev\u00eb dhe Medvegj\u00eb<\/title>\n<meta name=\"robots\" content=\"index, follow, max-snippet:-1, max-image-preview:large, max-video-preview:-1\" \/>\n<link rel=\"canonical\" href=\"https:\/\/kt.gov.rs\/sq\/danijela-nenadiq-drejtoresha-e-trupit-koordinues-dijalogu-ishte-i-suksesshem-per-kenaqesin-e-te-gjithe-pjesemarresve\/\" \/>\n<meta property=\"og:locale\" content=\"sq_AL\" \/>\n<meta property=\"og:type\" content=\"article\" \/>\n<meta property=\"og:title\" content=\"Danijela Nenadiq, drejtoresha e Trupit koordinues: Dijalogu ishte i suksessh\u00ebm, p\u00ebr k\u00ebnaq\u00ebsin e t\u00eb gjith\u00eb pjes\u00ebmarr\u00ebsve - Republika e S\u00ebrbis\u00eb Trupi Koordinues p\u00ebr komunat Bujanoc, Preshev\u00eb dhe Medvegj\u00eb\" \/>\n<meta property=\"og:description\" content=\"Bujanoc - Beograd\u00a0- Trupi koordinues i Qeveris\u00eb s\u00eb Republik\u00ebs s\u00eb Serbis\u00eb p\u00ebr komunat Preshev\u00eb, Bujanoc dhe Medvegj\u00eb, n\u00eb bashk\u00ebpunim me Ministrin\u00eb p\u00ebr t\u00eb drejtat e njeriut dhe t\u00eb pakicave dhe dialog social, organizuan tubim n\u00eb form\u00eb t\u00eb dialogut social. Plani shtat\u00ebpik\u00ebsh, tema- arsimi\u201d...\" \/>\n<meta property=\"og:url\" content=\"https:\/\/kt.gov.rs\/sq\/danijela-nenadiq-drejtoresha-e-trupit-koordinues-dijalogu-ishte-i-suksesshem-per-kenaqesin-e-te-gjithe-pjesemarresve\/\" \/>\n<meta property=\"og:site_name\" content=\"Republika e S\u00ebrbis\u00eb Trupi Koordinues p\u00ebr komunat Bujanoc, Preshev\u00eb dhe Medvegj\u00eb\" \/>\n<meta property=\"article:publisher\" content=\"https:\/\/www.facebook.com\/SluzbaKoordinacionogTelaVladeRepublikeSrbije\" \/>\n<meta property=\"article:published_time\" content=\"2021-11-17T00:00:00+00:00\" \/>\n<meta property=\"article:modified_time\" content=\"2024-07-30T17:58:52+00:00\" \/>\n<meta property=\"og:image\" content=\"https:\/\/kt.gov.rs\/wp-content\/uploads\/2024\/07\/1637154318_171121_2-3.jpg\" \/>\n\t<meta property=\"og:image:width\" content=\"640\" \/>\n\t<meta property=\"og:image:height\" content=\"360\" \/>\n\t<meta property=\"og:image:type\" content=\"image\/jpeg\" \/>\n<meta name=\"author\" content=\"ktmin\" \/>\n<meta name=\"twitter:card\" content=\"summary_large_image\" \/>\n<meta name=\"twitter:creator\" content=\"@kt_gov\" \/>\n<meta name=\"twitter:site\" content=\"@kt_gov\" \/>\n<meta name=\"twitter:label1\" content=\"Written by\" \/>\n\t<meta name=\"twitter:data1\" content=\"ktmin\" \/>\n\t<meta name=\"twitter:label2\" content=\"Est. reading time\" \/>\n\t<meta name=\"twitter:data2\" content=\"9 minutes\" \/>\n<script type=\"application\/ld+json\" class=\"yoast-schema-graph\">{\"@context\":\"https:\\\/\\\/schema.org\",\"@graph\":[{\"@type\":\"Article\",\"@id\":\"https:\\\/\\\/kt.gov.rs\\\/sq\\\/danijela-nenadiq-drejtoresha-e-trupit-koordinues-dijalogu-ishte-i-suksesshem-per-kenaqesin-e-te-gjithe-pjesemarresve\\\/#article\",\"isPartOf\":{\"@id\":\"https:\\\/\\\/kt.gov.rs\\\/sq\\\/danijela-nenadiq-drejtoresha-e-trupit-koordinues-dijalogu-ishte-i-suksesshem-per-kenaqesin-e-te-gjithe-pjesemarresve\\\/\"},\"author\":{\"name\":\"ktmin\",\"@id\":\"https:\\\/\\\/kt.gov.rs\\\/#\\\/schema\\\/person\\\/e426459ddb4173309103390602694571\"},\"headline\":\"Danijela Nenadiq, drejtoresha e Trupit koordinues: Dijalogu ishte i suksessh\u00ebm, p\u00ebr k\u00ebnaq\u00ebsin e t\u00eb gjith\u00eb pjes\u00ebmarr\u00ebsve\",\"datePublished\":\"2021-11-17T00:00:00+00:00\",\"dateModified\":\"2024-07-30T17:58:52+00:00\",\"mainEntityOfPage\":{\"@id\":\"https:\\\/\\\/kt.gov.rs\\\/sq\\\/danijela-nenadiq-drejtoresha-e-trupit-koordinues-dijalogu-ishte-i-suksesshem-per-kenaqesin-e-te-gjithe-pjesemarresve\\\/\"},\"wordCount\":1871,\"publisher\":{\"@id\":\"https:\\\/\\\/kt.gov.rs\\\/#organization\"},\"image\":{\"@id\":\"https:\\\/\\\/kt.gov.rs\\\/sq\\\/danijela-nenadiq-drejtoresha-e-trupit-koordinues-dijalogu-ishte-i-suksesshem-per-kenaqesin-e-te-gjithe-pjesemarresve\\\/#primaryimage\"},\"thumbnailUrl\":\"https:\\\/\\\/kt.gov.rs\\\/wp-content\\\/uploads\\\/2024\\\/07\\\/1637154318_171121_2-3.jpg\",\"articleSection\":[\"Lajme\"],\"inLanguage\":\"sq-AL\"},{\"@type\":\"WebPage\",\"@id\":\"https:\\\/\\\/kt.gov.rs\\\/sq\\\/danijela-nenadiq-drejtoresha-e-trupit-koordinues-dijalogu-ishte-i-suksesshem-per-kenaqesin-e-te-gjithe-pjesemarresve\\\/\",\"url\":\"https:\\\/\\\/kt.gov.rs\\\/sq\\\/danijela-nenadiq-drejtoresha-e-trupit-koordinues-dijalogu-ishte-i-suksesshem-per-kenaqesin-e-te-gjithe-pjesemarresve\\\/\",\"name\":\"Danijela Nenadiq, drejtoresha e Trupit koordinues: Dijalogu ishte i suksessh\u00ebm, p\u00ebr k\u00ebnaq\u00ebsin e t\u00eb gjith\u00eb pjes\u00ebmarr\u00ebsve - Republika e S\u00ebrbis\u00eb Trupi Koordinues p\u00ebr komunat Bujanoc, Preshev\u00eb dhe Medvegj\u00eb\",\"isPartOf\":{\"@id\":\"https:\\\/\\\/kt.gov.rs\\\/#website\"},\"primaryImageOfPage\":{\"@id\":\"https:\\\/\\\/kt.gov.rs\\\/sq\\\/danijela-nenadiq-drejtoresha-e-trupit-koordinues-dijalogu-ishte-i-suksesshem-per-kenaqesin-e-te-gjithe-pjesemarresve\\\/#primaryimage\"},\"image\":{\"@id\":\"https:\\\/\\\/kt.gov.rs\\\/sq\\\/danijela-nenadiq-drejtoresha-e-trupit-koordinues-dijalogu-ishte-i-suksesshem-per-kenaqesin-e-te-gjithe-pjesemarresve\\\/#primaryimage\"},\"thumbnailUrl\":\"https:\\\/\\\/kt.gov.rs\\\/wp-content\\\/uploads\\\/2024\\\/07\\\/1637154318_171121_2-3.jpg\",\"datePublished\":\"2021-11-17T00:00:00+00:00\",\"dateModified\":\"2024-07-30T17:58:52+00:00\",\"breadcrumb\":{\"@id\":\"https:\\\/\\\/kt.gov.rs\\\/sq\\\/danijela-nenadiq-drejtoresha-e-trupit-koordinues-dijalogu-ishte-i-suksesshem-per-kenaqesin-e-te-gjithe-pjesemarresve\\\/#breadcrumb\"},\"inLanguage\":\"sq-AL\",\"potentialAction\":[{\"@type\":\"ReadAction\",\"target\":[\"https:\\\/\\\/kt.gov.rs\\\/sq\\\/danijela-nenadiq-drejtoresha-e-trupit-koordinues-dijalogu-ishte-i-suksesshem-per-kenaqesin-e-te-gjithe-pjesemarresve\\\/\"]}]},{\"@type\":\"ImageObject\",\"inLanguage\":\"sq-AL\",\"@id\":\"https:\\\/\\\/kt.gov.rs\\\/sq\\\/danijela-nenadiq-drejtoresha-e-trupit-koordinues-dijalogu-ishte-i-suksesshem-per-kenaqesin-e-te-gjithe-pjesemarresve\\\/#primaryimage\",\"url\":\"https:\\\/\\\/kt.gov.rs\\\/wp-content\\\/uploads\\\/2024\\\/07\\\/1637154318_171121_2-3.jpg\",\"contentUrl\":\"https:\\\/\\\/kt.gov.rs\\\/wp-content\\\/uploads\\\/2024\\\/07\\\/1637154318_171121_2-3.jpg\",\"width\":640,\"height\":360},{\"@type\":\"BreadcrumbList\",\"@id\":\"https:\\\/\\\/kt.gov.rs\\\/sq\\\/danijela-nenadiq-drejtoresha-e-trupit-koordinues-dijalogu-ishte-i-suksesshem-per-kenaqesin-e-te-gjithe-pjesemarresve\\\/#breadcrumb\",\"itemListElement\":[{\"@type\":\"ListItem\",\"position\":1,\"name\":\"Po\u010detna\",\"item\":\"https:\\\/\\\/kt.gov.rs\\\/sq\\\/\"},{\"@type\":\"ListItem\",\"position\":2,\"name\":\"Danijela Nenadiq, drejtoresha e Trupit koordinues: Dijalogu ishte i suksessh\u00ebm, p\u00ebr k\u00ebnaq\u00ebsin e t\u00eb gjith\u00eb pjes\u00ebmarr\u00ebsve\"}]},{\"@type\":\"WebSite\",\"@id\":\"https:\\\/\\\/kt.gov.rs\\\/#website\",\"url\":\"https:\\\/\\\/kt.gov.rs\\\/\",\"name\":\"Koordinaciono telo Vlade Republike Srbije za op\u0161tine Pre\u0161evo, Bujanovac i Medve\u0111a\",\"description\":\"\",\"publisher\":{\"@id\":\"https:\\\/\\\/kt.gov.rs\\\/#organization\"},\"alternateName\":\"Koordinaciono telo\",\"potentialAction\":[{\"@type\":\"SearchAction\",\"target\":{\"@type\":\"EntryPoint\",\"urlTemplate\":\"https:\\\/\\\/kt.gov.rs\\\/?s={search_term_string}\"},\"query-input\":{\"@type\":\"PropertyValueSpecification\",\"valueRequired\":true,\"valueName\":\"search_term_string\"}}],\"inLanguage\":\"sq-AL\"},{\"@type\":\"Organization\",\"@id\":\"https:\\\/\\\/kt.gov.rs\\\/#organization\",\"name\":\"Koordinaciono telo Vlade Republike Srbije za op\u0161tine Pre\u0161evo, Bujanovac i Medve\u0111a\",\"alternateName\":\"Koordinaciono telo\",\"url\":\"https:\\\/\\\/kt.gov.rs\\\/\",\"logo\":{\"@type\":\"ImageObject\",\"inLanguage\":\"sq-AL\",\"@id\":\"https:\\\/\\\/kt.gov.rs\\\/#\\\/schema\\\/logo\\\/image\\\/\",\"url\":\"https:\\\/\\\/kt.gov.rs\\\/wp-content\\\/uploads\\\/2024\\\/12\\\/koord2.jpg\",\"contentUrl\":\"https:\\\/\\\/kt.gov.rs\\\/wp-content\\\/uploads\\\/2024\\\/12\\\/koord2.jpg\",\"width\":640,\"height\":480,\"caption\":\"Koordinaciono telo Vlade Republike Srbije za op\u0161tine Pre\u0161evo, Bujanovac i Medve\u0111a\"},\"image\":{\"@id\":\"https:\\\/\\\/kt.gov.rs\\\/#\\\/schema\\\/logo\\\/image\\\/\"},\"sameAs\":[\"https:\\\/\\\/www.facebook.com\\\/SluzbaKoordinacionogTelaVladeRepublikeSrbije\",\"https:\\\/\\\/x.com\\\/kt_gov\",\"https:\\\/\\\/www.youtube.com\\\/@koordinacionotelo\"]},{\"@type\":\"Person\",\"@id\":\"https:\\\/\\\/kt.gov.rs\\\/#\\\/schema\\\/person\\\/e426459ddb4173309103390602694571\",\"name\":\"ktmin\",\"image\":{\"@type\":\"ImageObject\",\"inLanguage\":\"sq-AL\",\"@id\":\"https:\\\/\\\/secure.gravatar.com\\\/avatar\\\/3985c961109853010c3fbc7ba30365bfba5db3dd6c525831d9c595c7525a615a?s=96&d=mm&r=g\",\"url\":\"https:\\\/\\\/secure.gravatar.com\\\/avatar\\\/3985c961109853010c3fbc7ba30365bfba5db3dd6c525831d9c595c7525a615a?s=96&d=mm&r=g\",\"contentUrl\":\"https:\\\/\\\/secure.gravatar.com\\\/avatar\\\/3985c961109853010c3fbc7ba30365bfba5db3dd6c525831d9c595c7525a615a?s=96&d=mm&r=g\",\"caption\":\"ktmin\"},\"sameAs\":[\"https:\\\/\\\/kt.gov.rs\"],\"url\":\"https:\\\/\\\/kt.gov.rs\\\/sq\\\/author\\\/ktmin\\\/\"}]}<\/script>\n<!-- \/ Yoast SEO plugin. -->","yoast_head_json":{"title":"Danijela Nenadiq, drejtoresha e Trupit koordinues: Dijalogu ishte i suksessh\u00ebm, p\u00ebr k\u00ebnaq\u00ebsin e t\u00eb gjith\u00eb pjes\u00ebmarr\u00ebsve - Republika e S\u00ebrbis\u00eb Trupi Koordinues p\u00ebr komunat Bujanoc, Preshev\u00eb dhe Medvegj\u00eb","robots":{"index":"index","follow":"follow","max-snippet":"max-snippet:-1","max-image-preview":"max-image-preview:large","max-video-preview":"max-video-preview:-1"},"canonical":"https:\/\/kt.gov.rs\/sq\/danijela-nenadiq-drejtoresha-e-trupit-koordinues-dijalogu-ishte-i-suksesshem-per-kenaqesin-e-te-gjithe-pjesemarresve\/","og_locale":"sq_AL","og_type":"article","og_title":"Danijela Nenadiq, drejtoresha e Trupit koordinues: Dijalogu ishte i suksessh\u00ebm, p\u00ebr k\u00ebnaq\u00ebsin e t\u00eb gjith\u00eb pjes\u00ebmarr\u00ebsve - Republika e S\u00ebrbis\u00eb Trupi Koordinues p\u00ebr komunat Bujanoc, Preshev\u00eb dhe Medvegj\u00eb","og_description":"Bujanoc - Beograd\u00a0- Trupi koordinues i Qeveris\u00eb s\u00eb Republik\u00ebs s\u00eb Serbis\u00eb p\u00ebr komunat Preshev\u00eb, Bujanoc dhe Medvegj\u00eb, n\u00eb bashk\u00ebpunim me Ministrin\u00eb p\u00ebr t\u00eb drejtat e njeriut dhe t\u00eb pakicave dhe dialog social, organizuan tubim n\u00eb form\u00eb t\u00eb dialogut social. Plani shtat\u00ebpik\u00ebsh, tema- arsimi\u201d...","og_url":"https:\/\/kt.gov.rs\/sq\/danijela-nenadiq-drejtoresha-e-trupit-koordinues-dijalogu-ishte-i-suksesshem-per-kenaqesin-e-te-gjithe-pjesemarresve\/","og_site_name":"Republika e S\u00ebrbis\u00eb Trupi Koordinues p\u00ebr komunat Bujanoc, Preshev\u00eb dhe Medvegj\u00eb","article_publisher":"https:\/\/www.facebook.com\/SluzbaKoordinacionogTelaVladeRepublikeSrbije","article_published_time":"2021-11-17T00:00:00+00:00","article_modified_time":"2024-07-30T17:58:52+00:00","og_image":[{"width":640,"height":360,"url":"https:\/\/kt.gov.rs\/wp-content\/uploads\/2024\/07\/1637154318_171121_2-3.jpg","type":"image\/jpeg"}],"author":"ktmin","twitter_card":"summary_large_image","twitter_creator":"@kt_gov","twitter_site":"@kt_gov","twitter_misc":{"Written by":"ktmin","Est. reading time":"9 minutes"},"schema":{"@context":"https:\/\/schema.org","@graph":[{"@type":"Article","@id":"https:\/\/kt.gov.rs\/sq\/danijela-nenadiq-drejtoresha-e-trupit-koordinues-dijalogu-ishte-i-suksesshem-per-kenaqesin-e-te-gjithe-pjesemarresve\/#article","isPartOf":{"@id":"https:\/\/kt.gov.rs\/sq\/danijela-nenadiq-drejtoresha-e-trupit-koordinues-dijalogu-ishte-i-suksesshem-per-kenaqesin-e-te-gjithe-pjesemarresve\/"},"author":{"name":"ktmin","@id":"https:\/\/kt.gov.rs\/#\/schema\/person\/e426459ddb4173309103390602694571"},"headline":"Danijela Nenadiq, drejtoresha e Trupit koordinues: Dijalogu ishte i suksessh\u00ebm, p\u00ebr k\u00ebnaq\u00ebsin e t\u00eb gjith\u00eb pjes\u00ebmarr\u00ebsve","datePublished":"2021-11-17T00:00:00+00:00","dateModified":"2024-07-30T17:58:52+00:00","mainEntityOfPage":{"@id":"https:\/\/kt.gov.rs\/sq\/danijela-nenadiq-drejtoresha-e-trupit-koordinues-dijalogu-ishte-i-suksesshem-per-kenaqesin-e-te-gjithe-pjesemarresve\/"},"wordCount":1871,"publisher":{"@id":"https:\/\/kt.gov.rs\/#organization"},"image":{"@id":"https:\/\/kt.gov.rs\/sq\/danijela-nenadiq-drejtoresha-e-trupit-koordinues-dijalogu-ishte-i-suksesshem-per-kenaqesin-e-te-gjithe-pjesemarresve\/#primaryimage"},"thumbnailUrl":"https:\/\/kt.gov.rs\/wp-content\/uploads\/2024\/07\/1637154318_171121_2-3.jpg","articleSection":["Lajme"],"inLanguage":"sq-AL"},{"@type":"WebPage","@id":"https:\/\/kt.gov.rs\/sq\/danijela-nenadiq-drejtoresha-e-trupit-koordinues-dijalogu-ishte-i-suksesshem-per-kenaqesin-e-te-gjithe-pjesemarresve\/","url":"https:\/\/kt.gov.rs\/sq\/danijela-nenadiq-drejtoresha-e-trupit-koordinues-dijalogu-ishte-i-suksesshem-per-kenaqesin-e-te-gjithe-pjesemarresve\/","name":"Danijela Nenadiq, drejtoresha e Trupit koordinues: Dijalogu ishte i suksessh\u00ebm, p\u00ebr k\u00ebnaq\u00ebsin e t\u00eb gjith\u00eb pjes\u00ebmarr\u00ebsve - Republika e S\u00ebrbis\u00eb Trupi Koordinues p\u00ebr komunat Bujanoc, Preshev\u00eb dhe Medvegj\u00eb","isPartOf":{"@id":"https:\/\/kt.gov.rs\/#website"},"primaryImageOfPage":{"@id":"https:\/\/kt.gov.rs\/sq\/danijela-nenadiq-drejtoresha-e-trupit-koordinues-dijalogu-ishte-i-suksesshem-per-kenaqesin-e-te-gjithe-pjesemarresve\/#primaryimage"},"image":{"@id":"https:\/\/kt.gov.rs\/sq\/danijela-nenadiq-drejtoresha-e-trupit-koordinues-dijalogu-ishte-i-suksesshem-per-kenaqesin-e-te-gjithe-pjesemarresve\/#primaryimage"},"thumbnailUrl":"https:\/\/kt.gov.rs\/wp-content\/uploads\/2024\/07\/1637154318_171121_2-3.jpg","datePublished":"2021-11-17T00:00:00+00:00","dateModified":"2024-07-30T17:58:52+00:00","breadcrumb":{"@id":"https:\/\/kt.gov.rs\/sq\/danijela-nenadiq-drejtoresha-e-trupit-koordinues-dijalogu-ishte-i-suksesshem-per-kenaqesin-e-te-gjithe-pjesemarresve\/#breadcrumb"},"inLanguage":"sq-AL","potentialAction":[{"@type":"ReadAction","target":["https:\/\/kt.gov.rs\/sq\/danijela-nenadiq-drejtoresha-e-trupit-koordinues-dijalogu-ishte-i-suksesshem-per-kenaqesin-e-te-gjithe-pjesemarresve\/"]}]},{"@type":"ImageObject","inLanguage":"sq-AL","@id":"https:\/\/kt.gov.rs\/sq\/danijela-nenadiq-drejtoresha-e-trupit-koordinues-dijalogu-ishte-i-suksesshem-per-kenaqesin-e-te-gjithe-pjesemarresve\/#primaryimage","url":"https:\/\/kt.gov.rs\/wp-content\/uploads\/2024\/07\/1637154318_171121_2-3.jpg","contentUrl":"https:\/\/kt.gov.rs\/wp-content\/uploads\/2024\/07\/1637154318_171121_2-3.jpg","width":640,"height":360},{"@type":"BreadcrumbList","@id":"https:\/\/kt.gov.rs\/sq\/danijela-nenadiq-drejtoresha-e-trupit-koordinues-dijalogu-ishte-i-suksesshem-per-kenaqesin-e-te-gjithe-pjesemarresve\/#breadcrumb","itemListElement":[{"@type":"ListItem","position":1,"name":"Po\u010detna","item":"https:\/\/kt.gov.rs\/sq\/"},{"@type":"ListItem","position":2,"name":"Danijela Nenadiq, drejtoresha e Trupit koordinues: Dijalogu ishte i suksessh\u00ebm, p\u00ebr k\u00ebnaq\u00ebsin e t\u00eb gjith\u00eb pjes\u00ebmarr\u00ebsve"}]},{"@type":"WebSite","@id":"https:\/\/kt.gov.rs\/#website","url":"https:\/\/kt.gov.rs\/","name":"Koordinaciono telo Vlade Republike Srbije za op\u0161tine Pre\u0161evo, Bujanovac i Medve\u0111a","description":"","publisher":{"@id":"https:\/\/kt.gov.rs\/#organization"},"alternateName":"Koordinaciono telo","potentialAction":[{"@type":"SearchAction","target":{"@type":"EntryPoint","urlTemplate":"https:\/\/kt.gov.rs\/?s={search_term_string}"},"query-input":{"@type":"PropertyValueSpecification","valueRequired":true,"valueName":"search_term_string"}}],"inLanguage":"sq-AL"},{"@type":"Organization","@id":"https:\/\/kt.gov.rs\/#organization","name":"Koordinaciono telo Vlade Republike Srbije za op\u0161tine Pre\u0161evo, Bujanovac i Medve\u0111a","alternateName":"Koordinaciono telo","url":"https:\/\/kt.gov.rs\/","logo":{"@type":"ImageObject","inLanguage":"sq-AL","@id":"https:\/\/kt.gov.rs\/#\/schema\/logo\/image\/","url":"https:\/\/kt.gov.rs\/wp-content\/uploads\/2024\/12\/koord2.jpg","contentUrl":"https:\/\/kt.gov.rs\/wp-content\/uploads\/2024\/12\/koord2.jpg","width":640,"height":480,"caption":"Koordinaciono telo Vlade Republike Srbije za op\u0161tine Pre\u0161evo, Bujanovac i Medve\u0111a"},"image":{"@id":"https:\/\/kt.gov.rs\/#\/schema\/logo\/image\/"},"sameAs":["https:\/\/www.facebook.com\/SluzbaKoordinacionogTelaVladeRepublikeSrbije","https:\/\/x.com\/kt_gov","https:\/\/www.youtube.com\/@koordinacionotelo"]},{"@type":"Person","@id":"https:\/\/kt.gov.rs\/#\/schema\/person\/e426459ddb4173309103390602694571","name":"ktmin","image":{"@type":"ImageObject","inLanguage":"sq-AL","@id":"https:\/\/secure.gravatar.com\/avatar\/3985c961109853010c3fbc7ba30365bfba5db3dd6c525831d9c595c7525a615a?s=96&d=mm&r=g","url":"https:\/\/secure.gravatar.com\/avatar\/3985c961109853010c3fbc7ba30365bfba5db3dd6c525831d9c595c7525a615a?s=96&d=mm&r=g","contentUrl":"https:\/\/secure.gravatar.com\/avatar\/3985c961109853010c3fbc7ba30365bfba5db3dd6c525831d9c595c7525a615a?s=96&d=mm&r=g","caption":"ktmin"},"sameAs":["https:\/\/kt.gov.rs"],"url":"https:\/\/kt.gov.rs\/sq\/author\/ktmin\/"}]}},"_links":{"self":[{"href":"https:\/\/kt.gov.rs\/sq\/wp-json\/wp\/v2\/posts\/108838","targetHints":{"allow":["GET"]}}],"collection":[{"href":"https:\/\/kt.gov.rs\/sq\/wp-json\/wp\/v2\/posts"}],"about":[{"href":"https:\/\/kt.gov.rs\/sq\/wp-json\/wp\/v2\/types\/post"}],"author":[{"embeddable":true,"href":"https:\/\/kt.gov.rs\/sq\/wp-json\/wp\/v2\/users\/1"}],"replies":[{"embeddable":true,"href":"https:\/\/kt.gov.rs\/sq\/wp-json\/wp\/v2\/comments?post=108838"}],"version-history":[{"count":1,"href":"https:\/\/kt.gov.rs\/sq\/wp-json\/wp\/v2\/posts\/108838\/revisions"}],"predecessor-version":[{"id":108851,"href":"https:\/\/kt.gov.rs\/sq\/wp-json\/wp\/v2\/posts\/108838\/revisions\/108851"}],"wp:featuredmedia":[{"embeddable":true,"href":"https:\/\/kt.gov.rs\/sq\/wp-json\/wp\/v2\/media\/108852"}],"wp:attachment":[{"href":"https:\/\/kt.gov.rs\/sq\/wp-json\/wp\/v2\/media?parent=108838"}],"wp:term":[{"taxonomy":"category","embeddable":true,"href":"https:\/\/kt.gov.rs\/sq\/wp-json\/wp\/v2\/categories?post=108838"},{"taxonomy":"post_tag","embeddable":true,"href":"https:\/\/kt.gov.rs\/sq\/wp-json\/wp\/v2\/tags?post=108838"}],"curies":[{"name":"wp","href":"https:\/\/api.w.org\/{rel}","templated":true}]}}