{"id":108830,"date":"2021-11-22T00:00:00","date_gmt":"2021-11-22T00:00:00","guid":{"rendered":"http:\/\/kt.printandscreen.rs\/te-rinjet-shqiptar-dhe-serb-se-bashku-munde-te-zgjidhim-probleme\/"},"modified":"2024-07-30T17:58:49","modified_gmt":"2024-07-30T17:58:49","slug":"te-rinjet-shqiptar-dhe-serb-se-bashku-munde-te-zgjidhim-probleme","status":"publish","type":"post","link":"https:\/\/kt.gov.rs\/sq\/te-rinjet-shqiptar-dhe-serb-se-bashku-munde-te-zgjidhim-probleme\/","title":{"rendered":"T\u00cb RINJ\u00cbT SHQIPTAR DHE S\u00cbRB: S\u00cb BASHKU MUND\u00cb T\u00cb ZGJIDHIM PROBLEME"},"content":{"rendered":"<p>\n\t<strong><img decoding=\"async\" alt=\"\" src=\"https:\/\/kt.gov.rs\/wp-content\/uploads\/2024\/07\/1637589114_221121_1-2.jpg\" style=\"width: 315px; height: 230px; float: left;\" \/>Bujanoc \u2013 Beograd<\/strong> \u2013 Ekologjia, mungesa e ambienteve p\u00ebr piknik, terenet sportive dhe mosfunksionimi i zyr\u00ebs p\u00ebr t\u00eb rinj\u00eb, jan\u00eb disa nga problemet q\u00eb kan\u00eb theksuar t\u00eb rinjt\u00eb nga Bujanoci. Nx\u00ebn\u00ebsit e shkollave t\u00eb mesme nga komuniteti serb dhe shqiptar theksojn\u00eb se kan\u00eb koh\u00eb q\u00eb bashk\u00ebpunojn\u00eb p\u00ebrmes parlamenteve studentore dhe se ky \u00ebsht\u00eb nj\u00eb shembull q\u00eb mund t\u00eb ndjekin politikan\u00ebt vendas.<\/p>\n<p>\n\t\u00a0\u201cJo t\u00eb gjith\u00eb, por shum\u00eb prej nesh kishin paragjykime ndaj bashk\u00ebsive tjera etnike n\u00eb Bujanoc. \u00cbsht\u00eb di\u00e7ka q\u00eb merret nga sht\u00ebpia, megjithat\u00eb, me kalimin e koh\u00ebs kuptuam se puna s\u00eb bashku, bashk\u00ebpunimi, shoq\u00ebrimi \u00ebsht\u00eb shum\u00eb e mundur. \u201cS\u00eb bashku mund t\u00eb punojm\u00eb n\u00eb zgjidhjen e \u00e7\u00ebshtjeve q\u00eb na shqet\u00ebsojn\u00eb t\u00eb gjith\u00ebve\u201d, thon\u00eb t\u00eb rinjt\u00eb nga Bujanoci.<\/p>\n<p>\n\tN\u00eb nj\u00eb bised\u00eb n\u00eb kuad\u00ebr t\u00eb projektit \u201cMedia p\u00ebr t\u00eb gjith\u00eb\u201d t\u00eb cilin Bujanoci e realizon me mb\u00ebshtetjen e British Council, ata deklaruan se u mungon hap\u00ebsira p\u00ebr arg\u00ebtim dhe program cil\u00ebsor dhe theksuan se Bujanoci ka resurse, por q\u00eb ato nuk shfryt\u00ebzohen.<\/p>\n<p>\n\t&quot;Dalja \u00ebsht\u00eb thjesht p\u00ebr t\u00eb shkuar n\u00eb nj\u00eb kafiteri dhe n\u00ebse do t\u00eb kishte le t\u00eb themi fusha sportive funksionale ose n\u00ebse do t\u00eb kishte disa mbr\u00ebmje me tematik\u00eb n\u00eb nj\u00eb hap\u00ebsir\u00eb \u200b\u200bku t\u00eb gjith\u00eb mund t\u00eb rrinim dhe t\u00eb m\u00ebsojm\u00eb, rr\u00ebfimi do t\u00eb ishte krejt\u00ebsisht ndryshe,&quot; tha nj\u00ebra nga \u00a0pjes\u00ebmarr\u00ebsit n\u00eb takim.<\/p>\n<p>\n\tN\u00eb bised\u00eb, t\u00eb rinjt\u00eb nga Bujanoci fol\u00ebn edhe p\u00ebr munges\u00ebn e mb\u00ebshtetjes institucionale, por edhe p\u00ebr at\u00eb se u ofrohet shum\u00eb pak p\u00ebrmbajtje me karakter arg\u00ebtues dhe kulturor.<\/p>\n<p>\n\tK\u00ebta t\u00eb rinj theksuan nevoj\u00ebn e p\u00ebrfshirjes s\u00eb t\u00eb rinjve n\u00eb procesin e vendimmarrjes p\u00ebr \u00e7\u00ebshtjet q\u00eb i shqet\u00ebsojn\u00eb, t\u00eb vet\u00ebdijsh\u00ebm p\u00ebr rrethanat sociale n\u00eb t\u00eb cilat jetojn\u00eb.<\/p>\n<p>\n\tT\u00eb rinjt\u00eb po k\u00ebrkojn\u00eb gjithashtu angazhim dhe mb\u00ebshtetje m\u00eb t\u00eb madhe nga komuniteti lokal.<\/p>\n<p>\n\tNevoja p\u00ebr t\u00eb ndryshuar gj\u00ebrat p\u00ebr mir\u00eb n\u00eb ekologji p\u00ebrmes, si\u00e7 thon\u00eb ata, nd\u00ebrgjegj\u00ebsimit p\u00ebr r\u00ebnd\u00ebsin\u00eb e ruajtjes s\u00eb mjedisit, rregullimit t\u00eb fushave sportive ekzistuese apo t\u00eb reja, p\u00ebr nj\u00eb program dhe angazhimit m\u00eb t\u00eb madh\u00a0 t\u00eb zyr\u00ebs p\u00ebr t\u00eb rinj\u00ebt\u00a0 \u00ebsht\u00eb di\u00e7ka q\u00eb ata besojn\u00eb se do ta p\u00ebrmir\u00ebsonte pozicionin e tyre dhe t\u00eb forcojn\u00eb vullnetin p\u00ebr t&#39;u kthyer n\u00eb qytetin e tyre pas studimeve.<\/p>\n<p>\n\tK\u00ebshilli Britanik \u00ebsht\u00eb nj\u00eb organizat\u00eb nd\u00ebrkomb\u00ebtare e Mbret\u00ebris\u00eb s\u00eb Bashkuar e p\u00ebrkushtuar ndaj marr\u00ebdh\u00ebnieve kulturore dhe mund\u00ebsive arsimore, dhe n\u00eb mbi 100 vende t\u00eb bot\u00ebs punon n\u00eb fush\u00ebn e artit dhe kultur\u00ebs dhe zhvillimin e shoq\u00ebris\u00eb civile.<\/p>\n<p>\n\t<strong>Burimi: Bujanovacke dhe Trupi koordinues<\/strong><\/p>\n<p>\n\t\u00a0<\/p>\n","protected":false},"excerpt":{"rendered":"<p>Bujanoc \u2013 Beograd \u2013 Ekologjia, mungesa e ambienteve p\u00ebr piknik, terenet sportive dhe mosfunksionimi i zyr\u00ebs p\u00ebr t\u00eb rinj\u00eb, jan\u00eb disa nga problemet q\u00eb kan\u00eb theksuar t\u00eb rinjt\u00eb nga Bujanoci.<\/p>\n","protected":false},"author":1,"featured_media":108835,"comment_status":"closed","ping_status":"closed","sticky":false,"template":"","format":"standard","meta":{"footnotes":""},"categories":[55],"tags":[],"class_list":["post-108830","post","type-post","status-publish","format-standard","has-post-thumbnail","hentry","category-lajme"],"yoast_head":"<!-- This site is optimized with the Yoast SEO plugin v27.5 - https:\/\/yoast.com\/product\/yoast-seo-wordpress\/ -->\n<title>T\u00cb RINJ\u00cbT SHQIPTAR DHE S\u00cbRB: S\u00cb BASHKU MUND\u00cb T\u00cb ZGJIDHIM PROBLEME - Republika e S\u00ebrbis\u00eb Trupi Koordinues p\u00ebr komunat Bujanoc, Preshev\u00eb dhe Medvegj\u00eb<\/title>\n<meta name=\"robots\" content=\"index, follow, max-snippet:-1, max-image-preview:large, max-video-preview:-1\" \/>\n<link rel=\"canonical\" href=\"https:\/\/kt.gov.rs\/sq\/te-rinjet-shqiptar-dhe-serb-se-bashku-munde-te-zgjidhim-probleme\/\" \/>\n<meta property=\"og:locale\" content=\"sq_AL\" \/>\n<meta property=\"og:type\" content=\"article\" \/>\n<meta property=\"og:title\" content=\"T\u00cb RINJ\u00cbT SHQIPTAR DHE S\u00cbRB: S\u00cb BASHKU MUND\u00cb T\u00cb ZGJIDHIM PROBLEME - Republika e S\u00ebrbis\u00eb Trupi Koordinues p\u00ebr komunat Bujanoc, Preshev\u00eb dhe Medvegj\u00eb\" \/>\n<meta property=\"og:description\" content=\"Bujanoc - Beograd - Ekologjia, mungesa e ambienteve p\u00ebr piknik, terenet sportive dhe mosfunksionimi i zyr\u00ebs p\u00ebr t\u00eb rinj\u00eb, jan\u00eb disa nga problemet q\u00eb kan\u00eb theksuar t\u00eb rinjt\u00eb nga Bujanoci.\" \/>\n<meta property=\"og:url\" content=\"https:\/\/kt.gov.rs\/sq\/te-rinjet-shqiptar-dhe-serb-se-bashku-munde-te-zgjidhim-probleme\/\" \/>\n<meta property=\"og:site_name\" content=\"Republika e S\u00ebrbis\u00eb Trupi Koordinues p\u00ebr komunat Bujanoc, Preshev\u00eb dhe Medvegj\u00eb\" \/>\n<meta property=\"article:publisher\" content=\"https:\/\/www.facebook.com\/SluzbaKoordinacionogTelaVladeRepublikeSrbije\" \/>\n<meta property=\"article:published_time\" content=\"2021-11-22T00:00:00+00:00\" \/>\n<meta property=\"article:modified_time\" content=\"2024-07-30T17:58:49+00:00\" \/>\n<meta property=\"og:image\" content=\"https:\/\/kt.gov.rs\/wp-content\/uploads\/2024\/07\/1637589114_221121_1-3.jpg\" \/>\n\t<meta property=\"og:image:width\" content=\"315\" \/>\n\t<meta property=\"og:image:height\" content=\"230\" \/>\n\t<meta property=\"og:image:type\" content=\"image\/jpeg\" \/>\n<meta name=\"author\" content=\"ktmin\" \/>\n<meta name=\"twitter:card\" content=\"summary_large_image\" \/>\n<meta name=\"twitter:creator\" content=\"@kt_gov\" \/>\n<meta name=\"twitter:site\" content=\"@kt_gov\" \/>\n<meta name=\"twitter:label1\" content=\"Written by\" \/>\n\t<meta name=\"twitter:data1\" content=\"ktmin\" \/>\n\t<meta name=\"twitter:label2\" content=\"Est. reading time\" \/>\n\t<meta name=\"twitter:data2\" content=\"3 minutes\" \/>\n<script type=\"application\/ld+json\" class=\"yoast-schema-graph\">{\"@context\":\"https:\\\/\\\/schema.org\",\"@graph\":[{\"@type\":\"Article\",\"@id\":\"https:\\\/\\\/kt.gov.rs\\\/sq\\\/te-rinjet-shqiptar-dhe-serb-se-bashku-munde-te-zgjidhim-probleme\\\/#article\",\"isPartOf\":{\"@id\":\"https:\\\/\\\/kt.gov.rs\\\/sq\\\/te-rinjet-shqiptar-dhe-serb-se-bashku-munde-te-zgjidhim-probleme\\\/\"},\"author\":{\"name\":\"ktmin\",\"@id\":\"https:\\\/\\\/kt.gov.rs\\\/#\\\/schema\\\/person\\\/e426459ddb4173309103390602694571\"},\"headline\":\"T\u00cb RINJ\u00cbT SHQIPTAR DHE S\u00cbRB: S\u00cb BASHKU MUND\u00cb T\u00cb ZGJIDHIM PROBLEME\",\"datePublished\":\"2021-11-22T00:00:00+00:00\",\"dateModified\":\"2024-07-30T17:58:49+00:00\",\"mainEntityOfPage\":{\"@id\":\"https:\\\/\\\/kt.gov.rs\\\/sq\\\/te-rinjet-shqiptar-dhe-serb-se-bashku-munde-te-zgjidhim-probleme\\\/\"},\"wordCount\":702,\"publisher\":{\"@id\":\"https:\\\/\\\/kt.gov.rs\\\/#organization\"},\"image\":{\"@id\":\"https:\\\/\\\/kt.gov.rs\\\/sq\\\/te-rinjet-shqiptar-dhe-serb-se-bashku-munde-te-zgjidhim-probleme\\\/#primaryimage\"},\"thumbnailUrl\":\"https:\\\/\\\/kt.gov.rs\\\/wp-content\\\/uploads\\\/2024\\\/07\\\/1637589114_221121_1-3.jpg\",\"articleSection\":[\"Lajme\"],\"inLanguage\":\"sq-AL\"},{\"@type\":\"WebPage\",\"@id\":\"https:\\\/\\\/kt.gov.rs\\\/sq\\\/te-rinjet-shqiptar-dhe-serb-se-bashku-munde-te-zgjidhim-probleme\\\/\",\"url\":\"https:\\\/\\\/kt.gov.rs\\\/sq\\\/te-rinjet-shqiptar-dhe-serb-se-bashku-munde-te-zgjidhim-probleme\\\/\",\"name\":\"T\u00cb RINJ\u00cbT SHQIPTAR DHE S\u00cbRB: S\u00cb BASHKU MUND\u00cb T\u00cb ZGJIDHIM PROBLEME - Republika e S\u00ebrbis\u00eb Trupi Koordinues p\u00ebr komunat Bujanoc, Preshev\u00eb dhe Medvegj\u00eb\",\"isPartOf\":{\"@id\":\"https:\\\/\\\/kt.gov.rs\\\/#website\"},\"primaryImageOfPage\":{\"@id\":\"https:\\\/\\\/kt.gov.rs\\\/sq\\\/te-rinjet-shqiptar-dhe-serb-se-bashku-munde-te-zgjidhim-probleme\\\/#primaryimage\"},\"image\":{\"@id\":\"https:\\\/\\\/kt.gov.rs\\\/sq\\\/te-rinjet-shqiptar-dhe-serb-se-bashku-munde-te-zgjidhim-probleme\\\/#primaryimage\"},\"thumbnailUrl\":\"https:\\\/\\\/kt.gov.rs\\\/wp-content\\\/uploads\\\/2024\\\/07\\\/1637589114_221121_1-3.jpg\",\"datePublished\":\"2021-11-22T00:00:00+00:00\",\"dateModified\":\"2024-07-30T17:58:49+00:00\",\"breadcrumb\":{\"@id\":\"https:\\\/\\\/kt.gov.rs\\\/sq\\\/te-rinjet-shqiptar-dhe-serb-se-bashku-munde-te-zgjidhim-probleme\\\/#breadcrumb\"},\"inLanguage\":\"sq-AL\",\"potentialAction\":[{\"@type\":\"ReadAction\",\"target\":[\"https:\\\/\\\/kt.gov.rs\\\/sq\\\/te-rinjet-shqiptar-dhe-serb-se-bashku-munde-te-zgjidhim-probleme\\\/\"]}]},{\"@type\":\"ImageObject\",\"inLanguage\":\"sq-AL\",\"@id\":\"https:\\\/\\\/kt.gov.rs\\\/sq\\\/te-rinjet-shqiptar-dhe-serb-se-bashku-munde-te-zgjidhim-probleme\\\/#primaryimage\",\"url\":\"https:\\\/\\\/kt.gov.rs\\\/wp-content\\\/uploads\\\/2024\\\/07\\\/1637589114_221121_1-3.jpg\",\"contentUrl\":\"https:\\\/\\\/kt.gov.rs\\\/wp-content\\\/uploads\\\/2024\\\/07\\\/1637589114_221121_1-3.jpg\",\"width\":315,\"height\":230},{\"@type\":\"BreadcrumbList\",\"@id\":\"https:\\\/\\\/kt.gov.rs\\\/sq\\\/te-rinjet-shqiptar-dhe-serb-se-bashku-munde-te-zgjidhim-probleme\\\/#breadcrumb\",\"itemListElement\":[{\"@type\":\"ListItem\",\"position\":1,\"name\":\"\u041f\u043e\u0447\u0435\u0442\u043d\u0430\",\"item\":\"https:\\\/\\\/kt.gov.rs\\\/sq\\\/\"},{\"@type\":\"ListItem\",\"position\":2,\"name\":\"T\u00cb RINJ\u00cbT SHQIPTAR DHE S\u00cbRB: S\u00cb BASHKU MUND\u00cb T\u00cb ZGJIDHIM PROBLEME\"}]},{\"@type\":\"WebSite\",\"@id\":\"https:\\\/\\\/kt.gov.rs\\\/#website\",\"url\":\"https:\\\/\\\/kt.gov.rs\\\/\",\"name\":\"\u041a\u043e\u043e\u0440\u0434\u0438\u043d\u0430\u0446\u0438\u043e\u043d\u043e \u0442\u0435\u043b\u043e \u0412\u043b\u0430\u0434\u0435 \u0420\u0435\u043f\u0443\u0431\u043b\u0438\u043a\u0435 \u0421\u0440\u0431\u0438\u0458\u0435 \u0437\u0430 \u043e\u043f\u0448\u0442\u0438\u043d\u0435 \u041f\u0440\u0435\u0448\u0435\u0432\u043e, \u0411\u0443\u0458\u0430\u043d\u043e\u0432\u0430\u0446 \u0438 \u041c\u0435\u0434\u0432\u0435\u0452a\",\"description\":\"\",\"publisher\":{\"@id\":\"https:\\\/\\\/kt.gov.rs\\\/#organization\"},\"alternateName\":\"\u041a\u043e\u043e\u0440\u0434\u0438\u043d\u0430\u0446\u0438\u043e\u043d\u043e \u0442\u0435\u043b\u043e\",\"potentialAction\":[{\"@type\":\"SearchAction\",\"target\":{\"@type\":\"EntryPoint\",\"urlTemplate\":\"https:\\\/\\\/kt.gov.rs\\\/?s={search_term_string}\"},\"query-input\":{\"@type\":\"PropertyValueSpecification\",\"valueRequired\":true,\"valueName\":\"search_term_string\"}}],\"inLanguage\":\"sq-AL\"},{\"@type\":\"Organization\",\"@id\":\"https:\\\/\\\/kt.gov.rs\\\/#organization\",\"name\":\"\u041a\u043e\u043e\u0440\u0434\u0438\u043d\u0430\u0446\u0438\u043e\u043d\u043e \u0442\u0435\u043b\u043e \u0412\u043b\u0430\u0434\u0435 \u0420\u0435\u043f\u0443\u0431\u043b\u0438\u043a\u0435 \u0421\u0440\u0431\u0438\u0458\u0435 \u0437\u0430 \u043e\u043f\u0448\u0442\u0438\u043d\u0435 \u041f\u0440\u0435\u0448\u0435\u0432\u043e, \u0411\u0443\u0458\u0430\u043d\u043e\u0432\u0430\u0446 \u0438 \u041c\u0435\u0434\u0432\u0435\u0452a\",\"alternateName\":\"\u041a\u043e\u043e\u0440\u0434\u0438\u043d\u0430\u0446\u0438\u043e\u043d\u043e \u0442\u0435\u043b\u043e\",\"url\":\"https:\\\/\\\/kt.gov.rs\\\/\",\"logo\":{\"@type\":\"ImageObject\",\"inLanguage\":\"sq-AL\",\"@id\":\"https:\\\/\\\/kt.gov.rs\\\/#\\\/schema\\\/logo\\\/image\\\/\",\"url\":\"https:\\\/\\\/kt.gov.rs\\\/wp-content\\\/uploads\\\/2024\\\/12\\\/koord2.jpg\",\"contentUrl\":\"https:\\\/\\\/kt.gov.rs\\\/wp-content\\\/uploads\\\/2024\\\/12\\\/koord2.jpg\",\"width\":640,\"height\":480,\"caption\":\"\u041a\u043e\u043e\u0440\u0434\u0438\u043d\u0430\u0446\u0438\u043e\u043d\u043e \u0442\u0435\u043b\u043e \u0412\u043b\u0430\u0434\u0435 \u0420\u0435\u043f\u0443\u0431\u043b\u0438\u043a\u0435 \u0421\u0440\u0431\u0438\u0458\u0435 \u0437\u0430 \u043e\u043f\u0448\u0442\u0438\u043d\u0435 \u041f\u0440\u0435\u0448\u0435\u0432\u043e, \u0411\u0443\u0458\u0430\u043d\u043e\u0432\u0430\u0446 \u0438 \u041c\u0435\u0434\u0432\u0435\u0452a\"},\"image\":{\"@id\":\"https:\\\/\\\/kt.gov.rs\\\/#\\\/schema\\\/logo\\\/image\\\/\"},\"sameAs\":[\"https:\\\/\\\/www.facebook.com\\\/SluzbaKoordinacionogTelaVladeRepublikeSrbije\",\"https:\\\/\\\/x.com\\\/kt_gov\",\"https:\\\/\\\/www.youtube.com\\\/@koordinacionotelo\"]},{\"@type\":\"Person\",\"@id\":\"https:\\\/\\\/kt.gov.rs\\\/#\\\/schema\\\/person\\\/e426459ddb4173309103390602694571\",\"name\":\"ktmin\",\"image\":{\"@type\":\"ImageObject\",\"inLanguage\":\"sq-AL\",\"@id\":\"https:\\\/\\\/secure.gravatar.com\\\/avatar\\\/3985c961109853010c3fbc7ba30365bfba5db3dd6c525831d9c595c7525a615a?s=96&d=mm&r=g\",\"url\":\"https:\\\/\\\/secure.gravatar.com\\\/avatar\\\/3985c961109853010c3fbc7ba30365bfba5db3dd6c525831d9c595c7525a615a?s=96&d=mm&r=g\",\"contentUrl\":\"https:\\\/\\\/secure.gravatar.com\\\/avatar\\\/3985c961109853010c3fbc7ba30365bfba5db3dd6c525831d9c595c7525a615a?s=96&d=mm&r=g\",\"caption\":\"ktmin\"},\"sameAs\":[\"https:\\\/\\\/kt.gov.rs\"],\"url\":\"https:\\\/\\\/kt.gov.rs\\\/sq\\\/author\\\/ktmin\\\/\"}]}<\/script>\n<!-- \/ Yoast SEO plugin. -->","yoast_head_json":{"title":"T\u00cb RINJ\u00cbT SHQIPTAR DHE S\u00cbRB: S\u00cb BASHKU MUND\u00cb T\u00cb ZGJIDHIM PROBLEME - Republika e S\u00ebrbis\u00eb Trupi Koordinues p\u00ebr komunat Bujanoc, Preshev\u00eb dhe Medvegj\u00eb","robots":{"index":"index","follow":"follow","max-snippet":"max-snippet:-1","max-image-preview":"max-image-preview:large","max-video-preview":"max-video-preview:-1"},"canonical":"https:\/\/kt.gov.rs\/sq\/te-rinjet-shqiptar-dhe-serb-se-bashku-munde-te-zgjidhim-probleme\/","og_locale":"sq_AL","og_type":"article","og_title":"T\u00cb RINJ\u00cbT SHQIPTAR DHE S\u00cbRB: S\u00cb BASHKU MUND\u00cb T\u00cb ZGJIDHIM PROBLEME - Republika e S\u00ebrbis\u00eb Trupi Koordinues p\u00ebr komunat Bujanoc, Preshev\u00eb dhe Medvegj\u00eb","og_description":"Bujanoc - Beograd - Ekologjia, mungesa e ambienteve p\u00ebr piknik, terenet sportive dhe mosfunksionimi i zyr\u00ebs p\u00ebr t\u00eb rinj\u00eb, jan\u00eb disa nga problemet q\u00eb kan\u00eb theksuar t\u00eb rinjt\u00eb nga Bujanoci.","og_url":"https:\/\/kt.gov.rs\/sq\/te-rinjet-shqiptar-dhe-serb-se-bashku-munde-te-zgjidhim-probleme\/","og_site_name":"Republika e S\u00ebrbis\u00eb Trupi Koordinues p\u00ebr komunat Bujanoc, Preshev\u00eb dhe Medvegj\u00eb","article_publisher":"https:\/\/www.facebook.com\/SluzbaKoordinacionogTelaVladeRepublikeSrbije","article_published_time":"2021-11-22T00:00:00+00:00","article_modified_time":"2024-07-30T17:58:49+00:00","og_image":[{"width":315,"height":230,"url":"https:\/\/kt.gov.rs\/wp-content\/uploads\/2024\/07\/1637589114_221121_1-3.jpg","type":"image\/jpeg"}],"author":"ktmin","twitter_card":"summary_large_image","twitter_creator":"@kt_gov","twitter_site":"@kt_gov","twitter_misc":{"Written by":"ktmin","Est. reading time":"3 minutes"},"schema":{"@context":"https:\/\/schema.org","@graph":[{"@type":"Article","@id":"https:\/\/kt.gov.rs\/sq\/te-rinjet-shqiptar-dhe-serb-se-bashku-munde-te-zgjidhim-probleme\/#article","isPartOf":{"@id":"https:\/\/kt.gov.rs\/sq\/te-rinjet-shqiptar-dhe-serb-se-bashku-munde-te-zgjidhim-probleme\/"},"author":{"name":"ktmin","@id":"https:\/\/kt.gov.rs\/#\/schema\/person\/e426459ddb4173309103390602694571"},"headline":"T\u00cb RINJ\u00cbT SHQIPTAR DHE S\u00cbRB: S\u00cb BASHKU MUND\u00cb T\u00cb ZGJIDHIM PROBLEME","datePublished":"2021-11-22T00:00:00+00:00","dateModified":"2024-07-30T17:58:49+00:00","mainEntityOfPage":{"@id":"https:\/\/kt.gov.rs\/sq\/te-rinjet-shqiptar-dhe-serb-se-bashku-munde-te-zgjidhim-probleme\/"},"wordCount":702,"publisher":{"@id":"https:\/\/kt.gov.rs\/#organization"},"image":{"@id":"https:\/\/kt.gov.rs\/sq\/te-rinjet-shqiptar-dhe-serb-se-bashku-munde-te-zgjidhim-probleme\/#primaryimage"},"thumbnailUrl":"https:\/\/kt.gov.rs\/wp-content\/uploads\/2024\/07\/1637589114_221121_1-3.jpg","articleSection":["Lajme"],"inLanguage":"sq-AL"},{"@type":"WebPage","@id":"https:\/\/kt.gov.rs\/sq\/te-rinjet-shqiptar-dhe-serb-se-bashku-munde-te-zgjidhim-probleme\/","url":"https:\/\/kt.gov.rs\/sq\/te-rinjet-shqiptar-dhe-serb-se-bashku-munde-te-zgjidhim-probleme\/","name":"T\u00cb RINJ\u00cbT SHQIPTAR DHE S\u00cbRB: S\u00cb BASHKU MUND\u00cb T\u00cb ZGJIDHIM PROBLEME - Republika e S\u00ebrbis\u00eb Trupi Koordinues p\u00ebr komunat Bujanoc, Preshev\u00eb dhe Medvegj\u00eb","isPartOf":{"@id":"https:\/\/kt.gov.rs\/#website"},"primaryImageOfPage":{"@id":"https:\/\/kt.gov.rs\/sq\/te-rinjet-shqiptar-dhe-serb-se-bashku-munde-te-zgjidhim-probleme\/#primaryimage"},"image":{"@id":"https:\/\/kt.gov.rs\/sq\/te-rinjet-shqiptar-dhe-serb-se-bashku-munde-te-zgjidhim-probleme\/#primaryimage"},"thumbnailUrl":"https:\/\/kt.gov.rs\/wp-content\/uploads\/2024\/07\/1637589114_221121_1-3.jpg","datePublished":"2021-11-22T00:00:00+00:00","dateModified":"2024-07-30T17:58:49+00:00","breadcrumb":{"@id":"https:\/\/kt.gov.rs\/sq\/te-rinjet-shqiptar-dhe-serb-se-bashku-munde-te-zgjidhim-probleme\/#breadcrumb"},"inLanguage":"sq-AL","potentialAction":[{"@type":"ReadAction","target":["https:\/\/kt.gov.rs\/sq\/te-rinjet-shqiptar-dhe-serb-se-bashku-munde-te-zgjidhim-probleme\/"]}]},{"@type":"ImageObject","inLanguage":"sq-AL","@id":"https:\/\/kt.gov.rs\/sq\/te-rinjet-shqiptar-dhe-serb-se-bashku-munde-te-zgjidhim-probleme\/#primaryimage","url":"https:\/\/kt.gov.rs\/wp-content\/uploads\/2024\/07\/1637589114_221121_1-3.jpg","contentUrl":"https:\/\/kt.gov.rs\/wp-content\/uploads\/2024\/07\/1637589114_221121_1-3.jpg","width":315,"height":230},{"@type":"BreadcrumbList","@id":"https:\/\/kt.gov.rs\/sq\/te-rinjet-shqiptar-dhe-serb-se-bashku-munde-te-zgjidhim-probleme\/#breadcrumb","itemListElement":[{"@type":"ListItem","position":1,"name":"\u041f\u043e\u0447\u0435\u0442\u043d\u0430","item":"https:\/\/kt.gov.rs\/sq\/"},{"@type":"ListItem","position":2,"name":"T\u00cb RINJ\u00cbT SHQIPTAR DHE S\u00cbRB: S\u00cb BASHKU MUND\u00cb T\u00cb ZGJIDHIM PROBLEME"}]},{"@type":"WebSite","@id":"https:\/\/kt.gov.rs\/#website","url":"https:\/\/kt.gov.rs\/","name":"\u041a\u043e\u043e\u0440\u0434\u0438\u043d\u0430\u0446\u0438\u043e\u043d\u043e \u0442\u0435\u043b\u043e \u0412\u043b\u0430\u0434\u0435 \u0420\u0435\u043f\u0443\u0431\u043b\u0438\u043a\u0435 \u0421\u0440\u0431\u0438\u0458\u0435 \u0437\u0430 \u043e\u043f\u0448\u0442\u0438\u043d\u0435 \u041f\u0440\u0435\u0448\u0435\u0432\u043e, \u0411\u0443\u0458\u0430\u043d\u043e\u0432\u0430\u0446 \u0438 \u041c\u0435\u0434\u0432\u0435\u0452a","description":"","publisher":{"@id":"https:\/\/kt.gov.rs\/#organization"},"alternateName":"\u041a\u043e\u043e\u0440\u0434\u0438\u043d\u0430\u0446\u0438\u043e\u043d\u043e \u0442\u0435\u043b\u043e","potentialAction":[{"@type":"SearchAction","target":{"@type":"EntryPoint","urlTemplate":"https:\/\/kt.gov.rs\/?s={search_term_string}"},"query-input":{"@type":"PropertyValueSpecification","valueRequired":true,"valueName":"search_term_string"}}],"inLanguage":"sq-AL"},{"@type":"Organization","@id":"https:\/\/kt.gov.rs\/#organization","name":"\u041a\u043e\u043e\u0440\u0434\u0438\u043d\u0430\u0446\u0438\u043e\u043d\u043e \u0442\u0435\u043b\u043e \u0412\u043b\u0430\u0434\u0435 \u0420\u0435\u043f\u0443\u0431\u043b\u0438\u043a\u0435 \u0421\u0440\u0431\u0438\u0458\u0435 \u0437\u0430 \u043e\u043f\u0448\u0442\u0438\u043d\u0435 \u041f\u0440\u0435\u0448\u0435\u0432\u043e, \u0411\u0443\u0458\u0430\u043d\u043e\u0432\u0430\u0446 \u0438 \u041c\u0435\u0434\u0432\u0435\u0452a","alternateName":"\u041a\u043e\u043e\u0440\u0434\u0438\u043d\u0430\u0446\u0438\u043e\u043d\u043e \u0442\u0435\u043b\u043e","url":"https:\/\/kt.gov.rs\/","logo":{"@type":"ImageObject","inLanguage":"sq-AL","@id":"https:\/\/kt.gov.rs\/#\/schema\/logo\/image\/","url":"https:\/\/kt.gov.rs\/wp-content\/uploads\/2024\/12\/koord2.jpg","contentUrl":"https:\/\/kt.gov.rs\/wp-content\/uploads\/2024\/12\/koord2.jpg","width":640,"height":480,"caption":"\u041a\u043e\u043e\u0440\u0434\u0438\u043d\u0430\u0446\u0438\u043e\u043d\u043e \u0442\u0435\u043b\u043e \u0412\u043b\u0430\u0434\u0435 \u0420\u0435\u043f\u0443\u0431\u043b\u0438\u043a\u0435 \u0421\u0440\u0431\u0438\u0458\u0435 \u0437\u0430 \u043e\u043f\u0448\u0442\u0438\u043d\u0435 \u041f\u0440\u0435\u0448\u0435\u0432\u043e, \u0411\u0443\u0458\u0430\u043d\u043e\u0432\u0430\u0446 \u0438 \u041c\u0435\u0434\u0432\u0435\u0452a"},"image":{"@id":"https:\/\/kt.gov.rs\/#\/schema\/logo\/image\/"},"sameAs":["https:\/\/www.facebook.com\/SluzbaKoordinacionogTelaVladeRepublikeSrbije","https:\/\/x.com\/kt_gov","https:\/\/www.youtube.com\/@koordinacionotelo"]},{"@type":"Person","@id":"https:\/\/kt.gov.rs\/#\/schema\/person\/e426459ddb4173309103390602694571","name":"ktmin","image":{"@type":"ImageObject","inLanguage":"sq-AL","@id":"https:\/\/secure.gravatar.com\/avatar\/3985c961109853010c3fbc7ba30365bfba5db3dd6c525831d9c595c7525a615a?s=96&d=mm&r=g","url":"https:\/\/secure.gravatar.com\/avatar\/3985c961109853010c3fbc7ba30365bfba5db3dd6c525831d9c595c7525a615a?s=96&d=mm&r=g","contentUrl":"https:\/\/secure.gravatar.com\/avatar\/3985c961109853010c3fbc7ba30365bfba5db3dd6c525831d9c595c7525a615a?s=96&d=mm&r=g","caption":"ktmin"},"sameAs":["https:\/\/kt.gov.rs"],"url":"https:\/\/kt.gov.rs\/sq\/author\/ktmin\/"}]}},"_links":{"self":[{"href":"https:\/\/kt.gov.rs\/sq\/wp-json\/wp\/v2\/posts\/108830","targetHints":{"allow":["GET"]}}],"collection":[{"href":"https:\/\/kt.gov.rs\/sq\/wp-json\/wp\/v2\/posts"}],"about":[{"href":"https:\/\/kt.gov.rs\/sq\/wp-json\/wp\/v2\/types\/post"}],"author":[{"embeddable":true,"href":"https:\/\/kt.gov.rs\/sq\/wp-json\/wp\/v2\/users\/1"}],"replies":[{"embeddable":true,"href":"https:\/\/kt.gov.rs\/sq\/wp-json\/wp\/v2\/comments?post=108830"}],"version-history":[{"count":1,"href":"https:\/\/kt.gov.rs\/sq\/wp-json\/wp\/v2\/posts\/108830\/revisions"}],"predecessor-version":[{"id":108834,"href":"https:\/\/kt.gov.rs\/sq\/wp-json\/wp\/v2\/posts\/108830\/revisions\/108834"}],"wp:featuredmedia":[{"embeddable":true,"href":"https:\/\/kt.gov.rs\/sq\/wp-json\/wp\/v2\/media\/108835"}],"wp:attachment":[{"href":"https:\/\/kt.gov.rs\/sq\/wp-json\/wp\/v2\/media?parent=108830"}],"wp:term":[{"taxonomy":"category","embeddable":true,"href":"https:\/\/kt.gov.rs\/sq\/wp-json\/wp\/v2\/categories?post=108830"},{"taxonomy":"post_tag","embeddable":true,"href":"https:\/\/kt.gov.rs\/sq\/wp-json\/wp\/v2\/tags?post=108830"}],"curies":[{"name":"wp","href":"https:\/\/api.w.org\/{rel}","templated":true}]}}