{"id":108816,"date":"2021-11-19T00:00:00","date_gmt":"2021-11-19T00:00:00","guid":{"rendered":"http:\/\/kt.printandscreen.rs\/zejtaret-e-bujanocit-si-rojtar-nga-harresa\/"},"modified":"2024-07-30T17:58:49","modified_gmt":"2024-07-30T17:58:49","slug":"zejtaret-e-bujanocit-si-rojtar-nga-harresa","status":"publish","type":"post","link":"https:\/\/kt.gov.rs\/sq\/zejtaret-e-bujanocit-si-rojtar-nga-harresa\/","title":{"rendered":"ZEJTAR\u00cbT E BUJANOCIT SI ROJTAR NGA HARRESA"},"content":{"rendered":"<p>\n\t<strong><img decoding=\"async\" alt=\"\" src=\"https:\/\/kt.gov.rs\/wp-content\/uploads\/2024\/07\/1637322170_191121_1-2.jpg\" style=\"width: 315px; height: 230px; float: left;\" \/><\/strong><\/p>\n<p>\n\t<strong>Bujanoc \u2013 Beograd<\/strong> \u2013 T\u00eb m\u00ebrkur\u00ebn n\u00eb Sht\u00ebpin\u00eb e Kultur\u00ebs \u201cVuk Karaxhiq\u201d n\u00eb Bujanoc \u00ebsht\u00eb mbajtur manifestimi i 20-t\u00eb \u201cDuart e Denja\u201d me ekspozit\u00eb t\u00eb zejeve t\u00eb vjetra.<\/p>\n<p>\n\t\u201cK\u00ebt\u00eb vit vendos\u00ebm t\u00eb ekspozojm\u00eb produkte t\u00eb zanateve t\u00eb vjetra me d\u00ebshir\u00ebn p\u00ebr t\u00eb kujtuar veten dhe p\u00ebr t\u00eb promovuar pun\u00ebn artizanale, por edhe p\u00ebr t&#39;u shk\u00ebputur nga harrimi i vlerave q\u00eb jan\u00eb t\u00eb rr\u00ebnjosura thell\u00eb n\u00eb kultur\u00ebn ton\u00eb\u201d, tha Vladimir StojkoviQ, bashk\u00ebpun\u00ebtor p\u00ebr aktivitetet kulturore t\u00eb Sht\u00ebpis\u00eb s\u00eb Kultur\u00ebs.<\/p>\n<p>\n\tN\u00eb sall\u00ebn e vog\u00ebl t\u00eb Sht\u00ebpis\u00eb s\u00eb Kultur\u00ebs shiheshin punimet e zejtar\u00ebve vendas, si q\u00ebndistaria e bardh\u00eb, prodhimet e thurjes, objektet e marangoz\u00ebve, teneqexhinjve dhe personave q\u00eb thurrin litar, me t\u00eb cilat Bujanoci dikur ishte i njohur.<\/p>\n<p>\n\tNj\u00ebra nga pjes\u00ebmarr\u00ebset n\u00eb ekspozit\u00eb \u00ebsht\u00eb edhe Nada Janjiq nga Bujanoci, e cila ka m\u00eb shum\u00eb se dhjet\u00eb vjet q\u00eb merret me q\u00ebndisje t\u00eb bardha.<\/p>\n<p>\n\t\u201cT\u00eb b\u00ebsh nj\u00eb q\u00ebndisje t\u00eb bardh\u00eb \u00ebsht\u00eb nj\u00eb pun\u00eb shum\u00eb e v\u00ebshtir\u00eb, p\u00ebr nj\u00eb mbules\u00eb tavoline duhen rreth tre muaj sepse vet\u00eb puna k\u00ebrkon v\u00ebmendje, p\u00ebrkushtim dhe dor\u00eb t\u00eb qet\u00eb, por kur t\u00eb mbaroj\u00eb q\u00ebndisja, k\u00ebnaq\u00ebsia \u00ebsht\u00eb e madhe\u201d, tha Nada Janjiq.<\/p>\n<p>\n\t<img decoding=\"async\" alt=\"\" src=\"https:\/\/kt.gov.rs\/wp-content\/uploads\/2024\/07\/1637322110_191121_1_2-1.jpg\" style=\"width: 315px; height: 230px; float: left;\" \/><\/p>\n<p>\n\tVepr\u00ebn e tij me duart e veta e prezantoi edhe Xhavit Fejzulahi nga Bujanoci, i cili k\u00ebt\u00eb zanat e ka trash\u00ebguar nga babai i tij dhe tani e vazhdon tradit\u00ebn dhe shpreson q\u00eb t\u00eb zgjas\u00eb gjat\u00eb n\u00eb familjen e tij.<\/p>\n<p>\n\t\u201cQ\u00eb f\u00ebmij\u00eb jam marr\u00eb me profesionin e thurrjes s\u00eb litar\u00ebve, tashm\u00eb prej 50 vitesh dhe mund t\u00eb b\u00ebj k\u00ebdo me sy mbyllur. Nganj\u00ebher\u00eb puna shkon me v\u00ebshtir\u00ebsi, por un\u00eb nuk dor\u00ebzohem dhe nj\u00eb promovim pak m\u00eb i madh i biznesit artizanal nuk do t\u00eb b\u00ebnte keq\u201d, shton ai me buz\u00ebqeshje.<\/p>\n<p>\n\t<img decoding=\"async\" alt=\"\" src=\"https:\/\/kt.gov.rs\/wp-content\/uploads\/2024\/07\/1637322136_191121_1_3-1.jpg\" style=\"width: 315px; height: 230px; float: left;\" \/><\/p>\n<p>\n\tVizitor\u00ebt nuk e fsheh\u00ebn t\u00eb k\u00ebnaqur me punimet e shfaqura.<\/p>\n<p>\n\t\u201cZanatet e vjetra jan\u00eb nj\u00eb thesar, produktet q\u00eb dalin nga ato punishte jan\u00eb t\u00eb bukura dhe dua t&#39;u them t\u00eb rinjve ta vazhdojn\u00eb k\u00ebt\u00eb tradit\u00eb, por n\u00eb nj\u00eb m\u00ebnyr\u00eb t\u00eb re. Zanati do t\u00eb vler\u00ebsohet shum\u00eb dhe shkolla jon\u00eb profesionale nuk do t\u00eb heq\u00eb dor\u00eb nga zejtar\u00ebt, sepse sh\u00ebrbimet q\u00eb na ofrojn\u00eb kan\u00eb qen\u00eb t\u00eb mang\u00ebta vitet e fundit\u201d, thot\u00eb Biserka Joviq, drejtoresha e gjimnazit \u201cSh\u00ebn Sava\u201d.<\/p>\n<p>\n\tN\u00eb mesin e pjes\u00ebmarr\u00ebsve n\u00eb ekspozit\u00eb ishin marangoz\u00ebt Dejan Gjorgjeviq nga fshati Sveta Petka, fark\u00ebtari Traj\u00e7e Ramadanoviq dhe Milica Joviq nga Bujanoci.<\/p>\n<p>\n\tAktiviteti \u201cDuart e Denja\u201d mbahet q\u00eb nga viti 2000 dhe sot e k\u00ebsaj dite sh\u00ebnon nj\u00eb num\u00ebr t\u00eb madh temash t\u00eb realizuara me sukses, q\u00eb nga zejtaria popullore e deri te p\u00ebrgatitja e specialiteteve degustatore t\u00eb kuzhinave komb\u00ebtare me synimin p\u00ebr t\u00eb hequr nga harresa vlerat tradicionale.<\/p>\n<p>\n\t<strong>Burimi: Bujanova\u00e7ke dhe Trupi Koordinues<\/strong><\/p>\n<p>\n\t\u00a0<\/p>\n","protected":false},"excerpt":{"rendered":"<p>Bujanoc \u2013 Beograd\u00a0\u2013 T\u00eb m\u00ebrkur\u00ebn n\u00eb Sht\u00ebpin\u00eb e Kultur\u00ebs \u201cVuk Karaxhiq\u201d n\u00eb Bujanoc \u00ebsht\u00eb mbajtur manifestimi i 20-t\u00eb \u201cDuart e Denja\u201d me ekspozit\u00eb t\u00eb zejeve t\u00eb vjetra.<\/p>\n","protected":false},"author":1,"featured_media":108827,"comment_status":"closed","ping_status":"closed","sticky":false,"template":"","format":"standard","meta":{"footnotes":""},"categories":[55],"tags":[],"class_list":["post-108816","post","type-post","status-publish","format-standard","has-post-thumbnail","hentry","category-lajme"],"yoast_head":"<!-- This site is optimized with the Yoast SEO plugin v27.5 - https:\/\/yoast.com\/product\/yoast-seo-wordpress\/ -->\n<title>ZEJTAR\u00cbT E BUJANOCIT SI ROJTAR NGA HARRESA - Republika e S\u00ebrbis\u00eb Trupi Koordinues p\u00ebr komunat Bujanoc, Preshev\u00eb dhe Medvegj\u00eb<\/title>\n<meta name=\"robots\" content=\"index, follow, max-snippet:-1, max-image-preview:large, max-video-preview:-1\" \/>\n<link rel=\"canonical\" href=\"https:\/\/kt.gov.rs\/sq\/zejtaret-e-bujanocit-si-rojtar-nga-harresa\/\" \/>\n<meta property=\"og:locale\" content=\"sq_AL\" \/>\n<meta property=\"og:type\" content=\"article\" \/>\n<meta property=\"og:title\" content=\"ZEJTAR\u00cbT E BUJANOCIT SI ROJTAR NGA HARRESA - Republika e S\u00ebrbis\u00eb Trupi Koordinues p\u00ebr komunat Bujanoc, Preshev\u00eb dhe Medvegj\u00eb\" \/>\n<meta property=\"og:description\" content=\"Bujanoc \u2013 Beograd\u00a0\u2013 T\u00eb m\u00ebrkur\u00ebn n\u00eb Sht\u00ebpin\u00eb e Kultur\u00ebs \u201cVuk Karaxhiq\u201d n\u00eb Bujanoc \u00ebsht\u00eb mbajtur manifestimi i 20-t\u00eb \u201cDuart e Denja\u201d me ekspozit\u00eb t\u00eb zejeve t\u00eb vjetra.\" \/>\n<meta property=\"og:url\" content=\"https:\/\/kt.gov.rs\/sq\/zejtaret-e-bujanocit-si-rojtar-nga-harresa\/\" \/>\n<meta property=\"og:site_name\" content=\"Republika e S\u00ebrbis\u00eb Trupi Koordinues p\u00ebr komunat Bujanoc, Preshev\u00eb dhe Medvegj\u00eb\" \/>\n<meta property=\"article:publisher\" content=\"https:\/\/www.facebook.com\/SluzbaKoordinacionogTelaVladeRepublikeSrbije\" \/>\n<meta property=\"article:published_time\" content=\"2021-11-19T00:00:00+00:00\" \/>\n<meta property=\"article:modified_time\" content=\"2024-07-30T17:58:49+00:00\" \/>\n<meta property=\"og:image\" content=\"https:\/\/kt.gov.rs\/wp-content\/uploads\/2024\/07\/1637322170_191121_1-3.jpg\" \/>\n\t<meta property=\"og:image:width\" content=\"315\" \/>\n\t<meta property=\"og:image:height\" content=\"230\" \/>\n\t<meta property=\"og:image:type\" content=\"image\/jpeg\" \/>\n<meta name=\"author\" content=\"ktmin\" \/>\n<meta name=\"twitter:card\" content=\"summary_large_image\" \/>\n<meta name=\"twitter:creator\" content=\"@kt_gov\" \/>\n<meta name=\"twitter:site\" content=\"@kt_gov\" \/>\n<meta name=\"twitter:label1\" content=\"Written by\" \/>\n\t<meta name=\"twitter:data1\" content=\"ktmin\" \/>\n\t<meta name=\"twitter:label2\" content=\"Est. reading time\" \/>\n\t<meta name=\"twitter:data2\" content=\"4 minutes\" \/>\n<script type=\"application\/ld+json\" class=\"yoast-schema-graph\">{\"@context\":\"https:\\\/\\\/schema.org\",\"@graph\":[{\"@type\":\"Article\",\"@id\":\"https:\\\/\\\/kt.gov.rs\\\/sq\\\/zejtaret-e-bujanocit-si-rojtar-nga-harresa\\\/#article\",\"isPartOf\":{\"@id\":\"https:\\\/\\\/kt.gov.rs\\\/sq\\\/zejtaret-e-bujanocit-si-rojtar-nga-harresa\\\/\"},\"author\":{\"name\":\"ktmin\",\"@id\":\"https:\\\/\\\/kt.gov.rs\\\/#\\\/schema\\\/person\\\/e426459ddb4173309103390602694571\"},\"headline\":\"ZEJTAR\u00cbT E BUJANOCIT SI ROJTAR NGA HARRESA\",\"datePublished\":\"2021-11-19T00:00:00+00:00\",\"dateModified\":\"2024-07-30T17:58:49+00:00\",\"mainEntityOfPage\":{\"@id\":\"https:\\\/\\\/kt.gov.rs\\\/sq\\\/zejtaret-e-bujanocit-si-rojtar-nga-harresa\\\/\"},\"wordCount\":717,\"publisher\":{\"@id\":\"https:\\\/\\\/kt.gov.rs\\\/#organization\"},\"image\":{\"@id\":\"https:\\\/\\\/kt.gov.rs\\\/sq\\\/zejtaret-e-bujanocit-si-rojtar-nga-harresa\\\/#primaryimage\"},\"thumbnailUrl\":\"https:\\\/\\\/kt.gov.rs\\\/wp-content\\\/uploads\\\/2024\\\/07\\\/1637322170_191121_1-3.jpg\",\"articleSection\":[\"Lajme\"],\"inLanguage\":\"sq-AL\"},{\"@type\":\"WebPage\",\"@id\":\"https:\\\/\\\/kt.gov.rs\\\/sq\\\/zejtaret-e-bujanocit-si-rojtar-nga-harresa\\\/\",\"url\":\"https:\\\/\\\/kt.gov.rs\\\/sq\\\/zejtaret-e-bujanocit-si-rojtar-nga-harresa\\\/\",\"name\":\"ZEJTAR\u00cbT E BUJANOCIT SI ROJTAR NGA HARRESA - Republika e S\u00ebrbis\u00eb Trupi Koordinues p\u00ebr komunat Bujanoc, Preshev\u00eb dhe Medvegj\u00eb\",\"isPartOf\":{\"@id\":\"https:\\\/\\\/kt.gov.rs\\\/#website\"},\"primaryImageOfPage\":{\"@id\":\"https:\\\/\\\/kt.gov.rs\\\/sq\\\/zejtaret-e-bujanocit-si-rojtar-nga-harresa\\\/#primaryimage\"},\"image\":{\"@id\":\"https:\\\/\\\/kt.gov.rs\\\/sq\\\/zejtaret-e-bujanocit-si-rojtar-nga-harresa\\\/#primaryimage\"},\"thumbnailUrl\":\"https:\\\/\\\/kt.gov.rs\\\/wp-content\\\/uploads\\\/2024\\\/07\\\/1637322170_191121_1-3.jpg\",\"datePublished\":\"2021-11-19T00:00:00+00:00\",\"dateModified\":\"2024-07-30T17:58:49+00:00\",\"breadcrumb\":{\"@id\":\"https:\\\/\\\/kt.gov.rs\\\/sq\\\/zejtaret-e-bujanocit-si-rojtar-nga-harresa\\\/#breadcrumb\"},\"inLanguage\":\"sq-AL\",\"potentialAction\":[{\"@type\":\"ReadAction\",\"target\":[\"https:\\\/\\\/kt.gov.rs\\\/sq\\\/zejtaret-e-bujanocit-si-rojtar-nga-harresa\\\/\"]}]},{\"@type\":\"ImageObject\",\"inLanguage\":\"sq-AL\",\"@id\":\"https:\\\/\\\/kt.gov.rs\\\/sq\\\/zejtaret-e-bujanocit-si-rojtar-nga-harresa\\\/#primaryimage\",\"url\":\"https:\\\/\\\/kt.gov.rs\\\/wp-content\\\/uploads\\\/2024\\\/07\\\/1637322170_191121_1-3.jpg\",\"contentUrl\":\"https:\\\/\\\/kt.gov.rs\\\/wp-content\\\/uploads\\\/2024\\\/07\\\/1637322170_191121_1-3.jpg\",\"width\":315,\"height\":230},{\"@type\":\"BreadcrumbList\",\"@id\":\"https:\\\/\\\/kt.gov.rs\\\/sq\\\/zejtaret-e-bujanocit-si-rojtar-nga-harresa\\\/#breadcrumb\",\"itemListElement\":[{\"@type\":\"ListItem\",\"position\":1,\"name\":\"\u041f\u043e\u0447\u0435\u0442\u043d\u0430\",\"item\":\"https:\\\/\\\/kt.gov.rs\\\/sq\\\/\"},{\"@type\":\"ListItem\",\"position\":2,\"name\":\"ZEJTAR\u00cbT E BUJANOCIT SI ROJTAR NGA HARRESA\"}]},{\"@type\":\"WebSite\",\"@id\":\"https:\\\/\\\/kt.gov.rs\\\/#website\",\"url\":\"https:\\\/\\\/kt.gov.rs\\\/\",\"name\":\"\u041a\u043e\u043e\u0440\u0434\u0438\u043d\u0430\u0446\u0438\u043e\u043d\u043e \u0442\u0435\u043b\u043e \u0412\u043b\u0430\u0434\u0435 \u0420\u0435\u043f\u0443\u0431\u043b\u0438\u043a\u0435 \u0421\u0440\u0431\u0438\u0458\u0435 \u0437\u0430 \u043e\u043f\u0448\u0442\u0438\u043d\u0435 \u041f\u0440\u0435\u0448\u0435\u0432\u043e, \u0411\u0443\u0458\u0430\u043d\u043e\u0432\u0430\u0446 \u0438 \u041c\u0435\u0434\u0432\u0435\u0452a\",\"description\":\"\",\"publisher\":{\"@id\":\"https:\\\/\\\/kt.gov.rs\\\/#organization\"},\"alternateName\":\"\u041a\u043e\u043e\u0440\u0434\u0438\u043d\u0430\u0446\u0438\u043e\u043d\u043e \u0442\u0435\u043b\u043e\",\"potentialAction\":[{\"@type\":\"SearchAction\",\"target\":{\"@type\":\"EntryPoint\",\"urlTemplate\":\"https:\\\/\\\/kt.gov.rs\\\/?s={search_term_string}\"},\"query-input\":{\"@type\":\"PropertyValueSpecification\",\"valueRequired\":true,\"valueName\":\"search_term_string\"}}],\"inLanguage\":\"sq-AL\"},{\"@type\":\"Organization\",\"@id\":\"https:\\\/\\\/kt.gov.rs\\\/#organization\",\"name\":\"\u041a\u043e\u043e\u0440\u0434\u0438\u043d\u0430\u0446\u0438\u043e\u043d\u043e \u0442\u0435\u043b\u043e \u0412\u043b\u0430\u0434\u0435 \u0420\u0435\u043f\u0443\u0431\u043b\u0438\u043a\u0435 \u0421\u0440\u0431\u0438\u0458\u0435 \u0437\u0430 \u043e\u043f\u0448\u0442\u0438\u043d\u0435 \u041f\u0440\u0435\u0448\u0435\u0432\u043e, \u0411\u0443\u0458\u0430\u043d\u043e\u0432\u0430\u0446 \u0438 \u041c\u0435\u0434\u0432\u0435\u0452a\",\"alternateName\":\"\u041a\u043e\u043e\u0440\u0434\u0438\u043d\u0430\u0446\u0438\u043e\u043d\u043e \u0442\u0435\u043b\u043e\",\"url\":\"https:\\\/\\\/kt.gov.rs\\\/\",\"logo\":{\"@type\":\"ImageObject\",\"inLanguage\":\"sq-AL\",\"@id\":\"https:\\\/\\\/kt.gov.rs\\\/#\\\/schema\\\/logo\\\/image\\\/\",\"url\":\"https:\\\/\\\/kt.gov.rs\\\/wp-content\\\/uploads\\\/2024\\\/12\\\/koord2.jpg\",\"contentUrl\":\"https:\\\/\\\/kt.gov.rs\\\/wp-content\\\/uploads\\\/2024\\\/12\\\/koord2.jpg\",\"width\":640,\"height\":480,\"caption\":\"\u041a\u043e\u043e\u0440\u0434\u0438\u043d\u0430\u0446\u0438\u043e\u043d\u043e \u0442\u0435\u043b\u043e \u0412\u043b\u0430\u0434\u0435 \u0420\u0435\u043f\u0443\u0431\u043b\u0438\u043a\u0435 \u0421\u0440\u0431\u0438\u0458\u0435 \u0437\u0430 \u043e\u043f\u0448\u0442\u0438\u043d\u0435 \u041f\u0440\u0435\u0448\u0435\u0432\u043e, \u0411\u0443\u0458\u0430\u043d\u043e\u0432\u0430\u0446 \u0438 \u041c\u0435\u0434\u0432\u0435\u0452a\"},\"image\":{\"@id\":\"https:\\\/\\\/kt.gov.rs\\\/#\\\/schema\\\/logo\\\/image\\\/\"},\"sameAs\":[\"https:\\\/\\\/www.facebook.com\\\/SluzbaKoordinacionogTelaVladeRepublikeSrbije\",\"https:\\\/\\\/x.com\\\/kt_gov\",\"https:\\\/\\\/www.youtube.com\\\/@koordinacionotelo\"]},{\"@type\":\"Person\",\"@id\":\"https:\\\/\\\/kt.gov.rs\\\/#\\\/schema\\\/person\\\/e426459ddb4173309103390602694571\",\"name\":\"ktmin\",\"image\":{\"@type\":\"ImageObject\",\"inLanguage\":\"sq-AL\",\"@id\":\"https:\\\/\\\/secure.gravatar.com\\\/avatar\\\/3985c961109853010c3fbc7ba30365bfba5db3dd6c525831d9c595c7525a615a?s=96&d=mm&r=g\",\"url\":\"https:\\\/\\\/secure.gravatar.com\\\/avatar\\\/3985c961109853010c3fbc7ba30365bfba5db3dd6c525831d9c595c7525a615a?s=96&d=mm&r=g\",\"contentUrl\":\"https:\\\/\\\/secure.gravatar.com\\\/avatar\\\/3985c961109853010c3fbc7ba30365bfba5db3dd6c525831d9c595c7525a615a?s=96&d=mm&r=g\",\"caption\":\"ktmin\"},\"sameAs\":[\"https:\\\/\\\/kt.gov.rs\"],\"url\":\"https:\\\/\\\/kt.gov.rs\\\/sq\\\/author\\\/ktmin\\\/\"}]}<\/script>\n<!-- \/ Yoast SEO plugin. -->","yoast_head_json":{"title":"ZEJTAR\u00cbT E BUJANOCIT SI ROJTAR NGA HARRESA - Republika e S\u00ebrbis\u00eb Trupi Koordinues p\u00ebr komunat Bujanoc, Preshev\u00eb dhe Medvegj\u00eb","robots":{"index":"index","follow":"follow","max-snippet":"max-snippet:-1","max-image-preview":"max-image-preview:large","max-video-preview":"max-video-preview:-1"},"canonical":"https:\/\/kt.gov.rs\/sq\/zejtaret-e-bujanocit-si-rojtar-nga-harresa\/","og_locale":"sq_AL","og_type":"article","og_title":"ZEJTAR\u00cbT E BUJANOCIT SI ROJTAR NGA HARRESA - Republika e S\u00ebrbis\u00eb Trupi Koordinues p\u00ebr komunat Bujanoc, Preshev\u00eb dhe Medvegj\u00eb","og_description":"Bujanoc \u2013 Beograd\u00a0\u2013 T\u00eb m\u00ebrkur\u00ebn n\u00eb Sht\u00ebpin\u00eb e Kultur\u00ebs \u201cVuk Karaxhiq\u201d n\u00eb Bujanoc \u00ebsht\u00eb mbajtur manifestimi i 20-t\u00eb \u201cDuart e Denja\u201d me ekspozit\u00eb t\u00eb zejeve t\u00eb vjetra.","og_url":"https:\/\/kt.gov.rs\/sq\/zejtaret-e-bujanocit-si-rojtar-nga-harresa\/","og_site_name":"Republika e S\u00ebrbis\u00eb Trupi Koordinues p\u00ebr komunat Bujanoc, Preshev\u00eb dhe Medvegj\u00eb","article_publisher":"https:\/\/www.facebook.com\/SluzbaKoordinacionogTelaVladeRepublikeSrbije","article_published_time":"2021-11-19T00:00:00+00:00","article_modified_time":"2024-07-30T17:58:49+00:00","og_image":[{"width":315,"height":230,"url":"https:\/\/kt.gov.rs\/wp-content\/uploads\/2024\/07\/1637322170_191121_1-3.jpg","type":"image\/jpeg"}],"author":"ktmin","twitter_card":"summary_large_image","twitter_creator":"@kt_gov","twitter_site":"@kt_gov","twitter_misc":{"Written by":"ktmin","Est. reading time":"4 minutes"},"schema":{"@context":"https:\/\/schema.org","@graph":[{"@type":"Article","@id":"https:\/\/kt.gov.rs\/sq\/zejtaret-e-bujanocit-si-rojtar-nga-harresa\/#article","isPartOf":{"@id":"https:\/\/kt.gov.rs\/sq\/zejtaret-e-bujanocit-si-rojtar-nga-harresa\/"},"author":{"name":"ktmin","@id":"https:\/\/kt.gov.rs\/#\/schema\/person\/e426459ddb4173309103390602694571"},"headline":"ZEJTAR\u00cbT E BUJANOCIT SI ROJTAR NGA HARRESA","datePublished":"2021-11-19T00:00:00+00:00","dateModified":"2024-07-30T17:58:49+00:00","mainEntityOfPage":{"@id":"https:\/\/kt.gov.rs\/sq\/zejtaret-e-bujanocit-si-rojtar-nga-harresa\/"},"wordCount":717,"publisher":{"@id":"https:\/\/kt.gov.rs\/#organization"},"image":{"@id":"https:\/\/kt.gov.rs\/sq\/zejtaret-e-bujanocit-si-rojtar-nga-harresa\/#primaryimage"},"thumbnailUrl":"https:\/\/kt.gov.rs\/wp-content\/uploads\/2024\/07\/1637322170_191121_1-3.jpg","articleSection":["Lajme"],"inLanguage":"sq-AL"},{"@type":"WebPage","@id":"https:\/\/kt.gov.rs\/sq\/zejtaret-e-bujanocit-si-rojtar-nga-harresa\/","url":"https:\/\/kt.gov.rs\/sq\/zejtaret-e-bujanocit-si-rojtar-nga-harresa\/","name":"ZEJTAR\u00cbT E BUJANOCIT SI ROJTAR NGA HARRESA - Republika e S\u00ebrbis\u00eb Trupi Koordinues p\u00ebr komunat Bujanoc, Preshev\u00eb dhe Medvegj\u00eb","isPartOf":{"@id":"https:\/\/kt.gov.rs\/#website"},"primaryImageOfPage":{"@id":"https:\/\/kt.gov.rs\/sq\/zejtaret-e-bujanocit-si-rojtar-nga-harresa\/#primaryimage"},"image":{"@id":"https:\/\/kt.gov.rs\/sq\/zejtaret-e-bujanocit-si-rojtar-nga-harresa\/#primaryimage"},"thumbnailUrl":"https:\/\/kt.gov.rs\/wp-content\/uploads\/2024\/07\/1637322170_191121_1-3.jpg","datePublished":"2021-11-19T00:00:00+00:00","dateModified":"2024-07-30T17:58:49+00:00","breadcrumb":{"@id":"https:\/\/kt.gov.rs\/sq\/zejtaret-e-bujanocit-si-rojtar-nga-harresa\/#breadcrumb"},"inLanguage":"sq-AL","potentialAction":[{"@type":"ReadAction","target":["https:\/\/kt.gov.rs\/sq\/zejtaret-e-bujanocit-si-rojtar-nga-harresa\/"]}]},{"@type":"ImageObject","inLanguage":"sq-AL","@id":"https:\/\/kt.gov.rs\/sq\/zejtaret-e-bujanocit-si-rojtar-nga-harresa\/#primaryimage","url":"https:\/\/kt.gov.rs\/wp-content\/uploads\/2024\/07\/1637322170_191121_1-3.jpg","contentUrl":"https:\/\/kt.gov.rs\/wp-content\/uploads\/2024\/07\/1637322170_191121_1-3.jpg","width":315,"height":230},{"@type":"BreadcrumbList","@id":"https:\/\/kt.gov.rs\/sq\/zejtaret-e-bujanocit-si-rojtar-nga-harresa\/#breadcrumb","itemListElement":[{"@type":"ListItem","position":1,"name":"\u041f\u043e\u0447\u0435\u0442\u043d\u0430","item":"https:\/\/kt.gov.rs\/sq\/"},{"@type":"ListItem","position":2,"name":"ZEJTAR\u00cbT E BUJANOCIT SI ROJTAR NGA HARRESA"}]},{"@type":"WebSite","@id":"https:\/\/kt.gov.rs\/#website","url":"https:\/\/kt.gov.rs\/","name":"\u041a\u043e\u043e\u0440\u0434\u0438\u043d\u0430\u0446\u0438\u043e\u043d\u043e \u0442\u0435\u043b\u043e \u0412\u043b\u0430\u0434\u0435 \u0420\u0435\u043f\u0443\u0431\u043b\u0438\u043a\u0435 \u0421\u0440\u0431\u0438\u0458\u0435 \u0437\u0430 \u043e\u043f\u0448\u0442\u0438\u043d\u0435 \u041f\u0440\u0435\u0448\u0435\u0432\u043e, \u0411\u0443\u0458\u0430\u043d\u043e\u0432\u0430\u0446 \u0438 \u041c\u0435\u0434\u0432\u0435\u0452a","description":"","publisher":{"@id":"https:\/\/kt.gov.rs\/#organization"},"alternateName":"\u041a\u043e\u043e\u0440\u0434\u0438\u043d\u0430\u0446\u0438\u043e\u043d\u043e \u0442\u0435\u043b\u043e","potentialAction":[{"@type":"SearchAction","target":{"@type":"EntryPoint","urlTemplate":"https:\/\/kt.gov.rs\/?s={search_term_string}"},"query-input":{"@type":"PropertyValueSpecification","valueRequired":true,"valueName":"search_term_string"}}],"inLanguage":"sq-AL"},{"@type":"Organization","@id":"https:\/\/kt.gov.rs\/#organization","name":"\u041a\u043e\u043e\u0440\u0434\u0438\u043d\u0430\u0446\u0438\u043e\u043d\u043e \u0442\u0435\u043b\u043e \u0412\u043b\u0430\u0434\u0435 \u0420\u0435\u043f\u0443\u0431\u043b\u0438\u043a\u0435 \u0421\u0440\u0431\u0438\u0458\u0435 \u0437\u0430 \u043e\u043f\u0448\u0442\u0438\u043d\u0435 \u041f\u0440\u0435\u0448\u0435\u0432\u043e, \u0411\u0443\u0458\u0430\u043d\u043e\u0432\u0430\u0446 \u0438 \u041c\u0435\u0434\u0432\u0435\u0452a","alternateName":"\u041a\u043e\u043e\u0440\u0434\u0438\u043d\u0430\u0446\u0438\u043e\u043d\u043e \u0442\u0435\u043b\u043e","url":"https:\/\/kt.gov.rs\/","logo":{"@type":"ImageObject","inLanguage":"sq-AL","@id":"https:\/\/kt.gov.rs\/#\/schema\/logo\/image\/","url":"https:\/\/kt.gov.rs\/wp-content\/uploads\/2024\/12\/koord2.jpg","contentUrl":"https:\/\/kt.gov.rs\/wp-content\/uploads\/2024\/12\/koord2.jpg","width":640,"height":480,"caption":"\u041a\u043e\u043e\u0440\u0434\u0438\u043d\u0430\u0446\u0438\u043e\u043d\u043e \u0442\u0435\u043b\u043e \u0412\u043b\u0430\u0434\u0435 \u0420\u0435\u043f\u0443\u0431\u043b\u0438\u043a\u0435 \u0421\u0440\u0431\u0438\u0458\u0435 \u0437\u0430 \u043e\u043f\u0448\u0442\u0438\u043d\u0435 \u041f\u0440\u0435\u0448\u0435\u0432\u043e, \u0411\u0443\u0458\u0430\u043d\u043e\u0432\u0430\u0446 \u0438 \u041c\u0435\u0434\u0432\u0435\u0452a"},"image":{"@id":"https:\/\/kt.gov.rs\/#\/schema\/logo\/image\/"},"sameAs":["https:\/\/www.facebook.com\/SluzbaKoordinacionogTelaVladeRepublikeSrbije","https:\/\/x.com\/kt_gov","https:\/\/www.youtube.com\/@koordinacionotelo"]},{"@type":"Person","@id":"https:\/\/kt.gov.rs\/#\/schema\/person\/e426459ddb4173309103390602694571","name":"ktmin","image":{"@type":"ImageObject","inLanguage":"sq-AL","@id":"https:\/\/secure.gravatar.com\/avatar\/3985c961109853010c3fbc7ba30365bfba5db3dd6c525831d9c595c7525a615a?s=96&d=mm&r=g","url":"https:\/\/secure.gravatar.com\/avatar\/3985c961109853010c3fbc7ba30365bfba5db3dd6c525831d9c595c7525a615a?s=96&d=mm&r=g","contentUrl":"https:\/\/secure.gravatar.com\/avatar\/3985c961109853010c3fbc7ba30365bfba5db3dd6c525831d9c595c7525a615a?s=96&d=mm&r=g","caption":"ktmin"},"sameAs":["https:\/\/kt.gov.rs"],"url":"https:\/\/kt.gov.rs\/sq\/author\/ktmin\/"}]}},"_links":{"self":[{"href":"https:\/\/kt.gov.rs\/sq\/wp-json\/wp\/v2\/posts\/108816","targetHints":{"allow":["GET"]}}],"collection":[{"href":"https:\/\/kt.gov.rs\/sq\/wp-json\/wp\/v2\/posts"}],"about":[{"href":"https:\/\/kt.gov.rs\/sq\/wp-json\/wp\/v2\/types\/post"}],"author":[{"embeddable":true,"href":"https:\/\/kt.gov.rs\/sq\/wp-json\/wp\/v2\/users\/1"}],"replies":[{"embeddable":true,"href":"https:\/\/kt.gov.rs\/sq\/wp-json\/wp\/v2\/comments?post=108816"}],"version-history":[{"count":1,"href":"https:\/\/kt.gov.rs\/sq\/wp-json\/wp\/v2\/posts\/108816\/revisions"}],"predecessor-version":[{"id":108826,"href":"https:\/\/kt.gov.rs\/sq\/wp-json\/wp\/v2\/posts\/108816\/revisions\/108826"}],"wp:featuredmedia":[{"embeddable":true,"href":"https:\/\/kt.gov.rs\/sq\/wp-json\/wp\/v2\/media\/108827"}],"wp:attachment":[{"href":"https:\/\/kt.gov.rs\/sq\/wp-json\/wp\/v2\/media?parent=108816"}],"wp:term":[{"taxonomy":"category","embeddable":true,"href":"https:\/\/kt.gov.rs\/sq\/wp-json\/wp\/v2\/categories?post=108816"},{"taxonomy":"post_tag","embeddable":true,"href":"https:\/\/kt.gov.rs\/sq\/wp-json\/wp\/v2\/tags?post=108816"}],"curies":[{"name":"wp","href":"https:\/\/api.w.org\/{rel}","templated":true}]}}