{"id":108800,"date":"2021-11-23T00:00:00","date_gmt":"2021-11-23T00:00:00","guid":{"rendered":"http:\/\/kt.printandscreen.rs\/misioni-i-osbe-se-ne-serbi-eshte-i-kenaqur-me-marreveshjet-e-arritura-ne-dialogun-social\/"},"modified":"2024-07-30T17:58:47","modified_gmt":"2024-07-30T17:58:47","slug":"misioni-i-osbe-se-ne-serbi-eshte-i-kenaqur-me-marreveshjet-e-arritura-ne-dialogun-social","status":"publish","type":"post","link":"https:\/\/kt.gov.rs\/sq\/misioni-i-osbe-se-ne-serbi-eshte-i-kenaqur-me-marreveshjet-e-arritura-ne-dialogun-social\/","title":{"rendered":"MISIONI I OSBE-S\u00cb N\u00cb SERBI \u00cbSHT\u00cb I K\u00cbNAQUR ME MARR\u00cbVESHJET E ARRITURA N\u00cb DIALOGUN SOCIAL"},"content":{"rendered":"<p>\n\t<strong><img decoding=\"async\" alt=\"\" src=\"https:\/\/kt.gov.rs\/wp-content\/uploads\/2024\/07\/1637660476_231121_1-2.jpg\" style=\"width: 315px; height: 230px; float: left;\" \/><\/strong><\/p>\n<p>\n\t<strong>Beograd<\/strong> \u2013 Misioni i OSBE-s\u00eb n\u00eb Serbi vler\u00ebsoi p\u00ebrparimin e b\u00ebr\u00eb nga p\u00ebrfaq\u00ebsuesit\u00a0 e qeveris\u00eb\u00a0s\u00eb Serbis\u00eb dhe K\u00ebshillit\u00a0nacional t\u00eb pakic\u00ebs \u00a0shqiptare \u00a0n\u00eb tekstet shkollore n\u00eb gjuh\u00ebn shqipe.<\/p>\n<p>\n\tN\u00ebnkryetari i par\u00eb dhe ministri i Arsimit Branko Ruzhiq tha se jav\u00ebn e kaluar n\u00eb nj\u00eb takim me p\u00ebrfaq\u00ebsuesit e K\u00ebshillit nacional t\u00eb shqiptar\u00ebve n\u00eb Bujanoc u zgjidh \u00e7\u00ebshtja e teksteve shkollore n\u00eb gjuh\u00ebn shqipe dhe Misioni i OSBE-s\u00eb vler\u00ebsoi q\u00ebndrimin pozitiv t\u00eb t\u00eb gjitha pal\u00ebve, duke p\u00ebrmendur K\u00ebshillin nacional t\u00eb pakic\u00ebs \u00a0shqiptare, Ministrin\u00eb p\u00ebr t\u00eb drejtat e njeriut dhe t\u00eb pakicave dhe Dialogu social,Ministrin\u00eb e Arsimit dhe Trupin Koordinues p\u00ebr komunat Preshev\u00eb, Bujanoc dhe Medvegj\u00eb. Sipas Misionit, ata jan\u00eb t\u00eb angazhuar n\u00eb nj\u00eb dialog konstruktiv p\u00ebr gjetjen e zgjidhjeve t\u00eb m\u00ebtejshme praktike p\u00ebr \u00e7\u00ebshtjen e teksteve shkollore dhe problemeve t\u00eb tjera q\u00eb lidhen me arsimin.<\/p>\n<p>\n\tN\u00ebp\u00ebrmjet konsultimeve, OSBE-ja ka ndihmuar zyrtar\u00ebt qeveritar\u00eb n\u00eb Serbi dhe komunitetin shqiptar n\u00eb tri komuna n\u00eb jugun e Serbis\u00eb\u00a0 q\u00eb t\u00eb bien dakord mbi m\u00ebnyr\u00ebn m\u00eb t\u00eb mir\u00eb t\u00eb p\u00ebrdorimit t\u00eb korniz\u00ebs ligjore dhe institucionale n\u00eb dispozicion p\u00ebr t\u00eb ofruar m\u00eb shum\u00eb tekste shkollore n\u00eb gjuh\u00ebn shqipe.<\/p>\n<p>\n\t\u00a0\u201cKoh\u00ebt e fundit jemi angazhuar me t\u00eb gjitha pal\u00ebt n\u00eb riforcimin e planit shtat\u00ebpik\u00ebsh me mb\u00ebshtetjen e Misionit t\u00eb vitit 2013, n\u00eb t\u00eb cilin qeveria u angazhua p\u00ebr p\u00ebrmir\u00ebsimin e pozit\u00ebs s\u00eb komunitetit shqiptar n\u00eb jugun e Serbis\u00eb\u00a0 sa i p\u00ebrket p\u00ebrfaq\u00ebsimit n\u00eb institucionet shtet\u00ebrore, qasje n\u00eb arsim, sh\u00ebndet\u00ebsi dhe zhvillim ekonomik t\u00eb rajonit\u201d, thuhet n\u00eb nj\u00eb deklarat\u00eb t\u00eb Misionit t\u00eb OSBE-s\u00eb n\u00eb Serbi.<\/p>\n<p>\n\t<strong>Burimi: Rtv.rs, Trupi koordinues<\/strong><\/p>\n<p>\n\t\u00a0<\/p>\n","protected":false},"excerpt":{"rendered":"<p>Beograd\u00a0\u2013 Misioni i OSBE-s\u00eb n\u00eb Serbi vler\u00ebsoi p\u00ebrparimin e b\u00ebr\u00eb nga p\u00ebrfaq\u00ebsuesit\u00a0 e qeveris\u00eb\u00a0s\u00eb Serbis\u00eb dhe K\u00ebshillit\u00a0nacional t\u00eb pakic\u00ebs \u00a0shqiptare \u00a0n\u00eb tekstet shkollore n\u00eb gjuh\u00ebn shqipe.<\/p>\n","protected":false},"author":1,"featured_media":108805,"comment_status":"closed","ping_status":"closed","sticky":false,"template":"","format":"standard","meta":{"footnotes":""},"categories":[55],"tags":[],"class_list":["post-108800","post","type-post","status-publish","format-standard","has-post-thumbnail","hentry","category-lajme"],"yoast_head":"<!-- This site is optimized with the Yoast SEO plugin v27.5 - https:\/\/yoast.com\/product\/yoast-seo-wordpress\/ -->\n<title>MISIONI I OSBE-S\u00cb N\u00cb SERBI \u00cbSHT\u00cb I K\u00cbNAQUR ME MARR\u00cbVESHJET E ARRITURA N\u00cb DIALOGUN SOCIAL - Republika e S\u00ebrbis\u00eb Trupi Koordinues p\u00ebr komunat Bujanoc, Preshev\u00eb dhe Medvegj\u00eb<\/title>\n<meta name=\"robots\" content=\"index, follow, max-snippet:-1, max-image-preview:large, max-video-preview:-1\" \/>\n<link rel=\"canonical\" href=\"https:\/\/kt.gov.rs\/sq\/misioni-i-osbe-se-ne-serbi-eshte-i-kenaqur-me-marreveshjet-e-arritura-ne-dialogun-social\/\" \/>\n<meta property=\"og:locale\" content=\"sq_AL\" \/>\n<meta property=\"og:type\" content=\"article\" \/>\n<meta property=\"og:title\" content=\"MISIONI I OSBE-S\u00cb N\u00cb SERBI \u00cbSHT\u00cb I K\u00cbNAQUR ME MARR\u00cbVESHJET E ARRITURA N\u00cb DIALOGUN SOCIAL - Republika e S\u00ebrbis\u00eb Trupi Koordinues p\u00ebr komunat Bujanoc, Preshev\u00eb dhe Medvegj\u00eb\" \/>\n<meta property=\"og:description\" content=\"Beograd\u00a0- Misioni i OSBE-s\u00eb n\u00eb Serbi vler\u00ebsoi p\u00ebrparimin e b\u00ebr\u00eb nga p\u00ebrfaq\u00ebsuesit\u00a0 e qeveris\u00eb\u00a0s\u00eb Serbis\u00eb dhe K\u00ebshillit\u00a0nacional t\u00eb pakic\u00ebs \u00a0shqiptare \u00a0n\u00eb tekstet shkollore n\u00eb gjuh\u00ebn shqipe.\" \/>\n<meta property=\"og:url\" content=\"https:\/\/kt.gov.rs\/sq\/misioni-i-osbe-se-ne-serbi-eshte-i-kenaqur-me-marreveshjet-e-arritura-ne-dialogun-social\/\" \/>\n<meta property=\"og:site_name\" content=\"Republika e S\u00ebrbis\u00eb Trupi Koordinues p\u00ebr komunat Bujanoc, Preshev\u00eb dhe Medvegj\u00eb\" \/>\n<meta property=\"article:publisher\" content=\"https:\/\/www.facebook.com\/SluzbaKoordinacionogTelaVladeRepublikeSrbije\" \/>\n<meta property=\"article:published_time\" content=\"2021-11-23T00:00:00+00:00\" \/>\n<meta property=\"article:modified_time\" content=\"2024-07-30T17:58:47+00:00\" \/>\n<meta property=\"og:image\" content=\"https:\/\/kt.gov.rs\/wp-content\/uploads\/2024\/07\/1637660476_231121_1-3.jpg\" \/>\n\t<meta property=\"og:image:width\" content=\"315\" \/>\n\t<meta property=\"og:image:height\" content=\"230\" \/>\n\t<meta property=\"og:image:type\" content=\"image\/jpeg\" \/>\n<meta name=\"author\" content=\"ktmin\" \/>\n<meta name=\"twitter:card\" content=\"summary_large_image\" \/>\n<meta name=\"twitter:creator\" content=\"@kt_gov\" \/>\n<meta name=\"twitter:site\" content=\"@kt_gov\" \/>\n<meta name=\"twitter:label1\" content=\"Written by\" \/>\n\t<meta name=\"twitter:data1\" content=\"ktmin\" \/>\n\t<meta name=\"twitter:label2\" content=\"Est. reading time\" \/>\n\t<meta name=\"twitter:data2\" content=\"2 minutes\" \/>\n<script type=\"application\/ld+json\" class=\"yoast-schema-graph\">{\"@context\":\"https:\\\/\\\/schema.org\",\"@graph\":[{\"@type\":\"Article\",\"@id\":\"https:\\\/\\\/kt.gov.rs\\\/sq\\\/misioni-i-osbe-se-ne-serbi-eshte-i-kenaqur-me-marreveshjet-e-arritura-ne-dialogun-social\\\/#article\",\"isPartOf\":{\"@id\":\"https:\\\/\\\/kt.gov.rs\\\/sq\\\/misioni-i-osbe-se-ne-serbi-eshte-i-kenaqur-me-marreveshjet-e-arritura-ne-dialogun-social\\\/\"},\"author\":{\"name\":\"ktmin\",\"@id\":\"https:\\\/\\\/kt.gov.rs\\\/#\\\/schema\\\/person\\\/e426459ddb4173309103390602694571\"},\"headline\":\"MISIONI I OSBE-S\u00cb N\u00cb SERBI \u00cbSHT\u00cb I K\u00cbNAQUR ME MARR\u00cbVESHJET E ARRITURA N\u00cb DIALOGUN SOCIAL\",\"datePublished\":\"2021-11-23T00:00:00+00:00\",\"dateModified\":\"2024-07-30T17:58:47+00:00\",\"mainEntityOfPage\":{\"@id\":\"https:\\\/\\\/kt.gov.rs\\\/sq\\\/misioni-i-osbe-se-ne-serbi-eshte-i-kenaqur-me-marreveshjet-e-arritura-ne-dialogun-social\\\/\"},\"wordCount\":451,\"publisher\":{\"@id\":\"https:\\\/\\\/kt.gov.rs\\\/#organization\"},\"image\":{\"@id\":\"https:\\\/\\\/kt.gov.rs\\\/sq\\\/misioni-i-osbe-se-ne-serbi-eshte-i-kenaqur-me-marreveshjet-e-arritura-ne-dialogun-social\\\/#primaryimage\"},\"thumbnailUrl\":\"https:\\\/\\\/kt.gov.rs\\\/wp-content\\\/uploads\\\/2024\\\/07\\\/1637660476_231121_1-3.jpg\",\"articleSection\":[\"Lajme\"],\"inLanguage\":\"sq-AL\"},{\"@type\":\"WebPage\",\"@id\":\"https:\\\/\\\/kt.gov.rs\\\/sq\\\/misioni-i-osbe-se-ne-serbi-eshte-i-kenaqur-me-marreveshjet-e-arritura-ne-dialogun-social\\\/\",\"url\":\"https:\\\/\\\/kt.gov.rs\\\/sq\\\/misioni-i-osbe-se-ne-serbi-eshte-i-kenaqur-me-marreveshjet-e-arritura-ne-dialogun-social\\\/\",\"name\":\"MISIONI I OSBE-S\u00cb N\u00cb SERBI \u00cbSHT\u00cb I K\u00cbNAQUR ME MARR\u00cbVESHJET E ARRITURA N\u00cb DIALOGUN SOCIAL - Republika e S\u00ebrbis\u00eb Trupi Koordinues p\u00ebr komunat Bujanoc, Preshev\u00eb dhe Medvegj\u00eb\",\"isPartOf\":{\"@id\":\"https:\\\/\\\/kt.gov.rs\\\/#website\"},\"primaryImageOfPage\":{\"@id\":\"https:\\\/\\\/kt.gov.rs\\\/sq\\\/misioni-i-osbe-se-ne-serbi-eshte-i-kenaqur-me-marreveshjet-e-arritura-ne-dialogun-social\\\/#primaryimage\"},\"image\":{\"@id\":\"https:\\\/\\\/kt.gov.rs\\\/sq\\\/misioni-i-osbe-se-ne-serbi-eshte-i-kenaqur-me-marreveshjet-e-arritura-ne-dialogun-social\\\/#primaryimage\"},\"thumbnailUrl\":\"https:\\\/\\\/kt.gov.rs\\\/wp-content\\\/uploads\\\/2024\\\/07\\\/1637660476_231121_1-3.jpg\",\"datePublished\":\"2021-11-23T00:00:00+00:00\",\"dateModified\":\"2024-07-30T17:58:47+00:00\",\"breadcrumb\":{\"@id\":\"https:\\\/\\\/kt.gov.rs\\\/sq\\\/misioni-i-osbe-se-ne-serbi-eshte-i-kenaqur-me-marreveshjet-e-arritura-ne-dialogun-social\\\/#breadcrumb\"},\"inLanguage\":\"sq-AL\",\"potentialAction\":[{\"@type\":\"ReadAction\",\"target\":[\"https:\\\/\\\/kt.gov.rs\\\/sq\\\/misioni-i-osbe-se-ne-serbi-eshte-i-kenaqur-me-marreveshjet-e-arritura-ne-dialogun-social\\\/\"]}]},{\"@type\":\"ImageObject\",\"inLanguage\":\"sq-AL\",\"@id\":\"https:\\\/\\\/kt.gov.rs\\\/sq\\\/misioni-i-osbe-se-ne-serbi-eshte-i-kenaqur-me-marreveshjet-e-arritura-ne-dialogun-social\\\/#primaryimage\",\"url\":\"https:\\\/\\\/kt.gov.rs\\\/wp-content\\\/uploads\\\/2024\\\/07\\\/1637660476_231121_1-3.jpg\",\"contentUrl\":\"https:\\\/\\\/kt.gov.rs\\\/wp-content\\\/uploads\\\/2024\\\/07\\\/1637660476_231121_1-3.jpg\",\"width\":315,\"height\":230},{\"@type\":\"BreadcrumbList\",\"@id\":\"https:\\\/\\\/kt.gov.rs\\\/sq\\\/misioni-i-osbe-se-ne-serbi-eshte-i-kenaqur-me-marreveshjet-e-arritura-ne-dialogun-social\\\/#breadcrumb\",\"itemListElement\":[{\"@type\":\"ListItem\",\"position\":1,\"name\":\"\u041f\u043e\u0447\u0435\u0442\u043d\u0430\",\"item\":\"https:\\\/\\\/kt.gov.rs\\\/sq\\\/\"},{\"@type\":\"ListItem\",\"position\":2,\"name\":\"MISIONI I OSBE-S\u00cb N\u00cb SERBI \u00cbSHT\u00cb I K\u00cbNAQUR ME MARR\u00cbVESHJET E ARRITURA N\u00cb DIALOGUN SOCIAL\"}]},{\"@type\":\"WebSite\",\"@id\":\"https:\\\/\\\/kt.gov.rs\\\/#website\",\"url\":\"https:\\\/\\\/kt.gov.rs\\\/\",\"name\":\"\u041a\u043e\u043e\u0440\u0434\u0438\u043d\u0430\u0446\u0438\u043e\u043d\u043e \u0442\u0435\u043b\u043e \u0412\u043b\u0430\u0434\u0435 \u0420\u0435\u043f\u0443\u0431\u043b\u0438\u043a\u0435 \u0421\u0440\u0431\u0438\u0458\u0435 \u0437\u0430 \u043e\u043f\u0448\u0442\u0438\u043d\u0435 \u041f\u0440\u0435\u0448\u0435\u0432\u043e, \u0411\u0443\u0458\u0430\u043d\u043e\u0432\u0430\u0446 \u0438 \u041c\u0435\u0434\u0432\u0435\u0452a\",\"description\":\"\",\"publisher\":{\"@id\":\"https:\\\/\\\/kt.gov.rs\\\/#organization\"},\"alternateName\":\"\u041a\u043e\u043e\u0440\u0434\u0438\u043d\u0430\u0446\u0438\u043e\u043d\u043e \u0442\u0435\u043b\u043e\",\"potentialAction\":[{\"@type\":\"SearchAction\",\"target\":{\"@type\":\"EntryPoint\",\"urlTemplate\":\"https:\\\/\\\/kt.gov.rs\\\/?s={search_term_string}\"},\"query-input\":{\"@type\":\"PropertyValueSpecification\",\"valueRequired\":true,\"valueName\":\"search_term_string\"}}],\"inLanguage\":\"sq-AL\"},{\"@type\":\"Organization\",\"@id\":\"https:\\\/\\\/kt.gov.rs\\\/#organization\",\"name\":\"\u041a\u043e\u043e\u0440\u0434\u0438\u043d\u0430\u0446\u0438\u043e\u043d\u043e \u0442\u0435\u043b\u043e \u0412\u043b\u0430\u0434\u0435 \u0420\u0435\u043f\u0443\u0431\u043b\u0438\u043a\u0435 \u0421\u0440\u0431\u0438\u0458\u0435 \u0437\u0430 \u043e\u043f\u0448\u0442\u0438\u043d\u0435 \u041f\u0440\u0435\u0448\u0435\u0432\u043e, \u0411\u0443\u0458\u0430\u043d\u043e\u0432\u0430\u0446 \u0438 \u041c\u0435\u0434\u0432\u0435\u0452a\",\"alternateName\":\"\u041a\u043e\u043e\u0440\u0434\u0438\u043d\u0430\u0446\u0438\u043e\u043d\u043e \u0442\u0435\u043b\u043e\",\"url\":\"https:\\\/\\\/kt.gov.rs\\\/\",\"logo\":{\"@type\":\"ImageObject\",\"inLanguage\":\"sq-AL\",\"@id\":\"https:\\\/\\\/kt.gov.rs\\\/#\\\/schema\\\/logo\\\/image\\\/\",\"url\":\"https:\\\/\\\/kt.gov.rs\\\/wp-content\\\/uploads\\\/2024\\\/12\\\/koord2.jpg\",\"contentUrl\":\"https:\\\/\\\/kt.gov.rs\\\/wp-content\\\/uploads\\\/2024\\\/12\\\/koord2.jpg\",\"width\":640,\"height\":480,\"caption\":\"\u041a\u043e\u043e\u0440\u0434\u0438\u043d\u0430\u0446\u0438\u043e\u043d\u043e \u0442\u0435\u043b\u043e \u0412\u043b\u0430\u0434\u0435 \u0420\u0435\u043f\u0443\u0431\u043b\u0438\u043a\u0435 \u0421\u0440\u0431\u0438\u0458\u0435 \u0437\u0430 \u043e\u043f\u0448\u0442\u0438\u043d\u0435 \u041f\u0440\u0435\u0448\u0435\u0432\u043e, \u0411\u0443\u0458\u0430\u043d\u043e\u0432\u0430\u0446 \u0438 \u041c\u0435\u0434\u0432\u0435\u0452a\"},\"image\":{\"@id\":\"https:\\\/\\\/kt.gov.rs\\\/#\\\/schema\\\/logo\\\/image\\\/\"},\"sameAs\":[\"https:\\\/\\\/www.facebook.com\\\/SluzbaKoordinacionogTelaVladeRepublikeSrbije\",\"https:\\\/\\\/x.com\\\/kt_gov\",\"https:\\\/\\\/www.youtube.com\\\/@koordinacionotelo\"]},{\"@type\":\"Person\",\"@id\":\"https:\\\/\\\/kt.gov.rs\\\/#\\\/schema\\\/person\\\/e426459ddb4173309103390602694571\",\"name\":\"ktmin\",\"image\":{\"@type\":\"ImageObject\",\"inLanguage\":\"sq-AL\",\"@id\":\"https:\\\/\\\/secure.gravatar.com\\\/avatar\\\/3985c961109853010c3fbc7ba30365bfba5db3dd6c525831d9c595c7525a615a?s=96&d=mm&r=g\",\"url\":\"https:\\\/\\\/secure.gravatar.com\\\/avatar\\\/3985c961109853010c3fbc7ba30365bfba5db3dd6c525831d9c595c7525a615a?s=96&d=mm&r=g\",\"contentUrl\":\"https:\\\/\\\/secure.gravatar.com\\\/avatar\\\/3985c961109853010c3fbc7ba30365bfba5db3dd6c525831d9c595c7525a615a?s=96&d=mm&r=g\",\"caption\":\"ktmin\"},\"sameAs\":[\"https:\\\/\\\/kt.gov.rs\"],\"url\":\"https:\\\/\\\/kt.gov.rs\\\/sq\\\/author\\\/ktmin\\\/\"}]}<\/script>\n<!-- \/ Yoast SEO plugin. -->","yoast_head_json":{"title":"MISIONI I OSBE-S\u00cb N\u00cb SERBI \u00cbSHT\u00cb I K\u00cbNAQUR ME MARR\u00cbVESHJET E ARRITURA N\u00cb DIALOGUN SOCIAL - Republika e S\u00ebrbis\u00eb Trupi Koordinues p\u00ebr komunat Bujanoc, Preshev\u00eb dhe Medvegj\u00eb","robots":{"index":"index","follow":"follow","max-snippet":"max-snippet:-1","max-image-preview":"max-image-preview:large","max-video-preview":"max-video-preview:-1"},"canonical":"https:\/\/kt.gov.rs\/sq\/misioni-i-osbe-se-ne-serbi-eshte-i-kenaqur-me-marreveshjet-e-arritura-ne-dialogun-social\/","og_locale":"sq_AL","og_type":"article","og_title":"MISIONI I OSBE-S\u00cb N\u00cb SERBI \u00cbSHT\u00cb I K\u00cbNAQUR ME MARR\u00cbVESHJET E ARRITURA N\u00cb DIALOGUN SOCIAL - Republika e S\u00ebrbis\u00eb Trupi Koordinues p\u00ebr komunat Bujanoc, Preshev\u00eb dhe Medvegj\u00eb","og_description":"Beograd\u00a0- Misioni i OSBE-s\u00eb n\u00eb Serbi vler\u00ebsoi p\u00ebrparimin e b\u00ebr\u00eb nga p\u00ebrfaq\u00ebsuesit\u00a0 e qeveris\u00eb\u00a0s\u00eb Serbis\u00eb dhe K\u00ebshillit\u00a0nacional t\u00eb pakic\u00ebs \u00a0shqiptare \u00a0n\u00eb tekstet shkollore n\u00eb gjuh\u00ebn shqipe.","og_url":"https:\/\/kt.gov.rs\/sq\/misioni-i-osbe-se-ne-serbi-eshte-i-kenaqur-me-marreveshjet-e-arritura-ne-dialogun-social\/","og_site_name":"Republika e S\u00ebrbis\u00eb Trupi Koordinues p\u00ebr komunat Bujanoc, Preshev\u00eb dhe Medvegj\u00eb","article_publisher":"https:\/\/www.facebook.com\/SluzbaKoordinacionogTelaVladeRepublikeSrbije","article_published_time":"2021-11-23T00:00:00+00:00","article_modified_time":"2024-07-30T17:58:47+00:00","og_image":[{"width":315,"height":230,"url":"https:\/\/kt.gov.rs\/wp-content\/uploads\/2024\/07\/1637660476_231121_1-3.jpg","type":"image\/jpeg"}],"author":"ktmin","twitter_card":"summary_large_image","twitter_creator":"@kt_gov","twitter_site":"@kt_gov","twitter_misc":{"Written by":"ktmin","Est. reading time":"2 minutes"},"schema":{"@context":"https:\/\/schema.org","@graph":[{"@type":"Article","@id":"https:\/\/kt.gov.rs\/sq\/misioni-i-osbe-se-ne-serbi-eshte-i-kenaqur-me-marreveshjet-e-arritura-ne-dialogun-social\/#article","isPartOf":{"@id":"https:\/\/kt.gov.rs\/sq\/misioni-i-osbe-se-ne-serbi-eshte-i-kenaqur-me-marreveshjet-e-arritura-ne-dialogun-social\/"},"author":{"name":"ktmin","@id":"https:\/\/kt.gov.rs\/#\/schema\/person\/e426459ddb4173309103390602694571"},"headline":"MISIONI I OSBE-S\u00cb N\u00cb SERBI \u00cbSHT\u00cb I K\u00cbNAQUR ME MARR\u00cbVESHJET E ARRITURA N\u00cb DIALOGUN SOCIAL","datePublished":"2021-11-23T00:00:00+00:00","dateModified":"2024-07-30T17:58:47+00:00","mainEntityOfPage":{"@id":"https:\/\/kt.gov.rs\/sq\/misioni-i-osbe-se-ne-serbi-eshte-i-kenaqur-me-marreveshjet-e-arritura-ne-dialogun-social\/"},"wordCount":451,"publisher":{"@id":"https:\/\/kt.gov.rs\/#organization"},"image":{"@id":"https:\/\/kt.gov.rs\/sq\/misioni-i-osbe-se-ne-serbi-eshte-i-kenaqur-me-marreveshjet-e-arritura-ne-dialogun-social\/#primaryimage"},"thumbnailUrl":"https:\/\/kt.gov.rs\/wp-content\/uploads\/2024\/07\/1637660476_231121_1-3.jpg","articleSection":["Lajme"],"inLanguage":"sq-AL"},{"@type":"WebPage","@id":"https:\/\/kt.gov.rs\/sq\/misioni-i-osbe-se-ne-serbi-eshte-i-kenaqur-me-marreveshjet-e-arritura-ne-dialogun-social\/","url":"https:\/\/kt.gov.rs\/sq\/misioni-i-osbe-se-ne-serbi-eshte-i-kenaqur-me-marreveshjet-e-arritura-ne-dialogun-social\/","name":"MISIONI I OSBE-S\u00cb N\u00cb SERBI \u00cbSHT\u00cb I K\u00cbNAQUR ME MARR\u00cbVESHJET E ARRITURA N\u00cb DIALOGUN SOCIAL - Republika e S\u00ebrbis\u00eb Trupi Koordinues p\u00ebr komunat Bujanoc, Preshev\u00eb dhe Medvegj\u00eb","isPartOf":{"@id":"https:\/\/kt.gov.rs\/#website"},"primaryImageOfPage":{"@id":"https:\/\/kt.gov.rs\/sq\/misioni-i-osbe-se-ne-serbi-eshte-i-kenaqur-me-marreveshjet-e-arritura-ne-dialogun-social\/#primaryimage"},"image":{"@id":"https:\/\/kt.gov.rs\/sq\/misioni-i-osbe-se-ne-serbi-eshte-i-kenaqur-me-marreveshjet-e-arritura-ne-dialogun-social\/#primaryimage"},"thumbnailUrl":"https:\/\/kt.gov.rs\/wp-content\/uploads\/2024\/07\/1637660476_231121_1-3.jpg","datePublished":"2021-11-23T00:00:00+00:00","dateModified":"2024-07-30T17:58:47+00:00","breadcrumb":{"@id":"https:\/\/kt.gov.rs\/sq\/misioni-i-osbe-se-ne-serbi-eshte-i-kenaqur-me-marreveshjet-e-arritura-ne-dialogun-social\/#breadcrumb"},"inLanguage":"sq-AL","potentialAction":[{"@type":"ReadAction","target":["https:\/\/kt.gov.rs\/sq\/misioni-i-osbe-se-ne-serbi-eshte-i-kenaqur-me-marreveshjet-e-arritura-ne-dialogun-social\/"]}]},{"@type":"ImageObject","inLanguage":"sq-AL","@id":"https:\/\/kt.gov.rs\/sq\/misioni-i-osbe-se-ne-serbi-eshte-i-kenaqur-me-marreveshjet-e-arritura-ne-dialogun-social\/#primaryimage","url":"https:\/\/kt.gov.rs\/wp-content\/uploads\/2024\/07\/1637660476_231121_1-3.jpg","contentUrl":"https:\/\/kt.gov.rs\/wp-content\/uploads\/2024\/07\/1637660476_231121_1-3.jpg","width":315,"height":230},{"@type":"BreadcrumbList","@id":"https:\/\/kt.gov.rs\/sq\/misioni-i-osbe-se-ne-serbi-eshte-i-kenaqur-me-marreveshjet-e-arritura-ne-dialogun-social\/#breadcrumb","itemListElement":[{"@type":"ListItem","position":1,"name":"\u041f\u043e\u0447\u0435\u0442\u043d\u0430","item":"https:\/\/kt.gov.rs\/sq\/"},{"@type":"ListItem","position":2,"name":"MISIONI I OSBE-S\u00cb N\u00cb SERBI \u00cbSHT\u00cb I K\u00cbNAQUR ME MARR\u00cbVESHJET E ARRITURA N\u00cb DIALOGUN SOCIAL"}]},{"@type":"WebSite","@id":"https:\/\/kt.gov.rs\/#website","url":"https:\/\/kt.gov.rs\/","name":"\u041a\u043e\u043e\u0440\u0434\u0438\u043d\u0430\u0446\u0438\u043e\u043d\u043e \u0442\u0435\u043b\u043e \u0412\u043b\u0430\u0434\u0435 \u0420\u0435\u043f\u0443\u0431\u043b\u0438\u043a\u0435 \u0421\u0440\u0431\u0438\u0458\u0435 \u0437\u0430 \u043e\u043f\u0448\u0442\u0438\u043d\u0435 \u041f\u0440\u0435\u0448\u0435\u0432\u043e, \u0411\u0443\u0458\u0430\u043d\u043e\u0432\u0430\u0446 \u0438 \u041c\u0435\u0434\u0432\u0435\u0452a","description":"","publisher":{"@id":"https:\/\/kt.gov.rs\/#organization"},"alternateName":"\u041a\u043e\u043e\u0440\u0434\u0438\u043d\u0430\u0446\u0438\u043e\u043d\u043e \u0442\u0435\u043b\u043e","potentialAction":[{"@type":"SearchAction","target":{"@type":"EntryPoint","urlTemplate":"https:\/\/kt.gov.rs\/?s={search_term_string}"},"query-input":{"@type":"PropertyValueSpecification","valueRequired":true,"valueName":"search_term_string"}}],"inLanguage":"sq-AL"},{"@type":"Organization","@id":"https:\/\/kt.gov.rs\/#organization","name":"\u041a\u043e\u043e\u0440\u0434\u0438\u043d\u0430\u0446\u0438\u043e\u043d\u043e \u0442\u0435\u043b\u043e \u0412\u043b\u0430\u0434\u0435 \u0420\u0435\u043f\u0443\u0431\u043b\u0438\u043a\u0435 \u0421\u0440\u0431\u0438\u0458\u0435 \u0437\u0430 \u043e\u043f\u0448\u0442\u0438\u043d\u0435 \u041f\u0440\u0435\u0448\u0435\u0432\u043e, \u0411\u0443\u0458\u0430\u043d\u043e\u0432\u0430\u0446 \u0438 \u041c\u0435\u0434\u0432\u0435\u0452a","alternateName":"\u041a\u043e\u043e\u0440\u0434\u0438\u043d\u0430\u0446\u0438\u043e\u043d\u043e \u0442\u0435\u043b\u043e","url":"https:\/\/kt.gov.rs\/","logo":{"@type":"ImageObject","inLanguage":"sq-AL","@id":"https:\/\/kt.gov.rs\/#\/schema\/logo\/image\/","url":"https:\/\/kt.gov.rs\/wp-content\/uploads\/2024\/12\/koord2.jpg","contentUrl":"https:\/\/kt.gov.rs\/wp-content\/uploads\/2024\/12\/koord2.jpg","width":640,"height":480,"caption":"\u041a\u043e\u043e\u0440\u0434\u0438\u043d\u0430\u0446\u0438\u043e\u043d\u043e \u0442\u0435\u043b\u043e \u0412\u043b\u0430\u0434\u0435 \u0420\u0435\u043f\u0443\u0431\u043b\u0438\u043a\u0435 \u0421\u0440\u0431\u0438\u0458\u0435 \u0437\u0430 \u043e\u043f\u0448\u0442\u0438\u043d\u0435 \u041f\u0440\u0435\u0448\u0435\u0432\u043e, \u0411\u0443\u0458\u0430\u043d\u043e\u0432\u0430\u0446 \u0438 \u041c\u0435\u0434\u0432\u0435\u0452a"},"image":{"@id":"https:\/\/kt.gov.rs\/#\/schema\/logo\/image\/"},"sameAs":["https:\/\/www.facebook.com\/SluzbaKoordinacionogTelaVladeRepublikeSrbije","https:\/\/x.com\/kt_gov","https:\/\/www.youtube.com\/@koordinacionotelo"]},{"@type":"Person","@id":"https:\/\/kt.gov.rs\/#\/schema\/person\/e426459ddb4173309103390602694571","name":"ktmin","image":{"@type":"ImageObject","inLanguage":"sq-AL","@id":"https:\/\/secure.gravatar.com\/avatar\/3985c961109853010c3fbc7ba30365bfba5db3dd6c525831d9c595c7525a615a?s=96&d=mm&r=g","url":"https:\/\/secure.gravatar.com\/avatar\/3985c961109853010c3fbc7ba30365bfba5db3dd6c525831d9c595c7525a615a?s=96&d=mm&r=g","contentUrl":"https:\/\/secure.gravatar.com\/avatar\/3985c961109853010c3fbc7ba30365bfba5db3dd6c525831d9c595c7525a615a?s=96&d=mm&r=g","caption":"ktmin"},"sameAs":["https:\/\/kt.gov.rs"],"url":"https:\/\/kt.gov.rs\/sq\/author\/ktmin\/"}]}},"_links":{"self":[{"href":"https:\/\/kt.gov.rs\/sq\/wp-json\/wp\/v2\/posts\/108800","targetHints":{"allow":["GET"]}}],"collection":[{"href":"https:\/\/kt.gov.rs\/sq\/wp-json\/wp\/v2\/posts"}],"about":[{"href":"https:\/\/kt.gov.rs\/sq\/wp-json\/wp\/v2\/types\/post"}],"author":[{"embeddable":true,"href":"https:\/\/kt.gov.rs\/sq\/wp-json\/wp\/v2\/users\/1"}],"replies":[{"embeddable":true,"href":"https:\/\/kt.gov.rs\/sq\/wp-json\/wp\/v2\/comments?post=108800"}],"version-history":[{"count":1,"href":"https:\/\/kt.gov.rs\/sq\/wp-json\/wp\/v2\/posts\/108800\/revisions"}],"predecessor-version":[{"id":108804,"href":"https:\/\/kt.gov.rs\/sq\/wp-json\/wp\/v2\/posts\/108800\/revisions\/108804"}],"wp:featuredmedia":[{"embeddable":true,"href":"https:\/\/kt.gov.rs\/sq\/wp-json\/wp\/v2\/media\/108805"}],"wp:attachment":[{"href":"https:\/\/kt.gov.rs\/sq\/wp-json\/wp\/v2\/media?parent=108800"}],"wp:term":[{"taxonomy":"category","embeddable":true,"href":"https:\/\/kt.gov.rs\/sq\/wp-json\/wp\/v2\/categories?post=108800"},{"taxonomy":"post_tag","embeddable":true,"href":"https:\/\/kt.gov.rs\/sq\/wp-json\/wp\/v2\/tags?post=108800"}],"curies":[{"name":"wp","href":"https:\/\/api.w.org\/{rel}","templated":true}]}}