{"id":108778,"date":"2021-11-24T00:00:00","date_gmt":"2021-11-24T00:00:00","guid":{"rendered":"http:\/\/kt.printandscreen.rs\/ministri-vanja-udoviciq-ne-bujanoc-pajisje-per-shkollat-dhe-klubet\/"},"modified":"2024-07-30T17:58:45","modified_gmt":"2024-07-30T17:58:45","slug":"ministri-vanja-udoviciq-ne-bujanoc-pajisje-per-shkollat-dhe-klubet","status":"publish","type":"post","link":"https:\/\/kt.gov.rs\/sq\/ministri-vanja-udoviciq-ne-bujanoc-pajisje-per-shkollat-dhe-klubet\/","title":{"rendered":"MINISTRI VANJA UDOVI\u00c7IQ N\u00cb BUJANOC: PAJISJE P\u00cbR SHKOLLAT DHE KLUBET"},"content":{"rendered":"<p>\n\t<strong><img decoding=\"async\" alt=\"\" src=\"https:\/\/kt.gov.rs\/wp-content\/uploads\/2024\/07\/1637747515_221121_1v-2.jpg\" style=\"width: 640px; height: 360px;\" \/><\/strong><\/p>\n<p style=\"margin-left:-.1pt;\">\n\t<strong>Bujanoc \u2013 Beograd<\/strong> \u2013 Ministri i rinis\u00eb dhe sportit, Vanja Udovi\u00e7iq, ka vizituar disa shkolla fillore dhe t\u00eb mesme n\u00eb Bujanoc, Klubin e futbollit BSK, Klubin e Basketbollit Play 017 dhe Qendr\u00ebn Sportive Mladost. Gjat\u00eb vizit\u00ebs u dor\u00ebzuan donacione nga ministria n\u00eb form\u00eb pajisje sportive, rekuizita, topa, kosha, rrjeta volejbolli.<\/p>\n<p style=\"margin-left:-.1pt;\">\n\tMinistrin e ka pritur n\u00eb shkoll\u00ebn e mesme \u201cSezai Suroi\u201d kryetari i komun\u00ebs s\u00eb Bujanocit, Nagip Arifi.<\/p>\n<p style=\"margin-left:-.1pt;\">\n\tSi\u00e7 theksoi ministri, ndihma p\u00ebr klubet vendore n\u00eb sinergji me komun\u00ebn dhe biznesmen\u00ebt \u00ebsht\u00eb synimi kryesor i k\u00ebsaj vizite.<\/p>\n<p style=\"margin-left:-.1pt;\">\n\t\u201cD\u00ebshira jon\u00eb \u00ebsht\u00eb q\u00eb p\u00ebrmes nd\u00ebrrimit t\u00eb pajisjeve sportive dhe infrastruktur\u00ebs sportive t\u00eb ndihmojm\u00eb zhvillimin e sportit vendor. K\u00ebshtu q\u00eb klubet t\u00eb ken\u00eb kushte m\u00eb t\u00eb mira, por edhe nx\u00ebn\u00ebsit n\u00eb palestra t\u00eb ken\u00eb kushte m\u00eb t\u00eb mira\u201d, tha ministri.<\/p>\n<p>\n\t<img decoding=\"async\" alt=\"\" src=\"https:\/\/kt.gov.rs\/wp-content\/uploads\/2024\/07\/1637747528_221121_2v-1.jpg\" style=\"width: 640px; height: 360px;\" \/><\/p>\n<p style=\"margin-left:-.1pt;\">\n\tKrahas infrastruktur\u00ebs sportive, ministri si problem m\u00eb t\u00eb madh vuri n\u00eb dukje sistemin e financimit.<\/p>\n<p style=\"margin-left:-.1pt;\">\n\tUdovi\u00e7iq thot\u00eb se 2.36 p\u00ebr qind e buxhetit komunal \u00ebsht\u00eb ndar\u00eb p\u00ebr sport. Dometh\u00ebn\u00eb rreth 30,5 milion\u00eb dinar\u00eb, prej t\u00eb cilave 24 milion\u00eb realisht shpenzohen p\u00ebr financimin vjetor t\u00eb Qendr\u00ebs Sportive \u201cMladost\u201d (pagat e pun\u00ebtor\u00ebve dhe shpenzimet tjera), dhe vet\u00ebm 6,5 p\u00ebr klubet.<\/p>\n<p style=\"margin-left:-.1pt;\">\n\t\u201cFakti \u00ebsht\u00eb se 2.36 p\u00ebr qind e buxhetit komunal \u00ebsht\u00eb ndar\u00eb p\u00ebr sport dhe kjo nuk \u00ebsht\u00eb as m\u00eb e pakta e as m\u00eb e shumta. Mesatarja evropiane \u00ebsht\u00eb 2-5 p\u00ebr qind. \u201cN\u00eb raport me buxhetet, komuna ndan her\u00eb m\u00eb pak, her\u00eb m\u00eb shum\u00eb\u201d, tha ministri.<\/p>\n<p style=\"margin-left:-.1pt;\">\n\tAi theksoi se ministria nuk ndikon n\u00eb vendimet e vet\u00ebqeverisjes lokale, por se ekziston d\u00ebshira p\u00ebr t\u00eb sugjeruar dhe motivuar ekonomin\u00eb dhe individ\u00ebt p\u00ebr t\u00eb ndihmuar klubet vendore.<\/p>\n<p style=\"margin-left:-.1pt;\">\n\t\u201cTendenca jon\u00eb \u00ebsht\u00eb q\u00eb t&#39;i ndihmojm\u00eb klubet p\u00ebrmes shqyrtimit dhe pun\u00ebs s\u00eb p\u00ebrbashk\u00ebt, p\u00ebrmes financimit t\u00eb programeve dhe projekteve t\u00eb caktuara\u201d, thot\u00eb ministri.<\/p>\n<p style=\"margin-left:-.1pt;\">\n\tBoban Stojanoviq, drejtor i Klubit t\u00eb Futbollit BSK, thot\u00eb se v\u00ebshtir\u00ebsit\u00eb n\u00eb financimin e klubit i jan\u00eb paraqitur ministrit si problem kryesor.<\/p>\n<p style=\"margin-left:-.1pt;\">\n\t\u201cBurimet financiare dhe mungesa e pajisjeve si gola, topa dhe rekuizita t\u00eb tjera e shqet\u00ebsojn\u00eb m\u00eb s\u00eb shumti klubin ton\u00eb dhe k\u00ebrkuam ndihm\u00eb nga ministri p\u00ebr ato \u00e7\u00ebshtje dhe ai na siguroi se do t\u00eb merrnim at\u00eb q\u00eb k\u00ebrkuam\u201d. D\u00ebshira jon\u00eb \u00ebsht\u00eb edhe nj\u00eb sall\u00eb e mbuluar, por ministria nuk mund t\u00eb na ndihmoj\u00eb p\u00ebr at\u00eb \u00e7\u00ebshtje, sepse si\u00e7 na than\u00eb nuk financojn\u00eb objektet e montuara\u201d, thot\u00eb Stojanoviq.<\/p>\n<p>\n\t<img decoding=\"async\" alt=\"\" src=\"https:\/\/kt.gov.rs\/wp-content\/uploads\/2024\/07\/1637747538_221121_3v-1.jpg\" style=\"width: 640px; height: 360px;\" \/><\/p>\n<p style=\"margin-left:-.1pt;\">\n\tNd\u00ebr shkollat \u200b\u200bq\u00eb kan\u00eb marr\u00eb pajisje dhe rekvizita sportive jan\u00eb shkolla fillore e Bujanocit &quot;Branko Radi\u00e7eviq&quot;, shkolla fillore &quot;Dragomir Trajkoviq&quot; Zhbevc dhe shkolla &quot;Vuk Karaxhiq&quot; n\u00eb Levosoj\u00eb.<\/p>\n<p style=\"margin-left:-.1pt;\">\n\tSipas bashk\u00ebpun\u00ebtor\u00ebve m\u00eb t\u00eb af\u00ebrt t\u00eb ministrit, vlera e donacioneve individuale \u00ebsht\u00eb deri n\u00eb 7 mij\u00eb euro.<\/p>\n<p style=\"margin-left:-.1pt;\">\n\t<strong>Burimi: Bujanova\u00e7ke dhe Trupi Koordinues<\/strong><\/p>\n<p>\n\t\u00a0<\/p>\n","protected":false},"excerpt":{"rendered":"<p>Bujanoc \u2013 Beograd\u00a0\u2013 Ministri i rinis\u00eb dhe sportit, Vanja Udovi\u00e7iq, ka vizituar disa shkolla fillore dhe t\u00eb mesme n\u00eb Bujanoc, Klubin e futbollit BSK, Klubin e Basketbollit Play 017 dhe Qendr\u00ebn Sportive Mladost. Gjat\u00eb vizit\u00ebs u dor\u00ebzuan donacione nga ministria n\u00eb form\u00eb pajisje sportive, rekuizita, topa, kosha, rrjeta volejbolli.<\/p>\n","protected":false},"author":1,"featured_media":108789,"comment_status":"closed","ping_status":"closed","sticky":false,"template":"","format":"standard","meta":{"footnotes":""},"categories":[55],"tags":[],"class_list":["post-108778","post","type-post","status-publish","format-standard","has-post-thumbnail","hentry","category-lajme"],"yoast_head":"<!-- This site is optimized with the Yoast SEO plugin v27.5 - https:\/\/yoast.com\/product\/yoast-seo-wordpress\/ -->\n<title>MINISTRI VANJA UDOVI\u00c7IQ N\u00cb BUJANOC: PAJISJE P\u00cbR SHKOLLAT DHE KLUBET - Republika e S\u00ebrbis\u00eb Trupi Koordinues p\u00ebr komunat Bujanoc, Preshev\u00eb dhe Medvegj\u00eb<\/title>\n<meta name=\"robots\" content=\"index, follow, max-snippet:-1, max-image-preview:large, max-video-preview:-1\" \/>\n<link rel=\"canonical\" href=\"https:\/\/kt.gov.rs\/sq\/ministri-vanja-udoviciq-ne-bujanoc-pajisje-per-shkollat-dhe-klubet\/\" \/>\n<meta property=\"og:locale\" content=\"sq_AL\" \/>\n<meta property=\"og:type\" content=\"article\" \/>\n<meta property=\"og:title\" content=\"MINISTRI VANJA UDOVI\u00c7IQ N\u00cb BUJANOC: PAJISJE P\u00cbR SHKOLLAT DHE KLUBET - Republika e S\u00ebrbis\u00eb Trupi Koordinues p\u00ebr komunat Bujanoc, Preshev\u00eb dhe Medvegj\u00eb\" \/>\n<meta property=\"og:description\" content=\"Bujanoc - Beograd\u00a0- Ministri i rinis\u00eb dhe sportit, Vanja Udovi\u00e7iq, ka vizituar disa shkolla fillore dhe t\u00eb mesme n\u00eb Bujanoc, Klubin e futbollit BSK, Klubin e Basketbollit Play 017 dhe Qendr\u00ebn Sportive Mladost. Gjat\u00eb vizit\u00ebs u dor\u00ebzuan donacione nga ministria n\u00eb form\u00eb pajisje sportive, rekuizita, topa, kosha, rrjeta volejbolli.\" \/>\n<meta property=\"og:url\" content=\"https:\/\/kt.gov.rs\/sq\/ministri-vanja-udoviciq-ne-bujanoc-pajisje-per-shkollat-dhe-klubet\/\" \/>\n<meta property=\"og:site_name\" content=\"Republika e S\u00ebrbis\u00eb Trupi Koordinues p\u00ebr komunat Bujanoc, Preshev\u00eb dhe Medvegj\u00eb\" \/>\n<meta property=\"article:publisher\" content=\"https:\/\/www.facebook.com\/SluzbaKoordinacionogTelaVladeRepublikeSrbije\" \/>\n<meta property=\"article:published_time\" content=\"2021-11-24T00:00:00+00:00\" \/>\n<meta property=\"article:modified_time\" content=\"2024-07-30T17:58:45+00:00\" \/>\n<meta property=\"og:image\" content=\"https:\/\/kt.gov.rs\/wp-content\/uploads\/2024\/07\/1637747515_221121_1v-3.jpg\" \/>\n\t<meta property=\"og:image:width\" content=\"640\" \/>\n\t<meta property=\"og:image:height\" content=\"360\" \/>\n\t<meta property=\"og:image:type\" content=\"image\/jpeg\" \/>\n<meta name=\"author\" content=\"ktmin\" \/>\n<meta name=\"twitter:card\" content=\"summary_large_image\" \/>\n<meta name=\"twitter:creator\" content=\"@kt_gov\" \/>\n<meta name=\"twitter:site\" content=\"@kt_gov\" \/>\n<meta name=\"twitter:label1\" content=\"Written by\" \/>\n\t<meta name=\"twitter:data1\" content=\"ktmin\" \/>\n\t<meta name=\"twitter:label2\" content=\"Est. reading time\" \/>\n\t<meta name=\"twitter:data2\" content=\"3 minutes\" \/>\n<script type=\"application\/ld+json\" class=\"yoast-schema-graph\">{\"@context\":\"https:\\\/\\\/schema.org\",\"@graph\":[{\"@type\":\"Article\",\"@id\":\"https:\\\/\\\/kt.gov.rs\\\/sq\\\/ministri-vanja-udoviciq-ne-bujanoc-pajisje-per-shkollat-dhe-klubet\\\/#article\",\"isPartOf\":{\"@id\":\"https:\\\/\\\/kt.gov.rs\\\/sq\\\/ministri-vanja-udoviciq-ne-bujanoc-pajisje-per-shkollat-dhe-klubet\\\/\"},\"author\":{\"name\":\"ktmin\",\"@id\":\"https:\\\/\\\/kt.gov.rs\\\/#\\\/schema\\\/person\\\/e426459ddb4173309103390602694571\"},\"headline\":\"MINISTRI VANJA UDOVI\u00c7IQ N\u00cb BUJANOC: PAJISJE P\u00cbR SHKOLLAT DHE KLUBET\",\"datePublished\":\"2021-11-24T00:00:00+00:00\",\"dateModified\":\"2024-07-30T17:58:45+00:00\",\"mainEntityOfPage\":{\"@id\":\"https:\\\/\\\/kt.gov.rs\\\/sq\\\/ministri-vanja-udoviciq-ne-bujanoc-pajisje-per-shkollat-dhe-klubet\\\/\"},\"wordCount\":674,\"publisher\":{\"@id\":\"https:\\\/\\\/kt.gov.rs\\\/#organization\"},\"image\":{\"@id\":\"https:\\\/\\\/kt.gov.rs\\\/sq\\\/ministri-vanja-udoviciq-ne-bujanoc-pajisje-per-shkollat-dhe-klubet\\\/#primaryimage\"},\"thumbnailUrl\":\"https:\\\/\\\/kt.gov.rs\\\/wp-content\\\/uploads\\\/2024\\\/07\\\/1637747515_221121_1v-3.jpg\",\"articleSection\":[\"Lajme\"],\"inLanguage\":\"sq-AL\"},{\"@type\":\"WebPage\",\"@id\":\"https:\\\/\\\/kt.gov.rs\\\/sq\\\/ministri-vanja-udoviciq-ne-bujanoc-pajisje-per-shkollat-dhe-klubet\\\/\",\"url\":\"https:\\\/\\\/kt.gov.rs\\\/sq\\\/ministri-vanja-udoviciq-ne-bujanoc-pajisje-per-shkollat-dhe-klubet\\\/\",\"name\":\"MINISTRI VANJA UDOVI\u00c7IQ N\u00cb BUJANOC: PAJISJE P\u00cbR SHKOLLAT DHE KLUBET - Republika e S\u00ebrbis\u00eb Trupi Koordinues p\u00ebr komunat Bujanoc, Preshev\u00eb dhe Medvegj\u00eb\",\"isPartOf\":{\"@id\":\"https:\\\/\\\/kt.gov.rs\\\/#website\"},\"primaryImageOfPage\":{\"@id\":\"https:\\\/\\\/kt.gov.rs\\\/sq\\\/ministri-vanja-udoviciq-ne-bujanoc-pajisje-per-shkollat-dhe-klubet\\\/#primaryimage\"},\"image\":{\"@id\":\"https:\\\/\\\/kt.gov.rs\\\/sq\\\/ministri-vanja-udoviciq-ne-bujanoc-pajisje-per-shkollat-dhe-klubet\\\/#primaryimage\"},\"thumbnailUrl\":\"https:\\\/\\\/kt.gov.rs\\\/wp-content\\\/uploads\\\/2024\\\/07\\\/1637747515_221121_1v-3.jpg\",\"datePublished\":\"2021-11-24T00:00:00+00:00\",\"dateModified\":\"2024-07-30T17:58:45+00:00\",\"breadcrumb\":{\"@id\":\"https:\\\/\\\/kt.gov.rs\\\/sq\\\/ministri-vanja-udoviciq-ne-bujanoc-pajisje-per-shkollat-dhe-klubet\\\/#breadcrumb\"},\"inLanguage\":\"sq-AL\",\"potentialAction\":[{\"@type\":\"ReadAction\",\"target\":[\"https:\\\/\\\/kt.gov.rs\\\/sq\\\/ministri-vanja-udoviciq-ne-bujanoc-pajisje-per-shkollat-dhe-klubet\\\/\"]}]},{\"@type\":\"ImageObject\",\"inLanguage\":\"sq-AL\",\"@id\":\"https:\\\/\\\/kt.gov.rs\\\/sq\\\/ministri-vanja-udoviciq-ne-bujanoc-pajisje-per-shkollat-dhe-klubet\\\/#primaryimage\",\"url\":\"https:\\\/\\\/kt.gov.rs\\\/wp-content\\\/uploads\\\/2024\\\/07\\\/1637747515_221121_1v-3.jpg\",\"contentUrl\":\"https:\\\/\\\/kt.gov.rs\\\/wp-content\\\/uploads\\\/2024\\\/07\\\/1637747515_221121_1v-3.jpg\",\"width\":640,\"height\":360},{\"@type\":\"BreadcrumbList\",\"@id\":\"https:\\\/\\\/kt.gov.rs\\\/sq\\\/ministri-vanja-udoviciq-ne-bujanoc-pajisje-per-shkollat-dhe-klubet\\\/#breadcrumb\",\"itemListElement\":[{\"@type\":\"ListItem\",\"position\":1,\"name\":\"\u041f\u043e\u0447\u0435\u0442\u043d\u0430\",\"item\":\"https:\\\/\\\/kt.gov.rs\\\/sq\\\/\"},{\"@type\":\"ListItem\",\"position\":2,\"name\":\"MINISTRI VANJA UDOVI\u00c7IQ N\u00cb BUJANOC: PAJISJE P\u00cbR SHKOLLAT DHE KLUBET\"}]},{\"@type\":\"WebSite\",\"@id\":\"https:\\\/\\\/kt.gov.rs\\\/#website\",\"url\":\"https:\\\/\\\/kt.gov.rs\\\/\",\"name\":\"\u041a\u043e\u043e\u0440\u0434\u0438\u043d\u0430\u0446\u0438\u043e\u043d\u043e \u0442\u0435\u043b\u043e \u0412\u043b\u0430\u0434\u0435 \u0420\u0435\u043f\u0443\u0431\u043b\u0438\u043a\u0435 \u0421\u0440\u0431\u0438\u0458\u0435 \u0437\u0430 \u043e\u043f\u0448\u0442\u0438\u043d\u0435 \u041f\u0440\u0435\u0448\u0435\u0432\u043e, \u0411\u0443\u0458\u0430\u043d\u043e\u0432\u0430\u0446 \u0438 \u041c\u0435\u0434\u0432\u0435\u0452a\",\"description\":\"\",\"publisher\":{\"@id\":\"https:\\\/\\\/kt.gov.rs\\\/#organization\"},\"alternateName\":\"\u041a\u043e\u043e\u0440\u0434\u0438\u043d\u0430\u0446\u0438\u043e\u043d\u043e \u0442\u0435\u043b\u043e\",\"potentialAction\":[{\"@type\":\"SearchAction\",\"target\":{\"@type\":\"EntryPoint\",\"urlTemplate\":\"https:\\\/\\\/kt.gov.rs\\\/?s={search_term_string}\"},\"query-input\":{\"@type\":\"PropertyValueSpecification\",\"valueRequired\":true,\"valueName\":\"search_term_string\"}}],\"inLanguage\":\"sq-AL\"},{\"@type\":\"Organization\",\"@id\":\"https:\\\/\\\/kt.gov.rs\\\/#organization\",\"name\":\"\u041a\u043e\u043e\u0440\u0434\u0438\u043d\u0430\u0446\u0438\u043e\u043d\u043e \u0442\u0435\u043b\u043e \u0412\u043b\u0430\u0434\u0435 \u0420\u0435\u043f\u0443\u0431\u043b\u0438\u043a\u0435 \u0421\u0440\u0431\u0438\u0458\u0435 \u0437\u0430 \u043e\u043f\u0448\u0442\u0438\u043d\u0435 \u041f\u0440\u0435\u0448\u0435\u0432\u043e, \u0411\u0443\u0458\u0430\u043d\u043e\u0432\u0430\u0446 \u0438 \u041c\u0435\u0434\u0432\u0435\u0452a\",\"alternateName\":\"\u041a\u043e\u043e\u0440\u0434\u0438\u043d\u0430\u0446\u0438\u043e\u043d\u043e \u0442\u0435\u043b\u043e\",\"url\":\"https:\\\/\\\/kt.gov.rs\\\/\",\"logo\":{\"@type\":\"ImageObject\",\"inLanguage\":\"sq-AL\",\"@id\":\"https:\\\/\\\/kt.gov.rs\\\/#\\\/schema\\\/logo\\\/image\\\/\",\"url\":\"https:\\\/\\\/kt.gov.rs\\\/wp-content\\\/uploads\\\/2024\\\/12\\\/koord2.jpg\",\"contentUrl\":\"https:\\\/\\\/kt.gov.rs\\\/wp-content\\\/uploads\\\/2024\\\/12\\\/koord2.jpg\",\"width\":640,\"height\":480,\"caption\":\"\u041a\u043e\u043e\u0440\u0434\u0438\u043d\u0430\u0446\u0438\u043e\u043d\u043e \u0442\u0435\u043b\u043e \u0412\u043b\u0430\u0434\u0435 \u0420\u0435\u043f\u0443\u0431\u043b\u0438\u043a\u0435 \u0421\u0440\u0431\u0438\u0458\u0435 \u0437\u0430 \u043e\u043f\u0448\u0442\u0438\u043d\u0435 \u041f\u0440\u0435\u0448\u0435\u0432\u043e, \u0411\u0443\u0458\u0430\u043d\u043e\u0432\u0430\u0446 \u0438 \u041c\u0435\u0434\u0432\u0435\u0452a\"},\"image\":{\"@id\":\"https:\\\/\\\/kt.gov.rs\\\/#\\\/schema\\\/logo\\\/image\\\/\"},\"sameAs\":[\"https:\\\/\\\/www.facebook.com\\\/SluzbaKoordinacionogTelaVladeRepublikeSrbije\",\"https:\\\/\\\/x.com\\\/kt_gov\",\"https:\\\/\\\/www.youtube.com\\\/@koordinacionotelo\"]},{\"@type\":\"Person\",\"@id\":\"https:\\\/\\\/kt.gov.rs\\\/#\\\/schema\\\/person\\\/e426459ddb4173309103390602694571\",\"name\":\"ktmin\",\"image\":{\"@type\":\"ImageObject\",\"inLanguage\":\"sq-AL\",\"@id\":\"https:\\\/\\\/secure.gravatar.com\\\/avatar\\\/3985c961109853010c3fbc7ba30365bfba5db3dd6c525831d9c595c7525a615a?s=96&d=mm&r=g\",\"url\":\"https:\\\/\\\/secure.gravatar.com\\\/avatar\\\/3985c961109853010c3fbc7ba30365bfba5db3dd6c525831d9c595c7525a615a?s=96&d=mm&r=g\",\"contentUrl\":\"https:\\\/\\\/secure.gravatar.com\\\/avatar\\\/3985c961109853010c3fbc7ba30365bfba5db3dd6c525831d9c595c7525a615a?s=96&d=mm&r=g\",\"caption\":\"ktmin\"},\"sameAs\":[\"https:\\\/\\\/kt.gov.rs\"],\"url\":\"https:\\\/\\\/kt.gov.rs\\\/sq\\\/author\\\/ktmin\\\/\"}]}<\/script>\n<!-- \/ Yoast SEO plugin. -->","yoast_head_json":{"title":"MINISTRI VANJA UDOVI\u00c7IQ N\u00cb BUJANOC: PAJISJE P\u00cbR SHKOLLAT DHE KLUBET - Republika e S\u00ebrbis\u00eb Trupi Koordinues p\u00ebr komunat Bujanoc, Preshev\u00eb dhe Medvegj\u00eb","robots":{"index":"index","follow":"follow","max-snippet":"max-snippet:-1","max-image-preview":"max-image-preview:large","max-video-preview":"max-video-preview:-1"},"canonical":"https:\/\/kt.gov.rs\/sq\/ministri-vanja-udoviciq-ne-bujanoc-pajisje-per-shkollat-dhe-klubet\/","og_locale":"sq_AL","og_type":"article","og_title":"MINISTRI VANJA UDOVI\u00c7IQ N\u00cb BUJANOC: PAJISJE P\u00cbR SHKOLLAT DHE KLUBET - Republika e S\u00ebrbis\u00eb Trupi Koordinues p\u00ebr komunat Bujanoc, Preshev\u00eb dhe Medvegj\u00eb","og_description":"Bujanoc - Beograd\u00a0- Ministri i rinis\u00eb dhe sportit, Vanja Udovi\u00e7iq, ka vizituar disa shkolla fillore dhe t\u00eb mesme n\u00eb Bujanoc, Klubin e futbollit BSK, Klubin e Basketbollit Play 017 dhe Qendr\u00ebn Sportive Mladost. Gjat\u00eb vizit\u00ebs u dor\u00ebzuan donacione nga ministria n\u00eb form\u00eb pajisje sportive, rekuizita, topa, kosha, rrjeta volejbolli.","og_url":"https:\/\/kt.gov.rs\/sq\/ministri-vanja-udoviciq-ne-bujanoc-pajisje-per-shkollat-dhe-klubet\/","og_site_name":"Republika e S\u00ebrbis\u00eb Trupi Koordinues p\u00ebr komunat Bujanoc, Preshev\u00eb dhe Medvegj\u00eb","article_publisher":"https:\/\/www.facebook.com\/SluzbaKoordinacionogTelaVladeRepublikeSrbije","article_published_time":"2021-11-24T00:00:00+00:00","article_modified_time":"2024-07-30T17:58:45+00:00","og_image":[{"width":640,"height":360,"url":"https:\/\/kt.gov.rs\/wp-content\/uploads\/2024\/07\/1637747515_221121_1v-3.jpg","type":"image\/jpeg"}],"author":"ktmin","twitter_card":"summary_large_image","twitter_creator":"@kt_gov","twitter_site":"@kt_gov","twitter_misc":{"Written by":"ktmin","Est. reading time":"3 minutes"},"schema":{"@context":"https:\/\/schema.org","@graph":[{"@type":"Article","@id":"https:\/\/kt.gov.rs\/sq\/ministri-vanja-udoviciq-ne-bujanoc-pajisje-per-shkollat-dhe-klubet\/#article","isPartOf":{"@id":"https:\/\/kt.gov.rs\/sq\/ministri-vanja-udoviciq-ne-bujanoc-pajisje-per-shkollat-dhe-klubet\/"},"author":{"name":"ktmin","@id":"https:\/\/kt.gov.rs\/#\/schema\/person\/e426459ddb4173309103390602694571"},"headline":"MINISTRI VANJA UDOVI\u00c7IQ N\u00cb BUJANOC: PAJISJE P\u00cbR SHKOLLAT DHE KLUBET","datePublished":"2021-11-24T00:00:00+00:00","dateModified":"2024-07-30T17:58:45+00:00","mainEntityOfPage":{"@id":"https:\/\/kt.gov.rs\/sq\/ministri-vanja-udoviciq-ne-bujanoc-pajisje-per-shkollat-dhe-klubet\/"},"wordCount":674,"publisher":{"@id":"https:\/\/kt.gov.rs\/#organization"},"image":{"@id":"https:\/\/kt.gov.rs\/sq\/ministri-vanja-udoviciq-ne-bujanoc-pajisje-per-shkollat-dhe-klubet\/#primaryimage"},"thumbnailUrl":"https:\/\/kt.gov.rs\/wp-content\/uploads\/2024\/07\/1637747515_221121_1v-3.jpg","articleSection":["Lajme"],"inLanguage":"sq-AL"},{"@type":"WebPage","@id":"https:\/\/kt.gov.rs\/sq\/ministri-vanja-udoviciq-ne-bujanoc-pajisje-per-shkollat-dhe-klubet\/","url":"https:\/\/kt.gov.rs\/sq\/ministri-vanja-udoviciq-ne-bujanoc-pajisje-per-shkollat-dhe-klubet\/","name":"MINISTRI VANJA UDOVI\u00c7IQ N\u00cb BUJANOC: PAJISJE P\u00cbR SHKOLLAT DHE KLUBET - Republika e S\u00ebrbis\u00eb Trupi Koordinues p\u00ebr komunat Bujanoc, Preshev\u00eb dhe Medvegj\u00eb","isPartOf":{"@id":"https:\/\/kt.gov.rs\/#website"},"primaryImageOfPage":{"@id":"https:\/\/kt.gov.rs\/sq\/ministri-vanja-udoviciq-ne-bujanoc-pajisje-per-shkollat-dhe-klubet\/#primaryimage"},"image":{"@id":"https:\/\/kt.gov.rs\/sq\/ministri-vanja-udoviciq-ne-bujanoc-pajisje-per-shkollat-dhe-klubet\/#primaryimage"},"thumbnailUrl":"https:\/\/kt.gov.rs\/wp-content\/uploads\/2024\/07\/1637747515_221121_1v-3.jpg","datePublished":"2021-11-24T00:00:00+00:00","dateModified":"2024-07-30T17:58:45+00:00","breadcrumb":{"@id":"https:\/\/kt.gov.rs\/sq\/ministri-vanja-udoviciq-ne-bujanoc-pajisje-per-shkollat-dhe-klubet\/#breadcrumb"},"inLanguage":"sq-AL","potentialAction":[{"@type":"ReadAction","target":["https:\/\/kt.gov.rs\/sq\/ministri-vanja-udoviciq-ne-bujanoc-pajisje-per-shkollat-dhe-klubet\/"]}]},{"@type":"ImageObject","inLanguage":"sq-AL","@id":"https:\/\/kt.gov.rs\/sq\/ministri-vanja-udoviciq-ne-bujanoc-pajisje-per-shkollat-dhe-klubet\/#primaryimage","url":"https:\/\/kt.gov.rs\/wp-content\/uploads\/2024\/07\/1637747515_221121_1v-3.jpg","contentUrl":"https:\/\/kt.gov.rs\/wp-content\/uploads\/2024\/07\/1637747515_221121_1v-3.jpg","width":640,"height":360},{"@type":"BreadcrumbList","@id":"https:\/\/kt.gov.rs\/sq\/ministri-vanja-udoviciq-ne-bujanoc-pajisje-per-shkollat-dhe-klubet\/#breadcrumb","itemListElement":[{"@type":"ListItem","position":1,"name":"\u041f\u043e\u0447\u0435\u0442\u043d\u0430","item":"https:\/\/kt.gov.rs\/sq\/"},{"@type":"ListItem","position":2,"name":"MINISTRI VANJA UDOVI\u00c7IQ N\u00cb BUJANOC: PAJISJE P\u00cbR SHKOLLAT DHE KLUBET"}]},{"@type":"WebSite","@id":"https:\/\/kt.gov.rs\/#website","url":"https:\/\/kt.gov.rs\/","name":"\u041a\u043e\u043e\u0440\u0434\u0438\u043d\u0430\u0446\u0438\u043e\u043d\u043e \u0442\u0435\u043b\u043e \u0412\u043b\u0430\u0434\u0435 \u0420\u0435\u043f\u0443\u0431\u043b\u0438\u043a\u0435 \u0421\u0440\u0431\u0438\u0458\u0435 \u0437\u0430 \u043e\u043f\u0448\u0442\u0438\u043d\u0435 \u041f\u0440\u0435\u0448\u0435\u0432\u043e, \u0411\u0443\u0458\u0430\u043d\u043e\u0432\u0430\u0446 \u0438 \u041c\u0435\u0434\u0432\u0435\u0452a","description":"","publisher":{"@id":"https:\/\/kt.gov.rs\/#organization"},"alternateName":"\u041a\u043e\u043e\u0440\u0434\u0438\u043d\u0430\u0446\u0438\u043e\u043d\u043e \u0442\u0435\u043b\u043e","potentialAction":[{"@type":"SearchAction","target":{"@type":"EntryPoint","urlTemplate":"https:\/\/kt.gov.rs\/?s={search_term_string}"},"query-input":{"@type":"PropertyValueSpecification","valueRequired":true,"valueName":"search_term_string"}}],"inLanguage":"sq-AL"},{"@type":"Organization","@id":"https:\/\/kt.gov.rs\/#organization","name":"\u041a\u043e\u043e\u0440\u0434\u0438\u043d\u0430\u0446\u0438\u043e\u043d\u043e \u0442\u0435\u043b\u043e \u0412\u043b\u0430\u0434\u0435 \u0420\u0435\u043f\u0443\u0431\u043b\u0438\u043a\u0435 \u0421\u0440\u0431\u0438\u0458\u0435 \u0437\u0430 \u043e\u043f\u0448\u0442\u0438\u043d\u0435 \u041f\u0440\u0435\u0448\u0435\u0432\u043e, \u0411\u0443\u0458\u0430\u043d\u043e\u0432\u0430\u0446 \u0438 \u041c\u0435\u0434\u0432\u0435\u0452a","alternateName":"\u041a\u043e\u043e\u0440\u0434\u0438\u043d\u0430\u0446\u0438\u043e\u043d\u043e \u0442\u0435\u043b\u043e","url":"https:\/\/kt.gov.rs\/","logo":{"@type":"ImageObject","inLanguage":"sq-AL","@id":"https:\/\/kt.gov.rs\/#\/schema\/logo\/image\/","url":"https:\/\/kt.gov.rs\/wp-content\/uploads\/2024\/12\/koord2.jpg","contentUrl":"https:\/\/kt.gov.rs\/wp-content\/uploads\/2024\/12\/koord2.jpg","width":640,"height":480,"caption":"\u041a\u043e\u043e\u0440\u0434\u0438\u043d\u0430\u0446\u0438\u043e\u043d\u043e \u0442\u0435\u043b\u043e \u0412\u043b\u0430\u0434\u0435 \u0420\u0435\u043f\u0443\u0431\u043b\u0438\u043a\u0435 \u0421\u0440\u0431\u0438\u0458\u0435 \u0437\u0430 \u043e\u043f\u0448\u0442\u0438\u043d\u0435 \u041f\u0440\u0435\u0448\u0435\u0432\u043e, \u0411\u0443\u0458\u0430\u043d\u043e\u0432\u0430\u0446 \u0438 \u041c\u0435\u0434\u0432\u0435\u0452a"},"image":{"@id":"https:\/\/kt.gov.rs\/#\/schema\/logo\/image\/"},"sameAs":["https:\/\/www.facebook.com\/SluzbaKoordinacionogTelaVladeRepublikeSrbije","https:\/\/x.com\/kt_gov","https:\/\/www.youtube.com\/@koordinacionotelo"]},{"@type":"Person","@id":"https:\/\/kt.gov.rs\/#\/schema\/person\/e426459ddb4173309103390602694571","name":"ktmin","image":{"@type":"ImageObject","inLanguage":"sq-AL","@id":"https:\/\/secure.gravatar.com\/avatar\/3985c961109853010c3fbc7ba30365bfba5db3dd6c525831d9c595c7525a615a?s=96&d=mm&r=g","url":"https:\/\/secure.gravatar.com\/avatar\/3985c961109853010c3fbc7ba30365bfba5db3dd6c525831d9c595c7525a615a?s=96&d=mm&r=g","contentUrl":"https:\/\/secure.gravatar.com\/avatar\/3985c961109853010c3fbc7ba30365bfba5db3dd6c525831d9c595c7525a615a?s=96&d=mm&r=g","caption":"ktmin"},"sameAs":["https:\/\/kt.gov.rs"],"url":"https:\/\/kt.gov.rs\/sq\/author\/ktmin\/"}]}},"_links":{"self":[{"href":"https:\/\/kt.gov.rs\/sq\/wp-json\/wp\/v2\/posts\/108778","targetHints":{"allow":["GET"]}}],"collection":[{"href":"https:\/\/kt.gov.rs\/sq\/wp-json\/wp\/v2\/posts"}],"about":[{"href":"https:\/\/kt.gov.rs\/sq\/wp-json\/wp\/v2\/types\/post"}],"author":[{"embeddable":true,"href":"https:\/\/kt.gov.rs\/sq\/wp-json\/wp\/v2\/users\/1"}],"replies":[{"embeddable":true,"href":"https:\/\/kt.gov.rs\/sq\/wp-json\/wp\/v2\/comments?post=108778"}],"version-history":[{"count":1,"href":"https:\/\/kt.gov.rs\/sq\/wp-json\/wp\/v2\/posts\/108778\/revisions"}],"predecessor-version":[{"id":108788,"href":"https:\/\/kt.gov.rs\/sq\/wp-json\/wp\/v2\/posts\/108778\/revisions\/108788"}],"wp:featuredmedia":[{"embeddable":true,"href":"https:\/\/kt.gov.rs\/sq\/wp-json\/wp\/v2\/media\/108789"}],"wp:attachment":[{"href":"https:\/\/kt.gov.rs\/sq\/wp-json\/wp\/v2\/media?parent=108778"}],"wp:term":[{"taxonomy":"category","embeddable":true,"href":"https:\/\/kt.gov.rs\/sq\/wp-json\/wp\/v2\/categories?post=108778"},{"taxonomy":"post_tag","embeddable":true,"href":"https:\/\/kt.gov.rs\/sq\/wp-json\/wp\/v2\/tags?post=108778"}],"curies":[{"name":"wp","href":"https:\/\/api.w.org\/{rel}","templated":true}]}}