{"id":108770,"date":"2021-11-25T00:00:00","date_gmt":"2021-11-25T00:00:00","guid":{"rendered":"http:\/\/kt.printandscreen.rs\/veteqeverisjet-lokale-duhet-te-konkurojne-me-projekte\/"},"modified":"2024-07-30T17:58:42","modified_gmt":"2024-07-30T17:58:42","slug":"veteqeverisjet-lokale-duhet-te-konkurojne-me-projekte","status":"publish","type":"post","link":"https:\/\/kt.gov.rs\/sq\/veteqeverisjet-lokale-duhet-te-konkurojne-me-projekte\/","title":{"rendered":"VET\u00cbQEVERISJET LOKALE DUHET T\u00cb KONKUROJN\u00cb ME PROJEKTE"},"content":{"rendered":"<p>\n\t<strong><img decoding=\"async\" alt=\"\" src=\"https:\/\/kt.gov.rs\/wp-content\/uploads\/2024\/07\/1637834350_251121_1-2.jpg\" style=\"width: 315px; height: 230px; float: left;\" \/><\/strong><\/p>\n<p>\n\t<strong>Beograd<\/strong> \u2013 Disa ministra n\u00eb Qeverin\u00eb e Serbis\u00eb, duke reaguar ndaj v\u00ebrejtjeve dhe pyetjeve t\u00eb deputet\u00ebve t\u00eb Kuvendit t\u00eb Serbis\u00eb lidhur me komunat dhe qytetet e pazhvilluara, deklaruan se pushteti lokal gjithmon\u00eb mund t\u00eb aplikoj\u00eb p\u00ebr projekte q\u00eb jan\u00eb t\u00eb r\u00ebnd\u00ebsishme p\u00ebr ta dhe t\u00eb marrin mjete nga buxheti i shtetit, p\u00ebr ato.<\/p>\n<p>\n\tK\u00ebshtu, ministri i financave Sinisha Mali, tha se komunat e Medvegj\u00ebs, Bujanocit dhe Preshev\u00ebs kan\u00eb marr\u00eb mjete t\u00eb konsiderueshme p\u00ebrmes projekteve t\u00eb nominuara, Bujanoci 26 milion\u00eb dinar\u00eb, Presheva 17.7 milion\u00eb dinar\u00eb dhe Medvegja 37 milion\u00eb.<\/p>\n<p>\n\tAi po ashtu tha se \u00ebsht\u00eb planifikuar nd\u00ebrtimi i rrjetit t\u00eb kanalizimit n\u00eb Tutin, Novi Pazar dhe Sjenic\u00eb.<\/p>\n<p>\n\t\u00a0\u201cNe kemi para, jemi t\u00eb p\u00ebrkushtuar p\u00ebr k\u00ebto komuna. \u00cbsht\u00eb n\u00eb pushtetin vendor q\u00eb t\u00eb aplikoj\u00eb me projekte dhe le t\u00eb jemi m\u00eb aktiv n\u00eb k\u00ebt\u00eb\u201d, tha Mali.<\/p>\n<p>\n\tMinistrja e Kultur\u00ebs dhe Informimit, Maja Gojkoviq, deklaroi se ministria q\u00eb ajo drejton ka ndar\u00eb para p\u00ebr projektet q\u00eb jan\u00eb nominuar n\u00eb k\u00ebto dhe disa qytete t\u00eb tjera, si fonde p\u00ebr muzet\u00eb lokal\u00eb, ngjarje letrare, krijimi i pakicave komb\u00ebtare dhe rinovim t\u00eb institucioneve kulturore.<\/p>\n<p>\n\tMinistrja e mbrojtjes s\u00eb mjedisit, Irena Vujoviq, theksoi se sa i p\u00ebrket departamentit t\u00eb saj \u00ebsht\u00eb b\u00ebr\u00eb shum\u00eb n\u00eb k\u00ebto pjes\u00eb dhe mbetet ende p\u00ebr t&#39;u b\u00ebr\u00eb, andaj tha se \u00ebsht\u00eb duke u b\u00ebr\u00eb projektimi p\u00ebr mbylljen e deponis\u00eb n\u00eb Sjenic\u00eb ,\u00a0 n\u00eb Bujanoc jan\u00eb pastruar disa qindra ton\u00eb mbeturina.<\/p>\n<p>\n\tAjo shtoi se Bujanocit i jan\u00eb dh\u00ebn\u00eb 130 kova dhe 120 kontejner\u00eb.<\/p>\n<p>\n\t&quot;Do t\u00eb isha m\u00eb e lumtur n\u00ebse komunat do t\u00eb na drejtoheshin m\u00eb shum\u00eb. N\u00eb fillim t\u00eb vitit t\u00eb ardhsh\u00ebm do t\u00eb shpallen konkurse t\u00eb ndryshme, t\u00eb cilat do t\u00eb vazhdojn\u00eb aktivitetet nga ky vit&quot;, tha Vujoviq dhe ftoi komunat q\u00eb t\u00eb aplikojn\u00eb n\u00eb konkurset p\u00ebr nd\u00ebrrimin e kaldajave, pyll\u00ebzim dhe rehabilitim t\u00eb deponive.<\/p>\n<p>\n\t<strong>Burimi: Tanjug, Koordinaciono telo<\/strong><\/p>\n<p>\n\t\u00a0<\/p>\n","protected":false},"excerpt":{"rendered":"<p>Beograd\u00a0\u2013 Disa ministra n\u00eb Qeverin\u00eb e Serbis\u00eb, duke reaguar ndaj v\u00ebrejtjeve dhe pyetjeve t\u00eb deputet\u00ebve t\u00eb Kuvendit t\u00eb Serbis\u00eb lidhur me komunat dhe qytetet e pazhvilluara, deklaruan se pushteti lokal gjithmon\u00eb mund t\u00eb aplikoj\u00eb p\u00ebr projekte q\u00eb jan\u00eb t\u00eb r\u00ebnd\u00ebsishme p\u00ebr ta dhe t\u00eb marrin mjete nga buxheti i shtetit, p\u00ebr ato.<\/p>\n","protected":false},"author":1,"featured_media":108775,"comment_status":"closed","ping_status":"closed","sticky":false,"template":"","format":"standard","meta":{"footnotes":""},"categories":[55],"tags":[],"class_list":["post-108770","post","type-post","status-publish","format-standard","has-post-thumbnail","hentry","category-lajme"],"yoast_head":"<!-- This site is optimized with the Yoast SEO plugin v27.5 - https:\/\/yoast.com\/product\/yoast-seo-wordpress\/ -->\n<title>VET\u00cbQEVERISJET LOKALE DUHET T\u00cb KONKUROJN\u00cb ME PROJEKTE - Republika e S\u00ebrbis\u00eb Trupi Koordinues p\u00ebr komunat Bujanoc, Preshev\u00eb dhe Medvegj\u00eb<\/title>\n<meta name=\"robots\" content=\"index, follow, max-snippet:-1, max-image-preview:large, max-video-preview:-1\" \/>\n<link rel=\"canonical\" href=\"https:\/\/kt.gov.rs\/sq\/veteqeverisjet-lokale-duhet-te-konkurojne-me-projekte\/\" \/>\n<meta property=\"og:locale\" content=\"sq_AL\" \/>\n<meta property=\"og:type\" content=\"article\" \/>\n<meta property=\"og:title\" content=\"VET\u00cbQEVERISJET LOKALE DUHET T\u00cb KONKUROJN\u00cb ME PROJEKTE - Republika e S\u00ebrbis\u00eb Trupi Koordinues p\u00ebr komunat Bujanoc, Preshev\u00eb dhe Medvegj\u00eb\" \/>\n<meta property=\"og:description\" content=\"Beograd\u00a0- Disa ministra n\u00eb Qeverin\u00eb e Serbis\u00eb, duke reaguar ndaj v\u00ebrejtjeve dhe pyetjeve t\u00eb deputet\u00ebve t\u00eb Kuvendit t\u00eb Serbis\u00eb lidhur me komunat dhe qytetet e pazhvilluara, deklaruan se pushteti lokal gjithmon\u00eb mund t\u00eb aplikoj\u00eb p\u00ebr projekte q\u00eb jan\u00eb t\u00eb r\u00ebnd\u00ebsishme p\u00ebr ta dhe t\u00eb marrin mjete nga buxheti i shtetit, p\u00ebr ato.\" \/>\n<meta property=\"og:url\" content=\"https:\/\/kt.gov.rs\/sq\/veteqeverisjet-lokale-duhet-te-konkurojne-me-projekte\/\" \/>\n<meta property=\"og:site_name\" content=\"Republika e S\u00ebrbis\u00eb Trupi Koordinues p\u00ebr komunat Bujanoc, Preshev\u00eb dhe Medvegj\u00eb\" \/>\n<meta property=\"article:publisher\" content=\"https:\/\/www.facebook.com\/SluzbaKoordinacionogTelaVladeRepublikeSrbije\" \/>\n<meta property=\"article:published_time\" content=\"2021-11-25T00:00:00+00:00\" \/>\n<meta property=\"article:modified_time\" content=\"2024-07-30T17:58:42+00:00\" \/>\n<meta property=\"og:image\" content=\"https:\/\/kt.gov.rs\/wp-content\/uploads\/2024\/07\/1637834350_251121_1-3.jpg\" \/>\n\t<meta property=\"og:image:width\" content=\"315\" \/>\n\t<meta property=\"og:image:height\" content=\"230\" \/>\n\t<meta property=\"og:image:type\" content=\"image\/jpeg\" \/>\n<meta name=\"author\" content=\"ktmin\" \/>\n<meta name=\"twitter:card\" content=\"summary_large_image\" \/>\n<meta name=\"twitter:creator\" content=\"@kt_gov\" \/>\n<meta name=\"twitter:site\" content=\"@kt_gov\" \/>\n<meta name=\"twitter:label1\" content=\"Written by\" \/>\n\t<meta name=\"twitter:data1\" content=\"ktmin\" \/>\n\t<meta name=\"twitter:label2\" content=\"Est. reading time\" \/>\n\t<meta name=\"twitter:data2\" content=\"2 minutes\" \/>\n<script type=\"application\/ld+json\" class=\"yoast-schema-graph\">{\"@context\":\"https:\\\/\\\/schema.org\",\"@graph\":[{\"@type\":\"Article\",\"@id\":\"https:\\\/\\\/kt.gov.rs\\\/sq\\\/veteqeverisjet-lokale-duhet-te-konkurojne-me-projekte\\\/#article\",\"isPartOf\":{\"@id\":\"https:\\\/\\\/kt.gov.rs\\\/sq\\\/veteqeverisjet-lokale-duhet-te-konkurojne-me-projekte\\\/\"},\"author\":{\"name\":\"ktmin\",\"@id\":\"https:\\\/\\\/kt.gov.rs\\\/#\\\/schema\\\/person\\\/e426459ddb4173309103390602694571\"},\"headline\":\"VET\u00cbQEVERISJET LOKALE DUHET T\u00cb KONKUROJN\u00cb ME PROJEKTE\",\"datePublished\":\"2021-11-25T00:00:00+00:00\",\"dateModified\":\"2024-07-30T17:58:42+00:00\",\"mainEntityOfPage\":{\"@id\":\"https:\\\/\\\/kt.gov.rs\\\/sq\\\/veteqeverisjet-lokale-duhet-te-konkurojne-me-projekte\\\/\"},\"wordCount\":463,\"publisher\":{\"@id\":\"https:\\\/\\\/kt.gov.rs\\\/#organization\"},\"image\":{\"@id\":\"https:\\\/\\\/kt.gov.rs\\\/sq\\\/veteqeverisjet-lokale-duhet-te-konkurojne-me-projekte\\\/#primaryimage\"},\"thumbnailUrl\":\"https:\\\/\\\/kt.gov.rs\\\/wp-content\\\/uploads\\\/2024\\\/07\\\/1637834350_251121_1-3.jpg\",\"articleSection\":[\"Lajme\"],\"inLanguage\":\"sq-AL\"},{\"@type\":\"WebPage\",\"@id\":\"https:\\\/\\\/kt.gov.rs\\\/sq\\\/veteqeverisjet-lokale-duhet-te-konkurojne-me-projekte\\\/\",\"url\":\"https:\\\/\\\/kt.gov.rs\\\/sq\\\/veteqeverisjet-lokale-duhet-te-konkurojne-me-projekte\\\/\",\"name\":\"VET\u00cbQEVERISJET LOKALE DUHET T\u00cb KONKUROJN\u00cb ME PROJEKTE - Republika e S\u00ebrbis\u00eb Trupi Koordinues p\u00ebr komunat Bujanoc, Preshev\u00eb dhe Medvegj\u00eb\",\"isPartOf\":{\"@id\":\"https:\\\/\\\/kt.gov.rs\\\/#website\"},\"primaryImageOfPage\":{\"@id\":\"https:\\\/\\\/kt.gov.rs\\\/sq\\\/veteqeverisjet-lokale-duhet-te-konkurojne-me-projekte\\\/#primaryimage\"},\"image\":{\"@id\":\"https:\\\/\\\/kt.gov.rs\\\/sq\\\/veteqeverisjet-lokale-duhet-te-konkurojne-me-projekte\\\/#primaryimage\"},\"thumbnailUrl\":\"https:\\\/\\\/kt.gov.rs\\\/wp-content\\\/uploads\\\/2024\\\/07\\\/1637834350_251121_1-3.jpg\",\"datePublished\":\"2021-11-25T00:00:00+00:00\",\"dateModified\":\"2024-07-30T17:58:42+00:00\",\"breadcrumb\":{\"@id\":\"https:\\\/\\\/kt.gov.rs\\\/sq\\\/veteqeverisjet-lokale-duhet-te-konkurojne-me-projekte\\\/#breadcrumb\"},\"inLanguage\":\"sq-AL\",\"potentialAction\":[{\"@type\":\"ReadAction\",\"target\":[\"https:\\\/\\\/kt.gov.rs\\\/sq\\\/veteqeverisjet-lokale-duhet-te-konkurojne-me-projekte\\\/\"]}]},{\"@type\":\"ImageObject\",\"inLanguage\":\"sq-AL\",\"@id\":\"https:\\\/\\\/kt.gov.rs\\\/sq\\\/veteqeverisjet-lokale-duhet-te-konkurojne-me-projekte\\\/#primaryimage\",\"url\":\"https:\\\/\\\/kt.gov.rs\\\/wp-content\\\/uploads\\\/2024\\\/07\\\/1637834350_251121_1-3.jpg\",\"contentUrl\":\"https:\\\/\\\/kt.gov.rs\\\/wp-content\\\/uploads\\\/2024\\\/07\\\/1637834350_251121_1-3.jpg\",\"width\":315,\"height\":230},{\"@type\":\"BreadcrumbList\",\"@id\":\"https:\\\/\\\/kt.gov.rs\\\/sq\\\/veteqeverisjet-lokale-duhet-te-konkurojne-me-projekte\\\/#breadcrumb\",\"itemListElement\":[{\"@type\":\"ListItem\",\"position\":1,\"name\":\"\u041f\u043e\u0447\u0435\u0442\u043d\u0430\",\"item\":\"https:\\\/\\\/kt.gov.rs\\\/sq\\\/\"},{\"@type\":\"ListItem\",\"position\":2,\"name\":\"VET\u00cbQEVERISJET LOKALE DUHET T\u00cb KONKUROJN\u00cb ME PROJEKTE\"}]},{\"@type\":\"WebSite\",\"@id\":\"https:\\\/\\\/kt.gov.rs\\\/#website\",\"url\":\"https:\\\/\\\/kt.gov.rs\\\/\",\"name\":\"\u041a\u043e\u043e\u0440\u0434\u0438\u043d\u0430\u0446\u0438\u043e\u043d\u043e \u0442\u0435\u043b\u043e \u0412\u043b\u0430\u0434\u0435 \u0420\u0435\u043f\u0443\u0431\u043b\u0438\u043a\u0435 \u0421\u0440\u0431\u0438\u0458\u0435 \u0437\u0430 \u043e\u043f\u0448\u0442\u0438\u043d\u0435 \u041f\u0440\u0435\u0448\u0435\u0432\u043e, \u0411\u0443\u0458\u0430\u043d\u043e\u0432\u0430\u0446 \u0438 \u041c\u0435\u0434\u0432\u0435\u0452a\",\"description\":\"\",\"publisher\":{\"@id\":\"https:\\\/\\\/kt.gov.rs\\\/#organization\"},\"alternateName\":\"\u041a\u043e\u043e\u0440\u0434\u0438\u043d\u0430\u0446\u0438\u043e\u043d\u043e \u0442\u0435\u043b\u043e\",\"potentialAction\":[{\"@type\":\"SearchAction\",\"target\":{\"@type\":\"EntryPoint\",\"urlTemplate\":\"https:\\\/\\\/kt.gov.rs\\\/?s={search_term_string}\"},\"query-input\":{\"@type\":\"PropertyValueSpecification\",\"valueRequired\":true,\"valueName\":\"search_term_string\"}}],\"inLanguage\":\"sq-AL\"},{\"@type\":\"Organization\",\"@id\":\"https:\\\/\\\/kt.gov.rs\\\/#organization\",\"name\":\"\u041a\u043e\u043e\u0440\u0434\u0438\u043d\u0430\u0446\u0438\u043e\u043d\u043e \u0442\u0435\u043b\u043e \u0412\u043b\u0430\u0434\u0435 \u0420\u0435\u043f\u0443\u0431\u043b\u0438\u043a\u0435 \u0421\u0440\u0431\u0438\u0458\u0435 \u0437\u0430 \u043e\u043f\u0448\u0442\u0438\u043d\u0435 \u041f\u0440\u0435\u0448\u0435\u0432\u043e, \u0411\u0443\u0458\u0430\u043d\u043e\u0432\u0430\u0446 \u0438 \u041c\u0435\u0434\u0432\u0435\u0452a\",\"alternateName\":\"\u041a\u043e\u043e\u0440\u0434\u0438\u043d\u0430\u0446\u0438\u043e\u043d\u043e \u0442\u0435\u043b\u043e\",\"url\":\"https:\\\/\\\/kt.gov.rs\\\/\",\"logo\":{\"@type\":\"ImageObject\",\"inLanguage\":\"sq-AL\",\"@id\":\"https:\\\/\\\/kt.gov.rs\\\/#\\\/schema\\\/logo\\\/image\\\/\",\"url\":\"https:\\\/\\\/kt.gov.rs\\\/wp-content\\\/uploads\\\/2024\\\/12\\\/koord2.jpg\",\"contentUrl\":\"https:\\\/\\\/kt.gov.rs\\\/wp-content\\\/uploads\\\/2024\\\/12\\\/koord2.jpg\",\"width\":640,\"height\":480,\"caption\":\"\u041a\u043e\u043e\u0440\u0434\u0438\u043d\u0430\u0446\u0438\u043e\u043d\u043e \u0442\u0435\u043b\u043e \u0412\u043b\u0430\u0434\u0435 \u0420\u0435\u043f\u0443\u0431\u043b\u0438\u043a\u0435 \u0421\u0440\u0431\u0438\u0458\u0435 \u0437\u0430 \u043e\u043f\u0448\u0442\u0438\u043d\u0435 \u041f\u0440\u0435\u0448\u0435\u0432\u043e, \u0411\u0443\u0458\u0430\u043d\u043e\u0432\u0430\u0446 \u0438 \u041c\u0435\u0434\u0432\u0435\u0452a\"},\"image\":{\"@id\":\"https:\\\/\\\/kt.gov.rs\\\/#\\\/schema\\\/logo\\\/image\\\/\"},\"sameAs\":[\"https:\\\/\\\/www.facebook.com\\\/SluzbaKoordinacionogTelaVladeRepublikeSrbije\",\"https:\\\/\\\/x.com\\\/kt_gov\",\"https:\\\/\\\/www.youtube.com\\\/@koordinacionotelo\"]},{\"@type\":\"Person\",\"@id\":\"https:\\\/\\\/kt.gov.rs\\\/#\\\/schema\\\/person\\\/e426459ddb4173309103390602694571\",\"name\":\"ktmin\",\"image\":{\"@type\":\"ImageObject\",\"inLanguage\":\"sq-AL\",\"@id\":\"https:\\\/\\\/secure.gravatar.com\\\/avatar\\\/3985c961109853010c3fbc7ba30365bfba5db3dd6c525831d9c595c7525a615a?s=96&d=mm&r=g\",\"url\":\"https:\\\/\\\/secure.gravatar.com\\\/avatar\\\/3985c961109853010c3fbc7ba30365bfba5db3dd6c525831d9c595c7525a615a?s=96&d=mm&r=g\",\"contentUrl\":\"https:\\\/\\\/secure.gravatar.com\\\/avatar\\\/3985c961109853010c3fbc7ba30365bfba5db3dd6c525831d9c595c7525a615a?s=96&d=mm&r=g\",\"caption\":\"ktmin\"},\"sameAs\":[\"https:\\\/\\\/kt.gov.rs\"],\"url\":\"https:\\\/\\\/kt.gov.rs\\\/sq\\\/author\\\/ktmin\\\/\"}]}<\/script>\n<!-- \/ Yoast SEO plugin. -->","yoast_head_json":{"title":"VET\u00cbQEVERISJET LOKALE DUHET T\u00cb KONKUROJN\u00cb ME PROJEKTE - Republika e S\u00ebrbis\u00eb Trupi Koordinues p\u00ebr komunat Bujanoc, Preshev\u00eb dhe Medvegj\u00eb","robots":{"index":"index","follow":"follow","max-snippet":"max-snippet:-1","max-image-preview":"max-image-preview:large","max-video-preview":"max-video-preview:-1"},"canonical":"https:\/\/kt.gov.rs\/sq\/veteqeverisjet-lokale-duhet-te-konkurojne-me-projekte\/","og_locale":"sq_AL","og_type":"article","og_title":"VET\u00cbQEVERISJET LOKALE DUHET T\u00cb KONKUROJN\u00cb ME PROJEKTE - Republika e S\u00ebrbis\u00eb Trupi Koordinues p\u00ebr komunat Bujanoc, Preshev\u00eb dhe Medvegj\u00eb","og_description":"Beograd\u00a0- Disa ministra n\u00eb Qeverin\u00eb e Serbis\u00eb, duke reaguar ndaj v\u00ebrejtjeve dhe pyetjeve t\u00eb deputet\u00ebve t\u00eb Kuvendit t\u00eb Serbis\u00eb lidhur me komunat dhe qytetet e pazhvilluara, deklaruan se pushteti lokal gjithmon\u00eb mund t\u00eb aplikoj\u00eb p\u00ebr projekte q\u00eb jan\u00eb t\u00eb r\u00ebnd\u00ebsishme p\u00ebr ta dhe t\u00eb marrin mjete nga buxheti i shtetit, p\u00ebr ato.","og_url":"https:\/\/kt.gov.rs\/sq\/veteqeverisjet-lokale-duhet-te-konkurojne-me-projekte\/","og_site_name":"Republika e S\u00ebrbis\u00eb Trupi Koordinues p\u00ebr komunat Bujanoc, Preshev\u00eb dhe Medvegj\u00eb","article_publisher":"https:\/\/www.facebook.com\/SluzbaKoordinacionogTelaVladeRepublikeSrbije","article_published_time":"2021-11-25T00:00:00+00:00","article_modified_time":"2024-07-30T17:58:42+00:00","og_image":[{"width":315,"height":230,"url":"https:\/\/kt.gov.rs\/wp-content\/uploads\/2024\/07\/1637834350_251121_1-3.jpg","type":"image\/jpeg"}],"author":"ktmin","twitter_card":"summary_large_image","twitter_creator":"@kt_gov","twitter_site":"@kt_gov","twitter_misc":{"Written by":"ktmin","Est. reading time":"2 minutes"},"schema":{"@context":"https:\/\/schema.org","@graph":[{"@type":"Article","@id":"https:\/\/kt.gov.rs\/sq\/veteqeverisjet-lokale-duhet-te-konkurojne-me-projekte\/#article","isPartOf":{"@id":"https:\/\/kt.gov.rs\/sq\/veteqeverisjet-lokale-duhet-te-konkurojne-me-projekte\/"},"author":{"name":"ktmin","@id":"https:\/\/kt.gov.rs\/#\/schema\/person\/e426459ddb4173309103390602694571"},"headline":"VET\u00cbQEVERISJET LOKALE DUHET T\u00cb KONKUROJN\u00cb ME PROJEKTE","datePublished":"2021-11-25T00:00:00+00:00","dateModified":"2024-07-30T17:58:42+00:00","mainEntityOfPage":{"@id":"https:\/\/kt.gov.rs\/sq\/veteqeverisjet-lokale-duhet-te-konkurojne-me-projekte\/"},"wordCount":463,"publisher":{"@id":"https:\/\/kt.gov.rs\/#organization"},"image":{"@id":"https:\/\/kt.gov.rs\/sq\/veteqeverisjet-lokale-duhet-te-konkurojne-me-projekte\/#primaryimage"},"thumbnailUrl":"https:\/\/kt.gov.rs\/wp-content\/uploads\/2024\/07\/1637834350_251121_1-3.jpg","articleSection":["Lajme"],"inLanguage":"sq-AL"},{"@type":"WebPage","@id":"https:\/\/kt.gov.rs\/sq\/veteqeverisjet-lokale-duhet-te-konkurojne-me-projekte\/","url":"https:\/\/kt.gov.rs\/sq\/veteqeverisjet-lokale-duhet-te-konkurojne-me-projekte\/","name":"VET\u00cbQEVERISJET LOKALE DUHET T\u00cb KONKUROJN\u00cb ME PROJEKTE - Republika e S\u00ebrbis\u00eb Trupi Koordinues p\u00ebr komunat Bujanoc, Preshev\u00eb dhe Medvegj\u00eb","isPartOf":{"@id":"https:\/\/kt.gov.rs\/#website"},"primaryImageOfPage":{"@id":"https:\/\/kt.gov.rs\/sq\/veteqeverisjet-lokale-duhet-te-konkurojne-me-projekte\/#primaryimage"},"image":{"@id":"https:\/\/kt.gov.rs\/sq\/veteqeverisjet-lokale-duhet-te-konkurojne-me-projekte\/#primaryimage"},"thumbnailUrl":"https:\/\/kt.gov.rs\/wp-content\/uploads\/2024\/07\/1637834350_251121_1-3.jpg","datePublished":"2021-11-25T00:00:00+00:00","dateModified":"2024-07-30T17:58:42+00:00","breadcrumb":{"@id":"https:\/\/kt.gov.rs\/sq\/veteqeverisjet-lokale-duhet-te-konkurojne-me-projekte\/#breadcrumb"},"inLanguage":"sq-AL","potentialAction":[{"@type":"ReadAction","target":["https:\/\/kt.gov.rs\/sq\/veteqeverisjet-lokale-duhet-te-konkurojne-me-projekte\/"]}]},{"@type":"ImageObject","inLanguage":"sq-AL","@id":"https:\/\/kt.gov.rs\/sq\/veteqeverisjet-lokale-duhet-te-konkurojne-me-projekte\/#primaryimage","url":"https:\/\/kt.gov.rs\/wp-content\/uploads\/2024\/07\/1637834350_251121_1-3.jpg","contentUrl":"https:\/\/kt.gov.rs\/wp-content\/uploads\/2024\/07\/1637834350_251121_1-3.jpg","width":315,"height":230},{"@type":"BreadcrumbList","@id":"https:\/\/kt.gov.rs\/sq\/veteqeverisjet-lokale-duhet-te-konkurojne-me-projekte\/#breadcrumb","itemListElement":[{"@type":"ListItem","position":1,"name":"\u041f\u043e\u0447\u0435\u0442\u043d\u0430","item":"https:\/\/kt.gov.rs\/sq\/"},{"@type":"ListItem","position":2,"name":"VET\u00cbQEVERISJET LOKALE DUHET T\u00cb KONKUROJN\u00cb ME PROJEKTE"}]},{"@type":"WebSite","@id":"https:\/\/kt.gov.rs\/#website","url":"https:\/\/kt.gov.rs\/","name":"\u041a\u043e\u043e\u0440\u0434\u0438\u043d\u0430\u0446\u0438\u043e\u043d\u043e \u0442\u0435\u043b\u043e \u0412\u043b\u0430\u0434\u0435 \u0420\u0435\u043f\u0443\u0431\u043b\u0438\u043a\u0435 \u0421\u0440\u0431\u0438\u0458\u0435 \u0437\u0430 \u043e\u043f\u0448\u0442\u0438\u043d\u0435 \u041f\u0440\u0435\u0448\u0435\u0432\u043e, \u0411\u0443\u0458\u0430\u043d\u043e\u0432\u0430\u0446 \u0438 \u041c\u0435\u0434\u0432\u0435\u0452a","description":"","publisher":{"@id":"https:\/\/kt.gov.rs\/#organization"},"alternateName":"\u041a\u043e\u043e\u0440\u0434\u0438\u043d\u0430\u0446\u0438\u043e\u043d\u043e \u0442\u0435\u043b\u043e","potentialAction":[{"@type":"SearchAction","target":{"@type":"EntryPoint","urlTemplate":"https:\/\/kt.gov.rs\/?s={search_term_string}"},"query-input":{"@type":"PropertyValueSpecification","valueRequired":true,"valueName":"search_term_string"}}],"inLanguage":"sq-AL"},{"@type":"Organization","@id":"https:\/\/kt.gov.rs\/#organization","name":"\u041a\u043e\u043e\u0440\u0434\u0438\u043d\u0430\u0446\u0438\u043e\u043d\u043e \u0442\u0435\u043b\u043e \u0412\u043b\u0430\u0434\u0435 \u0420\u0435\u043f\u0443\u0431\u043b\u0438\u043a\u0435 \u0421\u0440\u0431\u0438\u0458\u0435 \u0437\u0430 \u043e\u043f\u0448\u0442\u0438\u043d\u0435 \u041f\u0440\u0435\u0448\u0435\u0432\u043e, \u0411\u0443\u0458\u0430\u043d\u043e\u0432\u0430\u0446 \u0438 \u041c\u0435\u0434\u0432\u0435\u0452a","alternateName":"\u041a\u043e\u043e\u0440\u0434\u0438\u043d\u0430\u0446\u0438\u043e\u043d\u043e \u0442\u0435\u043b\u043e","url":"https:\/\/kt.gov.rs\/","logo":{"@type":"ImageObject","inLanguage":"sq-AL","@id":"https:\/\/kt.gov.rs\/#\/schema\/logo\/image\/","url":"https:\/\/kt.gov.rs\/wp-content\/uploads\/2024\/12\/koord2.jpg","contentUrl":"https:\/\/kt.gov.rs\/wp-content\/uploads\/2024\/12\/koord2.jpg","width":640,"height":480,"caption":"\u041a\u043e\u043e\u0440\u0434\u0438\u043d\u0430\u0446\u0438\u043e\u043d\u043e \u0442\u0435\u043b\u043e \u0412\u043b\u0430\u0434\u0435 \u0420\u0435\u043f\u0443\u0431\u043b\u0438\u043a\u0435 \u0421\u0440\u0431\u0438\u0458\u0435 \u0437\u0430 \u043e\u043f\u0448\u0442\u0438\u043d\u0435 \u041f\u0440\u0435\u0448\u0435\u0432\u043e, \u0411\u0443\u0458\u0430\u043d\u043e\u0432\u0430\u0446 \u0438 \u041c\u0435\u0434\u0432\u0435\u0452a"},"image":{"@id":"https:\/\/kt.gov.rs\/#\/schema\/logo\/image\/"},"sameAs":["https:\/\/www.facebook.com\/SluzbaKoordinacionogTelaVladeRepublikeSrbije","https:\/\/x.com\/kt_gov","https:\/\/www.youtube.com\/@koordinacionotelo"]},{"@type":"Person","@id":"https:\/\/kt.gov.rs\/#\/schema\/person\/e426459ddb4173309103390602694571","name":"ktmin","image":{"@type":"ImageObject","inLanguage":"sq-AL","@id":"https:\/\/secure.gravatar.com\/avatar\/3985c961109853010c3fbc7ba30365bfba5db3dd6c525831d9c595c7525a615a?s=96&d=mm&r=g","url":"https:\/\/secure.gravatar.com\/avatar\/3985c961109853010c3fbc7ba30365bfba5db3dd6c525831d9c595c7525a615a?s=96&d=mm&r=g","contentUrl":"https:\/\/secure.gravatar.com\/avatar\/3985c961109853010c3fbc7ba30365bfba5db3dd6c525831d9c595c7525a615a?s=96&d=mm&r=g","caption":"ktmin"},"sameAs":["https:\/\/kt.gov.rs"],"url":"https:\/\/kt.gov.rs\/sq\/author\/ktmin\/"}]}},"_links":{"self":[{"href":"https:\/\/kt.gov.rs\/sq\/wp-json\/wp\/v2\/posts\/108770","targetHints":{"allow":["GET"]}}],"collection":[{"href":"https:\/\/kt.gov.rs\/sq\/wp-json\/wp\/v2\/posts"}],"about":[{"href":"https:\/\/kt.gov.rs\/sq\/wp-json\/wp\/v2\/types\/post"}],"author":[{"embeddable":true,"href":"https:\/\/kt.gov.rs\/sq\/wp-json\/wp\/v2\/users\/1"}],"replies":[{"embeddable":true,"href":"https:\/\/kt.gov.rs\/sq\/wp-json\/wp\/v2\/comments?post=108770"}],"version-history":[{"count":1,"href":"https:\/\/kt.gov.rs\/sq\/wp-json\/wp\/v2\/posts\/108770\/revisions"}],"predecessor-version":[{"id":108774,"href":"https:\/\/kt.gov.rs\/sq\/wp-json\/wp\/v2\/posts\/108770\/revisions\/108774"}],"wp:featuredmedia":[{"embeddable":true,"href":"https:\/\/kt.gov.rs\/sq\/wp-json\/wp\/v2\/media\/108775"}],"wp:attachment":[{"href":"https:\/\/kt.gov.rs\/sq\/wp-json\/wp\/v2\/media?parent=108770"}],"wp:term":[{"taxonomy":"category","embeddable":true,"href":"https:\/\/kt.gov.rs\/sq\/wp-json\/wp\/v2\/categories?post=108770"},{"taxonomy":"post_tag","embeddable":true,"href":"https:\/\/kt.gov.rs\/sq\/wp-json\/wp\/v2\/tags?post=108770"}],"curies":[{"name":"wp","href":"https:\/\/api.w.org\/{rel}","templated":true}]}}