{"id":108762,"date":"2021-12-01T00:00:00","date_gmt":"2021-12-01T00:00:00","guid":{"rendered":"http:\/\/kt.printandscreen.rs\/vizita-e-ndihmeses-se-ministrit-te-kujdesit-familjar-dhe-demografise-ne-komunen-e-medvegjes\/"},"modified":"2024-07-30T17:58:41","modified_gmt":"2024-07-30T17:58:41","slug":"vizita-e-ndihmeses-se-ministrit-te-kujdesit-familjar-dhe-demografise-ne-komunen-e-medvegjes","status":"publish","type":"post","link":"https:\/\/kt.gov.rs\/sq\/vizita-e-ndihmeses-se-ministrit-te-kujdesit-familjar-dhe-demografise-ne-komunen-e-medvegjes\/","title":{"rendered":"VIZITA E  NDIHM\u00cbSES S\u00cb MINISTRIT T\u00cb KUJDESIT FAMILJAR DHE DEMOGRAFIS\u00cb  N\u00cb KOMUN\u00cbN E MEDVEGJ\u00cbS"},"content":{"rendered":"<p>\n\t<strong><img decoding=\"async\" alt=\"\" src=\"https:\/\/kt.gov.rs\/wp-content\/uploads\/2024\/07\/1638366073_011221_1-2.jpg\" style=\"width: 315px; height: 230px; float: left;\" \/><\/strong><\/p>\n<p>\n\t<strong>Medvegj\u00eb-Beograd<\/strong> Alleksandra \u00c7amagiq, ndihm\u00ebsja e ministrit n\u00eb Ministrin\u00eb e kujdesit familjar dhe demografis\u00eb t\u00eb Qeveris\u00eb s\u00eb Republik\u00ebs s\u00eb Serbis\u00eb,\u00a0 ka q\u00ebndruar n\u00eb vizit\u00eb pune n\u00eb komu\u00ebn e Medvegj\u00ebs.<\/p>\n<p>\n\tN\u00eb takimin i cili \u00ebsht\u00eb mbajtur n\u00eb kabinetin e kryetarit t\u00eb komun\u00ebs ,dr Nebojsha Arsiq, \u00ebsht\u00eb diskutuar p\u00ebr struktur\u00ebn aktuale\u00a0 demografike n\u00eb territorin e komun\u00ebs s\u00eb Medvegj\u00ebs, si dhe p\u00ebr ndryshimin e masave t\u00eb politikave prenatale t\u00eb\u00a0 promovuara nga Minsitria p\u00ebr kujdesin familjar dhe demografin\u00eb.<\/p>\n<p>\n\tN\u00eb konferenc\u00ebn p\u00ebr media, Alleksandra \u00c7amagiq theksoi se \u00e7do ndarje finanicare n\u00eb komunat e vogla, \u00ebsht\u00eb e r\u00ebnd\u00ebsis\u00eb t\u00eb madhe p\u00ebr familjet ,aq edhe m\u00eb e r\u00ebnd\u00ebsishme \u00ebsht\u00eb edhe atmosfera e mb\u00ebshtetjes t\u00eb \u00e7ifteve t\u00eb reja q\u00eb t\u00eb q\u00ebndrojn\u00eb n\u00eb mjedisin lokal.<\/p>\n<p>\n\t\u201cDetyra jon\u00eb \u00ebsht\u00eb q\u00eb t\u00eb vizitojm\u00eb t\u00eb gjitha vet\u00ebqeverisjet lokale,dhe m\u00eb pas t\u00eb propozojm\u00eb nje ser\u00eb masash\u00a0 q\u00eb n\u00eb m\u00ebnyr\u00eb t\u00eb kordinuar, afatgjat\u00eb dhe n\u00eb raport m\u00eb\u00a0 specifik t\u00eb mjedisit ,duhet t\u00eb japim rezultatin e pritur dhe dhe t\u00eb kontribojm\u00eb n\u00eb p\u00ebrmir\u00ebsimin e fotografive t\u00eb k\u00ebqija n\u00eb Serbi\u201d tha \u00c7amagiq.<\/p>\n<p>\n\tAjo shtoi q\u00eb familjeve iu duhet mb\u00ebshtetja e t\u00eb gjitha institucioneve, ve\u00e7an\u00ebrisht n\u00eb koh\u00ebn e pandemis\u00eb,kur \u00ebsht\u00eb e ekspozuar n\u00eb barr\u00ebn e ruajtjes s\u00eb sh\u00ebndetit, si mendor ashtu edhe fizik.Mb\u00ebshtetja familjeve, si\u00e7 theksoi , nuk \u00ebsht\u00eb e nevojshm\u00eb gjithmon\u00eb financiare, sepse kujdesi p\u00ebr krijimin\u00a0 e\u00a0 familjes\u00a0 n\u00ebnkupton edhe krijimin e hapsir\u00ebs s\u00eb ambientit , pra p\u00ebr t\u00eb ndihmuar\u00a0 familjet\u00a0 dhe t\u00eb hapen vende t\u00eb reja pune , renovimin e \u00e7erdheve,shkollave, ose\u00a0 kujdesi p\u00ebr t\u00eb moshuarit.<\/p>\n<p>\n\t<strong>Burimet: Infocentarjug.rs, Trupi Koordinues<\/strong><\/p>\n<p>\n\t\u00a0<\/p>\n","protected":false},"excerpt":{"rendered":"<p>Medvegj\u00eb-Beograd\u00a0Alleksandra \u00c7amagiq, ndihm\u00ebsja e ministrit n\u00eb Ministrin\u00eb e kujdesit familjar dhe demografis\u00eb t\u00eb Qeveris\u00eb s\u00eb Republik\u00ebs s\u00eb Serbis\u00eb,\u00a0 ka q\u00ebndruar n\u00eb vizit\u00eb pune n\u00eb komu\u00ebn e Medvegj\u00ebs.<\/p>\n","protected":false},"author":1,"featured_media":108767,"comment_status":"closed","ping_status":"closed","sticky":false,"template":"","format":"standard","meta":{"footnotes":""},"categories":[55],"tags":[],"class_list":["post-108762","post","type-post","status-publish","format-standard","has-post-thumbnail","hentry","category-lajme"],"yoast_head":"<!-- This site is optimized with the Yoast SEO plugin v27.5 - https:\/\/yoast.com\/product\/yoast-seo-wordpress\/ -->\n<title>VIZITA E NDIHM\u00cbSES S\u00cb MINISTRIT T\u00cb KUJDESIT FAMILJAR DHE DEMOGRAFIS\u00cb N\u00cb KOMUN\u00cbN E MEDVEGJ\u00cbS - Republika e S\u00ebrbis\u00eb Trupi Koordinues p\u00ebr komunat Bujanoc, Preshev\u00eb dhe Medvegj\u00eb<\/title>\n<meta name=\"robots\" content=\"index, follow, max-snippet:-1, max-image-preview:large, max-video-preview:-1\" \/>\n<link rel=\"canonical\" href=\"https:\/\/kt.gov.rs\/sq\/vizita-e-ndihmeses-se-ministrit-te-kujdesit-familjar-dhe-demografise-ne-komunen-e-medvegjes\/\" \/>\n<meta property=\"og:locale\" content=\"sq_AL\" \/>\n<meta property=\"og:type\" content=\"article\" \/>\n<meta property=\"og:title\" content=\"VIZITA E NDIHM\u00cbSES S\u00cb MINISTRIT T\u00cb KUJDESIT FAMILJAR DHE DEMOGRAFIS\u00cb N\u00cb KOMUN\u00cbN E MEDVEGJ\u00cbS - Republika e S\u00ebrbis\u00eb Trupi Koordinues p\u00ebr komunat Bujanoc, Preshev\u00eb dhe Medvegj\u00eb\" \/>\n<meta property=\"og:description\" content=\"Medvegj\u00eb-Beograd\u00a0Alleksandra \u00c7amagiq, ndihm\u00ebsja e ministrit n\u00eb Ministrin\u00eb e kujdesit familjar dhe demografis\u00eb t\u00eb Qeveris\u00eb s\u00eb Republik\u00ebs s\u00eb Serbis\u00eb,\u00a0 ka q\u00ebndruar n\u00eb vizit\u00eb pune n\u00eb komu\u00ebn e Medvegj\u00ebs.\" \/>\n<meta property=\"og:url\" content=\"https:\/\/kt.gov.rs\/sq\/vizita-e-ndihmeses-se-ministrit-te-kujdesit-familjar-dhe-demografise-ne-komunen-e-medvegjes\/\" \/>\n<meta property=\"og:site_name\" content=\"Republika e S\u00ebrbis\u00eb Trupi Koordinues p\u00ebr komunat Bujanoc, Preshev\u00eb dhe Medvegj\u00eb\" \/>\n<meta property=\"article:publisher\" content=\"https:\/\/www.facebook.com\/SluzbaKoordinacionogTelaVladeRepublikeSrbije\" \/>\n<meta property=\"article:published_time\" content=\"2021-12-01T00:00:00+00:00\" \/>\n<meta property=\"article:modified_time\" content=\"2024-07-30T17:58:41+00:00\" \/>\n<meta property=\"og:image\" content=\"https:\/\/kt.gov.rs\/wp-content\/uploads\/2024\/07\/1638366073_011221_1-3.jpg\" \/>\n\t<meta property=\"og:image:width\" content=\"315\" \/>\n\t<meta property=\"og:image:height\" content=\"230\" \/>\n\t<meta property=\"og:image:type\" content=\"image\/jpeg\" \/>\n<meta name=\"author\" content=\"ktmin\" \/>\n<meta name=\"twitter:card\" content=\"summary_large_image\" \/>\n<meta name=\"twitter:creator\" content=\"@kt_gov\" \/>\n<meta name=\"twitter:site\" content=\"@kt_gov\" \/>\n<meta name=\"twitter:label1\" content=\"Written by\" \/>\n\t<meta name=\"twitter:data1\" content=\"ktmin\" \/>\n\t<meta name=\"twitter:label2\" content=\"Est. reading time\" \/>\n\t<meta name=\"twitter:data2\" content=\"2 minutes\" \/>\n<script type=\"application\/ld+json\" class=\"yoast-schema-graph\">{\"@context\":\"https:\\\/\\\/schema.org\",\"@graph\":[{\"@type\":\"Article\",\"@id\":\"https:\\\/\\\/kt.gov.rs\\\/sq\\\/vizita-e-ndihmeses-se-ministrit-te-kujdesit-familjar-dhe-demografise-ne-komunen-e-medvegjes\\\/#article\",\"isPartOf\":{\"@id\":\"https:\\\/\\\/kt.gov.rs\\\/sq\\\/vizita-e-ndihmeses-se-ministrit-te-kujdesit-familjar-dhe-demografise-ne-komunen-e-medvegjes\\\/\"},\"author\":{\"name\":\"ktmin\",\"@id\":\"https:\\\/\\\/kt.gov.rs\\\/#\\\/schema\\\/person\\\/e426459ddb4173309103390602694571\"},\"headline\":\"VIZITA E NDIHM\u00cbSES S\u00cb MINISTRIT T\u00cb KUJDESIT FAMILJAR DHE DEMOGRAFIS\u00cb N\u00cb KOMUN\u00cbN E MEDVEGJ\u00cbS\",\"datePublished\":\"2021-12-01T00:00:00+00:00\",\"dateModified\":\"2024-07-30T17:58:41+00:00\",\"mainEntityOfPage\":{\"@id\":\"https:\\\/\\\/kt.gov.rs\\\/sq\\\/vizita-e-ndihmeses-se-ministrit-te-kujdesit-familjar-dhe-demografise-ne-komunen-e-medvegjes\\\/\"},\"wordCount\":442,\"publisher\":{\"@id\":\"https:\\\/\\\/kt.gov.rs\\\/#organization\"},\"image\":{\"@id\":\"https:\\\/\\\/kt.gov.rs\\\/sq\\\/vizita-e-ndihmeses-se-ministrit-te-kujdesit-familjar-dhe-demografise-ne-komunen-e-medvegjes\\\/#primaryimage\"},\"thumbnailUrl\":\"https:\\\/\\\/kt.gov.rs\\\/wp-content\\\/uploads\\\/2024\\\/07\\\/1638366073_011221_1-3.jpg\",\"articleSection\":[\"Lajme\"],\"inLanguage\":\"sq-AL\"},{\"@type\":\"WebPage\",\"@id\":\"https:\\\/\\\/kt.gov.rs\\\/sq\\\/vizita-e-ndihmeses-se-ministrit-te-kujdesit-familjar-dhe-demografise-ne-komunen-e-medvegjes\\\/\",\"url\":\"https:\\\/\\\/kt.gov.rs\\\/sq\\\/vizita-e-ndihmeses-se-ministrit-te-kujdesit-familjar-dhe-demografise-ne-komunen-e-medvegjes\\\/\",\"name\":\"VIZITA E NDIHM\u00cbSES S\u00cb MINISTRIT T\u00cb KUJDESIT FAMILJAR DHE DEMOGRAFIS\u00cb N\u00cb KOMUN\u00cbN E MEDVEGJ\u00cbS - Republika e S\u00ebrbis\u00eb Trupi Koordinues p\u00ebr komunat Bujanoc, Preshev\u00eb dhe Medvegj\u00eb\",\"isPartOf\":{\"@id\":\"https:\\\/\\\/kt.gov.rs\\\/#website\"},\"primaryImageOfPage\":{\"@id\":\"https:\\\/\\\/kt.gov.rs\\\/sq\\\/vizita-e-ndihmeses-se-ministrit-te-kujdesit-familjar-dhe-demografise-ne-komunen-e-medvegjes\\\/#primaryimage\"},\"image\":{\"@id\":\"https:\\\/\\\/kt.gov.rs\\\/sq\\\/vizita-e-ndihmeses-se-ministrit-te-kujdesit-familjar-dhe-demografise-ne-komunen-e-medvegjes\\\/#primaryimage\"},\"thumbnailUrl\":\"https:\\\/\\\/kt.gov.rs\\\/wp-content\\\/uploads\\\/2024\\\/07\\\/1638366073_011221_1-3.jpg\",\"datePublished\":\"2021-12-01T00:00:00+00:00\",\"dateModified\":\"2024-07-30T17:58:41+00:00\",\"breadcrumb\":{\"@id\":\"https:\\\/\\\/kt.gov.rs\\\/sq\\\/vizita-e-ndihmeses-se-ministrit-te-kujdesit-familjar-dhe-demografise-ne-komunen-e-medvegjes\\\/#breadcrumb\"},\"inLanguage\":\"sq-AL\",\"potentialAction\":[{\"@type\":\"ReadAction\",\"target\":[\"https:\\\/\\\/kt.gov.rs\\\/sq\\\/vizita-e-ndihmeses-se-ministrit-te-kujdesit-familjar-dhe-demografise-ne-komunen-e-medvegjes\\\/\"]}]},{\"@type\":\"ImageObject\",\"inLanguage\":\"sq-AL\",\"@id\":\"https:\\\/\\\/kt.gov.rs\\\/sq\\\/vizita-e-ndihmeses-se-ministrit-te-kujdesit-familjar-dhe-demografise-ne-komunen-e-medvegjes\\\/#primaryimage\",\"url\":\"https:\\\/\\\/kt.gov.rs\\\/wp-content\\\/uploads\\\/2024\\\/07\\\/1638366073_011221_1-3.jpg\",\"contentUrl\":\"https:\\\/\\\/kt.gov.rs\\\/wp-content\\\/uploads\\\/2024\\\/07\\\/1638366073_011221_1-3.jpg\",\"width\":315,\"height\":230},{\"@type\":\"BreadcrumbList\",\"@id\":\"https:\\\/\\\/kt.gov.rs\\\/sq\\\/vizita-e-ndihmeses-se-ministrit-te-kujdesit-familjar-dhe-demografise-ne-komunen-e-medvegjes\\\/#breadcrumb\",\"itemListElement\":[{\"@type\":\"ListItem\",\"position\":1,\"name\":\"\u041f\u043e\u0447\u0435\u0442\u043d\u0430\",\"item\":\"https:\\\/\\\/kt.gov.rs\\\/sq\\\/\"},{\"@type\":\"ListItem\",\"position\":2,\"name\":\"VIZITA E NDIHM\u00cbSES S\u00cb MINISTRIT T\u00cb KUJDESIT FAMILJAR DHE DEMOGRAFIS\u00cb N\u00cb KOMUN\u00cbN E MEDVEGJ\u00cbS\"}]},{\"@type\":\"WebSite\",\"@id\":\"https:\\\/\\\/kt.gov.rs\\\/#website\",\"url\":\"https:\\\/\\\/kt.gov.rs\\\/\",\"name\":\"\u041a\u043e\u043e\u0440\u0434\u0438\u043d\u0430\u0446\u0438\u043e\u043d\u043e \u0442\u0435\u043b\u043e \u0412\u043b\u0430\u0434\u0435 \u0420\u0435\u043f\u0443\u0431\u043b\u0438\u043a\u0435 \u0421\u0440\u0431\u0438\u0458\u0435 \u0437\u0430 \u043e\u043f\u0448\u0442\u0438\u043d\u0435 \u041f\u0440\u0435\u0448\u0435\u0432\u043e, \u0411\u0443\u0458\u0430\u043d\u043e\u0432\u0430\u0446 \u0438 \u041c\u0435\u0434\u0432\u0435\u0452a\",\"description\":\"\",\"publisher\":{\"@id\":\"https:\\\/\\\/kt.gov.rs\\\/#organization\"},\"alternateName\":\"\u041a\u043e\u043e\u0440\u0434\u0438\u043d\u0430\u0446\u0438\u043e\u043d\u043e \u0442\u0435\u043b\u043e\",\"potentialAction\":[{\"@type\":\"SearchAction\",\"target\":{\"@type\":\"EntryPoint\",\"urlTemplate\":\"https:\\\/\\\/kt.gov.rs\\\/?s={search_term_string}\"},\"query-input\":{\"@type\":\"PropertyValueSpecification\",\"valueRequired\":true,\"valueName\":\"search_term_string\"}}],\"inLanguage\":\"sq-AL\"},{\"@type\":\"Organization\",\"@id\":\"https:\\\/\\\/kt.gov.rs\\\/#organization\",\"name\":\"\u041a\u043e\u043e\u0440\u0434\u0438\u043d\u0430\u0446\u0438\u043e\u043d\u043e \u0442\u0435\u043b\u043e \u0412\u043b\u0430\u0434\u0435 \u0420\u0435\u043f\u0443\u0431\u043b\u0438\u043a\u0435 \u0421\u0440\u0431\u0438\u0458\u0435 \u0437\u0430 \u043e\u043f\u0448\u0442\u0438\u043d\u0435 \u041f\u0440\u0435\u0448\u0435\u0432\u043e, \u0411\u0443\u0458\u0430\u043d\u043e\u0432\u0430\u0446 \u0438 \u041c\u0435\u0434\u0432\u0435\u0452a\",\"alternateName\":\"\u041a\u043e\u043e\u0440\u0434\u0438\u043d\u0430\u0446\u0438\u043e\u043d\u043e \u0442\u0435\u043b\u043e\",\"url\":\"https:\\\/\\\/kt.gov.rs\\\/\",\"logo\":{\"@type\":\"ImageObject\",\"inLanguage\":\"sq-AL\",\"@id\":\"https:\\\/\\\/kt.gov.rs\\\/#\\\/schema\\\/logo\\\/image\\\/\",\"url\":\"https:\\\/\\\/kt.gov.rs\\\/wp-content\\\/uploads\\\/2024\\\/12\\\/koord2.jpg\",\"contentUrl\":\"https:\\\/\\\/kt.gov.rs\\\/wp-content\\\/uploads\\\/2024\\\/12\\\/koord2.jpg\",\"width\":640,\"height\":480,\"caption\":\"\u041a\u043e\u043e\u0440\u0434\u0438\u043d\u0430\u0446\u0438\u043e\u043d\u043e \u0442\u0435\u043b\u043e \u0412\u043b\u0430\u0434\u0435 \u0420\u0435\u043f\u0443\u0431\u043b\u0438\u043a\u0435 \u0421\u0440\u0431\u0438\u0458\u0435 \u0437\u0430 \u043e\u043f\u0448\u0442\u0438\u043d\u0435 \u041f\u0440\u0435\u0448\u0435\u0432\u043e, \u0411\u0443\u0458\u0430\u043d\u043e\u0432\u0430\u0446 \u0438 \u041c\u0435\u0434\u0432\u0435\u0452a\"},\"image\":{\"@id\":\"https:\\\/\\\/kt.gov.rs\\\/#\\\/schema\\\/logo\\\/image\\\/\"},\"sameAs\":[\"https:\\\/\\\/www.facebook.com\\\/SluzbaKoordinacionogTelaVladeRepublikeSrbije\",\"https:\\\/\\\/x.com\\\/kt_gov\",\"https:\\\/\\\/www.youtube.com\\\/@koordinacionotelo\"]},{\"@type\":\"Person\",\"@id\":\"https:\\\/\\\/kt.gov.rs\\\/#\\\/schema\\\/person\\\/e426459ddb4173309103390602694571\",\"name\":\"ktmin\",\"image\":{\"@type\":\"ImageObject\",\"inLanguage\":\"sq-AL\",\"@id\":\"https:\\\/\\\/secure.gravatar.com\\\/avatar\\\/3985c961109853010c3fbc7ba30365bfba5db3dd6c525831d9c595c7525a615a?s=96&d=mm&r=g\",\"url\":\"https:\\\/\\\/secure.gravatar.com\\\/avatar\\\/3985c961109853010c3fbc7ba30365bfba5db3dd6c525831d9c595c7525a615a?s=96&d=mm&r=g\",\"contentUrl\":\"https:\\\/\\\/secure.gravatar.com\\\/avatar\\\/3985c961109853010c3fbc7ba30365bfba5db3dd6c525831d9c595c7525a615a?s=96&d=mm&r=g\",\"caption\":\"ktmin\"},\"sameAs\":[\"https:\\\/\\\/kt.gov.rs\"],\"url\":\"https:\\\/\\\/kt.gov.rs\\\/sq\\\/author\\\/ktmin\\\/\"}]}<\/script>\n<!-- \/ Yoast SEO plugin. -->","yoast_head_json":{"title":"VIZITA E NDIHM\u00cbSES S\u00cb MINISTRIT T\u00cb KUJDESIT FAMILJAR DHE DEMOGRAFIS\u00cb N\u00cb KOMUN\u00cbN E MEDVEGJ\u00cbS - Republika e S\u00ebrbis\u00eb Trupi Koordinues p\u00ebr komunat Bujanoc, Preshev\u00eb dhe Medvegj\u00eb","robots":{"index":"index","follow":"follow","max-snippet":"max-snippet:-1","max-image-preview":"max-image-preview:large","max-video-preview":"max-video-preview:-1"},"canonical":"https:\/\/kt.gov.rs\/sq\/vizita-e-ndihmeses-se-ministrit-te-kujdesit-familjar-dhe-demografise-ne-komunen-e-medvegjes\/","og_locale":"sq_AL","og_type":"article","og_title":"VIZITA E NDIHM\u00cbSES S\u00cb MINISTRIT T\u00cb KUJDESIT FAMILJAR DHE DEMOGRAFIS\u00cb N\u00cb KOMUN\u00cbN E MEDVEGJ\u00cbS - Republika e S\u00ebrbis\u00eb Trupi Koordinues p\u00ebr komunat Bujanoc, Preshev\u00eb dhe Medvegj\u00eb","og_description":"Medvegj\u00eb-Beograd\u00a0Alleksandra \u00c7amagiq, ndihm\u00ebsja e ministrit n\u00eb Ministrin\u00eb e kujdesit familjar dhe demografis\u00eb t\u00eb Qeveris\u00eb s\u00eb Republik\u00ebs s\u00eb Serbis\u00eb,\u00a0 ka q\u00ebndruar n\u00eb vizit\u00eb pune n\u00eb komu\u00ebn e Medvegj\u00ebs.","og_url":"https:\/\/kt.gov.rs\/sq\/vizita-e-ndihmeses-se-ministrit-te-kujdesit-familjar-dhe-demografise-ne-komunen-e-medvegjes\/","og_site_name":"Republika e S\u00ebrbis\u00eb Trupi Koordinues p\u00ebr komunat Bujanoc, Preshev\u00eb dhe Medvegj\u00eb","article_publisher":"https:\/\/www.facebook.com\/SluzbaKoordinacionogTelaVladeRepublikeSrbije","article_published_time":"2021-12-01T00:00:00+00:00","article_modified_time":"2024-07-30T17:58:41+00:00","og_image":[{"width":315,"height":230,"url":"https:\/\/kt.gov.rs\/wp-content\/uploads\/2024\/07\/1638366073_011221_1-3.jpg","type":"image\/jpeg"}],"author":"ktmin","twitter_card":"summary_large_image","twitter_creator":"@kt_gov","twitter_site":"@kt_gov","twitter_misc":{"Written by":"ktmin","Est. reading time":"2 minutes"},"schema":{"@context":"https:\/\/schema.org","@graph":[{"@type":"Article","@id":"https:\/\/kt.gov.rs\/sq\/vizita-e-ndihmeses-se-ministrit-te-kujdesit-familjar-dhe-demografise-ne-komunen-e-medvegjes\/#article","isPartOf":{"@id":"https:\/\/kt.gov.rs\/sq\/vizita-e-ndihmeses-se-ministrit-te-kujdesit-familjar-dhe-demografise-ne-komunen-e-medvegjes\/"},"author":{"name":"ktmin","@id":"https:\/\/kt.gov.rs\/#\/schema\/person\/e426459ddb4173309103390602694571"},"headline":"VIZITA E NDIHM\u00cbSES S\u00cb MINISTRIT T\u00cb KUJDESIT FAMILJAR DHE DEMOGRAFIS\u00cb N\u00cb KOMUN\u00cbN E MEDVEGJ\u00cbS","datePublished":"2021-12-01T00:00:00+00:00","dateModified":"2024-07-30T17:58:41+00:00","mainEntityOfPage":{"@id":"https:\/\/kt.gov.rs\/sq\/vizita-e-ndihmeses-se-ministrit-te-kujdesit-familjar-dhe-demografise-ne-komunen-e-medvegjes\/"},"wordCount":442,"publisher":{"@id":"https:\/\/kt.gov.rs\/#organization"},"image":{"@id":"https:\/\/kt.gov.rs\/sq\/vizita-e-ndihmeses-se-ministrit-te-kujdesit-familjar-dhe-demografise-ne-komunen-e-medvegjes\/#primaryimage"},"thumbnailUrl":"https:\/\/kt.gov.rs\/wp-content\/uploads\/2024\/07\/1638366073_011221_1-3.jpg","articleSection":["Lajme"],"inLanguage":"sq-AL"},{"@type":"WebPage","@id":"https:\/\/kt.gov.rs\/sq\/vizita-e-ndihmeses-se-ministrit-te-kujdesit-familjar-dhe-demografise-ne-komunen-e-medvegjes\/","url":"https:\/\/kt.gov.rs\/sq\/vizita-e-ndihmeses-se-ministrit-te-kujdesit-familjar-dhe-demografise-ne-komunen-e-medvegjes\/","name":"VIZITA E NDIHM\u00cbSES S\u00cb MINISTRIT T\u00cb KUJDESIT FAMILJAR DHE DEMOGRAFIS\u00cb N\u00cb KOMUN\u00cbN E MEDVEGJ\u00cbS - Republika e S\u00ebrbis\u00eb Trupi Koordinues p\u00ebr komunat Bujanoc, Preshev\u00eb dhe Medvegj\u00eb","isPartOf":{"@id":"https:\/\/kt.gov.rs\/#website"},"primaryImageOfPage":{"@id":"https:\/\/kt.gov.rs\/sq\/vizita-e-ndihmeses-se-ministrit-te-kujdesit-familjar-dhe-demografise-ne-komunen-e-medvegjes\/#primaryimage"},"image":{"@id":"https:\/\/kt.gov.rs\/sq\/vizita-e-ndihmeses-se-ministrit-te-kujdesit-familjar-dhe-demografise-ne-komunen-e-medvegjes\/#primaryimage"},"thumbnailUrl":"https:\/\/kt.gov.rs\/wp-content\/uploads\/2024\/07\/1638366073_011221_1-3.jpg","datePublished":"2021-12-01T00:00:00+00:00","dateModified":"2024-07-30T17:58:41+00:00","breadcrumb":{"@id":"https:\/\/kt.gov.rs\/sq\/vizita-e-ndihmeses-se-ministrit-te-kujdesit-familjar-dhe-demografise-ne-komunen-e-medvegjes\/#breadcrumb"},"inLanguage":"sq-AL","potentialAction":[{"@type":"ReadAction","target":["https:\/\/kt.gov.rs\/sq\/vizita-e-ndihmeses-se-ministrit-te-kujdesit-familjar-dhe-demografise-ne-komunen-e-medvegjes\/"]}]},{"@type":"ImageObject","inLanguage":"sq-AL","@id":"https:\/\/kt.gov.rs\/sq\/vizita-e-ndihmeses-se-ministrit-te-kujdesit-familjar-dhe-demografise-ne-komunen-e-medvegjes\/#primaryimage","url":"https:\/\/kt.gov.rs\/wp-content\/uploads\/2024\/07\/1638366073_011221_1-3.jpg","contentUrl":"https:\/\/kt.gov.rs\/wp-content\/uploads\/2024\/07\/1638366073_011221_1-3.jpg","width":315,"height":230},{"@type":"BreadcrumbList","@id":"https:\/\/kt.gov.rs\/sq\/vizita-e-ndihmeses-se-ministrit-te-kujdesit-familjar-dhe-demografise-ne-komunen-e-medvegjes\/#breadcrumb","itemListElement":[{"@type":"ListItem","position":1,"name":"\u041f\u043e\u0447\u0435\u0442\u043d\u0430","item":"https:\/\/kt.gov.rs\/sq\/"},{"@type":"ListItem","position":2,"name":"VIZITA E NDIHM\u00cbSES S\u00cb MINISTRIT T\u00cb KUJDESIT FAMILJAR DHE DEMOGRAFIS\u00cb N\u00cb KOMUN\u00cbN E MEDVEGJ\u00cbS"}]},{"@type":"WebSite","@id":"https:\/\/kt.gov.rs\/#website","url":"https:\/\/kt.gov.rs\/","name":"\u041a\u043e\u043e\u0440\u0434\u0438\u043d\u0430\u0446\u0438\u043e\u043d\u043e \u0442\u0435\u043b\u043e \u0412\u043b\u0430\u0434\u0435 \u0420\u0435\u043f\u0443\u0431\u043b\u0438\u043a\u0435 \u0421\u0440\u0431\u0438\u0458\u0435 \u0437\u0430 \u043e\u043f\u0448\u0442\u0438\u043d\u0435 \u041f\u0440\u0435\u0448\u0435\u0432\u043e, \u0411\u0443\u0458\u0430\u043d\u043e\u0432\u0430\u0446 \u0438 \u041c\u0435\u0434\u0432\u0435\u0452a","description":"","publisher":{"@id":"https:\/\/kt.gov.rs\/#organization"},"alternateName":"\u041a\u043e\u043e\u0440\u0434\u0438\u043d\u0430\u0446\u0438\u043e\u043d\u043e \u0442\u0435\u043b\u043e","potentialAction":[{"@type":"SearchAction","target":{"@type":"EntryPoint","urlTemplate":"https:\/\/kt.gov.rs\/?s={search_term_string}"},"query-input":{"@type":"PropertyValueSpecification","valueRequired":true,"valueName":"search_term_string"}}],"inLanguage":"sq-AL"},{"@type":"Organization","@id":"https:\/\/kt.gov.rs\/#organization","name":"\u041a\u043e\u043e\u0440\u0434\u0438\u043d\u0430\u0446\u0438\u043e\u043d\u043e \u0442\u0435\u043b\u043e \u0412\u043b\u0430\u0434\u0435 \u0420\u0435\u043f\u0443\u0431\u043b\u0438\u043a\u0435 \u0421\u0440\u0431\u0438\u0458\u0435 \u0437\u0430 \u043e\u043f\u0448\u0442\u0438\u043d\u0435 \u041f\u0440\u0435\u0448\u0435\u0432\u043e, \u0411\u0443\u0458\u0430\u043d\u043e\u0432\u0430\u0446 \u0438 \u041c\u0435\u0434\u0432\u0435\u0452a","alternateName":"\u041a\u043e\u043e\u0440\u0434\u0438\u043d\u0430\u0446\u0438\u043e\u043d\u043e \u0442\u0435\u043b\u043e","url":"https:\/\/kt.gov.rs\/","logo":{"@type":"ImageObject","inLanguage":"sq-AL","@id":"https:\/\/kt.gov.rs\/#\/schema\/logo\/image\/","url":"https:\/\/kt.gov.rs\/wp-content\/uploads\/2024\/12\/koord2.jpg","contentUrl":"https:\/\/kt.gov.rs\/wp-content\/uploads\/2024\/12\/koord2.jpg","width":640,"height":480,"caption":"\u041a\u043e\u043e\u0440\u0434\u0438\u043d\u0430\u0446\u0438\u043e\u043d\u043e \u0442\u0435\u043b\u043e \u0412\u043b\u0430\u0434\u0435 \u0420\u0435\u043f\u0443\u0431\u043b\u0438\u043a\u0435 \u0421\u0440\u0431\u0438\u0458\u0435 \u0437\u0430 \u043e\u043f\u0448\u0442\u0438\u043d\u0435 \u041f\u0440\u0435\u0448\u0435\u0432\u043e, \u0411\u0443\u0458\u0430\u043d\u043e\u0432\u0430\u0446 \u0438 \u041c\u0435\u0434\u0432\u0435\u0452a"},"image":{"@id":"https:\/\/kt.gov.rs\/#\/schema\/logo\/image\/"},"sameAs":["https:\/\/www.facebook.com\/SluzbaKoordinacionogTelaVladeRepublikeSrbije","https:\/\/x.com\/kt_gov","https:\/\/www.youtube.com\/@koordinacionotelo"]},{"@type":"Person","@id":"https:\/\/kt.gov.rs\/#\/schema\/person\/e426459ddb4173309103390602694571","name":"ktmin","image":{"@type":"ImageObject","inLanguage":"sq-AL","@id":"https:\/\/secure.gravatar.com\/avatar\/3985c961109853010c3fbc7ba30365bfba5db3dd6c525831d9c595c7525a615a?s=96&d=mm&r=g","url":"https:\/\/secure.gravatar.com\/avatar\/3985c961109853010c3fbc7ba30365bfba5db3dd6c525831d9c595c7525a615a?s=96&d=mm&r=g","contentUrl":"https:\/\/secure.gravatar.com\/avatar\/3985c961109853010c3fbc7ba30365bfba5db3dd6c525831d9c595c7525a615a?s=96&d=mm&r=g","caption":"ktmin"},"sameAs":["https:\/\/kt.gov.rs"],"url":"https:\/\/kt.gov.rs\/sq\/author\/ktmin\/"}]}},"_links":{"self":[{"href":"https:\/\/kt.gov.rs\/sq\/wp-json\/wp\/v2\/posts\/108762","targetHints":{"allow":["GET"]}}],"collection":[{"href":"https:\/\/kt.gov.rs\/sq\/wp-json\/wp\/v2\/posts"}],"about":[{"href":"https:\/\/kt.gov.rs\/sq\/wp-json\/wp\/v2\/types\/post"}],"author":[{"embeddable":true,"href":"https:\/\/kt.gov.rs\/sq\/wp-json\/wp\/v2\/users\/1"}],"replies":[{"embeddable":true,"href":"https:\/\/kt.gov.rs\/sq\/wp-json\/wp\/v2\/comments?post=108762"}],"version-history":[{"count":1,"href":"https:\/\/kt.gov.rs\/sq\/wp-json\/wp\/v2\/posts\/108762\/revisions"}],"predecessor-version":[{"id":108766,"href":"https:\/\/kt.gov.rs\/sq\/wp-json\/wp\/v2\/posts\/108762\/revisions\/108766"}],"wp:featuredmedia":[{"embeddable":true,"href":"https:\/\/kt.gov.rs\/sq\/wp-json\/wp\/v2\/media\/108767"}],"wp:attachment":[{"href":"https:\/\/kt.gov.rs\/sq\/wp-json\/wp\/v2\/media?parent=108762"}],"wp:term":[{"taxonomy":"category","embeddable":true,"href":"https:\/\/kt.gov.rs\/sq\/wp-json\/wp\/v2\/categories?post=108762"},{"taxonomy":"post_tag","embeddable":true,"href":"https:\/\/kt.gov.rs\/sq\/wp-json\/wp\/v2\/tags?post=108762"}],"curies":[{"name":"wp","href":"https:\/\/api.w.org\/{rel}","templated":true}]}}