{"id":108754,"date":"2021-12-01T00:00:00","date_gmt":"2021-12-01T00:00:00","guid":{"rendered":"http:\/\/kt.printandscreen.rs\/atdheu-ne-kavanoz-ajvari-dhe-embelsirat-i-sollen-cmime-medvegjes\/"},"modified":"2024-07-30T17:58:40","modified_gmt":"2024-07-30T17:58:40","slug":"atdheu-ne-kavanoz-ajvari-dhe-embelsirat-i-sollen-cmime-medvegjes","status":"publish","type":"post","link":"https:\/\/kt.gov.rs\/sq\/atdheu-ne-kavanoz-ajvari-dhe-embelsirat-i-sollen-cmime-medvegjes\/","title":{"rendered":"\u201cATDHEU N\u00cb KAVANOZ\u201d \u2013 AJVARI DHE \u00cbMB\u00cbLSIRAT I SOLL\u00cbN \u00c7MIME MEDVEGJ\u00cbS"},"content":{"rendered":"<p>\n\t<strong><img decoding=\"async\" alt=\"\" src=\"https:\/\/kt.gov.rs\/wp-content\/uploads\/2024\/07\/1638366194_011221_2-2.jpg\" style=\"width: 315px; height: 230px; float: left;\" \/>Beograd-Medvegj\u00eb<\/strong> \u2013 N\u00eb panairin e etno ushqimeve dhe pijeve n\u00eb Beograd, n\u00eb mesin e 350 pjes\u00ebmarr\u00ebsve, shoqata \u201cAtdheu n\u00eb kavanoz\u201d fitoi dy \u00e7mime, t\u00eb cilat e radhit\u00ebn komun\u00ebn e Medvegj\u00ebs n\u00eb mesin e pjes\u00ebmarr\u00ebsve m\u00eb t\u00eb suksessh\u00ebm n\u00eb panair.<\/p>\n<p>\n\tMe q\u00ebllim t\u00eb promovimit t\u00eb komunave t\u00eb pazhvilluara u mbajt Panairi i 15-t\u00eb Nd\u00ebrkomb\u00ebtar i Etno Ushqimit dhe Pijeve, i cili prezantoi specialitete karakteristike nga pjes\u00eb t\u00eb ndryshme t\u00eb Serbis\u00eb, por k\u00ebt\u00eb vit p\u00ebr her\u00eb t\u00eb par\u00eb kan\u00eb marr\u00eb pjes\u00eb\u00a0 p\u00ebrfaq\u00ebsuesit t\u00eb komunave q\u00eb jan\u00eb kryesisht n\u00eb mjedise t\u00eb sh\u00ebndetshme dhe t\u00eb ruajtura ekologjikisht.<\/p>\n<p>\n\tShoqata \u201cAtdheu n\u00eb kavanoz\u201d Jellena Milletiq nga Medvegja mori\u00a0 diplom\u00eb n\u00eb grupin e produkteve\u00a0 bimore p\u00ebr ajvar dhe\u00a0 mir\u00ebnjohje t\u00eb ve\u00e7ant\u00eb n\u00eb kategorin\u00eb e frutave, p\u00ebr \u00ebmb\u00eblsirat sht\u00ebpiake nga manaferra.<\/p>\n<p>\n\t\u00a0Kryetari i k\u00ebsaj komune \u00a0Nebojsha Arsiq \u00a0i ka mb\u00ebshtetur \u00a0ekspozuesit me pranin\u00eb e tij n\u00eb panair.<\/p>\n<p>\n\tManifestimi tradicionalisht organizohet nga Ministria p\u00ebrgjegj\u00ebse p\u00ebr zhvillimin e komunave t\u00eb pazhvilluara.<\/p>\n<p>\n\t<strong>Burimi: Q\u00ebndrimi, Trupi Koordinues<\/strong><\/p>\n<p>\n\t\u00a0<\/p>\n","protected":false},"excerpt":{"rendered":"<p>Beograd-Medvegj\u00eb\u00a0\u2013 N\u00eb panairin e etno ushqimeve dhe pijeve n\u00eb Beograd, n\u00eb mesin e 350 pjes\u00ebmarr\u00ebsve, shoqata \u201cAtdheu n\u00eb kavanoz\u201d fitoi dy \u00e7mime, t\u00eb cilat e radhit\u00ebn komun\u00ebn e Medvegj\u00ebs n\u00eb mesin e pjes\u00ebmarr\u00ebsve m\u00eb t\u00eb suksessh\u00ebm n\u00eb panair.<\/p>\n","protected":false},"author":1,"featured_media":108759,"comment_status":"closed","ping_status":"closed","sticky":false,"template":"","format":"standard","meta":{"footnotes":""},"categories":[55],"tags":[],"class_list":["post-108754","post","type-post","status-publish","format-standard","has-post-thumbnail","hentry","category-lajme"],"yoast_head":"<!-- This site is optimized with the Yoast SEO plugin v27.5 - https:\/\/yoast.com\/product\/yoast-seo-wordpress\/ -->\n<title>\u201cATDHEU N\u00cb KAVANOZ\u201d \u2013 AJVARI DHE \u00cbMB\u00cbLSIRAT I SOLL\u00cbN \u00c7MIME MEDVEGJ\u00cbS - Republika e S\u00ebrbis\u00eb Trupi Koordinues p\u00ebr komunat Bujanoc, Preshev\u00eb dhe Medvegj\u00eb<\/title>\n<meta name=\"robots\" content=\"index, follow, max-snippet:-1, max-image-preview:large, max-video-preview:-1\" \/>\n<link rel=\"canonical\" href=\"https:\/\/kt.gov.rs\/sq\/atdheu-ne-kavanoz-ajvari-dhe-embelsirat-i-sollen-cmime-medvegjes\/\" \/>\n<meta property=\"og:locale\" content=\"sq_AL\" \/>\n<meta property=\"og:type\" content=\"article\" \/>\n<meta property=\"og:title\" content=\"\u201cATDHEU N\u00cb KAVANOZ\u201d \u2013 AJVARI DHE \u00cbMB\u00cbLSIRAT I SOLL\u00cbN \u00c7MIME MEDVEGJ\u00cbS - Republika e S\u00ebrbis\u00eb Trupi Koordinues p\u00ebr komunat Bujanoc, Preshev\u00eb dhe Medvegj\u00eb\" \/>\n<meta property=\"og:description\" content=\"Beograd-Medvegj\u00eb\u00a0- N\u00eb panairin e etno ushqimeve dhe pijeve n\u00eb Beograd, n\u00eb mesin e 350 pjes\u00ebmarr\u00ebsve, shoqata \u201cAtdheu n\u00eb kavanoz\u201d fitoi dy \u00e7mime, t\u00eb cilat e radhit\u00ebn komun\u00ebn e Medvegj\u00ebs n\u00eb mesin e pjes\u00ebmarr\u00ebsve m\u00eb t\u00eb suksessh\u00ebm n\u00eb panair.\" \/>\n<meta property=\"og:url\" content=\"https:\/\/kt.gov.rs\/sq\/atdheu-ne-kavanoz-ajvari-dhe-embelsirat-i-sollen-cmime-medvegjes\/\" \/>\n<meta property=\"og:site_name\" content=\"Republika e S\u00ebrbis\u00eb Trupi Koordinues p\u00ebr komunat Bujanoc, Preshev\u00eb dhe Medvegj\u00eb\" \/>\n<meta property=\"article:publisher\" content=\"https:\/\/www.facebook.com\/SluzbaKoordinacionogTelaVladeRepublikeSrbije\" \/>\n<meta property=\"article:published_time\" content=\"2021-12-01T00:00:00+00:00\" \/>\n<meta property=\"article:modified_time\" content=\"2024-07-30T17:58:40+00:00\" \/>\n<meta property=\"og:image\" content=\"https:\/\/kt.gov.rs\/wp-content\/uploads\/2024\/07\/1638366194_011221_2-3.jpg\" \/>\n\t<meta property=\"og:image:width\" content=\"315\" \/>\n\t<meta property=\"og:image:height\" content=\"230\" \/>\n\t<meta property=\"og:image:type\" content=\"image\/jpeg\" \/>\n<meta name=\"author\" content=\"ktmin\" \/>\n<meta name=\"twitter:card\" content=\"summary_large_image\" \/>\n<meta name=\"twitter:creator\" content=\"@kt_gov\" \/>\n<meta name=\"twitter:site\" content=\"@kt_gov\" \/>\n<meta name=\"twitter:label1\" content=\"Written by\" \/>\n\t<meta name=\"twitter:data1\" content=\"ktmin\" \/>\n\t<meta name=\"twitter:label2\" content=\"Est. reading time\" \/>\n\t<meta name=\"twitter:data2\" content=\"1 minute\" \/>\n<script type=\"application\/ld+json\" class=\"yoast-schema-graph\">{\"@context\":\"https:\\\/\\\/schema.org\",\"@graph\":[{\"@type\":\"Article\",\"@id\":\"https:\\\/\\\/kt.gov.rs\\\/sq\\\/atdheu-ne-kavanoz-ajvari-dhe-embelsirat-i-sollen-cmime-medvegjes\\\/#article\",\"isPartOf\":{\"@id\":\"https:\\\/\\\/kt.gov.rs\\\/sq\\\/atdheu-ne-kavanoz-ajvari-dhe-embelsirat-i-sollen-cmime-medvegjes\\\/\"},\"author\":{\"name\":\"ktmin\",\"@id\":\"https:\\\/\\\/kt.gov.rs\\\/#\\\/schema\\\/person\\\/e426459ddb4173309103390602694571\"},\"headline\":\"\u201cATDHEU N\u00cb KAVANOZ\u201d \u2013 AJVARI DHE \u00cbMB\u00cbLSIRAT I SOLL\u00cbN \u00c7MIME MEDVEGJ\u00cbS\",\"datePublished\":\"2021-12-01T00:00:00+00:00\",\"dateModified\":\"2024-07-30T17:58:40+00:00\",\"mainEntityOfPage\":{\"@id\":\"https:\\\/\\\/kt.gov.rs\\\/sq\\\/atdheu-ne-kavanoz-ajvari-dhe-embelsirat-i-sollen-cmime-medvegjes\\\/\"},\"wordCount\":279,\"publisher\":{\"@id\":\"https:\\\/\\\/kt.gov.rs\\\/#organization\"},\"image\":{\"@id\":\"https:\\\/\\\/kt.gov.rs\\\/sq\\\/atdheu-ne-kavanoz-ajvari-dhe-embelsirat-i-sollen-cmime-medvegjes\\\/#primaryimage\"},\"thumbnailUrl\":\"https:\\\/\\\/kt.gov.rs\\\/wp-content\\\/uploads\\\/2024\\\/07\\\/1638366194_011221_2-3.jpg\",\"articleSection\":[\"Lajme\"],\"inLanguage\":\"sq-AL\"},{\"@type\":\"WebPage\",\"@id\":\"https:\\\/\\\/kt.gov.rs\\\/sq\\\/atdheu-ne-kavanoz-ajvari-dhe-embelsirat-i-sollen-cmime-medvegjes\\\/\",\"url\":\"https:\\\/\\\/kt.gov.rs\\\/sq\\\/atdheu-ne-kavanoz-ajvari-dhe-embelsirat-i-sollen-cmime-medvegjes\\\/\",\"name\":\"\u201cATDHEU N\u00cb KAVANOZ\u201d \u2013 AJVARI DHE \u00cbMB\u00cbLSIRAT I SOLL\u00cbN \u00c7MIME MEDVEGJ\u00cbS - Republika e S\u00ebrbis\u00eb Trupi Koordinues p\u00ebr komunat Bujanoc, Preshev\u00eb dhe Medvegj\u00eb\",\"isPartOf\":{\"@id\":\"https:\\\/\\\/kt.gov.rs\\\/#website\"},\"primaryImageOfPage\":{\"@id\":\"https:\\\/\\\/kt.gov.rs\\\/sq\\\/atdheu-ne-kavanoz-ajvari-dhe-embelsirat-i-sollen-cmime-medvegjes\\\/#primaryimage\"},\"image\":{\"@id\":\"https:\\\/\\\/kt.gov.rs\\\/sq\\\/atdheu-ne-kavanoz-ajvari-dhe-embelsirat-i-sollen-cmime-medvegjes\\\/#primaryimage\"},\"thumbnailUrl\":\"https:\\\/\\\/kt.gov.rs\\\/wp-content\\\/uploads\\\/2024\\\/07\\\/1638366194_011221_2-3.jpg\",\"datePublished\":\"2021-12-01T00:00:00+00:00\",\"dateModified\":\"2024-07-30T17:58:40+00:00\",\"breadcrumb\":{\"@id\":\"https:\\\/\\\/kt.gov.rs\\\/sq\\\/atdheu-ne-kavanoz-ajvari-dhe-embelsirat-i-sollen-cmime-medvegjes\\\/#breadcrumb\"},\"inLanguage\":\"sq-AL\",\"potentialAction\":[{\"@type\":\"ReadAction\",\"target\":[\"https:\\\/\\\/kt.gov.rs\\\/sq\\\/atdheu-ne-kavanoz-ajvari-dhe-embelsirat-i-sollen-cmime-medvegjes\\\/\"]}]},{\"@type\":\"ImageObject\",\"inLanguage\":\"sq-AL\",\"@id\":\"https:\\\/\\\/kt.gov.rs\\\/sq\\\/atdheu-ne-kavanoz-ajvari-dhe-embelsirat-i-sollen-cmime-medvegjes\\\/#primaryimage\",\"url\":\"https:\\\/\\\/kt.gov.rs\\\/wp-content\\\/uploads\\\/2024\\\/07\\\/1638366194_011221_2-3.jpg\",\"contentUrl\":\"https:\\\/\\\/kt.gov.rs\\\/wp-content\\\/uploads\\\/2024\\\/07\\\/1638366194_011221_2-3.jpg\",\"width\":315,\"height\":230},{\"@type\":\"BreadcrumbList\",\"@id\":\"https:\\\/\\\/kt.gov.rs\\\/sq\\\/atdheu-ne-kavanoz-ajvari-dhe-embelsirat-i-sollen-cmime-medvegjes\\\/#breadcrumb\",\"itemListElement\":[{\"@type\":\"ListItem\",\"position\":1,\"name\":\"\u041f\u043e\u0447\u0435\u0442\u043d\u0430\",\"item\":\"https:\\\/\\\/kt.gov.rs\\\/sq\\\/\"},{\"@type\":\"ListItem\",\"position\":2,\"name\":\"\u201cATDHEU N\u00cb KAVANOZ\u201d \u2013 AJVARI DHE \u00cbMB\u00cbLSIRAT I SOLL\u00cbN \u00c7MIME MEDVEGJ\u00cbS\"}]},{\"@type\":\"WebSite\",\"@id\":\"https:\\\/\\\/kt.gov.rs\\\/#website\",\"url\":\"https:\\\/\\\/kt.gov.rs\\\/\",\"name\":\"\u041a\u043e\u043e\u0440\u0434\u0438\u043d\u0430\u0446\u0438\u043e\u043d\u043e \u0442\u0435\u043b\u043e \u0412\u043b\u0430\u0434\u0435 \u0420\u0435\u043f\u0443\u0431\u043b\u0438\u043a\u0435 \u0421\u0440\u0431\u0438\u0458\u0435 \u0437\u0430 \u043e\u043f\u0448\u0442\u0438\u043d\u0435 \u041f\u0440\u0435\u0448\u0435\u0432\u043e, \u0411\u0443\u0458\u0430\u043d\u043e\u0432\u0430\u0446 \u0438 \u041c\u0435\u0434\u0432\u0435\u0452a\",\"description\":\"\",\"publisher\":{\"@id\":\"https:\\\/\\\/kt.gov.rs\\\/#organization\"},\"alternateName\":\"\u041a\u043e\u043e\u0440\u0434\u0438\u043d\u0430\u0446\u0438\u043e\u043d\u043e \u0442\u0435\u043b\u043e\",\"potentialAction\":[{\"@type\":\"SearchAction\",\"target\":{\"@type\":\"EntryPoint\",\"urlTemplate\":\"https:\\\/\\\/kt.gov.rs\\\/?s={search_term_string}\"},\"query-input\":{\"@type\":\"PropertyValueSpecification\",\"valueRequired\":true,\"valueName\":\"search_term_string\"}}],\"inLanguage\":\"sq-AL\"},{\"@type\":\"Organization\",\"@id\":\"https:\\\/\\\/kt.gov.rs\\\/#organization\",\"name\":\"\u041a\u043e\u043e\u0440\u0434\u0438\u043d\u0430\u0446\u0438\u043e\u043d\u043e \u0442\u0435\u043b\u043e \u0412\u043b\u0430\u0434\u0435 \u0420\u0435\u043f\u0443\u0431\u043b\u0438\u043a\u0435 \u0421\u0440\u0431\u0438\u0458\u0435 \u0437\u0430 \u043e\u043f\u0448\u0442\u0438\u043d\u0435 \u041f\u0440\u0435\u0448\u0435\u0432\u043e, \u0411\u0443\u0458\u0430\u043d\u043e\u0432\u0430\u0446 \u0438 \u041c\u0435\u0434\u0432\u0435\u0452a\",\"alternateName\":\"\u041a\u043e\u043e\u0440\u0434\u0438\u043d\u0430\u0446\u0438\u043e\u043d\u043e \u0442\u0435\u043b\u043e\",\"url\":\"https:\\\/\\\/kt.gov.rs\\\/\",\"logo\":{\"@type\":\"ImageObject\",\"inLanguage\":\"sq-AL\",\"@id\":\"https:\\\/\\\/kt.gov.rs\\\/#\\\/schema\\\/logo\\\/image\\\/\",\"url\":\"https:\\\/\\\/kt.gov.rs\\\/wp-content\\\/uploads\\\/2024\\\/12\\\/koord2.jpg\",\"contentUrl\":\"https:\\\/\\\/kt.gov.rs\\\/wp-content\\\/uploads\\\/2024\\\/12\\\/koord2.jpg\",\"width\":640,\"height\":480,\"caption\":\"\u041a\u043e\u043e\u0440\u0434\u0438\u043d\u0430\u0446\u0438\u043e\u043d\u043e \u0442\u0435\u043b\u043e \u0412\u043b\u0430\u0434\u0435 \u0420\u0435\u043f\u0443\u0431\u043b\u0438\u043a\u0435 \u0421\u0440\u0431\u0438\u0458\u0435 \u0437\u0430 \u043e\u043f\u0448\u0442\u0438\u043d\u0435 \u041f\u0440\u0435\u0448\u0435\u0432\u043e, \u0411\u0443\u0458\u0430\u043d\u043e\u0432\u0430\u0446 \u0438 \u041c\u0435\u0434\u0432\u0435\u0452a\"},\"image\":{\"@id\":\"https:\\\/\\\/kt.gov.rs\\\/#\\\/schema\\\/logo\\\/image\\\/\"},\"sameAs\":[\"https:\\\/\\\/www.facebook.com\\\/SluzbaKoordinacionogTelaVladeRepublikeSrbije\",\"https:\\\/\\\/x.com\\\/kt_gov\",\"https:\\\/\\\/www.youtube.com\\\/@koordinacionotelo\"]},{\"@type\":\"Person\",\"@id\":\"https:\\\/\\\/kt.gov.rs\\\/#\\\/schema\\\/person\\\/e426459ddb4173309103390602694571\",\"name\":\"ktmin\",\"image\":{\"@type\":\"ImageObject\",\"inLanguage\":\"sq-AL\",\"@id\":\"https:\\\/\\\/secure.gravatar.com\\\/avatar\\\/3985c961109853010c3fbc7ba30365bfba5db3dd6c525831d9c595c7525a615a?s=96&d=mm&r=g\",\"url\":\"https:\\\/\\\/secure.gravatar.com\\\/avatar\\\/3985c961109853010c3fbc7ba30365bfba5db3dd6c525831d9c595c7525a615a?s=96&d=mm&r=g\",\"contentUrl\":\"https:\\\/\\\/secure.gravatar.com\\\/avatar\\\/3985c961109853010c3fbc7ba30365bfba5db3dd6c525831d9c595c7525a615a?s=96&d=mm&r=g\",\"caption\":\"ktmin\"},\"sameAs\":[\"https:\\\/\\\/kt.gov.rs\"],\"url\":\"https:\\\/\\\/kt.gov.rs\\\/sq\\\/author\\\/ktmin\\\/\"}]}<\/script>\n<!-- \/ Yoast SEO plugin. -->","yoast_head_json":{"title":"\u201cATDHEU N\u00cb KAVANOZ\u201d \u2013 AJVARI DHE \u00cbMB\u00cbLSIRAT I SOLL\u00cbN \u00c7MIME MEDVEGJ\u00cbS - Republika e S\u00ebrbis\u00eb Trupi Koordinues p\u00ebr komunat Bujanoc, Preshev\u00eb dhe Medvegj\u00eb","robots":{"index":"index","follow":"follow","max-snippet":"max-snippet:-1","max-image-preview":"max-image-preview:large","max-video-preview":"max-video-preview:-1"},"canonical":"https:\/\/kt.gov.rs\/sq\/atdheu-ne-kavanoz-ajvari-dhe-embelsirat-i-sollen-cmime-medvegjes\/","og_locale":"sq_AL","og_type":"article","og_title":"\u201cATDHEU N\u00cb KAVANOZ\u201d \u2013 AJVARI DHE \u00cbMB\u00cbLSIRAT I SOLL\u00cbN \u00c7MIME MEDVEGJ\u00cbS - Republika e S\u00ebrbis\u00eb Trupi Koordinues p\u00ebr komunat Bujanoc, Preshev\u00eb dhe Medvegj\u00eb","og_description":"Beograd-Medvegj\u00eb\u00a0- N\u00eb panairin e etno ushqimeve dhe pijeve n\u00eb Beograd, n\u00eb mesin e 350 pjes\u00ebmarr\u00ebsve, shoqata \u201cAtdheu n\u00eb kavanoz\u201d fitoi dy \u00e7mime, t\u00eb cilat e radhit\u00ebn komun\u00ebn e Medvegj\u00ebs n\u00eb mesin e pjes\u00ebmarr\u00ebsve m\u00eb t\u00eb suksessh\u00ebm n\u00eb panair.","og_url":"https:\/\/kt.gov.rs\/sq\/atdheu-ne-kavanoz-ajvari-dhe-embelsirat-i-sollen-cmime-medvegjes\/","og_site_name":"Republika e S\u00ebrbis\u00eb Trupi Koordinues p\u00ebr komunat Bujanoc, Preshev\u00eb dhe Medvegj\u00eb","article_publisher":"https:\/\/www.facebook.com\/SluzbaKoordinacionogTelaVladeRepublikeSrbije","article_published_time":"2021-12-01T00:00:00+00:00","article_modified_time":"2024-07-30T17:58:40+00:00","og_image":[{"width":315,"height":230,"url":"https:\/\/kt.gov.rs\/wp-content\/uploads\/2024\/07\/1638366194_011221_2-3.jpg","type":"image\/jpeg"}],"author":"ktmin","twitter_card":"summary_large_image","twitter_creator":"@kt_gov","twitter_site":"@kt_gov","twitter_misc":{"Written by":"ktmin","Est. reading time":"1 minute"},"schema":{"@context":"https:\/\/schema.org","@graph":[{"@type":"Article","@id":"https:\/\/kt.gov.rs\/sq\/atdheu-ne-kavanoz-ajvari-dhe-embelsirat-i-sollen-cmime-medvegjes\/#article","isPartOf":{"@id":"https:\/\/kt.gov.rs\/sq\/atdheu-ne-kavanoz-ajvari-dhe-embelsirat-i-sollen-cmime-medvegjes\/"},"author":{"name":"ktmin","@id":"https:\/\/kt.gov.rs\/#\/schema\/person\/e426459ddb4173309103390602694571"},"headline":"\u201cATDHEU N\u00cb KAVANOZ\u201d \u2013 AJVARI DHE \u00cbMB\u00cbLSIRAT I SOLL\u00cbN \u00c7MIME MEDVEGJ\u00cbS","datePublished":"2021-12-01T00:00:00+00:00","dateModified":"2024-07-30T17:58:40+00:00","mainEntityOfPage":{"@id":"https:\/\/kt.gov.rs\/sq\/atdheu-ne-kavanoz-ajvari-dhe-embelsirat-i-sollen-cmime-medvegjes\/"},"wordCount":279,"publisher":{"@id":"https:\/\/kt.gov.rs\/#organization"},"image":{"@id":"https:\/\/kt.gov.rs\/sq\/atdheu-ne-kavanoz-ajvari-dhe-embelsirat-i-sollen-cmime-medvegjes\/#primaryimage"},"thumbnailUrl":"https:\/\/kt.gov.rs\/wp-content\/uploads\/2024\/07\/1638366194_011221_2-3.jpg","articleSection":["Lajme"],"inLanguage":"sq-AL"},{"@type":"WebPage","@id":"https:\/\/kt.gov.rs\/sq\/atdheu-ne-kavanoz-ajvari-dhe-embelsirat-i-sollen-cmime-medvegjes\/","url":"https:\/\/kt.gov.rs\/sq\/atdheu-ne-kavanoz-ajvari-dhe-embelsirat-i-sollen-cmime-medvegjes\/","name":"\u201cATDHEU N\u00cb KAVANOZ\u201d \u2013 AJVARI DHE \u00cbMB\u00cbLSIRAT I SOLL\u00cbN \u00c7MIME MEDVEGJ\u00cbS - Republika e S\u00ebrbis\u00eb Trupi Koordinues p\u00ebr komunat Bujanoc, Preshev\u00eb dhe Medvegj\u00eb","isPartOf":{"@id":"https:\/\/kt.gov.rs\/#website"},"primaryImageOfPage":{"@id":"https:\/\/kt.gov.rs\/sq\/atdheu-ne-kavanoz-ajvari-dhe-embelsirat-i-sollen-cmime-medvegjes\/#primaryimage"},"image":{"@id":"https:\/\/kt.gov.rs\/sq\/atdheu-ne-kavanoz-ajvari-dhe-embelsirat-i-sollen-cmime-medvegjes\/#primaryimage"},"thumbnailUrl":"https:\/\/kt.gov.rs\/wp-content\/uploads\/2024\/07\/1638366194_011221_2-3.jpg","datePublished":"2021-12-01T00:00:00+00:00","dateModified":"2024-07-30T17:58:40+00:00","breadcrumb":{"@id":"https:\/\/kt.gov.rs\/sq\/atdheu-ne-kavanoz-ajvari-dhe-embelsirat-i-sollen-cmime-medvegjes\/#breadcrumb"},"inLanguage":"sq-AL","potentialAction":[{"@type":"ReadAction","target":["https:\/\/kt.gov.rs\/sq\/atdheu-ne-kavanoz-ajvari-dhe-embelsirat-i-sollen-cmime-medvegjes\/"]}]},{"@type":"ImageObject","inLanguage":"sq-AL","@id":"https:\/\/kt.gov.rs\/sq\/atdheu-ne-kavanoz-ajvari-dhe-embelsirat-i-sollen-cmime-medvegjes\/#primaryimage","url":"https:\/\/kt.gov.rs\/wp-content\/uploads\/2024\/07\/1638366194_011221_2-3.jpg","contentUrl":"https:\/\/kt.gov.rs\/wp-content\/uploads\/2024\/07\/1638366194_011221_2-3.jpg","width":315,"height":230},{"@type":"BreadcrumbList","@id":"https:\/\/kt.gov.rs\/sq\/atdheu-ne-kavanoz-ajvari-dhe-embelsirat-i-sollen-cmime-medvegjes\/#breadcrumb","itemListElement":[{"@type":"ListItem","position":1,"name":"\u041f\u043e\u0447\u0435\u0442\u043d\u0430","item":"https:\/\/kt.gov.rs\/sq\/"},{"@type":"ListItem","position":2,"name":"\u201cATDHEU N\u00cb KAVANOZ\u201d \u2013 AJVARI DHE \u00cbMB\u00cbLSIRAT I SOLL\u00cbN \u00c7MIME MEDVEGJ\u00cbS"}]},{"@type":"WebSite","@id":"https:\/\/kt.gov.rs\/#website","url":"https:\/\/kt.gov.rs\/","name":"\u041a\u043e\u043e\u0440\u0434\u0438\u043d\u0430\u0446\u0438\u043e\u043d\u043e \u0442\u0435\u043b\u043e \u0412\u043b\u0430\u0434\u0435 \u0420\u0435\u043f\u0443\u0431\u043b\u0438\u043a\u0435 \u0421\u0440\u0431\u0438\u0458\u0435 \u0437\u0430 \u043e\u043f\u0448\u0442\u0438\u043d\u0435 \u041f\u0440\u0435\u0448\u0435\u0432\u043e, \u0411\u0443\u0458\u0430\u043d\u043e\u0432\u0430\u0446 \u0438 \u041c\u0435\u0434\u0432\u0435\u0452a","description":"","publisher":{"@id":"https:\/\/kt.gov.rs\/#organization"},"alternateName":"\u041a\u043e\u043e\u0440\u0434\u0438\u043d\u0430\u0446\u0438\u043e\u043d\u043e \u0442\u0435\u043b\u043e","potentialAction":[{"@type":"SearchAction","target":{"@type":"EntryPoint","urlTemplate":"https:\/\/kt.gov.rs\/?s={search_term_string}"},"query-input":{"@type":"PropertyValueSpecification","valueRequired":true,"valueName":"search_term_string"}}],"inLanguage":"sq-AL"},{"@type":"Organization","@id":"https:\/\/kt.gov.rs\/#organization","name":"\u041a\u043e\u043e\u0440\u0434\u0438\u043d\u0430\u0446\u0438\u043e\u043d\u043e \u0442\u0435\u043b\u043e \u0412\u043b\u0430\u0434\u0435 \u0420\u0435\u043f\u0443\u0431\u043b\u0438\u043a\u0435 \u0421\u0440\u0431\u0438\u0458\u0435 \u0437\u0430 \u043e\u043f\u0448\u0442\u0438\u043d\u0435 \u041f\u0440\u0435\u0448\u0435\u0432\u043e, \u0411\u0443\u0458\u0430\u043d\u043e\u0432\u0430\u0446 \u0438 \u041c\u0435\u0434\u0432\u0435\u0452a","alternateName":"\u041a\u043e\u043e\u0440\u0434\u0438\u043d\u0430\u0446\u0438\u043e\u043d\u043e \u0442\u0435\u043b\u043e","url":"https:\/\/kt.gov.rs\/","logo":{"@type":"ImageObject","inLanguage":"sq-AL","@id":"https:\/\/kt.gov.rs\/#\/schema\/logo\/image\/","url":"https:\/\/kt.gov.rs\/wp-content\/uploads\/2024\/12\/koord2.jpg","contentUrl":"https:\/\/kt.gov.rs\/wp-content\/uploads\/2024\/12\/koord2.jpg","width":640,"height":480,"caption":"\u041a\u043e\u043e\u0440\u0434\u0438\u043d\u0430\u0446\u0438\u043e\u043d\u043e \u0442\u0435\u043b\u043e \u0412\u043b\u0430\u0434\u0435 \u0420\u0435\u043f\u0443\u0431\u043b\u0438\u043a\u0435 \u0421\u0440\u0431\u0438\u0458\u0435 \u0437\u0430 \u043e\u043f\u0448\u0442\u0438\u043d\u0435 \u041f\u0440\u0435\u0448\u0435\u0432\u043e, \u0411\u0443\u0458\u0430\u043d\u043e\u0432\u0430\u0446 \u0438 \u041c\u0435\u0434\u0432\u0435\u0452a"},"image":{"@id":"https:\/\/kt.gov.rs\/#\/schema\/logo\/image\/"},"sameAs":["https:\/\/www.facebook.com\/SluzbaKoordinacionogTelaVladeRepublikeSrbije","https:\/\/x.com\/kt_gov","https:\/\/www.youtube.com\/@koordinacionotelo"]},{"@type":"Person","@id":"https:\/\/kt.gov.rs\/#\/schema\/person\/e426459ddb4173309103390602694571","name":"ktmin","image":{"@type":"ImageObject","inLanguage":"sq-AL","@id":"https:\/\/secure.gravatar.com\/avatar\/3985c961109853010c3fbc7ba30365bfba5db3dd6c525831d9c595c7525a615a?s=96&d=mm&r=g","url":"https:\/\/secure.gravatar.com\/avatar\/3985c961109853010c3fbc7ba30365bfba5db3dd6c525831d9c595c7525a615a?s=96&d=mm&r=g","contentUrl":"https:\/\/secure.gravatar.com\/avatar\/3985c961109853010c3fbc7ba30365bfba5db3dd6c525831d9c595c7525a615a?s=96&d=mm&r=g","caption":"ktmin"},"sameAs":["https:\/\/kt.gov.rs"],"url":"https:\/\/kt.gov.rs\/sq\/author\/ktmin\/"}]}},"_links":{"self":[{"href":"https:\/\/kt.gov.rs\/sq\/wp-json\/wp\/v2\/posts\/108754","targetHints":{"allow":["GET"]}}],"collection":[{"href":"https:\/\/kt.gov.rs\/sq\/wp-json\/wp\/v2\/posts"}],"about":[{"href":"https:\/\/kt.gov.rs\/sq\/wp-json\/wp\/v2\/types\/post"}],"author":[{"embeddable":true,"href":"https:\/\/kt.gov.rs\/sq\/wp-json\/wp\/v2\/users\/1"}],"replies":[{"embeddable":true,"href":"https:\/\/kt.gov.rs\/sq\/wp-json\/wp\/v2\/comments?post=108754"}],"version-history":[{"count":1,"href":"https:\/\/kt.gov.rs\/sq\/wp-json\/wp\/v2\/posts\/108754\/revisions"}],"predecessor-version":[{"id":108758,"href":"https:\/\/kt.gov.rs\/sq\/wp-json\/wp\/v2\/posts\/108754\/revisions\/108758"}],"wp:featuredmedia":[{"embeddable":true,"href":"https:\/\/kt.gov.rs\/sq\/wp-json\/wp\/v2\/media\/108759"}],"wp:attachment":[{"href":"https:\/\/kt.gov.rs\/sq\/wp-json\/wp\/v2\/media?parent=108754"}],"wp:term":[{"taxonomy":"category","embeddable":true,"href":"https:\/\/kt.gov.rs\/sq\/wp-json\/wp\/v2\/categories?post=108754"},{"taxonomy":"post_tag","embeddable":true,"href":"https:\/\/kt.gov.rs\/sq\/wp-json\/wp\/v2\/tags?post=108754"}],"curies":[{"name":"wp","href":"https:\/\/api.w.org\/{rel}","templated":true}]}}