{"id":108735,"date":"2021-11-30T00:00:00","date_gmt":"2021-11-30T00:00:00","guid":{"rendered":"http:\/\/kt.printandscreen.rs\/kuzhinjeret-e-rinje-nga-sveti-sava-sollen-edhe-nje-medalje-te-arte\/"},"modified":"2024-07-30T17:58:39","modified_gmt":"2024-07-30T17:58:39","slug":"kuzhinjeret-e-rinje-nga-sveti-sava-sollen-edhe-nje-medalje-te-arte","status":"publish","type":"post","link":"https:\/\/kt.gov.rs\/sq\/kuzhinjeret-e-rinje-nga-sveti-sava-sollen-edhe-nje-medalje-te-arte\/","title":{"rendered":"KUZHINJER\u00cbT E RINJ\u00cb NGA\u201dSVETI SAVA\u201d SOLL\u00cbN EDHE NJ\u00cb MEDALJE T\u00cb ART\u00cb"},"content":{"rendered":"<p>\n\t<strong><img decoding=\"async\" alt=\"\" src=\"https:\/\/kt.gov.rs\/wp-content\/uploads\/2024\/07\/1638272360_301121_2v-2.jpg\" style=\"width: 640px; height: 400px;\" \/><\/strong><\/p>\n<p>\n\t<strong>Bujanoc \u2013 Beograd<\/strong> \u2013 Nx\u00ebn\u00ebsit e gjimnazit t\u00eb Bujanocit &quot;Sveti Sava&quot; nga drejtimi i kuzhin\u00ebs fituan medalje t\u00eb art\u00eb n\u00eb gar\u00ebn e p\u00ebrgatitjes s\u00eb turshive p\u00ebr dim\u00ebr, t\u00eb mbajtur n\u00eb Nish.<\/p>\n<p>\n\tGjimnazist\u00ebt Manuela, Bogdan, Despot dhe Mihajlo dhe profesoresha dhe\u00a0 e tyre e kuzhin\u00ebs Jelena Trajkoviq, nuk e fshehin lumturin\u00eb dhe k\u00ebnaq\u00ebsin\u00eb e tyre p\u00ebr arritjen e plasmanit\u00a0 n\u00eb gar\u00eb.<\/p>\n<p>\n\t\u201cBesova se mund t\u00eb fitonim nj\u00eb medalje, por nuk e prisja nj\u00eb medalje t\u00eb art\u00eb, ndaj jam shum\u00eb e g\u00ebzuar p\u00ebr k\u00ebt\u00eb sukses dhe shpresoj q\u00eb n\u00eb t\u00eb ardhmen t\u00eb kemi m\u00eb shum\u00eb gara t\u00eb tilla\u201d, thot\u00eb Manuela Avdulji, nx\u00ebn\u00ebse e klas\u00ebs s\u00eb tret\u00eb. .<\/p>\n<p>\n\t&quot;Kjo \u00ebsht\u00eb gara ime e par\u00eb dhe \u00e7mimi m\u00eb befasoi, sepse konkurrenca ishte e madhe, por kompoti jon\u00eb nga mushmulla i tejkaloi gjith\u00e7ka,&quot; thot\u00eb Bogdan Bogdanoviq, nj\u00eb nx\u00ebn\u00ebs i klas\u00ebs s\u00eb dyt\u00eb, i cili ndihmoi ekipin t\u00eb fitonte medaljen m\u00eb t\u00eb mir\u00eb me nj\u00eb recet\u00eb t\u00eb e gjyshes s\u00eb tij.<\/p>\n<p>\n\tEdhe profesoresha Jelena Trajkoviq konfirmon se kompoti nga mushmulla na ka g\u00ebzuar dhe ka fituar simpatin\u00eb e an\u00ebtar\u00ebve t\u00eb juris\u00eb<\/p>\n<p>\n\t\u201cNe ishim specifik\u00eb p\u00ebr at\u00eb produkt sepse asnj\u00eb ekip nuk kishte kompot, dhe juria ishte ve\u00e7an\u00ebrisht e k\u00ebnaqur sepse ishte nj\u00eb risi q\u00eb erdhi nga kuzhina e shkoll\u00ebs s\u00eb mesme nga nx\u00ebn\u00ebsit e rinj q\u00eb jan\u00eb n\u00eb gar\u00eb p\u00ebr her\u00eb t\u00eb par\u00eb\u201d, tha profesoresha Trajkoviq.<\/p>\n<p>\n\tAjo theksoi se ky \u00ebsht\u00eb nj\u00eb konkurs tradicional dhe se pregaditjet p\u00ebr ushqumet e dimrit jan\u00eb b\u00ebr\u00eb sipas recetave t\u00eb vjetra t\u00eb gjysheve dhe st\u00ebrgjysheve, t\u00eb cilat, si\u00e7 thot\u00eb ajo, kalohen brez pas brezi dhe mbahen sekret.<\/p>\n<p>\n\t\u201cKompoti nga mushmulla\u00a0 b\u00ebhet sipas recet\u00ebs s\u00eb gjyshes s\u00eb Bogdanit dhe ne mundohemi ta ruajm\u00eb dhe ruajm\u00eb sa m\u00eb shum\u00eb tradit\u00ebn, si\u00e7 p\u00ebrgatitnin gjyshet tona. Ne promovojm\u00eb edhe m\u00ebnyr\u00ebn m\u00eb t\u00eb sh\u00ebndetshme t\u00eb ushqyerjes\u201d, thot\u00eb profesori.<\/p>\n<p>\n\t<img decoding=\"async\" alt=\"\" src=\"https:\/\/kt.gov.rs\/wp-content\/uploads\/2024\/07\/1638272384_301121_3v-1.jpg\" style=\"width: 640px; height: 400px;\" \/><\/p>\n<p>\n\tP\u00ebr suksesin e ekipit t\u00eb shkoll\u00ebs, \u00ebsht\u00eb shprehur e lumtur edhe drejtoresha e shkoll\u00ebs, p\u00ebr t\u00eb cil\u00ebn, si\u00e7 thot\u00eb ajo, pritej ky sukses.<\/p>\n<p>\n\t\u201cNe p\u00ebrpiqemi q\u00eb nx\u00ebn\u00ebsit tan\u00eb t\u00eb p\u00ebrcjellin \u00e7do ngjarje t\u00eb till\u00eb dhe p\u00ebr g\u00ebzimin tim t\u00eb madh, ata gjithmon\u00eb na g\u00ebzojn\u00eb me lajme t\u00eb mira\u201d, tha drejtoresha Joviq.<\/p>\n<p>\n\tN\u00eb konkursin \u201cGastro turshia m\u00eb e mir\u00eb e dimrit 2021\u201d organizuar nga Shoqata e p\u00ebrfaq\u00ebsuesve t\u00eb hotelieris\u00eb dhe turistike nga Nishi, Svetosavasit garuan n\u00eb kategorin\u00eb e p\u00ebrgatitjes s\u00eb turshive t\u00eb dimrit t\u00eb kripura dhe t\u00eb \u00ebmb\u00ebla.<\/p>\n<p>\n\tSi nj\u00eb nga pjes\u00ebmarr\u00ebsit m\u00eb t\u00eb rinj, ata p\u00ebrgatit\u00ebn nj\u00eb lloj surprize duke fituar vendin e par\u00eb n\u00eb konkursin e 30 pjes\u00ebmarr\u00ebsve senior.<\/p>\n<p>\n\t<strong>Burimi: Bujanovacke dhe Trupi koordinues<\/strong><\/p>\n<p>\n\t\u00a0<\/p>\n","protected":false},"excerpt":{"rendered":"<p>Bujanoc \u2013 Beograd\u00a0\u2013 Nx\u00ebn\u00ebsit e gjimnazit t\u00eb Bujanocit &quot;Sveti Sava&quot; nga drejtimi i kuzhin\u00ebs fituan medalje t\u00eb art\u00eb n\u00eb gar\u00ebn e p\u00ebrgatitjes s\u00eb turshive p\u00ebr dim\u00ebr, t\u00eb mbajtur n\u00eb Nish.<\/p>\n","protected":false},"author":1,"featured_media":108743,"comment_status":"closed","ping_status":"closed","sticky":false,"template":"","format":"standard","meta":{"footnotes":""},"categories":[55],"tags":[],"class_list":["post-108735","post","type-post","status-publish","format-standard","has-post-thumbnail","hentry","category-lajme"],"yoast_head":"<!-- This site is optimized with the Yoast SEO plugin v27.5 - https:\/\/yoast.com\/product\/yoast-seo-wordpress\/ -->\n<title>KUZHINJER\u00cbT E RINJ\u00cb NGA\u201dSVETI SAVA\u201d SOLL\u00cbN EDHE NJ\u00cb MEDALJE T\u00cb ART\u00cb - Republika e S\u00ebrbis\u00eb Trupi Koordinues p\u00ebr komunat Bujanoc, Preshev\u00eb dhe Medvegj\u00eb<\/title>\n<meta name=\"robots\" content=\"index, follow, max-snippet:-1, max-image-preview:large, max-video-preview:-1\" \/>\n<link rel=\"canonical\" href=\"https:\/\/kt.gov.rs\/sq\/kuzhinjeret-e-rinje-nga-sveti-sava-sollen-edhe-nje-medalje-te-arte\/\" \/>\n<meta property=\"og:locale\" content=\"sq_AL\" \/>\n<meta property=\"og:type\" content=\"article\" \/>\n<meta property=\"og:title\" content=\"KUZHINJER\u00cbT E RINJ\u00cb NGA\u201dSVETI SAVA\u201d SOLL\u00cbN EDHE NJ\u00cb MEDALJE T\u00cb ART\u00cb - Republika e S\u00ebrbis\u00eb Trupi Koordinues p\u00ebr komunat Bujanoc, Preshev\u00eb dhe Medvegj\u00eb\" \/>\n<meta property=\"og:description\" content=\"Bujanoc - Beograd\u00a0- Nx\u00ebn\u00ebsit e gjimnazit t\u00eb Bujanocit &quot;Sveti Sava&quot; nga drejtimi i kuzhin\u00ebs fituan medalje t\u00eb art\u00eb n\u00eb gar\u00ebn e p\u00ebrgatitjes s\u00eb turshive p\u00ebr dim\u00ebr, t\u00eb mbajtur n\u00eb Nish.\" \/>\n<meta property=\"og:url\" content=\"https:\/\/kt.gov.rs\/sq\/kuzhinjeret-e-rinje-nga-sveti-sava-sollen-edhe-nje-medalje-te-arte\/\" \/>\n<meta property=\"og:site_name\" content=\"Republika e S\u00ebrbis\u00eb Trupi Koordinues p\u00ebr komunat Bujanoc, Preshev\u00eb dhe Medvegj\u00eb\" \/>\n<meta property=\"article:publisher\" content=\"https:\/\/www.facebook.com\/SluzbaKoordinacionogTelaVladeRepublikeSrbije\" \/>\n<meta property=\"article:published_time\" content=\"2021-11-30T00:00:00+00:00\" \/>\n<meta property=\"article:modified_time\" content=\"2024-07-30T17:58:39+00:00\" \/>\n<meta property=\"og:image\" content=\"https:\/\/kt.gov.rs\/wp-content\/uploads\/2024\/07\/1638272360_301121_2v-3.jpg\" \/>\n\t<meta property=\"og:image:width\" content=\"640\" \/>\n\t<meta property=\"og:image:height\" content=\"400\" \/>\n\t<meta property=\"og:image:type\" content=\"image\/jpeg\" \/>\n<meta name=\"author\" content=\"ktmin\" \/>\n<meta name=\"twitter:card\" content=\"summary_large_image\" \/>\n<meta name=\"twitter:creator\" content=\"@kt_gov\" \/>\n<meta name=\"twitter:site\" content=\"@kt_gov\" \/>\n<meta name=\"twitter:label1\" content=\"Written by\" \/>\n\t<meta name=\"twitter:data1\" content=\"ktmin\" \/>\n\t<meta name=\"twitter:label2\" content=\"Est. reading time\" \/>\n\t<meta name=\"twitter:data2\" content=\"3 minutes\" \/>\n<script type=\"application\/ld+json\" class=\"yoast-schema-graph\">{\"@context\":\"https:\\\/\\\/schema.org\",\"@graph\":[{\"@type\":\"Article\",\"@id\":\"https:\\\/\\\/kt.gov.rs\\\/sq\\\/kuzhinjeret-e-rinje-nga-sveti-sava-sollen-edhe-nje-medalje-te-arte\\\/#article\",\"isPartOf\":{\"@id\":\"https:\\\/\\\/kt.gov.rs\\\/sq\\\/kuzhinjeret-e-rinje-nga-sveti-sava-sollen-edhe-nje-medalje-te-arte\\\/\"},\"author\":{\"name\":\"ktmin\",\"@id\":\"https:\\\/\\\/kt.gov.rs\\\/#\\\/schema\\\/person\\\/e426459ddb4173309103390602694571\"},\"headline\":\"KUZHINJER\u00cbT E RINJ\u00cb NGA\u201dSVETI SAVA\u201d SOLL\u00cbN EDHE NJ\u00cb MEDALJE T\u00cb ART\u00cb\",\"datePublished\":\"2021-11-30T00:00:00+00:00\",\"dateModified\":\"2024-07-30T17:58:39+00:00\",\"mainEntityOfPage\":{\"@id\":\"https:\\\/\\\/kt.gov.rs\\\/sq\\\/kuzhinjeret-e-rinje-nga-sveti-sava-sollen-edhe-nje-medalje-te-arte\\\/\"},\"wordCount\":685,\"publisher\":{\"@id\":\"https:\\\/\\\/kt.gov.rs\\\/#organization\"},\"image\":{\"@id\":\"https:\\\/\\\/kt.gov.rs\\\/sq\\\/kuzhinjeret-e-rinje-nga-sveti-sava-sollen-edhe-nje-medalje-te-arte\\\/#primaryimage\"},\"thumbnailUrl\":\"https:\\\/\\\/kt.gov.rs\\\/wp-content\\\/uploads\\\/2024\\\/07\\\/1638272360_301121_2v-3.jpg\",\"articleSection\":[\"Lajme\"],\"inLanguage\":\"sq-AL\"},{\"@type\":\"WebPage\",\"@id\":\"https:\\\/\\\/kt.gov.rs\\\/sq\\\/kuzhinjeret-e-rinje-nga-sveti-sava-sollen-edhe-nje-medalje-te-arte\\\/\",\"url\":\"https:\\\/\\\/kt.gov.rs\\\/sq\\\/kuzhinjeret-e-rinje-nga-sveti-sava-sollen-edhe-nje-medalje-te-arte\\\/\",\"name\":\"KUZHINJER\u00cbT E RINJ\u00cb NGA\u201dSVETI SAVA\u201d SOLL\u00cbN EDHE NJ\u00cb MEDALJE T\u00cb ART\u00cb - Republika e S\u00ebrbis\u00eb Trupi Koordinues p\u00ebr komunat Bujanoc, Preshev\u00eb dhe Medvegj\u00eb\",\"isPartOf\":{\"@id\":\"https:\\\/\\\/kt.gov.rs\\\/#website\"},\"primaryImageOfPage\":{\"@id\":\"https:\\\/\\\/kt.gov.rs\\\/sq\\\/kuzhinjeret-e-rinje-nga-sveti-sava-sollen-edhe-nje-medalje-te-arte\\\/#primaryimage\"},\"image\":{\"@id\":\"https:\\\/\\\/kt.gov.rs\\\/sq\\\/kuzhinjeret-e-rinje-nga-sveti-sava-sollen-edhe-nje-medalje-te-arte\\\/#primaryimage\"},\"thumbnailUrl\":\"https:\\\/\\\/kt.gov.rs\\\/wp-content\\\/uploads\\\/2024\\\/07\\\/1638272360_301121_2v-3.jpg\",\"datePublished\":\"2021-11-30T00:00:00+00:00\",\"dateModified\":\"2024-07-30T17:58:39+00:00\",\"breadcrumb\":{\"@id\":\"https:\\\/\\\/kt.gov.rs\\\/sq\\\/kuzhinjeret-e-rinje-nga-sveti-sava-sollen-edhe-nje-medalje-te-arte\\\/#breadcrumb\"},\"inLanguage\":\"sq-AL\",\"potentialAction\":[{\"@type\":\"ReadAction\",\"target\":[\"https:\\\/\\\/kt.gov.rs\\\/sq\\\/kuzhinjeret-e-rinje-nga-sveti-sava-sollen-edhe-nje-medalje-te-arte\\\/\"]}]},{\"@type\":\"ImageObject\",\"inLanguage\":\"sq-AL\",\"@id\":\"https:\\\/\\\/kt.gov.rs\\\/sq\\\/kuzhinjeret-e-rinje-nga-sveti-sava-sollen-edhe-nje-medalje-te-arte\\\/#primaryimage\",\"url\":\"https:\\\/\\\/kt.gov.rs\\\/wp-content\\\/uploads\\\/2024\\\/07\\\/1638272360_301121_2v-3.jpg\",\"contentUrl\":\"https:\\\/\\\/kt.gov.rs\\\/wp-content\\\/uploads\\\/2024\\\/07\\\/1638272360_301121_2v-3.jpg\",\"width\":640,\"height\":400},{\"@type\":\"BreadcrumbList\",\"@id\":\"https:\\\/\\\/kt.gov.rs\\\/sq\\\/kuzhinjeret-e-rinje-nga-sveti-sava-sollen-edhe-nje-medalje-te-arte\\\/#breadcrumb\",\"itemListElement\":[{\"@type\":\"ListItem\",\"position\":1,\"name\":\"\u041f\u043e\u0447\u0435\u0442\u043d\u0430\",\"item\":\"https:\\\/\\\/kt.gov.rs\\\/sq\\\/\"},{\"@type\":\"ListItem\",\"position\":2,\"name\":\"KUZHINJER\u00cbT E RINJ\u00cb NGA\u201dSVETI SAVA\u201d SOLL\u00cbN EDHE NJ\u00cb MEDALJE T\u00cb ART\u00cb\"}]},{\"@type\":\"WebSite\",\"@id\":\"https:\\\/\\\/kt.gov.rs\\\/#website\",\"url\":\"https:\\\/\\\/kt.gov.rs\\\/\",\"name\":\"\u041a\u043e\u043e\u0440\u0434\u0438\u043d\u0430\u0446\u0438\u043e\u043d\u043e \u0442\u0435\u043b\u043e \u0412\u043b\u0430\u0434\u0435 \u0420\u0435\u043f\u0443\u0431\u043b\u0438\u043a\u0435 \u0421\u0440\u0431\u0438\u0458\u0435 \u0437\u0430 \u043e\u043f\u0448\u0442\u0438\u043d\u0435 \u041f\u0440\u0435\u0448\u0435\u0432\u043e, \u0411\u0443\u0458\u0430\u043d\u043e\u0432\u0430\u0446 \u0438 \u041c\u0435\u0434\u0432\u0435\u0452a\",\"description\":\"\",\"publisher\":{\"@id\":\"https:\\\/\\\/kt.gov.rs\\\/#organization\"},\"alternateName\":\"\u041a\u043e\u043e\u0440\u0434\u0438\u043d\u0430\u0446\u0438\u043e\u043d\u043e \u0442\u0435\u043b\u043e\",\"potentialAction\":[{\"@type\":\"SearchAction\",\"target\":{\"@type\":\"EntryPoint\",\"urlTemplate\":\"https:\\\/\\\/kt.gov.rs\\\/?s={search_term_string}\"},\"query-input\":{\"@type\":\"PropertyValueSpecification\",\"valueRequired\":true,\"valueName\":\"search_term_string\"}}],\"inLanguage\":\"sq-AL\"},{\"@type\":\"Organization\",\"@id\":\"https:\\\/\\\/kt.gov.rs\\\/#organization\",\"name\":\"\u041a\u043e\u043e\u0440\u0434\u0438\u043d\u0430\u0446\u0438\u043e\u043d\u043e \u0442\u0435\u043b\u043e \u0412\u043b\u0430\u0434\u0435 \u0420\u0435\u043f\u0443\u0431\u043b\u0438\u043a\u0435 \u0421\u0440\u0431\u0438\u0458\u0435 \u0437\u0430 \u043e\u043f\u0448\u0442\u0438\u043d\u0435 \u041f\u0440\u0435\u0448\u0435\u0432\u043e, \u0411\u0443\u0458\u0430\u043d\u043e\u0432\u0430\u0446 \u0438 \u041c\u0435\u0434\u0432\u0435\u0452a\",\"alternateName\":\"\u041a\u043e\u043e\u0440\u0434\u0438\u043d\u0430\u0446\u0438\u043e\u043d\u043e \u0442\u0435\u043b\u043e\",\"url\":\"https:\\\/\\\/kt.gov.rs\\\/\",\"logo\":{\"@type\":\"ImageObject\",\"inLanguage\":\"sq-AL\",\"@id\":\"https:\\\/\\\/kt.gov.rs\\\/#\\\/schema\\\/logo\\\/image\\\/\",\"url\":\"https:\\\/\\\/kt.gov.rs\\\/wp-content\\\/uploads\\\/2024\\\/12\\\/koord2.jpg\",\"contentUrl\":\"https:\\\/\\\/kt.gov.rs\\\/wp-content\\\/uploads\\\/2024\\\/12\\\/koord2.jpg\",\"width\":640,\"height\":480,\"caption\":\"\u041a\u043e\u043e\u0440\u0434\u0438\u043d\u0430\u0446\u0438\u043e\u043d\u043e \u0442\u0435\u043b\u043e \u0412\u043b\u0430\u0434\u0435 \u0420\u0435\u043f\u0443\u0431\u043b\u0438\u043a\u0435 \u0421\u0440\u0431\u0438\u0458\u0435 \u0437\u0430 \u043e\u043f\u0448\u0442\u0438\u043d\u0435 \u041f\u0440\u0435\u0448\u0435\u0432\u043e, \u0411\u0443\u0458\u0430\u043d\u043e\u0432\u0430\u0446 \u0438 \u041c\u0435\u0434\u0432\u0435\u0452a\"},\"image\":{\"@id\":\"https:\\\/\\\/kt.gov.rs\\\/#\\\/schema\\\/logo\\\/image\\\/\"},\"sameAs\":[\"https:\\\/\\\/www.facebook.com\\\/SluzbaKoordinacionogTelaVladeRepublikeSrbije\",\"https:\\\/\\\/x.com\\\/kt_gov\",\"https:\\\/\\\/www.youtube.com\\\/@koordinacionotelo\"]},{\"@type\":\"Person\",\"@id\":\"https:\\\/\\\/kt.gov.rs\\\/#\\\/schema\\\/person\\\/e426459ddb4173309103390602694571\",\"name\":\"ktmin\",\"image\":{\"@type\":\"ImageObject\",\"inLanguage\":\"sq-AL\",\"@id\":\"https:\\\/\\\/secure.gravatar.com\\\/avatar\\\/3985c961109853010c3fbc7ba30365bfba5db3dd6c525831d9c595c7525a615a?s=96&d=mm&r=g\",\"url\":\"https:\\\/\\\/secure.gravatar.com\\\/avatar\\\/3985c961109853010c3fbc7ba30365bfba5db3dd6c525831d9c595c7525a615a?s=96&d=mm&r=g\",\"contentUrl\":\"https:\\\/\\\/secure.gravatar.com\\\/avatar\\\/3985c961109853010c3fbc7ba30365bfba5db3dd6c525831d9c595c7525a615a?s=96&d=mm&r=g\",\"caption\":\"ktmin\"},\"sameAs\":[\"https:\\\/\\\/kt.gov.rs\"],\"url\":\"https:\\\/\\\/kt.gov.rs\\\/sq\\\/author\\\/ktmin\\\/\"}]}<\/script>\n<!-- \/ Yoast SEO plugin. -->","yoast_head_json":{"title":"KUZHINJER\u00cbT E RINJ\u00cb NGA\u201dSVETI SAVA\u201d SOLL\u00cbN EDHE NJ\u00cb MEDALJE T\u00cb ART\u00cb - Republika e S\u00ebrbis\u00eb Trupi Koordinues p\u00ebr komunat Bujanoc, Preshev\u00eb dhe Medvegj\u00eb","robots":{"index":"index","follow":"follow","max-snippet":"max-snippet:-1","max-image-preview":"max-image-preview:large","max-video-preview":"max-video-preview:-1"},"canonical":"https:\/\/kt.gov.rs\/sq\/kuzhinjeret-e-rinje-nga-sveti-sava-sollen-edhe-nje-medalje-te-arte\/","og_locale":"sq_AL","og_type":"article","og_title":"KUZHINJER\u00cbT E RINJ\u00cb NGA\u201dSVETI SAVA\u201d SOLL\u00cbN EDHE NJ\u00cb MEDALJE T\u00cb ART\u00cb - Republika e S\u00ebrbis\u00eb Trupi Koordinues p\u00ebr komunat Bujanoc, Preshev\u00eb dhe Medvegj\u00eb","og_description":"Bujanoc - Beograd\u00a0- Nx\u00ebn\u00ebsit e gjimnazit t\u00eb Bujanocit &quot;Sveti Sava&quot; nga drejtimi i kuzhin\u00ebs fituan medalje t\u00eb art\u00eb n\u00eb gar\u00ebn e p\u00ebrgatitjes s\u00eb turshive p\u00ebr dim\u00ebr, t\u00eb mbajtur n\u00eb Nish.","og_url":"https:\/\/kt.gov.rs\/sq\/kuzhinjeret-e-rinje-nga-sveti-sava-sollen-edhe-nje-medalje-te-arte\/","og_site_name":"Republika e S\u00ebrbis\u00eb Trupi Koordinues p\u00ebr komunat Bujanoc, Preshev\u00eb dhe Medvegj\u00eb","article_publisher":"https:\/\/www.facebook.com\/SluzbaKoordinacionogTelaVladeRepublikeSrbije","article_published_time":"2021-11-30T00:00:00+00:00","article_modified_time":"2024-07-30T17:58:39+00:00","og_image":[{"width":640,"height":400,"url":"https:\/\/kt.gov.rs\/wp-content\/uploads\/2024\/07\/1638272360_301121_2v-3.jpg","type":"image\/jpeg"}],"author":"ktmin","twitter_card":"summary_large_image","twitter_creator":"@kt_gov","twitter_site":"@kt_gov","twitter_misc":{"Written by":"ktmin","Est. reading time":"3 minutes"},"schema":{"@context":"https:\/\/schema.org","@graph":[{"@type":"Article","@id":"https:\/\/kt.gov.rs\/sq\/kuzhinjeret-e-rinje-nga-sveti-sava-sollen-edhe-nje-medalje-te-arte\/#article","isPartOf":{"@id":"https:\/\/kt.gov.rs\/sq\/kuzhinjeret-e-rinje-nga-sveti-sava-sollen-edhe-nje-medalje-te-arte\/"},"author":{"name":"ktmin","@id":"https:\/\/kt.gov.rs\/#\/schema\/person\/e426459ddb4173309103390602694571"},"headline":"KUZHINJER\u00cbT E RINJ\u00cb NGA\u201dSVETI SAVA\u201d SOLL\u00cbN EDHE NJ\u00cb MEDALJE T\u00cb ART\u00cb","datePublished":"2021-11-30T00:00:00+00:00","dateModified":"2024-07-30T17:58:39+00:00","mainEntityOfPage":{"@id":"https:\/\/kt.gov.rs\/sq\/kuzhinjeret-e-rinje-nga-sveti-sava-sollen-edhe-nje-medalje-te-arte\/"},"wordCount":685,"publisher":{"@id":"https:\/\/kt.gov.rs\/#organization"},"image":{"@id":"https:\/\/kt.gov.rs\/sq\/kuzhinjeret-e-rinje-nga-sveti-sava-sollen-edhe-nje-medalje-te-arte\/#primaryimage"},"thumbnailUrl":"https:\/\/kt.gov.rs\/wp-content\/uploads\/2024\/07\/1638272360_301121_2v-3.jpg","articleSection":["Lajme"],"inLanguage":"sq-AL"},{"@type":"WebPage","@id":"https:\/\/kt.gov.rs\/sq\/kuzhinjeret-e-rinje-nga-sveti-sava-sollen-edhe-nje-medalje-te-arte\/","url":"https:\/\/kt.gov.rs\/sq\/kuzhinjeret-e-rinje-nga-sveti-sava-sollen-edhe-nje-medalje-te-arte\/","name":"KUZHINJER\u00cbT E RINJ\u00cb NGA\u201dSVETI SAVA\u201d SOLL\u00cbN EDHE NJ\u00cb MEDALJE T\u00cb ART\u00cb - Republika e S\u00ebrbis\u00eb Trupi Koordinues p\u00ebr komunat Bujanoc, Preshev\u00eb dhe Medvegj\u00eb","isPartOf":{"@id":"https:\/\/kt.gov.rs\/#website"},"primaryImageOfPage":{"@id":"https:\/\/kt.gov.rs\/sq\/kuzhinjeret-e-rinje-nga-sveti-sava-sollen-edhe-nje-medalje-te-arte\/#primaryimage"},"image":{"@id":"https:\/\/kt.gov.rs\/sq\/kuzhinjeret-e-rinje-nga-sveti-sava-sollen-edhe-nje-medalje-te-arte\/#primaryimage"},"thumbnailUrl":"https:\/\/kt.gov.rs\/wp-content\/uploads\/2024\/07\/1638272360_301121_2v-3.jpg","datePublished":"2021-11-30T00:00:00+00:00","dateModified":"2024-07-30T17:58:39+00:00","breadcrumb":{"@id":"https:\/\/kt.gov.rs\/sq\/kuzhinjeret-e-rinje-nga-sveti-sava-sollen-edhe-nje-medalje-te-arte\/#breadcrumb"},"inLanguage":"sq-AL","potentialAction":[{"@type":"ReadAction","target":["https:\/\/kt.gov.rs\/sq\/kuzhinjeret-e-rinje-nga-sveti-sava-sollen-edhe-nje-medalje-te-arte\/"]}]},{"@type":"ImageObject","inLanguage":"sq-AL","@id":"https:\/\/kt.gov.rs\/sq\/kuzhinjeret-e-rinje-nga-sveti-sava-sollen-edhe-nje-medalje-te-arte\/#primaryimage","url":"https:\/\/kt.gov.rs\/wp-content\/uploads\/2024\/07\/1638272360_301121_2v-3.jpg","contentUrl":"https:\/\/kt.gov.rs\/wp-content\/uploads\/2024\/07\/1638272360_301121_2v-3.jpg","width":640,"height":400},{"@type":"BreadcrumbList","@id":"https:\/\/kt.gov.rs\/sq\/kuzhinjeret-e-rinje-nga-sveti-sava-sollen-edhe-nje-medalje-te-arte\/#breadcrumb","itemListElement":[{"@type":"ListItem","position":1,"name":"\u041f\u043e\u0447\u0435\u0442\u043d\u0430","item":"https:\/\/kt.gov.rs\/sq\/"},{"@type":"ListItem","position":2,"name":"KUZHINJER\u00cbT E RINJ\u00cb NGA\u201dSVETI SAVA\u201d SOLL\u00cbN EDHE NJ\u00cb MEDALJE T\u00cb ART\u00cb"}]},{"@type":"WebSite","@id":"https:\/\/kt.gov.rs\/#website","url":"https:\/\/kt.gov.rs\/","name":"\u041a\u043e\u043e\u0440\u0434\u0438\u043d\u0430\u0446\u0438\u043e\u043d\u043e \u0442\u0435\u043b\u043e \u0412\u043b\u0430\u0434\u0435 \u0420\u0435\u043f\u0443\u0431\u043b\u0438\u043a\u0435 \u0421\u0440\u0431\u0438\u0458\u0435 \u0437\u0430 \u043e\u043f\u0448\u0442\u0438\u043d\u0435 \u041f\u0440\u0435\u0448\u0435\u0432\u043e, \u0411\u0443\u0458\u0430\u043d\u043e\u0432\u0430\u0446 \u0438 \u041c\u0435\u0434\u0432\u0435\u0452a","description":"","publisher":{"@id":"https:\/\/kt.gov.rs\/#organization"},"alternateName":"\u041a\u043e\u043e\u0440\u0434\u0438\u043d\u0430\u0446\u0438\u043e\u043d\u043e \u0442\u0435\u043b\u043e","potentialAction":[{"@type":"SearchAction","target":{"@type":"EntryPoint","urlTemplate":"https:\/\/kt.gov.rs\/?s={search_term_string}"},"query-input":{"@type":"PropertyValueSpecification","valueRequired":true,"valueName":"search_term_string"}}],"inLanguage":"sq-AL"},{"@type":"Organization","@id":"https:\/\/kt.gov.rs\/#organization","name":"\u041a\u043e\u043e\u0440\u0434\u0438\u043d\u0430\u0446\u0438\u043e\u043d\u043e \u0442\u0435\u043b\u043e \u0412\u043b\u0430\u0434\u0435 \u0420\u0435\u043f\u0443\u0431\u043b\u0438\u043a\u0435 \u0421\u0440\u0431\u0438\u0458\u0435 \u0437\u0430 \u043e\u043f\u0448\u0442\u0438\u043d\u0435 \u041f\u0440\u0435\u0448\u0435\u0432\u043e, \u0411\u0443\u0458\u0430\u043d\u043e\u0432\u0430\u0446 \u0438 \u041c\u0435\u0434\u0432\u0435\u0452a","alternateName":"\u041a\u043e\u043e\u0440\u0434\u0438\u043d\u0430\u0446\u0438\u043e\u043d\u043e \u0442\u0435\u043b\u043e","url":"https:\/\/kt.gov.rs\/","logo":{"@type":"ImageObject","inLanguage":"sq-AL","@id":"https:\/\/kt.gov.rs\/#\/schema\/logo\/image\/","url":"https:\/\/kt.gov.rs\/wp-content\/uploads\/2024\/12\/koord2.jpg","contentUrl":"https:\/\/kt.gov.rs\/wp-content\/uploads\/2024\/12\/koord2.jpg","width":640,"height":480,"caption":"\u041a\u043e\u043e\u0440\u0434\u0438\u043d\u0430\u0446\u0438\u043e\u043d\u043e \u0442\u0435\u043b\u043e \u0412\u043b\u0430\u0434\u0435 \u0420\u0435\u043f\u0443\u0431\u043b\u0438\u043a\u0435 \u0421\u0440\u0431\u0438\u0458\u0435 \u0437\u0430 \u043e\u043f\u0448\u0442\u0438\u043d\u0435 \u041f\u0440\u0435\u0448\u0435\u0432\u043e, \u0411\u0443\u0458\u0430\u043d\u043e\u0432\u0430\u0446 \u0438 \u041c\u0435\u0434\u0432\u0435\u0452a"},"image":{"@id":"https:\/\/kt.gov.rs\/#\/schema\/logo\/image\/"},"sameAs":["https:\/\/www.facebook.com\/SluzbaKoordinacionogTelaVladeRepublikeSrbije","https:\/\/x.com\/kt_gov","https:\/\/www.youtube.com\/@koordinacionotelo"]},{"@type":"Person","@id":"https:\/\/kt.gov.rs\/#\/schema\/person\/e426459ddb4173309103390602694571","name":"ktmin","image":{"@type":"ImageObject","inLanguage":"sq-AL","@id":"https:\/\/secure.gravatar.com\/avatar\/3985c961109853010c3fbc7ba30365bfba5db3dd6c525831d9c595c7525a615a?s=96&d=mm&r=g","url":"https:\/\/secure.gravatar.com\/avatar\/3985c961109853010c3fbc7ba30365bfba5db3dd6c525831d9c595c7525a615a?s=96&d=mm&r=g","contentUrl":"https:\/\/secure.gravatar.com\/avatar\/3985c961109853010c3fbc7ba30365bfba5db3dd6c525831d9c595c7525a615a?s=96&d=mm&r=g","caption":"ktmin"},"sameAs":["https:\/\/kt.gov.rs"],"url":"https:\/\/kt.gov.rs\/sq\/author\/ktmin\/"}]}},"_links":{"self":[{"href":"https:\/\/kt.gov.rs\/sq\/wp-json\/wp\/v2\/posts\/108735","targetHints":{"allow":["GET"]}}],"collection":[{"href":"https:\/\/kt.gov.rs\/sq\/wp-json\/wp\/v2\/posts"}],"about":[{"href":"https:\/\/kt.gov.rs\/sq\/wp-json\/wp\/v2\/types\/post"}],"author":[{"embeddable":true,"href":"https:\/\/kt.gov.rs\/sq\/wp-json\/wp\/v2\/users\/1"}],"replies":[{"embeddable":true,"href":"https:\/\/kt.gov.rs\/sq\/wp-json\/wp\/v2\/comments?post=108735"}],"version-history":[{"count":1,"href":"https:\/\/kt.gov.rs\/sq\/wp-json\/wp\/v2\/posts\/108735\/revisions"}],"predecessor-version":[{"id":108742,"href":"https:\/\/kt.gov.rs\/sq\/wp-json\/wp\/v2\/posts\/108735\/revisions\/108742"}],"wp:featuredmedia":[{"embeddable":true,"href":"https:\/\/kt.gov.rs\/sq\/wp-json\/wp\/v2\/media\/108743"}],"wp:attachment":[{"href":"https:\/\/kt.gov.rs\/sq\/wp-json\/wp\/v2\/media?parent=108735"}],"wp:term":[{"taxonomy":"category","embeddable":true,"href":"https:\/\/kt.gov.rs\/sq\/wp-json\/wp\/v2\/categories?post=108735"},{"taxonomy":"post_tag","embeddable":true,"href":"https:\/\/kt.gov.rs\/sq\/wp-json\/wp\/v2\/tags?post=108735"}],"curies":[{"name":"wp","href":"https:\/\/api.w.org\/{rel}","templated":true}]}}