{"id":108695,"date":"2021-12-09T00:00:00","date_gmt":"2021-12-09T00:00:00","guid":{"rendered":"http:\/\/kt.printandscreen.rs\/projketi-tejkalimi-i-barrierave-permes-migranteve-dhe-te-rinjeve-lokal-me-sukses-eshte-realizuar\/"},"modified":"2024-07-30T17:58:34","modified_gmt":"2024-07-30T17:58:34","slug":"projketi-tejkalimi-i-barrierave-permes-migranteve-dhe-te-rinjeve-lokal-me-sukses-eshte-realizuar","status":"publish","type":"post","link":"https:\/\/kt.gov.rs\/sq\/projketi-tejkalimi-i-barrierave-permes-migranteve-dhe-te-rinjeve-lokal-me-sukses-eshte-realizuar\/","title":{"rendered":"PROJKETI \u201cTEJKALIMI I BARRIERAVE PERMES MIGRANTEVE DHE TE RINJEVE LOKAL\u201d ME SUKSES ESHTE REALIZUAR"},"content":{"rendered":"<p>\n\t<strong><img decoding=\"async\" alt=\"\" src=\"https:\/\/kt.gov.rs\/wp-content\/uploads\/2024\/07\/1639051826_091221_2-2.jpg\" style=\"width: 315px; height: 230px; float: left;\" \/><\/strong><\/p>\n<p>\n\tShoqata kulturore \u201cDituria\u201d gjat\u00eb dit\u00ebs s\u00eb sotme ka mbajtur aktivitetin e fundit dhe p\u00ebrmbyll\u00ebs n\u00eb kuad\u00ebr t\u00eb projektit \u201cTejkalimi i barrierave p\u00ebrmes migrant\u00ebve dhe t\u00eb rinj\u00ebve lokal\u201d q\u00eb u financua nga Organizata Nd\u00ebrkomb\u00ebtare p\u00ebr Migracion.<\/p>\n<p>\n\tDuke pasur parasysh pamund\u00ebsin\u00eb e komunikimit, socializimit n\u00eb mes migrant\u00ebve e posaq\u00ebrisht t\u00eb rinj\u00ebve migrant me t\u00eb rinjt\u00eb lokal nga Komuna e Preshev\u00ebs dhe Bujanocit, shpresojm\u00eb q\u00eb p\u00ebrmes aktiviteteve t\u00eb ndryshme q\u00eb Shoqata Kulturore \u201cDituria\u201d ka organizuar n\u00eb kuad\u00ebr t\u00eb k\u00ebtij projekti t\u00eb ket\u00eb arritur t\u00eb krijoj\u00eb ura t\u00eb forta komunikimi mes tyre, e ajo q\u00eb \u00ebsht\u00eb m\u00eb e r\u00ebnd\u00ebsishme t\u00eb ket\u00eb arritur t\u00eb i luftoj\u00eb paragjykimet e shumta q\u00eb b\u00ebhen nga t\u00eb rinjt\u00eb tan\u00eb kundrejt migrant\u00ebve dhe anasjelltas, ka thene Blerim Iseni, kryetar i shoqates Dituria.<\/p>\n<p>\n\tT\u00eb pranish\u00ebm n\u00eb k\u00ebt\u00eb organizim ishin bashkpuntor\u00eb t\u00eb shumt\u00eb q\u00eb kontribuan si, p\u00ebrfaq\u00ebsues t\u00eb Organizat\u00ebs Nd\u00ebrkomb\u00ebtare p\u00ebr Migracion (IOM), p\u00ebrfaq\u00ebsues t\u00eb Komisariatit p\u00ebr Migracion dhe Refugjat, UNHCR dhe INDIGO, p\u00ebrfaq\u00ebsues t\u00eb Qendr\u00ebs p\u00ebr Pun\u00eb Sociale n\u00eb Komun\u00ebn e Preshev\u00ebs, drejtori t\u00eb shkollave, t\u00eb rinjt\u00eb lokal dhe migrant.\u00a0<\/p>\n<p>\n\tShoqata Kulturore \u201cDituria\u201d ndau mir\u00ebnjohje p\u00ebr t\u00eb gjith\u00eb bashkpuntor\u00ebt dhe \u00e7ertifikata p\u00ebr t\u00eb rinjt\u00eb lokal dhe ata migrant\u00eb t\u00eb cil\u00ebt\u00a0 u angazhuan maksimalisht gjat\u00eb implementimit t\u00eb aktiviteteve q\u00eb ishin n\u00eb kuad\u00ebr t\u00eb k\u00ebtij projekti.\u00a0<\/p>\n<p>\n\tP\u00ebr ta p\u00ebrmbyllur vargun e aktiviteteve t\u00eb organizuara n\u00eb kuad\u00ebr t\u00eb k\u00ebtij projekti, t\u00eb rinjt\u00eb migrant nga Afganastani k\u00ebnduan hymin e tyre, nd\u00ebrsa t\u00eb rinjt\u00eb nga Komuna e Preshev\u00ebs dhe Bujanocit prezantuan nj\u00eb shfaqje p\u00ebr t\u00eb rinj\u00eb me q\u00ebllim t\u00eb nd\u00ebrgjegj\u00ebsimit t\u00eb komunitetit lokal n\u00eb lidhje me peripecit\u00eb, v\u00ebshtir\u00ebsit dhe sfidat e ndryshme q\u00eb migrant\u00ebt kan\u00eb kaluar gjat\u00eb rrug\u00ebtimit t\u00eb tyre dhe si kan\u00eb ndikuar t\u00eb gjitha k\u00ebto n\u00eb vazhdim\u00ebsin\u00eb e jet\u00ebs s\u00eb tyre.<\/p>\n<p>\n\t\u00a0<\/p>\n<p>\n\t\u00a0<\/p>\n","protected":false},"excerpt":{"rendered":"<p>Shoqata kulturore \u201cDituria\u201d gjat\u00eb dit\u00ebs s\u00eb sotme ka mbajtur aktivitetin e fundit dhe p\u00ebrmbyll\u00ebs n\u00eb kuad\u00ebr t\u00eb projektit \u201cTejkalimi i barrierave p\u00ebrmes migrant\u00ebve dhe t\u00eb rinj\u00ebve lokal\u201d q\u00eb u financua nga Organizata Nd\u00ebrkomb\u00ebtare p\u00ebr Migracion.<\/p>\n","protected":false},"author":1,"featured_media":108700,"comment_status":"closed","ping_status":"closed","sticky":false,"template":"","format":"standard","meta":{"footnotes":""},"categories":[55],"tags":[],"class_list":["post-108695","post","type-post","status-publish","format-standard","has-post-thumbnail","hentry","category-lajme"],"yoast_head":"<!-- This site is optimized with the Yoast SEO plugin v27.5 - https:\/\/yoast.com\/product\/yoast-seo-wordpress\/ -->\n<title>PROJKETI \u201cTEJKALIMI I BARRIERAVE PERMES MIGRANTEVE DHE TE RINJEVE LOKAL\u201d ME SUKSES ESHTE REALIZUAR - Republika e S\u00ebrbis\u00eb Trupi Koordinues p\u00ebr komunat Bujanoc, Preshev\u00eb dhe Medvegj\u00eb<\/title>\n<meta name=\"robots\" content=\"index, follow, max-snippet:-1, max-image-preview:large, max-video-preview:-1\" \/>\n<link rel=\"canonical\" href=\"https:\/\/kt.gov.rs\/sq\/projketi-tejkalimi-i-barrierave-permes-migranteve-dhe-te-rinjeve-lokal-me-sukses-eshte-realizuar\/\" \/>\n<meta property=\"og:locale\" content=\"sq_AL\" \/>\n<meta property=\"og:type\" content=\"article\" \/>\n<meta property=\"og:title\" content=\"PROJKETI \u201cTEJKALIMI I BARRIERAVE PERMES MIGRANTEVE DHE TE RINJEVE LOKAL\u201d ME SUKSES ESHTE REALIZUAR - Republika e S\u00ebrbis\u00eb Trupi Koordinues p\u00ebr komunat Bujanoc, Preshev\u00eb dhe Medvegj\u00eb\" \/>\n<meta property=\"og:description\" content=\"Shoqata kulturore \u201cDituria\u201d gjat\u00eb dit\u00ebs s\u00eb sotme ka mbajtur aktivitetin e fundit dhe p\u00ebrmbyll\u00ebs n\u00eb kuad\u00ebr t\u00eb projektit \u201cTejkalimi i barrierave p\u00ebrmes migrant\u00ebve dhe t\u00eb rinj\u00ebve lokal\u201d q\u00eb u financua nga Organizata Nd\u00ebrkomb\u00ebtare p\u00ebr Migracion.\" \/>\n<meta property=\"og:url\" content=\"https:\/\/kt.gov.rs\/sq\/projketi-tejkalimi-i-barrierave-permes-migranteve-dhe-te-rinjeve-lokal-me-sukses-eshte-realizuar\/\" \/>\n<meta property=\"og:site_name\" content=\"Republika e S\u00ebrbis\u00eb Trupi Koordinues p\u00ebr komunat Bujanoc, Preshev\u00eb dhe Medvegj\u00eb\" \/>\n<meta property=\"article:publisher\" content=\"https:\/\/www.facebook.com\/SluzbaKoordinacionogTelaVladeRepublikeSrbije\" \/>\n<meta property=\"article:published_time\" content=\"2021-12-09T00:00:00+00:00\" \/>\n<meta property=\"article:modified_time\" content=\"2024-07-30T17:58:34+00:00\" \/>\n<meta property=\"og:image\" content=\"https:\/\/kt.gov.rs\/wp-content\/uploads\/2024\/07\/1639051826_091221_2-3.jpg\" \/>\n\t<meta property=\"og:image:width\" content=\"315\" \/>\n\t<meta property=\"og:image:height\" content=\"230\" \/>\n\t<meta property=\"og:image:type\" content=\"image\/jpeg\" \/>\n<meta name=\"author\" content=\"ktmin\" \/>\n<meta name=\"twitter:card\" content=\"summary_large_image\" \/>\n<meta name=\"twitter:creator\" content=\"@kt_gov\" \/>\n<meta name=\"twitter:site\" content=\"@kt_gov\" \/>\n<meta name=\"twitter:label1\" content=\"Written by\" \/>\n\t<meta name=\"twitter:data1\" content=\"ktmin\" \/>\n\t<meta name=\"twitter:label2\" content=\"Est. reading time\" \/>\n\t<meta name=\"twitter:data2\" content=\"3 minutes\" \/>\n<script type=\"application\/ld+json\" class=\"yoast-schema-graph\">{\"@context\":\"https:\\\/\\\/schema.org\",\"@graph\":[{\"@type\":\"Article\",\"@id\":\"https:\\\/\\\/kt.gov.rs\\\/sq\\\/projketi-tejkalimi-i-barrierave-permes-migranteve-dhe-te-rinjeve-lokal-me-sukses-eshte-realizuar\\\/#article\",\"isPartOf\":{\"@id\":\"https:\\\/\\\/kt.gov.rs\\\/sq\\\/projketi-tejkalimi-i-barrierave-permes-migranteve-dhe-te-rinjeve-lokal-me-sukses-eshte-realizuar\\\/\"},\"author\":{\"name\":\"ktmin\",\"@id\":\"https:\\\/\\\/kt.gov.rs\\\/#\\\/schema\\\/person\\\/e426459ddb4173309103390602694571\"},\"headline\":\"PROJKETI \u201cTEJKALIMI I BARRIERAVE PERMES MIGRANTEVE DHE TE RINJEVE LOKAL\u201d ME SUKSES ESHTE REALIZUAR\",\"datePublished\":\"2021-12-09T00:00:00+00:00\",\"dateModified\":\"2024-07-30T17:58:34+00:00\",\"mainEntityOfPage\":{\"@id\":\"https:\\\/\\\/kt.gov.rs\\\/sq\\\/projketi-tejkalimi-i-barrierave-permes-migranteve-dhe-te-rinjeve-lokal-me-sukses-eshte-realizuar\\\/\"},\"wordCount\":516,\"publisher\":{\"@id\":\"https:\\\/\\\/kt.gov.rs\\\/#organization\"},\"image\":{\"@id\":\"https:\\\/\\\/kt.gov.rs\\\/sq\\\/projketi-tejkalimi-i-barrierave-permes-migranteve-dhe-te-rinjeve-lokal-me-sukses-eshte-realizuar\\\/#primaryimage\"},\"thumbnailUrl\":\"https:\\\/\\\/kt.gov.rs\\\/wp-content\\\/uploads\\\/2024\\\/07\\\/1639051826_091221_2-3.jpg\",\"articleSection\":[\"Lajme\"],\"inLanguage\":\"sq-AL\"},{\"@type\":\"WebPage\",\"@id\":\"https:\\\/\\\/kt.gov.rs\\\/sq\\\/projketi-tejkalimi-i-barrierave-permes-migranteve-dhe-te-rinjeve-lokal-me-sukses-eshte-realizuar\\\/\",\"url\":\"https:\\\/\\\/kt.gov.rs\\\/sq\\\/projketi-tejkalimi-i-barrierave-permes-migranteve-dhe-te-rinjeve-lokal-me-sukses-eshte-realizuar\\\/\",\"name\":\"PROJKETI \u201cTEJKALIMI I BARRIERAVE PERMES MIGRANTEVE DHE TE RINJEVE LOKAL\u201d ME SUKSES ESHTE REALIZUAR - Republika e S\u00ebrbis\u00eb Trupi Koordinues p\u00ebr komunat Bujanoc, Preshev\u00eb dhe Medvegj\u00eb\",\"isPartOf\":{\"@id\":\"https:\\\/\\\/kt.gov.rs\\\/#website\"},\"primaryImageOfPage\":{\"@id\":\"https:\\\/\\\/kt.gov.rs\\\/sq\\\/projketi-tejkalimi-i-barrierave-permes-migranteve-dhe-te-rinjeve-lokal-me-sukses-eshte-realizuar\\\/#primaryimage\"},\"image\":{\"@id\":\"https:\\\/\\\/kt.gov.rs\\\/sq\\\/projketi-tejkalimi-i-barrierave-permes-migranteve-dhe-te-rinjeve-lokal-me-sukses-eshte-realizuar\\\/#primaryimage\"},\"thumbnailUrl\":\"https:\\\/\\\/kt.gov.rs\\\/wp-content\\\/uploads\\\/2024\\\/07\\\/1639051826_091221_2-3.jpg\",\"datePublished\":\"2021-12-09T00:00:00+00:00\",\"dateModified\":\"2024-07-30T17:58:34+00:00\",\"breadcrumb\":{\"@id\":\"https:\\\/\\\/kt.gov.rs\\\/sq\\\/projketi-tejkalimi-i-barrierave-permes-migranteve-dhe-te-rinjeve-lokal-me-sukses-eshte-realizuar\\\/#breadcrumb\"},\"inLanguage\":\"sq-AL\",\"potentialAction\":[{\"@type\":\"ReadAction\",\"target\":[\"https:\\\/\\\/kt.gov.rs\\\/sq\\\/projketi-tejkalimi-i-barrierave-permes-migranteve-dhe-te-rinjeve-lokal-me-sukses-eshte-realizuar\\\/\"]}]},{\"@type\":\"ImageObject\",\"inLanguage\":\"sq-AL\",\"@id\":\"https:\\\/\\\/kt.gov.rs\\\/sq\\\/projketi-tejkalimi-i-barrierave-permes-migranteve-dhe-te-rinjeve-lokal-me-sukses-eshte-realizuar\\\/#primaryimage\",\"url\":\"https:\\\/\\\/kt.gov.rs\\\/wp-content\\\/uploads\\\/2024\\\/07\\\/1639051826_091221_2-3.jpg\",\"contentUrl\":\"https:\\\/\\\/kt.gov.rs\\\/wp-content\\\/uploads\\\/2024\\\/07\\\/1639051826_091221_2-3.jpg\",\"width\":315,\"height\":230},{\"@type\":\"BreadcrumbList\",\"@id\":\"https:\\\/\\\/kt.gov.rs\\\/sq\\\/projketi-tejkalimi-i-barrierave-permes-migranteve-dhe-te-rinjeve-lokal-me-sukses-eshte-realizuar\\\/#breadcrumb\",\"itemListElement\":[{\"@type\":\"ListItem\",\"position\":1,\"name\":\"\u041f\u043e\u0447\u0435\u0442\u043d\u0430\",\"item\":\"https:\\\/\\\/kt.gov.rs\\\/sq\\\/\"},{\"@type\":\"ListItem\",\"position\":2,\"name\":\"PROJKETI \u201cTEJKALIMI I BARRIERAVE PERMES MIGRANTEVE DHE TE RINJEVE LOKAL\u201d ME SUKSES ESHTE REALIZUAR\"}]},{\"@type\":\"WebSite\",\"@id\":\"https:\\\/\\\/kt.gov.rs\\\/#website\",\"url\":\"https:\\\/\\\/kt.gov.rs\\\/\",\"name\":\"\u041a\u043e\u043e\u0440\u0434\u0438\u043d\u0430\u0446\u0438\u043e\u043d\u043e \u0442\u0435\u043b\u043e \u0412\u043b\u0430\u0434\u0435 \u0420\u0435\u043f\u0443\u0431\u043b\u0438\u043a\u0435 \u0421\u0440\u0431\u0438\u0458\u0435 \u0437\u0430 \u043e\u043f\u0448\u0442\u0438\u043d\u0435 \u041f\u0440\u0435\u0448\u0435\u0432\u043e, \u0411\u0443\u0458\u0430\u043d\u043e\u0432\u0430\u0446 \u0438 \u041c\u0435\u0434\u0432\u0435\u0452a\",\"description\":\"\",\"publisher\":{\"@id\":\"https:\\\/\\\/kt.gov.rs\\\/#organization\"},\"alternateName\":\"\u041a\u043e\u043e\u0440\u0434\u0438\u043d\u0430\u0446\u0438\u043e\u043d\u043e \u0442\u0435\u043b\u043e\",\"potentialAction\":[{\"@type\":\"SearchAction\",\"target\":{\"@type\":\"EntryPoint\",\"urlTemplate\":\"https:\\\/\\\/kt.gov.rs\\\/?s={search_term_string}\"},\"query-input\":{\"@type\":\"PropertyValueSpecification\",\"valueRequired\":true,\"valueName\":\"search_term_string\"}}],\"inLanguage\":\"sq-AL\"},{\"@type\":\"Organization\",\"@id\":\"https:\\\/\\\/kt.gov.rs\\\/#organization\",\"name\":\"\u041a\u043e\u043e\u0440\u0434\u0438\u043d\u0430\u0446\u0438\u043e\u043d\u043e \u0442\u0435\u043b\u043e \u0412\u043b\u0430\u0434\u0435 \u0420\u0435\u043f\u0443\u0431\u043b\u0438\u043a\u0435 \u0421\u0440\u0431\u0438\u0458\u0435 \u0437\u0430 \u043e\u043f\u0448\u0442\u0438\u043d\u0435 \u041f\u0440\u0435\u0448\u0435\u0432\u043e, \u0411\u0443\u0458\u0430\u043d\u043e\u0432\u0430\u0446 \u0438 \u041c\u0435\u0434\u0432\u0435\u0452a\",\"alternateName\":\"\u041a\u043e\u043e\u0440\u0434\u0438\u043d\u0430\u0446\u0438\u043e\u043d\u043e \u0442\u0435\u043b\u043e\",\"url\":\"https:\\\/\\\/kt.gov.rs\\\/\",\"logo\":{\"@type\":\"ImageObject\",\"inLanguage\":\"sq-AL\",\"@id\":\"https:\\\/\\\/kt.gov.rs\\\/#\\\/schema\\\/logo\\\/image\\\/\",\"url\":\"https:\\\/\\\/kt.gov.rs\\\/wp-content\\\/uploads\\\/2024\\\/12\\\/koord2.jpg\",\"contentUrl\":\"https:\\\/\\\/kt.gov.rs\\\/wp-content\\\/uploads\\\/2024\\\/12\\\/koord2.jpg\",\"width\":640,\"height\":480,\"caption\":\"\u041a\u043e\u043e\u0440\u0434\u0438\u043d\u0430\u0446\u0438\u043e\u043d\u043e \u0442\u0435\u043b\u043e \u0412\u043b\u0430\u0434\u0435 \u0420\u0435\u043f\u0443\u0431\u043b\u0438\u043a\u0435 \u0421\u0440\u0431\u0438\u0458\u0435 \u0437\u0430 \u043e\u043f\u0448\u0442\u0438\u043d\u0435 \u041f\u0440\u0435\u0448\u0435\u0432\u043e, \u0411\u0443\u0458\u0430\u043d\u043e\u0432\u0430\u0446 \u0438 \u041c\u0435\u0434\u0432\u0435\u0452a\"},\"image\":{\"@id\":\"https:\\\/\\\/kt.gov.rs\\\/#\\\/schema\\\/logo\\\/image\\\/\"},\"sameAs\":[\"https:\\\/\\\/www.facebook.com\\\/SluzbaKoordinacionogTelaVladeRepublikeSrbije\",\"https:\\\/\\\/x.com\\\/kt_gov\",\"https:\\\/\\\/www.youtube.com\\\/@koordinacionotelo\"]},{\"@type\":\"Person\",\"@id\":\"https:\\\/\\\/kt.gov.rs\\\/#\\\/schema\\\/person\\\/e426459ddb4173309103390602694571\",\"name\":\"ktmin\",\"image\":{\"@type\":\"ImageObject\",\"inLanguage\":\"sq-AL\",\"@id\":\"https:\\\/\\\/secure.gravatar.com\\\/avatar\\\/3985c961109853010c3fbc7ba30365bfba5db3dd6c525831d9c595c7525a615a?s=96&d=mm&r=g\",\"url\":\"https:\\\/\\\/secure.gravatar.com\\\/avatar\\\/3985c961109853010c3fbc7ba30365bfba5db3dd6c525831d9c595c7525a615a?s=96&d=mm&r=g\",\"contentUrl\":\"https:\\\/\\\/secure.gravatar.com\\\/avatar\\\/3985c961109853010c3fbc7ba30365bfba5db3dd6c525831d9c595c7525a615a?s=96&d=mm&r=g\",\"caption\":\"ktmin\"},\"sameAs\":[\"https:\\\/\\\/kt.gov.rs\"],\"url\":\"https:\\\/\\\/kt.gov.rs\\\/sq\\\/author\\\/ktmin\\\/\"}]}<\/script>\n<!-- \/ Yoast SEO plugin. -->","yoast_head_json":{"title":"PROJKETI \u201cTEJKALIMI I BARRIERAVE PERMES MIGRANTEVE DHE TE RINJEVE LOKAL\u201d ME SUKSES ESHTE REALIZUAR - Republika e S\u00ebrbis\u00eb Trupi Koordinues p\u00ebr komunat Bujanoc, Preshev\u00eb dhe Medvegj\u00eb","robots":{"index":"index","follow":"follow","max-snippet":"max-snippet:-1","max-image-preview":"max-image-preview:large","max-video-preview":"max-video-preview:-1"},"canonical":"https:\/\/kt.gov.rs\/sq\/projketi-tejkalimi-i-barrierave-permes-migranteve-dhe-te-rinjeve-lokal-me-sukses-eshte-realizuar\/","og_locale":"sq_AL","og_type":"article","og_title":"PROJKETI \u201cTEJKALIMI I BARRIERAVE PERMES MIGRANTEVE DHE TE RINJEVE LOKAL\u201d ME SUKSES ESHTE REALIZUAR - Republika e S\u00ebrbis\u00eb Trupi Koordinues p\u00ebr komunat Bujanoc, Preshev\u00eb dhe Medvegj\u00eb","og_description":"Shoqata kulturore \u201cDituria\u201d gjat\u00eb dit\u00ebs s\u00eb sotme ka mbajtur aktivitetin e fundit dhe p\u00ebrmbyll\u00ebs n\u00eb kuad\u00ebr t\u00eb projektit \u201cTejkalimi i barrierave p\u00ebrmes migrant\u00ebve dhe t\u00eb rinj\u00ebve lokal\u201d q\u00eb u financua nga Organizata Nd\u00ebrkomb\u00ebtare p\u00ebr Migracion.","og_url":"https:\/\/kt.gov.rs\/sq\/projketi-tejkalimi-i-barrierave-permes-migranteve-dhe-te-rinjeve-lokal-me-sukses-eshte-realizuar\/","og_site_name":"Republika e S\u00ebrbis\u00eb Trupi Koordinues p\u00ebr komunat Bujanoc, Preshev\u00eb dhe Medvegj\u00eb","article_publisher":"https:\/\/www.facebook.com\/SluzbaKoordinacionogTelaVladeRepublikeSrbije","article_published_time":"2021-12-09T00:00:00+00:00","article_modified_time":"2024-07-30T17:58:34+00:00","og_image":[{"width":315,"height":230,"url":"https:\/\/kt.gov.rs\/wp-content\/uploads\/2024\/07\/1639051826_091221_2-3.jpg","type":"image\/jpeg"}],"author":"ktmin","twitter_card":"summary_large_image","twitter_creator":"@kt_gov","twitter_site":"@kt_gov","twitter_misc":{"Written by":"ktmin","Est. reading time":"3 minutes"},"schema":{"@context":"https:\/\/schema.org","@graph":[{"@type":"Article","@id":"https:\/\/kt.gov.rs\/sq\/projketi-tejkalimi-i-barrierave-permes-migranteve-dhe-te-rinjeve-lokal-me-sukses-eshte-realizuar\/#article","isPartOf":{"@id":"https:\/\/kt.gov.rs\/sq\/projketi-tejkalimi-i-barrierave-permes-migranteve-dhe-te-rinjeve-lokal-me-sukses-eshte-realizuar\/"},"author":{"name":"ktmin","@id":"https:\/\/kt.gov.rs\/#\/schema\/person\/e426459ddb4173309103390602694571"},"headline":"PROJKETI \u201cTEJKALIMI I BARRIERAVE PERMES MIGRANTEVE DHE TE RINJEVE LOKAL\u201d ME SUKSES ESHTE REALIZUAR","datePublished":"2021-12-09T00:00:00+00:00","dateModified":"2024-07-30T17:58:34+00:00","mainEntityOfPage":{"@id":"https:\/\/kt.gov.rs\/sq\/projketi-tejkalimi-i-barrierave-permes-migranteve-dhe-te-rinjeve-lokal-me-sukses-eshte-realizuar\/"},"wordCount":516,"publisher":{"@id":"https:\/\/kt.gov.rs\/#organization"},"image":{"@id":"https:\/\/kt.gov.rs\/sq\/projketi-tejkalimi-i-barrierave-permes-migranteve-dhe-te-rinjeve-lokal-me-sukses-eshte-realizuar\/#primaryimage"},"thumbnailUrl":"https:\/\/kt.gov.rs\/wp-content\/uploads\/2024\/07\/1639051826_091221_2-3.jpg","articleSection":["Lajme"],"inLanguage":"sq-AL"},{"@type":"WebPage","@id":"https:\/\/kt.gov.rs\/sq\/projketi-tejkalimi-i-barrierave-permes-migranteve-dhe-te-rinjeve-lokal-me-sukses-eshte-realizuar\/","url":"https:\/\/kt.gov.rs\/sq\/projketi-tejkalimi-i-barrierave-permes-migranteve-dhe-te-rinjeve-lokal-me-sukses-eshte-realizuar\/","name":"PROJKETI \u201cTEJKALIMI I BARRIERAVE PERMES MIGRANTEVE DHE TE RINJEVE LOKAL\u201d ME SUKSES ESHTE REALIZUAR - Republika e S\u00ebrbis\u00eb Trupi Koordinues p\u00ebr komunat Bujanoc, Preshev\u00eb dhe Medvegj\u00eb","isPartOf":{"@id":"https:\/\/kt.gov.rs\/#website"},"primaryImageOfPage":{"@id":"https:\/\/kt.gov.rs\/sq\/projketi-tejkalimi-i-barrierave-permes-migranteve-dhe-te-rinjeve-lokal-me-sukses-eshte-realizuar\/#primaryimage"},"image":{"@id":"https:\/\/kt.gov.rs\/sq\/projketi-tejkalimi-i-barrierave-permes-migranteve-dhe-te-rinjeve-lokal-me-sukses-eshte-realizuar\/#primaryimage"},"thumbnailUrl":"https:\/\/kt.gov.rs\/wp-content\/uploads\/2024\/07\/1639051826_091221_2-3.jpg","datePublished":"2021-12-09T00:00:00+00:00","dateModified":"2024-07-30T17:58:34+00:00","breadcrumb":{"@id":"https:\/\/kt.gov.rs\/sq\/projketi-tejkalimi-i-barrierave-permes-migranteve-dhe-te-rinjeve-lokal-me-sukses-eshte-realizuar\/#breadcrumb"},"inLanguage":"sq-AL","potentialAction":[{"@type":"ReadAction","target":["https:\/\/kt.gov.rs\/sq\/projketi-tejkalimi-i-barrierave-permes-migranteve-dhe-te-rinjeve-lokal-me-sukses-eshte-realizuar\/"]}]},{"@type":"ImageObject","inLanguage":"sq-AL","@id":"https:\/\/kt.gov.rs\/sq\/projketi-tejkalimi-i-barrierave-permes-migranteve-dhe-te-rinjeve-lokal-me-sukses-eshte-realizuar\/#primaryimage","url":"https:\/\/kt.gov.rs\/wp-content\/uploads\/2024\/07\/1639051826_091221_2-3.jpg","contentUrl":"https:\/\/kt.gov.rs\/wp-content\/uploads\/2024\/07\/1639051826_091221_2-3.jpg","width":315,"height":230},{"@type":"BreadcrumbList","@id":"https:\/\/kt.gov.rs\/sq\/projketi-tejkalimi-i-barrierave-permes-migranteve-dhe-te-rinjeve-lokal-me-sukses-eshte-realizuar\/#breadcrumb","itemListElement":[{"@type":"ListItem","position":1,"name":"\u041f\u043e\u0447\u0435\u0442\u043d\u0430","item":"https:\/\/kt.gov.rs\/sq\/"},{"@type":"ListItem","position":2,"name":"PROJKETI \u201cTEJKALIMI I BARRIERAVE PERMES MIGRANTEVE DHE TE RINJEVE LOKAL\u201d ME SUKSES ESHTE REALIZUAR"}]},{"@type":"WebSite","@id":"https:\/\/kt.gov.rs\/#website","url":"https:\/\/kt.gov.rs\/","name":"\u041a\u043e\u043e\u0440\u0434\u0438\u043d\u0430\u0446\u0438\u043e\u043d\u043e \u0442\u0435\u043b\u043e \u0412\u043b\u0430\u0434\u0435 \u0420\u0435\u043f\u0443\u0431\u043b\u0438\u043a\u0435 \u0421\u0440\u0431\u0438\u0458\u0435 \u0437\u0430 \u043e\u043f\u0448\u0442\u0438\u043d\u0435 \u041f\u0440\u0435\u0448\u0435\u0432\u043e, \u0411\u0443\u0458\u0430\u043d\u043e\u0432\u0430\u0446 \u0438 \u041c\u0435\u0434\u0432\u0435\u0452a","description":"","publisher":{"@id":"https:\/\/kt.gov.rs\/#organization"},"alternateName":"\u041a\u043e\u043e\u0440\u0434\u0438\u043d\u0430\u0446\u0438\u043e\u043d\u043e \u0442\u0435\u043b\u043e","potentialAction":[{"@type":"SearchAction","target":{"@type":"EntryPoint","urlTemplate":"https:\/\/kt.gov.rs\/?s={search_term_string}"},"query-input":{"@type":"PropertyValueSpecification","valueRequired":true,"valueName":"search_term_string"}}],"inLanguage":"sq-AL"},{"@type":"Organization","@id":"https:\/\/kt.gov.rs\/#organization","name":"\u041a\u043e\u043e\u0440\u0434\u0438\u043d\u0430\u0446\u0438\u043e\u043d\u043e \u0442\u0435\u043b\u043e \u0412\u043b\u0430\u0434\u0435 \u0420\u0435\u043f\u0443\u0431\u043b\u0438\u043a\u0435 \u0421\u0440\u0431\u0438\u0458\u0435 \u0437\u0430 \u043e\u043f\u0448\u0442\u0438\u043d\u0435 \u041f\u0440\u0435\u0448\u0435\u0432\u043e, \u0411\u0443\u0458\u0430\u043d\u043e\u0432\u0430\u0446 \u0438 \u041c\u0435\u0434\u0432\u0435\u0452a","alternateName":"\u041a\u043e\u043e\u0440\u0434\u0438\u043d\u0430\u0446\u0438\u043e\u043d\u043e \u0442\u0435\u043b\u043e","url":"https:\/\/kt.gov.rs\/","logo":{"@type":"ImageObject","inLanguage":"sq-AL","@id":"https:\/\/kt.gov.rs\/#\/schema\/logo\/image\/","url":"https:\/\/kt.gov.rs\/wp-content\/uploads\/2024\/12\/koord2.jpg","contentUrl":"https:\/\/kt.gov.rs\/wp-content\/uploads\/2024\/12\/koord2.jpg","width":640,"height":480,"caption":"\u041a\u043e\u043e\u0440\u0434\u0438\u043d\u0430\u0446\u0438\u043e\u043d\u043e \u0442\u0435\u043b\u043e \u0412\u043b\u0430\u0434\u0435 \u0420\u0435\u043f\u0443\u0431\u043b\u0438\u043a\u0435 \u0421\u0440\u0431\u0438\u0458\u0435 \u0437\u0430 \u043e\u043f\u0448\u0442\u0438\u043d\u0435 \u041f\u0440\u0435\u0448\u0435\u0432\u043e, \u0411\u0443\u0458\u0430\u043d\u043e\u0432\u0430\u0446 \u0438 \u041c\u0435\u0434\u0432\u0435\u0452a"},"image":{"@id":"https:\/\/kt.gov.rs\/#\/schema\/logo\/image\/"},"sameAs":["https:\/\/www.facebook.com\/SluzbaKoordinacionogTelaVladeRepublikeSrbije","https:\/\/x.com\/kt_gov","https:\/\/www.youtube.com\/@koordinacionotelo"]},{"@type":"Person","@id":"https:\/\/kt.gov.rs\/#\/schema\/person\/e426459ddb4173309103390602694571","name":"ktmin","image":{"@type":"ImageObject","inLanguage":"sq-AL","@id":"https:\/\/secure.gravatar.com\/avatar\/3985c961109853010c3fbc7ba30365bfba5db3dd6c525831d9c595c7525a615a?s=96&d=mm&r=g","url":"https:\/\/secure.gravatar.com\/avatar\/3985c961109853010c3fbc7ba30365bfba5db3dd6c525831d9c595c7525a615a?s=96&d=mm&r=g","contentUrl":"https:\/\/secure.gravatar.com\/avatar\/3985c961109853010c3fbc7ba30365bfba5db3dd6c525831d9c595c7525a615a?s=96&d=mm&r=g","caption":"ktmin"},"sameAs":["https:\/\/kt.gov.rs"],"url":"https:\/\/kt.gov.rs\/sq\/author\/ktmin\/"}]}},"_links":{"self":[{"href":"https:\/\/kt.gov.rs\/sq\/wp-json\/wp\/v2\/posts\/108695","targetHints":{"allow":["GET"]}}],"collection":[{"href":"https:\/\/kt.gov.rs\/sq\/wp-json\/wp\/v2\/posts"}],"about":[{"href":"https:\/\/kt.gov.rs\/sq\/wp-json\/wp\/v2\/types\/post"}],"author":[{"embeddable":true,"href":"https:\/\/kt.gov.rs\/sq\/wp-json\/wp\/v2\/users\/1"}],"replies":[{"embeddable":true,"href":"https:\/\/kt.gov.rs\/sq\/wp-json\/wp\/v2\/comments?post=108695"}],"version-history":[{"count":1,"href":"https:\/\/kt.gov.rs\/sq\/wp-json\/wp\/v2\/posts\/108695\/revisions"}],"predecessor-version":[{"id":108699,"href":"https:\/\/kt.gov.rs\/sq\/wp-json\/wp\/v2\/posts\/108695\/revisions\/108699"}],"wp:featuredmedia":[{"embeddable":true,"href":"https:\/\/kt.gov.rs\/sq\/wp-json\/wp\/v2\/media\/108700"}],"wp:attachment":[{"href":"https:\/\/kt.gov.rs\/sq\/wp-json\/wp\/v2\/media?parent=108695"}],"wp:term":[{"taxonomy":"category","embeddable":true,"href":"https:\/\/kt.gov.rs\/sq\/wp-json\/wp\/v2\/categories?post=108695"},{"taxonomy":"post_tag","embeddable":true,"href":"https:\/\/kt.gov.rs\/sq\/wp-json\/wp\/v2\/tags?post=108695"}],"curies":[{"name":"wp","href":"https:\/\/api.w.org\/{rel}","templated":true}]}}