{"id":108662,"date":"2021-12-09T00:00:00","date_gmt":"2021-12-09T00:00:00","guid":{"rendered":"http:\/\/kt.printandscreen.rs\/perfaqesuesit-e-trupit-koordinues-te-qeverise-se-republikes-se-serbise-per-komunat-e-presheves-bujanocit-dhe-medvegjes-vizitojne-komunen-e-presheves\/"},"modified":"2024-07-30T17:58:30","modified_gmt":"2024-07-30T17:58:30","slug":"perfaqesuesit-e-trupit-koordinues-te-qeverise-se-republikes-se-serbise-per-komunat-e-presheves-bujanocit-dhe-medvegjes-vizitojne-komunen-e-presheves","status":"publish","type":"post","link":"https:\/\/kt.gov.rs\/sq\/perfaqesuesit-e-trupit-koordinues-te-qeverise-se-republikes-se-serbise-per-komunat-e-presheves-bujanocit-dhe-medvegjes-vizitojne-komunen-e-presheves\/","title":{"rendered":"P\u00cbRFAQ\u00cbSUESIT E TRUPIT KOORDINUES T\u00cb QEVERIS\u00cb S\u00cb REPUBLIK\u00cbS S\u00cb SERBIS\u00cb P\u00cbR KOMUNAT E PRESHEV\u00cbS, BUJANOCIT DHE MEDVEGJ\u00cbS VIZITOJN\u00cb KOMUN\u00cbN E PRESHEV\u00cbS."},"content":{"rendered":"<p>\n\t<strong><img decoding=\"async\" alt=\"\" src=\"https:\/\/kt.gov.rs\/wp-content\/uploads\/2024\/07\/1639077918_091221_3v-2.jpg\" style=\"width: 640px; height: 360px;\" \/><\/strong><\/p>\n<p>\n\t<strong>Preshev\u00eb \u2013 Beograd<\/strong> \u2013 Kryetarja e Komun\u00ebs s\u00eb Preshev\u00ebs, Ardita Sinani, ka pritur n\u00eb zyr\u00eb p\u00ebrfaq\u00ebsuesit e Trupit Koordinues t\u00eb Qeveris\u00eb s\u00eb Republik\u00ebs s\u00eb Serbis\u00eb p\u00ebr komunat Preshev\u00eb, Bujanoc dhe Medvegj\u00eb.<\/p>\n<p>\n\tNd\u00ebr t\u00eb tjera, n\u00eb takim \u00ebsht\u00eb diskutuar edhe p\u00ebr shpenzimin e mjeteve nga buxheti i Trupit Koordinues, t\u00eb cilat komuna i ka ndar\u00eb p\u00ebr projektet e saj. T\u00eb gjitha mjetet jan\u00eb b\u00ebr\u00eb pothuajse t\u00ebr\u00ebsisht nga buxheti i Trupit Koordinues.<\/p>\n<p>\n\t<img decoding=\"async\" alt=\"\" src=\"https:\/\/kt.gov.rs\/wp-content\/uploads\/2024\/07\/1639077938_091221_4v-1.jpg\" style=\"width: 640px; height: 430px;\" \/><\/p>\n<p>\n\tP\u00ebrfaq\u00ebsuesit e Trupit Koordinues m\u00eb pas zhvilluan nj\u00eb takim me Predrag Stoshiq, drejtor i shkoll\u00ebs fillore &quot;Vuk Karaxhiq&quot;. Nj\u00eb nga temat e bised\u00ebs ishte formimi i nj\u00eb kabineti p\u00ebr art, fonetik\u00eb, fizik\u00eb dhe kimi. Shkolla k\u00ebrkoi ndihm\u00eb nga Trupi Koordinues p\u00ebr pajisjet.<\/p>\n<p>\n\tM\u00eb pas ka vijuar takimi i p\u00ebrfaq\u00ebsuesve t\u00eb Trupit Koordinues me kryetar\u00ebt e komuniteteve lokale, t\u00eb cil\u00ebt kan\u00eb prezantuar problemet m\u00eb t\u00eb m\u00ebdha me t\u00eb cilat ballafaqohen.<\/p>\n<p>\n\tMeqen\u00ebse komuniteti lokal Stacioni Hekurudhor ka nj\u00eb problem t\u00eb kahersh\u00ebm me uj\u00ebrat e zeza atmosferike, ata diskutuan p\u00ebr gjetjen e nj\u00eb zgjidhjeje t\u00eb p\u00ebrhershme.<\/p>\n<p>\n\tPo ashtu edhe tri komunitete lokale Strezovc\u00eb, Maminc\u00eb dhe Slavujevc nuk kan\u00eb kanalizim, andaj u diskutua p\u00ebr vendosjen e kanalizimit.<\/p>\n<p>\n\tN\u00eb kuad\u00ebr t\u00eb vizit\u00ebs n\u00eb komun\u00ebn e Preshev\u00ebs, \u00ebsht\u00eb parapar\u00eb takimi me Shk\u00eblzen Ljimanin, me rastin e aksionit t\u00eb blerjes s\u00eb pakove p\u00ebr f\u00ebmij\u00ebt me nevoja t\u00eb ve\u00e7anta, i cili \u00ebsht\u00eb mb\u00ebshtetur financiarisht nga Trupi Koordinues. Kjo mund\u00ebsoi blerjen e 60 paketave p\u00ebr f\u00ebmij\u00ebt me aft\u00ebsi t\u00eb kufizuara.<\/p>\n<p>\n\tPas k\u00ebsaj \u00ebsht\u00eb planifikuar nj\u00eb takim me organizat\u00ebn joqeveritare \u201cLivrit\u201d.<\/p>\n<p>\n\t<strong>Burimi: Trupi Koordinues<\/strong><\/p>\n<p>\n\t\u00a0<\/p>\n","protected":false},"excerpt":{"rendered":"<p>Preshev\u00eb \u2013 Beograd\u00a0\u2013 Kryetarja e Komun\u00ebs s\u00eb Preshev\u00ebs, Ardita Sinani, ka pritur n\u00eb zyr\u00eb p\u00ebrfaq\u00ebsuesit e Trupit Koordinues t\u00eb Qeveris\u00eb s\u00eb Republik\u00ebs s\u00eb Serbis\u00eb p\u00ebr komunat Preshev\u00eb, Bujanoc dhe Medvegj\u00eb.<\/p>\n","protected":false},"author":1,"featured_media":108670,"comment_status":"closed","ping_status":"closed","sticky":false,"template":"","format":"standard","meta":{"footnotes":""},"categories":[55],"tags":[],"class_list":["post-108662","post","type-post","status-publish","format-standard","has-post-thumbnail","hentry","category-lajme"],"yoast_head":"<!-- This site is optimized with the Yoast SEO plugin v27.5 - https:\/\/yoast.com\/product\/yoast-seo-wordpress\/ -->\n<title>P\u00cbRFAQ\u00cbSUESIT E TRUPIT KOORDINUES T\u00cb QEVERIS\u00cb S\u00cb REPUBLIK\u00cbS S\u00cb SERBIS\u00cb P\u00cbR KOMUNAT E PRESHEV\u00cbS, BUJANOCIT DHE MEDVEGJ\u00cbS VIZITOJN\u00cb KOMUN\u00cbN E PRESHEV\u00cbS. - Republika e S\u00ebrbis\u00eb Trupi Koordinues p\u00ebr komunat Bujanoc, Preshev\u00eb dhe Medvegj\u00eb<\/title>\n<meta name=\"robots\" content=\"index, follow, max-snippet:-1, max-image-preview:large, max-video-preview:-1\" \/>\n<link rel=\"canonical\" href=\"https:\/\/kt.gov.rs\/sq\/perfaqesuesit-e-trupit-koordinues-te-qeverise-se-republikes-se-serbise-per-komunat-e-presheves-bujanocit-dhe-medvegjes-vizitojne-komunen-e-presheves\/\" \/>\n<meta property=\"og:locale\" content=\"sq_AL\" \/>\n<meta property=\"og:type\" content=\"article\" \/>\n<meta property=\"og:title\" content=\"P\u00cbRFAQ\u00cbSUESIT E TRUPIT KOORDINUES T\u00cb QEVERIS\u00cb S\u00cb REPUBLIK\u00cbS S\u00cb SERBIS\u00cb P\u00cbR KOMUNAT E PRESHEV\u00cbS, BUJANOCIT DHE MEDVEGJ\u00cbS VIZITOJN\u00cb KOMUN\u00cbN E PRESHEV\u00cbS. - Republika e S\u00ebrbis\u00eb Trupi Koordinues p\u00ebr komunat Bujanoc, Preshev\u00eb dhe Medvegj\u00eb\" \/>\n<meta property=\"og:description\" content=\"Preshev\u00eb - Beograd\u00a0- Kryetarja e Komun\u00ebs s\u00eb Preshev\u00ebs, Ardita Sinani, ka pritur n\u00eb zyr\u00eb p\u00ebrfaq\u00ebsuesit e Trupit Koordinues t\u00eb Qeveris\u00eb s\u00eb Republik\u00ebs s\u00eb Serbis\u00eb p\u00ebr komunat Preshev\u00eb, Bujanoc dhe Medvegj\u00eb.\" \/>\n<meta property=\"og:url\" content=\"https:\/\/kt.gov.rs\/sq\/perfaqesuesit-e-trupit-koordinues-te-qeverise-se-republikes-se-serbise-per-komunat-e-presheves-bujanocit-dhe-medvegjes-vizitojne-komunen-e-presheves\/\" \/>\n<meta property=\"og:site_name\" content=\"Republika e S\u00ebrbis\u00eb Trupi Koordinues p\u00ebr komunat Bujanoc, Preshev\u00eb dhe Medvegj\u00eb\" \/>\n<meta property=\"article:publisher\" content=\"https:\/\/www.facebook.com\/SluzbaKoordinacionogTelaVladeRepublikeSrbije\" \/>\n<meta property=\"article:published_time\" content=\"2021-12-09T00:00:00+00:00\" \/>\n<meta property=\"article:modified_time\" content=\"2024-07-30T17:58:30+00:00\" \/>\n<meta property=\"og:image\" content=\"https:\/\/kt.gov.rs\/wp-content\/uploads\/2024\/07\/1639077918_091221_3v-3.jpg\" \/>\n\t<meta property=\"og:image:width\" content=\"640\" \/>\n\t<meta property=\"og:image:height\" content=\"360\" \/>\n\t<meta property=\"og:image:type\" content=\"image\/jpeg\" \/>\n<meta name=\"author\" content=\"ktmin\" \/>\n<meta name=\"twitter:card\" content=\"summary_large_image\" \/>\n<meta name=\"twitter:creator\" content=\"@kt_gov\" \/>\n<meta name=\"twitter:site\" content=\"@kt_gov\" \/>\n<meta name=\"twitter:label1\" content=\"Written by\" \/>\n\t<meta name=\"twitter:data1\" content=\"ktmin\" \/>\n\t<meta name=\"twitter:label2\" content=\"Est. reading time\" \/>\n\t<meta name=\"twitter:data2\" content=\"2 minutes\" \/>\n<script type=\"application\/ld+json\" class=\"yoast-schema-graph\">{\"@context\":\"https:\\\/\\\/schema.org\",\"@graph\":[{\"@type\":\"Article\",\"@id\":\"https:\\\/\\\/kt.gov.rs\\\/sq\\\/perfaqesuesit-e-trupit-koordinues-te-qeverise-se-republikes-se-serbise-per-komunat-e-presheves-bujanocit-dhe-medvegjes-vizitojne-komunen-e-presheves\\\/#article\",\"isPartOf\":{\"@id\":\"https:\\\/\\\/kt.gov.rs\\\/sq\\\/perfaqesuesit-e-trupit-koordinues-te-qeverise-se-republikes-se-serbise-per-komunat-e-presheves-bujanocit-dhe-medvegjes-vizitojne-komunen-e-presheves\\\/\"},\"author\":{\"name\":\"ktmin\",\"@id\":\"https:\\\/\\\/kt.gov.rs\\\/#\\\/schema\\\/person\\\/e426459ddb4173309103390602694571\"},\"headline\":\"P\u00cbRFAQ\u00cbSUESIT E TRUPIT KOORDINUES T\u00cb QEVERIS\u00cb S\u00cb REPUBLIK\u00cbS S\u00cb SERBIS\u00cb P\u00cbR KOMUNAT E PRESHEV\u00cbS, BUJANOCIT DHE MEDVEGJ\u00cbS VIZITOJN\u00cb KOMUN\u00cbN E PRESHEV\u00cbS.\",\"datePublished\":\"2021-12-09T00:00:00+00:00\",\"dateModified\":\"2024-07-30T17:58:30+00:00\",\"mainEntityOfPage\":{\"@id\":\"https:\\\/\\\/kt.gov.rs\\\/sq\\\/perfaqesuesit-e-trupit-koordinues-te-qeverise-se-republikes-se-serbise-per-komunat-e-presheves-bujanocit-dhe-medvegjes-vizitojne-komunen-e-presheves\\\/\"},\"wordCount\":427,\"publisher\":{\"@id\":\"https:\\\/\\\/kt.gov.rs\\\/#organization\"},\"image\":{\"@id\":\"https:\\\/\\\/kt.gov.rs\\\/sq\\\/perfaqesuesit-e-trupit-koordinues-te-qeverise-se-republikes-se-serbise-per-komunat-e-presheves-bujanocit-dhe-medvegjes-vizitojne-komunen-e-presheves\\\/#primaryimage\"},\"thumbnailUrl\":\"https:\\\/\\\/kt.gov.rs\\\/wp-content\\\/uploads\\\/2024\\\/07\\\/1639077918_091221_3v-3.jpg\",\"articleSection\":[\"Lajme\"],\"inLanguage\":\"sq-AL\"},{\"@type\":\"WebPage\",\"@id\":\"https:\\\/\\\/kt.gov.rs\\\/sq\\\/perfaqesuesit-e-trupit-koordinues-te-qeverise-se-republikes-se-serbise-per-komunat-e-presheves-bujanocit-dhe-medvegjes-vizitojne-komunen-e-presheves\\\/\",\"url\":\"https:\\\/\\\/kt.gov.rs\\\/sq\\\/perfaqesuesit-e-trupit-koordinues-te-qeverise-se-republikes-se-serbise-per-komunat-e-presheves-bujanocit-dhe-medvegjes-vizitojne-komunen-e-presheves\\\/\",\"name\":\"P\u00cbRFAQ\u00cbSUESIT E TRUPIT KOORDINUES T\u00cb QEVERIS\u00cb S\u00cb REPUBLIK\u00cbS S\u00cb SERBIS\u00cb P\u00cbR KOMUNAT E PRESHEV\u00cbS, BUJANOCIT DHE MEDVEGJ\u00cbS VIZITOJN\u00cb KOMUN\u00cbN E PRESHEV\u00cbS. - Republika e S\u00ebrbis\u00eb Trupi Koordinues p\u00ebr komunat Bujanoc, Preshev\u00eb dhe Medvegj\u00eb\",\"isPartOf\":{\"@id\":\"https:\\\/\\\/kt.gov.rs\\\/#website\"},\"primaryImageOfPage\":{\"@id\":\"https:\\\/\\\/kt.gov.rs\\\/sq\\\/perfaqesuesit-e-trupit-koordinues-te-qeverise-se-republikes-se-serbise-per-komunat-e-presheves-bujanocit-dhe-medvegjes-vizitojne-komunen-e-presheves\\\/#primaryimage\"},\"image\":{\"@id\":\"https:\\\/\\\/kt.gov.rs\\\/sq\\\/perfaqesuesit-e-trupit-koordinues-te-qeverise-se-republikes-se-serbise-per-komunat-e-presheves-bujanocit-dhe-medvegjes-vizitojne-komunen-e-presheves\\\/#primaryimage\"},\"thumbnailUrl\":\"https:\\\/\\\/kt.gov.rs\\\/wp-content\\\/uploads\\\/2024\\\/07\\\/1639077918_091221_3v-3.jpg\",\"datePublished\":\"2021-12-09T00:00:00+00:00\",\"dateModified\":\"2024-07-30T17:58:30+00:00\",\"breadcrumb\":{\"@id\":\"https:\\\/\\\/kt.gov.rs\\\/sq\\\/perfaqesuesit-e-trupit-koordinues-te-qeverise-se-republikes-se-serbise-per-komunat-e-presheves-bujanocit-dhe-medvegjes-vizitojne-komunen-e-presheves\\\/#breadcrumb\"},\"inLanguage\":\"sq-AL\",\"potentialAction\":[{\"@type\":\"ReadAction\",\"target\":[\"https:\\\/\\\/kt.gov.rs\\\/sq\\\/perfaqesuesit-e-trupit-koordinues-te-qeverise-se-republikes-se-serbise-per-komunat-e-presheves-bujanocit-dhe-medvegjes-vizitojne-komunen-e-presheves\\\/\"]}]},{\"@type\":\"ImageObject\",\"inLanguage\":\"sq-AL\",\"@id\":\"https:\\\/\\\/kt.gov.rs\\\/sq\\\/perfaqesuesit-e-trupit-koordinues-te-qeverise-se-republikes-se-serbise-per-komunat-e-presheves-bujanocit-dhe-medvegjes-vizitojne-komunen-e-presheves\\\/#primaryimage\",\"url\":\"https:\\\/\\\/kt.gov.rs\\\/wp-content\\\/uploads\\\/2024\\\/07\\\/1639077918_091221_3v-3.jpg\",\"contentUrl\":\"https:\\\/\\\/kt.gov.rs\\\/wp-content\\\/uploads\\\/2024\\\/07\\\/1639077918_091221_3v-3.jpg\",\"width\":640,\"height\":360},{\"@type\":\"BreadcrumbList\",\"@id\":\"https:\\\/\\\/kt.gov.rs\\\/sq\\\/perfaqesuesit-e-trupit-koordinues-te-qeverise-se-republikes-se-serbise-per-komunat-e-presheves-bujanocit-dhe-medvegjes-vizitojne-komunen-e-presheves\\\/#breadcrumb\",\"itemListElement\":[{\"@type\":\"ListItem\",\"position\":1,\"name\":\"\u041f\u043e\u0447\u0435\u0442\u043d\u0430\",\"item\":\"https:\\\/\\\/kt.gov.rs\\\/sq\\\/\"},{\"@type\":\"ListItem\",\"position\":2,\"name\":\"P\u00cbRFAQ\u00cbSUESIT E TRUPIT KOORDINUES T\u00cb QEVERIS\u00cb S\u00cb REPUBLIK\u00cbS S\u00cb SERBIS\u00cb P\u00cbR KOMUNAT E PRESHEV\u00cbS, BUJANOCIT DHE MEDVEGJ\u00cbS VIZITOJN\u00cb KOMUN\u00cbN E PRESHEV\u00cbS.\"}]},{\"@type\":\"WebSite\",\"@id\":\"https:\\\/\\\/kt.gov.rs\\\/#website\",\"url\":\"https:\\\/\\\/kt.gov.rs\\\/\",\"name\":\"\u041a\u043e\u043e\u0440\u0434\u0438\u043d\u0430\u0446\u0438\u043e\u043d\u043e \u0442\u0435\u043b\u043e \u0412\u043b\u0430\u0434\u0435 \u0420\u0435\u043f\u0443\u0431\u043b\u0438\u043a\u0435 \u0421\u0440\u0431\u0438\u0458\u0435 \u0437\u0430 \u043e\u043f\u0448\u0442\u0438\u043d\u0435 \u041f\u0440\u0435\u0448\u0435\u0432\u043e, \u0411\u0443\u0458\u0430\u043d\u043e\u0432\u0430\u0446 \u0438 \u041c\u0435\u0434\u0432\u0435\u0452a\",\"description\":\"\",\"publisher\":{\"@id\":\"https:\\\/\\\/kt.gov.rs\\\/#organization\"},\"alternateName\":\"\u041a\u043e\u043e\u0440\u0434\u0438\u043d\u0430\u0446\u0438\u043e\u043d\u043e \u0442\u0435\u043b\u043e\",\"potentialAction\":[{\"@type\":\"SearchAction\",\"target\":{\"@type\":\"EntryPoint\",\"urlTemplate\":\"https:\\\/\\\/kt.gov.rs\\\/?s={search_term_string}\"},\"query-input\":{\"@type\":\"PropertyValueSpecification\",\"valueRequired\":true,\"valueName\":\"search_term_string\"}}],\"inLanguage\":\"sq-AL\"},{\"@type\":\"Organization\",\"@id\":\"https:\\\/\\\/kt.gov.rs\\\/#organization\",\"name\":\"\u041a\u043e\u043e\u0440\u0434\u0438\u043d\u0430\u0446\u0438\u043e\u043d\u043e \u0442\u0435\u043b\u043e \u0412\u043b\u0430\u0434\u0435 \u0420\u0435\u043f\u0443\u0431\u043b\u0438\u043a\u0435 \u0421\u0440\u0431\u0438\u0458\u0435 \u0437\u0430 \u043e\u043f\u0448\u0442\u0438\u043d\u0435 \u041f\u0440\u0435\u0448\u0435\u0432\u043e, \u0411\u0443\u0458\u0430\u043d\u043e\u0432\u0430\u0446 \u0438 \u041c\u0435\u0434\u0432\u0435\u0452a\",\"alternateName\":\"\u041a\u043e\u043e\u0440\u0434\u0438\u043d\u0430\u0446\u0438\u043e\u043d\u043e \u0442\u0435\u043b\u043e\",\"url\":\"https:\\\/\\\/kt.gov.rs\\\/\",\"logo\":{\"@type\":\"ImageObject\",\"inLanguage\":\"sq-AL\",\"@id\":\"https:\\\/\\\/kt.gov.rs\\\/#\\\/schema\\\/logo\\\/image\\\/\",\"url\":\"https:\\\/\\\/kt.gov.rs\\\/wp-content\\\/uploads\\\/2024\\\/12\\\/koord2.jpg\",\"contentUrl\":\"https:\\\/\\\/kt.gov.rs\\\/wp-content\\\/uploads\\\/2024\\\/12\\\/koord2.jpg\",\"width\":640,\"height\":480,\"caption\":\"\u041a\u043e\u043e\u0440\u0434\u0438\u043d\u0430\u0446\u0438\u043e\u043d\u043e \u0442\u0435\u043b\u043e \u0412\u043b\u0430\u0434\u0435 \u0420\u0435\u043f\u0443\u0431\u043b\u0438\u043a\u0435 \u0421\u0440\u0431\u0438\u0458\u0435 \u0437\u0430 \u043e\u043f\u0448\u0442\u0438\u043d\u0435 \u041f\u0440\u0435\u0448\u0435\u0432\u043e, \u0411\u0443\u0458\u0430\u043d\u043e\u0432\u0430\u0446 \u0438 \u041c\u0435\u0434\u0432\u0435\u0452a\"},\"image\":{\"@id\":\"https:\\\/\\\/kt.gov.rs\\\/#\\\/schema\\\/logo\\\/image\\\/\"},\"sameAs\":[\"https:\\\/\\\/www.facebook.com\\\/SluzbaKoordinacionogTelaVladeRepublikeSrbije\",\"https:\\\/\\\/x.com\\\/kt_gov\",\"https:\\\/\\\/www.youtube.com\\\/@koordinacionotelo\"]},{\"@type\":\"Person\",\"@id\":\"https:\\\/\\\/kt.gov.rs\\\/#\\\/schema\\\/person\\\/e426459ddb4173309103390602694571\",\"name\":\"ktmin\",\"image\":{\"@type\":\"ImageObject\",\"inLanguage\":\"sq-AL\",\"@id\":\"https:\\\/\\\/secure.gravatar.com\\\/avatar\\\/3985c961109853010c3fbc7ba30365bfba5db3dd6c525831d9c595c7525a615a?s=96&d=mm&r=g\",\"url\":\"https:\\\/\\\/secure.gravatar.com\\\/avatar\\\/3985c961109853010c3fbc7ba30365bfba5db3dd6c525831d9c595c7525a615a?s=96&d=mm&r=g\",\"contentUrl\":\"https:\\\/\\\/secure.gravatar.com\\\/avatar\\\/3985c961109853010c3fbc7ba30365bfba5db3dd6c525831d9c595c7525a615a?s=96&d=mm&r=g\",\"caption\":\"ktmin\"},\"sameAs\":[\"https:\\\/\\\/kt.gov.rs\"],\"url\":\"https:\\\/\\\/kt.gov.rs\\\/sq\\\/author\\\/ktmin\\\/\"}]}<\/script>\n<!-- \/ Yoast SEO plugin. -->","yoast_head_json":{"title":"P\u00cbRFAQ\u00cbSUESIT E TRUPIT KOORDINUES T\u00cb QEVERIS\u00cb S\u00cb REPUBLIK\u00cbS S\u00cb SERBIS\u00cb P\u00cbR KOMUNAT E PRESHEV\u00cbS, BUJANOCIT DHE MEDVEGJ\u00cbS VIZITOJN\u00cb KOMUN\u00cbN E PRESHEV\u00cbS. - Republika e S\u00ebrbis\u00eb Trupi Koordinues p\u00ebr komunat Bujanoc, Preshev\u00eb dhe Medvegj\u00eb","robots":{"index":"index","follow":"follow","max-snippet":"max-snippet:-1","max-image-preview":"max-image-preview:large","max-video-preview":"max-video-preview:-1"},"canonical":"https:\/\/kt.gov.rs\/sq\/perfaqesuesit-e-trupit-koordinues-te-qeverise-se-republikes-se-serbise-per-komunat-e-presheves-bujanocit-dhe-medvegjes-vizitojne-komunen-e-presheves\/","og_locale":"sq_AL","og_type":"article","og_title":"P\u00cbRFAQ\u00cbSUESIT E TRUPIT KOORDINUES T\u00cb QEVERIS\u00cb S\u00cb REPUBLIK\u00cbS S\u00cb SERBIS\u00cb P\u00cbR KOMUNAT E PRESHEV\u00cbS, BUJANOCIT DHE MEDVEGJ\u00cbS VIZITOJN\u00cb KOMUN\u00cbN E PRESHEV\u00cbS. - Republika e S\u00ebrbis\u00eb Trupi Koordinues p\u00ebr komunat Bujanoc, Preshev\u00eb dhe Medvegj\u00eb","og_description":"Preshev\u00eb - Beograd\u00a0- Kryetarja e Komun\u00ebs s\u00eb Preshev\u00ebs, Ardita Sinani, ka pritur n\u00eb zyr\u00eb p\u00ebrfaq\u00ebsuesit e Trupit Koordinues t\u00eb Qeveris\u00eb s\u00eb Republik\u00ebs s\u00eb Serbis\u00eb p\u00ebr komunat Preshev\u00eb, Bujanoc dhe Medvegj\u00eb.","og_url":"https:\/\/kt.gov.rs\/sq\/perfaqesuesit-e-trupit-koordinues-te-qeverise-se-republikes-se-serbise-per-komunat-e-presheves-bujanocit-dhe-medvegjes-vizitojne-komunen-e-presheves\/","og_site_name":"Republika e S\u00ebrbis\u00eb Trupi Koordinues p\u00ebr komunat Bujanoc, Preshev\u00eb dhe Medvegj\u00eb","article_publisher":"https:\/\/www.facebook.com\/SluzbaKoordinacionogTelaVladeRepublikeSrbije","article_published_time":"2021-12-09T00:00:00+00:00","article_modified_time":"2024-07-30T17:58:30+00:00","og_image":[{"width":640,"height":360,"url":"https:\/\/kt.gov.rs\/wp-content\/uploads\/2024\/07\/1639077918_091221_3v-3.jpg","type":"image\/jpeg"}],"author":"ktmin","twitter_card":"summary_large_image","twitter_creator":"@kt_gov","twitter_site":"@kt_gov","twitter_misc":{"Written by":"ktmin","Est. reading time":"2 minutes"},"schema":{"@context":"https:\/\/schema.org","@graph":[{"@type":"Article","@id":"https:\/\/kt.gov.rs\/sq\/perfaqesuesit-e-trupit-koordinues-te-qeverise-se-republikes-se-serbise-per-komunat-e-presheves-bujanocit-dhe-medvegjes-vizitojne-komunen-e-presheves\/#article","isPartOf":{"@id":"https:\/\/kt.gov.rs\/sq\/perfaqesuesit-e-trupit-koordinues-te-qeverise-se-republikes-se-serbise-per-komunat-e-presheves-bujanocit-dhe-medvegjes-vizitojne-komunen-e-presheves\/"},"author":{"name":"ktmin","@id":"https:\/\/kt.gov.rs\/#\/schema\/person\/e426459ddb4173309103390602694571"},"headline":"P\u00cbRFAQ\u00cbSUESIT E TRUPIT KOORDINUES T\u00cb QEVERIS\u00cb S\u00cb REPUBLIK\u00cbS S\u00cb SERBIS\u00cb P\u00cbR KOMUNAT E PRESHEV\u00cbS, BUJANOCIT DHE MEDVEGJ\u00cbS VIZITOJN\u00cb KOMUN\u00cbN E PRESHEV\u00cbS.","datePublished":"2021-12-09T00:00:00+00:00","dateModified":"2024-07-30T17:58:30+00:00","mainEntityOfPage":{"@id":"https:\/\/kt.gov.rs\/sq\/perfaqesuesit-e-trupit-koordinues-te-qeverise-se-republikes-se-serbise-per-komunat-e-presheves-bujanocit-dhe-medvegjes-vizitojne-komunen-e-presheves\/"},"wordCount":427,"publisher":{"@id":"https:\/\/kt.gov.rs\/#organization"},"image":{"@id":"https:\/\/kt.gov.rs\/sq\/perfaqesuesit-e-trupit-koordinues-te-qeverise-se-republikes-se-serbise-per-komunat-e-presheves-bujanocit-dhe-medvegjes-vizitojne-komunen-e-presheves\/#primaryimage"},"thumbnailUrl":"https:\/\/kt.gov.rs\/wp-content\/uploads\/2024\/07\/1639077918_091221_3v-3.jpg","articleSection":["Lajme"],"inLanguage":"sq-AL"},{"@type":"WebPage","@id":"https:\/\/kt.gov.rs\/sq\/perfaqesuesit-e-trupit-koordinues-te-qeverise-se-republikes-se-serbise-per-komunat-e-presheves-bujanocit-dhe-medvegjes-vizitojne-komunen-e-presheves\/","url":"https:\/\/kt.gov.rs\/sq\/perfaqesuesit-e-trupit-koordinues-te-qeverise-se-republikes-se-serbise-per-komunat-e-presheves-bujanocit-dhe-medvegjes-vizitojne-komunen-e-presheves\/","name":"P\u00cbRFAQ\u00cbSUESIT E TRUPIT KOORDINUES T\u00cb QEVERIS\u00cb S\u00cb REPUBLIK\u00cbS S\u00cb SERBIS\u00cb P\u00cbR KOMUNAT E PRESHEV\u00cbS, BUJANOCIT DHE MEDVEGJ\u00cbS VIZITOJN\u00cb KOMUN\u00cbN E PRESHEV\u00cbS. - Republika e S\u00ebrbis\u00eb Trupi Koordinues p\u00ebr komunat Bujanoc, Preshev\u00eb dhe Medvegj\u00eb","isPartOf":{"@id":"https:\/\/kt.gov.rs\/#website"},"primaryImageOfPage":{"@id":"https:\/\/kt.gov.rs\/sq\/perfaqesuesit-e-trupit-koordinues-te-qeverise-se-republikes-se-serbise-per-komunat-e-presheves-bujanocit-dhe-medvegjes-vizitojne-komunen-e-presheves\/#primaryimage"},"image":{"@id":"https:\/\/kt.gov.rs\/sq\/perfaqesuesit-e-trupit-koordinues-te-qeverise-se-republikes-se-serbise-per-komunat-e-presheves-bujanocit-dhe-medvegjes-vizitojne-komunen-e-presheves\/#primaryimage"},"thumbnailUrl":"https:\/\/kt.gov.rs\/wp-content\/uploads\/2024\/07\/1639077918_091221_3v-3.jpg","datePublished":"2021-12-09T00:00:00+00:00","dateModified":"2024-07-30T17:58:30+00:00","breadcrumb":{"@id":"https:\/\/kt.gov.rs\/sq\/perfaqesuesit-e-trupit-koordinues-te-qeverise-se-republikes-se-serbise-per-komunat-e-presheves-bujanocit-dhe-medvegjes-vizitojne-komunen-e-presheves\/#breadcrumb"},"inLanguage":"sq-AL","potentialAction":[{"@type":"ReadAction","target":["https:\/\/kt.gov.rs\/sq\/perfaqesuesit-e-trupit-koordinues-te-qeverise-se-republikes-se-serbise-per-komunat-e-presheves-bujanocit-dhe-medvegjes-vizitojne-komunen-e-presheves\/"]}]},{"@type":"ImageObject","inLanguage":"sq-AL","@id":"https:\/\/kt.gov.rs\/sq\/perfaqesuesit-e-trupit-koordinues-te-qeverise-se-republikes-se-serbise-per-komunat-e-presheves-bujanocit-dhe-medvegjes-vizitojne-komunen-e-presheves\/#primaryimage","url":"https:\/\/kt.gov.rs\/wp-content\/uploads\/2024\/07\/1639077918_091221_3v-3.jpg","contentUrl":"https:\/\/kt.gov.rs\/wp-content\/uploads\/2024\/07\/1639077918_091221_3v-3.jpg","width":640,"height":360},{"@type":"BreadcrumbList","@id":"https:\/\/kt.gov.rs\/sq\/perfaqesuesit-e-trupit-koordinues-te-qeverise-se-republikes-se-serbise-per-komunat-e-presheves-bujanocit-dhe-medvegjes-vizitojne-komunen-e-presheves\/#breadcrumb","itemListElement":[{"@type":"ListItem","position":1,"name":"\u041f\u043e\u0447\u0435\u0442\u043d\u0430","item":"https:\/\/kt.gov.rs\/sq\/"},{"@type":"ListItem","position":2,"name":"P\u00cbRFAQ\u00cbSUESIT E TRUPIT KOORDINUES T\u00cb QEVERIS\u00cb S\u00cb REPUBLIK\u00cbS S\u00cb SERBIS\u00cb P\u00cbR KOMUNAT E PRESHEV\u00cbS, BUJANOCIT DHE MEDVEGJ\u00cbS VIZITOJN\u00cb KOMUN\u00cbN E PRESHEV\u00cbS."}]},{"@type":"WebSite","@id":"https:\/\/kt.gov.rs\/#website","url":"https:\/\/kt.gov.rs\/","name":"\u041a\u043e\u043e\u0440\u0434\u0438\u043d\u0430\u0446\u0438\u043e\u043d\u043e \u0442\u0435\u043b\u043e \u0412\u043b\u0430\u0434\u0435 \u0420\u0435\u043f\u0443\u0431\u043b\u0438\u043a\u0435 \u0421\u0440\u0431\u0438\u0458\u0435 \u0437\u0430 \u043e\u043f\u0448\u0442\u0438\u043d\u0435 \u041f\u0440\u0435\u0448\u0435\u0432\u043e, \u0411\u0443\u0458\u0430\u043d\u043e\u0432\u0430\u0446 \u0438 \u041c\u0435\u0434\u0432\u0435\u0452a","description":"","publisher":{"@id":"https:\/\/kt.gov.rs\/#organization"},"alternateName":"\u041a\u043e\u043e\u0440\u0434\u0438\u043d\u0430\u0446\u0438\u043e\u043d\u043e \u0442\u0435\u043b\u043e","potentialAction":[{"@type":"SearchAction","target":{"@type":"EntryPoint","urlTemplate":"https:\/\/kt.gov.rs\/?s={search_term_string}"},"query-input":{"@type":"PropertyValueSpecification","valueRequired":true,"valueName":"search_term_string"}}],"inLanguage":"sq-AL"},{"@type":"Organization","@id":"https:\/\/kt.gov.rs\/#organization","name":"\u041a\u043e\u043e\u0440\u0434\u0438\u043d\u0430\u0446\u0438\u043e\u043d\u043e \u0442\u0435\u043b\u043e \u0412\u043b\u0430\u0434\u0435 \u0420\u0435\u043f\u0443\u0431\u043b\u0438\u043a\u0435 \u0421\u0440\u0431\u0438\u0458\u0435 \u0437\u0430 \u043e\u043f\u0448\u0442\u0438\u043d\u0435 \u041f\u0440\u0435\u0448\u0435\u0432\u043e, \u0411\u0443\u0458\u0430\u043d\u043e\u0432\u0430\u0446 \u0438 \u041c\u0435\u0434\u0432\u0435\u0452a","alternateName":"\u041a\u043e\u043e\u0440\u0434\u0438\u043d\u0430\u0446\u0438\u043e\u043d\u043e \u0442\u0435\u043b\u043e","url":"https:\/\/kt.gov.rs\/","logo":{"@type":"ImageObject","inLanguage":"sq-AL","@id":"https:\/\/kt.gov.rs\/#\/schema\/logo\/image\/","url":"https:\/\/kt.gov.rs\/wp-content\/uploads\/2024\/12\/koord2.jpg","contentUrl":"https:\/\/kt.gov.rs\/wp-content\/uploads\/2024\/12\/koord2.jpg","width":640,"height":480,"caption":"\u041a\u043e\u043e\u0440\u0434\u0438\u043d\u0430\u0446\u0438\u043e\u043d\u043e \u0442\u0435\u043b\u043e \u0412\u043b\u0430\u0434\u0435 \u0420\u0435\u043f\u0443\u0431\u043b\u0438\u043a\u0435 \u0421\u0440\u0431\u0438\u0458\u0435 \u0437\u0430 \u043e\u043f\u0448\u0442\u0438\u043d\u0435 \u041f\u0440\u0435\u0448\u0435\u0432\u043e, \u0411\u0443\u0458\u0430\u043d\u043e\u0432\u0430\u0446 \u0438 \u041c\u0435\u0434\u0432\u0435\u0452a"},"image":{"@id":"https:\/\/kt.gov.rs\/#\/schema\/logo\/image\/"},"sameAs":["https:\/\/www.facebook.com\/SluzbaKoordinacionogTelaVladeRepublikeSrbije","https:\/\/x.com\/kt_gov","https:\/\/www.youtube.com\/@koordinacionotelo"]},{"@type":"Person","@id":"https:\/\/kt.gov.rs\/#\/schema\/person\/e426459ddb4173309103390602694571","name":"ktmin","image":{"@type":"ImageObject","inLanguage":"sq-AL","@id":"https:\/\/secure.gravatar.com\/avatar\/3985c961109853010c3fbc7ba30365bfba5db3dd6c525831d9c595c7525a615a?s=96&d=mm&r=g","url":"https:\/\/secure.gravatar.com\/avatar\/3985c961109853010c3fbc7ba30365bfba5db3dd6c525831d9c595c7525a615a?s=96&d=mm&r=g","contentUrl":"https:\/\/secure.gravatar.com\/avatar\/3985c961109853010c3fbc7ba30365bfba5db3dd6c525831d9c595c7525a615a?s=96&d=mm&r=g","caption":"ktmin"},"sameAs":["https:\/\/kt.gov.rs"],"url":"https:\/\/kt.gov.rs\/sq\/author\/ktmin\/"}]}},"_links":{"self":[{"href":"https:\/\/kt.gov.rs\/sq\/wp-json\/wp\/v2\/posts\/108662","targetHints":{"allow":["GET"]}}],"collection":[{"href":"https:\/\/kt.gov.rs\/sq\/wp-json\/wp\/v2\/posts"}],"about":[{"href":"https:\/\/kt.gov.rs\/sq\/wp-json\/wp\/v2\/types\/post"}],"author":[{"embeddable":true,"href":"https:\/\/kt.gov.rs\/sq\/wp-json\/wp\/v2\/users\/1"}],"replies":[{"embeddable":true,"href":"https:\/\/kt.gov.rs\/sq\/wp-json\/wp\/v2\/comments?post=108662"}],"version-history":[{"count":1,"href":"https:\/\/kt.gov.rs\/sq\/wp-json\/wp\/v2\/posts\/108662\/revisions"}],"predecessor-version":[{"id":108669,"href":"https:\/\/kt.gov.rs\/sq\/wp-json\/wp\/v2\/posts\/108662\/revisions\/108669"}],"wp:featuredmedia":[{"embeddable":true,"href":"https:\/\/kt.gov.rs\/sq\/wp-json\/wp\/v2\/media\/108670"}],"wp:attachment":[{"href":"https:\/\/kt.gov.rs\/sq\/wp-json\/wp\/v2\/media?parent=108662"}],"wp:term":[{"taxonomy":"category","embeddable":true,"href":"https:\/\/kt.gov.rs\/sq\/wp-json\/wp\/v2\/categories?post=108662"},{"taxonomy":"post_tag","embeddable":true,"href":"https:\/\/kt.gov.rs\/sq\/wp-json\/wp\/v2\/tags?post=108662"}],"curies":[{"name":"wp","href":"https:\/\/api.w.org\/{rel}","templated":true}]}}