{"id":108646,"date":"2021-12-13T00:00:00","date_gmt":"2021-12-13T00:00:00","guid":{"rendered":"http:\/\/kt.printandscreen.rs\/bshkimi-evropian-kushtuar-bujanocit-dhe-presheves\/"},"modified":"2024-07-30T17:58:28","modified_gmt":"2024-07-30T17:58:28","slug":"bshkimi-evropian-kushtuar-bujanocit-dhe-presheves","status":"publish","type":"post","link":"https:\/\/kt.gov.rs\/sq\/bshkimi-evropian-kushtuar-bujanocit-dhe-presheves\/","title":{"rendered":"BSHKIMI EVROPIAN KUSHTUAR BUJANOCIT DHE PRESHEV\u00cbS"},"content":{"rendered":"<p>\n\t<strong><img decoding=\"async\" alt=\"\" src=\"https:\/\/kt.gov.rs\/wp-content\/uploads\/2024\/07\/1639397188_131221_1-2.jpg\" style=\"width: 315px; height: 230px; float: left;\" \/>Bujanoc \u2013 Preshev\u00eb<\/strong> \u2013 Beograd \u2013 Bashkimi Evropian mbetet i p\u00ebrkushtuar p\u00ebr zhvillimin e Bujanocit, Vranj\u00ebs dhe Preshev\u00ebs, than\u00eb diplomat\u00ebt e BE-s\u00eb gjat\u00eb nj\u00eb vizite n\u00eb Serbin\u00eb jugore.<\/p>\n<p>\n\tZhvillimi lokal n\u00eb Serbin\u00eb juglindore dhe menaxhimi i migracionit ishin temat kryesore t\u00eb vizit\u00ebs s\u00eb delegacionit t\u00eb udh\u00ebhequr nga ambasadori i BE-s\u00eb n\u00eb Serbi Emanuel Ziofre Vranje, Preshev\u00eb dhe Bujanoc.<\/p>\n<p>\n\tDelegacioni u takua me kryetarin e komun\u00ebs s\u00eb Bujanocit, Nagip Arifi, kryetarin e K\u00ebshillit Komb\u00ebtar t\u00eb Shqiptar\u00ebve, Ragmi Mustafi, dhe kryetarin e komun\u00ebs s\u00eb Vranj\u00ebs, Sllobodan Milenkoviq, dhe me at\u00eb rast, p\u00ebrkushtimi i BE-s\u00eb p\u00ebr zhvillimin e k\u00ebtyre tri pushteteve lokale ishte konfirmuar.<\/p>\n<p>\n\tGjat\u00eb vizit\u00ebs s\u00eb tij n\u00eb qendr\u00ebn e pritjes n\u00eb Preshev\u00eb, ambasadori Ziofre theksoi qasjen humane ndaj migrimit q\u00eb ka marr\u00eb Serbia duke u ofruar t\u00eb gjith\u00eb emigrant\u00ebve ushqim, sh\u00ebrbime sh\u00ebndet\u00ebsore dhe arsimim, pavar\u00ebsisht nga statusi i tyre ligjor.<\/p>\n<p>\n\t\u201cNe e vler\u00ebsojm\u00eb shum\u00eb m\u00ebnyr\u00ebn humane n\u00eb t\u00eb cil\u00ebn Serbia iu afrua trajtimit t\u00eb migrant\u00ebve dhe refugjat\u00ebve duke u ofruar atyre kushte elementare t\u00eb jetes\u00ebs. BE-ja ka dh\u00ebn\u00eb deri m\u00eb tani 130 milion\u00eb euro dhe ne do t\u00eb vazhdojm\u00eb ta mb\u00ebshtesim, sepse kjo \u00ebsht\u00eb nj\u00eb \u00e7\u00ebshtje q\u00eb k\u00ebrkon angazhimin e t\u00eb gjith\u00ebve. N\u00eb Dit\u00ebn Nd\u00ebrkomb\u00ebtare t\u00eb t\u00eb Drejtave t\u00eb Njeriut, d\u00ebshiroj t\u00eb theksoj r\u00ebnd\u00ebsin\u00eb e shtetit t\u00eb s\u00eb drejt\u00ebs, demokracis\u00eb dhe mbrojtjes s\u00eb t\u00eb drejtave t\u00eb \u00e7do individi. \u201cGjithashtu, Serbia ka punuar shum\u00eb p\u00ebr t\u00eb harmonizuar politik\u00ebn e saj t\u00eb migracionit dhe sistemin e azilit dhe korniz\u00ebn ligjore me bazen ligjore UE dhe n\u00eb nj\u00eb koh\u00eb shum\u00eb t\u00eb shkurt\u00ebr ka b\u00ebr\u00eb at\u00eb q\u00eb p\u00ebrndryshe mund t\u00eb zgjas\u00eb shum\u00eb m\u00eb gjat\u00eb\u201d, tha ambasadori Ziofre, duke theksuar bashk\u00ebpunimin e mir\u00eb mes BE-s\u00eb. dhe Serbis\u00eb n\u00eb menaxhimin e migracionit.<\/p>\n<p>\n\tEdhe ambasador\u00ebt e Portugalis\u00eb dhe Belgjik\u00ebs u shpreh\u00ebn t\u00eb k\u00ebnaqur me pun\u00ebn e p\u00ebrbashk\u00ebt t\u00eb Serbis\u00eb, BE-s\u00eb dhe UNHCR-s\u00eb n\u00eb Preshev\u00eb, Vranj\u00eb, por edhe qendrat e tjera t\u00eb pritjes n\u00ebp\u00ebr Serbi.<\/p>\n<p>\n\t\u201cShpresoj q\u00eb politika e migracionit t\u00eb Serbis\u00eb do t\u00eb vazhdoj\u00eb t\u00eb ndjek\u00eb vlerat themelore t\u00eb BE-s\u00eb dhe t\u00eb drejtave t\u00eb njeriut dhe t\u00eb vazhdoj\u00eb t\u00eb jet\u00eb gjith\u00ebp\u00ebrfshir\u00ebse, mb\u00ebshtet\u00ebse dhe humane, sepse mbi t\u00eb gjitha ne jemi t\u00eb gjith\u00eb qenie njer\u00ebzore\u201d, tha ambasadorja portugeze Virgjinia Mendez da Silva Pina.<\/p>\n<p>\n\t\u201cNe jemi k\u00ebtu p\u00ebr t\u00eb treguar mb\u00ebshtetje p\u00ebr gjith\u00e7ka q\u00eb BE-ja po b\u00ebn n\u00eb Serbi, qoft\u00eb n\u00eb qendrat e pritjes, zhvillimin e nd\u00ebrmarrjeve t\u00eb vogla dhe t\u00eb mesme apo n\u00eb fusha t\u00eb tjera. T\u00eb gjith\u00eb jemi akter\u00eb n\u00eb gjith\u00eb k\u00ebt\u00eb, jemi krenar\u00eb q\u00eb t\u00eb gjitha investimet e BE-s\u00eb jan\u00eb shfryt\u00ebzuar mir\u00eb dhe p\u00ebr t\u00eb mir\u00ebn e qytetar\u00ebve\u201d, shtoi ambasadori i Belgjik\u00ebs, Kun Adam.<\/p>\n<p>\n\tDelegacioni ka vizituar edhe punimet n\u00eb qendr\u00ebn p\u00ebr azilk\u00ebrkues n\u00eb Vranj\u00eb, e cila financohet nga Bashkimi Evropian, si dhe kompanit\u00eb q\u00eb kan\u00eb marr\u00eb fonde t\u00eb pakthyeshme p\u00ebrmes programeve t\u00eb BE-s\u00eb.<\/p>\n<p>\n\t<strong>Burimi: Bujanovacke, Trupi Koordinues<\/strong><\/p>\n<p>\n\t\u00a0<\/p>\n","protected":false},"excerpt":{"rendered":"<p>Bujanoc \u2013 Preshev\u00eb\u00a0\u2013 Beograd \u2013 Bashkimi Evropian mbetet i p\u00ebrkushtuar p\u00ebr zhvillimin e Bujanocit, Vranj\u00ebs dhe Preshev\u00ebs, than\u00eb diplomat\u00ebt e BE-s\u00eb gjat\u00eb nj\u00eb vizite n\u00eb Serbin\u00eb jugore.<\/p>\n","protected":false},"author":1,"featured_media":108651,"comment_status":"closed","ping_status":"closed","sticky":false,"template":"","format":"standard","meta":{"footnotes":""},"categories":[55],"tags":[],"class_list":["post-108646","post","type-post","status-publish","format-standard","has-post-thumbnail","hentry","category-lajme"],"yoast_head":"<!-- This site is optimized with the Yoast SEO plugin v27.5 - https:\/\/yoast.com\/product\/yoast-seo-wordpress\/ -->\n<title>BSHKIMI EVROPIAN KUSHTUAR BUJANOCIT DHE PRESHEV\u00cbS - Republika e S\u00ebrbis\u00eb Trupi Koordinues p\u00ebr komunat Bujanoc, Preshev\u00eb dhe Medvegj\u00eb<\/title>\n<meta name=\"robots\" content=\"index, follow, max-snippet:-1, max-image-preview:large, max-video-preview:-1\" \/>\n<link rel=\"canonical\" href=\"https:\/\/kt.gov.rs\/sq\/bshkimi-evropian-kushtuar-bujanocit-dhe-presheves\/\" \/>\n<meta property=\"og:locale\" content=\"sq_AL\" \/>\n<meta property=\"og:type\" content=\"article\" \/>\n<meta property=\"og:title\" content=\"BSHKIMI EVROPIAN KUSHTUAR BUJANOCIT DHE PRESHEV\u00cbS - Republika e S\u00ebrbis\u00eb Trupi Koordinues p\u00ebr komunat Bujanoc, Preshev\u00eb dhe Medvegj\u00eb\" \/>\n<meta property=\"og:description\" content=\"Bujanoc - Preshev\u00eb\u00a0- Beograd - Bashkimi Evropian mbetet i p\u00ebrkushtuar p\u00ebr zhvillimin e Bujanocit, Vranj\u00ebs dhe Preshev\u00ebs, than\u00eb diplomat\u00ebt e BE-s\u00eb gjat\u00eb nj\u00eb vizite n\u00eb Serbin\u00eb jugore.\" \/>\n<meta property=\"og:url\" content=\"https:\/\/kt.gov.rs\/sq\/bshkimi-evropian-kushtuar-bujanocit-dhe-presheves\/\" \/>\n<meta property=\"og:site_name\" content=\"Republika e S\u00ebrbis\u00eb Trupi Koordinues p\u00ebr komunat Bujanoc, Preshev\u00eb dhe Medvegj\u00eb\" \/>\n<meta property=\"article:publisher\" content=\"https:\/\/www.facebook.com\/SluzbaKoordinacionogTelaVladeRepublikeSrbije\" \/>\n<meta property=\"article:published_time\" content=\"2021-12-13T00:00:00+00:00\" \/>\n<meta property=\"article:modified_time\" content=\"2024-07-30T17:58:28+00:00\" \/>\n<meta property=\"og:image\" content=\"https:\/\/kt.gov.rs\/wp-content\/uploads\/2024\/07\/1639397188_131221_1-3.jpg\" \/>\n\t<meta property=\"og:image:width\" content=\"315\" \/>\n\t<meta property=\"og:image:height\" content=\"230\" \/>\n\t<meta property=\"og:image:type\" content=\"image\/jpeg\" \/>\n<meta name=\"author\" content=\"ktmin\" \/>\n<meta name=\"twitter:card\" content=\"summary_large_image\" \/>\n<meta name=\"twitter:creator\" content=\"@kt_gov\" \/>\n<meta name=\"twitter:site\" content=\"@kt_gov\" \/>\n<meta name=\"twitter:label1\" content=\"Written by\" \/>\n\t<meta name=\"twitter:data1\" content=\"ktmin\" \/>\n\t<meta name=\"twitter:label2\" content=\"Est. reading time\" \/>\n\t<meta name=\"twitter:data2\" content=\"4 minutes\" \/>\n<script type=\"application\/ld+json\" class=\"yoast-schema-graph\">{\"@context\":\"https:\\\/\\\/schema.org\",\"@graph\":[{\"@type\":\"Article\",\"@id\":\"https:\\\/\\\/kt.gov.rs\\\/sq\\\/bshkimi-evropian-kushtuar-bujanocit-dhe-presheves\\\/#article\",\"isPartOf\":{\"@id\":\"https:\\\/\\\/kt.gov.rs\\\/sq\\\/bshkimi-evropian-kushtuar-bujanocit-dhe-presheves\\\/\"},\"author\":{\"name\":\"ktmin\",\"@id\":\"https:\\\/\\\/kt.gov.rs\\\/#\\\/schema\\\/person\\\/e426459ddb4173309103390602694571\"},\"headline\":\"BSHKIMI EVROPIAN KUSHTUAR BUJANOCIT DHE PRESHEV\u00cbS\",\"datePublished\":\"2021-12-13T00:00:00+00:00\",\"dateModified\":\"2024-07-30T17:58:28+00:00\",\"mainEntityOfPage\":{\"@id\":\"https:\\\/\\\/kt.gov.rs\\\/sq\\\/bshkimi-evropian-kushtuar-bujanocit-dhe-presheves\\\/\"},\"wordCount\":765,\"publisher\":{\"@id\":\"https:\\\/\\\/kt.gov.rs\\\/#organization\"},\"image\":{\"@id\":\"https:\\\/\\\/kt.gov.rs\\\/sq\\\/bshkimi-evropian-kushtuar-bujanocit-dhe-presheves\\\/#primaryimage\"},\"thumbnailUrl\":\"https:\\\/\\\/kt.gov.rs\\\/wp-content\\\/uploads\\\/2024\\\/07\\\/1639397188_131221_1-3.jpg\",\"articleSection\":[\"Lajme\"],\"inLanguage\":\"sq-AL\"},{\"@type\":\"WebPage\",\"@id\":\"https:\\\/\\\/kt.gov.rs\\\/sq\\\/bshkimi-evropian-kushtuar-bujanocit-dhe-presheves\\\/\",\"url\":\"https:\\\/\\\/kt.gov.rs\\\/sq\\\/bshkimi-evropian-kushtuar-bujanocit-dhe-presheves\\\/\",\"name\":\"BSHKIMI EVROPIAN KUSHTUAR BUJANOCIT DHE PRESHEV\u00cbS - Republika e S\u00ebrbis\u00eb Trupi Koordinues p\u00ebr komunat Bujanoc, Preshev\u00eb dhe Medvegj\u00eb\",\"isPartOf\":{\"@id\":\"https:\\\/\\\/kt.gov.rs\\\/#website\"},\"primaryImageOfPage\":{\"@id\":\"https:\\\/\\\/kt.gov.rs\\\/sq\\\/bshkimi-evropian-kushtuar-bujanocit-dhe-presheves\\\/#primaryimage\"},\"image\":{\"@id\":\"https:\\\/\\\/kt.gov.rs\\\/sq\\\/bshkimi-evropian-kushtuar-bujanocit-dhe-presheves\\\/#primaryimage\"},\"thumbnailUrl\":\"https:\\\/\\\/kt.gov.rs\\\/wp-content\\\/uploads\\\/2024\\\/07\\\/1639397188_131221_1-3.jpg\",\"datePublished\":\"2021-12-13T00:00:00+00:00\",\"dateModified\":\"2024-07-30T17:58:28+00:00\",\"breadcrumb\":{\"@id\":\"https:\\\/\\\/kt.gov.rs\\\/sq\\\/bshkimi-evropian-kushtuar-bujanocit-dhe-presheves\\\/#breadcrumb\"},\"inLanguage\":\"sq-AL\",\"potentialAction\":[{\"@type\":\"ReadAction\",\"target\":[\"https:\\\/\\\/kt.gov.rs\\\/sq\\\/bshkimi-evropian-kushtuar-bujanocit-dhe-presheves\\\/\"]}]},{\"@type\":\"ImageObject\",\"inLanguage\":\"sq-AL\",\"@id\":\"https:\\\/\\\/kt.gov.rs\\\/sq\\\/bshkimi-evropian-kushtuar-bujanocit-dhe-presheves\\\/#primaryimage\",\"url\":\"https:\\\/\\\/kt.gov.rs\\\/wp-content\\\/uploads\\\/2024\\\/07\\\/1639397188_131221_1-3.jpg\",\"contentUrl\":\"https:\\\/\\\/kt.gov.rs\\\/wp-content\\\/uploads\\\/2024\\\/07\\\/1639397188_131221_1-3.jpg\",\"width\":315,\"height\":230},{\"@type\":\"BreadcrumbList\",\"@id\":\"https:\\\/\\\/kt.gov.rs\\\/sq\\\/bshkimi-evropian-kushtuar-bujanocit-dhe-presheves\\\/#breadcrumb\",\"itemListElement\":[{\"@type\":\"ListItem\",\"position\":1,\"name\":\"\u041f\u043e\u0447\u0435\u0442\u043d\u0430\",\"item\":\"https:\\\/\\\/kt.gov.rs\\\/sq\\\/\"},{\"@type\":\"ListItem\",\"position\":2,\"name\":\"BSHKIMI EVROPIAN KUSHTUAR BUJANOCIT DHE PRESHEV\u00cbS\"}]},{\"@type\":\"WebSite\",\"@id\":\"https:\\\/\\\/kt.gov.rs\\\/#website\",\"url\":\"https:\\\/\\\/kt.gov.rs\\\/\",\"name\":\"\u041a\u043e\u043e\u0440\u0434\u0438\u043d\u0430\u0446\u0438\u043e\u043d\u043e \u0442\u0435\u043b\u043e \u0412\u043b\u0430\u0434\u0435 \u0420\u0435\u043f\u0443\u0431\u043b\u0438\u043a\u0435 \u0421\u0440\u0431\u0438\u0458\u0435 \u0437\u0430 \u043e\u043f\u0448\u0442\u0438\u043d\u0435 \u041f\u0440\u0435\u0448\u0435\u0432\u043e, \u0411\u0443\u0458\u0430\u043d\u043e\u0432\u0430\u0446 \u0438 \u041c\u0435\u0434\u0432\u0435\u0452a\",\"description\":\"\",\"publisher\":{\"@id\":\"https:\\\/\\\/kt.gov.rs\\\/#organization\"},\"alternateName\":\"\u041a\u043e\u043e\u0440\u0434\u0438\u043d\u0430\u0446\u0438\u043e\u043d\u043e \u0442\u0435\u043b\u043e\",\"potentialAction\":[{\"@type\":\"SearchAction\",\"target\":{\"@type\":\"EntryPoint\",\"urlTemplate\":\"https:\\\/\\\/kt.gov.rs\\\/?s={search_term_string}\"},\"query-input\":{\"@type\":\"PropertyValueSpecification\",\"valueRequired\":true,\"valueName\":\"search_term_string\"}}],\"inLanguage\":\"sq-AL\"},{\"@type\":\"Organization\",\"@id\":\"https:\\\/\\\/kt.gov.rs\\\/#organization\",\"name\":\"\u041a\u043e\u043e\u0440\u0434\u0438\u043d\u0430\u0446\u0438\u043e\u043d\u043e \u0442\u0435\u043b\u043e \u0412\u043b\u0430\u0434\u0435 \u0420\u0435\u043f\u0443\u0431\u043b\u0438\u043a\u0435 \u0421\u0440\u0431\u0438\u0458\u0435 \u0437\u0430 \u043e\u043f\u0448\u0442\u0438\u043d\u0435 \u041f\u0440\u0435\u0448\u0435\u0432\u043e, \u0411\u0443\u0458\u0430\u043d\u043e\u0432\u0430\u0446 \u0438 \u041c\u0435\u0434\u0432\u0435\u0452a\",\"alternateName\":\"\u041a\u043e\u043e\u0440\u0434\u0438\u043d\u0430\u0446\u0438\u043e\u043d\u043e \u0442\u0435\u043b\u043e\",\"url\":\"https:\\\/\\\/kt.gov.rs\\\/\",\"logo\":{\"@type\":\"ImageObject\",\"inLanguage\":\"sq-AL\",\"@id\":\"https:\\\/\\\/kt.gov.rs\\\/#\\\/schema\\\/logo\\\/image\\\/\",\"url\":\"https:\\\/\\\/kt.gov.rs\\\/wp-content\\\/uploads\\\/2024\\\/12\\\/koord2.jpg\",\"contentUrl\":\"https:\\\/\\\/kt.gov.rs\\\/wp-content\\\/uploads\\\/2024\\\/12\\\/koord2.jpg\",\"width\":640,\"height\":480,\"caption\":\"\u041a\u043e\u043e\u0440\u0434\u0438\u043d\u0430\u0446\u0438\u043e\u043d\u043e \u0442\u0435\u043b\u043e \u0412\u043b\u0430\u0434\u0435 \u0420\u0435\u043f\u0443\u0431\u043b\u0438\u043a\u0435 \u0421\u0440\u0431\u0438\u0458\u0435 \u0437\u0430 \u043e\u043f\u0448\u0442\u0438\u043d\u0435 \u041f\u0440\u0435\u0448\u0435\u0432\u043e, \u0411\u0443\u0458\u0430\u043d\u043e\u0432\u0430\u0446 \u0438 \u041c\u0435\u0434\u0432\u0435\u0452a\"},\"image\":{\"@id\":\"https:\\\/\\\/kt.gov.rs\\\/#\\\/schema\\\/logo\\\/image\\\/\"},\"sameAs\":[\"https:\\\/\\\/www.facebook.com\\\/SluzbaKoordinacionogTelaVladeRepublikeSrbije\",\"https:\\\/\\\/x.com\\\/kt_gov\",\"https:\\\/\\\/www.youtube.com\\\/@koordinacionotelo\"]},{\"@type\":\"Person\",\"@id\":\"https:\\\/\\\/kt.gov.rs\\\/#\\\/schema\\\/person\\\/e426459ddb4173309103390602694571\",\"name\":\"ktmin\",\"image\":{\"@type\":\"ImageObject\",\"inLanguage\":\"sq-AL\",\"@id\":\"https:\\\/\\\/secure.gravatar.com\\\/avatar\\\/3985c961109853010c3fbc7ba30365bfba5db3dd6c525831d9c595c7525a615a?s=96&d=mm&r=g\",\"url\":\"https:\\\/\\\/secure.gravatar.com\\\/avatar\\\/3985c961109853010c3fbc7ba30365bfba5db3dd6c525831d9c595c7525a615a?s=96&d=mm&r=g\",\"contentUrl\":\"https:\\\/\\\/secure.gravatar.com\\\/avatar\\\/3985c961109853010c3fbc7ba30365bfba5db3dd6c525831d9c595c7525a615a?s=96&d=mm&r=g\",\"caption\":\"ktmin\"},\"sameAs\":[\"https:\\\/\\\/kt.gov.rs\"],\"url\":\"https:\\\/\\\/kt.gov.rs\\\/sq\\\/author\\\/ktmin\\\/\"}]}<\/script>\n<!-- \/ Yoast SEO plugin. -->","yoast_head_json":{"title":"BSHKIMI EVROPIAN KUSHTUAR BUJANOCIT DHE PRESHEV\u00cbS - Republika e S\u00ebrbis\u00eb Trupi Koordinues p\u00ebr komunat Bujanoc, Preshev\u00eb dhe Medvegj\u00eb","robots":{"index":"index","follow":"follow","max-snippet":"max-snippet:-1","max-image-preview":"max-image-preview:large","max-video-preview":"max-video-preview:-1"},"canonical":"https:\/\/kt.gov.rs\/sq\/bshkimi-evropian-kushtuar-bujanocit-dhe-presheves\/","og_locale":"sq_AL","og_type":"article","og_title":"BSHKIMI EVROPIAN KUSHTUAR BUJANOCIT DHE PRESHEV\u00cbS - Republika e S\u00ebrbis\u00eb Trupi Koordinues p\u00ebr komunat Bujanoc, Preshev\u00eb dhe Medvegj\u00eb","og_description":"Bujanoc - Preshev\u00eb\u00a0- Beograd - Bashkimi Evropian mbetet i p\u00ebrkushtuar p\u00ebr zhvillimin e Bujanocit, Vranj\u00ebs dhe Preshev\u00ebs, than\u00eb diplomat\u00ebt e BE-s\u00eb gjat\u00eb nj\u00eb vizite n\u00eb Serbin\u00eb jugore.","og_url":"https:\/\/kt.gov.rs\/sq\/bshkimi-evropian-kushtuar-bujanocit-dhe-presheves\/","og_site_name":"Republika e S\u00ebrbis\u00eb Trupi Koordinues p\u00ebr komunat Bujanoc, Preshev\u00eb dhe Medvegj\u00eb","article_publisher":"https:\/\/www.facebook.com\/SluzbaKoordinacionogTelaVladeRepublikeSrbije","article_published_time":"2021-12-13T00:00:00+00:00","article_modified_time":"2024-07-30T17:58:28+00:00","og_image":[{"width":315,"height":230,"url":"https:\/\/kt.gov.rs\/wp-content\/uploads\/2024\/07\/1639397188_131221_1-3.jpg","type":"image\/jpeg"}],"author":"ktmin","twitter_card":"summary_large_image","twitter_creator":"@kt_gov","twitter_site":"@kt_gov","twitter_misc":{"Written by":"ktmin","Est. reading time":"4 minutes"},"schema":{"@context":"https:\/\/schema.org","@graph":[{"@type":"Article","@id":"https:\/\/kt.gov.rs\/sq\/bshkimi-evropian-kushtuar-bujanocit-dhe-presheves\/#article","isPartOf":{"@id":"https:\/\/kt.gov.rs\/sq\/bshkimi-evropian-kushtuar-bujanocit-dhe-presheves\/"},"author":{"name":"ktmin","@id":"https:\/\/kt.gov.rs\/#\/schema\/person\/e426459ddb4173309103390602694571"},"headline":"BSHKIMI EVROPIAN KUSHTUAR BUJANOCIT DHE PRESHEV\u00cbS","datePublished":"2021-12-13T00:00:00+00:00","dateModified":"2024-07-30T17:58:28+00:00","mainEntityOfPage":{"@id":"https:\/\/kt.gov.rs\/sq\/bshkimi-evropian-kushtuar-bujanocit-dhe-presheves\/"},"wordCount":765,"publisher":{"@id":"https:\/\/kt.gov.rs\/#organization"},"image":{"@id":"https:\/\/kt.gov.rs\/sq\/bshkimi-evropian-kushtuar-bujanocit-dhe-presheves\/#primaryimage"},"thumbnailUrl":"https:\/\/kt.gov.rs\/wp-content\/uploads\/2024\/07\/1639397188_131221_1-3.jpg","articleSection":["Lajme"],"inLanguage":"sq-AL"},{"@type":"WebPage","@id":"https:\/\/kt.gov.rs\/sq\/bshkimi-evropian-kushtuar-bujanocit-dhe-presheves\/","url":"https:\/\/kt.gov.rs\/sq\/bshkimi-evropian-kushtuar-bujanocit-dhe-presheves\/","name":"BSHKIMI EVROPIAN KUSHTUAR BUJANOCIT DHE PRESHEV\u00cbS - Republika e S\u00ebrbis\u00eb Trupi Koordinues p\u00ebr komunat Bujanoc, Preshev\u00eb dhe Medvegj\u00eb","isPartOf":{"@id":"https:\/\/kt.gov.rs\/#website"},"primaryImageOfPage":{"@id":"https:\/\/kt.gov.rs\/sq\/bshkimi-evropian-kushtuar-bujanocit-dhe-presheves\/#primaryimage"},"image":{"@id":"https:\/\/kt.gov.rs\/sq\/bshkimi-evropian-kushtuar-bujanocit-dhe-presheves\/#primaryimage"},"thumbnailUrl":"https:\/\/kt.gov.rs\/wp-content\/uploads\/2024\/07\/1639397188_131221_1-3.jpg","datePublished":"2021-12-13T00:00:00+00:00","dateModified":"2024-07-30T17:58:28+00:00","breadcrumb":{"@id":"https:\/\/kt.gov.rs\/sq\/bshkimi-evropian-kushtuar-bujanocit-dhe-presheves\/#breadcrumb"},"inLanguage":"sq-AL","potentialAction":[{"@type":"ReadAction","target":["https:\/\/kt.gov.rs\/sq\/bshkimi-evropian-kushtuar-bujanocit-dhe-presheves\/"]}]},{"@type":"ImageObject","inLanguage":"sq-AL","@id":"https:\/\/kt.gov.rs\/sq\/bshkimi-evropian-kushtuar-bujanocit-dhe-presheves\/#primaryimage","url":"https:\/\/kt.gov.rs\/wp-content\/uploads\/2024\/07\/1639397188_131221_1-3.jpg","contentUrl":"https:\/\/kt.gov.rs\/wp-content\/uploads\/2024\/07\/1639397188_131221_1-3.jpg","width":315,"height":230},{"@type":"BreadcrumbList","@id":"https:\/\/kt.gov.rs\/sq\/bshkimi-evropian-kushtuar-bujanocit-dhe-presheves\/#breadcrumb","itemListElement":[{"@type":"ListItem","position":1,"name":"\u041f\u043e\u0447\u0435\u0442\u043d\u0430","item":"https:\/\/kt.gov.rs\/sq\/"},{"@type":"ListItem","position":2,"name":"BSHKIMI EVROPIAN KUSHTUAR BUJANOCIT DHE PRESHEV\u00cbS"}]},{"@type":"WebSite","@id":"https:\/\/kt.gov.rs\/#website","url":"https:\/\/kt.gov.rs\/","name":"\u041a\u043e\u043e\u0440\u0434\u0438\u043d\u0430\u0446\u0438\u043e\u043d\u043e \u0442\u0435\u043b\u043e \u0412\u043b\u0430\u0434\u0435 \u0420\u0435\u043f\u0443\u0431\u043b\u0438\u043a\u0435 \u0421\u0440\u0431\u0438\u0458\u0435 \u0437\u0430 \u043e\u043f\u0448\u0442\u0438\u043d\u0435 \u041f\u0440\u0435\u0448\u0435\u0432\u043e, \u0411\u0443\u0458\u0430\u043d\u043e\u0432\u0430\u0446 \u0438 \u041c\u0435\u0434\u0432\u0435\u0452a","description":"","publisher":{"@id":"https:\/\/kt.gov.rs\/#organization"},"alternateName":"\u041a\u043e\u043e\u0440\u0434\u0438\u043d\u0430\u0446\u0438\u043e\u043d\u043e \u0442\u0435\u043b\u043e","potentialAction":[{"@type":"SearchAction","target":{"@type":"EntryPoint","urlTemplate":"https:\/\/kt.gov.rs\/?s={search_term_string}"},"query-input":{"@type":"PropertyValueSpecification","valueRequired":true,"valueName":"search_term_string"}}],"inLanguage":"sq-AL"},{"@type":"Organization","@id":"https:\/\/kt.gov.rs\/#organization","name":"\u041a\u043e\u043e\u0440\u0434\u0438\u043d\u0430\u0446\u0438\u043e\u043d\u043e \u0442\u0435\u043b\u043e \u0412\u043b\u0430\u0434\u0435 \u0420\u0435\u043f\u0443\u0431\u043b\u0438\u043a\u0435 \u0421\u0440\u0431\u0438\u0458\u0435 \u0437\u0430 \u043e\u043f\u0448\u0442\u0438\u043d\u0435 \u041f\u0440\u0435\u0448\u0435\u0432\u043e, \u0411\u0443\u0458\u0430\u043d\u043e\u0432\u0430\u0446 \u0438 \u041c\u0435\u0434\u0432\u0435\u0452a","alternateName":"\u041a\u043e\u043e\u0440\u0434\u0438\u043d\u0430\u0446\u0438\u043e\u043d\u043e \u0442\u0435\u043b\u043e","url":"https:\/\/kt.gov.rs\/","logo":{"@type":"ImageObject","inLanguage":"sq-AL","@id":"https:\/\/kt.gov.rs\/#\/schema\/logo\/image\/","url":"https:\/\/kt.gov.rs\/wp-content\/uploads\/2024\/12\/koord2.jpg","contentUrl":"https:\/\/kt.gov.rs\/wp-content\/uploads\/2024\/12\/koord2.jpg","width":640,"height":480,"caption":"\u041a\u043e\u043e\u0440\u0434\u0438\u043d\u0430\u0446\u0438\u043e\u043d\u043e \u0442\u0435\u043b\u043e \u0412\u043b\u0430\u0434\u0435 \u0420\u0435\u043f\u0443\u0431\u043b\u0438\u043a\u0435 \u0421\u0440\u0431\u0438\u0458\u0435 \u0437\u0430 \u043e\u043f\u0448\u0442\u0438\u043d\u0435 \u041f\u0440\u0435\u0448\u0435\u0432\u043e, \u0411\u0443\u0458\u0430\u043d\u043e\u0432\u0430\u0446 \u0438 \u041c\u0435\u0434\u0432\u0435\u0452a"},"image":{"@id":"https:\/\/kt.gov.rs\/#\/schema\/logo\/image\/"},"sameAs":["https:\/\/www.facebook.com\/SluzbaKoordinacionogTelaVladeRepublikeSrbije","https:\/\/x.com\/kt_gov","https:\/\/www.youtube.com\/@koordinacionotelo"]},{"@type":"Person","@id":"https:\/\/kt.gov.rs\/#\/schema\/person\/e426459ddb4173309103390602694571","name":"ktmin","image":{"@type":"ImageObject","inLanguage":"sq-AL","@id":"https:\/\/secure.gravatar.com\/avatar\/3985c961109853010c3fbc7ba30365bfba5db3dd6c525831d9c595c7525a615a?s=96&d=mm&r=g","url":"https:\/\/secure.gravatar.com\/avatar\/3985c961109853010c3fbc7ba30365bfba5db3dd6c525831d9c595c7525a615a?s=96&d=mm&r=g","contentUrl":"https:\/\/secure.gravatar.com\/avatar\/3985c961109853010c3fbc7ba30365bfba5db3dd6c525831d9c595c7525a615a?s=96&d=mm&r=g","caption":"ktmin"},"sameAs":["https:\/\/kt.gov.rs"],"url":"https:\/\/kt.gov.rs\/sq\/author\/ktmin\/"}]}},"_links":{"self":[{"href":"https:\/\/kt.gov.rs\/sq\/wp-json\/wp\/v2\/posts\/108646","targetHints":{"allow":["GET"]}}],"collection":[{"href":"https:\/\/kt.gov.rs\/sq\/wp-json\/wp\/v2\/posts"}],"about":[{"href":"https:\/\/kt.gov.rs\/sq\/wp-json\/wp\/v2\/types\/post"}],"author":[{"embeddable":true,"href":"https:\/\/kt.gov.rs\/sq\/wp-json\/wp\/v2\/users\/1"}],"replies":[{"embeddable":true,"href":"https:\/\/kt.gov.rs\/sq\/wp-json\/wp\/v2\/comments?post=108646"}],"version-history":[{"count":1,"href":"https:\/\/kt.gov.rs\/sq\/wp-json\/wp\/v2\/posts\/108646\/revisions"}],"predecessor-version":[{"id":108650,"href":"https:\/\/kt.gov.rs\/sq\/wp-json\/wp\/v2\/posts\/108646\/revisions\/108650"}],"wp:featuredmedia":[{"embeddable":true,"href":"https:\/\/kt.gov.rs\/sq\/wp-json\/wp\/v2\/media\/108651"}],"wp:attachment":[{"href":"https:\/\/kt.gov.rs\/sq\/wp-json\/wp\/v2\/media?parent=108646"}],"wp:term":[{"taxonomy":"category","embeddable":true,"href":"https:\/\/kt.gov.rs\/sq\/wp-json\/wp\/v2\/categories?post=108646"},{"taxonomy":"post_tag","embeddable":true,"href":"https:\/\/kt.gov.rs\/sq\/wp-json\/wp\/v2\/tags?post=108646"}],"curies":[{"name":"wp","href":"https:\/\/api.w.org\/{rel}","templated":true}]}}