{"id":108619,"date":"2021-12-14T00:00:00","date_gmt":"2021-12-14T00:00:00","guid":{"rendered":"http:\/\/kt.printandscreen.rs\/komuna-e-medvegjes-ndihmoi-ne-shtypjen-e-romanit-per-femije-toka-magjike-e-autores-nga-leci\/"},"modified":"2024-07-30T17:58:25","modified_gmt":"2024-07-30T17:58:25","slug":"komuna-e-medvegjes-ndihmoi-ne-shtypjen-e-romanit-per-femije-toka-magjike-e-autores-nga-leci","status":"publish","type":"post","link":"https:\/\/kt.gov.rs\/sq\/komuna-e-medvegjes-ndihmoi-ne-shtypjen-e-romanit-per-femije-toka-magjike-e-autores-nga-leci\/","title":{"rendered":"KOMUNA E MEDVEGJ\u00cbS NDIHMOI N\u00cb SHTYPJEN E ROMANIT P\u00cbR F\u00cbMIJ\u00cb \u201cTOKA MAGJIKE\u201d E AUTOR\u00cbS NGA LECI"},"content":{"rendered":"<p>\n\t<strong><img decoding=\"async\" alt=\"\" src=\"https:\/\/kt.gov.rs\/wp-content\/uploads\/2024\/07\/1639485073_141221_1-2.jpg\" style=\"width: 315px; height: 230px; float: left;\" \/><\/strong><\/p>\n<p>\n\t<strong>Medvegj\u00eb-Beograd<\/strong> \u00a0Autorja e romanit p\u00ebr f\u00ebmij\u00eb, Marija Ivanoviq, e cila jeton dhe punon n\u00eb Lec\u00eb si n\u00ebn\u00eb\u00a0 vet-ushqyese e nj\u00eb vajze t\u00eb vog\u00ebl, guxoi t&#39;ia plot\u00ebsonte d\u00ebshir\u00ebn e bij\u00ebs dhe t\u00eb shkruante di\u00e7ka q\u00eb nuk mund ta lexonte askund.<\/p>\n<p>\n\tN\u00eb misionin e saj, vet\u00ebqeverisja lokale e komun\u00ebs s\u00eb Medvegj\u00ebs dha kontributin e saj t\u00eb madh dhe e ndihmoi q\u00eb roman i par\u00eb i saj t\u00eb jet\u00eb n\u00eb raftet e librarive dhe t\u00eb shoh\u00eb drit\u00ebn e dit\u00ebs.<\/p>\n<p>\n\tMe at\u00eb rast, Marija Ivanoviq ia dhuroi kryetarit t\u00eb komun\u00ebs s\u00eb Medvegj\u00ebs, Nebojsha Arsiqit, kopjen e par\u00eb t\u00eb romanit p\u00ebr f\u00ebmij\u00eb &quot;Toka Magjike&quot;, me mir\u00ebnjohje t\u00eb thell\u00eb p\u00ebr t\u00eb gjith\u00eb ata q\u00eb e pan\u00eb k\u00ebrkes\u00ebn e saj p\u00ebr ndihm\u00eb financiare p\u00ebr shtypjen e librit si dor\u00eb ndihm\u00ebse p\u00ebr ata q\u00eb guxojn\u00eb t\u00eb p\u00ebrmbushin d\u00ebshirat e tyre.<\/p>\n<p>\n\tLibri \u00ebsht\u00eb i synuar p\u00ebr f\u00ebmij\u00eb dhe mund t\u00eb gjendet n\u00eb t\u00eb gjitha librarit\u00eb m\u00eb t\u00eb pasura si Delfi Libraria, Korisna Kniga, Nova poetika.<\/p>\n<p>\n\tN\u00eb k\u00ebt\u00eb roman t\u00eb synuar p\u00ebr f\u00ebmij\u00eb, por n\u00eb t\u00eb cilin t\u00eb rriturit mund t\u00eb m\u00ebsojn\u00eb nj\u00ebsoj, ose t\u00eb pakt\u00ebn t\u00eb kujtohen, autorja, si pjes\u00ebmarr\u00ebse e t\u00ebrthort\u00eb n\u00eb tregim, n\u00eb m\u00ebnyr\u00eb t\u00eb padukshme u largua m\u00ebnjan\u00eb dhe ua la lexuesve t\u00eb vegj\u00ebl t\u00eb lexojn\u00eb, pranojn\u00eb, zgjedhin, paracaktojn\u00eb \u00a0dhe n\u00eb t\u00eb gjejn\u00eb t\u00eb gjitha emocionet q\u00eb gjenden jo vet\u00ebm n\u00eb faqet e librit, por edhe thell\u00eb n\u00eb shpirtrat e tyre t\u00eb past\u00ebr t\u00eb f\u00ebmij\u00ebve.<\/p>\n<p>\n\tFamilja nga romani Ivanov, jeton n\u00eb ngjyrat e zhurm\u00ebs dhe harmonis\u00eb, tre breza t\u00eb an\u00ebtar\u00ebve t\u00eb saj. Kur Toka Magjike e af\u00ebrt e gjen veten n\u00eb nj\u00eb moment vendimtar p\u00ebr mbijetes\u00ebn e saj, p\u00ebrfaq\u00ebsuesja e tyre, Lupka Volletiq, do t\u00eb detyrohet t\u00eb k\u00ebrkoj\u00eb ndihm\u00eb nga m\u00eb t\u00eb rinjt\u00eb. Pastaj kat\u00ebr zemra t\u00eb pafajshme f\u00ebmij\u00ebsh, Lili, Dakian, Vedron dhe Jan\u00a0 me past\u00ebrtin\u00eb, kujtes\u00ebn dhe virtytet e tyre, do t\u00eb p\u00ebrpiqen t\u00eb mposhtin t\u00eb keqen atje dhe ta \u00e7lirojn\u00eb bot\u00ebn p\u00ebrgjithmon\u00eb nga padrejt\u00ebsia, dhuna, mizoria dhe keqdashja.<\/p>\n<p>\n\t<strong>Burimi: Media centar 016, Trupi Koordinues<\/strong><\/p>\n<p>\n\t\u00a0<\/p>\n","protected":false},"excerpt":{"rendered":"<p>Medvegj\u00eb-Beograd\u00a0\u00a0Autorja e romanit p\u00ebr f\u00ebmij\u00eb, Marija Ivanoviq, e cila jeton dhe punon n\u00eb Lec\u00eb si n\u00ebn\u00eb\u00a0 vet-ushqyese e nj\u00eb vajze t\u00eb vog\u00ebl, guxoi t&#39;ia plot\u00ebsonte d\u00ebshir\u00ebn e bij\u00ebs dhe t\u00eb shkruante di\u00e7ka q\u00eb nuk mund ta lexonte askund.<\/p>\n","protected":false},"author":1,"featured_media":108624,"comment_status":"closed","ping_status":"closed","sticky":false,"template":"","format":"standard","meta":{"footnotes":""},"categories":[55],"tags":[],"class_list":["post-108619","post","type-post","status-publish","format-standard","has-post-thumbnail","hentry","category-lajme"],"yoast_head":"<!-- This site is optimized with the Yoast SEO plugin v27.5 - https:\/\/yoast.com\/product\/yoast-seo-wordpress\/ -->\n<title>KOMUNA E MEDVEGJ\u00cbS NDIHMOI N\u00cb SHTYPJEN E ROMANIT P\u00cbR F\u00cbMIJ\u00cb \u201cTOKA MAGJIKE\u201d E AUTOR\u00cbS NGA LECI - Republika e S\u00ebrbis\u00eb Trupi Koordinues p\u00ebr komunat Bujanoc, Preshev\u00eb dhe Medvegj\u00eb<\/title>\n<meta name=\"robots\" content=\"index, follow, max-snippet:-1, max-image-preview:large, max-video-preview:-1\" \/>\n<link rel=\"canonical\" href=\"https:\/\/kt.gov.rs\/sq\/komuna-e-medvegjes-ndihmoi-ne-shtypjen-e-romanit-per-femije-toka-magjike-e-autores-nga-leci\/\" \/>\n<meta property=\"og:locale\" content=\"sq_AL\" \/>\n<meta property=\"og:type\" content=\"article\" \/>\n<meta property=\"og:title\" content=\"KOMUNA E MEDVEGJ\u00cbS NDIHMOI N\u00cb SHTYPJEN E ROMANIT P\u00cbR F\u00cbMIJ\u00cb \u201cTOKA MAGJIKE\u201d E AUTOR\u00cbS NGA LECI - Republika e S\u00ebrbis\u00eb Trupi Koordinues p\u00ebr komunat Bujanoc, Preshev\u00eb dhe Medvegj\u00eb\" \/>\n<meta property=\"og:description\" content=\"Medvegj\u00eb-Beograd\u00a0\u00a0Autorja e romanit p\u00ebr f\u00ebmij\u00eb, Marija Ivanoviq, e cila jeton dhe punon n\u00eb Lec\u00eb si n\u00ebn\u00eb\u00a0 vet-ushqyese e nj\u00eb vajze t\u00eb vog\u00ebl, guxoi t&#039;ia plot\u00ebsonte d\u00ebshir\u00ebn e bij\u00ebs dhe t\u00eb shkruante di\u00e7ka q\u00eb nuk mund ta lexonte askund.\" \/>\n<meta property=\"og:url\" content=\"https:\/\/kt.gov.rs\/sq\/komuna-e-medvegjes-ndihmoi-ne-shtypjen-e-romanit-per-femije-toka-magjike-e-autores-nga-leci\/\" \/>\n<meta property=\"og:site_name\" content=\"Republika e S\u00ebrbis\u00eb Trupi Koordinues p\u00ebr komunat Bujanoc, Preshev\u00eb dhe Medvegj\u00eb\" \/>\n<meta property=\"article:publisher\" content=\"https:\/\/www.facebook.com\/SluzbaKoordinacionogTelaVladeRepublikeSrbije\" \/>\n<meta property=\"article:published_time\" content=\"2021-12-14T00:00:00+00:00\" \/>\n<meta property=\"article:modified_time\" content=\"2024-07-30T17:58:25+00:00\" \/>\n<meta property=\"og:image\" content=\"https:\/\/kt.gov.rs\/wp-content\/uploads\/2024\/07\/1639485073_141221_1-3.jpg\" \/>\n\t<meta property=\"og:image:width\" content=\"315\" \/>\n\t<meta property=\"og:image:height\" content=\"230\" \/>\n\t<meta property=\"og:image:type\" content=\"image\/jpeg\" \/>\n<meta name=\"author\" content=\"ktmin\" \/>\n<meta name=\"twitter:card\" content=\"summary_large_image\" \/>\n<meta name=\"twitter:creator\" content=\"@kt_gov\" \/>\n<meta name=\"twitter:site\" content=\"@kt_gov\" \/>\n<meta name=\"twitter:label1\" content=\"Written by\" \/>\n\t<meta name=\"twitter:data1\" content=\"ktmin\" \/>\n\t<meta name=\"twitter:label2\" content=\"Est. reading time\" \/>\n\t<meta name=\"twitter:data2\" content=\"3 minutes\" \/>\n<script type=\"application\/ld+json\" class=\"yoast-schema-graph\">{\"@context\":\"https:\\\/\\\/schema.org\",\"@graph\":[{\"@type\":\"Article\",\"@id\":\"https:\\\/\\\/kt.gov.rs\\\/sq\\\/komuna-e-medvegjes-ndihmoi-ne-shtypjen-e-romanit-per-femije-toka-magjike-e-autores-nga-leci\\\/#article\",\"isPartOf\":{\"@id\":\"https:\\\/\\\/kt.gov.rs\\\/sq\\\/komuna-e-medvegjes-ndihmoi-ne-shtypjen-e-romanit-per-femije-toka-magjike-e-autores-nga-leci\\\/\"},\"author\":{\"name\":\"ktmin\",\"@id\":\"https:\\\/\\\/kt.gov.rs\\\/#\\\/schema\\\/person\\\/e426459ddb4173309103390602694571\"},\"headline\":\"KOMUNA E MEDVEGJ\u00cbS NDIHMOI N\u00cb SHTYPJEN E ROMANIT P\u00cbR F\u00cbMIJ\u00cb \u201cTOKA MAGJIKE\u201d E AUTOR\u00cbS NGA LECI\",\"datePublished\":\"2021-12-14T00:00:00+00:00\",\"dateModified\":\"2024-07-30T17:58:25+00:00\",\"mainEntityOfPage\":{\"@id\":\"https:\\\/\\\/kt.gov.rs\\\/sq\\\/komuna-e-medvegjes-ndihmoi-ne-shtypjen-e-romanit-per-femije-toka-magjike-e-autores-nga-leci\\\/\"},\"wordCount\":574,\"publisher\":{\"@id\":\"https:\\\/\\\/kt.gov.rs\\\/#organization\"},\"image\":{\"@id\":\"https:\\\/\\\/kt.gov.rs\\\/sq\\\/komuna-e-medvegjes-ndihmoi-ne-shtypjen-e-romanit-per-femije-toka-magjike-e-autores-nga-leci\\\/#primaryimage\"},\"thumbnailUrl\":\"https:\\\/\\\/kt.gov.rs\\\/wp-content\\\/uploads\\\/2024\\\/07\\\/1639485073_141221_1-3.jpg\",\"articleSection\":[\"Lajme\"],\"inLanguage\":\"sq-AL\"},{\"@type\":\"WebPage\",\"@id\":\"https:\\\/\\\/kt.gov.rs\\\/sq\\\/komuna-e-medvegjes-ndihmoi-ne-shtypjen-e-romanit-per-femije-toka-magjike-e-autores-nga-leci\\\/\",\"url\":\"https:\\\/\\\/kt.gov.rs\\\/sq\\\/komuna-e-medvegjes-ndihmoi-ne-shtypjen-e-romanit-per-femije-toka-magjike-e-autores-nga-leci\\\/\",\"name\":\"KOMUNA E MEDVEGJ\u00cbS NDIHMOI N\u00cb SHTYPJEN E ROMANIT P\u00cbR F\u00cbMIJ\u00cb \u201cTOKA MAGJIKE\u201d E AUTOR\u00cbS NGA LECI - Republika e S\u00ebrbis\u00eb Trupi Koordinues p\u00ebr komunat Bujanoc, Preshev\u00eb dhe Medvegj\u00eb\",\"isPartOf\":{\"@id\":\"https:\\\/\\\/kt.gov.rs\\\/#website\"},\"primaryImageOfPage\":{\"@id\":\"https:\\\/\\\/kt.gov.rs\\\/sq\\\/komuna-e-medvegjes-ndihmoi-ne-shtypjen-e-romanit-per-femije-toka-magjike-e-autores-nga-leci\\\/#primaryimage\"},\"image\":{\"@id\":\"https:\\\/\\\/kt.gov.rs\\\/sq\\\/komuna-e-medvegjes-ndihmoi-ne-shtypjen-e-romanit-per-femije-toka-magjike-e-autores-nga-leci\\\/#primaryimage\"},\"thumbnailUrl\":\"https:\\\/\\\/kt.gov.rs\\\/wp-content\\\/uploads\\\/2024\\\/07\\\/1639485073_141221_1-3.jpg\",\"datePublished\":\"2021-12-14T00:00:00+00:00\",\"dateModified\":\"2024-07-30T17:58:25+00:00\",\"breadcrumb\":{\"@id\":\"https:\\\/\\\/kt.gov.rs\\\/sq\\\/komuna-e-medvegjes-ndihmoi-ne-shtypjen-e-romanit-per-femije-toka-magjike-e-autores-nga-leci\\\/#breadcrumb\"},\"inLanguage\":\"sq-AL\",\"potentialAction\":[{\"@type\":\"ReadAction\",\"target\":[\"https:\\\/\\\/kt.gov.rs\\\/sq\\\/komuna-e-medvegjes-ndihmoi-ne-shtypjen-e-romanit-per-femije-toka-magjike-e-autores-nga-leci\\\/\"]}]},{\"@type\":\"ImageObject\",\"inLanguage\":\"sq-AL\",\"@id\":\"https:\\\/\\\/kt.gov.rs\\\/sq\\\/komuna-e-medvegjes-ndihmoi-ne-shtypjen-e-romanit-per-femije-toka-magjike-e-autores-nga-leci\\\/#primaryimage\",\"url\":\"https:\\\/\\\/kt.gov.rs\\\/wp-content\\\/uploads\\\/2024\\\/07\\\/1639485073_141221_1-3.jpg\",\"contentUrl\":\"https:\\\/\\\/kt.gov.rs\\\/wp-content\\\/uploads\\\/2024\\\/07\\\/1639485073_141221_1-3.jpg\",\"width\":315,\"height\":230},{\"@type\":\"BreadcrumbList\",\"@id\":\"https:\\\/\\\/kt.gov.rs\\\/sq\\\/komuna-e-medvegjes-ndihmoi-ne-shtypjen-e-romanit-per-femije-toka-magjike-e-autores-nga-leci\\\/#breadcrumb\",\"itemListElement\":[{\"@type\":\"ListItem\",\"position\":1,\"name\":\"\u041f\u043e\u0447\u0435\u0442\u043d\u0430\",\"item\":\"https:\\\/\\\/kt.gov.rs\\\/sq\\\/\"},{\"@type\":\"ListItem\",\"position\":2,\"name\":\"KOMUNA E MEDVEGJ\u00cbS NDIHMOI N\u00cb SHTYPJEN E ROMANIT P\u00cbR F\u00cbMIJ\u00cb \u201cTOKA MAGJIKE\u201d E AUTOR\u00cbS NGA LECI\"}]},{\"@type\":\"WebSite\",\"@id\":\"https:\\\/\\\/kt.gov.rs\\\/#website\",\"url\":\"https:\\\/\\\/kt.gov.rs\\\/\",\"name\":\"\u041a\u043e\u043e\u0440\u0434\u0438\u043d\u0430\u0446\u0438\u043e\u043d\u043e \u0442\u0435\u043b\u043e \u0412\u043b\u0430\u0434\u0435 \u0420\u0435\u043f\u0443\u0431\u043b\u0438\u043a\u0435 \u0421\u0440\u0431\u0438\u0458\u0435 \u0437\u0430 \u043e\u043f\u0448\u0442\u0438\u043d\u0435 \u041f\u0440\u0435\u0448\u0435\u0432\u043e, \u0411\u0443\u0458\u0430\u043d\u043e\u0432\u0430\u0446 \u0438 \u041c\u0435\u0434\u0432\u0435\u0452a\",\"description\":\"\",\"publisher\":{\"@id\":\"https:\\\/\\\/kt.gov.rs\\\/#organization\"},\"alternateName\":\"\u041a\u043e\u043e\u0440\u0434\u0438\u043d\u0430\u0446\u0438\u043e\u043d\u043e \u0442\u0435\u043b\u043e\",\"potentialAction\":[{\"@type\":\"SearchAction\",\"target\":{\"@type\":\"EntryPoint\",\"urlTemplate\":\"https:\\\/\\\/kt.gov.rs\\\/?s={search_term_string}\"},\"query-input\":{\"@type\":\"PropertyValueSpecification\",\"valueRequired\":true,\"valueName\":\"search_term_string\"}}],\"inLanguage\":\"sq-AL\"},{\"@type\":\"Organization\",\"@id\":\"https:\\\/\\\/kt.gov.rs\\\/#organization\",\"name\":\"\u041a\u043e\u043e\u0440\u0434\u0438\u043d\u0430\u0446\u0438\u043e\u043d\u043e \u0442\u0435\u043b\u043e \u0412\u043b\u0430\u0434\u0435 \u0420\u0435\u043f\u0443\u0431\u043b\u0438\u043a\u0435 \u0421\u0440\u0431\u0438\u0458\u0435 \u0437\u0430 \u043e\u043f\u0448\u0442\u0438\u043d\u0435 \u041f\u0440\u0435\u0448\u0435\u0432\u043e, \u0411\u0443\u0458\u0430\u043d\u043e\u0432\u0430\u0446 \u0438 \u041c\u0435\u0434\u0432\u0435\u0452a\",\"alternateName\":\"\u041a\u043e\u043e\u0440\u0434\u0438\u043d\u0430\u0446\u0438\u043e\u043d\u043e \u0442\u0435\u043b\u043e\",\"url\":\"https:\\\/\\\/kt.gov.rs\\\/\",\"logo\":{\"@type\":\"ImageObject\",\"inLanguage\":\"sq-AL\",\"@id\":\"https:\\\/\\\/kt.gov.rs\\\/#\\\/schema\\\/logo\\\/image\\\/\",\"url\":\"https:\\\/\\\/kt.gov.rs\\\/wp-content\\\/uploads\\\/2024\\\/12\\\/koord2.jpg\",\"contentUrl\":\"https:\\\/\\\/kt.gov.rs\\\/wp-content\\\/uploads\\\/2024\\\/12\\\/koord2.jpg\",\"width\":640,\"height\":480,\"caption\":\"\u041a\u043e\u043e\u0440\u0434\u0438\u043d\u0430\u0446\u0438\u043e\u043d\u043e \u0442\u0435\u043b\u043e \u0412\u043b\u0430\u0434\u0435 \u0420\u0435\u043f\u0443\u0431\u043b\u0438\u043a\u0435 \u0421\u0440\u0431\u0438\u0458\u0435 \u0437\u0430 \u043e\u043f\u0448\u0442\u0438\u043d\u0435 \u041f\u0440\u0435\u0448\u0435\u0432\u043e, \u0411\u0443\u0458\u0430\u043d\u043e\u0432\u0430\u0446 \u0438 \u041c\u0435\u0434\u0432\u0435\u0452a\"},\"image\":{\"@id\":\"https:\\\/\\\/kt.gov.rs\\\/#\\\/schema\\\/logo\\\/image\\\/\"},\"sameAs\":[\"https:\\\/\\\/www.facebook.com\\\/SluzbaKoordinacionogTelaVladeRepublikeSrbije\",\"https:\\\/\\\/x.com\\\/kt_gov\",\"https:\\\/\\\/www.youtube.com\\\/@koordinacionotelo\"]},{\"@type\":\"Person\",\"@id\":\"https:\\\/\\\/kt.gov.rs\\\/#\\\/schema\\\/person\\\/e426459ddb4173309103390602694571\",\"name\":\"ktmin\",\"image\":{\"@type\":\"ImageObject\",\"inLanguage\":\"sq-AL\",\"@id\":\"https:\\\/\\\/secure.gravatar.com\\\/avatar\\\/3985c961109853010c3fbc7ba30365bfba5db3dd6c525831d9c595c7525a615a?s=96&d=mm&r=g\",\"url\":\"https:\\\/\\\/secure.gravatar.com\\\/avatar\\\/3985c961109853010c3fbc7ba30365bfba5db3dd6c525831d9c595c7525a615a?s=96&d=mm&r=g\",\"contentUrl\":\"https:\\\/\\\/secure.gravatar.com\\\/avatar\\\/3985c961109853010c3fbc7ba30365bfba5db3dd6c525831d9c595c7525a615a?s=96&d=mm&r=g\",\"caption\":\"ktmin\"},\"sameAs\":[\"https:\\\/\\\/kt.gov.rs\"],\"url\":\"https:\\\/\\\/kt.gov.rs\\\/sq\\\/author\\\/ktmin\\\/\"}]}<\/script>\n<!-- \/ Yoast SEO plugin. -->","yoast_head_json":{"title":"KOMUNA E MEDVEGJ\u00cbS NDIHMOI N\u00cb SHTYPJEN E ROMANIT P\u00cbR F\u00cbMIJ\u00cb \u201cTOKA MAGJIKE\u201d E AUTOR\u00cbS NGA LECI - Republika e S\u00ebrbis\u00eb Trupi Koordinues p\u00ebr komunat Bujanoc, Preshev\u00eb dhe Medvegj\u00eb","robots":{"index":"index","follow":"follow","max-snippet":"max-snippet:-1","max-image-preview":"max-image-preview:large","max-video-preview":"max-video-preview:-1"},"canonical":"https:\/\/kt.gov.rs\/sq\/komuna-e-medvegjes-ndihmoi-ne-shtypjen-e-romanit-per-femije-toka-magjike-e-autores-nga-leci\/","og_locale":"sq_AL","og_type":"article","og_title":"KOMUNA E MEDVEGJ\u00cbS NDIHMOI N\u00cb SHTYPJEN E ROMANIT P\u00cbR F\u00cbMIJ\u00cb \u201cTOKA MAGJIKE\u201d E AUTOR\u00cbS NGA LECI - Republika e S\u00ebrbis\u00eb Trupi Koordinues p\u00ebr komunat Bujanoc, Preshev\u00eb dhe Medvegj\u00eb","og_description":"Medvegj\u00eb-Beograd\u00a0\u00a0Autorja e romanit p\u00ebr f\u00ebmij\u00eb, Marija Ivanoviq, e cila jeton dhe punon n\u00eb Lec\u00eb si n\u00ebn\u00eb\u00a0 vet-ushqyese e nj\u00eb vajze t\u00eb vog\u00ebl, guxoi t&#39;ia plot\u00ebsonte d\u00ebshir\u00ebn e bij\u00ebs dhe t\u00eb shkruante di\u00e7ka q\u00eb nuk mund ta lexonte askund.","og_url":"https:\/\/kt.gov.rs\/sq\/komuna-e-medvegjes-ndihmoi-ne-shtypjen-e-romanit-per-femije-toka-magjike-e-autores-nga-leci\/","og_site_name":"Republika e S\u00ebrbis\u00eb Trupi Koordinues p\u00ebr komunat Bujanoc, Preshev\u00eb dhe Medvegj\u00eb","article_publisher":"https:\/\/www.facebook.com\/SluzbaKoordinacionogTelaVladeRepublikeSrbije","article_published_time":"2021-12-14T00:00:00+00:00","article_modified_time":"2024-07-30T17:58:25+00:00","og_image":[{"width":315,"height":230,"url":"https:\/\/kt.gov.rs\/wp-content\/uploads\/2024\/07\/1639485073_141221_1-3.jpg","type":"image\/jpeg"}],"author":"ktmin","twitter_card":"summary_large_image","twitter_creator":"@kt_gov","twitter_site":"@kt_gov","twitter_misc":{"Written by":"ktmin","Est. reading time":"3 minutes"},"schema":{"@context":"https:\/\/schema.org","@graph":[{"@type":"Article","@id":"https:\/\/kt.gov.rs\/sq\/komuna-e-medvegjes-ndihmoi-ne-shtypjen-e-romanit-per-femije-toka-magjike-e-autores-nga-leci\/#article","isPartOf":{"@id":"https:\/\/kt.gov.rs\/sq\/komuna-e-medvegjes-ndihmoi-ne-shtypjen-e-romanit-per-femije-toka-magjike-e-autores-nga-leci\/"},"author":{"name":"ktmin","@id":"https:\/\/kt.gov.rs\/#\/schema\/person\/e426459ddb4173309103390602694571"},"headline":"KOMUNA E MEDVEGJ\u00cbS NDIHMOI N\u00cb SHTYPJEN E ROMANIT P\u00cbR F\u00cbMIJ\u00cb \u201cTOKA MAGJIKE\u201d E AUTOR\u00cbS NGA LECI","datePublished":"2021-12-14T00:00:00+00:00","dateModified":"2024-07-30T17:58:25+00:00","mainEntityOfPage":{"@id":"https:\/\/kt.gov.rs\/sq\/komuna-e-medvegjes-ndihmoi-ne-shtypjen-e-romanit-per-femije-toka-magjike-e-autores-nga-leci\/"},"wordCount":574,"publisher":{"@id":"https:\/\/kt.gov.rs\/#organization"},"image":{"@id":"https:\/\/kt.gov.rs\/sq\/komuna-e-medvegjes-ndihmoi-ne-shtypjen-e-romanit-per-femije-toka-magjike-e-autores-nga-leci\/#primaryimage"},"thumbnailUrl":"https:\/\/kt.gov.rs\/wp-content\/uploads\/2024\/07\/1639485073_141221_1-3.jpg","articleSection":["Lajme"],"inLanguage":"sq-AL"},{"@type":"WebPage","@id":"https:\/\/kt.gov.rs\/sq\/komuna-e-medvegjes-ndihmoi-ne-shtypjen-e-romanit-per-femije-toka-magjike-e-autores-nga-leci\/","url":"https:\/\/kt.gov.rs\/sq\/komuna-e-medvegjes-ndihmoi-ne-shtypjen-e-romanit-per-femije-toka-magjike-e-autores-nga-leci\/","name":"KOMUNA E MEDVEGJ\u00cbS NDIHMOI N\u00cb SHTYPJEN E ROMANIT P\u00cbR F\u00cbMIJ\u00cb \u201cTOKA MAGJIKE\u201d E AUTOR\u00cbS NGA LECI - Republika e S\u00ebrbis\u00eb Trupi Koordinues p\u00ebr komunat Bujanoc, Preshev\u00eb dhe Medvegj\u00eb","isPartOf":{"@id":"https:\/\/kt.gov.rs\/#website"},"primaryImageOfPage":{"@id":"https:\/\/kt.gov.rs\/sq\/komuna-e-medvegjes-ndihmoi-ne-shtypjen-e-romanit-per-femije-toka-magjike-e-autores-nga-leci\/#primaryimage"},"image":{"@id":"https:\/\/kt.gov.rs\/sq\/komuna-e-medvegjes-ndihmoi-ne-shtypjen-e-romanit-per-femije-toka-magjike-e-autores-nga-leci\/#primaryimage"},"thumbnailUrl":"https:\/\/kt.gov.rs\/wp-content\/uploads\/2024\/07\/1639485073_141221_1-3.jpg","datePublished":"2021-12-14T00:00:00+00:00","dateModified":"2024-07-30T17:58:25+00:00","breadcrumb":{"@id":"https:\/\/kt.gov.rs\/sq\/komuna-e-medvegjes-ndihmoi-ne-shtypjen-e-romanit-per-femije-toka-magjike-e-autores-nga-leci\/#breadcrumb"},"inLanguage":"sq-AL","potentialAction":[{"@type":"ReadAction","target":["https:\/\/kt.gov.rs\/sq\/komuna-e-medvegjes-ndihmoi-ne-shtypjen-e-romanit-per-femije-toka-magjike-e-autores-nga-leci\/"]}]},{"@type":"ImageObject","inLanguage":"sq-AL","@id":"https:\/\/kt.gov.rs\/sq\/komuna-e-medvegjes-ndihmoi-ne-shtypjen-e-romanit-per-femije-toka-magjike-e-autores-nga-leci\/#primaryimage","url":"https:\/\/kt.gov.rs\/wp-content\/uploads\/2024\/07\/1639485073_141221_1-3.jpg","contentUrl":"https:\/\/kt.gov.rs\/wp-content\/uploads\/2024\/07\/1639485073_141221_1-3.jpg","width":315,"height":230},{"@type":"BreadcrumbList","@id":"https:\/\/kt.gov.rs\/sq\/komuna-e-medvegjes-ndihmoi-ne-shtypjen-e-romanit-per-femije-toka-magjike-e-autores-nga-leci\/#breadcrumb","itemListElement":[{"@type":"ListItem","position":1,"name":"\u041f\u043e\u0447\u0435\u0442\u043d\u0430","item":"https:\/\/kt.gov.rs\/sq\/"},{"@type":"ListItem","position":2,"name":"KOMUNA E MEDVEGJ\u00cbS NDIHMOI N\u00cb SHTYPJEN E ROMANIT P\u00cbR F\u00cbMIJ\u00cb \u201cTOKA MAGJIKE\u201d E AUTOR\u00cbS NGA LECI"}]},{"@type":"WebSite","@id":"https:\/\/kt.gov.rs\/#website","url":"https:\/\/kt.gov.rs\/","name":"\u041a\u043e\u043e\u0440\u0434\u0438\u043d\u0430\u0446\u0438\u043e\u043d\u043e \u0442\u0435\u043b\u043e \u0412\u043b\u0430\u0434\u0435 \u0420\u0435\u043f\u0443\u0431\u043b\u0438\u043a\u0435 \u0421\u0440\u0431\u0438\u0458\u0435 \u0437\u0430 \u043e\u043f\u0448\u0442\u0438\u043d\u0435 \u041f\u0440\u0435\u0448\u0435\u0432\u043e, \u0411\u0443\u0458\u0430\u043d\u043e\u0432\u0430\u0446 \u0438 \u041c\u0435\u0434\u0432\u0435\u0452a","description":"","publisher":{"@id":"https:\/\/kt.gov.rs\/#organization"},"alternateName":"\u041a\u043e\u043e\u0440\u0434\u0438\u043d\u0430\u0446\u0438\u043e\u043d\u043e \u0442\u0435\u043b\u043e","potentialAction":[{"@type":"SearchAction","target":{"@type":"EntryPoint","urlTemplate":"https:\/\/kt.gov.rs\/?s={search_term_string}"},"query-input":{"@type":"PropertyValueSpecification","valueRequired":true,"valueName":"search_term_string"}}],"inLanguage":"sq-AL"},{"@type":"Organization","@id":"https:\/\/kt.gov.rs\/#organization","name":"\u041a\u043e\u043e\u0440\u0434\u0438\u043d\u0430\u0446\u0438\u043e\u043d\u043e \u0442\u0435\u043b\u043e \u0412\u043b\u0430\u0434\u0435 \u0420\u0435\u043f\u0443\u0431\u043b\u0438\u043a\u0435 \u0421\u0440\u0431\u0438\u0458\u0435 \u0437\u0430 \u043e\u043f\u0448\u0442\u0438\u043d\u0435 \u041f\u0440\u0435\u0448\u0435\u0432\u043e, \u0411\u0443\u0458\u0430\u043d\u043e\u0432\u0430\u0446 \u0438 \u041c\u0435\u0434\u0432\u0435\u0452a","alternateName":"\u041a\u043e\u043e\u0440\u0434\u0438\u043d\u0430\u0446\u0438\u043e\u043d\u043e \u0442\u0435\u043b\u043e","url":"https:\/\/kt.gov.rs\/","logo":{"@type":"ImageObject","inLanguage":"sq-AL","@id":"https:\/\/kt.gov.rs\/#\/schema\/logo\/image\/","url":"https:\/\/kt.gov.rs\/wp-content\/uploads\/2024\/12\/koord2.jpg","contentUrl":"https:\/\/kt.gov.rs\/wp-content\/uploads\/2024\/12\/koord2.jpg","width":640,"height":480,"caption":"\u041a\u043e\u043e\u0440\u0434\u0438\u043d\u0430\u0446\u0438\u043e\u043d\u043e \u0442\u0435\u043b\u043e \u0412\u043b\u0430\u0434\u0435 \u0420\u0435\u043f\u0443\u0431\u043b\u0438\u043a\u0435 \u0421\u0440\u0431\u0438\u0458\u0435 \u0437\u0430 \u043e\u043f\u0448\u0442\u0438\u043d\u0435 \u041f\u0440\u0435\u0448\u0435\u0432\u043e, \u0411\u0443\u0458\u0430\u043d\u043e\u0432\u0430\u0446 \u0438 \u041c\u0435\u0434\u0432\u0435\u0452a"},"image":{"@id":"https:\/\/kt.gov.rs\/#\/schema\/logo\/image\/"},"sameAs":["https:\/\/www.facebook.com\/SluzbaKoordinacionogTelaVladeRepublikeSrbije","https:\/\/x.com\/kt_gov","https:\/\/www.youtube.com\/@koordinacionotelo"]},{"@type":"Person","@id":"https:\/\/kt.gov.rs\/#\/schema\/person\/e426459ddb4173309103390602694571","name":"ktmin","image":{"@type":"ImageObject","inLanguage":"sq-AL","@id":"https:\/\/secure.gravatar.com\/avatar\/3985c961109853010c3fbc7ba30365bfba5db3dd6c525831d9c595c7525a615a?s=96&d=mm&r=g","url":"https:\/\/secure.gravatar.com\/avatar\/3985c961109853010c3fbc7ba30365bfba5db3dd6c525831d9c595c7525a615a?s=96&d=mm&r=g","contentUrl":"https:\/\/secure.gravatar.com\/avatar\/3985c961109853010c3fbc7ba30365bfba5db3dd6c525831d9c595c7525a615a?s=96&d=mm&r=g","caption":"ktmin"},"sameAs":["https:\/\/kt.gov.rs"],"url":"https:\/\/kt.gov.rs\/sq\/author\/ktmin\/"}]}},"_links":{"self":[{"href":"https:\/\/kt.gov.rs\/sq\/wp-json\/wp\/v2\/posts\/108619","targetHints":{"allow":["GET"]}}],"collection":[{"href":"https:\/\/kt.gov.rs\/sq\/wp-json\/wp\/v2\/posts"}],"about":[{"href":"https:\/\/kt.gov.rs\/sq\/wp-json\/wp\/v2\/types\/post"}],"author":[{"embeddable":true,"href":"https:\/\/kt.gov.rs\/sq\/wp-json\/wp\/v2\/users\/1"}],"replies":[{"embeddable":true,"href":"https:\/\/kt.gov.rs\/sq\/wp-json\/wp\/v2\/comments?post=108619"}],"version-history":[{"count":1,"href":"https:\/\/kt.gov.rs\/sq\/wp-json\/wp\/v2\/posts\/108619\/revisions"}],"predecessor-version":[{"id":108623,"href":"https:\/\/kt.gov.rs\/sq\/wp-json\/wp\/v2\/posts\/108619\/revisions\/108623"}],"wp:featuredmedia":[{"embeddable":true,"href":"https:\/\/kt.gov.rs\/sq\/wp-json\/wp\/v2\/media\/108624"}],"wp:attachment":[{"href":"https:\/\/kt.gov.rs\/sq\/wp-json\/wp\/v2\/media?parent=108619"}],"wp:term":[{"taxonomy":"category","embeddable":true,"href":"https:\/\/kt.gov.rs\/sq\/wp-json\/wp\/v2\/categories?post=108619"},{"taxonomy":"post_tag","embeddable":true,"href":"https:\/\/kt.gov.rs\/sq\/wp-json\/wp\/v2\/tags?post=108619"}],"curies":[{"name":"wp","href":"https:\/\/api.w.org\/{rel}","templated":true}]}}