{"id":108603,"date":"2021-12-16T00:00:00","date_gmt":"2021-12-16T00:00:00","guid":{"rendered":"http:\/\/kt.printandscreen.rs\/drejtori-i-bibliotekes-ekrem-xhemajli-jemi-duke-renovuar-depon-ne-radhe-tjeter-kendi-i-leximit\/"},"modified":"2024-07-30T17:58:24","modified_gmt":"2024-07-30T17:58:24","slug":"drejtori-i-bibliotekes-ekrem-xhemajli-jemi-duke-renovuar-depon-ne-radhe-tjeter-kendi-i-leximit","status":"publish","type":"post","link":"https:\/\/kt.gov.rs\/sq\/drejtori-i-bibliotekes-ekrem-xhemajli-jemi-duke-renovuar-depon-ne-radhe-tjeter-kendi-i-leximit\/","title":{"rendered":"DREJTORI I BIBLIOTEK\u00cbS ,, EKREM XHEMAJLI : JEMI DUKE RENOVUAR DEPON, N\u00cb RADH\u00cb TJET\u00cbR  K\u00cbNDI I LEXIMIT"},"content":{"rendered":"<p>\n\t<strong><img decoding=\"async\" alt=\"\" src=\"https:\/\/kt.gov.rs\/wp-content\/uploads\/2024\/07\/1639650473_161221_1-2.jpg\" style=\"width: 315px; height: 230px; float: left;\" \/><\/strong><\/p>\n<p>\n\t<strong>Bujanoc-Beograd<\/strong> \u2013\u00a0 Kan\u00eb filluar punimet p\u00ebr renovimin e depos s\u00eb bibliotek\u00ebs \u201c14. N\u00ebntori\u201d dhe plani \u00ebsht\u00eb rregullimi i k\u00ebndit\u00a0 t\u00eb leximit, njoftoi u.d s\u00eb drejtorit\u00a0 t\u00eb k\u00ebtij institucioni, Ekrem Xhemajli.<\/p>\n<p>\n\tDepoja mban libra q\u00eb nuk jan\u00eb m\u00eb aktuale. Depoja e bibliotek\u00ebs n\u00eb Bujanoc p\u00ebr shum\u00eb vite ka qen\u00eb n\u00eb gjendje t\u00eb l\u00ebn\u00eb pas dore dhe sipas drejtorit, ajo \u00ebsht\u00eb shfryt\u00ebzuar jo vet\u00ebm p\u00ebr ruajtjen e librave por edhe p\u00ebr gj\u00ebra t\u00eb ndryshme.<\/p>\n<p>\n\t\u201cDepoja ka koh\u00eb q\u00eb \u00ebsht\u00eb n\u00eb gjendje shum\u00eb t\u00eb keqe. Ne jemi institucion kulturor dhe kjo \u00ebsht\u00eb e papranueshme. \u201cMe k\u00ebt\u00eb projekt renovimi kemi mund\u00ebsi ta ndryshojm\u00eb k\u00ebt\u00eb dhe t\u00eb mbajm\u00eb libra q\u00eb jan\u00eb n\u00eb dispozicion p\u00ebr lexuesit, por q\u00eb nuk jan\u00eb m\u00eb aktual\u00eb apo aktual\u00eb, por i kemi n\u00eb disa kopje\u201d, thot\u00eb Xhemajli.<\/p>\n<p>\n\tAi shtoi se renovimi p\u00ebrfshin rafte t\u00eb reja p\u00ebr libra, laminat dhe lyerje, n\u00eb m\u00ebnyr\u00eb q\u00eb t\u00eb arrihet nj\u00eb hap\u00ebsir\u00eb \u200b\u200bshum\u00eb m\u00eb e mir\u00eb dhe m\u00eb e bukur.<\/p>\n<p>\n\t\u00cbsht\u00eb planifikuar edhe rregullimi i k\u00ebndit t\u00eb leximit, por, si\u00e7 thot\u00eb ai, do t\u00eb varet nga mjetet dhe buxheti i vet\u00ebqeverisjes lokale.<\/p>\n<p>\n\tK\u00ebndi i leximit nuk \u00ebsht\u00eb mjaft e ndritshme dhe \u00ebsht\u00eb e ftoht\u00eb. Planifikojm\u00eb ta zgjidhim at\u00eb dhe t&#39;i p\u00ebrmir\u00ebsojm\u00eb kushtet sa m\u00eb shum\u00eb q\u00eb t\u00eb jet\u00eb e mundur p\u00ebr t&#39;u ofruar lexuesve nj\u00eb hap\u00ebsir\u00eb \u200b\u200bt\u00eb k\u00ebndshme p\u00ebr lexim\u201d, tha Xhemajli.<\/p>\n<p>\n\tLibrat q\u00eb ishin n\u00eb depo tani jan\u00eb renditur dhe ata q\u00eb nuk kan\u00eb vend p\u00ebr t&#39;i ruajtur p\u00ebr shkak t\u00eb munges\u00ebs s\u00eb hap\u00ebsir\u00ebs do t&#39;i dor\u00ebzohen Arkivit t\u00eb Vranj\u00ebs dhe Bibliotek\u00ebs Komb\u00ebtare p\u00ebr ruajtje.<\/p>\n<p>\n\tVet\u00ebm n\u00eb bibliotek\u00ebn e qytetit ka rreth 63 mij\u00eb libra n\u00eb rafte, nd\u00ebrsa fondi total me bibliotekat n\u00eb zonat rurale \u00ebsht\u00eb rreth 86500.<\/p>\n<p>\n\tI gjith\u00eb projekti i renovimit t\u00eb depove \u00ebsht\u00eb implementuar dhe financuar nga organizata nd\u00ebrkomb\u00ebtare UNHCR.<\/p>\n<p>\n\t<strong>Burimi: Bujanovaqke, Trupi Koordinues.<\/strong><\/p>\n<p>\n\t\u00a0<\/p>\n","protected":false},"excerpt":{"rendered":"<p>Bujanoc-Beograd\u00a0\u2013\u00a0 Kan\u00eb filluar punimet p\u00ebr renovimin e depos s\u00eb bibliotek\u00ebs \u201c14. N\u00ebntori\u201d dhe plani \u00ebsht\u00eb rregullimi i k\u00ebndit\u00a0 t\u00eb leximit, njoftoi u.d s\u00eb drejtorit\u00a0 t\u00eb k\u00ebtij institucioni, Ekrem Xhemajli.<\/p>\n","protected":false},"author":1,"featured_media":108608,"comment_status":"closed","ping_status":"closed","sticky":false,"template":"","format":"standard","meta":{"footnotes":""},"categories":[55],"tags":[],"class_list":["post-108603","post","type-post","status-publish","format-standard","has-post-thumbnail","hentry","category-lajme"],"yoast_head":"<!-- This site is optimized with the Yoast SEO plugin v27.5 - https:\/\/yoast.com\/product\/yoast-seo-wordpress\/ -->\n<title>DREJTORI I BIBLIOTEK\u00cbS ,, EKREM XHEMAJLI : JEMI DUKE RENOVUAR DEPON, N\u00cb RADH\u00cb TJET\u00cbR K\u00cbNDI I LEXIMIT - Republika e S\u00ebrbis\u00eb Trupi Koordinues p\u00ebr komunat Bujanoc, Preshev\u00eb dhe Medvegj\u00eb<\/title>\n<meta name=\"robots\" content=\"index, follow, max-snippet:-1, max-image-preview:large, max-video-preview:-1\" \/>\n<link rel=\"canonical\" href=\"https:\/\/kt.gov.rs\/sq\/drejtori-i-bibliotekes-ekrem-xhemajli-jemi-duke-renovuar-depon-ne-radhe-tjeter-kendi-i-leximit\/\" \/>\n<meta property=\"og:locale\" content=\"sq_AL\" \/>\n<meta property=\"og:type\" content=\"article\" \/>\n<meta property=\"og:title\" content=\"DREJTORI I BIBLIOTEK\u00cbS ,, EKREM XHEMAJLI : JEMI DUKE RENOVUAR DEPON, N\u00cb RADH\u00cb TJET\u00cbR K\u00cbNDI I LEXIMIT - Republika e S\u00ebrbis\u00eb Trupi Koordinues p\u00ebr komunat Bujanoc, Preshev\u00eb dhe Medvegj\u00eb\" \/>\n<meta property=\"og:description\" content=\"Bujanoc-Beograd\u00a0-\u00a0 Kan\u00eb filluar punimet p\u00ebr renovimin e depos s\u00eb bibliotek\u00ebs \u201c14. N\u00ebntori\u201d dhe plani \u00ebsht\u00eb rregullimi i k\u00ebndit\u00a0 t\u00eb leximit, njoftoi u.d s\u00eb drejtorit\u00a0 t\u00eb k\u00ebtij institucioni, Ekrem Xhemajli.\" \/>\n<meta property=\"og:url\" content=\"https:\/\/kt.gov.rs\/sq\/drejtori-i-bibliotekes-ekrem-xhemajli-jemi-duke-renovuar-depon-ne-radhe-tjeter-kendi-i-leximit\/\" \/>\n<meta property=\"og:site_name\" content=\"Republika e S\u00ebrbis\u00eb Trupi Koordinues p\u00ebr komunat Bujanoc, Preshev\u00eb dhe Medvegj\u00eb\" \/>\n<meta property=\"article:publisher\" content=\"https:\/\/www.facebook.com\/SluzbaKoordinacionogTelaVladeRepublikeSrbije\" \/>\n<meta property=\"article:published_time\" content=\"2021-12-16T00:00:00+00:00\" \/>\n<meta property=\"article:modified_time\" content=\"2024-07-30T17:58:24+00:00\" \/>\n<meta property=\"og:image\" content=\"https:\/\/kt.gov.rs\/wp-content\/uploads\/2024\/07\/1639650473_161221_1-3.jpg\" \/>\n\t<meta property=\"og:image:width\" content=\"315\" \/>\n\t<meta property=\"og:image:height\" content=\"230\" \/>\n\t<meta property=\"og:image:type\" content=\"image\/jpeg\" \/>\n<meta name=\"author\" content=\"ktmin\" \/>\n<meta name=\"twitter:card\" content=\"summary_large_image\" \/>\n<meta name=\"twitter:creator\" content=\"@kt_gov\" \/>\n<meta name=\"twitter:site\" content=\"@kt_gov\" \/>\n<meta name=\"twitter:label1\" content=\"Written by\" \/>\n\t<meta name=\"twitter:data1\" content=\"ktmin\" \/>\n\t<meta name=\"twitter:label2\" content=\"Est. reading time\" \/>\n\t<meta name=\"twitter:data2\" content=\"2 minutes\" \/>\n<script type=\"application\/ld+json\" class=\"yoast-schema-graph\">{\"@context\":\"https:\\\/\\\/schema.org\",\"@graph\":[{\"@type\":\"Article\",\"@id\":\"https:\\\/\\\/kt.gov.rs\\\/sq\\\/drejtori-i-bibliotekes-ekrem-xhemajli-jemi-duke-renovuar-depon-ne-radhe-tjeter-kendi-i-leximit\\\/#article\",\"isPartOf\":{\"@id\":\"https:\\\/\\\/kt.gov.rs\\\/sq\\\/drejtori-i-bibliotekes-ekrem-xhemajli-jemi-duke-renovuar-depon-ne-radhe-tjeter-kendi-i-leximit\\\/\"},\"author\":{\"name\":\"ktmin\",\"@id\":\"https:\\\/\\\/kt.gov.rs\\\/#\\\/schema\\\/person\\\/e426459ddb4173309103390602694571\"},\"headline\":\"DREJTORI I BIBLIOTEK\u00cbS ,, EKREM XHEMAJLI : JEMI DUKE RENOVUAR DEPON, N\u00cb RADH\u00cb TJET\u00cbR K\u00cbNDI I LEXIMIT\",\"datePublished\":\"2021-12-16T00:00:00+00:00\",\"dateModified\":\"2024-07-30T17:58:24+00:00\",\"mainEntityOfPage\":{\"@id\":\"https:\\\/\\\/kt.gov.rs\\\/sq\\\/drejtori-i-bibliotekes-ekrem-xhemajli-jemi-duke-renovuar-depon-ne-radhe-tjeter-kendi-i-leximit\\\/\"},\"wordCount\":506,\"publisher\":{\"@id\":\"https:\\\/\\\/kt.gov.rs\\\/#organization\"},\"image\":{\"@id\":\"https:\\\/\\\/kt.gov.rs\\\/sq\\\/drejtori-i-bibliotekes-ekrem-xhemajli-jemi-duke-renovuar-depon-ne-radhe-tjeter-kendi-i-leximit\\\/#primaryimage\"},\"thumbnailUrl\":\"https:\\\/\\\/kt.gov.rs\\\/wp-content\\\/uploads\\\/2024\\\/07\\\/1639650473_161221_1-3.jpg\",\"articleSection\":[\"Lajme\"],\"inLanguage\":\"sq-AL\"},{\"@type\":\"WebPage\",\"@id\":\"https:\\\/\\\/kt.gov.rs\\\/sq\\\/drejtori-i-bibliotekes-ekrem-xhemajli-jemi-duke-renovuar-depon-ne-radhe-tjeter-kendi-i-leximit\\\/\",\"url\":\"https:\\\/\\\/kt.gov.rs\\\/sq\\\/drejtori-i-bibliotekes-ekrem-xhemajli-jemi-duke-renovuar-depon-ne-radhe-tjeter-kendi-i-leximit\\\/\",\"name\":\"DREJTORI I BIBLIOTEK\u00cbS ,, EKREM XHEMAJLI : JEMI DUKE RENOVUAR DEPON, N\u00cb RADH\u00cb TJET\u00cbR K\u00cbNDI I LEXIMIT - Republika e S\u00ebrbis\u00eb Trupi Koordinues p\u00ebr komunat Bujanoc, Preshev\u00eb dhe Medvegj\u00eb\",\"isPartOf\":{\"@id\":\"https:\\\/\\\/kt.gov.rs\\\/#website\"},\"primaryImageOfPage\":{\"@id\":\"https:\\\/\\\/kt.gov.rs\\\/sq\\\/drejtori-i-bibliotekes-ekrem-xhemajli-jemi-duke-renovuar-depon-ne-radhe-tjeter-kendi-i-leximit\\\/#primaryimage\"},\"image\":{\"@id\":\"https:\\\/\\\/kt.gov.rs\\\/sq\\\/drejtori-i-bibliotekes-ekrem-xhemajli-jemi-duke-renovuar-depon-ne-radhe-tjeter-kendi-i-leximit\\\/#primaryimage\"},\"thumbnailUrl\":\"https:\\\/\\\/kt.gov.rs\\\/wp-content\\\/uploads\\\/2024\\\/07\\\/1639650473_161221_1-3.jpg\",\"datePublished\":\"2021-12-16T00:00:00+00:00\",\"dateModified\":\"2024-07-30T17:58:24+00:00\",\"breadcrumb\":{\"@id\":\"https:\\\/\\\/kt.gov.rs\\\/sq\\\/drejtori-i-bibliotekes-ekrem-xhemajli-jemi-duke-renovuar-depon-ne-radhe-tjeter-kendi-i-leximit\\\/#breadcrumb\"},\"inLanguage\":\"sq-AL\",\"potentialAction\":[{\"@type\":\"ReadAction\",\"target\":[\"https:\\\/\\\/kt.gov.rs\\\/sq\\\/drejtori-i-bibliotekes-ekrem-xhemajli-jemi-duke-renovuar-depon-ne-radhe-tjeter-kendi-i-leximit\\\/\"]}]},{\"@type\":\"ImageObject\",\"inLanguage\":\"sq-AL\",\"@id\":\"https:\\\/\\\/kt.gov.rs\\\/sq\\\/drejtori-i-bibliotekes-ekrem-xhemajli-jemi-duke-renovuar-depon-ne-radhe-tjeter-kendi-i-leximit\\\/#primaryimage\",\"url\":\"https:\\\/\\\/kt.gov.rs\\\/wp-content\\\/uploads\\\/2024\\\/07\\\/1639650473_161221_1-3.jpg\",\"contentUrl\":\"https:\\\/\\\/kt.gov.rs\\\/wp-content\\\/uploads\\\/2024\\\/07\\\/1639650473_161221_1-3.jpg\",\"width\":315,\"height\":230},{\"@type\":\"BreadcrumbList\",\"@id\":\"https:\\\/\\\/kt.gov.rs\\\/sq\\\/drejtori-i-bibliotekes-ekrem-xhemajli-jemi-duke-renovuar-depon-ne-radhe-tjeter-kendi-i-leximit\\\/#breadcrumb\",\"itemListElement\":[{\"@type\":\"ListItem\",\"position\":1,\"name\":\"\u041f\u043e\u0447\u0435\u0442\u043d\u0430\",\"item\":\"https:\\\/\\\/kt.gov.rs\\\/sq\\\/\"},{\"@type\":\"ListItem\",\"position\":2,\"name\":\"DREJTORI I BIBLIOTEK\u00cbS ,, EKREM XHEMAJLI : JEMI DUKE RENOVUAR DEPON, N\u00cb RADH\u00cb TJET\u00cbR K\u00cbNDI I LEXIMIT\"}]},{\"@type\":\"WebSite\",\"@id\":\"https:\\\/\\\/kt.gov.rs\\\/#website\",\"url\":\"https:\\\/\\\/kt.gov.rs\\\/\",\"name\":\"\u041a\u043e\u043e\u0440\u0434\u0438\u043d\u0430\u0446\u0438\u043e\u043d\u043e \u0442\u0435\u043b\u043e \u0412\u043b\u0430\u0434\u0435 \u0420\u0435\u043f\u0443\u0431\u043b\u0438\u043a\u0435 \u0421\u0440\u0431\u0438\u0458\u0435 \u0437\u0430 \u043e\u043f\u0448\u0442\u0438\u043d\u0435 \u041f\u0440\u0435\u0448\u0435\u0432\u043e, \u0411\u0443\u0458\u0430\u043d\u043e\u0432\u0430\u0446 \u0438 \u041c\u0435\u0434\u0432\u0435\u0452a\",\"description\":\"\",\"publisher\":{\"@id\":\"https:\\\/\\\/kt.gov.rs\\\/#organization\"},\"alternateName\":\"\u041a\u043e\u043e\u0440\u0434\u0438\u043d\u0430\u0446\u0438\u043e\u043d\u043e \u0442\u0435\u043b\u043e\",\"potentialAction\":[{\"@type\":\"SearchAction\",\"target\":{\"@type\":\"EntryPoint\",\"urlTemplate\":\"https:\\\/\\\/kt.gov.rs\\\/?s={search_term_string}\"},\"query-input\":{\"@type\":\"PropertyValueSpecification\",\"valueRequired\":true,\"valueName\":\"search_term_string\"}}],\"inLanguage\":\"sq-AL\"},{\"@type\":\"Organization\",\"@id\":\"https:\\\/\\\/kt.gov.rs\\\/#organization\",\"name\":\"\u041a\u043e\u043e\u0440\u0434\u0438\u043d\u0430\u0446\u0438\u043e\u043d\u043e \u0442\u0435\u043b\u043e \u0412\u043b\u0430\u0434\u0435 \u0420\u0435\u043f\u0443\u0431\u043b\u0438\u043a\u0435 \u0421\u0440\u0431\u0438\u0458\u0435 \u0437\u0430 \u043e\u043f\u0448\u0442\u0438\u043d\u0435 \u041f\u0440\u0435\u0448\u0435\u0432\u043e, \u0411\u0443\u0458\u0430\u043d\u043e\u0432\u0430\u0446 \u0438 \u041c\u0435\u0434\u0432\u0435\u0452a\",\"alternateName\":\"\u041a\u043e\u043e\u0440\u0434\u0438\u043d\u0430\u0446\u0438\u043e\u043d\u043e \u0442\u0435\u043b\u043e\",\"url\":\"https:\\\/\\\/kt.gov.rs\\\/\",\"logo\":{\"@type\":\"ImageObject\",\"inLanguage\":\"sq-AL\",\"@id\":\"https:\\\/\\\/kt.gov.rs\\\/#\\\/schema\\\/logo\\\/image\\\/\",\"url\":\"https:\\\/\\\/kt.gov.rs\\\/wp-content\\\/uploads\\\/2024\\\/12\\\/koord2.jpg\",\"contentUrl\":\"https:\\\/\\\/kt.gov.rs\\\/wp-content\\\/uploads\\\/2024\\\/12\\\/koord2.jpg\",\"width\":640,\"height\":480,\"caption\":\"\u041a\u043e\u043e\u0440\u0434\u0438\u043d\u0430\u0446\u0438\u043e\u043d\u043e \u0442\u0435\u043b\u043e \u0412\u043b\u0430\u0434\u0435 \u0420\u0435\u043f\u0443\u0431\u043b\u0438\u043a\u0435 \u0421\u0440\u0431\u0438\u0458\u0435 \u0437\u0430 \u043e\u043f\u0448\u0442\u0438\u043d\u0435 \u041f\u0440\u0435\u0448\u0435\u0432\u043e, \u0411\u0443\u0458\u0430\u043d\u043e\u0432\u0430\u0446 \u0438 \u041c\u0435\u0434\u0432\u0435\u0452a\"},\"image\":{\"@id\":\"https:\\\/\\\/kt.gov.rs\\\/#\\\/schema\\\/logo\\\/image\\\/\"},\"sameAs\":[\"https:\\\/\\\/www.facebook.com\\\/SluzbaKoordinacionogTelaVladeRepublikeSrbije\",\"https:\\\/\\\/x.com\\\/kt_gov\",\"https:\\\/\\\/www.youtube.com\\\/@koordinacionotelo\"]},{\"@type\":\"Person\",\"@id\":\"https:\\\/\\\/kt.gov.rs\\\/#\\\/schema\\\/person\\\/e426459ddb4173309103390602694571\",\"name\":\"ktmin\",\"image\":{\"@type\":\"ImageObject\",\"inLanguage\":\"sq-AL\",\"@id\":\"https:\\\/\\\/secure.gravatar.com\\\/avatar\\\/3985c961109853010c3fbc7ba30365bfba5db3dd6c525831d9c595c7525a615a?s=96&d=mm&r=g\",\"url\":\"https:\\\/\\\/secure.gravatar.com\\\/avatar\\\/3985c961109853010c3fbc7ba30365bfba5db3dd6c525831d9c595c7525a615a?s=96&d=mm&r=g\",\"contentUrl\":\"https:\\\/\\\/secure.gravatar.com\\\/avatar\\\/3985c961109853010c3fbc7ba30365bfba5db3dd6c525831d9c595c7525a615a?s=96&d=mm&r=g\",\"caption\":\"ktmin\"},\"sameAs\":[\"https:\\\/\\\/kt.gov.rs\"],\"url\":\"https:\\\/\\\/kt.gov.rs\\\/sq\\\/author\\\/ktmin\\\/\"}]}<\/script>\n<!-- \/ Yoast SEO plugin. -->","yoast_head_json":{"title":"DREJTORI I BIBLIOTEK\u00cbS ,, EKREM XHEMAJLI : JEMI DUKE RENOVUAR DEPON, N\u00cb RADH\u00cb TJET\u00cbR K\u00cbNDI I LEXIMIT - Republika e S\u00ebrbis\u00eb Trupi Koordinues p\u00ebr komunat Bujanoc, Preshev\u00eb dhe Medvegj\u00eb","robots":{"index":"index","follow":"follow","max-snippet":"max-snippet:-1","max-image-preview":"max-image-preview:large","max-video-preview":"max-video-preview:-1"},"canonical":"https:\/\/kt.gov.rs\/sq\/drejtori-i-bibliotekes-ekrem-xhemajli-jemi-duke-renovuar-depon-ne-radhe-tjeter-kendi-i-leximit\/","og_locale":"sq_AL","og_type":"article","og_title":"DREJTORI I BIBLIOTEK\u00cbS ,, EKREM XHEMAJLI : JEMI DUKE RENOVUAR DEPON, N\u00cb RADH\u00cb TJET\u00cbR K\u00cbNDI I LEXIMIT - Republika e S\u00ebrbis\u00eb Trupi Koordinues p\u00ebr komunat Bujanoc, Preshev\u00eb dhe Medvegj\u00eb","og_description":"Bujanoc-Beograd\u00a0-\u00a0 Kan\u00eb filluar punimet p\u00ebr renovimin e depos s\u00eb bibliotek\u00ebs \u201c14. N\u00ebntori\u201d dhe plani \u00ebsht\u00eb rregullimi i k\u00ebndit\u00a0 t\u00eb leximit, njoftoi u.d s\u00eb drejtorit\u00a0 t\u00eb k\u00ebtij institucioni, Ekrem Xhemajli.","og_url":"https:\/\/kt.gov.rs\/sq\/drejtori-i-bibliotekes-ekrem-xhemajli-jemi-duke-renovuar-depon-ne-radhe-tjeter-kendi-i-leximit\/","og_site_name":"Republika e S\u00ebrbis\u00eb Trupi Koordinues p\u00ebr komunat Bujanoc, Preshev\u00eb dhe Medvegj\u00eb","article_publisher":"https:\/\/www.facebook.com\/SluzbaKoordinacionogTelaVladeRepublikeSrbije","article_published_time":"2021-12-16T00:00:00+00:00","article_modified_time":"2024-07-30T17:58:24+00:00","og_image":[{"width":315,"height":230,"url":"https:\/\/kt.gov.rs\/wp-content\/uploads\/2024\/07\/1639650473_161221_1-3.jpg","type":"image\/jpeg"}],"author":"ktmin","twitter_card":"summary_large_image","twitter_creator":"@kt_gov","twitter_site":"@kt_gov","twitter_misc":{"Written by":"ktmin","Est. reading time":"2 minutes"},"schema":{"@context":"https:\/\/schema.org","@graph":[{"@type":"Article","@id":"https:\/\/kt.gov.rs\/sq\/drejtori-i-bibliotekes-ekrem-xhemajli-jemi-duke-renovuar-depon-ne-radhe-tjeter-kendi-i-leximit\/#article","isPartOf":{"@id":"https:\/\/kt.gov.rs\/sq\/drejtori-i-bibliotekes-ekrem-xhemajli-jemi-duke-renovuar-depon-ne-radhe-tjeter-kendi-i-leximit\/"},"author":{"name":"ktmin","@id":"https:\/\/kt.gov.rs\/#\/schema\/person\/e426459ddb4173309103390602694571"},"headline":"DREJTORI I BIBLIOTEK\u00cbS ,, EKREM XHEMAJLI : JEMI DUKE RENOVUAR DEPON, N\u00cb RADH\u00cb TJET\u00cbR K\u00cbNDI I LEXIMIT","datePublished":"2021-12-16T00:00:00+00:00","dateModified":"2024-07-30T17:58:24+00:00","mainEntityOfPage":{"@id":"https:\/\/kt.gov.rs\/sq\/drejtori-i-bibliotekes-ekrem-xhemajli-jemi-duke-renovuar-depon-ne-radhe-tjeter-kendi-i-leximit\/"},"wordCount":506,"publisher":{"@id":"https:\/\/kt.gov.rs\/#organization"},"image":{"@id":"https:\/\/kt.gov.rs\/sq\/drejtori-i-bibliotekes-ekrem-xhemajli-jemi-duke-renovuar-depon-ne-radhe-tjeter-kendi-i-leximit\/#primaryimage"},"thumbnailUrl":"https:\/\/kt.gov.rs\/wp-content\/uploads\/2024\/07\/1639650473_161221_1-3.jpg","articleSection":["Lajme"],"inLanguage":"sq-AL"},{"@type":"WebPage","@id":"https:\/\/kt.gov.rs\/sq\/drejtori-i-bibliotekes-ekrem-xhemajli-jemi-duke-renovuar-depon-ne-radhe-tjeter-kendi-i-leximit\/","url":"https:\/\/kt.gov.rs\/sq\/drejtori-i-bibliotekes-ekrem-xhemajli-jemi-duke-renovuar-depon-ne-radhe-tjeter-kendi-i-leximit\/","name":"DREJTORI I BIBLIOTEK\u00cbS ,, EKREM XHEMAJLI : JEMI DUKE RENOVUAR DEPON, N\u00cb RADH\u00cb TJET\u00cbR K\u00cbNDI I LEXIMIT - Republika e S\u00ebrbis\u00eb Trupi Koordinues p\u00ebr komunat Bujanoc, Preshev\u00eb dhe Medvegj\u00eb","isPartOf":{"@id":"https:\/\/kt.gov.rs\/#website"},"primaryImageOfPage":{"@id":"https:\/\/kt.gov.rs\/sq\/drejtori-i-bibliotekes-ekrem-xhemajli-jemi-duke-renovuar-depon-ne-radhe-tjeter-kendi-i-leximit\/#primaryimage"},"image":{"@id":"https:\/\/kt.gov.rs\/sq\/drejtori-i-bibliotekes-ekrem-xhemajli-jemi-duke-renovuar-depon-ne-radhe-tjeter-kendi-i-leximit\/#primaryimage"},"thumbnailUrl":"https:\/\/kt.gov.rs\/wp-content\/uploads\/2024\/07\/1639650473_161221_1-3.jpg","datePublished":"2021-12-16T00:00:00+00:00","dateModified":"2024-07-30T17:58:24+00:00","breadcrumb":{"@id":"https:\/\/kt.gov.rs\/sq\/drejtori-i-bibliotekes-ekrem-xhemajli-jemi-duke-renovuar-depon-ne-radhe-tjeter-kendi-i-leximit\/#breadcrumb"},"inLanguage":"sq-AL","potentialAction":[{"@type":"ReadAction","target":["https:\/\/kt.gov.rs\/sq\/drejtori-i-bibliotekes-ekrem-xhemajli-jemi-duke-renovuar-depon-ne-radhe-tjeter-kendi-i-leximit\/"]}]},{"@type":"ImageObject","inLanguage":"sq-AL","@id":"https:\/\/kt.gov.rs\/sq\/drejtori-i-bibliotekes-ekrem-xhemajli-jemi-duke-renovuar-depon-ne-radhe-tjeter-kendi-i-leximit\/#primaryimage","url":"https:\/\/kt.gov.rs\/wp-content\/uploads\/2024\/07\/1639650473_161221_1-3.jpg","contentUrl":"https:\/\/kt.gov.rs\/wp-content\/uploads\/2024\/07\/1639650473_161221_1-3.jpg","width":315,"height":230},{"@type":"BreadcrumbList","@id":"https:\/\/kt.gov.rs\/sq\/drejtori-i-bibliotekes-ekrem-xhemajli-jemi-duke-renovuar-depon-ne-radhe-tjeter-kendi-i-leximit\/#breadcrumb","itemListElement":[{"@type":"ListItem","position":1,"name":"\u041f\u043e\u0447\u0435\u0442\u043d\u0430","item":"https:\/\/kt.gov.rs\/sq\/"},{"@type":"ListItem","position":2,"name":"DREJTORI I BIBLIOTEK\u00cbS ,, EKREM XHEMAJLI : JEMI DUKE RENOVUAR DEPON, N\u00cb RADH\u00cb TJET\u00cbR K\u00cbNDI I LEXIMIT"}]},{"@type":"WebSite","@id":"https:\/\/kt.gov.rs\/#website","url":"https:\/\/kt.gov.rs\/","name":"\u041a\u043e\u043e\u0440\u0434\u0438\u043d\u0430\u0446\u0438\u043e\u043d\u043e \u0442\u0435\u043b\u043e \u0412\u043b\u0430\u0434\u0435 \u0420\u0435\u043f\u0443\u0431\u043b\u0438\u043a\u0435 \u0421\u0440\u0431\u0438\u0458\u0435 \u0437\u0430 \u043e\u043f\u0448\u0442\u0438\u043d\u0435 \u041f\u0440\u0435\u0448\u0435\u0432\u043e, \u0411\u0443\u0458\u0430\u043d\u043e\u0432\u0430\u0446 \u0438 \u041c\u0435\u0434\u0432\u0435\u0452a","description":"","publisher":{"@id":"https:\/\/kt.gov.rs\/#organization"},"alternateName":"\u041a\u043e\u043e\u0440\u0434\u0438\u043d\u0430\u0446\u0438\u043e\u043d\u043e \u0442\u0435\u043b\u043e","potentialAction":[{"@type":"SearchAction","target":{"@type":"EntryPoint","urlTemplate":"https:\/\/kt.gov.rs\/?s={search_term_string}"},"query-input":{"@type":"PropertyValueSpecification","valueRequired":true,"valueName":"search_term_string"}}],"inLanguage":"sq-AL"},{"@type":"Organization","@id":"https:\/\/kt.gov.rs\/#organization","name":"\u041a\u043e\u043e\u0440\u0434\u0438\u043d\u0430\u0446\u0438\u043e\u043d\u043e \u0442\u0435\u043b\u043e \u0412\u043b\u0430\u0434\u0435 \u0420\u0435\u043f\u0443\u0431\u043b\u0438\u043a\u0435 \u0421\u0440\u0431\u0438\u0458\u0435 \u0437\u0430 \u043e\u043f\u0448\u0442\u0438\u043d\u0435 \u041f\u0440\u0435\u0448\u0435\u0432\u043e, \u0411\u0443\u0458\u0430\u043d\u043e\u0432\u0430\u0446 \u0438 \u041c\u0435\u0434\u0432\u0435\u0452a","alternateName":"\u041a\u043e\u043e\u0440\u0434\u0438\u043d\u0430\u0446\u0438\u043e\u043d\u043e \u0442\u0435\u043b\u043e","url":"https:\/\/kt.gov.rs\/","logo":{"@type":"ImageObject","inLanguage":"sq-AL","@id":"https:\/\/kt.gov.rs\/#\/schema\/logo\/image\/","url":"https:\/\/kt.gov.rs\/wp-content\/uploads\/2024\/12\/koord2.jpg","contentUrl":"https:\/\/kt.gov.rs\/wp-content\/uploads\/2024\/12\/koord2.jpg","width":640,"height":480,"caption":"\u041a\u043e\u043e\u0440\u0434\u0438\u043d\u0430\u0446\u0438\u043e\u043d\u043e \u0442\u0435\u043b\u043e \u0412\u043b\u0430\u0434\u0435 \u0420\u0435\u043f\u0443\u0431\u043b\u0438\u043a\u0435 \u0421\u0440\u0431\u0438\u0458\u0435 \u0437\u0430 \u043e\u043f\u0448\u0442\u0438\u043d\u0435 \u041f\u0440\u0435\u0448\u0435\u0432\u043e, \u0411\u0443\u0458\u0430\u043d\u043e\u0432\u0430\u0446 \u0438 \u041c\u0435\u0434\u0432\u0435\u0452a"},"image":{"@id":"https:\/\/kt.gov.rs\/#\/schema\/logo\/image\/"},"sameAs":["https:\/\/www.facebook.com\/SluzbaKoordinacionogTelaVladeRepublikeSrbije","https:\/\/x.com\/kt_gov","https:\/\/www.youtube.com\/@koordinacionotelo"]},{"@type":"Person","@id":"https:\/\/kt.gov.rs\/#\/schema\/person\/e426459ddb4173309103390602694571","name":"ktmin","image":{"@type":"ImageObject","inLanguage":"sq-AL","@id":"https:\/\/secure.gravatar.com\/avatar\/3985c961109853010c3fbc7ba30365bfba5db3dd6c525831d9c595c7525a615a?s=96&d=mm&r=g","url":"https:\/\/secure.gravatar.com\/avatar\/3985c961109853010c3fbc7ba30365bfba5db3dd6c525831d9c595c7525a615a?s=96&d=mm&r=g","contentUrl":"https:\/\/secure.gravatar.com\/avatar\/3985c961109853010c3fbc7ba30365bfba5db3dd6c525831d9c595c7525a615a?s=96&d=mm&r=g","caption":"ktmin"},"sameAs":["https:\/\/kt.gov.rs"],"url":"https:\/\/kt.gov.rs\/sq\/author\/ktmin\/"}]}},"_links":{"self":[{"href":"https:\/\/kt.gov.rs\/sq\/wp-json\/wp\/v2\/posts\/108603","targetHints":{"allow":["GET"]}}],"collection":[{"href":"https:\/\/kt.gov.rs\/sq\/wp-json\/wp\/v2\/posts"}],"about":[{"href":"https:\/\/kt.gov.rs\/sq\/wp-json\/wp\/v2\/types\/post"}],"author":[{"embeddable":true,"href":"https:\/\/kt.gov.rs\/sq\/wp-json\/wp\/v2\/users\/1"}],"replies":[{"embeddable":true,"href":"https:\/\/kt.gov.rs\/sq\/wp-json\/wp\/v2\/comments?post=108603"}],"version-history":[{"count":1,"href":"https:\/\/kt.gov.rs\/sq\/wp-json\/wp\/v2\/posts\/108603\/revisions"}],"predecessor-version":[{"id":108607,"href":"https:\/\/kt.gov.rs\/sq\/wp-json\/wp\/v2\/posts\/108603\/revisions\/108607"}],"wp:featuredmedia":[{"embeddable":true,"href":"https:\/\/kt.gov.rs\/sq\/wp-json\/wp\/v2\/media\/108608"}],"wp:attachment":[{"href":"https:\/\/kt.gov.rs\/sq\/wp-json\/wp\/v2\/media?parent=108603"}],"wp:term":[{"taxonomy":"category","embeddable":true,"href":"https:\/\/kt.gov.rs\/sq\/wp-json\/wp\/v2\/categories?post=108603"},{"taxonomy":"post_tag","embeddable":true,"href":"https:\/\/kt.gov.rs\/sq\/wp-json\/wp\/v2\/tags?post=108603"}],"curies":[{"name":"wp","href":"https:\/\/api.w.org\/{rel}","templated":true}]}}