{"id":108595,"date":"2021-12-16T00:00:00","date_gmt":"2021-12-16T00:00:00","guid":{"rendered":"http:\/\/kt.printandscreen.rs\/marko-dhe-lazar-ne-aksion-per-femijet-e-bujanocit\/"},"modified":"2024-07-30T17:58:23","modified_gmt":"2024-07-30T17:58:23","slug":"marko-dhe-lazar-ne-aksion-per-femijet-e-bujanocit","status":"publish","type":"post","link":"https:\/\/kt.gov.rs\/sq\/marko-dhe-lazar-ne-aksion-per-femijet-e-bujanocit\/","title":{"rendered":"MARKO DHE LAZAR N\u00cb AKSION P\u00cbR F\u00cbMIJ\u00cbT E BUJANOCIT"},"content":{"rendered":"<p>\n\t<strong><img decoding=\"async\" alt=\"\" src=\"https:\/\/kt.gov.rs\/wp-content\/uploads\/2024\/07\/1639650521_161221_2-2.jpg\" style=\"width: 315px; height: 230px; float: left;\" \/>Bujanoc \u2013 Beograd <\/strong>\u2013 T\u00eb rinjt\u00eb vullnetar\u00eb dhe aktivist\u00eb nga Bujanoci, Marko Petkoviq dhe Llazar Llazarevski, filluan nj\u00eb aksion humanitar p\u00ebr t&#39;i pajisur f\u00ebmij\u00ebt e familjeve t\u00eb rrezikuara nga gjendja sociale me pako p\u00ebr Vitin e Ri. Ata ftojn\u00eb t\u00eb gjith\u00eb banor\u00ebt e Bujanocit q\u00eb t&#39;i bashkohen aksionit.<\/p>\n<p>\n\t\u201cQ\u00ebllimi i k\u00ebtij aksioni \u00ebsht\u00eb t\u00eb b\u00ebj\u00eb t\u00eb lumtur f\u00ebmij\u00ebt q\u00eb shkojn\u00eb n\u00eb kopsht dhe prind\u00ebrit e t\u00eb cil\u00ebve mund t\u00eb mos ken\u00eb fonde t\u00eb mjaftueshme p\u00ebr t\u00eb bler\u00eb apo b\u00ebr\u00eb vet\u00eb nj\u00eb paket\u00eb p\u00ebr Vitin e Ri\u201d. Viti i Ri \u00ebsht\u00eb festa m\u00eb e g\u00ebzuar p\u00ebr t\u00eb gjith\u00eb f\u00ebmij\u00ebt\u201d, thot\u00eb Marko Petkoviq.<\/p>\n<p>\n\tAi shton se ideja e aksionit \u00ebsht\u00eb q\u00eb t\u00eb b\u00ebhen sa m\u00eb shum\u00eb pako dhe t\u00eb lumturohen sa m\u00eb shum\u00eb f\u00ebmij\u00eb, por si\u00e7 thot\u00eb ai do t\u00eb varet nga vet\u00eb qytetar\u00ebt dhe mund\u00ebsit\u00eb e tyre.<\/p>\n<p>\n\t\u201cKjo \u00ebsht\u00eb nj\u00eb m\u00ebnyr\u00eb e bukur p\u00ebr t\u00eb treguar edhe nj\u00eb her\u00eb se jemi solidar\u00eb dhe njer\u00ebzor\u00eb. Secili prej nesh mund t\u00eb ve\u00e7oj\u00eb dhe t\u00eb dhuroj\u00eb nj\u00eb qese me smok, plazma, nj\u00eb lod\u00ebr, nj\u00eb laps, nj\u00eb fletore\u201d, thot\u00eb Marko.<\/p>\n<p>\n\tKutit\u00eb p\u00ebr mbledhjen e \u00ebmb\u00eblsirave, ushqimeve, lodrave dhe mjeteve shkollore, thot\u00eb ai, do t\u00eb vendosen n\u00eb disa lokacione n\u00eb qytet.<\/p>\n<p>\n\tN\u00eb kuad\u00ebr t\u00eb aksionit humanitar \u00ebsht\u00eb planifikuar shoq\u00ebrim n\u00eb sheshin e qytetit n\u00eb Bujanoc m\u00eb 20 dhe 21 dhjetor nga ora 12:00 deri n\u00eb ora 14:00, kur individ\u00ebt do t\u00eb mund t\u00eb dhurojn\u00eb p\u00ebrmbajtje p\u00ebr pako.<\/p>\n<p>\n\tN\u00eb t\u00eb nj\u00ebjt\u00ebn koh\u00eb, ata ftojn\u00eb t\u00eb gjith\u00eb afarist\u00ebt e Bujanocit q\u00eb t&#39;i bashkohen k\u00ebtij aksioni humanitar dhe me donacionet e tyre t\u00eb kontribuojn\u00eb n\u00eb g\u00ebzimin e f\u00ebmij\u00ebve.<\/p>\n<p>\n\t<strong>Burimi: Bujanovacke, Trupi Koordinues<\/strong><\/p>\n<p>\n\t\u00a0<\/p>\n","protected":false},"excerpt":{"rendered":"<p>Bujanoc \u2013 Beograd\u00a0\u2013 T\u00eb rinjt\u00eb vullnetar\u00eb dhe aktivist\u00eb nga Bujanoci, Marko Petkoviq dhe Llazar Llazarevski, filluan nj\u00eb aksion humanitar p\u00ebr t&#39;i pajisur f\u00ebmij\u00ebt e familjeve t\u00eb rrezikuara nga gjendja sociale me pako p\u00ebr Vitin e Ri. Ata ftojn\u00eb t\u00eb gjith\u00eb banor\u00ebt e Bujanocit q\u00eb t&#39;i bashkohen aksionit.<\/p>\n","protected":false},"author":1,"featured_media":108600,"comment_status":"closed","ping_status":"closed","sticky":false,"template":"","format":"standard","meta":{"footnotes":""},"categories":[55],"tags":[],"class_list":["post-108595","post","type-post","status-publish","format-standard","has-post-thumbnail","hentry","category-lajme"],"yoast_head":"<!-- This site is optimized with the Yoast SEO plugin v27.5 - https:\/\/yoast.com\/product\/yoast-seo-wordpress\/ -->\n<title>MARKO DHE LAZAR N\u00cb AKSION P\u00cbR F\u00cbMIJ\u00cbT E BUJANOCIT - Republika e S\u00ebrbis\u00eb Trupi Koordinues p\u00ebr komunat Bujanoc, Preshev\u00eb dhe Medvegj\u00eb<\/title>\n<meta name=\"robots\" content=\"index, follow, max-snippet:-1, max-image-preview:large, max-video-preview:-1\" \/>\n<link rel=\"canonical\" href=\"https:\/\/kt.gov.rs\/sq\/marko-dhe-lazar-ne-aksion-per-femijet-e-bujanocit\/\" \/>\n<meta property=\"og:locale\" content=\"sq_AL\" \/>\n<meta property=\"og:type\" content=\"article\" \/>\n<meta property=\"og:title\" content=\"MARKO DHE LAZAR N\u00cb AKSION P\u00cbR F\u00cbMIJ\u00cbT E BUJANOCIT - Republika e S\u00ebrbis\u00eb Trupi Koordinues p\u00ebr komunat Bujanoc, Preshev\u00eb dhe Medvegj\u00eb\" \/>\n<meta property=\"og:description\" content=\"Bujanoc - Beograd\u00a0- T\u00eb rinjt\u00eb vullnetar\u00eb dhe aktivist\u00eb nga Bujanoci, Marko Petkoviq dhe Llazar Llazarevski, filluan nj\u00eb aksion humanitar p\u00ebr t&#039;i pajisur f\u00ebmij\u00ebt e familjeve t\u00eb rrezikuara nga gjendja sociale me pako p\u00ebr Vitin e Ri. Ata ftojn\u00eb t\u00eb gjith\u00eb banor\u00ebt e Bujanocit q\u00eb t&#039;i bashkohen aksionit.\" \/>\n<meta property=\"og:url\" content=\"https:\/\/kt.gov.rs\/sq\/marko-dhe-lazar-ne-aksion-per-femijet-e-bujanocit\/\" \/>\n<meta property=\"og:site_name\" content=\"Republika e S\u00ebrbis\u00eb Trupi Koordinues p\u00ebr komunat Bujanoc, Preshev\u00eb dhe Medvegj\u00eb\" \/>\n<meta property=\"article:publisher\" content=\"https:\/\/www.facebook.com\/SluzbaKoordinacionogTelaVladeRepublikeSrbije\" \/>\n<meta property=\"article:published_time\" content=\"2021-12-16T00:00:00+00:00\" \/>\n<meta property=\"article:modified_time\" content=\"2024-07-30T17:58:23+00:00\" \/>\n<meta property=\"og:image\" content=\"https:\/\/kt.gov.rs\/wp-content\/uploads\/2024\/07\/1639650521_161221_2-3.jpg\" \/>\n\t<meta property=\"og:image:width\" content=\"315\" \/>\n\t<meta property=\"og:image:height\" content=\"230\" \/>\n\t<meta property=\"og:image:type\" content=\"image\/jpeg\" \/>\n<meta name=\"author\" content=\"ktmin\" \/>\n<meta name=\"twitter:card\" content=\"summary_large_image\" \/>\n<meta name=\"twitter:creator\" content=\"@kt_gov\" \/>\n<meta name=\"twitter:site\" content=\"@kt_gov\" \/>\n<meta name=\"twitter:label1\" content=\"Written by\" \/>\n\t<meta name=\"twitter:data1\" content=\"ktmin\" \/>\n\t<meta name=\"twitter:label2\" content=\"Est. reading time\" \/>\n\t<meta name=\"twitter:data2\" content=\"2 minutes\" \/>\n<script type=\"application\/ld+json\" class=\"yoast-schema-graph\">{\"@context\":\"https:\\\/\\\/schema.org\",\"@graph\":[{\"@type\":\"Article\",\"@id\":\"https:\\\/\\\/kt.gov.rs\\\/sq\\\/marko-dhe-lazar-ne-aksion-per-femijet-e-bujanocit\\\/#article\",\"isPartOf\":{\"@id\":\"https:\\\/\\\/kt.gov.rs\\\/sq\\\/marko-dhe-lazar-ne-aksion-per-femijet-e-bujanocit\\\/\"},\"author\":{\"name\":\"ktmin\",\"@id\":\"https:\\\/\\\/kt.gov.rs\\\/#\\\/schema\\\/person\\\/e426459ddb4173309103390602694571\"},\"headline\":\"MARKO DHE LAZAR N\u00cb AKSION P\u00cbR F\u00cbMIJ\u00cbT E BUJANOCIT\",\"datePublished\":\"2021-12-16T00:00:00+00:00\",\"dateModified\":\"2024-07-30T17:58:23+00:00\",\"mainEntityOfPage\":{\"@id\":\"https:\\\/\\\/kt.gov.rs\\\/sq\\\/marko-dhe-lazar-ne-aksion-per-femijet-e-bujanocit\\\/\"},\"wordCount\":458,\"publisher\":{\"@id\":\"https:\\\/\\\/kt.gov.rs\\\/#organization\"},\"image\":{\"@id\":\"https:\\\/\\\/kt.gov.rs\\\/sq\\\/marko-dhe-lazar-ne-aksion-per-femijet-e-bujanocit\\\/#primaryimage\"},\"thumbnailUrl\":\"https:\\\/\\\/kt.gov.rs\\\/wp-content\\\/uploads\\\/2024\\\/07\\\/1639650521_161221_2-3.jpg\",\"articleSection\":[\"Lajme\"],\"inLanguage\":\"sq-AL\"},{\"@type\":\"WebPage\",\"@id\":\"https:\\\/\\\/kt.gov.rs\\\/sq\\\/marko-dhe-lazar-ne-aksion-per-femijet-e-bujanocit\\\/\",\"url\":\"https:\\\/\\\/kt.gov.rs\\\/sq\\\/marko-dhe-lazar-ne-aksion-per-femijet-e-bujanocit\\\/\",\"name\":\"MARKO DHE LAZAR N\u00cb AKSION P\u00cbR F\u00cbMIJ\u00cbT E BUJANOCIT - Republika e S\u00ebrbis\u00eb Trupi Koordinues p\u00ebr komunat Bujanoc, Preshev\u00eb dhe Medvegj\u00eb\",\"isPartOf\":{\"@id\":\"https:\\\/\\\/kt.gov.rs\\\/#website\"},\"primaryImageOfPage\":{\"@id\":\"https:\\\/\\\/kt.gov.rs\\\/sq\\\/marko-dhe-lazar-ne-aksion-per-femijet-e-bujanocit\\\/#primaryimage\"},\"image\":{\"@id\":\"https:\\\/\\\/kt.gov.rs\\\/sq\\\/marko-dhe-lazar-ne-aksion-per-femijet-e-bujanocit\\\/#primaryimage\"},\"thumbnailUrl\":\"https:\\\/\\\/kt.gov.rs\\\/wp-content\\\/uploads\\\/2024\\\/07\\\/1639650521_161221_2-3.jpg\",\"datePublished\":\"2021-12-16T00:00:00+00:00\",\"dateModified\":\"2024-07-30T17:58:23+00:00\",\"breadcrumb\":{\"@id\":\"https:\\\/\\\/kt.gov.rs\\\/sq\\\/marko-dhe-lazar-ne-aksion-per-femijet-e-bujanocit\\\/#breadcrumb\"},\"inLanguage\":\"sq-AL\",\"potentialAction\":[{\"@type\":\"ReadAction\",\"target\":[\"https:\\\/\\\/kt.gov.rs\\\/sq\\\/marko-dhe-lazar-ne-aksion-per-femijet-e-bujanocit\\\/\"]}]},{\"@type\":\"ImageObject\",\"inLanguage\":\"sq-AL\",\"@id\":\"https:\\\/\\\/kt.gov.rs\\\/sq\\\/marko-dhe-lazar-ne-aksion-per-femijet-e-bujanocit\\\/#primaryimage\",\"url\":\"https:\\\/\\\/kt.gov.rs\\\/wp-content\\\/uploads\\\/2024\\\/07\\\/1639650521_161221_2-3.jpg\",\"contentUrl\":\"https:\\\/\\\/kt.gov.rs\\\/wp-content\\\/uploads\\\/2024\\\/07\\\/1639650521_161221_2-3.jpg\",\"width\":315,\"height\":230},{\"@type\":\"BreadcrumbList\",\"@id\":\"https:\\\/\\\/kt.gov.rs\\\/sq\\\/marko-dhe-lazar-ne-aksion-per-femijet-e-bujanocit\\\/#breadcrumb\",\"itemListElement\":[{\"@type\":\"ListItem\",\"position\":1,\"name\":\"\u041f\u043e\u0447\u0435\u0442\u043d\u0430\",\"item\":\"https:\\\/\\\/kt.gov.rs\\\/sq\\\/\"},{\"@type\":\"ListItem\",\"position\":2,\"name\":\"MARKO DHE LAZAR N\u00cb AKSION P\u00cbR F\u00cbMIJ\u00cbT E BUJANOCIT\"}]},{\"@type\":\"WebSite\",\"@id\":\"https:\\\/\\\/kt.gov.rs\\\/#website\",\"url\":\"https:\\\/\\\/kt.gov.rs\\\/\",\"name\":\"\u041a\u043e\u043e\u0440\u0434\u0438\u043d\u0430\u0446\u0438\u043e\u043d\u043e \u0442\u0435\u043b\u043e \u0412\u043b\u0430\u0434\u0435 \u0420\u0435\u043f\u0443\u0431\u043b\u0438\u043a\u0435 \u0421\u0440\u0431\u0438\u0458\u0435 \u0437\u0430 \u043e\u043f\u0448\u0442\u0438\u043d\u0435 \u041f\u0440\u0435\u0448\u0435\u0432\u043e, \u0411\u0443\u0458\u0430\u043d\u043e\u0432\u0430\u0446 \u0438 \u041c\u0435\u0434\u0432\u0435\u0452a\",\"description\":\"\",\"publisher\":{\"@id\":\"https:\\\/\\\/kt.gov.rs\\\/#organization\"},\"alternateName\":\"\u041a\u043e\u043e\u0440\u0434\u0438\u043d\u0430\u0446\u0438\u043e\u043d\u043e \u0442\u0435\u043b\u043e\",\"potentialAction\":[{\"@type\":\"SearchAction\",\"target\":{\"@type\":\"EntryPoint\",\"urlTemplate\":\"https:\\\/\\\/kt.gov.rs\\\/?s={search_term_string}\"},\"query-input\":{\"@type\":\"PropertyValueSpecification\",\"valueRequired\":true,\"valueName\":\"search_term_string\"}}],\"inLanguage\":\"sq-AL\"},{\"@type\":\"Organization\",\"@id\":\"https:\\\/\\\/kt.gov.rs\\\/#organization\",\"name\":\"\u041a\u043e\u043e\u0440\u0434\u0438\u043d\u0430\u0446\u0438\u043e\u043d\u043e \u0442\u0435\u043b\u043e \u0412\u043b\u0430\u0434\u0435 \u0420\u0435\u043f\u0443\u0431\u043b\u0438\u043a\u0435 \u0421\u0440\u0431\u0438\u0458\u0435 \u0437\u0430 \u043e\u043f\u0448\u0442\u0438\u043d\u0435 \u041f\u0440\u0435\u0448\u0435\u0432\u043e, \u0411\u0443\u0458\u0430\u043d\u043e\u0432\u0430\u0446 \u0438 \u041c\u0435\u0434\u0432\u0435\u0452a\",\"alternateName\":\"\u041a\u043e\u043e\u0440\u0434\u0438\u043d\u0430\u0446\u0438\u043e\u043d\u043e \u0442\u0435\u043b\u043e\",\"url\":\"https:\\\/\\\/kt.gov.rs\\\/\",\"logo\":{\"@type\":\"ImageObject\",\"inLanguage\":\"sq-AL\",\"@id\":\"https:\\\/\\\/kt.gov.rs\\\/#\\\/schema\\\/logo\\\/image\\\/\",\"url\":\"https:\\\/\\\/kt.gov.rs\\\/wp-content\\\/uploads\\\/2024\\\/12\\\/koord2.jpg\",\"contentUrl\":\"https:\\\/\\\/kt.gov.rs\\\/wp-content\\\/uploads\\\/2024\\\/12\\\/koord2.jpg\",\"width\":640,\"height\":480,\"caption\":\"\u041a\u043e\u043e\u0440\u0434\u0438\u043d\u0430\u0446\u0438\u043e\u043d\u043e \u0442\u0435\u043b\u043e \u0412\u043b\u0430\u0434\u0435 \u0420\u0435\u043f\u0443\u0431\u043b\u0438\u043a\u0435 \u0421\u0440\u0431\u0438\u0458\u0435 \u0437\u0430 \u043e\u043f\u0448\u0442\u0438\u043d\u0435 \u041f\u0440\u0435\u0448\u0435\u0432\u043e, \u0411\u0443\u0458\u0430\u043d\u043e\u0432\u0430\u0446 \u0438 \u041c\u0435\u0434\u0432\u0435\u0452a\"},\"image\":{\"@id\":\"https:\\\/\\\/kt.gov.rs\\\/#\\\/schema\\\/logo\\\/image\\\/\"},\"sameAs\":[\"https:\\\/\\\/www.facebook.com\\\/SluzbaKoordinacionogTelaVladeRepublikeSrbije\",\"https:\\\/\\\/x.com\\\/kt_gov\",\"https:\\\/\\\/www.youtube.com\\\/@koordinacionotelo\"]},{\"@type\":\"Person\",\"@id\":\"https:\\\/\\\/kt.gov.rs\\\/#\\\/schema\\\/person\\\/e426459ddb4173309103390602694571\",\"name\":\"ktmin\",\"image\":{\"@type\":\"ImageObject\",\"inLanguage\":\"sq-AL\",\"@id\":\"https:\\\/\\\/secure.gravatar.com\\\/avatar\\\/3985c961109853010c3fbc7ba30365bfba5db3dd6c525831d9c595c7525a615a?s=96&d=mm&r=g\",\"url\":\"https:\\\/\\\/secure.gravatar.com\\\/avatar\\\/3985c961109853010c3fbc7ba30365bfba5db3dd6c525831d9c595c7525a615a?s=96&d=mm&r=g\",\"contentUrl\":\"https:\\\/\\\/secure.gravatar.com\\\/avatar\\\/3985c961109853010c3fbc7ba30365bfba5db3dd6c525831d9c595c7525a615a?s=96&d=mm&r=g\",\"caption\":\"ktmin\"},\"sameAs\":[\"https:\\\/\\\/kt.gov.rs\"],\"url\":\"https:\\\/\\\/kt.gov.rs\\\/sq\\\/author\\\/ktmin\\\/\"}]}<\/script>\n<!-- \/ Yoast SEO plugin. -->","yoast_head_json":{"title":"MARKO DHE LAZAR N\u00cb AKSION P\u00cbR F\u00cbMIJ\u00cbT E BUJANOCIT - Republika e S\u00ebrbis\u00eb Trupi Koordinues p\u00ebr komunat Bujanoc, Preshev\u00eb dhe Medvegj\u00eb","robots":{"index":"index","follow":"follow","max-snippet":"max-snippet:-1","max-image-preview":"max-image-preview:large","max-video-preview":"max-video-preview:-1"},"canonical":"https:\/\/kt.gov.rs\/sq\/marko-dhe-lazar-ne-aksion-per-femijet-e-bujanocit\/","og_locale":"sq_AL","og_type":"article","og_title":"MARKO DHE LAZAR N\u00cb AKSION P\u00cbR F\u00cbMIJ\u00cbT E BUJANOCIT - Republika e S\u00ebrbis\u00eb Trupi Koordinues p\u00ebr komunat Bujanoc, Preshev\u00eb dhe Medvegj\u00eb","og_description":"Bujanoc - Beograd\u00a0- T\u00eb rinjt\u00eb vullnetar\u00eb dhe aktivist\u00eb nga Bujanoci, Marko Petkoviq dhe Llazar Llazarevski, filluan nj\u00eb aksion humanitar p\u00ebr t&#39;i pajisur f\u00ebmij\u00ebt e familjeve t\u00eb rrezikuara nga gjendja sociale me pako p\u00ebr Vitin e Ri. Ata ftojn\u00eb t\u00eb gjith\u00eb banor\u00ebt e Bujanocit q\u00eb t&#39;i bashkohen aksionit.","og_url":"https:\/\/kt.gov.rs\/sq\/marko-dhe-lazar-ne-aksion-per-femijet-e-bujanocit\/","og_site_name":"Republika e S\u00ebrbis\u00eb Trupi Koordinues p\u00ebr komunat Bujanoc, Preshev\u00eb dhe Medvegj\u00eb","article_publisher":"https:\/\/www.facebook.com\/SluzbaKoordinacionogTelaVladeRepublikeSrbije","article_published_time":"2021-12-16T00:00:00+00:00","article_modified_time":"2024-07-30T17:58:23+00:00","og_image":[{"width":315,"height":230,"url":"https:\/\/kt.gov.rs\/wp-content\/uploads\/2024\/07\/1639650521_161221_2-3.jpg","type":"image\/jpeg"}],"author":"ktmin","twitter_card":"summary_large_image","twitter_creator":"@kt_gov","twitter_site":"@kt_gov","twitter_misc":{"Written by":"ktmin","Est. reading time":"2 minutes"},"schema":{"@context":"https:\/\/schema.org","@graph":[{"@type":"Article","@id":"https:\/\/kt.gov.rs\/sq\/marko-dhe-lazar-ne-aksion-per-femijet-e-bujanocit\/#article","isPartOf":{"@id":"https:\/\/kt.gov.rs\/sq\/marko-dhe-lazar-ne-aksion-per-femijet-e-bujanocit\/"},"author":{"name":"ktmin","@id":"https:\/\/kt.gov.rs\/#\/schema\/person\/e426459ddb4173309103390602694571"},"headline":"MARKO DHE LAZAR N\u00cb AKSION P\u00cbR F\u00cbMIJ\u00cbT E BUJANOCIT","datePublished":"2021-12-16T00:00:00+00:00","dateModified":"2024-07-30T17:58:23+00:00","mainEntityOfPage":{"@id":"https:\/\/kt.gov.rs\/sq\/marko-dhe-lazar-ne-aksion-per-femijet-e-bujanocit\/"},"wordCount":458,"publisher":{"@id":"https:\/\/kt.gov.rs\/#organization"},"image":{"@id":"https:\/\/kt.gov.rs\/sq\/marko-dhe-lazar-ne-aksion-per-femijet-e-bujanocit\/#primaryimage"},"thumbnailUrl":"https:\/\/kt.gov.rs\/wp-content\/uploads\/2024\/07\/1639650521_161221_2-3.jpg","articleSection":["Lajme"],"inLanguage":"sq-AL"},{"@type":"WebPage","@id":"https:\/\/kt.gov.rs\/sq\/marko-dhe-lazar-ne-aksion-per-femijet-e-bujanocit\/","url":"https:\/\/kt.gov.rs\/sq\/marko-dhe-lazar-ne-aksion-per-femijet-e-bujanocit\/","name":"MARKO DHE LAZAR N\u00cb AKSION P\u00cbR F\u00cbMIJ\u00cbT E BUJANOCIT - Republika e S\u00ebrbis\u00eb Trupi Koordinues p\u00ebr komunat Bujanoc, Preshev\u00eb dhe Medvegj\u00eb","isPartOf":{"@id":"https:\/\/kt.gov.rs\/#website"},"primaryImageOfPage":{"@id":"https:\/\/kt.gov.rs\/sq\/marko-dhe-lazar-ne-aksion-per-femijet-e-bujanocit\/#primaryimage"},"image":{"@id":"https:\/\/kt.gov.rs\/sq\/marko-dhe-lazar-ne-aksion-per-femijet-e-bujanocit\/#primaryimage"},"thumbnailUrl":"https:\/\/kt.gov.rs\/wp-content\/uploads\/2024\/07\/1639650521_161221_2-3.jpg","datePublished":"2021-12-16T00:00:00+00:00","dateModified":"2024-07-30T17:58:23+00:00","breadcrumb":{"@id":"https:\/\/kt.gov.rs\/sq\/marko-dhe-lazar-ne-aksion-per-femijet-e-bujanocit\/#breadcrumb"},"inLanguage":"sq-AL","potentialAction":[{"@type":"ReadAction","target":["https:\/\/kt.gov.rs\/sq\/marko-dhe-lazar-ne-aksion-per-femijet-e-bujanocit\/"]}]},{"@type":"ImageObject","inLanguage":"sq-AL","@id":"https:\/\/kt.gov.rs\/sq\/marko-dhe-lazar-ne-aksion-per-femijet-e-bujanocit\/#primaryimage","url":"https:\/\/kt.gov.rs\/wp-content\/uploads\/2024\/07\/1639650521_161221_2-3.jpg","contentUrl":"https:\/\/kt.gov.rs\/wp-content\/uploads\/2024\/07\/1639650521_161221_2-3.jpg","width":315,"height":230},{"@type":"BreadcrumbList","@id":"https:\/\/kt.gov.rs\/sq\/marko-dhe-lazar-ne-aksion-per-femijet-e-bujanocit\/#breadcrumb","itemListElement":[{"@type":"ListItem","position":1,"name":"\u041f\u043e\u0447\u0435\u0442\u043d\u0430","item":"https:\/\/kt.gov.rs\/sq\/"},{"@type":"ListItem","position":2,"name":"MARKO DHE LAZAR N\u00cb AKSION P\u00cbR F\u00cbMIJ\u00cbT E BUJANOCIT"}]},{"@type":"WebSite","@id":"https:\/\/kt.gov.rs\/#website","url":"https:\/\/kt.gov.rs\/","name":"\u041a\u043e\u043e\u0440\u0434\u0438\u043d\u0430\u0446\u0438\u043e\u043d\u043e \u0442\u0435\u043b\u043e \u0412\u043b\u0430\u0434\u0435 \u0420\u0435\u043f\u0443\u0431\u043b\u0438\u043a\u0435 \u0421\u0440\u0431\u0438\u0458\u0435 \u0437\u0430 \u043e\u043f\u0448\u0442\u0438\u043d\u0435 \u041f\u0440\u0435\u0448\u0435\u0432\u043e, \u0411\u0443\u0458\u0430\u043d\u043e\u0432\u0430\u0446 \u0438 \u041c\u0435\u0434\u0432\u0435\u0452a","description":"","publisher":{"@id":"https:\/\/kt.gov.rs\/#organization"},"alternateName":"\u041a\u043e\u043e\u0440\u0434\u0438\u043d\u0430\u0446\u0438\u043e\u043d\u043e \u0442\u0435\u043b\u043e","potentialAction":[{"@type":"SearchAction","target":{"@type":"EntryPoint","urlTemplate":"https:\/\/kt.gov.rs\/?s={search_term_string}"},"query-input":{"@type":"PropertyValueSpecification","valueRequired":true,"valueName":"search_term_string"}}],"inLanguage":"sq-AL"},{"@type":"Organization","@id":"https:\/\/kt.gov.rs\/#organization","name":"\u041a\u043e\u043e\u0440\u0434\u0438\u043d\u0430\u0446\u0438\u043e\u043d\u043e \u0442\u0435\u043b\u043e \u0412\u043b\u0430\u0434\u0435 \u0420\u0435\u043f\u0443\u0431\u043b\u0438\u043a\u0435 \u0421\u0440\u0431\u0438\u0458\u0435 \u0437\u0430 \u043e\u043f\u0448\u0442\u0438\u043d\u0435 \u041f\u0440\u0435\u0448\u0435\u0432\u043e, \u0411\u0443\u0458\u0430\u043d\u043e\u0432\u0430\u0446 \u0438 \u041c\u0435\u0434\u0432\u0435\u0452a","alternateName":"\u041a\u043e\u043e\u0440\u0434\u0438\u043d\u0430\u0446\u0438\u043e\u043d\u043e \u0442\u0435\u043b\u043e","url":"https:\/\/kt.gov.rs\/","logo":{"@type":"ImageObject","inLanguage":"sq-AL","@id":"https:\/\/kt.gov.rs\/#\/schema\/logo\/image\/","url":"https:\/\/kt.gov.rs\/wp-content\/uploads\/2024\/12\/koord2.jpg","contentUrl":"https:\/\/kt.gov.rs\/wp-content\/uploads\/2024\/12\/koord2.jpg","width":640,"height":480,"caption":"\u041a\u043e\u043e\u0440\u0434\u0438\u043d\u0430\u0446\u0438\u043e\u043d\u043e \u0442\u0435\u043b\u043e \u0412\u043b\u0430\u0434\u0435 \u0420\u0435\u043f\u0443\u0431\u043b\u0438\u043a\u0435 \u0421\u0440\u0431\u0438\u0458\u0435 \u0437\u0430 \u043e\u043f\u0448\u0442\u0438\u043d\u0435 \u041f\u0440\u0435\u0448\u0435\u0432\u043e, \u0411\u0443\u0458\u0430\u043d\u043e\u0432\u0430\u0446 \u0438 \u041c\u0435\u0434\u0432\u0435\u0452a"},"image":{"@id":"https:\/\/kt.gov.rs\/#\/schema\/logo\/image\/"},"sameAs":["https:\/\/www.facebook.com\/SluzbaKoordinacionogTelaVladeRepublikeSrbije","https:\/\/x.com\/kt_gov","https:\/\/www.youtube.com\/@koordinacionotelo"]},{"@type":"Person","@id":"https:\/\/kt.gov.rs\/#\/schema\/person\/e426459ddb4173309103390602694571","name":"ktmin","image":{"@type":"ImageObject","inLanguage":"sq-AL","@id":"https:\/\/secure.gravatar.com\/avatar\/3985c961109853010c3fbc7ba30365bfba5db3dd6c525831d9c595c7525a615a?s=96&d=mm&r=g","url":"https:\/\/secure.gravatar.com\/avatar\/3985c961109853010c3fbc7ba30365bfba5db3dd6c525831d9c595c7525a615a?s=96&d=mm&r=g","contentUrl":"https:\/\/secure.gravatar.com\/avatar\/3985c961109853010c3fbc7ba30365bfba5db3dd6c525831d9c595c7525a615a?s=96&d=mm&r=g","caption":"ktmin"},"sameAs":["https:\/\/kt.gov.rs"],"url":"https:\/\/kt.gov.rs\/sq\/author\/ktmin\/"}]}},"_links":{"self":[{"href":"https:\/\/kt.gov.rs\/sq\/wp-json\/wp\/v2\/posts\/108595","targetHints":{"allow":["GET"]}}],"collection":[{"href":"https:\/\/kt.gov.rs\/sq\/wp-json\/wp\/v2\/posts"}],"about":[{"href":"https:\/\/kt.gov.rs\/sq\/wp-json\/wp\/v2\/types\/post"}],"author":[{"embeddable":true,"href":"https:\/\/kt.gov.rs\/sq\/wp-json\/wp\/v2\/users\/1"}],"replies":[{"embeddable":true,"href":"https:\/\/kt.gov.rs\/sq\/wp-json\/wp\/v2\/comments?post=108595"}],"version-history":[{"count":1,"href":"https:\/\/kt.gov.rs\/sq\/wp-json\/wp\/v2\/posts\/108595\/revisions"}],"predecessor-version":[{"id":108599,"href":"https:\/\/kt.gov.rs\/sq\/wp-json\/wp\/v2\/posts\/108595\/revisions\/108599"}],"wp:featuredmedia":[{"embeddable":true,"href":"https:\/\/kt.gov.rs\/sq\/wp-json\/wp\/v2\/media\/108600"}],"wp:attachment":[{"href":"https:\/\/kt.gov.rs\/sq\/wp-json\/wp\/v2\/media?parent=108595"}],"wp:term":[{"taxonomy":"category","embeddable":true,"href":"https:\/\/kt.gov.rs\/sq\/wp-json\/wp\/v2\/categories?post=108595"},{"taxonomy":"post_tag","embeddable":true,"href":"https:\/\/kt.gov.rs\/sq\/wp-json\/wp\/v2\/tags?post=108595"}],"curies":[{"name":"wp","href":"https:\/\/api.w.org\/{rel}","templated":true}]}}