{"id":108587,"date":"2021-12-21T00:00:00","date_gmt":"2021-12-21T00:00:00","guid":{"rendered":"http:\/\/kt.printandscreen.rs\/behluli-nga-tirana-ballkani-hapur-nje-shans-e-madhe-per-rajonin-tone\/"},"modified":"2024-07-30T17:58:22","modified_gmt":"2024-07-30T17:58:22","slug":"behluli-nga-tirana-ballkani-hapur-nje-shans-e-madhe-per-rajonin-tone","status":"publish","type":"post","link":"https:\/\/kt.gov.rs\/sq\/behluli-nga-tirana-ballkani-hapur-nje-shans-e-madhe-per-rajonin-tone\/","title":{"rendered":"BEHLULI NGA TIRANA: BALLKANI HAPUR  NJ\u00cb SHANS E MADHE P\u00cbR RAJONIN TON\u00cb"},"content":{"rendered":"<p>\n\t<strong><img decoding=\"async\" alt=\"\" src=\"https:\/\/kt.gov.rs\/wp-content\/uploads\/2024\/07\/1640090340_211221_1-2.jpg\" style=\"width: 315px; height: 230px; float: left;\" \/><\/strong><\/p>\n<p>\n\t<strong>Bujanoc \u2013 Beograd <\/strong>\u2013 N\u00eb mesin e pjes\u00ebmarr\u00ebsve n\u00eb samitin Ballkani i hapur, i cili po mbahet n\u00eb Tiran\u00eb, \u00ebsht\u00eb edhe Nexhat Behluli nga Bujanoci, i ftuar si mysafir i kabinetit t\u00eb kryeministrit t\u00eb Shqip\u00ebris\u00eb, Edi Rama.<\/p>\n<p>\n\t\u201c\u00c7do shtet i pavarur, prioritet i t\u00eb cilit \u00ebsht\u00eb zhvillimi ekonomik, zgjedh rrug\u00ebn q\u00eb do t\u00eb marr\u00eb sepse e b\u00ebn jetes\u00ebn nga ekonomia dhe flet vet\u00ebm p\u00ebr politik\u00ebn. Ballakani i hapur \u00ebsht\u00eb i hapur edhe p\u00ebr an\u00ebtar\u00ebsim t\u00eb t\u00eb tjer\u00ebve\u201d, tha Behluli\u00a0 prej Tiran\u00ebs.<\/p>\n<p>\n\tSe si do t\u00eb jen\u00eb marr\u00ebveshjet\u00a0 e arritura n\u00eb Tiran\u00eb mes Edi Ram\u00ebs, kryeministrit t\u00eb Maqedonis\u00eb s\u00eb Veriut, Zoran Zaev dhe presidentit t\u00eb Serbis\u00eb, Aleksandar Vu\u00e7iq, do t\u00eb ndikojn\u00eb n\u00eb ekonomin\u00eb lokale, Behluli tha q\u00eb t\u00eb hapen mund\u00ebsit\u00eb p\u00ebr bashk\u00ebpunim m\u00eb t\u00eb mir\u00eb dhe t\u00eb lir\u00eb, fluksin e njer\u00ebzve, mallrave, sh\u00ebrbimeve dhe kapitalit.<\/p>\n<p>\n\t\u201cAta po vijn\u00eb tek ne, por ne do t\u00eb veprojm\u00eb edhe n\u00eb tregjet e Shqip\u00ebris\u00eb dhe Maqedonis\u00eb s\u00eb Veriut, sepse nga janari 2022 do t\u00eb hiqen pengesat e shumta burokratike dhe nuk do t\u00eb ket\u00eb administrim dhe dokumentacion\u201d, tha ai.<\/p>\n<p>\n\tPresidenti i Serbis\u00eb, Aleksandar Vu\u00e7iq, deklaroi se marr\u00ebveshjet q\u00eb do t\u00eb n\u00ebnshkruhen n\u00eb Tiran\u00eb jan\u00eb b\u00ebrthama e di\u00e7kaje q\u00eb do t\u00eb krijoj\u00eb q\u00eb kjo pjes\u00eb e Evrop\u00ebs t\u00eb jet\u00eb n\u00eb thelb pa kufij dhe shum\u00eb m\u00eb par\u00eb se e kishim menduar. Ai thekson se \u201cBallkani i Hapur\u201d \u00ebsht\u00eb\u00a0 ide e shk\u00eblqyer q\u00eb do t\u00eb forcohet dhe do t\u00eb tregoj\u00eb forc\u00eb.<\/p>\n<p>\n\t<strong>Burimi: Bujanovaqke, Trupi Koordinues<\/strong><\/p>\n<p>\n\t\u00a0<\/p>\n","protected":false},"excerpt":{"rendered":"<p>Bujanoc \u2013 Beograd\u00a0\u2013 N\u00eb mesin e pjes\u00ebmarr\u00ebsve n\u00eb samitin Ballkani i hapur, i cili po mbahet n\u00eb Tiran\u00eb, \u00ebsht\u00eb edhe Nexhat Behluli nga Bujanoci, i ftuar si mysafir i kabinetit t\u00eb kryeministrit t\u00eb Shqip\u00ebris\u00eb, Edi Rama.<\/p>\n","protected":false},"author":1,"featured_media":108592,"comment_status":"closed","ping_status":"closed","sticky":false,"template":"","format":"standard","meta":{"footnotes":""},"categories":[55],"tags":[],"class_list":["post-108587","post","type-post","status-publish","format-standard","has-post-thumbnail","hentry","category-lajme"],"yoast_head":"<!-- This site is optimized with the Yoast SEO plugin v27.5 - https:\/\/yoast.com\/product\/yoast-seo-wordpress\/ -->\n<title>BEHLULI NGA TIRANA: BALLKANI HAPUR NJ\u00cb SHANS E MADHE P\u00cbR RAJONIN TON\u00cb - Republika e S\u00ebrbis\u00eb Trupi Koordinues p\u00ebr komunat Bujanoc, Preshev\u00eb dhe Medvegj\u00eb<\/title>\n<meta name=\"robots\" content=\"index, follow, max-snippet:-1, max-image-preview:large, max-video-preview:-1\" \/>\n<link rel=\"canonical\" href=\"https:\/\/kt.gov.rs\/sq\/behluli-nga-tirana-ballkani-hapur-nje-shans-e-madhe-per-rajonin-tone\/\" \/>\n<meta property=\"og:locale\" content=\"sq_AL\" \/>\n<meta property=\"og:type\" content=\"article\" \/>\n<meta property=\"og:title\" content=\"BEHLULI NGA TIRANA: BALLKANI HAPUR NJ\u00cb SHANS E MADHE P\u00cbR RAJONIN TON\u00cb - Republika e S\u00ebrbis\u00eb Trupi Koordinues p\u00ebr komunat Bujanoc, Preshev\u00eb dhe Medvegj\u00eb\" \/>\n<meta property=\"og:description\" content=\"Bujanoc - Beograd\u00a0- N\u00eb mesin e pjes\u00ebmarr\u00ebsve n\u00eb samitin Ballkani i hapur, i cili po mbahet n\u00eb Tiran\u00eb, \u00ebsht\u00eb edhe Nexhat Behluli nga Bujanoci, i ftuar si mysafir i kabinetit t\u00eb kryeministrit t\u00eb Shqip\u00ebris\u00eb, Edi Rama.\" \/>\n<meta property=\"og:url\" content=\"https:\/\/kt.gov.rs\/sq\/behluli-nga-tirana-ballkani-hapur-nje-shans-e-madhe-per-rajonin-tone\/\" \/>\n<meta property=\"og:site_name\" content=\"Republika e S\u00ebrbis\u00eb Trupi Koordinues p\u00ebr komunat Bujanoc, Preshev\u00eb dhe Medvegj\u00eb\" \/>\n<meta property=\"article:publisher\" content=\"https:\/\/www.facebook.com\/SluzbaKoordinacionogTelaVladeRepublikeSrbije\" \/>\n<meta property=\"article:published_time\" content=\"2021-12-21T00:00:00+00:00\" \/>\n<meta property=\"article:modified_time\" content=\"2024-07-30T17:58:22+00:00\" \/>\n<meta property=\"og:image\" content=\"https:\/\/kt.gov.rs\/wp-content\/uploads\/2024\/07\/1640090340_211221_1-3.jpg\" \/>\n\t<meta property=\"og:image:width\" content=\"315\" \/>\n\t<meta property=\"og:image:height\" content=\"230\" \/>\n\t<meta property=\"og:image:type\" content=\"image\/jpeg\" \/>\n<meta name=\"author\" content=\"ktmin\" \/>\n<meta name=\"twitter:card\" content=\"summary_large_image\" \/>\n<meta name=\"twitter:creator\" content=\"@kt_gov\" \/>\n<meta name=\"twitter:site\" content=\"@kt_gov\" \/>\n<meta name=\"twitter:label1\" content=\"Written by\" \/>\n\t<meta name=\"twitter:data1\" content=\"ktmin\" \/>\n\t<meta name=\"twitter:label2\" content=\"Est. reading time\" \/>\n\t<meta name=\"twitter:data2\" content=\"2 minutes\" \/>\n<script type=\"application\/ld+json\" class=\"yoast-schema-graph\">{\"@context\":\"https:\\\/\\\/schema.org\",\"@graph\":[{\"@type\":\"Article\",\"@id\":\"https:\\\/\\\/kt.gov.rs\\\/sq\\\/behluli-nga-tirana-ballkani-hapur-nje-shans-e-madhe-per-rajonin-tone\\\/#article\",\"isPartOf\":{\"@id\":\"https:\\\/\\\/kt.gov.rs\\\/sq\\\/behluli-nga-tirana-ballkani-hapur-nje-shans-e-madhe-per-rajonin-tone\\\/\"},\"author\":{\"name\":\"ktmin\",\"@id\":\"https:\\\/\\\/kt.gov.rs\\\/#\\\/schema\\\/person\\\/e426459ddb4173309103390602694571\"},\"headline\":\"BEHLULI NGA TIRANA: BALLKANI HAPUR NJ\u00cb SHANS E MADHE P\u00cbR RAJONIN TON\u00cb\",\"datePublished\":\"2021-12-21T00:00:00+00:00\",\"dateModified\":\"2024-07-30T17:58:22+00:00\",\"mainEntityOfPage\":{\"@id\":\"https:\\\/\\\/kt.gov.rs\\\/sq\\\/behluli-nga-tirana-ballkani-hapur-nje-shans-e-madhe-per-rajonin-tone\\\/\"},\"wordCount\":395,\"publisher\":{\"@id\":\"https:\\\/\\\/kt.gov.rs\\\/#organization\"},\"image\":{\"@id\":\"https:\\\/\\\/kt.gov.rs\\\/sq\\\/behluli-nga-tirana-ballkani-hapur-nje-shans-e-madhe-per-rajonin-tone\\\/#primaryimage\"},\"thumbnailUrl\":\"https:\\\/\\\/kt.gov.rs\\\/wp-content\\\/uploads\\\/2024\\\/07\\\/1640090340_211221_1-3.jpg\",\"articleSection\":[\"Lajme\"],\"inLanguage\":\"sq-AL\"},{\"@type\":\"WebPage\",\"@id\":\"https:\\\/\\\/kt.gov.rs\\\/sq\\\/behluli-nga-tirana-ballkani-hapur-nje-shans-e-madhe-per-rajonin-tone\\\/\",\"url\":\"https:\\\/\\\/kt.gov.rs\\\/sq\\\/behluli-nga-tirana-ballkani-hapur-nje-shans-e-madhe-per-rajonin-tone\\\/\",\"name\":\"BEHLULI NGA TIRANA: BALLKANI HAPUR NJ\u00cb SHANS E MADHE P\u00cbR RAJONIN TON\u00cb - Republika e S\u00ebrbis\u00eb Trupi Koordinues p\u00ebr komunat Bujanoc, Preshev\u00eb dhe Medvegj\u00eb\",\"isPartOf\":{\"@id\":\"https:\\\/\\\/kt.gov.rs\\\/#website\"},\"primaryImageOfPage\":{\"@id\":\"https:\\\/\\\/kt.gov.rs\\\/sq\\\/behluli-nga-tirana-ballkani-hapur-nje-shans-e-madhe-per-rajonin-tone\\\/#primaryimage\"},\"image\":{\"@id\":\"https:\\\/\\\/kt.gov.rs\\\/sq\\\/behluli-nga-tirana-ballkani-hapur-nje-shans-e-madhe-per-rajonin-tone\\\/#primaryimage\"},\"thumbnailUrl\":\"https:\\\/\\\/kt.gov.rs\\\/wp-content\\\/uploads\\\/2024\\\/07\\\/1640090340_211221_1-3.jpg\",\"datePublished\":\"2021-12-21T00:00:00+00:00\",\"dateModified\":\"2024-07-30T17:58:22+00:00\",\"breadcrumb\":{\"@id\":\"https:\\\/\\\/kt.gov.rs\\\/sq\\\/behluli-nga-tirana-ballkani-hapur-nje-shans-e-madhe-per-rajonin-tone\\\/#breadcrumb\"},\"inLanguage\":\"sq-AL\",\"potentialAction\":[{\"@type\":\"ReadAction\",\"target\":[\"https:\\\/\\\/kt.gov.rs\\\/sq\\\/behluli-nga-tirana-ballkani-hapur-nje-shans-e-madhe-per-rajonin-tone\\\/\"]}]},{\"@type\":\"ImageObject\",\"inLanguage\":\"sq-AL\",\"@id\":\"https:\\\/\\\/kt.gov.rs\\\/sq\\\/behluli-nga-tirana-ballkani-hapur-nje-shans-e-madhe-per-rajonin-tone\\\/#primaryimage\",\"url\":\"https:\\\/\\\/kt.gov.rs\\\/wp-content\\\/uploads\\\/2024\\\/07\\\/1640090340_211221_1-3.jpg\",\"contentUrl\":\"https:\\\/\\\/kt.gov.rs\\\/wp-content\\\/uploads\\\/2024\\\/07\\\/1640090340_211221_1-3.jpg\",\"width\":315,\"height\":230},{\"@type\":\"BreadcrumbList\",\"@id\":\"https:\\\/\\\/kt.gov.rs\\\/sq\\\/behluli-nga-tirana-ballkani-hapur-nje-shans-e-madhe-per-rajonin-tone\\\/#breadcrumb\",\"itemListElement\":[{\"@type\":\"ListItem\",\"position\":1,\"name\":\"\u041f\u043e\u0447\u0435\u0442\u043d\u0430\",\"item\":\"https:\\\/\\\/kt.gov.rs\\\/sq\\\/\"},{\"@type\":\"ListItem\",\"position\":2,\"name\":\"BEHLULI NGA TIRANA: BALLKANI HAPUR NJ\u00cb SHANS E MADHE P\u00cbR RAJONIN TON\u00cb\"}]},{\"@type\":\"WebSite\",\"@id\":\"https:\\\/\\\/kt.gov.rs\\\/#website\",\"url\":\"https:\\\/\\\/kt.gov.rs\\\/\",\"name\":\"\u041a\u043e\u043e\u0440\u0434\u0438\u043d\u0430\u0446\u0438\u043e\u043d\u043e \u0442\u0435\u043b\u043e \u0412\u043b\u0430\u0434\u0435 \u0420\u0435\u043f\u0443\u0431\u043b\u0438\u043a\u0435 \u0421\u0440\u0431\u0438\u0458\u0435 \u0437\u0430 \u043e\u043f\u0448\u0442\u0438\u043d\u0435 \u041f\u0440\u0435\u0448\u0435\u0432\u043e, \u0411\u0443\u0458\u0430\u043d\u043e\u0432\u0430\u0446 \u0438 \u041c\u0435\u0434\u0432\u0435\u0452a\",\"description\":\"\",\"publisher\":{\"@id\":\"https:\\\/\\\/kt.gov.rs\\\/#organization\"},\"alternateName\":\"\u041a\u043e\u043e\u0440\u0434\u0438\u043d\u0430\u0446\u0438\u043e\u043d\u043e \u0442\u0435\u043b\u043e\",\"potentialAction\":[{\"@type\":\"SearchAction\",\"target\":{\"@type\":\"EntryPoint\",\"urlTemplate\":\"https:\\\/\\\/kt.gov.rs\\\/?s={search_term_string}\"},\"query-input\":{\"@type\":\"PropertyValueSpecification\",\"valueRequired\":true,\"valueName\":\"search_term_string\"}}],\"inLanguage\":\"sq-AL\"},{\"@type\":\"Organization\",\"@id\":\"https:\\\/\\\/kt.gov.rs\\\/#organization\",\"name\":\"\u041a\u043e\u043e\u0440\u0434\u0438\u043d\u0430\u0446\u0438\u043e\u043d\u043e \u0442\u0435\u043b\u043e \u0412\u043b\u0430\u0434\u0435 \u0420\u0435\u043f\u0443\u0431\u043b\u0438\u043a\u0435 \u0421\u0440\u0431\u0438\u0458\u0435 \u0437\u0430 \u043e\u043f\u0448\u0442\u0438\u043d\u0435 \u041f\u0440\u0435\u0448\u0435\u0432\u043e, \u0411\u0443\u0458\u0430\u043d\u043e\u0432\u0430\u0446 \u0438 \u041c\u0435\u0434\u0432\u0435\u0452a\",\"alternateName\":\"\u041a\u043e\u043e\u0440\u0434\u0438\u043d\u0430\u0446\u0438\u043e\u043d\u043e \u0442\u0435\u043b\u043e\",\"url\":\"https:\\\/\\\/kt.gov.rs\\\/\",\"logo\":{\"@type\":\"ImageObject\",\"inLanguage\":\"sq-AL\",\"@id\":\"https:\\\/\\\/kt.gov.rs\\\/#\\\/schema\\\/logo\\\/image\\\/\",\"url\":\"https:\\\/\\\/kt.gov.rs\\\/wp-content\\\/uploads\\\/2024\\\/12\\\/koord2.jpg\",\"contentUrl\":\"https:\\\/\\\/kt.gov.rs\\\/wp-content\\\/uploads\\\/2024\\\/12\\\/koord2.jpg\",\"width\":640,\"height\":480,\"caption\":\"\u041a\u043e\u043e\u0440\u0434\u0438\u043d\u0430\u0446\u0438\u043e\u043d\u043e \u0442\u0435\u043b\u043e \u0412\u043b\u0430\u0434\u0435 \u0420\u0435\u043f\u0443\u0431\u043b\u0438\u043a\u0435 \u0421\u0440\u0431\u0438\u0458\u0435 \u0437\u0430 \u043e\u043f\u0448\u0442\u0438\u043d\u0435 \u041f\u0440\u0435\u0448\u0435\u0432\u043e, \u0411\u0443\u0458\u0430\u043d\u043e\u0432\u0430\u0446 \u0438 \u041c\u0435\u0434\u0432\u0435\u0452a\"},\"image\":{\"@id\":\"https:\\\/\\\/kt.gov.rs\\\/#\\\/schema\\\/logo\\\/image\\\/\"},\"sameAs\":[\"https:\\\/\\\/www.facebook.com\\\/SluzbaKoordinacionogTelaVladeRepublikeSrbije\",\"https:\\\/\\\/x.com\\\/kt_gov\",\"https:\\\/\\\/www.youtube.com\\\/@koordinacionotelo\"]},{\"@type\":\"Person\",\"@id\":\"https:\\\/\\\/kt.gov.rs\\\/#\\\/schema\\\/person\\\/e426459ddb4173309103390602694571\",\"name\":\"ktmin\",\"image\":{\"@type\":\"ImageObject\",\"inLanguage\":\"sq-AL\",\"@id\":\"https:\\\/\\\/secure.gravatar.com\\\/avatar\\\/3985c961109853010c3fbc7ba30365bfba5db3dd6c525831d9c595c7525a615a?s=96&d=mm&r=g\",\"url\":\"https:\\\/\\\/secure.gravatar.com\\\/avatar\\\/3985c961109853010c3fbc7ba30365bfba5db3dd6c525831d9c595c7525a615a?s=96&d=mm&r=g\",\"contentUrl\":\"https:\\\/\\\/secure.gravatar.com\\\/avatar\\\/3985c961109853010c3fbc7ba30365bfba5db3dd6c525831d9c595c7525a615a?s=96&d=mm&r=g\",\"caption\":\"ktmin\"},\"sameAs\":[\"https:\\\/\\\/kt.gov.rs\"],\"url\":\"https:\\\/\\\/kt.gov.rs\\\/sq\\\/author\\\/ktmin\\\/\"}]}<\/script>\n<!-- \/ Yoast SEO plugin. -->","yoast_head_json":{"title":"BEHLULI NGA TIRANA: BALLKANI HAPUR NJ\u00cb SHANS E MADHE P\u00cbR RAJONIN TON\u00cb - Republika e S\u00ebrbis\u00eb Trupi Koordinues p\u00ebr komunat Bujanoc, Preshev\u00eb dhe Medvegj\u00eb","robots":{"index":"index","follow":"follow","max-snippet":"max-snippet:-1","max-image-preview":"max-image-preview:large","max-video-preview":"max-video-preview:-1"},"canonical":"https:\/\/kt.gov.rs\/sq\/behluli-nga-tirana-ballkani-hapur-nje-shans-e-madhe-per-rajonin-tone\/","og_locale":"sq_AL","og_type":"article","og_title":"BEHLULI NGA TIRANA: BALLKANI HAPUR NJ\u00cb SHANS E MADHE P\u00cbR RAJONIN TON\u00cb - Republika e S\u00ebrbis\u00eb Trupi Koordinues p\u00ebr komunat Bujanoc, Preshev\u00eb dhe Medvegj\u00eb","og_description":"Bujanoc - Beograd\u00a0- N\u00eb mesin e pjes\u00ebmarr\u00ebsve n\u00eb samitin Ballkani i hapur, i cili po mbahet n\u00eb Tiran\u00eb, \u00ebsht\u00eb edhe Nexhat Behluli nga Bujanoci, i ftuar si mysafir i kabinetit t\u00eb kryeministrit t\u00eb Shqip\u00ebris\u00eb, Edi Rama.","og_url":"https:\/\/kt.gov.rs\/sq\/behluli-nga-tirana-ballkani-hapur-nje-shans-e-madhe-per-rajonin-tone\/","og_site_name":"Republika e S\u00ebrbis\u00eb Trupi Koordinues p\u00ebr komunat Bujanoc, Preshev\u00eb dhe Medvegj\u00eb","article_publisher":"https:\/\/www.facebook.com\/SluzbaKoordinacionogTelaVladeRepublikeSrbije","article_published_time":"2021-12-21T00:00:00+00:00","article_modified_time":"2024-07-30T17:58:22+00:00","og_image":[{"width":315,"height":230,"url":"https:\/\/kt.gov.rs\/wp-content\/uploads\/2024\/07\/1640090340_211221_1-3.jpg","type":"image\/jpeg"}],"author":"ktmin","twitter_card":"summary_large_image","twitter_creator":"@kt_gov","twitter_site":"@kt_gov","twitter_misc":{"Written by":"ktmin","Est. reading time":"2 minutes"},"schema":{"@context":"https:\/\/schema.org","@graph":[{"@type":"Article","@id":"https:\/\/kt.gov.rs\/sq\/behluli-nga-tirana-ballkani-hapur-nje-shans-e-madhe-per-rajonin-tone\/#article","isPartOf":{"@id":"https:\/\/kt.gov.rs\/sq\/behluli-nga-tirana-ballkani-hapur-nje-shans-e-madhe-per-rajonin-tone\/"},"author":{"name":"ktmin","@id":"https:\/\/kt.gov.rs\/#\/schema\/person\/e426459ddb4173309103390602694571"},"headline":"BEHLULI NGA TIRANA: BALLKANI HAPUR NJ\u00cb SHANS E MADHE P\u00cbR RAJONIN TON\u00cb","datePublished":"2021-12-21T00:00:00+00:00","dateModified":"2024-07-30T17:58:22+00:00","mainEntityOfPage":{"@id":"https:\/\/kt.gov.rs\/sq\/behluli-nga-tirana-ballkani-hapur-nje-shans-e-madhe-per-rajonin-tone\/"},"wordCount":395,"publisher":{"@id":"https:\/\/kt.gov.rs\/#organization"},"image":{"@id":"https:\/\/kt.gov.rs\/sq\/behluli-nga-tirana-ballkani-hapur-nje-shans-e-madhe-per-rajonin-tone\/#primaryimage"},"thumbnailUrl":"https:\/\/kt.gov.rs\/wp-content\/uploads\/2024\/07\/1640090340_211221_1-3.jpg","articleSection":["Lajme"],"inLanguage":"sq-AL"},{"@type":"WebPage","@id":"https:\/\/kt.gov.rs\/sq\/behluli-nga-tirana-ballkani-hapur-nje-shans-e-madhe-per-rajonin-tone\/","url":"https:\/\/kt.gov.rs\/sq\/behluli-nga-tirana-ballkani-hapur-nje-shans-e-madhe-per-rajonin-tone\/","name":"BEHLULI NGA TIRANA: BALLKANI HAPUR NJ\u00cb SHANS E MADHE P\u00cbR RAJONIN TON\u00cb - Republika e S\u00ebrbis\u00eb Trupi Koordinues p\u00ebr komunat Bujanoc, Preshev\u00eb dhe Medvegj\u00eb","isPartOf":{"@id":"https:\/\/kt.gov.rs\/#website"},"primaryImageOfPage":{"@id":"https:\/\/kt.gov.rs\/sq\/behluli-nga-tirana-ballkani-hapur-nje-shans-e-madhe-per-rajonin-tone\/#primaryimage"},"image":{"@id":"https:\/\/kt.gov.rs\/sq\/behluli-nga-tirana-ballkani-hapur-nje-shans-e-madhe-per-rajonin-tone\/#primaryimage"},"thumbnailUrl":"https:\/\/kt.gov.rs\/wp-content\/uploads\/2024\/07\/1640090340_211221_1-3.jpg","datePublished":"2021-12-21T00:00:00+00:00","dateModified":"2024-07-30T17:58:22+00:00","breadcrumb":{"@id":"https:\/\/kt.gov.rs\/sq\/behluli-nga-tirana-ballkani-hapur-nje-shans-e-madhe-per-rajonin-tone\/#breadcrumb"},"inLanguage":"sq-AL","potentialAction":[{"@type":"ReadAction","target":["https:\/\/kt.gov.rs\/sq\/behluli-nga-tirana-ballkani-hapur-nje-shans-e-madhe-per-rajonin-tone\/"]}]},{"@type":"ImageObject","inLanguage":"sq-AL","@id":"https:\/\/kt.gov.rs\/sq\/behluli-nga-tirana-ballkani-hapur-nje-shans-e-madhe-per-rajonin-tone\/#primaryimage","url":"https:\/\/kt.gov.rs\/wp-content\/uploads\/2024\/07\/1640090340_211221_1-3.jpg","contentUrl":"https:\/\/kt.gov.rs\/wp-content\/uploads\/2024\/07\/1640090340_211221_1-3.jpg","width":315,"height":230},{"@type":"BreadcrumbList","@id":"https:\/\/kt.gov.rs\/sq\/behluli-nga-tirana-ballkani-hapur-nje-shans-e-madhe-per-rajonin-tone\/#breadcrumb","itemListElement":[{"@type":"ListItem","position":1,"name":"\u041f\u043e\u0447\u0435\u0442\u043d\u0430","item":"https:\/\/kt.gov.rs\/sq\/"},{"@type":"ListItem","position":2,"name":"BEHLULI NGA TIRANA: BALLKANI HAPUR NJ\u00cb SHANS E MADHE P\u00cbR RAJONIN TON\u00cb"}]},{"@type":"WebSite","@id":"https:\/\/kt.gov.rs\/#website","url":"https:\/\/kt.gov.rs\/","name":"\u041a\u043e\u043e\u0440\u0434\u0438\u043d\u0430\u0446\u0438\u043e\u043d\u043e \u0442\u0435\u043b\u043e \u0412\u043b\u0430\u0434\u0435 \u0420\u0435\u043f\u0443\u0431\u043b\u0438\u043a\u0435 \u0421\u0440\u0431\u0438\u0458\u0435 \u0437\u0430 \u043e\u043f\u0448\u0442\u0438\u043d\u0435 \u041f\u0440\u0435\u0448\u0435\u0432\u043e, \u0411\u0443\u0458\u0430\u043d\u043e\u0432\u0430\u0446 \u0438 \u041c\u0435\u0434\u0432\u0435\u0452a","description":"","publisher":{"@id":"https:\/\/kt.gov.rs\/#organization"},"alternateName":"\u041a\u043e\u043e\u0440\u0434\u0438\u043d\u0430\u0446\u0438\u043e\u043d\u043e \u0442\u0435\u043b\u043e","potentialAction":[{"@type":"SearchAction","target":{"@type":"EntryPoint","urlTemplate":"https:\/\/kt.gov.rs\/?s={search_term_string}"},"query-input":{"@type":"PropertyValueSpecification","valueRequired":true,"valueName":"search_term_string"}}],"inLanguage":"sq-AL"},{"@type":"Organization","@id":"https:\/\/kt.gov.rs\/#organization","name":"\u041a\u043e\u043e\u0440\u0434\u0438\u043d\u0430\u0446\u0438\u043e\u043d\u043e \u0442\u0435\u043b\u043e \u0412\u043b\u0430\u0434\u0435 \u0420\u0435\u043f\u0443\u0431\u043b\u0438\u043a\u0435 \u0421\u0440\u0431\u0438\u0458\u0435 \u0437\u0430 \u043e\u043f\u0448\u0442\u0438\u043d\u0435 \u041f\u0440\u0435\u0448\u0435\u0432\u043e, \u0411\u0443\u0458\u0430\u043d\u043e\u0432\u0430\u0446 \u0438 \u041c\u0435\u0434\u0432\u0435\u0452a","alternateName":"\u041a\u043e\u043e\u0440\u0434\u0438\u043d\u0430\u0446\u0438\u043e\u043d\u043e \u0442\u0435\u043b\u043e","url":"https:\/\/kt.gov.rs\/","logo":{"@type":"ImageObject","inLanguage":"sq-AL","@id":"https:\/\/kt.gov.rs\/#\/schema\/logo\/image\/","url":"https:\/\/kt.gov.rs\/wp-content\/uploads\/2024\/12\/koord2.jpg","contentUrl":"https:\/\/kt.gov.rs\/wp-content\/uploads\/2024\/12\/koord2.jpg","width":640,"height":480,"caption":"\u041a\u043e\u043e\u0440\u0434\u0438\u043d\u0430\u0446\u0438\u043e\u043d\u043e \u0442\u0435\u043b\u043e \u0412\u043b\u0430\u0434\u0435 \u0420\u0435\u043f\u0443\u0431\u043b\u0438\u043a\u0435 \u0421\u0440\u0431\u0438\u0458\u0435 \u0437\u0430 \u043e\u043f\u0448\u0442\u0438\u043d\u0435 \u041f\u0440\u0435\u0448\u0435\u0432\u043e, \u0411\u0443\u0458\u0430\u043d\u043e\u0432\u0430\u0446 \u0438 \u041c\u0435\u0434\u0432\u0435\u0452a"},"image":{"@id":"https:\/\/kt.gov.rs\/#\/schema\/logo\/image\/"},"sameAs":["https:\/\/www.facebook.com\/SluzbaKoordinacionogTelaVladeRepublikeSrbije","https:\/\/x.com\/kt_gov","https:\/\/www.youtube.com\/@koordinacionotelo"]},{"@type":"Person","@id":"https:\/\/kt.gov.rs\/#\/schema\/person\/e426459ddb4173309103390602694571","name":"ktmin","image":{"@type":"ImageObject","inLanguage":"sq-AL","@id":"https:\/\/secure.gravatar.com\/avatar\/3985c961109853010c3fbc7ba30365bfba5db3dd6c525831d9c595c7525a615a?s=96&d=mm&r=g","url":"https:\/\/secure.gravatar.com\/avatar\/3985c961109853010c3fbc7ba30365bfba5db3dd6c525831d9c595c7525a615a?s=96&d=mm&r=g","contentUrl":"https:\/\/secure.gravatar.com\/avatar\/3985c961109853010c3fbc7ba30365bfba5db3dd6c525831d9c595c7525a615a?s=96&d=mm&r=g","caption":"ktmin"},"sameAs":["https:\/\/kt.gov.rs"],"url":"https:\/\/kt.gov.rs\/sq\/author\/ktmin\/"}]}},"_links":{"self":[{"href":"https:\/\/kt.gov.rs\/sq\/wp-json\/wp\/v2\/posts\/108587","targetHints":{"allow":["GET"]}}],"collection":[{"href":"https:\/\/kt.gov.rs\/sq\/wp-json\/wp\/v2\/posts"}],"about":[{"href":"https:\/\/kt.gov.rs\/sq\/wp-json\/wp\/v2\/types\/post"}],"author":[{"embeddable":true,"href":"https:\/\/kt.gov.rs\/sq\/wp-json\/wp\/v2\/users\/1"}],"replies":[{"embeddable":true,"href":"https:\/\/kt.gov.rs\/sq\/wp-json\/wp\/v2\/comments?post=108587"}],"version-history":[{"count":1,"href":"https:\/\/kt.gov.rs\/sq\/wp-json\/wp\/v2\/posts\/108587\/revisions"}],"predecessor-version":[{"id":108591,"href":"https:\/\/kt.gov.rs\/sq\/wp-json\/wp\/v2\/posts\/108587\/revisions\/108591"}],"wp:featuredmedia":[{"embeddable":true,"href":"https:\/\/kt.gov.rs\/sq\/wp-json\/wp\/v2\/media\/108592"}],"wp:attachment":[{"href":"https:\/\/kt.gov.rs\/sq\/wp-json\/wp\/v2\/media?parent=108587"}],"wp:term":[{"taxonomy":"category","embeddable":true,"href":"https:\/\/kt.gov.rs\/sq\/wp-json\/wp\/v2\/categories?post=108587"},{"taxonomy":"post_tag","embeddable":true,"href":"https:\/\/kt.gov.rs\/sq\/wp-json\/wp\/v2\/tags?post=108587"}],"curies":[{"name":"wp","href":"https:\/\/api.w.org\/{rel}","templated":true}]}}