{"id":108560,"date":"2021-12-22T00:00:00","date_gmt":"2021-12-22T00:00:00","guid":{"rendered":"http:\/\/kt.printandscreen.rs\/dhuratat-e-festave-te-fundvitit-i-gezuan-edhe-femijet-e-medvegjes\/"},"modified":"2024-07-30T17:58:20","modified_gmt":"2024-07-30T17:58:20","slug":"dhuratat-e-festave-te-fundvitit-i-gezuan-edhe-femijet-e-medvegjes","status":"publish","type":"post","link":"https:\/\/kt.gov.rs\/sq\/dhuratat-e-festave-te-fundvitit-i-gezuan-edhe-femijet-e-medvegjes\/","title":{"rendered":"DHURATAT E FESTAVE T\u00cb FUNDVITIT I G\u00cbZUAN EDHE F\u00cbMIJ\u00cbT E MEDVEGJ\u00cbS"},"content":{"rendered":"<p>\n\t<strong><img decoding=\"async\" alt=\"\" src=\"https:\/\/kt.gov.rs\/wp-content\/uploads\/2024\/07\/1640176693_221221_4-2.jpg\" style=\"width: 315px; height: 230px; float: left;\" \/>Medvegj\u00eb \u2013 Beograd<\/strong> Ipeshkvi i Nishit Arsenije, n\u00eb shoq\u00ebrin\u00eb e Rrethit t\u00eb Motrave Serbe, vizitoi komun\u00ebn e Medvegj\u00ebs. Me k\u00ebt\u00eb rast, nx\u00ebn\u00ebsve t\u00eb shkoll\u00ebs fillore \u201cGornja Jabllanica\u201d, si dhe nx\u00ebn\u00ebsve t\u00eb shkollave me nevoja t\u00eb ve\u00e7anta, n\u00eb prag t\u00eb Krishtlindjeve iu ndan\u00eb dhuratat festash me \u00ebmb\u00eblsira, t\u00eb cilat zgjuan buz\u00ebqeshjen e f\u00ebmij\u00ebve.<\/p>\n<p>\n\tPas k\u00ebng\u00ebs s\u00eb N\u00ebn\u00ebs s\u00eb Shenjt\u00eb, t\u00eb p\u00ebrgatitur dhe interpretuar nga nx\u00ebn\u00ebsit e shkoll\u00ebs, t\u00eb tubuarve, p\u00ebrve\u00e7 t\u00eb nderuarit Ipeshkvi, iu drejtua dhe u urua p\u00ebr festat e ardhshme edhe drejtoresha e shkoll\u00ebs fillore Sllavica Gjoniq, kryetari i komun\u00ebs s\u00eb Medvegj\u00ebs, Nebojsha Arsiq, si dhe kryetarja e Rrethit t\u00eb Motrave Serbe t\u00eb Leskovcit, Jelena Erakoviq.<\/p>\n<p>\n\tDhuratat e Vitit t\u00eb Ri i lumturuan f\u00ebmij\u00ebt e k\u00ebsaj treve dhe tradita e dhurimit vazhdon me pun\u00eb t\u00eb palodhur, n\u00eb m\u00ebnyr\u00eb q\u00eb me ndihm\u00ebn e njer\u00ebzve t\u00eb mir\u00eb, Dioqeza Ortodokse e Nishit t\u00eb rris\u00eb p\u00ebrvoj\u00ebn e festave p\u00ebr f\u00ebmij\u00ebt n\u00eb pjes\u00ebt e tjera t\u00eb dioqez\u00ebs s\u00eb saj.<\/p>\n<p>\n\t<strong>Burimi: Info Center Jug, Trupi Koordinues<\/strong><\/p>\n<p>\n\t\u00a0<\/p>\n","protected":false},"excerpt":{"rendered":"<p>Medvegj\u00eb \u2013 Beograd\u00a0Ipeshkvi i Nishit Arsenije, n\u00eb shoq\u00ebrin\u00eb e Rrethit t\u00eb Motrave Serbe, vizitoi komun\u00ebn e Medvegj\u00ebs. Me k\u00ebt\u00eb rast, nx\u00ebn\u00ebsve t\u00eb shkoll\u00ebs fillore \u201cGornja Jabllanica\u201d, si dhe nx\u00ebn\u00ebsve t\u00eb shkollave me nevoja t\u00eb ve\u00e7anta, n\u00eb prag t\u00eb Krishtlindjeve iu ndan\u00eb dhuratat festash me \u00ebmb\u00eblsira, t\u00eb cilat zgjuan buz\u00ebqeshjen e f\u00ebmij\u00ebve.<\/p>\n","protected":false},"author":1,"featured_media":108565,"comment_status":"closed","ping_status":"closed","sticky":false,"template":"","format":"standard","meta":{"footnotes":""},"categories":[55],"tags":[],"class_list":["post-108560","post","type-post","status-publish","format-standard","has-post-thumbnail","hentry","category-lajme"],"yoast_head":"<!-- This site is optimized with the Yoast SEO plugin v27.5 - https:\/\/yoast.com\/product\/yoast-seo-wordpress\/ -->\n<title>DHURATAT E FESTAVE T\u00cb FUNDVITIT I G\u00cbZUAN EDHE F\u00cbMIJ\u00cbT E MEDVEGJ\u00cbS - Republika e S\u00ebrbis\u00eb Trupi Koordinues p\u00ebr komunat Bujanoc, Preshev\u00eb dhe Medvegj\u00eb<\/title>\n<meta name=\"robots\" content=\"index, follow, max-snippet:-1, max-image-preview:large, max-video-preview:-1\" \/>\n<link rel=\"canonical\" href=\"https:\/\/kt.gov.rs\/sq\/dhuratat-e-festave-te-fundvitit-i-gezuan-edhe-femijet-e-medvegjes\/\" \/>\n<meta property=\"og:locale\" content=\"sq_AL\" \/>\n<meta property=\"og:type\" content=\"article\" \/>\n<meta property=\"og:title\" content=\"DHURATAT E FESTAVE T\u00cb FUNDVITIT I G\u00cbZUAN EDHE F\u00cbMIJ\u00cbT E MEDVEGJ\u00cbS - Republika e S\u00ebrbis\u00eb Trupi Koordinues p\u00ebr komunat Bujanoc, Preshev\u00eb dhe Medvegj\u00eb\" \/>\n<meta property=\"og:description\" content=\"Medvegj\u00eb \u2013 Beograd\u00a0Ipeshkvi i Nishit Arsenije, n\u00eb shoq\u00ebrin\u00eb e Rrethit t\u00eb Motrave Serbe, vizitoi komun\u00ebn e Medvegj\u00ebs. Me k\u00ebt\u00eb rast, nx\u00ebn\u00ebsve t\u00eb shkoll\u00ebs fillore \u201cGornja Jabllanica\u201d, si dhe nx\u00ebn\u00ebsve t\u00eb shkollave me nevoja t\u00eb ve\u00e7anta, n\u00eb prag t\u00eb Krishtlindjeve iu ndan\u00eb dhuratat festash me \u00ebmb\u00eblsira, t\u00eb cilat zgjuan buz\u00ebqeshjen e f\u00ebmij\u00ebve.\" \/>\n<meta property=\"og:url\" content=\"https:\/\/kt.gov.rs\/sq\/dhuratat-e-festave-te-fundvitit-i-gezuan-edhe-femijet-e-medvegjes\/\" \/>\n<meta property=\"og:site_name\" content=\"Republika e S\u00ebrbis\u00eb Trupi Koordinues p\u00ebr komunat Bujanoc, Preshev\u00eb dhe Medvegj\u00eb\" \/>\n<meta property=\"article:publisher\" content=\"https:\/\/www.facebook.com\/SluzbaKoordinacionogTelaVladeRepublikeSrbije\" \/>\n<meta property=\"article:published_time\" content=\"2021-12-22T00:00:00+00:00\" \/>\n<meta property=\"article:modified_time\" content=\"2024-07-30T17:58:20+00:00\" \/>\n<meta property=\"og:image\" content=\"https:\/\/kt.gov.rs\/wp-content\/uploads\/2024\/07\/1640176693_221221_4-3.jpg\" \/>\n\t<meta property=\"og:image:width\" content=\"315\" \/>\n\t<meta property=\"og:image:height\" content=\"230\" \/>\n\t<meta property=\"og:image:type\" content=\"image\/jpeg\" \/>\n<meta name=\"author\" content=\"ktmin\" \/>\n<meta name=\"twitter:card\" content=\"summary_large_image\" \/>\n<meta name=\"twitter:creator\" content=\"@kt_gov\" \/>\n<meta name=\"twitter:site\" content=\"@kt_gov\" \/>\n<meta name=\"twitter:label1\" content=\"Written by\" \/>\n\t<meta name=\"twitter:data1\" content=\"ktmin\" \/>\n\t<meta name=\"twitter:label2\" content=\"Est. reading time\" \/>\n\t<meta name=\"twitter:data2\" content=\"1 minute\" \/>\n<script type=\"application\/ld+json\" class=\"yoast-schema-graph\">{\"@context\":\"https:\\\/\\\/schema.org\",\"@graph\":[{\"@type\":\"Article\",\"@id\":\"https:\\\/\\\/kt.gov.rs\\\/sq\\\/dhuratat-e-festave-te-fundvitit-i-gezuan-edhe-femijet-e-medvegjes\\\/#article\",\"isPartOf\":{\"@id\":\"https:\\\/\\\/kt.gov.rs\\\/sq\\\/dhuratat-e-festave-te-fundvitit-i-gezuan-edhe-femijet-e-medvegjes\\\/\"},\"author\":{\"name\":\"ktmin\",\"@id\":\"https:\\\/\\\/kt.gov.rs\\\/#\\\/schema\\\/person\\\/e426459ddb4173309103390602694571\"},\"headline\":\"DHURATAT E FESTAVE T\u00cb FUNDVITIT I G\u00cbZUAN EDHE F\u00cbMIJ\u00cbT E MEDVEGJ\u00cbS\",\"datePublished\":\"2021-12-22T00:00:00+00:00\",\"dateModified\":\"2024-07-30T17:58:20+00:00\",\"mainEntityOfPage\":{\"@id\":\"https:\\\/\\\/kt.gov.rs\\\/sq\\\/dhuratat-e-festave-te-fundvitit-i-gezuan-edhe-femijet-e-medvegjes\\\/\"},\"wordCount\":295,\"publisher\":{\"@id\":\"https:\\\/\\\/kt.gov.rs\\\/#organization\"},\"image\":{\"@id\":\"https:\\\/\\\/kt.gov.rs\\\/sq\\\/dhuratat-e-festave-te-fundvitit-i-gezuan-edhe-femijet-e-medvegjes\\\/#primaryimage\"},\"thumbnailUrl\":\"https:\\\/\\\/kt.gov.rs\\\/wp-content\\\/uploads\\\/2024\\\/07\\\/1640176693_221221_4-3.jpg\",\"articleSection\":[\"Lajme\"],\"inLanguage\":\"sq-AL\"},{\"@type\":\"WebPage\",\"@id\":\"https:\\\/\\\/kt.gov.rs\\\/sq\\\/dhuratat-e-festave-te-fundvitit-i-gezuan-edhe-femijet-e-medvegjes\\\/\",\"url\":\"https:\\\/\\\/kt.gov.rs\\\/sq\\\/dhuratat-e-festave-te-fundvitit-i-gezuan-edhe-femijet-e-medvegjes\\\/\",\"name\":\"DHURATAT E FESTAVE T\u00cb FUNDVITIT I G\u00cbZUAN EDHE F\u00cbMIJ\u00cbT E MEDVEGJ\u00cbS - Republika e S\u00ebrbis\u00eb Trupi Koordinues p\u00ebr komunat Bujanoc, Preshev\u00eb dhe Medvegj\u00eb\",\"isPartOf\":{\"@id\":\"https:\\\/\\\/kt.gov.rs\\\/#website\"},\"primaryImageOfPage\":{\"@id\":\"https:\\\/\\\/kt.gov.rs\\\/sq\\\/dhuratat-e-festave-te-fundvitit-i-gezuan-edhe-femijet-e-medvegjes\\\/#primaryimage\"},\"image\":{\"@id\":\"https:\\\/\\\/kt.gov.rs\\\/sq\\\/dhuratat-e-festave-te-fundvitit-i-gezuan-edhe-femijet-e-medvegjes\\\/#primaryimage\"},\"thumbnailUrl\":\"https:\\\/\\\/kt.gov.rs\\\/wp-content\\\/uploads\\\/2024\\\/07\\\/1640176693_221221_4-3.jpg\",\"datePublished\":\"2021-12-22T00:00:00+00:00\",\"dateModified\":\"2024-07-30T17:58:20+00:00\",\"breadcrumb\":{\"@id\":\"https:\\\/\\\/kt.gov.rs\\\/sq\\\/dhuratat-e-festave-te-fundvitit-i-gezuan-edhe-femijet-e-medvegjes\\\/#breadcrumb\"},\"inLanguage\":\"sq-AL\",\"potentialAction\":[{\"@type\":\"ReadAction\",\"target\":[\"https:\\\/\\\/kt.gov.rs\\\/sq\\\/dhuratat-e-festave-te-fundvitit-i-gezuan-edhe-femijet-e-medvegjes\\\/\"]}]},{\"@type\":\"ImageObject\",\"inLanguage\":\"sq-AL\",\"@id\":\"https:\\\/\\\/kt.gov.rs\\\/sq\\\/dhuratat-e-festave-te-fundvitit-i-gezuan-edhe-femijet-e-medvegjes\\\/#primaryimage\",\"url\":\"https:\\\/\\\/kt.gov.rs\\\/wp-content\\\/uploads\\\/2024\\\/07\\\/1640176693_221221_4-3.jpg\",\"contentUrl\":\"https:\\\/\\\/kt.gov.rs\\\/wp-content\\\/uploads\\\/2024\\\/07\\\/1640176693_221221_4-3.jpg\",\"width\":315,\"height\":230},{\"@type\":\"BreadcrumbList\",\"@id\":\"https:\\\/\\\/kt.gov.rs\\\/sq\\\/dhuratat-e-festave-te-fundvitit-i-gezuan-edhe-femijet-e-medvegjes\\\/#breadcrumb\",\"itemListElement\":[{\"@type\":\"ListItem\",\"position\":1,\"name\":\"\u041f\u043e\u0447\u0435\u0442\u043d\u0430\",\"item\":\"https:\\\/\\\/kt.gov.rs\\\/sq\\\/\"},{\"@type\":\"ListItem\",\"position\":2,\"name\":\"DHURATAT E FESTAVE T\u00cb FUNDVITIT I G\u00cbZUAN EDHE F\u00cbMIJ\u00cbT E MEDVEGJ\u00cbS\"}]},{\"@type\":\"WebSite\",\"@id\":\"https:\\\/\\\/kt.gov.rs\\\/#website\",\"url\":\"https:\\\/\\\/kt.gov.rs\\\/\",\"name\":\"\u041a\u043e\u043e\u0440\u0434\u0438\u043d\u0430\u0446\u0438\u043e\u043d\u043e \u0442\u0435\u043b\u043e \u0412\u043b\u0430\u0434\u0435 \u0420\u0435\u043f\u0443\u0431\u043b\u0438\u043a\u0435 \u0421\u0440\u0431\u0438\u0458\u0435 \u0437\u0430 \u043e\u043f\u0448\u0442\u0438\u043d\u0435 \u041f\u0440\u0435\u0448\u0435\u0432\u043e, \u0411\u0443\u0458\u0430\u043d\u043e\u0432\u0430\u0446 \u0438 \u041c\u0435\u0434\u0432\u0435\u0452a\",\"description\":\"\",\"publisher\":{\"@id\":\"https:\\\/\\\/kt.gov.rs\\\/#organization\"},\"alternateName\":\"\u041a\u043e\u043e\u0440\u0434\u0438\u043d\u0430\u0446\u0438\u043e\u043d\u043e \u0442\u0435\u043b\u043e\",\"potentialAction\":[{\"@type\":\"SearchAction\",\"target\":{\"@type\":\"EntryPoint\",\"urlTemplate\":\"https:\\\/\\\/kt.gov.rs\\\/?s={search_term_string}\"},\"query-input\":{\"@type\":\"PropertyValueSpecification\",\"valueRequired\":true,\"valueName\":\"search_term_string\"}}],\"inLanguage\":\"sq-AL\"},{\"@type\":\"Organization\",\"@id\":\"https:\\\/\\\/kt.gov.rs\\\/#organization\",\"name\":\"\u041a\u043e\u043e\u0440\u0434\u0438\u043d\u0430\u0446\u0438\u043e\u043d\u043e \u0442\u0435\u043b\u043e \u0412\u043b\u0430\u0434\u0435 \u0420\u0435\u043f\u0443\u0431\u043b\u0438\u043a\u0435 \u0421\u0440\u0431\u0438\u0458\u0435 \u0437\u0430 \u043e\u043f\u0448\u0442\u0438\u043d\u0435 \u041f\u0440\u0435\u0448\u0435\u0432\u043e, \u0411\u0443\u0458\u0430\u043d\u043e\u0432\u0430\u0446 \u0438 \u041c\u0435\u0434\u0432\u0435\u0452a\",\"alternateName\":\"\u041a\u043e\u043e\u0440\u0434\u0438\u043d\u0430\u0446\u0438\u043e\u043d\u043e \u0442\u0435\u043b\u043e\",\"url\":\"https:\\\/\\\/kt.gov.rs\\\/\",\"logo\":{\"@type\":\"ImageObject\",\"inLanguage\":\"sq-AL\",\"@id\":\"https:\\\/\\\/kt.gov.rs\\\/#\\\/schema\\\/logo\\\/image\\\/\",\"url\":\"https:\\\/\\\/kt.gov.rs\\\/wp-content\\\/uploads\\\/2024\\\/12\\\/koord2.jpg\",\"contentUrl\":\"https:\\\/\\\/kt.gov.rs\\\/wp-content\\\/uploads\\\/2024\\\/12\\\/koord2.jpg\",\"width\":640,\"height\":480,\"caption\":\"\u041a\u043e\u043e\u0440\u0434\u0438\u043d\u0430\u0446\u0438\u043e\u043d\u043e \u0442\u0435\u043b\u043e \u0412\u043b\u0430\u0434\u0435 \u0420\u0435\u043f\u0443\u0431\u043b\u0438\u043a\u0435 \u0421\u0440\u0431\u0438\u0458\u0435 \u0437\u0430 \u043e\u043f\u0448\u0442\u0438\u043d\u0435 \u041f\u0440\u0435\u0448\u0435\u0432\u043e, \u0411\u0443\u0458\u0430\u043d\u043e\u0432\u0430\u0446 \u0438 \u041c\u0435\u0434\u0432\u0435\u0452a\"},\"image\":{\"@id\":\"https:\\\/\\\/kt.gov.rs\\\/#\\\/schema\\\/logo\\\/image\\\/\"},\"sameAs\":[\"https:\\\/\\\/www.facebook.com\\\/SluzbaKoordinacionogTelaVladeRepublikeSrbije\",\"https:\\\/\\\/x.com\\\/kt_gov\",\"https:\\\/\\\/www.youtube.com\\\/@koordinacionotelo\"]},{\"@type\":\"Person\",\"@id\":\"https:\\\/\\\/kt.gov.rs\\\/#\\\/schema\\\/person\\\/e426459ddb4173309103390602694571\",\"name\":\"ktmin\",\"image\":{\"@type\":\"ImageObject\",\"inLanguage\":\"sq-AL\",\"@id\":\"https:\\\/\\\/secure.gravatar.com\\\/avatar\\\/3985c961109853010c3fbc7ba30365bfba5db3dd6c525831d9c595c7525a615a?s=96&d=mm&r=g\",\"url\":\"https:\\\/\\\/secure.gravatar.com\\\/avatar\\\/3985c961109853010c3fbc7ba30365bfba5db3dd6c525831d9c595c7525a615a?s=96&d=mm&r=g\",\"contentUrl\":\"https:\\\/\\\/secure.gravatar.com\\\/avatar\\\/3985c961109853010c3fbc7ba30365bfba5db3dd6c525831d9c595c7525a615a?s=96&d=mm&r=g\",\"caption\":\"ktmin\"},\"sameAs\":[\"https:\\\/\\\/kt.gov.rs\"],\"url\":\"https:\\\/\\\/kt.gov.rs\\\/sq\\\/author\\\/ktmin\\\/\"}]}<\/script>\n<!-- \/ Yoast SEO plugin. -->","yoast_head_json":{"title":"DHURATAT E FESTAVE T\u00cb FUNDVITIT I G\u00cbZUAN EDHE F\u00cbMIJ\u00cbT E MEDVEGJ\u00cbS - Republika e S\u00ebrbis\u00eb Trupi Koordinues p\u00ebr komunat Bujanoc, Preshev\u00eb dhe Medvegj\u00eb","robots":{"index":"index","follow":"follow","max-snippet":"max-snippet:-1","max-image-preview":"max-image-preview:large","max-video-preview":"max-video-preview:-1"},"canonical":"https:\/\/kt.gov.rs\/sq\/dhuratat-e-festave-te-fundvitit-i-gezuan-edhe-femijet-e-medvegjes\/","og_locale":"sq_AL","og_type":"article","og_title":"DHURATAT E FESTAVE T\u00cb FUNDVITIT I G\u00cbZUAN EDHE F\u00cbMIJ\u00cbT E MEDVEGJ\u00cbS - Republika e S\u00ebrbis\u00eb Trupi Koordinues p\u00ebr komunat Bujanoc, Preshev\u00eb dhe Medvegj\u00eb","og_description":"Medvegj\u00eb \u2013 Beograd\u00a0Ipeshkvi i Nishit Arsenije, n\u00eb shoq\u00ebrin\u00eb e Rrethit t\u00eb Motrave Serbe, vizitoi komun\u00ebn e Medvegj\u00ebs. Me k\u00ebt\u00eb rast, nx\u00ebn\u00ebsve t\u00eb shkoll\u00ebs fillore \u201cGornja Jabllanica\u201d, si dhe nx\u00ebn\u00ebsve t\u00eb shkollave me nevoja t\u00eb ve\u00e7anta, n\u00eb prag t\u00eb Krishtlindjeve iu ndan\u00eb dhuratat festash me \u00ebmb\u00eblsira, t\u00eb cilat zgjuan buz\u00ebqeshjen e f\u00ebmij\u00ebve.","og_url":"https:\/\/kt.gov.rs\/sq\/dhuratat-e-festave-te-fundvitit-i-gezuan-edhe-femijet-e-medvegjes\/","og_site_name":"Republika e S\u00ebrbis\u00eb Trupi Koordinues p\u00ebr komunat Bujanoc, Preshev\u00eb dhe Medvegj\u00eb","article_publisher":"https:\/\/www.facebook.com\/SluzbaKoordinacionogTelaVladeRepublikeSrbije","article_published_time":"2021-12-22T00:00:00+00:00","article_modified_time":"2024-07-30T17:58:20+00:00","og_image":[{"width":315,"height":230,"url":"https:\/\/kt.gov.rs\/wp-content\/uploads\/2024\/07\/1640176693_221221_4-3.jpg","type":"image\/jpeg"}],"author":"ktmin","twitter_card":"summary_large_image","twitter_creator":"@kt_gov","twitter_site":"@kt_gov","twitter_misc":{"Written by":"ktmin","Est. reading time":"1 minute"},"schema":{"@context":"https:\/\/schema.org","@graph":[{"@type":"Article","@id":"https:\/\/kt.gov.rs\/sq\/dhuratat-e-festave-te-fundvitit-i-gezuan-edhe-femijet-e-medvegjes\/#article","isPartOf":{"@id":"https:\/\/kt.gov.rs\/sq\/dhuratat-e-festave-te-fundvitit-i-gezuan-edhe-femijet-e-medvegjes\/"},"author":{"name":"ktmin","@id":"https:\/\/kt.gov.rs\/#\/schema\/person\/e426459ddb4173309103390602694571"},"headline":"DHURATAT E FESTAVE T\u00cb FUNDVITIT I G\u00cbZUAN EDHE F\u00cbMIJ\u00cbT E MEDVEGJ\u00cbS","datePublished":"2021-12-22T00:00:00+00:00","dateModified":"2024-07-30T17:58:20+00:00","mainEntityOfPage":{"@id":"https:\/\/kt.gov.rs\/sq\/dhuratat-e-festave-te-fundvitit-i-gezuan-edhe-femijet-e-medvegjes\/"},"wordCount":295,"publisher":{"@id":"https:\/\/kt.gov.rs\/#organization"},"image":{"@id":"https:\/\/kt.gov.rs\/sq\/dhuratat-e-festave-te-fundvitit-i-gezuan-edhe-femijet-e-medvegjes\/#primaryimage"},"thumbnailUrl":"https:\/\/kt.gov.rs\/wp-content\/uploads\/2024\/07\/1640176693_221221_4-3.jpg","articleSection":["Lajme"],"inLanguage":"sq-AL"},{"@type":"WebPage","@id":"https:\/\/kt.gov.rs\/sq\/dhuratat-e-festave-te-fundvitit-i-gezuan-edhe-femijet-e-medvegjes\/","url":"https:\/\/kt.gov.rs\/sq\/dhuratat-e-festave-te-fundvitit-i-gezuan-edhe-femijet-e-medvegjes\/","name":"DHURATAT E FESTAVE T\u00cb FUNDVITIT I G\u00cbZUAN EDHE F\u00cbMIJ\u00cbT E MEDVEGJ\u00cbS - Republika e S\u00ebrbis\u00eb Trupi Koordinues p\u00ebr komunat Bujanoc, Preshev\u00eb dhe Medvegj\u00eb","isPartOf":{"@id":"https:\/\/kt.gov.rs\/#website"},"primaryImageOfPage":{"@id":"https:\/\/kt.gov.rs\/sq\/dhuratat-e-festave-te-fundvitit-i-gezuan-edhe-femijet-e-medvegjes\/#primaryimage"},"image":{"@id":"https:\/\/kt.gov.rs\/sq\/dhuratat-e-festave-te-fundvitit-i-gezuan-edhe-femijet-e-medvegjes\/#primaryimage"},"thumbnailUrl":"https:\/\/kt.gov.rs\/wp-content\/uploads\/2024\/07\/1640176693_221221_4-3.jpg","datePublished":"2021-12-22T00:00:00+00:00","dateModified":"2024-07-30T17:58:20+00:00","breadcrumb":{"@id":"https:\/\/kt.gov.rs\/sq\/dhuratat-e-festave-te-fundvitit-i-gezuan-edhe-femijet-e-medvegjes\/#breadcrumb"},"inLanguage":"sq-AL","potentialAction":[{"@type":"ReadAction","target":["https:\/\/kt.gov.rs\/sq\/dhuratat-e-festave-te-fundvitit-i-gezuan-edhe-femijet-e-medvegjes\/"]}]},{"@type":"ImageObject","inLanguage":"sq-AL","@id":"https:\/\/kt.gov.rs\/sq\/dhuratat-e-festave-te-fundvitit-i-gezuan-edhe-femijet-e-medvegjes\/#primaryimage","url":"https:\/\/kt.gov.rs\/wp-content\/uploads\/2024\/07\/1640176693_221221_4-3.jpg","contentUrl":"https:\/\/kt.gov.rs\/wp-content\/uploads\/2024\/07\/1640176693_221221_4-3.jpg","width":315,"height":230},{"@type":"BreadcrumbList","@id":"https:\/\/kt.gov.rs\/sq\/dhuratat-e-festave-te-fundvitit-i-gezuan-edhe-femijet-e-medvegjes\/#breadcrumb","itemListElement":[{"@type":"ListItem","position":1,"name":"\u041f\u043e\u0447\u0435\u0442\u043d\u0430","item":"https:\/\/kt.gov.rs\/sq\/"},{"@type":"ListItem","position":2,"name":"DHURATAT E FESTAVE T\u00cb FUNDVITIT I G\u00cbZUAN EDHE F\u00cbMIJ\u00cbT E MEDVEGJ\u00cbS"}]},{"@type":"WebSite","@id":"https:\/\/kt.gov.rs\/#website","url":"https:\/\/kt.gov.rs\/","name":"\u041a\u043e\u043e\u0440\u0434\u0438\u043d\u0430\u0446\u0438\u043e\u043d\u043e \u0442\u0435\u043b\u043e \u0412\u043b\u0430\u0434\u0435 \u0420\u0435\u043f\u0443\u0431\u043b\u0438\u043a\u0435 \u0421\u0440\u0431\u0438\u0458\u0435 \u0437\u0430 \u043e\u043f\u0448\u0442\u0438\u043d\u0435 \u041f\u0440\u0435\u0448\u0435\u0432\u043e, \u0411\u0443\u0458\u0430\u043d\u043e\u0432\u0430\u0446 \u0438 \u041c\u0435\u0434\u0432\u0435\u0452a","description":"","publisher":{"@id":"https:\/\/kt.gov.rs\/#organization"},"alternateName":"\u041a\u043e\u043e\u0440\u0434\u0438\u043d\u0430\u0446\u0438\u043e\u043d\u043e \u0442\u0435\u043b\u043e","potentialAction":[{"@type":"SearchAction","target":{"@type":"EntryPoint","urlTemplate":"https:\/\/kt.gov.rs\/?s={search_term_string}"},"query-input":{"@type":"PropertyValueSpecification","valueRequired":true,"valueName":"search_term_string"}}],"inLanguage":"sq-AL"},{"@type":"Organization","@id":"https:\/\/kt.gov.rs\/#organization","name":"\u041a\u043e\u043e\u0440\u0434\u0438\u043d\u0430\u0446\u0438\u043e\u043d\u043e \u0442\u0435\u043b\u043e \u0412\u043b\u0430\u0434\u0435 \u0420\u0435\u043f\u0443\u0431\u043b\u0438\u043a\u0435 \u0421\u0440\u0431\u0438\u0458\u0435 \u0437\u0430 \u043e\u043f\u0448\u0442\u0438\u043d\u0435 \u041f\u0440\u0435\u0448\u0435\u0432\u043e, \u0411\u0443\u0458\u0430\u043d\u043e\u0432\u0430\u0446 \u0438 \u041c\u0435\u0434\u0432\u0435\u0452a","alternateName":"\u041a\u043e\u043e\u0440\u0434\u0438\u043d\u0430\u0446\u0438\u043e\u043d\u043e \u0442\u0435\u043b\u043e","url":"https:\/\/kt.gov.rs\/","logo":{"@type":"ImageObject","inLanguage":"sq-AL","@id":"https:\/\/kt.gov.rs\/#\/schema\/logo\/image\/","url":"https:\/\/kt.gov.rs\/wp-content\/uploads\/2024\/12\/koord2.jpg","contentUrl":"https:\/\/kt.gov.rs\/wp-content\/uploads\/2024\/12\/koord2.jpg","width":640,"height":480,"caption":"\u041a\u043e\u043e\u0440\u0434\u0438\u043d\u0430\u0446\u0438\u043e\u043d\u043e \u0442\u0435\u043b\u043e \u0412\u043b\u0430\u0434\u0435 \u0420\u0435\u043f\u0443\u0431\u043b\u0438\u043a\u0435 \u0421\u0440\u0431\u0438\u0458\u0435 \u0437\u0430 \u043e\u043f\u0448\u0442\u0438\u043d\u0435 \u041f\u0440\u0435\u0448\u0435\u0432\u043e, \u0411\u0443\u0458\u0430\u043d\u043e\u0432\u0430\u0446 \u0438 \u041c\u0435\u0434\u0432\u0435\u0452a"},"image":{"@id":"https:\/\/kt.gov.rs\/#\/schema\/logo\/image\/"},"sameAs":["https:\/\/www.facebook.com\/SluzbaKoordinacionogTelaVladeRepublikeSrbije","https:\/\/x.com\/kt_gov","https:\/\/www.youtube.com\/@koordinacionotelo"]},{"@type":"Person","@id":"https:\/\/kt.gov.rs\/#\/schema\/person\/e426459ddb4173309103390602694571","name":"ktmin","image":{"@type":"ImageObject","inLanguage":"sq-AL","@id":"https:\/\/secure.gravatar.com\/avatar\/3985c961109853010c3fbc7ba30365bfba5db3dd6c525831d9c595c7525a615a?s=96&d=mm&r=g","url":"https:\/\/secure.gravatar.com\/avatar\/3985c961109853010c3fbc7ba30365bfba5db3dd6c525831d9c595c7525a615a?s=96&d=mm&r=g","contentUrl":"https:\/\/secure.gravatar.com\/avatar\/3985c961109853010c3fbc7ba30365bfba5db3dd6c525831d9c595c7525a615a?s=96&d=mm&r=g","caption":"ktmin"},"sameAs":["https:\/\/kt.gov.rs"],"url":"https:\/\/kt.gov.rs\/sq\/author\/ktmin\/"}]}},"_links":{"self":[{"href":"https:\/\/kt.gov.rs\/sq\/wp-json\/wp\/v2\/posts\/108560","targetHints":{"allow":["GET"]}}],"collection":[{"href":"https:\/\/kt.gov.rs\/sq\/wp-json\/wp\/v2\/posts"}],"about":[{"href":"https:\/\/kt.gov.rs\/sq\/wp-json\/wp\/v2\/types\/post"}],"author":[{"embeddable":true,"href":"https:\/\/kt.gov.rs\/sq\/wp-json\/wp\/v2\/users\/1"}],"replies":[{"embeddable":true,"href":"https:\/\/kt.gov.rs\/sq\/wp-json\/wp\/v2\/comments?post=108560"}],"version-history":[{"count":1,"href":"https:\/\/kt.gov.rs\/sq\/wp-json\/wp\/v2\/posts\/108560\/revisions"}],"predecessor-version":[{"id":108564,"href":"https:\/\/kt.gov.rs\/sq\/wp-json\/wp\/v2\/posts\/108560\/revisions\/108564"}],"wp:featuredmedia":[{"embeddable":true,"href":"https:\/\/kt.gov.rs\/sq\/wp-json\/wp\/v2\/media\/108565"}],"wp:attachment":[{"href":"https:\/\/kt.gov.rs\/sq\/wp-json\/wp\/v2\/media?parent=108560"}],"wp:term":[{"taxonomy":"category","embeddable":true,"href":"https:\/\/kt.gov.rs\/sq\/wp-json\/wp\/v2\/categories?post=108560"},{"taxonomy":"post_tag","embeddable":true,"href":"https:\/\/kt.gov.rs\/sq\/wp-json\/wp\/v2\/tags?post=108560"}],"curies":[{"name":"wp","href":"https:\/\/api.w.org\/{rel}","templated":true}]}}