{"id":108536,"date":"2021-12-20T00:00:00","date_gmt":"2021-12-20T00:00:00","guid":{"rendered":"http:\/\/kt.printandscreen.rs\/te-rinjt-shqiptar-dhe-serbe-si-shembull-per-te-moshurit-ne-bujanoc\/"},"modified":"2024-07-30T17:58:18","modified_gmt":"2024-07-30T17:58:18","slug":"te-rinjt-shqiptar-dhe-serbe-si-shembull-per-te-moshurit-ne-bujanoc","status":"publish","type":"post","link":"https:\/\/kt.gov.rs\/sq\/te-rinjt-shqiptar-dhe-serbe-si-shembull-per-te-moshurit-ne-bujanoc\/","title":{"rendered":"T\u00cb RINJT SHQIPTAR DHE SERB\u00cb SI SHEMBULL P\u00cbR T\u00cb MOSHURIT N\u00cb BUJANOC"},"content":{"rendered":"<p>\n\t<strong><img decoding=\"async\" alt=\"\" src=\"https:\/\/kt.gov.rs\/wp-content\/uploads\/2024\/07\/1640001313_201221_1-2.jpg\" style=\"width: 315px; height: 230px; float: left;\" \/>Bujanoc \u2013 Beograd <\/strong>\u2013 Nx\u00ebn\u00ebsit e rinj t\u00eb shkollave t\u00eb mesme nga Bujanoci, Blendina Hyseni dhe Bogdan Matiq, nx\u00ebn\u00ebs t\u00eb klas\u00ebs s\u00eb kat\u00ebrt n\u00eb shkollat \u200b\u200bSezai Suroi dhe Sveti Sava, aktivist\u00eb dhe kryetar\u00eb t\u00eb parlamentit te nxenesve, jan\u00eb shembuj t\u00eb bashk\u00ebpunimit t\u00eb mir\u00eb, respektimit t\u00eb diversitetit dhe tejkalimit t\u00eb stereotipeve q\u00eb shoq\u00ebrojn\u00eb nj\u00eb bashk\u00ebsi multietnike.<\/p>\n<p>\n\t\u201cNx\u00ebn\u00ebsit e dy shkollave kan\u00eb bashk\u00ebpunuar q\u00eb nga fillimi i vitit shkollor. Fillimisht ai bashk\u00ebpunim filloi p\u00ebrmes organizatave joqeveritare, nd\u00ebrsa sot \u00ebsht\u00eb zgjeruar p\u00ebrmes nj\u00eb institucioni formal si\u00e7 \u00ebsht\u00eb parlamenti i nx\u00ebn\u00ebsve. Dhe nuk \u00ebsht\u00eb thjesht nj\u00eb histori e thjesht\u00eb p\u00ebr bashk\u00ebpunim, por \u00ebsht\u00eb ngritur realisht n\u00eb nj\u00eb nivel m\u00eb t\u00eb lart\u00eb. P\u00ebr k\u00ebt\u00eb flet p\u00ebrmes veprimeve t\u00eb organizuara dhe t\u00eb realizuara bashk\u00ebrisht\u201d, thot\u00eb Bogdan Matiq.<\/p>\n<p>\n\tAktivitetet e tyre t\u00eb p\u00ebrbashk\u00ebta jan\u00eb gjithnj\u00eb e m\u00eb t\u00eb shumta, shtojn\u00eb Bogdani dhe Blendina.<\/p>\n<p>\n\t\u201cDeri m\u00eb tani kemi nj\u00eb num\u00ebr t\u00eb madh t\u00eb projekteve shkollore t\u00eb realizuara me sukses, me mb\u00ebshtetjen e profesor\u00ebve tan\u00eb, dhe si shkoll\u00eb kemi qen\u00eb dhe jemi gjithmon\u00eb, jo vet\u00ebm p\u00ebr bashk\u00ebpunim me \u201cSvetosavcin\u201d por edhe me shkolla t\u00eb tjera. \u201cAi mesazh p\u00ebr Dit\u00ebn e Paqes ishte iniciativ\u00eb e dy shkollave tona. \u201cP\u00ebrmes k\u00ebtij aktiviteti theksi vihet n\u00eb zgjidhjen e problemeve n\u00eb rrug\u00ebn e bashk\u00ebpunimit t\u00eb nd\u00ebrsjell\u00eb, bised\u00ebs, pa urrejtje, apo ndonj\u00eb gj\u00eb tjet\u00ebr n\u00eb d\u00ebm t\u00eb t\u00eb rinjve\u201d, thekson Blendina.<\/p>\n<p>\n\tFillova nga organizimi i aksioneve t\u00eb ndryshme humanitare, p\u00ebrmes projekteve brenda Grupit 484, deri te nd\u00ebrkulturalizmi, avokimi publik dhe debati.<\/p>\n<p>\n\tNdoshta aktiviteti m\u00eb i r\u00ebnd\u00ebsish\u00ebm i p\u00ebrbashk\u00ebt p\u00ebr ta \u00ebsht\u00eb Dita e Paqes dhe mesazhi q\u00eb ata arrit\u00ebn t&#39;i d\u00ebrgojn\u00eb t\u00eb gjith\u00eb komunitetit lokal.<\/p>\n<p>\n\t\u201cN\u00ebse ne, nx\u00ebn\u00ebsit, bashk\u00ebpunojm\u00eb dhe kuptojm\u00eb nj\u00ebri-tjetrin, nuk shoh arsye pse politikan\u00ebt apo individ\u00ebt t\u00eb mos m\u00ebsojn\u00eb nga ne dhe t\u00eb kap\u00ebrcejn\u00eb dallimet dhe barr\u00ebn e s\u00eb shkuar\u00ebs. N\u00eb shekullin e 21-t\u00eb \u00ebsht\u00eb e papranueshme q\u00eb t\u00eb jemi t\u00eb tjet\u00ebrsuar. Si pjes\u00eb e komunitetit lokal jemi t\u00eb p\u00ebrkushtuar ndaj nj\u00ebri-tjetrit dhe vet\u00ebm duke punuar dhe vepruar s\u00eb bashku mund ta b\u00ebjm\u00eb mir\u00eb komunitetin ton\u00eb\u201d, shtoi Bogdan.<\/p>\n<p>\n\tAta thon\u00eb se politikan\u00ebt mund t\u00eb jen\u00eb m\u00eb t\u00eb moderuar n\u00eb deklaratat e tyre, jo p\u00ebr t\u00eb prishur qet\u00ebsin\u00eb n\u00eb Bujanoc, por p\u00ebr t\u00eb ushqyer unitetin dhe bashk\u00ebpunimin n\u00eb t\u00eb gjitha nivelet e qeverisjes.<\/p>\n<p>\n\tT\u00eb dy jan\u00eb dakord se parlamenti i nx\u00ebn\u00ebsve i ka afruar nx\u00ebn\u00ebsit e dy shkollave, marrin pjes\u00eb n\u00eb aktivitete t\u00eb ndryshme jasht\u00ebparlamentare dhe miq\u00ebsia dhe bashk\u00ebpunimi i tyre do t\u00eb vazhdoj\u00eb edhe m\u00eb von\u00eb, pas p\u00ebrfundimit t\u00eb shkoll\u00ebs.<\/p>\n<p>\n\tParlamenti i nx\u00ebn\u00ebsve \u00ebsht\u00eb niveli i par\u00eb i demokracis\u00eb dhe synimi kryesor \u00ebsht\u00eb t\u00eb p\u00ebrfaq\u00ebsoj\u00eb t\u00eb drejtat e nx\u00ebn\u00ebsve, t&#39;i afroj\u00eb ata, t\u00eb parandaloj\u00eb \u00e7do lloj diskriminimi dhe t\u00eb ndryshoj\u00eb gj\u00ebrat p\u00ebr mir\u00eb jo vet\u00ebm brenda shkoll\u00ebs por edhe m\u00eb gjer\u00eb n\u00eb komunitet.<\/p>\n<p>\n\tAktivizimi dhe p\u00ebrkushtimi i t\u00eb rinjve dhe nx\u00ebn\u00ebsve t\u00eb k\u00ebtyre dy shkollave p\u00ebrmes pun\u00ebs s\u00eb parlamentit t\u00eb nx\u00ebn\u00ebsve dhe m\u00eb gjer\u00eb, t\u00eb kthen shpres\u00ebn dhe tregon nj\u00eb m\u00ebnyr\u00eb t\u00eb mir\u00eb p\u00ebr tejkalimin e t\u00eb gjitha problemeve t\u00eb mundshme n\u00eb nj\u00eb komunitet lokal.<\/p>\n<p>\n\t<strong>Burimi: Bujanovacke, Trupi Koordinues<\/strong><\/p>\n<p>\n\t\u00a0<\/p>\n","protected":false},"excerpt":{"rendered":"<p>Bujanoc \u2013 Beograd\u00a0\u2013 Nx\u00ebn\u00ebsit e rinj t\u00eb shkollave t\u00eb mesme nga Bujanoci, Blendina Hyseni dhe Bogdan Matiq, nx\u00ebn\u00ebs t\u00eb klas\u00ebs s\u00eb kat\u00ebrt n\u00eb shkollat \u200b\u200bSezai Suroi dhe Sveti Sava, aktivist\u00eb dhe kryetar\u00eb t\u00eb parlamentit te nxenesve, jan\u00eb shembuj t\u00eb bashk\u00ebpunimit t\u00eb mir\u00eb, respektimit t\u00eb diversitetit dhe tejkalimit t\u00eb stereotipeve q\u00eb shoq\u00ebrojn\u00eb nj\u00eb bashk\u00ebsi multietnike.<\/p>\n","protected":false},"author":1,"featured_media":108541,"comment_status":"closed","ping_status":"closed","sticky":false,"template":"","format":"standard","meta":{"footnotes":""},"categories":[55],"tags":[],"class_list":["post-108536","post","type-post","status-publish","format-standard","has-post-thumbnail","hentry","category-lajme"],"yoast_head":"<!-- This site is optimized with the Yoast SEO plugin v27.5 - https:\/\/yoast.com\/product\/yoast-seo-wordpress\/ -->\n<title>T\u00cb RINJT SHQIPTAR DHE SERB\u00cb SI SHEMBULL P\u00cbR T\u00cb MOSHURIT N\u00cb BUJANOC - Republika e S\u00ebrbis\u00eb Trupi Koordinues p\u00ebr komunat Bujanoc, Preshev\u00eb dhe Medvegj\u00eb<\/title>\n<meta name=\"robots\" content=\"index, follow, max-snippet:-1, max-image-preview:large, max-video-preview:-1\" \/>\n<link rel=\"canonical\" href=\"https:\/\/kt.gov.rs\/sq\/te-rinjt-shqiptar-dhe-serbe-si-shembull-per-te-moshurit-ne-bujanoc\/\" \/>\n<meta property=\"og:locale\" content=\"sq_AL\" \/>\n<meta property=\"og:type\" content=\"article\" \/>\n<meta property=\"og:title\" content=\"T\u00cb RINJT SHQIPTAR DHE SERB\u00cb SI SHEMBULL P\u00cbR T\u00cb MOSHURIT N\u00cb BUJANOC - Republika e S\u00ebrbis\u00eb Trupi Koordinues p\u00ebr komunat Bujanoc, Preshev\u00eb dhe Medvegj\u00eb\" \/>\n<meta property=\"og:description\" content=\"Bujanoc - Beograd\u00a0- Nx\u00ebn\u00ebsit e rinj t\u00eb shkollave t\u00eb mesme nga Bujanoci, Blendina Hyseni dhe Bogdan Matiq, nx\u00ebn\u00ebs t\u00eb klas\u00ebs s\u00eb kat\u00ebrt n\u00eb shkollat \u200b\u200bSezai Suroi dhe Sveti Sava, aktivist\u00eb dhe kryetar\u00eb t\u00eb parlamentit te nxenesve, jan\u00eb shembuj t\u00eb bashk\u00ebpunimit t\u00eb mir\u00eb, respektimit t\u00eb diversitetit dhe tejkalimit t\u00eb stereotipeve q\u00eb shoq\u00ebrojn\u00eb nj\u00eb bashk\u00ebsi multietnike.\" \/>\n<meta property=\"og:url\" content=\"https:\/\/kt.gov.rs\/sq\/te-rinjt-shqiptar-dhe-serbe-si-shembull-per-te-moshurit-ne-bujanoc\/\" \/>\n<meta property=\"og:site_name\" content=\"Republika e S\u00ebrbis\u00eb Trupi Koordinues p\u00ebr komunat Bujanoc, Preshev\u00eb dhe Medvegj\u00eb\" \/>\n<meta property=\"article:publisher\" content=\"https:\/\/www.facebook.com\/SluzbaKoordinacionogTelaVladeRepublikeSrbije\" \/>\n<meta property=\"article:published_time\" content=\"2021-12-20T00:00:00+00:00\" \/>\n<meta property=\"article:modified_time\" content=\"2024-07-30T17:58:18+00:00\" \/>\n<meta property=\"og:image\" content=\"https:\/\/kt.gov.rs\/wp-content\/uploads\/2024\/07\/1640001313_201221_1-3.jpg\" \/>\n\t<meta property=\"og:image:width\" content=\"315\" \/>\n\t<meta property=\"og:image:height\" content=\"230\" \/>\n\t<meta property=\"og:image:type\" content=\"image\/jpeg\" \/>\n<meta name=\"author\" content=\"ktmin\" \/>\n<meta name=\"twitter:card\" content=\"summary_large_image\" \/>\n<meta name=\"twitter:creator\" content=\"@kt_gov\" \/>\n<meta name=\"twitter:site\" content=\"@kt_gov\" \/>\n<meta name=\"twitter:label1\" content=\"Written by\" \/>\n\t<meta name=\"twitter:data1\" content=\"ktmin\" \/>\n\t<meta name=\"twitter:label2\" content=\"Est. reading time\" \/>\n\t<meta name=\"twitter:data2\" content=\"4 minutes\" \/>\n<script type=\"application\/ld+json\" class=\"yoast-schema-graph\">{\"@context\":\"https:\\\/\\\/schema.org\",\"@graph\":[{\"@type\":\"Article\",\"@id\":\"https:\\\/\\\/kt.gov.rs\\\/sq\\\/te-rinjt-shqiptar-dhe-serbe-si-shembull-per-te-moshurit-ne-bujanoc\\\/#article\",\"isPartOf\":{\"@id\":\"https:\\\/\\\/kt.gov.rs\\\/sq\\\/te-rinjt-shqiptar-dhe-serbe-si-shembull-per-te-moshurit-ne-bujanoc\\\/\"},\"author\":{\"name\":\"ktmin\",\"@id\":\"https:\\\/\\\/kt.gov.rs\\\/#\\\/schema\\\/person\\\/e426459ddb4173309103390602694571\"},\"headline\":\"T\u00cb RINJT SHQIPTAR DHE SERB\u00cb SI SHEMBULL P\u00cbR T\u00cb MOSHURIT N\u00cb BUJANOC\",\"datePublished\":\"2021-12-20T00:00:00+00:00\",\"dateModified\":\"2024-07-30T17:58:18+00:00\",\"mainEntityOfPage\":{\"@id\":\"https:\\\/\\\/kt.gov.rs\\\/sq\\\/te-rinjt-shqiptar-dhe-serbe-si-shembull-per-te-moshurit-ne-bujanoc\\\/\"},\"wordCount\":869,\"publisher\":{\"@id\":\"https:\\\/\\\/kt.gov.rs\\\/#organization\"},\"image\":{\"@id\":\"https:\\\/\\\/kt.gov.rs\\\/sq\\\/te-rinjt-shqiptar-dhe-serbe-si-shembull-per-te-moshurit-ne-bujanoc\\\/#primaryimage\"},\"thumbnailUrl\":\"https:\\\/\\\/kt.gov.rs\\\/wp-content\\\/uploads\\\/2024\\\/07\\\/1640001313_201221_1-3.jpg\",\"articleSection\":[\"Lajme\"],\"inLanguage\":\"sq-AL\"},{\"@type\":\"WebPage\",\"@id\":\"https:\\\/\\\/kt.gov.rs\\\/sq\\\/te-rinjt-shqiptar-dhe-serbe-si-shembull-per-te-moshurit-ne-bujanoc\\\/\",\"url\":\"https:\\\/\\\/kt.gov.rs\\\/sq\\\/te-rinjt-shqiptar-dhe-serbe-si-shembull-per-te-moshurit-ne-bujanoc\\\/\",\"name\":\"T\u00cb RINJT SHQIPTAR DHE SERB\u00cb SI SHEMBULL P\u00cbR T\u00cb MOSHURIT N\u00cb BUJANOC - Republika e S\u00ebrbis\u00eb Trupi Koordinues p\u00ebr komunat Bujanoc, Preshev\u00eb dhe Medvegj\u00eb\",\"isPartOf\":{\"@id\":\"https:\\\/\\\/kt.gov.rs\\\/#website\"},\"primaryImageOfPage\":{\"@id\":\"https:\\\/\\\/kt.gov.rs\\\/sq\\\/te-rinjt-shqiptar-dhe-serbe-si-shembull-per-te-moshurit-ne-bujanoc\\\/#primaryimage\"},\"image\":{\"@id\":\"https:\\\/\\\/kt.gov.rs\\\/sq\\\/te-rinjt-shqiptar-dhe-serbe-si-shembull-per-te-moshurit-ne-bujanoc\\\/#primaryimage\"},\"thumbnailUrl\":\"https:\\\/\\\/kt.gov.rs\\\/wp-content\\\/uploads\\\/2024\\\/07\\\/1640001313_201221_1-3.jpg\",\"datePublished\":\"2021-12-20T00:00:00+00:00\",\"dateModified\":\"2024-07-30T17:58:18+00:00\",\"breadcrumb\":{\"@id\":\"https:\\\/\\\/kt.gov.rs\\\/sq\\\/te-rinjt-shqiptar-dhe-serbe-si-shembull-per-te-moshurit-ne-bujanoc\\\/#breadcrumb\"},\"inLanguage\":\"sq-AL\",\"potentialAction\":[{\"@type\":\"ReadAction\",\"target\":[\"https:\\\/\\\/kt.gov.rs\\\/sq\\\/te-rinjt-shqiptar-dhe-serbe-si-shembull-per-te-moshurit-ne-bujanoc\\\/\"]}]},{\"@type\":\"ImageObject\",\"inLanguage\":\"sq-AL\",\"@id\":\"https:\\\/\\\/kt.gov.rs\\\/sq\\\/te-rinjt-shqiptar-dhe-serbe-si-shembull-per-te-moshurit-ne-bujanoc\\\/#primaryimage\",\"url\":\"https:\\\/\\\/kt.gov.rs\\\/wp-content\\\/uploads\\\/2024\\\/07\\\/1640001313_201221_1-3.jpg\",\"contentUrl\":\"https:\\\/\\\/kt.gov.rs\\\/wp-content\\\/uploads\\\/2024\\\/07\\\/1640001313_201221_1-3.jpg\",\"width\":315,\"height\":230},{\"@type\":\"BreadcrumbList\",\"@id\":\"https:\\\/\\\/kt.gov.rs\\\/sq\\\/te-rinjt-shqiptar-dhe-serbe-si-shembull-per-te-moshurit-ne-bujanoc\\\/#breadcrumb\",\"itemListElement\":[{\"@type\":\"ListItem\",\"position\":1,\"name\":\"\u041f\u043e\u0447\u0435\u0442\u043d\u0430\",\"item\":\"https:\\\/\\\/kt.gov.rs\\\/sq\\\/\"},{\"@type\":\"ListItem\",\"position\":2,\"name\":\"T\u00cb RINJT SHQIPTAR DHE SERB\u00cb SI SHEMBULL P\u00cbR T\u00cb MOSHURIT N\u00cb BUJANOC\"}]},{\"@type\":\"WebSite\",\"@id\":\"https:\\\/\\\/kt.gov.rs\\\/#website\",\"url\":\"https:\\\/\\\/kt.gov.rs\\\/\",\"name\":\"\u041a\u043e\u043e\u0440\u0434\u0438\u043d\u0430\u0446\u0438\u043e\u043d\u043e \u0442\u0435\u043b\u043e \u0412\u043b\u0430\u0434\u0435 \u0420\u0435\u043f\u0443\u0431\u043b\u0438\u043a\u0435 \u0421\u0440\u0431\u0438\u0458\u0435 \u0437\u0430 \u043e\u043f\u0448\u0442\u0438\u043d\u0435 \u041f\u0440\u0435\u0448\u0435\u0432\u043e, \u0411\u0443\u0458\u0430\u043d\u043e\u0432\u0430\u0446 \u0438 \u041c\u0435\u0434\u0432\u0435\u0452a\",\"description\":\"\",\"publisher\":{\"@id\":\"https:\\\/\\\/kt.gov.rs\\\/#organization\"},\"alternateName\":\"\u041a\u043e\u043e\u0440\u0434\u0438\u043d\u0430\u0446\u0438\u043e\u043d\u043e \u0442\u0435\u043b\u043e\",\"potentialAction\":[{\"@type\":\"SearchAction\",\"target\":{\"@type\":\"EntryPoint\",\"urlTemplate\":\"https:\\\/\\\/kt.gov.rs\\\/?s={search_term_string}\"},\"query-input\":{\"@type\":\"PropertyValueSpecification\",\"valueRequired\":true,\"valueName\":\"search_term_string\"}}],\"inLanguage\":\"sq-AL\"},{\"@type\":\"Organization\",\"@id\":\"https:\\\/\\\/kt.gov.rs\\\/#organization\",\"name\":\"\u041a\u043e\u043e\u0440\u0434\u0438\u043d\u0430\u0446\u0438\u043e\u043d\u043e \u0442\u0435\u043b\u043e \u0412\u043b\u0430\u0434\u0435 \u0420\u0435\u043f\u0443\u0431\u043b\u0438\u043a\u0435 \u0421\u0440\u0431\u0438\u0458\u0435 \u0437\u0430 \u043e\u043f\u0448\u0442\u0438\u043d\u0435 \u041f\u0440\u0435\u0448\u0435\u0432\u043e, \u0411\u0443\u0458\u0430\u043d\u043e\u0432\u0430\u0446 \u0438 \u041c\u0435\u0434\u0432\u0435\u0452a\",\"alternateName\":\"\u041a\u043e\u043e\u0440\u0434\u0438\u043d\u0430\u0446\u0438\u043e\u043d\u043e \u0442\u0435\u043b\u043e\",\"url\":\"https:\\\/\\\/kt.gov.rs\\\/\",\"logo\":{\"@type\":\"ImageObject\",\"inLanguage\":\"sq-AL\",\"@id\":\"https:\\\/\\\/kt.gov.rs\\\/#\\\/schema\\\/logo\\\/image\\\/\",\"url\":\"https:\\\/\\\/kt.gov.rs\\\/wp-content\\\/uploads\\\/2024\\\/12\\\/koord2.jpg\",\"contentUrl\":\"https:\\\/\\\/kt.gov.rs\\\/wp-content\\\/uploads\\\/2024\\\/12\\\/koord2.jpg\",\"width\":640,\"height\":480,\"caption\":\"\u041a\u043e\u043e\u0440\u0434\u0438\u043d\u0430\u0446\u0438\u043e\u043d\u043e \u0442\u0435\u043b\u043e \u0412\u043b\u0430\u0434\u0435 \u0420\u0435\u043f\u0443\u0431\u043b\u0438\u043a\u0435 \u0421\u0440\u0431\u0438\u0458\u0435 \u0437\u0430 \u043e\u043f\u0448\u0442\u0438\u043d\u0435 \u041f\u0440\u0435\u0448\u0435\u0432\u043e, \u0411\u0443\u0458\u0430\u043d\u043e\u0432\u0430\u0446 \u0438 \u041c\u0435\u0434\u0432\u0435\u0452a\"},\"image\":{\"@id\":\"https:\\\/\\\/kt.gov.rs\\\/#\\\/schema\\\/logo\\\/image\\\/\"},\"sameAs\":[\"https:\\\/\\\/www.facebook.com\\\/SluzbaKoordinacionogTelaVladeRepublikeSrbije\",\"https:\\\/\\\/x.com\\\/kt_gov\",\"https:\\\/\\\/www.youtube.com\\\/@koordinacionotelo\"]},{\"@type\":\"Person\",\"@id\":\"https:\\\/\\\/kt.gov.rs\\\/#\\\/schema\\\/person\\\/e426459ddb4173309103390602694571\",\"name\":\"ktmin\",\"image\":{\"@type\":\"ImageObject\",\"inLanguage\":\"sq-AL\",\"@id\":\"https:\\\/\\\/secure.gravatar.com\\\/avatar\\\/3985c961109853010c3fbc7ba30365bfba5db3dd6c525831d9c595c7525a615a?s=96&d=mm&r=g\",\"url\":\"https:\\\/\\\/secure.gravatar.com\\\/avatar\\\/3985c961109853010c3fbc7ba30365bfba5db3dd6c525831d9c595c7525a615a?s=96&d=mm&r=g\",\"contentUrl\":\"https:\\\/\\\/secure.gravatar.com\\\/avatar\\\/3985c961109853010c3fbc7ba30365bfba5db3dd6c525831d9c595c7525a615a?s=96&d=mm&r=g\",\"caption\":\"ktmin\"},\"sameAs\":[\"https:\\\/\\\/kt.gov.rs\"],\"url\":\"https:\\\/\\\/kt.gov.rs\\\/sq\\\/author\\\/ktmin\\\/\"}]}<\/script>\n<!-- \/ Yoast SEO plugin. -->","yoast_head_json":{"title":"T\u00cb RINJT SHQIPTAR DHE SERB\u00cb SI SHEMBULL P\u00cbR T\u00cb MOSHURIT N\u00cb BUJANOC - Republika e S\u00ebrbis\u00eb Trupi Koordinues p\u00ebr komunat Bujanoc, Preshev\u00eb dhe Medvegj\u00eb","robots":{"index":"index","follow":"follow","max-snippet":"max-snippet:-1","max-image-preview":"max-image-preview:large","max-video-preview":"max-video-preview:-1"},"canonical":"https:\/\/kt.gov.rs\/sq\/te-rinjt-shqiptar-dhe-serbe-si-shembull-per-te-moshurit-ne-bujanoc\/","og_locale":"sq_AL","og_type":"article","og_title":"T\u00cb RINJT SHQIPTAR DHE SERB\u00cb SI SHEMBULL P\u00cbR T\u00cb MOSHURIT N\u00cb BUJANOC - Republika e S\u00ebrbis\u00eb Trupi Koordinues p\u00ebr komunat Bujanoc, Preshev\u00eb dhe Medvegj\u00eb","og_description":"Bujanoc - Beograd\u00a0- Nx\u00ebn\u00ebsit e rinj t\u00eb shkollave t\u00eb mesme nga Bujanoci, Blendina Hyseni dhe Bogdan Matiq, nx\u00ebn\u00ebs t\u00eb klas\u00ebs s\u00eb kat\u00ebrt n\u00eb shkollat \u200b\u200bSezai Suroi dhe Sveti Sava, aktivist\u00eb dhe kryetar\u00eb t\u00eb parlamentit te nxenesve, jan\u00eb shembuj t\u00eb bashk\u00ebpunimit t\u00eb mir\u00eb, respektimit t\u00eb diversitetit dhe tejkalimit t\u00eb stereotipeve q\u00eb shoq\u00ebrojn\u00eb nj\u00eb bashk\u00ebsi multietnike.","og_url":"https:\/\/kt.gov.rs\/sq\/te-rinjt-shqiptar-dhe-serbe-si-shembull-per-te-moshurit-ne-bujanoc\/","og_site_name":"Republika e S\u00ebrbis\u00eb Trupi Koordinues p\u00ebr komunat Bujanoc, Preshev\u00eb dhe Medvegj\u00eb","article_publisher":"https:\/\/www.facebook.com\/SluzbaKoordinacionogTelaVladeRepublikeSrbije","article_published_time":"2021-12-20T00:00:00+00:00","article_modified_time":"2024-07-30T17:58:18+00:00","og_image":[{"width":315,"height":230,"url":"https:\/\/kt.gov.rs\/wp-content\/uploads\/2024\/07\/1640001313_201221_1-3.jpg","type":"image\/jpeg"}],"author":"ktmin","twitter_card":"summary_large_image","twitter_creator":"@kt_gov","twitter_site":"@kt_gov","twitter_misc":{"Written by":"ktmin","Est. reading time":"4 minutes"},"schema":{"@context":"https:\/\/schema.org","@graph":[{"@type":"Article","@id":"https:\/\/kt.gov.rs\/sq\/te-rinjt-shqiptar-dhe-serbe-si-shembull-per-te-moshurit-ne-bujanoc\/#article","isPartOf":{"@id":"https:\/\/kt.gov.rs\/sq\/te-rinjt-shqiptar-dhe-serbe-si-shembull-per-te-moshurit-ne-bujanoc\/"},"author":{"name":"ktmin","@id":"https:\/\/kt.gov.rs\/#\/schema\/person\/e426459ddb4173309103390602694571"},"headline":"T\u00cb RINJT SHQIPTAR DHE SERB\u00cb SI SHEMBULL P\u00cbR T\u00cb MOSHURIT N\u00cb BUJANOC","datePublished":"2021-12-20T00:00:00+00:00","dateModified":"2024-07-30T17:58:18+00:00","mainEntityOfPage":{"@id":"https:\/\/kt.gov.rs\/sq\/te-rinjt-shqiptar-dhe-serbe-si-shembull-per-te-moshurit-ne-bujanoc\/"},"wordCount":869,"publisher":{"@id":"https:\/\/kt.gov.rs\/#organization"},"image":{"@id":"https:\/\/kt.gov.rs\/sq\/te-rinjt-shqiptar-dhe-serbe-si-shembull-per-te-moshurit-ne-bujanoc\/#primaryimage"},"thumbnailUrl":"https:\/\/kt.gov.rs\/wp-content\/uploads\/2024\/07\/1640001313_201221_1-3.jpg","articleSection":["Lajme"],"inLanguage":"sq-AL"},{"@type":"WebPage","@id":"https:\/\/kt.gov.rs\/sq\/te-rinjt-shqiptar-dhe-serbe-si-shembull-per-te-moshurit-ne-bujanoc\/","url":"https:\/\/kt.gov.rs\/sq\/te-rinjt-shqiptar-dhe-serbe-si-shembull-per-te-moshurit-ne-bujanoc\/","name":"T\u00cb RINJT SHQIPTAR DHE SERB\u00cb SI SHEMBULL P\u00cbR T\u00cb MOSHURIT N\u00cb BUJANOC - Republika e S\u00ebrbis\u00eb Trupi Koordinues p\u00ebr komunat Bujanoc, Preshev\u00eb dhe Medvegj\u00eb","isPartOf":{"@id":"https:\/\/kt.gov.rs\/#website"},"primaryImageOfPage":{"@id":"https:\/\/kt.gov.rs\/sq\/te-rinjt-shqiptar-dhe-serbe-si-shembull-per-te-moshurit-ne-bujanoc\/#primaryimage"},"image":{"@id":"https:\/\/kt.gov.rs\/sq\/te-rinjt-shqiptar-dhe-serbe-si-shembull-per-te-moshurit-ne-bujanoc\/#primaryimage"},"thumbnailUrl":"https:\/\/kt.gov.rs\/wp-content\/uploads\/2024\/07\/1640001313_201221_1-3.jpg","datePublished":"2021-12-20T00:00:00+00:00","dateModified":"2024-07-30T17:58:18+00:00","breadcrumb":{"@id":"https:\/\/kt.gov.rs\/sq\/te-rinjt-shqiptar-dhe-serbe-si-shembull-per-te-moshurit-ne-bujanoc\/#breadcrumb"},"inLanguage":"sq-AL","potentialAction":[{"@type":"ReadAction","target":["https:\/\/kt.gov.rs\/sq\/te-rinjt-shqiptar-dhe-serbe-si-shembull-per-te-moshurit-ne-bujanoc\/"]}]},{"@type":"ImageObject","inLanguage":"sq-AL","@id":"https:\/\/kt.gov.rs\/sq\/te-rinjt-shqiptar-dhe-serbe-si-shembull-per-te-moshurit-ne-bujanoc\/#primaryimage","url":"https:\/\/kt.gov.rs\/wp-content\/uploads\/2024\/07\/1640001313_201221_1-3.jpg","contentUrl":"https:\/\/kt.gov.rs\/wp-content\/uploads\/2024\/07\/1640001313_201221_1-3.jpg","width":315,"height":230},{"@type":"BreadcrumbList","@id":"https:\/\/kt.gov.rs\/sq\/te-rinjt-shqiptar-dhe-serbe-si-shembull-per-te-moshurit-ne-bujanoc\/#breadcrumb","itemListElement":[{"@type":"ListItem","position":1,"name":"\u041f\u043e\u0447\u0435\u0442\u043d\u0430","item":"https:\/\/kt.gov.rs\/sq\/"},{"@type":"ListItem","position":2,"name":"T\u00cb RINJT SHQIPTAR DHE SERB\u00cb SI SHEMBULL P\u00cbR T\u00cb MOSHURIT N\u00cb BUJANOC"}]},{"@type":"WebSite","@id":"https:\/\/kt.gov.rs\/#website","url":"https:\/\/kt.gov.rs\/","name":"\u041a\u043e\u043e\u0440\u0434\u0438\u043d\u0430\u0446\u0438\u043e\u043d\u043e \u0442\u0435\u043b\u043e \u0412\u043b\u0430\u0434\u0435 \u0420\u0435\u043f\u0443\u0431\u043b\u0438\u043a\u0435 \u0421\u0440\u0431\u0438\u0458\u0435 \u0437\u0430 \u043e\u043f\u0448\u0442\u0438\u043d\u0435 \u041f\u0440\u0435\u0448\u0435\u0432\u043e, \u0411\u0443\u0458\u0430\u043d\u043e\u0432\u0430\u0446 \u0438 \u041c\u0435\u0434\u0432\u0435\u0452a","description":"","publisher":{"@id":"https:\/\/kt.gov.rs\/#organization"},"alternateName":"\u041a\u043e\u043e\u0440\u0434\u0438\u043d\u0430\u0446\u0438\u043e\u043d\u043e \u0442\u0435\u043b\u043e","potentialAction":[{"@type":"SearchAction","target":{"@type":"EntryPoint","urlTemplate":"https:\/\/kt.gov.rs\/?s={search_term_string}"},"query-input":{"@type":"PropertyValueSpecification","valueRequired":true,"valueName":"search_term_string"}}],"inLanguage":"sq-AL"},{"@type":"Organization","@id":"https:\/\/kt.gov.rs\/#organization","name":"\u041a\u043e\u043e\u0440\u0434\u0438\u043d\u0430\u0446\u0438\u043e\u043d\u043e \u0442\u0435\u043b\u043e \u0412\u043b\u0430\u0434\u0435 \u0420\u0435\u043f\u0443\u0431\u043b\u0438\u043a\u0435 \u0421\u0440\u0431\u0438\u0458\u0435 \u0437\u0430 \u043e\u043f\u0448\u0442\u0438\u043d\u0435 \u041f\u0440\u0435\u0448\u0435\u0432\u043e, \u0411\u0443\u0458\u0430\u043d\u043e\u0432\u0430\u0446 \u0438 \u041c\u0435\u0434\u0432\u0435\u0452a","alternateName":"\u041a\u043e\u043e\u0440\u0434\u0438\u043d\u0430\u0446\u0438\u043e\u043d\u043e \u0442\u0435\u043b\u043e","url":"https:\/\/kt.gov.rs\/","logo":{"@type":"ImageObject","inLanguage":"sq-AL","@id":"https:\/\/kt.gov.rs\/#\/schema\/logo\/image\/","url":"https:\/\/kt.gov.rs\/wp-content\/uploads\/2024\/12\/koord2.jpg","contentUrl":"https:\/\/kt.gov.rs\/wp-content\/uploads\/2024\/12\/koord2.jpg","width":640,"height":480,"caption":"\u041a\u043e\u043e\u0440\u0434\u0438\u043d\u0430\u0446\u0438\u043e\u043d\u043e \u0442\u0435\u043b\u043e \u0412\u043b\u0430\u0434\u0435 \u0420\u0435\u043f\u0443\u0431\u043b\u0438\u043a\u0435 \u0421\u0440\u0431\u0438\u0458\u0435 \u0437\u0430 \u043e\u043f\u0448\u0442\u0438\u043d\u0435 \u041f\u0440\u0435\u0448\u0435\u0432\u043e, \u0411\u0443\u0458\u0430\u043d\u043e\u0432\u0430\u0446 \u0438 \u041c\u0435\u0434\u0432\u0435\u0452a"},"image":{"@id":"https:\/\/kt.gov.rs\/#\/schema\/logo\/image\/"},"sameAs":["https:\/\/www.facebook.com\/SluzbaKoordinacionogTelaVladeRepublikeSrbije","https:\/\/x.com\/kt_gov","https:\/\/www.youtube.com\/@koordinacionotelo"]},{"@type":"Person","@id":"https:\/\/kt.gov.rs\/#\/schema\/person\/e426459ddb4173309103390602694571","name":"ktmin","image":{"@type":"ImageObject","inLanguage":"sq-AL","@id":"https:\/\/secure.gravatar.com\/avatar\/3985c961109853010c3fbc7ba30365bfba5db3dd6c525831d9c595c7525a615a?s=96&d=mm&r=g","url":"https:\/\/secure.gravatar.com\/avatar\/3985c961109853010c3fbc7ba30365bfba5db3dd6c525831d9c595c7525a615a?s=96&d=mm&r=g","contentUrl":"https:\/\/secure.gravatar.com\/avatar\/3985c961109853010c3fbc7ba30365bfba5db3dd6c525831d9c595c7525a615a?s=96&d=mm&r=g","caption":"ktmin"},"sameAs":["https:\/\/kt.gov.rs"],"url":"https:\/\/kt.gov.rs\/sq\/author\/ktmin\/"}]}},"_links":{"self":[{"href":"https:\/\/kt.gov.rs\/sq\/wp-json\/wp\/v2\/posts\/108536","targetHints":{"allow":["GET"]}}],"collection":[{"href":"https:\/\/kt.gov.rs\/sq\/wp-json\/wp\/v2\/posts"}],"about":[{"href":"https:\/\/kt.gov.rs\/sq\/wp-json\/wp\/v2\/types\/post"}],"author":[{"embeddable":true,"href":"https:\/\/kt.gov.rs\/sq\/wp-json\/wp\/v2\/users\/1"}],"replies":[{"embeddable":true,"href":"https:\/\/kt.gov.rs\/sq\/wp-json\/wp\/v2\/comments?post=108536"}],"version-history":[{"count":1,"href":"https:\/\/kt.gov.rs\/sq\/wp-json\/wp\/v2\/posts\/108536\/revisions"}],"predecessor-version":[{"id":108540,"href":"https:\/\/kt.gov.rs\/sq\/wp-json\/wp\/v2\/posts\/108536\/revisions\/108540"}],"wp:featuredmedia":[{"embeddable":true,"href":"https:\/\/kt.gov.rs\/sq\/wp-json\/wp\/v2\/media\/108541"}],"wp:attachment":[{"href":"https:\/\/kt.gov.rs\/sq\/wp-json\/wp\/v2\/media?parent=108536"}],"wp:term":[{"taxonomy":"category","embeddable":true,"href":"https:\/\/kt.gov.rs\/sq\/wp-json\/wp\/v2\/categories?post=108536"},{"taxonomy":"post_tag","embeddable":true,"href":"https:\/\/kt.gov.rs\/sq\/wp-json\/wp\/v2\/tags?post=108536"}],"curies":[{"name":"wp","href":"https:\/\/api.w.org\/{rel}","templated":true}]}}