{"id":108504,"date":"2021-12-29T00:00:00","date_gmt":"2021-12-29T00:00:00","guid":{"rendered":"http:\/\/kt.printandscreen.rs\/leter-qytetareve-29-12-2021\/"},"modified":"2024-07-30T17:58:15","modified_gmt":"2024-07-30T17:58:15","slug":"leter-qytetareve-29-12-2021","status":"publish","type":"post","link":"https:\/\/kt.gov.rs\/sq\/leter-qytetareve-29-12-2021\/","title":{"rendered":"LET\u00cbR QYTETAR\u00cbVE \u2013 29.12.2021."},"content":{"rendered":"<p>\n\t<strong><img decoding=\"async\" alt=\"\" src=\"https:\/\/kt.gov.rs\/wp-content\/uploads\/2024\/07\/1640786125_291221_1v-4.jpg\" style=\"width: 640px; height: 325px;\" \/><\/strong><\/p>\n<p>\n\t<strong>T\u00eb nderuar qytetar\u00eb t\u00eb Preshev\u00ebs, Bujanocit dhe Medvegj\u00ebs,<\/strong><\/p>\n<p>\n\tMe ne \u00ebsht\u00eb edhe nj\u00eb vit i v\u00ebshtir\u00eb pandemik. P\u00ebr ne n\u00eb Trupin Koordinues \u00ebsht\u00eb edhe m\u00eb e v\u00ebshtir\u00eb sepse na ka l\u00ebn\u00eb kryetari yn\u00eb, profesori dr. Zoran Stankovi\u0107. Profesor Stankovi\u0107 ishte mish\u00ebrimi i mir\u00ebsis\u00eb dhe parimit. Gjithmon\u00eb i gatsh\u00ebm p\u00ebr t\u00eb ndihmuar dhe zgjidhur problemet e qytetar\u00ebve t\u00eb Preshev\u00ebs, Bujanocit, Medvegj\u00ebs. Ne n\u00eb Sh\u00ebrbimin e Trupit Koordinues do t\u00eb vazhdojm\u00eb t\u00eb punojm\u00eb n\u00eb rrug\u00ebn e tij. Do t\u00eb vazhdojm\u00eb t\u00eb ndihmojm\u00eb zhvillimin ekonomik t\u00eb komunave, t\u00eb zgjidhim problemet n\u00eb arsim, t\u00eb mb\u00ebshtesim t\u00eb rinjt\u00eb dhe zhvillimin e sektorit civil.<\/p>\n<p>\n\tT\u00eb nderuar bashk\u00ebqytetar\u00eb, n\u00eb k\u00ebt\u00eb m\u00ebnyr\u00eb ju njoftoj shkurtimisht p\u00ebr pun\u00ebn ton\u00eb. N\u00eb vitin e kaluar jan\u00eb investuar mbi 212 milion\u00eb dinar\u00eb n\u00eb infrastruktur\u00eb, asfaltim t\u00eb rrug\u00ebve, rikonstruktuimin e rrjeteve t\u00eb vjet\u00ebrsuara t\u00eb uj\u00ebsjell\u00ebsit dhe kanalizimeve, objekte me r\u00ebnd\u00ebsi ky\u00e7e p\u00ebr Preshev\u00ebn, Bujanocin dhe Medevegj\u00ebn. N\u00ebp\u00ebrmjet fondeve t\u00eb pakthyeshme prej 40 milion\u00eb dinar\u00eb p\u00ebr nd\u00ebrmarrjet e vogla dhe t\u00eb mesme, kemi ndihmuar edhe n\u00eb hapjen e vendeve t\u00eb reja t\u00eb pun\u00ebs.<\/p>\n<p>\n\tP\u00ebr shpenzimet e udh\u00ebtimit t\u00eb nx\u00ebn\u00ebsve t\u00eb shkollave fillore dhe t\u00eb mesme kemi siguruar gati kat\u00ebr milion\u00eb dinar\u00eb, nd\u00ebrsa p\u00ebr t\u00eb gjith\u00eb nx\u00ebn\u00ebsit e klas\u00ebs s\u00eb par\u00eb kemi dhuruar \u00e7anta dhe pajisje shkollore n\u00eb vler\u00eb prej m\u00eb shum\u00eb se 2 milion\u00eb e 200 mij\u00eb dinar\u00eb.<\/p>\n<p>\n\tP\u00ebr shkak t\u00eb vitit objektiv t\u00eb v\u00ebshtir\u00eb \u00a0pandemik, Sh\u00ebrbimi i Trupit Koordinues ka ndihmuar sht\u00ebpit\u00eb e sh\u00ebndetit n\u00eb Preshev\u00eb, Bujanoc dhe Banj\u00eb t\u00eb Sijarin\u00ebs dhe \u00e7erdhet &quot;8 Marsi&quot;, &quot;G\u00ebzimi Yn\u00eb&quot; dhe &quot;Rinia&quot; n\u00eb vler\u00eb t\u00eb p\u00ebrgjithshme prej 2.256.260 dinar\u00eb. Kemi dh\u00ebn\u00eb bursa p\u00ebr 300 nx\u00ebn\u00ebsit me vler\u00eb prej 10 milion\u00eb e 800 mij\u00eb dinar\u00eb. Sa her\u00eb q\u00eb kemi pasur mund\u00ebsi kemi dh\u00ebn\u00eb ndihm\u00eb t\u00eb nj\u00ebhershme dhe kemi dhuruar fonde p\u00ebr m\u00eb t\u00eb rrezikuarit n\u00eb shoq\u00ebrin\u00eb ton\u00eb. Prind\u00ebrve t\u00eb vet\u00ebmbajtur, f\u00ebmij\u00eb me aft\u00ebsi t\u00eb posa\u00e7me, f\u00ebmij\u00ebt rom\u00eb dhe t\u00eb varf\u00ebr. P\u00ebr k\u00ebt\u00eb q\u00ebllim vitin e kaluar kemi shpenzuar 8.5 milion\u00eb dinar\u00eb.<\/p>\n<p>\n\tP\u00ebrfundimisht, n\u00eb fund t\u00eb vitit, s\u00eb bashku me Ministrin\u00eb p\u00ebr t\u00eb Drejtat e Njeriut dhe Pakicave dhe p\u00ebr Dialog Shoq\u00ebror kemi rifilluar bisedimet me p\u00ebrfaq\u00ebsues t\u00eb komunitetit shqiptar p\u00ebr \u00e7\u00ebshtje t\u00eb r\u00ebnd\u00ebsishme. Fillimisht hap\u00ebm tem\u00ebn e arsimit dhe fol\u00ebm p\u00ebr tekstet n\u00eb gjuh\u00ebn shqipe dhe dh\u00ebnien e provimeve p\u00ebr licenca. N\u00eb k\u00ebt\u00eb drejtim, Trupi Koordinues ka siguruar mjete me vler\u00eb prej 1.165.430 dinar\u00eb p\u00ebr projektin e K\u00ebshillit Komb\u00ebtar t\u00eb Pakic\u00ebs Komb\u00ebtare Shqiptare \u201cTekstet shkollore p\u00ebr komunitetin shqiptar 2021\u201d.<\/p>\n<p>\n\tT\u00eb nderuar qytetar\u00eb t\u00eb Preshev\u00ebs, Bujanocit dhe Medvegj\u00ebs, n\u00eb vitin e ardhsh\u00ebm ju uroj paqe, sh\u00ebndet dhe suksese n\u00eb t\u00eb gjitha drejtimet.<\/p>\n<p style=\"text-align: right;\">\n\t<strong>P\u00ebrzem\u00ebrsisht,<\/strong><br \/>\n\t<strong>u.d drejtoresh\u00eb e Sh\u00ebrbimit t\u00eb Trupit Koordinues<\/strong><br \/>\n\t<strong>Danijela Nendi\u0107<\/strong><\/p>\n<p style=\"text-align: right;\">\n\t\u00a0<\/p>\n","protected":false},"excerpt":{"rendered":"<p>T\u00eb nderuar qytetar\u00eb t\u00eb Preshev\u00ebs, Bujanocit dhe Medvegj\u00ebs,\u00a0Me ne \u00ebsht\u00eb edhe nj\u00eb vit i v\u00ebshtir\u00eb pandemik. P\u00ebr ne n\u00eb Trupin Koordinues \u00ebsht\u00eb edhe m\u00eb e v\u00ebshtir\u00eb sepse na ka l\u00ebn\u00eb kryetari yn\u00eb, profesori dr. Zoran Stankovi\u0107. Profesor Stankovi\u0107 ishte mish\u00ebrimi i mir\u00ebsis\u00eb dhe parimit. Gjithmon\u00eb i gatsh\u00ebm p\u00ebr t\u00eb ndihmuar dhe zgjidhur problemet e qytetar\u00ebve t\u00eb Preshev\u00ebs, Bujanocit, Medvegj\u00ebs.<\/p>\n","protected":false},"author":1,"featured_media":108509,"comment_status":"closed","ping_status":"closed","sticky":false,"template":"","format":"standard","meta":{"footnotes":""},"categories":[55],"tags":[],"class_list":["post-108504","post","type-post","status-publish","format-standard","has-post-thumbnail","hentry","category-lajme"],"yoast_head":"<!-- This site is optimized with the Yoast SEO plugin v27.5 - https:\/\/yoast.com\/product\/yoast-seo-wordpress\/ -->\n<title>LET\u00cbR QYTETAR\u00cbVE - 29.12.2021. - Republika e S\u00ebrbis\u00eb Trupi Koordinues p\u00ebr komunat Bujanoc, Preshev\u00eb dhe Medvegj\u00eb<\/title>\n<meta name=\"robots\" content=\"index, follow, max-snippet:-1, max-image-preview:large, max-video-preview:-1\" \/>\n<link rel=\"canonical\" href=\"https:\/\/kt.gov.rs\/sq\/leter-qytetareve-29-12-2021\/\" \/>\n<meta property=\"og:locale\" content=\"sq_AL\" \/>\n<meta property=\"og:type\" content=\"article\" \/>\n<meta property=\"og:title\" content=\"LET\u00cbR QYTETAR\u00cbVE - 29.12.2021. - Republika e S\u00ebrbis\u00eb Trupi Koordinues p\u00ebr komunat Bujanoc, Preshev\u00eb dhe Medvegj\u00eb\" \/>\n<meta property=\"og:description\" content=\"T\u00eb nderuar qytetar\u00eb t\u00eb Preshev\u00ebs, Bujanocit dhe Medvegj\u00ebs,\u00a0Me ne \u00ebsht\u00eb edhe nj\u00eb vit i v\u00ebshtir\u00eb pandemik. P\u00ebr ne n\u00eb Trupin Koordinues \u00ebsht\u00eb edhe m\u00eb e v\u00ebshtir\u00eb sepse na ka l\u00ebn\u00eb kryetari yn\u00eb, profesori dr. Zoran Stankovi\u0107. Profesor Stankovi\u0107 ishte mish\u00ebrimi i mir\u00ebsis\u00eb dhe parimit. Gjithmon\u00eb i gatsh\u00ebm p\u00ebr t\u00eb ndihmuar dhe zgjidhur problemet e qytetar\u00ebve t\u00eb Preshev\u00ebs, Bujanocit, Medvegj\u00ebs.\" \/>\n<meta property=\"og:url\" content=\"https:\/\/kt.gov.rs\/sq\/leter-qytetareve-29-12-2021\/\" \/>\n<meta property=\"og:site_name\" content=\"Republika e S\u00ebrbis\u00eb Trupi Koordinues p\u00ebr komunat Bujanoc, Preshev\u00eb dhe Medvegj\u00eb\" \/>\n<meta property=\"article:publisher\" content=\"https:\/\/www.facebook.com\/SluzbaKoordinacionogTelaVladeRepublikeSrbije\" \/>\n<meta property=\"article:published_time\" content=\"2021-12-29T00:00:00+00:00\" \/>\n<meta property=\"article:modified_time\" content=\"2024-07-30T17:58:15+00:00\" \/>\n<meta property=\"og:image\" content=\"https:\/\/kt.gov.rs\/wp-content\/uploads\/2024\/07\/1640786125_291221_1v-5.jpg\" \/>\n\t<meta property=\"og:image:width\" content=\"640\" \/>\n\t<meta property=\"og:image:height\" content=\"325\" \/>\n\t<meta property=\"og:image:type\" content=\"image\/jpeg\" \/>\n<meta name=\"author\" content=\"ktmin\" \/>\n<meta name=\"twitter:card\" content=\"summary_large_image\" \/>\n<meta name=\"twitter:creator\" content=\"@kt_gov\" \/>\n<meta name=\"twitter:site\" content=\"@kt_gov\" \/>\n<meta name=\"twitter:label1\" content=\"Written by\" \/>\n\t<meta name=\"twitter:data1\" content=\"ktmin\" \/>\n\t<meta name=\"twitter:label2\" content=\"Est. reading time\" \/>\n\t<meta name=\"twitter:data2\" content=\"4 minutes\" \/>\n<script type=\"application\/ld+json\" class=\"yoast-schema-graph\">{\"@context\":\"https:\\\/\\\/schema.org\",\"@graph\":[{\"@type\":\"Article\",\"@id\":\"https:\\\/\\\/kt.gov.rs\\\/sq\\\/leter-qytetareve-29-12-2021\\\/#article\",\"isPartOf\":{\"@id\":\"https:\\\/\\\/kt.gov.rs\\\/sq\\\/leter-qytetareve-29-12-2021\\\/\"},\"author\":{\"name\":\"ktmin\",\"@id\":\"https:\\\/\\\/kt.gov.rs\\\/#\\\/schema\\\/person\\\/e426459ddb4173309103390602694571\"},\"headline\":\"LET\u00cbR QYTETAR\u00cbVE \u2013 29.12.2021.\",\"datePublished\":\"2021-12-29T00:00:00+00:00\",\"dateModified\":\"2024-07-30T17:58:15+00:00\",\"mainEntityOfPage\":{\"@id\":\"https:\\\/\\\/kt.gov.rs\\\/sq\\\/leter-qytetareve-29-12-2021\\\/\"},\"wordCount\":769,\"publisher\":{\"@id\":\"https:\\\/\\\/kt.gov.rs\\\/#organization\"},\"image\":{\"@id\":\"https:\\\/\\\/kt.gov.rs\\\/sq\\\/leter-qytetareve-29-12-2021\\\/#primaryimage\"},\"thumbnailUrl\":\"https:\\\/\\\/kt.gov.rs\\\/wp-content\\\/uploads\\\/2024\\\/07\\\/1640786125_291221_1v-5.jpg\",\"articleSection\":[\"Lajme\"],\"inLanguage\":\"sq-AL\"},{\"@type\":\"WebPage\",\"@id\":\"https:\\\/\\\/kt.gov.rs\\\/sq\\\/leter-qytetareve-29-12-2021\\\/\",\"url\":\"https:\\\/\\\/kt.gov.rs\\\/sq\\\/leter-qytetareve-29-12-2021\\\/\",\"name\":\"LET\u00cbR QYTETAR\u00cbVE - 29.12.2021. - Republika e S\u00ebrbis\u00eb Trupi Koordinues p\u00ebr komunat Bujanoc, Preshev\u00eb dhe Medvegj\u00eb\",\"isPartOf\":{\"@id\":\"https:\\\/\\\/kt.gov.rs\\\/#website\"},\"primaryImageOfPage\":{\"@id\":\"https:\\\/\\\/kt.gov.rs\\\/sq\\\/leter-qytetareve-29-12-2021\\\/#primaryimage\"},\"image\":{\"@id\":\"https:\\\/\\\/kt.gov.rs\\\/sq\\\/leter-qytetareve-29-12-2021\\\/#primaryimage\"},\"thumbnailUrl\":\"https:\\\/\\\/kt.gov.rs\\\/wp-content\\\/uploads\\\/2024\\\/07\\\/1640786125_291221_1v-5.jpg\",\"datePublished\":\"2021-12-29T00:00:00+00:00\",\"dateModified\":\"2024-07-30T17:58:15+00:00\",\"breadcrumb\":{\"@id\":\"https:\\\/\\\/kt.gov.rs\\\/sq\\\/leter-qytetareve-29-12-2021\\\/#breadcrumb\"},\"inLanguage\":\"sq-AL\",\"potentialAction\":[{\"@type\":\"ReadAction\",\"target\":[\"https:\\\/\\\/kt.gov.rs\\\/sq\\\/leter-qytetareve-29-12-2021\\\/\"]}]},{\"@type\":\"ImageObject\",\"inLanguage\":\"sq-AL\",\"@id\":\"https:\\\/\\\/kt.gov.rs\\\/sq\\\/leter-qytetareve-29-12-2021\\\/#primaryimage\",\"url\":\"https:\\\/\\\/kt.gov.rs\\\/wp-content\\\/uploads\\\/2024\\\/07\\\/1640786125_291221_1v-5.jpg\",\"contentUrl\":\"https:\\\/\\\/kt.gov.rs\\\/wp-content\\\/uploads\\\/2024\\\/07\\\/1640786125_291221_1v-5.jpg\",\"width\":640,\"height\":325},{\"@type\":\"BreadcrumbList\",\"@id\":\"https:\\\/\\\/kt.gov.rs\\\/sq\\\/leter-qytetareve-29-12-2021\\\/#breadcrumb\",\"itemListElement\":[{\"@type\":\"ListItem\",\"position\":1,\"name\":\"\u041f\u043e\u0447\u0435\u0442\u043d\u0430\",\"item\":\"https:\\\/\\\/kt.gov.rs\\\/sq\\\/\"},{\"@type\":\"ListItem\",\"position\":2,\"name\":\"LET\u00cbR QYTETAR\u00cbVE \u2013 29.12.2021.\"}]},{\"@type\":\"WebSite\",\"@id\":\"https:\\\/\\\/kt.gov.rs\\\/#website\",\"url\":\"https:\\\/\\\/kt.gov.rs\\\/\",\"name\":\"\u041a\u043e\u043e\u0440\u0434\u0438\u043d\u0430\u0446\u0438\u043e\u043d\u043e \u0442\u0435\u043b\u043e \u0412\u043b\u0430\u0434\u0435 \u0420\u0435\u043f\u0443\u0431\u043b\u0438\u043a\u0435 \u0421\u0440\u0431\u0438\u0458\u0435 \u0437\u0430 \u043e\u043f\u0448\u0442\u0438\u043d\u0435 \u041f\u0440\u0435\u0448\u0435\u0432\u043e, \u0411\u0443\u0458\u0430\u043d\u043e\u0432\u0430\u0446 \u0438 \u041c\u0435\u0434\u0432\u0435\u0452a\",\"description\":\"\",\"publisher\":{\"@id\":\"https:\\\/\\\/kt.gov.rs\\\/#organization\"},\"alternateName\":\"\u041a\u043e\u043e\u0440\u0434\u0438\u043d\u0430\u0446\u0438\u043e\u043d\u043e \u0442\u0435\u043b\u043e\",\"potentialAction\":[{\"@type\":\"SearchAction\",\"target\":{\"@type\":\"EntryPoint\",\"urlTemplate\":\"https:\\\/\\\/kt.gov.rs\\\/?s={search_term_string}\"},\"query-input\":{\"@type\":\"PropertyValueSpecification\",\"valueRequired\":true,\"valueName\":\"search_term_string\"}}],\"inLanguage\":\"sq-AL\"},{\"@type\":\"Organization\",\"@id\":\"https:\\\/\\\/kt.gov.rs\\\/#organization\",\"name\":\"\u041a\u043e\u043e\u0440\u0434\u0438\u043d\u0430\u0446\u0438\u043e\u043d\u043e \u0442\u0435\u043b\u043e \u0412\u043b\u0430\u0434\u0435 \u0420\u0435\u043f\u0443\u0431\u043b\u0438\u043a\u0435 \u0421\u0440\u0431\u0438\u0458\u0435 \u0437\u0430 \u043e\u043f\u0448\u0442\u0438\u043d\u0435 \u041f\u0440\u0435\u0448\u0435\u0432\u043e, \u0411\u0443\u0458\u0430\u043d\u043e\u0432\u0430\u0446 \u0438 \u041c\u0435\u0434\u0432\u0435\u0452a\",\"alternateName\":\"\u041a\u043e\u043e\u0440\u0434\u0438\u043d\u0430\u0446\u0438\u043e\u043d\u043e \u0442\u0435\u043b\u043e\",\"url\":\"https:\\\/\\\/kt.gov.rs\\\/\",\"logo\":{\"@type\":\"ImageObject\",\"inLanguage\":\"sq-AL\",\"@id\":\"https:\\\/\\\/kt.gov.rs\\\/#\\\/schema\\\/logo\\\/image\\\/\",\"url\":\"https:\\\/\\\/kt.gov.rs\\\/wp-content\\\/uploads\\\/2024\\\/12\\\/koord2.jpg\",\"contentUrl\":\"https:\\\/\\\/kt.gov.rs\\\/wp-content\\\/uploads\\\/2024\\\/12\\\/koord2.jpg\",\"width\":640,\"height\":480,\"caption\":\"\u041a\u043e\u043e\u0440\u0434\u0438\u043d\u0430\u0446\u0438\u043e\u043d\u043e \u0442\u0435\u043b\u043e \u0412\u043b\u0430\u0434\u0435 \u0420\u0435\u043f\u0443\u0431\u043b\u0438\u043a\u0435 \u0421\u0440\u0431\u0438\u0458\u0435 \u0437\u0430 \u043e\u043f\u0448\u0442\u0438\u043d\u0435 \u041f\u0440\u0435\u0448\u0435\u0432\u043e, \u0411\u0443\u0458\u0430\u043d\u043e\u0432\u0430\u0446 \u0438 \u041c\u0435\u0434\u0432\u0435\u0452a\"},\"image\":{\"@id\":\"https:\\\/\\\/kt.gov.rs\\\/#\\\/schema\\\/logo\\\/image\\\/\"},\"sameAs\":[\"https:\\\/\\\/www.facebook.com\\\/SluzbaKoordinacionogTelaVladeRepublikeSrbije\",\"https:\\\/\\\/x.com\\\/kt_gov\",\"https:\\\/\\\/www.youtube.com\\\/@koordinacionotelo\"]},{\"@type\":\"Person\",\"@id\":\"https:\\\/\\\/kt.gov.rs\\\/#\\\/schema\\\/person\\\/e426459ddb4173309103390602694571\",\"name\":\"ktmin\",\"image\":{\"@type\":\"ImageObject\",\"inLanguage\":\"sq-AL\",\"@id\":\"https:\\\/\\\/secure.gravatar.com\\\/avatar\\\/3985c961109853010c3fbc7ba30365bfba5db3dd6c525831d9c595c7525a615a?s=96&d=mm&r=g\",\"url\":\"https:\\\/\\\/secure.gravatar.com\\\/avatar\\\/3985c961109853010c3fbc7ba30365bfba5db3dd6c525831d9c595c7525a615a?s=96&d=mm&r=g\",\"contentUrl\":\"https:\\\/\\\/secure.gravatar.com\\\/avatar\\\/3985c961109853010c3fbc7ba30365bfba5db3dd6c525831d9c595c7525a615a?s=96&d=mm&r=g\",\"caption\":\"ktmin\"},\"sameAs\":[\"https:\\\/\\\/kt.gov.rs\"],\"url\":\"https:\\\/\\\/kt.gov.rs\\\/sq\\\/author\\\/ktmin\\\/\"}]}<\/script>\n<!-- \/ Yoast SEO plugin. -->","yoast_head_json":{"title":"LET\u00cbR QYTETAR\u00cbVE - 29.12.2021. - Republika e S\u00ebrbis\u00eb Trupi Koordinues p\u00ebr komunat Bujanoc, Preshev\u00eb dhe Medvegj\u00eb","robots":{"index":"index","follow":"follow","max-snippet":"max-snippet:-1","max-image-preview":"max-image-preview:large","max-video-preview":"max-video-preview:-1"},"canonical":"https:\/\/kt.gov.rs\/sq\/leter-qytetareve-29-12-2021\/","og_locale":"sq_AL","og_type":"article","og_title":"LET\u00cbR QYTETAR\u00cbVE - 29.12.2021. - Republika e S\u00ebrbis\u00eb Trupi Koordinues p\u00ebr komunat Bujanoc, Preshev\u00eb dhe Medvegj\u00eb","og_description":"T\u00eb nderuar qytetar\u00eb t\u00eb Preshev\u00ebs, Bujanocit dhe Medvegj\u00ebs,\u00a0Me ne \u00ebsht\u00eb edhe nj\u00eb vit i v\u00ebshtir\u00eb pandemik. P\u00ebr ne n\u00eb Trupin Koordinues \u00ebsht\u00eb edhe m\u00eb e v\u00ebshtir\u00eb sepse na ka l\u00ebn\u00eb kryetari yn\u00eb, profesori dr. Zoran Stankovi\u0107. Profesor Stankovi\u0107 ishte mish\u00ebrimi i mir\u00ebsis\u00eb dhe parimit. Gjithmon\u00eb i gatsh\u00ebm p\u00ebr t\u00eb ndihmuar dhe zgjidhur problemet e qytetar\u00ebve t\u00eb Preshev\u00ebs, Bujanocit, Medvegj\u00ebs.","og_url":"https:\/\/kt.gov.rs\/sq\/leter-qytetareve-29-12-2021\/","og_site_name":"Republika e S\u00ebrbis\u00eb Trupi Koordinues p\u00ebr komunat Bujanoc, Preshev\u00eb dhe Medvegj\u00eb","article_publisher":"https:\/\/www.facebook.com\/SluzbaKoordinacionogTelaVladeRepublikeSrbije","article_published_time":"2021-12-29T00:00:00+00:00","article_modified_time":"2024-07-30T17:58:15+00:00","og_image":[{"width":640,"height":325,"url":"https:\/\/kt.gov.rs\/wp-content\/uploads\/2024\/07\/1640786125_291221_1v-5.jpg","type":"image\/jpeg"}],"author":"ktmin","twitter_card":"summary_large_image","twitter_creator":"@kt_gov","twitter_site":"@kt_gov","twitter_misc":{"Written by":"ktmin","Est. reading time":"4 minutes"},"schema":{"@context":"https:\/\/schema.org","@graph":[{"@type":"Article","@id":"https:\/\/kt.gov.rs\/sq\/leter-qytetareve-29-12-2021\/#article","isPartOf":{"@id":"https:\/\/kt.gov.rs\/sq\/leter-qytetareve-29-12-2021\/"},"author":{"name":"ktmin","@id":"https:\/\/kt.gov.rs\/#\/schema\/person\/e426459ddb4173309103390602694571"},"headline":"LET\u00cbR QYTETAR\u00cbVE \u2013 29.12.2021.","datePublished":"2021-12-29T00:00:00+00:00","dateModified":"2024-07-30T17:58:15+00:00","mainEntityOfPage":{"@id":"https:\/\/kt.gov.rs\/sq\/leter-qytetareve-29-12-2021\/"},"wordCount":769,"publisher":{"@id":"https:\/\/kt.gov.rs\/#organization"},"image":{"@id":"https:\/\/kt.gov.rs\/sq\/leter-qytetareve-29-12-2021\/#primaryimage"},"thumbnailUrl":"https:\/\/kt.gov.rs\/wp-content\/uploads\/2024\/07\/1640786125_291221_1v-5.jpg","articleSection":["Lajme"],"inLanguage":"sq-AL"},{"@type":"WebPage","@id":"https:\/\/kt.gov.rs\/sq\/leter-qytetareve-29-12-2021\/","url":"https:\/\/kt.gov.rs\/sq\/leter-qytetareve-29-12-2021\/","name":"LET\u00cbR QYTETAR\u00cbVE - 29.12.2021. - Republika e S\u00ebrbis\u00eb Trupi Koordinues p\u00ebr komunat Bujanoc, Preshev\u00eb dhe Medvegj\u00eb","isPartOf":{"@id":"https:\/\/kt.gov.rs\/#website"},"primaryImageOfPage":{"@id":"https:\/\/kt.gov.rs\/sq\/leter-qytetareve-29-12-2021\/#primaryimage"},"image":{"@id":"https:\/\/kt.gov.rs\/sq\/leter-qytetareve-29-12-2021\/#primaryimage"},"thumbnailUrl":"https:\/\/kt.gov.rs\/wp-content\/uploads\/2024\/07\/1640786125_291221_1v-5.jpg","datePublished":"2021-12-29T00:00:00+00:00","dateModified":"2024-07-30T17:58:15+00:00","breadcrumb":{"@id":"https:\/\/kt.gov.rs\/sq\/leter-qytetareve-29-12-2021\/#breadcrumb"},"inLanguage":"sq-AL","potentialAction":[{"@type":"ReadAction","target":["https:\/\/kt.gov.rs\/sq\/leter-qytetareve-29-12-2021\/"]}]},{"@type":"ImageObject","inLanguage":"sq-AL","@id":"https:\/\/kt.gov.rs\/sq\/leter-qytetareve-29-12-2021\/#primaryimage","url":"https:\/\/kt.gov.rs\/wp-content\/uploads\/2024\/07\/1640786125_291221_1v-5.jpg","contentUrl":"https:\/\/kt.gov.rs\/wp-content\/uploads\/2024\/07\/1640786125_291221_1v-5.jpg","width":640,"height":325},{"@type":"BreadcrumbList","@id":"https:\/\/kt.gov.rs\/sq\/leter-qytetareve-29-12-2021\/#breadcrumb","itemListElement":[{"@type":"ListItem","position":1,"name":"\u041f\u043e\u0447\u0435\u0442\u043d\u0430","item":"https:\/\/kt.gov.rs\/sq\/"},{"@type":"ListItem","position":2,"name":"LET\u00cbR QYTETAR\u00cbVE \u2013 29.12.2021."}]},{"@type":"WebSite","@id":"https:\/\/kt.gov.rs\/#website","url":"https:\/\/kt.gov.rs\/","name":"\u041a\u043e\u043e\u0440\u0434\u0438\u043d\u0430\u0446\u0438\u043e\u043d\u043e \u0442\u0435\u043b\u043e \u0412\u043b\u0430\u0434\u0435 \u0420\u0435\u043f\u0443\u0431\u043b\u0438\u043a\u0435 \u0421\u0440\u0431\u0438\u0458\u0435 \u0437\u0430 \u043e\u043f\u0448\u0442\u0438\u043d\u0435 \u041f\u0440\u0435\u0448\u0435\u0432\u043e, \u0411\u0443\u0458\u0430\u043d\u043e\u0432\u0430\u0446 \u0438 \u041c\u0435\u0434\u0432\u0435\u0452a","description":"","publisher":{"@id":"https:\/\/kt.gov.rs\/#organization"},"alternateName":"\u041a\u043e\u043e\u0440\u0434\u0438\u043d\u0430\u0446\u0438\u043e\u043d\u043e \u0442\u0435\u043b\u043e","potentialAction":[{"@type":"SearchAction","target":{"@type":"EntryPoint","urlTemplate":"https:\/\/kt.gov.rs\/?s={search_term_string}"},"query-input":{"@type":"PropertyValueSpecification","valueRequired":true,"valueName":"search_term_string"}}],"inLanguage":"sq-AL"},{"@type":"Organization","@id":"https:\/\/kt.gov.rs\/#organization","name":"\u041a\u043e\u043e\u0440\u0434\u0438\u043d\u0430\u0446\u0438\u043e\u043d\u043e \u0442\u0435\u043b\u043e \u0412\u043b\u0430\u0434\u0435 \u0420\u0435\u043f\u0443\u0431\u043b\u0438\u043a\u0435 \u0421\u0440\u0431\u0438\u0458\u0435 \u0437\u0430 \u043e\u043f\u0448\u0442\u0438\u043d\u0435 \u041f\u0440\u0435\u0448\u0435\u0432\u043e, \u0411\u0443\u0458\u0430\u043d\u043e\u0432\u0430\u0446 \u0438 \u041c\u0435\u0434\u0432\u0435\u0452a","alternateName":"\u041a\u043e\u043e\u0440\u0434\u0438\u043d\u0430\u0446\u0438\u043e\u043d\u043e \u0442\u0435\u043b\u043e","url":"https:\/\/kt.gov.rs\/","logo":{"@type":"ImageObject","inLanguage":"sq-AL","@id":"https:\/\/kt.gov.rs\/#\/schema\/logo\/image\/","url":"https:\/\/kt.gov.rs\/wp-content\/uploads\/2024\/12\/koord2.jpg","contentUrl":"https:\/\/kt.gov.rs\/wp-content\/uploads\/2024\/12\/koord2.jpg","width":640,"height":480,"caption":"\u041a\u043e\u043e\u0440\u0434\u0438\u043d\u0430\u0446\u0438\u043e\u043d\u043e \u0442\u0435\u043b\u043e \u0412\u043b\u0430\u0434\u0435 \u0420\u0435\u043f\u0443\u0431\u043b\u0438\u043a\u0435 \u0421\u0440\u0431\u0438\u0458\u0435 \u0437\u0430 \u043e\u043f\u0448\u0442\u0438\u043d\u0435 \u041f\u0440\u0435\u0448\u0435\u0432\u043e, \u0411\u0443\u0458\u0430\u043d\u043e\u0432\u0430\u0446 \u0438 \u041c\u0435\u0434\u0432\u0435\u0452a"},"image":{"@id":"https:\/\/kt.gov.rs\/#\/schema\/logo\/image\/"},"sameAs":["https:\/\/www.facebook.com\/SluzbaKoordinacionogTelaVladeRepublikeSrbije","https:\/\/x.com\/kt_gov","https:\/\/www.youtube.com\/@koordinacionotelo"]},{"@type":"Person","@id":"https:\/\/kt.gov.rs\/#\/schema\/person\/e426459ddb4173309103390602694571","name":"ktmin","image":{"@type":"ImageObject","inLanguage":"sq-AL","@id":"https:\/\/secure.gravatar.com\/avatar\/3985c961109853010c3fbc7ba30365bfba5db3dd6c525831d9c595c7525a615a?s=96&d=mm&r=g","url":"https:\/\/secure.gravatar.com\/avatar\/3985c961109853010c3fbc7ba30365bfba5db3dd6c525831d9c595c7525a615a?s=96&d=mm&r=g","contentUrl":"https:\/\/secure.gravatar.com\/avatar\/3985c961109853010c3fbc7ba30365bfba5db3dd6c525831d9c595c7525a615a?s=96&d=mm&r=g","caption":"ktmin"},"sameAs":["https:\/\/kt.gov.rs"],"url":"https:\/\/kt.gov.rs\/sq\/author\/ktmin\/"}]}},"_links":{"self":[{"href":"https:\/\/kt.gov.rs\/sq\/wp-json\/wp\/v2\/posts\/108504","targetHints":{"allow":["GET"]}}],"collection":[{"href":"https:\/\/kt.gov.rs\/sq\/wp-json\/wp\/v2\/posts"}],"about":[{"href":"https:\/\/kt.gov.rs\/sq\/wp-json\/wp\/v2\/types\/post"}],"author":[{"embeddable":true,"href":"https:\/\/kt.gov.rs\/sq\/wp-json\/wp\/v2\/users\/1"}],"replies":[{"embeddable":true,"href":"https:\/\/kt.gov.rs\/sq\/wp-json\/wp\/v2\/comments?post=108504"}],"version-history":[{"count":1,"href":"https:\/\/kt.gov.rs\/sq\/wp-json\/wp\/v2\/posts\/108504\/revisions"}],"predecessor-version":[{"id":108508,"href":"https:\/\/kt.gov.rs\/sq\/wp-json\/wp\/v2\/posts\/108504\/revisions\/108508"}],"wp:featuredmedia":[{"embeddable":true,"href":"https:\/\/kt.gov.rs\/sq\/wp-json\/wp\/v2\/media\/108509"}],"wp:attachment":[{"href":"https:\/\/kt.gov.rs\/sq\/wp-json\/wp\/v2\/media?parent=108504"}],"wp:term":[{"taxonomy":"category","embeddable":true,"href":"https:\/\/kt.gov.rs\/sq\/wp-json\/wp\/v2\/categories?post=108504"},{"taxonomy":"post_tag","embeddable":true,"href":"https:\/\/kt.gov.rs\/sq\/wp-json\/wp\/v2\/tags?post=108504"}],"curies":[{"name":"wp","href":"https:\/\/api.w.org\/{rel}","templated":true}]}}