{"id":108480,"date":"2021-12-31T00:00:00","date_gmt":"2021-12-31T00:00:00","guid":{"rendered":"http:\/\/kt.printandscreen.rs\/nxenesit-e-shkolles-sveti-sava-e-zbukuruan-shkollen-per-festa\/"},"modified":"2024-07-30T17:58:13","modified_gmt":"2024-07-30T17:58:13","slug":"nxenesit-e-shkolles-sveti-sava-e-zbukuruan-shkollen-per-festa","status":"publish","type":"post","link":"https:\/\/kt.gov.rs\/sq\/nxenesit-e-shkolles-sveti-sava-e-zbukuruan-shkollen-per-festa\/","title":{"rendered":"NX\u00cbN\u00cbSIT E SHKOLL\u00cbS\u201dSVETI SAVA\u201d E ZBUKURUAN SHKOLLEN P\u00cbR FESTA"},"content":{"rendered":"<p>\n\t<strong><img decoding=\"async\" alt=\"\" src=\"https:\/\/kt.gov.rs\/wp-content\/uploads\/2024\/07\/1640944064_311221_2-2.jpg\" style=\"width: 315px; height: 230px; float: left;\" \/>Bujanoc \u2013 Beograd<\/strong> \u2013 Filloi kur nx\u00ebn\u00ebsit e nj\u00eb klase t\u00eb gjimnazit &quot;Sveti Sava&quot; n\u00eb Bujanoc, para se t\u00eb niseshin p\u00ebr pushime dim\u00ebrore, vet\u00eb mblodh\u00ebn para dhe e dekoruan klas\u00ebn. Klasat e tjera ndoq\u00ebn shembullin e tyre, dhe m\u00eb pas ata animuan m\u00ebsuesit dhe stafin tjet\u00ebr t\u00eb shkoll\u00ebs dhe dol\u00ebn me iden\u00eb p\u00ebr t\u00eb dekoruar hollin kryesore t\u00eb shkoll\u00ebs.<\/p>\n<p>\n\tSipas tyre, nisma ka nisur nga nj\u00eb paralele, e cila ka zbukuruar klas\u00ebn e saj dhe ka frym\u00ebzuar t\u00eb tjer\u00ebt, k\u00ebshtu q\u00eb tashm\u00eb pothuajse e gjith\u00eb shkolla \u00ebsht\u00eb zbukuruar n\u00eb frym\u00ebn e festave t\u00eb fundvitit.<\/p>\n<p>\n\t\u00a0\u201cJu \u00ebsht\u00eb kujtuar se mund ta zbukuroj klas\u00ebn para festave t\u00eb fundvitit, ua sugjerova miqve dhe u pajtuam t\u00eb gjith\u00eb. Mblodh\u00ebm para, secili dha aq sa kishte, blem\u00eb nj\u00eb bredh\u00eb dhe dekorime dhe s\u00eb paku e zbukuruam pak hap\u00ebsir\u00ebn ton\u00eb\u201d, tha nx\u00ebn\u00ebsja Andjela Antiq.<\/p>\n<p>\n\tPas dekorimit t\u00eb klas\u00ebs, disa nx\u00ebn\u00ebsve t\u00eb k\u00ebsaj shkolle u lindi ideja q\u00eb nga materiali edukativ dhe dekorativ q\u00eb tashm\u00eb disponojn\u00eb t\u00eb realizojn\u00eb nj\u00eb pano p\u00ebr Vitin e Ri, e cila do t\u00eb dekoronte hollin e shkoll\u00ebs p\u00ebr t\u00eb gjith\u00eb nx\u00ebn\u00ebsit dhe punonj\u00ebsit.<\/p>\n<p>\n\tPedagogja e shkoll\u00ebs Snezhana Misiq beson se ky lloj aktiviteti jasht\u00eb programit shkollor \u00ebsht\u00eb shum\u00eb i r\u00ebnd\u00ebsish\u00ebm p\u00ebr zhvillimin e kreativitetit t\u00eb nx\u00ebn\u00ebsve, por edhe kompetencave t\u00eb tyre.<\/p>\n<p>\n\tNx\u00ebn\u00ebsit gjithmon\u00eb e zhvillojn\u00eb motivimin n\u00eb m\u00ebnyr\u00ebn m\u00eb t\u00eb mir\u00eb, n\u00ebse u jepet mund\u00ebsia dhe kur i drejtojm\u00eb n\u00eb k\u00ebt\u00eb lloj angazhimi, e kjo \u00ebsht\u00eb let\u00ebrnjoftimi i shkoll\u00ebs son\u00eb, aktivitetet jasht\u00ebshkollore n\u00eb fushat e tyre dhe puna krijuese\u201d, tha Snezana Misic. .<\/p>\n<p>\n\tAksionit t\u00eb dekorimit iu bashkuan edhe kujdestar\u00ebt e klas\u00ebs, pedagogja dhe bibliotekistja e shkoll\u00ebs.<\/p>\n<p>\n\t<strong>Burimi: Bujanovacke dhe trupi koordinues<\/strong><\/p>\n<p>\n\t\u00a0<\/p>\n","protected":false},"excerpt":{"rendered":"<p>Bujanoc \u2013 Beograd\u00a0\u2013 Filloi kur nx\u00ebn\u00ebsit e nj\u00eb klase t\u00eb gjimnazit &quot;Sveti Sava&quot; n\u00eb Bujanoc, para se t\u00eb niseshin p\u00ebr pushime dim\u00ebrore, vet\u00eb mblodh\u00ebn para dhe e dekoruan klas\u00ebn. Klasat e tjera ndoq\u00ebn shembullin e tyre, dhe m\u00eb pas ata animuan m\u00ebsuesit dhe stafin tjet\u00ebr t\u00eb shkoll\u00ebs dhe dol\u00ebn me iden\u00eb p\u00ebr t\u00eb dekoruar hollin kryesore t\u00eb shkoll\u00ebs.<\/p>\n","protected":false},"author":1,"featured_media":108485,"comment_status":"closed","ping_status":"closed","sticky":false,"template":"","format":"standard","meta":{"footnotes":""},"categories":[55],"tags":[],"class_list":["post-108480","post","type-post","status-publish","format-standard","has-post-thumbnail","hentry","category-lajme"],"yoast_head":"<!-- This site is optimized with the Yoast SEO plugin v27.5 - https:\/\/yoast.com\/product\/yoast-seo-wordpress\/ -->\n<title>NX\u00cbN\u00cbSIT E SHKOLL\u00cbS\u201dSVETI SAVA\u201d E ZBUKURUAN SHKOLLEN P\u00cbR FESTA - Republika e S\u00ebrbis\u00eb Trupi Koordinues p\u00ebr komunat Bujanoc, Preshev\u00eb dhe Medvegj\u00eb<\/title>\n<meta name=\"robots\" content=\"index, follow, max-snippet:-1, max-image-preview:large, max-video-preview:-1\" \/>\n<link rel=\"canonical\" href=\"https:\/\/kt.gov.rs\/sq\/nxenesit-e-shkolles-sveti-sava-e-zbukuruan-shkollen-per-festa\/\" \/>\n<meta property=\"og:locale\" content=\"sq_AL\" \/>\n<meta property=\"og:type\" content=\"article\" \/>\n<meta property=\"og:title\" content=\"NX\u00cbN\u00cbSIT E SHKOLL\u00cbS\u201dSVETI SAVA\u201d E ZBUKURUAN SHKOLLEN P\u00cbR FESTA - Republika e S\u00ebrbis\u00eb Trupi Koordinues p\u00ebr komunat Bujanoc, Preshev\u00eb dhe Medvegj\u00eb\" \/>\n<meta property=\"og:description\" content=\"Bujanoc - Beograd\u00a0- Filloi kur nx\u00ebn\u00ebsit e nj\u00eb klase t\u00eb gjimnazit &quot;Sveti Sava&quot; n\u00eb Bujanoc, para se t\u00eb niseshin p\u00ebr pushime dim\u00ebrore, vet\u00eb mblodh\u00ebn para dhe e dekoruan klas\u00ebn. Klasat e tjera ndoq\u00ebn shembullin e tyre, dhe m\u00eb pas ata animuan m\u00ebsuesit dhe stafin tjet\u00ebr t\u00eb shkoll\u00ebs dhe dol\u00ebn me iden\u00eb p\u00ebr t\u00eb dekoruar hollin kryesore t\u00eb shkoll\u00ebs.\" \/>\n<meta property=\"og:url\" content=\"https:\/\/kt.gov.rs\/sq\/nxenesit-e-shkolles-sveti-sava-e-zbukuruan-shkollen-per-festa\/\" \/>\n<meta property=\"og:site_name\" content=\"Republika e S\u00ebrbis\u00eb Trupi Koordinues p\u00ebr komunat Bujanoc, Preshev\u00eb dhe Medvegj\u00eb\" \/>\n<meta property=\"article:publisher\" content=\"https:\/\/www.facebook.com\/SluzbaKoordinacionogTelaVladeRepublikeSrbije\" \/>\n<meta property=\"article:published_time\" content=\"2021-12-31T00:00:00+00:00\" \/>\n<meta property=\"article:modified_time\" content=\"2024-07-30T17:58:13+00:00\" \/>\n<meta property=\"og:image\" content=\"https:\/\/kt.gov.rs\/wp-content\/uploads\/2024\/07\/1640944064_311221_2-3.jpg\" \/>\n\t<meta property=\"og:image:width\" content=\"315\" \/>\n\t<meta property=\"og:image:height\" content=\"230\" \/>\n\t<meta property=\"og:image:type\" content=\"image\/jpeg\" \/>\n<meta name=\"author\" content=\"ktmin\" \/>\n<meta name=\"twitter:card\" content=\"summary_large_image\" \/>\n<meta name=\"twitter:creator\" content=\"@kt_gov\" \/>\n<meta name=\"twitter:site\" content=\"@kt_gov\" \/>\n<meta name=\"twitter:label1\" content=\"Written by\" \/>\n\t<meta name=\"twitter:data1\" content=\"ktmin\" \/>\n\t<meta name=\"twitter:label2\" content=\"Est. reading time\" \/>\n\t<meta name=\"twitter:data2\" content=\"2 minutes\" \/>\n<script type=\"application\/ld+json\" class=\"yoast-schema-graph\">{\"@context\":\"https:\\\/\\\/schema.org\",\"@graph\":[{\"@type\":\"Article\",\"@id\":\"https:\\\/\\\/kt.gov.rs\\\/sq\\\/nxenesit-e-shkolles-sveti-sava-e-zbukuruan-shkollen-per-festa\\\/#article\",\"isPartOf\":{\"@id\":\"https:\\\/\\\/kt.gov.rs\\\/sq\\\/nxenesit-e-shkolles-sveti-sava-e-zbukuruan-shkollen-per-festa\\\/\"},\"author\":{\"name\":\"ktmin\",\"@id\":\"https:\\\/\\\/kt.gov.rs\\\/#\\\/schema\\\/person\\\/e426459ddb4173309103390602694571\"},\"headline\":\"NX\u00cbN\u00cbSIT E SHKOLL\u00cbS\u201dSVETI SAVA\u201d E ZBUKURUAN SHKOLLEN P\u00cbR FESTA\",\"datePublished\":\"2021-12-31T00:00:00+00:00\",\"dateModified\":\"2024-07-30T17:58:13+00:00\",\"mainEntityOfPage\":{\"@id\":\"https:\\\/\\\/kt.gov.rs\\\/sq\\\/nxenesit-e-shkolles-sveti-sava-e-zbukuruan-shkollen-per-festa\\\/\"},\"wordCount\":459,\"publisher\":{\"@id\":\"https:\\\/\\\/kt.gov.rs\\\/#organization\"},\"image\":{\"@id\":\"https:\\\/\\\/kt.gov.rs\\\/sq\\\/nxenesit-e-shkolles-sveti-sava-e-zbukuruan-shkollen-per-festa\\\/#primaryimage\"},\"thumbnailUrl\":\"https:\\\/\\\/kt.gov.rs\\\/wp-content\\\/uploads\\\/2024\\\/07\\\/1640944064_311221_2-3.jpg\",\"articleSection\":[\"Lajme\"],\"inLanguage\":\"sq-AL\"},{\"@type\":\"WebPage\",\"@id\":\"https:\\\/\\\/kt.gov.rs\\\/sq\\\/nxenesit-e-shkolles-sveti-sava-e-zbukuruan-shkollen-per-festa\\\/\",\"url\":\"https:\\\/\\\/kt.gov.rs\\\/sq\\\/nxenesit-e-shkolles-sveti-sava-e-zbukuruan-shkollen-per-festa\\\/\",\"name\":\"NX\u00cbN\u00cbSIT E SHKOLL\u00cbS\u201dSVETI SAVA\u201d E ZBUKURUAN SHKOLLEN P\u00cbR FESTA - Republika e S\u00ebrbis\u00eb Trupi Koordinues p\u00ebr komunat Bujanoc, Preshev\u00eb dhe Medvegj\u00eb\",\"isPartOf\":{\"@id\":\"https:\\\/\\\/kt.gov.rs\\\/#website\"},\"primaryImageOfPage\":{\"@id\":\"https:\\\/\\\/kt.gov.rs\\\/sq\\\/nxenesit-e-shkolles-sveti-sava-e-zbukuruan-shkollen-per-festa\\\/#primaryimage\"},\"image\":{\"@id\":\"https:\\\/\\\/kt.gov.rs\\\/sq\\\/nxenesit-e-shkolles-sveti-sava-e-zbukuruan-shkollen-per-festa\\\/#primaryimage\"},\"thumbnailUrl\":\"https:\\\/\\\/kt.gov.rs\\\/wp-content\\\/uploads\\\/2024\\\/07\\\/1640944064_311221_2-3.jpg\",\"datePublished\":\"2021-12-31T00:00:00+00:00\",\"dateModified\":\"2024-07-30T17:58:13+00:00\",\"breadcrumb\":{\"@id\":\"https:\\\/\\\/kt.gov.rs\\\/sq\\\/nxenesit-e-shkolles-sveti-sava-e-zbukuruan-shkollen-per-festa\\\/#breadcrumb\"},\"inLanguage\":\"sq-AL\",\"potentialAction\":[{\"@type\":\"ReadAction\",\"target\":[\"https:\\\/\\\/kt.gov.rs\\\/sq\\\/nxenesit-e-shkolles-sveti-sava-e-zbukuruan-shkollen-per-festa\\\/\"]}]},{\"@type\":\"ImageObject\",\"inLanguage\":\"sq-AL\",\"@id\":\"https:\\\/\\\/kt.gov.rs\\\/sq\\\/nxenesit-e-shkolles-sveti-sava-e-zbukuruan-shkollen-per-festa\\\/#primaryimage\",\"url\":\"https:\\\/\\\/kt.gov.rs\\\/wp-content\\\/uploads\\\/2024\\\/07\\\/1640944064_311221_2-3.jpg\",\"contentUrl\":\"https:\\\/\\\/kt.gov.rs\\\/wp-content\\\/uploads\\\/2024\\\/07\\\/1640944064_311221_2-3.jpg\",\"width\":315,\"height\":230},{\"@type\":\"BreadcrumbList\",\"@id\":\"https:\\\/\\\/kt.gov.rs\\\/sq\\\/nxenesit-e-shkolles-sveti-sava-e-zbukuruan-shkollen-per-festa\\\/#breadcrumb\",\"itemListElement\":[{\"@type\":\"ListItem\",\"position\":1,\"name\":\"\u041f\u043e\u0447\u0435\u0442\u043d\u0430\",\"item\":\"https:\\\/\\\/kt.gov.rs\\\/sq\\\/\"},{\"@type\":\"ListItem\",\"position\":2,\"name\":\"NX\u00cbN\u00cbSIT E SHKOLL\u00cbS\u201dSVETI SAVA\u201d E ZBUKURUAN SHKOLLEN P\u00cbR FESTA\"}]},{\"@type\":\"WebSite\",\"@id\":\"https:\\\/\\\/kt.gov.rs\\\/#website\",\"url\":\"https:\\\/\\\/kt.gov.rs\\\/\",\"name\":\"\u041a\u043e\u043e\u0440\u0434\u0438\u043d\u0430\u0446\u0438\u043e\u043d\u043e \u0442\u0435\u043b\u043e \u0412\u043b\u0430\u0434\u0435 \u0420\u0435\u043f\u0443\u0431\u043b\u0438\u043a\u0435 \u0421\u0440\u0431\u0438\u0458\u0435 \u0437\u0430 \u043e\u043f\u0448\u0442\u0438\u043d\u0435 \u041f\u0440\u0435\u0448\u0435\u0432\u043e, \u0411\u0443\u0458\u0430\u043d\u043e\u0432\u0430\u0446 \u0438 \u041c\u0435\u0434\u0432\u0435\u0452a\",\"description\":\"\",\"publisher\":{\"@id\":\"https:\\\/\\\/kt.gov.rs\\\/#organization\"},\"alternateName\":\"\u041a\u043e\u043e\u0440\u0434\u0438\u043d\u0430\u0446\u0438\u043e\u043d\u043e \u0442\u0435\u043b\u043e\",\"potentialAction\":[{\"@type\":\"SearchAction\",\"target\":{\"@type\":\"EntryPoint\",\"urlTemplate\":\"https:\\\/\\\/kt.gov.rs\\\/?s={search_term_string}\"},\"query-input\":{\"@type\":\"PropertyValueSpecification\",\"valueRequired\":true,\"valueName\":\"search_term_string\"}}],\"inLanguage\":\"sq-AL\"},{\"@type\":\"Organization\",\"@id\":\"https:\\\/\\\/kt.gov.rs\\\/#organization\",\"name\":\"\u041a\u043e\u043e\u0440\u0434\u0438\u043d\u0430\u0446\u0438\u043e\u043d\u043e \u0442\u0435\u043b\u043e \u0412\u043b\u0430\u0434\u0435 \u0420\u0435\u043f\u0443\u0431\u043b\u0438\u043a\u0435 \u0421\u0440\u0431\u0438\u0458\u0435 \u0437\u0430 \u043e\u043f\u0448\u0442\u0438\u043d\u0435 \u041f\u0440\u0435\u0448\u0435\u0432\u043e, \u0411\u0443\u0458\u0430\u043d\u043e\u0432\u0430\u0446 \u0438 \u041c\u0435\u0434\u0432\u0435\u0452a\",\"alternateName\":\"\u041a\u043e\u043e\u0440\u0434\u0438\u043d\u0430\u0446\u0438\u043e\u043d\u043e \u0442\u0435\u043b\u043e\",\"url\":\"https:\\\/\\\/kt.gov.rs\\\/\",\"logo\":{\"@type\":\"ImageObject\",\"inLanguage\":\"sq-AL\",\"@id\":\"https:\\\/\\\/kt.gov.rs\\\/#\\\/schema\\\/logo\\\/image\\\/\",\"url\":\"https:\\\/\\\/kt.gov.rs\\\/wp-content\\\/uploads\\\/2024\\\/12\\\/koord2.jpg\",\"contentUrl\":\"https:\\\/\\\/kt.gov.rs\\\/wp-content\\\/uploads\\\/2024\\\/12\\\/koord2.jpg\",\"width\":640,\"height\":480,\"caption\":\"\u041a\u043e\u043e\u0440\u0434\u0438\u043d\u0430\u0446\u0438\u043e\u043d\u043e \u0442\u0435\u043b\u043e \u0412\u043b\u0430\u0434\u0435 \u0420\u0435\u043f\u0443\u0431\u043b\u0438\u043a\u0435 \u0421\u0440\u0431\u0438\u0458\u0435 \u0437\u0430 \u043e\u043f\u0448\u0442\u0438\u043d\u0435 \u041f\u0440\u0435\u0448\u0435\u0432\u043e, \u0411\u0443\u0458\u0430\u043d\u043e\u0432\u0430\u0446 \u0438 \u041c\u0435\u0434\u0432\u0435\u0452a\"},\"image\":{\"@id\":\"https:\\\/\\\/kt.gov.rs\\\/#\\\/schema\\\/logo\\\/image\\\/\"},\"sameAs\":[\"https:\\\/\\\/www.facebook.com\\\/SluzbaKoordinacionogTelaVladeRepublikeSrbije\",\"https:\\\/\\\/x.com\\\/kt_gov\",\"https:\\\/\\\/www.youtube.com\\\/@koordinacionotelo\"]},{\"@type\":\"Person\",\"@id\":\"https:\\\/\\\/kt.gov.rs\\\/#\\\/schema\\\/person\\\/e426459ddb4173309103390602694571\",\"name\":\"ktmin\",\"image\":{\"@type\":\"ImageObject\",\"inLanguage\":\"sq-AL\",\"@id\":\"https:\\\/\\\/secure.gravatar.com\\\/avatar\\\/3985c961109853010c3fbc7ba30365bfba5db3dd6c525831d9c595c7525a615a?s=96&d=mm&r=g\",\"url\":\"https:\\\/\\\/secure.gravatar.com\\\/avatar\\\/3985c961109853010c3fbc7ba30365bfba5db3dd6c525831d9c595c7525a615a?s=96&d=mm&r=g\",\"contentUrl\":\"https:\\\/\\\/secure.gravatar.com\\\/avatar\\\/3985c961109853010c3fbc7ba30365bfba5db3dd6c525831d9c595c7525a615a?s=96&d=mm&r=g\",\"caption\":\"ktmin\"},\"sameAs\":[\"https:\\\/\\\/kt.gov.rs\"],\"url\":\"https:\\\/\\\/kt.gov.rs\\\/sq\\\/author\\\/ktmin\\\/\"}]}<\/script>\n<!-- \/ Yoast SEO plugin. -->","yoast_head_json":{"title":"NX\u00cbN\u00cbSIT E SHKOLL\u00cbS\u201dSVETI SAVA\u201d E ZBUKURUAN SHKOLLEN P\u00cbR FESTA - Republika e S\u00ebrbis\u00eb Trupi Koordinues p\u00ebr komunat Bujanoc, Preshev\u00eb dhe Medvegj\u00eb","robots":{"index":"index","follow":"follow","max-snippet":"max-snippet:-1","max-image-preview":"max-image-preview:large","max-video-preview":"max-video-preview:-1"},"canonical":"https:\/\/kt.gov.rs\/sq\/nxenesit-e-shkolles-sveti-sava-e-zbukuruan-shkollen-per-festa\/","og_locale":"sq_AL","og_type":"article","og_title":"NX\u00cbN\u00cbSIT E SHKOLL\u00cbS\u201dSVETI SAVA\u201d E ZBUKURUAN SHKOLLEN P\u00cbR FESTA - Republika e S\u00ebrbis\u00eb Trupi Koordinues p\u00ebr komunat Bujanoc, Preshev\u00eb dhe Medvegj\u00eb","og_description":"Bujanoc - Beograd\u00a0- Filloi kur nx\u00ebn\u00ebsit e nj\u00eb klase t\u00eb gjimnazit &quot;Sveti Sava&quot; n\u00eb Bujanoc, para se t\u00eb niseshin p\u00ebr pushime dim\u00ebrore, vet\u00eb mblodh\u00ebn para dhe e dekoruan klas\u00ebn. Klasat e tjera ndoq\u00ebn shembullin e tyre, dhe m\u00eb pas ata animuan m\u00ebsuesit dhe stafin tjet\u00ebr t\u00eb shkoll\u00ebs dhe dol\u00ebn me iden\u00eb p\u00ebr t\u00eb dekoruar hollin kryesore t\u00eb shkoll\u00ebs.","og_url":"https:\/\/kt.gov.rs\/sq\/nxenesit-e-shkolles-sveti-sava-e-zbukuruan-shkollen-per-festa\/","og_site_name":"Republika e S\u00ebrbis\u00eb Trupi Koordinues p\u00ebr komunat Bujanoc, Preshev\u00eb dhe Medvegj\u00eb","article_publisher":"https:\/\/www.facebook.com\/SluzbaKoordinacionogTelaVladeRepublikeSrbije","article_published_time":"2021-12-31T00:00:00+00:00","article_modified_time":"2024-07-30T17:58:13+00:00","og_image":[{"width":315,"height":230,"url":"https:\/\/kt.gov.rs\/wp-content\/uploads\/2024\/07\/1640944064_311221_2-3.jpg","type":"image\/jpeg"}],"author":"ktmin","twitter_card":"summary_large_image","twitter_creator":"@kt_gov","twitter_site":"@kt_gov","twitter_misc":{"Written by":"ktmin","Est. reading time":"2 minutes"},"schema":{"@context":"https:\/\/schema.org","@graph":[{"@type":"Article","@id":"https:\/\/kt.gov.rs\/sq\/nxenesit-e-shkolles-sveti-sava-e-zbukuruan-shkollen-per-festa\/#article","isPartOf":{"@id":"https:\/\/kt.gov.rs\/sq\/nxenesit-e-shkolles-sveti-sava-e-zbukuruan-shkollen-per-festa\/"},"author":{"name":"ktmin","@id":"https:\/\/kt.gov.rs\/#\/schema\/person\/e426459ddb4173309103390602694571"},"headline":"NX\u00cbN\u00cbSIT E SHKOLL\u00cbS\u201dSVETI SAVA\u201d E ZBUKURUAN SHKOLLEN P\u00cbR FESTA","datePublished":"2021-12-31T00:00:00+00:00","dateModified":"2024-07-30T17:58:13+00:00","mainEntityOfPage":{"@id":"https:\/\/kt.gov.rs\/sq\/nxenesit-e-shkolles-sveti-sava-e-zbukuruan-shkollen-per-festa\/"},"wordCount":459,"publisher":{"@id":"https:\/\/kt.gov.rs\/#organization"},"image":{"@id":"https:\/\/kt.gov.rs\/sq\/nxenesit-e-shkolles-sveti-sava-e-zbukuruan-shkollen-per-festa\/#primaryimage"},"thumbnailUrl":"https:\/\/kt.gov.rs\/wp-content\/uploads\/2024\/07\/1640944064_311221_2-3.jpg","articleSection":["Lajme"],"inLanguage":"sq-AL"},{"@type":"WebPage","@id":"https:\/\/kt.gov.rs\/sq\/nxenesit-e-shkolles-sveti-sava-e-zbukuruan-shkollen-per-festa\/","url":"https:\/\/kt.gov.rs\/sq\/nxenesit-e-shkolles-sveti-sava-e-zbukuruan-shkollen-per-festa\/","name":"NX\u00cbN\u00cbSIT E SHKOLL\u00cbS\u201dSVETI SAVA\u201d E ZBUKURUAN SHKOLLEN P\u00cbR FESTA - Republika e S\u00ebrbis\u00eb Trupi Koordinues p\u00ebr komunat Bujanoc, Preshev\u00eb dhe Medvegj\u00eb","isPartOf":{"@id":"https:\/\/kt.gov.rs\/#website"},"primaryImageOfPage":{"@id":"https:\/\/kt.gov.rs\/sq\/nxenesit-e-shkolles-sveti-sava-e-zbukuruan-shkollen-per-festa\/#primaryimage"},"image":{"@id":"https:\/\/kt.gov.rs\/sq\/nxenesit-e-shkolles-sveti-sava-e-zbukuruan-shkollen-per-festa\/#primaryimage"},"thumbnailUrl":"https:\/\/kt.gov.rs\/wp-content\/uploads\/2024\/07\/1640944064_311221_2-3.jpg","datePublished":"2021-12-31T00:00:00+00:00","dateModified":"2024-07-30T17:58:13+00:00","breadcrumb":{"@id":"https:\/\/kt.gov.rs\/sq\/nxenesit-e-shkolles-sveti-sava-e-zbukuruan-shkollen-per-festa\/#breadcrumb"},"inLanguage":"sq-AL","potentialAction":[{"@type":"ReadAction","target":["https:\/\/kt.gov.rs\/sq\/nxenesit-e-shkolles-sveti-sava-e-zbukuruan-shkollen-per-festa\/"]}]},{"@type":"ImageObject","inLanguage":"sq-AL","@id":"https:\/\/kt.gov.rs\/sq\/nxenesit-e-shkolles-sveti-sava-e-zbukuruan-shkollen-per-festa\/#primaryimage","url":"https:\/\/kt.gov.rs\/wp-content\/uploads\/2024\/07\/1640944064_311221_2-3.jpg","contentUrl":"https:\/\/kt.gov.rs\/wp-content\/uploads\/2024\/07\/1640944064_311221_2-3.jpg","width":315,"height":230},{"@type":"BreadcrumbList","@id":"https:\/\/kt.gov.rs\/sq\/nxenesit-e-shkolles-sveti-sava-e-zbukuruan-shkollen-per-festa\/#breadcrumb","itemListElement":[{"@type":"ListItem","position":1,"name":"\u041f\u043e\u0447\u0435\u0442\u043d\u0430","item":"https:\/\/kt.gov.rs\/sq\/"},{"@type":"ListItem","position":2,"name":"NX\u00cbN\u00cbSIT E SHKOLL\u00cbS\u201dSVETI SAVA\u201d E ZBUKURUAN SHKOLLEN P\u00cbR FESTA"}]},{"@type":"WebSite","@id":"https:\/\/kt.gov.rs\/#website","url":"https:\/\/kt.gov.rs\/","name":"\u041a\u043e\u043e\u0440\u0434\u0438\u043d\u0430\u0446\u0438\u043e\u043d\u043e \u0442\u0435\u043b\u043e \u0412\u043b\u0430\u0434\u0435 \u0420\u0435\u043f\u0443\u0431\u043b\u0438\u043a\u0435 \u0421\u0440\u0431\u0438\u0458\u0435 \u0437\u0430 \u043e\u043f\u0448\u0442\u0438\u043d\u0435 \u041f\u0440\u0435\u0448\u0435\u0432\u043e, \u0411\u0443\u0458\u0430\u043d\u043e\u0432\u0430\u0446 \u0438 \u041c\u0435\u0434\u0432\u0435\u0452a","description":"","publisher":{"@id":"https:\/\/kt.gov.rs\/#organization"},"alternateName":"\u041a\u043e\u043e\u0440\u0434\u0438\u043d\u0430\u0446\u0438\u043e\u043d\u043e \u0442\u0435\u043b\u043e","potentialAction":[{"@type":"SearchAction","target":{"@type":"EntryPoint","urlTemplate":"https:\/\/kt.gov.rs\/?s={search_term_string}"},"query-input":{"@type":"PropertyValueSpecification","valueRequired":true,"valueName":"search_term_string"}}],"inLanguage":"sq-AL"},{"@type":"Organization","@id":"https:\/\/kt.gov.rs\/#organization","name":"\u041a\u043e\u043e\u0440\u0434\u0438\u043d\u0430\u0446\u0438\u043e\u043d\u043e \u0442\u0435\u043b\u043e \u0412\u043b\u0430\u0434\u0435 \u0420\u0435\u043f\u0443\u0431\u043b\u0438\u043a\u0435 \u0421\u0440\u0431\u0438\u0458\u0435 \u0437\u0430 \u043e\u043f\u0448\u0442\u0438\u043d\u0435 \u041f\u0440\u0435\u0448\u0435\u0432\u043e, \u0411\u0443\u0458\u0430\u043d\u043e\u0432\u0430\u0446 \u0438 \u041c\u0435\u0434\u0432\u0435\u0452a","alternateName":"\u041a\u043e\u043e\u0440\u0434\u0438\u043d\u0430\u0446\u0438\u043e\u043d\u043e \u0442\u0435\u043b\u043e","url":"https:\/\/kt.gov.rs\/","logo":{"@type":"ImageObject","inLanguage":"sq-AL","@id":"https:\/\/kt.gov.rs\/#\/schema\/logo\/image\/","url":"https:\/\/kt.gov.rs\/wp-content\/uploads\/2024\/12\/koord2.jpg","contentUrl":"https:\/\/kt.gov.rs\/wp-content\/uploads\/2024\/12\/koord2.jpg","width":640,"height":480,"caption":"\u041a\u043e\u043e\u0440\u0434\u0438\u043d\u0430\u0446\u0438\u043e\u043d\u043e \u0442\u0435\u043b\u043e \u0412\u043b\u0430\u0434\u0435 \u0420\u0435\u043f\u0443\u0431\u043b\u0438\u043a\u0435 \u0421\u0440\u0431\u0438\u0458\u0435 \u0437\u0430 \u043e\u043f\u0448\u0442\u0438\u043d\u0435 \u041f\u0440\u0435\u0448\u0435\u0432\u043e, \u0411\u0443\u0458\u0430\u043d\u043e\u0432\u0430\u0446 \u0438 \u041c\u0435\u0434\u0432\u0435\u0452a"},"image":{"@id":"https:\/\/kt.gov.rs\/#\/schema\/logo\/image\/"},"sameAs":["https:\/\/www.facebook.com\/SluzbaKoordinacionogTelaVladeRepublikeSrbije","https:\/\/x.com\/kt_gov","https:\/\/www.youtube.com\/@koordinacionotelo"]},{"@type":"Person","@id":"https:\/\/kt.gov.rs\/#\/schema\/person\/e426459ddb4173309103390602694571","name":"ktmin","image":{"@type":"ImageObject","inLanguage":"sq-AL","@id":"https:\/\/secure.gravatar.com\/avatar\/3985c961109853010c3fbc7ba30365bfba5db3dd6c525831d9c595c7525a615a?s=96&d=mm&r=g","url":"https:\/\/secure.gravatar.com\/avatar\/3985c961109853010c3fbc7ba30365bfba5db3dd6c525831d9c595c7525a615a?s=96&d=mm&r=g","contentUrl":"https:\/\/secure.gravatar.com\/avatar\/3985c961109853010c3fbc7ba30365bfba5db3dd6c525831d9c595c7525a615a?s=96&d=mm&r=g","caption":"ktmin"},"sameAs":["https:\/\/kt.gov.rs"],"url":"https:\/\/kt.gov.rs\/sq\/author\/ktmin\/"}]}},"_links":{"self":[{"href":"https:\/\/kt.gov.rs\/sq\/wp-json\/wp\/v2\/posts\/108480","targetHints":{"allow":["GET"]}}],"collection":[{"href":"https:\/\/kt.gov.rs\/sq\/wp-json\/wp\/v2\/posts"}],"about":[{"href":"https:\/\/kt.gov.rs\/sq\/wp-json\/wp\/v2\/types\/post"}],"author":[{"embeddable":true,"href":"https:\/\/kt.gov.rs\/sq\/wp-json\/wp\/v2\/users\/1"}],"replies":[{"embeddable":true,"href":"https:\/\/kt.gov.rs\/sq\/wp-json\/wp\/v2\/comments?post=108480"}],"version-history":[{"count":1,"href":"https:\/\/kt.gov.rs\/sq\/wp-json\/wp\/v2\/posts\/108480\/revisions"}],"predecessor-version":[{"id":108484,"href":"https:\/\/kt.gov.rs\/sq\/wp-json\/wp\/v2\/posts\/108480\/revisions\/108484"}],"wp:featuredmedia":[{"embeddable":true,"href":"https:\/\/kt.gov.rs\/sq\/wp-json\/wp\/v2\/media\/108485"}],"wp:attachment":[{"href":"https:\/\/kt.gov.rs\/sq\/wp-json\/wp\/v2\/media?parent=108480"}],"wp:term":[{"taxonomy":"category","embeddable":true,"href":"https:\/\/kt.gov.rs\/sq\/wp-json\/wp\/v2\/categories?post=108480"},{"taxonomy":"post_tag","embeddable":true,"href":"https:\/\/kt.gov.rs\/sq\/wp-json\/wp\/v2\/tags?post=108480"}],"curies":[{"name":"wp","href":"https:\/\/api.w.org\/{rel}","templated":true}]}}