{"id":108464,"date":"2022-01-10T00:00:00","date_gmt":"2022-01-10T00:00:00","guid":{"rendered":"http:\/\/kt.printandscreen.rs\/zyra-per-te-rinje-ne-presheve-ka-filluar-projektin-e-pare-ne-kuader-te-shkolles-se-it-se\/"},"modified":"2024-07-30T17:58:11","modified_gmt":"2024-07-30T17:58:11","slug":"zyra-per-te-rinje-ne-presheve-ka-filluar-projektin-e-pare-ne-kuader-te-shkolles-se-it-se","status":"publish","type":"post","link":"https:\/\/kt.gov.rs\/sq\/zyra-per-te-rinje-ne-presheve-ka-filluar-projektin-e-pare-ne-kuader-te-shkolles-se-it-se\/","title":{"rendered":"ZYRA P\u00cbR T\u00cb RINJ\u00cb N\u00cb PRESHEV\u00cb KA FILLUAR PROJEKTIN E PAR\u00cb N\u00cb KUAD\u00cbR T\u00cb SHKOLL\u00cbS S\u00cb IT-S\u00cb"},"content":{"rendered":"<p>\n\t<img decoding=\"async\" alt=\"\" src=\"https:\/\/kt.gov.rs\/wp-content\/uploads\/2024\/07\/1641809680_100122_2-2.jpg\" style=\"width: 315px; height: 230px; float: left;\" \/><\/p>\n<p>\n\t<strong>Preshev\u00eb \u2013 Beograd<\/strong> \u2013 Shkolla e IT do t\u00eb mbahet gjat\u00eb fundjav\u00ebs n\u00eb ambientet e ZPR, ku n\u00eb kuad\u00ebr t\u00eb projektit do t\u00eb zhvillohen kurse falas n\u00eb 4 l\u00ebnd\u00eb:<\/p>\n<p>\n\t\u2013 Diagnostifikimi dhe riparimi kompjuterik<\/p>\n<p>\n\t\u2013 Adobe \u200b\u200bPhotoshop<\/p>\n<p>\n\t\u2013 Gjuha e programimit C<\/p>\n<p>\n\t\u2013 Web Dizajn<\/p>\n<p>\n\t\u201cSot kemi filluar me kurse kompjuterike. Ky projekt ka p\u00ebrmbajtje edukative q\u00eb synon trajnim cil\u00ebsor p\u00ebr t\u00eb gjith\u00eb t\u00eb rinjt\u00eb q\u00eb d\u00ebshirojn\u00eb t\u00eb fitojn\u00eb njohuri dhe aft\u00ebsi t\u00eb reja n\u00eb fush\u00ebn e IT-s\u00eb, dizajnit, riparimit t\u00eb kompjuterit dhe aft\u00ebsive softkill\u201d, tha koordinatori i Zyr\u00ebs p\u00ebr t\u00eb Rinj\u00eb n\u00eb Preshev\u00eb, Shk\u00eblzen Kamberi.<\/p>\n<p>\n\tT\u00eb gjitha programet arsimore p\u00ebrmbajn\u00eb m\u00ebsime video, teste dhe detyra t\u00eb zhvilluara nga m\u00ebsuesit e l\u00ebnd\u00ebve p\u00ebrkat\u00ebse.<\/p>\n<p>\n\t<strong>Burimi: Zyra p\u00ebr t\u00eb Rinj\u00eb n\u00eb Preshev\u00eb, Trupi Koordinues<\/strong><\/p>\n<p>\n\t\u00a0<\/p>\n","protected":false},"excerpt":{"rendered":"<p>Preshev\u00eb \u2013 Beograd\u00a0\u2013 Shkolla e IT do t\u00eb mbahet gjat\u00eb fundjav\u00ebs n\u00eb ambientet e ZPR, ku n\u00eb kuad\u00ebr t\u00eb projektit do t\u00eb zhvillohen kurse falas n\u00eb 4 l\u00ebnd\u00eb:<\/p>\n","protected":false},"author":1,"featured_media":108469,"comment_status":"closed","ping_status":"closed","sticky":false,"template":"","format":"standard","meta":{"footnotes":""},"categories":[55],"tags":[],"class_list":["post-108464","post","type-post","status-publish","format-standard","has-post-thumbnail","hentry","category-lajme"],"yoast_head":"<!-- This site is optimized with the Yoast SEO plugin v27.5 - https:\/\/yoast.com\/product\/yoast-seo-wordpress\/ -->\n<title>ZYRA P\u00cbR T\u00cb RINJ\u00cb N\u00cb PRESHEV\u00cb KA FILLUAR PROJEKTIN E PAR\u00cb N\u00cb KUAD\u00cbR T\u00cb SHKOLL\u00cbS S\u00cb IT-S\u00cb - Republika e S\u00ebrbis\u00eb Trupi Koordinues p\u00ebr komunat Bujanoc, Preshev\u00eb dhe Medvegj\u00eb<\/title>\n<meta name=\"robots\" content=\"index, follow, max-snippet:-1, max-image-preview:large, max-video-preview:-1\" \/>\n<link rel=\"canonical\" href=\"https:\/\/kt.gov.rs\/sq\/zyra-per-te-rinje-ne-presheve-ka-filluar-projektin-e-pare-ne-kuader-te-shkolles-se-it-se\/\" \/>\n<meta property=\"og:locale\" content=\"sq_AL\" \/>\n<meta property=\"og:type\" content=\"article\" \/>\n<meta property=\"og:title\" content=\"ZYRA P\u00cbR T\u00cb RINJ\u00cb N\u00cb PRESHEV\u00cb KA FILLUAR PROJEKTIN E PAR\u00cb N\u00cb KUAD\u00cbR T\u00cb SHKOLL\u00cbS S\u00cb IT-S\u00cb - Republika e S\u00ebrbis\u00eb Trupi Koordinues p\u00ebr komunat Bujanoc, Preshev\u00eb dhe Medvegj\u00eb\" \/>\n<meta property=\"og:description\" content=\"Preshev\u00eb \u2013 Beograd\u00a0- Shkolla e IT do t\u00eb mbahet gjat\u00eb fundjav\u00ebs n\u00eb ambientet e ZPR, ku n\u00eb kuad\u00ebr t\u00eb projektit do t\u00eb zhvillohen kurse falas n\u00eb 4 l\u00ebnd\u00eb:\" \/>\n<meta property=\"og:url\" content=\"https:\/\/kt.gov.rs\/sq\/zyra-per-te-rinje-ne-presheve-ka-filluar-projektin-e-pare-ne-kuader-te-shkolles-se-it-se\/\" \/>\n<meta property=\"og:site_name\" content=\"Republika e S\u00ebrbis\u00eb Trupi Koordinues p\u00ebr komunat Bujanoc, Preshev\u00eb dhe Medvegj\u00eb\" \/>\n<meta property=\"article:publisher\" content=\"https:\/\/www.facebook.com\/SluzbaKoordinacionogTelaVladeRepublikeSrbije\" \/>\n<meta property=\"article:published_time\" content=\"2022-01-10T00:00:00+00:00\" \/>\n<meta property=\"article:modified_time\" content=\"2024-07-30T17:58:11+00:00\" \/>\n<meta property=\"og:image\" content=\"https:\/\/kt.gov.rs\/wp-content\/uploads\/2024\/07\/1641809680_100122_2-3.jpg\" \/>\n\t<meta property=\"og:image:width\" content=\"315\" \/>\n\t<meta property=\"og:image:height\" content=\"230\" \/>\n\t<meta property=\"og:image:type\" content=\"image\/jpeg\" \/>\n<meta name=\"author\" content=\"ktmin\" \/>\n<meta name=\"twitter:card\" content=\"summary_large_image\" \/>\n<meta name=\"twitter:creator\" content=\"@kt_gov\" \/>\n<meta name=\"twitter:site\" content=\"@kt_gov\" \/>\n<meta name=\"twitter:label1\" content=\"Written by\" \/>\n\t<meta name=\"twitter:data1\" content=\"ktmin\" \/>\n\t<meta name=\"twitter:label2\" content=\"Est. reading time\" \/>\n\t<meta name=\"twitter:data2\" content=\"1 minute\" \/>\n<script type=\"application\/ld+json\" class=\"yoast-schema-graph\">{\"@context\":\"https:\\\/\\\/schema.org\",\"@graph\":[{\"@type\":\"Article\",\"@id\":\"https:\\\/\\\/kt.gov.rs\\\/sq\\\/zyra-per-te-rinje-ne-presheve-ka-filluar-projektin-e-pare-ne-kuader-te-shkolles-se-it-se\\\/#article\",\"isPartOf\":{\"@id\":\"https:\\\/\\\/kt.gov.rs\\\/sq\\\/zyra-per-te-rinje-ne-presheve-ka-filluar-projektin-e-pare-ne-kuader-te-shkolles-se-it-se\\\/\"},\"author\":{\"name\":\"ktmin\",\"@id\":\"https:\\\/\\\/kt.gov.rs\\\/#\\\/schema\\\/person\\\/e426459ddb4173309103390602694571\"},\"headline\":\"ZYRA P\u00cbR T\u00cb RINJ\u00cb N\u00cb PRESHEV\u00cb KA FILLUAR PROJEKTIN E PAR\u00cb N\u00cb KUAD\u00cbR T\u00cb SHKOLL\u00cbS S\u00cb IT-S\u00cb\",\"datePublished\":\"2022-01-10T00:00:00+00:00\",\"dateModified\":\"2024-07-30T17:58:11+00:00\",\"mainEntityOfPage\":{\"@id\":\"https:\\\/\\\/kt.gov.rs\\\/sq\\\/zyra-per-te-rinje-ne-presheve-ka-filluar-projektin-e-pare-ne-kuader-te-shkolles-se-it-se\\\/\"},\"wordCount\":219,\"publisher\":{\"@id\":\"https:\\\/\\\/kt.gov.rs\\\/#organization\"},\"image\":{\"@id\":\"https:\\\/\\\/kt.gov.rs\\\/sq\\\/zyra-per-te-rinje-ne-presheve-ka-filluar-projektin-e-pare-ne-kuader-te-shkolles-se-it-se\\\/#primaryimage\"},\"thumbnailUrl\":\"https:\\\/\\\/kt.gov.rs\\\/wp-content\\\/uploads\\\/2024\\\/07\\\/1641809680_100122_2-3.jpg\",\"articleSection\":[\"Lajme\"],\"inLanguage\":\"sq-AL\"},{\"@type\":\"WebPage\",\"@id\":\"https:\\\/\\\/kt.gov.rs\\\/sq\\\/zyra-per-te-rinje-ne-presheve-ka-filluar-projektin-e-pare-ne-kuader-te-shkolles-se-it-se\\\/\",\"url\":\"https:\\\/\\\/kt.gov.rs\\\/sq\\\/zyra-per-te-rinje-ne-presheve-ka-filluar-projektin-e-pare-ne-kuader-te-shkolles-se-it-se\\\/\",\"name\":\"ZYRA P\u00cbR T\u00cb RINJ\u00cb N\u00cb PRESHEV\u00cb KA FILLUAR PROJEKTIN E PAR\u00cb N\u00cb KUAD\u00cbR T\u00cb SHKOLL\u00cbS S\u00cb IT-S\u00cb - Republika e S\u00ebrbis\u00eb Trupi Koordinues p\u00ebr komunat Bujanoc, Preshev\u00eb dhe Medvegj\u00eb\",\"isPartOf\":{\"@id\":\"https:\\\/\\\/kt.gov.rs\\\/#website\"},\"primaryImageOfPage\":{\"@id\":\"https:\\\/\\\/kt.gov.rs\\\/sq\\\/zyra-per-te-rinje-ne-presheve-ka-filluar-projektin-e-pare-ne-kuader-te-shkolles-se-it-se\\\/#primaryimage\"},\"image\":{\"@id\":\"https:\\\/\\\/kt.gov.rs\\\/sq\\\/zyra-per-te-rinje-ne-presheve-ka-filluar-projektin-e-pare-ne-kuader-te-shkolles-se-it-se\\\/#primaryimage\"},\"thumbnailUrl\":\"https:\\\/\\\/kt.gov.rs\\\/wp-content\\\/uploads\\\/2024\\\/07\\\/1641809680_100122_2-3.jpg\",\"datePublished\":\"2022-01-10T00:00:00+00:00\",\"dateModified\":\"2024-07-30T17:58:11+00:00\",\"breadcrumb\":{\"@id\":\"https:\\\/\\\/kt.gov.rs\\\/sq\\\/zyra-per-te-rinje-ne-presheve-ka-filluar-projektin-e-pare-ne-kuader-te-shkolles-se-it-se\\\/#breadcrumb\"},\"inLanguage\":\"sq-AL\",\"potentialAction\":[{\"@type\":\"ReadAction\",\"target\":[\"https:\\\/\\\/kt.gov.rs\\\/sq\\\/zyra-per-te-rinje-ne-presheve-ka-filluar-projektin-e-pare-ne-kuader-te-shkolles-se-it-se\\\/\"]}]},{\"@type\":\"ImageObject\",\"inLanguage\":\"sq-AL\",\"@id\":\"https:\\\/\\\/kt.gov.rs\\\/sq\\\/zyra-per-te-rinje-ne-presheve-ka-filluar-projektin-e-pare-ne-kuader-te-shkolles-se-it-se\\\/#primaryimage\",\"url\":\"https:\\\/\\\/kt.gov.rs\\\/wp-content\\\/uploads\\\/2024\\\/07\\\/1641809680_100122_2-3.jpg\",\"contentUrl\":\"https:\\\/\\\/kt.gov.rs\\\/wp-content\\\/uploads\\\/2024\\\/07\\\/1641809680_100122_2-3.jpg\",\"width\":315,\"height\":230},{\"@type\":\"BreadcrumbList\",\"@id\":\"https:\\\/\\\/kt.gov.rs\\\/sq\\\/zyra-per-te-rinje-ne-presheve-ka-filluar-projektin-e-pare-ne-kuader-te-shkolles-se-it-se\\\/#breadcrumb\",\"itemListElement\":[{\"@type\":\"ListItem\",\"position\":1,\"name\":\"\u041f\u043e\u0447\u0435\u0442\u043d\u0430\",\"item\":\"https:\\\/\\\/kt.gov.rs\\\/sq\\\/\"},{\"@type\":\"ListItem\",\"position\":2,\"name\":\"ZYRA P\u00cbR T\u00cb RINJ\u00cb N\u00cb PRESHEV\u00cb KA FILLUAR PROJEKTIN E PAR\u00cb N\u00cb KUAD\u00cbR T\u00cb SHKOLL\u00cbS S\u00cb IT-S\u00cb\"}]},{\"@type\":\"WebSite\",\"@id\":\"https:\\\/\\\/kt.gov.rs\\\/#website\",\"url\":\"https:\\\/\\\/kt.gov.rs\\\/\",\"name\":\"\u041a\u043e\u043e\u0440\u0434\u0438\u043d\u0430\u0446\u0438\u043e\u043d\u043e \u0442\u0435\u043b\u043e \u0412\u043b\u0430\u0434\u0435 \u0420\u0435\u043f\u0443\u0431\u043b\u0438\u043a\u0435 \u0421\u0440\u0431\u0438\u0458\u0435 \u0437\u0430 \u043e\u043f\u0448\u0442\u0438\u043d\u0435 \u041f\u0440\u0435\u0448\u0435\u0432\u043e, \u0411\u0443\u0458\u0430\u043d\u043e\u0432\u0430\u0446 \u0438 \u041c\u0435\u0434\u0432\u0435\u0452a\",\"description\":\"\",\"publisher\":{\"@id\":\"https:\\\/\\\/kt.gov.rs\\\/#organization\"},\"alternateName\":\"\u041a\u043e\u043e\u0440\u0434\u0438\u043d\u0430\u0446\u0438\u043e\u043d\u043e \u0442\u0435\u043b\u043e\",\"potentialAction\":[{\"@type\":\"SearchAction\",\"target\":{\"@type\":\"EntryPoint\",\"urlTemplate\":\"https:\\\/\\\/kt.gov.rs\\\/?s={search_term_string}\"},\"query-input\":{\"@type\":\"PropertyValueSpecification\",\"valueRequired\":true,\"valueName\":\"search_term_string\"}}],\"inLanguage\":\"sq-AL\"},{\"@type\":\"Organization\",\"@id\":\"https:\\\/\\\/kt.gov.rs\\\/#organization\",\"name\":\"\u041a\u043e\u043e\u0440\u0434\u0438\u043d\u0430\u0446\u0438\u043e\u043d\u043e \u0442\u0435\u043b\u043e \u0412\u043b\u0430\u0434\u0435 \u0420\u0435\u043f\u0443\u0431\u043b\u0438\u043a\u0435 \u0421\u0440\u0431\u0438\u0458\u0435 \u0437\u0430 \u043e\u043f\u0448\u0442\u0438\u043d\u0435 \u041f\u0440\u0435\u0448\u0435\u0432\u043e, \u0411\u0443\u0458\u0430\u043d\u043e\u0432\u0430\u0446 \u0438 \u041c\u0435\u0434\u0432\u0435\u0452a\",\"alternateName\":\"\u041a\u043e\u043e\u0440\u0434\u0438\u043d\u0430\u0446\u0438\u043e\u043d\u043e \u0442\u0435\u043b\u043e\",\"url\":\"https:\\\/\\\/kt.gov.rs\\\/\",\"logo\":{\"@type\":\"ImageObject\",\"inLanguage\":\"sq-AL\",\"@id\":\"https:\\\/\\\/kt.gov.rs\\\/#\\\/schema\\\/logo\\\/image\\\/\",\"url\":\"https:\\\/\\\/kt.gov.rs\\\/wp-content\\\/uploads\\\/2024\\\/12\\\/koord2.jpg\",\"contentUrl\":\"https:\\\/\\\/kt.gov.rs\\\/wp-content\\\/uploads\\\/2024\\\/12\\\/koord2.jpg\",\"width\":640,\"height\":480,\"caption\":\"\u041a\u043e\u043e\u0440\u0434\u0438\u043d\u0430\u0446\u0438\u043e\u043d\u043e \u0442\u0435\u043b\u043e \u0412\u043b\u0430\u0434\u0435 \u0420\u0435\u043f\u0443\u0431\u043b\u0438\u043a\u0435 \u0421\u0440\u0431\u0438\u0458\u0435 \u0437\u0430 \u043e\u043f\u0448\u0442\u0438\u043d\u0435 \u041f\u0440\u0435\u0448\u0435\u0432\u043e, \u0411\u0443\u0458\u0430\u043d\u043e\u0432\u0430\u0446 \u0438 \u041c\u0435\u0434\u0432\u0435\u0452a\"},\"image\":{\"@id\":\"https:\\\/\\\/kt.gov.rs\\\/#\\\/schema\\\/logo\\\/image\\\/\"},\"sameAs\":[\"https:\\\/\\\/www.facebook.com\\\/SluzbaKoordinacionogTelaVladeRepublikeSrbije\",\"https:\\\/\\\/x.com\\\/kt_gov\",\"https:\\\/\\\/www.youtube.com\\\/@koordinacionotelo\"]},{\"@type\":\"Person\",\"@id\":\"https:\\\/\\\/kt.gov.rs\\\/#\\\/schema\\\/person\\\/e426459ddb4173309103390602694571\",\"name\":\"ktmin\",\"image\":{\"@type\":\"ImageObject\",\"inLanguage\":\"sq-AL\",\"@id\":\"https:\\\/\\\/secure.gravatar.com\\\/avatar\\\/3985c961109853010c3fbc7ba30365bfba5db3dd6c525831d9c595c7525a615a?s=96&d=mm&r=g\",\"url\":\"https:\\\/\\\/secure.gravatar.com\\\/avatar\\\/3985c961109853010c3fbc7ba30365bfba5db3dd6c525831d9c595c7525a615a?s=96&d=mm&r=g\",\"contentUrl\":\"https:\\\/\\\/secure.gravatar.com\\\/avatar\\\/3985c961109853010c3fbc7ba30365bfba5db3dd6c525831d9c595c7525a615a?s=96&d=mm&r=g\",\"caption\":\"ktmin\"},\"sameAs\":[\"https:\\\/\\\/kt.gov.rs\"],\"url\":\"https:\\\/\\\/kt.gov.rs\\\/sq\\\/author\\\/ktmin\\\/\"}]}<\/script>\n<!-- \/ Yoast SEO plugin. -->","yoast_head_json":{"title":"ZYRA P\u00cbR T\u00cb RINJ\u00cb N\u00cb PRESHEV\u00cb KA FILLUAR PROJEKTIN E PAR\u00cb N\u00cb KUAD\u00cbR T\u00cb SHKOLL\u00cbS S\u00cb IT-S\u00cb - Republika e S\u00ebrbis\u00eb Trupi Koordinues p\u00ebr komunat Bujanoc, Preshev\u00eb dhe Medvegj\u00eb","robots":{"index":"index","follow":"follow","max-snippet":"max-snippet:-1","max-image-preview":"max-image-preview:large","max-video-preview":"max-video-preview:-1"},"canonical":"https:\/\/kt.gov.rs\/sq\/zyra-per-te-rinje-ne-presheve-ka-filluar-projektin-e-pare-ne-kuader-te-shkolles-se-it-se\/","og_locale":"sq_AL","og_type":"article","og_title":"ZYRA P\u00cbR T\u00cb RINJ\u00cb N\u00cb PRESHEV\u00cb KA FILLUAR PROJEKTIN E PAR\u00cb N\u00cb KUAD\u00cbR T\u00cb SHKOLL\u00cbS S\u00cb IT-S\u00cb - Republika e S\u00ebrbis\u00eb Trupi Koordinues p\u00ebr komunat Bujanoc, Preshev\u00eb dhe Medvegj\u00eb","og_description":"Preshev\u00eb \u2013 Beograd\u00a0- Shkolla e IT do t\u00eb mbahet gjat\u00eb fundjav\u00ebs n\u00eb ambientet e ZPR, ku n\u00eb kuad\u00ebr t\u00eb projektit do t\u00eb zhvillohen kurse falas n\u00eb 4 l\u00ebnd\u00eb:","og_url":"https:\/\/kt.gov.rs\/sq\/zyra-per-te-rinje-ne-presheve-ka-filluar-projektin-e-pare-ne-kuader-te-shkolles-se-it-se\/","og_site_name":"Republika e S\u00ebrbis\u00eb Trupi Koordinues p\u00ebr komunat Bujanoc, Preshev\u00eb dhe Medvegj\u00eb","article_publisher":"https:\/\/www.facebook.com\/SluzbaKoordinacionogTelaVladeRepublikeSrbije","article_published_time":"2022-01-10T00:00:00+00:00","article_modified_time":"2024-07-30T17:58:11+00:00","og_image":[{"width":315,"height":230,"url":"https:\/\/kt.gov.rs\/wp-content\/uploads\/2024\/07\/1641809680_100122_2-3.jpg","type":"image\/jpeg"}],"author":"ktmin","twitter_card":"summary_large_image","twitter_creator":"@kt_gov","twitter_site":"@kt_gov","twitter_misc":{"Written by":"ktmin","Est. reading time":"1 minute"},"schema":{"@context":"https:\/\/schema.org","@graph":[{"@type":"Article","@id":"https:\/\/kt.gov.rs\/sq\/zyra-per-te-rinje-ne-presheve-ka-filluar-projektin-e-pare-ne-kuader-te-shkolles-se-it-se\/#article","isPartOf":{"@id":"https:\/\/kt.gov.rs\/sq\/zyra-per-te-rinje-ne-presheve-ka-filluar-projektin-e-pare-ne-kuader-te-shkolles-se-it-se\/"},"author":{"name":"ktmin","@id":"https:\/\/kt.gov.rs\/#\/schema\/person\/e426459ddb4173309103390602694571"},"headline":"ZYRA P\u00cbR T\u00cb RINJ\u00cb N\u00cb PRESHEV\u00cb KA FILLUAR PROJEKTIN E PAR\u00cb N\u00cb KUAD\u00cbR T\u00cb SHKOLL\u00cbS S\u00cb IT-S\u00cb","datePublished":"2022-01-10T00:00:00+00:00","dateModified":"2024-07-30T17:58:11+00:00","mainEntityOfPage":{"@id":"https:\/\/kt.gov.rs\/sq\/zyra-per-te-rinje-ne-presheve-ka-filluar-projektin-e-pare-ne-kuader-te-shkolles-se-it-se\/"},"wordCount":219,"publisher":{"@id":"https:\/\/kt.gov.rs\/#organization"},"image":{"@id":"https:\/\/kt.gov.rs\/sq\/zyra-per-te-rinje-ne-presheve-ka-filluar-projektin-e-pare-ne-kuader-te-shkolles-se-it-se\/#primaryimage"},"thumbnailUrl":"https:\/\/kt.gov.rs\/wp-content\/uploads\/2024\/07\/1641809680_100122_2-3.jpg","articleSection":["Lajme"],"inLanguage":"sq-AL"},{"@type":"WebPage","@id":"https:\/\/kt.gov.rs\/sq\/zyra-per-te-rinje-ne-presheve-ka-filluar-projektin-e-pare-ne-kuader-te-shkolles-se-it-se\/","url":"https:\/\/kt.gov.rs\/sq\/zyra-per-te-rinje-ne-presheve-ka-filluar-projektin-e-pare-ne-kuader-te-shkolles-se-it-se\/","name":"ZYRA P\u00cbR T\u00cb RINJ\u00cb N\u00cb PRESHEV\u00cb KA FILLUAR PROJEKTIN E PAR\u00cb N\u00cb KUAD\u00cbR T\u00cb SHKOLL\u00cbS S\u00cb IT-S\u00cb - Republika e S\u00ebrbis\u00eb Trupi Koordinues p\u00ebr komunat Bujanoc, Preshev\u00eb dhe Medvegj\u00eb","isPartOf":{"@id":"https:\/\/kt.gov.rs\/#website"},"primaryImageOfPage":{"@id":"https:\/\/kt.gov.rs\/sq\/zyra-per-te-rinje-ne-presheve-ka-filluar-projektin-e-pare-ne-kuader-te-shkolles-se-it-se\/#primaryimage"},"image":{"@id":"https:\/\/kt.gov.rs\/sq\/zyra-per-te-rinje-ne-presheve-ka-filluar-projektin-e-pare-ne-kuader-te-shkolles-se-it-se\/#primaryimage"},"thumbnailUrl":"https:\/\/kt.gov.rs\/wp-content\/uploads\/2024\/07\/1641809680_100122_2-3.jpg","datePublished":"2022-01-10T00:00:00+00:00","dateModified":"2024-07-30T17:58:11+00:00","breadcrumb":{"@id":"https:\/\/kt.gov.rs\/sq\/zyra-per-te-rinje-ne-presheve-ka-filluar-projektin-e-pare-ne-kuader-te-shkolles-se-it-se\/#breadcrumb"},"inLanguage":"sq-AL","potentialAction":[{"@type":"ReadAction","target":["https:\/\/kt.gov.rs\/sq\/zyra-per-te-rinje-ne-presheve-ka-filluar-projektin-e-pare-ne-kuader-te-shkolles-se-it-se\/"]}]},{"@type":"ImageObject","inLanguage":"sq-AL","@id":"https:\/\/kt.gov.rs\/sq\/zyra-per-te-rinje-ne-presheve-ka-filluar-projektin-e-pare-ne-kuader-te-shkolles-se-it-se\/#primaryimage","url":"https:\/\/kt.gov.rs\/wp-content\/uploads\/2024\/07\/1641809680_100122_2-3.jpg","contentUrl":"https:\/\/kt.gov.rs\/wp-content\/uploads\/2024\/07\/1641809680_100122_2-3.jpg","width":315,"height":230},{"@type":"BreadcrumbList","@id":"https:\/\/kt.gov.rs\/sq\/zyra-per-te-rinje-ne-presheve-ka-filluar-projektin-e-pare-ne-kuader-te-shkolles-se-it-se\/#breadcrumb","itemListElement":[{"@type":"ListItem","position":1,"name":"\u041f\u043e\u0447\u0435\u0442\u043d\u0430","item":"https:\/\/kt.gov.rs\/sq\/"},{"@type":"ListItem","position":2,"name":"ZYRA P\u00cbR T\u00cb RINJ\u00cb N\u00cb PRESHEV\u00cb KA FILLUAR PROJEKTIN E PAR\u00cb N\u00cb KUAD\u00cbR T\u00cb SHKOLL\u00cbS S\u00cb IT-S\u00cb"}]},{"@type":"WebSite","@id":"https:\/\/kt.gov.rs\/#website","url":"https:\/\/kt.gov.rs\/","name":"\u041a\u043e\u043e\u0440\u0434\u0438\u043d\u0430\u0446\u0438\u043e\u043d\u043e \u0442\u0435\u043b\u043e \u0412\u043b\u0430\u0434\u0435 \u0420\u0435\u043f\u0443\u0431\u043b\u0438\u043a\u0435 \u0421\u0440\u0431\u0438\u0458\u0435 \u0437\u0430 \u043e\u043f\u0448\u0442\u0438\u043d\u0435 \u041f\u0440\u0435\u0448\u0435\u0432\u043e, \u0411\u0443\u0458\u0430\u043d\u043e\u0432\u0430\u0446 \u0438 \u041c\u0435\u0434\u0432\u0435\u0452a","description":"","publisher":{"@id":"https:\/\/kt.gov.rs\/#organization"},"alternateName":"\u041a\u043e\u043e\u0440\u0434\u0438\u043d\u0430\u0446\u0438\u043e\u043d\u043e \u0442\u0435\u043b\u043e","potentialAction":[{"@type":"SearchAction","target":{"@type":"EntryPoint","urlTemplate":"https:\/\/kt.gov.rs\/?s={search_term_string}"},"query-input":{"@type":"PropertyValueSpecification","valueRequired":true,"valueName":"search_term_string"}}],"inLanguage":"sq-AL"},{"@type":"Organization","@id":"https:\/\/kt.gov.rs\/#organization","name":"\u041a\u043e\u043e\u0440\u0434\u0438\u043d\u0430\u0446\u0438\u043e\u043d\u043e \u0442\u0435\u043b\u043e \u0412\u043b\u0430\u0434\u0435 \u0420\u0435\u043f\u0443\u0431\u043b\u0438\u043a\u0435 \u0421\u0440\u0431\u0438\u0458\u0435 \u0437\u0430 \u043e\u043f\u0448\u0442\u0438\u043d\u0435 \u041f\u0440\u0435\u0448\u0435\u0432\u043e, \u0411\u0443\u0458\u0430\u043d\u043e\u0432\u0430\u0446 \u0438 \u041c\u0435\u0434\u0432\u0435\u0452a","alternateName":"\u041a\u043e\u043e\u0440\u0434\u0438\u043d\u0430\u0446\u0438\u043e\u043d\u043e \u0442\u0435\u043b\u043e","url":"https:\/\/kt.gov.rs\/","logo":{"@type":"ImageObject","inLanguage":"sq-AL","@id":"https:\/\/kt.gov.rs\/#\/schema\/logo\/image\/","url":"https:\/\/kt.gov.rs\/wp-content\/uploads\/2024\/12\/koord2.jpg","contentUrl":"https:\/\/kt.gov.rs\/wp-content\/uploads\/2024\/12\/koord2.jpg","width":640,"height":480,"caption":"\u041a\u043e\u043e\u0440\u0434\u0438\u043d\u0430\u0446\u0438\u043e\u043d\u043e \u0442\u0435\u043b\u043e \u0412\u043b\u0430\u0434\u0435 \u0420\u0435\u043f\u0443\u0431\u043b\u0438\u043a\u0435 \u0421\u0440\u0431\u0438\u0458\u0435 \u0437\u0430 \u043e\u043f\u0448\u0442\u0438\u043d\u0435 \u041f\u0440\u0435\u0448\u0435\u0432\u043e, \u0411\u0443\u0458\u0430\u043d\u043e\u0432\u0430\u0446 \u0438 \u041c\u0435\u0434\u0432\u0435\u0452a"},"image":{"@id":"https:\/\/kt.gov.rs\/#\/schema\/logo\/image\/"},"sameAs":["https:\/\/www.facebook.com\/SluzbaKoordinacionogTelaVladeRepublikeSrbije","https:\/\/x.com\/kt_gov","https:\/\/www.youtube.com\/@koordinacionotelo"]},{"@type":"Person","@id":"https:\/\/kt.gov.rs\/#\/schema\/person\/e426459ddb4173309103390602694571","name":"ktmin","image":{"@type":"ImageObject","inLanguage":"sq-AL","@id":"https:\/\/secure.gravatar.com\/avatar\/3985c961109853010c3fbc7ba30365bfba5db3dd6c525831d9c595c7525a615a?s=96&d=mm&r=g","url":"https:\/\/secure.gravatar.com\/avatar\/3985c961109853010c3fbc7ba30365bfba5db3dd6c525831d9c595c7525a615a?s=96&d=mm&r=g","contentUrl":"https:\/\/secure.gravatar.com\/avatar\/3985c961109853010c3fbc7ba30365bfba5db3dd6c525831d9c595c7525a615a?s=96&d=mm&r=g","caption":"ktmin"},"sameAs":["https:\/\/kt.gov.rs"],"url":"https:\/\/kt.gov.rs\/sq\/author\/ktmin\/"}]}},"_links":{"self":[{"href":"https:\/\/kt.gov.rs\/sq\/wp-json\/wp\/v2\/posts\/108464","targetHints":{"allow":["GET"]}}],"collection":[{"href":"https:\/\/kt.gov.rs\/sq\/wp-json\/wp\/v2\/posts"}],"about":[{"href":"https:\/\/kt.gov.rs\/sq\/wp-json\/wp\/v2\/types\/post"}],"author":[{"embeddable":true,"href":"https:\/\/kt.gov.rs\/sq\/wp-json\/wp\/v2\/users\/1"}],"replies":[{"embeddable":true,"href":"https:\/\/kt.gov.rs\/sq\/wp-json\/wp\/v2\/comments?post=108464"}],"version-history":[{"count":1,"href":"https:\/\/kt.gov.rs\/sq\/wp-json\/wp\/v2\/posts\/108464\/revisions"}],"predecessor-version":[{"id":108468,"href":"https:\/\/kt.gov.rs\/sq\/wp-json\/wp\/v2\/posts\/108464\/revisions\/108468"}],"wp:featuredmedia":[{"embeddable":true,"href":"https:\/\/kt.gov.rs\/sq\/wp-json\/wp\/v2\/media\/108469"}],"wp:attachment":[{"href":"https:\/\/kt.gov.rs\/sq\/wp-json\/wp\/v2\/media?parent=108464"}],"wp:term":[{"taxonomy":"category","embeddable":true,"href":"https:\/\/kt.gov.rs\/sq\/wp-json\/wp\/v2\/categories?post=108464"},{"taxonomy":"post_tag","embeddable":true,"href":"https:\/\/kt.gov.rs\/sq\/wp-json\/wp\/v2\/tags?post=108464"}],"curies":[{"name":"wp","href":"https:\/\/api.w.org\/{rel}","templated":true}]}}