{"id":108448,"date":"2022-01-20T00:00:00","date_gmt":"2022-01-20T00:00:00","guid":{"rendered":"http:\/\/kt.printandscreen.rs\/ardita-sinani-bisede-me-perfaqesues-te-ministrise-rreth-projektit-te-ndertimit-te-salles-se-sportit\/"},"modified":"2024-07-30T17:58:10","modified_gmt":"2024-07-30T17:58:10","slug":"ardita-sinani-bisede-me-perfaqesues-te-ministrise-rreth-projektit-te-ndertimit-te-salles-se-sportit","status":"publish","type":"post","link":"https:\/\/kt.gov.rs\/sq\/ardita-sinani-bisede-me-perfaqesues-te-ministrise-rreth-projektit-te-ndertimit-te-salles-se-sportit\/","title":{"rendered":"ARDITA SINANI BISED\u00cb ME P\u00cbRFAQ\u00cbSUES T\u00cb MINISTRIS\u00cb RRETH PROJEKTIT T\u00cb ND\u00cbRTIMIT T\u00cb SALLES S\u00cb SPORTIT"},"content":{"rendered":"<p>\n\t<strong><img decoding=\"async\" alt=\"\" src=\"https:\/\/kt.gov.rs\/wp-content\/uploads\/2024\/07\/1642683391_200122_1-2.jpg\" style=\"width: 315px; height: 230px; float: left;\" \/>Preshev\u00eb \u2013 Beograd<\/strong> \u2013 Kryetarja e komun\u00ebs s\u00eb Preshev\u00ebs, Ardita Sinani, ka biseduar me p\u00ebrfaq\u00ebsuesit e Ministris\u00eb s\u00eb Rinis\u00eb dhe Sportit p\u00ebr procedurat q\u00eb i paraprijn\u00eb projektit t\u00eb nd\u00ebrtimit t\u00eb sall\u00ebs sportive n\u00eb Preshev\u00eb. N\u00eb takim ishin t\u00eb pranish\u00ebm edhe sekretari i Qendr\u00ebs Sportive \u201cPresheva\u201d, Besim Nasufi dhe Koordinatori i Zyr\u00ebs p\u00ebr Zhvillim Ekonomik Lokal n\u00eb Preshev\u00eb, Besim Shabani.<\/p>\n<p>\n\tKomuna e Preshev\u00ebs p\u00ebr k\u00ebt\u00eb projekt do t\u00eb aplikoj\u00eb n\u00eb Ministrin\u00eb e Rinis\u00eb dhe Sportit t\u00eb Republik\u00ebs s\u00eb Serbis\u00eb.<\/p>\n<p>\n\t\u201cKomuna e Preshev\u00ebs \u00ebsht\u00eb nd\u00ebr t\u00eb paktat komuna q\u00eb nuk ka sall\u00eb sportive. Prandaj, p\u00ebr zhvillimin e shum\u00eb aktiviteteve sportive, ve\u00e7an\u00ebrisht p\u00ebr zbulimin e talenteve t\u00eb rinj, ky projekt \u00ebsht\u00eb m\u00eb se i nevojsh\u00ebm p\u00ebr Preshev\u00ebn\u201d, tha Sinani.<\/p>\n<p>\n\t<strong>Burimi: RTV Presheva, Trupi Koordinues<\/strong><\/p>\n<p>\n\t\u00a0<\/p>\n","protected":false},"excerpt":{"rendered":"<p>Preshev\u00eb \u2013 Beograd\u00a0\u2013 Kryetarja e komun\u00ebs s\u00eb Preshev\u00ebs, Ardita Sinani, ka biseduar me p\u00ebrfaq\u00ebsuesit e Ministris\u00eb s\u00eb Rinis\u00eb dhe Sportit p\u00ebr procedurat q\u00eb i paraprijn\u00eb projektit t\u00eb nd\u00ebrtimit t\u00eb sall\u00ebs sportive n\u00eb Preshev\u00eb.<\/p>\n","protected":false},"author":1,"featured_media":108453,"comment_status":"closed","ping_status":"closed","sticky":false,"template":"","format":"standard","meta":{"footnotes":""},"categories":[55],"tags":[],"class_list":["post-108448","post","type-post","status-publish","format-standard","has-post-thumbnail","hentry","category-lajme"],"yoast_head":"<!-- This site is optimized with the Yoast SEO plugin v27.5 - https:\/\/yoast.com\/product\/yoast-seo-wordpress\/ -->\n<title>ARDITA SINANI BISED\u00cb ME P\u00cbRFAQ\u00cbSUES T\u00cb MINISTRIS\u00cb RRETH PROJEKTIT T\u00cb ND\u00cbRTIMIT T\u00cb SALLES S\u00cb SPORTIT - Republika e S\u00ebrbis\u00eb Trupi Koordinues p\u00ebr komunat Bujanoc, Preshev\u00eb dhe Medvegj\u00eb<\/title>\n<meta name=\"robots\" content=\"index, follow, max-snippet:-1, max-image-preview:large, max-video-preview:-1\" \/>\n<link rel=\"canonical\" href=\"https:\/\/kt.gov.rs\/sq\/ardita-sinani-bisede-me-perfaqesues-te-ministrise-rreth-projektit-te-ndertimit-te-salles-se-sportit\/\" \/>\n<meta property=\"og:locale\" content=\"sq_AL\" \/>\n<meta property=\"og:type\" content=\"article\" \/>\n<meta property=\"og:title\" content=\"ARDITA SINANI BISED\u00cb ME P\u00cbRFAQ\u00cbSUES T\u00cb MINISTRIS\u00cb RRETH PROJEKTIT T\u00cb ND\u00cbRTIMIT T\u00cb SALLES S\u00cb SPORTIT - Republika e S\u00ebrbis\u00eb Trupi Koordinues p\u00ebr komunat Bujanoc, Preshev\u00eb dhe Medvegj\u00eb\" \/>\n<meta property=\"og:description\" content=\"Preshev\u00eb - Beograd\u00a0- Kryetarja e komun\u00ebs s\u00eb Preshev\u00ebs, Ardita Sinani, ka biseduar me p\u00ebrfaq\u00ebsuesit e Ministris\u00eb s\u00eb Rinis\u00eb dhe Sportit p\u00ebr procedurat q\u00eb i paraprijn\u00eb projektit t\u00eb nd\u00ebrtimit t\u00eb sall\u00ebs sportive n\u00eb Preshev\u00eb.\" \/>\n<meta property=\"og:url\" content=\"https:\/\/kt.gov.rs\/sq\/ardita-sinani-bisede-me-perfaqesues-te-ministrise-rreth-projektit-te-ndertimit-te-salles-se-sportit\/\" \/>\n<meta property=\"og:site_name\" content=\"Republika e S\u00ebrbis\u00eb Trupi Koordinues p\u00ebr komunat Bujanoc, Preshev\u00eb dhe Medvegj\u00eb\" \/>\n<meta property=\"article:publisher\" content=\"https:\/\/www.facebook.com\/SluzbaKoordinacionogTelaVladeRepublikeSrbije\" \/>\n<meta property=\"article:published_time\" content=\"2022-01-20T00:00:00+00:00\" \/>\n<meta property=\"article:modified_time\" content=\"2024-07-30T17:58:10+00:00\" \/>\n<meta property=\"og:image\" content=\"https:\/\/kt.gov.rs\/wp-content\/uploads\/2024\/07\/1642683391_200122_1-3.jpg\" \/>\n\t<meta property=\"og:image:width\" content=\"315\" \/>\n\t<meta property=\"og:image:height\" content=\"230\" \/>\n\t<meta property=\"og:image:type\" content=\"image\/jpeg\" \/>\n<meta name=\"author\" content=\"ktmin\" \/>\n<meta name=\"twitter:card\" content=\"summary_large_image\" \/>\n<meta name=\"twitter:creator\" content=\"@kt_gov\" \/>\n<meta name=\"twitter:site\" content=\"@kt_gov\" \/>\n<meta name=\"twitter:label1\" content=\"Written by\" \/>\n\t<meta name=\"twitter:data1\" content=\"ktmin\" \/>\n\t<meta name=\"twitter:label2\" content=\"Est. reading time\" \/>\n\t<meta name=\"twitter:data2\" content=\"1 minute\" \/>\n<script type=\"application\/ld+json\" class=\"yoast-schema-graph\">{\"@context\":\"https:\\\/\\\/schema.org\",\"@graph\":[{\"@type\":\"Article\",\"@id\":\"https:\\\/\\\/kt.gov.rs\\\/sq\\\/ardita-sinani-bisede-me-perfaqesues-te-ministrise-rreth-projektit-te-ndertimit-te-salles-se-sportit\\\/#article\",\"isPartOf\":{\"@id\":\"https:\\\/\\\/kt.gov.rs\\\/sq\\\/ardita-sinani-bisede-me-perfaqesues-te-ministrise-rreth-projektit-te-ndertimit-te-salles-se-sportit\\\/\"},\"author\":{\"name\":\"ktmin\",\"@id\":\"https:\\\/\\\/kt.gov.rs\\\/#\\\/schema\\\/person\\\/e426459ddb4173309103390602694571\"},\"headline\":\"ARDITA SINANI BISED\u00cb ME P\u00cbRFAQ\u00cbSUES T\u00cb MINISTRIS\u00cb RRETH PROJEKTIT T\u00cb ND\u00cbRTIMIT T\u00cb SALLES S\u00cb SPORTIT\",\"datePublished\":\"2022-01-20T00:00:00+00:00\",\"dateModified\":\"2024-07-30T17:58:10+00:00\",\"mainEntityOfPage\":{\"@id\":\"https:\\\/\\\/kt.gov.rs\\\/sq\\\/ardita-sinani-bisede-me-perfaqesues-te-ministrise-rreth-projektit-te-ndertimit-te-salles-se-sportit\\\/\"},\"wordCount\":226,\"publisher\":{\"@id\":\"https:\\\/\\\/kt.gov.rs\\\/#organization\"},\"image\":{\"@id\":\"https:\\\/\\\/kt.gov.rs\\\/sq\\\/ardita-sinani-bisede-me-perfaqesues-te-ministrise-rreth-projektit-te-ndertimit-te-salles-se-sportit\\\/#primaryimage\"},\"thumbnailUrl\":\"https:\\\/\\\/kt.gov.rs\\\/wp-content\\\/uploads\\\/2024\\\/07\\\/1642683391_200122_1-3.jpg\",\"articleSection\":[\"Lajme\"],\"inLanguage\":\"sq-AL\"},{\"@type\":\"WebPage\",\"@id\":\"https:\\\/\\\/kt.gov.rs\\\/sq\\\/ardita-sinani-bisede-me-perfaqesues-te-ministrise-rreth-projektit-te-ndertimit-te-salles-se-sportit\\\/\",\"url\":\"https:\\\/\\\/kt.gov.rs\\\/sq\\\/ardita-sinani-bisede-me-perfaqesues-te-ministrise-rreth-projektit-te-ndertimit-te-salles-se-sportit\\\/\",\"name\":\"ARDITA SINANI BISED\u00cb ME P\u00cbRFAQ\u00cbSUES T\u00cb MINISTRIS\u00cb RRETH PROJEKTIT T\u00cb ND\u00cbRTIMIT T\u00cb SALLES S\u00cb SPORTIT - Republika e S\u00ebrbis\u00eb Trupi Koordinues p\u00ebr komunat Bujanoc, Preshev\u00eb dhe Medvegj\u00eb\",\"isPartOf\":{\"@id\":\"https:\\\/\\\/kt.gov.rs\\\/#website\"},\"primaryImageOfPage\":{\"@id\":\"https:\\\/\\\/kt.gov.rs\\\/sq\\\/ardita-sinani-bisede-me-perfaqesues-te-ministrise-rreth-projektit-te-ndertimit-te-salles-se-sportit\\\/#primaryimage\"},\"image\":{\"@id\":\"https:\\\/\\\/kt.gov.rs\\\/sq\\\/ardita-sinani-bisede-me-perfaqesues-te-ministrise-rreth-projektit-te-ndertimit-te-salles-se-sportit\\\/#primaryimage\"},\"thumbnailUrl\":\"https:\\\/\\\/kt.gov.rs\\\/wp-content\\\/uploads\\\/2024\\\/07\\\/1642683391_200122_1-3.jpg\",\"datePublished\":\"2022-01-20T00:00:00+00:00\",\"dateModified\":\"2024-07-30T17:58:10+00:00\",\"breadcrumb\":{\"@id\":\"https:\\\/\\\/kt.gov.rs\\\/sq\\\/ardita-sinani-bisede-me-perfaqesues-te-ministrise-rreth-projektit-te-ndertimit-te-salles-se-sportit\\\/#breadcrumb\"},\"inLanguage\":\"sq-AL\",\"potentialAction\":[{\"@type\":\"ReadAction\",\"target\":[\"https:\\\/\\\/kt.gov.rs\\\/sq\\\/ardita-sinani-bisede-me-perfaqesues-te-ministrise-rreth-projektit-te-ndertimit-te-salles-se-sportit\\\/\"]}]},{\"@type\":\"ImageObject\",\"inLanguage\":\"sq-AL\",\"@id\":\"https:\\\/\\\/kt.gov.rs\\\/sq\\\/ardita-sinani-bisede-me-perfaqesues-te-ministrise-rreth-projektit-te-ndertimit-te-salles-se-sportit\\\/#primaryimage\",\"url\":\"https:\\\/\\\/kt.gov.rs\\\/wp-content\\\/uploads\\\/2024\\\/07\\\/1642683391_200122_1-3.jpg\",\"contentUrl\":\"https:\\\/\\\/kt.gov.rs\\\/wp-content\\\/uploads\\\/2024\\\/07\\\/1642683391_200122_1-3.jpg\",\"width\":315,\"height\":230},{\"@type\":\"BreadcrumbList\",\"@id\":\"https:\\\/\\\/kt.gov.rs\\\/sq\\\/ardita-sinani-bisede-me-perfaqesues-te-ministrise-rreth-projektit-te-ndertimit-te-salles-se-sportit\\\/#breadcrumb\",\"itemListElement\":[{\"@type\":\"ListItem\",\"position\":1,\"name\":\"\u041f\u043e\u0447\u0435\u0442\u043d\u0430\",\"item\":\"https:\\\/\\\/kt.gov.rs\\\/sq\\\/\"},{\"@type\":\"ListItem\",\"position\":2,\"name\":\"ARDITA SINANI BISED\u00cb ME P\u00cbRFAQ\u00cbSUES T\u00cb MINISTRIS\u00cb RRETH PROJEKTIT T\u00cb ND\u00cbRTIMIT T\u00cb SALLES S\u00cb SPORTIT\"}]},{\"@type\":\"WebSite\",\"@id\":\"https:\\\/\\\/kt.gov.rs\\\/#website\",\"url\":\"https:\\\/\\\/kt.gov.rs\\\/\",\"name\":\"\u041a\u043e\u043e\u0440\u0434\u0438\u043d\u0430\u0446\u0438\u043e\u043d\u043e \u0442\u0435\u043b\u043e \u0412\u043b\u0430\u0434\u0435 \u0420\u0435\u043f\u0443\u0431\u043b\u0438\u043a\u0435 \u0421\u0440\u0431\u0438\u0458\u0435 \u0437\u0430 \u043e\u043f\u0448\u0442\u0438\u043d\u0435 \u041f\u0440\u0435\u0448\u0435\u0432\u043e, \u0411\u0443\u0458\u0430\u043d\u043e\u0432\u0430\u0446 \u0438 \u041c\u0435\u0434\u0432\u0435\u0452a\",\"description\":\"\",\"publisher\":{\"@id\":\"https:\\\/\\\/kt.gov.rs\\\/#organization\"},\"alternateName\":\"\u041a\u043e\u043e\u0440\u0434\u0438\u043d\u0430\u0446\u0438\u043e\u043d\u043e \u0442\u0435\u043b\u043e\",\"potentialAction\":[{\"@type\":\"SearchAction\",\"target\":{\"@type\":\"EntryPoint\",\"urlTemplate\":\"https:\\\/\\\/kt.gov.rs\\\/?s={search_term_string}\"},\"query-input\":{\"@type\":\"PropertyValueSpecification\",\"valueRequired\":true,\"valueName\":\"search_term_string\"}}],\"inLanguage\":\"sq-AL\"},{\"@type\":\"Organization\",\"@id\":\"https:\\\/\\\/kt.gov.rs\\\/#organization\",\"name\":\"\u041a\u043e\u043e\u0440\u0434\u0438\u043d\u0430\u0446\u0438\u043e\u043d\u043e \u0442\u0435\u043b\u043e \u0412\u043b\u0430\u0434\u0435 \u0420\u0435\u043f\u0443\u0431\u043b\u0438\u043a\u0435 \u0421\u0440\u0431\u0438\u0458\u0435 \u0437\u0430 \u043e\u043f\u0448\u0442\u0438\u043d\u0435 \u041f\u0440\u0435\u0448\u0435\u0432\u043e, \u0411\u0443\u0458\u0430\u043d\u043e\u0432\u0430\u0446 \u0438 \u041c\u0435\u0434\u0432\u0435\u0452a\",\"alternateName\":\"\u041a\u043e\u043e\u0440\u0434\u0438\u043d\u0430\u0446\u0438\u043e\u043d\u043e \u0442\u0435\u043b\u043e\",\"url\":\"https:\\\/\\\/kt.gov.rs\\\/\",\"logo\":{\"@type\":\"ImageObject\",\"inLanguage\":\"sq-AL\",\"@id\":\"https:\\\/\\\/kt.gov.rs\\\/#\\\/schema\\\/logo\\\/image\\\/\",\"url\":\"https:\\\/\\\/kt.gov.rs\\\/wp-content\\\/uploads\\\/2024\\\/12\\\/koord2.jpg\",\"contentUrl\":\"https:\\\/\\\/kt.gov.rs\\\/wp-content\\\/uploads\\\/2024\\\/12\\\/koord2.jpg\",\"width\":640,\"height\":480,\"caption\":\"\u041a\u043e\u043e\u0440\u0434\u0438\u043d\u0430\u0446\u0438\u043e\u043d\u043e \u0442\u0435\u043b\u043e \u0412\u043b\u0430\u0434\u0435 \u0420\u0435\u043f\u0443\u0431\u043b\u0438\u043a\u0435 \u0421\u0440\u0431\u0438\u0458\u0435 \u0437\u0430 \u043e\u043f\u0448\u0442\u0438\u043d\u0435 \u041f\u0440\u0435\u0448\u0435\u0432\u043e, \u0411\u0443\u0458\u0430\u043d\u043e\u0432\u0430\u0446 \u0438 \u041c\u0435\u0434\u0432\u0435\u0452a\"},\"image\":{\"@id\":\"https:\\\/\\\/kt.gov.rs\\\/#\\\/schema\\\/logo\\\/image\\\/\"},\"sameAs\":[\"https:\\\/\\\/www.facebook.com\\\/SluzbaKoordinacionogTelaVladeRepublikeSrbije\",\"https:\\\/\\\/x.com\\\/kt_gov\",\"https:\\\/\\\/www.youtube.com\\\/@koordinacionotelo\"]},{\"@type\":\"Person\",\"@id\":\"https:\\\/\\\/kt.gov.rs\\\/#\\\/schema\\\/person\\\/e426459ddb4173309103390602694571\",\"name\":\"ktmin\",\"image\":{\"@type\":\"ImageObject\",\"inLanguage\":\"sq-AL\",\"@id\":\"https:\\\/\\\/secure.gravatar.com\\\/avatar\\\/3985c961109853010c3fbc7ba30365bfba5db3dd6c525831d9c595c7525a615a?s=96&d=mm&r=g\",\"url\":\"https:\\\/\\\/secure.gravatar.com\\\/avatar\\\/3985c961109853010c3fbc7ba30365bfba5db3dd6c525831d9c595c7525a615a?s=96&d=mm&r=g\",\"contentUrl\":\"https:\\\/\\\/secure.gravatar.com\\\/avatar\\\/3985c961109853010c3fbc7ba30365bfba5db3dd6c525831d9c595c7525a615a?s=96&d=mm&r=g\",\"caption\":\"ktmin\"},\"sameAs\":[\"https:\\\/\\\/kt.gov.rs\"],\"url\":\"https:\\\/\\\/kt.gov.rs\\\/sq\\\/author\\\/ktmin\\\/\"}]}<\/script>\n<!-- \/ Yoast SEO plugin. -->","yoast_head_json":{"title":"ARDITA SINANI BISED\u00cb ME P\u00cbRFAQ\u00cbSUES T\u00cb MINISTRIS\u00cb RRETH PROJEKTIT T\u00cb ND\u00cbRTIMIT T\u00cb SALLES S\u00cb SPORTIT - Republika e S\u00ebrbis\u00eb Trupi Koordinues p\u00ebr komunat Bujanoc, Preshev\u00eb dhe Medvegj\u00eb","robots":{"index":"index","follow":"follow","max-snippet":"max-snippet:-1","max-image-preview":"max-image-preview:large","max-video-preview":"max-video-preview:-1"},"canonical":"https:\/\/kt.gov.rs\/sq\/ardita-sinani-bisede-me-perfaqesues-te-ministrise-rreth-projektit-te-ndertimit-te-salles-se-sportit\/","og_locale":"sq_AL","og_type":"article","og_title":"ARDITA SINANI BISED\u00cb ME P\u00cbRFAQ\u00cbSUES T\u00cb MINISTRIS\u00cb RRETH PROJEKTIT T\u00cb ND\u00cbRTIMIT T\u00cb SALLES S\u00cb SPORTIT - Republika e S\u00ebrbis\u00eb Trupi Koordinues p\u00ebr komunat Bujanoc, Preshev\u00eb dhe Medvegj\u00eb","og_description":"Preshev\u00eb - Beograd\u00a0- Kryetarja e komun\u00ebs s\u00eb Preshev\u00ebs, Ardita Sinani, ka biseduar me p\u00ebrfaq\u00ebsuesit e Ministris\u00eb s\u00eb Rinis\u00eb dhe Sportit p\u00ebr procedurat q\u00eb i paraprijn\u00eb projektit t\u00eb nd\u00ebrtimit t\u00eb sall\u00ebs sportive n\u00eb Preshev\u00eb.","og_url":"https:\/\/kt.gov.rs\/sq\/ardita-sinani-bisede-me-perfaqesues-te-ministrise-rreth-projektit-te-ndertimit-te-salles-se-sportit\/","og_site_name":"Republika e S\u00ebrbis\u00eb Trupi Koordinues p\u00ebr komunat Bujanoc, Preshev\u00eb dhe Medvegj\u00eb","article_publisher":"https:\/\/www.facebook.com\/SluzbaKoordinacionogTelaVladeRepublikeSrbije","article_published_time":"2022-01-20T00:00:00+00:00","article_modified_time":"2024-07-30T17:58:10+00:00","og_image":[{"width":315,"height":230,"url":"https:\/\/kt.gov.rs\/wp-content\/uploads\/2024\/07\/1642683391_200122_1-3.jpg","type":"image\/jpeg"}],"author":"ktmin","twitter_card":"summary_large_image","twitter_creator":"@kt_gov","twitter_site":"@kt_gov","twitter_misc":{"Written by":"ktmin","Est. reading time":"1 minute"},"schema":{"@context":"https:\/\/schema.org","@graph":[{"@type":"Article","@id":"https:\/\/kt.gov.rs\/sq\/ardita-sinani-bisede-me-perfaqesues-te-ministrise-rreth-projektit-te-ndertimit-te-salles-se-sportit\/#article","isPartOf":{"@id":"https:\/\/kt.gov.rs\/sq\/ardita-sinani-bisede-me-perfaqesues-te-ministrise-rreth-projektit-te-ndertimit-te-salles-se-sportit\/"},"author":{"name":"ktmin","@id":"https:\/\/kt.gov.rs\/#\/schema\/person\/e426459ddb4173309103390602694571"},"headline":"ARDITA SINANI BISED\u00cb ME P\u00cbRFAQ\u00cbSUES T\u00cb MINISTRIS\u00cb RRETH PROJEKTIT T\u00cb ND\u00cbRTIMIT T\u00cb SALLES S\u00cb SPORTIT","datePublished":"2022-01-20T00:00:00+00:00","dateModified":"2024-07-30T17:58:10+00:00","mainEntityOfPage":{"@id":"https:\/\/kt.gov.rs\/sq\/ardita-sinani-bisede-me-perfaqesues-te-ministrise-rreth-projektit-te-ndertimit-te-salles-se-sportit\/"},"wordCount":226,"publisher":{"@id":"https:\/\/kt.gov.rs\/#organization"},"image":{"@id":"https:\/\/kt.gov.rs\/sq\/ardita-sinani-bisede-me-perfaqesues-te-ministrise-rreth-projektit-te-ndertimit-te-salles-se-sportit\/#primaryimage"},"thumbnailUrl":"https:\/\/kt.gov.rs\/wp-content\/uploads\/2024\/07\/1642683391_200122_1-3.jpg","articleSection":["Lajme"],"inLanguage":"sq-AL"},{"@type":"WebPage","@id":"https:\/\/kt.gov.rs\/sq\/ardita-sinani-bisede-me-perfaqesues-te-ministrise-rreth-projektit-te-ndertimit-te-salles-se-sportit\/","url":"https:\/\/kt.gov.rs\/sq\/ardita-sinani-bisede-me-perfaqesues-te-ministrise-rreth-projektit-te-ndertimit-te-salles-se-sportit\/","name":"ARDITA SINANI BISED\u00cb ME P\u00cbRFAQ\u00cbSUES T\u00cb MINISTRIS\u00cb RRETH PROJEKTIT T\u00cb ND\u00cbRTIMIT T\u00cb SALLES S\u00cb SPORTIT - Republika e S\u00ebrbis\u00eb Trupi Koordinues p\u00ebr komunat Bujanoc, Preshev\u00eb dhe Medvegj\u00eb","isPartOf":{"@id":"https:\/\/kt.gov.rs\/#website"},"primaryImageOfPage":{"@id":"https:\/\/kt.gov.rs\/sq\/ardita-sinani-bisede-me-perfaqesues-te-ministrise-rreth-projektit-te-ndertimit-te-salles-se-sportit\/#primaryimage"},"image":{"@id":"https:\/\/kt.gov.rs\/sq\/ardita-sinani-bisede-me-perfaqesues-te-ministrise-rreth-projektit-te-ndertimit-te-salles-se-sportit\/#primaryimage"},"thumbnailUrl":"https:\/\/kt.gov.rs\/wp-content\/uploads\/2024\/07\/1642683391_200122_1-3.jpg","datePublished":"2022-01-20T00:00:00+00:00","dateModified":"2024-07-30T17:58:10+00:00","breadcrumb":{"@id":"https:\/\/kt.gov.rs\/sq\/ardita-sinani-bisede-me-perfaqesues-te-ministrise-rreth-projektit-te-ndertimit-te-salles-se-sportit\/#breadcrumb"},"inLanguage":"sq-AL","potentialAction":[{"@type":"ReadAction","target":["https:\/\/kt.gov.rs\/sq\/ardita-sinani-bisede-me-perfaqesues-te-ministrise-rreth-projektit-te-ndertimit-te-salles-se-sportit\/"]}]},{"@type":"ImageObject","inLanguage":"sq-AL","@id":"https:\/\/kt.gov.rs\/sq\/ardita-sinani-bisede-me-perfaqesues-te-ministrise-rreth-projektit-te-ndertimit-te-salles-se-sportit\/#primaryimage","url":"https:\/\/kt.gov.rs\/wp-content\/uploads\/2024\/07\/1642683391_200122_1-3.jpg","contentUrl":"https:\/\/kt.gov.rs\/wp-content\/uploads\/2024\/07\/1642683391_200122_1-3.jpg","width":315,"height":230},{"@type":"BreadcrumbList","@id":"https:\/\/kt.gov.rs\/sq\/ardita-sinani-bisede-me-perfaqesues-te-ministrise-rreth-projektit-te-ndertimit-te-salles-se-sportit\/#breadcrumb","itemListElement":[{"@type":"ListItem","position":1,"name":"\u041f\u043e\u0447\u0435\u0442\u043d\u0430","item":"https:\/\/kt.gov.rs\/sq\/"},{"@type":"ListItem","position":2,"name":"ARDITA SINANI BISED\u00cb ME P\u00cbRFAQ\u00cbSUES T\u00cb MINISTRIS\u00cb RRETH PROJEKTIT T\u00cb ND\u00cbRTIMIT T\u00cb SALLES S\u00cb SPORTIT"}]},{"@type":"WebSite","@id":"https:\/\/kt.gov.rs\/#website","url":"https:\/\/kt.gov.rs\/","name":"\u041a\u043e\u043e\u0440\u0434\u0438\u043d\u0430\u0446\u0438\u043e\u043d\u043e \u0442\u0435\u043b\u043e \u0412\u043b\u0430\u0434\u0435 \u0420\u0435\u043f\u0443\u0431\u043b\u0438\u043a\u0435 \u0421\u0440\u0431\u0438\u0458\u0435 \u0437\u0430 \u043e\u043f\u0448\u0442\u0438\u043d\u0435 \u041f\u0440\u0435\u0448\u0435\u0432\u043e, \u0411\u0443\u0458\u0430\u043d\u043e\u0432\u0430\u0446 \u0438 \u041c\u0435\u0434\u0432\u0435\u0452a","description":"","publisher":{"@id":"https:\/\/kt.gov.rs\/#organization"},"alternateName":"\u041a\u043e\u043e\u0440\u0434\u0438\u043d\u0430\u0446\u0438\u043e\u043d\u043e \u0442\u0435\u043b\u043e","potentialAction":[{"@type":"SearchAction","target":{"@type":"EntryPoint","urlTemplate":"https:\/\/kt.gov.rs\/?s={search_term_string}"},"query-input":{"@type":"PropertyValueSpecification","valueRequired":true,"valueName":"search_term_string"}}],"inLanguage":"sq-AL"},{"@type":"Organization","@id":"https:\/\/kt.gov.rs\/#organization","name":"\u041a\u043e\u043e\u0440\u0434\u0438\u043d\u0430\u0446\u0438\u043e\u043d\u043e \u0442\u0435\u043b\u043e \u0412\u043b\u0430\u0434\u0435 \u0420\u0435\u043f\u0443\u0431\u043b\u0438\u043a\u0435 \u0421\u0440\u0431\u0438\u0458\u0435 \u0437\u0430 \u043e\u043f\u0448\u0442\u0438\u043d\u0435 \u041f\u0440\u0435\u0448\u0435\u0432\u043e, \u0411\u0443\u0458\u0430\u043d\u043e\u0432\u0430\u0446 \u0438 \u041c\u0435\u0434\u0432\u0435\u0452a","alternateName":"\u041a\u043e\u043e\u0440\u0434\u0438\u043d\u0430\u0446\u0438\u043e\u043d\u043e \u0442\u0435\u043b\u043e","url":"https:\/\/kt.gov.rs\/","logo":{"@type":"ImageObject","inLanguage":"sq-AL","@id":"https:\/\/kt.gov.rs\/#\/schema\/logo\/image\/","url":"https:\/\/kt.gov.rs\/wp-content\/uploads\/2024\/12\/koord2.jpg","contentUrl":"https:\/\/kt.gov.rs\/wp-content\/uploads\/2024\/12\/koord2.jpg","width":640,"height":480,"caption":"\u041a\u043e\u043e\u0440\u0434\u0438\u043d\u0430\u0446\u0438\u043e\u043d\u043e \u0442\u0435\u043b\u043e \u0412\u043b\u0430\u0434\u0435 \u0420\u0435\u043f\u0443\u0431\u043b\u0438\u043a\u0435 \u0421\u0440\u0431\u0438\u0458\u0435 \u0437\u0430 \u043e\u043f\u0448\u0442\u0438\u043d\u0435 \u041f\u0440\u0435\u0448\u0435\u0432\u043e, \u0411\u0443\u0458\u0430\u043d\u043e\u0432\u0430\u0446 \u0438 \u041c\u0435\u0434\u0432\u0435\u0452a"},"image":{"@id":"https:\/\/kt.gov.rs\/#\/schema\/logo\/image\/"},"sameAs":["https:\/\/www.facebook.com\/SluzbaKoordinacionogTelaVladeRepublikeSrbije","https:\/\/x.com\/kt_gov","https:\/\/www.youtube.com\/@koordinacionotelo"]},{"@type":"Person","@id":"https:\/\/kt.gov.rs\/#\/schema\/person\/e426459ddb4173309103390602694571","name":"ktmin","image":{"@type":"ImageObject","inLanguage":"sq-AL","@id":"https:\/\/secure.gravatar.com\/avatar\/3985c961109853010c3fbc7ba30365bfba5db3dd6c525831d9c595c7525a615a?s=96&d=mm&r=g","url":"https:\/\/secure.gravatar.com\/avatar\/3985c961109853010c3fbc7ba30365bfba5db3dd6c525831d9c595c7525a615a?s=96&d=mm&r=g","contentUrl":"https:\/\/secure.gravatar.com\/avatar\/3985c961109853010c3fbc7ba30365bfba5db3dd6c525831d9c595c7525a615a?s=96&d=mm&r=g","caption":"ktmin"},"sameAs":["https:\/\/kt.gov.rs"],"url":"https:\/\/kt.gov.rs\/sq\/author\/ktmin\/"}]}},"_links":{"self":[{"href":"https:\/\/kt.gov.rs\/sq\/wp-json\/wp\/v2\/posts\/108448","targetHints":{"allow":["GET"]}}],"collection":[{"href":"https:\/\/kt.gov.rs\/sq\/wp-json\/wp\/v2\/posts"}],"about":[{"href":"https:\/\/kt.gov.rs\/sq\/wp-json\/wp\/v2\/types\/post"}],"author":[{"embeddable":true,"href":"https:\/\/kt.gov.rs\/sq\/wp-json\/wp\/v2\/users\/1"}],"replies":[{"embeddable":true,"href":"https:\/\/kt.gov.rs\/sq\/wp-json\/wp\/v2\/comments?post=108448"}],"version-history":[{"count":1,"href":"https:\/\/kt.gov.rs\/sq\/wp-json\/wp\/v2\/posts\/108448\/revisions"}],"predecessor-version":[{"id":108452,"href":"https:\/\/kt.gov.rs\/sq\/wp-json\/wp\/v2\/posts\/108448\/revisions\/108452"}],"wp:featuredmedia":[{"embeddable":true,"href":"https:\/\/kt.gov.rs\/sq\/wp-json\/wp\/v2\/media\/108453"}],"wp:attachment":[{"href":"https:\/\/kt.gov.rs\/sq\/wp-json\/wp\/v2\/media?parent=108448"}],"wp:term":[{"taxonomy":"category","embeddable":true,"href":"https:\/\/kt.gov.rs\/sq\/wp-json\/wp\/v2\/categories?post=108448"},{"taxonomy":"post_tag","embeddable":true,"href":"https:\/\/kt.gov.rs\/sq\/wp-json\/wp\/v2\/tags?post=108448"}],"curies":[{"name":"wp","href":"https:\/\/api.w.org\/{rel}","templated":true}]}}